{"id":7695,"date":"2016-05-24T10:00:50","date_gmt":"2016-05-24T13:00:50","guid":{"rendered":"https:\/\/www.edialog.com.br\/?p=7695"},"modified":"2024-07-22T10:15:22","modified_gmt":"2024-07-22T13:15:22","slug":"como-trabalhar-o-dia-dos-namorados-nas-redes-sociais","status":"publish","type":"post","link":"https:\/\/www.edialog.com.br\/es\/como-trabalhar-o-dia-dos-namorados-nas-redes-sociais\/","title":{"rendered":"C\u00f3mo promocionar San Valent\u00edn en las redes sociales"},"content":{"rendered":"<p>O Dia dos Namorados est\u00e1 chegando e todas as marcas devem tentar aproveitar a data para engajar o p\u00fablico e aumentar as vendas. O Facebook realizou uma pesquisa baseada nos dados do dia dos namorados de 2015 e elaborou um infogr\u00e1fico bem informativo. \u00a0Essa data \u00e9 considerada a terceira mais importante para o com\u00e9rcio, perdendo apenas para o Natal e Dia das M\u00e3es. Segundo o\u00a0Fercom\u00e9rcio RJ \/ Ipsos, em 2015 a data movimentou\u00a0R$ 7,7 bilh\u00f5es.<\/p>\n<div class=\"mbm _5je5 _52ii _52if _3m9\"><\/div>\n<div class=\"mbm _5je5 _52ii _52if _3m9\">No Facebook e Instagram, no ano passado, houve um crescimento de <strong>62% nas publica\u00e7\u00f5es de fotos,<\/strong> <strong>19% em textos e 61% em v\u00eddeos no Facebook,<\/strong> se comparado com outros per\u00edodos do ano.\u00a0O Facebook e o Instagram s\u00e3o as melhores plataformas para sua marca alcan\u00e7ar casais apaixonados de todos os g\u00eaneros, principalmente nos dispositivos m\u00f3veis. Confira\u00a0o infogr\u00e1fico do Facebook com alguns dados interessantes sobre como e quando essas conversas acontecem nas nossas plataformas, para que sua marca possa direcionar melhor sua campanha.<\/div>\n<div class=\"mbm _5je5 _52ii _52if _3m9\"><\/div>\n<div class=\"mbm _5je5 _52ii _52if _3m9\"><\/div>\n<div class=\"mbm _5je5 _52ii _52if _3m9\"><a href=\"https:\/\/www.edialog.com.br\/wp-content\/uploads\/2016\/05\/dados-Facebook.jpg\"><img fetchpriority=\"high\" decoding=\"async\" class=\"aligncenter wp-image-7697\" src=\"https:\/\/www.edialog.com.br\/wp-content\/uploads\/2016\/05\/dados-Facebook.jpg\" alt=\"Dia dos namorados \" width=\"658\" height=\"2211\" srcset=\"https:\/\/www.edialog.com.br\/wp-content\/uploads\/2016\/05\/dados-Facebook-89x300.jpg 89w, https:\/\/www.edialog.com.br\/wp-content\/uploads\/2016\/05\/dados-Facebook-305x1024.jpg 305w\" sizes=\"(max-width: 658px) 100vw, 658px\" \/><\/a><\/div>\n<div class=\"mbm _5je5 _52ii _52if _3m9\"><\/div>\n<div class=\"mbm _5je5 _52ii _52if _3m9\"><\/div>\n<div class=\"mbm _5je5 _52ii _52if _3m9\">Confira mais algumas dicas para sua estrat\u00e9gia depois de analisar os dados e pensar em algumas\u00a0a\u00e7\u00f5es para sua marca:<\/div>\n<div class=\"mbm _5je5 _52ii _52if _3m9\"><\/div>\n<p><strong>Segmentar a base\u00a0<\/strong><\/p>\n<ul>\n<li>Segmente homens e mulheres;<\/li>\n<li>Segmente sua base em faixas de idade;<\/li>\n<li>Segmente sua lista em interesses (produtos ou servi\u00e7os).<\/li>\n<\/ul>\n<p>Mesmo que voc\u00ea n\u00e3o tenha todas essas informa\u00e7\u00f5es, segmentar j\u00e1 \u00e9 uma forma de explorar o p\u00fablico e realizar uma a\u00e7\u00e3o focada em presentes para os casais. \u00a0Analisando dados b\u00e1sicos j\u00e1 \u00e9 poss\u00edvel presumir qual op\u00e7\u00e3o agrada melhor o seu p\u00fablico.<\/p>\n<p><strong>Definir canais de contatos \u00a0<\/strong><\/p>\n<p>Depois de definir o p\u00fablico que ser\u00e1 abordado em cada a\u00e7\u00e3o \u00e9 necess\u00e1rio definir o canal de contato com o cliente. As a\u00e7\u00f5es podem ser\u00a0multicanais, mas cada conte\u00fado pode ser focado para um p\u00fablico e abordado especificamente no e-mail, na segmenta\u00e7\u00e3o do Facebook, no post do Instagram. \u00a0\u00c9 importante ter uma a\u00e7\u00e3o bem clara de capta\u00e7\u00e3o e ativa\u00e7\u00e3o para que a sua comunica\u00e7\u00e3o n\u00e3o seja massiva, chata e invasiva, pensar em um cupons de desconto ou alguma oferta exclusiva para a sua rede de clientes \u00e9 uma \u00f3tima alternativa.<\/p>\n<p><strong>Criar oferta de valor para o p\u00fablico<\/strong><\/p>\n<p>Com a correria do dia a dia muitos casais\u00a0acabam n\u00e3o tendo tempo de pesquisar para comprar. \u00a0Ent\u00e3o, para esse cliente \u00e9 interessante propor um combo ou pacote que inclua algo para ele e para sua companheira. Por exemplo, se voc\u00ea vende roupas, pode fazer uma promo\u00e7\u00e3o de x% de desconto na segunda pe\u00e7a. Lembre-se que \u00e9\u00a0importante pensar em todas as etapas da oferta, inclusive\u00a0log\u00edstica\u00a0e outros custos para que a estrat\u00e9gia n\u00e3o d\u00ea errado.<\/p>\n<p>Fuente: <a href=\"https:\/\/www.facebook.com\/business\/news\/dia-dos-namorados-no-facebook-e-instagram-o-que-sua-marca-precisa-saber\">Facebook para empresas<\/a><\/p>\n<p>Para ler outros textos da E-Dialog:<\/p>\n<p><a href=\"https:\/\/www.edialog.com.br\/es\/o-que-e-growth-hacking\/\">-Voc\u00ea sabe o que \u00e9 Growth Hacking?\u00a0<\/a><\/p>\n<p><a href=\"https:\/\/www.edialog.com.br\/es\/facebook\/como-usar-os-codigos-do-messenger-para-a-sua-empresa\/\">-Como usar os c\u00f3digos do Messenger para sua empresa?\u00a0<\/a><\/p>\n<p><a href=\"https:\/\/www.edialog.com.br\/es\/midia-social\/como-o-big-data-pode-ajudar-o-marketing\/\">-Como o Big Data pode ajudar o Marketing?\u00a0<\/a><\/p>","protected":false},"excerpt":{"rendered":"<p>O Dia dos Namorados est\u00e1 chegando e todas as marcas devem tentar aproveitar a data para engajar o p\u00fablico e aumentar as vendas. O Facebook realizou uma pesquisa baseada nos dados do dia dos namorados de 2015 e elaborou um infogr\u00e1fico bem informativo. \u00a0Essa data \u00e9 considerada a terceira mais importante para o com\u00e9rcio, perdendo [&hellip;]<\/p>\n","protected":false},"author":1,"featured_media":7699,"comment_status":"open","ping_status":"open","sticky":false,"template":"","format":"standard","meta":{"_acf_changed":false,"content-type":"","footnotes":""},"categories":[51],"tags":[264,621,622],"class_list":["post-7695","post","type-post","status-publish","format-standard","has-post-thumbnail","hentry","category-solucoes","tag-acoes","tag-dia-dos-namorados","tag-estrategia-dia-dos-namorados"],"acf":[],"yoast_head":"<!-- This site is optimized with the Yoast SEO Premium plugin v27.5 (Yoast SEO v27.5) - https:\/\/yoast.com\/product\/yoast-seo-premium-wordpress\/ -->\n<title>Como trabalhar o Dia dos Namorados nas redes sociais | E-Dialog<\/title>\n<meta name=\"description\" content=\"O Facebook realizou uma pesquisa no dia dos namorados do ano passado e organizou os dados em um infogr\u00e1fico para utilizar na campanha de 2016.\" \/>\n<meta name=\"robots\" content=\"index, follow, max-snippet:-1, max-image-preview:large, max-video-preview:-1\" \/>\n<link rel=\"canonical\" href=\"https:\/\/www.edialog.com.br\/es\/como-trabalhar-o-dia-dos-namorados-nas-redes-sociais\/\" \/>\n<meta property=\"og:locale\" content=\"es_ES\" \/>\n<meta property=\"og:type\" content=\"article\" \/>\n<meta property=\"og:title\" content=\"Como trabalhar o Dia dos Namorados nas redes sociais\" \/>\n<meta property=\"og:description\" content=\"O Facebook realizou uma pesquisa no dia dos namorados do ano passado e organizou os dados em um infogr\u00e1fico para utilizar na campanha de 2016.\" \/>\n<meta property=\"og:url\" content=\"https:\/\/www.edialog.com.br\/es\/como-trabalhar-o-dia-dos-namorados-nas-redes-sociais\/\" \/>\n<meta property=\"og:site_name\" content=\"Ag\u00eancia de Inbound Marketing | E-Dialog\" \/>\n<meta property=\"article:publisher\" content=\"https:\/\/facebook.com\/edialogcomunicacao\" \/>\n<meta property=\"article:author\" content=\"http:\/\/facebook.com\/renancaixeiro\" \/>\n<meta property=\"article:published_time\" content=\"2016-05-24T13:00:50+00:00\" \/>\n<meta property=\"article:modified_time\" content=\"2024-07-22T13:15:22+00:00\" \/>\n<meta property=\"og:image\" content=\"https:\/\/www.edialog.com.br\/wp-content\/uploads\/2016\/05\/06-Blog.png\" \/>\n\t<meta property=\"og:image:width\" content=\"500\" \/>\n\t<meta property=\"og:image:height\" content=\"315\" \/>\n\t<meta property=\"og:image:type\" content=\"image\/png\" \/>\n<meta name=\"author\" content=\"Renan Caixeiro\" \/>\n<meta name=\"twitter:label1\" content=\"Escrito por\" \/>\n\t<meta name=\"twitter:data1\" content=\"Renan Caixeiro\" \/>\n\t<meta name=\"twitter:label2\" content=\"Tiempo de lectura\" \/>\n\t<meta name=\"twitter:data2\" content=\"3 minutos\" \/>\n<script type=\"application\/ld+json\" class=\"yoast-schema-graph\">{\"@context\":\"https:\\\/\\\/schema.org\",\"@graph\":[{\"@type\":[\"Article\",\"BlogPosting\"],\"@id\":\"https:\\\/\\\/www.edialog.com.br\\\/como-trabalhar-o-dia-dos-namorados-nas-redes-sociais\\\/#article\",\"isPartOf\":{\"@id\":\"https:\\\/\\\/www.edialog.com.br\\\/como-trabalhar-o-dia-dos-namorados-nas-redes-sociais\\\/\"},\"author\":{\"name\":\"Renan Caixeiro\",\"@id\":\"https:\\\/\\\/www.edialog.com.br\\\/#\\\/schema\\\/person\\\/7f509934e54fd30b9d2d02cf51b60966\"},\"headline\":\"Como trabalhar o Dia dos Namorados nas redes sociais\",\"datePublished\":\"2016-05-24T13:00:50+00:00\",\"dateModified\":\"2024-07-22T13:15:22+00:00\",\"mainEntityOfPage\":{\"@id\":\"https:\\\/\\\/www.edialog.com.br\\\/como-trabalhar-o-dia-dos-namorados-nas-redes-sociais\\\/\"},\"wordCount\":494,\"commentCount\":0,\"publisher\":{\"@id\":\"https:\\\/\\\/www.edialog.com.br\\\/#organization\"},\"image\":{\"@id\":\"https:\\\/\\\/www.edialog.com.br\\\/como-trabalhar-o-dia-dos-namorados-nas-redes-sociais\\\/#primaryimage\"},\"thumbnailUrl\":\"https:\\\/\\\/www.edialog.com.br\\\/wp-content\\\/uploads\\\/2016\\\/05\\\/06-Blog.png\",\"keywords\":[\"a\u00e7\u00f5es\",\"Dia dos namorados\",\"estrat\u00e9gia dia dos namorados\"],\"articleSection\":[\"Solu\u00e7\u00f5es\"],\"inLanguage\":\"es\",\"potentialAction\":[{\"@type\":\"CommentAction\",\"name\":\"Comment\",\"target\":[\"https:\\\/\\\/www.edialog.com.br\\\/como-trabalhar-o-dia-dos-namorados-nas-redes-sociais\\\/#respond\"]}]},{\"@type\":\"WebPage\",\"@id\":\"https:\\\/\\\/www.edialog.com.br\\\/como-trabalhar-o-dia-dos-namorados-nas-redes-sociais\\\/\",\"url\":\"https:\\\/\\\/www.edialog.com.br\\\/como-trabalhar-o-dia-dos-namorados-nas-redes-sociais\\\/\",\"name\":\"Como trabalhar o Dia dos Namorados nas redes sociais | E-Dialog\",\"isPartOf\":{\"@id\":\"https:\\\/\\\/www.edialog.com.br\\\/#website\"},\"primaryImageOfPage\":{\"@id\":\"https:\\\/\\\/www.edialog.com.br\\\/como-trabalhar-o-dia-dos-namorados-nas-redes-sociais\\\/#primaryimage\"},\"image\":{\"@id\":\"https:\\\/\\\/www.edialog.com.br\\\/como-trabalhar-o-dia-dos-namorados-nas-redes-sociais\\\/#primaryimage\"},\"thumbnailUrl\":\"https:\\\/\\\/www.edialog.com.br\\\/wp-content\\\/uploads\\\/2016\\\/05\\\/06-Blog.png\",\"datePublished\":\"2016-05-24T13:00:50+00:00\",\"dateModified\":\"2024-07-22T13:15:22+00:00\",\"description\":\"O Facebook realizou uma pesquisa no dia dos namorados do ano passado e organizou os dados em um infogr\u00e1fico para utilizar na campanha de 2016.\",\"breadcrumb\":{\"@id\":\"https:\\\/\\\/www.edialog.com.br\\\/como-trabalhar-o-dia-dos-namorados-nas-redes-sociais\\\/#breadcrumb\"},\"inLanguage\":\"es\",\"potentialAction\":[{\"@type\":\"ReadAction\",\"target\":[\"https:\\\/\\\/www.edialog.com.br\\\/como-trabalhar-o-dia-dos-namorados-nas-redes-sociais\\\/\"]}]},{\"@type\":\"ImageObject\",\"inLanguage\":\"es\",\"@id\":\"https:\\\/\\\/www.edialog.com.br\\\/como-trabalhar-o-dia-dos-namorados-nas-redes-sociais\\\/#primaryimage\",\"url\":\"https:\\\/\\\/www.edialog.com.br\\\/wp-content\\\/uploads\\\/2016\\\/05\\\/06-Blog.png\",\"contentUrl\":\"https:\\\/\\\/www.edialog.com.br\\\/wp-content\\\/uploads\\\/2016\\\/05\\\/06-Blog.png\",\"width\":500,\"height\":315},{\"@type\":\"BreadcrumbList\",\"@id\":\"https:\\\/\\\/www.edialog.com.br\\\/como-trabalhar-o-dia-dos-namorados-nas-redes-sociais\\\/#breadcrumb\",\"itemListElement\":[{\"@type\":\"ListItem\",\"position\":1,\"name\":\"Home\",\"item\":\"https:\\\/\\\/www.edialog.com.br\\\/\"},{\"@type\":\"ListItem\",\"position\":2,\"name\":\"Solu\u00e7\u00f5es\",\"item\":\"https:\\\/\\\/www.edialog.com.br\\\/category\\\/solucoes\\\/\"},{\"@type\":\"ListItem\",\"position\":3,\"name\":\"Como trabalhar o Dia dos Namorados nas redes sociais\"}]},{\"@type\":\"WebSite\",\"@id\":\"https:\\\/\\\/www.edialog.com.br\\\/#website\",\"url\":\"https:\\\/\\\/www.edialog.com.br\\\/\",\"name\":\"Ag\u00eancia de Inbound Marketing | E-Dialog\",\"description\":\"Ag\u00eancia de Inbound Marketing premiada com solu\u00e7\u00f5es completas para o seu neg\u00f3cio. Atraia leads, com conte\u00fados \u00fanicos e envolventes. Solicite or\u00e7amento!\",\"publisher\":{\"@id\":\"https:\\\/\\\/www.edialog.com.br\\\/#organization\"},\"potentialAction\":[{\"@type\":\"SearchAction\",\"target\":{\"@type\":\"EntryPoint\",\"urlTemplate\":\"https:\\\/\\\/www.edialog.com.br\\\/?s={search_term_string}\"},\"query-input\":{\"@type\":\"PropertyValueSpecification\",\"valueRequired\":true,\"valueName\":\"search_term_string\"}}],\"inLanguage\":\"es\"},{\"@type\":\"Organization\",\"@id\":\"https:\\\/\\\/www.edialog.com.br\\\/#organization\",\"name\":\"Ag\u00eancia de M\u00eddias Sociais e Marketing Digital | E-Dialog\",\"url\":\"https:\\\/\\\/www.edialog.com.br\\\/\",\"logo\":{\"@type\":\"ImageObject\",\"inLanguage\":\"es\",\"@id\":\"https:\\\/\\\/www.edialog.com.br\\\/#\\\/schema\\\/logo\\\/image\\\/\",\"url\":\"https:\\\/\\\/www.edialog.com.br\\\/wp-content\\\/uploads\\\/2021\\\/09\\\/edialog-logo-case.png\",\"contentUrl\":\"https:\\\/\\\/www.edialog.com.br\\\/wp-content\\\/uploads\\\/2021\\\/09\\\/edialog-logo-case.png\",\"width\":810,\"height\":450,\"caption\":\"Ag\u00eancia de M\u00eddias Sociais e Marketing Digital | E-Dialog\"},\"image\":{\"@id\":\"https:\\\/\\\/www.edialog.com.br\\\/#\\\/schema\\\/logo\\\/image\\\/\"},\"sameAs\":[\"https:\\\/\\\/facebook.com\\\/edialogcomunicacao\",\"https:\\\/\\\/x.com\\\/edialog_br\",\"https:\\\/\\\/www.instagram.com\\\/edialog_br\",\"https:\\\/\\\/www.linkedin.com\\\/company\\\/e-dialog-comunica-o-digital\",\"https:\\\/\\\/www.youtube.com\\\/channel\\\/UCPiVQ_yVlcCqWS2sRzJZj7g\"]},{\"@type\":\"Person\",\"@id\":\"https:\\\/\\\/www.edialog.com.br\\\/#\\\/schema\\\/person\\\/7f509934e54fd30b9d2d02cf51b60966\",\"name\":\"Renan Caixeiro\",\"image\":{\"@type\":\"ImageObject\",\"inLanguage\":\"es\",\"@id\":\"https:\\\/\\\/www.edialog.com.br\\\/wp-content\\\/uploads\\\/2023\\\/11\\\/renan-caixeiro-150x150.jpg\",\"url\":\"https:\\\/\\\/www.edialog.com.br\\\/wp-content\\\/uploads\\\/2023\\\/11\\\/renan-caixeiro-150x150.jpg\",\"contentUrl\":\"https:\\\/\\\/www.edialog.com.br\\\/wp-content\\\/uploads\\\/2023\\\/11\\\/renan-caixeiro-150x150.jpg\",\"caption\":\"Renan Caixeiro\"},\"description\":\"S\u00f3cio Diretor na E-Dialog, \u00e9 graduado em Jornalismo e p\u00f3s-graduado em Comunica\u00e7\u00e3o Corporativa, ambos pela UFJF. Est\u00e1 \u00e0 frente do Reportei, SaaS de relat\u00f3rios e dashboards, \u00e9 host do Projeto SaaS, podcast que compartilha experi\u00eancias do universo de software as a service, e s\u00f3cio da Aquela Caixa, comunidade para profissionais de cria\u00e7\u00e3o. Torcedor do Vasco, tem como meta comprar o Gigante da Colina. LinkedIn: @renancaixeiro \\\/ Instagram: @renancaixeiro.\",\"sameAs\":[\"http:\\\/\\\/facebook.com\\\/renancaixeiro\",\"https:\\\/\\\/www.instagram.com\\\/renancaixeiro\\\/\",\"https:\\\/\\\/br.linkedin.com\\\/in\\\/renancaixeiro\\\/pt\",\"https:\\\/\\\/x.com\\\/renancaixeiro\"],\"url\":\"https:\\\/\\\/www.edialog.com.br\\\/es\\\/author\\\/renancaixeiro\\\/\"}]}<\/script>\n<!-- \/ Yoast SEO Premium plugin. -->","yoast_head_json":{"title":"Como trabalhar o Dia dos Namorados nas redes sociais | E-Dialog","description":"O Facebook realizou uma pesquisa no dia dos namorados do ano passado e organizou os dados em um infogr\u00e1fico para utilizar na campanha de 2016.","robots":{"index":"index","follow":"follow","max-snippet":"max-snippet:-1","max-image-preview":"max-image-preview:large","max-video-preview":"max-video-preview:-1"},"canonical":"https:\/\/www.edialog.com.br\/es\/como-trabalhar-o-dia-dos-namorados-nas-redes-sociais\/","og_locale":"es_ES","og_type":"article","og_title":"Como trabalhar o Dia dos Namorados nas redes sociais","og_description":"O Facebook realizou uma pesquisa no dia dos namorados do ano passado e organizou os dados em um infogr\u00e1fico para utilizar na campanha de 2016.","og_url":"https:\/\/www.edialog.com.br\/es\/como-trabalhar-o-dia-dos-namorados-nas-redes-sociais\/","og_site_name":"Ag\u00eancia de Inbound Marketing | E-Dialog","article_publisher":"https:\/\/facebook.com\/edialogcomunicacao","article_author":"http:\/\/facebook.com\/renancaixeiro","article_published_time":"2016-05-24T13:00:50+00:00","article_modified_time":"2024-07-22T13:15:22+00:00","og_image":[{"width":500,"height":315,"url":"https:\/\/www.edialog.com.br\/wp-content\/uploads\/2016\/05\/06-Blog.png","type":"image\/png"}],"author":"Renan Caixeiro","twitter_misc":{"Escrito por":"Renan Caixeiro","Tiempo de lectura":"3 minutos"},"schema":{"@context":"https:\/\/schema.org","@graph":[{"@type":["Article","BlogPosting"],"@id":"https:\/\/www.edialog.com.br\/como-trabalhar-o-dia-dos-namorados-nas-redes-sociais\/#article","isPartOf":{"@id":"https:\/\/www.edialog.com.br\/como-trabalhar-o-dia-dos-namorados-nas-redes-sociais\/"},"author":{"name":"Renan Caixeiro","@id":"https:\/\/www.edialog.com.br\/#\/schema\/person\/7f509934e54fd30b9d2d02cf51b60966"},"headline":"Como trabalhar o Dia dos Namorados nas redes sociais","datePublished":"2016-05-24T13:00:50+00:00","dateModified":"2024-07-22T13:15:22+00:00","mainEntityOfPage":{"@id":"https:\/\/www.edialog.com.br\/como-trabalhar-o-dia-dos-namorados-nas-redes-sociais\/"},"wordCount":494,"commentCount":0,"publisher":{"@id":"https:\/\/www.edialog.com.br\/#organization"},"image":{"@id":"https:\/\/www.edialog.com.br\/como-trabalhar-o-dia-dos-namorados-nas-redes-sociais\/#primaryimage"},"thumbnailUrl":"https:\/\/www.edialog.com.br\/wp-content\/uploads\/2016\/05\/06-Blog.png","keywords":["a\u00e7\u00f5es","Dia dos namorados","estrat\u00e9gia dia dos namorados"],"articleSection":["Solu\u00e7\u00f5es"],"inLanguage":"es","potentialAction":[{"@type":"CommentAction","name":"Comment","target":["https:\/\/www.edialog.com.br\/como-trabalhar-o-dia-dos-namorados-nas-redes-sociais\/#respond"]}]},{"@type":"WebPage","@id":"https:\/\/www.edialog.com.br\/como-trabalhar-o-dia-dos-namorados-nas-redes-sociais\/","url":"https:\/\/www.edialog.com.br\/como-trabalhar-o-dia-dos-namorados-nas-redes-sociais\/","name":"Como trabalhar o Dia dos Namorados nas redes sociais | E-Dialog","isPartOf":{"@id":"https:\/\/www.edialog.com.br\/#website"},"primaryImageOfPage":{"@id":"https:\/\/www.edialog.com.br\/como-trabalhar-o-dia-dos-namorados-nas-redes-sociais\/#primaryimage"},"image":{"@id":"https:\/\/www.edialog.com.br\/como-trabalhar-o-dia-dos-namorados-nas-redes-sociais\/#primaryimage"},"thumbnailUrl":"https:\/\/www.edialog.com.br\/wp-content\/uploads\/2016\/05\/06-Blog.png","datePublished":"2016-05-24T13:00:50+00:00","dateModified":"2024-07-22T13:15:22+00:00","description":"O Facebook realizou uma pesquisa no dia dos namorados do ano passado e organizou os dados em um infogr\u00e1fico para utilizar na campanha de 2016.","breadcrumb":{"@id":"https:\/\/www.edialog.com.br\/como-trabalhar-o-dia-dos-namorados-nas-redes-sociais\/#breadcrumb"},"inLanguage":"es","potentialAction":[{"@type":"ReadAction","target":["https:\/\/www.edialog.com.br\/como-trabalhar-o-dia-dos-namorados-nas-redes-sociais\/"]}]},{"@type":"ImageObject","inLanguage":"es","@id":"https:\/\/www.edialog.com.br\/como-trabalhar-o-dia-dos-namorados-nas-redes-sociais\/#primaryimage","url":"https:\/\/www.edialog.com.br\/wp-content\/uploads\/2016\/05\/06-Blog.png","contentUrl":"https:\/\/www.edialog.com.br\/wp-content\/uploads\/2016\/05\/06-Blog.png","width":500,"height":315},{"@type":"BreadcrumbList","@id":"https:\/\/www.edialog.com.br\/como-trabalhar-o-dia-dos-namorados-nas-redes-sociais\/#breadcrumb","itemListElement":[{"@type":"ListItem","position":1,"name":"Home","item":"https:\/\/www.edialog.com.br\/"},{"@type":"ListItem","position":2,"name":"Solu\u00e7\u00f5es","item":"https:\/\/www.edialog.com.br\/category\/solucoes\/"},{"@type":"ListItem","position":3,"name":"Como trabalhar o Dia dos Namorados nas redes sociais"}]},{"@type":"WebSite","@id":"https:\/\/www.edialog.com.br\/#website","url":"https:\/\/www.edialog.com.br\/","name":"Agencia de marketing entrante | E-Dialog","description":"Ag\u00eancia de Inbound Marketing premiada com solu\u00e7\u00f5es completas para o seu neg\u00f3cio. Atraia leads, com conte\u00fados \u00fanicos e envolventes. Solicite or\u00e7amento!","publisher":{"@id":"https:\/\/www.edialog.com.br\/#organization"},"potentialAction":[{"@type":"SearchAction","target":{"@type":"EntryPoint","urlTemplate":"https:\/\/www.edialog.com.br\/?s={search_term_string}"},"query-input":{"@type":"PropertyValueSpecification","valueRequired":true,"valueName":"search_term_string"}}],"inLanguage":"es"},{"@type":"Organization","@id":"https:\/\/www.edialog.com.br\/#organization","name":"Ag\u00eancia de M\u00eddias Sociais e Marketing Digital | E-Dialog","url":"https:\/\/www.edialog.com.br\/","logo":{"@type":"ImageObject","inLanguage":"es","@id":"https:\/\/www.edialog.com.br\/#\/schema\/logo\/image\/","url":"https:\/\/www.edialog.com.br\/wp-content\/uploads\/2021\/09\/edialog-logo-case.png","contentUrl":"https:\/\/www.edialog.com.br\/wp-content\/uploads\/2021\/09\/edialog-logo-case.png","width":810,"height":450,"caption":"Ag\u00eancia de M\u00eddias Sociais e Marketing Digital | E-Dialog"},"image":{"@id":"https:\/\/www.edialog.com.br\/#\/schema\/logo\/image\/"},"sameAs":["https:\/\/facebook.com\/edialogcomunicacao","https:\/\/x.com\/edialog_br","https:\/\/www.instagram.com\/edialog_br","https:\/\/www.linkedin.com\/company\/e-dialog-comunica-o-digital","https:\/\/www.youtube.com\/channel\/UCPiVQ_yVlcCqWS2sRzJZj7g"]},{"@type":"Person","@id":"https:\/\/www.edialog.com.br\/#\/schema\/person\/7f509934e54fd30b9d2d02cf51b60966","name":"Renan Caixeiro","image":{"@type":"ImageObject","inLanguage":"es","@id":"https:\/\/www.edialog.com.br\/wp-content\/uploads\/2023\/11\/renan-caixeiro-150x150.jpg","url":"https:\/\/www.edialog.com.br\/wp-content\/uploads\/2023\/11\/renan-caixeiro-150x150.jpg","contentUrl":"https:\/\/www.edialog.com.br\/wp-content\/uploads\/2023\/11\/renan-caixeiro-150x150.jpg","caption":"Renan Caixeiro"},"description":"S\u00f3cio Diretor na E-Dialog, \u00e9 graduado em Jornalismo e p\u00f3s-graduado em Comunica\u00e7\u00e3o Corporativa, ambos pela UFJF. Est\u00e1 \u00e0 frente do Reportei, SaaS de relat\u00f3rios e dashboards, \u00e9 host do Projeto SaaS, podcast que compartilha experi\u00eancias do universo de software as a service, e s\u00f3cio da Aquela Caixa, comunidade para profissionais de cria\u00e7\u00e3o. Torcedor do Vasco, tem como meta comprar o Gigante da Colina. LinkedIn: @renancaixeiro \/ Instagram: @renancaixeiro.","sameAs":["http:\/\/facebook.com\/renancaixeiro","https:\/\/www.instagram.com\/renancaixeiro\/","https:\/\/br.linkedin.com\/in\/renancaixeiro\/pt","https:\/\/x.com\/renancaixeiro"],"url":"https:\/\/www.edialog.com.br\/es\/author\/renancaixeiro\/"}]}},"_links":{"self":[{"href":"https:\/\/www.edialog.com.br\/es\/wp-json\/wp\/v2\/posts\/7695","targetHints":{"allow":["GET"]}}],"collection":[{"href":"https:\/\/www.edialog.com.br\/es\/wp-json\/wp\/v2\/posts"}],"about":[{"href":"https:\/\/www.edialog.com.br\/es\/wp-json\/wp\/v2\/types\/post"}],"author":[{"embeddable":true,"href":"https:\/\/www.edialog.com.br\/es\/wp-json\/wp\/v2\/users\/1"}],"replies":[{"embeddable":true,"href":"https:\/\/www.edialog.com.br\/es\/wp-json\/wp\/v2\/comments?post=7695"}],"version-history":[{"count":0,"href":"https:\/\/www.edialog.com.br\/es\/wp-json\/wp\/v2\/posts\/7695\/revisions"}],"wp:featuredmedia":[{"embeddable":true,"href":"https:\/\/www.edialog.com.br\/es\/wp-json\/wp\/v2\/media\/7699"}],"wp:attachment":[{"href":"https:\/\/www.edialog.com.br\/es\/wp-json\/wp\/v2\/media?parent=7695"}],"wp:term":[{"taxonomy":"category","embeddable":true,"href":"https:\/\/www.edialog.com.br\/es\/wp-json\/wp\/v2\/categories?post=7695"},{"taxonomy":"post_tag","embeddable":true,"href":"https:\/\/www.edialog.com.br\/es\/wp-json\/wp\/v2\/tags?post=7695"}],"curies":[{"name":"wp","href":"https:\/\/api.w.org\/{rel}","templated":true}]}}