{"id":7596,"date":"2016-04-27T18:20:53","date_gmt":"2016-04-27T21:20:53","guid":{"rendered":"https:\/\/www.edialog.com.br\/?p=7596"},"modified":"2025-06-11T16:40:50","modified_gmt":"2025-06-11T19:40:50","slug":"a-importancia-da-gestao-em-negocios-de-e-commerce","status":"publish","type":"post","link":"https:\/\/www.edialog.com.br\/es\/a-importancia-da-gestao-em-negocios-de-e-commerce\/","title":{"rendered":"La importancia de la gesti\u00f3n en las empresas de comercio electr\u00f3nico"},"content":{"rendered":"<p>A facilidade&nbsp;para&nbsp;iniciar um neg\u00f3cio na internet tem atra\u00eddo muitos empreendedores. Quando falamos de e-commerce, torna-se ainda mais atraente: ferramentas e empresas na internet oferecem a constru\u00e7\u00e3o da loja virtual em poucos minutos e ent\u00e3o \u00e9 s\u00f3 come\u00e7ar a vender (ao menos este \u00e9 o argumento apresentado por muitas empresas desse setor).<\/p>\n\n\n\n<p>O que muitas vezes \u00e9 negligenciado \u00e9 que&nbsp;um e-commerce \u00e9 um canal de vendas e, em alguns casos, um modelo de neg\u00f3cio, mas tamb\u00e9m \u00e9 uma empresa, e por isso demanda uma boa gest\u00e3o. Do contr\u00e1rio, as facilidades apresentadas pela internet podem se tornar grandes problemas.<\/p>\n\n\n\n<p><strong><u>Las empresas de comercio electr\u00f3nico requieren una buena gesti\u00f3n<\/u><\/strong><\/p>\n\n\n\n<p>Como empresa, es esencial que la gesti\u00f3n del negocio de comercio electr\u00f3nico est\u00e9 preparada y sea adecuada para soportar toda la operaci\u00f3n y el crecimiento previsto.<strong> Las empresas m\u00e1s organizadas y preparadas son las que prosperan.<\/strong><\/p>\n\n\n\n<p>Imaginemos, por ejemplo, un comercio electr\u00f3nico que vende ropa de mujer y productos de calidad. Para poner en marcha el negocio, se ha contratado una buena plataforma de comercio electr\u00f3nico. Sin embargo, es necesario evaluar la gesti\u00f3n:<\/p>\n\n\n\n<ul class=\"wp-block-list\">\n<li>\u00bfTodos los departamentos (compras, log\u00edstica, finanzas, marketing, entre otros) tienen sus procesos y procedimientos definidos y normalizados?<\/li>\n\n\n\n<li>\u00bfEst\u00e1 preparada la empresa para hacer frente a una demanda alta o baja?<\/li>\n\n\n\n<li>\u00bfEst\u00e1 estructurada toda la operaci\u00f3n log\u00edstica, que va mucho m\u00e1s all\u00e1 del env\u00edo del producto al cliente?<\/li>\n\n\n\n<li>\u00bfHan recibido formaci\u00f3n los profesionales de la empresa para hacer negocios por Internet?<\/li>\n\n\n\n<li>\u00bfExiste un conocimiento claro y actualizado de la demanda de los consumidores?<\/li>\n\n\n\n<li>\u00bfSe supervisa a los competidores?<\/li>\n<\/ul>\n\n\n\n<p>Y la lista de preguntas podr\u00eda ser interminable (si quiere realizar un estudio m\u00e1s profundo de su empresa, eche un vistazo a las&nbsp;<a href=\"http:\/\/sucesso.intelliplan.com.br\/guia-rapido-para-diagnostico-empresarial\"><strong>Gu\u00eda r\u00e1pida de diagn\u00f3stico empresarial<\/strong><\/a>).<\/p>\n\n\n\n<p>\u00c9 necess\u00e1rio, portanto, um cuidado maior com a gest\u00e3o para que o e-commerce&nbsp;aproveite as&nbsp;oportunidades e n\u00e3o corra riscos desnecess\u00e1rios.<\/p>\n\n\n\n<p><strong><u>C\u00f3mo mejorar la gesti\u00f3n del comercio electr\u00f3nico<\/u><\/strong><\/p>\n\n\n\n<p>El primer paso es asumir el comercio electr\u00f3nico como un negocio, no como una alternativa para encontrar m\u00e1s ventas o como algo m\u00e1gico. En otras palabras, hay que asumir las oportunidades y los riesgos que conlleva un negocio en Internet y trabajar para obtener los mejores resultados: la direcci\u00f3n debe ayudarte a aprovechar las oportunidades y mitigar los riesgos.<\/p>\n\n\n\n<p>A continuaci\u00f3n, debe evolucionar&nbsp;<a href=\"http:\/\/www.intelliplan.com.br\/consultoria-e-monitoramento-de-mercado-adi\/\"><strong>conocimiento del mercado<\/strong><\/a>consumidores, clientes, competidores, proveedores, socios y todos los dem\u00e1s&nbsp;<em>partes interesadas<\/em>. Un estudio en profundidad de la realidad de cada una de estas relaciones que establece su empresa es esencial para poder dar una respuesta adecuada en cada situaci\u00f3n.<\/p>\n\n\n\n<p>Por \u00faltimo, hay que invertir en mejorar la gesti\u00f3n: estructurar mejor los procesos de trabajo,&nbsp;<a href=\"http:\/\/www.intelliplan.com.br\/estrategia-para-crescer\"><strong>desarrollar una estrategia de crecimiento<\/strong><\/a>Entre ellas se incluyen la formaci\u00f3n de los empleados, la implantaci\u00f3n de tecnolog\u00eda y sistemas de gesti\u00f3n, y otras acciones que pueden contribuir a tener una empresa estructurada y bien cimentada.<\/p>\n\n\n\n<p>Si su empresa quiere operar a trav\u00e9s del comercio electr\u00f3nico y quiere tener \u00e9xito en este empe\u00f1o, invierta en la gesti\u00f3n de su negocio.<\/p>\n\n\n\n<p><strong><u>Sobre el autor<\/u><\/strong><\/p>\n\n\n\n<p>A&nbsp;<a href=\"http:\/\/www.intelliplan.com.br\/\">Intelliplan Consultor\u00eda Empresarial<\/a>&nbsp;\u00e9 especialista na presta\u00e7\u00e3o de&nbsp;consultoria em gest\u00e3o, estrat\u00e9gia e mercado para pequenas e m\u00e9dias&nbsp;empresas, oferecendo servi\u00e7os para as mais diversas necessidades de uma&nbsp;empresa, de acordo com o objetivo a ser alcan\u00e7ado.<\/p>\n\n\n\n<p>M\u00e1s informaci\u00f3n sobre Intelliplan:&nbsp;<a href=\"http:\/\/www.intelliplan.com.br\/\">intelliplan.com.br<\/a><\/p>\n\n\n\n<p>&nbsp;<\/p>","protected":false},"excerpt":{"rendered":"<p>A facilidade&nbsp;para&nbsp;iniciar um neg\u00f3cio na internet tem atra\u00eddo muitos empreendedores. Quando falamos de e-commerce, torna-se ainda mais atraente: ferramentas e empresas na internet oferecem a constru\u00e7\u00e3o da loja virtual em poucos minutos e ent\u00e3o \u00e9 s\u00f3 come\u00e7ar a vender (ao menos este \u00e9 o argumento apresentado por muitas empresas desse setor). O que muitas vezes [&hellip;]<\/p>\n","protected":false},"author":1,"featured_media":7597,"comment_status":"open","ping_status":"open","sticky":false,"template":"","format":"standard","meta":{"_acf_changed":false,"content-type":"","footnotes":""},"categories":[8],"tags":[71,609,610],"class_list":["post-7596","post","type-post","status-publish","format-standard","has-post-thumbnail","hentry","category-midia-social","tag-e-commerce","tag-gestao-de-e-commerce","tag-gestao-em-negocios-de-e-commerce"],"acf":[],"yoast_head":"<!-- This site is optimized with the Yoast SEO Premium plugin v27.5 (Yoast SEO v27.5) - https:\/\/yoast.com\/product\/yoast-seo-premium-wordpress\/ -->\n<title>A import\u00e2ncia da gest\u00e3o em neg\u00f3cios de e-commerce | E-Dialog<\/title>\n<meta name=\"description\" content=\"Confira a import\u00e2ncia da gest\u00e3o em neg\u00f3cios de e-commerce e quais passos voc\u00ea deve realizar para n\u00e3o cometer erros na hora de montar o seu neg\u00f3cio.\" \/>\n<meta name=\"robots\" content=\"index, follow, max-snippet:-1, max-image-preview:large, max-video-preview:-1\" \/>\n<link rel=\"canonical\" href=\"https:\/\/www.edialog.com.br\/es\/a-importancia-da-gestao-em-negocios-de-e-commerce\/\" \/>\n<meta property=\"og:locale\" content=\"es_ES\" \/>\n<meta property=\"og:type\" content=\"article\" \/>\n<meta property=\"og:title\" content=\"A import\u00e2ncia da gest\u00e3o em neg\u00f3cios de e-commerce\" \/>\n<meta property=\"og:description\" content=\"Confira a import\u00e2ncia da gest\u00e3o em neg\u00f3cios de e-commerce e quais passos voc\u00ea deve realizar para n\u00e3o cometer erros na hora de montar o seu neg\u00f3cio.\" \/>\n<meta property=\"og:url\" content=\"https:\/\/www.edialog.com.br\/es\/a-importancia-da-gestao-em-negocios-de-e-commerce\/\" \/>\n<meta property=\"og:site_name\" content=\"Ag\u00eancia de Inbound Marketing | E-Dialog\" \/>\n<meta property=\"article:publisher\" content=\"https:\/\/facebook.com\/edialogcomunicacao\" \/>\n<meta property=\"article:author\" content=\"http:\/\/facebook.com\/renancaixeiro\" \/>\n<meta property=\"article:published_time\" content=\"2016-04-27T21:20:53+00:00\" \/>\n<meta property=\"article:modified_time\" content=\"2025-06-11T19:40:50+00:00\" \/>\n<meta property=\"og:image\" content=\"https:\/\/www.edialog.com.br\/wp-content\/uploads\/2016\/04\/05-blog.png\" \/>\n\t<meta property=\"og:image:width\" content=\"500\" \/>\n\t<meta property=\"og:image:height\" content=\"315\" \/>\n\t<meta property=\"og:image:type\" content=\"image\/png\" \/>\n<meta name=\"author\" content=\"Renan Caixeiro\" \/>\n<meta name=\"twitter:label1\" content=\"Escrito por\" \/>\n\t<meta name=\"twitter:data1\" content=\"Renan Caixeiro\" \/>\n\t<meta name=\"twitter:label2\" content=\"Tiempo de lectura\" \/>\n\t<meta name=\"twitter:data2\" content=\"4 minutos\" \/>\n<script type=\"application\/ld+json\" class=\"yoast-schema-graph\">{\"@context\":\"https:\\\/\\\/schema.org\",\"@graph\":[{\"@type\":[\"Article\",\"BlogPosting\"],\"@id\":\"https:\\\/\\\/www.edialog.com.br\\\/a-importancia-da-gestao-em-negocios-de-e-commerce\\\/#article\",\"isPartOf\":{\"@id\":\"https:\\\/\\\/www.edialog.com.br\\\/a-importancia-da-gestao-em-negocios-de-e-commerce\\\/\"},\"author\":{\"name\":\"Renan Caixeiro\",\"@id\":\"https:\\\/\\\/www.edialog.com.br\\\/#\\\/schema\\\/person\\\/7f509934e54fd30b9d2d02cf51b60966\"},\"headline\":\"A import\u00e2ncia da gest\u00e3o em neg\u00f3cios de e-commerce\",\"datePublished\":\"2016-04-27T21:20:53+00:00\",\"dateModified\":\"2025-06-11T19:40:50+00:00\",\"mainEntityOfPage\":{\"@id\":\"https:\\\/\\\/www.edialog.com.br\\\/a-importancia-da-gestao-em-negocios-de-e-commerce\\\/\"},\"wordCount\":596,\"commentCount\":1,\"publisher\":{\"@id\":\"https:\\\/\\\/www.edialog.com.br\\\/#organization\"},\"image\":{\"@id\":\"https:\\\/\\\/www.edialog.com.br\\\/a-importancia-da-gestao-em-negocios-de-e-commerce\\\/#primaryimage\"},\"thumbnailUrl\":\"https:\\\/\\\/www.edialog.com.br\\\/wp-content\\\/uploads\\\/2016\\\/04\\\/05-blog.png\",\"keywords\":[\"e-commerce\",\"gest\u00e3o de e-commerce\",\"gest\u00e3o em neg\u00f3cios de e-commerce\"],\"articleSection\":[\"M\u00eddia Social\"],\"inLanguage\":\"es\",\"potentialAction\":[{\"@type\":\"CommentAction\",\"name\":\"Comment\",\"target\":[\"https:\\\/\\\/www.edialog.com.br\\\/a-importancia-da-gestao-em-negocios-de-e-commerce\\\/#respond\"]}]},{\"@type\":\"WebPage\",\"@id\":\"https:\\\/\\\/www.edialog.com.br\\\/a-importancia-da-gestao-em-negocios-de-e-commerce\\\/\",\"url\":\"https:\\\/\\\/www.edialog.com.br\\\/a-importancia-da-gestao-em-negocios-de-e-commerce\\\/\",\"name\":\"A import\u00e2ncia da gest\u00e3o em neg\u00f3cios de e-commerce | E-Dialog\",\"isPartOf\":{\"@id\":\"https:\\\/\\\/www.edialog.com.br\\\/#website\"},\"primaryImageOfPage\":{\"@id\":\"https:\\\/\\\/www.edialog.com.br\\\/a-importancia-da-gestao-em-negocios-de-e-commerce\\\/#primaryimage\"},\"image\":{\"@id\":\"https:\\\/\\\/www.edialog.com.br\\\/a-importancia-da-gestao-em-negocios-de-e-commerce\\\/#primaryimage\"},\"thumbnailUrl\":\"https:\\\/\\\/www.edialog.com.br\\\/wp-content\\\/uploads\\\/2016\\\/04\\\/05-blog.png\",\"datePublished\":\"2016-04-27T21:20:53+00:00\",\"dateModified\":\"2025-06-11T19:40:50+00:00\",\"description\":\"Confira a import\u00e2ncia da gest\u00e3o em neg\u00f3cios de e-commerce e quais passos voc\u00ea deve realizar para n\u00e3o cometer erros na hora de montar o seu neg\u00f3cio.\",\"breadcrumb\":{\"@id\":\"https:\\\/\\\/www.edialog.com.br\\\/a-importancia-da-gestao-em-negocios-de-e-commerce\\\/#breadcrumb\"},\"inLanguage\":\"es\",\"potentialAction\":[{\"@type\":\"ReadAction\",\"target\":[\"https:\\\/\\\/www.edialog.com.br\\\/a-importancia-da-gestao-em-negocios-de-e-commerce\\\/\"]}]},{\"@type\":\"ImageObject\",\"inLanguage\":\"es\",\"@id\":\"https:\\\/\\\/www.edialog.com.br\\\/a-importancia-da-gestao-em-negocios-de-e-commerce\\\/#primaryimage\",\"url\":\"https:\\\/\\\/www.edialog.com.br\\\/wp-content\\\/uploads\\\/2016\\\/04\\\/05-blog.png\",\"contentUrl\":\"https:\\\/\\\/www.edialog.com.br\\\/wp-content\\\/uploads\\\/2016\\\/04\\\/05-blog.png\",\"width\":500,\"height\":315},{\"@type\":\"BreadcrumbList\",\"@id\":\"https:\\\/\\\/www.edialog.com.br\\\/a-importancia-da-gestao-em-negocios-de-e-commerce\\\/#breadcrumb\",\"itemListElement\":[{\"@type\":\"ListItem\",\"position\":1,\"name\":\"Home\",\"item\":\"https:\\\/\\\/www.edialog.com.br\\\/\"},{\"@type\":\"ListItem\",\"position\":2,\"name\":\"M\u00eddia Social\",\"item\":\"https:\\\/\\\/www.edialog.com.br\\\/category\\\/midia-social\\\/\"},{\"@type\":\"ListItem\",\"position\":3,\"name\":\"A import\u00e2ncia da gest\u00e3o em neg\u00f3cios de e-commerce\"}]},{\"@type\":\"WebSite\",\"@id\":\"https:\\\/\\\/www.edialog.com.br\\\/#website\",\"url\":\"https:\\\/\\\/www.edialog.com.br\\\/\",\"name\":\"Ag\u00eancia de Inbound Marketing | E-Dialog\",\"description\":\"Ag\u00eancia de Inbound Marketing premiada com solu\u00e7\u00f5es completas para o seu neg\u00f3cio. Atraia leads, com conte\u00fados \u00fanicos e envolventes. Solicite or\u00e7amento!\",\"publisher\":{\"@id\":\"https:\\\/\\\/www.edialog.com.br\\\/#organization\"},\"potentialAction\":[{\"@type\":\"SearchAction\",\"target\":{\"@type\":\"EntryPoint\",\"urlTemplate\":\"https:\\\/\\\/www.edialog.com.br\\\/?s={search_term_string}\"},\"query-input\":{\"@type\":\"PropertyValueSpecification\",\"valueRequired\":true,\"valueName\":\"search_term_string\"}}],\"inLanguage\":\"es\"},{\"@type\":\"Organization\",\"@id\":\"https:\\\/\\\/www.edialog.com.br\\\/#organization\",\"name\":\"Ag\u00eancia de M\u00eddias Sociais e Marketing Digital | E-Dialog\",\"url\":\"https:\\\/\\\/www.edialog.com.br\\\/\",\"logo\":{\"@type\":\"ImageObject\",\"inLanguage\":\"es\",\"@id\":\"https:\\\/\\\/www.edialog.com.br\\\/#\\\/schema\\\/logo\\\/image\\\/\",\"url\":\"https:\\\/\\\/www.edialog.com.br\\\/wp-content\\\/uploads\\\/2021\\\/09\\\/edialog-logo-case.png\",\"contentUrl\":\"https:\\\/\\\/www.edialog.com.br\\\/wp-content\\\/uploads\\\/2021\\\/09\\\/edialog-logo-case.png\",\"width\":810,\"height\":450,\"caption\":\"Ag\u00eancia de M\u00eddias Sociais e Marketing Digital | E-Dialog\"},\"image\":{\"@id\":\"https:\\\/\\\/www.edialog.com.br\\\/#\\\/schema\\\/logo\\\/image\\\/\"},\"sameAs\":[\"https:\\\/\\\/facebook.com\\\/edialogcomunicacao\",\"https:\\\/\\\/x.com\\\/edialog_br\",\"https:\\\/\\\/www.instagram.com\\\/edialog_br\",\"https:\\\/\\\/www.linkedin.com\\\/company\\\/e-dialog-comunica-o-digital\",\"https:\\\/\\\/www.youtube.com\\\/channel\\\/UCPiVQ_yVlcCqWS2sRzJZj7g\"]},{\"@type\":\"Person\",\"@id\":\"https:\\\/\\\/www.edialog.com.br\\\/#\\\/schema\\\/person\\\/7f509934e54fd30b9d2d02cf51b60966\",\"name\":\"Renan Caixeiro\",\"image\":{\"@type\":\"ImageObject\",\"inLanguage\":\"es\",\"@id\":\"https:\\\/\\\/www.edialog.com.br\\\/wp-content\\\/uploads\\\/2023\\\/11\\\/renan-caixeiro-150x150.jpg\",\"url\":\"https:\\\/\\\/www.edialog.com.br\\\/wp-content\\\/uploads\\\/2023\\\/11\\\/renan-caixeiro-150x150.jpg\",\"contentUrl\":\"https:\\\/\\\/www.edialog.com.br\\\/wp-content\\\/uploads\\\/2023\\\/11\\\/renan-caixeiro-150x150.jpg\",\"caption\":\"Renan Caixeiro\"},\"description\":\"S\u00f3cio Diretor na E-Dialog, \u00e9 graduado em Jornalismo e p\u00f3s-graduado em Comunica\u00e7\u00e3o Corporativa, ambos pela UFJF. Est\u00e1 \u00e0 frente do Reportei, SaaS de relat\u00f3rios e dashboards, \u00e9 host do Projeto SaaS, podcast que compartilha experi\u00eancias do universo de software as a service, e s\u00f3cio da Aquela Caixa, comunidade para profissionais de cria\u00e7\u00e3o. Torcedor do Vasco, tem como meta comprar o Gigante da Colina. LinkedIn: @renancaixeiro \\\/ Instagram: @renancaixeiro.\",\"sameAs\":[\"http:\\\/\\\/facebook.com\\\/renancaixeiro\",\"https:\\\/\\\/www.instagram.com\\\/renancaixeiro\\\/\",\"https:\\\/\\\/br.linkedin.com\\\/in\\\/renancaixeiro\\\/pt\",\"https:\\\/\\\/x.com\\\/renancaixeiro\"],\"url\":\"https:\\\/\\\/www.edialog.com.br\\\/es\\\/author\\\/renancaixeiro\\\/\"}]}<\/script>\n<!-- \/ Yoast SEO Premium plugin. -->","yoast_head_json":{"title":"A import\u00e2ncia da gest\u00e3o em neg\u00f3cios de e-commerce | E-Dialog","description":"Confira a import\u00e2ncia da gest\u00e3o em neg\u00f3cios de e-commerce e quais passos voc\u00ea deve realizar para n\u00e3o cometer erros na hora de montar o seu neg\u00f3cio.","robots":{"index":"index","follow":"follow","max-snippet":"max-snippet:-1","max-image-preview":"max-image-preview:large","max-video-preview":"max-video-preview:-1"},"canonical":"https:\/\/www.edialog.com.br\/es\/a-importancia-da-gestao-em-negocios-de-e-commerce\/","og_locale":"es_ES","og_type":"article","og_title":"A import\u00e2ncia da gest\u00e3o em neg\u00f3cios de e-commerce","og_description":"Confira a import\u00e2ncia da gest\u00e3o em neg\u00f3cios de e-commerce e quais passos voc\u00ea deve realizar para n\u00e3o cometer erros na hora de montar o seu neg\u00f3cio.","og_url":"https:\/\/www.edialog.com.br\/es\/a-importancia-da-gestao-em-negocios-de-e-commerce\/","og_site_name":"Ag\u00eancia de Inbound Marketing | E-Dialog","article_publisher":"https:\/\/facebook.com\/edialogcomunicacao","article_author":"http:\/\/facebook.com\/renancaixeiro","article_published_time":"2016-04-27T21:20:53+00:00","article_modified_time":"2025-06-11T19:40:50+00:00","og_image":[{"width":500,"height":315,"url":"https:\/\/www.edialog.com.br\/wp-content\/uploads\/2016\/04\/05-blog.png","type":"image\/png"}],"author":"Renan Caixeiro","twitter_misc":{"Escrito por":"Renan Caixeiro","Tiempo de lectura":"4 minutos"},"schema":{"@context":"https:\/\/schema.org","@graph":[{"@type":["Article","BlogPosting"],"@id":"https:\/\/www.edialog.com.br\/a-importancia-da-gestao-em-negocios-de-e-commerce\/#article","isPartOf":{"@id":"https:\/\/www.edialog.com.br\/a-importancia-da-gestao-em-negocios-de-e-commerce\/"},"author":{"name":"Renan Caixeiro","@id":"https:\/\/www.edialog.com.br\/#\/schema\/person\/7f509934e54fd30b9d2d02cf51b60966"},"headline":"A import\u00e2ncia da gest\u00e3o em neg\u00f3cios de e-commerce","datePublished":"2016-04-27T21:20:53+00:00","dateModified":"2025-06-11T19:40:50+00:00","mainEntityOfPage":{"@id":"https:\/\/www.edialog.com.br\/a-importancia-da-gestao-em-negocios-de-e-commerce\/"},"wordCount":596,"commentCount":1,"publisher":{"@id":"https:\/\/www.edialog.com.br\/#organization"},"image":{"@id":"https:\/\/www.edialog.com.br\/a-importancia-da-gestao-em-negocios-de-e-commerce\/#primaryimage"},"thumbnailUrl":"https:\/\/www.edialog.com.br\/wp-content\/uploads\/2016\/04\/05-blog.png","keywords":["e-commerce","gest\u00e3o de e-commerce","gest\u00e3o em neg\u00f3cios de e-commerce"],"articleSection":["M\u00eddia Social"],"inLanguage":"es","potentialAction":[{"@type":"CommentAction","name":"Comment","target":["https:\/\/www.edialog.com.br\/a-importancia-da-gestao-em-negocios-de-e-commerce\/#respond"]}]},{"@type":"WebPage","@id":"https:\/\/www.edialog.com.br\/a-importancia-da-gestao-em-negocios-de-e-commerce\/","url":"https:\/\/www.edialog.com.br\/a-importancia-da-gestao-em-negocios-de-e-commerce\/","name":"A import\u00e2ncia da gest\u00e3o em neg\u00f3cios de e-commerce | E-Dialog","isPartOf":{"@id":"https:\/\/www.edialog.com.br\/#website"},"primaryImageOfPage":{"@id":"https:\/\/www.edialog.com.br\/a-importancia-da-gestao-em-negocios-de-e-commerce\/#primaryimage"},"image":{"@id":"https:\/\/www.edialog.com.br\/a-importancia-da-gestao-em-negocios-de-e-commerce\/#primaryimage"},"thumbnailUrl":"https:\/\/www.edialog.com.br\/wp-content\/uploads\/2016\/04\/05-blog.png","datePublished":"2016-04-27T21:20:53+00:00","dateModified":"2025-06-11T19:40:50+00:00","description":"Confira a import\u00e2ncia da gest\u00e3o em neg\u00f3cios de e-commerce e quais passos voc\u00ea deve realizar para n\u00e3o cometer erros na hora de montar o seu neg\u00f3cio.","breadcrumb":{"@id":"https:\/\/www.edialog.com.br\/a-importancia-da-gestao-em-negocios-de-e-commerce\/#breadcrumb"},"inLanguage":"es","potentialAction":[{"@type":"ReadAction","target":["https:\/\/www.edialog.com.br\/a-importancia-da-gestao-em-negocios-de-e-commerce\/"]}]},{"@type":"ImageObject","inLanguage":"es","@id":"https:\/\/www.edialog.com.br\/a-importancia-da-gestao-em-negocios-de-e-commerce\/#primaryimage","url":"https:\/\/www.edialog.com.br\/wp-content\/uploads\/2016\/04\/05-blog.png","contentUrl":"https:\/\/www.edialog.com.br\/wp-content\/uploads\/2016\/04\/05-blog.png","width":500,"height":315},{"@type":"BreadcrumbList","@id":"https:\/\/www.edialog.com.br\/a-importancia-da-gestao-em-negocios-de-e-commerce\/#breadcrumb","itemListElement":[{"@type":"ListItem","position":1,"name":"Home","item":"https:\/\/www.edialog.com.br\/"},{"@type":"ListItem","position":2,"name":"M\u00eddia Social","item":"https:\/\/www.edialog.com.br\/category\/midia-social\/"},{"@type":"ListItem","position":3,"name":"A import\u00e2ncia da gest\u00e3o em neg\u00f3cios de e-commerce"}]},{"@type":"WebSite","@id":"https:\/\/www.edialog.com.br\/#website","url":"https:\/\/www.edialog.com.br\/","name":"Agencia de marketing entrante | E-Dialog","description":"Ag\u00eancia de Inbound Marketing premiada com solu\u00e7\u00f5es completas para o seu neg\u00f3cio. Atraia leads, com conte\u00fados \u00fanicos e envolventes. Solicite or\u00e7amento!","publisher":{"@id":"https:\/\/www.edialog.com.br\/#organization"},"potentialAction":[{"@type":"SearchAction","target":{"@type":"EntryPoint","urlTemplate":"https:\/\/www.edialog.com.br\/?s={search_term_string}"},"query-input":{"@type":"PropertyValueSpecification","valueRequired":true,"valueName":"search_term_string"}}],"inLanguage":"es"},{"@type":"Organization","@id":"https:\/\/www.edialog.com.br\/#organization","name":"Ag\u00eancia de M\u00eddias Sociais e Marketing Digital | E-Dialog","url":"https:\/\/www.edialog.com.br\/","logo":{"@type":"ImageObject","inLanguage":"es","@id":"https:\/\/www.edialog.com.br\/#\/schema\/logo\/image\/","url":"https:\/\/www.edialog.com.br\/wp-content\/uploads\/2021\/09\/edialog-logo-case.png","contentUrl":"https:\/\/www.edialog.com.br\/wp-content\/uploads\/2021\/09\/edialog-logo-case.png","width":810,"height":450,"caption":"Ag\u00eancia de M\u00eddias Sociais e Marketing Digital | E-Dialog"},"image":{"@id":"https:\/\/www.edialog.com.br\/#\/schema\/logo\/image\/"},"sameAs":["https:\/\/facebook.com\/edialogcomunicacao","https:\/\/x.com\/edialog_br","https:\/\/www.instagram.com\/edialog_br","https:\/\/www.linkedin.com\/company\/e-dialog-comunica-o-digital","https:\/\/www.youtube.com\/channel\/UCPiVQ_yVlcCqWS2sRzJZj7g"]},{"@type":"Person","@id":"https:\/\/www.edialog.com.br\/#\/schema\/person\/7f509934e54fd30b9d2d02cf51b60966","name":"Renan Caixeiro","image":{"@type":"ImageObject","inLanguage":"es","@id":"https:\/\/www.edialog.com.br\/wp-content\/uploads\/2023\/11\/renan-caixeiro-150x150.jpg","url":"https:\/\/www.edialog.com.br\/wp-content\/uploads\/2023\/11\/renan-caixeiro-150x150.jpg","contentUrl":"https:\/\/www.edialog.com.br\/wp-content\/uploads\/2023\/11\/renan-caixeiro-150x150.jpg","caption":"Renan Caixeiro"},"description":"S\u00f3cio Diretor na E-Dialog, \u00e9 graduado em Jornalismo e p\u00f3s-graduado em Comunica\u00e7\u00e3o Corporativa, ambos pela UFJF. Est\u00e1 \u00e0 frente do Reportei, SaaS de relat\u00f3rios e dashboards, \u00e9 host do Projeto SaaS, podcast que compartilha experi\u00eancias do universo de software as a service, e s\u00f3cio da Aquela Caixa, comunidade para profissionais de cria\u00e7\u00e3o. Torcedor do Vasco, tem como meta comprar o Gigante da Colina. LinkedIn: @renancaixeiro \/ Instagram: @renancaixeiro.","sameAs":["http:\/\/facebook.com\/renancaixeiro","https:\/\/www.instagram.com\/renancaixeiro\/","https:\/\/br.linkedin.com\/in\/renancaixeiro\/pt","https:\/\/x.com\/renancaixeiro"],"url":"https:\/\/www.edialog.com.br\/es\/author\/renancaixeiro\/"}]}},"_links":{"self":[{"href":"https:\/\/www.edialog.com.br\/es\/wp-json\/wp\/v2\/posts\/7596","targetHints":{"allow":["GET"]}}],"collection":[{"href":"https:\/\/www.edialog.com.br\/es\/wp-json\/wp\/v2\/posts"}],"about":[{"href":"https:\/\/www.edialog.com.br\/es\/wp-json\/wp\/v2\/types\/post"}],"author":[{"embeddable":true,"href":"https:\/\/www.edialog.com.br\/es\/wp-json\/wp\/v2\/users\/1"}],"replies":[{"embeddable":true,"href":"https:\/\/www.edialog.com.br\/es\/wp-json\/wp\/v2\/comments?post=7596"}],"version-history":[{"count":3,"href":"https:\/\/www.edialog.com.br\/es\/wp-json\/wp\/v2\/posts\/7596\/revisions"}],"predecessor-version":[{"id":229440,"href":"https:\/\/www.edialog.com.br\/es\/wp-json\/wp\/v2\/posts\/7596\/revisions\/229440"}],"wp:featuredmedia":[{"embeddable":true,"href":"https:\/\/www.edialog.com.br\/es\/wp-json\/wp\/v2\/media\/7597"}],"wp:attachment":[{"href":"https:\/\/www.edialog.com.br\/es\/wp-json\/wp\/v2\/media?parent=7596"}],"wp:term":[{"taxonomy":"category","embeddable":true,"href":"https:\/\/www.edialog.com.br\/es\/wp-json\/wp\/v2\/categories?post=7596"},{"taxonomy":"post_tag","embeddable":true,"href":"https:\/\/www.edialog.com.br\/es\/wp-json\/wp\/v2\/tags?post=7596"}],"curies":[{"name":"wp","href":"https:\/\/api.w.org\/{rel}","templated":true}]}}