{"id":7312,"date":"2016-01-29T14:06:30","date_gmt":"2016-01-29T17:06:30","guid":{"rendered":"https:\/\/www.edialog.com.br\/?p=7312"},"modified":"2025-01-28T13:21:07","modified_gmt":"2025-01-28T16:21:07","slug":"5-marcas-de-b2b-que-sabem-usar-as-redes-sociais","status":"publish","type":"post","link":"https:\/\/www.edialog.com.br\/es\/5-marcas-de-b2b-que-sabem-usar-as-redes-sociais\/","title":{"rendered":"5 marcas de B2B que sabem usar as redes sociais"},"content":{"rendered":"<p>Muitas pessoas acreditam que produzir conte\u00fado na internet e usar bem as redes sociais \u00e9 algo restrito para marcas B2C (Business to Commerce). \u00a0Por\u00e9m, muitas marcas de B2B ( Business to Business) est\u00e3o mostrando que mergulharam de cabe\u00e7a nesse espa\u00e7o. Muitas empresas usavam apenas o LinkedIn para se relacionar com os clientes, mas agora est\u00e3o no Twitter, Facebook e \u00a0Instagram. Confira a lista que o\u00a0<a href=\"https:\/\/www.clickz.com\/clickz\/column\/2429049\/10-b2b-brands-that-are-killing-it-on-social-media\">ClickZ<\/a>\u00a0 fez de 5 marcas de B2B \u00a0que est\u00e3o \u00a0sabendo usar as redes sociais.<\/p>\n<ol>\n<li><strong><a href=\"https:\/\/www.instagram.com\/cisco\/\">Cisco no Instagram\u00a0<\/a><\/strong><\/li>\n<\/ol>\n<p>Muitas marcas, B2B e B2C da mesma forma, n\u00e3o sabe como reagir quando\u00a0se trata de desenvolver novos conte\u00fados para compartilhar nas redes sociais. A Cisco teve uma <a href=\"https:\/\/www.edialog.com.br\/es\/4-formas-de-engajar-usando-hashtags\/\">excelente<\/a> ideia ao compartilhar essa foto no Instagram comemorando o #WorldWideWebDay! Eles <a href=\"https:\/\/www.edialog.com.br\/es\/como-usar-hashtags\/\">usaram hashtag<\/a>, logotipo e uma bela foto. Uma \u00f3tima forma de como trabalhar a multid\u00e3o no Instagram.<\/p>\n<p><a href=\"https:\/\/www.edialog.com.br\/wp-content\/uploads\/2016\/01\/Cisco.png\"><img fetchpriority=\"high\" decoding=\"async\" class=\"wp-image-7314 aligncenter\" src=\"https:\/\/www.edialog.com.br\/wp-content\/uploads\/2016\/01\/Cisco.png\" alt=\"Cisco\" width=\"329\" height=\"330\" srcset=\"https:\/\/www.edialog.com.br\/wp-content\/uploads\/2016\/01\/Cisco.png 597w, https:\/\/www.edialog.com.br\/wp-content\/uploads\/2016\/01\/Cisco-150x150.png 150w, https:\/\/www.edialog.com.br\/wp-content\/uploads\/2016\/01\/Cisco-300x300.png 300w\" sizes=\"(max-width: 329px) 100vw, 329px\" \/><\/a><\/p>\n<p>2. \u00a0<strong><a href=\"https:\/\/twitter.com\/Oracle\">Oracle no Twitter<\/a><\/strong><\/p>\n<p>O social na m\u00eddia social \u00e9 o que muitas empresas ignoram, mas n\u00e3o Oracle. O lado mais suave deste gigante global de tecnologia de computador \u00e9 o centro das aten\u00e7\u00f5es aqui, dando quase 400.000 seguidores uma indica\u00e7\u00e3o de quanto eles se preocupam com a filantropia.<\/p>\n<p><a href=\"https:\/\/www.edialog.com.br\/wp-content\/uploads\/2016\/01\/Oracle.png\"><img decoding=\"async\" class=\"size-full wp-image-7315 aligncenter\" src=\"https:\/\/www.edialog.com.br\/wp-content\/uploads\/2016\/01\/Oracle.png\" alt=\"Oracle\" width=\"499\" height=\"528\" srcset=\"https:\/\/www.edialog.com.br\/wp-content\/uploads\/2016\/01\/Oracle.png 499w, https:\/\/www.edialog.com.br\/wp-content\/uploads\/2016\/01\/Oracle-284x300.png 284w\" sizes=\"(max-width: 499px) 100vw, 499px\" \/><\/a><\/p>\n<p>3.<strong><a href=\"https:\/\/www.facebook.com\/Intel\/?fref=ts\">\u00a0Intel no Facebook<\/a><\/strong><\/p>\n<p>Em apoio ao\u00a0movimento <strong>#ILookLikeAnEngineer,<\/strong>\u00a0a Intel usou as m\u00eddias sociais para celebrar a diversidade de seus pr\u00f3prios engenheiros. Saltando sobre este movimento viral com tal entusiasmo chamando\u00a0a aten\u00e7\u00e3o para a for\u00e7a da cultura corporativa da Intel e, certamente, foi um longo caminho para ajudar seus esfor\u00e7os de recrutamento.<\/p>\n<p><a href=\"https:\/\/www.edialog.com.br\/wp-content\/uploads\/2016\/01\/Intel.png\"><img decoding=\"async\" class=\"size-full wp-image-7316 aligncenter\" src=\"https:\/\/www.edialog.com.br\/wp-content\/uploads\/2016\/01\/Intel.png\" alt=\"Intel\" width=\"498\" height=\"539\" srcset=\"https:\/\/www.edialog.com.br\/wp-content\/uploads\/2016\/01\/Intel.png 498w, https:\/\/www.edialog.com.br\/wp-content\/uploads\/2016\/01\/Intel-277x300.png 277w\" sizes=\"(max-width: 498px) 100vw, 498px\" \/><\/a><\/p>\n<p>4.\u00a0<strong><a href=\"https:\/\/www.instagram.com\/p\/7tYhRnhGdY\/\">Novartis no Instagram\u00a0<\/a><\/strong><\/p>\n<p>Este\u00a0gigante farmac\u00eautica, n\u00e3o apenas tem\u00a0uma conta no Instagram, mas\u00a0sabe\u00a0us\u00e1-lo de uma forma \u00a0inteligente. Chamando a aten\u00e7\u00e3o para uma exposi\u00e7\u00e3o interativa bastante fascinante sobre o papel natureza tem desempenhado na medicina, a Novartis faz um excelente trabalho de despertando a curiosidade de seu p\u00fablico e aumentando o tr\u00e1fego sobre a beautifulmedicine.com.<\/p>\n<p><a href=\"https:\/\/www.edialog.com.br\/wp-content\/uploads\/2016\/01\/novartis.png\"><img loading=\"lazy\" decoding=\"async\" class=\"wp-image-7318 aligncenter\" src=\"https:\/\/www.edialog.com.br\/wp-content\/uploads\/2016\/01\/novartis.png\" alt=\"novartis\" width=\"475\" height=\"474\" srcset=\"https:\/\/www.edialog.com.br\/wp-content\/uploads\/2016\/01\/novartis.png 599w, https:\/\/www.edialog.com.br\/wp-content\/uploads\/2016\/01\/novartis-150x150.png 150w, https:\/\/www.edialog.com.br\/wp-content\/uploads\/2016\/01\/novartis-300x300.png 300w\" sizes=\"(max-width: 475px) 100vw, 475px\" \/><\/a><\/p>\n<p>5.\u00a0<strong><a href=\"https:\/\/www.facebook.com\/salesforce\/?fref=ts\">Salesforce no Facebook<\/a><\/strong><\/p>\n<p>V\u00e1rias\u00a0marcas se concentram demais em vender os seus produtos e servi\u00e7os em m\u00eddias sociais em vez de promover as virtudes de seus empregados. A\u00a0Salesforce, \u00a0sa\u00fada a sua equipe para atingir um marco de um milh\u00e3o de milhas em movimento. Isso mostra que a empresa se preocupa com a\u00a0sa\u00fade e felicidade dos seus funcion\u00e1rios.<\/p>\n<p><a href=\"https:\/\/www.edialog.com.br\/wp-content\/uploads\/2016\/01\/Salesforce.png\"><img loading=\"lazy\" decoding=\"async\" class=\"size-full wp-image-7319 aligncenter\" src=\"https:\/\/www.edialog.com.br\/wp-content\/uploads\/2016\/01\/Salesforce.png\" alt=\"Salesforce\" width=\"497\" height=\"537\" srcset=\"https:\/\/www.edialog.com.br\/wp-content\/uploads\/2016\/01\/Salesforce.png 497w, https:\/\/www.edialog.com.br\/wp-content\/uploads\/2016\/01\/Salesforce-278x300.png 278w\" sizes=\"(max-width: 497px) 100vw, 497px\" \/><\/a><\/p>\n<p>Conhece mais alguma empresa B2B que trabalha bem nas redes sociais? Conta pra gente!<\/p>\n<p>Fuente: <a href=\"https:\/\/www.clickz.com\/clickz\/column\/2429049\/10-b2b-brands-that-are-killing-it-on-social-media\">ClickZ\u00a0<\/a><\/p>","protected":false},"excerpt":{"rendered":"<p>Muitas pessoas acreditam que produzir conte\u00fado na internet e usar bem as redes sociais \u00e9 algo restrito para marcas B2C (Business to Commerce). \u00a0Por\u00e9m, muitas marcas de B2B ( Business to Business) est\u00e3o mostrando que mergulharam de cabe\u00e7a nesse espa\u00e7o. Muitas empresas usavam apenas o LinkedIn para se relacionar com os clientes, mas agora est\u00e3o [&hellip;]<\/p>\n","protected":false},"author":1,"featured_media":7323,"comment_status":"open","ping_status":"open","sticky":false,"template":"","format":"standard","meta":{"_acf_changed":false,"content-type":"","footnotes":""},"categories":[54,8],"tags":[489,10],"class_list":["post-7312","post","type-post","status-publish","format-standard","has-post-thumbnail","hentry","category-casos-de-sucesso","category-midia-social","tag-b2b","tag-redes-sociais"],"acf":[],"yoast_head":"<!-- This site is optimized with the Yoast SEO Premium plugin v27.3 (Yoast SEO v27.3) - https:\/\/yoast.com\/product\/yoast-seo-premium-wordpress\/ -->\n<title>5 marcas de B2B que sabem usar as redes sociais | E-Dialog<\/title>\n<meta name=\"description\" content=\"Inspire-se em empresas que utilizam estrat\u00e9gias criativas para engajar, gerar leads e fortalecer relacionamentos no mercado B2B.\" \/>\n<meta name=\"robots\" content=\"index, follow, max-snippet:-1, max-image-preview:large, max-video-preview:-1\" \/>\n<link rel=\"canonical\" href=\"https:\/\/www.edialog.com.br\/es\/5-marcas-de-b2b-que-sabem-usar-as-redes-sociais\/\" \/>\n<meta property=\"og:locale\" content=\"es_ES\" \/>\n<meta property=\"og:type\" content=\"article\" \/>\n<meta property=\"og:title\" content=\"5 marcas de B2B que sabem usar as redes sociais\" \/>\n<meta property=\"og:description\" content=\"Inspire-se em empresas que utilizam estrat\u00e9gias criativas para engajar, gerar leads e fortalecer relacionamentos no mercado B2B.\" \/>\n<meta property=\"og:url\" content=\"https:\/\/www.edialog.com.br\/es\/5-marcas-de-b2b-que-sabem-usar-as-redes-sociais\/\" \/>\n<meta property=\"og:site_name\" content=\"Ag\u00eancia de Inbound Marketing | E-Dialog\" \/>\n<meta property=\"article:publisher\" content=\"https:\/\/facebook.com\/edialogcomunicacao\" \/>\n<meta property=\"article:author\" content=\"http:\/\/facebook.com\/renancaixeiro\" \/>\n<meta property=\"article:published_time\" content=\"2016-01-29T17:06:30+00:00\" \/>\n<meta property=\"article:modified_time\" content=\"2025-01-28T16:21:07+00:00\" \/>\n<meta property=\"og:image\" content=\"https:\/\/www.edialog.com.br\/wp-content\/uploads\/2016\/01\/09-blog.png\" \/>\n\t<meta property=\"og:image:width\" content=\"500\" \/>\n\t<meta property=\"og:image:height\" content=\"315\" \/>\n\t<meta property=\"og:image:type\" content=\"image\/png\" \/>\n<meta name=\"author\" content=\"Renan Caixeiro\" \/>\n<meta name=\"twitter:label1\" content=\"Escrito por\" \/>\n\t<meta name=\"twitter:data1\" content=\"Renan Caixeiro\" \/>\n\t<meta name=\"twitter:label2\" content=\"Tiempo de lectura\" \/>\n\t<meta name=\"twitter:data2\" content=\"4 minutos\" \/>\n<script type=\"application\/ld+json\" class=\"yoast-schema-graph\">{\"@context\":\"https:\\\/\\\/schema.org\",\"@graph\":[{\"@type\":[\"Article\",\"BlogPosting\"],\"@id\":\"https:\\\/\\\/www.edialog.com.br\\\/5-marcas-de-b2b-que-sabem-usar-as-redes-sociais\\\/#article\",\"isPartOf\":{\"@id\":\"https:\\\/\\\/www.edialog.com.br\\\/5-marcas-de-b2b-que-sabem-usar-as-redes-sociais\\\/\"},\"author\":{\"name\":\"Renan Caixeiro\",\"@id\":\"https:\\\/\\\/www.edialog.com.br\\\/#\\\/schema\\\/person\\\/7f509934e54fd30b9d2d02cf51b60966\"},\"headline\":\"5 marcas de B2B que sabem usar as redes sociais\",\"datePublished\":\"2016-01-29T17:06:30+00:00\",\"dateModified\":\"2025-01-28T16:21:07+00:00\",\"mainEntityOfPage\":{\"@id\":\"https:\\\/\\\/www.edialog.com.br\\\/5-marcas-de-b2b-que-sabem-usar-as-redes-sociais\\\/\"},\"wordCount\":416,\"commentCount\":0,\"publisher\":{\"@id\":\"https:\\\/\\\/www.edialog.com.br\\\/#organization\"},\"image\":{\"@id\":\"https:\\\/\\\/www.edialog.com.br\\\/5-marcas-de-b2b-que-sabem-usar-as-redes-sociais\\\/#primaryimage\"},\"thumbnailUrl\":\"https:\\\/\\\/www.edialog.com.br\\\/wp-content\\\/uploads\\\/2016\\\/01\\\/09-blog.png\",\"keywords\":[\"b2b\",\"redes sociais\"],\"articleSection\":[\"Casos de sucesso\",\"M\u00eddia Social\"],\"inLanguage\":\"es\",\"potentialAction\":[{\"@type\":\"CommentAction\",\"name\":\"Comment\",\"target\":[\"https:\\\/\\\/www.edialog.com.br\\\/5-marcas-de-b2b-que-sabem-usar-as-redes-sociais\\\/#respond\"]}]},{\"@type\":\"WebPage\",\"@id\":\"https:\\\/\\\/www.edialog.com.br\\\/5-marcas-de-b2b-que-sabem-usar-as-redes-sociais\\\/\",\"url\":\"https:\\\/\\\/www.edialog.com.br\\\/5-marcas-de-b2b-que-sabem-usar-as-redes-sociais\\\/\",\"name\":\"5 marcas de B2B que sabem usar as redes sociais | E-Dialog\",\"isPartOf\":{\"@id\":\"https:\\\/\\\/www.edialog.com.br\\\/#website\"},\"primaryImageOfPage\":{\"@id\":\"https:\\\/\\\/www.edialog.com.br\\\/5-marcas-de-b2b-que-sabem-usar-as-redes-sociais\\\/#primaryimage\"},\"image\":{\"@id\":\"https:\\\/\\\/www.edialog.com.br\\\/5-marcas-de-b2b-que-sabem-usar-as-redes-sociais\\\/#primaryimage\"},\"thumbnailUrl\":\"https:\\\/\\\/www.edialog.com.br\\\/wp-content\\\/uploads\\\/2016\\\/01\\\/09-blog.png\",\"datePublished\":\"2016-01-29T17:06:30+00:00\",\"dateModified\":\"2025-01-28T16:21:07+00:00\",\"description\":\"Inspire-se em empresas que utilizam estrat\u00e9gias criativas para engajar, gerar leads e fortalecer relacionamentos no mercado B2B.\",\"breadcrumb\":{\"@id\":\"https:\\\/\\\/www.edialog.com.br\\\/5-marcas-de-b2b-que-sabem-usar-as-redes-sociais\\\/#breadcrumb\"},\"inLanguage\":\"es\",\"potentialAction\":[{\"@type\":\"ReadAction\",\"target\":[\"https:\\\/\\\/www.edialog.com.br\\\/5-marcas-de-b2b-que-sabem-usar-as-redes-sociais\\\/\"]}]},{\"@type\":\"ImageObject\",\"inLanguage\":\"es\",\"@id\":\"https:\\\/\\\/www.edialog.com.br\\\/5-marcas-de-b2b-que-sabem-usar-as-redes-sociais\\\/#primaryimage\",\"url\":\"https:\\\/\\\/www.edialog.com.br\\\/wp-content\\\/uploads\\\/2016\\\/01\\\/09-blog.png\",\"contentUrl\":\"https:\\\/\\\/www.edialog.com.br\\\/wp-content\\\/uploads\\\/2016\\\/01\\\/09-blog.png\",\"width\":500,\"height\":315},{\"@type\":\"BreadcrumbList\",\"@id\":\"https:\\\/\\\/www.edialog.com.br\\\/5-marcas-de-b2b-que-sabem-usar-as-redes-sociais\\\/#breadcrumb\",\"itemListElement\":[{\"@type\":\"ListItem\",\"position\":1,\"name\":\"Home\",\"item\":\"https:\\\/\\\/www.edialog.com.br\\\/\"},{\"@type\":\"ListItem\",\"position\":2,\"name\":\"M\u00eddia Social\",\"item\":\"https:\\\/\\\/www.edialog.com.br\\\/category\\\/midia-social\\\/\"},{\"@type\":\"ListItem\",\"position\":3,\"name\":\"5 marcas de B2B que sabem usar as redes sociais\"}]},{\"@type\":\"WebSite\",\"@id\":\"https:\\\/\\\/www.edialog.com.br\\\/#website\",\"url\":\"https:\\\/\\\/www.edialog.com.br\\\/\",\"name\":\"Ag\u00eancia de Inbound Marketing | E-Dialog\",\"description\":\"Ag\u00eancia de Inbound Marketing premiada com solu\u00e7\u00f5es completas para o seu neg\u00f3cio. Atraia leads, com conte\u00fados \u00fanicos e envolventes. Solicite or\u00e7amento!\",\"publisher\":{\"@id\":\"https:\\\/\\\/www.edialog.com.br\\\/#organization\"},\"potentialAction\":[{\"@type\":\"SearchAction\",\"target\":{\"@type\":\"EntryPoint\",\"urlTemplate\":\"https:\\\/\\\/www.edialog.com.br\\\/?s={search_term_string}\"},\"query-input\":{\"@type\":\"PropertyValueSpecification\",\"valueRequired\":true,\"valueName\":\"search_term_string\"}}],\"inLanguage\":\"es\"},{\"@type\":\"Organization\",\"@id\":\"https:\\\/\\\/www.edialog.com.br\\\/#organization\",\"name\":\"Ag\u00eancia de M\u00eddias Sociais e Marketing Digital | E-Dialog\",\"url\":\"https:\\\/\\\/www.edialog.com.br\\\/\",\"logo\":{\"@type\":\"ImageObject\",\"inLanguage\":\"es\",\"@id\":\"https:\\\/\\\/www.edialog.com.br\\\/#\\\/schema\\\/logo\\\/image\\\/\",\"url\":\"https:\\\/\\\/www.edialog.com.br\\\/wp-content\\\/uploads\\\/2021\\\/09\\\/edialog-logo-case.png\",\"contentUrl\":\"https:\\\/\\\/www.edialog.com.br\\\/wp-content\\\/uploads\\\/2021\\\/09\\\/edialog-logo-case.png\",\"width\":810,\"height\":450,\"caption\":\"Ag\u00eancia de M\u00eddias Sociais e Marketing Digital | E-Dialog\"},\"image\":{\"@id\":\"https:\\\/\\\/www.edialog.com.br\\\/#\\\/schema\\\/logo\\\/image\\\/\"},\"sameAs\":[\"https:\\\/\\\/facebook.com\\\/edialogcomunicacao\",\"https:\\\/\\\/x.com\\\/edialog_br\",\"https:\\\/\\\/www.instagram.com\\\/edialog_br\",\"https:\\\/\\\/www.linkedin.com\\\/company\\\/e-dialog-comunica-o-digital\",\"https:\\\/\\\/www.youtube.com\\\/channel\\\/UCPiVQ_yVlcCqWS2sRzJZj7g\"]},{\"@type\":\"Person\",\"@id\":\"https:\\\/\\\/www.edialog.com.br\\\/#\\\/schema\\\/person\\\/7f509934e54fd30b9d2d02cf51b60966\",\"name\":\"Renan Caixeiro\",\"image\":{\"@type\":\"ImageObject\",\"inLanguage\":\"es\",\"@id\":\"https:\\\/\\\/www.edialog.com.br\\\/wp-content\\\/uploads\\\/2023\\\/11\\\/renan-caixeiro-150x150.jpg\",\"url\":\"https:\\\/\\\/www.edialog.com.br\\\/wp-content\\\/uploads\\\/2023\\\/11\\\/renan-caixeiro-150x150.jpg\",\"contentUrl\":\"https:\\\/\\\/www.edialog.com.br\\\/wp-content\\\/uploads\\\/2023\\\/11\\\/renan-caixeiro-150x150.jpg\",\"caption\":\"Renan Caixeiro\"},\"description\":\"S\u00f3cio Diretor na E-Dialog, \u00e9 graduado em Jornalismo e p\u00f3s-graduado em Comunica\u00e7\u00e3o Corporativa, ambos pela UFJF. Est\u00e1 \u00e0 frente do Reportei, SaaS de relat\u00f3rios e dashboards, \u00e9 host do Projeto SaaS, podcast que compartilha experi\u00eancias do universo de software as a service, e s\u00f3cio da Aquela Caixa, comunidade para profissionais de cria\u00e7\u00e3o. Torcedor do Vasco, tem como meta comprar o Gigante da Colina. LinkedIn: @renancaixeiro \\\/ Instagram: @renancaixeiro.\",\"sameAs\":[\"http:\\\/\\\/facebook.com\\\/renancaixeiro\",\"https:\\\/\\\/www.instagram.com\\\/renancaixeiro\\\/\",\"https:\\\/\\\/br.linkedin.com\\\/in\\\/renancaixeiro\\\/pt\",\"https:\\\/\\\/x.com\\\/renancaixeiro\"],\"url\":\"https:\\\/\\\/www.edialog.com.br\\\/es\\\/author\\\/renancaixeiro\\\/\"}]}<\/script>\n<!-- \/ Yoast SEO Premium plugin. -->","yoast_head_json":{"title":"5 marcas de B2B que sabem usar as redes sociais | E-Dialog","description":"Inspire-se em empresas que utilizam estrat\u00e9gias criativas para engajar, gerar leads e fortalecer relacionamentos no mercado B2B.","robots":{"index":"index","follow":"follow","max-snippet":"max-snippet:-1","max-image-preview":"max-image-preview:large","max-video-preview":"max-video-preview:-1"},"canonical":"https:\/\/www.edialog.com.br\/es\/5-marcas-de-b2b-que-sabem-usar-as-redes-sociais\/","og_locale":"es_ES","og_type":"article","og_title":"5 marcas de B2B que sabem usar as redes sociais","og_description":"Inspire-se em empresas que utilizam estrat\u00e9gias criativas para engajar, gerar leads e fortalecer relacionamentos no mercado B2B.","og_url":"https:\/\/www.edialog.com.br\/es\/5-marcas-de-b2b-que-sabem-usar-as-redes-sociais\/","og_site_name":"Ag\u00eancia de Inbound Marketing | E-Dialog","article_publisher":"https:\/\/facebook.com\/edialogcomunicacao","article_author":"http:\/\/facebook.com\/renancaixeiro","article_published_time":"2016-01-29T17:06:30+00:00","article_modified_time":"2025-01-28T16:21:07+00:00","og_image":[{"width":500,"height":315,"url":"https:\/\/www.edialog.com.br\/wp-content\/uploads\/2016\/01\/09-blog.png","type":"image\/png"}],"author":"Renan Caixeiro","twitter_misc":{"Escrito por":"Renan Caixeiro","Tiempo de lectura":"4 minutos"},"schema":{"@context":"https:\/\/schema.org","@graph":[{"@type":["Article","BlogPosting"],"@id":"https:\/\/www.edialog.com.br\/5-marcas-de-b2b-que-sabem-usar-as-redes-sociais\/#article","isPartOf":{"@id":"https:\/\/www.edialog.com.br\/5-marcas-de-b2b-que-sabem-usar-as-redes-sociais\/"},"author":{"name":"Renan Caixeiro","@id":"https:\/\/www.edialog.com.br\/#\/schema\/person\/7f509934e54fd30b9d2d02cf51b60966"},"headline":"5 marcas de B2B que sabem usar as redes sociais","datePublished":"2016-01-29T17:06:30+00:00","dateModified":"2025-01-28T16:21:07+00:00","mainEntityOfPage":{"@id":"https:\/\/www.edialog.com.br\/5-marcas-de-b2b-que-sabem-usar-as-redes-sociais\/"},"wordCount":416,"commentCount":0,"publisher":{"@id":"https:\/\/www.edialog.com.br\/#organization"},"image":{"@id":"https:\/\/www.edialog.com.br\/5-marcas-de-b2b-que-sabem-usar-as-redes-sociais\/#primaryimage"},"thumbnailUrl":"https:\/\/www.edialog.com.br\/wp-content\/uploads\/2016\/01\/09-blog.png","keywords":["b2b","redes sociais"],"articleSection":["Casos de sucesso","M\u00eddia Social"],"inLanguage":"es","potentialAction":[{"@type":"CommentAction","name":"Comment","target":["https:\/\/www.edialog.com.br\/5-marcas-de-b2b-que-sabem-usar-as-redes-sociais\/#respond"]}]},{"@type":"WebPage","@id":"https:\/\/www.edialog.com.br\/5-marcas-de-b2b-que-sabem-usar-as-redes-sociais\/","url":"https:\/\/www.edialog.com.br\/5-marcas-de-b2b-que-sabem-usar-as-redes-sociais\/","name":"5 marcas de B2B que sabem usar as redes sociais | E-Dialog","isPartOf":{"@id":"https:\/\/www.edialog.com.br\/#website"},"primaryImageOfPage":{"@id":"https:\/\/www.edialog.com.br\/5-marcas-de-b2b-que-sabem-usar-as-redes-sociais\/#primaryimage"},"image":{"@id":"https:\/\/www.edialog.com.br\/5-marcas-de-b2b-que-sabem-usar-as-redes-sociais\/#primaryimage"},"thumbnailUrl":"https:\/\/www.edialog.com.br\/wp-content\/uploads\/2016\/01\/09-blog.png","datePublished":"2016-01-29T17:06:30+00:00","dateModified":"2025-01-28T16:21:07+00:00","description":"Inspire-se em empresas que utilizam estrat\u00e9gias criativas para engajar, gerar leads e fortalecer relacionamentos no mercado B2B.","breadcrumb":{"@id":"https:\/\/www.edialog.com.br\/5-marcas-de-b2b-que-sabem-usar-as-redes-sociais\/#breadcrumb"},"inLanguage":"es","potentialAction":[{"@type":"ReadAction","target":["https:\/\/www.edialog.com.br\/5-marcas-de-b2b-que-sabem-usar-as-redes-sociais\/"]}]},{"@type":"ImageObject","inLanguage":"es","@id":"https:\/\/www.edialog.com.br\/5-marcas-de-b2b-que-sabem-usar-as-redes-sociais\/#primaryimage","url":"https:\/\/www.edialog.com.br\/wp-content\/uploads\/2016\/01\/09-blog.png","contentUrl":"https:\/\/www.edialog.com.br\/wp-content\/uploads\/2016\/01\/09-blog.png","width":500,"height":315},{"@type":"BreadcrumbList","@id":"https:\/\/www.edialog.com.br\/5-marcas-de-b2b-que-sabem-usar-as-redes-sociais\/#breadcrumb","itemListElement":[{"@type":"ListItem","position":1,"name":"Home","item":"https:\/\/www.edialog.com.br\/"},{"@type":"ListItem","position":2,"name":"M\u00eddia Social","item":"https:\/\/www.edialog.com.br\/category\/midia-social\/"},{"@type":"ListItem","position":3,"name":"5 marcas de B2B que sabem usar as redes sociais"}]},{"@type":"WebSite","@id":"https:\/\/www.edialog.com.br\/#website","url":"https:\/\/www.edialog.com.br\/","name":"Agencia de marketing entrante | E-Dialog","description":"Ag\u00eancia de Inbound Marketing premiada com solu\u00e7\u00f5es completas para o seu neg\u00f3cio. Atraia leads, com conte\u00fados \u00fanicos e envolventes. Solicite or\u00e7amento!","publisher":{"@id":"https:\/\/www.edialog.com.br\/#organization"},"potentialAction":[{"@type":"SearchAction","target":{"@type":"EntryPoint","urlTemplate":"https:\/\/www.edialog.com.br\/?s={search_term_string}"},"query-input":{"@type":"PropertyValueSpecification","valueRequired":true,"valueName":"search_term_string"}}],"inLanguage":"es"},{"@type":"Organization","@id":"https:\/\/www.edialog.com.br\/#organization","name":"Ag\u00eancia de M\u00eddias Sociais e Marketing Digital | E-Dialog","url":"https:\/\/www.edialog.com.br\/","logo":{"@type":"ImageObject","inLanguage":"es","@id":"https:\/\/www.edialog.com.br\/#\/schema\/logo\/image\/","url":"https:\/\/www.edialog.com.br\/wp-content\/uploads\/2021\/09\/edialog-logo-case.png","contentUrl":"https:\/\/www.edialog.com.br\/wp-content\/uploads\/2021\/09\/edialog-logo-case.png","width":810,"height":450,"caption":"Ag\u00eancia de M\u00eddias Sociais e Marketing Digital | E-Dialog"},"image":{"@id":"https:\/\/www.edialog.com.br\/#\/schema\/logo\/image\/"},"sameAs":["https:\/\/facebook.com\/edialogcomunicacao","https:\/\/x.com\/edialog_br","https:\/\/www.instagram.com\/edialog_br","https:\/\/www.linkedin.com\/company\/e-dialog-comunica-o-digital","https:\/\/www.youtube.com\/channel\/UCPiVQ_yVlcCqWS2sRzJZj7g"]},{"@type":"Person","@id":"https:\/\/www.edialog.com.br\/#\/schema\/person\/7f509934e54fd30b9d2d02cf51b60966","name":"Renan Caixeiro","image":{"@type":"ImageObject","inLanguage":"es","@id":"https:\/\/www.edialog.com.br\/wp-content\/uploads\/2023\/11\/renan-caixeiro-150x150.jpg","url":"https:\/\/www.edialog.com.br\/wp-content\/uploads\/2023\/11\/renan-caixeiro-150x150.jpg","contentUrl":"https:\/\/www.edialog.com.br\/wp-content\/uploads\/2023\/11\/renan-caixeiro-150x150.jpg","caption":"Renan Caixeiro"},"description":"S\u00f3cio Diretor na E-Dialog, \u00e9 graduado em Jornalismo e p\u00f3s-graduado em Comunica\u00e7\u00e3o Corporativa, ambos pela UFJF. Est\u00e1 \u00e0 frente do Reportei, SaaS de relat\u00f3rios e dashboards, \u00e9 host do Projeto SaaS, podcast que compartilha experi\u00eancias do universo de software as a service, e s\u00f3cio da Aquela Caixa, comunidade para profissionais de cria\u00e7\u00e3o. Torcedor do Vasco, tem como meta comprar o Gigante da Colina. LinkedIn: @renancaixeiro \/ Instagram: @renancaixeiro.","sameAs":["http:\/\/facebook.com\/renancaixeiro","https:\/\/www.instagram.com\/renancaixeiro\/","https:\/\/br.linkedin.com\/in\/renancaixeiro\/pt","https:\/\/x.com\/renancaixeiro"],"url":"https:\/\/www.edialog.com.br\/es\/author\/renancaixeiro\/"}]}},"_links":{"self":[{"href":"https:\/\/www.edialog.com.br\/es\/wp-json\/wp\/v2\/posts\/7312","targetHints":{"allow":["GET"]}}],"collection":[{"href":"https:\/\/www.edialog.com.br\/es\/wp-json\/wp\/v2\/posts"}],"about":[{"href":"https:\/\/www.edialog.com.br\/es\/wp-json\/wp\/v2\/types\/post"}],"author":[{"embeddable":true,"href":"https:\/\/www.edialog.com.br\/es\/wp-json\/wp\/v2\/users\/1"}],"replies":[{"embeddable":true,"href":"https:\/\/www.edialog.com.br\/es\/wp-json\/wp\/v2\/comments?post=7312"}],"version-history":[{"count":1,"href":"https:\/\/www.edialog.com.br\/es\/wp-json\/wp\/v2\/posts\/7312\/revisions"}],"predecessor-version":[{"id":227880,"href":"https:\/\/www.edialog.com.br\/es\/wp-json\/wp\/v2\/posts\/7312\/revisions\/227880"}],"wp:featuredmedia":[{"embeddable":true,"href":"https:\/\/www.edialog.com.br\/es\/wp-json\/wp\/v2\/media\/7323"}],"wp:attachment":[{"href":"https:\/\/www.edialog.com.br\/es\/wp-json\/wp\/v2\/media?parent=7312"}],"wp:term":[{"taxonomy":"category","embeddable":true,"href":"https:\/\/www.edialog.com.br\/es\/wp-json\/wp\/v2\/categories?post=7312"},{"taxonomy":"post_tag","embeddable":true,"href":"https:\/\/www.edialog.com.br\/es\/wp-json\/wp\/v2\/tags?post=7312"}],"curies":[{"name":"wp","href":"https:\/\/api.w.org\/{rel}","templated":true}]}}