{"id":6819,"date":"2022-11-01T10:14:37","date_gmt":"2022-11-01T13:14:37","guid":{"rendered":"https:\/\/www.edialog.com.br\/?p=6819"},"modified":"2025-05-18T22:13:53","modified_gmt":"2025-05-19T01:13:53","slug":"como-vender-mais-na-black-friday","status":"publish","type":"post","link":"https:\/\/www.edialog.com.br\/es\/como-vender-mais-na-black-friday\/","title":{"rendered":"\u00bfC\u00f3mo vender m\u00e1s en el Black Friday?"},"content":{"rendered":"<p><span style=\"font-weight: 400;\">A\u00a0 Black Friday \u00e9 um termo criado no varejo dos Estados Unidos e adotado pelo e-commerce brasileiro em 2010 para aumentar as vendas de final de ano, sempre oferecendo descontos imperd\u00edveis em produtos.\u00a0<\/span><\/p>\n<p><span style=\"font-weight: 400;\">Ela sempre acontece na sexta-feira seguinte ao dia de A\u00e7\u00e3o de Gra\u00e7as (feriado muito popular nos EUA). Muitas lojas f\u00edsicas tamb\u00e9m come\u00e7aram a aderir \u00e0 data, mas a maioria do p\u00fablico aproveita os e-commerces para comprar o que precisam ou o que mais chama aten\u00e7\u00e3o.\u00a0<\/span><\/p>\n<p><span style=\"font-weight: 400;\">Neste ano a Black Friday acontecer\u00e1 no dia 25 de novembro e a E-Dialog trar\u00e1 dicas de como vender mais na Black Friday.\u00a0<\/span><\/p>\n<h2><span style=\"font-weight: 400;\">Como vender mais na Black Friday<\/span><\/h2>\n<p><span style=\"font-weight: 400;\">Vender mais na Black Friday exige mais do que apenas expor sua marca e seus descontos, \u00e9 necess\u00e1rio estruturar uma s\u00e9rie de a\u00e7\u00f5es e estrat\u00e9gias para garantir:<\/span><\/p>\n<ul>\n<li style=\"font-weight: 400;\" aria-level=\"1\"><span style=\"font-weight: 400;\">atra\u00e7\u00e3o de um novo p\u00fablico;<\/span><\/li>\n<li style=\"font-weight: 400;\" aria-level=\"1\"><span style=\"font-weight: 400;\">uma boa percep\u00e7\u00e3o de marca;<\/span><\/li>\n<li style=\"font-weight: 400;\" aria-level=\"1\"><span style=\"font-weight: 400;\">experi\u00eancia de navega\u00e7\u00e3o e compra fluida;<\/span><\/li>\n<li style=\"font-weight: 400;\" aria-level=\"1\"><span style=\"font-weight: 400;\">p\u00f3s-vendas bem planejado.<\/span><\/li>\n<\/ul>\n<p><span style=\"font-weight: 400;\">A seguir, iremos explorar com mais detalhes algumas dessas dicas.\u00a0\u00a0<\/span><\/p>\n<h3><span style=\"font-weight: 400;\">#1: Seja honesto nos pre\u00e7os<\/span><\/h3>\n<p><span style=\"font-weight: 400;\">N\u00e3o seja aquela empresa que vende produtos na Black Friday pela \u201cmetade do dobro\u201d. Tenha uma comunica\u00e7\u00e3o honesta com seus clientes.\u00a0<\/span><\/p>\n<p><span style=\"font-weight: 400;\">Antes dessa data as pessoas j\u00e1 pesquisam os pre\u00e7os na internet, adquirem no\u00e7\u00e3o dos valores dos produtos que querem e, portanto, prejudica muito aumentar os valores para depois dar um super desconto s\u00f3 para sair com a mesma margem de lucro.<\/span><\/p>\n<p><span style=\"font-weight: 400;\">Voc\u00ea deve oferecer o que conseguir, e a coer\u00eancia \u00e9 fundamental para garantir que os consumidores voltem a comprar com voc\u00ea outras vezes.<\/span><\/p>\n<h3><span style=\"font-weight: 400;\">#2: Tenha o selo Black Friday Legal<\/span><\/h3>\n<p><span style=\"font-weight: 400;\">A sua empresa pode ter o <\/span><a href=\"https:\/\/blackfriday.camara-e.net\/registro\/form\"><span style=\"font-weight: 400;\">Selo Black Friday Legal.<\/span><\/a><span style=\"font-weight: 400;\"> Isso traz mais credibilidade para o consumidor que passa a saber que a loja realmente existe e \u00e9 certificada pelo governo.\u00a0<\/span><\/p>\n<p><span style=\"font-weight: 400;\">O selo \u00e9 concedido pela C\u00e2mara Brasileira de Com\u00e9rcio Eletr\u00f4nico (<\/span><a href=\"https:\/\/camara-e.net\/\"><span style=\"font-weight: 400;\">camara-e.net<\/span><\/a><span style=\"font-weight: 400;\">) e identifica as empresas que aderiram ao <\/span><a href=\"https:\/\/blackfriday.camara-e.net\/registro\/form#\"><span style=\"font-weight: 400;\">C\u00f3digo de \u00c9tica<\/span><\/a><span style=\"font-weight: 400;\"> da iniciativa, comprometendo-se com as boas pr\u00e1ticas de e-commerce, e que foram aprovadas no processo de avalia\u00e7\u00e3o da C\u00e2mara.<\/span><\/p>\n<p><span style=\"font-weight: 400;\">S\u00e3o verificados, entre outros pontos, se o site disponibiliza aos consumidores informa\u00e7\u00f5es como CNPJ, Raz\u00e3o Social, endere\u00e7o completo e formas de contato, conforme Decreto <\/span><a href=\"https:\/\/www.planalto.gov.br\/ccivil_03\/_ato2011-2014\/2013\/decreto\/d7962.htm\"><span style=\"font-weight: 400;\">N\u00ba 7.962\/2013<\/span><\/a><span style=\"font-weight: 400;\"> do com\u00e9rcio eletr\u00f4nico.<\/span><\/p>\n<p><a href=\"https:\/\/materiais.edialog.com.br\/saas-marketing\" target=\"_blank\" rel=\"noopener\"><img fetchpriority=\"high\" decoding=\"async\" class=\"aligncenter size-large wp-image-217719\" src=\"https:\/\/www.edialog.com.br\/wp-content\/uploads\/2022\/05\/275-1024x267.jpg\" alt=\"\" width=\"1024\" height=\"267\" srcset=\"https:\/\/www.edialog.com.br\/wp-content\/uploads\/2022\/05\/275-1024x267.jpg 1024w, https:\/\/www.edialog.com.br\/wp-content\/uploads\/2022\/05\/275-300x78.jpg 300w, https:\/\/www.edialog.com.br\/wp-content\/uploads\/2022\/05\/275-768x200.jpg 768w, https:\/\/www.edialog.com.br\/wp-content\/uploads\/2022\/05\/275-1536x400.jpg 1536w, https:\/\/www.edialog.com.br\/wp-content\/uploads\/2022\/05\/275-1080x281.jpg 1080w, https:\/\/www.edialog.com.br\/wp-content\/uploads\/2022\/05\/275-1280x333.jpg 1280w, https:\/\/www.edialog.com.br\/wp-content\/uploads\/2022\/05\/275-980x255.jpg 980w, https:\/\/www.edialog.com.br\/wp-content\/uploads\/2022\/05\/275-480x125.jpg 480w, https:\/\/www.edialog.com.br\/wp-content\/uploads\/2022\/05\/275-700x182.jpg 700w, https:\/\/www.edialog.com.br\/wp-content\/uploads\/2022\/05\/275.jpg 1920w\" sizes=\"(max-width: 1024px) 100vw, 1024px\" \/><\/a><\/p>\n<h3><span style=\"font-weight: 400;\">#3 Prepare seu site e verifique o seu estoque<\/span><\/h3>\n<p><span style=\"font-weight: 400;\">\u00c9 comum que em grandes promo\u00e7\u00f5es os servidores caiam e o site fique inst\u00e1vel. O consumidor fica com medo de comprar por n\u00e3o se sentir seguro na navega\u00e7\u00e3o e por isso desiste da compra.\u00a0\u00a0<\/span><\/p>\n<p><span style=\"font-weight: 400;\">Portanto, verifique o seu site e o estruture para a Black Friday. Confira com seu provedor de hospedagem ou empresa respons\u00e1vel pela manuten\u00e7\u00e3o qual o volume m\u00e1ximo de acessos simult\u00e2neos suportado e descubra se um aumento consider\u00e1vel pode travar os servidores.\u00a0<\/span><\/p>\n<p><span style=\"font-weight: 400;\">As p\u00e1ginas de sele\u00e7\u00e3o, carrinho, check-in e pagamento devem estar todas funcionando bem e <\/span><a href=\"https:\/\/www.edialog.com.br\/certificado-de-seguranca-entenda-a-importancia\/\"><span style=\"font-weight: 400;\">seu site precisa do selo SSL<\/span><\/a><span style=\"font-weight: 400;\"> em dia para dar uma navega\u00e7\u00e3o mais segura aos novos clientes.<\/span><\/p>\n<p><span style=\"font-weight: 400;\">Fa\u00e7a tamb\u00e9m uma an\u00e1lise de estoque para ver quais produtos entrar\u00e3o na promo\u00e7\u00e3o e quantos % de desconto cada um ter\u00e1.<\/span><\/p>\n<h3><span style=\"font-weight: 400;\">#4 Use o e-mail marketing para vender<\/span><\/h3>\n<p><a href=\"https:\/\/www.edialog.com.br\/automacao-de-e-mail-marketing-como-fazer\/\"><span style=\"font-weight: 400;\">O e-mail \u00e9 uma maneira muito eficaz de alavancar as vendas<\/span><\/a><span style=\"font-weight: 400;\"> nessa data, pois ele gera\u00a0 tr\u00e1fego para seu site. Como a Black Friday acontece no final de novembro, muitas pessoas j\u00e1 garantem os presentes de Natal na ocasi\u00e3o.\u00a0<\/span><\/p>\n<p><span style=\"font-weight: 400;\">Por isso, \u00e9 importante escolher os descontos certos, nos produtos certos e n\u00e3o tentar enganar o consumidor no assunto do e-mail prometendo um desconto e oferecendo outro no site. Seja criativo para atrair a aten\u00e7\u00e3o do consumidor no meio de tantas ofertas, mas v\u00e1 direto ao assunto.<\/span><\/p>\n<h4><span style=\"font-weight: 400;\"><a href=\"https:\/\/www.edialog.com.br\/exemplos-de-email-marketing\/\">Modelo de e-mail marketing<\/a> para vender mais na Black Friday<\/span><\/h4>\n<p><span style=\"font-weight: 400;\">Preparamos um pequeno exemplo para voc\u00ea poder se inspirar na hora de criar a sua campanha.<\/span><\/p>\n<ul>\n<li style=\"font-weight: 400;\" aria-level=\"1\"><span style=\"font-weight: 400;\">Sugest\u00e3o de assunto: [ Black Friday] At\u00e9 50% de desconto nos produtos do nosso site<\/span><\/li>\n<li style=\"font-weight: 400;\" aria-level=\"1\"><span style=\"font-weight: 400;\">Sugest\u00e3o de conte\u00fado: Ol\u00e1, [NOME], tudo bem? A Black Friday chegou e est\u00e1 na hora de acessar nosso site e conferir as promo\u00e7\u00f5es incr\u00edveis que preparamos para voc\u00ea. S\u00e3o dezenas de produtos especiais com condi\u00e7\u00f5es imperd\u00edveis que s\u00f3 valem por hoje. Temos itens na loja por metade do pre\u00e7o! Acesse agora e confira, estamos esperando por voc\u00ea.<\/span><\/li>\n<\/ul>\n<p><span style=\"font-weight: 400;\">Esse conte\u00fado pode ser mais ou menos extenso de acordo com as necessidades de cada empresa. A mensagem tamb\u00e9m pode estar dentro de uma imagem promocional para tornar o e-mail mais din\u00e2mico, tudo depende da capacidade de execu\u00e7\u00e3o da sua equipe.\u00a0<\/span><\/p>\n<p><span style=\"font-weight: 400;\">Lembre-se de adequar a linguagem, o tom e os <a href=\"https:\/\/www.edialog.com.br\/gatilhos-mentais\/\">gatilhos mentais<\/a> de acordo com a sua persona.<\/span><\/p>\n<h3><span style=\"font-weight: 400;\">#5 Tenha um site responsivo<\/span><\/h3>\n<p><span style=\"font-weight: 400;\">Hoje em dia um e-commerce que se preza deve possibilitar a compra de um produto atrav\u00e9s do celular. O consumidor precisa ser capaz de abrir o e-mail e a p\u00e1gina com facilidade, podendo visualizar imagens, teclas, produtos, texto e bot\u00f5es, sem nenhum problema de exibi\u00e7\u00e3o.\u00a0<\/span><\/p>\n<p><span style=\"font-weight: 400;\">A experi\u00eancia entre o e-mail e a p\u00e1gina do produto tem que ser ininterrupta e fluida, tanto em experi\u00eancia quanto em comunica\u00e7\u00e3o (imagem e texto), ou seja, o <a href=\"https:\/\/www.edialog.com.br\/como-deixar-o-site-responsivo\/\">site precisa ser responsivo<\/a>.<\/span><\/p>\n<h3><span style=\"font-weight: 400;\">#6 Comece a campanha uma semana antes<\/span><\/h3>\n<p><span style=\"font-weight: 400;\">Uma maneira eficiente de garantir que as pessoas saibam sobre sua promo\u00e7\u00e3o de Black Friday \u00e9 atrav\u00e9s de uma estrat\u00e9gia que come\u00e7a ao menos uma semana antes.<\/span><\/p>\n<p><span style=\"font-weight: 400;\">Crie uma <\/span><a href=\"https:\/\/www.edialog.com.br\/redes-sociais-na-metodologia-inbound\/\"><span style=\"font-weight: 400;\">sequ\u00eancia de publica\u00e7\u00f5es nas redes sociais<\/span><\/a><span style=\"font-weight: 400;\"> e no seu e-mail (al\u00e9m dos outros canais de comunica\u00e7\u00e3o que tiver dispon\u00edvel) para gerar expectativa nos consumidores.<\/span><\/p>\n<p><span style=\"font-weight: 400;\">Um ponto importante \u00e9 alinhar os clientes ao que ir\u00e1 oferecer. N\u00e3o trabalhe toda sua m\u00eddia dizendo que \u201ceste desconto vai mudar sua vida\u201d se puder oferecer apenas 5% nos produtos.<\/span><\/p>\n<p><span style=\"font-weight: 400;\">O ideal \u00e9 comunicar que sua empresa far\u00e1 parte da Black Friday e estimular os consumidores a continuarem acompanhando as redes para saberem mais.\u00a0<\/span><\/p>\n<p><span style=\"font-weight: 400;\">Se o seu time comercial tiver informa\u00e7\u00f5es com anteced\u00eancia, pode ser interessante divulgar previamente quais os descontos do dia, de maneira que os potenciais consumidores j\u00e1 ir\u00e3o determinar se est\u00e3o interessados ou n\u00e3o.<\/span><\/p>\n<p><span style=\"font-weight: 400;\">Use contagem regressiva para a data, foque bastante nos gatilhos mentais e n\u00e3o tenha receio em investir em an\u00fancios na semana anterior ao evento: voc\u00ea s\u00f3 pode vender mais se as pessoas estiverem cientes de que sua marca existe.\u00a0<\/span><\/p>\n<p><a href=\"https:\/\/materiais.edialog.com.br\/e-book-como-gerar-leads\" target=\"_blank\" rel=\"noopener\"><img decoding=\"async\" class=\"aligncenter size-large wp-image-216460\" src=\"https:\/\/www.edialog.com.br\/wp-content\/uploads\/2021\/10\/e-book-iscas-para-conversao-1024x267.png\" alt=\"\" width=\"1024\" height=\"267\" srcset=\"https:\/\/www.edialog.com.br\/wp-content\/uploads\/2021\/10\/e-book-iscas-para-conversao-1024x267.png 1024w, https:\/\/www.edialog.com.br\/wp-content\/uploads\/2021\/10\/e-book-iscas-para-conversao-300x78.png 300w, https:\/\/www.edialog.com.br\/wp-content\/uploads\/2021\/10\/e-book-iscas-para-conversao-768x200.png 768w, https:\/\/www.edialog.com.br\/wp-content\/uploads\/2021\/10\/e-book-iscas-para-conversao-1536x400.png 1536w, https:\/\/www.edialog.com.br\/wp-content\/uploads\/2021\/10\/e-book-iscas-para-conversao-1080x281.png 1080w, https:\/\/www.edialog.com.br\/wp-content\/uploads\/2021\/10\/e-book-iscas-para-conversao-1280x333.png 1280w, https:\/\/www.edialog.com.br\/wp-content\/uploads\/2021\/10\/e-book-iscas-para-conversao-980x255.png 980w, https:\/\/www.edialog.com.br\/wp-content\/uploads\/2021\/10\/e-book-iscas-para-conversao-480x125.png 480w, https:\/\/www.edialog.com.br\/wp-content\/uploads\/2021\/10\/e-book-iscas-para-conversao-700x182.png 700w, https:\/\/www.edialog.com.br\/wp-content\/uploads\/2021\/10\/e-book-iscas-para-conversao.png 1920w\" sizes=\"(max-width: 1024px) 100vw, 1024px\" \/><\/a><\/p>\n<h3><span style=\"font-weight: 400;\">#7 Ofere\u00e7a promo\u00e7\u00f5es prolongadas<\/span><\/h3>\n<p><span style=\"font-weight: 400;\">Quem quer vender mais na Black Friday pode pensar em campanhas de reengajamento de clientes que n\u00e3o fecharam no dia.\u00a0<\/span><\/p>\n<p><span style=\"font-weight: 400;\">Uma maneira de fazer isso \u00e9 usar a base de pessoas que abandonaram o carrinho para disparar uma sequ\u00eancia de e-mails retomando o contato.\u00a0<\/span><\/p>\n<p><span style=\"font-weight: 400;\">Dessa forma, voc\u00ea consegue gerar mais vendas ap\u00f3s a data. \u00d3bvio que, para isso, dever\u00e1 ter alguma condi\u00e7\u00e3o especial como frete gr\u00e1tis ou novos descontos para justificar o interesse do potencial cliente.\u00a0<\/span><\/p>\n<p><span style=\"font-weight: 400;\">N\u00e3o vai adiantar chamar para uma conversa uma pessoa que desistiu da compra por n\u00e3o achar o desconto bom o suficiente e dizer que, depois da Black Friday, ela ainda pode comprar o produto, mas sem o percentual descontado.<\/span><\/p>\n<p><span style=\"font-weight: 400;\">Um jeito tem\u00e1tico de colocar essas promo\u00e7\u00f5es tardias \u00e9 com queimas de estoque de produtos que est\u00e3o para acabar, o que <\/span><span style=\"font-weight: 400;\">adiciona o gatilho mental de escassez<\/span><span style=\"font-weight: 400;\"> \u00e0 sua comunica\u00e7\u00e3o.<\/span><\/p>\n<p><span style=\"font-weight: 400;\">O prolongamento da Black Friday deve ser visto como um grande valor que sua marca est\u00e1 gerando para os clientes.\u00a0<\/span><\/p>\n<h2><span style=\"font-weight: 400;\">Quer vender mais na Black Friday? Contrate uma ag\u00eancia<\/span><\/h2>\n<p><span style=\"font-weight: 400;\">Preocupe-se apenas com seus produtos e vendas e deixe toda a estrat\u00e9gia de marketing com uma ag\u00eancia. A E-Dialog \u00e9 uma empresa com mais de uma d\u00e9cada de experi\u00eancia no marketing digital que pode te ajudar a gerar mais oportunidades para seu neg\u00f3cio.<\/span><\/p>\n<p><span style=\"font-weight: 400;\">Fale com nossos especialistas e descubra como podemos impulsionar suas vendas o ano todo, e n\u00e3o apenas na Black Friday.<\/span><\/p>\n","protected":false},"excerpt":{"rendered":"<p>A\u00a0 Black Friday \u00e9 um termo criado no varejo dos Estados Unidos e adotado pelo e-commerce brasileiro em 2010 para aumentar as vendas de final de ano, sempre oferecendo descontos imperd\u00edveis em produtos.\u00a0 Ela sempre acontece na sexta-feira seguinte ao dia de A\u00e7\u00e3o de Gra\u00e7as (feriado muito popular nos EUA). Muitas lojas f\u00edsicas tamb\u00e9m come\u00e7aram [&hellip;]<\/p>\n","protected":false},"author":1,"featured_media":6822,"comment_status":"open","ping_status":"closed","sticky":false,"template":"","format":"standard","meta":{"_acf_changed":false,"content-type":"","footnotes":""},"categories":[3],"tags":[294,559],"class_list":["post-6819","post","type-post","status-publish","format-standard","has-post-thumbnail","hentry","category-listas","tag-black-friday","tag-como-vender-mais-na-black-friday"],"acf":[],"yoast_head":"<!-- This site is optimized with the Yoast SEO Premium plugin v27.3 (Yoast SEO v27.3) - https:\/\/yoast.com\/product\/yoast-seo-premium-wordpress\/ -->\n<title>Como vender mais na Black Friday?<\/title>\n<meta name=\"description\" content=\"A Black Friday acontece no dia 27 de novembro e a E-Dialog vai te dar algumas dicas de como vender mais nessa data.\" \/>\n<meta name=\"robots\" content=\"index, follow, max-snippet:-1, max-image-preview:large, max-video-preview:-1\" \/>\n<link rel=\"canonical\" href=\"https:\/\/www.edialog.com.br\/es\/como-vender-mais-na-black-friday\/\" \/>\n<meta property=\"og:locale\" content=\"es_ES\" \/>\n<meta property=\"og:type\" content=\"article\" \/>\n<meta property=\"og:title\" content=\"Como vender mais na Black Friday?\" \/>\n<meta property=\"og:description\" content=\"A Black Friday acontece no dia 27 de novembro e a E-Dialog vai te dar algumas dicas de como vender mais nessa data.\" \/>\n<meta property=\"og:url\" content=\"https:\/\/www.edialog.com.br\/es\/como-vender-mais-na-black-friday\/\" \/>\n<meta property=\"og:site_name\" content=\"Ag\u00eancia de Inbound Marketing | E-Dialog\" \/>\n<meta property=\"article:publisher\" content=\"https:\/\/facebook.com\/edialogcomunicacao\" \/>\n<meta property=\"article:author\" content=\"http:\/\/facebook.com\/renancaixeiro\" \/>\n<meta property=\"article:published_time\" content=\"2022-11-01T13:14:37+00:00\" \/>\n<meta property=\"article:modified_time\" content=\"2025-05-19T01:13:53+00:00\" \/>\n<meta property=\"og:image\" content=\"https:\/\/www.edialog.com.br\/wp-content\/uploads\/2015\/10\/08-blog.png\" \/>\n\t<meta property=\"og:image:width\" content=\"500\" \/>\n\t<meta property=\"og:image:height\" content=\"315\" \/>\n\t<meta property=\"og:image:type\" content=\"image\/png\" \/>\n<meta name=\"author\" content=\"Renan Caixeiro\" \/>\n<meta name=\"twitter:label1\" content=\"Escrito por\" \/>\n\t<meta name=\"twitter:data1\" content=\"Renan Caixeiro\" \/>\n\t<meta name=\"twitter:label2\" content=\"Tiempo de lectura\" \/>\n\t<meta name=\"twitter:data2\" content=\"8 minutos\" \/>\n<script type=\"application\/ld+json\" class=\"yoast-schema-graph\">{\"@context\":\"https:\\\/\\\/schema.org\",\"@graph\":[{\"@type\":[\"Article\",\"BlogPosting\"],\"@id\":\"https:\\\/\\\/www.edialog.com.br\\\/como-vender-mais-na-black-friday\\\/#article\",\"isPartOf\":{\"@id\":\"https:\\\/\\\/www.edialog.com.br\\\/como-vender-mais-na-black-friday\\\/\"},\"author\":{\"name\":\"Renan Caixeiro\",\"@id\":\"https:\\\/\\\/www.edialog.com.br\\\/#\\\/schema\\\/person\\\/7f509934e54fd30b9d2d02cf51b60966\"},\"headline\":\"Como vender mais na Black Friday?\",\"datePublished\":\"2022-11-01T13:14:37+00:00\",\"dateModified\":\"2025-05-19T01:13:53+00:00\",\"mainEntityOfPage\":{\"@id\":\"https:\\\/\\\/www.edialog.com.br\\\/como-vender-mais-na-black-friday\\\/\"},\"wordCount\":1349,\"commentCount\":0,\"publisher\":{\"@id\":\"https:\\\/\\\/www.edialog.com.br\\\/#organization\"},\"image\":{\"@id\":\"https:\\\/\\\/www.edialog.com.br\\\/como-vender-mais-na-black-friday\\\/#primaryimage\"},\"thumbnailUrl\":\"https:\\\/\\\/www.edialog.com.br\\\/wp-content\\\/uploads\\\/2015\\\/10\\\/08-blog.png\",\"keywords\":[\"black friday\",\"Como vender mais na Black Friday\"],\"articleSection\":[\"Listas\"],\"inLanguage\":\"es\",\"potentialAction\":[{\"@type\":\"CommentAction\",\"name\":\"Comment\",\"target\":[\"https:\\\/\\\/www.edialog.com.br\\\/como-vender-mais-na-black-friday\\\/#respond\"]}]},{\"@type\":\"WebPage\",\"@id\":\"https:\\\/\\\/www.edialog.com.br\\\/como-vender-mais-na-black-friday\\\/\",\"url\":\"https:\\\/\\\/www.edialog.com.br\\\/como-vender-mais-na-black-friday\\\/\",\"name\":\"Como vender mais na Black Friday?\",\"isPartOf\":{\"@id\":\"https:\\\/\\\/www.edialog.com.br\\\/#website\"},\"primaryImageOfPage\":{\"@id\":\"https:\\\/\\\/www.edialog.com.br\\\/como-vender-mais-na-black-friday\\\/#primaryimage\"},\"image\":{\"@id\":\"https:\\\/\\\/www.edialog.com.br\\\/como-vender-mais-na-black-friday\\\/#primaryimage\"},\"thumbnailUrl\":\"https:\\\/\\\/www.edialog.com.br\\\/wp-content\\\/uploads\\\/2015\\\/10\\\/08-blog.png\",\"datePublished\":\"2022-11-01T13:14:37+00:00\",\"dateModified\":\"2025-05-19T01:13:53+00:00\",\"description\":\"A Black Friday acontece no dia 27 de novembro e a E-Dialog vai te dar algumas dicas de como vender mais nessa data.\",\"breadcrumb\":{\"@id\":\"https:\\\/\\\/www.edialog.com.br\\\/como-vender-mais-na-black-friday\\\/#breadcrumb\"},\"inLanguage\":\"es\",\"potentialAction\":[{\"@type\":\"ReadAction\",\"target\":[\"https:\\\/\\\/www.edialog.com.br\\\/como-vender-mais-na-black-friday\\\/\"]}]},{\"@type\":\"ImageObject\",\"inLanguage\":\"es\",\"@id\":\"https:\\\/\\\/www.edialog.com.br\\\/como-vender-mais-na-black-friday\\\/#primaryimage\",\"url\":\"https:\\\/\\\/www.edialog.com.br\\\/wp-content\\\/uploads\\\/2015\\\/10\\\/08-blog.png\",\"contentUrl\":\"https:\\\/\\\/www.edialog.com.br\\\/wp-content\\\/uploads\\\/2015\\\/10\\\/08-blog.png\",\"width\":500,\"height\":315},{\"@type\":\"BreadcrumbList\",\"@id\":\"https:\\\/\\\/www.edialog.com.br\\\/como-vender-mais-na-black-friday\\\/#breadcrumb\",\"itemListElement\":[{\"@type\":\"ListItem\",\"position\":1,\"name\":\"Home\",\"item\":\"https:\\\/\\\/www.edialog.com.br\\\/\"},{\"@type\":\"ListItem\",\"position\":2,\"name\":\"Listas\",\"item\":\"https:\\\/\\\/www.edialog.com.br\\\/category\\\/listas\\\/\"},{\"@type\":\"ListItem\",\"position\":3,\"name\":\"Como vender mais na Black Friday?\"}]},{\"@type\":\"WebSite\",\"@id\":\"https:\\\/\\\/www.edialog.com.br\\\/#website\",\"url\":\"https:\\\/\\\/www.edialog.com.br\\\/\",\"name\":\"Ag\u00eancia de Inbound Marketing | E-Dialog\",\"description\":\"Ag\u00eancia de Inbound Marketing premiada com solu\u00e7\u00f5es completas para o seu neg\u00f3cio. Atraia leads, com conte\u00fados \u00fanicos e envolventes. Solicite or\u00e7amento!\",\"publisher\":{\"@id\":\"https:\\\/\\\/www.edialog.com.br\\\/#organization\"},\"potentialAction\":[{\"@type\":\"SearchAction\",\"target\":{\"@type\":\"EntryPoint\",\"urlTemplate\":\"https:\\\/\\\/www.edialog.com.br\\\/?s={search_term_string}\"},\"query-input\":{\"@type\":\"PropertyValueSpecification\",\"valueRequired\":true,\"valueName\":\"search_term_string\"}}],\"inLanguage\":\"es\"},{\"@type\":\"Organization\",\"@id\":\"https:\\\/\\\/www.edialog.com.br\\\/#organization\",\"name\":\"Ag\u00eancia de M\u00eddias Sociais e Marketing Digital | E-Dialog\",\"url\":\"https:\\\/\\\/www.edialog.com.br\\\/\",\"logo\":{\"@type\":\"ImageObject\",\"inLanguage\":\"es\",\"@id\":\"https:\\\/\\\/www.edialog.com.br\\\/#\\\/schema\\\/logo\\\/image\\\/\",\"url\":\"https:\\\/\\\/www.edialog.com.br\\\/wp-content\\\/uploads\\\/2021\\\/09\\\/edialog-logo-case.png\",\"contentUrl\":\"https:\\\/\\\/www.edialog.com.br\\\/wp-content\\\/uploads\\\/2021\\\/09\\\/edialog-logo-case.png\",\"width\":810,\"height\":450,\"caption\":\"Ag\u00eancia de M\u00eddias Sociais e Marketing Digital | E-Dialog\"},\"image\":{\"@id\":\"https:\\\/\\\/www.edialog.com.br\\\/#\\\/schema\\\/logo\\\/image\\\/\"},\"sameAs\":[\"https:\\\/\\\/facebook.com\\\/edialogcomunicacao\",\"https:\\\/\\\/x.com\\\/edialog_br\",\"https:\\\/\\\/www.instagram.com\\\/edialog_br\",\"https:\\\/\\\/www.linkedin.com\\\/company\\\/e-dialog-comunica-o-digital\",\"https:\\\/\\\/www.youtube.com\\\/channel\\\/UCPiVQ_yVlcCqWS2sRzJZj7g\"]},{\"@type\":\"Person\",\"@id\":\"https:\\\/\\\/www.edialog.com.br\\\/#\\\/schema\\\/person\\\/7f509934e54fd30b9d2d02cf51b60966\",\"name\":\"Renan Caixeiro\",\"image\":{\"@type\":\"ImageObject\",\"inLanguage\":\"es\",\"@id\":\"https:\\\/\\\/www.edialog.com.br\\\/wp-content\\\/uploads\\\/2023\\\/11\\\/renan-caixeiro-150x150.jpg\",\"url\":\"https:\\\/\\\/www.edialog.com.br\\\/wp-content\\\/uploads\\\/2023\\\/11\\\/renan-caixeiro-150x150.jpg\",\"contentUrl\":\"https:\\\/\\\/www.edialog.com.br\\\/wp-content\\\/uploads\\\/2023\\\/11\\\/renan-caixeiro-150x150.jpg\",\"caption\":\"Renan Caixeiro\"},\"description\":\"S\u00f3cio Diretor na E-Dialog, \u00e9 graduado em Jornalismo e p\u00f3s-graduado em Comunica\u00e7\u00e3o Corporativa, ambos pela UFJF. Est\u00e1 \u00e0 frente do Reportei, SaaS de relat\u00f3rios e dashboards, \u00e9 host do Projeto SaaS, podcast que compartilha experi\u00eancias do universo de software as a service, e s\u00f3cio da Aquela Caixa, comunidade para profissionais de cria\u00e7\u00e3o. Torcedor do Vasco, tem como meta comprar o Gigante da Colina. LinkedIn: @renancaixeiro \\\/ Instagram: @renancaixeiro.\",\"sameAs\":[\"http:\\\/\\\/facebook.com\\\/renancaixeiro\",\"https:\\\/\\\/www.instagram.com\\\/renancaixeiro\\\/\",\"https:\\\/\\\/br.linkedin.com\\\/in\\\/renancaixeiro\\\/pt\",\"https:\\\/\\\/x.com\\\/renancaixeiro\"],\"url\":\"https:\\\/\\\/www.edialog.com.br\\\/es\\\/author\\\/renancaixeiro\\\/\"}]}<\/script>\n<!-- \/ Yoast SEO Premium plugin. -->","yoast_head_json":{"title":"\u00bfC\u00f3mo vender m\u00e1s en el Black Friday?","description":"A Black Friday acontece no dia 27 de novembro e a E-Dialog vai te dar algumas dicas de como vender mais nessa data.","robots":{"index":"index","follow":"follow","max-snippet":"max-snippet:-1","max-image-preview":"max-image-preview:large","max-video-preview":"max-video-preview:-1"},"canonical":"https:\/\/www.edialog.com.br\/es\/como-vender-mais-na-black-friday\/","og_locale":"es_ES","og_type":"article","og_title":"Como vender mais na Black Friday?","og_description":"A Black Friday acontece no dia 27 de novembro e a E-Dialog vai te dar algumas dicas de como vender mais nessa data.","og_url":"https:\/\/www.edialog.com.br\/es\/como-vender-mais-na-black-friday\/","og_site_name":"Ag\u00eancia de Inbound Marketing | E-Dialog","article_publisher":"https:\/\/facebook.com\/edialogcomunicacao","article_author":"http:\/\/facebook.com\/renancaixeiro","article_published_time":"2022-11-01T13:14:37+00:00","article_modified_time":"2025-05-19T01:13:53+00:00","og_image":[{"width":500,"height":315,"url":"https:\/\/www.edialog.com.br\/wp-content\/uploads\/2015\/10\/08-blog.png","type":"image\/png"}],"author":"Renan Caixeiro","twitter_misc":{"Escrito por":"Renan Caixeiro","Tiempo de lectura":"8 minutos"},"schema":{"@context":"https:\/\/schema.org","@graph":[{"@type":["Article","BlogPosting"],"@id":"https:\/\/www.edialog.com.br\/como-vender-mais-na-black-friday\/#article","isPartOf":{"@id":"https:\/\/www.edialog.com.br\/como-vender-mais-na-black-friday\/"},"author":{"name":"Renan Caixeiro","@id":"https:\/\/www.edialog.com.br\/#\/schema\/person\/7f509934e54fd30b9d2d02cf51b60966"},"headline":"Como vender mais na Black Friday?","datePublished":"2022-11-01T13:14:37+00:00","dateModified":"2025-05-19T01:13:53+00:00","mainEntityOfPage":{"@id":"https:\/\/www.edialog.com.br\/como-vender-mais-na-black-friday\/"},"wordCount":1349,"commentCount":0,"publisher":{"@id":"https:\/\/www.edialog.com.br\/#organization"},"image":{"@id":"https:\/\/www.edialog.com.br\/como-vender-mais-na-black-friday\/#primaryimage"},"thumbnailUrl":"https:\/\/www.edialog.com.br\/wp-content\/uploads\/2015\/10\/08-blog.png","keywords":["black friday","Como vender mais na Black Friday"],"articleSection":["Listas"],"inLanguage":"es","potentialAction":[{"@type":"CommentAction","name":"Comment","target":["https:\/\/www.edialog.com.br\/como-vender-mais-na-black-friday\/#respond"]}]},{"@type":"WebPage","@id":"https:\/\/www.edialog.com.br\/como-vender-mais-na-black-friday\/","url":"https:\/\/www.edialog.com.br\/como-vender-mais-na-black-friday\/","name":"\u00bfC\u00f3mo vender m\u00e1s en el Black Friday?","isPartOf":{"@id":"https:\/\/www.edialog.com.br\/#website"},"primaryImageOfPage":{"@id":"https:\/\/www.edialog.com.br\/como-vender-mais-na-black-friday\/#primaryimage"},"image":{"@id":"https:\/\/www.edialog.com.br\/como-vender-mais-na-black-friday\/#primaryimage"},"thumbnailUrl":"https:\/\/www.edialog.com.br\/wp-content\/uploads\/2015\/10\/08-blog.png","datePublished":"2022-11-01T13:14:37+00:00","dateModified":"2025-05-19T01:13:53+00:00","description":"A Black Friday acontece no dia 27 de novembro e a E-Dialog vai te dar algumas dicas de como vender mais nessa data.","breadcrumb":{"@id":"https:\/\/www.edialog.com.br\/como-vender-mais-na-black-friday\/#breadcrumb"},"inLanguage":"es","potentialAction":[{"@type":"ReadAction","target":["https:\/\/www.edialog.com.br\/como-vender-mais-na-black-friday\/"]}]},{"@type":"ImageObject","inLanguage":"es","@id":"https:\/\/www.edialog.com.br\/como-vender-mais-na-black-friday\/#primaryimage","url":"https:\/\/www.edialog.com.br\/wp-content\/uploads\/2015\/10\/08-blog.png","contentUrl":"https:\/\/www.edialog.com.br\/wp-content\/uploads\/2015\/10\/08-blog.png","width":500,"height":315},{"@type":"BreadcrumbList","@id":"https:\/\/www.edialog.com.br\/como-vender-mais-na-black-friday\/#breadcrumb","itemListElement":[{"@type":"ListItem","position":1,"name":"Home","item":"https:\/\/www.edialog.com.br\/"},{"@type":"ListItem","position":2,"name":"Listas","item":"https:\/\/www.edialog.com.br\/category\/listas\/"},{"@type":"ListItem","position":3,"name":"Como vender mais na Black Friday?"}]},{"@type":"WebSite","@id":"https:\/\/www.edialog.com.br\/#website","url":"https:\/\/www.edialog.com.br\/","name":"Agencia de marketing entrante | E-Dialog","description":"Ag\u00eancia de Inbound Marketing premiada com solu\u00e7\u00f5es completas para o seu neg\u00f3cio. Atraia leads, com conte\u00fados \u00fanicos e envolventes. Solicite or\u00e7amento!","publisher":{"@id":"https:\/\/www.edialog.com.br\/#organization"},"potentialAction":[{"@type":"SearchAction","target":{"@type":"EntryPoint","urlTemplate":"https:\/\/www.edialog.com.br\/?s={search_term_string}"},"query-input":{"@type":"PropertyValueSpecification","valueRequired":true,"valueName":"search_term_string"}}],"inLanguage":"es"},{"@type":"Organization","@id":"https:\/\/www.edialog.com.br\/#organization","name":"Ag\u00eancia de M\u00eddias Sociais e Marketing Digital | E-Dialog","url":"https:\/\/www.edialog.com.br\/","logo":{"@type":"ImageObject","inLanguage":"es","@id":"https:\/\/www.edialog.com.br\/#\/schema\/logo\/image\/","url":"https:\/\/www.edialog.com.br\/wp-content\/uploads\/2021\/09\/edialog-logo-case.png","contentUrl":"https:\/\/www.edialog.com.br\/wp-content\/uploads\/2021\/09\/edialog-logo-case.png","width":810,"height":450,"caption":"Ag\u00eancia de M\u00eddias Sociais e Marketing Digital | E-Dialog"},"image":{"@id":"https:\/\/www.edialog.com.br\/#\/schema\/logo\/image\/"},"sameAs":["https:\/\/facebook.com\/edialogcomunicacao","https:\/\/x.com\/edialog_br","https:\/\/www.instagram.com\/edialog_br","https:\/\/www.linkedin.com\/company\/e-dialog-comunica-o-digital","https:\/\/www.youtube.com\/channel\/UCPiVQ_yVlcCqWS2sRzJZj7g"]},{"@type":"Person","@id":"https:\/\/www.edialog.com.br\/#\/schema\/person\/7f509934e54fd30b9d2d02cf51b60966","name":"Renan Caixeiro","image":{"@type":"ImageObject","inLanguage":"es","@id":"https:\/\/www.edialog.com.br\/wp-content\/uploads\/2023\/11\/renan-caixeiro-150x150.jpg","url":"https:\/\/www.edialog.com.br\/wp-content\/uploads\/2023\/11\/renan-caixeiro-150x150.jpg","contentUrl":"https:\/\/www.edialog.com.br\/wp-content\/uploads\/2023\/11\/renan-caixeiro-150x150.jpg","caption":"Renan Caixeiro"},"description":"S\u00f3cio Diretor na E-Dialog, \u00e9 graduado em Jornalismo e p\u00f3s-graduado em Comunica\u00e7\u00e3o Corporativa, ambos pela UFJF. Est\u00e1 \u00e0 frente do Reportei, SaaS de relat\u00f3rios e dashboards, \u00e9 host do Projeto SaaS, podcast que compartilha experi\u00eancias do universo de software as a service, e s\u00f3cio da Aquela Caixa, comunidade para profissionais de cria\u00e7\u00e3o. Torcedor do Vasco, tem como meta comprar o Gigante da Colina. LinkedIn: @renancaixeiro \/ Instagram: @renancaixeiro.","sameAs":["http:\/\/facebook.com\/renancaixeiro","https:\/\/www.instagram.com\/renancaixeiro\/","https:\/\/br.linkedin.com\/in\/renancaixeiro\/pt","https:\/\/x.com\/renancaixeiro"],"url":"https:\/\/www.edialog.com.br\/es\/author\/renancaixeiro\/"}]}},"_links":{"self":[{"href":"https:\/\/www.edialog.com.br\/es\/wp-json\/wp\/v2\/posts\/6819","targetHints":{"allow":["GET"]}}],"collection":[{"href":"https:\/\/www.edialog.com.br\/es\/wp-json\/wp\/v2\/posts"}],"about":[{"href":"https:\/\/www.edialog.com.br\/es\/wp-json\/wp\/v2\/types\/post"}],"author":[{"embeddable":true,"href":"https:\/\/www.edialog.com.br\/es\/wp-json\/wp\/v2\/users\/1"}],"replies":[{"embeddable":true,"href":"https:\/\/www.edialog.com.br\/es\/wp-json\/wp\/v2\/comments?post=6819"}],"version-history":[{"count":2,"href":"https:\/\/www.edialog.com.br\/es\/wp-json\/wp\/v2\/posts\/6819\/revisions"}],"predecessor-version":[{"id":229254,"href":"https:\/\/www.edialog.com.br\/es\/wp-json\/wp\/v2\/posts\/6819\/revisions\/229254"}],"wp:featuredmedia":[{"embeddable":true,"href":"https:\/\/www.edialog.com.br\/es\/wp-json\/wp\/v2\/media\/6822"}],"wp:attachment":[{"href":"https:\/\/www.edialog.com.br\/es\/wp-json\/wp\/v2\/media?parent=6819"}],"wp:term":[{"taxonomy":"category","embeddable":true,"href":"https:\/\/www.edialog.com.br\/es\/wp-json\/wp\/v2\/categories?post=6819"},{"taxonomy":"post_tag","embeddable":true,"href":"https:\/\/www.edialog.com.br\/es\/wp-json\/wp\/v2\/tags?post=6819"}],"curies":[{"name":"wp","href":"https:\/\/api.w.org\/{rel}","templated":true}]}}