{"id":6633,"date":"2020-01-29T10:38:23","date_gmt":"2020-01-29T13:38:23","guid":{"rendered":"https:\/\/www.edialog.com.br\/?p=6633"},"modified":"2024-03-21T09:40:08","modified_gmt":"2024-03-21T12:40:08","slug":"5-maneiras-de-usar-os-grupos-no-facebook-para-a-sua-empresa","status":"publish","type":"post","link":"https:\/\/www.edialog.com.br\/es\/5-maneiras-de-usar-os-grupos-no-facebook-para-a-sua-empresa\/","title":{"rendered":"[Update 2020] 5 maneiras de usar os grupos no Facebook para a sua empresa"},"content":{"rendered":"<p>Debes formar parte de al menos un grupo de Facebook. Pero, <strong>\u00bfha pensado alguna vez en crear una como estrategia de marketing digital para su empresa?<\/strong> En 2015 te trajimos contenidos traducidos de la <a href=\"https:\/\/www.socialmediaexaminer.com\/9-ways-to-use-facebook-groups-for-business\/\">Social Media Examiner<\/a> con 5 formas de utilizar los grupos de Facebook para mejorar la relaci\u00f3n de tu empresa con tus clientes.<\/p>\n<p>Estos consejos siguen siendo v\u00e1lidos. Pero al final del art\u00edculo te traemos una nueva actualizaci\u00f3n para mejorar esta estrategia de cara a 2020. Siga leyendo para conocer los nuevos<a href=\"https:\/\/www.edialog.com.br\/es\/midia-social\/5-dicas-valiosas-para-gerenciar-sua-pagina-no-facebook\/\" target=\"_blank\" rel=\"noopener noreferrer\"> ideas de contenido<\/a> y crea tu grupo de Facebook hoy mismo.<\/p>\n<h2><strong>#1: Venta de productos <\/strong><\/h2>\n<p>Como alternativa para quienes no disponen de un comercio electr\u00f3nico o como complemento a las ventas, ahora es posible vender productos en grupos de Facebook.<\/p>\n<p>Una vez que hayas creado un grupo para la venta, ver\u00e1s una opci\u00f3n para \"vender un art\u00edculo\" en tu actualizaci\u00f3n de Facebook.<\/p>\n<p><a href=\"https:\/\/www.edialog.com.br\/wp-content\/uploads\/2015\/09\/vender.png\"><img fetchpriority=\"high\" decoding=\"async\" class=\"size-full wp-image-6634 aligncenter\" src=\"https:\/\/www.edialog.com.br\/wp-content\/uploads\/2015\/09\/vender.png\" alt=\"vender\" width=\"497\" height=\"338\" srcset=\"https:\/\/www.edialog.com.br\/wp-content\/uploads\/2015\/09\/vender.png 497w, https:\/\/www.edialog.com.br\/wp-content\/uploads\/2015\/09\/vender-300x204.png 300w\" sizes=\"(max-width: 497px) 100vw, 497px\" \/><\/a><\/p>\n<h2><strong>#2: Ofrecer material did\u00e1ctico complementario <\/strong><\/h2>\n<p>Si tu empresa vende un curso, una conferencia o un evento, un grupo de Facebook es una de las formas de ofrecer a los clientes contenido extra y exclusivo. El acceso a un grupo privado de Facebook puede formar parte del paquete ofrecido. En el grupo, los participantes podr\u00e1n hacer preguntas, obtener material complementario, recibir consejos de lectura y tambi\u00e9n estrechar lazos con otros participantes.<\/p>\n<p>Es una relaci\u00f3n en la que todos ganan. El cliente puede obtener ayuda y recursos adicionales para el producto que ha comprado. Adem\u00e1s, dar\u00e1 a su empresa la oportunidad de establecer conexiones m\u00e1s profundas con sus clientes y crear un entorno para promocionar otros cursos y servicios a un p\u00fablico que ya estar\u00e1 comprometido e interesado en el servicio.<\/p>\n<h2><strong>\u00a0<\/strong><strong>#3: Promover el chat<\/strong><\/h2>\n<p>Para quienes siempre promueven el chat en l\u00ednea en Twitter, el grupo puede ser una buena opci\u00f3n para los negocios.  En \u00e9l puedes crear un debate con un tema espec\u00edfico y mantener las conversaciones centradas.  Puedes promover chats regulares y anunciar invitados para los pr\u00f3ximos debates, puedes ofrecer promociones e informaci\u00f3n exclusiva a los participantes. Los chats tambi\u00e9n son una forma de obtener comentarios sobre tu producto, sugerir nuevas ideas y ver c\u00f3mo reacciona tu p\u00fablico ante ellas.<\/p>\n<h2><strong>#4: Compartir conocimientos<\/strong><\/h2>\n<p>Una de las formas m\u00e1s sencillas de utilizar los grupos de Facebook para los negocios es convertirte en un icono de referencia en tu campo. Crear un grupo y aportar tus conocimientos es una forma natural de vender tu nombre\/marca.<\/p>\n<p>Por ejemplo, los miembros del <a href=\"https:\/\/www.facebook.com\/groups\/imsuperfriends\/\">Grupo de Superamigos de Marketing en Internet<\/a>\u00a0 con m\u00e1s de 13.000 participantes, se enorgullece de ayudar a otros profesionales del marketing en Internet. Los miembros pueden hacer preguntas sobre SEO, obtener recomendaciones de dise\u00f1adores y herramientas y mucho m\u00e1s.<\/p>\n<p><a href=\"https:\/\/www.edialog.com.br\/wp-content\/uploads\/2015\/09\/amigos.jpg\"><img decoding=\"async\" class=\"size-full wp-image-6636 aligncenter\" src=\"https:\/\/www.edialog.com.br\/wp-content\/uploads\/2015\/09\/amigos.jpg\" alt=\"amigos\" width=\"480\" height=\"317\" srcset=\"https:\/\/www.edialog.com.br\/wp-content\/uploads\/2015\/09\/amigos.jpg 480w, https:\/\/www.edialog.com.br\/wp-content\/uploads\/2015\/09\/amigos-300x198.jpg 300w\" sizes=\"(max-width: 480px) 100vw, 480px\" \/><\/a><\/p>\n<p>Los grupos de Facebook son plataformas estupendas para compartir tus conocimientos y darte a conocer.  La principal ventaja es que ayudas a la gente y acabas promocion\u00e1ndote de forma espont\u00e1nea.<\/p>\n<h2><strong>#5: Comunicaci\u00f3n con su equipo<\/strong><\/h2>\n<p>Una forma de estar en sinton\u00eda con tu equipo es crear grupos en Facebook. El grupo puede ser un canal para introducir nuevas ideas en la empresa, compartir actualizaciones de la empresa, hablar de nuevos proyectos, nuevos clientes.<\/p>\n<p>Es importante recordar que los grupos de Facebook son una forma de complementar tu negocio con tu p\u00e1gina de Facebook. Tienes que alinear el contenido de la p\u00e1gina y del grupo para que se complementen.  Otro punto importante es la elecci\u00f3n del contenido en cada plataforma: cualquier contenido que compartas en tu p\u00e1gina aparecer\u00e1 en el feed de noticias para que lo vean tus seguidores. Cuando se interact\u00faa con el contenido, puede aparecer en los feeds de otras personas. Sin embargo, las actualizaciones de los grupos de Facebook s\u00f3lo aparecen en las noticias de los miembros.<\/p>\n<p>Hay muchas formas de utilizar los grupos de Facebook para empresas. Sirven para reforzar la comunicaci\u00f3n, las conexiones y la visibilidad de la marca, adem\u00e1s de ayudarla a crecer.<\/p>\n<p>Texto traducido: <a href=\"https:\/\/www.socialmediaexaminer.com\/9-ways-to-use-facebook-groups-for-business\/\" target=\"_blank\" rel=\"noopener noreferrer\">Examinador de medios sociales<\/a><\/p>\n<h2>Nuevas perspectivas para 2020<\/h2>\n<p><img decoding=\"async\" class=\"aligncenter wp-image-210357 size-large\" src=\"https:\/\/www.edialog.com.br\/wp-content\/uploads\/2015\/09\/iStock-1164769192-1024x824.jpg\" alt=\"Grupo no Facebook\" width=\"1024\" height=\"824\" srcset=\"https:\/\/www.edialog.com.br\/wp-content\/uploads\/2015\/09\/iStock-1164769192-1024x824.jpg 1024w, https:\/\/www.edialog.com.br\/wp-content\/uploads\/2015\/09\/iStock-1164769192-300x241.jpg 300w, https:\/\/www.edialog.com.br\/wp-content\/uploads\/2015\/09\/iStock-1164769192-768x618.jpg 768w, https:\/\/www.edialog.com.br\/wp-content\/uploads\/2015\/09\/iStock-1164769192-1536x1235.jpg 1536w, https:\/\/www.edialog.com.br\/wp-content\/uploads\/2015\/09\/iStock-1164769192-1080x869.jpg 1080w, https:\/\/www.edialog.com.br\/wp-content\/uploads\/2015\/09\/iStock-1164769192-1280x1029.jpg 1280w, https:\/\/www.edialog.com.br\/wp-content\/uploads\/2015\/09\/iStock-1164769192-980x788.jpg 980w, https:\/\/www.edialog.com.br\/wp-content\/uploads\/2015\/09\/iStock-1164769192-480x386.jpg 480w, https:\/\/www.edialog.com.br\/wp-content\/uploads\/2015\/09\/iStock-1164769192.jpg 1931w\" sizes=\"(max-width: 1024px) 100vw, 1024px\" \/><\/p>\n<p>Quiz\u00e1 se lo pregunte: <strong>si tengo una fanpage en la red social, \u00bfpor qu\u00e9 crear un grupo en Facebook?<\/strong> Desde 2018 <a href=\"https:\/\/www.edialog.com.br\/es\/facebook\/alcance-de-posts-facebook-caiu-mais-40-ctr-e-engajamento-sobem\/\" target=\"_blank\" rel=\"noopener noreferrer\">las m\u00e9tricas de la red social han sufrido cambios bruscos<\/a> para dar prioridad a la experiencia del usuario y hacer que la red se centrara mucho m\u00e1s en las relaciones entre las personas. Como resultado, el alcance org\u00e1nico de las publicaciones de las marcas cay\u00f3 en picado. En este sentido, el grupo de Facebook es un gran hallazgo. Y es que, <strong>entre los contenidos prioritarios en la l\u00ednea de tiempo se encuentran los contenidos de grupo<\/strong>. Si una persona elige estar en un grupo, es porque quiere recibir actualizaciones de ese espacio virtual, \u00bfverdad?<\/p>\n<h3>Alcance org\u00e1nico<\/h3>\n<p>Por tanto, si tienes un grupo para tu marca, conseguir\u00e1s un mayor alcance org\u00e1nico de los contenidos que publiques en \u00e9l. Sin embargo, vale la pena se\u00f1alar que para que esto suceda necesitas tener<strong> estrategia y frecuencia<\/strong>. Si no se cuida de crear una rutina de noticias y contenidos para fomentar la interacci\u00f3n en el espacio, \u00e9ste caer\u00e1 en el olvido.<\/p>\n<h3>Relaciones<\/h3>\n<p>Otro aspecto que hay que tener en cuenta es el siguiente: a diferencia de la fanpage, el grupo es un <strong>espacio para el consumidor<\/strong>No se trata s\u00f3lo de apreciaci\u00f3n, sino tambi\u00e9n de expresi\u00f3n. En otras palabras, hay que estar dispuesto a seguir lo que dice el p\u00fablico e intercambiar ideas con \u00e9l. As\u00ed es como se produce realmente la interacci\u00f3n y, adem\u00e1s, la marca llega a saber qui\u00e9n es su consumidor (\u00a1de verdad!). Pero hay que ser <strong>dispuesto a escuchar y a dedicar tiempo a la relaci\u00f3n<\/strong>.<\/p>\n<h3>Generar valor para la marca<\/h3>\n<p>Dependiendo de qui\u00e9n sea su p\u00fablico consumidor, tambi\u00e9n es posible crear un grupo que sirva de estrategia para <strong>diferenciaci\u00f3n y exclusividad<\/strong>. Por ejemplo: tener un grupo secreto con tus clientes y s\u00f3lo divulgarles cierta informaci\u00f3n (o la primera) a\u00f1ade mucho valor. Si sabes utilizar la estrategia correctamente, esto puede ser un gran diferenciador para atraer al p\u00fablico y encontrar personas afines a lo que vende tu marca. Adem\u00e1s, es una gran oportunidad para aprender de este contacto directo.<\/p>\n<p><em>\u00bfLe ha gustado el art\u00edculo? M\u00e1s informaci\u00f3n\u00a0<a href=\"https:\/\/www.edialog.com.br\/es\/gestao-de-redes-sociais\/\" target=\"_blank\" rel=\"noopener noreferrer\">gesti\u00f3n de redes sociales<\/a>Consultor\u00eda de Google Ads,\u00a0<a href=\"https:\/\/www.edialog.com.br\/es\/midia-social\/o-que-e-inbound-marketing\/\" target=\"_blank\" rel=\"noopener noreferrer\">Inbound Marketing<\/a>\u00a0y otros temas de marketing digital en el blog de E-Dialog.<\/em><\/p>\n<p style=\"text-align: right;\">Traducci\u00f3n: Ludmila Castro (2015). Actualizaci\u00f3n: Let\u00edcia Fernandes (2020).<\/p>","protected":false},"excerpt":{"rendered":"<p>Voc\u00ea deve fazer parte de pelo menos um grupo no Facebook. Mas, j\u00e1 pensou em criar um como estrat\u00e9gia de marketing digital para o seu neg\u00f3cio? Em 2015 trouxemos para voc\u00ea o conte\u00fado traduzido do Social Media Examiner com 5 maneiras de usar os grupos no Facebook para melhorar o relacionamento da sua empresa com [&hellip;]<\/p>\n","protected":false},"author":1,"featured_media":210355,"comment_status":"open","ping_status":"closed","sticky":false,"template":"","format":"standard","meta":{"_acf_changed":false,"content-type":"","footnotes":""},"categories":[43],"tags":[543,541,542],"class_list":["post-6633","post","type-post","status-publish","format-standard","has-post-thumbnail","hentry","category-facebook","tag-facebook-para-empresas","tag-grupos-no-facebook","tag-negocios-no-facebook"],"acf":[],"yoast_head":"<!-- This site is optimized with the Yoast SEO Premium plugin v27.5 (Yoast SEO v27.5) - https:\/\/yoast.com\/product\/yoast-seo-premium-wordpress\/ -->\n<title>5 maneiras de usar os grupos no Facebook para a sua empresa<\/title>\n<meta name=\"description\" content=\"Conhe\u00e7a algumas maneiras de usar os grupos no facebook em sua estrat\u00e9gia de marketing para engajar o p\u00fablico e alavancar os seus neg\u00f3cios.\" \/>\n<meta name=\"robots\" content=\"index, follow, max-snippet:-1, max-image-preview:large, max-video-preview:-1\" \/>\n<link rel=\"canonical\" href=\"https:\/\/www.edialog.com.br\/es\/5-maneiras-de-usar-os-grupos-no-facebook-para-a-sua-empresa\/\" \/>\n<meta property=\"og:locale\" content=\"es_ES\" \/>\n<meta property=\"og:type\" content=\"article\" \/>\n<meta property=\"og:title\" content=\"[Update 2020] 5 maneiras de usar os grupos no Facebook para a sua empresa\" \/>\n<meta property=\"og:description\" content=\"Conhe\u00e7a algumas maneiras de usar os grupos no facebook em sua estrat\u00e9gia de marketing para engajar o p\u00fablico e alavancar os seus neg\u00f3cios.\" \/>\n<meta property=\"og:url\" content=\"https:\/\/www.edialog.com.br\/es\/5-maneiras-de-usar-os-grupos-no-facebook-para-a-sua-empresa\/\" \/>\n<meta property=\"og:site_name\" content=\"Ag\u00eancia de Inbound Marketing | E-Dialog\" \/>\n<meta property=\"article:publisher\" content=\"https:\/\/facebook.com\/edialogcomunicacao\" \/>\n<meta property=\"article:author\" content=\"http:\/\/facebook.com\/renancaixeiro\" \/>\n<meta property=\"article:published_time\" content=\"2020-01-29T13:38:23+00:00\" \/>\n<meta property=\"article:modified_time\" content=\"2024-03-21T12:40:08+00:00\" \/>\n<meta property=\"og:image\" content=\"https:\/\/www.edialog.com.br\/wp-content\/uploads\/2015\/09\/iStock-1130303062.jpg\" \/>\n\t<meta property=\"og:image:width\" content=\"2048\" \/>\n\t<meta property=\"og:image:height\" content=\"1065\" \/>\n\t<meta property=\"og:image:type\" content=\"image\/jpeg\" \/>\n<meta name=\"author\" content=\"Renan Caixeiro\" \/>\n<meta name=\"twitter:label1\" content=\"Escrito por\" \/>\n\t<meta name=\"twitter:data1\" content=\"Renan Caixeiro\" \/>\n\t<meta name=\"twitter:label2\" content=\"Tiempo de lectura\" \/>\n\t<meta name=\"twitter:data2\" content=\"7 minutos\" \/>\n<script type=\"application\/ld+json\" class=\"yoast-schema-graph\">{\"@context\":\"https:\\\/\\\/schema.org\",\"@graph\":[{\"@type\":[\"Article\",\"BlogPosting\"],\"@id\":\"https:\\\/\\\/www.edialog.com.br\\\/5-maneiras-de-usar-os-grupos-no-facebook-para-a-sua-empresa\\\/#article\",\"isPartOf\":{\"@id\":\"https:\\\/\\\/www.edialog.com.br\\\/5-maneiras-de-usar-os-grupos-no-facebook-para-a-sua-empresa\\\/\"},\"author\":{\"name\":\"Renan Caixeiro\",\"@id\":\"https:\\\/\\\/www.edialog.com.br\\\/#\\\/schema\\\/person\\\/7f509934e54fd30b9d2d02cf51b60966\"},\"headline\":\"[Update 2020] 5 maneiras de usar os grupos no Facebook para a sua empresa\",\"datePublished\":\"2020-01-29T13:38:23+00:00\",\"dateModified\":\"2024-03-21T12:40:08+00:00\",\"mainEntityOfPage\":{\"@id\":\"https:\\\/\\\/www.edialog.com.br\\\/5-maneiras-de-usar-os-grupos-no-facebook-para-a-sua-empresa\\\/\"},\"wordCount\":1088,\"commentCount\":0,\"publisher\":{\"@id\":\"https:\\\/\\\/www.edialog.com.br\\\/#organization\"},\"image\":{\"@id\":\"https:\\\/\\\/www.edialog.com.br\\\/5-maneiras-de-usar-os-grupos-no-facebook-para-a-sua-empresa\\\/#primaryimage\"},\"thumbnailUrl\":\"https:\\\/\\\/www.edialog.com.br\\\/wp-content\\\/uploads\\\/2015\\\/09\\\/iStock-1130303062.jpg\",\"keywords\":[\"facebook para empresas\",\"grupos no facebook\",\"neg\u00f3cios no facebook\"],\"articleSection\":[\"Facebook\"],\"inLanguage\":\"es\",\"potentialAction\":[{\"@type\":\"CommentAction\",\"name\":\"Comment\",\"target\":[\"https:\\\/\\\/www.edialog.com.br\\\/5-maneiras-de-usar-os-grupos-no-facebook-para-a-sua-empresa\\\/#respond\"]}]},{\"@type\":\"WebPage\",\"@id\":\"https:\\\/\\\/www.edialog.com.br\\\/5-maneiras-de-usar-os-grupos-no-facebook-para-a-sua-empresa\\\/\",\"url\":\"https:\\\/\\\/www.edialog.com.br\\\/5-maneiras-de-usar-os-grupos-no-facebook-para-a-sua-empresa\\\/\",\"name\":\"5 maneiras de usar os grupos no Facebook para a sua empresa\",\"isPartOf\":{\"@id\":\"https:\\\/\\\/www.edialog.com.br\\\/#website\"},\"primaryImageOfPage\":{\"@id\":\"https:\\\/\\\/www.edialog.com.br\\\/5-maneiras-de-usar-os-grupos-no-facebook-para-a-sua-empresa\\\/#primaryimage\"},\"image\":{\"@id\":\"https:\\\/\\\/www.edialog.com.br\\\/5-maneiras-de-usar-os-grupos-no-facebook-para-a-sua-empresa\\\/#primaryimage\"},\"thumbnailUrl\":\"https:\\\/\\\/www.edialog.com.br\\\/wp-content\\\/uploads\\\/2015\\\/09\\\/iStock-1130303062.jpg\",\"datePublished\":\"2020-01-29T13:38:23+00:00\",\"dateModified\":\"2024-03-21T12:40:08+00:00\",\"description\":\"Conhe\u00e7a algumas maneiras de usar os grupos no facebook em sua estrat\u00e9gia de marketing para engajar o p\u00fablico e alavancar os seus neg\u00f3cios.\",\"breadcrumb\":{\"@id\":\"https:\\\/\\\/www.edialog.com.br\\\/5-maneiras-de-usar-os-grupos-no-facebook-para-a-sua-empresa\\\/#breadcrumb\"},\"inLanguage\":\"es\",\"potentialAction\":[{\"@type\":\"ReadAction\",\"target\":[\"https:\\\/\\\/www.edialog.com.br\\\/5-maneiras-de-usar-os-grupos-no-facebook-para-a-sua-empresa\\\/\"]}]},{\"@type\":\"ImageObject\",\"inLanguage\":\"es\",\"@id\":\"https:\\\/\\\/www.edialog.com.br\\\/5-maneiras-de-usar-os-grupos-no-facebook-para-a-sua-empresa\\\/#primaryimage\",\"url\":\"https:\\\/\\\/www.edialog.com.br\\\/wp-content\\\/uploads\\\/2015\\\/09\\\/iStock-1130303062.jpg\",\"contentUrl\":\"https:\\\/\\\/www.edialog.com.br\\\/wp-content\\\/uploads\\\/2015\\\/09\\\/iStock-1130303062.jpg\",\"width\":2048,\"height\":1065,\"caption\":\"Grupos no Facebook\"},{\"@type\":\"BreadcrumbList\",\"@id\":\"https:\\\/\\\/www.edialog.com.br\\\/5-maneiras-de-usar-os-grupos-no-facebook-para-a-sua-empresa\\\/#breadcrumb\",\"itemListElement\":[{\"@type\":\"ListItem\",\"position\":1,\"name\":\"Home\",\"item\":\"https:\\\/\\\/www.edialog.com.br\\\/\"},{\"@type\":\"ListItem\",\"position\":2,\"name\":\"Facebook\",\"item\":\"https:\\\/\\\/www.edialog.com.br\\\/category\\\/facebook\\\/\"},{\"@type\":\"ListItem\",\"position\":3,\"name\":\"[Update 2020] 5 maneiras de usar os grupos no Facebook para a sua empresa\"}]},{\"@type\":\"WebSite\",\"@id\":\"https:\\\/\\\/www.edialog.com.br\\\/#website\",\"url\":\"https:\\\/\\\/www.edialog.com.br\\\/\",\"name\":\"Ag\u00eancia de Inbound Marketing | E-Dialog\",\"description\":\"Ag\u00eancia de Inbound Marketing premiada com solu\u00e7\u00f5es completas para o seu neg\u00f3cio. Atraia leads, com conte\u00fados \u00fanicos e envolventes. Solicite or\u00e7amento!\",\"publisher\":{\"@id\":\"https:\\\/\\\/www.edialog.com.br\\\/#organization\"},\"potentialAction\":[{\"@type\":\"SearchAction\",\"target\":{\"@type\":\"EntryPoint\",\"urlTemplate\":\"https:\\\/\\\/www.edialog.com.br\\\/?s={search_term_string}\"},\"query-input\":{\"@type\":\"PropertyValueSpecification\",\"valueRequired\":true,\"valueName\":\"search_term_string\"}}],\"inLanguage\":\"es\"},{\"@type\":\"Organization\",\"@id\":\"https:\\\/\\\/www.edialog.com.br\\\/#organization\",\"name\":\"Ag\u00eancia de M\u00eddias Sociais e Marketing Digital | E-Dialog\",\"url\":\"https:\\\/\\\/www.edialog.com.br\\\/\",\"logo\":{\"@type\":\"ImageObject\",\"inLanguage\":\"es\",\"@id\":\"https:\\\/\\\/www.edialog.com.br\\\/#\\\/schema\\\/logo\\\/image\\\/\",\"url\":\"https:\\\/\\\/www.edialog.com.br\\\/wp-content\\\/uploads\\\/2021\\\/09\\\/edialog-logo-case.png\",\"contentUrl\":\"https:\\\/\\\/www.edialog.com.br\\\/wp-content\\\/uploads\\\/2021\\\/09\\\/edialog-logo-case.png\",\"width\":810,\"height\":450,\"caption\":\"Ag\u00eancia de M\u00eddias Sociais e Marketing Digital | E-Dialog\"},\"image\":{\"@id\":\"https:\\\/\\\/www.edialog.com.br\\\/#\\\/schema\\\/logo\\\/image\\\/\"},\"sameAs\":[\"https:\\\/\\\/facebook.com\\\/edialogcomunicacao\",\"https:\\\/\\\/x.com\\\/edialog_br\",\"https:\\\/\\\/www.instagram.com\\\/edialog_br\",\"https:\\\/\\\/www.linkedin.com\\\/company\\\/e-dialog-comunica-o-digital\",\"https:\\\/\\\/www.youtube.com\\\/channel\\\/UCPiVQ_yVlcCqWS2sRzJZj7g\"]},{\"@type\":\"Person\",\"@id\":\"https:\\\/\\\/www.edialog.com.br\\\/#\\\/schema\\\/person\\\/7f509934e54fd30b9d2d02cf51b60966\",\"name\":\"Renan Caixeiro\",\"image\":{\"@type\":\"ImageObject\",\"inLanguage\":\"es\",\"@id\":\"https:\\\/\\\/www.edialog.com.br\\\/wp-content\\\/uploads\\\/2023\\\/11\\\/renan-caixeiro-150x150.jpg\",\"url\":\"https:\\\/\\\/www.edialog.com.br\\\/wp-content\\\/uploads\\\/2023\\\/11\\\/renan-caixeiro-150x150.jpg\",\"contentUrl\":\"https:\\\/\\\/www.edialog.com.br\\\/wp-content\\\/uploads\\\/2023\\\/11\\\/renan-caixeiro-150x150.jpg\",\"caption\":\"Renan Caixeiro\"},\"description\":\"S\u00f3cio Diretor na E-Dialog, \u00e9 graduado em Jornalismo e p\u00f3s-graduado em Comunica\u00e7\u00e3o Corporativa, ambos pela UFJF. Est\u00e1 \u00e0 frente do Reportei, SaaS de relat\u00f3rios e dashboards, \u00e9 host do Projeto SaaS, podcast que compartilha experi\u00eancias do universo de software as a service, e s\u00f3cio da Aquela Caixa, comunidade para profissionais de cria\u00e7\u00e3o. Torcedor do Vasco, tem como meta comprar o Gigante da Colina. LinkedIn: @renancaixeiro \\\/ Instagram: @renancaixeiro.\",\"sameAs\":[\"http:\\\/\\\/facebook.com\\\/renancaixeiro\",\"https:\\\/\\\/www.instagram.com\\\/renancaixeiro\\\/\",\"https:\\\/\\\/br.linkedin.com\\\/in\\\/renancaixeiro\\\/pt\",\"https:\\\/\\\/x.com\\\/renancaixeiro\"],\"url\":\"https:\\\/\\\/www.edialog.com.br\\\/es\\\/author\\\/renancaixeiro\\\/\"}]}<\/script>\n<!-- \/ Yoast SEO Premium plugin. -->","yoast_head_json":{"title":"5 maneiras de usar os grupos no Facebook para a sua empresa","description":"Conhe\u00e7a algumas maneiras de usar os grupos no facebook em sua estrat\u00e9gia de marketing para engajar o p\u00fablico e alavancar os seus neg\u00f3cios.","robots":{"index":"index","follow":"follow","max-snippet":"max-snippet:-1","max-image-preview":"max-image-preview:large","max-video-preview":"max-video-preview:-1"},"canonical":"https:\/\/www.edialog.com.br\/es\/5-maneiras-de-usar-os-grupos-no-facebook-para-a-sua-empresa\/","og_locale":"es_ES","og_type":"article","og_title":"[Update 2020] 5 maneiras de usar os grupos no Facebook para a sua empresa","og_description":"Conhe\u00e7a algumas maneiras de usar os grupos no facebook em sua estrat\u00e9gia de marketing para engajar o p\u00fablico e alavancar os seus neg\u00f3cios.","og_url":"https:\/\/www.edialog.com.br\/es\/5-maneiras-de-usar-os-grupos-no-facebook-para-a-sua-empresa\/","og_site_name":"Ag\u00eancia de Inbound Marketing | E-Dialog","article_publisher":"https:\/\/facebook.com\/edialogcomunicacao","article_author":"http:\/\/facebook.com\/renancaixeiro","article_published_time":"2020-01-29T13:38:23+00:00","article_modified_time":"2024-03-21T12:40:08+00:00","og_image":[{"width":2048,"height":1065,"url":"https:\/\/www.edialog.com.br\/wp-content\/uploads\/2015\/09\/iStock-1130303062.jpg","type":"image\/jpeg"}],"author":"Renan Caixeiro","twitter_misc":{"Escrito por":"Renan Caixeiro","Tiempo de lectura":"7 minutos"},"schema":{"@context":"https:\/\/schema.org","@graph":[{"@type":["Article","BlogPosting"],"@id":"https:\/\/www.edialog.com.br\/5-maneiras-de-usar-os-grupos-no-facebook-para-a-sua-empresa\/#article","isPartOf":{"@id":"https:\/\/www.edialog.com.br\/5-maneiras-de-usar-os-grupos-no-facebook-para-a-sua-empresa\/"},"author":{"name":"Renan Caixeiro","@id":"https:\/\/www.edialog.com.br\/#\/schema\/person\/7f509934e54fd30b9d2d02cf51b60966"},"headline":"[Update 2020] 5 maneiras de usar os grupos no Facebook para a sua empresa","datePublished":"2020-01-29T13:38:23+00:00","dateModified":"2024-03-21T12:40:08+00:00","mainEntityOfPage":{"@id":"https:\/\/www.edialog.com.br\/5-maneiras-de-usar-os-grupos-no-facebook-para-a-sua-empresa\/"},"wordCount":1088,"commentCount":0,"publisher":{"@id":"https:\/\/www.edialog.com.br\/#organization"},"image":{"@id":"https:\/\/www.edialog.com.br\/5-maneiras-de-usar-os-grupos-no-facebook-para-a-sua-empresa\/#primaryimage"},"thumbnailUrl":"https:\/\/www.edialog.com.br\/wp-content\/uploads\/2015\/09\/iStock-1130303062.jpg","keywords":["facebook para empresas","grupos no facebook","neg\u00f3cios no facebook"],"articleSection":["Facebook"],"inLanguage":"es","potentialAction":[{"@type":"CommentAction","name":"Comment","target":["https:\/\/www.edialog.com.br\/5-maneiras-de-usar-os-grupos-no-facebook-para-a-sua-empresa\/#respond"]}]},{"@type":"WebPage","@id":"https:\/\/www.edialog.com.br\/5-maneiras-de-usar-os-grupos-no-facebook-para-a-sua-empresa\/","url":"https:\/\/www.edialog.com.br\/5-maneiras-de-usar-os-grupos-no-facebook-para-a-sua-empresa\/","name":"5 maneiras de usar os grupos no Facebook para a sua empresa","isPartOf":{"@id":"https:\/\/www.edialog.com.br\/#website"},"primaryImageOfPage":{"@id":"https:\/\/www.edialog.com.br\/5-maneiras-de-usar-os-grupos-no-facebook-para-a-sua-empresa\/#primaryimage"},"image":{"@id":"https:\/\/www.edialog.com.br\/5-maneiras-de-usar-os-grupos-no-facebook-para-a-sua-empresa\/#primaryimage"},"thumbnailUrl":"https:\/\/www.edialog.com.br\/wp-content\/uploads\/2015\/09\/iStock-1130303062.jpg","datePublished":"2020-01-29T13:38:23+00:00","dateModified":"2024-03-21T12:40:08+00:00","description":"Conhe\u00e7a algumas maneiras de usar os grupos no facebook em sua estrat\u00e9gia de marketing para engajar o p\u00fablico e alavancar os seus neg\u00f3cios.","breadcrumb":{"@id":"https:\/\/www.edialog.com.br\/5-maneiras-de-usar-os-grupos-no-facebook-para-a-sua-empresa\/#breadcrumb"},"inLanguage":"es","potentialAction":[{"@type":"ReadAction","target":["https:\/\/www.edialog.com.br\/5-maneiras-de-usar-os-grupos-no-facebook-para-a-sua-empresa\/"]}]},{"@type":"ImageObject","inLanguage":"es","@id":"https:\/\/www.edialog.com.br\/5-maneiras-de-usar-os-grupos-no-facebook-para-a-sua-empresa\/#primaryimage","url":"https:\/\/www.edialog.com.br\/wp-content\/uploads\/2015\/09\/iStock-1130303062.jpg","contentUrl":"https:\/\/www.edialog.com.br\/wp-content\/uploads\/2015\/09\/iStock-1130303062.jpg","width":2048,"height":1065,"caption":"Grupos no Facebook"},{"@type":"BreadcrumbList","@id":"https:\/\/www.edialog.com.br\/5-maneiras-de-usar-os-grupos-no-facebook-para-a-sua-empresa\/#breadcrumb","itemListElement":[{"@type":"ListItem","position":1,"name":"Home","item":"https:\/\/www.edialog.com.br\/"},{"@type":"ListItem","position":2,"name":"Facebook","item":"https:\/\/www.edialog.com.br\/category\/facebook\/"},{"@type":"ListItem","position":3,"name":"[Update 2020] 5 maneiras de usar os grupos no Facebook para a sua empresa"}]},{"@type":"WebSite","@id":"https:\/\/www.edialog.com.br\/#website","url":"https:\/\/www.edialog.com.br\/","name":"Agencia de marketing entrante | E-Dialog","description":"Ag\u00eancia de Inbound Marketing premiada com solu\u00e7\u00f5es completas para o seu neg\u00f3cio. Atraia leads, com conte\u00fados \u00fanicos e envolventes. Solicite or\u00e7amento!","publisher":{"@id":"https:\/\/www.edialog.com.br\/#organization"},"potentialAction":[{"@type":"SearchAction","target":{"@type":"EntryPoint","urlTemplate":"https:\/\/www.edialog.com.br\/?s={search_term_string}"},"query-input":{"@type":"PropertyValueSpecification","valueRequired":true,"valueName":"search_term_string"}}],"inLanguage":"es"},{"@type":"Organization","@id":"https:\/\/www.edialog.com.br\/#organization","name":"Ag\u00eancia de M\u00eddias Sociais e Marketing Digital | E-Dialog","url":"https:\/\/www.edialog.com.br\/","logo":{"@type":"ImageObject","inLanguage":"es","@id":"https:\/\/www.edialog.com.br\/#\/schema\/logo\/image\/","url":"https:\/\/www.edialog.com.br\/wp-content\/uploads\/2021\/09\/edialog-logo-case.png","contentUrl":"https:\/\/www.edialog.com.br\/wp-content\/uploads\/2021\/09\/edialog-logo-case.png","width":810,"height":450,"caption":"Ag\u00eancia de M\u00eddias Sociais e Marketing Digital | E-Dialog"},"image":{"@id":"https:\/\/www.edialog.com.br\/#\/schema\/logo\/image\/"},"sameAs":["https:\/\/facebook.com\/edialogcomunicacao","https:\/\/x.com\/edialog_br","https:\/\/www.instagram.com\/edialog_br","https:\/\/www.linkedin.com\/company\/e-dialog-comunica-o-digital","https:\/\/www.youtube.com\/channel\/UCPiVQ_yVlcCqWS2sRzJZj7g"]},{"@type":"Person","@id":"https:\/\/www.edialog.com.br\/#\/schema\/person\/7f509934e54fd30b9d2d02cf51b60966","name":"Renan Caixeiro","image":{"@type":"ImageObject","inLanguage":"es","@id":"https:\/\/www.edialog.com.br\/wp-content\/uploads\/2023\/11\/renan-caixeiro-150x150.jpg","url":"https:\/\/www.edialog.com.br\/wp-content\/uploads\/2023\/11\/renan-caixeiro-150x150.jpg","contentUrl":"https:\/\/www.edialog.com.br\/wp-content\/uploads\/2023\/11\/renan-caixeiro-150x150.jpg","caption":"Renan Caixeiro"},"description":"S\u00f3cio Diretor na E-Dialog, \u00e9 graduado em Jornalismo e p\u00f3s-graduado em Comunica\u00e7\u00e3o Corporativa, ambos pela UFJF. Est\u00e1 \u00e0 frente do Reportei, SaaS de relat\u00f3rios e dashboards, \u00e9 host do Projeto SaaS, podcast que compartilha experi\u00eancias do universo de software as a service, e s\u00f3cio da Aquela Caixa, comunidade para profissionais de cria\u00e7\u00e3o. Torcedor do Vasco, tem como meta comprar o Gigante da Colina. LinkedIn: @renancaixeiro \/ Instagram: @renancaixeiro.","sameAs":["http:\/\/facebook.com\/renancaixeiro","https:\/\/www.instagram.com\/renancaixeiro\/","https:\/\/br.linkedin.com\/in\/renancaixeiro\/pt","https:\/\/x.com\/renancaixeiro"],"url":"https:\/\/www.edialog.com.br\/es\/author\/renancaixeiro\/"}]}},"_links":{"self":[{"href":"https:\/\/www.edialog.com.br\/es\/wp-json\/wp\/v2\/posts\/6633","targetHints":{"allow":["GET"]}}],"collection":[{"href":"https:\/\/www.edialog.com.br\/es\/wp-json\/wp\/v2\/posts"}],"about":[{"href":"https:\/\/www.edialog.com.br\/es\/wp-json\/wp\/v2\/types\/post"}],"author":[{"embeddable":true,"href":"https:\/\/www.edialog.com.br\/es\/wp-json\/wp\/v2\/users\/1"}],"replies":[{"embeddable":true,"href":"https:\/\/www.edialog.com.br\/es\/wp-json\/wp\/v2\/comments?post=6633"}],"version-history":[{"count":0,"href":"https:\/\/www.edialog.com.br\/es\/wp-json\/wp\/v2\/posts\/6633\/revisions"}],"wp:featuredmedia":[{"embeddable":true,"href":"https:\/\/www.edialog.com.br\/es\/wp-json\/wp\/v2\/media\/210355"}],"wp:attachment":[{"href":"https:\/\/www.edialog.com.br\/es\/wp-json\/wp\/v2\/media?parent=6633"}],"wp:term":[{"taxonomy":"category","embeddable":true,"href":"https:\/\/www.edialog.com.br\/es\/wp-json\/wp\/v2\/categories?post=6633"},{"taxonomy":"post_tag","embeddable":true,"href":"https:\/\/www.edialog.com.br\/es\/wp-json\/wp\/v2\/tags?post=6633"}],"curies":[{"name":"wp","href":"https:\/\/api.w.org\/{rel}","templated":true}]}}