{"id":6137,"date":"2015-04-29T16:00:35","date_gmt":"2015-04-29T19:00:35","guid":{"rendered":"https:\/\/www.edialog.com.br\/?p=6137"},"modified":"2025-01-28T11:47:44","modified_gmt":"2025-01-28T14:47:44","slug":"os-10-erros-gramaticais-mais-comuns-e-a-importancia-de-corrigi-los","status":"publish","type":"post","link":"https:\/\/www.edialog.com.br\/es\/os-10-erros-gramaticais-mais-comuns-e-a-importancia-de-corrigi-los\/","title":{"rendered":"Los 10 errores gramaticales m\u00e1s comunes y la importancia de corregirlos"},"content":{"rendered":"<p>Sempre gostamos de falar que a internet \u00e9 um espa\u00e7o descontra\u00eddo, informal e que as pessoas tem mais liberdade para se comunicarem. S\u00f3 que, obviamente, n\u00e3o \u00e9 beeeem assim. Hoje, n\u00f3s da E-Dialog, <a href=\"https:\/\/www.edialog.com.br\/es\/\">agencia de medios sociales<\/a>, vamos falar dos <strong>erros gramaticais mais comuns<\/strong> na internet.<\/p>\n<p><strong>Por qu\u00ea?<\/strong><\/p>\n<p>Uma coisa \u00e9 trocarmos mensagens entre amigos, familiares, namorada, namorado e etc. Whatsapp, chat do Facebook, tudo isso \u00e9 realmente livre, escrevemos do jeito que queremos desde que o outro entenda o que estamos falando. Apesar de ser feio dar aquela escorregada no portugu\u00eas no TINDER, o neg\u00f3cio \u00e9 sua mensagem ser transmitida e entendida.<\/p>\n<p>S\u00f3 que as coisas n\u00e3o s\u00e3o bem assim quando estamos falando, por exemplo, de empresas, de <a href=\"https:\/\/www.edialog.com.br\/es\/gestao-de-redes-sociais\/\">gesti\u00f3n de redes sociales<\/a>, de <a href=\"https:\/\/www.edialog.com.br\/es\/marketing-de-conteudo\/\">marketing de contenidos<\/a>. Imagine voc\u00ea, dono de uma marca, usando a internet para se comunicar com seu p\u00fablico-alvo, lutando meses e anos para estabelecer uma presen\u00e7a s\u00f3lida na internet e o respons\u00e1vel pela comunica\u00e7\u00e3o comete os erros gramaticais mais comuns e banais? <strong>N\u00e3o pega bem<\/strong>.<\/p>\n<p>Trocar o \u201cmas\u201d pelo \u201cmais\u201d, n\u00e3o saber usar as formas do porqu\u00ea, crases em lugares errados&#8230; s\u00e3o v\u00e1rios pequenos crimes com a nossa l\u00edngua que dep\u00f5em contra a credibilidade de qualquer lugar. N\u00e3o precisamos manjar da l\u00edngua portuguesa como se f\u00f4ssemos o professor Pasquale, mas, vamos combinar: sempre rola aquela torcida de nariz quando nos deparamos com umas falhas bizarras de portugu\u00eas por a\u00ed.. ou seja, bons sentimentos esses errinhos n\u00e3o despertam.<\/p>\n<p>Confira no infogr\u00e1fico abaixo alguns dos erros gramaticais mais comuns cometidos por a\u00ed. A imagem \u00e9 do <a href=\"https:\/\/viverdeblog.com\/\" target=\"_blank\" rel=\"noopener\"><strong>Viver de Blog<\/strong><\/a>.<\/p>\n<p>Bom proveito!<\/p>","protected":false},"excerpt":{"rendered":"<p>Sempre gostamos de falar que a internet \u00e9 um espa\u00e7o descontra\u00eddo, informal e que as pessoas tem mais liberdade para se comunicarem. S\u00f3 que, obviamente, n\u00e3o \u00e9 beeeem assim. Hoje, n\u00f3s da E-Dialog, ag\u00eancia de m\u00eddias sociais, vamos falar dos erros gramaticais mais comuns na internet. Por qu\u00ea? Uma coisa \u00e9 trocarmos mensagens entre amigos, [&hellip;]<\/p>\n","protected":false},"author":1,"featured_media":6138,"comment_status":"open","ping_status":"open","sticky":false,"template":"","format":"standard","meta":{"_acf_changed":false,"content-type":"","footnotes":""},"categories":[43,459,207,8],"tags":[],"class_list":["post-6137","post","type-post","status-publish","format-standard","has-post-thumbnail","hentry","category-facebook","category-infograficos","category-internet-2","category-midia-social"],"acf":[],"yoast_head":"<!-- This site is optimized with the Yoast SEO Premium plugin v27.3 (Yoast SEO v27.3) - https:\/\/yoast.com\/product\/yoast-seo-premium-wordpress\/ -->\n<title>Os 10 erros gramaticais mais comuns e a import\u00e2ncia de corrigi-los<\/title>\n<meta name=\"description\" content=\"O assunto hoje no blog da E-Dialog \u00e9 L\u00edngua Portuguesa. Confira um infogr\u00e1fico sobre os erros gramaticais mais comuns e que podem compromet\u00ea-lo na internet!\" \/>\n<meta name=\"robots\" content=\"index, follow, max-snippet:-1, max-image-preview:large, max-video-preview:-1\" \/>\n<link rel=\"canonical\" href=\"https:\/\/www.edialog.com.br\/es\/os-10-erros-gramaticais-mais-comuns-e-a-importancia-de-corrigi-los\/\" \/>\n<meta property=\"og:locale\" content=\"es_ES\" \/>\n<meta property=\"og:type\" content=\"article\" \/>\n<meta property=\"og:title\" content=\"Os 10 erros gramaticais mais comuns \u2013 e a import\u00e2ncia de corrigi-los\" \/>\n<meta property=\"og:description\" content=\"O assunto hoje no blog da E-Dialog \u00e9 L\u00edngua Portuguesa. Confira um infogr\u00e1fico sobre os erros gramaticais mais comuns e que podem compromet\u00ea-lo na internet!\" \/>\n<meta property=\"og:url\" content=\"https:\/\/www.edialog.com.br\/es\/os-10-erros-gramaticais-mais-comuns-e-a-importancia-de-corrigi-los\/\" \/>\n<meta property=\"og:site_name\" content=\"Ag\u00eancia de Inbound Marketing | E-Dialog\" \/>\n<meta property=\"article:publisher\" content=\"https:\/\/facebook.com\/edialogcomunicacao\" \/>\n<meta property=\"article:author\" content=\"http:\/\/facebook.com\/renancaixeiro\" \/>\n<meta property=\"article:published_time\" content=\"2015-04-29T19:00:35+00:00\" \/>\n<meta property=\"article:modified_time\" content=\"2025-01-28T14:47:44+00:00\" \/>\n<meta property=\"og:image\" content=\"https:\/\/www.edialog.com.br\/wp-content\/uploads\/2015\/04\/06-blog.png\" \/>\n\t<meta property=\"og:image:width\" content=\"500\" \/>\n\t<meta property=\"og:image:height\" content=\"315\" \/>\n\t<meta property=\"og:image:type\" content=\"image\/png\" \/>\n<meta name=\"author\" content=\"Renan Caixeiro\" \/>\n<meta name=\"twitter:label1\" content=\"Escrito por\" \/>\n\t<meta name=\"twitter:data1\" content=\"Renan Caixeiro\" \/>\n\t<meta name=\"twitter:label2\" content=\"Tiempo de lectura\" \/>\n\t<meta name=\"twitter:data2\" content=\"2 minutos\" \/>\n<script type=\"application\/ld+json\" class=\"yoast-schema-graph\">{\"@context\":\"https:\\\/\\\/schema.org\",\"@graph\":[{\"@type\":[\"Article\",\"BlogPosting\"],\"@id\":\"https:\\\/\\\/www.edialog.com.br\\\/os-10-erros-gramaticais-mais-comuns-e-a-importancia-de-corrigi-los\\\/#article\",\"isPartOf\":{\"@id\":\"https:\\\/\\\/www.edialog.com.br\\\/os-10-erros-gramaticais-mais-comuns-e-a-importancia-de-corrigi-los\\\/\"},\"author\":{\"name\":\"Renan Caixeiro\",\"@id\":\"https:\\\/\\\/www.edialog.com.br\\\/#\\\/schema\\\/person\\\/7f509934e54fd30b9d2d02cf51b60966\"},\"headline\":\"Os 10 erros gramaticais mais comuns \u2013 e a import\u00e2ncia de corrigi-los\",\"datePublished\":\"2015-04-29T19:00:35+00:00\",\"dateModified\":\"2025-01-28T14:47:44+00:00\",\"mainEntityOfPage\":{\"@id\":\"https:\\\/\\\/www.edialog.com.br\\\/os-10-erros-gramaticais-mais-comuns-e-a-importancia-de-corrigi-los\\\/\"},\"wordCount\":297,\"commentCount\":1,\"publisher\":{\"@id\":\"https:\\\/\\\/www.edialog.com.br\\\/#organization\"},\"image\":{\"@id\":\"https:\\\/\\\/www.edialog.com.br\\\/os-10-erros-gramaticais-mais-comuns-e-a-importancia-de-corrigi-los\\\/#primaryimage\"},\"thumbnailUrl\":\"https:\\\/\\\/www.edialog.com.br\\\/wp-content\\\/uploads\\\/2015\\\/04\\\/06-blog.png\",\"articleSection\":[\"Facebook\",\"Infogr\u00e1ficos\",\"Internet\",\"M\u00eddia Social\"],\"inLanguage\":\"es\",\"potentialAction\":[{\"@type\":\"CommentAction\",\"name\":\"Comment\",\"target\":[\"https:\\\/\\\/www.edialog.com.br\\\/os-10-erros-gramaticais-mais-comuns-e-a-importancia-de-corrigi-los\\\/#respond\"]}]},{\"@type\":\"WebPage\",\"@id\":\"https:\\\/\\\/www.edialog.com.br\\\/os-10-erros-gramaticais-mais-comuns-e-a-importancia-de-corrigi-los\\\/\",\"url\":\"https:\\\/\\\/www.edialog.com.br\\\/os-10-erros-gramaticais-mais-comuns-e-a-importancia-de-corrigi-los\\\/\",\"name\":\"Os 10 erros gramaticais mais comuns e a import\u00e2ncia de corrigi-los\",\"isPartOf\":{\"@id\":\"https:\\\/\\\/www.edialog.com.br\\\/#website\"},\"primaryImageOfPage\":{\"@id\":\"https:\\\/\\\/www.edialog.com.br\\\/os-10-erros-gramaticais-mais-comuns-e-a-importancia-de-corrigi-los\\\/#primaryimage\"},\"image\":{\"@id\":\"https:\\\/\\\/www.edialog.com.br\\\/os-10-erros-gramaticais-mais-comuns-e-a-importancia-de-corrigi-los\\\/#primaryimage\"},\"thumbnailUrl\":\"https:\\\/\\\/www.edialog.com.br\\\/wp-content\\\/uploads\\\/2015\\\/04\\\/06-blog.png\",\"datePublished\":\"2015-04-29T19:00:35+00:00\",\"dateModified\":\"2025-01-28T14:47:44+00:00\",\"description\":\"O assunto hoje no blog da E-Dialog \u00e9 L\u00edngua Portuguesa. Confira um infogr\u00e1fico sobre os erros gramaticais mais comuns e que podem compromet\u00ea-lo na internet!\",\"breadcrumb\":{\"@id\":\"https:\\\/\\\/www.edialog.com.br\\\/os-10-erros-gramaticais-mais-comuns-e-a-importancia-de-corrigi-los\\\/#breadcrumb\"},\"inLanguage\":\"es\",\"potentialAction\":[{\"@type\":\"ReadAction\",\"target\":[\"https:\\\/\\\/www.edialog.com.br\\\/os-10-erros-gramaticais-mais-comuns-e-a-importancia-de-corrigi-los\\\/\"]}]},{\"@type\":\"ImageObject\",\"inLanguage\":\"es\",\"@id\":\"https:\\\/\\\/www.edialog.com.br\\\/os-10-erros-gramaticais-mais-comuns-e-a-importancia-de-corrigi-los\\\/#primaryimage\",\"url\":\"https:\\\/\\\/www.edialog.com.br\\\/wp-content\\\/uploads\\\/2015\\\/04\\\/06-blog.png\",\"contentUrl\":\"https:\\\/\\\/www.edialog.com.br\\\/wp-content\\\/uploads\\\/2015\\\/04\\\/06-blog.png\",\"width\":500,\"height\":315},{\"@type\":\"BreadcrumbList\",\"@id\":\"https:\\\/\\\/www.edialog.com.br\\\/os-10-erros-gramaticais-mais-comuns-e-a-importancia-de-corrigi-los\\\/#breadcrumb\",\"itemListElement\":[{\"@type\":\"ListItem\",\"position\":1,\"name\":\"Home\",\"item\":\"https:\\\/\\\/www.edialog.com.br\\\/\"},{\"@type\":\"ListItem\",\"position\":2,\"name\":\"M\u00eddia Social\",\"item\":\"https:\\\/\\\/www.edialog.com.br\\\/category\\\/midia-social\\\/\"},{\"@type\":\"ListItem\",\"position\":3,\"name\":\"Os 10 erros gramaticais mais comuns \u2013 e a import\u00e2ncia de corrigi-los\"}]},{\"@type\":\"WebSite\",\"@id\":\"https:\\\/\\\/www.edialog.com.br\\\/#website\",\"url\":\"https:\\\/\\\/www.edialog.com.br\\\/\",\"name\":\"Ag\u00eancia de Inbound Marketing | E-Dialog\",\"description\":\"Ag\u00eancia de Inbound Marketing premiada com solu\u00e7\u00f5es completas para o seu neg\u00f3cio. Atraia leads, com conte\u00fados \u00fanicos e envolventes. Solicite or\u00e7amento!\",\"publisher\":{\"@id\":\"https:\\\/\\\/www.edialog.com.br\\\/#organization\"},\"potentialAction\":[{\"@type\":\"SearchAction\",\"target\":{\"@type\":\"EntryPoint\",\"urlTemplate\":\"https:\\\/\\\/www.edialog.com.br\\\/?s={search_term_string}\"},\"query-input\":{\"@type\":\"PropertyValueSpecification\",\"valueRequired\":true,\"valueName\":\"search_term_string\"}}],\"inLanguage\":\"es\"},{\"@type\":\"Organization\",\"@id\":\"https:\\\/\\\/www.edialog.com.br\\\/#organization\",\"name\":\"Ag\u00eancia de M\u00eddias Sociais e Marketing Digital | E-Dialog\",\"url\":\"https:\\\/\\\/www.edialog.com.br\\\/\",\"logo\":{\"@type\":\"ImageObject\",\"inLanguage\":\"es\",\"@id\":\"https:\\\/\\\/www.edialog.com.br\\\/#\\\/schema\\\/logo\\\/image\\\/\",\"url\":\"https:\\\/\\\/www.edialog.com.br\\\/wp-content\\\/uploads\\\/2021\\\/09\\\/edialog-logo-case.png\",\"contentUrl\":\"https:\\\/\\\/www.edialog.com.br\\\/wp-content\\\/uploads\\\/2021\\\/09\\\/edialog-logo-case.png\",\"width\":810,\"height\":450,\"caption\":\"Ag\u00eancia de M\u00eddias Sociais e Marketing Digital | E-Dialog\"},\"image\":{\"@id\":\"https:\\\/\\\/www.edialog.com.br\\\/#\\\/schema\\\/logo\\\/image\\\/\"},\"sameAs\":[\"https:\\\/\\\/facebook.com\\\/edialogcomunicacao\",\"https:\\\/\\\/x.com\\\/edialog_br\",\"https:\\\/\\\/www.instagram.com\\\/edialog_br\",\"https:\\\/\\\/www.linkedin.com\\\/company\\\/e-dialog-comunica-o-digital\",\"https:\\\/\\\/www.youtube.com\\\/channel\\\/UCPiVQ_yVlcCqWS2sRzJZj7g\"]},{\"@type\":\"Person\",\"@id\":\"https:\\\/\\\/www.edialog.com.br\\\/#\\\/schema\\\/person\\\/7f509934e54fd30b9d2d02cf51b60966\",\"name\":\"Renan Caixeiro\",\"image\":{\"@type\":\"ImageObject\",\"inLanguage\":\"es\",\"@id\":\"https:\\\/\\\/www.edialog.com.br\\\/wp-content\\\/uploads\\\/2023\\\/11\\\/renan-caixeiro-150x150.jpg\",\"url\":\"https:\\\/\\\/www.edialog.com.br\\\/wp-content\\\/uploads\\\/2023\\\/11\\\/renan-caixeiro-150x150.jpg\",\"contentUrl\":\"https:\\\/\\\/www.edialog.com.br\\\/wp-content\\\/uploads\\\/2023\\\/11\\\/renan-caixeiro-150x150.jpg\",\"caption\":\"Renan Caixeiro\"},\"description\":\"S\u00f3cio Diretor na E-Dialog, \u00e9 graduado em Jornalismo e p\u00f3s-graduado em Comunica\u00e7\u00e3o Corporativa, ambos pela UFJF. Est\u00e1 \u00e0 frente do Reportei, SaaS de relat\u00f3rios e dashboards, \u00e9 host do Projeto SaaS, podcast que compartilha experi\u00eancias do universo de software as a service, e s\u00f3cio da Aquela Caixa, comunidade para profissionais de cria\u00e7\u00e3o. Torcedor do Vasco, tem como meta comprar o Gigante da Colina. LinkedIn: @renancaixeiro \\\/ Instagram: @renancaixeiro.\",\"sameAs\":[\"http:\\\/\\\/facebook.com\\\/renancaixeiro\",\"https:\\\/\\\/www.instagram.com\\\/renancaixeiro\\\/\",\"https:\\\/\\\/br.linkedin.com\\\/in\\\/renancaixeiro\\\/pt\",\"https:\\\/\\\/x.com\\\/renancaixeiro\"],\"url\":\"https:\\\/\\\/www.edialog.com.br\\\/es\\\/author\\\/renancaixeiro\\\/\"}]}<\/script>\n<!-- \/ Yoast SEO Premium plugin. -->","yoast_head_json":{"title":"Os 10 erros gramaticais mais comuns e a import\u00e2ncia de corrigi-los","description":"O assunto hoje no blog da E-Dialog \u00e9 L\u00edngua Portuguesa. Confira um infogr\u00e1fico sobre os erros gramaticais mais comuns e que podem compromet\u00ea-lo na internet!","robots":{"index":"index","follow":"follow","max-snippet":"max-snippet:-1","max-image-preview":"max-image-preview:large","max-video-preview":"max-video-preview:-1"},"canonical":"https:\/\/www.edialog.com.br\/es\/os-10-erros-gramaticais-mais-comuns-e-a-importancia-de-corrigi-los\/","og_locale":"es_ES","og_type":"article","og_title":"Os 10 erros gramaticais mais comuns \u2013 e a import\u00e2ncia de corrigi-los","og_description":"O assunto hoje no blog da E-Dialog \u00e9 L\u00edngua Portuguesa. Confira um infogr\u00e1fico sobre os erros gramaticais mais comuns e que podem compromet\u00ea-lo na internet!","og_url":"https:\/\/www.edialog.com.br\/es\/os-10-erros-gramaticais-mais-comuns-e-a-importancia-de-corrigi-los\/","og_site_name":"Ag\u00eancia de Inbound Marketing | E-Dialog","article_publisher":"https:\/\/facebook.com\/edialogcomunicacao","article_author":"http:\/\/facebook.com\/renancaixeiro","article_published_time":"2015-04-29T19:00:35+00:00","article_modified_time":"2025-01-28T14:47:44+00:00","og_image":[{"width":500,"height":315,"url":"https:\/\/www.edialog.com.br\/wp-content\/uploads\/2015\/04\/06-blog.png","type":"image\/png"}],"author":"Renan Caixeiro","twitter_misc":{"Escrito por":"Renan Caixeiro","Tiempo de lectura":"2 minutos"},"schema":{"@context":"https:\/\/schema.org","@graph":[{"@type":["Article","BlogPosting"],"@id":"https:\/\/www.edialog.com.br\/os-10-erros-gramaticais-mais-comuns-e-a-importancia-de-corrigi-los\/#article","isPartOf":{"@id":"https:\/\/www.edialog.com.br\/os-10-erros-gramaticais-mais-comuns-e-a-importancia-de-corrigi-los\/"},"author":{"name":"Renan Caixeiro","@id":"https:\/\/www.edialog.com.br\/#\/schema\/person\/7f509934e54fd30b9d2d02cf51b60966"},"headline":"Os 10 erros gramaticais mais comuns \u2013 e a import\u00e2ncia de corrigi-los","datePublished":"2015-04-29T19:00:35+00:00","dateModified":"2025-01-28T14:47:44+00:00","mainEntityOfPage":{"@id":"https:\/\/www.edialog.com.br\/os-10-erros-gramaticais-mais-comuns-e-a-importancia-de-corrigi-los\/"},"wordCount":297,"commentCount":1,"publisher":{"@id":"https:\/\/www.edialog.com.br\/#organization"},"image":{"@id":"https:\/\/www.edialog.com.br\/os-10-erros-gramaticais-mais-comuns-e-a-importancia-de-corrigi-los\/#primaryimage"},"thumbnailUrl":"https:\/\/www.edialog.com.br\/wp-content\/uploads\/2015\/04\/06-blog.png","articleSection":["Facebook","Infogr\u00e1ficos","Internet","M\u00eddia Social"],"inLanguage":"es","potentialAction":[{"@type":"CommentAction","name":"Comment","target":["https:\/\/www.edialog.com.br\/os-10-erros-gramaticais-mais-comuns-e-a-importancia-de-corrigi-los\/#respond"]}]},{"@type":"WebPage","@id":"https:\/\/www.edialog.com.br\/os-10-erros-gramaticais-mais-comuns-e-a-importancia-de-corrigi-los\/","url":"https:\/\/www.edialog.com.br\/os-10-erros-gramaticais-mais-comuns-e-a-importancia-de-corrigi-los\/","name":"Os 10 erros gramaticais mais comuns e a import\u00e2ncia de corrigi-los","isPartOf":{"@id":"https:\/\/www.edialog.com.br\/#website"},"primaryImageOfPage":{"@id":"https:\/\/www.edialog.com.br\/os-10-erros-gramaticais-mais-comuns-e-a-importancia-de-corrigi-los\/#primaryimage"},"image":{"@id":"https:\/\/www.edialog.com.br\/os-10-erros-gramaticais-mais-comuns-e-a-importancia-de-corrigi-los\/#primaryimage"},"thumbnailUrl":"https:\/\/www.edialog.com.br\/wp-content\/uploads\/2015\/04\/06-blog.png","datePublished":"2015-04-29T19:00:35+00:00","dateModified":"2025-01-28T14:47:44+00:00","description":"O assunto hoje no blog da E-Dialog \u00e9 L\u00edngua Portuguesa. Confira um infogr\u00e1fico sobre os erros gramaticais mais comuns e que podem compromet\u00ea-lo na internet!","breadcrumb":{"@id":"https:\/\/www.edialog.com.br\/os-10-erros-gramaticais-mais-comuns-e-a-importancia-de-corrigi-los\/#breadcrumb"},"inLanguage":"es","potentialAction":[{"@type":"ReadAction","target":["https:\/\/www.edialog.com.br\/os-10-erros-gramaticais-mais-comuns-e-a-importancia-de-corrigi-los\/"]}]},{"@type":"ImageObject","inLanguage":"es","@id":"https:\/\/www.edialog.com.br\/os-10-erros-gramaticais-mais-comuns-e-a-importancia-de-corrigi-los\/#primaryimage","url":"https:\/\/www.edialog.com.br\/wp-content\/uploads\/2015\/04\/06-blog.png","contentUrl":"https:\/\/www.edialog.com.br\/wp-content\/uploads\/2015\/04\/06-blog.png","width":500,"height":315},{"@type":"BreadcrumbList","@id":"https:\/\/www.edialog.com.br\/os-10-erros-gramaticais-mais-comuns-e-a-importancia-de-corrigi-los\/#breadcrumb","itemListElement":[{"@type":"ListItem","position":1,"name":"Home","item":"https:\/\/www.edialog.com.br\/"},{"@type":"ListItem","position":2,"name":"M\u00eddia Social","item":"https:\/\/www.edialog.com.br\/category\/midia-social\/"},{"@type":"ListItem","position":3,"name":"Os 10 erros gramaticais mais comuns \u2013 e a import\u00e2ncia de corrigi-los"}]},{"@type":"WebSite","@id":"https:\/\/www.edialog.com.br\/#website","url":"https:\/\/www.edialog.com.br\/","name":"Agencia de marketing entrante | E-Dialog","description":"Ag\u00eancia de Inbound Marketing premiada com solu\u00e7\u00f5es completas para o seu neg\u00f3cio. Atraia leads, com conte\u00fados \u00fanicos e envolventes. Solicite or\u00e7amento!","publisher":{"@id":"https:\/\/www.edialog.com.br\/#organization"},"potentialAction":[{"@type":"SearchAction","target":{"@type":"EntryPoint","urlTemplate":"https:\/\/www.edialog.com.br\/?s={search_term_string}"},"query-input":{"@type":"PropertyValueSpecification","valueRequired":true,"valueName":"search_term_string"}}],"inLanguage":"es"},{"@type":"Organization","@id":"https:\/\/www.edialog.com.br\/#organization","name":"Ag\u00eancia de M\u00eddias Sociais e Marketing Digital | E-Dialog","url":"https:\/\/www.edialog.com.br\/","logo":{"@type":"ImageObject","inLanguage":"es","@id":"https:\/\/www.edialog.com.br\/#\/schema\/logo\/image\/","url":"https:\/\/www.edialog.com.br\/wp-content\/uploads\/2021\/09\/edialog-logo-case.png","contentUrl":"https:\/\/www.edialog.com.br\/wp-content\/uploads\/2021\/09\/edialog-logo-case.png","width":810,"height":450,"caption":"Ag\u00eancia de M\u00eddias Sociais e Marketing Digital | E-Dialog"},"image":{"@id":"https:\/\/www.edialog.com.br\/#\/schema\/logo\/image\/"},"sameAs":["https:\/\/facebook.com\/edialogcomunicacao","https:\/\/x.com\/edialog_br","https:\/\/www.instagram.com\/edialog_br","https:\/\/www.linkedin.com\/company\/e-dialog-comunica-o-digital","https:\/\/www.youtube.com\/channel\/UCPiVQ_yVlcCqWS2sRzJZj7g"]},{"@type":"Person","@id":"https:\/\/www.edialog.com.br\/#\/schema\/person\/7f509934e54fd30b9d2d02cf51b60966","name":"Renan Caixeiro","image":{"@type":"ImageObject","inLanguage":"es","@id":"https:\/\/www.edialog.com.br\/wp-content\/uploads\/2023\/11\/renan-caixeiro-150x150.jpg","url":"https:\/\/www.edialog.com.br\/wp-content\/uploads\/2023\/11\/renan-caixeiro-150x150.jpg","contentUrl":"https:\/\/www.edialog.com.br\/wp-content\/uploads\/2023\/11\/renan-caixeiro-150x150.jpg","caption":"Renan Caixeiro"},"description":"S\u00f3cio Diretor na E-Dialog, \u00e9 graduado em Jornalismo e p\u00f3s-graduado em Comunica\u00e7\u00e3o Corporativa, ambos pela UFJF. Est\u00e1 \u00e0 frente do Reportei, SaaS de relat\u00f3rios e dashboards, \u00e9 host do Projeto SaaS, podcast que compartilha experi\u00eancias do universo de software as a service, e s\u00f3cio da Aquela Caixa, comunidade para profissionais de cria\u00e7\u00e3o. Torcedor do Vasco, tem como meta comprar o Gigante da Colina. LinkedIn: @renancaixeiro \/ Instagram: @renancaixeiro.","sameAs":["http:\/\/facebook.com\/renancaixeiro","https:\/\/www.instagram.com\/renancaixeiro\/","https:\/\/br.linkedin.com\/in\/renancaixeiro\/pt","https:\/\/x.com\/renancaixeiro"],"url":"https:\/\/www.edialog.com.br\/es\/author\/renancaixeiro\/"}]}},"_links":{"self":[{"href":"https:\/\/www.edialog.com.br\/es\/wp-json\/wp\/v2\/posts\/6137","targetHints":{"allow":["GET"]}}],"collection":[{"href":"https:\/\/www.edialog.com.br\/es\/wp-json\/wp\/v2\/posts"}],"about":[{"href":"https:\/\/www.edialog.com.br\/es\/wp-json\/wp\/v2\/types\/post"}],"author":[{"embeddable":true,"href":"https:\/\/www.edialog.com.br\/es\/wp-json\/wp\/v2\/users\/1"}],"replies":[{"embeddable":true,"href":"https:\/\/www.edialog.com.br\/es\/wp-json\/wp\/v2\/comments?post=6137"}],"version-history":[{"count":1,"href":"https:\/\/www.edialog.com.br\/es\/wp-json\/wp\/v2\/posts\/6137\/revisions"}],"predecessor-version":[{"id":227351,"href":"https:\/\/www.edialog.com.br\/es\/wp-json\/wp\/v2\/posts\/6137\/revisions\/227351"}],"wp:featuredmedia":[{"embeddable":true,"href":"https:\/\/www.edialog.com.br\/es\/wp-json\/wp\/v2\/media\/6138"}],"wp:attachment":[{"href":"https:\/\/www.edialog.com.br\/es\/wp-json\/wp\/v2\/media?parent=6137"}],"wp:term":[{"taxonomy":"category","embeddable":true,"href":"https:\/\/www.edialog.com.br\/es\/wp-json\/wp\/v2\/categories?post=6137"},{"taxonomy":"post_tag","embeddable":true,"href":"https:\/\/www.edialog.com.br\/es\/wp-json\/wp\/v2\/tags?post=6137"}],"curies":[{"name":"wp","href":"https:\/\/api.w.org\/{rel}","templated":true}]}}