{"id":5820,"date":"2015-02-25T16:54:34","date_gmt":"2015-02-25T19:54:34","guid":{"rendered":"https:\/\/www.edialog.com.br\/?p=5820"},"modified":"2024-03-21T09:27:53","modified_gmt":"2024-03-21T12:27:53","slug":"2015-o-ano-dos-videos-facebook-infografico","status":"publish","type":"post","link":"https:\/\/www.edialog.com.br\/es\/2015-o-ano-dos-videos-facebook-infografico\/","title":{"rendered":"2015 \u2013 o ano dos v\u00eddeos no Facebook [infogr\u00e1fico]"},"content":{"rendered":"<p>Vamos fazer um exerc\u00edcio de mem\u00f3ria. Voc\u00ea se lembra, quando entrou no Facebook, <strong>como eram<\/strong> os posts que apareciam na timeline? Voc\u00ea lembra da presen\u00e7a de muitos <strong>v\u00eddeos<\/strong> no Facebook, a n\u00e3o ser os links compartilhados Youtube?<\/p>\n<p>N\u00e3o precisamos ir t\u00e3o longe. H\u00e1 6 meses, voc\u00ea acha que via tantos v\u00eddeos no Facebook quanto hoje? V\u00eddeos nativos, como s\u00e3o chamados, os que s\u00e3o postados diretamente na rede social, e n\u00e3o apenas compartilhados.<\/p>\n<p>Pois n\u00e3o \u00e9 impress\u00e3o sua, se voc\u00ea percebeu que o n\u00famero de v\u00eddeos aumentou muito.<\/p>\n<p><strong>N\u00fameros<\/strong><\/p>\n<p>A <a href=\"https:\/\/www.edialog.com.br\/es\/\" target=\"_blank\" rel=\"noopener\"><strong>Di\u00e1logo electr\u00f3nico<\/strong><\/a> compilou no infogr\u00e1fico abaixo alguns n\u00fameros que traduzem a import\u00e2ncia do audiovisual para as redes sociais hoje. Especificamente, tratando das postagens de v\u00eddeos no Facebook. Por exemplo, por m\u00eas, no mundo todo, s\u00e3o publicados <strong>100 MILH\u00d5ES de v\u00eddeos no Facebook<\/strong> (ainda nada perto do compartilhamento de, nada mais, nada menos, que <strong>350 MILH\u00d5ES de imagens DIARIAMENTE<\/strong>). Confira!<\/p>\n<p><a href=\"https:\/\/www.edialog.com.br\/wp-content\/uploads\/2015\/02\/INFOVIDEOS.png\"><img fetchpriority=\"high\" decoding=\"async\" class=\"size-full wp-image-5821 aligncenter\" src=\"https:\/\/www.edialog.com.br\/wp-content\/uploads\/2015\/02\/INFOVIDEOS.png\" alt=\"INFOVIDEOS\" width=\"600\" height=\"1388\" \/><\/a><\/p>\n<p>&nbsp;<\/p>\n<p>Leia mais no nosso <a href=\"https:\/\/www.edialog.com.br\/es\/el-blog\/\" target=\"_blank\" rel=\"noopener\"><strong>el blog<\/strong><\/a>!<\/p>\n<p>&#8211; <a href=\"https:\/\/www.edialog.com.br\/es\/o-que-e-inbound-marketing\/\" target=\"_blank\" rel=\"noopener\"><strong>\u00bfQu\u00e9 es el inbound marketing?<\/strong><\/a><\/p>\n<p>&#8211; <a href=\"https:\/\/www.edialog.com.br\/es\/twitter\/twitter-fecha-acordo-para-tweets-aparecerem-em-buscas-google\/\" target=\"_blank\" rel=\"noopener\"><strong>Twitter fecha acordo para tweets aparecerem em buscas no Google<\/strong><\/a><\/p>\n<p>&#8211; <a href=\"https:\/\/www.edialog.com.br\/es\/empresarial\/crescimento-linkedin-e-comprovado-por-verba-publicitaria\/\" target=\"_blank\" rel=\"noopener\"><strong>Crescimento do LinkedIn \u00e9 comprovado por verba publicit\u00e1ria<\/strong><\/a><\/p>","protected":false},"excerpt":{"rendered":"<p>Vamos fazer um exerc\u00edcio de mem\u00f3ria. Voc\u00ea se lembra, quando entrou no Facebook, como eram os posts que apareciam na timeline? Voc\u00ea lembra da presen\u00e7a de muitos v\u00eddeos no Facebook, a n\u00e3o ser os links compartilhados Youtube? N\u00e3o precisamos ir t\u00e3o longe. H\u00e1 6 meses, voc\u00ea acha que via tantos v\u00eddeos no Facebook quanto hoje? [&hellip;]<\/p>\n","protected":false},"author":1,"featured_media":5822,"comment_status":"open","ping_status":"open","sticky":false,"template":"","format":"standard","meta":{"_acf_changed":false,"content-type":"","footnotes":""},"categories":[43,459,207,63],"tags":[],"class_list":["post-5820","post","type-post","status-publish","format-standard","has-post-thumbnail","hentry","category-facebook","category-infograficos","category-internet-2","category-marketing-2-0"],"acf":[],"yoast_head":"<!-- This site is optimized with the Yoast SEO Premium plugin v27.3 (Yoast SEO v27.3) - https:\/\/yoast.com\/product\/yoast-seo-premium-wordpress\/ -->\n<title>2015 \u2013 o ano dos v\u00eddeos no Facebook [infogr\u00e1fico] | E-Dialog<\/title>\n<meta name=\"description\" content=\"O ano promete privil\u00e9gio para v\u00eddeos no Facebook. Mais possibilidades de comunica\u00e7\u00e3o e propaganda (e alcance para as p\u00e1ginas). Confira nosso infogr\u00e1fico!\" \/>\n<meta name=\"robots\" content=\"index, follow, max-snippet:-1, max-image-preview:large, max-video-preview:-1\" \/>\n<link rel=\"canonical\" href=\"https:\/\/www.edialog.com.br\/es\/2015-o-ano-dos-videos-facebook-infografico\/\" \/>\n<meta property=\"og:locale\" content=\"es_ES\" \/>\n<meta property=\"og:type\" content=\"article\" \/>\n<meta property=\"og:title\" content=\"2015 \u2013 o ano dos v\u00eddeos no Facebook [infogr\u00e1fico]\" \/>\n<meta property=\"og:description\" content=\"O ano promete privil\u00e9gio para v\u00eddeos no Facebook. Mais possibilidades de comunica\u00e7\u00e3o e propaganda (e alcance para as p\u00e1ginas). Confira nosso infogr\u00e1fico!\" \/>\n<meta property=\"og:url\" content=\"https:\/\/www.edialog.com.br\/es\/2015-o-ano-dos-videos-facebook-infografico\/\" \/>\n<meta property=\"og:site_name\" content=\"Ag\u00eancia de Inbound Marketing | E-Dialog\" \/>\n<meta property=\"article:publisher\" content=\"https:\/\/facebook.com\/edialogcomunicacao\" \/>\n<meta property=\"article:author\" content=\"http:\/\/facebook.com\/renancaixeiro\" \/>\n<meta property=\"article:published_time\" content=\"2015-02-25T19:54:34+00:00\" \/>\n<meta property=\"article:modified_time\" content=\"2024-03-21T12:27:53+00:00\" \/>\n<meta property=\"og:image\" content=\"https:\/\/www.edialog.com.br\/wp-content\/uploads\/2015\/02\/07-blog.png\" \/>\n\t<meta property=\"og:image:width\" content=\"500\" \/>\n\t<meta property=\"og:image:height\" content=\"315\" \/>\n\t<meta property=\"og:image:type\" content=\"image\/png\" \/>\n<meta name=\"author\" content=\"Renan Caixeiro\" \/>\n<meta name=\"twitter:label1\" content=\"Escrito por\" \/>\n\t<meta name=\"twitter:data1\" content=\"Renan Caixeiro\" \/>\n\t<meta name=\"twitter:label2\" content=\"Tiempo de lectura\" \/>\n\t<meta name=\"twitter:data2\" content=\"2 minutos\" \/>\n<script type=\"application\/ld+json\" class=\"yoast-schema-graph\">{\"@context\":\"https:\\\/\\\/schema.org\",\"@graph\":[{\"@type\":[\"Article\",\"BlogPosting\"],\"@id\":\"https:\\\/\\\/www.edialog.com.br\\\/2015-o-ano-dos-videos-facebook-infografico\\\/#article\",\"isPartOf\":{\"@id\":\"https:\\\/\\\/www.edialog.com.br\\\/2015-o-ano-dos-videos-facebook-infografico\\\/\"},\"author\":{\"name\":\"Renan Caixeiro\",\"@id\":\"https:\\\/\\\/www.edialog.com.br\\\/#\\\/schema\\\/person\\\/7f509934e54fd30b9d2d02cf51b60966\"},\"headline\":\"2015 \u2013 o ano dos v\u00eddeos no Facebook [infogr\u00e1fico]\",\"datePublished\":\"2015-02-25T19:54:34+00:00\",\"dateModified\":\"2024-03-21T12:27:53+00:00\",\"mainEntityOfPage\":{\"@id\":\"https:\\\/\\\/www.edialog.com.br\\\/2015-o-ano-dos-videos-facebook-infografico\\\/\"},\"wordCount\":209,\"commentCount\":2,\"publisher\":{\"@id\":\"https:\\\/\\\/www.edialog.com.br\\\/#organization\"},\"image\":{\"@id\":\"https:\\\/\\\/www.edialog.com.br\\\/2015-o-ano-dos-videos-facebook-infografico\\\/#primaryimage\"},\"thumbnailUrl\":\"https:\\\/\\\/www.edialog.com.br\\\/wp-content\\\/uploads\\\/2015\\\/02\\\/07-blog.png\",\"articleSection\":[\"Facebook\",\"Infogr\u00e1ficos\",\"Internet\",\"Marketing 2.0\"],\"inLanguage\":\"es\",\"potentialAction\":[{\"@type\":\"CommentAction\",\"name\":\"Comment\",\"target\":[\"https:\\\/\\\/www.edialog.com.br\\\/2015-o-ano-dos-videos-facebook-infografico\\\/#respond\"]}]},{\"@type\":\"WebPage\",\"@id\":\"https:\\\/\\\/www.edialog.com.br\\\/2015-o-ano-dos-videos-facebook-infografico\\\/\",\"url\":\"https:\\\/\\\/www.edialog.com.br\\\/2015-o-ano-dos-videos-facebook-infografico\\\/\",\"name\":\"2015 \u2013 o ano dos v\u00eddeos no Facebook [infogr\u00e1fico] | E-Dialog\",\"isPartOf\":{\"@id\":\"https:\\\/\\\/www.edialog.com.br\\\/#website\"},\"primaryImageOfPage\":{\"@id\":\"https:\\\/\\\/www.edialog.com.br\\\/2015-o-ano-dos-videos-facebook-infografico\\\/#primaryimage\"},\"image\":{\"@id\":\"https:\\\/\\\/www.edialog.com.br\\\/2015-o-ano-dos-videos-facebook-infografico\\\/#primaryimage\"},\"thumbnailUrl\":\"https:\\\/\\\/www.edialog.com.br\\\/wp-content\\\/uploads\\\/2015\\\/02\\\/07-blog.png\",\"datePublished\":\"2015-02-25T19:54:34+00:00\",\"dateModified\":\"2024-03-21T12:27:53+00:00\",\"description\":\"O ano promete privil\u00e9gio para v\u00eddeos no Facebook. Mais possibilidades de comunica\u00e7\u00e3o e propaganda (e alcance para as p\u00e1ginas). Confira nosso infogr\u00e1fico!\",\"breadcrumb\":{\"@id\":\"https:\\\/\\\/www.edialog.com.br\\\/2015-o-ano-dos-videos-facebook-infografico\\\/#breadcrumb\"},\"inLanguage\":\"es\",\"potentialAction\":[{\"@type\":\"ReadAction\",\"target\":[\"https:\\\/\\\/www.edialog.com.br\\\/2015-o-ano-dos-videos-facebook-infografico\\\/\"]}]},{\"@type\":\"ImageObject\",\"inLanguage\":\"es\",\"@id\":\"https:\\\/\\\/www.edialog.com.br\\\/2015-o-ano-dos-videos-facebook-infografico\\\/#primaryimage\",\"url\":\"https:\\\/\\\/www.edialog.com.br\\\/wp-content\\\/uploads\\\/2015\\\/02\\\/07-blog.png\",\"contentUrl\":\"https:\\\/\\\/www.edialog.com.br\\\/wp-content\\\/uploads\\\/2015\\\/02\\\/07-blog.png\",\"width\":500,\"height\":315},{\"@type\":\"BreadcrumbList\",\"@id\":\"https:\\\/\\\/www.edialog.com.br\\\/2015-o-ano-dos-videos-facebook-infografico\\\/#breadcrumb\",\"itemListElement\":[{\"@type\":\"ListItem\",\"position\":1,\"name\":\"Home\",\"item\":\"https:\\\/\\\/www.edialog.com.br\\\/\"},{\"@type\":\"ListItem\",\"position\":2,\"name\":\"Facebook\",\"item\":\"https:\\\/\\\/www.edialog.com.br\\\/category\\\/facebook\\\/\"},{\"@type\":\"ListItem\",\"position\":3,\"name\":\"2015 \u2013 o ano dos v\u00eddeos no Facebook [infogr\u00e1fico]\"}]},{\"@type\":\"WebSite\",\"@id\":\"https:\\\/\\\/www.edialog.com.br\\\/#website\",\"url\":\"https:\\\/\\\/www.edialog.com.br\\\/\",\"name\":\"Ag\u00eancia de Inbound Marketing | E-Dialog\",\"description\":\"Ag\u00eancia de Inbound Marketing premiada com solu\u00e7\u00f5es completas para o seu neg\u00f3cio. Atraia leads, com conte\u00fados \u00fanicos e envolventes. Solicite or\u00e7amento!\",\"publisher\":{\"@id\":\"https:\\\/\\\/www.edialog.com.br\\\/#organization\"},\"potentialAction\":[{\"@type\":\"SearchAction\",\"target\":{\"@type\":\"EntryPoint\",\"urlTemplate\":\"https:\\\/\\\/www.edialog.com.br\\\/?s={search_term_string}\"},\"query-input\":{\"@type\":\"PropertyValueSpecification\",\"valueRequired\":true,\"valueName\":\"search_term_string\"}}],\"inLanguage\":\"es\"},{\"@type\":\"Organization\",\"@id\":\"https:\\\/\\\/www.edialog.com.br\\\/#organization\",\"name\":\"Ag\u00eancia de M\u00eddias Sociais e Marketing Digital | E-Dialog\",\"url\":\"https:\\\/\\\/www.edialog.com.br\\\/\",\"logo\":{\"@type\":\"ImageObject\",\"inLanguage\":\"es\",\"@id\":\"https:\\\/\\\/www.edialog.com.br\\\/#\\\/schema\\\/logo\\\/image\\\/\",\"url\":\"https:\\\/\\\/www.edialog.com.br\\\/wp-content\\\/uploads\\\/2021\\\/09\\\/edialog-logo-case.png\",\"contentUrl\":\"https:\\\/\\\/www.edialog.com.br\\\/wp-content\\\/uploads\\\/2021\\\/09\\\/edialog-logo-case.png\",\"width\":810,\"height\":450,\"caption\":\"Ag\u00eancia de M\u00eddias Sociais e Marketing Digital | E-Dialog\"},\"image\":{\"@id\":\"https:\\\/\\\/www.edialog.com.br\\\/#\\\/schema\\\/logo\\\/image\\\/\"},\"sameAs\":[\"https:\\\/\\\/facebook.com\\\/edialogcomunicacao\",\"https:\\\/\\\/x.com\\\/edialog_br\",\"https:\\\/\\\/www.instagram.com\\\/edialog_br\",\"https:\\\/\\\/www.linkedin.com\\\/company\\\/e-dialog-comunica-o-digital\",\"https:\\\/\\\/www.youtube.com\\\/channel\\\/UCPiVQ_yVlcCqWS2sRzJZj7g\"]},{\"@type\":\"Person\",\"@id\":\"https:\\\/\\\/www.edialog.com.br\\\/#\\\/schema\\\/person\\\/7f509934e54fd30b9d2d02cf51b60966\",\"name\":\"Renan Caixeiro\",\"image\":{\"@type\":\"ImageObject\",\"inLanguage\":\"es\",\"@id\":\"https:\\\/\\\/www.edialog.com.br\\\/wp-content\\\/uploads\\\/2023\\\/11\\\/renan-caixeiro-150x150.jpg\",\"url\":\"https:\\\/\\\/www.edialog.com.br\\\/wp-content\\\/uploads\\\/2023\\\/11\\\/renan-caixeiro-150x150.jpg\",\"contentUrl\":\"https:\\\/\\\/www.edialog.com.br\\\/wp-content\\\/uploads\\\/2023\\\/11\\\/renan-caixeiro-150x150.jpg\",\"caption\":\"Renan Caixeiro\"},\"description\":\"S\u00f3cio Diretor na E-Dialog, \u00e9 graduado em Jornalismo e p\u00f3s-graduado em Comunica\u00e7\u00e3o Corporativa, ambos pela UFJF. Est\u00e1 \u00e0 frente do Reportei, SaaS de relat\u00f3rios e dashboards, \u00e9 host do Projeto SaaS, podcast que compartilha experi\u00eancias do universo de software as a service, e s\u00f3cio da Aquela Caixa, comunidade para profissionais de cria\u00e7\u00e3o. Torcedor do Vasco, tem como meta comprar o Gigante da Colina. LinkedIn: @renancaixeiro \\\/ Instagram: @renancaixeiro.\",\"sameAs\":[\"http:\\\/\\\/facebook.com\\\/renancaixeiro\",\"https:\\\/\\\/www.instagram.com\\\/renancaixeiro\\\/\",\"https:\\\/\\\/br.linkedin.com\\\/in\\\/renancaixeiro\\\/pt\",\"https:\\\/\\\/x.com\\\/renancaixeiro\"],\"url\":\"https:\\\/\\\/www.edialog.com.br\\\/es\\\/author\\\/renancaixeiro\\\/\"}]}<\/script>\n<!-- \/ Yoast SEO Premium plugin. -->","yoast_head_json":{"title":"2015 \u2013 o ano dos v\u00eddeos no Facebook [infogr\u00e1fico] | E-Dialog","description":"O ano promete privil\u00e9gio para v\u00eddeos no Facebook. Mais possibilidades de comunica\u00e7\u00e3o e propaganda (e alcance para as p\u00e1ginas). Confira nosso infogr\u00e1fico!","robots":{"index":"index","follow":"follow","max-snippet":"max-snippet:-1","max-image-preview":"max-image-preview:large","max-video-preview":"max-video-preview:-1"},"canonical":"https:\/\/www.edialog.com.br\/es\/2015-o-ano-dos-videos-facebook-infografico\/","og_locale":"es_ES","og_type":"article","og_title":"2015 \u2013 o ano dos v\u00eddeos no Facebook [infogr\u00e1fico]","og_description":"O ano promete privil\u00e9gio para v\u00eddeos no Facebook. Mais possibilidades de comunica\u00e7\u00e3o e propaganda (e alcance para as p\u00e1ginas). Confira nosso infogr\u00e1fico!","og_url":"https:\/\/www.edialog.com.br\/es\/2015-o-ano-dos-videos-facebook-infografico\/","og_site_name":"Ag\u00eancia de Inbound Marketing | E-Dialog","article_publisher":"https:\/\/facebook.com\/edialogcomunicacao","article_author":"http:\/\/facebook.com\/renancaixeiro","article_published_time":"2015-02-25T19:54:34+00:00","article_modified_time":"2024-03-21T12:27:53+00:00","og_image":[{"width":500,"height":315,"url":"https:\/\/www.edialog.com.br\/wp-content\/uploads\/2015\/02\/07-blog.png","type":"image\/png"}],"author":"Renan Caixeiro","twitter_misc":{"Escrito por":"Renan Caixeiro","Tiempo de lectura":"2 minutos"},"schema":{"@context":"https:\/\/schema.org","@graph":[{"@type":["Article","BlogPosting"],"@id":"https:\/\/www.edialog.com.br\/2015-o-ano-dos-videos-facebook-infografico\/#article","isPartOf":{"@id":"https:\/\/www.edialog.com.br\/2015-o-ano-dos-videos-facebook-infografico\/"},"author":{"name":"Renan Caixeiro","@id":"https:\/\/www.edialog.com.br\/#\/schema\/person\/7f509934e54fd30b9d2d02cf51b60966"},"headline":"2015 \u2013 o ano dos v\u00eddeos no Facebook [infogr\u00e1fico]","datePublished":"2015-02-25T19:54:34+00:00","dateModified":"2024-03-21T12:27:53+00:00","mainEntityOfPage":{"@id":"https:\/\/www.edialog.com.br\/2015-o-ano-dos-videos-facebook-infografico\/"},"wordCount":209,"commentCount":2,"publisher":{"@id":"https:\/\/www.edialog.com.br\/#organization"},"image":{"@id":"https:\/\/www.edialog.com.br\/2015-o-ano-dos-videos-facebook-infografico\/#primaryimage"},"thumbnailUrl":"https:\/\/www.edialog.com.br\/wp-content\/uploads\/2015\/02\/07-blog.png","articleSection":["Facebook","Infogr\u00e1ficos","Internet","Marketing 2.0"],"inLanguage":"es","potentialAction":[{"@type":"CommentAction","name":"Comment","target":["https:\/\/www.edialog.com.br\/2015-o-ano-dos-videos-facebook-infografico\/#respond"]}]},{"@type":"WebPage","@id":"https:\/\/www.edialog.com.br\/2015-o-ano-dos-videos-facebook-infografico\/","url":"https:\/\/www.edialog.com.br\/2015-o-ano-dos-videos-facebook-infografico\/","name":"2015 \u2013 o ano dos v\u00eddeos no Facebook [infogr\u00e1fico] | E-Dialog","isPartOf":{"@id":"https:\/\/www.edialog.com.br\/#website"},"primaryImageOfPage":{"@id":"https:\/\/www.edialog.com.br\/2015-o-ano-dos-videos-facebook-infografico\/#primaryimage"},"image":{"@id":"https:\/\/www.edialog.com.br\/2015-o-ano-dos-videos-facebook-infografico\/#primaryimage"},"thumbnailUrl":"https:\/\/www.edialog.com.br\/wp-content\/uploads\/2015\/02\/07-blog.png","datePublished":"2015-02-25T19:54:34+00:00","dateModified":"2024-03-21T12:27:53+00:00","description":"O ano promete privil\u00e9gio para v\u00eddeos no Facebook. Mais possibilidades de comunica\u00e7\u00e3o e propaganda (e alcance para as p\u00e1ginas). Confira nosso infogr\u00e1fico!","breadcrumb":{"@id":"https:\/\/www.edialog.com.br\/2015-o-ano-dos-videos-facebook-infografico\/#breadcrumb"},"inLanguage":"es","potentialAction":[{"@type":"ReadAction","target":["https:\/\/www.edialog.com.br\/2015-o-ano-dos-videos-facebook-infografico\/"]}]},{"@type":"ImageObject","inLanguage":"es","@id":"https:\/\/www.edialog.com.br\/2015-o-ano-dos-videos-facebook-infografico\/#primaryimage","url":"https:\/\/www.edialog.com.br\/wp-content\/uploads\/2015\/02\/07-blog.png","contentUrl":"https:\/\/www.edialog.com.br\/wp-content\/uploads\/2015\/02\/07-blog.png","width":500,"height":315},{"@type":"BreadcrumbList","@id":"https:\/\/www.edialog.com.br\/2015-o-ano-dos-videos-facebook-infografico\/#breadcrumb","itemListElement":[{"@type":"ListItem","position":1,"name":"Home","item":"https:\/\/www.edialog.com.br\/"},{"@type":"ListItem","position":2,"name":"Facebook","item":"https:\/\/www.edialog.com.br\/category\/facebook\/"},{"@type":"ListItem","position":3,"name":"2015 \u2013 o ano dos v\u00eddeos no Facebook [infogr\u00e1fico]"}]},{"@type":"WebSite","@id":"https:\/\/www.edialog.com.br\/#website","url":"https:\/\/www.edialog.com.br\/","name":"Agencia de marketing entrante | E-Dialog","description":"Ag\u00eancia de Inbound Marketing premiada com solu\u00e7\u00f5es completas para o seu neg\u00f3cio. Atraia leads, com conte\u00fados \u00fanicos e envolventes. Solicite or\u00e7amento!","publisher":{"@id":"https:\/\/www.edialog.com.br\/#organization"},"potentialAction":[{"@type":"SearchAction","target":{"@type":"EntryPoint","urlTemplate":"https:\/\/www.edialog.com.br\/?s={search_term_string}"},"query-input":{"@type":"PropertyValueSpecification","valueRequired":true,"valueName":"search_term_string"}}],"inLanguage":"es"},{"@type":"Organization","@id":"https:\/\/www.edialog.com.br\/#organization","name":"Ag\u00eancia de M\u00eddias Sociais e Marketing Digital | E-Dialog","url":"https:\/\/www.edialog.com.br\/","logo":{"@type":"ImageObject","inLanguage":"es","@id":"https:\/\/www.edialog.com.br\/#\/schema\/logo\/image\/","url":"https:\/\/www.edialog.com.br\/wp-content\/uploads\/2021\/09\/edialog-logo-case.png","contentUrl":"https:\/\/www.edialog.com.br\/wp-content\/uploads\/2021\/09\/edialog-logo-case.png","width":810,"height":450,"caption":"Ag\u00eancia de M\u00eddias Sociais e Marketing Digital | E-Dialog"},"image":{"@id":"https:\/\/www.edialog.com.br\/#\/schema\/logo\/image\/"},"sameAs":["https:\/\/facebook.com\/edialogcomunicacao","https:\/\/x.com\/edialog_br","https:\/\/www.instagram.com\/edialog_br","https:\/\/www.linkedin.com\/company\/e-dialog-comunica-o-digital","https:\/\/www.youtube.com\/channel\/UCPiVQ_yVlcCqWS2sRzJZj7g"]},{"@type":"Person","@id":"https:\/\/www.edialog.com.br\/#\/schema\/person\/7f509934e54fd30b9d2d02cf51b60966","name":"Renan Caixeiro","image":{"@type":"ImageObject","inLanguage":"es","@id":"https:\/\/www.edialog.com.br\/wp-content\/uploads\/2023\/11\/renan-caixeiro-150x150.jpg","url":"https:\/\/www.edialog.com.br\/wp-content\/uploads\/2023\/11\/renan-caixeiro-150x150.jpg","contentUrl":"https:\/\/www.edialog.com.br\/wp-content\/uploads\/2023\/11\/renan-caixeiro-150x150.jpg","caption":"Renan Caixeiro"},"description":"S\u00f3cio Diretor na E-Dialog, \u00e9 graduado em Jornalismo e p\u00f3s-graduado em Comunica\u00e7\u00e3o Corporativa, ambos pela UFJF. Est\u00e1 \u00e0 frente do Reportei, SaaS de relat\u00f3rios e dashboards, \u00e9 host do Projeto SaaS, podcast que compartilha experi\u00eancias do universo de software as a service, e s\u00f3cio da Aquela Caixa, comunidade para profissionais de cria\u00e7\u00e3o. Torcedor do Vasco, tem como meta comprar o Gigante da Colina. LinkedIn: @renancaixeiro \/ Instagram: @renancaixeiro.","sameAs":["http:\/\/facebook.com\/renancaixeiro","https:\/\/www.instagram.com\/renancaixeiro\/","https:\/\/br.linkedin.com\/in\/renancaixeiro\/pt","https:\/\/x.com\/renancaixeiro"],"url":"https:\/\/www.edialog.com.br\/es\/author\/renancaixeiro\/"}]}},"_links":{"self":[{"href":"https:\/\/www.edialog.com.br\/es\/wp-json\/wp\/v2\/posts\/5820","targetHints":{"allow":["GET"]}}],"collection":[{"href":"https:\/\/www.edialog.com.br\/es\/wp-json\/wp\/v2\/posts"}],"about":[{"href":"https:\/\/www.edialog.com.br\/es\/wp-json\/wp\/v2\/types\/post"}],"author":[{"embeddable":true,"href":"https:\/\/www.edialog.com.br\/es\/wp-json\/wp\/v2\/users\/1"}],"replies":[{"embeddable":true,"href":"https:\/\/www.edialog.com.br\/es\/wp-json\/wp\/v2\/comments?post=5820"}],"version-history":[{"count":0,"href":"https:\/\/www.edialog.com.br\/es\/wp-json\/wp\/v2\/posts\/5820\/revisions"}],"wp:featuredmedia":[{"embeddable":true,"href":"https:\/\/www.edialog.com.br\/es\/wp-json\/wp\/v2\/media\/5822"}],"wp:attachment":[{"href":"https:\/\/www.edialog.com.br\/es\/wp-json\/wp\/v2\/media?parent=5820"}],"wp:term":[{"taxonomy":"category","embeddable":true,"href":"https:\/\/www.edialog.com.br\/es\/wp-json\/wp\/v2\/categories?post=5820"},{"taxonomy":"post_tag","embeddable":true,"href":"https:\/\/www.edialog.com.br\/es\/wp-json\/wp\/v2\/tags?post=5820"}],"curies":[{"name":"wp","href":"https:\/\/api.w.org\/{rel}","templated":true}]}}