{"id":540,"date":"2011-02-22T13:21:48","date_gmt":"2011-02-22T16:21:48","guid":{"rendered":"https:\/\/www.edialog.com.br\/?p=540"},"modified":"2025-01-28T11:50:42","modified_gmt":"2025-01-28T14:50:42","slug":"google-social-search-integra-resultados-de-busca-com-as-redes-sociais","status":"publish","type":"post","link":"https:\/\/www.edialog.com.br\/es\/google-social-search-integra-resultados-de-busca-com-as-redes-sociais\/","title":{"rendered":"Google Social Search integra resultados de busca com as redes sociais"},"content":{"rendered":"<p><a href=\"https:\/\/www.edialog.com.br\/wp-content\/uploads\/2011\/02\/google-social.jpg\"><img fetchpriority=\"high\" decoding=\"async\" class=\"aligncenter size-full wp-image-541\" title=\"google social\" src=\"https:\/\/www.edialog.com.br\/wp-content\/uploads\/2011\/02\/google-social.jpg\" alt=\"\" width=\"259\" height=\"194\" srcset=\"https:\/\/www.edialog.com.br\/wp-content\/uploads\/2011\/02\/google-social.jpg 259w, https:\/\/www.edialog.com.br\/wp-content\/uploads\/2011\/02\/google-social-150x112.jpg 150w\" sizes=\"(max-width: 259px) 100vw, 259px\" \/><\/a><\/p>\n<p>O <a href=\"https:\/\/sol.sapo.pt\/inicio\/Tecnologia\/Interior.aspx?content_id=12042\" target=\"_blank\" rel=\"noopener\">Google Social Search<\/a> \u00e9 uma ferramenta de busca na qual o usu\u00e1rio encontra resultados a partir de seus contatos cadastrados na conta do Google. Agora, ela acaba de ser atualizada e traz algumas novidades.<br \/>\n<!--more--><\/p>\n<p>Uma das novidades mais legais integra os resultados da busca com as<a href=\"https:\/\/www.pontomidia.com.br\/raquel\/\" target=\"_blank\" rel=\"noopener\"> redes sociais<\/a> em que o assunto pesquisado foi publicado. Ou seja, depois dessa atualiza\u00e7\u00e3o, se voc\u00ea procurar sobre determinado assunto, aparece uma nota com o nome do usu\u00e1rio e da rede social em que o assunto foi postado.<\/p>\n<p>A outra mudan\u00e7a \u00e9 que antes s\u00f3 apareciam em destaque os resultados da busca social e os resultados da busca comum, ficavam no p\u00e9 da p\u00e1gina. Agora eles ficam misturados, como descrito aqui:<\/p>\n<p><em>\u201cIsso significa que voc\u00ea come\u00e7ar\u00e1 a ver mais de pessoas como colegas de trabalho e amigos. Se voc\u00ea estiver pensando em escalar o <a href=\"https:\/\/pt.wikipedia.org\/wiki\/Kilimanjaro\">Monte Kilimanjaro<\/a>, por exemplo, e seu amigo Matt tiver escrito um post em um blog sobre isso, colocaremos [nos resultados] esse post, junto com uma foto\u201d, escreveram Mike Cassidy e Matthew Kulick, gerentes de produto da empresa, no <a href=\"https:\/\/googleblog.blogspot.com\/\" target=\"_blank\" rel=\"noopener\">blog oficial<\/a>.<\/em><\/p>\n<p>Uma dica: tem um v\u00eddeo bem legal que mostra essas mudan\u00e7as nesse post aqui: <a href=\"https:\/\/bit.ly\/dFBSlc\" target=\"_blank\" rel=\"noopener\">Google anuncia melhorias no Social Search <\/a><\/p>\n<p>Fonte: <a href=\"https:\/\/revistaepoca.globo.com\/Revista\/Epoca\/0,,EMI212405-15201,00-FERRAMENTA+DE+BUSCA+SOCIAL+DO+GOOGLE+E+ATUALIZADA+PARA+FACILITAR+A+VIDA+DO+.html\">Revista \u00c9poca <\/a><\/p>\n","protected":false},"excerpt":{"rendered":"<p>O Google Social Search \u00e9 uma ferramenta de busca na qual o usu\u00e1rio encontra resultados a partir de seus contatos cadastrados na conta do Google. Agora, ela acaba de ser atualizada e traz algumas novidades.<\/p>","protected":false},"author":1,"featured_media":0,"comment_status":"open","ping_status":"open","sticky":false,"template":"","format":"standard","meta":{"_acf_changed":false,"content-type":"","footnotes":""},"categories":[8],"tags":[146,148,49,147,12],"class_list":["post-540","post","type-post","status-publish","format-standard","hentry","category-midia-social","tag-google-social","tag-pesquisa","tag-redes","tag-search","tag-social"],"acf":[],"yoast_head":"<!-- This site is optimized with the Yoast SEO Premium plugin v27.5 (Yoast SEO v27.5) - https:\/\/yoast.com\/product\/yoast-seo-premium-wordpress\/ -->\n<title>Google Social Search: resultados de busca com redes sociais<\/title>\n<meta name=\"description\" content=\"O Google Social Search \u00e9 uma ferramenta de busca na qual o usu\u00e1rio encontra resultados a partir de seus contatos cadastrados na conta do Google. Agora,\" \/>\n<meta name=\"robots\" content=\"index, follow, max-snippet:-1, max-image-preview:large, max-video-preview:-1\" \/>\n<link rel=\"canonical\" href=\"https:\/\/www.edialog.com.br\/es\/google-social-search-integra-resultados-de-busca-com-as-redes-sociais\/\" \/>\n<meta property=\"og:locale\" content=\"es_ES\" \/>\n<meta property=\"og:type\" content=\"article\" \/>\n<meta property=\"og:title\" content=\"Google Social Search integra resultados de busca com as redes sociais\" \/>\n<meta property=\"og:description\" content=\"O Google Social Search \u00e9 uma ferramenta de busca na qual o usu\u00e1rio encontra resultados a partir de seus contatos cadastrados na conta do Google. Agora,\" \/>\n<meta property=\"og:url\" content=\"https:\/\/www.edialog.com.br\/es\/google-social-search-integra-resultados-de-busca-com-as-redes-sociais\/\" \/>\n<meta property=\"og:site_name\" content=\"Ag\u00eancia de Inbound Marketing | E-Dialog\" \/>\n<meta property=\"article:publisher\" content=\"https:\/\/facebook.com\/edialogcomunicacao\" \/>\n<meta property=\"article:author\" content=\"http:\/\/facebook.com\/renancaixeiro\" \/>\n<meta property=\"article:published_time\" content=\"2011-02-22T16:21:48+00:00\" \/>\n<meta property=\"article:modified_time\" content=\"2025-01-28T14:50:42+00:00\" \/>\n<meta property=\"og:image\" content=\"https:\/\/www.edialog.com.br\/wp-content\/uploads\/2011\/02\/google-social.jpg\" \/>\n\t<meta property=\"og:image:width\" content=\"259\" \/>\n\t<meta property=\"og:image:height\" content=\"194\" \/>\n\t<meta property=\"og:image:type\" content=\"image\/jpeg\" \/>\n<meta name=\"author\" content=\"Renan Caixeiro\" \/>\n<meta name=\"twitter:label1\" content=\"Escrito por\" \/>\n\t<meta name=\"twitter:data1\" content=\"Renan Caixeiro\" \/>\n\t<meta name=\"twitter:label2\" content=\"Tiempo de lectura\" \/>\n\t<meta name=\"twitter:data2\" content=\"2 minutos\" \/>\n<script type=\"application\/ld+json\" class=\"yoast-schema-graph\">{\"@context\":\"https:\\\/\\\/schema.org\",\"@graph\":[{\"@type\":[\"Article\",\"BlogPosting\"],\"@id\":\"https:\\\/\\\/www.edialog.com.br\\\/google-social-search-integra-resultados-de-busca-com-as-redes-sociais\\\/#article\",\"isPartOf\":{\"@id\":\"https:\\\/\\\/www.edialog.com.br\\\/google-social-search-integra-resultados-de-busca-com-as-redes-sociais\\\/\"},\"author\":{\"name\":\"Renan Caixeiro\",\"@id\":\"https:\\\/\\\/www.edialog.com.br\\\/#\\\/schema\\\/person\\\/7f509934e54fd30b9d2d02cf51b60966\"},\"headline\":\"Google Social Search integra resultados de busca com as redes sociais\",\"datePublished\":\"2011-02-22T16:21:48+00:00\",\"dateModified\":\"2025-01-28T14:50:42+00:00\",\"mainEntityOfPage\":{\"@id\":\"https:\\\/\\\/www.edialog.com.br\\\/google-social-search-integra-resultados-de-busca-com-as-redes-sociais\\\/\"},\"wordCount\":221,\"commentCount\":0,\"publisher\":{\"@id\":\"https:\\\/\\\/www.edialog.com.br\\\/#organization\"},\"image\":{\"@id\":\"https:\\\/\\\/www.edialog.com.br\\\/google-social-search-integra-resultados-de-busca-com-as-redes-sociais\\\/#primaryimage\"},\"thumbnailUrl\":\"https:\\\/\\\/www.edialog.com.br\\\/wp-content\\\/uploads\\\/2011\\\/02\\\/google-social.jpg\",\"keywords\":[\"google social\",\"pesquisa\",\"redes\",\"search\",\"social\"],\"articleSection\":[\"M\u00eddia Social\"],\"inLanguage\":\"es\",\"potentialAction\":[{\"@type\":\"CommentAction\",\"name\":\"Comment\",\"target\":[\"https:\\\/\\\/www.edialog.com.br\\\/google-social-search-integra-resultados-de-busca-com-as-redes-sociais\\\/#respond\"]}]},{\"@type\":\"WebPage\",\"@id\":\"https:\\\/\\\/www.edialog.com.br\\\/google-social-search-integra-resultados-de-busca-com-as-redes-sociais\\\/\",\"url\":\"https:\\\/\\\/www.edialog.com.br\\\/google-social-search-integra-resultados-de-busca-com-as-redes-sociais\\\/\",\"name\":\"Google Social Search: resultados de busca com redes sociais\",\"isPartOf\":{\"@id\":\"https:\\\/\\\/www.edialog.com.br\\\/#website\"},\"primaryImageOfPage\":{\"@id\":\"https:\\\/\\\/www.edialog.com.br\\\/google-social-search-integra-resultados-de-busca-com-as-redes-sociais\\\/#primaryimage\"},\"image\":{\"@id\":\"https:\\\/\\\/www.edialog.com.br\\\/google-social-search-integra-resultados-de-busca-com-as-redes-sociais\\\/#primaryimage\"},\"thumbnailUrl\":\"https:\\\/\\\/www.edialog.com.br\\\/wp-content\\\/uploads\\\/2011\\\/02\\\/google-social.jpg\",\"datePublished\":\"2011-02-22T16:21:48+00:00\",\"dateModified\":\"2025-01-28T14:50:42+00:00\",\"description\":\"O Google Social Search \u00e9 uma ferramenta de busca na qual o usu\u00e1rio encontra resultados a partir de seus contatos cadastrados na conta do Google. Agora,\",\"breadcrumb\":{\"@id\":\"https:\\\/\\\/www.edialog.com.br\\\/google-social-search-integra-resultados-de-busca-com-as-redes-sociais\\\/#breadcrumb\"},\"inLanguage\":\"es\",\"potentialAction\":[{\"@type\":\"ReadAction\",\"target\":[\"https:\\\/\\\/www.edialog.com.br\\\/google-social-search-integra-resultados-de-busca-com-as-redes-sociais\\\/\"]}]},{\"@type\":\"ImageObject\",\"inLanguage\":\"es\",\"@id\":\"https:\\\/\\\/www.edialog.com.br\\\/google-social-search-integra-resultados-de-busca-com-as-redes-sociais\\\/#primaryimage\",\"url\":\"https:\\\/\\\/www.edialog.com.br\\\/wp-content\\\/uploads\\\/2011\\\/02\\\/google-social.jpg\",\"contentUrl\":\"https:\\\/\\\/www.edialog.com.br\\\/wp-content\\\/uploads\\\/2011\\\/02\\\/google-social.jpg\"},{\"@type\":\"BreadcrumbList\",\"@id\":\"https:\\\/\\\/www.edialog.com.br\\\/google-social-search-integra-resultados-de-busca-com-as-redes-sociais\\\/#breadcrumb\",\"itemListElement\":[{\"@type\":\"ListItem\",\"position\":1,\"name\":\"Home\",\"item\":\"https:\\\/\\\/www.edialog.com.br\\\/\"},{\"@type\":\"ListItem\",\"position\":2,\"name\":\"M\u00eddia Social\",\"item\":\"https:\\\/\\\/www.edialog.com.br\\\/category\\\/midia-social\\\/\"},{\"@type\":\"ListItem\",\"position\":3,\"name\":\"Google Social Search integra resultados de busca com as redes sociais\"}]},{\"@type\":\"WebSite\",\"@id\":\"https:\\\/\\\/www.edialog.com.br\\\/#website\",\"url\":\"https:\\\/\\\/www.edialog.com.br\\\/\",\"name\":\"Ag\u00eancia de Inbound Marketing | E-Dialog\",\"description\":\"Ag\u00eancia de Inbound Marketing premiada com solu\u00e7\u00f5es completas para o seu neg\u00f3cio. Atraia leads, com conte\u00fados \u00fanicos e envolventes. Solicite or\u00e7amento!\",\"publisher\":{\"@id\":\"https:\\\/\\\/www.edialog.com.br\\\/#organization\"},\"potentialAction\":[{\"@type\":\"SearchAction\",\"target\":{\"@type\":\"EntryPoint\",\"urlTemplate\":\"https:\\\/\\\/www.edialog.com.br\\\/?s={search_term_string}\"},\"query-input\":{\"@type\":\"PropertyValueSpecification\",\"valueRequired\":true,\"valueName\":\"search_term_string\"}}],\"inLanguage\":\"es\"},{\"@type\":\"Organization\",\"@id\":\"https:\\\/\\\/www.edialog.com.br\\\/#organization\",\"name\":\"Ag\u00eancia de M\u00eddias Sociais e Marketing Digital | E-Dialog\",\"url\":\"https:\\\/\\\/www.edialog.com.br\\\/\",\"logo\":{\"@type\":\"ImageObject\",\"inLanguage\":\"es\",\"@id\":\"https:\\\/\\\/www.edialog.com.br\\\/#\\\/schema\\\/logo\\\/image\\\/\",\"url\":\"https:\\\/\\\/www.edialog.com.br\\\/wp-content\\\/uploads\\\/2021\\\/09\\\/edialog-logo-case.png\",\"contentUrl\":\"https:\\\/\\\/www.edialog.com.br\\\/wp-content\\\/uploads\\\/2021\\\/09\\\/edialog-logo-case.png\",\"width\":810,\"height\":450,\"caption\":\"Ag\u00eancia de M\u00eddias Sociais e Marketing Digital | E-Dialog\"},\"image\":{\"@id\":\"https:\\\/\\\/www.edialog.com.br\\\/#\\\/schema\\\/logo\\\/image\\\/\"},\"sameAs\":[\"https:\\\/\\\/facebook.com\\\/edialogcomunicacao\",\"https:\\\/\\\/x.com\\\/edialog_br\",\"https:\\\/\\\/www.instagram.com\\\/edialog_br\",\"https:\\\/\\\/www.linkedin.com\\\/company\\\/e-dialog-comunica-o-digital\",\"https:\\\/\\\/www.youtube.com\\\/channel\\\/UCPiVQ_yVlcCqWS2sRzJZj7g\"]},{\"@type\":\"Person\",\"@id\":\"https:\\\/\\\/www.edialog.com.br\\\/#\\\/schema\\\/person\\\/7f509934e54fd30b9d2d02cf51b60966\",\"name\":\"Renan Caixeiro\",\"image\":{\"@type\":\"ImageObject\",\"inLanguage\":\"es\",\"@id\":\"https:\\\/\\\/www.edialog.com.br\\\/wp-content\\\/uploads\\\/2023\\\/11\\\/renan-caixeiro-150x150.jpg\",\"url\":\"https:\\\/\\\/www.edialog.com.br\\\/wp-content\\\/uploads\\\/2023\\\/11\\\/renan-caixeiro-150x150.jpg\",\"contentUrl\":\"https:\\\/\\\/www.edialog.com.br\\\/wp-content\\\/uploads\\\/2023\\\/11\\\/renan-caixeiro-150x150.jpg\",\"caption\":\"Renan Caixeiro\"},\"description\":\"S\u00f3cio Diretor na E-Dialog, \u00e9 graduado em Jornalismo e p\u00f3s-graduado em Comunica\u00e7\u00e3o Corporativa, ambos pela UFJF. Est\u00e1 \u00e0 frente do Reportei, SaaS de relat\u00f3rios e dashboards, \u00e9 host do Projeto SaaS, podcast que compartilha experi\u00eancias do universo de software as a service, e s\u00f3cio da Aquela Caixa, comunidade para profissionais de cria\u00e7\u00e3o. Torcedor do Vasco, tem como meta comprar o Gigante da Colina. LinkedIn: @renancaixeiro \\\/ Instagram: @renancaixeiro.\",\"sameAs\":[\"http:\\\/\\\/facebook.com\\\/renancaixeiro\",\"https:\\\/\\\/www.instagram.com\\\/renancaixeiro\\\/\",\"https:\\\/\\\/br.linkedin.com\\\/in\\\/renancaixeiro\\\/pt\",\"https:\\\/\\\/x.com\\\/renancaixeiro\"],\"url\":\"https:\\\/\\\/www.edialog.com.br\\\/es\\\/author\\\/renancaixeiro\\\/\"}]}<\/script>\n<!-- \/ Yoast SEO Premium plugin. -->","yoast_head_json":{"title":"Google Social Search: resultados de busca com redes sociais","description":"O Google Social Search \u00e9 uma ferramenta de busca na qual o usu\u00e1rio encontra resultados a partir de seus contatos cadastrados na conta do Google. Agora,","robots":{"index":"index","follow":"follow","max-snippet":"max-snippet:-1","max-image-preview":"max-image-preview:large","max-video-preview":"max-video-preview:-1"},"canonical":"https:\/\/www.edialog.com.br\/es\/google-social-search-integra-resultados-de-busca-com-as-redes-sociais\/","og_locale":"es_ES","og_type":"article","og_title":"Google Social Search integra resultados de busca com as redes sociais","og_description":"O Google Social Search \u00e9 uma ferramenta de busca na qual o usu\u00e1rio encontra resultados a partir de seus contatos cadastrados na conta do Google. Agora,","og_url":"https:\/\/www.edialog.com.br\/es\/google-social-search-integra-resultados-de-busca-com-as-redes-sociais\/","og_site_name":"Ag\u00eancia de Inbound Marketing | E-Dialog","article_publisher":"https:\/\/facebook.com\/edialogcomunicacao","article_author":"http:\/\/facebook.com\/renancaixeiro","article_published_time":"2011-02-22T16:21:48+00:00","article_modified_time":"2025-01-28T14:50:42+00:00","og_image":[{"width":259,"height":194,"url":"https:\/\/www.edialog.com.br\/wp-content\/uploads\/2011\/02\/google-social.jpg","type":"image\/jpeg"}],"author":"Renan Caixeiro","twitter_misc":{"Escrito por":"Renan Caixeiro","Tiempo de lectura":"2 minutos"},"schema":{"@context":"https:\/\/schema.org","@graph":[{"@type":["Article","BlogPosting"],"@id":"https:\/\/www.edialog.com.br\/google-social-search-integra-resultados-de-busca-com-as-redes-sociais\/#article","isPartOf":{"@id":"https:\/\/www.edialog.com.br\/google-social-search-integra-resultados-de-busca-com-as-redes-sociais\/"},"author":{"name":"Renan Caixeiro","@id":"https:\/\/www.edialog.com.br\/#\/schema\/person\/7f509934e54fd30b9d2d02cf51b60966"},"headline":"Google Social Search integra resultados de busca com as redes sociais","datePublished":"2011-02-22T16:21:48+00:00","dateModified":"2025-01-28T14:50:42+00:00","mainEntityOfPage":{"@id":"https:\/\/www.edialog.com.br\/google-social-search-integra-resultados-de-busca-com-as-redes-sociais\/"},"wordCount":221,"commentCount":0,"publisher":{"@id":"https:\/\/www.edialog.com.br\/#organization"},"image":{"@id":"https:\/\/www.edialog.com.br\/google-social-search-integra-resultados-de-busca-com-as-redes-sociais\/#primaryimage"},"thumbnailUrl":"https:\/\/www.edialog.com.br\/wp-content\/uploads\/2011\/02\/google-social.jpg","keywords":["google social","pesquisa","redes","search","social"],"articleSection":["M\u00eddia Social"],"inLanguage":"es","potentialAction":[{"@type":"CommentAction","name":"Comment","target":["https:\/\/www.edialog.com.br\/google-social-search-integra-resultados-de-busca-com-as-redes-sociais\/#respond"]}]},{"@type":"WebPage","@id":"https:\/\/www.edialog.com.br\/google-social-search-integra-resultados-de-busca-com-as-redes-sociais\/","url":"https:\/\/www.edialog.com.br\/google-social-search-integra-resultados-de-busca-com-as-redes-sociais\/","name":"Google Social Search: resultados de busca com redes sociais","isPartOf":{"@id":"https:\/\/www.edialog.com.br\/#website"},"primaryImageOfPage":{"@id":"https:\/\/www.edialog.com.br\/google-social-search-integra-resultados-de-busca-com-as-redes-sociais\/#primaryimage"},"image":{"@id":"https:\/\/www.edialog.com.br\/google-social-search-integra-resultados-de-busca-com-as-redes-sociais\/#primaryimage"},"thumbnailUrl":"https:\/\/www.edialog.com.br\/wp-content\/uploads\/2011\/02\/google-social.jpg","datePublished":"2011-02-22T16:21:48+00:00","dateModified":"2025-01-28T14:50:42+00:00","description":"O Google Social Search \u00e9 uma ferramenta de busca na qual o usu\u00e1rio encontra resultados a partir de seus contatos cadastrados na conta do Google. Agora,","breadcrumb":{"@id":"https:\/\/www.edialog.com.br\/google-social-search-integra-resultados-de-busca-com-as-redes-sociais\/#breadcrumb"},"inLanguage":"es","potentialAction":[{"@type":"ReadAction","target":["https:\/\/www.edialog.com.br\/google-social-search-integra-resultados-de-busca-com-as-redes-sociais\/"]}]},{"@type":"ImageObject","inLanguage":"es","@id":"https:\/\/www.edialog.com.br\/google-social-search-integra-resultados-de-busca-com-as-redes-sociais\/#primaryimage","url":"https:\/\/www.edialog.com.br\/wp-content\/uploads\/2011\/02\/google-social.jpg","contentUrl":"https:\/\/www.edialog.com.br\/wp-content\/uploads\/2011\/02\/google-social.jpg"},{"@type":"BreadcrumbList","@id":"https:\/\/www.edialog.com.br\/google-social-search-integra-resultados-de-busca-com-as-redes-sociais\/#breadcrumb","itemListElement":[{"@type":"ListItem","position":1,"name":"Home","item":"https:\/\/www.edialog.com.br\/"},{"@type":"ListItem","position":2,"name":"M\u00eddia Social","item":"https:\/\/www.edialog.com.br\/category\/midia-social\/"},{"@type":"ListItem","position":3,"name":"Google Social Search integra resultados de busca com as redes sociais"}]},{"@type":"WebSite","@id":"https:\/\/www.edialog.com.br\/#website","url":"https:\/\/www.edialog.com.br\/","name":"Agencia de marketing entrante | E-Dialog","description":"Ag\u00eancia de Inbound Marketing premiada com solu\u00e7\u00f5es completas para o seu neg\u00f3cio. Atraia leads, com conte\u00fados \u00fanicos e envolventes. Solicite or\u00e7amento!","publisher":{"@id":"https:\/\/www.edialog.com.br\/#organization"},"potentialAction":[{"@type":"SearchAction","target":{"@type":"EntryPoint","urlTemplate":"https:\/\/www.edialog.com.br\/?s={search_term_string}"},"query-input":{"@type":"PropertyValueSpecification","valueRequired":true,"valueName":"search_term_string"}}],"inLanguage":"es"},{"@type":"Organization","@id":"https:\/\/www.edialog.com.br\/#organization","name":"Ag\u00eancia de M\u00eddias Sociais e Marketing Digital | E-Dialog","url":"https:\/\/www.edialog.com.br\/","logo":{"@type":"ImageObject","inLanguage":"es","@id":"https:\/\/www.edialog.com.br\/#\/schema\/logo\/image\/","url":"https:\/\/www.edialog.com.br\/wp-content\/uploads\/2021\/09\/edialog-logo-case.png","contentUrl":"https:\/\/www.edialog.com.br\/wp-content\/uploads\/2021\/09\/edialog-logo-case.png","width":810,"height":450,"caption":"Ag\u00eancia de M\u00eddias Sociais e Marketing Digital | E-Dialog"},"image":{"@id":"https:\/\/www.edialog.com.br\/#\/schema\/logo\/image\/"},"sameAs":["https:\/\/facebook.com\/edialogcomunicacao","https:\/\/x.com\/edialog_br","https:\/\/www.instagram.com\/edialog_br","https:\/\/www.linkedin.com\/company\/e-dialog-comunica-o-digital","https:\/\/www.youtube.com\/channel\/UCPiVQ_yVlcCqWS2sRzJZj7g"]},{"@type":"Person","@id":"https:\/\/www.edialog.com.br\/#\/schema\/person\/7f509934e54fd30b9d2d02cf51b60966","name":"Renan Caixeiro","image":{"@type":"ImageObject","inLanguage":"es","@id":"https:\/\/www.edialog.com.br\/wp-content\/uploads\/2023\/11\/renan-caixeiro-150x150.jpg","url":"https:\/\/www.edialog.com.br\/wp-content\/uploads\/2023\/11\/renan-caixeiro-150x150.jpg","contentUrl":"https:\/\/www.edialog.com.br\/wp-content\/uploads\/2023\/11\/renan-caixeiro-150x150.jpg","caption":"Renan Caixeiro"},"description":"S\u00f3cio Diretor na E-Dialog, \u00e9 graduado em Jornalismo e p\u00f3s-graduado em Comunica\u00e7\u00e3o Corporativa, ambos pela UFJF. Est\u00e1 \u00e0 frente do Reportei, SaaS de relat\u00f3rios e dashboards, \u00e9 host do Projeto SaaS, podcast que compartilha experi\u00eancias do universo de software as a service, e s\u00f3cio da Aquela Caixa, comunidade para profissionais de cria\u00e7\u00e3o. Torcedor do Vasco, tem como meta comprar o Gigante da Colina. LinkedIn: @renancaixeiro \/ Instagram: @renancaixeiro.","sameAs":["http:\/\/facebook.com\/renancaixeiro","https:\/\/www.instagram.com\/renancaixeiro\/","https:\/\/br.linkedin.com\/in\/renancaixeiro\/pt","https:\/\/x.com\/renancaixeiro"],"url":"https:\/\/www.edialog.com.br\/es\/author\/renancaixeiro\/"}]}},"_links":{"self":[{"href":"https:\/\/www.edialog.com.br\/es\/wp-json\/wp\/v2\/posts\/540","targetHints":{"allow":["GET"]}}],"collection":[{"href":"https:\/\/www.edialog.com.br\/es\/wp-json\/wp\/v2\/posts"}],"about":[{"href":"https:\/\/www.edialog.com.br\/es\/wp-json\/wp\/v2\/types\/post"}],"author":[{"embeddable":true,"href":"https:\/\/www.edialog.com.br\/es\/wp-json\/wp\/v2\/users\/1"}],"replies":[{"embeddable":true,"href":"https:\/\/www.edialog.com.br\/es\/wp-json\/wp\/v2\/comments?post=540"}],"version-history":[{"count":1,"href":"https:\/\/www.edialog.com.br\/es\/wp-json\/wp\/v2\/posts\/540\/revisions"}],"predecessor-version":[{"id":228039,"href":"https:\/\/www.edialog.com.br\/es\/wp-json\/wp\/v2\/posts\/540\/revisions\/228039"}],"wp:attachment":[{"href":"https:\/\/www.edialog.com.br\/es\/wp-json\/wp\/v2\/media?parent=540"}],"wp:term":[{"taxonomy":"category","embeddable":true,"href":"https:\/\/www.edialog.com.br\/es\/wp-json\/wp\/v2\/categories?post=540"},{"taxonomy":"post_tag","embeddable":true,"href":"https:\/\/www.edialog.com.br\/es\/wp-json\/wp\/v2\/tags?post=540"}],"curies":[{"name":"wp","href":"https:\/\/api.w.org\/{rel}","templated":true}]}}