{"id":5372,"date":"2014-09-22T18:24:46","date_gmt":"2014-09-22T21:24:46","guid":{"rendered":"https:\/\/www.edialog.com.br\/?p=5372"},"modified":"2025-01-28T13:16:47","modified_gmt":"2025-01-28T16:16:47","slug":"facebook-ou-linkedin-o-que-recomendamos-para-marketing-digital-b2b","status":"publish","type":"post","link":"https:\/\/www.edialog.com.br\/es\/facebook-ou-linkedin-o-que-recomendamos-para-marketing-digital-b2b\/","title":{"rendered":"Facebook o LinkedIn: \u00bfqu\u00e9 recomendamos para el marketing digital B2B?"},"content":{"rendered":"<p>Diariamente recebemos contatos de pequenas e m\u00e9dias empresas que querem vender para outras empresas com ferramentas de marketing digital (ou <strong>marketing digital B2B<\/strong>). Uma das d\u00favidas mais comuns que lidamos diariamente\u00a0\u00e9:<\/p>\n<p><em>Devo utilizar o Facebook ou o LinkedIn?<\/em><\/p>\n<p>Isso varia e depende de dois fatores: <strong>o p\u00fablico-alvo da a\u00e7\u00e3o e a\u00a0verba dispon\u00edvel<\/strong>.<\/p>\n<h3>O p\u00fablico<\/h3>\n<p>A melhor maneira de entender se o p\u00fablico est\u00e1 no Facebook \u00e9 acessar a ferramenta de an\u00fancios em <a title=\"https:\/\/facebook.com\/ads\/create\" href=\"https:\/\/facebook.com\/ads\/create\">https:\/\/facebook.com\/ads\/create<\/a>. Na janela de segmenta\u00e7\u00e3o, tente colocar alguns fatores como curso de forma\u00e7\u00e3o do p\u00fablico. \u00c9 interessante tamb\u00e9m listar p\u00e1ginas e palavras que tenham rela\u00e7\u00e3o com seu produto.<\/p>\n<figure id=\"attachment_5373\" aria-describedby=\"caption-attachment-5373\" style=\"width: 654px\" class=\"wp-caption aligncenter\"><img fetchpriority=\"high\" decoding=\"async\" class=\"wp-image-5373 size-full\" src=\"https:\/\/www.edialog.com.br\/wp-content\/uploads\/2014\/09\/marketing-digital-b2b.jpg\" alt=\"marketing-digital-b2b\" width=\"654\" height=\"232\" srcset=\"https:\/\/www.edialog.com.br\/wp-content\/uploads\/2014\/09\/marketing-digital-b2b.jpg 654w, https:\/\/www.edialog.com.br\/wp-content\/uploads\/2014\/09\/marketing-digital-b2b-300x106.jpg 300w\" sizes=\"(max-width: 654px) 100vw, 654px\" \/><figcaption id=\"caption-attachment-5373\" class=\"wp-caption-text\">segmenta\u00e7\u00e3o por campos de estudo \u00e9 uma boa alternativa<\/figcaption><\/figure>\n<p>Outro op\u00e7\u00e3o que o Facebook nos d\u00e1 \u00e9 segmentar para propriet\u00e1rios de pequenas empresas:<\/p>\n<p><a href=\"https:\/\/www.edialog.com.br\/wp-content\/uploads\/2014\/09\/marketing-digital-b2b-2.jpg\"><img decoding=\"async\" class=\"aligncenter size-full wp-image-5374\" src=\"https:\/\/www.edialog.com.br\/wp-content\/uploads\/2014\/09\/marketing-digital-b2b-2.jpg\" alt=\"marketing-digital-b2b-2\" width=\"806\" height=\"228\" srcset=\"https:\/\/www.edialog.com.br\/wp-content\/uploads\/2014\/09\/marketing-digital-b2b-2.jpg 806w, https:\/\/www.edialog.com.br\/wp-content\/uploads\/2014\/09\/marketing-digital-b2b-2-300x84.jpg 300w\" sizes=\"(max-width: 806px) 100vw, 806px\" \/><\/a><\/p>\n<p>No fim, procure verificar se h\u00e1 um n\u00famero suficiente de pessoas dentro da segmenta\u00e7\u00e3o escolhida, conforme exemplo abaixo.<\/p>\n<p><a href=\"https:\/\/www.edialog.com.br\/wp-content\/uploads\/2014\/09\/marketing-digital-b2b-3.jpg\"><img decoding=\"async\" class=\"aligncenter size-full wp-image-5375\" src=\"https:\/\/www.edialog.com.br\/wp-content\/uploads\/2014\/09\/marketing-digital-b2b-3.jpg\" alt=\"marketing-digital-b2b-3\" width=\"249\" height=\"343\" srcset=\"https:\/\/www.edialog.com.br\/wp-content\/uploads\/2014\/09\/marketing-digital-b2b-3.jpg 249w, https:\/\/www.edialog.com.br\/wp-content\/uploads\/2014\/09\/marketing-digital-b2b-3-217x300.jpg 217w\" sizes=\"(max-width: 249px) 100vw, 249px\" \/><\/a><\/p>\n<p>No <a href=\"https:\/\/www.linkedin.com\/ads\/\">LinkedIn<\/a>, a segmenta\u00e7\u00e3o \u00e9 ainda mais espec\u00edfica, com foco em cargos, setores da economia e empresas. E os resultados de p\u00fablico aparecem na tela.<\/p>\n<p><img loading=\"lazy\" decoding=\"async\" class=\"aligncenter size-full wp-image-5376\" src=\"https:\/\/www.edialog.com.br\/wp-content\/uploads\/2014\/09\/marketing-digital-b2b-linkedin.jpg\" alt=\"marketing-digital-b2b-linkedin\" width=\"500\" height=\"239\" srcset=\"https:\/\/www.edialog.com.br\/wp-content\/uploads\/2014\/09\/marketing-digital-b2b-linkedin.jpg 500w, https:\/\/www.edialog.com.br\/wp-content\/uploads\/2014\/09\/marketing-digital-b2b-linkedin-300x143.jpg 300w\" sizes=\"(max-width: 500px) 100vw, 500px\" \/><\/p>\n<p>Uma vez determinado se o p\u00fablico-alvo est\u00e1 presente, \u00e9 a hora de decidir&#8230;.<\/p>\n<h3>A verba<\/h3>\n<p>O Facebook \u00e9 uma rede mais &#8220;barata&#8221; que o LinkedIn.<\/p>\n<p>Para se ter uma ideia, no LinkedIn, o <strong>custo por clique mais baixo exigido \u00e9 R$ 4,00<\/strong>. No Facebook, conseguimos lan\u00e7ar campanhas com cliques abaixo de R$ 0,20, por exemplo. Custo mais baixo quase nunca significa mais resultados &#8211; entretanto, para quem n\u00e3o tem verba para ver 40 reais voarem em 10 cliques, recomendamos o Facebook.<\/p>\n<p>Al\u00e9m da verba de an\u00fancios, \u00e9 fundamental combinar isso com <strong>conte\u00fado de qualidade<\/strong>, como j\u00e1 ressaltamos neste artigo:<strong><span style=\"color: #0000ff;\"> <a style=\"color: #0000ff;\" href=\"https:\/\/www.edialog.com.br\/es\/opiniao\/opiniao-como-encarar-midias-sociais-e-marketing-digital-em-2015\/\">como encarar as M\u00eddias sociais em 2015<\/a><\/span>.<\/strong><\/p>","protected":false},"excerpt":{"rendered":"<p>Diariamente recebemos contatos de pequenas e m\u00e9dias empresas que querem vender para outras empresas com ferramentas de marketing digital (ou marketing digital B2B). Uma das d\u00favidas mais comuns que lidamos diariamente\u00a0\u00e9: Devo utilizar o Facebook ou o LinkedIn? Isso varia e depende de dois fatores: o p\u00fablico-alvo da a\u00e7\u00e3o e a\u00a0verba dispon\u00edvel. O p\u00fablico A [&hellip;]<\/p>\n","protected":false},"author":1,"featured_media":5378,"comment_status":"open","ping_status":"open","sticky":false,"template":"","format":"standard","meta":{"_acf_changed":false,"content-type":"","footnotes":""},"categories":[68],"tags":[489,77,229],"class_list":["post-5372","post","type-post","status-publish","format-standard","has-post-thumbnail","hentry","category-opiniao","tag-b2b","tag-conteudo","tag-marketing-digital"],"acf":[],"yoast_head":"<!-- This site is optimized with the Yoast SEO Premium plugin v27.5 (Yoast SEO v27.5) - https:\/\/yoast.com\/product\/yoast-seo-premium-wordpress\/ -->\n<title>Facebook ou LinkedIn para Marketing Digital B2B? - E-Dialog<\/title>\n<meta name=\"description\" content=\"Facebook ou LinkedIn? Entenda vantagens de cada rede para estrat\u00e9gias B2B e descubra qual delas pode gerar resultados para sua empresa.\" \/>\n<meta name=\"robots\" content=\"index, follow, max-snippet:-1, max-image-preview:large, max-video-preview:-1\" \/>\n<link rel=\"canonical\" href=\"https:\/\/www.edialog.com.br\/es\/facebook-ou-linkedin-o-que-recomendamos-para-marketing-digital-b2b\/\" \/>\n<meta property=\"og:locale\" content=\"es_ES\" \/>\n<meta property=\"og:type\" content=\"article\" \/>\n<meta property=\"og:title\" content=\"Facebook ou LinkedIn? O que recomendamos para Marketing Digital B2B\" \/>\n<meta property=\"og:description\" content=\"Facebook ou LinkedIn? Entenda vantagens de cada rede para estrat\u00e9gias B2B e descubra qual delas pode gerar resultados para sua empresa.\" \/>\n<meta property=\"og:url\" content=\"https:\/\/www.edialog.com.br\/es\/facebook-ou-linkedin-o-que-recomendamos-para-marketing-digital-b2b\/\" \/>\n<meta property=\"og:site_name\" content=\"Ag\u00eancia de Inbound Marketing | E-Dialog\" \/>\n<meta property=\"article:publisher\" content=\"https:\/\/facebook.com\/edialogcomunicacao\" \/>\n<meta property=\"article:author\" content=\"http:\/\/facebook.com\/renancaixeiro\" \/>\n<meta property=\"article:published_time\" content=\"2014-09-22T21:24:46+00:00\" \/>\n<meta property=\"article:modified_time\" content=\"2025-01-28T16:16:47+00:00\" \/>\n<meta property=\"og:image\" content=\"https:\/\/www.edialog.com.br\/wp-content\/uploads\/2014\/09\/10_marketing-digital_blog.png\" \/>\n\t<meta property=\"og:image:width\" content=\"500\" \/>\n\t<meta property=\"og:image:height\" content=\"315\" \/>\n\t<meta property=\"og:image:type\" content=\"image\/png\" \/>\n<meta name=\"author\" content=\"Renan Caixeiro\" \/>\n<meta name=\"twitter:label1\" content=\"Escrito por\" \/>\n\t<meta name=\"twitter:data1\" content=\"Renan Caixeiro\" \/>\n\t<meta name=\"twitter:label2\" content=\"Tiempo de lectura\" \/>\n\t<meta name=\"twitter:data2\" content=\"3 minutos\" \/>\n<script type=\"application\/ld+json\" class=\"yoast-schema-graph\">{\"@context\":\"https:\\\/\\\/schema.org\",\"@graph\":[{\"@type\":[\"Article\",\"BlogPosting\"],\"@id\":\"https:\\\/\\\/www.edialog.com.br\\\/facebook-ou-linkedin-o-que-recomendamos-para-marketing-digital-b2b\\\/#article\",\"isPartOf\":{\"@id\":\"https:\\\/\\\/www.edialog.com.br\\\/facebook-ou-linkedin-o-que-recomendamos-para-marketing-digital-b2b\\\/\"},\"author\":{\"name\":\"Renan Caixeiro\",\"@id\":\"https:\\\/\\\/www.edialog.com.br\\\/#\\\/schema\\\/person\\\/7f509934e54fd30b9d2d02cf51b60966\"},\"headline\":\"Facebook ou LinkedIn? O que recomendamos para Marketing Digital B2B\",\"datePublished\":\"2014-09-22T21:24:46+00:00\",\"dateModified\":\"2025-01-28T16:16:47+00:00\",\"mainEntityOfPage\":{\"@id\":\"https:\\\/\\\/www.edialog.com.br\\\/facebook-ou-linkedin-o-que-recomendamos-para-marketing-digital-b2b\\\/\"},\"wordCount\":311,\"commentCount\":0,\"publisher\":{\"@id\":\"https:\\\/\\\/www.edialog.com.br\\\/#organization\"},\"image\":{\"@id\":\"https:\\\/\\\/www.edialog.com.br\\\/facebook-ou-linkedin-o-que-recomendamos-para-marketing-digital-b2b\\\/#primaryimage\"},\"thumbnailUrl\":\"https:\\\/\\\/www.edialog.com.br\\\/wp-content\\\/uploads\\\/2014\\\/09\\\/10_marketing-digital_blog.png\",\"keywords\":[\"b2b\",\"conte\u00fado\",\"marketing digital\"],\"articleSection\":[\"Opini\u00e3o\"],\"inLanguage\":\"es\",\"potentialAction\":[{\"@type\":\"CommentAction\",\"name\":\"Comment\",\"target\":[\"https:\\\/\\\/www.edialog.com.br\\\/facebook-ou-linkedin-o-que-recomendamos-para-marketing-digital-b2b\\\/#respond\"]}]},{\"@type\":\"WebPage\",\"@id\":\"https:\\\/\\\/www.edialog.com.br\\\/facebook-ou-linkedin-o-que-recomendamos-para-marketing-digital-b2b\\\/\",\"url\":\"https:\\\/\\\/www.edialog.com.br\\\/facebook-ou-linkedin-o-que-recomendamos-para-marketing-digital-b2b\\\/\",\"name\":\"Facebook ou LinkedIn para Marketing Digital B2B? - E-Dialog\",\"isPartOf\":{\"@id\":\"https:\\\/\\\/www.edialog.com.br\\\/#website\"},\"primaryImageOfPage\":{\"@id\":\"https:\\\/\\\/www.edialog.com.br\\\/facebook-ou-linkedin-o-que-recomendamos-para-marketing-digital-b2b\\\/#primaryimage\"},\"image\":{\"@id\":\"https:\\\/\\\/www.edialog.com.br\\\/facebook-ou-linkedin-o-que-recomendamos-para-marketing-digital-b2b\\\/#primaryimage\"},\"thumbnailUrl\":\"https:\\\/\\\/www.edialog.com.br\\\/wp-content\\\/uploads\\\/2014\\\/09\\\/10_marketing-digital_blog.png\",\"datePublished\":\"2014-09-22T21:24:46+00:00\",\"dateModified\":\"2025-01-28T16:16:47+00:00\",\"description\":\"Facebook ou LinkedIn? Entenda vantagens de cada rede para estrat\u00e9gias B2B e descubra qual delas pode gerar resultados para sua empresa.\",\"breadcrumb\":{\"@id\":\"https:\\\/\\\/www.edialog.com.br\\\/facebook-ou-linkedin-o-que-recomendamos-para-marketing-digital-b2b\\\/#breadcrumb\"},\"inLanguage\":\"es\",\"potentialAction\":[{\"@type\":\"ReadAction\",\"target\":[\"https:\\\/\\\/www.edialog.com.br\\\/facebook-ou-linkedin-o-que-recomendamos-para-marketing-digital-b2b\\\/\"]}]},{\"@type\":\"ImageObject\",\"inLanguage\":\"es\",\"@id\":\"https:\\\/\\\/www.edialog.com.br\\\/facebook-ou-linkedin-o-que-recomendamos-para-marketing-digital-b2b\\\/#primaryimage\",\"url\":\"https:\\\/\\\/www.edialog.com.br\\\/wp-content\\\/uploads\\\/2014\\\/09\\\/10_marketing-digital_blog.png\",\"contentUrl\":\"https:\\\/\\\/www.edialog.com.br\\\/wp-content\\\/uploads\\\/2014\\\/09\\\/10_marketing-digital_blog.png\",\"width\":500,\"height\":315},{\"@type\":\"BreadcrumbList\",\"@id\":\"https:\\\/\\\/www.edialog.com.br\\\/facebook-ou-linkedin-o-que-recomendamos-para-marketing-digital-b2b\\\/#breadcrumb\",\"itemListElement\":[{\"@type\":\"ListItem\",\"position\":1,\"name\":\"Home\",\"item\":\"https:\\\/\\\/www.edialog.com.br\\\/\"},{\"@type\":\"ListItem\",\"position\":2,\"name\":\"Opini\u00e3o\",\"item\":\"https:\\\/\\\/www.edialog.com.br\\\/category\\\/opiniao\\\/\"},{\"@type\":\"ListItem\",\"position\":3,\"name\":\"Facebook ou LinkedIn? O que recomendamos para Marketing Digital B2B\"}]},{\"@type\":\"WebSite\",\"@id\":\"https:\\\/\\\/www.edialog.com.br\\\/#website\",\"url\":\"https:\\\/\\\/www.edialog.com.br\\\/\",\"name\":\"Ag\u00eancia de Inbound Marketing | E-Dialog\",\"description\":\"Ag\u00eancia de Inbound Marketing premiada com solu\u00e7\u00f5es completas para o seu neg\u00f3cio. Atraia leads, com conte\u00fados \u00fanicos e envolventes. Solicite or\u00e7amento!\",\"publisher\":{\"@id\":\"https:\\\/\\\/www.edialog.com.br\\\/#organization\"},\"potentialAction\":[{\"@type\":\"SearchAction\",\"target\":{\"@type\":\"EntryPoint\",\"urlTemplate\":\"https:\\\/\\\/www.edialog.com.br\\\/?s={search_term_string}\"},\"query-input\":{\"@type\":\"PropertyValueSpecification\",\"valueRequired\":true,\"valueName\":\"search_term_string\"}}],\"inLanguage\":\"es\"},{\"@type\":\"Organization\",\"@id\":\"https:\\\/\\\/www.edialog.com.br\\\/#organization\",\"name\":\"Ag\u00eancia de M\u00eddias Sociais e Marketing Digital | E-Dialog\",\"url\":\"https:\\\/\\\/www.edialog.com.br\\\/\",\"logo\":{\"@type\":\"ImageObject\",\"inLanguage\":\"es\",\"@id\":\"https:\\\/\\\/www.edialog.com.br\\\/#\\\/schema\\\/logo\\\/image\\\/\",\"url\":\"https:\\\/\\\/www.edialog.com.br\\\/wp-content\\\/uploads\\\/2021\\\/09\\\/edialog-logo-case.png\",\"contentUrl\":\"https:\\\/\\\/www.edialog.com.br\\\/wp-content\\\/uploads\\\/2021\\\/09\\\/edialog-logo-case.png\",\"width\":810,\"height\":450,\"caption\":\"Ag\u00eancia de M\u00eddias Sociais e Marketing Digital | E-Dialog\"},\"image\":{\"@id\":\"https:\\\/\\\/www.edialog.com.br\\\/#\\\/schema\\\/logo\\\/image\\\/\"},\"sameAs\":[\"https:\\\/\\\/facebook.com\\\/edialogcomunicacao\",\"https:\\\/\\\/x.com\\\/edialog_br\",\"https:\\\/\\\/www.instagram.com\\\/edialog_br\",\"https:\\\/\\\/www.linkedin.com\\\/company\\\/e-dialog-comunica-o-digital\",\"https:\\\/\\\/www.youtube.com\\\/channel\\\/UCPiVQ_yVlcCqWS2sRzJZj7g\"]},{\"@type\":\"Person\",\"@id\":\"https:\\\/\\\/www.edialog.com.br\\\/#\\\/schema\\\/person\\\/7f509934e54fd30b9d2d02cf51b60966\",\"name\":\"Renan Caixeiro\",\"image\":{\"@type\":\"ImageObject\",\"inLanguage\":\"es\",\"@id\":\"https:\\\/\\\/www.edialog.com.br\\\/wp-content\\\/uploads\\\/2023\\\/11\\\/renan-caixeiro-150x150.jpg\",\"url\":\"https:\\\/\\\/www.edialog.com.br\\\/wp-content\\\/uploads\\\/2023\\\/11\\\/renan-caixeiro-150x150.jpg\",\"contentUrl\":\"https:\\\/\\\/www.edialog.com.br\\\/wp-content\\\/uploads\\\/2023\\\/11\\\/renan-caixeiro-150x150.jpg\",\"caption\":\"Renan Caixeiro\"},\"description\":\"S\u00f3cio Diretor na E-Dialog, \u00e9 graduado em Jornalismo e p\u00f3s-graduado em Comunica\u00e7\u00e3o Corporativa, ambos pela UFJF. Est\u00e1 \u00e0 frente do Reportei, SaaS de relat\u00f3rios e dashboards, \u00e9 host do Projeto SaaS, podcast que compartilha experi\u00eancias do universo de software as a service, e s\u00f3cio da Aquela Caixa, comunidade para profissionais de cria\u00e7\u00e3o. Torcedor do Vasco, tem como meta comprar o Gigante da Colina. LinkedIn: @renancaixeiro \\\/ Instagram: @renancaixeiro.\",\"sameAs\":[\"http:\\\/\\\/facebook.com\\\/renancaixeiro\",\"https:\\\/\\\/www.instagram.com\\\/renancaixeiro\\\/\",\"https:\\\/\\\/br.linkedin.com\\\/in\\\/renancaixeiro\\\/pt\",\"https:\\\/\\\/x.com\\\/renancaixeiro\"],\"url\":\"https:\\\/\\\/www.edialog.com.br\\\/es\\\/author\\\/renancaixeiro\\\/\"}]}<\/script>\n<!-- \/ Yoast SEO Premium plugin. -->","yoast_head_json":{"title":"Facebook ou LinkedIn para Marketing Digital B2B? - E-Dialog","description":"Facebook ou LinkedIn? Entenda vantagens de cada rede para estrat\u00e9gias B2B e descubra qual delas pode gerar resultados para sua empresa.","robots":{"index":"index","follow":"follow","max-snippet":"max-snippet:-1","max-image-preview":"max-image-preview:large","max-video-preview":"max-video-preview:-1"},"canonical":"https:\/\/www.edialog.com.br\/es\/facebook-ou-linkedin-o-que-recomendamos-para-marketing-digital-b2b\/","og_locale":"es_ES","og_type":"article","og_title":"Facebook ou LinkedIn? O que recomendamos para Marketing Digital B2B","og_description":"Facebook ou LinkedIn? Entenda vantagens de cada rede para estrat\u00e9gias B2B e descubra qual delas pode gerar resultados para sua empresa.","og_url":"https:\/\/www.edialog.com.br\/es\/facebook-ou-linkedin-o-que-recomendamos-para-marketing-digital-b2b\/","og_site_name":"Ag\u00eancia de Inbound Marketing | E-Dialog","article_publisher":"https:\/\/facebook.com\/edialogcomunicacao","article_author":"http:\/\/facebook.com\/renancaixeiro","article_published_time":"2014-09-22T21:24:46+00:00","article_modified_time":"2025-01-28T16:16:47+00:00","og_image":[{"width":500,"height":315,"url":"https:\/\/www.edialog.com.br\/wp-content\/uploads\/2014\/09\/10_marketing-digital_blog.png","type":"image\/png"}],"author":"Renan Caixeiro","twitter_misc":{"Escrito por":"Renan Caixeiro","Tiempo de lectura":"3 minutos"},"schema":{"@context":"https:\/\/schema.org","@graph":[{"@type":["Article","BlogPosting"],"@id":"https:\/\/www.edialog.com.br\/facebook-ou-linkedin-o-que-recomendamos-para-marketing-digital-b2b\/#article","isPartOf":{"@id":"https:\/\/www.edialog.com.br\/facebook-ou-linkedin-o-que-recomendamos-para-marketing-digital-b2b\/"},"author":{"name":"Renan Caixeiro","@id":"https:\/\/www.edialog.com.br\/#\/schema\/person\/7f509934e54fd30b9d2d02cf51b60966"},"headline":"Facebook ou LinkedIn? O que recomendamos para Marketing Digital B2B","datePublished":"2014-09-22T21:24:46+00:00","dateModified":"2025-01-28T16:16:47+00:00","mainEntityOfPage":{"@id":"https:\/\/www.edialog.com.br\/facebook-ou-linkedin-o-que-recomendamos-para-marketing-digital-b2b\/"},"wordCount":311,"commentCount":0,"publisher":{"@id":"https:\/\/www.edialog.com.br\/#organization"},"image":{"@id":"https:\/\/www.edialog.com.br\/facebook-ou-linkedin-o-que-recomendamos-para-marketing-digital-b2b\/#primaryimage"},"thumbnailUrl":"https:\/\/www.edialog.com.br\/wp-content\/uploads\/2014\/09\/10_marketing-digital_blog.png","keywords":["b2b","conte\u00fado","marketing digital"],"articleSection":["Opini\u00e3o"],"inLanguage":"es","potentialAction":[{"@type":"CommentAction","name":"Comment","target":["https:\/\/www.edialog.com.br\/facebook-ou-linkedin-o-que-recomendamos-para-marketing-digital-b2b\/#respond"]}]},{"@type":"WebPage","@id":"https:\/\/www.edialog.com.br\/facebook-ou-linkedin-o-que-recomendamos-para-marketing-digital-b2b\/","url":"https:\/\/www.edialog.com.br\/facebook-ou-linkedin-o-que-recomendamos-para-marketing-digital-b2b\/","name":"Facebook ou LinkedIn para Marketing Digital B2B? - E-Dialog","isPartOf":{"@id":"https:\/\/www.edialog.com.br\/#website"},"primaryImageOfPage":{"@id":"https:\/\/www.edialog.com.br\/facebook-ou-linkedin-o-que-recomendamos-para-marketing-digital-b2b\/#primaryimage"},"image":{"@id":"https:\/\/www.edialog.com.br\/facebook-ou-linkedin-o-que-recomendamos-para-marketing-digital-b2b\/#primaryimage"},"thumbnailUrl":"https:\/\/www.edialog.com.br\/wp-content\/uploads\/2014\/09\/10_marketing-digital_blog.png","datePublished":"2014-09-22T21:24:46+00:00","dateModified":"2025-01-28T16:16:47+00:00","description":"Facebook ou LinkedIn? Entenda vantagens de cada rede para estrat\u00e9gias B2B e descubra qual delas pode gerar resultados para sua empresa.","breadcrumb":{"@id":"https:\/\/www.edialog.com.br\/facebook-ou-linkedin-o-que-recomendamos-para-marketing-digital-b2b\/#breadcrumb"},"inLanguage":"es","potentialAction":[{"@type":"ReadAction","target":["https:\/\/www.edialog.com.br\/facebook-ou-linkedin-o-que-recomendamos-para-marketing-digital-b2b\/"]}]},{"@type":"ImageObject","inLanguage":"es","@id":"https:\/\/www.edialog.com.br\/facebook-ou-linkedin-o-que-recomendamos-para-marketing-digital-b2b\/#primaryimage","url":"https:\/\/www.edialog.com.br\/wp-content\/uploads\/2014\/09\/10_marketing-digital_blog.png","contentUrl":"https:\/\/www.edialog.com.br\/wp-content\/uploads\/2014\/09\/10_marketing-digital_blog.png","width":500,"height":315},{"@type":"BreadcrumbList","@id":"https:\/\/www.edialog.com.br\/facebook-ou-linkedin-o-que-recomendamos-para-marketing-digital-b2b\/#breadcrumb","itemListElement":[{"@type":"ListItem","position":1,"name":"Home","item":"https:\/\/www.edialog.com.br\/"},{"@type":"ListItem","position":2,"name":"Opini\u00e3o","item":"https:\/\/www.edialog.com.br\/category\/opiniao\/"},{"@type":"ListItem","position":3,"name":"Facebook ou LinkedIn? O que recomendamos para Marketing Digital B2B"}]},{"@type":"WebSite","@id":"https:\/\/www.edialog.com.br\/#website","url":"https:\/\/www.edialog.com.br\/","name":"Agencia de marketing entrante | E-Dialog","description":"Ag\u00eancia de Inbound Marketing premiada com solu\u00e7\u00f5es completas para o seu neg\u00f3cio. Atraia leads, com conte\u00fados \u00fanicos e envolventes. Solicite or\u00e7amento!","publisher":{"@id":"https:\/\/www.edialog.com.br\/#organization"},"potentialAction":[{"@type":"SearchAction","target":{"@type":"EntryPoint","urlTemplate":"https:\/\/www.edialog.com.br\/?s={search_term_string}"},"query-input":{"@type":"PropertyValueSpecification","valueRequired":true,"valueName":"search_term_string"}}],"inLanguage":"es"},{"@type":"Organization","@id":"https:\/\/www.edialog.com.br\/#organization","name":"Ag\u00eancia de M\u00eddias Sociais e Marketing Digital | E-Dialog","url":"https:\/\/www.edialog.com.br\/","logo":{"@type":"ImageObject","inLanguage":"es","@id":"https:\/\/www.edialog.com.br\/#\/schema\/logo\/image\/","url":"https:\/\/www.edialog.com.br\/wp-content\/uploads\/2021\/09\/edialog-logo-case.png","contentUrl":"https:\/\/www.edialog.com.br\/wp-content\/uploads\/2021\/09\/edialog-logo-case.png","width":810,"height":450,"caption":"Ag\u00eancia de M\u00eddias Sociais e Marketing Digital | E-Dialog"},"image":{"@id":"https:\/\/www.edialog.com.br\/#\/schema\/logo\/image\/"},"sameAs":["https:\/\/facebook.com\/edialogcomunicacao","https:\/\/x.com\/edialog_br","https:\/\/www.instagram.com\/edialog_br","https:\/\/www.linkedin.com\/company\/e-dialog-comunica-o-digital","https:\/\/www.youtube.com\/channel\/UCPiVQ_yVlcCqWS2sRzJZj7g"]},{"@type":"Person","@id":"https:\/\/www.edialog.com.br\/#\/schema\/person\/7f509934e54fd30b9d2d02cf51b60966","name":"Renan Caixeiro","image":{"@type":"ImageObject","inLanguage":"es","@id":"https:\/\/www.edialog.com.br\/wp-content\/uploads\/2023\/11\/renan-caixeiro-150x150.jpg","url":"https:\/\/www.edialog.com.br\/wp-content\/uploads\/2023\/11\/renan-caixeiro-150x150.jpg","contentUrl":"https:\/\/www.edialog.com.br\/wp-content\/uploads\/2023\/11\/renan-caixeiro-150x150.jpg","caption":"Renan Caixeiro"},"description":"S\u00f3cio Diretor na E-Dialog, \u00e9 graduado em Jornalismo e p\u00f3s-graduado em Comunica\u00e7\u00e3o Corporativa, ambos pela UFJF. Est\u00e1 \u00e0 frente do Reportei, SaaS de relat\u00f3rios e dashboards, \u00e9 host do Projeto SaaS, podcast que compartilha experi\u00eancias do universo de software as a service, e s\u00f3cio da Aquela Caixa, comunidade para profissionais de cria\u00e7\u00e3o. Torcedor do Vasco, tem como meta comprar o Gigante da Colina. LinkedIn: @renancaixeiro \/ Instagram: @renancaixeiro.","sameAs":["http:\/\/facebook.com\/renancaixeiro","https:\/\/www.instagram.com\/renancaixeiro\/","https:\/\/br.linkedin.com\/in\/renancaixeiro\/pt","https:\/\/x.com\/renancaixeiro"],"url":"https:\/\/www.edialog.com.br\/es\/author\/renancaixeiro\/"}]}},"_links":{"self":[{"href":"https:\/\/www.edialog.com.br\/es\/wp-json\/wp\/v2\/posts\/5372","targetHints":{"allow":["GET"]}}],"collection":[{"href":"https:\/\/www.edialog.com.br\/es\/wp-json\/wp\/v2\/posts"}],"about":[{"href":"https:\/\/www.edialog.com.br\/es\/wp-json\/wp\/v2\/types\/post"}],"author":[{"embeddable":true,"href":"https:\/\/www.edialog.com.br\/es\/wp-json\/wp\/v2\/users\/1"}],"replies":[{"embeddable":true,"href":"https:\/\/www.edialog.com.br\/es\/wp-json\/wp\/v2\/comments?post=5372"}],"version-history":[{"count":1,"href":"https:\/\/www.edialog.com.br\/es\/wp-json\/wp\/v2\/posts\/5372\/revisions"}],"predecessor-version":[{"id":228061,"href":"https:\/\/www.edialog.com.br\/es\/wp-json\/wp\/v2\/posts\/5372\/revisions\/228061"}],"wp:featuredmedia":[{"embeddable":true,"href":"https:\/\/www.edialog.com.br\/es\/wp-json\/wp\/v2\/media\/5378"}],"wp:attachment":[{"href":"https:\/\/www.edialog.com.br\/es\/wp-json\/wp\/v2\/media?parent=5372"}],"wp:term":[{"taxonomy":"category","embeddable":true,"href":"https:\/\/www.edialog.com.br\/es\/wp-json\/wp\/v2\/categories?post=5372"},{"taxonomy":"post_tag","embeddable":true,"href":"https:\/\/www.edialog.com.br\/es\/wp-json\/wp\/v2\/tags?post=5372"}],"curies":[{"name":"wp","href":"https:\/\/api.w.org\/{rel}","templated":true}]}}