{"id":5163,"date":"2014-07-03T17:36:33","date_gmt":"2014-07-03T20:36:33","guid":{"rendered":"https:\/\/www.edialog.com.br\/?p=5163"},"modified":"2024-03-25T15:32:50","modified_gmt":"2024-03-25T18:32:50","slug":"mais-curtidas-do-facebook","status":"publish","type":"post","link":"https:\/\/www.edialog.com.br\/es\/mais-curtidas-do-facebook\/","title":{"rendered":"Las 25 p\u00e1ginas que m\u00e1s gustan en Facebook"},"content":{"rendered":"<p>Se te perguntassem agora qual \u00e9 a p\u00e1gina que tem mais curtidas do Facebook, qual voc\u00ea responderia? E o maior cantor? E quanto ao jogador de futebol? Bom, poderiam ser meras suposi\u00e7\u00f5es. Voc\u00ea poderia definir essa p\u00e1gina pelo seu gosto musical ou pelo time que voc\u00ea mais gosta, mas a Pagedata \u00a0resolveu fazer essa pesquisa que levou em considera\u00e7\u00e3o as p\u00e1ginas no Facebook no dia 1\u00ba de Julho.<\/p>\n<p>Voc\u00ea imaginou que as 25 p\u00e1ginas mais curtidas no Facebook seriam essas?<\/p>\n<table>\n<tbody>\n<tr>\n<td>#<\/td>\n<td>Name<\/td>\n<td>Total Likes<\/td>\n<td><\/td>\n<td><\/td>\n<\/tr>\n<tr>\n<td><a href=\"https:\/\/www.pagedatapro.com\/pages\/leaderboard\/fc\/fc_wg\/-\/-\">1<\/a><\/td>\n<td>\u00a0\u00a0Facebook for Every Phone<\/td>\n<td>462,230,124<\/td>\n<td><\/td>\n<td><\/td>\n<\/tr>\n<tr>\n<td>2<\/td>\n<td>\u00a0\u00a0Facebook<\/td>\n<td>153,680,793<\/td>\n<td><\/td>\n<td><\/td>\n<\/tr>\n<tr>\n<td>3<\/td>\n<td>\u00a0\u00a0Shakira<\/td>\n<td>98,239,810<\/td>\n<td><\/td>\n<td><\/td>\n<\/tr>\n<tr>\n<td>4<\/td>\n<td>\u00a0\u00a0Eminem<\/td>\n<td>90,773,281<\/td>\n<td><\/td>\n<td><\/td>\n<\/tr>\n<tr>\n<td>5<\/td>\n<td>\u00a0\u00a0Cristiano Ronaldo<\/td>\n<td>89,235,510<\/td>\n<td><\/td>\n<td><\/td>\n<\/tr>\n<tr>\n<td>6<\/td>\n<td>\u00a0\u00a0Rihanna<\/td>\n<td>88,529,869<\/td>\n<td><\/td>\n<td><\/td>\n<\/tr>\n<tr>\n<td>7<\/td>\n<td>\u00a0\u00a0Coca-Cola<\/td>\n<td>84,633,778<\/td>\n<td><\/td>\n<td><\/td>\n<\/tr>\n<tr>\n<td>8<\/td>\n<td>\u00a0\u00a0YouTube<\/td>\n<td>81,508,111<\/td>\n<td><\/td>\n<td><\/td>\n<\/tr>\n<tr>\n<td>9<\/td>\n<td>\u00a0\u00a0Vin Diesel<\/td>\n<td>79,865,907<\/td>\n<td><\/td>\n<td><\/td>\n<\/tr>\n<tr>\n<td>10<\/td>\n<td>\u00a0\u00a0Michael Jackson<\/td>\n<td>76,069,579<\/td>\n<td><\/td>\n<td><\/td>\n<\/tr>\n<tr>\n<td>11<\/td>\n<td>\u00a0\u00a0The Simpsons<\/td>\n<td>74,080,890<\/td>\n<td><\/td>\n<td><\/td>\n<\/tr>\n<tr>\n<td>12<\/td>\n<td>\u00a0\u00a0Harry Potter<\/td>\n<td>73,222,554<\/td>\n<td><\/td>\n<td><\/td>\n<\/tr>\n<tr>\n<td>13<\/td>\n<td>\u00a0\u00a0Katy Perry<\/td>\n<td>71,604,274<\/td>\n<td><\/td>\n<td><\/td>\n<\/tr>\n<tr>\n<td>14<\/td>\n<td>\u00a0\u00a0Justin Bieber<\/td>\n<td>71,015,890<\/td>\n<td><\/td>\n<td><\/td>\n<\/tr>\n<tr>\n<td>15<\/td>\n<td>\u00a0\u00a0Texas HoldEm Poker<\/td>\n<td>70,466,914<\/td>\n<td><\/td>\n<td><\/td>\n<\/tr>\n<tr>\n<td>16<\/td>\n<td>\u00a0\u00a0Candy Crush Saga<\/td>\n<td>69,893,226<\/td>\n<td><\/td>\n<td><\/td>\n<\/tr>\n<tr>\n<td>17<\/td>\n<td>\u00a0\u00a0Will Smith<\/td>\n<td>68,300,671<\/td>\n<td><\/td>\n<td><\/td>\n<\/tr>\n<tr>\n<td>18<\/td>\n<td>\u00a0\u00a0FC Barcelona<\/td>\n<td>68,086,537<\/td>\n<td><\/td>\n<td><\/td>\n<\/tr>\n<tr>\n<td>19<\/td>\n<td>\u00a0\u00a0Lady Gaga<\/td>\n<td>66,733,399<\/td>\n<td><\/td>\n<td><\/td>\n<\/tr>\n<tr>\n<td>20<\/td>\n<td>\u00a0\u00a0Bob Marley<\/td>\n<td>66,269,650<\/td>\n<td><\/td>\n<td><\/td>\n<\/tr>\n<tr>\n<td>21<\/td>\n<td>\u00a0\u00a0Taylor Swift<\/td>\n<td>66,144,449<\/td>\n<td><\/td>\n<td><\/td>\n<\/tr>\n<tr>\n<td>22<\/td>\n<td>\u00a0\u00a0Real Madrid C.F.<\/td>\n<td>65,646,426<\/td>\n<td><\/td>\n<td><\/td>\n<\/tr>\n<tr>\n<td>23<\/td>\n<td>\u00a0\u00a0Linkin Park<\/td>\n<td>63,893,168<\/td>\n<td><\/td>\n<td><\/td>\n<\/tr>\n<tr>\n<td>24<\/td>\n<td>\u00a0\u00a0Beyonc\u00e9<\/td>\n<td>62,610,484<\/td>\n<td><\/td>\n<td><\/td>\n<\/tr>\n<tr>\n<td>25<\/td>\n<td>\u00a0\u00a0Leo Messi<\/td>\n<td>60,817,431<\/td>\n<td><\/td>\n<td><\/td>\n<\/tr>\n<\/tbody>\n<\/table>\n<p>Alguns fatos chamam aten\u00e7\u00e3o. Achou mesmo que a Beyonc\u00e9 era a mais famosa? Shakira deixou para tr\u00e1s personalidades mundiais como Rihanna, Lady Gaga e a pr\u00f3pria Beyonc\u00e9. J\u00e1 nos campos de futebol, nem os 4 t\u00edtulos seguidos de Messi conseguiram fazer com que ele ultrapassasse o principal nome da Sele\u00e7\u00e3o portuguesa, Cristiano Ronaldo. Enquanto isso algumas coisas j\u00e1 s\u00e3o de se esperar, a Coca-Cola \u00e9 a marca com o maior n\u00famero de likes no Facebook.<\/p>\n<p>Pois bem, ser\u00e1 que nos pr\u00f3ximos meses essa lista mudar\u00e1 muito? Vamos aguardar o campe\u00e3o da Copa do Mundo.<\/p>\n<p>Fonte: Inside Facebook<\/p>\n<p><strong>\u00a0Quer dicas de\u00a0<a href=\"https:\/\/www.edialog.com.br\/es\/gestao-de-redes-sociais\/\">gesti\u00f3n de redes sociales<\/a>\u00a0e gerenciamento de Facebook? Fique de olho nos nossos artigos!<\/strong><\/p>","protected":false},"excerpt":{"rendered":"<p>Se te perguntassem agora qual \u00e9 a p\u00e1gina que tem mais curtidas do Facebook, qual voc\u00ea responderia? E o maior cantor? E quanto ao jogador de futebol? Bom, poderiam ser meras suposi\u00e7\u00f5es. Voc\u00ea poderia definir essa p\u00e1gina pelo seu gosto musical ou pelo time que voc\u00ea mais gosta, mas a Pagedata \u00a0resolveu fazer essa pesquisa [&hellip;]<\/p>\n","protected":false},"author":1,"featured_media":5169,"comment_status":"open","ping_status":"open","sticky":false,"template":"","format":"standard","meta":{"_acf_changed":false,"content-type":"","footnotes":""},"categories":[43,8],"tags":[487,537,486],"class_list":["post-5163","post","type-post","status-publish","format-standard","has-post-thumbnail","hentry","category-facebook","category-midia-social","tag-25-mais","tag-facebook","tag-paginas-mais-curtidas-no-facebook"],"acf":[],"yoast_head":"<!-- This site is optimized with the Yoast SEO Premium plugin v27.5 (Yoast SEO v27.5) - https:\/\/yoast.com\/product\/yoast-seo-premium-wordpress\/ -->\n<title>As 25 p\u00e1ginas mais curtidas do Facebook<\/title>\n<meta name=\"description\" content=\"Se te perguntassem agora qual \u00e9 a p\u00e1gina que tem o mais curtidas do Facebook, qual voc\u00ea responderia? Confira as 25 p\u00e1ginas mais curtidas do Facebook\" \/>\n<meta name=\"robots\" content=\"index, follow, max-snippet:-1, max-image-preview:large, max-video-preview:-1\" \/>\n<link rel=\"canonical\" href=\"https:\/\/www.edialog.com.br\/es\/mais-curtidas-do-facebook\/\" \/>\n<meta property=\"og:locale\" content=\"es_ES\" \/>\n<meta property=\"og:type\" content=\"article\" \/>\n<meta property=\"og:title\" content=\"As 25 p\u00e1ginas mais curtidas do Facebook\" \/>\n<meta property=\"og:description\" content=\"Se te perguntassem agora qual \u00e9 a p\u00e1gina que tem o mais curtidas do Facebook, qual voc\u00ea responderia? Confira as 25 p\u00e1ginas mais curtidas do Facebook\" \/>\n<meta property=\"og:url\" content=\"https:\/\/www.edialog.com.br\/es\/mais-curtidas-do-facebook\/\" \/>\n<meta property=\"og:site_name\" content=\"Ag\u00eancia de Inbound Marketing | E-Dialog\" \/>\n<meta property=\"article:publisher\" content=\"https:\/\/facebook.com\/edialogcomunicacao\" \/>\n<meta property=\"article:author\" content=\"http:\/\/facebook.com\/renancaixeiro\" \/>\n<meta property=\"article:published_time\" content=\"2014-07-03T20:36:33+00:00\" \/>\n<meta property=\"article:modified_time\" content=\"2024-03-25T18:32:50+00:00\" \/>\n<meta property=\"og:image\" content=\"https:\/\/www.edialog.com.br\/wp-content\/uploads\/2014\/07\/blog-shakira.png\" \/>\n\t<meta property=\"og:image:width\" content=\"500\" \/>\n\t<meta property=\"og:image:height\" content=\"315\" \/>\n\t<meta property=\"og:image:type\" content=\"image\/png\" \/>\n<meta name=\"author\" content=\"Renan Caixeiro\" \/>\n<meta name=\"twitter:label1\" content=\"Escrito por\" \/>\n\t<meta name=\"twitter:data1\" content=\"Renan Caixeiro\" \/>\n\t<meta name=\"twitter:label2\" content=\"Tiempo de lectura\" \/>\n\t<meta name=\"twitter:data2\" content=\"2 minutos\" \/>\n<script type=\"application\/ld+json\" class=\"yoast-schema-graph\">{\"@context\":\"https:\\\/\\\/schema.org\",\"@graph\":[{\"@type\":[\"Article\",\"BlogPosting\"],\"@id\":\"https:\\\/\\\/www.edialog.com.br\\\/mais-curtidas-do-facebook\\\/#article\",\"isPartOf\":{\"@id\":\"https:\\\/\\\/www.edialog.com.br\\\/mais-curtidas-do-facebook\\\/\"},\"author\":{\"name\":\"Renan Caixeiro\",\"@id\":\"https:\\\/\\\/www.edialog.com.br\\\/#\\\/schema\\\/person\\\/7f509934e54fd30b9d2d02cf51b60966\"},\"headline\":\"As 25 p\u00e1ginas mais curtidas do Facebook\",\"datePublished\":\"2014-07-03T20:36:33+00:00\",\"dateModified\":\"2024-03-25T18:32:50+00:00\",\"mainEntityOfPage\":{\"@id\":\"https:\\\/\\\/www.edialog.com.br\\\/mais-curtidas-do-facebook\\\/\"},\"wordCount\":264,\"commentCount\":3,\"publisher\":{\"@id\":\"https:\\\/\\\/www.edialog.com.br\\\/#organization\"},\"image\":{\"@id\":\"https:\\\/\\\/www.edialog.com.br\\\/mais-curtidas-do-facebook\\\/#primaryimage\"},\"thumbnailUrl\":\"https:\\\/\\\/www.edialog.com.br\\\/wp-content\\\/uploads\\\/2014\\\/07\\\/blog-shakira.png\",\"keywords\":[\"25 mais\",\"Facebook\",\"p\u00e1ginas mais curtidas no Facebook\"],\"articleSection\":[\"Facebook\",\"M\u00eddia Social\"],\"inLanguage\":\"es\",\"potentialAction\":[{\"@type\":\"CommentAction\",\"name\":\"Comment\",\"target\":[\"https:\\\/\\\/www.edialog.com.br\\\/mais-curtidas-do-facebook\\\/#respond\"]}]},{\"@type\":\"WebPage\",\"@id\":\"https:\\\/\\\/www.edialog.com.br\\\/mais-curtidas-do-facebook\\\/\",\"url\":\"https:\\\/\\\/www.edialog.com.br\\\/mais-curtidas-do-facebook\\\/\",\"name\":\"As 25 p\u00e1ginas mais curtidas do Facebook\",\"isPartOf\":{\"@id\":\"https:\\\/\\\/www.edialog.com.br\\\/#website\"},\"primaryImageOfPage\":{\"@id\":\"https:\\\/\\\/www.edialog.com.br\\\/mais-curtidas-do-facebook\\\/#primaryimage\"},\"image\":{\"@id\":\"https:\\\/\\\/www.edialog.com.br\\\/mais-curtidas-do-facebook\\\/#primaryimage\"},\"thumbnailUrl\":\"https:\\\/\\\/www.edialog.com.br\\\/wp-content\\\/uploads\\\/2014\\\/07\\\/blog-shakira.png\",\"datePublished\":\"2014-07-03T20:36:33+00:00\",\"dateModified\":\"2024-03-25T18:32:50+00:00\",\"description\":\"Se te perguntassem agora qual \u00e9 a p\u00e1gina que tem o mais curtidas do Facebook, qual voc\u00ea responderia? Confira as 25 p\u00e1ginas mais curtidas do Facebook\",\"breadcrumb\":{\"@id\":\"https:\\\/\\\/www.edialog.com.br\\\/mais-curtidas-do-facebook\\\/#breadcrumb\"},\"inLanguage\":\"es\",\"potentialAction\":[{\"@type\":\"ReadAction\",\"target\":[\"https:\\\/\\\/www.edialog.com.br\\\/mais-curtidas-do-facebook\\\/\"]}]},{\"@type\":\"ImageObject\",\"inLanguage\":\"es\",\"@id\":\"https:\\\/\\\/www.edialog.com.br\\\/mais-curtidas-do-facebook\\\/#primaryimage\",\"url\":\"https:\\\/\\\/www.edialog.com.br\\\/wp-content\\\/uploads\\\/2014\\\/07\\\/blog-shakira.png\",\"contentUrl\":\"https:\\\/\\\/www.edialog.com.br\\\/wp-content\\\/uploads\\\/2014\\\/07\\\/blog-shakira.png\",\"width\":500,\"height\":315},{\"@type\":\"BreadcrumbList\",\"@id\":\"https:\\\/\\\/www.edialog.com.br\\\/mais-curtidas-do-facebook\\\/#breadcrumb\",\"itemListElement\":[{\"@type\":\"ListItem\",\"position\":1,\"name\":\"Home\",\"item\":\"https:\\\/\\\/www.edialog.com.br\\\/\"},{\"@type\":\"ListItem\",\"position\":2,\"name\":\"M\u00eddia Social\",\"item\":\"https:\\\/\\\/www.edialog.com.br\\\/category\\\/midia-social\\\/\"},{\"@type\":\"ListItem\",\"position\":3,\"name\":\"As 25 p\u00e1ginas mais curtidas do Facebook\"}]},{\"@type\":\"WebSite\",\"@id\":\"https:\\\/\\\/www.edialog.com.br\\\/#website\",\"url\":\"https:\\\/\\\/www.edialog.com.br\\\/\",\"name\":\"Ag\u00eancia de Inbound Marketing | E-Dialog\",\"description\":\"Ag\u00eancia de Inbound Marketing premiada com solu\u00e7\u00f5es completas para o seu neg\u00f3cio. Atraia leads, com conte\u00fados \u00fanicos e envolventes. Solicite or\u00e7amento!\",\"publisher\":{\"@id\":\"https:\\\/\\\/www.edialog.com.br\\\/#organization\"},\"potentialAction\":[{\"@type\":\"SearchAction\",\"target\":{\"@type\":\"EntryPoint\",\"urlTemplate\":\"https:\\\/\\\/www.edialog.com.br\\\/?s={search_term_string}\"},\"query-input\":{\"@type\":\"PropertyValueSpecification\",\"valueRequired\":true,\"valueName\":\"search_term_string\"}}],\"inLanguage\":\"es\"},{\"@type\":\"Organization\",\"@id\":\"https:\\\/\\\/www.edialog.com.br\\\/#organization\",\"name\":\"Ag\u00eancia de M\u00eddias Sociais e Marketing Digital | E-Dialog\",\"url\":\"https:\\\/\\\/www.edialog.com.br\\\/\",\"logo\":{\"@type\":\"ImageObject\",\"inLanguage\":\"es\",\"@id\":\"https:\\\/\\\/www.edialog.com.br\\\/#\\\/schema\\\/logo\\\/image\\\/\",\"url\":\"https:\\\/\\\/www.edialog.com.br\\\/wp-content\\\/uploads\\\/2021\\\/09\\\/edialog-logo-case.png\",\"contentUrl\":\"https:\\\/\\\/www.edialog.com.br\\\/wp-content\\\/uploads\\\/2021\\\/09\\\/edialog-logo-case.png\",\"width\":810,\"height\":450,\"caption\":\"Ag\u00eancia de M\u00eddias Sociais e Marketing Digital | E-Dialog\"},\"image\":{\"@id\":\"https:\\\/\\\/www.edialog.com.br\\\/#\\\/schema\\\/logo\\\/image\\\/\"},\"sameAs\":[\"https:\\\/\\\/facebook.com\\\/edialogcomunicacao\",\"https:\\\/\\\/x.com\\\/edialog_br\",\"https:\\\/\\\/www.instagram.com\\\/edialog_br\",\"https:\\\/\\\/www.linkedin.com\\\/company\\\/e-dialog-comunica-o-digital\",\"https:\\\/\\\/www.youtube.com\\\/channel\\\/UCPiVQ_yVlcCqWS2sRzJZj7g\"]},{\"@type\":\"Person\",\"@id\":\"https:\\\/\\\/www.edialog.com.br\\\/#\\\/schema\\\/person\\\/7f509934e54fd30b9d2d02cf51b60966\",\"name\":\"Renan Caixeiro\",\"image\":{\"@type\":\"ImageObject\",\"inLanguage\":\"es\",\"@id\":\"https:\\\/\\\/www.edialog.com.br\\\/wp-content\\\/uploads\\\/2023\\\/11\\\/renan-caixeiro-150x150.jpg\",\"url\":\"https:\\\/\\\/www.edialog.com.br\\\/wp-content\\\/uploads\\\/2023\\\/11\\\/renan-caixeiro-150x150.jpg\",\"contentUrl\":\"https:\\\/\\\/www.edialog.com.br\\\/wp-content\\\/uploads\\\/2023\\\/11\\\/renan-caixeiro-150x150.jpg\",\"caption\":\"Renan Caixeiro\"},\"description\":\"S\u00f3cio Diretor na E-Dialog, \u00e9 graduado em Jornalismo e p\u00f3s-graduado em Comunica\u00e7\u00e3o Corporativa, ambos pela UFJF. Est\u00e1 \u00e0 frente do Reportei, SaaS de relat\u00f3rios e dashboards, \u00e9 host do Projeto SaaS, podcast que compartilha experi\u00eancias do universo de software as a service, e s\u00f3cio da Aquela Caixa, comunidade para profissionais de cria\u00e7\u00e3o. Torcedor do Vasco, tem como meta comprar o Gigante da Colina. LinkedIn: @renancaixeiro \\\/ Instagram: @renancaixeiro.\",\"sameAs\":[\"http:\\\/\\\/facebook.com\\\/renancaixeiro\",\"https:\\\/\\\/www.instagram.com\\\/renancaixeiro\\\/\",\"https:\\\/\\\/br.linkedin.com\\\/in\\\/renancaixeiro\\\/pt\",\"https:\\\/\\\/x.com\\\/renancaixeiro\"],\"url\":\"https:\\\/\\\/www.edialog.com.br\\\/es\\\/author\\\/renancaixeiro\\\/\"}]}<\/script>\n<!-- \/ Yoast SEO Premium plugin. -->","yoast_head_json":{"title":"Las 25 p\u00e1ginas que m\u00e1s gustan en Facebook","description":"Se te perguntassem agora qual \u00e9 a p\u00e1gina que tem o mais curtidas do Facebook, qual voc\u00ea responderia? Confira as 25 p\u00e1ginas mais curtidas do Facebook","robots":{"index":"index","follow":"follow","max-snippet":"max-snippet:-1","max-image-preview":"max-image-preview:large","max-video-preview":"max-video-preview:-1"},"canonical":"https:\/\/www.edialog.com.br\/es\/mais-curtidas-do-facebook\/","og_locale":"es_ES","og_type":"article","og_title":"As 25 p\u00e1ginas mais curtidas do Facebook","og_description":"Se te perguntassem agora qual \u00e9 a p\u00e1gina que tem o mais curtidas do Facebook, qual voc\u00ea responderia? Confira as 25 p\u00e1ginas mais curtidas do Facebook","og_url":"https:\/\/www.edialog.com.br\/es\/mais-curtidas-do-facebook\/","og_site_name":"Ag\u00eancia de Inbound Marketing | E-Dialog","article_publisher":"https:\/\/facebook.com\/edialogcomunicacao","article_author":"http:\/\/facebook.com\/renancaixeiro","article_published_time":"2014-07-03T20:36:33+00:00","article_modified_time":"2024-03-25T18:32:50+00:00","og_image":[{"width":500,"height":315,"url":"https:\/\/www.edialog.com.br\/wp-content\/uploads\/2014\/07\/blog-shakira.png","type":"image\/png"}],"author":"Renan Caixeiro","twitter_misc":{"Escrito por":"Renan Caixeiro","Tiempo de lectura":"2 minutos"},"schema":{"@context":"https:\/\/schema.org","@graph":[{"@type":["Article","BlogPosting"],"@id":"https:\/\/www.edialog.com.br\/mais-curtidas-do-facebook\/#article","isPartOf":{"@id":"https:\/\/www.edialog.com.br\/mais-curtidas-do-facebook\/"},"author":{"name":"Renan Caixeiro","@id":"https:\/\/www.edialog.com.br\/#\/schema\/person\/7f509934e54fd30b9d2d02cf51b60966"},"headline":"As 25 p\u00e1ginas mais curtidas do Facebook","datePublished":"2014-07-03T20:36:33+00:00","dateModified":"2024-03-25T18:32:50+00:00","mainEntityOfPage":{"@id":"https:\/\/www.edialog.com.br\/mais-curtidas-do-facebook\/"},"wordCount":264,"commentCount":3,"publisher":{"@id":"https:\/\/www.edialog.com.br\/#organization"},"image":{"@id":"https:\/\/www.edialog.com.br\/mais-curtidas-do-facebook\/#primaryimage"},"thumbnailUrl":"https:\/\/www.edialog.com.br\/wp-content\/uploads\/2014\/07\/blog-shakira.png","keywords":["25 mais","Facebook","p\u00e1ginas mais curtidas no Facebook"],"articleSection":["Facebook","M\u00eddia Social"],"inLanguage":"es","potentialAction":[{"@type":"CommentAction","name":"Comment","target":["https:\/\/www.edialog.com.br\/mais-curtidas-do-facebook\/#respond"]}]},{"@type":"WebPage","@id":"https:\/\/www.edialog.com.br\/mais-curtidas-do-facebook\/","url":"https:\/\/www.edialog.com.br\/mais-curtidas-do-facebook\/","name":"Las 25 p\u00e1ginas que m\u00e1s gustan en Facebook","isPartOf":{"@id":"https:\/\/www.edialog.com.br\/#website"},"primaryImageOfPage":{"@id":"https:\/\/www.edialog.com.br\/mais-curtidas-do-facebook\/#primaryimage"},"image":{"@id":"https:\/\/www.edialog.com.br\/mais-curtidas-do-facebook\/#primaryimage"},"thumbnailUrl":"https:\/\/www.edialog.com.br\/wp-content\/uploads\/2014\/07\/blog-shakira.png","datePublished":"2014-07-03T20:36:33+00:00","dateModified":"2024-03-25T18:32:50+00:00","description":"Se te perguntassem agora qual \u00e9 a p\u00e1gina que tem o mais curtidas do Facebook, qual voc\u00ea responderia? Confira as 25 p\u00e1ginas mais curtidas do Facebook","breadcrumb":{"@id":"https:\/\/www.edialog.com.br\/mais-curtidas-do-facebook\/#breadcrumb"},"inLanguage":"es","potentialAction":[{"@type":"ReadAction","target":["https:\/\/www.edialog.com.br\/mais-curtidas-do-facebook\/"]}]},{"@type":"ImageObject","inLanguage":"es","@id":"https:\/\/www.edialog.com.br\/mais-curtidas-do-facebook\/#primaryimage","url":"https:\/\/www.edialog.com.br\/wp-content\/uploads\/2014\/07\/blog-shakira.png","contentUrl":"https:\/\/www.edialog.com.br\/wp-content\/uploads\/2014\/07\/blog-shakira.png","width":500,"height":315},{"@type":"BreadcrumbList","@id":"https:\/\/www.edialog.com.br\/mais-curtidas-do-facebook\/#breadcrumb","itemListElement":[{"@type":"ListItem","position":1,"name":"Home","item":"https:\/\/www.edialog.com.br\/"},{"@type":"ListItem","position":2,"name":"M\u00eddia Social","item":"https:\/\/www.edialog.com.br\/category\/midia-social\/"},{"@type":"ListItem","position":3,"name":"As 25 p\u00e1ginas mais curtidas do Facebook"}]},{"@type":"WebSite","@id":"https:\/\/www.edialog.com.br\/#website","url":"https:\/\/www.edialog.com.br\/","name":"Agencia de marketing entrante | E-Dialog","description":"Ag\u00eancia de Inbound Marketing premiada com solu\u00e7\u00f5es completas para o seu neg\u00f3cio. Atraia leads, com conte\u00fados \u00fanicos e envolventes. Solicite or\u00e7amento!","publisher":{"@id":"https:\/\/www.edialog.com.br\/#organization"},"potentialAction":[{"@type":"SearchAction","target":{"@type":"EntryPoint","urlTemplate":"https:\/\/www.edialog.com.br\/?s={search_term_string}"},"query-input":{"@type":"PropertyValueSpecification","valueRequired":true,"valueName":"search_term_string"}}],"inLanguage":"es"},{"@type":"Organization","@id":"https:\/\/www.edialog.com.br\/#organization","name":"Ag\u00eancia de M\u00eddias Sociais e Marketing Digital | E-Dialog","url":"https:\/\/www.edialog.com.br\/","logo":{"@type":"ImageObject","inLanguage":"es","@id":"https:\/\/www.edialog.com.br\/#\/schema\/logo\/image\/","url":"https:\/\/www.edialog.com.br\/wp-content\/uploads\/2021\/09\/edialog-logo-case.png","contentUrl":"https:\/\/www.edialog.com.br\/wp-content\/uploads\/2021\/09\/edialog-logo-case.png","width":810,"height":450,"caption":"Ag\u00eancia de M\u00eddias Sociais e Marketing Digital | E-Dialog"},"image":{"@id":"https:\/\/www.edialog.com.br\/#\/schema\/logo\/image\/"},"sameAs":["https:\/\/facebook.com\/edialogcomunicacao","https:\/\/x.com\/edialog_br","https:\/\/www.instagram.com\/edialog_br","https:\/\/www.linkedin.com\/company\/e-dialog-comunica-o-digital","https:\/\/www.youtube.com\/channel\/UCPiVQ_yVlcCqWS2sRzJZj7g"]},{"@type":"Person","@id":"https:\/\/www.edialog.com.br\/#\/schema\/person\/7f509934e54fd30b9d2d02cf51b60966","name":"Renan Caixeiro","image":{"@type":"ImageObject","inLanguage":"es","@id":"https:\/\/www.edialog.com.br\/wp-content\/uploads\/2023\/11\/renan-caixeiro-150x150.jpg","url":"https:\/\/www.edialog.com.br\/wp-content\/uploads\/2023\/11\/renan-caixeiro-150x150.jpg","contentUrl":"https:\/\/www.edialog.com.br\/wp-content\/uploads\/2023\/11\/renan-caixeiro-150x150.jpg","caption":"Renan Caixeiro"},"description":"S\u00f3cio Diretor na E-Dialog, \u00e9 graduado em Jornalismo e p\u00f3s-graduado em Comunica\u00e7\u00e3o Corporativa, ambos pela UFJF. Est\u00e1 \u00e0 frente do Reportei, SaaS de relat\u00f3rios e dashboards, \u00e9 host do Projeto SaaS, podcast que compartilha experi\u00eancias do universo de software as a service, e s\u00f3cio da Aquela Caixa, comunidade para profissionais de cria\u00e7\u00e3o. Torcedor do Vasco, tem como meta comprar o Gigante da Colina. LinkedIn: @renancaixeiro \/ Instagram: @renancaixeiro.","sameAs":["http:\/\/facebook.com\/renancaixeiro","https:\/\/www.instagram.com\/renancaixeiro\/","https:\/\/br.linkedin.com\/in\/renancaixeiro\/pt","https:\/\/x.com\/renancaixeiro"],"url":"https:\/\/www.edialog.com.br\/es\/author\/renancaixeiro\/"}]}},"_links":{"self":[{"href":"https:\/\/www.edialog.com.br\/es\/wp-json\/wp\/v2\/posts\/5163","targetHints":{"allow":["GET"]}}],"collection":[{"href":"https:\/\/www.edialog.com.br\/es\/wp-json\/wp\/v2\/posts"}],"about":[{"href":"https:\/\/www.edialog.com.br\/es\/wp-json\/wp\/v2\/types\/post"}],"author":[{"embeddable":true,"href":"https:\/\/www.edialog.com.br\/es\/wp-json\/wp\/v2\/users\/1"}],"replies":[{"embeddable":true,"href":"https:\/\/www.edialog.com.br\/es\/wp-json\/wp\/v2\/comments?post=5163"}],"version-history":[{"count":0,"href":"https:\/\/www.edialog.com.br\/es\/wp-json\/wp\/v2\/posts\/5163\/revisions"}],"wp:featuredmedia":[{"embeddable":true,"href":"https:\/\/www.edialog.com.br\/es\/wp-json\/wp\/v2\/media\/5169"}],"wp:attachment":[{"href":"https:\/\/www.edialog.com.br\/es\/wp-json\/wp\/v2\/media?parent=5163"}],"wp:term":[{"taxonomy":"category","embeddable":true,"href":"https:\/\/www.edialog.com.br\/es\/wp-json\/wp\/v2\/categories?post=5163"},{"taxonomy":"post_tag","embeddable":true,"href":"https:\/\/www.edialog.com.br\/es\/wp-json\/wp\/v2\/tags?post=5163"}],"curies":[{"name":"wp","href":"https:\/\/api.w.org\/{rel}","templated":true}]}}