{"id":5127,"date":"2014-06-25T16:44:22","date_gmt":"2014-06-25T19:44:22","guid":{"rendered":"https:\/\/www.edialog.com.br\/?p=5127"},"modified":"2024-12-30T16:17:18","modified_gmt":"2024-12-30T19:17:18","slug":"uma-pessoa-faleceu-o-que-acontece-com-rede-social-dela","status":"publish","type":"post","link":"https:\/\/www.edialog.com.br\/es\/uma-pessoa-faleceu-o-que-acontece-com-rede-social-dela\/","title":{"rendered":"Una persona ha muerto, \u00bfqu\u00e9 ocurre con su red social?"},"content":{"rendered":"<p>O que aconteceu com o perfil de uma pessoa na rede social depois que ela morre? A empresa americana de webdesign <a href=\"https:\/\/www.webpagefx.com\/blog\/internet\/happens-online-presence-die-infographic\/\">WebpagesFX<\/a> \u00a0 montou um infogr\u00e1fico explicando exatamente como as empresas Facebook, Twitter, Pinterest, Linkedin e Google lidam com o tema.<\/p>\n<p>Quatro perguntas s\u00e3o abordadas no infogr\u00e1fico: Quem passa a ser dono dos dados de um perfil ap\u00f3s o seu dono falecer? Em quanto tempo um perfil de um falecido \u00e9 desativado? O que acontece com o perfil digital de um amigo ou parente quando eles morrem? E outros usu\u00e1rios podem reivindicar o nome de usu\u00e1rio do falecido?<\/p>\n<p>Todas as redes sociais, exceto o Pinterest, garantem que as informa\u00e7\u00f5es dos seus usu\u00e1rios continuam a ser deles mesmo ap\u00f3s a sua morte e tamb\u00e9m as informa\u00e7\u00f5es podem ser cedidas a familiares e amigos autorizados previamente pelo usu\u00e1rio falecido ou pela Justi\u00e7a.<\/p>\n<p>Quanto a d\u00favida sobre a desativa\u00e7\u00e3o de conta, o tempo varia em cada rede social. No Facebook e no Linkedin ele \u00e9 imediato ap\u00f3s as empresas serem avisadas sobre a morte dos usu\u00e1rios, j\u00e1 no Twitter o tempo \u00e9 de seis meses ap\u00f3s a notifica\u00e7\u00e3o, e no Google, nove meses. No Pinterest, os perfis de falecidos nunca s\u00e3o desativados.<\/p>\n<p>Confira o Infogr\u00e1fico completo:<\/p>\n<p><a href=\"https:\/\/www.edialog.com.br\/wp-content\/uploads\/2014\/06\/Digital-Demise-Infographic.jpg\"><img fetchpriority=\"high\" decoding=\"async\" class=\"aligncenter wp-image-5128 size-full\" src=\"https:\/\/www.edialog.com.br\/wp-content\/uploads\/2014\/06\/Digital-Demise-Infographic.jpg\" alt=\"Digital-Demise-Infographic\" width=\"1920\" height=\"12349\" srcset=\"https:\/\/www.edialog.com.br\/wp-content\/uploads\/2014\/06\/Digital-Demise-Infographic-159x1024.jpg 159w, https:\/\/www.edialog.com.br\/wp-content\/uploads\/2014\/06\/Digital-Demise-Infographic-1080x6946.jpg 1080w\" sizes=\"(max-width: 1920px) 100vw, 1920px\" \/><\/a><\/p>\n<p><em><strong>- Lea tambi\u00e9n:<\/strong> <a href=\"https:\/\/www.edialog.com.br\/es\/qual-foi-a-primeira-rede-social\/\">Qual foi a primeira rede social? Conhe\u00e7a o Six Degrees!<\/a><\/em><\/p>","protected":false},"excerpt":{"rendered":"<p>O que aconteceu com o perfil de uma pessoa na rede social depois que ela morre? A empresa americana de webdesign WebpagesFX \u00a0 montou um infogr\u00e1fico explicando exatamente como as empresas Facebook, Twitter, Pinterest, Linkedin e Google lidam com o tema. Quatro perguntas s\u00e3o abordadas no infogr\u00e1fico: Quem passa a ser dono dos dados de [&hellip;]<\/p>\n","protected":false},"author":1,"featured_media":5130,"comment_status":"open","ping_status":"open","sticky":false,"template":"","format":"standard","meta":{"_acf_changed":false,"content-type":"","footnotes":""},"categories":[43,459,8,4],"tags":[234,25],"class_list":["post-5127","post","type-post","status-publish","format-standard","has-post-thumbnail","hentry","category-facebook","category-infograficos","category-midia-social","category-twitter","tag-morte","tag-rede-social"],"acf":[],"yoast_head":"<!-- This site is optimized with the Yoast SEO Premium plugin v27.3 (Yoast SEO v27.3) - https:\/\/yoast.com\/product\/yoast-seo-premium-wordpress\/ -->\n<title>Uma pessoa faleceu, o que acontece com a rede social dela?<\/title>\n<meta name=\"description\" content=\"Todas as redes sociais, exceto o Pinterest, garantem que as informa\u00e7\u00f5es dos seus usu\u00e1rios continuam a ser deles mesmo ap\u00f3s a sua morte. Saiba mais!\" \/>\n<meta name=\"robots\" content=\"index, follow, max-snippet:-1, max-image-preview:large, max-video-preview:-1\" \/>\n<link rel=\"canonical\" href=\"https:\/\/www.edialog.com.br\/es\/uma-pessoa-faleceu-o-que-acontece-com-rede-social-dela\/\" \/>\n<meta property=\"og:locale\" content=\"es_ES\" \/>\n<meta property=\"og:type\" content=\"article\" \/>\n<meta property=\"og:title\" content=\"Uma pessoa faleceu, o que acontece com a rede social dela?\" \/>\n<meta property=\"og:description\" content=\"Todas as redes sociais, exceto o Pinterest, garantem que as informa\u00e7\u00f5es dos seus usu\u00e1rios continuam a ser deles mesmo ap\u00f3s a sua morte. Saiba mais!\" \/>\n<meta property=\"og:url\" content=\"https:\/\/www.edialog.com.br\/es\/uma-pessoa-faleceu-o-que-acontece-com-rede-social-dela\/\" \/>\n<meta property=\"og:site_name\" content=\"Ag\u00eancia de Inbound Marketing | E-Dialog\" \/>\n<meta property=\"article:publisher\" content=\"https:\/\/facebook.com\/edialogcomunicacao\" \/>\n<meta property=\"article:author\" content=\"http:\/\/facebook.com\/renancaixeiro\" \/>\n<meta property=\"article:published_time\" content=\"2014-06-25T19:44:22+00:00\" \/>\n<meta property=\"article:modified_time\" content=\"2024-12-30T19:17:18+00:00\" \/>\n<meta property=\"og:image\" content=\"https:\/\/www.edialog.com.br\/wp-content\/uploads\/2014\/06\/depois-da-morte-blog.png\" \/>\n\t<meta property=\"og:image:width\" content=\"500\" \/>\n\t<meta property=\"og:image:height\" content=\"315\" \/>\n\t<meta property=\"og:image:type\" content=\"image\/png\" \/>\n<meta name=\"author\" content=\"Renan Caixeiro\" \/>\n<meta name=\"twitter:label1\" content=\"Escrito por\" \/>\n\t<meta name=\"twitter:data1\" content=\"Renan Caixeiro\" \/>\n\t<meta name=\"twitter:label2\" content=\"Tiempo de lectura\" \/>\n\t<meta name=\"twitter:data2\" content=\"2 minutos\" \/>\n<script type=\"application\/ld+json\" class=\"yoast-schema-graph\">{\"@context\":\"https:\\\/\\\/schema.org\",\"@graph\":[{\"@type\":[\"Article\",\"BlogPosting\"],\"@id\":\"https:\\\/\\\/www.edialog.com.br\\\/uma-pessoa-faleceu-o-que-acontece-com-rede-social-dela\\\/#article\",\"isPartOf\":{\"@id\":\"https:\\\/\\\/www.edialog.com.br\\\/uma-pessoa-faleceu-o-que-acontece-com-rede-social-dela\\\/\"},\"author\":{\"name\":\"Renan Caixeiro\",\"@id\":\"https:\\\/\\\/www.edialog.com.br\\\/#\\\/schema\\\/person\\\/7f509934e54fd30b9d2d02cf51b60966\"},\"headline\":\"Uma pessoa faleceu, o que acontece com a rede social dela?\",\"datePublished\":\"2014-06-25T19:44:22+00:00\",\"dateModified\":\"2024-12-30T19:17:18+00:00\",\"mainEntityOfPage\":{\"@id\":\"https:\\\/\\\/www.edialog.com.br\\\/uma-pessoa-faleceu-o-que-acontece-com-rede-social-dela\\\/\"},\"wordCount\":246,\"commentCount\":2,\"publisher\":{\"@id\":\"https:\\\/\\\/www.edialog.com.br\\\/#organization\"},\"image\":{\"@id\":\"https:\\\/\\\/www.edialog.com.br\\\/uma-pessoa-faleceu-o-que-acontece-com-rede-social-dela\\\/#primaryimage\"},\"thumbnailUrl\":\"https:\\\/\\\/www.edialog.com.br\\\/wp-content\\\/uploads\\\/2014\\\/06\\\/depois-da-morte-blog.png\",\"keywords\":[\"morte\",\"rede social\"],\"articleSection\":[\"Facebook\",\"Infogr\u00e1ficos\",\"M\u00eddia Social\",\"Twitter\"],\"inLanguage\":\"es\",\"potentialAction\":[{\"@type\":\"CommentAction\",\"name\":\"Comment\",\"target\":[\"https:\\\/\\\/www.edialog.com.br\\\/uma-pessoa-faleceu-o-que-acontece-com-rede-social-dela\\\/#respond\"]}]},{\"@type\":\"WebPage\",\"@id\":\"https:\\\/\\\/www.edialog.com.br\\\/uma-pessoa-faleceu-o-que-acontece-com-rede-social-dela\\\/\",\"url\":\"https:\\\/\\\/www.edialog.com.br\\\/uma-pessoa-faleceu-o-que-acontece-com-rede-social-dela\\\/\",\"name\":\"Uma pessoa faleceu, o que acontece com a rede social dela?\",\"isPartOf\":{\"@id\":\"https:\\\/\\\/www.edialog.com.br\\\/#website\"},\"primaryImageOfPage\":{\"@id\":\"https:\\\/\\\/www.edialog.com.br\\\/uma-pessoa-faleceu-o-que-acontece-com-rede-social-dela\\\/#primaryimage\"},\"image\":{\"@id\":\"https:\\\/\\\/www.edialog.com.br\\\/uma-pessoa-faleceu-o-que-acontece-com-rede-social-dela\\\/#primaryimage\"},\"thumbnailUrl\":\"https:\\\/\\\/www.edialog.com.br\\\/wp-content\\\/uploads\\\/2014\\\/06\\\/depois-da-morte-blog.png\",\"datePublished\":\"2014-06-25T19:44:22+00:00\",\"dateModified\":\"2024-12-30T19:17:18+00:00\",\"description\":\"Todas as redes sociais, exceto o Pinterest, garantem que as informa\u00e7\u00f5es dos seus usu\u00e1rios continuam a ser deles mesmo ap\u00f3s a sua morte. Saiba mais!\",\"breadcrumb\":{\"@id\":\"https:\\\/\\\/www.edialog.com.br\\\/uma-pessoa-faleceu-o-que-acontece-com-rede-social-dela\\\/#breadcrumb\"},\"inLanguage\":\"es\",\"potentialAction\":[{\"@type\":\"ReadAction\",\"target\":[\"https:\\\/\\\/www.edialog.com.br\\\/uma-pessoa-faleceu-o-que-acontece-com-rede-social-dela\\\/\"]}]},{\"@type\":\"ImageObject\",\"inLanguage\":\"es\",\"@id\":\"https:\\\/\\\/www.edialog.com.br\\\/uma-pessoa-faleceu-o-que-acontece-com-rede-social-dela\\\/#primaryimage\",\"url\":\"https:\\\/\\\/www.edialog.com.br\\\/wp-content\\\/uploads\\\/2014\\\/06\\\/depois-da-morte-blog.png\",\"contentUrl\":\"https:\\\/\\\/www.edialog.com.br\\\/wp-content\\\/uploads\\\/2014\\\/06\\\/depois-da-morte-blog.png\",\"width\":500,\"height\":315},{\"@type\":\"BreadcrumbList\",\"@id\":\"https:\\\/\\\/www.edialog.com.br\\\/uma-pessoa-faleceu-o-que-acontece-com-rede-social-dela\\\/#breadcrumb\",\"itemListElement\":[{\"@type\":\"ListItem\",\"position\":1,\"name\":\"Home\",\"item\":\"https:\\\/\\\/www.edialog.com.br\\\/\"},{\"@type\":\"ListItem\",\"position\":2,\"name\":\"M\u00eddia Social\",\"item\":\"https:\\\/\\\/www.edialog.com.br\\\/category\\\/midia-social\\\/\"},{\"@type\":\"ListItem\",\"position\":3,\"name\":\"Uma pessoa faleceu, o que acontece com a rede social dela?\"}]},{\"@type\":\"WebSite\",\"@id\":\"https:\\\/\\\/www.edialog.com.br\\\/#website\",\"url\":\"https:\\\/\\\/www.edialog.com.br\\\/\",\"name\":\"Ag\u00eancia de Inbound Marketing | E-Dialog\",\"description\":\"Ag\u00eancia de Inbound Marketing premiada com solu\u00e7\u00f5es completas para o seu neg\u00f3cio. Atraia leads, com conte\u00fados \u00fanicos e envolventes. Solicite or\u00e7amento!\",\"publisher\":{\"@id\":\"https:\\\/\\\/www.edialog.com.br\\\/#organization\"},\"potentialAction\":[{\"@type\":\"SearchAction\",\"target\":{\"@type\":\"EntryPoint\",\"urlTemplate\":\"https:\\\/\\\/www.edialog.com.br\\\/?s={search_term_string}\"},\"query-input\":{\"@type\":\"PropertyValueSpecification\",\"valueRequired\":true,\"valueName\":\"search_term_string\"}}],\"inLanguage\":\"es\"},{\"@type\":\"Organization\",\"@id\":\"https:\\\/\\\/www.edialog.com.br\\\/#organization\",\"name\":\"Ag\u00eancia de M\u00eddias Sociais e Marketing Digital | E-Dialog\",\"url\":\"https:\\\/\\\/www.edialog.com.br\\\/\",\"logo\":{\"@type\":\"ImageObject\",\"inLanguage\":\"es\",\"@id\":\"https:\\\/\\\/www.edialog.com.br\\\/#\\\/schema\\\/logo\\\/image\\\/\",\"url\":\"https:\\\/\\\/www.edialog.com.br\\\/wp-content\\\/uploads\\\/2021\\\/09\\\/edialog-logo-case.png\",\"contentUrl\":\"https:\\\/\\\/www.edialog.com.br\\\/wp-content\\\/uploads\\\/2021\\\/09\\\/edialog-logo-case.png\",\"width\":810,\"height\":450,\"caption\":\"Ag\u00eancia de M\u00eddias Sociais e Marketing Digital | E-Dialog\"},\"image\":{\"@id\":\"https:\\\/\\\/www.edialog.com.br\\\/#\\\/schema\\\/logo\\\/image\\\/\"},\"sameAs\":[\"https:\\\/\\\/facebook.com\\\/edialogcomunicacao\",\"https:\\\/\\\/x.com\\\/edialog_br\",\"https:\\\/\\\/www.instagram.com\\\/edialog_br\",\"https:\\\/\\\/www.linkedin.com\\\/company\\\/e-dialog-comunica-o-digital\",\"https:\\\/\\\/www.youtube.com\\\/channel\\\/UCPiVQ_yVlcCqWS2sRzJZj7g\"]},{\"@type\":\"Person\",\"@id\":\"https:\\\/\\\/www.edialog.com.br\\\/#\\\/schema\\\/person\\\/7f509934e54fd30b9d2d02cf51b60966\",\"name\":\"Renan Caixeiro\",\"image\":{\"@type\":\"ImageObject\",\"inLanguage\":\"es\",\"@id\":\"https:\\\/\\\/www.edialog.com.br\\\/wp-content\\\/uploads\\\/2023\\\/11\\\/renan-caixeiro-150x150.jpg\",\"url\":\"https:\\\/\\\/www.edialog.com.br\\\/wp-content\\\/uploads\\\/2023\\\/11\\\/renan-caixeiro-150x150.jpg\",\"contentUrl\":\"https:\\\/\\\/www.edialog.com.br\\\/wp-content\\\/uploads\\\/2023\\\/11\\\/renan-caixeiro-150x150.jpg\",\"caption\":\"Renan Caixeiro\"},\"description\":\"S\u00f3cio Diretor na E-Dialog, \u00e9 graduado em Jornalismo e p\u00f3s-graduado em Comunica\u00e7\u00e3o Corporativa, ambos pela UFJF. Est\u00e1 \u00e0 frente do Reportei, SaaS de relat\u00f3rios e dashboards, \u00e9 host do Projeto SaaS, podcast que compartilha experi\u00eancias do universo de software as a service, e s\u00f3cio da Aquela Caixa, comunidade para profissionais de cria\u00e7\u00e3o. Torcedor do Vasco, tem como meta comprar o Gigante da Colina. LinkedIn: @renancaixeiro \\\/ Instagram: @renancaixeiro.\",\"sameAs\":[\"http:\\\/\\\/facebook.com\\\/renancaixeiro\",\"https:\\\/\\\/www.instagram.com\\\/renancaixeiro\\\/\",\"https:\\\/\\\/br.linkedin.com\\\/in\\\/renancaixeiro\\\/pt\",\"https:\\\/\\\/x.com\\\/renancaixeiro\"],\"url\":\"https:\\\/\\\/www.edialog.com.br\\\/es\\\/author\\\/renancaixeiro\\\/\"}]}<\/script>\n<!-- \/ Yoast SEO Premium plugin. -->","yoast_head_json":{"title":"Una persona ha muerto, \u00bfqu\u00e9 ocurre con su red social?","description":"Todas as redes sociais, exceto o Pinterest, garantem que as informa\u00e7\u00f5es dos seus usu\u00e1rios continuam a ser deles mesmo ap\u00f3s a sua morte. Saiba mais!","robots":{"index":"index","follow":"follow","max-snippet":"max-snippet:-1","max-image-preview":"max-image-preview:large","max-video-preview":"max-video-preview:-1"},"canonical":"https:\/\/www.edialog.com.br\/es\/uma-pessoa-faleceu-o-que-acontece-com-rede-social-dela\/","og_locale":"es_ES","og_type":"article","og_title":"Uma pessoa faleceu, o que acontece com a rede social dela?","og_description":"Todas as redes sociais, exceto o Pinterest, garantem que as informa\u00e7\u00f5es dos seus usu\u00e1rios continuam a ser deles mesmo ap\u00f3s a sua morte. Saiba mais!","og_url":"https:\/\/www.edialog.com.br\/es\/uma-pessoa-faleceu-o-que-acontece-com-rede-social-dela\/","og_site_name":"Ag\u00eancia de Inbound Marketing | E-Dialog","article_publisher":"https:\/\/facebook.com\/edialogcomunicacao","article_author":"http:\/\/facebook.com\/renancaixeiro","article_published_time":"2014-06-25T19:44:22+00:00","article_modified_time":"2024-12-30T19:17:18+00:00","og_image":[{"width":500,"height":315,"url":"https:\/\/www.edialog.com.br\/wp-content\/uploads\/2014\/06\/depois-da-morte-blog.png","type":"image\/png"}],"author":"Renan Caixeiro","twitter_misc":{"Escrito por":"Renan Caixeiro","Tiempo de lectura":"2 minutos"},"schema":{"@context":"https:\/\/schema.org","@graph":[{"@type":["Article","BlogPosting"],"@id":"https:\/\/www.edialog.com.br\/uma-pessoa-faleceu-o-que-acontece-com-rede-social-dela\/#article","isPartOf":{"@id":"https:\/\/www.edialog.com.br\/uma-pessoa-faleceu-o-que-acontece-com-rede-social-dela\/"},"author":{"name":"Renan Caixeiro","@id":"https:\/\/www.edialog.com.br\/#\/schema\/person\/7f509934e54fd30b9d2d02cf51b60966"},"headline":"Uma pessoa faleceu, o que acontece com a rede social dela?","datePublished":"2014-06-25T19:44:22+00:00","dateModified":"2024-12-30T19:17:18+00:00","mainEntityOfPage":{"@id":"https:\/\/www.edialog.com.br\/uma-pessoa-faleceu-o-que-acontece-com-rede-social-dela\/"},"wordCount":246,"commentCount":2,"publisher":{"@id":"https:\/\/www.edialog.com.br\/#organization"},"image":{"@id":"https:\/\/www.edialog.com.br\/uma-pessoa-faleceu-o-que-acontece-com-rede-social-dela\/#primaryimage"},"thumbnailUrl":"https:\/\/www.edialog.com.br\/wp-content\/uploads\/2014\/06\/depois-da-morte-blog.png","keywords":["morte","rede social"],"articleSection":["Facebook","Infogr\u00e1ficos","M\u00eddia Social","Twitter"],"inLanguage":"es","potentialAction":[{"@type":"CommentAction","name":"Comment","target":["https:\/\/www.edialog.com.br\/uma-pessoa-faleceu-o-que-acontece-com-rede-social-dela\/#respond"]}]},{"@type":"WebPage","@id":"https:\/\/www.edialog.com.br\/uma-pessoa-faleceu-o-que-acontece-com-rede-social-dela\/","url":"https:\/\/www.edialog.com.br\/uma-pessoa-faleceu-o-que-acontece-com-rede-social-dela\/","name":"Una persona ha muerto, \u00bfqu\u00e9 ocurre con su red social?","isPartOf":{"@id":"https:\/\/www.edialog.com.br\/#website"},"primaryImageOfPage":{"@id":"https:\/\/www.edialog.com.br\/uma-pessoa-faleceu-o-que-acontece-com-rede-social-dela\/#primaryimage"},"image":{"@id":"https:\/\/www.edialog.com.br\/uma-pessoa-faleceu-o-que-acontece-com-rede-social-dela\/#primaryimage"},"thumbnailUrl":"https:\/\/www.edialog.com.br\/wp-content\/uploads\/2014\/06\/depois-da-morte-blog.png","datePublished":"2014-06-25T19:44:22+00:00","dateModified":"2024-12-30T19:17:18+00:00","description":"Todas as redes sociais, exceto o Pinterest, garantem que as informa\u00e7\u00f5es dos seus usu\u00e1rios continuam a ser deles mesmo ap\u00f3s a sua morte. Saiba mais!","breadcrumb":{"@id":"https:\/\/www.edialog.com.br\/uma-pessoa-faleceu-o-que-acontece-com-rede-social-dela\/#breadcrumb"},"inLanguage":"es","potentialAction":[{"@type":"ReadAction","target":["https:\/\/www.edialog.com.br\/uma-pessoa-faleceu-o-que-acontece-com-rede-social-dela\/"]}]},{"@type":"ImageObject","inLanguage":"es","@id":"https:\/\/www.edialog.com.br\/uma-pessoa-faleceu-o-que-acontece-com-rede-social-dela\/#primaryimage","url":"https:\/\/www.edialog.com.br\/wp-content\/uploads\/2014\/06\/depois-da-morte-blog.png","contentUrl":"https:\/\/www.edialog.com.br\/wp-content\/uploads\/2014\/06\/depois-da-morte-blog.png","width":500,"height":315},{"@type":"BreadcrumbList","@id":"https:\/\/www.edialog.com.br\/uma-pessoa-faleceu-o-que-acontece-com-rede-social-dela\/#breadcrumb","itemListElement":[{"@type":"ListItem","position":1,"name":"Home","item":"https:\/\/www.edialog.com.br\/"},{"@type":"ListItem","position":2,"name":"M\u00eddia Social","item":"https:\/\/www.edialog.com.br\/category\/midia-social\/"},{"@type":"ListItem","position":3,"name":"Uma pessoa faleceu, o que acontece com a rede social dela?"}]},{"@type":"WebSite","@id":"https:\/\/www.edialog.com.br\/#website","url":"https:\/\/www.edialog.com.br\/","name":"Agencia de marketing entrante | E-Dialog","description":"Ag\u00eancia de Inbound Marketing premiada com solu\u00e7\u00f5es completas para o seu neg\u00f3cio. Atraia leads, com conte\u00fados \u00fanicos e envolventes. Solicite or\u00e7amento!","publisher":{"@id":"https:\/\/www.edialog.com.br\/#organization"},"potentialAction":[{"@type":"SearchAction","target":{"@type":"EntryPoint","urlTemplate":"https:\/\/www.edialog.com.br\/?s={search_term_string}"},"query-input":{"@type":"PropertyValueSpecification","valueRequired":true,"valueName":"search_term_string"}}],"inLanguage":"es"},{"@type":"Organization","@id":"https:\/\/www.edialog.com.br\/#organization","name":"Ag\u00eancia de M\u00eddias Sociais e Marketing Digital | E-Dialog","url":"https:\/\/www.edialog.com.br\/","logo":{"@type":"ImageObject","inLanguage":"es","@id":"https:\/\/www.edialog.com.br\/#\/schema\/logo\/image\/","url":"https:\/\/www.edialog.com.br\/wp-content\/uploads\/2021\/09\/edialog-logo-case.png","contentUrl":"https:\/\/www.edialog.com.br\/wp-content\/uploads\/2021\/09\/edialog-logo-case.png","width":810,"height":450,"caption":"Ag\u00eancia de M\u00eddias Sociais e Marketing Digital | E-Dialog"},"image":{"@id":"https:\/\/www.edialog.com.br\/#\/schema\/logo\/image\/"},"sameAs":["https:\/\/facebook.com\/edialogcomunicacao","https:\/\/x.com\/edialog_br","https:\/\/www.instagram.com\/edialog_br","https:\/\/www.linkedin.com\/company\/e-dialog-comunica-o-digital","https:\/\/www.youtube.com\/channel\/UCPiVQ_yVlcCqWS2sRzJZj7g"]},{"@type":"Person","@id":"https:\/\/www.edialog.com.br\/#\/schema\/person\/7f509934e54fd30b9d2d02cf51b60966","name":"Renan Caixeiro","image":{"@type":"ImageObject","inLanguage":"es","@id":"https:\/\/www.edialog.com.br\/wp-content\/uploads\/2023\/11\/renan-caixeiro-150x150.jpg","url":"https:\/\/www.edialog.com.br\/wp-content\/uploads\/2023\/11\/renan-caixeiro-150x150.jpg","contentUrl":"https:\/\/www.edialog.com.br\/wp-content\/uploads\/2023\/11\/renan-caixeiro-150x150.jpg","caption":"Renan Caixeiro"},"description":"S\u00f3cio Diretor na E-Dialog, \u00e9 graduado em Jornalismo e p\u00f3s-graduado em Comunica\u00e7\u00e3o Corporativa, ambos pela UFJF. Est\u00e1 \u00e0 frente do Reportei, SaaS de relat\u00f3rios e dashboards, \u00e9 host do Projeto SaaS, podcast que compartilha experi\u00eancias do universo de software as a service, e s\u00f3cio da Aquela Caixa, comunidade para profissionais de cria\u00e7\u00e3o. Torcedor do Vasco, tem como meta comprar o Gigante da Colina. LinkedIn: @renancaixeiro \/ Instagram: @renancaixeiro.","sameAs":["http:\/\/facebook.com\/renancaixeiro","https:\/\/www.instagram.com\/renancaixeiro\/","https:\/\/br.linkedin.com\/in\/renancaixeiro\/pt","https:\/\/x.com\/renancaixeiro"],"url":"https:\/\/www.edialog.com.br\/es\/author\/renancaixeiro\/"}]}},"_links":{"self":[{"href":"https:\/\/www.edialog.com.br\/es\/wp-json\/wp\/v2\/posts\/5127","targetHints":{"allow":["GET"]}}],"collection":[{"href":"https:\/\/www.edialog.com.br\/es\/wp-json\/wp\/v2\/posts"}],"about":[{"href":"https:\/\/www.edialog.com.br\/es\/wp-json\/wp\/v2\/types\/post"}],"author":[{"embeddable":true,"href":"https:\/\/www.edialog.com.br\/es\/wp-json\/wp\/v2\/users\/1"}],"replies":[{"embeddable":true,"href":"https:\/\/www.edialog.com.br\/es\/wp-json\/wp\/v2\/comments?post=5127"}],"version-history":[{"count":1,"href":"https:\/\/www.edialog.com.br\/es\/wp-json\/wp\/v2\/posts\/5127\/revisions"}],"predecessor-version":[{"id":227681,"href":"https:\/\/www.edialog.com.br\/es\/wp-json\/wp\/v2\/posts\/5127\/revisions\/227681"}],"wp:featuredmedia":[{"embeddable":true,"href":"https:\/\/www.edialog.com.br\/es\/wp-json\/wp\/v2\/media\/5130"}],"wp:attachment":[{"href":"https:\/\/www.edialog.com.br\/es\/wp-json\/wp\/v2\/media?parent=5127"}],"wp:term":[{"taxonomy":"category","embeddable":true,"href":"https:\/\/www.edialog.com.br\/es\/wp-json\/wp\/v2\/categories?post=5127"},{"taxonomy":"post_tag","embeddable":true,"href":"https:\/\/www.edialog.com.br\/es\/wp-json\/wp\/v2\/tags?post=5127"}],"curies":[{"name":"wp","href":"https:\/\/api.w.org\/{rel}","templated":true}]}}