{"id":492,"date":"2011-01-24T11:19:59","date_gmt":"2011-01-24T14:19:59","guid":{"rendered":"https:\/\/www.edialog.com.br\/?p=492"},"modified":"2025-05-04T21:41:18","modified_gmt":"2025-05-05T00:41:18","slug":"voce-sabe-quanto-vale-sua-pagina-no-facebook","status":"publish","type":"post","link":"https:\/\/www.edialog.com.br\/es\/voce-sabe-quanto-vale-sua-pagina-no-facebook\/","title":{"rendered":"Voc\u00ea sabe quanto vale sua p\u00e1gina no Facebook?"},"content":{"rendered":"<p><span style=\"font-weight: 400;\">Voc\u00ea tem uma p\u00e1gina nas redes sociais e quer saber o valor para sua empresa? Neste artigo, explicamos quanto vale sua p\u00e1gina no Facebook e como voc\u00ea pode gerar mais oportunidades com ela.<\/span><\/p>\n<h2><span style=\"font-weight: 400;\">Por que ter uma p\u00e1gina no Facebook?<\/span><\/h2>\n<p><span style=\"font-weight: 400;\">No cen\u00e1rio empresarial atual, a presen\u00e7a online \u00e9 mais do que uma simples op\u00e7\u00e3o &#8211; \u00e9 uma necessidade. E, quando se trata de estabelecer uma presen\u00e7a digital forte, o Facebook continua a ser uma das plataformas mais populares e influentes.\u00a0<\/span><\/p>\n<p><span style=\"font-weight: 400;\">Com mais de 2,8 bilh\u00f5es de usu\u00e1rios ativos mensais em todo o mundo, o Facebook oferece um vasto alcance e uma infinidade de oportunidades de neg\u00f3cio para empresas de todos os tamanhos.<\/span><\/p>\n<p><span style=\"font-weight: 400;\">No entanto, quando gestores de empresas se deparam com a quest\u00e3o de quanto custa sua p\u00e1gina no Facebook, geralmente pensam apenas em termos monet\u00e1rios, como o pre\u00e7o de venda baseado no n\u00famero de seguidores.\u00a0<\/span><\/p>\n<p><span style=\"font-weight: 400;\">No entanto, existe um aspecto ainda mais valioso a ser considerado: o potencial de neg\u00f3cios que a p\u00e1gina na rede pode gerar.<\/span><\/p>\n<p><span style=\"font-weight: 400;\">Neste artigo, iremos explorar o valor das p\u00e1ginas empresariais no Facebook sob a perspectiva das oportunidades de neg\u00f3cio dispon\u00edveis atrav\u00e9s dessa plataforma.<\/span><\/p>\n<h3><span style=\"font-weight: 400;\">Como o Facebook pode gerar vendas?<\/span><\/h3>\n<p><span style=\"font-weight: 400;\">O Facebook pode impulsionar os neg\u00f3cios atrav\u00e9s do aumento da visibilidade da marca, <a href=\"https:\/\/www.edialog.com.br\/es\/clientes-potenciales-cualificados\/\">generar clientes potenciales cualificados<\/a> e facilita\u00e7\u00e3o da intera\u00e7\u00e3o com os clientes.<\/span><\/p>\n<p><span style=\"font-weight: 400;\">Mas \u00e9 importante fazer isso da forma correta, com t\u00e9cnicas de engajamento, segmenta\u00e7\u00e3o eficaz de audi\u00eancia, publicidade direcionada e aproveitamento de recursos exclusivos da plataforma.\u00a0<\/span><\/p>\n<p><span style=\"font-weight: 400;\">Al\u00e9m disso, vale ressaltar a<\/span><a href=\"https:\/\/www.edialog.com.br\/es\/metricas-para-saas\/\"><span style=\"font-weight: 400;\"> import\u00e2ncia de m\u00e9tricas-chave<\/span><\/a><span style=\"font-weight: 400;\">, como taxa de convers\u00e3o, alcance org\u00e2nico e envolvimento dos seguidores, na avalia\u00e7\u00e3o do valor da p\u00e1gina.<\/span><\/p>\n<p><span style=\"font-weight: 400;\">No geral, o Facebook ajuda as empresas a gerar mais vendas oferecendo uma plataforma de contato direto com os consumidores. E ainda que as gera\u00e7\u00f5es mais novas estejam migrando para novas redes sociais, os demogr\u00e1ficos acima de certa idade permanecem ativos na rede.<\/span><\/p>\n<p><span style=\"font-weight: 400;\">E isso \u00e9 fundamental para empresas cujo p\u00fablico-alvo segue envelhecendo e ativo na internet. Afinal, n\u00e3o adianta pular toda hora para uma nova rede se os seus consumidores continuam na primeira que aprenderam a usar corretamente. No Brasil, ainda s\u00e3o 116 milh\u00f5es de usu\u00e1rios ativos na plataforma.\u00a0<\/span><\/p>\n<p><span style=\"font-weight: 400;\">Em termos de ferramentas, podemos destacar ainda:<\/span><\/p>\n<ul>\n<li style=\"font-weight: 400;\" aria-level=\"1\"><a href=\"https:\/\/www.edialog.com.br\/es\/consultoria-e-gestao-de-facebook-ads\/\"><span style=\"font-weight: 400;\">Uso de an\u00fancios para divulga\u00e7\u00e3o de produtos ou servi\u00e7os no Facebook Ads<\/span><\/a><span style=\"font-weight: 400;\">;<\/span><\/li>\n<li style=\"font-weight: 400;\" aria-level=\"1\"><span style=\"font-weight: 400;\">Facebook <a href=\"https:\/\/www.edialog.com.br\/es\/como-vender-nos-marketplaces\/\">Marketplace<\/a> para venda de produtos ou servi\u00e7os;<\/span><\/li>\n<li style=\"font-weight: 400;\" aria-level=\"1\"><span style=\"font-weight: 400;\">Facebook Shop.<\/span><\/li>\n<\/ul>\n<h2><span style=\"font-weight: 400;\">Transformando seguidores em vendas no Facebook\u00a0<\/span><\/h2>\n<p><span style=\"font-weight: 400;\">Um dos principais indicadores de sucesso de uma p\u00e1gina empresarial no Facebook \u00e9 a capacidade de converter seguidores em cliques no link, direcionando o tr\u00e1fego para o seu site, landing page ou outras formas de convers\u00e3o.\u00a0<\/span><\/p>\n<p><span style=\"font-weight: 400;\">Afinal, o objetivo final de uma estrat\u00e9gia de marketing nas redes sociais \u00e9 impulsionar as vendas e gerar oportunidades de neg\u00f3cio tang\u00edveis &#8211; n\u00e3o adianta acumular seguidores que n\u00e3o engajam e, pior, n\u00e3o compram.<\/span><\/p>\n<p><span style=\"font-weight: 400;\">A convers\u00e3o de seguidores em cliques pode ser medida por meio de m\u00e9tricas como a taxa de cliques (CTR &#8211; Click-Through Rate), que indica a porcentagem de pessoas que clicaram em um link em rela\u00e7\u00e3o ao n\u00famero total de seguidores da p\u00e1gina.\u00a0<\/span><\/p>\n<p><span style=\"font-weight: 400;\">Para calcular o CTR, divida o n\u00famero de cliques pelo n\u00famero de seguidores e multiplique por 100.<\/span><\/p>\n<p><span style=\"font-weight: 400;\">Por exemplo, se sua p\u00e1gina empresarial possui 10.000 seguidores e obteve 500 cliques em um determinado per\u00edodo, o CTR seria calculado da seguinte forma: (500 \u00f7 10.000) x 100 = 5%. Esse valor representa a taxa de convers\u00e3o dos seguidores em cliques.<\/span><\/p>\n<p><span style=\"font-weight: 400;\">Outra forma de calcular o CTR \u00e9 usar, ao inv\u00e9s do n\u00famero de seguidores, o n\u00famero de pessoas que viram a publica\u00e7\u00e3o ou an\u00fancio.\u00a0<\/span><\/p>\n<p><span style=\"font-weight: 400;\">A import\u00e2ncia dessa m\u00e9trica reside no fato de que, quanto maior a taxa de cliques, maior ser\u00e1 o tr\u00e1fego direcionado ao seu site ou landing page.\u00a0<\/span><\/p>\n<p><span style=\"font-weight: 400;\">Ao gerar cliques significativos, voc\u00ea cria uma ponte direta entre a sua p\u00e1gina no Facebook e o seu <a href=\"https:\/\/www.edialog.com.br\/es\/embudo-de-ventas\/\">embudo de ventas<\/a>. Isso permite que voc\u00ea capture leads qualificados, ou seja, pessoas que j\u00e1 demonstraram interesse em seu conte\u00fado e est\u00e3o dispostas a explorar mais sobre sua empresa.\u00a0<\/span><\/p>\n<p><span style=\"font-weight: 400;\">Por meio de uma estrat\u00e9gia de marketing bem direcionada, voc\u00ea pode converter esses leads em vendas reais e, assim, aumentar seu retorno sobre o investimento (ROI).<\/span><\/p>\n<p><a href=\"https:\/\/www.edialog.com.br\/es\/landing-page-de-alta-conversao\/\"><span style=\"font-weight: 400;\">&gt;&gt; Para saber mais sobre como converter leads em landing pages eficientes, leia este artigo.<\/span><\/a><\/p>\n<h3><span style=\"font-weight: 400;\">Como aumentar a convers\u00e3o de seguidores em leads no Facebook<\/span><\/h3>\n<p><span style=\"font-weight: 400;\">Existem v\u00e1rias t\u00e1ticas que podem ser empregadas para aumentar a convers\u00e3o de seguidores em cliques no Facebook. Primeiramente, \u00e9 essencial fornecer conte\u00fado relevante, atraente e \u00fatil para o seu p\u00fablico-alvo.\u00a0<\/span><\/p>\n<p><span style=\"font-weight: 400;\">Ao compartilhar informa\u00e7\u00f5es valiosas, promover produtos ou servi\u00e7os interessantes e interagir de maneira aut\u00eantica com seus seguidores, voc\u00ea estar\u00e1 incentivando-os a se envolverem mais com sua p\u00e1gina e a explorarem os links fornecidos.<\/span><\/p>\n<p><span style=\"font-weight: 400;\">Al\u00e9m disso, \u00e9 fundamental utilizar chamadas para a\u00e7\u00e3o (<a href=\"https:\/\/www.edialog.com.br\/es\/cta-call-to-action\/\">CTAs &#8211; Call to Actions<\/a>) eficazes em suas postagens. Incentive explicitamente seus seguidores a clicarem no link para saber mais, obter descontos exclusivos, participar de sorteios ou qualquer outra a\u00e7\u00e3o que esteja alinhada com seus objetivos de neg\u00f3cio.<\/span><\/p>\n<p><a href=\"https:\/\/www.edialog.com.br\/es\/cta-call-to-action-como-fazer-e-melhores-exemplos\/\"><span style=\"font-weight: 400;\">&gt;&gt; Saiba como criar CTAs eficientes atrav\u00e9s de exemplos pr\u00e1ticos aqui.<\/span><\/a><\/p>\n<p><span style=\"font-weight: 400;\">Outra estrat\u00e9gia eficaz \u00e9 aproveitar recursos como os an\u00fancios direcionados do Facebook. Com essas ferramentas, voc\u00ea pode segmentar sua audi\u00eancia com base em crit\u00e9rios demogr\u00e1ficos, interesses, comportamentos de navega\u00e7\u00e3o e muito mais.\u00a0<\/span><\/p>\n<p><span style=\"font-weight: 400;\">Dessa forma, voc\u00ea pode direcionar seus an\u00fancios para as pessoas certas, aumentando a probabilidade de convers\u00f5es e oportunidades de vendas.<\/span><\/p>\n<p><span style=\"font-weight: 400;\">Ao calcular e monitorar regularmente sua taxa de cliques e implementar estrat\u00e9gias eficazes para aumentar a convers\u00e3o, voc\u00ea estar\u00e1 obtendo insights valiosos sobre o desempenho da sua p\u00e1gina no Facebook.\u00a0<\/span><\/p>\n<p><span style=\"font-weight: 400;\">Isso permitir\u00e1 que voc\u00ea avalie a efic\u00e1cia das suas a\u00e7\u00f5es de marketing e fa\u00e7a ajustes conforme necess\u00e1rio.<\/span><\/p>\n<p><a href=\"https:\/\/materiais.edialog.com.br\/e-book-como-gerar-leads\" target=\"_blank\" rel=\"noopener\"><img fetchpriority=\"high\" decoding=\"async\" class=\"aligncenter size-large wp-image-215708\" src=\"https:\/\/www.edialog.com.br\/wp-content\/uploads\/2018\/03\/007-Banner-1920500-1024x267.png\" alt=\"\" width=\"1024\" height=\"267\" \/><\/a><\/p>\n<h3><span style=\"font-weight: 400;\">Como aumentar o valor da sua p\u00e1gina do Facebook com + m\u00e9tricas<\/span><\/h3>\n<p><span style=\"font-weight: 400;\">Al\u00e9m da taxa de cliques, \u00e9 importante analisar outras m\u00e9tricas relacionadas \u00e0 convers\u00e3o e ao engajamento do p\u00fablico.\u00a0<\/span><\/p>\n<p><span style=\"font-weight: 400;\">Por exemplo, voc\u00ea pode medir a taxa de convers\u00e3o de cliques em vendas, ou seja, quantas pessoas que clicaram no link efetivamente realizaram uma compra. Essa m\u00e9trica fornece uma vis\u00e3o direta do retorno financeiro que suas a\u00e7\u00f5es no Facebook est\u00e3o gerando.<\/span><\/p>\n<p><span style=\"font-weight: 400;\">Outra m\u00e9trica relevante \u00e9 o tempo m\u00e9dio de perman\u00eancia no site.\u00a0<\/span><\/p>\n<p><span style=\"font-weight: 400;\">Se voc\u00ea perceber que os visitantes oriundos do Facebook est\u00e3o passando pouco tempo no seu site, pode ser necess\u00e1rio ajustar a qualidade do conte\u00fado ou a experi\u00eancia de navega\u00e7\u00e3o.<\/span><\/p>\n<p><span style=\"font-weight: 400;\">Aumentar o tempo de perman\u00eancia no site aumenta as chances de os visitantes explorarem mais p\u00e1ginas, lerem informa\u00e7\u00f5es adicionais e, eventualmente, realizarem uma convers\u00e3o.<\/span><\/p>\n<p><span style=\"font-weight: 400;\">A segmenta\u00e7\u00e3o da audi\u00eancia \u00e9 uma estrat\u00e9gia poderosa para aumentar as oportunidades de vendas.\u00a0<\/span><\/p>\n<p><span style=\"font-weight: 400;\">Utilizando as ferramentas de segmenta\u00e7\u00e3o do Facebook, voc\u00ea pode direcionar suas postagens e an\u00fancios para grupos espec\u00edficos de pessoas com maior probabilidade de se interessarem pelo seu produto ou servi\u00e7o.\u00a0<\/span><\/p>\n<p><span style=\"font-weight: 400;\">Ao alcan\u00e7ar as pessoas certas, voc\u00ea est\u00e1 maximizando suas chances de convers\u00e3o e aproveitando ao m\u00e1ximo as oportunidades de neg\u00f3cio dispon\u00edveis na plataforma.<\/span><\/p>\n<p><span style=\"font-weight: 400;\">Por fim, \u00e9 essencial acompanhar e analisar regularmente os resultados das suas a\u00e7\u00f5es no Facebook. Utilize as ferramentas de an\u00e1lise da plataforma ou outras ferramentas externas para obter insights detalhados sobre o desempenho da sua p\u00e1gina.\u00a0<\/span><\/p>\n<p><span style=\"font-weight: 400;\">Isso permitir\u00e1 que voc\u00ea identifique padr\u00f5es, tend\u00eancias e \u00e1reas de melhoria, al\u00e9m de ajustar sua estrat\u00e9gia com base nos dados coletados.<\/span><\/p>\n<p><a href=\"https:\/\/www.edialog.com.br\/es\/cac-custo-de-aquisicao-de-clientes\/\"><span style=\"font-weight: 400;\">&gt;&gt; Leia tamb\u00e9m: Custo de Aquisi\u00e7\u00e3o de Clientes (CAC) &#8211; Import\u00e2ncia da m\u00e9trica para os neg\u00f3cios.<\/span><\/a><\/p>\n<h2><span style=\"font-weight: 400;\">Sua p\u00e1gina no Facebook vale mais quando est\u00e1 atrelada a um neg\u00f3cio<\/span><\/h2>\n<p><span style=\"font-weight: 400;\">Tentar vender uma p\u00e1gina por n\u00famero de seguidores \u00e9 uma estrat\u00e9gia antiga e desatualizada. Hoje, as empresas que desbravam o digital sabem que precisam de uma <\/span><a href=\"https:\/\/www.edialog.com.br\/es\/redes-sociais-na-metodologia-inbound\/\"><span style=\"font-weight: 400;\">plataforma onde possam falar e vender para seus potenciais consumidores<\/span><\/a><span style=\"font-weight: 400;\">.\u00a0<\/span><\/p>\n<p><span style=\"font-weight: 400;\">Para tanto, usam estrat\u00e9gias de an\u00fancios, c\u00e1lculos de convers\u00e3o de usu\u00e1rios em leads e outros fatores t\u00e9cnicos mais para validar a efici\u00eancia de suas campanhas.<\/span><\/p>\n<p><span style=\"font-weight: 400;\">Em resumo, calcular a convers\u00e3o de seguidores em cliques e entender como isso pode gerar oportunidades de vendas \u00e9 fundamental para os gestores de empresas que desejam obter resultados significativos no Facebook.\u00a0<\/span><\/p>\n<p><span style=\"font-weight: 400;\">Ao monitorar e melhorar constantemente a taxa de cliques, segmentar adequadamente a audi\u00eancia, fornecer conte\u00fado relevante e analisar m\u00e9tricas-chave, voc\u00ea estar\u00e1 no caminho certo para aproveitar ao m\u00e1ximo o potencial de neg\u00f3cios que a plataforma oferece.<\/span><\/p>\n<p><span style=\"font-weight: 400;\">Lembre-se de que cada intera\u00e7\u00e3o na sua p\u00e1gina empresarial no Facebook \u00e9 uma oportunidade de envolver seu p\u00fablico, cultivar relacionamentos duradouros e, em \u00faltima an\u00e1lise, impulsionar as vendas.\u00a0<\/span><\/p>\n<p><span style=\"font-weight: 400;\">Ao adotar uma abordagem estrat\u00e9gica e orientada a dados, voc\u00ea estar\u00e1 preparando sua empresa para alcan\u00e7ar resultados significativos e aumentar o retorno sobre o <a href=\"https:\/\/www.edialog.com.br\/es\/investimento-em-marketing-digital\/\">investimento em marketing digital<\/a>.<\/span><\/p>\n<p><span style=\"font-weight: 400;\">\u00bfLe ha gustado el art\u00edculo? M\u00e1s informaci\u00f3n <\/span><a href=\"https:\/\/www.edialog.com.br\/es\/gestao-de-redes-sociais\/\"><span style=\"font-weight: 400;\">La gesti\u00f3n de las Redes Sociales<\/span><\/a><span style=\"font-weight: 400;\">, <\/span><a href=\"https:\/\/www.edialog.com.br\/es\/consultoria-google-adwords\/\"><span style=\"font-weight: 400;\">Consultoria Google Ads<\/span><\/a><span style=\"font-weight: 400;\">, <\/span><a href=\"https:\/\/www.edialog.com.br\/es\/o-que-e-inbound-marketing\/\"><span style=\"font-weight: 400;\">Inbound Marketing<\/span><\/a><span style=\"font-weight: 400;\"> e outros assuntos de Marketing Digital no blog da E-Dialog.<\/span><\/p>","protected":false},"excerpt":{"rendered":"<p>Voc\u00ea sabe quanto vale sua p\u00e1gina no Facebook na pr\u00e1tica? Mostramos como sua empresa pode gerar mais receita nas redes sociais.<\/p>","protected":false},"author":1,"featured_media":220525,"comment_status":"open","ping_status":"open","sticky":false,"template":"","format":"standard","meta":{"_acf_changed":false,"content-type":"","footnotes":""},"categories":[43],"tags":[537,80,130],"class_list":["post-492","post","type-post","status-publish","format-standard","has-post-thumbnail","hentry","category-facebook","tag-facebook","tag-fan-page","tag-pagina"],"acf":[],"yoast_head":"<!-- This site is optimized with the Yoast SEO Premium plugin v27.3 (Yoast SEO v27.3) - https:\/\/yoast.com\/product\/yoast-seo-premium-wordpress\/ -->\n<title>Voc\u00ea sabe quanto vale sua p\u00e1gina no Facebook? | E-Dialog<\/title>\n<meta name=\"description\" content=\"Voc\u00ea sabe quanto vale sua p\u00e1gina no Facebook na pr\u00e1tica? Mostramos como sua empresa pode gerar mais receita nas redes sociais.\" \/>\n<meta name=\"robots\" content=\"index, follow, max-snippet:-1, max-image-preview:large, max-video-preview:-1\" \/>\n<link rel=\"canonical\" href=\"https:\/\/www.edialog.com.br\/es\/voce-sabe-quanto-vale-sua-pagina-no-facebook\/\" \/>\n<meta property=\"og:locale\" content=\"es_ES\" \/>\n<meta property=\"og:type\" content=\"article\" \/>\n<meta property=\"og:title\" content=\"Voc\u00ea sabe quanto vale sua p\u00e1gina no Facebook?\" \/>\n<meta property=\"og:description\" content=\"Voc\u00ea sabe quanto vale sua p\u00e1gina no Facebook na pr\u00e1tica? Mostramos como sua empresa pode gerar mais receita nas redes sociais.\" \/>\n<meta property=\"og:url\" content=\"https:\/\/www.edialog.com.br\/es\/voce-sabe-quanto-vale-sua-pagina-no-facebook\/\" \/>\n<meta property=\"og:site_name\" content=\"Ag\u00eancia de Inbound Marketing | E-Dialog\" \/>\n<meta property=\"article:publisher\" content=\"https:\/\/facebook.com\/edialogcomunicacao\" \/>\n<meta property=\"article:author\" content=\"http:\/\/facebook.com\/renancaixeiro\" \/>\n<meta property=\"article:published_time\" content=\"2011-01-24T14:19:59+00:00\" \/>\n<meta property=\"article:modified_time\" content=\"2025-05-05T00:41:18+00:00\" \/>\n<meta property=\"og:image\" content=\"https:\/\/www.edialog.com.br\/wp-content\/uploads\/2011\/01\/iStock-1404146717.jpg\" \/>\n\t<meta property=\"og:image:width\" content=\"1254\" \/>\n\t<meta property=\"og:image:height\" content=\"837\" \/>\n\t<meta property=\"og:image:type\" content=\"image\/jpeg\" \/>\n<meta name=\"author\" content=\"Renan Caixeiro\" \/>\n<meta name=\"twitter:label1\" content=\"Escrito por\" \/>\n\t<meta name=\"twitter:data1\" content=\"Renan Caixeiro\" \/>\n\t<meta name=\"twitter:label2\" content=\"Tiempo de lectura\" \/>\n\t<meta name=\"twitter:data2\" content=\"9 minutos\" \/>\n<script type=\"application\/ld+json\" class=\"yoast-schema-graph\">{\"@context\":\"https:\\\/\\\/schema.org\",\"@graph\":[{\"@type\":[\"Article\",\"BlogPosting\"],\"@id\":\"https:\\\/\\\/www.edialog.com.br\\\/voce-sabe-quanto-vale-sua-pagina-no-facebook\\\/#article\",\"isPartOf\":{\"@id\":\"https:\\\/\\\/www.edialog.com.br\\\/voce-sabe-quanto-vale-sua-pagina-no-facebook\\\/\"},\"author\":{\"name\":\"Renan Caixeiro\",\"@id\":\"https:\\\/\\\/www.edialog.com.br\\\/#\\\/schema\\\/person\\\/7f509934e54fd30b9d2d02cf51b60966\"},\"headline\":\"Voc\u00ea sabe quanto vale sua p\u00e1gina no Facebook?\",\"datePublished\":\"2011-01-24T14:19:59+00:00\",\"dateModified\":\"2025-05-05T00:41:18+00:00\",\"mainEntityOfPage\":{\"@id\":\"https:\\\/\\\/www.edialog.com.br\\\/voce-sabe-quanto-vale-sua-pagina-no-facebook\\\/\"},\"wordCount\":1592,\"commentCount\":11,\"publisher\":{\"@id\":\"https:\\\/\\\/www.edialog.com.br\\\/#organization\"},\"image\":{\"@id\":\"https:\\\/\\\/www.edialog.com.br\\\/voce-sabe-quanto-vale-sua-pagina-no-facebook\\\/#primaryimage\"},\"thumbnailUrl\":\"https:\\\/\\\/www.edialog.com.br\\\/wp-content\\\/uploads\\\/2011\\\/01\\\/iStock-1404146717.jpg\",\"keywords\":[\"Facebook\",\"fan page\",\"p\u00e1gina\"],\"articleSection\":[\"Facebook\"],\"inLanguage\":\"es\",\"potentialAction\":[{\"@type\":\"CommentAction\",\"name\":\"Comment\",\"target\":[\"https:\\\/\\\/www.edialog.com.br\\\/voce-sabe-quanto-vale-sua-pagina-no-facebook\\\/#respond\"]}]},{\"@type\":\"WebPage\",\"@id\":\"https:\\\/\\\/www.edialog.com.br\\\/voce-sabe-quanto-vale-sua-pagina-no-facebook\\\/\",\"url\":\"https:\\\/\\\/www.edialog.com.br\\\/voce-sabe-quanto-vale-sua-pagina-no-facebook\\\/\",\"name\":\"Voc\u00ea sabe quanto vale sua p\u00e1gina no Facebook? | E-Dialog\",\"isPartOf\":{\"@id\":\"https:\\\/\\\/www.edialog.com.br\\\/#website\"},\"primaryImageOfPage\":{\"@id\":\"https:\\\/\\\/www.edialog.com.br\\\/voce-sabe-quanto-vale-sua-pagina-no-facebook\\\/#primaryimage\"},\"image\":{\"@id\":\"https:\\\/\\\/www.edialog.com.br\\\/voce-sabe-quanto-vale-sua-pagina-no-facebook\\\/#primaryimage\"},\"thumbnailUrl\":\"https:\\\/\\\/www.edialog.com.br\\\/wp-content\\\/uploads\\\/2011\\\/01\\\/iStock-1404146717.jpg\",\"datePublished\":\"2011-01-24T14:19:59+00:00\",\"dateModified\":\"2025-05-05T00:41:18+00:00\",\"description\":\"Voc\u00ea sabe quanto vale sua p\u00e1gina no Facebook na pr\u00e1tica? Mostramos como sua empresa pode gerar mais receita nas redes sociais.\",\"breadcrumb\":{\"@id\":\"https:\\\/\\\/www.edialog.com.br\\\/voce-sabe-quanto-vale-sua-pagina-no-facebook\\\/#breadcrumb\"},\"inLanguage\":\"es\",\"potentialAction\":[{\"@type\":\"ReadAction\",\"target\":[\"https:\\\/\\\/www.edialog.com.br\\\/voce-sabe-quanto-vale-sua-pagina-no-facebook\\\/\"]}]},{\"@type\":\"ImageObject\",\"inLanguage\":\"es\",\"@id\":\"https:\\\/\\\/www.edialog.com.br\\\/voce-sabe-quanto-vale-sua-pagina-no-facebook\\\/#primaryimage\",\"url\":\"https:\\\/\\\/www.edialog.com.br\\\/wp-content\\\/uploads\\\/2011\\\/01\\\/iStock-1404146717.jpg\",\"contentUrl\":\"https:\\\/\\\/www.edialog.com.br\\\/wp-content\\\/uploads\\\/2011\\\/01\\\/iStock-1404146717.jpg\",\"width\":1254,\"height\":837,\"caption\":\"imagem de smartphone com p\u00e1gina de login do facebook aberta para artigo quanto vale sua p\u00e1gina do facebook\"},{\"@type\":\"BreadcrumbList\",\"@id\":\"https:\\\/\\\/www.edialog.com.br\\\/voce-sabe-quanto-vale-sua-pagina-no-facebook\\\/#breadcrumb\",\"itemListElement\":[{\"@type\":\"ListItem\",\"position\":1,\"name\":\"Home\",\"item\":\"https:\\\/\\\/www.edialog.com.br\\\/\"},{\"@type\":\"ListItem\",\"position\":2,\"name\":\"Facebook\",\"item\":\"https:\\\/\\\/www.edialog.com.br\\\/category\\\/facebook\\\/\"},{\"@type\":\"ListItem\",\"position\":3,\"name\":\"Voc\u00ea sabe quanto vale sua p\u00e1gina no Facebook?\"}]},{\"@type\":\"WebSite\",\"@id\":\"https:\\\/\\\/www.edialog.com.br\\\/#website\",\"url\":\"https:\\\/\\\/www.edialog.com.br\\\/\",\"name\":\"Ag\u00eancia de Inbound Marketing | E-Dialog\",\"description\":\"Ag\u00eancia de Inbound Marketing premiada com solu\u00e7\u00f5es completas para o seu neg\u00f3cio. Atraia leads, com conte\u00fados \u00fanicos e envolventes. Solicite or\u00e7amento!\",\"publisher\":{\"@id\":\"https:\\\/\\\/www.edialog.com.br\\\/#organization\"},\"potentialAction\":[{\"@type\":\"SearchAction\",\"target\":{\"@type\":\"EntryPoint\",\"urlTemplate\":\"https:\\\/\\\/www.edialog.com.br\\\/?s={search_term_string}\"},\"query-input\":{\"@type\":\"PropertyValueSpecification\",\"valueRequired\":true,\"valueName\":\"search_term_string\"}}],\"inLanguage\":\"es\"},{\"@type\":\"Organization\",\"@id\":\"https:\\\/\\\/www.edialog.com.br\\\/#organization\",\"name\":\"Ag\u00eancia de M\u00eddias Sociais e Marketing Digital | E-Dialog\",\"url\":\"https:\\\/\\\/www.edialog.com.br\\\/\",\"logo\":{\"@type\":\"ImageObject\",\"inLanguage\":\"es\",\"@id\":\"https:\\\/\\\/www.edialog.com.br\\\/#\\\/schema\\\/logo\\\/image\\\/\",\"url\":\"https:\\\/\\\/www.edialog.com.br\\\/wp-content\\\/uploads\\\/2021\\\/09\\\/edialog-logo-case.png\",\"contentUrl\":\"https:\\\/\\\/www.edialog.com.br\\\/wp-content\\\/uploads\\\/2021\\\/09\\\/edialog-logo-case.png\",\"width\":810,\"height\":450,\"caption\":\"Ag\u00eancia de M\u00eddias Sociais e Marketing Digital | E-Dialog\"},\"image\":{\"@id\":\"https:\\\/\\\/www.edialog.com.br\\\/#\\\/schema\\\/logo\\\/image\\\/\"},\"sameAs\":[\"https:\\\/\\\/facebook.com\\\/edialogcomunicacao\",\"https:\\\/\\\/x.com\\\/edialog_br\",\"https:\\\/\\\/www.instagram.com\\\/edialog_br\",\"https:\\\/\\\/www.linkedin.com\\\/company\\\/e-dialog-comunica-o-digital\",\"https:\\\/\\\/www.youtube.com\\\/channel\\\/UCPiVQ_yVlcCqWS2sRzJZj7g\"]},{\"@type\":\"Person\",\"@id\":\"https:\\\/\\\/www.edialog.com.br\\\/#\\\/schema\\\/person\\\/7f509934e54fd30b9d2d02cf51b60966\",\"name\":\"Renan Caixeiro\",\"image\":{\"@type\":\"ImageObject\",\"inLanguage\":\"es\",\"@id\":\"https:\\\/\\\/www.edialog.com.br\\\/wp-content\\\/uploads\\\/2023\\\/11\\\/renan-caixeiro-150x150.jpg\",\"url\":\"https:\\\/\\\/www.edialog.com.br\\\/wp-content\\\/uploads\\\/2023\\\/11\\\/renan-caixeiro-150x150.jpg\",\"contentUrl\":\"https:\\\/\\\/www.edialog.com.br\\\/wp-content\\\/uploads\\\/2023\\\/11\\\/renan-caixeiro-150x150.jpg\",\"caption\":\"Renan Caixeiro\"},\"description\":\"S\u00f3cio Diretor na E-Dialog, \u00e9 graduado em Jornalismo e p\u00f3s-graduado em Comunica\u00e7\u00e3o Corporativa, ambos pela UFJF. Est\u00e1 \u00e0 frente do Reportei, SaaS de relat\u00f3rios e dashboards, \u00e9 host do Projeto SaaS, podcast que compartilha experi\u00eancias do universo de software as a service, e s\u00f3cio da Aquela Caixa, comunidade para profissionais de cria\u00e7\u00e3o. Torcedor do Vasco, tem como meta comprar o Gigante da Colina. LinkedIn: @renancaixeiro \\\/ Instagram: @renancaixeiro.\",\"sameAs\":[\"http:\\\/\\\/facebook.com\\\/renancaixeiro\",\"https:\\\/\\\/www.instagram.com\\\/renancaixeiro\\\/\",\"https:\\\/\\\/br.linkedin.com\\\/in\\\/renancaixeiro\\\/pt\",\"https:\\\/\\\/x.com\\\/renancaixeiro\"],\"url\":\"https:\\\/\\\/www.edialog.com.br\\\/es\\\/author\\\/renancaixeiro\\\/\"}]}<\/script>\n<!-- \/ Yoast SEO Premium plugin. -->","yoast_head_json":{"title":"Voc\u00ea sabe quanto vale sua p\u00e1gina no Facebook? | E-Dialog","description":"Voc\u00ea sabe quanto vale sua p\u00e1gina no Facebook na pr\u00e1tica? Mostramos como sua empresa pode gerar mais receita nas redes sociais.","robots":{"index":"index","follow":"follow","max-snippet":"max-snippet:-1","max-image-preview":"max-image-preview:large","max-video-preview":"max-video-preview:-1"},"canonical":"https:\/\/www.edialog.com.br\/es\/voce-sabe-quanto-vale-sua-pagina-no-facebook\/","og_locale":"es_ES","og_type":"article","og_title":"Voc\u00ea sabe quanto vale sua p\u00e1gina no Facebook?","og_description":"Voc\u00ea sabe quanto vale sua p\u00e1gina no Facebook na pr\u00e1tica? Mostramos como sua empresa pode gerar mais receita nas redes sociais.","og_url":"https:\/\/www.edialog.com.br\/es\/voce-sabe-quanto-vale-sua-pagina-no-facebook\/","og_site_name":"Ag\u00eancia de Inbound Marketing | E-Dialog","article_publisher":"https:\/\/facebook.com\/edialogcomunicacao","article_author":"http:\/\/facebook.com\/renancaixeiro","article_published_time":"2011-01-24T14:19:59+00:00","article_modified_time":"2025-05-05T00:41:18+00:00","og_image":[{"width":1254,"height":837,"url":"https:\/\/www.edialog.com.br\/wp-content\/uploads\/2011\/01\/iStock-1404146717.jpg","type":"image\/jpeg"}],"author":"Renan Caixeiro","twitter_misc":{"Escrito por":"Renan Caixeiro","Tiempo de lectura":"9 minutos"},"schema":{"@context":"https:\/\/schema.org","@graph":[{"@type":["Article","BlogPosting"],"@id":"https:\/\/www.edialog.com.br\/voce-sabe-quanto-vale-sua-pagina-no-facebook\/#article","isPartOf":{"@id":"https:\/\/www.edialog.com.br\/voce-sabe-quanto-vale-sua-pagina-no-facebook\/"},"author":{"name":"Renan Caixeiro","@id":"https:\/\/www.edialog.com.br\/#\/schema\/person\/7f509934e54fd30b9d2d02cf51b60966"},"headline":"Voc\u00ea sabe quanto vale sua p\u00e1gina no Facebook?","datePublished":"2011-01-24T14:19:59+00:00","dateModified":"2025-05-05T00:41:18+00:00","mainEntityOfPage":{"@id":"https:\/\/www.edialog.com.br\/voce-sabe-quanto-vale-sua-pagina-no-facebook\/"},"wordCount":1592,"commentCount":11,"publisher":{"@id":"https:\/\/www.edialog.com.br\/#organization"},"image":{"@id":"https:\/\/www.edialog.com.br\/voce-sabe-quanto-vale-sua-pagina-no-facebook\/#primaryimage"},"thumbnailUrl":"https:\/\/www.edialog.com.br\/wp-content\/uploads\/2011\/01\/iStock-1404146717.jpg","keywords":["Facebook","fan page","p\u00e1gina"],"articleSection":["Facebook"],"inLanguage":"es","potentialAction":[{"@type":"CommentAction","name":"Comment","target":["https:\/\/www.edialog.com.br\/voce-sabe-quanto-vale-sua-pagina-no-facebook\/#respond"]}]},{"@type":"WebPage","@id":"https:\/\/www.edialog.com.br\/voce-sabe-quanto-vale-sua-pagina-no-facebook\/","url":"https:\/\/www.edialog.com.br\/voce-sabe-quanto-vale-sua-pagina-no-facebook\/","name":"Voc\u00ea sabe quanto vale sua p\u00e1gina no Facebook? | E-Dialog","isPartOf":{"@id":"https:\/\/www.edialog.com.br\/#website"},"primaryImageOfPage":{"@id":"https:\/\/www.edialog.com.br\/voce-sabe-quanto-vale-sua-pagina-no-facebook\/#primaryimage"},"image":{"@id":"https:\/\/www.edialog.com.br\/voce-sabe-quanto-vale-sua-pagina-no-facebook\/#primaryimage"},"thumbnailUrl":"https:\/\/www.edialog.com.br\/wp-content\/uploads\/2011\/01\/iStock-1404146717.jpg","datePublished":"2011-01-24T14:19:59+00:00","dateModified":"2025-05-05T00:41:18+00:00","description":"Voc\u00ea sabe quanto vale sua p\u00e1gina no Facebook na pr\u00e1tica? Mostramos como sua empresa pode gerar mais receita nas redes sociais.","breadcrumb":{"@id":"https:\/\/www.edialog.com.br\/voce-sabe-quanto-vale-sua-pagina-no-facebook\/#breadcrumb"},"inLanguage":"es","potentialAction":[{"@type":"ReadAction","target":["https:\/\/www.edialog.com.br\/voce-sabe-quanto-vale-sua-pagina-no-facebook\/"]}]},{"@type":"ImageObject","inLanguage":"es","@id":"https:\/\/www.edialog.com.br\/voce-sabe-quanto-vale-sua-pagina-no-facebook\/#primaryimage","url":"https:\/\/www.edialog.com.br\/wp-content\/uploads\/2011\/01\/iStock-1404146717.jpg","contentUrl":"https:\/\/www.edialog.com.br\/wp-content\/uploads\/2011\/01\/iStock-1404146717.jpg","width":1254,"height":837,"caption":"imagem de smartphone com p\u00e1gina de login do facebook aberta para artigo quanto vale sua p\u00e1gina do facebook"},{"@type":"BreadcrumbList","@id":"https:\/\/www.edialog.com.br\/voce-sabe-quanto-vale-sua-pagina-no-facebook\/#breadcrumb","itemListElement":[{"@type":"ListItem","position":1,"name":"Home","item":"https:\/\/www.edialog.com.br\/"},{"@type":"ListItem","position":2,"name":"Facebook","item":"https:\/\/www.edialog.com.br\/category\/facebook\/"},{"@type":"ListItem","position":3,"name":"Voc\u00ea sabe quanto vale sua p\u00e1gina no Facebook?"}]},{"@type":"WebSite","@id":"https:\/\/www.edialog.com.br\/#website","url":"https:\/\/www.edialog.com.br\/","name":"Agencia de marketing entrante | E-Dialog","description":"Ag\u00eancia de Inbound Marketing premiada com solu\u00e7\u00f5es completas para o seu neg\u00f3cio. Atraia leads, com conte\u00fados \u00fanicos e envolventes. Solicite or\u00e7amento!","publisher":{"@id":"https:\/\/www.edialog.com.br\/#organization"},"potentialAction":[{"@type":"SearchAction","target":{"@type":"EntryPoint","urlTemplate":"https:\/\/www.edialog.com.br\/?s={search_term_string}"},"query-input":{"@type":"PropertyValueSpecification","valueRequired":true,"valueName":"search_term_string"}}],"inLanguage":"es"},{"@type":"Organization","@id":"https:\/\/www.edialog.com.br\/#organization","name":"Ag\u00eancia de M\u00eddias Sociais e Marketing Digital | E-Dialog","url":"https:\/\/www.edialog.com.br\/","logo":{"@type":"ImageObject","inLanguage":"es","@id":"https:\/\/www.edialog.com.br\/#\/schema\/logo\/image\/","url":"https:\/\/www.edialog.com.br\/wp-content\/uploads\/2021\/09\/edialog-logo-case.png","contentUrl":"https:\/\/www.edialog.com.br\/wp-content\/uploads\/2021\/09\/edialog-logo-case.png","width":810,"height":450,"caption":"Ag\u00eancia de M\u00eddias Sociais e Marketing Digital | E-Dialog"},"image":{"@id":"https:\/\/www.edialog.com.br\/#\/schema\/logo\/image\/"},"sameAs":["https:\/\/facebook.com\/edialogcomunicacao","https:\/\/x.com\/edialog_br","https:\/\/www.instagram.com\/edialog_br","https:\/\/www.linkedin.com\/company\/e-dialog-comunica-o-digital","https:\/\/www.youtube.com\/channel\/UCPiVQ_yVlcCqWS2sRzJZj7g"]},{"@type":"Person","@id":"https:\/\/www.edialog.com.br\/#\/schema\/person\/7f509934e54fd30b9d2d02cf51b60966","name":"Renan Caixeiro","image":{"@type":"ImageObject","inLanguage":"es","@id":"https:\/\/www.edialog.com.br\/wp-content\/uploads\/2023\/11\/renan-caixeiro-150x150.jpg","url":"https:\/\/www.edialog.com.br\/wp-content\/uploads\/2023\/11\/renan-caixeiro-150x150.jpg","contentUrl":"https:\/\/www.edialog.com.br\/wp-content\/uploads\/2023\/11\/renan-caixeiro-150x150.jpg","caption":"Renan Caixeiro"},"description":"S\u00f3cio Diretor na E-Dialog, \u00e9 graduado em Jornalismo e p\u00f3s-graduado em Comunica\u00e7\u00e3o Corporativa, ambos pela UFJF. Est\u00e1 \u00e0 frente do Reportei, SaaS de relat\u00f3rios e dashboards, \u00e9 host do Projeto SaaS, podcast que compartilha experi\u00eancias do universo de software as a service, e s\u00f3cio da Aquela Caixa, comunidade para profissionais de cria\u00e7\u00e3o. Torcedor do Vasco, tem como meta comprar o Gigante da Colina. LinkedIn: @renancaixeiro \/ Instagram: @renancaixeiro.","sameAs":["http:\/\/facebook.com\/renancaixeiro","https:\/\/www.instagram.com\/renancaixeiro\/","https:\/\/br.linkedin.com\/in\/renancaixeiro\/pt","https:\/\/x.com\/renancaixeiro"],"url":"https:\/\/www.edialog.com.br\/es\/author\/renancaixeiro\/"}]}},"_links":{"self":[{"href":"https:\/\/www.edialog.com.br\/es\/wp-json\/wp\/v2\/posts\/492","targetHints":{"allow":["GET"]}}],"collection":[{"href":"https:\/\/www.edialog.com.br\/es\/wp-json\/wp\/v2\/posts"}],"about":[{"href":"https:\/\/www.edialog.com.br\/es\/wp-json\/wp\/v2\/types\/post"}],"author":[{"embeddable":true,"href":"https:\/\/www.edialog.com.br\/es\/wp-json\/wp\/v2\/users\/1"}],"replies":[{"embeddable":true,"href":"https:\/\/www.edialog.com.br\/es\/wp-json\/wp\/v2\/comments?post=492"}],"version-history":[{"count":3,"href":"https:\/\/www.edialog.com.br\/es\/wp-json\/wp\/v2\/posts\/492\/revisions"}],"predecessor-version":[{"id":229151,"href":"https:\/\/www.edialog.com.br\/es\/wp-json\/wp\/v2\/posts\/492\/revisions\/229151"}],"wp:featuredmedia":[{"embeddable":true,"href":"https:\/\/www.edialog.com.br\/es\/wp-json\/wp\/v2\/media\/220525"}],"wp:attachment":[{"href":"https:\/\/www.edialog.com.br\/es\/wp-json\/wp\/v2\/media?parent=492"}],"wp:term":[{"taxonomy":"category","embeddable":true,"href":"https:\/\/www.edialog.com.br\/es\/wp-json\/wp\/v2\/categories?post=492"},{"taxonomy":"post_tag","embeddable":true,"href":"https:\/\/www.edialog.com.br\/es\/wp-json\/wp\/v2\/tags?post=492"}],"curies":[{"name":"wp","href":"https:\/\/api.w.org\/{rel}","templated":true}]}}