{"id":4892,"date":"2014-04-23T16:28:34","date_gmt":"2014-04-23T19:28:34","guid":{"rendered":"https:\/\/www.edialog.com.br\/?p=4892"},"modified":"2024-03-21T09:28:09","modified_gmt":"2024-03-21T12:28:09","slug":"qual-o-perfil-usuario-twitter-brasil","status":"publish","type":"post","link":"https:\/\/www.edialog.com.br\/es\/qual-o-perfil-usuario-twitter-brasil\/","title":{"rendered":"\u00bfCu\u00e1l es el perfil del usuario de Twitter en Brasil?"},"content":{"rendered":"<p dir=\"ltr\">O que voc\u00ea quer falar com 140 caracteres? Essa ideia inusitada foi proposta por Jack Dorsey em 2006. O conhecido twitter mant\u00e9m sua for\u00e7a at\u00e9 os dias atuais em todo o mundo e no Brasil n\u00e3o \u00e9 diferente.<\/p>\n<p dir=\"ltr\">Qual \u00e9 o perfil do usu\u00e1rio do Twitter no Brasil? A Nielsen realizou um infogr\u00e1fico com alguns n\u00famero bem interessantes.<\/p>\n<p>Confira quais s\u00e3o:<\/p>\n<p><a href=\"https:\/\/www.edialog.com.br\/wp-content\/uploads\/2014\/04\/quem-usa-twitter-brasil-dados-infografico.jpg\"><img fetchpriority=\"high\" decoding=\"async\" class=\"alignnone size-full wp-image-4893\" alt=\"quem-usa-twitter-brasil-dados-infografico\" src=\"https:\/\/www.edialog.com.br\/wp-content\/uploads\/2014\/04\/quem-usa-twitter-brasil-dados-infografico.jpg\" width=\"1024\" height=\"2327\" srcset=\"https:\/\/www.edialog.com.br\/wp-content\/uploads\/2014\/04\/quem-usa-twitter-brasil-dados-infografico.jpg 901w, https:\/\/www.edialog.com.br\/wp-content\/uploads\/2014\/04\/quem-usa-twitter-brasil-dados-infografico-132x300.jpg 132w, https:\/\/www.edialog.com.br\/wp-content\/uploads\/2014\/04\/quem-usa-twitter-brasil-dados-infografico-450x1024.jpg 450w, https:\/\/www.edialog.com.br\/wp-content\/uploads\/2014\/04\/quem-usa-twitter-brasil-dados-infografico-400x908.jpg 400w\" sizes=\"(max-width: 1024px) 100vw, 1024px\" \/><\/a><\/p>","protected":false},"excerpt":{"rendered":"<p>O que voc\u00ea quer falar com 140 caracteres? Essa ideia inusitada foi proposta por Jack Dorsey em 2006. O conhecido twitter mant\u00e9m sua for\u00e7a at\u00e9 os dias atuais em todo o mundo e no Brasil n\u00e3o \u00e9 diferente. Qual \u00e9 o perfil do usu\u00e1rio do Twitter no Brasil? A Nielsen realizou um infogr\u00e1fico com alguns [&hellip;]<\/p>\n","protected":false},"author":1,"featured_media":0,"comment_status":"open","ping_status":"open","sticky":false,"template":"","format":"standard","meta":{"_acf_changed":false,"content-type":"","footnotes":""},"categories":[4],"tags":[],"class_list":["post-4892","post","type-post","status-publish","format-standard","hentry","category-twitter"],"acf":[],"yoast_head":"<!-- This site is optimized with the Yoast SEO Premium plugin v27.3 (Yoast SEO v27.3) - https:\/\/yoast.com\/product\/yoast-seo-premium-wordpress\/ -->\n<title>Qual o perfil do usu\u00e1rio do Twitter no Brasil?<\/title>\n<meta name=\"description\" content=\"Com apenas 140 caracteres por postagem o Twitter conquistou o mundo e um p\u00fablico bem variado no Brasil. Confira o perfil do usu\u00e1rio da rede no pa\u00eds.\" \/>\n<meta name=\"robots\" content=\"index, follow, max-snippet:-1, max-image-preview:large, max-video-preview:-1\" \/>\n<link rel=\"canonical\" href=\"https:\/\/www.edialog.com.br\/es\/qual-o-perfil-usuario-twitter-brasil\/\" \/>\n<meta property=\"og:locale\" content=\"es_ES\" \/>\n<meta property=\"og:type\" content=\"article\" \/>\n<meta property=\"og:title\" content=\"Qual o perfil do usu\u00e1rio do Twitter no Brasil?\" \/>\n<meta property=\"og:description\" content=\"Com apenas 140 caracteres por postagem o Twitter conquistou o mundo e um p\u00fablico bem variado no Brasil. Confira o perfil do usu\u00e1rio da rede no pa\u00eds.\" \/>\n<meta property=\"og:url\" content=\"https:\/\/www.edialog.com.br\/es\/qual-o-perfil-usuario-twitter-brasil\/\" \/>\n<meta property=\"og:site_name\" content=\"Ag\u00eancia de Inbound Marketing | E-Dialog\" \/>\n<meta property=\"article:publisher\" content=\"https:\/\/facebook.com\/edialogcomunicacao\" \/>\n<meta property=\"article:author\" content=\"http:\/\/facebook.com\/renancaixeiro\" \/>\n<meta property=\"article:published_time\" content=\"2014-04-23T19:28:34+00:00\" \/>\n<meta property=\"article:modified_time\" content=\"2024-03-21T12:28:09+00:00\" \/>\n<meta property=\"og:image\" content=\"https:\/\/www.edialog.com.br\/wp-content\/uploads\/2014\/04\/quem-usa-twitter-brasil-dados-infografico.jpg\" \/>\n<meta name=\"author\" content=\"Renan Caixeiro\" \/>\n<meta name=\"twitter:label1\" content=\"Escrito por\" \/>\n\t<meta name=\"twitter:data1\" content=\"Renan Caixeiro\" \/>\n\t<meta name=\"twitter:label2\" content=\"Tiempo de lectura\" \/>\n\t<meta name=\"twitter:data2\" content=\"1 minuto\" \/>\n<script type=\"application\/ld+json\" class=\"yoast-schema-graph\">{\"@context\":\"https:\\\/\\\/schema.org\",\"@graph\":[{\"@type\":[\"Article\",\"BlogPosting\"],\"@id\":\"https:\\\/\\\/www.edialog.com.br\\\/qual-o-perfil-usuario-twitter-brasil\\\/#article\",\"isPartOf\":{\"@id\":\"https:\\\/\\\/www.edialog.com.br\\\/qual-o-perfil-usuario-twitter-brasil\\\/\"},\"author\":{\"name\":\"Renan Caixeiro\",\"@id\":\"https:\\\/\\\/www.edialog.com.br\\\/#\\\/schema\\\/person\\\/7f509934e54fd30b9d2d02cf51b60966\"},\"headline\":\"Qual o perfil do usu\u00e1rio do Twitter no Brasil?\",\"datePublished\":\"2014-04-23T19:28:34+00:00\",\"dateModified\":\"2024-03-21T12:28:09+00:00\",\"mainEntityOfPage\":{\"@id\":\"https:\\\/\\\/www.edialog.com.br\\\/qual-o-perfil-usuario-twitter-brasil\\\/\"},\"wordCount\":74,\"commentCount\":0,\"publisher\":{\"@id\":\"https:\\\/\\\/www.edialog.com.br\\\/#organization\"},\"image\":{\"@id\":\"https:\\\/\\\/www.edialog.com.br\\\/qual-o-perfil-usuario-twitter-brasil\\\/#primaryimage\"},\"thumbnailUrl\":\"https:\\\/\\\/www.edialog.com.br\\\/wp-content\\\/uploads\\\/2014\\\/04\\\/quem-usa-twitter-brasil-dados-infografico.jpg\",\"articleSection\":[\"Twitter\"],\"inLanguage\":\"es\",\"potentialAction\":[{\"@type\":\"CommentAction\",\"name\":\"Comment\",\"target\":[\"https:\\\/\\\/www.edialog.com.br\\\/qual-o-perfil-usuario-twitter-brasil\\\/#respond\"]}]},{\"@type\":\"WebPage\",\"@id\":\"https:\\\/\\\/www.edialog.com.br\\\/qual-o-perfil-usuario-twitter-brasil\\\/\",\"url\":\"https:\\\/\\\/www.edialog.com.br\\\/qual-o-perfil-usuario-twitter-brasil\\\/\",\"name\":\"Qual o perfil do usu\u00e1rio do Twitter no Brasil?\",\"isPartOf\":{\"@id\":\"https:\\\/\\\/www.edialog.com.br\\\/#website\"},\"primaryImageOfPage\":{\"@id\":\"https:\\\/\\\/www.edialog.com.br\\\/qual-o-perfil-usuario-twitter-brasil\\\/#primaryimage\"},\"image\":{\"@id\":\"https:\\\/\\\/www.edialog.com.br\\\/qual-o-perfil-usuario-twitter-brasil\\\/#primaryimage\"},\"thumbnailUrl\":\"https:\\\/\\\/www.edialog.com.br\\\/wp-content\\\/uploads\\\/2014\\\/04\\\/quem-usa-twitter-brasil-dados-infografico.jpg\",\"datePublished\":\"2014-04-23T19:28:34+00:00\",\"dateModified\":\"2024-03-21T12:28:09+00:00\",\"description\":\"Com apenas 140 caracteres por postagem o Twitter conquistou o mundo e um p\u00fablico bem variado no Brasil. Confira o perfil do usu\u00e1rio da rede no pa\u00eds.\",\"breadcrumb\":{\"@id\":\"https:\\\/\\\/www.edialog.com.br\\\/qual-o-perfil-usuario-twitter-brasil\\\/#breadcrumb\"},\"inLanguage\":\"es\",\"potentialAction\":[{\"@type\":\"ReadAction\",\"target\":[\"https:\\\/\\\/www.edialog.com.br\\\/qual-o-perfil-usuario-twitter-brasil\\\/\"]}]},{\"@type\":\"ImageObject\",\"inLanguage\":\"es\",\"@id\":\"https:\\\/\\\/www.edialog.com.br\\\/qual-o-perfil-usuario-twitter-brasil\\\/#primaryimage\",\"url\":\"https:\\\/\\\/www.edialog.com.br\\\/wp-content\\\/uploads\\\/2014\\\/04\\\/quem-usa-twitter-brasil-dados-infografico.jpg\",\"contentUrl\":\"https:\\\/\\\/www.edialog.com.br\\\/wp-content\\\/uploads\\\/2014\\\/04\\\/quem-usa-twitter-brasil-dados-infografico.jpg\"},{\"@type\":\"BreadcrumbList\",\"@id\":\"https:\\\/\\\/www.edialog.com.br\\\/qual-o-perfil-usuario-twitter-brasil\\\/#breadcrumb\",\"itemListElement\":[{\"@type\":\"ListItem\",\"position\":1,\"name\":\"Home\",\"item\":\"https:\\\/\\\/www.edialog.com.br\\\/\"},{\"@type\":\"ListItem\",\"position\":2,\"name\":\"Twitter\",\"item\":\"https:\\\/\\\/www.edialog.com.br\\\/category\\\/twitter\\\/\"},{\"@type\":\"ListItem\",\"position\":3,\"name\":\"Qual o perfil do usu\u00e1rio do Twitter no Brasil?\"}]},{\"@type\":\"WebSite\",\"@id\":\"https:\\\/\\\/www.edialog.com.br\\\/#website\",\"url\":\"https:\\\/\\\/www.edialog.com.br\\\/\",\"name\":\"Ag\u00eancia de Inbound Marketing | E-Dialog\",\"description\":\"Ag\u00eancia de Inbound Marketing premiada com solu\u00e7\u00f5es completas para o seu neg\u00f3cio. Atraia leads, com conte\u00fados \u00fanicos e envolventes. Solicite or\u00e7amento!\",\"publisher\":{\"@id\":\"https:\\\/\\\/www.edialog.com.br\\\/#organization\"},\"potentialAction\":[{\"@type\":\"SearchAction\",\"target\":{\"@type\":\"EntryPoint\",\"urlTemplate\":\"https:\\\/\\\/www.edialog.com.br\\\/?s={search_term_string}\"},\"query-input\":{\"@type\":\"PropertyValueSpecification\",\"valueRequired\":true,\"valueName\":\"search_term_string\"}}],\"inLanguage\":\"es\"},{\"@type\":\"Organization\",\"@id\":\"https:\\\/\\\/www.edialog.com.br\\\/#organization\",\"name\":\"Ag\u00eancia de M\u00eddias Sociais e Marketing Digital | E-Dialog\",\"url\":\"https:\\\/\\\/www.edialog.com.br\\\/\",\"logo\":{\"@type\":\"ImageObject\",\"inLanguage\":\"es\",\"@id\":\"https:\\\/\\\/www.edialog.com.br\\\/#\\\/schema\\\/logo\\\/image\\\/\",\"url\":\"https:\\\/\\\/www.edialog.com.br\\\/wp-content\\\/uploads\\\/2021\\\/09\\\/edialog-logo-case.png\",\"contentUrl\":\"https:\\\/\\\/www.edialog.com.br\\\/wp-content\\\/uploads\\\/2021\\\/09\\\/edialog-logo-case.png\",\"width\":810,\"height\":450,\"caption\":\"Ag\u00eancia de M\u00eddias Sociais e Marketing Digital | E-Dialog\"},\"image\":{\"@id\":\"https:\\\/\\\/www.edialog.com.br\\\/#\\\/schema\\\/logo\\\/image\\\/\"},\"sameAs\":[\"https:\\\/\\\/facebook.com\\\/edialogcomunicacao\",\"https:\\\/\\\/x.com\\\/edialog_br\",\"https:\\\/\\\/www.instagram.com\\\/edialog_br\",\"https:\\\/\\\/www.linkedin.com\\\/company\\\/e-dialog-comunica-o-digital\",\"https:\\\/\\\/www.youtube.com\\\/channel\\\/UCPiVQ_yVlcCqWS2sRzJZj7g\"]},{\"@type\":\"Person\",\"@id\":\"https:\\\/\\\/www.edialog.com.br\\\/#\\\/schema\\\/person\\\/7f509934e54fd30b9d2d02cf51b60966\",\"name\":\"Renan Caixeiro\",\"image\":{\"@type\":\"ImageObject\",\"inLanguage\":\"es\",\"@id\":\"https:\\\/\\\/www.edialog.com.br\\\/wp-content\\\/uploads\\\/2023\\\/11\\\/renan-caixeiro-150x150.jpg\",\"url\":\"https:\\\/\\\/www.edialog.com.br\\\/wp-content\\\/uploads\\\/2023\\\/11\\\/renan-caixeiro-150x150.jpg\",\"contentUrl\":\"https:\\\/\\\/www.edialog.com.br\\\/wp-content\\\/uploads\\\/2023\\\/11\\\/renan-caixeiro-150x150.jpg\",\"caption\":\"Renan Caixeiro\"},\"description\":\"S\u00f3cio Diretor na E-Dialog, \u00e9 graduado em Jornalismo e p\u00f3s-graduado em Comunica\u00e7\u00e3o Corporativa, ambos pela UFJF. Est\u00e1 \u00e0 frente do Reportei, SaaS de relat\u00f3rios e dashboards, \u00e9 host do Projeto SaaS, podcast que compartilha experi\u00eancias do universo de software as a service, e s\u00f3cio da Aquela Caixa, comunidade para profissionais de cria\u00e7\u00e3o. Torcedor do Vasco, tem como meta comprar o Gigante da Colina. LinkedIn: @renancaixeiro \\\/ Instagram: @renancaixeiro.\",\"sameAs\":[\"http:\\\/\\\/facebook.com\\\/renancaixeiro\",\"https:\\\/\\\/www.instagram.com\\\/renancaixeiro\\\/\",\"https:\\\/\\\/br.linkedin.com\\\/in\\\/renancaixeiro\\\/pt\",\"https:\\\/\\\/x.com\\\/renancaixeiro\"],\"url\":\"https:\\\/\\\/www.edialog.com.br\\\/es\\\/author\\\/renancaixeiro\\\/\"}]}<\/script>\n<!-- \/ Yoast SEO Premium plugin. -->","yoast_head_json":{"title":"\u00bfCu\u00e1l es el perfil del usuario de Twitter en Brasil?","description":"Com apenas 140 caracteres por postagem o Twitter conquistou o mundo e um p\u00fablico bem variado no Brasil. Confira o perfil do usu\u00e1rio da rede no pa\u00eds.","robots":{"index":"index","follow":"follow","max-snippet":"max-snippet:-1","max-image-preview":"max-image-preview:large","max-video-preview":"max-video-preview:-1"},"canonical":"https:\/\/www.edialog.com.br\/es\/qual-o-perfil-usuario-twitter-brasil\/","og_locale":"es_ES","og_type":"article","og_title":"Qual o perfil do usu\u00e1rio do Twitter no Brasil?","og_description":"Com apenas 140 caracteres por postagem o Twitter conquistou o mundo e um p\u00fablico bem variado no Brasil. Confira o perfil do usu\u00e1rio da rede no pa\u00eds.","og_url":"https:\/\/www.edialog.com.br\/es\/qual-o-perfil-usuario-twitter-brasil\/","og_site_name":"Ag\u00eancia de Inbound Marketing | E-Dialog","article_publisher":"https:\/\/facebook.com\/edialogcomunicacao","article_author":"http:\/\/facebook.com\/renancaixeiro","article_published_time":"2014-04-23T19:28:34+00:00","article_modified_time":"2024-03-21T12:28:09+00:00","og_image":[{"url":"https:\/\/www.edialog.com.br\/wp-content\/uploads\/2014\/04\/quem-usa-twitter-brasil-dados-infografico.jpg","type":"","width":"","height":""}],"author":"Renan Caixeiro","twitter_misc":{"Escrito por":"Renan Caixeiro","Tiempo de lectura":"1 minuto"},"schema":{"@context":"https:\/\/schema.org","@graph":[{"@type":["Article","BlogPosting"],"@id":"https:\/\/www.edialog.com.br\/qual-o-perfil-usuario-twitter-brasil\/#article","isPartOf":{"@id":"https:\/\/www.edialog.com.br\/qual-o-perfil-usuario-twitter-brasil\/"},"author":{"name":"Renan Caixeiro","@id":"https:\/\/www.edialog.com.br\/#\/schema\/person\/7f509934e54fd30b9d2d02cf51b60966"},"headline":"Qual o perfil do usu\u00e1rio do Twitter no Brasil?","datePublished":"2014-04-23T19:28:34+00:00","dateModified":"2024-03-21T12:28:09+00:00","mainEntityOfPage":{"@id":"https:\/\/www.edialog.com.br\/qual-o-perfil-usuario-twitter-brasil\/"},"wordCount":74,"commentCount":0,"publisher":{"@id":"https:\/\/www.edialog.com.br\/#organization"},"image":{"@id":"https:\/\/www.edialog.com.br\/qual-o-perfil-usuario-twitter-brasil\/#primaryimage"},"thumbnailUrl":"https:\/\/www.edialog.com.br\/wp-content\/uploads\/2014\/04\/quem-usa-twitter-brasil-dados-infografico.jpg","articleSection":["Twitter"],"inLanguage":"es","potentialAction":[{"@type":"CommentAction","name":"Comment","target":["https:\/\/www.edialog.com.br\/qual-o-perfil-usuario-twitter-brasil\/#respond"]}]},{"@type":"WebPage","@id":"https:\/\/www.edialog.com.br\/qual-o-perfil-usuario-twitter-brasil\/","url":"https:\/\/www.edialog.com.br\/qual-o-perfil-usuario-twitter-brasil\/","name":"\u00bfCu\u00e1l es el perfil del usuario de Twitter en Brasil?","isPartOf":{"@id":"https:\/\/www.edialog.com.br\/#website"},"primaryImageOfPage":{"@id":"https:\/\/www.edialog.com.br\/qual-o-perfil-usuario-twitter-brasil\/#primaryimage"},"image":{"@id":"https:\/\/www.edialog.com.br\/qual-o-perfil-usuario-twitter-brasil\/#primaryimage"},"thumbnailUrl":"https:\/\/www.edialog.com.br\/wp-content\/uploads\/2014\/04\/quem-usa-twitter-brasil-dados-infografico.jpg","datePublished":"2014-04-23T19:28:34+00:00","dateModified":"2024-03-21T12:28:09+00:00","description":"Com apenas 140 caracteres por postagem o Twitter conquistou o mundo e um p\u00fablico bem variado no Brasil. Confira o perfil do usu\u00e1rio da rede no pa\u00eds.","breadcrumb":{"@id":"https:\/\/www.edialog.com.br\/qual-o-perfil-usuario-twitter-brasil\/#breadcrumb"},"inLanguage":"es","potentialAction":[{"@type":"ReadAction","target":["https:\/\/www.edialog.com.br\/qual-o-perfil-usuario-twitter-brasil\/"]}]},{"@type":"ImageObject","inLanguage":"es","@id":"https:\/\/www.edialog.com.br\/qual-o-perfil-usuario-twitter-brasil\/#primaryimage","url":"https:\/\/www.edialog.com.br\/wp-content\/uploads\/2014\/04\/quem-usa-twitter-brasil-dados-infografico.jpg","contentUrl":"https:\/\/www.edialog.com.br\/wp-content\/uploads\/2014\/04\/quem-usa-twitter-brasil-dados-infografico.jpg"},{"@type":"BreadcrumbList","@id":"https:\/\/www.edialog.com.br\/qual-o-perfil-usuario-twitter-brasil\/#breadcrumb","itemListElement":[{"@type":"ListItem","position":1,"name":"Home","item":"https:\/\/www.edialog.com.br\/"},{"@type":"ListItem","position":2,"name":"Twitter","item":"https:\/\/www.edialog.com.br\/category\/twitter\/"},{"@type":"ListItem","position":3,"name":"Qual o perfil do usu\u00e1rio do Twitter no Brasil?"}]},{"@type":"WebSite","@id":"https:\/\/www.edialog.com.br\/#website","url":"https:\/\/www.edialog.com.br\/","name":"Agencia de marketing entrante | E-Dialog","description":"Ag\u00eancia de Inbound Marketing premiada com solu\u00e7\u00f5es completas para o seu neg\u00f3cio. Atraia leads, com conte\u00fados \u00fanicos e envolventes. Solicite or\u00e7amento!","publisher":{"@id":"https:\/\/www.edialog.com.br\/#organization"},"potentialAction":[{"@type":"SearchAction","target":{"@type":"EntryPoint","urlTemplate":"https:\/\/www.edialog.com.br\/?s={search_term_string}"},"query-input":{"@type":"PropertyValueSpecification","valueRequired":true,"valueName":"search_term_string"}}],"inLanguage":"es"},{"@type":"Organization","@id":"https:\/\/www.edialog.com.br\/#organization","name":"Ag\u00eancia de M\u00eddias Sociais e Marketing Digital | E-Dialog","url":"https:\/\/www.edialog.com.br\/","logo":{"@type":"ImageObject","inLanguage":"es","@id":"https:\/\/www.edialog.com.br\/#\/schema\/logo\/image\/","url":"https:\/\/www.edialog.com.br\/wp-content\/uploads\/2021\/09\/edialog-logo-case.png","contentUrl":"https:\/\/www.edialog.com.br\/wp-content\/uploads\/2021\/09\/edialog-logo-case.png","width":810,"height":450,"caption":"Ag\u00eancia de M\u00eddias Sociais e Marketing Digital | E-Dialog"},"image":{"@id":"https:\/\/www.edialog.com.br\/#\/schema\/logo\/image\/"},"sameAs":["https:\/\/facebook.com\/edialogcomunicacao","https:\/\/x.com\/edialog_br","https:\/\/www.instagram.com\/edialog_br","https:\/\/www.linkedin.com\/company\/e-dialog-comunica-o-digital","https:\/\/www.youtube.com\/channel\/UCPiVQ_yVlcCqWS2sRzJZj7g"]},{"@type":"Person","@id":"https:\/\/www.edialog.com.br\/#\/schema\/person\/7f509934e54fd30b9d2d02cf51b60966","name":"Renan Caixeiro","image":{"@type":"ImageObject","inLanguage":"es","@id":"https:\/\/www.edialog.com.br\/wp-content\/uploads\/2023\/11\/renan-caixeiro-150x150.jpg","url":"https:\/\/www.edialog.com.br\/wp-content\/uploads\/2023\/11\/renan-caixeiro-150x150.jpg","contentUrl":"https:\/\/www.edialog.com.br\/wp-content\/uploads\/2023\/11\/renan-caixeiro-150x150.jpg","caption":"Renan Caixeiro"},"description":"S\u00f3cio Diretor na E-Dialog, \u00e9 graduado em Jornalismo e p\u00f3s-graduado em Comunica\u00e7\u00e3o Corporativa, ambos pela UFJF. Est\u00e1 \u00e0 frente do Reportei, SaaS de relat\u00f3rios e dashboards, \u00e9 host do Projeto SaaS, podcast que compartilha experi\u00eancias do universo de software as a service, e s\u00f3cio da Aquela Caixa, comunidade para profissionais de cria\u00e7\u00e3o. Torcedor do Vasco, tem como meta comprar o Gigante da Colina. LinkedIn: @renancaixeiro \/ Instagram: @renancaixeiro.","sameAs":["http:\/\/facebook.com\/renancaixeiro","https:\/\/www.instagram.com\/renancaixeiro\/","https:\/\/br.linkedin.com\/in\/renancaixeiro\/pt","https:\/\/x.com\/renancaixeiro"],"url":"https:\/\/www.edialog.com.br\/es\/author\/renancaixeiro\/"}]}},"_links":{"self":[{"href":"https:\/\/www.edialog.com.br\/es\/wp-json\/wp\/v2\/posts\/4892","targetHints":{"allow":["GET"]}}],"collection":[{"href":"https:\/\/www.edialog.com.br\/es\/wp-json\/wp\/v2\/posts"}],"about":[{"href":"https:\/\/www.edialog.com.br\/es\/wp-json\/wp\/v2\/types\/post"}],"author":[{"embeddable":true,"href":"https:\/\/www.edialog.com.br\/es\/wp-json\/wp\/v2\/users\/1"}],"replies":[{"embeddable":true,"href":"https:\/\/www.edialog.com.br\/es\/wp-json\/wp\/v2\/comments?post=4892"}],"version-history":[{"count":0,"href":"https:\/\/www.edialog.com.br\/es\/wp-json\/wp\/v2\/posts\/4892\/revisions"}],"wp:attachment":[{"href":"https:\/\/www.edialog.com.br\/es\/wp-json\/wp\/v2\/media?parent=4892"}],"wp:term":[{"taxonomy":"category","embeddable":true,"href":"https:\/\/www.edialog.com.br\/es\/wp-json\/wp\/v2\/categories?post=4892"},{"taxonomy":"post_tag","embeddable":true,"href":"https:\/\/www.edialog.com.br\/es\/wp-json\/wp\/v2\/tags?post=4892"}],"curies":[{"name":"wp","href":"https:\/\/api.w.org\/{rel}","templated":true}]}}