{"id":4128,"date":"2013-07-24T17:49:09","date_gmt":"2013-07-24T20:49:09","guid":{"rendered":"https:\/\/www.edialog.com.br\/?p=4128"},"modified":"2024-03-21T09:28:24","modified_gmt":"2024-03-21T12:28:24","slug":"o-que-aconteceu-na-internet-em-3-anos","status":"publish","type":"post","link":"https:\/\/www.edialog.com.br\/es\/o-que-aconteceu-na-internet-em-3-anos\/","title":{"rendered":"O que aconteceu na Internet em 3 anos?"},"content":{"rendered":"<p style=\"text-align: justify;\">A E-Dialog completou 3 anos de vida. E muita coisa aconteceu na Internet nesses 3 anos. O mundo mudou bastante por conta das redes sociais, novos recursos interativos chegaram a esse mundo (como os Hangouts do Google, por exemplo), redes subiram e desceram em popularidade.<\/p>\n<p style=\"text-align: justify;\">O mobile passou por grande ascens\u00e3o, simbolizada por aplicativos sociais como o Instagram e, mais recentemente, o Whatsapp. O Facebook saiu da 3\u00aa rede mais popular para a lideran\u00e7a absoluta, enquanto o <a href=\"https:\/\/plus.google.com\/+GoogleDiscovery\/posts\/1rxe9QpinEd\" target=\"_blank\" rel=\"noopener\">Orkut fez o percurso contr\u00e1rio<\/a>.<\/p>\n<p style=\"text-align: justify;\">Parab\u00e9ns para n\u00f3s, por esses 3 anos! Que venham muitos outros mais, com muito trabalho pela frente! Veja o infogr\u00e1fico que criamos especialmente para essa ocasi\u00e3o abaixo:<\/p>\n<p style=\"text-align: center;\"><a href=\"https:\/\/www.edialog.com.br\/wp-content\/uploads\/2013\/07\/info-2.jpg\"><img fetchpriority=\"high\" decoding=\"async\" class=\"aligncenter size-full wp-image-4129\" alt=\"Internet em 3 anos\" src=\"https:\/\/www.edialog.com.br\/wp-content\/uploads\/2013\/07\/info-2.jpg\" width=\"500\" height=\"2500\" \/><\/a><\/p>","protected":false},"excerpt":{"rendered":"<p>A E-Dialog completou 3 anos de vida. E muita coisa aconteceu na Internet nesses 3 anos. O mundo mudou bastante por conta das redes sociais, novos recursos interativos chegaram a esse mundo (como os Hangouts do Google, por exemplo), redes subiram e desceram em popularidade. O mobile passou por grande ascens\u00e3o, simbolizada por aplicativos sociais [&hellip;]<\/p>\n","protected":false},"author":1,"featured_media":0,"comment_status":"open","ping_status":"open","sticky":false,"template":"","format":"standard","meta":{"_acf_changed":false,"content-type":"","footnotes":""},"categories":[207],"tags":[],"class_list":["post-4128","post","type-post","status-publish","format-standard","hentry","category-internet-2"],"acf":[],"yoast_head":"<!-- This site is optimized with the Yoast SEO Premium plugin v27.5 (Yoast SEO v27.5) - https:\/\/yoast.com\/product\/yoast-seo-premium-wordpress\/ -->\n<title>O que aconteceu na Internet em 3 anos? | E-Dialog<\/title>\n<meta name=\"description\" content=\"A E-Dialog completou 3 anos de vida. E muita coisa aconteceu na Internet nesses 3 anos. O mundo mudou bastante por conta das redes sociais, novos recursos\" \/>\n<meta name=\"robots\" content=\"index, follow, max-snippet:-1, max-image-preview:large, max-video-preview:-1\" \/>\n<link rel=\"canonical\" href=\"https:\/\/www.edialog.com.br\/es\/o-que-aconteceu-na-internet-em-3-anos\/\" \/>\n<meta property=\"og:locale\" content=\"es_ES\" \/>\n<meta property=\"og:type\" content=\"article\" \/>\n<meta property=\"og:title\" content=\"O que aconteceu na Internet em 3 anos?\" \/>\n<meta property=\"og:description\" content=\"A E-Dialog completou 3 anos de vida. E muita coisa aconteceu na Internet nesses 3 anos. O mundo mudou bastante por conta das redes sociais, novos recursos\" \/>\n<meta property=\"og:url\" content=\"https:\/\/www.edialog.com.br\/es\/o-que-aconteceu-na-internet-em-3-anos\/\" \/>\n<meta property=\"og:site_name\" content=\"Ag\u00eancia de Inbound Marketing | E-Dialog\" \/>\n<meta property=\"article:publisher\" content=\"https:\/\/facebook.com\/edialogcomunicacao\" \/>\n<meta property=\"article:author\" content=\"http:\/\/facebook.com\/renancaixeiro\" \/>\n<meta property=\"article:published_time\" content=\"2013-07-24T20:49:09+00:00\" \/>\n<meta property=\"article:modified_time\" content=\"2024-03-21T12:28:24+00:00\" \/>\n<meta property=\"og:image\" content=\"https:\/\/www.edialog.com.br\/wp-content\/uploads\/2013\/07\/info-2.jpg\" \/>\n<meta name=\"author\" content=\"Renan Caixeiro\" \/>\n<meta name=\"twitter:label1\" content=\"Escrito por\" \/>\n\t<meta name=\"twitter:data1\" content=\"Renan Caixeiro\" \/>\n\t<meta name=\"twitter:label2\" content=\"Tiempo de lectura\" \/>\n\t<meta name=\"twitter:data2\" content=\"1 minuto\" \/>\n<script type=\"application\/ld+json\" class=\"yoast-schema-graph\">{\"@context\":\"https:\\\/\\\/schema.org\",\"@graph\":[{\"@type\":[\"Article\",\"BlogPosting\"],\"@id\":\"https:\\\/\\\/www.edialog.com.br\\\/o-que-aconteceu-na-internet-em-3-anos\\\/#article\",\"isPartOf\":{\"@id\":\"https:\\\/\\\/www.edialog.com.br\\\/o-que-aconteceu-na-internet-em-3-anos\\\/\"},\"author\":{\"name\":\"Renan Caixeiro\",\"@id\":\"https:\\\/\\\/www.edialog.com.br\\\/#\\\/schema\\\/person\\\/7f509934e54fd30b9d2d02cf51b60966\"},\"headline\":\"O que aconteceu na Internet em 3 anos?\",\"datePublished\":\"2013-07-24T20:49:09+00:00\",\"dateModified\":\"2024-03-21T12:28:24+00:00\",\"mainEntityOfPage\":{\"@id\":\"https:\\\/\\\/www.edialog.com.br\\\/o-que-aconteceu-na-internet-em-3-anos\\\/\"},\"wordCount\":119,\"commentCount\":0,\"publisher\":{\"@id\":\"https:\\\/\\\/www.edialog.com.br\\\/#organization\"},\"image\":{\"@id\":\"https:\\\/\\\/www.edialog.com.br\\\/o-que-aconteceu-na-internet-em-3-anos\\\/#primaryimage\"},\"thumbnailUrl\":\"https:\\\/\\\/www.edialog.com.br\\\/wp-content\\\/uploads\\\/2013\\\/07\\\/info-2.jpg\",\"articleSection\":[\"Internet\"],\"inLanguage\":\"es\",\"potentialAction\":[{\"@type\":\"CommentAction\",\"name\":\"Comment\",\"target\":[\"https:\\\/\\\/www.edialog.com.br\\\/o-que-aconteceu-na-internet-em-3-anos\\\/#respond\"]}]},{\"@type\":\"WebPage\",\"@id\":\"https:\\\/\\\/www.edialog.com.br\\\/o-que-aconteceu-na-internet-em-3-anos\\\/\",\"url\":\"https:\\\/\\\/www.edialog.com.br\\\/o-que-aconteceu-na-internet-em-3-anos\\\/\",\"name\":\"O que aconteceu na Internet em 3 anos? | E-Dialog\",\"isPartOf\":{\"@id\":\"https:\\\/\\\/www.edialog.com.br\\\/#website\"},\"primaryImageOfPage\":{\"@id\":\"https:\\\/\\\/www.edialog.com.br\\\/o-que-aconteceu-na-internet-em-3-anos\\\/#primaryimage\"},\"image\":{\"@id\":\"https:\\\/\\\/www.edialog.com.br\\\/o-que-aconteceu-na-internet-em-3-anos\\\/#primaryimage\"},\"thumbnailUrl\":\"https:\\\/\\\/www.edialog.com.br\\\/wp-content\\\/uploads\\\/2013\\\/07\\\/info-2.jpg\",\"datePublished\":\"2013-07-24T20:49:09+00:00\",\"dateModified\":\"2024-03-21T12:28:24+00:00\",\"description\":\"A E-Dialog completou 3 anos de vida. E muita coisa aconteceu na Internet nesses 3 anos. O mundo mudou bastante por conta das redes sociais, novos recursos\",\"breadcrumb\":{\"@id\":\"https:\\\/\\\/www.edialog.com.br\\\/o-que-aconteceu-na-internet-em-3-anos\\\/#breadcrumb\"},\"inLanguage\":\"es\",\"potentialAction\":[{\"@type\":\"ReadAction\",\"target\":[\"https:\\\/\\\/www.edialog.com.br\\\/o-que-aconteceu-na-internet-em-3-anos\\\/\"]}]},{\"@type\":\"ImageObject\",\"inLanguage\":\"es\",\"@id\":\"https:\\\/\\\/www.edialog.com.br\\\/o-que-aconteceu-na-internet-em-3-anos\\\/#primaryimage\",\"url\":\"https:\\\/\\\/www.edialog.com.br\\\/wp-content\\\/uploads\\\/2013\\\/07\\\/info-2.jpg\",\"contentUrl\":\"https:\\\/\\\/www.edialog.com.br\\\/wp-content\\\/uploads\\\/2013\\\/07\\\/info-2.jpg\"},{\"@type\":\"BreadcrumbList\",\"@id\":\"https:\\\/\\\/www.edialog.com.br\\\/o-que-aconteceu-na-internet-em-3-anos\\\/#breadcrumb\",\"itemListElement\":[{\"@type\":\"ListItem\",\"position\":1,\"name\":\"Home\",\"item\":\"https:\\\/\\\/www.edialog.com.br\\\/\"},{\"@type\":\"ListItem\",\"position\":2,\"name\":\"Internet\",\"item\":\"https:\\\/\\\/www.edialog.com.br\\\/category\\\/internet-2\\\/\"},{\"@type\":\"ListItem\",\"position\":3,\"name\":\"O que aconteceu na Internet em 3 anos?\"}]},{\"@type\":\"WebSite\",\"@id\":\"https:\\\/\\\/www.edialog.com.br\\\/#website\",\"url\":\"https:\\\/\\\/www.edialog.com.br\\\/\",\"name\":\"Ag\u00eancia de Inbound Marketing | E-Dialog\",\"description\":\"Ag\u00eancia de Inbound Marketing premiada com solu\u00e7\u00f5es completas para o seu neg\u00f3cio. Atraia leads, com conte\u00fados \u00fanicos e envolventes. Solicite or\u00e7amento!\",\"publisher\":{\"@id\":\"https:\\\/\\\/www.edialog.com.br\\\/#organization\"},\"potentialAction\":[{\"@type\":\"SearchAction\",\"target\":{\"@type\":\"EntryPoint\",\"urlTemplate\":\"https:\\\/\\\/www.edialog.com.br\\\/?s={search_term_string}\"},\"query-input\":{\"@type\":\"PropertyValueSpecification\",\"valueRequired\":true,\"valueName\":\"search_term_string\"}}],\"inLanguage\":\"es\"},{\"@type\":\"Organization\",\"@id\":\"https:\\\/\\\/www.edialog.com.br\\\/#organization\",\"name\":\"Ag\u00eancia de M\u00eddias Sociais e Marketing Digital | E-Dialog\",\"url\":\"https:\\\/\\\/www.edialog.com.br\\\/\",\"logo\":{\"@type\":\"ImageObject\",\"inLanguage\":\"es\",\"@id\":\"https:\\\/\\\/www.edialog.com.br\\\/#\\\/schema\\\/logo\\\/image\\\/\",\"url\":\"https:\\\/\\\/www.edialog.com.br\\\/wp-content\\\/uploads\\\/2021\\\/09\\\/edialog-logo-case.png\",\"contentUrl\":\"https:\\\/\\\/www.edialog.com.br\\\/wp-content\\\/uploads\\\/2021\\\/09\\\/edialog-logo-case.png\",\"width\":810,\"height\":450,\"caption\":\"Ag\u00eancia de M\u00eddias Sociais e Marketing Digital | E-Dialog\"},\"image\":{\"@id\":\"https:\\\/\\\/www.edialog.com.br\\\/#\\\/schema\\\/logo\\\/image\\\/\"},\"sameAs\":[\"https:\\\/\\\/facebook.com\\\/edialogcomunicacao\",\"https:\\\/\\\/x.com\\\/edialog_br\",\"https:\\\/\\\/www.instagram.com\\\/edialog_br\",\"https:\\\/\\\/www.linkedin.com\\\/company\\\/e-dialog-comunica-o-digital\",\"https:\\\/\\\/www.youtube.com\\\/channel\\\/UCPiVQ_yVlcCqWS2sRzJZj7g\"]},{\"@type\":\"Person\",\"@id\":\"https:\\\/\\\/www.edialog.com.br\\\/#\\\/schema\\\/person\\\/7f509934e54fd30b9d2d02cf51b60966\",\"name\":\"Renan Caixeiro\",\"image\":{\"@type\":\"ImageObject\",\"inLanguage\":\"es\",\"@id\":\"https:\\\/\\\/www.edialog.com.br\\\/wp-content\\\/uploads\\\/2023\\\/11\\\/renan-caixeiro-150x150.jpg\",\"url\":\"https:\\\/\\\/www.edialog.com.br\\\/wp-content\\\/uploads\\\/2023\\\/11\\\/renan-caixeiro-150x150.jpg\",\"contentUrl\":\"https:\\\/\\\/www.edialog.com.br\\\/wp-content\\\/uploads\\\/2023\\\/11\\\/renan-caixeiro-150x150.jpg\",\"caption\":\"Renan Caixeiro\"},\"description\":\"S\u00f3cio Diretor na E-Dialog, \u00e9 graduado em Jornalismo e p\u00f3s-graduado em Comunica\u00e7\u00e3o Corporativa, ambos pela UFJF. Est\u00e1 \u00e0 frente do Reportei, SaaS de relat\u00f3rios e dashboards, \u00e9 host do Projeto SaaS, podcast que compartilha experi\u00eancias do universo de software as a service, e s\u00f3cio da Aquela Caixa, comunidade para profissionais de cria\u00e7\u00e3o. Torcedor do Vasco, tem como meta comprar o Gigante da Colina. LinkedIn: @renancaixeiro \\\/ Instagram: @renancaixeiro.\",\"sameAs\":[\"http:\\\/\\\/facebook.com\\\/renancaixeiro\",\"https:\\\/\\\/www.instagram.com\\\/renancaixeiro\\\/\",\"https:\\\/\\\/br.linkedin.com\\\/in\\\/renancaixeiro\\\/pt\",\"https:\\\/\\\/x.com\\\/renancaixeiro\"],\"url\":\"https:\\\/\\\/www.edialog.com.br\\\/es\\\/author\\\/renancaixeiro\\\/\"}]}<\/script>\n<!-- \/ Yoast SEO Premium plugin. -->","yoast_head_json":{"title":"O que aconteceu na Internet em 3 anos? | E-Dialog","description":"A E-Dialog completou 3 anos de vida. E muita coisa aconteceu na Internet nesses 3 anos. O mundo mudou bastante por conta das redes sociais, novos recursos","robots":{"index":"index","follow":"follow","max-snippet":"max-snippet:-1","max-image-preview":"max-image-preview:large","max-video-preview":"max-video-preview:-1"},"canonical":"https:\/\/www.edialog.com.br\/es\/o-que-aconteceu-na-internet-em-3-anos\/","og_locale":"es_ES","og_type":"article","og_title":"O que aconteceu na Internet em 3 anos?","og_description":"A E-Dialog completou 3 anos de vida. E muita coisa aconteceu na Internet nesses 3 anos. O mundo mudou bastante por conta das redes sociais, novos recursos","og_url":"https:\/\/www.edialog.com.br\/es\/o-que-aconteceu-na-internet-em-3-anos\/","og_site_name":"Ag\u00eancia de Inbound Marketing | E-Dialog","article_publisher":"https:\/\/facebook.com\/edialogcomunicacao","article_author":"http:\/\/facebook.com\/renancaixeiro","article_published_time":"2013-07-24T20:49:09+00:00","article_modified_time":"2024-03-21T12:28:24+00:00","og_image":[{"url":"https:\/\/www.edialog.com.br\/wp-content\/uploads\/2013\/07\/info-2.jpg","type":"","width":"","height":""}],"author":"Renan Caixeiro","twitter_misc":{"Escrito por":"Renan Caixeiro","Tiempo de lectura":"1 minuto"},"schema":{"@context":"https:\/\/schema.org","@graph":[{"@type":["Article","BlogPosting"],"@id":"https:\/\/www.edialog.com.br\/o-que-aconteceu-na-internet-em-3-anos\/#article","isPartOf":{"@id":"https:\/\/www.edialog.com.br\/o-que-aconteceu-na-internet-em-3-anos\/"},"author":{"name":"Renan Caixeiro","@id":"https:\/\/www.edialog.com.br\/#\/schema\/person\/7f509934e54fd30b9d2d02cf51b60966"},"headline":"O que aconteceu na Internet em 3 anos?","datePublished":"2013-07-24T20:49:09+00:00","dateModified":"2024-03-21T12:28:24+00:00","mainEntityOfPage":{"@id":"https:\/\/www.edialog.com.br\/o-que-aconteceu-na-internet-em-3-anos\/"},"wordCount":119,"commentCount":0,"publisher":{"@id":"https:\/\/www.edialog.com.br\/#organization"},"image":{"@id":"https:\/\/www.edialog.com.br\/o-que-aconteceu-na-internet-em-3-anos\/#primaryimage"},"thumbnailUrl":"https:\/\/www.edialog.com.br\/wp-content\/uploads\/2013\/07\/info-2.jpg","articleSection":["Internet"],"inLanguage":"es","potentialAction":[{"@type":"CommentAction","name":"Comment","target":["https:\/\/www.edialog.com.br\/o-que-aconteceu-na-internet-em-3-anos\/#respond"]}]},{"@type":"WebPage","@id":"https:\/\/www.edialog.com.br\/o-que-aconteceu-na-internet-em-3-anos\/","url":"https:\/\/www.edialog.com.br\/o-que-aconteceu-na-internet-em-3-anos\/","name":"O que aconteceu na Internet em 3 anos? | E-Dialog","isPartOf":{"@id":"https:\/\/www.edialog.com.br\/#website"},"primaryImageOfPage":{"@id":"https:\/\/www.edialog.com.br\/o-que-aconteceu-na-internet-em-3-anos\/#primaryimage"},"image":{"@id":"https:\/\/www.edialog.com.br\/o-que-aconteceu-na-internet-em-3-anos\/#primaryimage"},"thumbnailUrl":"https:\/\/www.edialog.com.br\/wp-content\/uploads\/2013\/07\/info-2.jpg","datePublished":"2013-07-24T20:49:09+00:00","dateModified":"2024-03-21T12:28:24+00:00","description":"A E-Dialog completou 3 anos de vida. E muita coisa aconteceu na Internet nesses 3 anos. O mundo mudou bastante por conta das redes sociais, novos recursos","breadcrumb":{"@id":"https:\/\/www.edialog.com.br\/o-que-aconteceu-na-internet-em-3-anos\/#breadcrumb"},"inLanguage":"es","potentialAction":[{"@type":"ReadAction","target":["https:\/\/www.edialog.com.br\/o-que-aconteceu-na-internet-em-3-anos\/"]}]},{"@type":"ImageObject","inLanguage":"es","@id":"https:\/\/www.edialog.com.br\/o-que-aconteceu-na-internet-em-3-anos\/#primaryimage","url":"https:\/\/www.edialog.com.br\/wp-content\/uploads\/2013\/07\/info-2.jpg","contentUrl":"https:\/\/www.edialog.com.br\/wp-content\/uploads\/2013\/07\/info-2.jpg"},{"@type":"BreadcrumbList","@id":"https:\/\/www.edialog.com.br\/o-que-aconteceu-na-internet-em-3-anos\/#breadcrumb","itemListElement":[{"@type":"ListItem","position":1,"name":"Home","item":"https:\/\/www.edialog.com.br\/"},{"@type":"ListItem","position":2,"name":"Internet","item":"https:\/\/www.edialog.com.br\/category\/internet-2\/"},{"@type":"ListItem","position":3,"name":"O que aconteceu na Internet em 3 anos?"}]},{"@type":"WebSite","@id":"https:\/\/www.edialog.com.br\/#website","url":"https:\/\/www.edialog.com.br\/","name":"Agencia de marketing entrante | E-Dialog","description":"Ag\u00eancia de Inbound Marketing premiada com solu\u00e7\u00f5es completas para o seu neg\u00f3cio. Atraia leads, com conte\u00fados \u00fanicos e envolventes. Solicite or\u00e7amento!","publisher":{"@id":"https:\/\/www.edialog.com.br\/#organization"},"potentialAction":[{"@type":"SearchAction","target":{"@type":"EntryPoint","urlTemplate":"https:\/\/www.edialog.com.br\/?s={search_term_string}"},"query-input":{"@type":"PropertyValueSpecification","valueRequired":true,"valueName":"search_term_string"}}],"inLanguage":"es"},{"@type":"Organization","@id":"https:\/\/www.edialog.com.br\/#organization","name":"Ag\u00eancia de M\u00eddias Sociais e Marketing Digital | E-Dialog","url":"https:\/\/www.edialog.com.br\/","logo":{"@type":"ImageObject","inLanguage":"es","@id":"https:\/\/www.edialog.com.br\/#\/schema\/logo\/image\/","url":"https:\/\/www.edialog.com.br\/wp-content\/uploads\/2021\/09\/edialog-logo-case.png","contentUrl":"https:\/\/www.edialog.com.br\/wp-content\/uploads\/2021\/09\/edialog-logo-case.png","width":810,"height":450,"caption":"Ag\u00eancia de M\u00eddias Sociais e Marketing Digital | E-Dialog"},"image":{"@id":"https:\/\/www.edialog.com.br\/#\/schema\/logo\/image\/"},"sameAs":["https:\/\/facebook.com\/edialogcomunicacao","https:\/\/x.com\/edialog_br","https:\/\/www.instagram.com\/edialog_br","https:\/\/www.linkedin.com\/company\/e-dialog-comunica-o-digital","https:\/\/www.youtube.com\/channel\/UCPiVQ_yVlcCqWS2sRzJZj7g"]},{"@type":"Person","@id":"https:\/\/www.edialog.com.br\/#\/schema\/person\/7f509934e54fd30b9d2d02cf51b60966","name":"Renan Caixeiro","image":{"@type":"ImageObject","inLanguage":"es","@id":"https:\/\/www.edialog.com.br\/wp-content\/uploads\/2023\/11\/renan-caixeiro-150x150.jpg","url":"https:\/\/www.edialog.com.br\/wp-content\/uploads\/2023\/11\/renan-caixeiro-150x150.jpg","contentUrl":"https:\/\/www.edialog.com.br\/wp-content\/uploads\/2023\/11\/renan-caixeiro-150x150.jpg","caption":"Renan Caixeiro"},"description":"S\u00f3cio Diretor na E-Dialog, \u00e9 graduado em Jornalismo e p\u00f3s-graduado em Comunica\u00e7\u00e3o Corporativa, ambos pela UFJF. Est\u00e1 \u00e0 frente do Reportei, SaaS de relat\u00f3rios e dashboards, \u00e9 host do Projeto SaaS, podcast que compartilha experi\u00eancias do universo de software as a service, e s\u00f3cio da Aquela Caixa, comunidade para profissionais de cria\u00e7\u00e3o. Torcedor do Vasco, tem como meta comprar o Gigante da Colina. LinkedIn: @renancaixeiro \/ Instagram: @renancaixeiro.","sameAs":["http:\/\/facebook.com\/renancaixeiro","https:\/\/www.instagram.com\/renancaixeiro\/","https:\/\/br.linkedin.com\/in\/renancaixeiro\/pt","https:\/\/x.com\/renancaixeiro"],"url":"https:\/\/www.edialog.com.br\/es\/author\/renancaixeiro\/"}]}},"_links":{"self":[{"href":"https:\/\/www.edialog.com.br\/es\/wp-json\/wp\/v2\/posts\/4128","targetHints":{"allow":["GET"]}}],"collection":[{"href":"https:\/\/www.edialog.com.br\/es\/wp-json\/wp\/v2\/posts"}],"about":[{"href":"https:\/\/www.edialog.com.br\/es\/wp-json\/wp\/v2\/types\/post"}],"author":[{"embeddable":true,"href":"https:\/\/www.edialog.com.br\/es\/wp-json\/wp\/v2\/users\/1"}],"replies":[{"embeddable":true,"href":"https:\/\/www.edialog.com.br\/es\/wp-json\/wp\/v2\/comments?post=4128"}],"version-history":[{"count":0,"href":"https:\/\/www.edialog.com.br\/es\/wp-json\/wp\/v2\/posts\/4128\/revisions"}],"wp:attachment":[{"href":"https:\/\/www.edialog.com.br\/es\/wp-json\/wp\/v2\/media?parent=4128"}],"wp:term":[{"taxonomy":"category","embeddable":true,"href":"https:\/\/www.edialog.com.br\/es\/wp-json\/wp\/v2\/categories?post=4128"},{"taxonomy":"post_tag","embeddable":true,"href":"https:\/\/www.edialog.com.br\/es\/wp-json\/wp\/v2\/tags?post=4128"}],"curies":[{"name":"wp","href":"https:\/\/api.w.org\/{rel}","templated":true}]}}