{"id":39,"date":"2024-12-29T16:02:18","date_gmt":"2024-12-29T19:02:18","guid":{"rendered":"https:\/\/www.edialog.com.br\/?p=39"},"modified":"2025-02-11T09:27:45","modified_gmt":"2025-02-11T12:27:45","slug":"qual-foi-a-primeira-rede-social","status":"publish","type":"post","link":"https:\/\/www.edialog.com.br\/es\/qual-foi-a-primeira-rede-social\/","title":{"rendered":"Qual foi a primeira rede social? Conhe\u00e7a o Six Degrees!"},"content":{"rendered":"<p><strong>Qual foi a primeira rede social?<\/strong> A resposta para essa pergunta \u00e9 o <strong>Six Degrees<\/strong>, uma plataforma lan\u00e7ada no final dos anos 90 que marcou o in\u00edcio das intera\u00e7\u00f5es sociais digitais. Com uma estrutura inovadora, ela introduziu o conceito de conex\u00f5es online a partir de perfis pessoais, estabelecendo as bases para o que hoje conhecemos como redes sociais.<\/p>\n\n\n\n<h2 class=\"wp-block-heading\" id=\"h-six-degrees-a-primeira-rede-social\">Six Degrees: a primeira rede social<\/h2>\n\n\n\n<p>O Six Degrees, lan\u00e7ado em 1997, foi a primeira rede social,<strong> uma plataforma online dedicada ao estabelecimento de contatos<\/strong>. Como m\u00eddia social, o site possu\u00eda uma estrutura semelhante \u00e0s existentes hoje, marcando o in\u00edcio das intera\u00e7\u00f5es sociais digitais.<\/p>\n\n\n\n<h2 class=\"wp-block-heading\" id=\"h-como-funcionava-o-six-degrees\">Como funcionava o Six Degrees? <\/h2>\n\n\n\n<figure class=\"wp-block-image aligncenter size-full\"><img fetchpriority=\"high\" decoding=\"async\" width=\"374\" height=\"269\" src=\"https:\/\/www.edialog.com.br\/wp-content\/uploads\/2010\/09\/sixdegrees-primeira-rede-social.webp\" alt=\"\" class=\"wp-image-227676\" srcset=\"https:\/\/www.edialog.com.br\/wp-content\/uploads\/2010\/09\/sixdegrees-primeira-rede-social.webp 374w, https:\/\/www.edialog.com.br\/wp-content\/uploads\/2010\/09\/sixdegrees-primeira-rede-social-300x216.webp 300w\" sizes=\"(max-width: 374px) 100vw, 374px\" \/><figcaption class=\"wp-element-caption\">Six Degrees: a m\u00e3e de todas as redes sociais<\/figcaption><\/figure>\n\n\n\n<p>O modelo era bastante simples: <strong>adicionar amigos, enviar mensagens para sua rede e ampliar conex\u00f5es<\/strong>. Foi a base para o tipo de rede social que vemos hoje na Internet. Ele oferecia a ideia de pessoas conectadas globalmente, criando um conceito in\u00e9dito para a \u00e9poca.<\/p>\n\n\n\n<p>No auge, o SixDegrees chegou a ter 1 milh\u00e3o de usu\u00e1rios registrados e foi comprado por US$ 125 milh\u00f5es pela Youth Stream. Infelizmente, a rede durou apenas 4 anos, quando foi fechada por falta de interesse dos usu\u00e1rios e problemas financeiros. Isso evidenciou os desafios de manter um p\u00fablico engajado em um formato ainda em desenvolvimento.<\/p>\n\n\n\n<p>A reclama\u00e7\u00e3o principal dos usu\u00e1rios \u00e9 que n\u00e3o havia muito o que fazer ap\u00f3s adicionar amigos e a maioria n\u00e3o via sentido em procurar estabelecer la\u00e7os com desconhecidos.<\/p>\n\n\n\n<p>Hoje existe o&nbsp;www.sixdegrees.com, um sistema fechado. O site atual funciona de maneira bem diferente, mas o nome ainda remete ao pioneirismo no setor. Os problemas enfrentados pelo SixDegrees ainda s\u00e3o atuais para muitas plataformas \u2013 qual a melhor maneira de se manter e gerar lucro?<\/p>\n\n\n\n<p><em><strong>- Lea tambi\u00e9n: <\/strong><a href=\"https:\/\/www.edialog.com.br\/es\/redes-sociais-na-metodologia-inbound\/\">La importancia de las redes sociales en la metodolog\u00eda Inbound<\/a><\/em><\/p>\n\n\n\n<h2 class=\"wp-block-heading\" id=\"h-importancia-do-six-degrees-para-as-redes-sociais-atuais\">Import\u00e2ncia do Six Degrees para as redes sociais atuais<\/h2>\n\n\n\n<p>O Six Degrees, primeira rede social, foi um divisor de \u00e1guas no mundo digital. Ele introduziu o conceito de criar conex\u00f5es online por meio de perfis pessoais, algo revolucion\u00e1rio para a \u00e9poca e que se tornou a ess\u00eancia de praticamente todas as plataformas sociais atuais.<\/p>\n\n\n\n<p>Apesar de seu fim prematuro, o legado do Six Degrees \u00e9 not\u00e1vel. <strong>Ele demonstrou que havia interesse em criar e manter redes sociais na Internet,<\/strong> mesmo que a infraestrutura e a vis\u00e3o de neg\u00f3cios ainda fossem limitadas. Essa ideia inspirou o surgimento de gigantes como Facebook, LinkedIn e Orkut, que pegaram os princ\u00edpios b\u00e1sicos do Six Degrees e os expandiram de variadas maneiras.<\/p>\n\n\n\n<p>Outro ponto importante foi <strong>o conceito de &#8220;rede estendida&#8221;, onde voc\u00ea n\u00e3o apenas se conectava com amigos diretos, mas tamb\u00e9m com amigos de amigos<\/strong>. Isso criou o que hoje \u00e9 chamado de &#8220;grafo social&#8221;, um dos pilares de plataformas como o Facebook, Instagram e TikTok. A ideia de explorar conex\u00f5es al\u00e9m de seu c\u00edrculo imediato influenciou diretamente a forma como nos relacionamos online e como as plataformas criam oportunidades de intera\u00e7\u00e3o e descoberta.<\/p>\n\n\n\n<p>Al\u00e9m disso, o Six Degrees trouxe uma reflex\u00e3o importante sobre a experi\u00eancia do usu\u00e1rio. Seu r\u00e1pido decl\u00ednio mostrou que,<strong> para uma rede social prosperar, n\u00e3o basta apenas conectar pessoas; \u00e9 necess\u00e1rio oferecer valor cont\u00ednuo<\/strong>, como formas de intera\u00e7\u00e3o mais ricas e ferramentas que incentivem o engajamento.<\/p>\n\n\n\n<p>Por fim, o Six Degrees tamb\u00e9m <strong>pavimentou o caminho para o desenvolvimento de modelos de neg\u00f3cios para redes sociais<\/strong>, mesmo que n\u00e3o tenha conseguido encontrar uma f\u00f3rmula de sucesso na \u00e9poca. Ele levantou quest\u00f5es que ainda s\u00e3o relevantes, como a monetiza\u00e7\u00e3o sustent\u00e1vel, privacidade e a import\u00e2ncia de criar uma proposta de valor clara.<\/p>\n\n\n\n<p><em><strong>- Lea tambi\u00e9n: <\/strong><a href=\"https:\/\/www.edialog.com.br\/es\/social-selling\/\">Social Selling: saiba como potencializar as vendas pelas redes sociais<\/a><\/em><\/p>\n\n\n\n<h2 class=\"wp-block-heading\" id=\"h-classmates-a-plataforma-precursora-das-redes-sociais\">Classmates: a plataforma precursora das redes sociais<\/h2>\n\n\n\n<p>O Classmates (Classmates.com) foi lan\u00e7ado em 1995, dois anos antes do Six Degrees,<strong> e \u00e9 frequentemente considerado uma das primeiras plataformas a se assemelhar a uma rede social moderna<\/strong>. Ele tinha um foco bem espec\u00edfico: ajudar pessoas a se reconectar com antigos colegas de escola, faculdade ou trabalho.<\/p>\n\n\n\n<p>Diferente do Six Degrees, o Classmates n\u00e3o tinha a funcionalidade de criar redes de amigos em um formato din\u00e2mico. Ele era mais um diret\u00f3rio onde os usu\u00e1rios podiam se cadastrar, listar suas escolas ou locais de trabalho e procurar por outros membros associados a essas institui\u00e7\u00f5es. Por esse motivo, o Classmates <strong>\u00e9 muitas vezes visto como um precursor das redes sociais, mas n\u00e3o como uma rede social completa no sentido que conhecemos hoje<\/strong>.<\/p>\n\n\n\n<p>Antes disso, algumas plataformas mais simples, como Usenet (criada em 1980), BBS (Bulletin Board Systems) e AOL Communities, ofereciam formas de intera\u00e7\u00e3o online, mas tamb\u00e9m n\u00e3o tinham o conceito de &#8220;perfis&#8221; e &#8220;amizades&#8221; que definem as redes sociais modernas.<\/p>\n\n\n\n<p>Mas o Classmates e todas essas outras plataformas, junto com o Six Degrees, ajudaram a moldar o conceito das redes sociais como conhecemos hoje em dia.<\/p>\n\n\n\n<p><em><strong>- Lea tambi\u00e9n:<\/strong> <a href=\"https:\/\/www.edialog.com.br\/es\/redes-sociais-mais-usadas-no-brasil\/\">As 11 redes sociais mais usadas no Brasil<\/a><\/em><\/p>\n\n\n\n<h2 class=\"wp-block-heading\" id=\"h-conclusao-sobre-a-primeira-rede-social\">Conclus\u00e3o sobre a primeira rede social<\/h2>\n\n\n\n<p>O Six Degrees<strong> n\u00e3o apenas abriu o caminho para redes sociais contempor\u00e2neas, como tamb\u00e9m trouxe li\u00e7\u00f5es valiosas sobre engajamento e sustentabilidade<\/strong>. Mesmo enfrentando limita\u00e7\u00f5es tecnol\u00f3gicas e desafios de mercado, a plataforma foi primordial para o surgimento de gigantes como Facebook e LinkedIn. Sua contribui\u00e7\u00e3o para o universo digital destaca a import\u00e2ncia de inovar e evoluir para atender \u00e0s necessidades de uma audi\u00eancia cada vez mais conectada!<\/p>\n\n\n\n<p><em><strong>- Lea tambi\u00e9n: <\/strong><a href=\"https:\/\/www.edialog.com.br\/es\/livros-sobre-redes-sociais-e-marketing-digital\/\">10 livros sobre redes sociais para voc\u00ea ler este ano<\/a><\/em><\/p>\n\n\n\n<div role=\"main\" id=\"formulario-analise-gratuita-59ea2fcdf02782428b13\"><\/div><script type=\"text\/javascript\" src=\"https:\/\/d335luupugsy2.cloudfront.net\/js\/rdstation-forms\/stable\/rdstation-forms.min.js\"><\/script><script type=\"text\/javascript\"> new RDStationForms('formulario-analise-gratuita-59ea2fcdf02782428b13', 'UA-18699224-1').createForm();<\/script>\n\n\n\n<p><\/p>","protected":false},"excerpt":{"rendered":"<p>Qual foi a primeira rede social? A resposta para essa pergunta \u00e9 o Six Degrees, uma plataforma lan\u00e7ada no final dos anos 90 que marcou o in\u00edcio das intera\u00e7\u00f5es sociais digitais. Com uma estrutura inovadora, ela introduziu o conceito de conex\u00f5es online a partir de perfis pessoais, estabelecendo as bases para o que hoje conhecemos [&hellip;]<\/p>\n","protected":false},"author":1,"featured_media":227675,"comment_status":"open","ping_status":"open","sticky":false,"template":"","format":"standard","meta":{"_acf_changed":false,"content-type":"","footnotes":""},"categories":[8],"tags":[15,9,11,21,10,14,13,12],"class_list":["post-39","post","type-post","status-publish","format-standard","has-post-thumbnail","hentry","category-midia-social","tag-degrees","tag-historia","tag-midia","tag-primeira","tag-redes-sociais","tag-six","tag-sixdegrees","tag-social"],"acf":[],"yoast_head":"<!-- This site is optimized with the Yoast SEO Premium plugin v27.3 (Yoast SEO v27.3) - https:\/\/yoast.com\/product\/yoast-seo-premium-wordpress\/ -->\n<title>Qual foi a primeira rede social? Conhe\u00e7a o SixDegrees!<\/title>\n<meta name=\"description\" content=\"O SixDegrees foi criada em 1997 e \u00e9 considerado uma das primeiras redes sociais criadas. Entenda como funcionava a plataforma e seu legado!\" \/>\n<meta name=\"robots\" content=\"index, follow, max-snippet:-1, max-image-preview:large, max-video-preview:-1\" \/>\n<link rel=\"canonical\" href=\"https:\/\/www.edialog.com.br\/es\/qual-foi-a-primeira-rede-social\/\" \/>\n<meta property=\"og:locale\" content=\"es_ES\" \/>\n<meta property=\"og:type\" content=\"article\" \/>\n<meta property=\"og:title\" content=\"Qual foi a primeira rede social? Conhe\u00e7a o Six Degrees!\" \/>\n<meta property=\"og:description\" content=\"O SixDegrees foi criada em 1997 e \u00e9 considerado uma das primeiras redes sociais criadas. Entenda como funcionava a plataforma e seu legado!\" \/>\n<meta property=\"og:url\" content=\"https:\/\/www.edialog.com.br\/es\/qual-foi-a-primeira-rede-social\/\" \/>\n<meta property=\"og:site_name\" content=\"Ag\u00eancia de Inbound Marketing | E-Dialog\" \/>\n<meta property=\"article:publisher\" content=\"https:\/\/facebook.com\/edialogcomunicacao\" \/>\n<meta property=\"article:author\" content=\"http:\/\/facebook.com\/renancaixeiro\" \/>\n<meta property=\"article:published_time\" content=\"2024-12-29T19:02:18+00:00\" \/>\n<meta property=\"article:modified_time\" content=\"2025-02-11T12:27:45+00:00\" \/>\n<meta property=\"og:image\" content=\"https:\/\/www.edialog.com.br\/wp-content\/uploads\/2010\/09\/qual-foi-a-primeira-rede-social.jpeg\" \/>\n\t<meta property=\"og:image:width\" content=\"1680\" \/>\n\t<meta property=\"og:image:height\" content=\"1120\" \/>\n\t<meta property=\"og:image:type\" content=\"image\/jpeg\" \/>\n<meta name=\"author\" content=\"Renan Caixeiro\" \/>\n<meta name=\"twitter:label1\" content=\"Escrito por\" \/>\n\t<meta name=\"twitter:data1\" content=\"Renan Caixeiro\" \/>\n\t<meta name=\"twitter:label2\" content=\"Tiempo de lectura\" \/>\n\t<meta name=\"twitter:data2\" content=\"6 minutos\" \/>\n<script type=\"application\/ld+json\" class=\"yoast-schema-graph\">{\"@context\":\"https:\\\/\\\/schema.org\",\"@graph\":[{\"@type\":[\"Article\",\"BlogPosting\"],\"@id\":\"https:\\\/\\\/www.edialog.com.br\\\/qual-foi-a-primeira-rede-social\\\/#article\",\"isPartOf\":{\"@id\":\"https:\\\/\\\/www.edialog.com.br\\\/qual-foi-a-primeira-rede-social\\\/\"},\"author\":{\"name\":\"Renan Caixeiro\",\"@id\":\"https:\\\/\\\/www.edialog.com.br\\\/#\\\/schema\\\/person\\\/7f509934e54fd30b9d2d02cf51b60966\"},\"headline\":\"Qual foi a primeira rede social? Conhe\u00e7a o Six Degrees!\",\"datePublished\":\"2024-12-29T19:02:18+00:00\",\"dateModified\":\"2025-02-11T12:27:45+00:00\",\"mainEntityOfPage\":{\"@id\":\"https:\\\/\\\/www.edialog.com.br\\\/qual-foi-a-primeira-rede-social\\\/\"},\"wordCount\":974,\"commentCount\":1,\"publisher\":{\"@id\":\"https:\\\/\\\/www.edialog.com.br\\\/#organization\"},\"image\":{\"@id\":\"https:\\\/\\\/www.edialog.com.br\\\/qual-foi-a-primeira-rede-social\\\/#primaryimage\"},\"thumbnailUrl\":\"https:\\\/\\\/www.edialog.com.br\\\/wp-content\\\/uploads\\\/2010\\\/09\\\/qual-foi-a-primeira-rede-social.jpeg\",\"keywords\":[\"degrees\",\"hist\u00f3ria\",\"m\u00eddia\",\"primeira\",\"redes sociais\",\"six\",\"sixdegrees\",\"social\"],\"articleSection\":[\"M\u00eddia Social\"],\"inLanguage\":\"es\",\"potentialAction\":[{\"@type\":\"CommentAction\",\"name\":\"Comment\",\"target\":[\"https:\\\/\\\/www.edialog.com.br\\\/qual-foi-a-primeira-rede-social\\\/#respond\"]}]},{\"@type\":\"WebPage\",\"@id\":\"https:\\\/\\\/www.edialog.com.br\\\/qual-foi-a-primeira-rede-social\\\/\",\"url\":\"https:\\\/\\\/www.edialog.com.br\\\/qual-foi-a-primeira-rede-social\\\/\",\"name\":\"Qual foi a primeira rede social? Conhe\u00e7a o SixDegrees!\",\"isPartOf\":{\"@id\":\"https:\\\/\\\/www.edialog.com.br\\\/#website\"},\"primaryImageOfPage\":{\"@id\":\"https:\\\/\\\/www.edialog.com.br\\\/qual-foi-a-primeira-rede-social\\\/#primaryimage\"},\"image\":{\"@id\":\"https:\\\/\\\/www.edialog.com.br\\\/qual-foi-a-primeira-rede-social\\\/#primaryimage\"},\"thumbnailUrl\":\"https:\\\/\\\/www.edialog.com.br\\\/wp-content\\\/uploads\\\/2010\\\/09\\\/qual-foi-a-primeira-rede-social.jpeg\",\"datePublished\":\"2024-12-29T19:02:18+00:00\",\"dateModified\":\"2025-02-11T12:27:45+00:00\",\"description\":\"O SixDegrees foi criada em 1997 e \u00e9 considerado uma das primeiras redes sociais criadas. Entenda como funcionava a plataforma e seu legado!\",\"breadcrumb\":{\"@id\":\"https:\\\/\\\/www.edialog.com.br\\\/qual-foi-a-primeira-rede-social\\\/#breadcrumb\"},\"inLanguage\":\"es\",\"potentialAction\":[{\"@type\":\"ReadAction\",\"target\":[\"https:\\\/\\\/www.edialog.com.br\\\/qual-foi-a-primeira-rede-social\\\/\"]}]},{\"@type\":\"ImageObject\",\"inLanguage\":\"es\",\"@id\":\"https:\\\/\\\/www.edialog.com.br\\\/qual-foi-a-primeira-rede-social\\\/#primaryimage\",\"url\":\"https:\\\/\\\/www.edialog.com.br\\\/wp-content\\\/uploads\\\/2010\\\/09\\\/qual-foi-a-primeira-rede-social.jpeg\",\"contentUrl\":\"https:\\\/\\\/www.edialog.com.br\\\/wp-content\\\/uploads\\\/2010\\\/09\\\/qual-foi-a-primeira-rede-social.jpeg\",\"width\":1680,\"height\":1120,\"caption\":\"Qual foi a primeira rede social? Conhe\u00e7a o Six Degrees!\"},{\"@type\":\"BreadcrumbList\",\"@id\":\"https:\\\/\\\/www.edialog.com.br\\\/qual-foi-a-primeira-rede-social\\\/#breadcrumb\",\"itemListElement\":[{\"@type\":\"ListItem\",\"position\":1,\"name\":\"Home\",\"item\":\"https:\\\/\\\/www.edialog.com.br\\\/\"},{\"@type\":\"ListItem\",\"position\":2,\"name\":\"M\u00eddia Social\",\"item\":\"https:\\\/\\\/www.edialog.com.br\\\/category\\\/midia-social\\\/\"},{\"@type\":\"ListItem\",\"position\":3,\"name\":\"Qual foi a primeira rede social? Conhe\u00e7a o Six Degrees!\"}]},{\"@type\":\"WebSite\",\"@id\":\"https:\\\/\\\/www.edialog.com.br\\\/#website\",\"url\":\"https:\\\/\\\/www.edialog.com.br\\\/\",\"name\":\"Ag\u00eancia de Inbound Marketing | E-Dialog\",\"description\":\"Ag\u00eancia de Inbound Marketing premiada com solu\u00e7\u00f5es completas para o seu neg\u00f3cio. Atraia leads, com conte\u00fados \u00fanicos e envolventes. Solicite or\u00e7amento!\",\"publisher\":{\"@id\":\"https:\\\/\\\/www.edialog.com.br\\\/#organization\"},\"potentialAction\":[{\"@type\":\"SearchAction\",\"target\":{\"@type\":\"EntryPoint\",\"urlTemplate\":\"https:\\\/\\\/www.edialog.com.br\\\/?s={search_term_string}\"},\"query-input\":{\"@type\":\"PropertyValueSpecification\",\"valueRequired\":true,\"valueName\":\"search_term_string\"}}],\"inLanguage\":\"es\"},{\"@type\":\"Organization\",\"@id\":\"https:\\\/\\\/www.edialog.com.br\\\/#organization\",\"name\":\"Ag\u00eancia de M\u00eddias Sociais e Marketing Digital | E-Dialog\",\"url\":\"https:\\\/\\\/www.edialog.com.br\\\/\",\"logo\":{\"@type\":\"ImageObject\",\"inLanguage\":\"es\",\"@id\":\"https:\\\/\\\/www.edialog.com.br\\\/#\\\/schema\\\/logo\\\/image\\\/\",\"url\":\"https:\\\/\\\/www.edialog.com.br\\\/wp-content\\\/uploads\\\/2021\\\/09\\\/edialog-logo-case.png\",\"contentUrl\":\"https:\\\/\\\/www.edialog.com.br\\\/wp-content\\\/uploads\\\/2021\\\/09\\\/edialog-logo-case.png\",\"width\":810,\"height\":450,\"caption\":\"Ag\u00eancia de M\u00eddias Sociais e Marketing Digital | E-Dialog\"},\"image\":{\"@id\":\"https:\\\/\\\/www.edialog.com.br\\\/#\\\/schema\\\/logo\\\/image\\\/\"},\"sameAs\":[\"https:\\\/\\\/facebook.com\\\/edialogcomunicacao\",\"https:\\\/\\\/x.com\\\/edialog_br\",\"https:\\\/\\\/www.instagram.com\\\/edialog_br\",\"https:\\\/\\\/www.linkedin.com\\\/company\\\/e-dialog-comunica-o-digital\",\"https:\\\/\\\/www.youtube.com\\\/channel\\\/UCPiVQ_yVlcCqWS2sRzJZj7g\"]},{\"@type\":\"Person\",\"@id\":\"https:\\\/\\\/www.edialog.com.br\\\/#\\\/schema\\\/person\\\/7f509934e54fd30b9d2d02cf51b60966\",\"name\":\"Renan Caixeiro\",\"image\":{\"@type\":\"ImageObject\",\"inLanguage\":\"es\",\"@id\":\"https:\\\/\\\/www.edialog.com.br\\\/wp-content\\\/uploads\\\/2023\\\/11\\\/renan-caixeiro-150x150.jpg\",\"url\":\"https:\\\/\\\/www.edialog.com.br\\\/wp-content\\\/uploads\\\/2023\\\/11\\\/renan-caixeiro-150x150.jpg\",\"contentUrl\":\"https:\\\/\\\/www.edialog.com.br\\\/wp-content\\\/uploads\\\/2023\\\/11\\\/renan-caixeiro-150x150.jpg\",\"caption\":\"Renan Caixeiro\"},\"description\":\"S\u00f3cio Diretor na E-Dialog, \u00e9 graduado em Jornalismo e p\u00f3s-graduado em Comunica\u00e7\u00e3o Corporativa, ambos pela UFJF. Est\u00e1 \u00e0 frente do Reportei, SaaS de relat\u00f3rios e dashboards, \u00e9 host do Projeto SaaS, podcast que compartilha experi\u00eancias do universo de software as a service, e s\u00f3cio da Aquela Caixa, comunidade para profissionais de cria\u00e7\u00e3o. Torcedor do Vasco, tem como meta comprar o Gigante da Colina. LinkedIn: @renancaixeiro \\\/ Instagram: @renancaixeiro.\",\"sameAs\":[\"http:\\\/\\\/facebook.com\\\/renancaixeiro\",\"https:\\\/\\\/www.instagram.com\\\/renancaixeiro\\\/\",\"https:\\\/\\\/br.linkedin.com\\\/in\\\/renancaixeiro\\\/pt\",\"https:\\\/\\\/x.com\\\/renancaixeiro\"],\"url\":\"https:\\\/\\\/www.edialog.com.br\\\/es\\\/author\\\/renancaixeiro\\\/\"}]}<\/script>\n<!-- \/ Yoast SEO Premium plugin. -->","yoast_head_json":{"title":"Qual foi a primeira rede social? Conhe\u00e7a o SixDegrees!","description":"O SixDegrees foi criada em 1997 e \u00e9 considerado uma das primeiras redes sociais criadas. Entenda como funcionava a plataforma e seu legado!","robots":{"index":"index","follow":"follow","max-snippet":"max-snippet:-1","max-image-preview":"max-image-preview:large","max-video-preview":"max-video-preview:-1"},"canonical":"https:\/\/www.edialog.com.br\/es\/qual-foi-a-primeira-rede-social\/","og_locale":"es_ES","og_type":"article","og_title":"Qual foi a primeira rede social? Conhe\u00e7a o Six Degrees!","og_description":"O SixDegrees foi criada em 1997 e \u00e9 considerado uma das primeiras redes sociais criadas. Entenda como funcionava a plataforma e seu legado!","og_url":"https:\/\/www.edialog.com.br\/es\/qual-foi-a-primeira-rede-social\/","og_site_name":"Ag\u00eancia de Inbound Marketing | E-Dialog","article_publisher":"https:\/\/facebook.com\/edialogcomunicacao","article_author":"http:\/\/facebook.com\/renancaixeiro","article_published_time":"2024-12-29T19:02:18+00:00","article_modified_time":"2025-02-11T12:27:45+00:00","og_image":[{"width":1680,"height":1120,"url":"https:\/\/www.edialog.com.br\/wp-content\/uploads\/2010\/09\/qual-foi-a-primeira-rede-social.jpeg","type":"image\/jpeg"}],"author":"Renan Caixeiro","twitter_misc":{"Escrito por":"Renan Caixeiro","Tiempo de lectura":"6 minutos"},"schema":{"@context":"https:\/\/schema.org","@graph":[{"@type":["Article","BlogPosting"],"@id":"https:\/\/www.edialog.com.br\/qual-foi-a-primeira-rede-social\/#article","isPartOf":{"@id":"https:\/\/www.edialog.com.br\/qual-foi-a-primeira-rede-social\/"},"author":{"name":"Renan Caixeiro","@id":"https:\/\/www.edialog.com.br\/#\/schema\/person\/7f509934e54fd30b9d2d02cf51b60966"},"headline":"Qual foi a primeira rede social? Conhe\u00e7a o Six Degrees!","datePublished":"2024-12-29T19:02:18+00:00","dateModified":"2025-02-11T12:27:45+00:00","mainEntityOfPage":{"@id":"https:\/\/www.edialog.com.br\/qual-foi-a-primeira-rede-social\/"},"wordCount":974,"commentCount":1,"publisher":{"@id":"https:\/\/www.edialog.com.br\/#organization"},"image":{"@id":"https:\/\/www.edialog.com.br\/qual-foi-a-primeira-rede-social\/#primaryimage"},"thumbnailUrl":"https:\/\/www.edialog.com.br\/wp-content\/uploads\/2010\/09\/qual-foi-a-primeira-rede-social.jpeg","keywords":["degrees","hist\u00f3ria","m\u00eddia","primeira","redes sociais","six","sixdegrees","social"],"articleSection":["M\u00eddia Social"],"inLanguage":"es","potentialAction":[{"@type":"CommentAction","name":"Comment","target":["https:\/\/www.edialog.com.br\/qual-foi-a-primeira-rede-social\/#respond"]}]},{"@type":"WebPage","@id":"https:\/\/www.edialog.com.br\/qual-foi-a-primeira-rede-social\/","url":"https:\/\/www.edialog.com.br\/qual-foi-a-primeira-rede-social\/","name":"Qual foi a primeira rede social? Conhe\u00e7a o SixDegrees!","isPartOf":{"@id":"https:\/\/www.edialog.com.br\/#website"},"primaryImageOfPage":{"@id":"https:\/\/www.edialog.com.br\/qual-foi-a-primeira-rede-social\/#primaryimage"},"image":{"@id":"https:\/\/www.edialog.com.br\/qual-foi-a-primeira-rede-social\/#primaryimage"},"thumbnailUrl":"https:\/\/www.edialog.com.br\/wp-content\/uploads\/2010\/09\/qual-foi-a-primeira-rede-social.jpeg","datePublished":"2024-12-29T19:02:18+00:00","dateModified":"2025-02-11T12:27:45+00:00","description":"O SixDegrees foi criada em 1997 e \u00e9 considerado uma das primeiras redes sociais criadas. Entenda como funcionava a plataforma e seu legado!","breadcrumb":{"@id":"https:\/\/www.edialog.com.br\/qual-foi-a-primeira-rede-social\/#breadcrumb"},"inLanguage":"es","potentialAction":[{"@type":"ReadAction","target":["https:\/\/www.edialog.com.br\/qual-foi-a-primeira-rede-social\/"]}]},{"@type":"ImageObject","inLanguage":"es","@id":"https:\/\/www.edialog.com.br\/qual-foi-a-primeira-rede-social\/#primaryimage","url":"https:\/\/www.edialog.com.br\/wp-content\/uploads\/2010\/09\/qual-foi-a-primeira-rede-social.jpeg","contentUrl":"https:\/\/www.edialog.com.br\/wp-content\/uploads\/2010\/09\/qual-foi-a-primeira-rede-social.jpeg","width":1680,"height":1120,"caption":"Qual foi a primeira rede social? Conhe\u00e7a o Six Degrees!"},{"@type":"BreadcrumbList","@id":"https:\/\/www.edialog.com.br\/qual-foi-a-primeira-rede-social\/#breadcrumb","itemListElement":[{"@type":"ListItem","position":1,"name":"Home","item":"https:\/\/www.edialog.com.br\/"},{"@type":"ListItem","position":2,"name":"M\u00eddia Social","item":"https:\/\/www.edialog.com.br\/category\/midia-social\/"},{"@type":"ListItem","position":3,"name":"Qual foi a primeira rede social? Conhe\u00e7a o Six Degrees!"}]},{"@type":"WebSite","@id":"https:\/\/www.edialog.com.br\/#website","url":"https:\/\/www.edialog.com.br\/","name":"Agencia de marketing entrante | E-Dialog","description":"Ag\u00eancia de Inbound Marketing premiada com solu\u00e7\u00f5es completas para o seu neg\u00f3cio. Atraia leads, com conte\u00fados \u00fanicos e envolventes. Solicite or\u00e7amento!","publisher":{"@id":"https:\/\/www.edialog.com.br\/#organization"},"potentialAction":[{"@type":"SearchAction","target":{"@type":"EntryPoint","urlTemplate":"https:\/\/www.edialog.com.br\/?s={search_term_string}"},"query-input":{"@type":"PropertyValueSpecification","valueRequired":true,"valueName":"search_term_string"}}],"inLanguage":"es"},{"@type":"Organization","@id":"https:\/\/www.edialog.com.br\/#organization","name":"Ag\u00eancia de M\u00eddias Sociais e Marketing Digital | E-Dialog","url":"https:\/\/www.edialog.com.br\/","logo":{"@type":"ImageObject","inLanguage":"es","@id":"https:\/\/www.edialog.com.br\/#\/schema\/logo\/image\/","url":"https:\/\/www.edialog.com.br\/wp-content\/uploads\/2021\/09\/edialog-logo-case.png","contentUrl":"https:\/\/www.edialog.com.br\/wp-content\/uploads\/2021\/09\/edialog-logo-case.png","width":810,"height":450,"caption":"Ag\u00eancia de M\u00eddias Sociais e Marketing Digital | E-Dialog"},"image":{"@id":"https:\/\/www.edialog.com.br\/#\/schema\/logo\/image\/"},"sameAs":["https:\/\/facebook.com\/edialogcomunicacao","https:\/\/x.com\/edialog_br","https:\/\/www.instagram.com\/edialog_br","https:\/\/www.linkedin.com\/company\/e-dialog-comunica-o-digital","https:\/\/www.youtube.com\/channel\/UCPiVQ_yVlcCqWS2sRzJZj7g"]},{"@type":"Person","@id":"https:\/\/www.edialog.com.br\/#\/schema\/person\/7f509934e54fd30b9d2d02cf51b60966","name":"Renan Caixeiro","image":{"@type":"ImageObject","inLanguage":"es","@id":"https:\/\/www.edialog.com.br\/wp-content\/uploads\/2023\/11\/renan-caixeiro-150x150.jpg","url":"https:\/\/www.edialog.com.br\/wp-content\/uploads\/2023\/11\/renan-caixeiro-150x150.jpg","contentUrl":"https:\/\/www.edialog.com.br\/wp-content\/uploads\/2023\/11\/renan-caixeiro-150x150.jpg","caption":"Renan Caixeiro"},"description":"S\u00f3cio Diretor na E-Dialog, \u00e9 graduado em Jornalismo e p\u00f3s-graduado em Comunica\u00e7\u00e3o Corporativa, ambos pela UFJF. Est\u00e1 \u00e0 frente do Reportei, SaaS de relat\u00f3rios e dashboards, \u00e9 host do Projeto SaaS, podcast que compartilha experi\u00eancias do universo de software as a service, e s\u00f3cio da Aquela Caixa, comunidade para profissionais de cria\u00e7\u00e3o. Torcedor do Vasco, tem como meta comprar o Gigante da Colina. LinkedIn: @renancaixeiro \/ Instagram: @renancaixeiro.","sameAs":["http:\/\/facebook.com\/renancaixeiro","https:\/\/www.instagram.com\/renancaixeiro\/","https:\/\/br.linkedin.com\/in\/renancaixeiro\/pt","https:\/\/x.com\/renancaixeiro"],"url":"https:\/\/www.edialog.com.br\/es\/author\/renancaixeiro\/"}]}},"_links":{"self":[{"href":"https:\/\/www.edialog.com.br\/es\/wp-json\/wp\/v2\/posts\/39","targetHints":{"allow":["GET"]}}],"collection":[{"href":"https:\/\/www.edialog.com.br\/es\/wp-json\/wp\/v2\/posts"}],"about":[{"href":"https:\/\/www.edialog.com.br\/es\/wp-json\/wp\/v2\/types\/post"}],"author":[{"embeddable":true,"href":"https:\/\/www.edialog.com.br\/es\/wp-json\/wp\/v2\/users\/1"}],"replies":[{"embeddable":true,"href":"https:\/\/www.edialog.com.br\/es\/wp-json\/wp\/v2\/comments?post=39"}],"version-history":[{"count":5,"href":"https:\/\/www.edialog.com.br\/es\/wp-json\/wp\/v2\/posts\/39\/revisions"}],"predecessor-version":[{"id":228157,"href":"https:\/\/www.edialog.com.br\/es\/wp-json\/wp\/v2\/posts\/39\/revisions\/228157"}],"wp:featuredmedia":[{"embeddable":true,"href":"https:\/\/www.edialog.com.br\/es\/wp-json\/wp\/v2\/media\/227675"}],"wp:attachment":[{"href":"https:\/\/www.edialog.com.br\/es\/wp-json\/wp\/v2\/media?parent=39"}],"wp:term":[{"taxonomy":"category","embeddable":true,"href":"https:\/\/www.edialog.com.br\/es\/wp-json\/wp\/v2\/categories?post=39"},{"taxonomy":"post_tag","embeddable":true,"href":"https:\/\/www.edialog.com.br\/es\/wp-json\/wp\/v2\/tags?post=39"}],"curies":[{"name":"wp","href":"https:\/\/api.w.org\/{rel}","templated":true}]}}