{"id":3804,"date":"2013-05-02T14:26:43","date_gmt":"2013-05-02T17:26:43","guid":{"rendered":"https:\/\/www.edialog.com.br\/?p=3804"},"modified":"2024-03-21T09:28:45","modified_gmt":"2024-03-21T12:28:45","slug":"as-maiores-universidades-federais-no-facebook","status":"publish","type":"post","link":"https:\/\/www.edialog.com.br\/es\/as-maiores-universidades-federais-no-facebook\/","title":{"rendered":"Las mayores universidades federales en Facebook"},"content":{"rendered":"<p>Realizamos una encuesta el 29 de abril de 2013 para analizar cu\u00e1les son las Universidades Federales m\u00e1s grandes, m\u00e1s peque\u00f1as e incluso inexistentes en Facebook.<\/p>\n<p>La primera conclusi\u00f3n, antes de analizar el contenido, es que las universidades federales no siguen un patr\u00f3n en las redes sociales. La Universidad Federal Rural de R\u00edo de Janeiro (UFRRJ), por ejemplo, tiene varias p\u00e1ginas de fans, cada una para un campus (Serop\u00e9dica y Tr\u00eas Rios son ejemplos), pero ninguna de ellas representa a la universidad en su conjunto.<\/p>\n<p>Algunas de las UF, aunque tienen p\u00e1gina, no la dotan de contenido - la p\u00e1gina del <a href=\"https:\/\/www.facebook.com\/pages\/UFAC-Universidade-Federal-do-Acre\/254882597889864?id=254882597889864&amp;sk=photos_stream\" target=\"_blank\" rel=\"noopener\">Universidad Federal de Acre (UFAC)<\/a>por ejemplo, no tiene ning\u00fan puesto propio.<\/p>\n<p>Tambi\u00e9n es interesante se\u00f1alar que los sitios web de la Universidad Federal de S\u00e3o Paulo se encuentran entre los m\u00e1s peque\u00f1os del pa\u00eds: el <a href=\"https:\/\/www.facebook.com\/UFSCar\" target=\"_blank\" rel=\"noopener\">Ufscar<\/a> y el <a href=\"https:\/\/www.facebook.com\/pages\/Universidade-Federal-de-S%C3%A3o-Paulo-Unifesp\/116992795075755\" target=\"_blank\" rel=\"noopener\">Unifesp<\/a> ten\u00edan entre 2100 y 2600 \"me gusta\" en el momento de la encuesta.<\/p>\n<p>En la \u00faltima infograf\u00eda que publicamos, sobre <a href=\"https:\/\/www.edialog.com.br\/es\/facebook\/facebook-no-brasil\/\" target=\"_blank\" rel=\"noopener\">qu\u00e9 estado brasile\u00f1o es proporcionalmente el m\u00e1s presente en Facebook<\/a>Par\u00e1 es proporcionalmente el tercer estado menos presente en la red social. Sin embargo <a href=\"https:\/\/www.facebook.com\/UFPAOficial?ref=ts&amp;fref=ts\" target=\"_blank\" rel=\"noopener\">Universidad Federal de Par\u00e1 (UFPA)<\/a> es la segunda universidad federal m\u00e1s grande de Brasil, s\u00f3lo superada por <a href=\"https:\/\/www.facebook.com\/ufmgbr?fref=ts\" target=\"_blank\" rel=\"noopener\">Universidad Federal de Minas Gerais (UFMG)<\/a>.<\/p>\n<p>M\u00e1s informaci\u00f3n en la infograf\u00eda siguiente:<\/p>\n<p><a href=\"https:\/\/www.edialog.com.br\/wp-content\/uploads\/2013\/05\/FEDERAIS.jpg\"><img fetchpriority=\"high\" decoding=\"async\" class=\"aligncenter size-full wp-image-3808\" alt=\"universidades federais\" src=\"https:\/\/www.edialog.com.br\/wp-content\/uploads\/2013\/05\/FEDERAIS.jpg\" width=\"500\" height=\"1600\" srcset=\"https:\/\/www.edialog.com.br\/wp-content\/uploads\/2013\/05\/FEDERAIS.jpg 500w, https:\/\/www.edialog.com.br\/wp-content\/uploads\/2013\/05\/FEDERAIS-320x1024.jpg 320w\" sizes=\"(max-width: 500px) 100vw, 500px\" \/><\/a><\/p>","protected":false},"excerpt":{"rendered":"<p>N\u00f3s realizamos um levantamento no dia 29 de abril de 2013 com o intuito de analisar quais s\u00e3o as maiores, as menores e at\u00e9 as Universidades Federais inexistentes no Facebook. A primeira conclus\u00e3o, antes da an\u00e1lise de conte\u00fado, \u00e9 a de que as Federais n\u00e3o seguem um padr\u00e3o nas redes sociais. A Universidade Federal Rural [&hellip;]<\/p>\n","protected":false},"author":1,"featured_media":0,"comment_status":"open","ping_status":"open","sticky":false,"template":"","format":"standard","meta":{"_acf_changed":false,"content-type":"","footnotes":""},"categories":[43,459],"tags":[537,117,418],"class_list":["post-3804","post","type-post","status-publish","format-standard","hentry","category-facebook","category-infograficos","tag-facebook","tag-infografico","tag-universidades-federais"],"acf":[],"yoast_head":"<!-- This site is optimized with the Yoast SEO Premium plugin v27.3 (Yoast SEO v27.3) - https:\/\/yoast.com\/product\/yoast-seo-premium-wordpress\/ -->\n<title>As maiores Universidades Federais no Facebook | E-Dialog<\/title>\n<meta name=\"description\" content=\"Veja um infogr\u00e1fico que demonstra quais Universidades Federais s\u00e3o presentes no Facebook, e quais ainda podem melhorar.\" \/>\n<meta name=\"robots\" content=\"index, follow, max-snippet:-1, max-image-preview:large, max-video-preview:-1\" \/>\n<link rel=\"canonical\" href=\"https:\/\/www.edialog.com.br\/es\/as-maiores-universidades-federais-no-facebook\/\" \/>\n<meta property=\"og:locale\" content=\"es_ES\" \/>\n<meta property=\"og:type\" content=\"article\" \/>\n<meta property=\"og:title\" content=\"As maiores Universidades Federais no Facebook\" \/>\n<meta property=\"og:description\" content=\"Veja um infogr\u00e1fico que demonstra quais Universidades Federais s\u00e3o presentes no Facebook, e quais ainda podem melhorar.\" \/>\n<meta property=\"og:url\" content=\"https:\/\/www.edialog.com.br\/es\/as-maiores-universidades-federais-no-facebook\/\" \/>\n<meta property=\"og:site_name\" content=\"Ag\u00eancia de Inbound Marketing | E-Dialog\" \/>\n<meta property=\"article:publisher\" content=\"https:\/\/facebook.com\/edialogcomunicacao\" \/>\n<meta property=\"article:author\" content=\"http:\/\/facebook.com\/renancaixeiro\" \/>\n<meta property=\"article:published_time\" content=\"2013-05-02T17:26:43+00:00\" \/>\n<meta property=\"article:modified_time\" content=\"2024-03-21T12:28:45+00:00\" \/>\n<meta property=\"og:image\" content=\"https:\/\/www.edialog.com.br\/wp-content\/uploads\/2013\/05\/FEDERAIS.jpg\" \/>\n<meta name=\"author\" content=\"Renan Caixeiro\" \/>\n<meta name=\"twitter:label1\" content=\"Escrito por\" \/>\n\t<meta name=\"twitter:data1\" content=\"Renan Caixeiro\" \/>\n\t<meta name=\"twitter:label2\" content=\"Tiempo de lectura\" \/>\n\t<meta name=\"twitter:data2\" content=\"2 minutos\" \/>\n<script type=\"application\/ld+json\" class=\"yoast-schema-graph\">{\"@context\":\"https:\\\/\\\/schema.org\",\"@graph\":[{\"@type\":[\"Article\",\"BlogPosting\"],\"@id\":\"https:\\\/\\\/www.edialog.com.br\\\/as-maiores-universidades-federais-no-facebook\\\/#article\",\"isPartOf\":{\"@id\":\"https:\\\/\\\/www.edialog.com.br\\\/as-maiores-universidades-federais-no-facebook\\\/\"},\"author\":{\"name\":\"Renan Caixeiro\",\"@id\":\"https:\\\/\\\/www.edialog.com.br\\\/#\\\/schema\\\/person\\\/7f509934e54fd30b9d2d02cf51b60966\"},\"headline\":\"As maiores Universidades Federais no Facebook\",\"datePublished\":\"2013-05-02T17:26:43+00:00\",\"dateModified\":\"2024-03-21T12:28:45+00:00\",\"mainEntityOfPage\":{\"@id\":\"https:\\\/\\\/www.edialog.com.br\\\/as-maiores-universidades-federais-no-facebook\\\/\"},\"wordCount\":229,\"commentCount\":8,\"publisher\":{\"@id\":\"https:\\\/\\\/www.edialog.com.br\\\/#organization\"},\"image\":{\"@id\":\"https:\\\/\\\/www.edialog.com.br\\\/as-maiores-universidades-federais-no-facebook\\\/#primaryimage\"},\"thumbnailUrl\":\"https:\\\/\\\/www.edialog.com.br\\\/wp-content\\\/uploads\\\/2013\\\/05\\\/FEDERAIS.jpg\",\"keywords\":[\"Facebook\",\"infogr\u00e1fico\",\"universidades federais\"],\"articleSection\":[\"Facebook\",\"Infogr\u00e1ficos\"],\"inLanguage\":\"es\",\"potentialAction\":[{\"@type\":\"CommentAction\",\"name\":\"Comment\",\"target\":[\"https:\\\/\\\/www.edialog.com.br\\\/as-maiores-universidades-federais-no-facebook\\\/#respond\"]}]},{\"@type\":\"WebPage\",\"@id\":\"https:\\\/\\\/www.edialog.com.br\\\/as-maiores-universidades-federais-no-facebook\\\/\",\"url\":\"https:\\\/\\\/www.edialog.com.br\\\/as-maiores-universidades-federais-no-facebook\\\/\",\"name\":\"As maiores Universidades Federais no Facebook | E-Dialog\",\"isPartOf\":{\"@id\":\"https:\\\/\\\/www.edialog.com.br\\\/#website\"},\"primaryImageOfPage\":{\"@id\":\"https:\\\/\\\/www.edialog.com.br\\\/as-maiores-universidades-federais-no-facebook\\\/#primaryimage\"},\"image\":{\"@id\":\"https:\\\/\\\/www.edialog.com.br\\\/as-maiores-universidades-federais-no-facebook\\\/#primaryimage\"},\"thumbnailUrl\":\"https:\\\/\\\/www.edialog.com.br\\\/wp-content\\\/uploads\\\/2013\\\/05\\\/FEDERAIS.jpg\",\"datePublished\":\"2013-05-02T17:26:43+00:00\",\"dateModified\":\"2024-03-21T12:28:45+00:00\",\"description\":\"Veja um infogr\u00e1fico que demonstra quais Universidades Federais s\u00e3o presentes no Facebook, e quais ainda podem melhorar.\",\"breadcrumb\":{\"@id\":\"https:\\\/\\\/www.edialog.com.br\\\/as-maiores-universidades-federais-no-facebook\\\/#breadcrumb\"},\"inLanguage\":\"es\",\"potentialAction\":[{\"@type\":\"ReadAction\",\"target\":[\"https:\\\/\\\/www.edialog.com.br\\\/as-maiores-universidades-federais-no-facebook\\\/\"]}]},{\"@type\":\"ImageObject\",\"inLanguage\":\"es\",\"@id\":\"https:\\\/\\\/www.edialog.com.br\\\/as-maiores-universidades-federais-no-facebook\\\/#primaryimage\",\"url\":\"https:\\\/\\\/www.edialog.com.br\\\/wp-content\\\/uploads\\\/2013\\\/05\\\/FEDERAIS.jpg\",\"contentUrl\":\"https:\\\/\\\/www.edialog.com.br\\\/wp-content\\\/uploads\\\/2013\\\/05\\\/FEDERAIS.jpg\"},{\"@type\":\"BreadcrumbList\",\"@id\":\"https:\\\/\\\/www.edialog.com.br\\\/as-maiores-universidades-federais-no-facebook\\\/#breadcrumb\",\"itemListElement\":[{\"@type\":\"ListItem\",\"position\":1,\"name\":\"Home\",\"item\":\"https:\\\/\\\/www.edialog.com.br\\\/\"},{\"@type\":\"ListItem\",\"position\":2,\"name\":\"Facebook\",\"item\":\"https:\\\/\\\/www.edialog.com.br\\\/category\\\/facebook\\\/\"},{\"@type\":\"ListItem\",\"position\":3,\"name\":\"As maiores Universidades Federais no Facebook\"}]},{\"@type\":\"WebSite\",\"@id\":\"https:\\\/\\\/www.edialog.com.br\\\/#website\",\"url\":\"https:\\\/\\\/www.edialog.com.br\\\/\",\"name\":\"Ag\u00eancia de Inbound Marketing | E-Dialog\",\"description\":\"Ag\u00eancia de Inbound Marketing premiada com solu\u00e7\u00f5es completas para o seu neg\u00f3cio. Atraia leads, com conte\u00fados \u00fanicos e envolventes. Solicite or\u00e7amento!\",\"publisher\":{\"@id\":\"https:\\\/\\\/www.edialog.com.br\\\/#organization\"},\"potentialAction\":[{\"@type\":\"SearchAction\",\"target\":{\"@type\":\"EntryPoint\",\"urlTemplate\":\"https:\\\/\\\/www.edialog.com.br\\\/?s={search_term_string}\"},\"query-input\":{\"@type\":\"PropertyValueSpecification\",\"valueRequired\":true,\"valueName\":\"search_term_string\"}}],\"inLanguage\":\"es\"},{\"@type\":\"Organization\",\"@id\":\"https:\\\/\\\/www.edialog.com.br\\\/#organization\",\"name\":\"Ag\u00eancia de M\u00eddias Sociais e Marketing Digital | E-Dialog\",\"url\":\"https:\\\/\\\/www.edialog.com.br\\\/\",\"logo\":{\"@type\":\"ImageObject\",\"inLanguage\":\"es\",\"@id\":\"https:\\\/\\\/www.edialog.com.br\\\/#\\\/schema\\\/logo\\\/image\\\/\",\"url\":\"https:\\\/\\\/www.edialog.com.br\\\/wp-content\\\/uploads\\\/2021\\\/09\\\/edialog-logo-case.png\",\"contentUrl\":\"https:\\\/\\\/www.edialog.com.br\\\/wp-content\\\/uploads\\\/2021\\\/09\\\/edialog-logo-case.png\",\"width\":810,\"height\":450,\"caption\":\"Ag\u00eancia de M\u00eddias Sociais e Marketing Digital | E-Dialog\"},\"image\":{\"@id\":\"https:\\\/\\\/www.edialog.com.br\\\/#\\\/schema\\\/logo\\\/image\\\/\"},\"sameAs\":[\"https:\\\/\\\/facebook.com\\\/edialogcomunicacao\",\"https:\\\/\\\/x.com\\\/edialog_br\",\"https:\\\/\\\/www.instagram.com\\\/edialog_br\",\"https:\\\/\\\/www.linkedin.com\\\/company\\\/e-dialog-comunica-o-digital\",\"https:\\\/\\\/www.youtube.com\\\/channel\\\/UCPiVQ_yVlcCqWS2sRzJZj7g\"]},{\"@type\":\"Person\",\"@id\":\"https:\\\/\\\/www.edialog.com.br\\\/#\\\/schema\\\/person\\\/7f509934e54fd30b9d2d02cf51b60966\",\"name\":\"Renan Caixeiro\",\"image\":{\"@type\":\"ImageObject\",\"inLanguage\":\"es\",\"@id\":\"https:\\\/\\\/www.edialog.com.br\\\/wp-content\\\/uploads\\\/2023\\\/11\\\/renan-caixeiro-150x150.jpg\",\"url\":\"https:\\\/\\\/www.edialog.com.br\\\/wp-content\\\/uploads\\\/2023\\\/11\\\/renan-caixeiro-150x150.jpg\",\"contentUrl\":\"https:\\\/\\\/www.edialog.com.br\\\/wp-content\\\/uploads\\\/2023\\\/11\\\/renan-caixeiro-150x150.jpg\",\"caption\":\"Renan Caixeiro\"},\"description\":\"S\u00f3cio Diretor na E-Dialog, \u00e9 graduado em Jornalismo e p\u00f3s-graduado em Comunica\u00e7\u00e3o Corporativa, ambos pela UFJF. Est\u00e1 \u00e0 frente do Reportei, SaaS de relat\u00f3rios e dashboards, \u00e9 host do Projeto SaaS, podcast que compartilha experi\u00eancias do universo de software as a service, e s\u00f3cio da Aquela Caixa, comunidade para profissionais de cria\u00e7\u00e3o. Torcedor do Vasco, tem como meta comprar o Gigante da Colina. LinkedIn: @renancaixeiro \\\/ Instagram: @renancaixeiro.\",\"sameAs\":[\"http:\\\/\\\/facebook.com\\\/renancaixeiro\",\"https:\\\/\\\/www.instagram.com\\\/renancaixeiro\\\/\",\"https:\\\/\\\/br.linkedin.com\\\/in\\\/renancaixeiro\\\/pt\",\"https:\\\/\\\/x.com\\\/renancaixeiro\"],\"url\":\"https:\\\/\\\/www.edialog.com.br\\\/es\\\/author\\\/renancaixeiro\\\/\"}]}<\/script>\n<!-- \/ Yoast SEO Premium plugin. -->","yoast_head_json":{"title":"As maiores Universidades Federais no Facebook | E-Dialog","description":"Veja um infogr\u00e1fico que demonstra quais Universidades Federais s\u00e3o presentes no Facebook, e quais ainda podem melhorar.","robots":{"index":"index","follow":"follow","max-snippet":"max-snippet:-1","max-image-preview":"max-image-preview:large","max-video-preview":"max-video-preview:-1"},"canonical":"https:\/\/www.edialog.com.br\/es\/as-maiores-universidades-federais-no-facebook\/","og_locale":"es_ES","og_type":"article","og_title":"As maiores Universidades Federais no Facebook","og_description":"Veja um infogr\u00e1fico que demonstra quais Universidades Federais s\u00e3o presentes no Facebook, e quais ainda podem melhorar.","og_url":"https:\/\/www.edialog.com.br\/es\/as-maiores-universidades-federais-no-facebook\/","og_site_name":"Ag\u00eancia de Inbound Marketing | E-Dialog","article_publisher":"https:\/\/facebook.com\/edialogcomunicacao","article_author":"http:\/\/facebook.com\/renancaixeiro","article_published_time":"2013-05-02T17:26:43+00:00","article_modified_time":"2024-03-21T12:28:45+00:00","og_image":[{"url":"https:\/\/www.edialog.com.br\/wp-content\/uploads\/2013\/05\/FEDERAIS.jpg","type":"","width":"","height":""}],"author":"Renan Caixeiro","twitter_misc":{"Escrito por":"Renan Caixeiro","Tiempo de lectura":"2 minutos"},"schema":{"@context":"https:\/\/schema.org","@graph":[{"@type":["Article","BlogPosting"],"@id":"https:\/\/www.edialog.com.br\/as-maiores-universidades-federais-no-facebook\/#article","isPartOf":{"@id":"https:\/\/www.edialog.com.br\/as-maiores-universidades-federais-no-facebook\/"},"author":{"name":"Renan Caixeiro","@id":"https:\/\/www.edialog.com.br\/#\/schema\/person\/7f509934e54fd30b9d2d02cf51b60966"},"headline":"As maiores Universidades Federais no Facebook","datePublished":"2013-05-02T17:26:43+00:00","dateModified":"2024-03-21T12:28:45+00:00","mainEntityOfPage":{"@id":"https:\/\/www.edialog.com.br\/as-maiores-universidades-federais-no-facebook\/"},"wordCount":229,"commentCount":8,"publisher":{"@id":"https:\/\/www.edialog.com.br\/#organization"},"image":{"@id":"https:\/\/www.edialog.com.br\/as-maiores-universidades-federais-no-facebook\/#primaryimage"},"thumbnailUrl":"https:\/\/www.edialog.com.br\/wp-content\/uploads\/2013\/05\/FEDERAIS.jpg","keywords":["Facebook","infogr\u00e1fico","universidades federais"],"articleSection":["Facebook","Infogr\u00e1ficos"],"inLanguage":"es","potentialAction":[{"@type":"CommentAction","name":"Comment","target":["https:\/\/www.edialog.com.br\/as-maiores-universidades-federais-no-facebook\/#respond"]}]},{"@type":"WebPage","@id":"https:\/\/www.edialog.com.br\/as-maiores-universidades-federais-no-facebook\/","url":"https:\/\/www.edialog.com.br\/as-maiores-universidades-federais-no-facebook\/","name":"As maiores Universidades Federais no Facebook | E-Dialog","isPartOf":{"@id":"https:\/\/www.edialog.com.br\/#website"},"primaryImageOfPage":{"@id":"https:\/\/www.edialog.com.br\/as-maiores-universidades-federais-no-facebook\/#primaryimage"},"image":{"@id":"https:\/\/www.edialog.com.br\/as-maiores-universidades-federais-no-facebook\/#primaryimage"},"thumbnailUrl":"https:\/\/www.edialog.com.br\/wp-content\/uploads\/2013\/05\/FEDERAIS.jpg","datePublished":"2013-05-02T17:26:43+00:00","dateModified":"2024-03-21T12:28:45+00:00","description":"Veja um infogr\u00e1fico que demonstra quais Universidades Federais s\u00e3o presentes no Facebook, e quais ainda podem melhorar.","breadcrumb":{"@id":"https:\/\/www.edialog.com.br\/as-maiores-universidades-federais-no-facebook\/#breadcrumb"},"inLanguage":"es","potentialAction":[{"@type":"ReadAction","target":["https:\/\/www.edialog.com.br\/as-maiores-universidades-federais-no-facebook\/"]}]},{"@type":"ImageObject","inLanguage":"es","@id":"https:\/\/www.edialog.com.br\/as-maiores-universidades-federais-no-facebook\/#primaryimage","url":"https:\/\/www.edialog.com.br\/wp-content\/uploads\/2013\/05\/FEDERAIS.jpg","contentUrl":"https:\/\/www.edialog.com.br\/wp-content\/uploads\/2013\/05\/FEDERAIS.jpg"},{"@type":"BreadcrumbList","@id":"https:\/\/www.edialog.com.br\/as-maiores-universidades-federais-no-facebook\/#breadcrumb","itemListElement":[{"@type":"ListItem","position":1,"name":"Home","item":"https:\/\/www.edialog.com.br\/"},{"@type":"ListItem","position":2,"name":"Facebook","item":"https:\/\/www.edialog.com.br\/category\/facebook\/"},{"@type":"ListItem","position":3,"name":"As maiores Universidades Federais no Facebook"}]},{"@type":"WebSite","@id":"https:\/\/www.edialog.com.br\/#website","url":"https:\/\/www.edialog.com.br\/","name":"Agencia de marketing entrante | E-Dialog","description":"Ag\u00eancia de Inbound Marketing premiada com solu\u00e7\u00f5es completas para o seu neg\u00f3cio. Atraia leads, com conte\u00fados \u00fanicos e envolventes. Solicite or\u00e7amento!","publisher":{"@id":"https:\/\/www.edialog.com.br\/#organization"},"potentialAction":[{"@type":"SearchAction","target":{"@type":"EntryPoint","urlTemplate":"https:\/\/www.edialog.com.br\/?s={search_term_string}"},"query-input":{"@type":"PropertyValueSpecification","valueRequired":true,"valueName":"search_term_string"}}],"inLanguage":"es"},{"@type":"Organization","@id":"https:\/\/www.edialog.com.br\/#organization","name":"Ag\u00eancia de M\u00eddias Sociais e Marketing Digital | E-Dialog","url":"https:\/\/www.edialog.com.br\/","logo":{"@type":"ImageObject","inLanguage":"es","@id":"https:\/\/www.edialog.com.br\/#\/schema\/logo\/image\/","url":"https:\/\/www.edialog.com.br\/wp-content\/uploads\/2021\/09\/edialog-logo-case.png","contentUrl":"https:\/\/www.edialog.com.br\/wp-content\/uploads\/2021\/09\/edialog-logo-case.png","width":810,"height":450,"caption":"Ag\u00eancia de M\u00eddias Sociais e Marketing Digital | E-Dialog"},"image":{"@id":"https:\/\/www.edialog.com.br\/#\/schema\/logo\/image\/"},"sameAs":["https:\/\/facebook.com\/edialogcomunicacao","https:\/\/x.com\/edialog_br","https:\/\/www.instagram.com\/edialog_br","https:\/\/www.linkedin.com\/company\/e-dialog-comunica-o-digital","https:\/\/www.youtube.com\/channel\/UCPiVQ_yVlcCqWS2sRzJZj7g"]},{"@type":"Person","@id":"https:\/\/www.edialog.com.br\/#\/schema\/person\/7f509934e54fd30b9d2d02cf51b60966","name":"Renan Caixeiro","image":{"@type":"ImageObject","inLanguage":"es","@id":"https:\/\/www.edialog.com.br\/wp-content\/uploads\/2023\/11\/renan-caixeiro-150x150.jpg","url":"https:\/\/www.edialog.com.br\/wp-content\/uploads\/2023\/11\/renan-caixeiro-150x150.jpg","contentUrl":"https:\/\/www.edialog.com.br\/wp-content\/uploads\/2023\/11\/renan-caixeiro-150x150.jpg","caption":"Renan Caixeiro"},"description":"S\u00f3cio Diretor na E-Dialog, \u00e9 graduado em Jornalismo e p\u00f3s-graduado em Comunica\u00e7\u00e3o Corporativa, ambos pela UFJF. Est\u00e1 \u00e0 frente do Reportei, SaaS de relat\u00f3rios e dashboards, \u00e9 host do Projeto SaaS, podcast que compartilha experi\u00eancias do universo de software as a service, e s\u00f3cio da Aquela Caixa, comunidade para profissionais de cria\u00e7\u00e3o. Torcedor do Vasco, tem como meta comprar o Gigante da Colina. LinkedIn: @renancaixeiro \/ Instagram: @renancaixeiro.","sameAs":["http:\/\/facebook.com\/renancaixeiro","https:\/\/www.instagram.com\/renancaixeiro\/","https:\/\/br.linkedin.com\/in\/renancaixeiro\/pt","https:\/\/x.com\/renancaixeiro"],"url":"https:\/\/www.edialog.com.br\/es\/author\/renancaixeiro\/"}]}},"_links":{"self":[{"href":"https:\/\/www.edialog.com.br\/es\/wp-json\/wp\/v2\/posts\/3804","targetHints":{"allow":["GET"]}}],"collection":[{"href":"https:\/\/www.edialog.com.br\/es\/wp-json\/wp\/v2\/posts"}],"about":[{"href":"https:\/\/www.edialog.com.br\/es\/wp-json\/wp\/v2\/types\/post"}],"author":[{"embeddable":true,"href":"https:\/\/www.edialog.com.br\/es\/wp-json\/wp\/v2\/users\/1"}],"replies":[{"embeddable":true,"href":"https:\/\/www.edialog.com.br\/es\/wp-json\/wp\/v2\/comments?post=3804"}],"version-history":[{"count":0,"href":"https:\/\/www.edialog.com.br\/es\/wp-json\/wp\/v2\/posts\/3804\/revisions"}],"wp:attachment":[{"href":"https:\/\/www.edialog.com.br\/es\/wp-json\/wp\/v2\/media?parent=3804"}],"wp:term":[{"taxonomy":"category","embeddable":true,"href":"https:\/\/www.edialog.com.br\/es\/wp-json\/wp\/v2\/categories?post=3804"},{"taxonomy":"post_tag","embeddable":true,"href":"https:\/\/www.edialog.com.br\/es\/wp-json\/wp\/v2\/tags?post=3804"}],"curies":[{"name":"wp","href":"https:\/\/api.w.org\/{rel}","templated":true}]}}