{"id":3528,"date":"2013-03-14T10:55:44","date_gmt":"2013-03-14T13:55:44","guid":{"rendered":"https:\/\/www.edialog.com.br\/?p=3528"},"modified":"2025-01-28T13:18:03","modified_gmt":"2025-01-28T16:18:03","slug":"marketing-digital-no-brasil-a-presenca-dos-brasileiros-na-internet","status":"publish","type":"post","link":"https:\/\/www.edialog.com.br\/es\/marketing-digital-no-brasil-a-presenca-dos-brasileiros-na-internet\/","title":{"rendered":"Marketing digital en Brasil: la presencia de los brasile\u00f1os en Internet"},"content":{"rendered":"<p>La infograf\u00eda a continuaci\u00f3n puede ser de gran ayuda en Marketing Digital y en la planificaci\u00f3n de acciones futuras, al mostrar los perfiles de compra de los brasile\u00f1os en Internet.<\/p>\n<p>Muestra, por ejemplo, que Brasil es uno de los pa\u00edses con mayor presencia en Internet y est\u00e1 experimentando un auge. Adem\u00e1s, destaca que la mitad de los internautas brasile\u00f1os tiene un perfil en <a href=\"https:\/\/www.facebook.com\" target=\"_blank\" rel=\"noopener\">Facebook<\/a>Por no hablar del hecho de que alrededor de un tercio de los brasile\u00f1os que navegan por Internet ya han realizado alguna compra en l\u00ednea.<\/p>\n<p>Tambi\u00e9n es posible analizar el perfil de los internautas del pa\u00eds en funci\u00f3n de criterios como la edad y el sexo. Vea la infograf\u00eda completa:<\/p>\n<p><a href=\"https:\/\/www.edialog.com.br\/es\/midia-social\/marketing-digital-no-brasil-a-presenca-dos-brasileiros-na-internet\/attachment\/internetnobrasil-resized-600\/\" rel=\"attachment wp-att-3530\"><img fetchpriority=\"high\" decoding=\"async\" src=\"https:\/\/www.edialog.com.br\/wp-content\/uploads\/2013\/03\/InternetnoBrasil-resized-600.png\" alt=\"Marketing digital\" width=\"510\" height=\"1768\" class=\"aligncenter size-full wp-image-3530\" srcset=\"https:\/\/www.edialog.com.br\/wp-content\/uploads\/2013\/03\/InternetnoBrasil-resized-600.png 510w, https:\/\/www.edialog.com.br\/wp-content\/uploads\/2013\/03\/InternetnoBrasil-resized-600-295x1024.png 295w\" sizes=\"(max-width: 510px) 100vw, 510px\" \/><\/a><\/p>","protected":false},"excerpt":{"rendered":"<p>O infogr\u00e1fico abaixo pode auxiliar muito no Marketing Digital e no planejamento de a\u00e7\u00f5es futuras, ao demonstrar perfis de compra dos brasileiros na internet. Ele permite observar, por exemplo, que o Brasil \u00e9 um dos pa\u00edses com maior presen\u00e7a na internet, vivendo um momento de plena expans\u00e3o. Al\u00e9m disso, \u00e9 not\u00e1vel o fato de que [&hellip;]<\/p>\n","protected":false},"author":1,"featured_media":0,"comment_status":"open","ping_status":"open","sticky":false,"template":"","format":"standard","meta":{"_acf_changed":false,"content-type":"","footnotes":""},"categories":[43,207,63,8],"tags":[],"class_list":["post-3528","post","type-post","status-publish","format-standard","hentry","category-facebook","category-internet-2","category-marketing-2-0","category-midia-social"],"acf":[],"yoast_head":"<!-- This site is optimized with the Yoast SEO Premium plugin v27.3 (Yoast SEO v27.3) - https:\/\/yoast.com\/product\/yoast-seo-premium-wordpress\/ -->\n<title>Marketing Digital no Brasil: a presen\u00e7a dos Brasileiros na internet<\/title>\n<meta name=\"description\" content=\"Entenda como os brasileiros se comportam na internet e veja por que as estrat\u00e9gias de marketing digital no Brasil s\u00e3o fundamentais!\" \/>\n<meta name=\"robots\" content=\"index, follow, max-snippet:-1, max-image-preview:large, max-video-preview:-1\" \/>\n<link rel=\"canonical\" href=\"https:\/\/www.edialog.com.br\/es\/marketing-digital-no-brasil-a-presenca-dos-brasileiros-na-internet\/\" \/>\n<meta property=\"og:locale\" content=\"es_ES\" \/>\n<meta property=\"og:type\" content=\"article\" \/>\n<meta property=\"og:title\" content=\"Marketing Digital no Brasil: a presen\u00e7a dos Brasileiros na internet\" \/>\n<meta property=\"og:description\" content=\"Entenda como os brasileiros se comportam na internet e veja por que as estrat\u00e9gias de marketing digital no Brasil s\u00e3o fundamentais!\" \/>\n<meta property=\"og:url\" content=\"https:\/\/www.edialog.com.br\/es\/marketing-digital-no-brasil-a-presenca-dos-brasileiros-na-internet\/\" \/>\n<meta property=\"og:site_name\" content=\"Ag\u00eancia de Inbound Marketing | E-Dialog\" \/>\n<meta property=\"article:publisher\" content=\"https:\/\/facebook.com\/edialogcomunicacao\" \/>\n<meta property=\"article:author\" content=\"http:\/\/facebook.com\/renancaixeiro\" \/>\n<meta property=\"article:published_time\" content=\"2013-03-14T13:55:44+00:00\" \/>\n<meta property=\"article:modified_time\" content=\"2025-01-28T16:18:03+00:00\" \/>\n<meta property=\"og:image\" content=\"https:\/\/www.edialog.com.br\/wp-content\/uploads\/2013\/03\/InternetnoBrasil-resized-600.png\" \/>\n\t<meta property=\"og:image:width\" content=\"510\" \/>\n\t<meta property=\"og:image:height\" content=\"1768\" \/>\n\t<meta property=\"og:image:type\" content=\"image\/png\" \/>\n<meta name=\"author\" content=\"Renan Caixeiro\" \/>\n<meta name=\"twitter:label1\" content=\"Escrito por\" \/>\n\t<meta name=\"twitter:data1\" content=\"Renan Caixeiro\" \/>\n\t<meta name=\"twitter:label2\" content=\"Tiempo de lectura\" \/>\n\t<meta name=\"twitter:data2\" content=\"1 minuto\" \/>\n<script type=\"application\/ld+json\" class=\"yoast-schema-graph\">{\"@context\":\"https:\\\/\\\/schema.org\",\"@graph\":[{\"@type\":[\"Article\",\"BlogPosting\"],\"@id\":\"https:\\\/\\\/www.edialog.com.br\\\/marketing-digital-no-brasil-a-presenca-dos-brasileiros-na-internet\\\/#article\",\"isPartOf\":{\"@id\":\"https:\\\/\\\/www.edialog.com.br\\\/marketing-digital-no-brasil-a-presenca-dos-brasileiros-na-internet\\\/\"},\"author\":{\"name\":\"Renan Caixeiro\",\"@id\":\"https:\\\/\\\/www.edialog.com.br\\\/#\\\/schema\\\/person\\\/7f509934e54fd30b9d2d02cf51b60966\"},\"headline\":\"Marketing Digital no Brasil: a presen\u00e7a dos Brasileiros na internet\",\"datePublished\":\"2013-03-14T13:55:44+00:00\",\"dateModified\":\"2025-01-28T16:18:03+00:00\",\"mainEntityOfPage\":{\"@id\":\"https:\\\/\\\/www.edialog.com.br\\\/marketing-digital-no-brasil-a-presenca-dos-brasileiros-na-internet\\\/\"},\"wordCount\":127,\"commentCount\":0,\"publisher\":{\"@id\":\"https:\\\/\\\/www.edialog.com.br\\\/#organization\"},\"image\":{\"@id\":\"https:\\\/\\\/www.edialog.com.br\\\/marketing-digital-no-brasil-a-presenca-dos-brasileiros-na-internet\\\/#primaryimage\"},\"thumbnailUrl\":\"https:\\\/\\\/www.edialog.com.br\\\/wp-content\\\/uploads\\\/2013\\\/03\\\/InternetnoBrasil-resized-600.png\",\"articleSection\":[\"Facebook\",\"Internet\",\"Marketing 2.0\",\"M\u00eddia Social\"],\"inLanguage\":\"es\",\"potentialAction\":[{\"@type\":\"CommentAction\",\"name\":\"Comment\",\"target\":[\"https:\\\/\\\/www.edialog.com.br\\\/marketing-digital-no-brasil-a-presenca-dos-brasileiros-na-internet\\\/#respond\"]}]},{\"@type\":\"WebPage\",\"@id\":\"https:\\\/\\\/www.edialog.com.br\\\/marketing-digital-no-brasil-a-presenca-dos-brasileiros-na-internet\\\/\",\"url\":\"https:\\\/\\\/www.edialog.com.br\\\/marketing-digital-no-brasil-a-presenca-dos-brasileiros-na-internet\\\/\",\"name\":\"Marketing Digital no Brasil: a presen\u00e7a dos Brasileiros na internet\",\"isPartOf\":{\"@id\":\"https:\\\/\\\/www.edialog.com.br\\\/#website\"},\"primaryImageOfPage\":{\"@id\":\"https:\\\/\\\/www.edialog.com.br\\\/marketing-digital-no-brasil-a-presenca-dos-brasileiros-na-internet\\\/#primaryimage\"},\"image\":{\"@id\":\"https:\\\/\\\/www.edialog.com.br\\\/marketing-digital-no-brasil-a-presenca-dos-brasileiros-na-internet\\\/#primaryimage\"},\"thumbnailUrl\":\"https:\\\/\\\/www.edialog.com.br\\\/wp-content\\\/uploads\\\/2013\\\/03\\\/InternetnoBrasil-resized-600.png\",\"datePublished\":\"2013-03-14T13:55:44+00:00\",\"dateModified\":\"2025-01-28T16:18:03+00:00\",\"description\":\"Entenda como os brasileiros se comportam na internet e veja por que as estrat\u00e9gias de marketing digital no Brasil s\u00e3o fundamentais!\",\"breadcrumb\":{\"@id\":\"https:\\\/\\\/www.edialog.com.br\\\/marketing-digital-no-brasil-a-presenca-dos-brasileiros-na-internet\\\/#breadcrumb\"},\"inLanguage\":\"es\",\"potentialAction\":[{\"@type\":\"ReadAction\",\"target\":[\"https:\\\/\\\/www.edialog.com.br\\\/marketing-digital-no-brasil-a-presenca-dos-brasileiros-na-internet\\\/\"]}]},{\"@type\":\"ImageObject\",\"inLanguage\":\"es\",\"@id\":\"https:\\\/\\\/www.edialog.com.br\\\/marketing-digital-no-brasil-a-presenca-dos-brasileiros-na-internet\\\/#primaryimage\",\"url\":\"https:\\\/\\\/www.edialog.com.br\\\/wp-content\\\/uploads\\\/2013\\\/03\\\/InternetnoBrasil-resized-600.png\",\"contentUrl\":\"https:\\\/\\\/www.edialog.com.br\\\/wp-content\\\/uploads\\\/2013\\\/03\\\/InternetnoBrasil-resized-600.png\"},{\"@type\":\"BreadcrumbList\",\"@id\":\"https:\\\/\\\/www.edialog.com.br\\\/marketing-digital-no-brasil-a-presenca-dos-brasileiros-na-internet\\\/#breadcrumb\",\"itemListElement\":[{\"@type\":\"ListItem\",\"position\":1,\"name\":\"Home\",\"item\":\"https:\\\/\\\/www.edialog.com.br\\\/\"},{\"@type\":\"ListItem\",\"position\":2,\"name\":\"M\u00eddia Social\",\"item\":\"https:\\\/\\\/www.edialog.com.br\\\/category\\\/midia-social\\\/\"},{\"@type\":\"ListItem\",\"position\":3,\"name\":\"Marketing Digital no Brasil: a presen\u00e7a dos Brasileiros na internet\"}]},{\"@type\":\"WebSite\",\"@id\":\"https:\\\/\\\/www.edialog.com.br\\\/#website\",\"url\":\"https:\\\/\\\/www.edialog.com.br\\\/\",\"name\":\"Ag\u00eancia de Inbound Marketing | E-Dialog\",\"description\":\"Ag\u00eancia de Inbound Marketing premiada com solu\u00e7\u00f5es completas para o seu neg\u00f3cio. Atraia leads, com conte\u00fados \u00fanicos e envolventes. Solicite or\u00e7amento!\",\"publisher\":{\"@id\":\"https:\\\/\\\/www.edialog.com.br\\\/#organization\"},\"potentialAction\":[{\"@type\":\"SearchAction\",\"target\":{\"@type\":\"EntryPoint\",\"urlTemplate\":\"https:\\\/\\\/www.edialog.com.br\\\/?s={search_term_string}\"},\"query-input\":{\"@type\":\"PropertyValueSpecification\",\"valueRequired\":true,\"valueName\":\"search_term_string\"}}],\"inLanguage\":\"es\"},{\"@type\":\"Organization\",\"@id\":\"https:\\\/\\\/www.edialog.com.br\\\/#organization\",\"name\":\"Ag\u00eancia de M\u00eddias Sociais e Marketing Digital | E-Dialog\",\"url\":\"https:\\\/\\\/www.edialog.com.br\\\/\",\"logo\":{\"@type\":\"ImageObject\",\"inLanguage\":\"es\",\"@id\":\"https:\\\/\\\/www.edialog.com.br\\\/#\\\/schema\\\/logo\\\/image\\\/\",\"url\":\"https:\\\/\\\/www.edialog.com.br\\\/wp-content\\\/uploads\\\/2021\\\/09\\\/edialog-logo-case.png\",\"contentUrl\":\"https:\\\/\\\/www.edialog.com.br\\\/wp-content\\\/uploads\\\/2021\\\/09\\\/edialog-logo-case.png\",\"width\":810,\"height\":450,\"caption\":\"Ag\u00eancia de M\u00eddias Sociais e Marketing Digital | E-Dialog\"},\"image\":{\"@id\":\"https:\\\/\\\/www.edialog.com.br\\\/#\\\/schema\\\/logo\\\/image\\\/\"},\"sameAs\":[\"https:\\\/\\\/facebook.com\\\/edialogcomunicacao\",\"https:\\\/\\\/x.com\\\/edialog_br\",\"https:\\\/\\\/www.instagram.com\\\/edialog_br\",\"https:\\\/\\\/www.linkedin.com\\\/company\\\/e-dialog-comunica-o-digital\",\"https:\\\/\\\/www.youtube.com\\\/channel\\\/UCPiVQ_yVlcCqWS2sRzJZj7g\"]},{\"@type\":\"Person\",\"@id\":\"https:\\\/\\\/www.edialog.com.br\\\/#\\\/schema\\\/person\\\/7f509934e54fd30b9d2d02cf51b60966\",\"name\":\"Renan Caixeiro\",\"image\":{\"@type\":\"ImageObject\",\"inLanguage\":\"es\",\"@id\":\"https:\\\/\\\/www.edialog.com.br\\\/wp-content\\\/uploads\\\/2023\\\/11\\\/renan-caixeiro-150x150.jpg\",\"url\":\"https:\\\/\\\/www.edialog.com.br\\\/wp-content\\\/uploads\\\/2023\\\/11\\\/renan-caixeiro-150x150.jpg\",\"contentUrl\":\"https:\\\/\\\/www.edialog.com.br\\\/wp-content\\\/uploads\\\/2023\\\/11\\\/renan-caixeiro-150x150.jpg\",\"caption\":\"Renan Caixeiro\"},\"description\":\"S\u00f3cio Diretor na E-Dialog, \u00e9 graduado em Jornalismo e p\u00f3s-graduado em Comunica\u00e7\u00e3o Corporativa, ambos pela UFJF. Est\u00e1 \u00e0 frente do Reportei, SaaS de relat\u00f3rios e dashboards, \u00e9 host do Projeto SaaS, podcast que compartilha experi\u00eancias do universo de software as a service, e s\u00f3cio da Aquela Caixa, comunidade para profissionais de cria\u00e7\u00e3o. Torcedor do Vasco, tem como meta comprar o Gigante da Colina. LinkedIn: @renancaixeiro \\\/ Instagram: @renancaixeiro.\",\"sameAs\":[\"http:\\\/\\\/facebook.com\\\/renancaixeiro\",\"https:\\\/\\\/www.instagram.com\\\/renancaixeiro\\\/\",\"https:\\\/\\\/br.linkedin.com\\\/in\\\/renancaixeiro\\\/pt\",\"https:\\\/\\\/x.com\\\/renancaixeiro\"],\"url\":\"https:\\\/\\\/www.edialog.com.br\\\/es\\\/author\\\/renancaixeiro\\\/\"}]}<\/script>\n<!-- \/ Yoast SEO Premium plugin. -->","yoast_head_json":{"title":"Marketing digital en Brasil: la presencia de los brasile\u00f1os en Internet","description":"Entenda como os brasileiros se comportam na internet e veja por que as estrat\u00e9gias de marketing digital no Brasil s\u00e3o fundamentais!","robots":{"index":"index","follow":"follow","max-snippet":"max-snippet:-1","max-image-preview":"max-image-preview:large","max-video-preview":"max-video-preview:-1"},"canonical":"https:\/\/www.edialog.com.br\/es\/marketing-digital-no-brasil-a-presenca-dos-brasileiros-na-internet\/","og_locale":"es_ES","og_type":"article","og_title":"Marketing Digital no Brasil: a presen\u00e7a dos Brasileiros na internet","og_description":"Entenda como os brasileiros se comportam na internet e veja por que as estrat\u00e9gias de marketing digital no Brasil s\u00e3o fundamentais!","og_url":"https:\/\/www.edialog.com.br\/es\/marketing-digital-no-brasil-a-presenca-dos-brasileiros-na-internet\/","og_site_name":"Ag\u00eancia de Inbound Marketing | E-Dialog","article_publisher":"https:\/\/facebook.com\/edialogcomunicacao","article_author":"http:\/\/facebook.com\/renancaixeiro","article_published_time":"2013-03-14T13:55:44+00:00","article_modified_time":"2025-01-28T16:18:03+00:00","og_image":[{"width":510,"height":1768,"url":"https:\/\/www.edialog.com.br\/wp-content\/uploads\/2013\/03\/InternetnoBrasil-resized-600.png","type":"image\/png"}],"author":"Renan Caixeiro","twitter_misc":{"Escrito por":"Renan Caixeiro","Tiempo de lectura":"1 minuto"},"schema":{"@context":"https:\/\/schema.org","@graph":[{"@type":["Article","BlogPosting"],"@id":"https:\/\/www.edialog.com.br\/marketing-digital-no-brasil-a-presenca-dos-brasileiros-na-internet\/#article","isPartOf":{"@id":"https:\/\/www.edialog.com.br\/marketing-digital-no-brasil-a-presenca-dos-brasileiros-na-internet\/"},"author":{"name":"Renan Caixeiro","@id":"https:\/\/www.edialog.com.br\/#\/schema\/person\/7f509934e54fd30b9d2d02cf51b60966"},"headline":"Marketing Digital no Brasil: a presen\u00e7a dos Brasileiros na internet","datePublished":"2013-03-14T13:55:44+00:00","dateModified":"2025-01-28T16:18:03+00:00","mainEntityOfPage":{"@id":"https:\/\/www.edialog.com.br\/marketing-digital-no-brasil-a-presenca-dos-brasileiros-na-internet\/"},"wordCount":127,"commentCount":0,"publisher":{"@id":"https:\/\/www.edialog.com.br\/#organization"},"image":{"@id":"https:\/\/www.edialog.com.br\/marketing-digital-no-brasil-a-presenca-dos-brasileiros-na-internet\/#primaryimage"},"thumbnailUrl":"https:\/\/www.edialog.com.br\/wp-content\/uploads\/2013\/03\/InternetnoBrasil-resized-600.png","articleSection":["Facebook","Internet","Marketing 2.0","M\u00eddia Social"],"inLanguage":"es","potentialAction":[{"@type":"CommentAction","name":"Comment","target":["https:\/\/www.edialog.com.br\/marketing-digital-no-brasil-a-presenca-dos-brasileiros-na-internet\/#respond"]}]},{"@type":"WebPage","@id":"https:\/\/www.edialog.com.br\/marketing-digital-no-brasil-a-presenca-dos-brasileiros-na-internet\/","url":"https:\/\/www.edialog.com.br\/marketing-digital-no-brasil-a-presenca-dos-brasileiros-na-internet\/","name":"Marketing digital en Brasil: la presencia de los brasile\u00f1os en Internet","isPartOf":{"@id":"https:\/\/www.edialog.com.br\/#website"},"primaryImageOfPage":{"@id":"https:\/\/www.edialog.com.br\/marketing-digital-no-brasil-a-presenca-dos-brasileiros-na-internet\/#primaryimage"},"image":{"@id":"https:\/\/www.edialog.com.br\/marketing-digital-no-brasil-a-presenca-dos-brasileiros-na-internet\/#primaryimage"},"thumbnailUrl":"https:\/\/www.edialog.com.br\/wp-content\/uploads\/2013\/03\/InternetnoBrasil-resized-600.png","datePublished":"2013-03-14T13:55:44+00:00","dateModified":"2025-01-28T16:18:03+00:00","description":"Entenda como os brasileiros se comportam na internet e veja por que as estrat\u00e9gias de marketing digital no Brasil s\u00e3o fundamentais!","breadcrumb":{"@id":"https:\/\/www.edialog.com.br\/marketing-digital-no-brasil-a-presenca-dos-brasileiros-na-internet\/#breadcrumb"},"inLanguage":"es","potentialAction":[{"@type":"ReadAction","target":["https:\/\/www.edialog.com.br\/marketing-digital-no-brasil-a-presenca-dos-brasileiros-na-internet\/"]}]},{"@type":"ImageObject","inLanguage":"es","@id":"https:\/\/www.edialog.com.br\/marketing-digital-no-brasil-a-presenca-dos-brasileiros-na-internet\/#primaryimage","url":"https:\/\/www.edialog.com.br\/wp-content\/uploads\/2013\/03\/InternetnoBrasil-resized-600.png","contentUrl":"https:\/\/www.edialog.com.br\/wp-content\/uploads\/2013\/03\/InternetnoBrasil-resized-600.png"},{"@type":"BreadcrumbList","@id":"https:\/\/www.edialog.com.br\/marketing-digital-no-brasil-a-presenca-dos-brasileiros-na-internet\/#breadcrumb","itemListElement":[{"@type":"ListItem","position":1,"name":"Home","item":"https:\/\/www.edialog.com.br\/"},{"@type":"ListItem","position":2,"name":"M\u00eddia Social","item":"https:\/\/www.edialog.com.br\/category\/midia-social\/"},{"@type":"ListItem","position":3,"name":"Marketing Digital no Brasil: a presen\u00e7a dos Brasileiros na internet"}]},{"@type":"WebSite","@id":"https:\/\/www.edialog.com.br\/#website","url":"https:\/\/www.edialog.com.br\/","name":"Agencia de marketing entrante | E-Dialog","description":"Ag\u00eancia de Inbound Marketing premiada com solu\u00e7\u00f5es completas para o seu neg\u00f3cio. Atraia leads, com conte\u00fados \u00fanicos e envolventes. Solicite or\u00e7amento!","publisher":{"@id":"https:\/\/www.edialog.com.br\/#organization"},"potentialAction":[{"@type":"SearchAction","target":{"@type":"EntryPoint","urlTemplate":"https:\/\/www.edialog.com.br\/?s={search_term_string}"},"query-input":{"@type":"PropertyValueSpecification","valueRequired":true,"valueName":"search_term_string"}}],"inLanguage":"es"},{"@type":"Organization","@id":"https:\/\/www.edialog.com.br\/#organization","name":"Ag\u00eancia de M\u00eddias Sociais e Marketing Digital | E-Dialog","url":"https:\/\/www.edialog.com.br\/","logo":{"@type":"ImageObject","inLanguage":"es","@id":"https:\/\/www.edialog.com.br\/#\/schema\/logo\/image\/","url":"https:\/\/www.edialog.com.br\/wp-content\/uploads\/2021\/09\/edialog-logo-case.png","contentUrl":"https:\/\/www.edialog.com.br\/wp-content\/uploads\/2021\/09\/edialog-logo-case.png","width":810,"height":450,"caption":"Ag\u00eancia de M\u00eddias Sociais e Marketing Digital | E-Dialog"},"image":{"@id":"https:\/\/www.edialog.com.br\/#\/schema\/logo\/image\/"},"sameAs":["https:\/\/facebook.com\/edialogcomunicacao","https:\/\/x.com\/edialog_br","https:\/\/www.instagram.com\/edialog_br","https:\/\/www.linkedin.com\/company\/e-dialog-comunica-o-digital","https:\/\/www.youtube.com\/channel\/UCPiVQ_yVlcCqWS2sRzJZj7g"]},{"@type":"Person","@id":"https:\/\/www.edialog.com.br\/#\/schema\/person\/7f509934e54fd30b9d2d02cf51b60966","name":"Renan Caixeiro","image":{"@type":"ImageObject","inLanguage":"es","@id":"https:\/\/www.edialog.com.br\/wp-content\/uploads\/2023\/11\/renan-caixeiro-150x150.jpg","url":"https:\/\/www.edialog.com.br\/wp-content\/uploads\/2023\/11\/renan-caixeiro-150x150.jpg","contentUrl":"https:\/\/www.edialog.com.br\/wp-content\/uploads\/2023\/11\/renan-caixeiro-150x150.jpg","caption":"Renan Caixeiro"},"description":"S\u00f3cio Diretor na E-Dialog, \u00e9 graduado em Jornalismo e p\u00f3s-graduado em Comunica\u00e7\u00e3o Corporativa, ambos pela UFJF. Est\u00e1 \u00e0 frente do Reportei, SaaS de relat\u00f3rios e dashboards, \u00e9 host do Projeto SaaS, podcast que compartilha experi\u00eancias do universo de software as a service, e s\u00f3cio da Aquela Caixa, comunidade para profissionais de cria\u00e7\u00e3o. Torcedor do Vasco, tem como meta comprar o Gigante da Colina. LinkedIn: @renancaixeiro \/ Instagram: @renancaixeiro.","sameAs":["http:\/\/facebook.com\/renancaixeiro","https:\/\/www.instagram.com\/renancaixeiro\/","https:\/\/br.linkedin.com\/in\/renancaixeiro\/pt","https:\/\/x.com\/renancaixeiro"],"url":"https:\/\/www.edialog.com.br\/es\/author\/renancaixeiro\/"}]}},"_links":{"self":[{"href":"https:\/\/www.edialog.com.br\/es\/wp-json\/wp\/v2\/posts\/3528","targetHints":{"allow":["GET"]}}],"collection":[{"href":"https:\/\/www.edialog.com.br\/es\/wp-json\/wp\/v2\/posts"}],"about":[{"href":"https:\/\/www.edialog.com.br\/es\/wp-json\/wp\/v2\/types\/post"}],"author":[{"embeddable":true,"href":"https:\/\/www.edialog.com.br\/es\/wp-json\/wp\/v2\/users\/1"}],"replies":[{"embeddable":true,"href":"https:\/\/www.edialog.com.br\/es\/wp-json\/wp\/v2\/comments?post=3528"}],"version-history":[{"count":2,"href":"https:\/\/www.edialog.com.br\/es\/wp-json\/wp\/v2\/posts\/3528\/revisions"}],"predecessor-version":[{"id":228724,"href":"https:\/\/www.edialog.com.br\/es\/wp-json\/wp\/v2\/posts\/3528\/revisions\/228724"}],"wp:attachment":[{"href":"https:\/\/www.edialog.com.br\/es\/wp-json\/wp\/v2\/media?parent=3528"}],"wp:term":[{"taxonomy":"category","embeddable":true,"href":"https:\/\/www.edialog.com.br\/es\/wp-json\/wp\/v2\/categories?post=3528"},{"taxonomy":"post_tag","embeddable":true,"href":"https:\/\/www.edialog.com.br\/es\/wp-json\/wp\/v2\/tags?post=3528"}],"curies":[{"name":"wp","href":"https:\/\/api.w.org\/{rel}","templated":true}]}}