{"id":3446,"date":"2013-03-12T11:44:34","date_gmt":"2013-03-12T14:44:34","guid":{"rendered":"https:\/\/www.edialog.com.br\/?p=3446"},"modified":"2024-07-04T16:01:17","modified_gmt":"2024-07-04T19:01:17","slug":"redes-sociais-ao-redor-do-mundo","status":"publish","type":"post","link":"https:\/\/www.edialog.com.br\/es\/redes-sociais-ao-redor-do-mundo\/","title":{"rendered":"Redes sociales en el mundo"},"content":{"rendered":"<p>O consumo de redes sociais varia muito de acordo com cada cultura. Os chineses, por exemplo, s\u00e3o muito mais influenciados por formatos publieditoriais do que norte-americanos.<\/p>\n<p>Pensando nisso, o <a href=\"https:\/\/www.wishpond.com.br\/\" target=\"_blank\" rel=\"noopener noreferrer\">Wishpond<\/a> lan\u00e7ou um infogr\u00e1fico, baseado em uma pesquisa da <a href=\"https:\/\/www.edialog.com.br\/es\/o-que-e-hubspot\/\">Hubspot<\/a>, demonstrando que cada pa\u00eds possui caracter\u00edsticas realmente peculiares sobre como, quando e de qual dispositivo acessam suas contas nas redes sociais.<\/p>\n<p>Pode-se perceber, por exemplo, que h\u00e1 redes n\u00e3o t\u00e3o conhecidas dos brasileiros que fazem sucesso em outros pa\u00edses, como \u00e9 o caso da Hi5, sucesso entre pr\u00e9-adolescentes em Portugal, a Odnoklassniki, que atrai adultos na R\u00fassia e a Tuenti, prefer\u00eancia dos estudantes universit\u00e1rios na Espanha.<\/p>\n<p>Confira o infogr\u00e1fico completo abaixo:<\/p>\n<p><a href=\"https:\/\/www.edialog.com.br\/es\/midia-social\/redes-sociais-ao-redor-do-mundo\/attachment\/redes-sociais-3\/\" rel=\"attachment wp-att-3448\"><img fetchpriority=\"high\" decoding=\"async\" class=\"aligncenter size-full wp-image-3448\" src=\"https:\/\/www.edialog.com.br\/wp-content\/uploads\/2013\/03\/redes-sociais.png\" alt=\"redes sociales\" width=\"500\" height=\"955\" srcset=\"https:\/\/www.edialog.com.br\/wp-content\/uploads\/2013\/03\/redes-sociais.png 500w, https:\/\/www.edialog.com.br\/wp-content\/uploads\/2013\/03\/redes-sociais-157x300.png 157w\" sizes=\"(max-width: 500px) 100vw, 500px\" \/><\/a><\/p>\n<p><a href=\"https:\/\/www.edialog.com.br\/es\/midia-social\/redes-sociais-ao-redor-do-mundo\/attachment\/redes-sociais-2-2\/\" rel=\"attachment wp-att-3447\"><img decoding=\"async\" class=\"aligncenter size-full wp-image-3447\" src=\"https:\/\/www.edialog.com.br\/wp-content\/uploads\/2013\/03\/redes-sociais-2.png\" alt=\"redes sociais 2\" width=\"500\" height=\"955\" srcset=\"https:\/\/www.edialog.com.br\/wp-content\/uploads\/2013\/03\/redes-sociais-2.png 500w, https:\/\/www.edialog.com.br\/wp-content\/uploads\/2013\/03\/redes-sociais-2-157x300.png 157w\" sizes=\"(max-width: 500px) 100vw, 500px\" \/><\/a><\/p>","protected":false},"excerpt":{"rendered":"<p>O consumo de redes sociais varia muito de acordo com cada cultura. Os chineses, por exemplo, s\u00e3o muito mais influenciados por formatos publieditoriais do que norte-americanos. Pensando nisso, o Wishpond lan\u00e7ou um infogr\u00e1fico, baseado em uma pesquisa da Hubspot, demonstrando que cada pa\u00eds possui caracter\u00edsticas realmente peculiares sobre como, quando e de qual dispositivo acessam [&hellip;]<\/p>\n","protected":false},"author":1,"featured_media":3449,"comment_status":"open","ping_status":"open","sticky":false,"template":"","format":"standard","meta":{"_acf_changed":false,"content-type":"","footnotes":""},"categories":[8],"tags":[],"class_list":["post-3446","post","type-post","status-publish","format-standard","has-post-thumbnail","hentry","category-midia-social"],"acf":[],"yoast_head":"<!-- This site is optimized with the Yoast SEO Premium plugin v27.3 (Yoast SEO v27.3) - https:\/\/yoast.com\/product\/yoast-seo-premium-wordpress\/ -->\n<title>Redes sociais ao redor do mundo | E-Dialog<\/title>\n<meta name=\"description\" content=\"O consumo de redes sociais varia muito de acordo com cada cultura. Veja como elas s\u00e3o consumidas ao redor do mundo.\" \/>\n<meta name=\"robots\" content=\"index, follow, max-snippet:-1, max-image-preview:large, max-video-preview:-1\" \/>\n<link rel=\"canonical\" href=\"https:\/\/www.edialog.com.br\/es\/redes-sociais-ao-redor-do-mundo\/\" \/>\n<meta property=\"og:locale\" content=\"es_ES\" \/>\n<meta property=\"og:type\" content=\"article\" \/>\n<meta property=\"og:title\" content=\"Redes sociais ao redor do mundo\" \/>\n<meta property=\"og:description\" content=\"O consumo de redes sociais varia muito de acordo com cada cultura. Veja como elas s\u00e3o consumidas ao redor do mundo.\" \/>\n<meta property=\"og:url\" content=\"https:\/\/www.edialog.com.br\/es\/redes-sociais-ao-redor-do-mundo\/\" \/>\n<meta property=\"og:site_name\" content=\"Ag\u00eancia de Inbound Marketing | E-Dialog\" \/>\n<meta property=\"article:publisher\" content=\"https:\/\/facebook.com\/edialogcomunicacao\" \/>\n<meta property=\"article:author\" content=\"http:\/\/facebook.com\/renancaixeiro\" \/>\n<meta property=\"article:published_time\" content=\"2013-03-12T14:44:34+00:00\" \/>\n<meta property=\"article:modified_time\" content=\"2024-07-04T19:01:17+00:00\" \/>\n<meta property=\"og:image\" content=\"https:\/\/www.edialog.com.br\/wp-content\/uploads\/2013\/03\/redes-sociais-3.jpg\" \/>\n\t<meta property=\"og:image:width\" content=\"500\" \/>\n\t<meta property=\"og:image:height\" content=\"237\" \/>\n\t<meta property=\"og:image:type\" content=\"image\/jpeg\" \/>\n<meta name=\"author\" content=\"Renan Caixeiro\" \/>\n<meta name=\"twitter:label1\" content=\"Escrito por\" \/>\n\t<meta name=\"twitter:data1\" content=\"Renan Caixeiro\" \/>\n\t<meta name=\"twitter:label2\" content=\"Tiempo de lectura\" \/>\n\t<meta name=\"twitter:data2\" content=\"2 minutos\" \/>\n<script type=\"application\/ld+json\" class=\"yoast-schema-graph\">{\"@context\":\"https:\\\/\\\/schema.org\",\"@graph\":[{\"@type\":[\"Article\",\"BlogPosting\"],\"@id\":\"https:\\\/\\\/www.edialog.com.br\\\/redes-sociais-ao-redor-do-mundo\\\/#article\",\"isPartOf\":{\"@id\":\"https:\\\/\\\/www.edialog.com.br\\\/redes-sociais-ao-redor-do-mundo\\\/\"},\"author\":{\"name\":\"Renan Caixeiro\",\"@id\":\"https:\\\/\\\/www.edialog.com.br\\\/#\\\/schema\\\/person\\\/7f509934e54fd30b9d2d02cf51b60966\"},\"headline\":\"Redes sociais ao redor do mundo\",\"datePublished\":\"2013-03-12T14:44:34+00:00\",\"dateModified\":\"2024-07-04T19:01:17+00:00\",\"mainEntityOfPage\":{\"@id\":\"https:\\\/\\\/www.edialog.com.br\\\/redes-sociais-ao-redor-do-mundo\\\/\"},\"wordCount\":128,\"commentCount\":0,\"publisher\":{\"@id\":\"https:\\\/\\\/www.edialog.com.br\\\/#organization\"},\"image\":{\"@id\":\"https:\\\/\\\/www.edialog.com.br\\\/redes-sociais-ao-redor-do-mundo\\\/#primaryimage\"},\"thumbnailUrl\":\"https:\\\/\\\/www.edialog.com.br\\\/wp-content\\\/uploads\\\/2013\\\/03\\\/redes-sociais-3.jpg\",\"articleSection\":[\"M\u00eddia Social\"],\"inLanguage\":\"es\",\"potentialAction\":[{\"@type\":\"CommentAction\",\"name\":\"Comment\",\"target\":[\"https:\\\/\\\/www.edialog.com.br\\\/redes-sociais-ao-redor-do-mundo\\\/#respond\"]}]},{\"@type\":\"WebPage\",\"@id\":\"https:\\\/\\\/www.edialog.com.br\\\/redes-sociais-ao-redor-do-mundo\\\/\",\"url\":\"https:\\\/\\\/www.edialog.com.br\\\/redes-sociais-ao-redor-do-mundo\\\/\",\"name\":\"Redes sociais ao redor do mundo | E-Dialog\",\"isPartOf\":{\"@id\":\"https:\\\/\\\/www.edialog.com.br\\\/#website\"},\"primaryImageOfPage\":{\"@id\":\"https:\\\/\\\/www.edialog.com.br\\\/redes-sociais-ao-redor-do-mundo\\\/#primaryimage\"},\"image\":{\"@id\":\"https:\\\/\\\/www.edialog.com.br\\\/redes-sociais-ao-redor-do-mundo\\\/#primaryimage\"},\"thumbnailUrl\":\"https:\\\/\\\/www.edialog.com.br\\\/wp-content\\\/uploads\\\/2013\\\/03\\\/redes-sociais-3.jpg\",\"datePublished\":\"2013-03-12T14:44:34+00:00\",\"dateModified\":\"2024-07-04T19:01:17+00:00\",\"description\":\"O consumo de redes sociais varia muito de acordo com cada cultura. Veja como elas s\u00e3o consumidas ao redor do mundo.\",\"breadcrumb\":{\"@id\":\"https:\\\/\\\/www.edialog.com.br\\\/redes-sociais-ao-redor-do-mundo\\\/#breadcrumb\"},\"inLanguage\":\"es\",\"potentialAction\":[{\"@type\":\"ReadAction\",\"target\":[\"https:\\\/\\\/www.edialog.com.br\\\/redes-sociais-ao-redor-do-mundo\\\/\"]}]},{\"@type\":\"ImageObject\",\"inLanguage\":\"es\",\"@id\":\"https:\\\/\\\/www.edialog.com.br\\\/redes-sociais-ao-redor-do-mundo\\\/#primaryimage\",\"url\":\"https:\\\/\\\/www.edialog.com.br\\\/wp-content\\\/uploads\\\/2013\\\/03\\\/redes-sociais-3.jpg\",\"contentUrl\":\"https:\\\/\\\/www.edialog.com.br\\\/wp-content\\\/uploads\\\/2013\\\/03\\\/redes-sociais-3.jpg\",\"width\":500,\"height\":237},{\"@type\":\"BreadcrumbList\",\"@id\":\"https:\\\/\\\/www.edialog.com.br\\\/redes-sociais-ao-redor-do-mundo\\\/#breadcrumb\",\"itemListElement\":[{\"@type\":\"ListItem\",\"position\":1,\"name\":\"Home\",\"item\":\"https:\\\/\\\/www.edialog.com.br\\\/\"},{\"@type\":\"ListItem\",\"position\":2,\"name\":\"M\u00eddia Social\",\"item\":\"https:\\\/\\\/www.edialog.com.br\\\/category\\\/midia-social\\\/\"},{\"@type\":\"ListItem\",\"position\":3,\"name\":\"Redes sociais ao redor do mundo\"}]},{\"@type\":\"WebSite\",\"@id\":\"https:\\\/\\\/www.edialog.com.br\\\/#website\",\"url\":\"https:\\\/\\\/www.edialog.com.br\\\/\",\"name\":\"Ag\u00eancia de Inbound Marketing | E-Dialog\",\"description\":\"Ag\u00eancia de Inbound Marketing premiada com solu\u00e7\u00f5es completas para o seu neg\u00f3cio. Atraia leads, com conte\u00fados \u00fanicos e envolventes. Solicite or\u00e7amento!\",\"publisher\":{\"@id\":\"https:\\\/\\\/www.edialog.com.br\\\/#organization\"},\"potentialAction\":[{\"@type\":\"SearchAction\",\"target\":{\"@type\":\"EntryPoint\",\"urlTemplate\":\"https:\\\/\\\/www.edialog.com.br\\\/?s={search_term_string}\"},\"query-input\":{\"@type\":\"PropertyValueSpecification\",\"valueRequired\":true,\"valueName\":\"search_term_string\"}}],\"inLanguage\":\"es\"},{\"@type\":\"Organization\",\"@id\":\"https:\\\/\\\/www.edialog.com.br\\\/#organization\",\"name\":\"Ag\u00eancia de M\u00eddias Sociais e Marketing Digital | E-Dialog\",\"url\":\"https:\\\/\\\/www.edialog.com.br\\\/\",\"logo\":{\"@type\":\"ImageObject\",\"inLanguage\":\"es\",\"@id\":\"https:\\\/\\\/www.edialog.com.br\\\/#\\\/schema\\\/logo\\\/image\\\/\",\"url\":\"https:\\\/\\\/www.edialog.com.br\\\/wp-content\\\/uploads\\\/2021\\\/09\\\/edialog-logo-case.png\",\"contentUrl\":\"https:\\\/\\\/www.edialog.com.br\\\/wp-content\\\/uploads\\\/2021\\\/09\\\/edialog-logo-case.png\",\"width\":810,\"height\":450,\"caption\":\"Ag\u00eancia de M\u00eddias Sociais e Marketing Digital | E-Dialog\"},\"image\":{\"@id\":\"https:\\\/\\\/www.edialog.com.br\\\/#\\\/schema\\\/logo\\\/image\\\/\"},\"sameAs\":[\"https:\\\/\\\/facebook.com\\\/edialogcomunicacao\",\"https:\\\/\\\/x.com\\\/edialog_br\",\"https:\\\/\\\/www.instagram.com\\\/edialog_br\",\"https:\\\/\\\/www.linkedin.com\\\/company\\\/e-dialog-comunica-o-digital\",\"https:\\\/\\\/www.youtube.com\\\/channel\\\/UCPiVQ_yVlcCqWS2sRzJZj7g\"]},{\"@type\":\"Person\",\"@id\":\"https:\\\/\\\/www.edialog.com.br\\\/#\\\/schema\\\/person\\\/7f509934e54fd30b9d2d02cf51b60966\",\"name\":\"Renan Caixeiro\",\"image\":{\"@type\":\"ImageObject\",\"inLanguage\":\"es\",\"@id\":\"https:\\\/\\\/www.edialog.com.br\\\/wp-content\\\/uploads\\\/2023\\\/11\\\/renan-caixeiro-150x150.jpg\",\"url\":\"https:\\\/\\\/www.edialog.com.br\\\/wp-content\\\/uploads\\\/2023\\\/11\\\/renan-caixeiro-150x150.jpg\",\"contentUrl\":\"https:\\\/\\\/www.edialog.com.br\\\/wp-content\\\/uploads\\\/2023\\\/11\\\/renan-caixeiro-150x150.jpg\",\"caption\":\"Renan Caixeiro\"},\"description\":\"S\u00f3cio Diretor na E-Dialog, \u00e9 graduado em Jornalismo e p\u00f3s-graduado em Comunica\u00e7\u00e3o Corporativa, ambos pela UFJF. Est\u00e1 \u00e0 frente do Reportei, SaaS de relat\u00f3rios e dashboards, \u00e9 host do Projeto SaaS, podcast que compartilha experi\u00eancias do universo de software as a service, e s\u00f3cio da Aquela Caixa, comunidade para profissionais de cria\u00e7\u00e3o. Torcedor do Vasco, tem como meta comprar o Gigante da Colina. LinkedIn: @renancaixeiro \\\/ Instagram: @renancaixeiro.\",\"sameAs\":[\"http:\\\/\\\/facebook.com\\\/renancaixeiro\",\"https:\\\/\\\/www.instagram.com\\\/renancaixeiro\\\/\",\"https:\\\/\\\/br.linkedin.com\\\/in\\\/renancaixeiro\\\/pt\",\"https:\\\/\\\/x.com\\\/renancaixeiro\"],\"url\":\"https:\\\/\\\/www.edialog.com.br\\\/es\\\/author\\\/renancaixeiro\\\/\"}]}<\/script>\n<!-- \/ Yoast SEO Premium plugin. -->","yoast_head_json":{"title":"Redes sociais ao redor do mundo | E-Dialog","description":"O consumo de redes sociais varia muito de acordo com cada cultura. Veja como elas s\u00e3o consumidas ao redor do mundo.","robots":{"index":"index","follow":"follow","max-snippet":"max-snippet:-1","max-image-preview":"max-image-preview:large","max-video-preview":"max-video-preview:-1"},"canonical":"https:\/\/www.edialog.com.br\/es\/redes-sociais-ao-redor-do-mundo\/","og_locale":"es_ES","og_type":"article","og_title":"Redes sociais ao redor do mundo","og_description":"O consumo de redes sociais varia muito de acordo com cada cultura. Veja como elas s\u00e3o consumidas ao redor do mundo.","og_url":"https:\/\/www.edialog.com.br\/es\/redes-sociais-ao-redor-do-mundo\/","og_site_name":"Ag\u00eancia de Inbound Marketing | E-Dialog","article_publisher":"https:\/\/facebook.com\/edialogcomunicacao","article_author":"http:\/\/facebook.com\/renancaixeiro","article_published_time":"2013-03-12T14:44:34+00:00","article_modified_time":"2024-07-04T19:01:17+00:00","og_image":[{"width":500,"height":237,"url":"https:\/\/www.edialog.com.br\/wp-content\/uploads\/2013\/03\/redes-sociais-3.jpg","type":"image\/jpeg"}],"author":"Renan Caixeiro","twitter_misc":{"Escrito por":"Renan Caixeiro","Tiempo de lectura":"2 minutos"},"schema":{"@context":"https:\/\/schema.org","@graph":[{"@type":["Article","BlogPosting"],"@id":"https:\/\/www.edialog.com.br\/redes-sociais-ao-redor-do-mundo\/#article","isPartOf":{"@id":"https:\/\/www.edialog.com.br\/redes-sociais-ao-redor-do-mundo\/"},"author":{"name":"Renan Caixeiro","@id":"https:\/\/www.edialog.com.br\/#\/schema\/person\/7f509934e54fd30b9d2d02cf51b60966"},"headline":"Redes sociais ao redor do mundo","datePublished":"2013-03-12T14:44:34+00:00","dateModified":"2024-07-04T19:01:17+00:00","mainEntityOfPage":{"@id":"https:\/\/www.edialog.com.br\/redes-sociais-ao-redor-do-mundo\/"},"wordCount":128,"commentCount":0,"publisher":{"@id":"https:\/\/www.edialog.com.br\/#organization"},"image":{"@id":"https:\/\/www.edialog.com.br\/redes-sociais-ao-redor-do-mundo\/#primaryimage"},"thumbnailUrl":"https:\/\/www.edialog.com.br\/wp-content\/uploads\/2013\/03\/redes-sociais-3.jpg","articleSection":["M\u00eddia Social"],"inLanguage":"es","potentialAction":[{"@type":"CommentAction","name":"Comment","target":["https:\/\/www.edialog.com.br\/redes-sociais-ao-redor-do-mundo\/#respond"]}]},{"@type":"WebPage","@id":"https:\/\/www.edialog.com.br\/redes-sociais-ao-redor-do-mundo\/","url":"https:\/\/www.edialog.com.br\/redes-sociais-ao-redor-do-mundo\/","name":"Redes sociais ao redor do mundo | E-Dialog","isPartOf":{"@id":"https:\/\/www.edialog.com.br\/#website"},"primaryImageOfPage":{"@id":"https:\/\/www.edialog.com.br\/redes-sociais-ao-redor-do-mundo\/#primaryimage"},"image":{"@id":"https:\/\/www.edialog.com.br\/redes-sociais-ao-redor-do-mundo\/#primaryimage"},"thumbnailUrl":"https:\/\/www.edialog.com.br\/wp-content\/uploads\/2013\/03\/redes-sociais-3.jpg","datePublished":"2013-03-12T14:44:34+00:00","dateModified":"2024-07-04T19:01:17+00:00","description":"O consumo de redes sociais varia muito de acordo com cada cultura. Veja como elas s\u00e3o consumidas ao redor do mundo.","breadcrumb":{"@id":"https:\/\/www.edialog.com.br\/redes-sociais-ao-redor-do-mundo\/#breadcrumb"},"inLanguage":"es","potentialAction":[{"@type":"ReadAction","target":["https:\/\/www.edialog.com.br\/redes-sociais-ao-redor-do-mundo\/"]}]},{"@type":"ImageObject","inLanguage":"es","@id":"https:\/\/www.edialog.com.br\/redes-sociais-ao-redor-do-mundo\/#primaryimage","url":"https:\/\/www.edialog.com.br\/wp-content\/uploads\/2013\/03\/redes-sociais-3.jpg","contentUrl":"https:\/\/www.edialog.com.br\/wp-content\/uploads\/2013\/03\/redes-sociais-3.jpg","width":500,"height":237},{"@type":"BreadcrumbList","@id":"https:\/\/www.edialog.com.br\/redes-sociais-ao-redor-do-mundo\/#breadcrumb","itemListElement":[{"@type":"ListItem","position":1,"name":"Home","item":"https:\/\/www.edialog.com.br\/"},{"@type":"ListItem","position":2,"name":"M\u00eddia Social","item":"https:\/\/www.edialog.com.br\/category\/midia-social\/"},{"@type":"ListItem","position":3,"name":"Redes sociais ao redor do mundo"}]},{"@type":"WebSite","@id":"https:\/\/www.edialog.com.br\/#website","url":"https:\/\/www.edialog.com.br\/","name":"Agencia de marketing entrante | E-Dialog","description":"Ag\u00eancia de Inbound Marketing premiada com solu\u00e7\u00f5es completas para o seu neg\u00f3cio. Atraia leads, com conte\u00fados \u00fanicos e envolventes. Solicite or\u00e7amento!","publisher":{"@id":"https:\/\/www.edialog.com.br\/#organization"},"potentialAction":[{"@type":"SearchAction","target":{"@type":"EntryPoint","urlTemplate":"https:\/\/www.edialog.com.br\/?s={search_term_string}"},"query-input":{"@type":"PropertyValueSpecification","valueRequired":true,"valueName":"search_term_string"}}],"inLanguage":"es"},{"@type":"Organization","@id":"https:\/\/www.edialog.com.br\/#organization","name":"Ag\u00eancia de M\u00eddias Sociais e Marketing Digital | E-Dialog","url":"https:\/\/www.edialog.com.br\/","logo":{"@type":"ImageObject","inLanguage":"es","@id":"https:\/\/www.edialog.com.br\/#\/schema\/logo\/image\/","url":"https:\/\/www.edialog.com.br\/wp-content\/uploads\/2021\/09\/edialog-logo-case.png","contentUrl":"https:\/\/www.edialog.com.br\/wp-content\/uploads\/2021\/09\/edialog-logo-case.png","width":810,"height":450,"caption":"Ag\u00eancia de M\u00eddias Sociais e Marketing Digital | E-Dialog"},"image":{"@id":"https:\/\/www.edialog.com.br\/#\/schema\/logo\/image\/"},"sameAs":["https:\/\/facebook.com\/edialogcomunicacao","https:\/\/x.com\/edialog_br","https:\/\/www.instagram.com\/edialog_br","https:\/\/www.linkedin.com\/company\/e-dialog-comunica-o-digital","https:\/\/www.youtube.com\/channel\/UCPiVQ_yVlcCqWS2sRzJZj7g"]},{"@type":"Person","@id":"https:\/\/www.edialog.com.br\/#\/schema\/person\/7f509934e54fd30b9d2d02cf51b60966","name":"Renan Caixeiro","image":{"@type":"ImageObject","inLanguage":"es","@id":"https:\/\/www.edialog.com.br\/wp-content\/uploads\/2023\/11\/renan-caixeiro-150x150.jpg","url":"https:\/\/www.edialog.com.br\/wp-content\/uploads\/2023\/11\/renan-caixeiro-150x150.jpg","contentUrl":"https:\/\/www.edialog.com.br\/wp-content\/uploads\/2023\/11\/renan-caixeiro-150x150.jpg","caption":"Renan Caixeiro"},"description":"S\u00f3cio Diretor na E-Dialog, \u00e9 graduado em Jornalismo e p\u00f3s-graduado em Comunica\u00e7\u00e3o Corporativa, ambos pela UFJF. Est\u00e1 \u00e0 frente do Reportei, SaaS de relat\u00f3rios e dashboards, \u00e9 host do Projeto SaaS, podcast que compartilha experi\u00eancias do universo de software as a service, e s\u00f3cio da Aquela Caixa, comunidade para profissionais de cria\u00e7\u00e3o. Torcedor do Vasco, tem como meta comprar o Gigante da Colina. LinkedIn: @renancaixeiro \/ Instagram: @renancaixeiro.","sameAs":["http:\/\/facebook.com\/renancaixeiro","https:\/\/www.instagram.com\/renancaixeiro\/","https:\/\/br.linkedin.com\/in\/renancaixeiro\/pt","https:\/\/x.com\/renancaixeiro"],"url":"https:\/\/www.edialog.com.br\/es\/author\/renancaixeiro\/"}]}},"_links":{"self":[{"href":"https:\/\/www.edialog.com.br\/es\/wp-json\/wp\/v2\/posts\/3446","targetHints":{"allow":["GET"]}}],"collection":[{"href":"https:\/\/www.edialog.com.br\/es\/wp-json\/wp\/v2\/posts"}],"about":[{"href":"https:\/\/www.edialog.com.br\/es\/wp-json\/wp\/v2\/types\/post"}],"author":[{"embeddable":true,"href":"https:\/\/www.edialog.com.br\/es\/wp-json\/wp\/v2\/users\/1"}],"replies":[{"embeddable":true,"href":"https:\/\/www.edialog.com.br\/es\/wp-json\/wp\/v2\/comments?post=3446"}],"version-history":[{"count":0,"href":"https:\/\/www.edialog.com.br\/es\/wp-json\/wp\/v2\/posts\/3446\/revisions"}],"wp:featuredmedia":[{"embeddable":true,"href":"https:\/\/www.edialog.com.br\/es\/wp-json\/wp\/v2\/media\/3449"}],"wp:attachment":[{"href":"https:\/\/www.edialog.com.br\/es\/wp-json\/wp\/v2\/media?parent=3446"}],"wp:term":[{"taxonomy":"category","embeddable":true,"href":"https:\/\/www.edialog.com.br\/es\/wp-json\/wp\/v2\/categories?post=3446"},{"taxonomy":"post_tag","embeddable":true,"href":"https:\/\/www.edialog.com.br\/es\/wp-json\/wp\/v2\/tags?post=3446"}],"curies":[{"name":"wp","href":"https:\/\/api.w.org\/{rel}","templated":true}]}}