{"id":3358,"date":"2025-04-06T20:19:29","date_gmt":"2025-04-06T23:19:29","guid":{"rendered":"https:\/\/www.edialog.com.br\/?p=3358"},"modified":"2025-05-10T22:32:14","modified_gmt":"2025-05-11T01:32:14","slug":"facebook-no-brasil","status":"publish","type":"post","link":"https:\/\/www.edialog.com.br\/es\/facebook-no-brasil\/","title":{"rendered":"Facebook en Brasil: datos clave y tendencias actuales"},"content":{"rendered":"<p>No artigo de hoje, vamos mostrar os principais dados do <strong>Facebook no Brasil <\/strong>e por que essa rede ainda merece aten\u00e7\u00e3o. Confira!<\/p>\n\n\n\n<h2 class=\"wp-block-heading\" id=\"h-o-facebook-esta-acabando\">O Facebook est\u00e1 acabando? <\/h2>\n\n\n\n<p>Antes de falarmos sobre o Facebook no Brasil, vamos falar sobre sua situa\u00e7\u00e3o global. Afinal, <a href=\"https:\/\/www.edialog.com.br\/es\/o-facebook-vai-acabar\/\">o Facebook vai acabar?<\/a><\/p>\n\n\n\n<p>Nos \u00faltimos anos, muito se fala sobre a queda de popularidade da rede, principalmente entre o p\u00fablico mais jovem. <\/p>\n\n\n\n<p>De fato, h\u00e1 uma migra\u00e7\u00e3o desse p\u00fablico para plataformas mais din\u00e2micas como o TikTok e o Instagram, mas os n\u00fameros mostram que o Facebook continua muito relevante.<\/p>\n\n\n\n<p>Atualmente, a rede social ultrapassa os <strong>3 bilh\u00f5es de usu\u00e1rios ativos mensais<\/strong>, se mantendo como a plataforma mais utilizada no mundo. <\/p>\n\n\n\n<p>A faixa et\u00e1ria mais presente globalmente \u00e9 a de 25 a 34 anos, representando mais de 31% dos usu\u00e1rios &#8211; um indicativo de que os adultos jovens continuam ativos na rede, mesmo com o surgimento de novas op\u00e7\u00f5es.<\/p>\n\n\n\n<p>Em termos financeiros, a Meta (empresa controladora do Facebook)<strong> <\/strong>registrou <strong>US$ 164,5 bilh\u00f5es em receita em 2024, com crescimento de quase 22%<\/strong> em rela\u00e7\u00e3o ao ano anterior. Grande parte gra\u00e7as aos an\u00fancios de empresas.<\/p>\n\n\n\n<p>Ou seja, apesar de enfrentar desafios e transforma\u00e7\u00f5es, <strong>o Facebook est\u00e1 longe de acabar<\/strong>. Ele continua se reinventando e mantendo sua relev\u00e2ncia, especialmente entre usu\u00e1rios adultos e marcas que buscam alcance e retorno em suas estrat\u00e9gias digitais.<\/p>\n\n\n\n<h2 class=\"wp-block-heading\" id=\"h-facebook-no-brasil-quais-os-principais-dados\">Facebook no Brasil: quais os principais dados? <\/h2>\n\n\n\n<p>Mesmo diante da ascens\u00e3o de redes sociais como TikTok e Instagram, e mudan\u00e7as no comportamento digital, o Facebook no Brasil ainda possui n\u00fameros s\u00f3lidos.<\/p>\n\n\n\n<p>A seguir, apresentamos os principais dados sobre a plataforma no pa\u00eds, com base no <a href=\"https:\/\/datareportal.com\/reports\/digital-2024-brazil\">Relat\u00f3rio Digital 2024: Brazil, publicado pela DataReportal.<\/a><\/p>\n\n\n\n<h3 class=\"wp-block-heading\" id=\"h-1-numero-de-usuarios\">1. N\u00famero de usu\u00e1rios<\/h3>\n\n\n\n<p>Em janeiro de 2024, o Facebook contabilizava quase <strong>112 milh\u00f5es de usu\u00e1rios ativos no Brasil.<\/strong> Isso representa um crescimento de 400 mil pessoas (+0,4%) em rela\u00e7\u00e3o a janeiro de 2023.<\/p>\n\n\n\n<p>Esse n\u00famero equivale a <strong>60,9% da popula\u00e7\u00e3o brasileira com acesso \u00e0 internet<\/strong>, o que confirma o papel ainda relevante da rede no cotidiano digital do pa\u00eds.<\/p>\n\n\n\n<h3 class=\"wp-block-heading\" id=\"h-2-alcance-publicitario\">2. Alcance publicit\u00e1rio<\/h3>\n\n\n\n<p>O Facebook no Brasil segue como uma plataforma estrat\u00e9gica para anunciantes:<\/p>\n\n\n\n<ul class=\"wp-block-list\">\n<li>A taxa de penetra\u00e7\u00e3o entre usu\u00e1rios de 18 anos ou mais \u00e9 de <strong>69,3%<\/strong>;<\/li>\n\n\n\n<li>O potencial de alcance de an\u00fancios no Brasil \u00e9 de <strong>112 milh\u00f5es de pessoas<\/strong>;<\/li>\n\n\n\n<li>Isso representa <strong>51,7% da popula\u00e7\u00e3o total do pa\u00eds<\/strong>.<\/li>\n<\/ul>\n\n\n\n<p><strong><em>- Lea tambi\u00e9n: <\/em><\/strong><a href=\"https:\/\/www.edialog.com.br\/es\/como-anunciar-no-facebook-ads\/\"><em>Como anunciar no Facebook Ads? Passo a passo para an\u00fancios na plataforma<\/em><\/a><\/p>\n\n\n\n<h3 class=\"wp-block-heading\" id=\"h-3-perfil-demografico\">3. Perfil demogr\u00e1fico<\/h3>\n\n\n\n<p>A distribui\u00e7\u00e3o por g\u00eanero entre os usu\u00e1rios brasileiros \u00e9 equilibrada:<\/p>\n\n\n\n<ul class=\"wp-block-list\">\n<li>53,8% mulheres;<\/li>\n\n\n\n<li>46,2% homens.<\/li>\n<\/ul>\n\n\n\n<p>Al\u00e9m disso, os maiores grupos et\u00e1rios continuam sendo os de <strong>25 a 34 anos<\/strong>, seguidos pelos de 18 a 24 anos e 35 a 44 anos, mostrando que a plataforma ainda \u00e9 muito utilizada por adultos jovens.<\/p>\n\n\n\n<h3 class=\"wp-block-heading\" id=\"h-4-crescimento-e-tendencias\">4. Crescimento e tend\u00eancias<\/h3>\n\n\n\n<p>Apesar do crescimento t\u00edmido em n\u00famero de usu\u00e1rios, o Facebook no Brasil mant\u00e9m sua for\u00e7a gra\u00e7as ao seu <strong>ecossistema integrado<\/strong> (com Instagram, WhatsApp e Messenger), al\u00e9m de continuar sendo um canal importante para atividades e grupos espec\u00edficos.<\/p>\n\n\n\n<h3 class=\"wp-block-heading\" id=\"h-5-consideracoes-finais\">5. Considera\u00e7\u00f5es finais<\/h3>\n\n\n\n<p>Com mais de 100 milh\u00f5es de usu\u00e1rios no Brasil, o Facebook n\u00e3o apenas segue vivo, como continua sendo uma plataforma essencial.<\/p>\n\n\n\n<p>Ainda que a aten\u00e7\u00e3o esteja cada vez mais dividida entre outras redes, o alcance massivo e o perfil do p\u00fablico mant\u00eam o Facebook entre as plataformas mais relevantes do pa\u00eds.<\/p>\n\n\n\n<h2 class=\"wp-block-heading\" id=\"h-principais-usos-do-facebook-no-brasil-em-2025\">Principais usos do Facebook no Brasil em 2025<\/h2>\n\n\n\n<p>O Facebook no Brasil continua em alta, pois ele \u00e9 muito utilizado em algumas atividades e grupos espec\u00edficos. Abaixo separamos os principais:<\/p>\n\n\n\n<h3 class=\"wp-block-heading\" id=\"h-1-para-o-consumo-de-noticias\">1. Para o consumo de not\u00edcias<\/h3>\n\n\n\n<p>Apesar da concorr\u00eancia com outras redes, o Facebook ainda \u00e9 um dos canais mais usados para acompanhar conte\u00fados informativos, especialmente de portais de m\u00eddia, influenciadores e p\u00e1ginas de nicho.<\/p>\n\n\n\n<h3 class=\"wp-block-heading\" id=\"h-2-na-formacao-de-grupos-e-comunidades-tematicas\">2. Na forma\u00e7\u00e3o de grupos e comunidades tem\u00e1ticas<\/h3>\n\n\n\n<p><strong>Grupos de Facebook<\/strong> seguem extremamente ativos no Brasil, reunindo pessoas em torno de interesses comuns<\/p>\n\n\n\n<p>Os grupos v\u00e3o desde comunidades locais e profissionais at\u00e9 hobbies espec\u00edficos, como culin\u00e1ria, jardinagem, pets ou itens colecion\u00e1veis.<\/p>\n\n\n\n<p><em><strong>- Lea tambi\u00e9n: <\/strong><a href=\"https:\/\/www.edialog.com.br\/es\/5-maneiras-de-usar-os-grupos-no-facebook-para-a-sua-empresa\/\">5 maneiras de usar os grupos no Facebook para a sua empresa<\/a><\/em><\/p>\n\n\n\n<h3 class=\"wp-block-heading\" id=\"h-3-para-atendimento-ao-cliente-via-messenger\">3. Para atendimento ao cliente via Messenger<\/h3>\n\n\n\n<p>Muitas empresas mant\u00eam canais abertos pelo Messenger, que continua sendo uma ferramenta muito \u00fatil para atendimento r\u00e1pido, envio de mensagens autom\u00e1ticas e suporte ao consumidor.<\/p>\n\n\n\n<h3 class=\"wp-block-heading\" id=\"h-4-para-divulgacao-de-marcas-e-produtos-especialmente-em-campanhas-regionais\">4. Para divulga\u00e7\u00e3o de marcas e produtos, especialmente em campanhas regionais<\/h3>\n\n\n\n<p>A capacidade de segmenta\u00e7\u00e3o geogr\u00e1fica do Facebook Ads ainda faz da plataforma uma escolha eficiente para a\u00e7\u00f5es locais, promo\u00e7\u00f5es e fortalecimento de marcas em regi\u00f5es espec\u00edficas.<\/p>\n\n\n\n<p><em><strong>- Lea tambi\u00e9n: <\/strong><a href=\"https:\/\/www.edialog.com.br\/es\/leads-ads-no-facebook\/\">Leads Ads en Facebook: qu\u00e9 es, c\u00f3mo crearlo y consejos para campa\u00f1as efectivas<\/a><\/em><\/p>\n\n\n\n<h3 class=\"wp-block-heading\" id=\"h-5-para-aqueles-com-habitos-de-navegacao-mais-estaveis\">5. Para aqueles com h\u00e1bitos de navega\u00e7\u00e3o mais est\u00e1veis<\/h3>\n\n\n\n<p>Al\u00e9m disso, o Facebook segue relevante para p\u00fablicos mais maduros, que mant\u00eam h\u00e1bitos de navega\u00e7\u00e3o mais est\u00e1veis e est\u00e3o acostumados com a interface da plataforma, que costuma apresentar poucas modifica\u00e7\u00f5es anuais.<\/p>\n\n\n\n<h2 class=\"wp-block-heading\" id=\"h-o-facebook-segue-relevante-e-estrategico\">O Facebook segue relevante e estrat\u00e9gico<\/h2>\n\n\n\n<p>Diante dos dados apresentados, fica claro que o Facebook est\u00e1 longe de acabar. Mesmo com a ascens\u00e3o de novas redes sociais, ele continua sendo uma plataforma com <strong>alcance massivo<\/strong>, <strong>alta taxa de penetra\u00e7\u00e3o no Brasil<\/strong> e <strong>diversidade de usos<\/strong>, tanto para usu\u00e1rios quanto para empresas.<\/p>\n\n\n\n<p>Na E-Dialog, acompanhamos de perto essa evolu\u00e7\u00e3o e <strong>seguimos utilizando o Facebook como pe\u00e7a-chave nas estrat\u00e9gias de redes sociais<\/strong> de alguns dos nossos clientes. <\/p>\n\n\n\n<p>Seja para a\u00e7\u00f5es de tr\u00e1fego pago, constru\u00e7\u00e3o de autoridade, gest\u00e3o de comunidades ou <a href=\"https:\/\/www.edialog.com.br\/es\/campanha-nas-redes-sociais\/\">campanhas regionais na rede<\/a>, o Facebook continua sendo um canal estrat\u00e9gico \u2014 especialmente para marcas que desejam manter presen\u00e7a digital s\u00f3lida e resultados consistentes.<\/p>\n\n\n\n<p>Se voc\u00ea est\u00e1 procurando uma ag\u00eancia com equipe <a href=\"https:\/\/www.edialog.com.br\/es\/gestao-de-redes-sociais\/\">especializada na gest\u00e3o de redes sociais<\/a> e gest\u00e3o profissional do Facebook, entre em contato com a E-Dialog. Vamos montar uma estrat\u00e9gia sob medida para sua marca, com foco em performance, relev\u00e2ncia e conex\u00e3o com seu p\u00fablico!<\/p>\n\n\n\n<p><em><strong>- Lea tambi\u00e9n:<\/strong> <a href=\"https:\/\/www.edialog.com.br\/es\/relatorios-de-facebook-modelo-e-template\/\">Relat\u00f3rio de Facebook: por que fazer, dados importantes e principais ferramentas<\/a><\/em><\/p>\n\n\n\n<div role=\"main\" id=\"formulario-blog-analise-gratuita-16dd12bc38d3b6ec9adf\"><\/div><script type=\"text\/javascript\" src=\"https:\/\/d335luupugsy2.cloudfront.net\/js\/rdstation-forms\/stable\/rdstation-forms.min.js\"><\/script><script type=\"text\/javascript\"> new RDStationForms('formulario-blog-analise-gratuita-16dd12bc38d3b6ec9adf', 'UA-18699224-1').createForm();<\/script>","protected":false},"excerpt":{"rendered":"<p>No artigo de hoje, vamos mostrar os principais dados do Facebook no Brasil e por que essa rede ainda merece aten\u00e7\u00e3o. Confira! O Facebook est\u00e1 acabando? Antes de falarmos sobre o Facebook no Brasil, vamos falar sobre sua situa\u00e7\u00e3o global. Afinal, o Facebook vai acabar? Nos \u00faltimos anos, muito se fala sobre a queda de [&hellip;]<\/p>\n","protected":false},"author":1,"featured_media":228876,"comment_status":"open","ping_status":"open","sticky":false,"template":"","format":"standard","meta":{"_acf_changed":false,"content-type":"","footnotes":""},"categories":[8],"tags":[85,537],"class_list":["post-3358","post","type-post","status-publish","format-standard","has-post-thumbnail","hentry","category-midia-social","tag-brasil","tag-facebook"],"acf":[],"yoast_head":"<!-- This site is optimized with the Yoast SEO Premium plugin v27.3 (Yoast SEO v27.3) - https:\/\/yoast.com\/product\/yoast-seo-premium-wordpress\/ -->\n<title>Facebook no Brasil: principais dados e tend\u00eancias atuais<\/title>\n<meta name=\"description\" content=\"Acha que o Facebook no Brasil est\u00e1 com os dias contados? Os dados mostram que n\u00e3o. Confira aqui as estat\u00edsticas e tendencias da rede no pa\u00eds!\" \/>\n<meta name=\"robots\" content=\"index, follow, max-snippet:-1, max-image-preview:large, max-video-preview:-1\" \/>\n<link rel=\"canonical\" href=\"https:\/\/www.edialog.com.br\/es\/facebook-no-brasil\/\" \/>\n<meta property=\"og:locale\" content=\"es_ES\" \/>\n<meta property=\"og:type\" content=\"article\" \/>\n<meta property=\"og:title\" content=\"Facebook no Brasil: principais dados e tend\u00eancias atuais\" \/>\n<meta property=\"og:description\" content=\"Acha que o Facebook no Brasil est\u00e1 com os dias contados? Os dados mostram que n\u00e3o. Confira aqui as estat\u00edsticas e tendencias da rede no pa\u00eds!\" \/>\n<meta property=\"og:url\" content=\"https:\/\/www.edialog.com.br\/es\/facebook-no-brasil\/\" \/>\n<meta property=\"og:site_name\" content=\"Ag\u00eancia de Inbound Marketing | E-Dialog\" \/>\n<meta property=\"article:publisher\" content=\"https:\/\/facebook.com\/edialogcomunicacao\" \/>\n<meta property=\"article:author\" content=\"http:\/\/facebook.com\/renancaixeiro\" \/>\n<meta property=\"article:published_time\" content=\"2025-04-06T23:19:29+00:00\" \/>\n<meta property=\"article:modified_time\" content=\"2025-05-11T01:32:14+00:00\" \/>\n<meta property=\"og:image\" content=\"https:\/\/www.edialog.com.br\/wp-content\/uploads\/2025\/04\/facebook-no-brasil-scaled.webp\" \/>\n\t<meta property=\"og:image:width\" content=\"2560\" \/>\n\t<meta property=\"og:image:height\" content=\"1600\" \/>\n\t<meta property=\"og:image:type\" content=\"image\/webp\" \/>\n<meta name=\"author\" content=\"Renan Caixeiro\" \/>\n<meta name=\"twitter:label1\" content=\"Escrito por\" \/>\n\t<meta name=\"twitter:data1\" content=\"Renan Caixeiro\" \/>\n\t<meta name=\"twitter:label2\" content=\"Tiempo de lectura\" \/>\n\t<meta name=\"twitter:data2\" content=\"6 minutos\" \/>\n<script type=\"application\/ld+json\" class=\"yoast-schema-graph\">{\"@context\":\"https:\\\/\\\/schema.org\",\"@graph\":[{\"@type\":[\"Article\",\"BlogPosting\"],\"@id\":\"https:\\\/\\\/www.edialog.com.br\\\/facebook-no-brasil\\\/#article\",\"isPartOf\":{\"@id\":\"https:\\\/\\\/www.edialog.com.br\\\/facebook-no-brasil\\\/\"},\"author\":{\"name\":\"Renan Caixeiro\",\"@id\":\"https:\\\/\\\/www.edialog.com.br\\\/#\\\/schema\\\/person\\\/7f509934e54fd30b9d2d02cf51b60966\"},\"headline\":\"Facebook no Brasil: principais dados e tend\u00eancias atuais\",\"datePublished\":\"2025-04-06T23:19:29+00:00\",\"dateModified\":\"2025-05-11T01:32:14+00:00\",\"mainEntityOfPage\":{\"@id\":\"https:\\\/\\\/www.edialog.com.br\\\/facebook-no-brasil\\\/\"},\"wordCount\":1049,\"commentCount\":1,\"publisher\":{\"@id\":\"https:\\\/\\\/www.edialog.com.br\\\/#organization\"},\"image\":{\"@id\":\"https:\\\/\\\/www.edialog.com.br\\\/facebook-no-brasil\\\/#primaryimage\"},\"thumbnailUrl\":\"https:\\\/\\\/www.edialog.com.br\\\/wp-content\\\/uploads\\\/2025\\\/04\\\/facebook-no-brasil-scaled.webp\",\"keywords\":[\"brasil\",\"Facebook\"],\"articleSection\":[\"M\u00eddia Social\"],\"inLanguage\":\"es\",\"potentialAction\":[{\"@type\":\"CommentAction\",\"name\":\"Comment\",\"target\":[\"https:\\\/\\\/www.edialog.com.br\\\/facebook-no-brasil\\\/#respond\"]}]},{\"@type\":\"WebPage\",\"@id\":\"https:\\\/\\\/www.edialog.com.br\\\/facebook-no-brasil\\\/\",\"url\":\"https:\\\/\\\/www.edialog.com.br\\\/facebook-no-brasil\\\/\",\"name\":\"Facebook no Brasil: principais dados e tend\u00eancias atuais\",\"isPartOf\":{\"@id\":\"https:\\\/\\\/www.edialog.com.br\\\/#website\"},\"primaryImageOfPage\":{\"@id\":\"https:\\\/\\\/www.edialog.com.br\\\/facebook-no-brasil\\\/#primaryimage\"},\"image\":{\"@id\":\"https:\\\/\\\/www.edialog.com.br\\\/facebook-no-brasil\\\/#primaryimage\"},\"thumbnailUrl\":\"https:\\\/\\\/www.edialog.com.br\\\/wp-content\\\/uploads\\\/2025\\\/04\\\/facebook-no-brasil-scaled.webp\",\"datePublished\":\"2025-04-06T23:19:29+00:00\",\"dateModified\":\"2025-05-11T01:32:14+00:00\",\"description\":\"Acha que o Facebook no Brasil est\u00e1 com os dias contados? Os dados mostram que n\u00e3o. Confira aqui as estat\u00edsticas e tendencias da rede no pa\u00eds!\",\"breadcrumb\":{\"@id\":\"https:\\\/\\\/www.edialog.com.br\\\/facebook-no-brasil\\\/#breadcrumb\"},\"inLanguage\":\"es\",\"potentialAction\":[{\"@type\":\"ReadAction\",\"target\":[\"https:\\\/\\\/www.edialog.com.br\\\/facebook-no-brasil\\\/\"]}]},{\"@type\":\"ImageObject\",\"inLanguage\":\"es\",\"@id\":\"https:\\\/\\\/www.edialog.com.br\\\/facebook-no-brasil\\\/#primaryimage\",\"url\":\"https:\\\/\\\/www.edialog.com.br\\\/wp-content\\\/uploads\\\/2025\\\/04\\\/facebook-no-brasil-scaled.webp\",\"contentUrl\":\"https:\\\/\\\/www.edialog.com.br\\\/wp-content\\\/uploads\\\/2025\\\/04\\\/facebook-no-brasil-scaled.webp\",\"width\":2560,\"height\":1600,\"caption\":\"Facebook no Brasil: principais dados e tend\u00eancias atuais\"},{\"@type\":\"BreadcrumbList\",\"@id\":\"https:\\\/\\\/www.edialog.com.br\\\/facebook-no-brasil\\\/#breadcrumb\",\"itemListElement\":[{\"@type\":\"ListItem\",\"position\":1,\"name\":\"Home\",\"item\":\"https:\\\/\\\/www.edialog.com.br\\\/\"},{\"@type\":\"ListItem\",\"position\":2,\"name\":\"M\u00eddia Social\",\"item\":\"https:\\\/\\\/www.edialog.com.br\\\/category\\\/midia-social\\\/\"},{\"@type\":\"ListItem\",\"position\":3,\"name\":\"Facebook no Brasil: principais dados e tend\u00eancias atuais\"}]},{\"@type\":\"WebSite\",\"@id\":\"https:\\\/\\\/www.edialog.com.br\\\/#website\",\"url\":\"https:\\\/\\\/www.edialog.com.br\\\/\",\"name\":\"Ag\u00eancia de Inbound Marketing | E-Dialog\",\"description\":\"Ag\u00eancia de Inbound Marketing premiada com solu\u00e7\u00f5es completas para o seu neg\u00f3cio. Atraia leads, com conte\u00fados \u00fanicos e envolventes. Solicite or\u00e7amento!\",\"publisher\":{\"@id\":\"https:\\\/\\\/www.edialog.com.br\\\/#organization\"},\"potentialAction\":[{\"@type\":\"SearchAction\",\"target\":{\"@type\":\"EntryPoint\",\"urlTemplate\":\"https:\\\/\\\/www.edialog.com.br\\\/?s={search_term_string}\"},\"query-input\":{\"@type\":\"PropertyValueSpecification\",\"valueRequired\":true,\"valueName\":\"search_term_string\"}}],\"inLanguage\":\"es\"},{\"@type\":\"Organization\",\"@id\":\"https:\\\/\\\/www.edialog.com.br\\\/#organization\",\"name\":\"Ag\u00eancia de M\u00eddias Sociais e Marketing Digital | E-Dialog\",\"url\":\"https:\\\/\\\/www.edialog.com.br\\\/\",\"logo\":{\"@type\":\"ImageObject\",\"inLanguage\":\"es\",\"@id\":\"https:\\\/\\\/www.edialog.com.br\\\/#\\\/schema\\\/logo\\\/image\\\/\",\"url\":\"https:\\\/\\\/www.edialog.com.br\\\/wp-content\\\/uploads\\\/2021\\\/09\\\/edialog-logo-case.png\",\"contentUrl\":\"https:\\\/\\\/www.edialog.com.br\\\/wp-content\\\/uploads\\\/2021\\\/09\\\/edialog-logo-case.png\",\"width\":810,\"height\":450,\"caption\":\"Ag\u00eancia de M\u00eddias Sociais e Marketing Digital | E-Dialog\"},\"image\":{\"@id\":\"https:\\\/\\\/www.edialog.com.br\\\/#\\\/schema\\\/logo\\\/image\\\/\"},\"sameAs\":[\"https:\\\/\\\/facebook.com\\\/edialogcomunicacao\",\"https:\\\/\\\/x.com\\\/edialog_br\",\"https:\\\/\\\/www.instagram.com\\\/edialog_br\",\"https:\\\/\\\/www.linkedin.com\\\/company\\\/e-dialog-comunica-o-digital\",\"https:\\\/\\\/www.youtube.com\\\/channel\\\/UCPiVQ_yVlcCqWS2sRzJZj7g\"]},{\"@type\":\"Person\",\"@id\":\"https:\\\/\\\/www.edialog.com.br\\\/#\\\/schema\\\/person\\\/7f509934e54fd30b9d2d02cf51b60966\",\"name\":\"Renan Caixeiro\",\"image\":{\"@type\":\"ImageObject\",\"inLanguage\":\"es\",\"@id\":\"https:\\\/\\\/www.edialog.com.br\\\/wp-content\\\/uploads\\\/2023\\\/11\\\/renan-caixeiro-150x150.jpg\",\"url\":\"https:\\\/\\\/www.edialog.com.br\\\/wp-content\\\/uploads\\\/2023\\\/11\\\/renan-caixeiro-150x150.jpg\",\"contentUrl\":\"https:\\\/\\\/www.edialog.com.br\\\/wp-content\\\/uploads\\\/2023\\\/11\\\/renan-caixeiro-150x150.jpg\",\"caption\":\"Renan Caixeiro\"},\"description\":\"S\u00f3cio Diretor na E-Dialog, \u00e9 graduado em Jornalismo e p\u00f3s-graduado em Comunica\u00e7\u00e3o Corporativa, ambos pela UFJF. Est\u00e1 \u00e0 frente do Reportei, SaaS de relat\u00f3rios e dashboards, \u00e9 host do Projeto SaaS, podcast que compartilha experi\u00eancias do universo de software as a service, e s\u00f3cio da Aquela Caixa, comunidade para profissionais de cria\u00e7\u00e3o. Torcedor do Vasco, tem como meta comprar o Gigante da Colina. LinkedIn: @renancaixeiro \\\/ Instagram: @renancaixeiro.\",\"sameAs\":[\"http:\\\/\\\/facebook.com\\\/renancaixeiro\",\"https:\\\/\\\/www.instagram.com\\\/renancaixeiro\\\/\",\"https:\\\/\\\/br.linkedin.com\\\/in\\\/renancaixeiro\\\/pt\",\"https:\\\/\\\/x.com\\\/renancaixeiro\"],\"url\":\"https:\\\/\\\/www.edialog.com.br\\\/es\\\/author\\\/renancaixeiro\\\/\"}]}<\/script>\n<!-- \/ Yoast SEO Premium plugin. -->","yoast_head_json":{"title":"Facebook en Brasil: datos clave y tendencias actuales","description":"Acha que o Facebook no Brasil est\u00e1 com os dias contados? Os dados mostram que n\u00e3o. Confira aqui as estat\u00edsticas e tendencias da rede no pa\u00eds!","robots":{"index":"index","follow":"follow","max-snippet":"max-snippet:-1","max-image-preview":"max-image-preview:large","max-video-preview":"max-video-preview:-1"},"canonical":"https:\/\/www.edialog.com.br\/es\/facebook-no-brasil\/","og_locale":"es_ES","og_type":"article","og_title":"Facebook no Brasil: principais dados e tend\u00eancias atuais","og_description":"Acha que o Facebook no Brasil est\u00e1 com os dias contados? Os dados mostram que n\u00e3o. Confira aqui as estat\u00edsticas e tendencias da rede no pa\u00eds!","og_url":"https:\/\/www.edialog.com.br\/es\/facebook-no-brasil\/","og_site_name":"Ag\u00eancia de Inbound Marketing | E-Dialog","article_publisher":"https:\/\/facebook.com\/edialogcomunicacao","article_author":"http:\/\/facebook.com\/renancaixeiro","article_published_time":"2025-04-06T23:19:29+00:00","article_modified_time":"2025-05-11T01:32:14+00:00","og_image":[{"width":2560,"height":1600,"url":"https:\/\/www.edialog.com.br\/wp-content\/uploads\/2025\/04\/facebook-no-brasil-scaled.webp","type":"image\/webp"}],"author":"Renan Caixeiro","twitter_misc":{"Escrito por":"Renan Caixeiro","Tiempo de lectura":"6 minutos"},"schema":{"@context":"https:\/\/schema.org","@graph":[{"@type":["Article","BlogPosting"],"@id":"https:\/\/www.edialog.com.br\/facebook-no-brasil\/#article","isPartOf":{"@id":"https:\/\/www.edialog.com.br\/facebook-no-brasil\/"},"author":{"name":"Renan Caixeiro","@id":"https:\/\/www.edialog.com.br\/#\/schema\/person\/7f509934e54fd30b9d2d02cf51b60966"},"headline":"Facebook no Brasil: principais dados e tend\u00eancias atuais","datePublished":"2025-04-06T23:19:29+00:00","dateModified":"2025-05-11T01:32:14+00:00","mainEntityOfPage":{"@id":"https:\/\/www.edialog.com.br\/facebook-no-brasil\/"},"wordCount":1049,"commentCount":1,"publisher":{"@id":"https:\/\/www.edialog.com.br\/#organization"},"image":{"@id":"https:\/\/www.edialog.com.br\/facebook-no-brasil\/#primaryimage"},"thumbnailUrl":"https:\/\/www.edialog.com.br\/wp-content\/uploads\/2025\/04\/facebook-no-brasil-scaled.webp","keywords":["brasil","Facebook"],"articleSection":["M\u00eddia Social"],"inLanguage":"es","potentialAction":[{"@type":"CommentAction","name":"Comment","target":["https:\/\/www.edialog.com.br\/facebook-no-brasil\/#respond"]}]},{"@type":"WebPage","@id":"https:\/\/www.edialog.com.br\/facebook-no-brasil\/","url":"https:\/\/www.edialog.com.br\/facebook-no-brasil\/","name":"Facebook en Brasil: datos clave y tendencias actuales","isPartOf":{"@id":"https:\/\/www.edialog.com.br\/#website"},"primaryImageOfPage":{"@id":"https:\/\/www.edialog.com.br\/facebook-no-brasil\/#primaryimage"},"image":{"@id":"https:\/\/www.edialog.com.br\/facebook-no-brasil\/#primaryimage"},"thumbnailUrl":"https:\/\/www.edialog.com.br\/wp-content\/uploads\/2025\/04\/facebook-no-brasil-scaled.webp","datePublished":"2025-04-06T23:19:29+00:00","dateModified":"2025-05-11T01:32:14+00:00","description":"Acha que o Facebook no Brasil est\u00e1 com os dias contados? Os dados mostram que n\u00e3o. Confira aqui as estat\u00edsticas e tendencias da rede no pa\u00eds!","breadcrumb":{"@id":"https:\/\/www.edialog.com.br\/facebook-no-brasil\/#breadcrumb"},"inLanguage":"es","potentialAction":[{"@type":"ReadAction","target":["https:\/\/www.edialog.com.br\/facebook-no-brasil\/"]}]},{"@type":"ImageObject","inLanguage":"es","@id":"https:\/\/www.edialog.com.br\/facebook-no-brasil\/#primaryimage","url":"https:\/\/www.edialog.com.br\/wp-content\/uploads\/2025\/04\/facebook-no-brasil-scaled.webp","contentUrl":"https:\/\/www.edialog.com.br\/wp-content\/uploads\/2025\/04\/facebook-no-brasil-scaled.webp","width":2560,"height":1600,"caption":"Facebook no Brasil: principais dados e tend\u00eancias atuais"},{"@type":"BreadcrumbList","@id":"https:\/\/www.edialog.com.br\/facebook-no-brasil\/#breadcrumb","itemListElement":[{"@type":"ListItem","position":1,"name":"Home","item":"https:\/\/www.edialog.com.br\/"},{"@type":"ListItem","position":2,"name":"M\u00eddia Social","item":"https:\/\/www.edialog.com.br\/category\/midia-social\/"},{"@type":"ListItem","position":3,"name":"Facebook no Brasil: principais dados e tend\u00eancias atuais"}]},{"@type":"WebSite","@id":"https:\/\/www.edialog.com.br\/#website","url":"https:\/\/www.edialog.com.br\/","name":"Agencia de marketing entrante | E-Dialog","description":"Ag\u00eancia de Inbound Marketing premiada com solu\u00e7\u00f5es completas para o seu neg\u00f3cio. Atraia leads, com conte\u00fados \u00fanicos e envolventes. Solicite or\u00e7amento!","publisher":{"@id":"https:\/\/www.edialog.com.br\/#organization"},"potentialAction":[{"@type":"SearchAction","target":{"@type":"EntryPoint","urlTemplate":"https:\/\/www.edialog.com.br\/?s={search_term_string}"},"query-input":{"@type":"PropertyValueSpecification","valueRequired":true,"valueName":"search_term_string"}}],"inLanguage":"es"},{"@type":"Organization","@id":"https:\/\/www.edialog.com.br\/#organization","name":"Ag\u00eancia de M\u00eddias Sociais e Marketing Digital | E-Dialog","url":"https:\/\/www.edialog.com.br\/","logo":{"@type":"ImageObject","inLanguage":"es","@id":"https:\/\/www.edialog.com.br\/#\/schema\/logo\/image\/","url":"https:\/\/www.edialog.com.br\/wp-content\/uploads\/2021\/09\/edialog-logo-case.png","contentUrl":"https:\/\/www.edialog.com.br\/wp-content\/uploads\/2021\/09\/edialog-logo-case.png","width":810,"height":450,"caption":"Ag\u00eancia de M\u00eddias Sociais e Marketing Digital | E-Dialog"},"image":{"@id":"https:\/\/www.edialog.com.br\/#\/schema\/logo\/image\/"},"sameAs":["https:\/\/facebook.com\/edialogcomunicacao","https:\/\/x.com\/edialog_br","https:\/\/www.instagram.com\/edialog_br","https:\/\/www.linkedin.com\/company\/e-dialog-comunica-o-digital","https:\/\/www.youtube.com\/channel\/UCPiVQ_yVlcCqWS2sRzJZj7g"]},{"@type":"Person","@id":"https:\/\/www.edialog.com.br\/#\/schema\/person\/7f509934e54fd30b9d2d02cf51b60966","name":"Renan Caixeiro","image":{"@type":"ImageObject","inLanguage":"es","@id":"https:\/\/www.edialog.com.br\/wp-content\/uploads\/2023\/11\/renan-caixeiro-150x150.jpg","url":"https:\/\/www.edialog.com.br\/wp-content\/uploads\/2023\/11\/renan-caixeiro-150x150.jpg","contentUrl":"https:\/\/www.edialog.com.br\/wp-content\/uploads\/2023\/11\/renan-caixeiro-150x150.jpg","caption":"Renan Caixeiro"},"description":"S\u00f3cio Diretor na E-Dialog, \u00e9 graduado em Jornalismo e p\u00f3s-graduado em Comunica\u00e7\u00e3o Corporativa, ambos pela UFJF. Est\u00e1 \u00e0 frente do Reportei, SaaS de relat\u00f3rios e dashboards, \u00e9 host do Projeto SaaS, podcast que compartilha experi\u00eancias do universo de software as a service, e s\u00f3cio da Aquela Caixa, comunidade para profissionais de cria\u00e7\u00e3o. Torcedor do Vasco, tem como meta comprar o Gigante da Colina. LinkedIn: @renancaixeiro \/ Instagram: @renancaixeiro.","sameAs":["http:\/\/facebook.com\/renancaixeiro","https:\/\/www.instagram.com\/renancaixeiro\/","https:\/\/br.linkedin.com\/in\/renancaixeiro\/pt","https:\/\/x.com\/renancaixeiro"],"url":"https:\/\/www.edialog.com.br\/es\/author\/renancaixeiro\/"}]}},"_links":{"self":[{"href":"https:\/\/www.edialog.com.br\/es\/wp-json\/wp\/v2\/posts\/3358","targetHints":{"allow":["GET"]}}],"collection":[{"href":"https:\/\/www.edialog.com.br\/es\/wp-json\/wp\/v2\/posts"}],"about":[{"href":"https:\/\/www.edialog.com.br\/es\/wp-json\/wp\/v2\/types\/post"}],"author":[{"embeddable":true,"href":"https:\/\/www.edialog.com.br\/es\/wp-json\/wp\/v2\/users\/1"}],"replies":[{"embeddable":true,"href":"https:\/\/www.edialog.com.br\/es\/wp-json\/wp\/v2\/comments?post=3358"}],"version-history":[{"count":5,"href":"https:\/\/www.edialog.com.br\/es\/wp-json\/wp\/v2\/posts\/3358\/revisions"}],"predecessor-version":[{"id":229203,"href":"https:\/\/www.edialog.com.br\/es\/wp-json\/wp\/v2\/posts\/3358\/revisions\/229203"}],"wp:featuredmedia":[{"embeddable":true,"href":"https:\/\/www.edialog.com.br\/es\/wp-json\/wp\/v2\/media\/228876"}],"wp:attachment":[{"href":"https:\/\/www.edialog.com.br\/es\/wp-json\/wp\/v2\/media?parent=3358"}],"wp:term":[{"taxonomy":"category","embeddable":true,"href":"https:\/\/www.edialog.com.br\/es\/wp-json\/wp\/v2\/categories?post=3358"},{"taxonomy":"post_tag","embeddable":true,"href":"https:\/\/www.edialog.com.br\/es\/wp-json\/wp\/v2\/tags?post=3358"}],"curies":[{"name":"wp","href":"https:\/\/api.w.org\/{rel}","templated":true}]}}