{"id":26194,"date":"2024-06-18T15:59:46","date_gmt":"2024-06-18T18:59:46","guid":{"rendered":"https:\/\/www.edialog.com.br\/?p=26194"},"modified":"2024-07-23T10:39:26","modified_gmt":"2024-07-23T13:39:26","slug":"preco-para-gestao-redes-sociais","status":"publish","type":"post","link":"https:\/\/www.edialog.com.br\/es\/preco-para-gestao-redes-sociais\/","title":{"rendered":"Pre\u00e7o para gest\u00e3o de redes sociais: existe um valor padr\u00e3o?"},"content":{"rendered":"<p>O objetivo deste artigo \u00e9 entender as possibilidades de se calcular o <strong>pre\u00e7o para&nbsp;gest\u00e3o de redes sociais<\/strong>. Uma d\u00favida comum de muitos profissionais de midia social e ag\u00eancias. <\/p>\n\n\n\n<p>Aqui na E-Dialog, voc\u00ea vai encontrar o pre\u00e7o de gest\u00e3o de redes sociais entre R$ 3500\/m\u00eas e R$ 6000\/m\u00eas (isso dependendo do escopo que deseja). Caso queira uma cota\u00e7\u00e3o personalizada, entre em contato pelo chat, whatsapp ou na nossa p\u00e1gina <a href=\"https:\/\/www.edialog.com.br\/es\/dialogo\/\">Vamos Dialogar?<\/a><\/p>\n\n\n\n<p>Apesar de cada ag\u00eancia ter sua maneira de precificar, desenvolvemos uma ferramenta pr\u00e1tica que faz uma simula\u00e7\u00e3o de quanto, em m\u00e9dia, investir. Por\u00e9m, \u00e9 importante ressaltarmos que o <a href=\"https:\/\/www.edialog.com.br\/es\/gestao-de-redes-sociais\/\">gesti\u00f3n de redes sociales<\/a> n\u00e3o \u00e9 um servi\u00e7o tabelado com um valor padr\u00e3o. Por isso, o guia que criamos com a ferramenta serve apenas como consulta.<\/p>\n\n\n\n<p><a href=\"https:\/\/www.edialog.com.br\/es\/calcular\/\" rel=\"nofollow\">Clique aqui para acessar a Calculadora de Pre\u00e7o para Gest\u00e3o de Redes Sociais da E-Dialog<\/a><\/p>\n\n\n\n<p>Continue a leitura e confira as informa\u00e7\u00f5es mais importantes sobre o assunto!<\/p>\n\n\n\n<h2 class=\"wp-block-heading\" id=\"h-como-funciona-a-calculadora-de-gestao-de-redes-sociais\">Como funciona a calculadora de gest\u00e3o de redes sociais?<\/h2>\n\n\n\n<p>A ferramenta funciona da seguinte forma: <strong>voc\u00ea responde a algumas perguntas e ao final recebe valores para gest\u00e3o de redes sociais m\u00e9dio<\/strong>, com possibilidade de agregar alguns servi\u00e7os.<\/p>\n\n\n\n<p>Portanto, esse n\u00famero \u00e9 apenas uma estimativa, mas que ajuda a responder a uma pergunta que diariamente recebemos na ag\u00eancia: &#8220;Quanto custa o servi\u00e7o de gest\u00e3o de redes sociais?&#8221;.<\/p>\n\n\n\n<figure class=\"wp-block-image size-large\"><img fetchpriority=\"high\" decoding=\"async\" width=\"1024\" height=\"536\" src=\"https:\/\/www.edialog.com.br\/wp-content\/uploads\/2019\/01\/preco-para-gestao-de-redes-sociais-1024x536.jpg\" alt=\"Pre\u00e7o para gest\u00e3o de redes sociais: existe um valor padr\u00e3o?\" class=\"wp-image-224774\" title=\"Pre\u00e7o para gest\u00e3o de redes sociais: existe um valor padr\u00e3o?\" srcset=\"https:\/\/www.edialog.com.br\/wp-content\/uploads\/2019\/01\/preco-para-gestao-de-redes-sociais-1024x536.jpg 1024w, https:\/\/www.edialog.com.br\/wp-content\/uploads\/2019\/01\/preco-para-gestao-de-redes-sociais-300x157.jpg 300w, https:\/\/www.edialog.com.br\/wp-content\/uploads\/2019\/01\/preco-para-gestao-de-redes-sociais-768x402.jpg 768w, https:\/\/www.edialog.com.br\/wp-content\/uploads\/2019\/01\/preco-para-gestao-de-redes-sociais.jpg 1200w\" sizes=\"(max-width: 1024px) 100vw, 1024px\" \/><\/figure>\n\n\n\n<h2 class=\"wp-block-heading\" id=\"h-por-que-criamos-uma-calculadora-de-preco-para-gerenciamento-de-redes-sociais\">Por que criamos uma calculadora de pre\u00e7o para gerenciamento de  redes sociais?<\/h2>\n\n\n\n<p>A calculadora de quanto cobrar por gest\u00e3o de redes sociais <strong>surgiu como uma necessidade dos pr\u00f3prios prestadores de servi\u00e7o<\/strong>. Com isso, criamos a ferramenta com este foco e distribu\u00edmos em grupos de profissionais de m\u00eddia social e ag\u00eancias.<\/p>\n\n\n\n<p>Em cerca de 2 semanas, j\u00e1 cont\u00e1vamos com mais de 5000 respostas (hoje j\u00e1 passaram de 10 mil), o que nos ajudou a criar um banco de dados nacional.<\/p>\n\n\n\n<p>Ent\u00e3o, \u00e0 medida em que os <a href=\"https:\/\/www.edialog.com.br\/es\/profesionales-del-marketing-digital\/\">profesionales del marketing digital<\/a> faziam as cota\u00e7\u00f5es, eles poderiam enviar o feedback para ajustarmos a ferramenta. De forma colaborativa, ela sofreu ajustes e est\u00e1 mais pr\u00f3xima da realidade das dezenas de milhares de empresas e prestadores de servi\u00e7o que gerenciam redes sociais.<\/p>\n\n\n\n<p>Al\u00e9m disso, um dos ajustes inclu\u00eddos \u00e9 que ela calcula tamb\u00e9m servi\u00e7os adicionais a m\u00eddias sociais como <a href=\"https:\/\/www.edialog.com.br\/es\/o-que-e-inbound-marketing\/\">Inbound Marketing<\/a>, <a href=\"https:\/\/www.edialog.com.br\/es\/otimizacao-de-sites-seo\/\">El posicionamiento SEO<\/a>, e-mail marketing e gest\u00e3o de Google Ads.<\/p>\n\n\n\n<h2 class=\"wp-block-heading\" id=\"h-quanto-custa-investir-em-midias-sociais\">Quanto custa investir em m\u00eddias sociais?<\/h2>\n\n\n\n<p>Na E-Dialog entendemos que <strong>investimento s\u00f3 vira custo se n\u00e3o tiver retorno real<\/strong>. Ent\u00e3o, m\u00eddias sociais e outros meios de trabalhar com <a href=\"https:\/\/www.edialog.com.br\/es\/o-que-e-marketing-digital\/\">marketing digital<\/a> definitivamente n\u00e3o podem ser encarados como &#8220;custos&#8221;.<\/p>\n\n\n\n<p>\u00c9 importante ressaltar essa quest\u00e3o, pois como a ferramenta n\u00e3o considera o ROI, ela n\u00e3o \u00e9 uma fonte 100% ideal para consultar o custo. O ideal \u00e9 definir um ROI aceit\u00e1vel e, a partir da\u00ed, calcular quanto do or\u00e7amento a empresa pode investir no digital (recomendamos come\u00e7ar com um ROI de 400%).<\/p>\n\n\n\n<figure class=\"wp-block-image size-full\"><img decoding=\"async\" width=\"1024\" height=\"683\" src=\"https:\/\/www.edialog.com.br\/wp-content\/uploads\/2024\/06\/valores-para-gestao-de-redes-sociais.jpg\" alt=\"Valores para gest\u00e3o de redes sociais: quais s\u00e3o?\" class=\"wp-image-224775\" title=\"Valores para gest\u00e3o de redes sociais: quais s\u00e3o?\" srcset=\"https:\/\/www.edialog.com.br\/wp-content\/uploads\/2024\/06\/valores-para-gestao-de-redes-sociais.jpg 1024w, https:\/\/www.edialog.com.br\/wp-content\/uploads\/2024\/06\/valores-para-gestao-de-redes-sociais-300x200.jpg 300w, https:\/\/www.edialog.com.br\/wp-content\/uploads\/2024\/06\/valores-para-gestao-de-redes-sociais-768x512.jpg 768w\" sizes=\"(max-width: 1024px) 100vw, 1024px\" \/><\/figure>\n\n\n\n<p>A metodologia desenvolvida pela ferramenta foi baseada nos seguintes fatores:<\/p>\n\n\n\n<h3 class=\"wp-block-heading\" id=\"h-1-redes-sociais-envolvidas\">1. Redes sociais envolvidas<\/h3>\n\n\n\n<p><strong>Quanto mais redes sociais, maior o custo do projeto<\/strong>. Ainda que o profissional v\u00e1 apenas replicar posts, ele precisa monitorar e utilizar ferramentas para aproveitar ao m\u00e1ximo as redes. <\/p>\n\n\n\n<p>Temos posts com algumas dicas sobre monitoramento, caso queira conhecer, indicamos o artigo &#8220;<a href=\"https:\/\/www.edialog.com.br\/es\/monitoramento-de-redes-sociais-qual-a-melhor-forma-de-fazer\/\"><em>Monitorizaci\u00f3n de redes sociales: \u00bfcu\u00e1l es la mejor manera de hacerlo?<\/em><\/a>&#8220;.<\/p>\n\n\n\n<h3 class=\"wp-block-heading\" id=\"h-2-volume-de-criacao\">2. Volume de cria\u00e7\u00e3o<\/h3>\n\n\n\n<p><strong>Quanto maior o volume, mais horas de trabalho, maior o custo de produ\u00e7\u00e3o<\/strong>. A metodologia aplicada \u00e0 ferramenta n\u00e3o considera um valor \u00fanico por post e, sim, uma grada\u00e7\u00e3o de acordo com o volume &#8211; ou seja, se for pedido um volume muito baixo ou muito alto, o impacto n\u00e3o ser\u00e1 proporcional.<\/p>\n\n\n\n<p>Ent\u00e3o, para fechar o seu valor, liste todas as atividades necess\u00e1rias para executar cada projeto. Isso inclui desde as primeiras etapas, em que s\u00e3o elaboradas propostas personalizadas, reuni\u00f5es de briefing, at\u00e9 a parte t\u00e9cnica, como a cria\u00e7\u00e3o ou otimiza\u00e7\u00e3o de p\u00e1ginas, elabora\u00e7\u00e3o de uma nova identidade visual, dentre outras tarefas.<\/p>\n\n\n\n<p>Neste custo, tamb\u00e9m \u00e9 importante considerar a contrata\u00e7\u00e3o de terceiros ou mesmo de ferramentas para o aux\u00edlio na gest\u00e3o de redes sociais. Isso porque quanto mais conte\u00fados, mais automa\u00e7\u00f5es de processos ser\u00e3o necess\u00e1rias.<\/p>\n\n\n\n<h3 class=\"wp-block-heading\" id=\"h-3-tamanho-do-mercado-da-empresa\">3. Tamanho do mercado da empresa<\/h3>\n\n\n\n<p>O ideal \u00e9 calcular <strong>o tamanho do p\u00fablico real daquela empresa<\/strong>. Para simplificar, optamos por colocar 3 n\u00edveis de p\u00fablico: cidade pequena, m\u00e9dia e grande.<\/p>\n\n\n\n<p>\u00c9 importante ressaltar que essa informa\u00e7\u00e3o n\u00e3o diz respeito aos habitantes da cidade onde voc\u00ea ou o cliente residem, mas sim onde est\u00e1 o p\u00fablico-alvo. Por exemplo, um laborat\u00f3rio de cosm\u00e9ticos pode estar localizado em uma cidade pequena, por\u00e9m a meta do marketing \u00e9 alcan\u00e7ar vendas para empresas de uma cidade grande. Nesse caso, a \u00faltima op\u00e7\u00e3o \u00e9 a que deve ser levada em considera\u00e7\u00e3o.<\/p>\n\n\n\n<p>Isso porque o <strong>custo de vida, a circula\u00e7\u00e3o financeira e outros fatores<\/strong> que integramos nesse campo precisam ser do local do qual os clientes realizar\u00e3o a compra.<\/p>\n\n\n\n<p><em><strong>- Lea tambi\u00e9n:<\/strong> <a href=\"https:\/\/www.edialog.com.br\/es\/exemplos-de-personas\/\">Vea 5 ejemplos de personas y aprenda a crear la suya propia.<\/a><\/em><\/p>\n\n\n\n<figure class=\"wp-block-image aligncenter\"><a href=\"https:\/\/materiais.edialog.com.br\/e-book-como-gerar-leads\"><img decoding=\"async\" width=\"1920\" height=\"500\" src=\"https:\/\/www.edialog.com.br\/wp-content\/uploads\/2018\/03\/007-Banner-1920500.png\" alt=\"Banner para guia com 10 iscas para aumentar a convers\u00e3o\" class=\"wp-image-215708\" title=\"10 se\u00f1uelos para aumentar la conversi\u00f3n\"\/><\/a><\/figure>\n\n\n\n<h3 class=\"wp-block-heading\" id=\"h-4-servicos-adicionais-o-que-foi-contratado-alem-da-gestao-de-redes-sociais\">4. Servi\u00e7os adicionais: o que foi contratado al\u00e9m da gest\u00e3o de redes sociais?<\/h3>\n\n\n\n<p>Inbound Marketing, SEO e Gest\u00e3o de Google Ads s\u00e3o servi\u00e7os comuns que ag\u00eancias e freelancers costumam agregar \u00e0 gest\u00e3o de redes. Apesar de o c\u00e1lculo para tais servi\u00e7os ser bastante diverso, colocamos&nbsp;um valor&nbsp;para ajudar a projetar um cen\u00e1rio de investimento.<\/p>\n\n\n\n<h3 class=\"wp-block-heading\" id=\"h-5-o-gerenciamento-sera-feito-por-freelancer-ou-agencia\">5. O gerenciamento ser\u00e1 feito por freelancer ou ag\u00eancia?<\/h3>\n\n\n\n<p>Ag\u00eancias envolvem uma estrutura mais profissional e com maior chance de trazer retorno positivo. O custo de investimento varia tamb\u00e9m em fun\u00e7\u00e3o disso.<\/p>\n\n\n\n<p>Quanto tempo de <strong>experi\u00eancia <\/strong>tem a ag\u00eancia ou freelancer contratado? Isso impacta diretamente no custo j\u00e1 que a experi\u00eancia pode ser um fator chave na entrega do resultado. Obviamente, n\u00e3o \u00e9 um fator decisivo, mas um iniciante dificilmente vai conseguir cobrar o mesmo que uma empresa estabelecida h\u00e1 anos no mercado.<\/p>\n\n\n\n<h2 class=\"wp-block-heading\" id=\"h-valor-x-preco-de-gestao-de-redes-sociais\">Valor x pre\u00e7o de gest\u00e3o de redes sociais<\/h2>\n\n\n\n<p>Uma quest\u00e3o importante para definir o pre\u00e7o do gerenciamento de redes sociais \u00e9 a diferen\u00e7a entre esse termo e o de valor. O <strong>valor est\u00e1 ligado \u00e0 qualidade do que voc\u00ea entrega<\/strong>, e deve ser o fator principal da precifica\u00e7\u00e3o.<\/p>\n\n\n\n<p>Voc\u00ea entrega o que promete? Essa \u00e9 uma reflex\u00e3o fundamental para que o cliente enxergue valor no seu trabalho. Para isso, \u00e9 interessante realizar uma an\u00e1lise detalhada e sincera sobre o feedback enviado. Al\u00e9m disso, \u00e9 importante ouvir tamb\u00e9m as pessoas que receberam a sua proposta, mas n\u00e3o adquiriram o servi\u00e7o ou produto.<\/p>\n\n\n\n<p>Tal pr\u00e1tica \u00e9 importante para que voc\u00ea possa ajustar o que \u00e9 oferecido aos clientes e, dessa forma, elas vejam o valor. Enquanto muitos pensam em encontrar pessoas para seus produtos, o correto \u00e9 fornecer produtos para pessoas. Ou seja, entender as reais dores dos consumidores e produzir solu\u00e7\u00f5es realmente eficazes para as mesmas.<\/p>\n\n\n\n<p>Quando o cliente enxerga o valor do que foi entregue, al\u00e9m de ficar satisfeito, mesmo que o seu pre\u00e7o seja alto, ele se tornar\u00e1 um promotor da marca. Ou seja, indicar\u00e1 outras pessoas para consumirem na sua empresa.<\/p>\n\n\n\n<p><em><strong>- Lea tambi\u00e9n: <\/strong><a href=\"https:\/\/www.edialog.com.br\/es\/comportamiento-del-consumidor\/\">Comportamento do consumidor: o que \u00e9, tipos, principais padr\u00f5es e import\u00e2ncia<\/a><\/em><\/p>\n\n\n\n<h2 class=\"wp-block-heading\" id=\"h-por-que-investir-no-gerenciamento-de-redes-sociais\">Por que investir no gerenciamento de redes sociais?<\/h2>\n\n\n\n<p>De acordo com pesquisa realizada pela&nbsp;<a href=\"https:\/\/www.emarketer.com\/\" target=\"_blank\" rel=\"noopener noreferrer\">eMarketer<\/a>&nbsp;em 2017:<\/p>\n\n\n\n<ul class=\"wp-block-list\">\n<li>No mundo todo, uma em cada tr\u00eas pessoas utilizaram alguma rede social;<\/li>\n\n\n\n<li>Isso representa que cerca de 2,48 bilh\u00f5es de pessoas fazem parte de uma \u2013 ou mais \u2013 m\u00eddia social;<\/li>\n<\/ul>\n\n\n\n<p>E no Brasil, os n\u00fameros mostram que as&nbsp;redes sociais est\u00e3o muito presentes na rotina das pessoas. No ranking de 2017 que relacionada o tempo que os internautas passam nesses sites, o Brasil ficou em segundo lugar, sendo desbancado apenas pela Filipinas.&nbsp;<strong>Em nosso pa\u00eds, os usu\u00e1rios passam em m\u00e9dia 3h45min online diariamente nas m\u00eddias sociais.<\/strong><\/p>\n\n\n\n<p>Al\u00e9m disso, as redes sociais fazem parte de muitas rela\u00e7\u00f5es, seja pessoais ou de trabalho. Ou seja, se a sua empresa ainda n\u00e3o investe nas redes sociais, esse \u00e9 o momento de entrar com tudo, e ainda alavancar as vendas.<\/p>\n\n\n\n<p><em><strong>- Lea tambi\u00e9n:<\/strong> <a href=\"https:\/\/www.edialog.com.br\/es\/redes-sociais-na-metodologia-inbound\/\">La importancia de las redes sociales en la metodolog\u00eda Inbound<\/a><\/em><\/p>\n\n\n\n<p>Ainda com d\u00favidas sobre o pre\u00e7o para gest\u00e3o de redes sociais? Fale com a <a href=\"https:\/\/www.edialog.com.br\/es\/\">Di\u00e1logo electr\u00f3nico<\/a>. Somos una <a href=\"https:\/\/www.edialog.com.br\/es\/agencia-de-inbound-marketing\/\">La agencia de Inbound Marketing<\/a> com mais de dez anos de experi\u00eancia no mercado e especialistas prontos para atender voc\u00ea!<\/p>\n\n\n\n<div role=\"main\" id=\"formulario-analise-gratuita-59ea2fcdf02782428b13\"><\/div><script type=\"text\/javascript\" src=\"https:\/\/d335luupugsy2.cloudfront.net\/js\/rdstation-forms\/stable\/rdstation-forms.min.js\"><\/script><script type=\"text\/javascript\"> new RDStationForms('formulario-analise-gratuita-59ea2fcdf02782428b13', 'UA-18699224-1').createForm();<\/script>","protected":false},"excerpt":{"rendered":"<p>O objetivo deste artigo \u00e9 entender as possibilidades de se calcular o pre\u00e7o para&nbsp;gest\u00e3o de redes sociais. Uma d\u00favida comum de muitos profissionais de midia social e ag\u00eancias. Aqui na E-Dialog, voc\u00ea vai encontrar o pre\u00e7o de gest\u00e3o de redes sociais entre R$ 3500\/m\u00eas e R$ 6000\/m\u00eas (isso dependendo do escopo que deseja). Caso queira [&hellip;]<\/p>\n","protected":false},"author":1,"featured_media":224774,"comment_status":"open","ping_status":"open","sticky":false,"template":"","format":"standard","meta":{"_acf_changed":false,"content-type":"","footnotes":""},"categories":[8],"tags":[547],"class_list":["post-26194","post","type-post","status-publish","format-standard","has-post-thumbnail","hentry","category-midia-social","tag-gestao-de-redes-sociais"],"acf":[],"yoast_head":"<!-- This site is optimized with the Yoast SEO Premium plugin v27.3 (Yoast SEO v27.3) - https:\/\/yoast.com\/product\/yoast-seo-premium-wordpress\/ -->\n<title>Pre\u00e7o para gest\u00e3o de redes sociais: existe um valor padr\u00e3o?<\/title>\n<meta name=\"description\" content=\"Existe um pre\u00e7o padr\u00e3o para gest\u00e3o de redes sociais? Criamos uma calculadora para ajudar a definir esses valores. Conhe\u00e7a!\" \/>\n<meta name=\"robots\" content=\"index, follow, max-snippet:-1, max-image-preview:large, max-video-preview:-1\" \/>\n<link rel=\"canonical\" href=\"https:\/\/www.edialog.com.br\/es\/preco-para-gestao-redes-sociais\/\" \/>\n<meta property=\"og:locale\" content=\"es_ES\" \/>\n<meta property=\"og:type\" content=\"article\" \/>\n<meta property=\"og:title\" content=\"Pre\u00e7o para gest\u00e3o de redes sociais: existe um valor padr\u00e3o?\" \/>\n<meta property=\"og:description\" content=\"Existe um pre\u00e7o padr\u00e3o para gest\u00e3o de redes sociais? Criamos uma calculadora para ajudar a definir esses valores. Conhe\u00e7a!\" \/>\n<meta property=\"og:url\" content=\"https:\/\/www.edialog.com.br\/es\/preco-para-gestao-redes-sociais\/\" \/>\n<meta property=\"og:site_name\" content=\"Ag\u00eancia de Inbound Marketing | E-Dialog\" \/>\n<meta property=\"article:publisher\" content=\"https:\/\/facebook.com\/edialogcomunicacao\" \/>\n<meta property=\"article:author\" content=\"http:\/\/facebook.com\/renancaixeiro\" \/>\n<meta property=\"article:published_time\" content=\"2024-06-18T18:59:46+00:00\" \/>\n<meta property=\"article:modified_time\" content=\"2024-07-23T13:39:26+00:00\" \/>\n<meta property=\"og:image\" content=\"https:\/\/www.edialog.com.br\/wp-content\/uploads\/2019\/01\/preco-para-gestao-de-redes-sociais.jpg\" \/>\n\t<meta property=\"og:image:width\" content=\"1200\" \/>\n\t<meta property=\"og:image:height\" content=\"628\" \/>\n\t<meta property=\"og:image:type\" content=\"image\/jpeg\" \/>\n<meta name=\"author\" content=\"Renan Caixeiro\" \/>\n<meta name=\"twitter:label1\" content=\"Escrito por\" \/>\n\t<meta name=\"twitter:data1\" content=\"Renan Caixeiro\" \/>\n\t<meta name=\"twitter:label2\" content=\"Tiempo de lectura\" \/>\n\t<meta name=\"twitter:data2\" content=\"9 minutos\" \/>\n<script type=\"application\/ld+json\" class=\"yoast-schema-graph\">{\"@context\":\"https:\\\/\\\/schema.org\",\"@graph\":[{\"@type\":[\"Article\",\"BlogPosting\"],\"@id\":\"https:\\\/\\\/www.edialog.com.br\\\/preco-para-gestao-redes-sociais\\\/#article\",\"isPartOf\":{\"@id\":\"https:\\\/\\\/www.edialog.com.br\\\/preco-para-gestao-redes-sociais\\\/\"},\"author\":{\"name\":\"Renan Caixeiro\",\"@id\":\"https:\\\/\\\/www.edialog.com.br\\\/#\\\/schema\\\/person\\\/7f509934e54fd30b9d2d02cf51b60966\"},\"headline\":\"Pre\u00e7o para gest\u00e3o de redes sociais: existe um valor padr\u00e3o?\",\"datePublished\":\"2024-06-18T18:59:46+00:00\",\"dateModified\":\"2024-07-23T13:39:26+00:00\",\"mainEntityOfPage\":{\"@id\":\"https:\\\/\\\/www.edialog.com.br\\\/preco-para-gestao-redes-sociais\\\/\"},\"wordCount\":1470,\"commentCount\":0,\"publisher\":{\"@id\":\"https:\\\/\\\/www.edialog.com.br\\\/#organization\"},\"image\":{\"@id\":\"https:\\\/\\\/www.edialog.com.br\\\/preco-para-gestao-redes-sociais\\\/#primaryimage\"},\"thumbnailUrl\":\"https:\\\/\\\/www.edialog.com.br\\\/wp-content\\\/uploads\\\/2019\\\/01\\\/preco-para-gestao-de-redes-sociais.jpg\",\"keywords\":[\"gest\u00e3o de redes sociais\"],\"articleSection\":[\"M\u00eddia Social\"],\"inLanguage\":\"es\",\"potentialAction\":[{\"@type\":\"CommentAction\",\"name\":\"Comment\",\"target\":[\"https:\\\/\\\/www.edialog.com.br\\\/preco-para-gestao-redes-sociais\\\/#respond\"]}]},{\"@type\":\"WebPage\",\"@id\":\"https:\\\/\\\/www.edialog.com.br\\\/preco-para-gestao-redes-sociais\\\/\",\"url\":\"https:\\\/\\\/www.edialog.com.br\\\/preco-para-gestao-redes-sociais\\\/\",\"name\":\"Pre\u00e7o para gest\u00e3o de redes sociais: existe um valor padr\u00e3o?\",\"isPartOf\":{\"@id\":\"https:\\\/\\\/www.edialog.com.br\\\/#website\"},\"primaryImageOfPage\":{\"@id\":\"https:\\\/\\\/www.edialog.com.br\\\/preco-para-gestao-redes-sociais\\\/#primaryimage\"},\"image\":{\"@id\":\"https:\\\/\\\/www.edialog.com.br\\\/preco-para-gestao-redes-sociais\\\/#primaryimage\"},\"thumbnailUrl\":\"https:\\\/\\\/www.edialog.com.br\\\/wp-content\\\/uploads\\\/2019\\\/01\\\/preco-para-gestao-de-redes-sociais.jpg\",\"datePublished\":\"2024-06-18T18:59:46+00:00\",\"dateModified\":\"2024-07-23T13:39:26+00:00\",\"description\":\"Existe um pre\u00e7o padr\u00e3o para gest\u00e3o de redes sociais? Criamos uma calculadora para ajudar a definir esses valores. Conhe\u00e7a!\",\"breadcrumb\":{\"@id\":\"https:\\\/\\\/www.edialog.com.br\\\/preco-para-gestao-redes-sociais\\\/#breadcrumb\"},\"inLanguage\":\"es\",\"potentialAction\":[{\"@type\":\"ReadAction\",\"target\":[\"https:\\\/\\\/www.edialog.com.br\\\/preco-para-gestao-redes-sociais\\\/\"]}]},{\"@type\":\"ImageObject\",\"inLanguage\":\"es\",\"@id\":\"https:\\\/\\\/www.edialog.com.br\\\/preco-para-gestao-redes-sociais\\\/#primaryimage\",\"url\":\"https:\\\/\\\/www.edialog.com.br\\\/wp-content\\\/uploads\\\/2019\\\/01\\\/preco-para-gestao-de-redes-sociais.jpg\",\"contentUrl\":\"https:\\\/\\\/www.edialog.com.br\\\/wp-content\\\/uploads\\\/2019\\\/01\\\/preco-para-gestao-de-redes-sociais.jpg\",\"width\":1200,\"height\":628,\"caption\":\"Pre\u00e7o para gest\u00e3o de redes sociais: existe um valor padr\u00e3o?\"},{\"@type\":\"BreadcrumbList\",\"@id\":\"https:\\\/\\\/www.edialog.com.br\\\/preco-para-gestao-redes-sociais\\\/#breadcrumb\",\"itemListElement\":[{\"@type\":\"ListItem\",\"position\":1,\"name\":\"Home\",\"item\":\"https:\\\/\\\/www.edialog.com.br\\\/\"},{\"@type\":\"ListItem\",\"position\":2,\"name\":\"M\u00eddia Social\",\"item\":\"https:\\\/\\\/www.edialog.com.br\\\/category\\\/midia-social\\\/\"},{\"@type\":\"ListItem\",\"position\":3,\"name\":\"Pre\u00e7o para gest\u00e3o de redes sociais: existe um valor padr\u00e3o?\"}]},{\"@type\":\"WebSite\",\"@id\":\"https:\\\/\\\/www.edialog.com.br\\\/#website\",\"url\":\"https:\\\/\\\/www.edialog.com.br\\\/\",\"name\":\"Ag\u00eancia de Inbound Marketing | E-Dialog\",\"description\":\"Ag\u00eancia de Inbound Marketing premiada com solu\u00e7\u00f5es completas para o seu neg\u00f3cio. Atraia leads, com conte\u00fados \u00fanicos e envolventes. Solicite or\u00e7amento!\",\"publisher\":{\"@id\":\"https:\\\/\\\/www.edialog.com.br\\\/#organization\"},\"potentialAction\":[{\"@type\":\"SearchAction\",\"target\":{\"@type\":\"EntryPoint\",\"urlTemplate\":\"https:\\\/\\\/www.edialog.com.br\\\/?s={search_term_string}\"},\"query-input\":{\"@type\":\"PropertyValueSpecification\",\"valueRequired\":true,\"valueName\":\"search_term_string\"}}],\"inLanguage\":\"es\"},{\"@type\":\"Organization\",\"@id\":\"https:\\\/\\\/www.edialog.com.br\\\/#organization\",\"name\":\"Ag\u00eancia de M\u00eddias Sociais e Marketing Digital | E-Dialog\",\"url\":\"https:\\\/\\\/www.edialog.com.br\\\/\",\"logo\":{\"@type\":\"ImageObject\",\"inLanguage\":\"es\",\"@id\":\"https:\\\/\\\/www.edialog.com.br\\\/#\\\/schema\\\/logo\\\/image\\\/\",\"url\":\"https:\\\/\\\/www.edialog.com.br\\\/wp-content\\\/uploads\\\/2021\\\/09\\\/edialog-logo-case.png\",\"contentUrl\":\"https:\\\/\\\/www.edialog.com.br\\\/wp-content\\\/uploads\\\/2021\\\/09\\\/edialog-logo-case.png\",\"width\":810,\"height\":450,\"caption\":\"Ag\u00eancia de M\u00eddias Sociais e Marketing Digital | E-Dialog\"},\"image\":{\"@id\":\"https:\\\/\\\/www.edialog.com.br\\\/#\\\/schema\\\/logo\\\/image\\\/\"},\"sameAs\":[\"https:\\\/\\\/facebook.com\\\/edialogcomunicacao\",\"https:\\\/\\\/x.com\\\/edialog_br\",\"https:\\\/\\\/www.instagram.com\\\/edialog_br\",\"https:\\\/\\\/www.linkedin.com\\\/company\\\/e-dialog-comunica-o-digital\",\"https:\\\/\\\/www.youtube.com\\\/channel\\\/UCPiVQ_yVlcCqWS2sRzJZj7g\"]},{\"@type\":\"Person\",\"@id\":\"https:\\\/\\\/www.edialog.com.br\\\/#\\\/schema\\\/person\\\/7f509934e54fd30b9d2d02cf51b60966\",\"name\":\"Renan Caixeiro\",\"image\":{\"@type\":\"ImageObject\",\"inLanguage\":\"es\",\"@id\":\"https:\\\/\\\/www.edialog.com.br\\\/wp-content\\\/uploads\\\/2023\\\/11\\\/renan-caixeiro-150x150.jpg\",\"url\":\"https:\\\/\\\/www.edialog.com.br\\\/wp-content\\\/uploads\\\/2023\\\/11\\\/renan-caixeiro-150x150.jpg\",\"contentUrl\":\"https:\\\/\\\/www.edialog.com.br\\\/wp-content\\\/uploads\\\/2023\\\/11\\\/renan-caixeiro-150x150.jpg\",\"caption\":\"Renan Caixeiro\"},\"description\":\"S\u00f3cio Diretor na E-Dialog, \u00e9 graduado em Jornalismo e p\u00f3s-graduado em Comunica\u00e7\u00e3o Corporativa, ambos pela UFJF. Est\u00e1 \u00e0 frente do Reportei, SaaS de relat\u00f3rios e dashboards, \u00e9 host do Projeto SaaS, podcast que compartilha experi\u00eancias do universo de software as a service, e s\u00f3cio da Aquela Caixa, comunidade para profissionais de cria\u00e7\u00e3o. Torcedor do Vasco, tem como meta comprar o Gigante da Colina. LinkedIn: @renancaixeiro \\\/ Instagram: @renancaixeiro.\",\"sameAs\":[\"http:\\\/\\\/facebook.com\\\/renancaixeiro\",\"https:\\\/\\\/www.instagram.com\\\/renancaixeiro\\\/\",\"https:\\\/\\\/br.linkedin.com\\\/in\\\/renancaixeiro\\\/pt\",\"https:\\\/\\\/x.com\\\/renancaixeiro\"],\"url\":\"https:\\\/\\\/www.edialog.com.br\\\/es\\\/author\\\/renancaixeiro\\\/\"}]}<\/script>\n<!-- \/ Yoast SEO Premium plugin. -->","yoast_head_json":{"title":"Pre\u00e7o para gest\u00e3o de redes sociais: existe um valor padr\u00e3o?","description":"Existe um pre\u00e7o padr\u00e3o para gest\u00e3o de redes sociais? Criamos uma calculadora para ajudar a definir esses valores. Conhe\u00e7a!","robots":{"index":"index","follow":"follow","max-snippet":"max-snippet:-1","max-image-preview":"max-image-preview:large","max-video-preview":"max-video-preview:-1"},"canonical":"https:\/\/www.edialog.com.br\/es\/preco-para-gestao-redes-sociais\/","og_locale":"es_ES","og_type":"article","og_title":"Pre\u00e7o para gest\u00e3o de redes sociais: existe um valor padr\u00e3o?","og_description":"Existe um pre\u00e7o padr\u00e3o para gest\u00e3o de redes sociais? Criamos uma calculadora para ajudar a definir esses valores. Conhe\u00e7a!","og_url":"https:\/\/www.edialog.com.br\/es\/preco-para-gestao-redes-sociais\/","og_site_name":"Ag\u00eancia de Inbound Marketing | E-Dialog","article_publisher":"https:\/\/facebook.com\/edialogcomunicacao","article_author":"http:\/\/facebook.com\/renancaixeiro","article_published_time":"2024-06-18T18:59:46+00:00","article_modified_time":"2024-07-23T13:39:26+00:00","og_image":[{"width":1200,"height":628,"url":"https:\/\/www.edialog.com.br\/wp-content\/uploads\/2019\/01\/preco-para-gestao-de-redes-sociais.jpg","type":"image\/jpeg"}],"author":"Renan Caixeiro","twitter_misc":{"Escrito por":"Renan Caixeiro","Tiempo de lectura":"9 minutos"},"schema":{"@context":"https:\/\/schema.org","@graph":[{"@type":["Article","BlogPosting"],"@id":"https:\/\/www.edialog.com.br\/preco-para-gestao-redes-sociais\/#article","isPartOf":{"@id":"https:\/\/www.edialog.com.br\/preco-para-gestao-redes-sociais\/"},"author":{"name":"Renan Caixeiro","@id":"https:\/\/www.edialog.com.br\/#\/schema\/person\/7f509934e54fd30b9d2d02cf51b60966"},"headline":"Pre\u00e7o para gest\u00e3o de redes sociais: existe um valor padr\u00e3o?","datePublished":"2024-06-18T18:59:46+00:00","dateModified":"2024-07-23T13:39:26+00:00","mainEntityOfPage":{"@id":"https:\/\/www.edialog.com.br\/preco-para-gestao-redes-sociais\/"},"wordCount":1470,"commentCount":0,"publisher":{"@id":"https:\/\/www.edialog.com.br\/#organization"},"image":{"@id":"https:\/\/www.edialog.com.br\/preco-para-gestao-redes-sociais\/#primaryimage"},"thumbnailUrl":"https:\/\/www.edialog.com.br\/wp-content\/uploads\/2019\/01\/preco-para-gestao-de-redes-sociais.jpg","keywords":["gest\u00e3o de redes sociais"],"articleSection":["M\u00eddia Social"],"inLanguage":"es","potentialAction":[{"@type":"CommentAction","name":"Comment","target":["https:\/\/www.edialog.com.br\/preco-para-gestao-redes-sociais\/#respond"]}]},{"@type":"WebPage","@id":"https:\/\/www.edialog.com.br\/preco-para-gestao-redes-sociais\/","url":"https:\/\/www.edialog.com.br\/preco-para-gestao-redes-sociais\/","name":"Pre\u00e7o para gest\u00e3o de redes sociais: existe um valor padr\u00e3o?","isPartOf":{"@id":"https:\/\/www.edialog.com.br\/#website"},"primaryImageOfPage":{"@id":"https:\/\/www.edialog.com.br\/preco-para-gestao-redes-sociais\/#primaryimage"},"image":{"@id":"https:\/\/www.edialog.com.br\/preco-para-gestao-redes-sociais\/#primaryimage"},"thumbnailUrl":"https:\/\/www.edialog.com.br\/wp-content\/uploads\/2019\/01\/preco-para-gestao-de-redes-sociais.jpg","datePublished":"2024-06-18T18:59:46+00:00","dateModified":"2024-07-23T13:39:26+00:00","description":"Existe um pre\u00e7o padr\u00e3o para gest\u00e3o de redes sociais? Criamos uma calculadora para ajudar a definir esses valores. Conhe\u00e7a!","breadcrumb":{"@id":"https:\/\/www.edialog.com.br\/preco-para-gestao-redes-sociais\/#breadcrumb"},"inLanguage":"es","potentialAction":[{"@type":"ReadAction","target":["https:\/\/www.edialog.com.br\/preco-para-gestao-redes-sociais\/"]}]},{"@type":"ImageObject","inLanguage":"es","@id":"https:\/\/www.edialog.com.br\/preco-para-gestao-redes-sociais\/#primaryimage","url":"https:\/\/www.edialog.com.br\/wp-content\/uploads\/2019\/01\/preco-para-gestao-de-redes-sociais.jpg","contentUrl":"https:\/\/www.edialog.com.br\/wp-content\/uploads\/2019\/01\/preco-para-gestao-de-redes-sociais.jpg","width":1200,"height":628,"caption":"Pre\u00e7o para gest\u00e3o de redes sociais: existe um valor padr\u00e3o?"},{"@type":"BreadcrumbList","@id":"https:\/\/www.edialog.com.br\/preco-para-gestao-redes-sociais\/#breadcrumb","itemListElement":[{"@type":"ListItem","position":1,"name":"Home","item":"https:\/\/www.edialog.com.br\/"},{"@type":"ListItem","position":2,"name":"M\u00eddia Social","item":"https:\/\/www.edialog.com.br\/category\/midia-social\/"},{"@type":"ListItem","position":3,"name":"Pre\u00e7o para gest\u00e3o de redes sociais: existe um valor padr\u00e3o?"}]},{"@type":"WebSite","@id":"https:\/\/www.edialog.com.br\/#website","url":"https:\/\/www.edialog.com.br\/","name":"Agencia de marketing entrante | E-Dialog","description":"Ag\u00eancia de Inbound Marketing premiada com solu\u00e7\u00f5es completas para o seu neg\u00f3cio. Atraia leads, com conte\u00fados \u00fanicos e envolventes. Solicite or\u00e7amento!","publisher":{"@id":"https:\/\/www.edialog.com.br\/#organization"},"potentialAction":[{"@type":"SearchAction","target":{"@type":"EntryPoint","urlTemplate":"https:\/\/www.edialog.com.br\/?s={search_term_string}"},"query-input":{"@type":"PropertyValueSpecification","valueRequired":true,"valueName":"search_term_string"}}],"inLanguage":"es"},{"@type":"Organization","@id":"https:\/\/www.edialog.com.br\/#organization","name":"Ag\u00eancia de M\u00eddias Sociais e Marketing Digital | E-Dialog","url":"https:\/\/www.edialog.com.br\/","logo":{"@type":"ImageObject","inLanguage":"es","@id":"https:\/\/www.edialog.com.br\/#\/schema\/logo\/image\/","url":"https:\/\/www.edialog.com.br\/wp-content\/uploads\/2021\/09\/edialog-logo-case.png","contentUrl":"https:\/\/www.edialog.com.br\/wp-content\/uploads\/2021\/09\/edialog-logo-case.png","width":810,"height":450,"caption":"Ag\u00eancia de M\u00eddias Sociais e Marketing Digital | E-Dialog"},"image":{"@id":"https:\/\/www.edialog.com.br\/#\/schema\/logo\/image\/"},"sameAs":["https:\/\/facebook.com\/edialogcomunicacao","https:\/\/x.com\/edialog_br","https:\/\/www.instagram.com\/edialog_br","https:\/\/www.linkedin.com\/company\/e-dialog-comunica-o-digital","https:\/\/www.youtube.com\/channel\/UCPiVQ_yVlcCqWS2sRzJZj7g"]},{"@type":"Person","@id":"https:\/\/www.edialog.com.br\/#\/schema\/person\/7f509934e54fd30b9d2d02cf51b60966","name":"Renan Caixeiro","image":{"@type":"ImageObject","inLanguage":"es","@id":"https:\/\/www.edialog.com.br\/wp-content\/uploads\/2023\/11\/renan-caixeiro-150x150.jpg","url":"https:\/\/www.edialog.com.br\/wp-content\/uploads\/2023\/11\/renan-caixeiro-150x150.jpg","contentUrl":"https:\/\/www.edialog.com.br\/wp-content\/uploads\/2023\/11\/renan-caixeiro-150x150.jpg","caption":"Renan Caixeiro"},"description":"S\u00f3cio Diretor na E-Dialog, \u00e9 graduado em Jornalismo e p\u00f3s-graduado em Comunica\u00e7\u00e3o Corporativa, ambos pela UFJF. Est\u00e1 \u00e0 frente do Reportei, SaaS de relat\u00f3rios e dashboards, \u00e9 host do Projeto SaaS, podcast que compartilha experi\u00eancias do universo de software as a service, e s\u00f3cio da Aquela Caixa, comunidade para profissionais de cria\u00e7\u00e3o. Torcedor do Vasco, tem como meta comprar o Gigante da Colina. LinkedIn: @renancaixeiro \/ Instagram: @renancaixeiro.","sameAs":["http:\/\/facebook.com\/renancaixeiro","https:\/\/www.instagram.com\/renancaixeiro\/","https:\/\/br.linkedin.com\/in\/renancaixeiro\/pt","https:\/\/x.com\/renancaixeiro"],"url":"https:\/\/www.edialog.com.br\/es\/author\/renancaixeiro\/"}]}},"_links":{"self":[{"href":"https:\/\/www.edialog.com.br\/es\/wp-json\/wp\/v2\/posts\/26194","targetHints":{"allow":["GET"]}}],"collection":[{"href":"https:\/\/www.edialog.com.br\/es\/wp-json\/wp\/v2\/posts"}],"about":[{"href":"https:\/\/www.edialog.com.br\/es\/wp-json\/wp\/v2\/types\/post"}],"author":[{"embeddable":true,"href":"https:\/\/www.edialog.com.br\/es\/wp-json\/wp\/v2\/users\/1"}],"replies":[{"embeddable":true,"href":"https:\/\/www.edialog.com.br\/es\/wp-json\/wp\/v2\/comments?post=26194"}],"version-history":[{"count":0,"href":"https:\/\/www.edialog.com.br\/es\/wp-json\/wp\/v2\/posts\/26194\/revisions"}],"wp:featuredmedia":[{"embeddable":true,"href":"https:\/\/www.edialog.com.br\/es\/wp-json\/wp\/v2\/media\/224774"}],"wp:attachment":[{"href":"https:\/\/www.edialog.com.br\/es\/wp-json\/wp\/v2\/media?parent=26194"}],"wp:term":[{"taxonomy":"category","embeddable":true,"href":"https:\/\/www.edialog.com.br\/es\/wp-json\/wp\/v2\/categories?post=26194"},{"taxonomy":"post_tag","embeddable":true,"href":"https:\/\/www.edialog.com.br\/es\/wp-json\/wp\/v2\/tags?post=26194"}],"curies":[{"name":"wp","href":"https:\/\/api.w.org\/{rel}","templated":true}]}}