{"id":26146,"date":"2017-05-11T16:06:35","date_gmt":"2017-05-11T19:06:35","guid":{"rendered":"https:\/\/www.edialog.com.br\/?p=26146"},"modified":"2025-04-07T22:49:44","modified_gmt":"2025-04-08T01:49:44","slug":"relatorios-de-facebook-modelo-e-template","status":"publish","type":"post","link":"https:\/\/www.edialog.com.br\/es\/relatorios-de-facebook-modelo-e-template\/","title":{"rendered":"Relat\u00f3rios de Facebook: modelo e template"},"content":{"rendered":"<p>Aqui na E-Dialog usamos a ferramenta <a href=\"http:\/\/www.reportei.com\">Inform\u00e9<\/a> para gera\u00e7\u00e3o de <a href=\"https:\/\/reportei.com\/relatorios-de-facebook\"><strong>relat\u00f3rios de Facebook<\/strong><\/a>. Ela foi desenvolvida com base no feedback da pr\u00f3pria E-Dialog sobre um template que se adaptasse a diferentes tipos de clientes de m\u00eddias sociais. Hoje j\u00e1 s\u00e3o mais de 200 ag\u00eancias e freelancers utilizando o modelo proposto pela E-Dialog em conjunto com o Reportei.<\/p>\n<p>Para criar o relat\u00f3rio basta acessar o site do Reportei e fazer um teste gratuito. Ap\u00f3s selecionar o per\u00edodo desejado, o relat\u00f3rio ir\u00e1 mostrar dados como:<\/p>\n<p><img fetchpriority=\"high\" decoding=\"async\" class=\"aligncenter size-full wp-image-26147\" src=\"https:\/\/www.edialog.com.br\/wp-content\/uploads\/2017\/05\/relatorio-facebook.png\" alt=\"relat\u00f3rio de facebook\" width=\"1828\" height=\"1106\" srcset=\"https:\/\/www.edialog.com.br\/wp-content\/uploads\/2017\/05\/relatorio-facebook.png 1828w, https:\/\/www.edialog.com.br\/wp-content\/uploads\/2017\/05\/relatorio-facebook-300x182.png 300w, https:\/\/www.edialog.com.br\/wp-content\/uploads\/2017\/05\/relatorio-facebook-768x465.png 768w, https:\/\/www.edialog.com.br\/wp-content\/uploads\/2017\/05\/relatorio-facebook-1024x620.png 1024w, https:\/\/www.edialog.com.br\/wp-content\/uploads\/2017\/05\/relatorio-facebook-1080x653.png 1080w\" sizes=\"(max-width: 1828px) 100vw, 1828px\" \/><\/p>\n<p>O <strong>Inform\u00e9<\/strong> faz uma compara\u00e7\u00e3o com o per\u00edodo imediatamente anterior ao per\u00edodo selecionado para o relat\u00f3rio. Ou seja, se voc\u00ea selecionar\u00a0a primeira semana de um m\u00eas, ele ir\u00e1 comparar com a \u00faltima semana do m\u00eas anterior.<\/p>\n<p>Alguns dados relevantes como <strong>Alcance e Pessoas Envolvidas<\/strong> ficam em destaque no relat\u00f3rio. O Alcance mostra quantas pessoas foram impactadas por algum conte\u00fado disponibilizado no per\u00edodo. Pessoas Envolvidas conta os perfis que realmente se engajaram em posts, curtindo, comentando, compartilhando.<\/p>\n<h2>Megafone do Engajamento no Facebook<\/h2>\n<p>Um dos pontos interessantes do Relat\u00f3rio de Facebook do Reportei \u00e9 o chamado Megafone do Engajamento. Ele mostra a evolu\u00e7\u00e3o do engajamento dos usu\u00e1rios com a p\u00e1gina, partindo de m\u00e9tricas que mostram maior engajamento at\u00e9 m\u00e9tricas de menor engajamento como as visualiza\u00e7\u00f5es de posts.<\/p>\n<p><img decoding=\"async\" class=\"aligncenter size-full wp-image-26155\" src=\"https:\/\/www.edialog.com.br\/wp-content\/uploads\/2017\/05\/Captura-de-Tela-2017-05-11-a\u0300s-15.53.47.png\" alt=\"Engajamento Facebook\" width=\"1818\" height=\"910\" srcset=\"https:\/\/www.edialog.com.br\/wp-content\/uploads\/2017\/05\/Captura-de-Tela-2017-05-11-a\u0300s-15.53.47.png 1818w, https:\/\/www.edialog.com.br\/wp-content\/uploads\/2017\/05\/Captura-de-Tela-2017-05-11-a\u0300s-15.53.47-300x150.png 300w, https:\/\/www.edialog.com.br\/wp-content\/uploads\/2017\/05\/Captura-de-Tela-2017-05-11-a\u0300s-15.53.47-768x384.png 768w, https:\/\/www.edialog.com.br\/wp-content\/uploads\/2017\/05\/Captura-de-Tela-2017-05-11-a\u0300s-15.53.47-1024x513.png 1024w, https:\/\/www.edialog.com.br\/wp-content\/uploads\/2017\/05\/Captura-de-Tela-2017-05-11-a\u0300s-15.53.47-1080x541.png 1080w\" sizes=\"(max-width: 1818px) 100vw, 1818px\" \/><\/p>\n<p>No relat\u00f3rio tamb\u00e9m \u00e9 poss\u00edvel visualizar os compartilhamentos, coment\u00e1rios, rea\u00e7\u00f5es e intera\u00e7\u00f5es que a p\u00e1gina do Facebook teve no per\u00edodo analisado. Os tipos de postagem e a repercuss\u00e3o de cada tipo de postagem tamb\u00e9m s\u00e3o exibidos.<\/p>\n<p><img decoding=\"async\" class=\"aligncenter size-full wp-image-26156\" src=\"https:\/\/www.edialog.com.br\/wp-content\/uploads\/2017\/05\/relatorio-facebook-1.png\" alt=\"\" width=\"1824\" height=\"982\" srcset=\"https:\/\/www.edialog.com.br\/wp-content\/uploads\/2017\/05\/relatorio-facebook-1.png 1824w, https:\/\/www.edialog.com.br\/wp-content\/uploads\/2017\/05\/relatorio-facebook-1-300x162.png 300w, https:\/\/www.edialog.com.br\/wp-content\/uploads\/2017\/05\/relatorio-facebook-1-768x413.png 768w, https:\/\/www.edialog.com.br\/wp-content\/uploads\/2017\/05\/relatorio-facebook-1-1024x551.png 1024w, https:\/\/www.edialog.com.br\/wp-content\/uploads\/2017\/05\/relatorio-facebook-1-1080x581.png 1080w\" sizes=\"(max-width: 1824px) 100vw, 1824px\" \/><\/p>\n<p>O post em destaque \u00e9 fruto de um an\u00e1lise de m\u00e9tricas de engajamento e alcance e compara\u00e7\u00e3o entre os demais posts da p\u00e1gina no per\u00edodo. Nele, s\u00e3o detalhadas as m\u00e9tricas como compartilhamentos, coment\u00e1rios e intera\u00e7\u00f5es.<\/p>\n<p><img loading=\"lazy\" decoding=\"async\" class=\"aligncenter size-full wp-image-26157\" src=\"https:\/\/www.edialog.com.br\/wp-content\/uploads\/2017\/05\/post-face.png\" alt=\"\" width=\"1820\" height=\"712\" srcset=\"https:\/\/www.edialog.com.br\/wp-content\/uploads\/2017\/05\/post-face.png 1820w, https:\/\/www.edialog.com.br\/wp-content\/uploads\/2017\/05\/post-face-300x117.png 300w, https:\/\/www.edialog.com.br\/wp-content\/uploads\/2017\/05\/post-face-768x300.png 768w, https:\/\/www.edialog.com.br\/wp-content\/uploads\/2017\/05\/post-face-1024x401.png 1024w, https:\/\/www.edialog.com.br\/wp-content\/uploads\/2017\/05\/post-face-1080x423.png 1080w\" sizes=\"(max-width: 1820px) 100vw, 1820px\" \/><\/p>\n<p>Por fim, o relat\u00f3rio da p\u00e1gina do Facebook apresenta os 5 posts de maior resultado no per\u00edodo, tamb\u00e9m seguindo a l\u00f3gica de analisar engajamento e alcance. Os posts s\u00e3o clic\u00e1veis ao acessar o relat\u00f3rio.<\/p>\n<p><img loading=\"lazy\" decoding=\"async\" class=\"aligncenter size-full wp-image-26158\" src=\"https:\/\/www.edialog.com.br\/wp-content\/uploads\/2017\/05\/posts-engajamento.png\" alt=\"\" width=\"1824\" height=\"784\" srcset=\"https:\/\/www.edialog.com.br\/wp-content\/uploads\/2017\/05\/posts-engajamento.png 1824w, https:\/\/www.edialog.com.br\/wp-content\/uploads\/2017\/05\/posts-engajamento-300x129.png 300w, https:\/\/www.edialog.com.br\/wp-content\/uploads\/2017\/05\/posts-engajamento-768x330.png 768w, https:\/\/www.edialog.com.br\/wp-content\/uploads\/2017\/05\/posts-engajamento-1024x440.png 1024w, https:\/\/www.edialog.com.br\/wp-content\/uploads\/2017\/05\/posts-engajamento-1080x464.png 1080w\" sizes=\"(max-width: 1824px) 100vw, 1824px\" \/><\/p>\n<p>Para criar um relat\u00f3rio utilizando a metodologia acima e gratuitamente, acesse o <a href=\"http:\/\/reportei.com\" rel=\"nofollow\">Reportei.com<\/a> e crie uma conta.<\/p>\n<p><strong>Para saber m\u00e1s sobre la gesti\u00f3n de Facebook y <a href=\"https:\/\/www.edialog.com.br\/es\/gestao-de-redes-sociais\/\">gesti\u00f3n de redes sociales<\/a>, fique de olho no blog!<\/strong><\/p>\n<p><em><strong>- Lea tambi\u00e9n:<\/strong> <a href=\"https:\/\/www.edialog.com.br\/es\/relatorios-de-redes-sociais\/\">Informes sobre redes sociales: conozca su importancia y los datos esenciales<\/a><\/em><\/p>","protected":false},"excerpt":{"rendered":"<p>Aqui na E-Dialog usamos a ferramenta Reportei para gera\u00e7\u00e3o de relat\u00f3rios de Facebook. Ela foi desenvolvida com base no feedback da pr\u00f3pria E-Dialog sobre um template que se adaptasse a diferentes tipos de clientes de m\u00eddias sociais. Hoje j\u00e1 s\u00e3o mais de 200 ag\u00eancias e freelancers utilizando o modelo proposto pela E-Dialog em conjunto com [&hellip;]<\/p>\n","protected":false},"author":1,"featured_media":26160,"comment_status":"open","ping_status":"open","sticky":false,"template":"","format":"standard","meta":{"_acf_changed":false,"content-type":"","footnotes":""},"categories":[8],"tags":[537,640,638,639],"class_list":["post-26146","post","type-post","status-publish","format-standard","has-post-thumbnail","hentry","category-midia-social","tag-facebook","tag-modelo","tag-relatorio","tag-template"],"acf":[],"yoast_head":"<!-- This site is optimized with the Yoast SEO Premium plugin v27.3 (Yoast SEO v27.3) - https:\/\/yoast.com\/product\/yoast-seo-premium-wordpress\/ -->\n<title>Relat\u00f3rios de Facebook: modelo e template | E-Dialog<\/title>\n<meta name=\"description\" content=\"Um modelo de Relat\u00f3rio no Facebook que pode ser utilizado por qualquer empresa com muita facilidade. Engajamento, an\u00e1lise e crescimento.\" \/>\n<meta name=\"robots\" content=\"index, follow, max-snippet:-1, max-image-preview:large, max-video-preview:-1\" \/>\n<link rel=\"canonical\" href=\"https:\/\/www.edialog.com.br\/es\/relatorios-de-facebook-modelo-e-template\/\" \/>\n<meta property=\"og:locale\" content=\"es_ES\" \/>\n<meta property=\"og:type\" content=\"article\" \/>\n<meta property=\"og:title\" content=\"Relat\u00f3rios de Facebook: modelo e template\" \/>\n<meta property=\"og:description\" content=\"Um modelo de Relat\u00f3rio no Facebook que pode ser utilizado por qualquer empresa com muita facilidade. Engajamento, an\u00e1lise e crescimento.\" \/>\n<meta property=\"og:url\" content=\"https:\/\/www.edialog.com.br\/es\/relatorios-de-facebook-modelo-e-template\/\" \/>\n<meta property=\"og:site_name\" content=\"Ag\u00eancia de Inbound Marketing | E-Dialog\" \/>\n<meta property=\"article:publisher\" content=\"https:\/\/facebook.com\/edialogcomunicacao\" \/>\n<meta property=\"article:author\" content=\"http:\/\/facebook.com\/renancaixeiro\" \/>\n<meta property=\"article:published_time\" content=\"2017-05-11T19:06:35+00:00\" \/>\n<meta property=\"article:modified_time\" content=\"2025-04-08T01:49:44+00:00\" \/>\n<meta property=\"og:image\" content=\"https:\/\/www.edialog.com.br\/wp-content\/uploads\/2017\/05\/relatorio-facebook-2.png\" \/>\n\t<meta property=\"og:image:width\" content=\"1200\" \/>\n\t<meta property=\"og:image:height\" content=\"628\" \/>\n\t<meta property=\"og:image:type\" content=\"image\/png\" \/>\n<meta name=\"author\" content=\"Renan Caixeiro\" \/>\n<meta name=\"twitter:label1\" content=\"Escrito por\" \/>\n\t<meta name=\"twitter:data1\" content=\"Renan Caixeiro\" \/>\n\t<meta name=\"twitter:label2\" content=\"Tiempo de lectura\" \/>\n\t<meta name=\"twitter:data2\" content=\"4 minutos\" \/>\n<script type=\"application\/ld+json\" class=\"yoast-schema-graph\">{\"@context\":\"https:\\\/\\\/schema.org\",\"@graph\":[{\"@type\":[\"Article\",\"BlogPosting\"],\"@id\":\"https:\\\/\\\/www.edialog.com.br\\\/relatorios-de-facebook-modelo-e-template\\\/#article\",\"isPartOf\":{\"@id\":\"https:\\\/\\\/www.edialog.com.br\\\/relatorios-de-facebook-modelo-e-template\\\/\"},\"author\":{\"name\":\"Renan Caixeiro\",\"@id\":\"https:\\\/\\\/www.edialog.com.br\\\/#\\\/schema\\\/person\\\/7f509934e54fd30b9d2d02cf51b60966\"},\"headline\":\"Relat\u00f3rios de Facebook: modelo e template\",\"datePublished\":\"2017-05-11T19:06:35+00:00\",\"dateModified\":\"2025-04-08T01:49:44+00:00\",\"mainEntityOfPage\":{\"@id\":\"https:\\\/\\\/www.edialog.com.br\\\/relatorios-de-facebook-modelo-e-template\\\/\"},\"wordCount\":423,\"commentCount\":0,\"publisher\":{\"@id\":\"https:\\\/\\\/www.edialog.com.br\\\/#organization\"},\"image\":{\"@id\":\"https:\\\/\\\/www.edialog.com.br\\\/relatorios-de-facebook-modelo-e-template\\\/#primaryimage\"},\"thumbnailUrl\":\"https:\\\/\\\/www.edialog.com.br\\\/wp-content\\\/uploads\\\/2017\\\/05\\\/relatorio-facebook-2.png\",\"keywords\":[\"Facebook\",\"modelo\",\"relatorio\",\"template\"],\"articleSection\":[\"M\u00eddia Social\"],\"inLanguage\":\"es\",\"potentialAction\":[{\"@type\":\"CommentAction\",\"name\":\"Comment\",\"target\":[\"https:\\\/\\\/www.edialog.com.br\\\/relatorios-de-facebook-modelo-e-template\\\/#respond\"]}]},{\"@type\":\"WebPage\",\"@id\":\"https:\\\/\\\/www.edialog.com.br\\\/relatorios-de-facebook-modelo-e-template\\\/\",\"url\":\"https:\\\/\\\/www.edialog.com.br\\\/relatorios-de-facebook-modelo-e-template\\\/\",\"name\":\"Relat\u00f3rios de Facebook: modelo e template | E-Dialog\",\"isPartOf\":{\"@id\":\"https:\\\/\\\/www.edialog.com.br\\\/#website\"},\"primaryImageOfPage\":{\"@id\":\"https:\\\/\\\/www.edialog.com.br\\\/relatorios-de-facebook-modelo-e-template\\\/#primaryimage\"},\"image\":{\"@id\":\"https:\\\/\\\/www.edialog.com.br\\\/relatorios-de-facebook-modelo-e-template\\\/#primaryimage\"},\"thumbnailUrl\":\"https:\\\/\\\/www.edialog.com.br\\\/wp-content\\\/uploads\\\/2017\\\/05\\\/relatorio-facebook-2.png\",\"datePublished\":\"2017-05-11T19:06:35+00:00\",\"dateModified\":\"2025-04-08T01:49:44+00:00\",\"description\":\"Um modelo de Relat\u00f3rio no Facebook que pode ser utilizado por qualquer empresa com muita facilidade. Engajamento, an\u00e1lise e crescimento.\",\"breadcrumb\":{\"@id\":\"https:\\\/\\\/www.edialog.com.br\\\/relatorios-de-facebook-modelo-e-template\\\/#breadcrumb\"},\"inLanguage\":\"es\",\"potentialAction\":[{\"@type\":\"ReadAction\",\"target\":[\"https:\\\/\\\/www.edialog.com.br\\\/relatorios-de-facebook-modelo-e-template\\\/\"]}]},{\"@type\":\"ImageObject\",\"inLanguage\":\"es\",\"@id\":\"https:\\\/\\\/www.edialog.com.br\\\/relatorios-de-facebook-modelo-e-template\\\/#primaryimage\",\"url\":\"https:\\\/\\\/www.edialog.com.br\\\/wp-content\\\/uploads\\\/2017\\\/05\\\/relatorio-facebook-2.png\",\"contentUrl\":\"https:\\\/\\\/www.edialog.com.br\\\/wp-content\\\/uploads\\\/2017\\\/05\\\/relatorio-facebook-2.png\",\"width\":1200,\"height\":628},{\"@type\":\"BreadcrumbList\",\"@id\":\"https:\\\/\\\/www.edialog.com.br\\\/relatorios-de-facebook-modelo-e-template\\\/#breadcrumb\",\"itemListElement\":[{\"@type\":\"ListItem\",\"position\":1,\"name\":\"Home\",\"item\":\"https:\\\/\\\/www.edialog.com.br\\\/\"},{\"@type\":\"ListItem\",\"position\":2,\"name\":\"M\u00eddia Social\",\"item\":\"https:\\\/\\\/www.edialog.com.br\\\/category\\\/midia-social\\\/\"},{\"@type\":\"ListItem\",\"position\":3,\"name\":\"Relat\u00f3rios de Facebook: modelo e template\"}]},{\"@type\":\"WebSite\",\"@id\":\"https:\\\/\\\/www.edialog.com.br\\\/#website\",\"url\":\"https:\\\/\\\/www.edialog.com.br\\\/\",\"name\":\"Ag\u00eancia de Inbound Marketing | E-Dialog\",\"description\":\"Ag\u00eancia de Inbound Marketing premiada com solu\u00e7\u00f5es completas para o seu neg\u00f3cio. Atraia leads, com conte\u00fados \u00fanicos e envolventes. Solicite or\u00e7amento!\",\"publisher\":{\"@id\":\"https:\\\/\\\/www.edialog.com.br\\\/#organization\"},\"potentialAction\":[{\"@type\":\"SearchAction\",\"target\":{\"@type\":\"EntryPoint\",\"urlTemplate\":\"https:\\\/\\\/www.edialog.com.br\\\/?s={search_term_string}\"},\"query-input\":{\"@type\":\"PropertyValueSpecification\",\"valueRequired\":true,\"valueName\":\"search_term_string\"}}],\"inLanguage\":\"es\"},{\"@type\":\"Organization\",\"@id\":\"https:\\\/\\\/www.edialog.com.br\\\/#organization\",\"name\":\"Ag\u00eancia de M\u00eddias Sociais e Marketing Digital | E-Dialog\",\"url\":\"https:\\\/\\\/www.edialog.com.br\\\/\",\"logo\":{\"@type\":\"ImageObject\",\"inLanguage\":\"es\",\"@id\":\"https:\\\/\\\/www.edialog.com.br\\\/#\\\/schema\\\/logo\\\/image\\\/\",\"url\":\"https:\\\/\\\/www.edialog.com.br\\\/wp-content\\\/uploads\\\/2021\\\/09\\\/edialog-logo-case.png\",\"contentUrl\":\"https:\\\/\\\/www.edialog.com.br\\\/wp-content\\\/uploads\\\/2021\\\/09\\\/edialog-logo-case.png\",\"width\":810,\"height\":450,\"caption\":\"Ag\u00eancia de M\u00eddias Sociais e Marketing Digital | E-Dialog\"},\"image\":{\"@id\":\"https:\\\/\\\/www.edialog.com.br\\\/#\\\/schema\\\/logo\\\/image\\\/\"},\"sameAs\":[\"https:\\\/\\\/facebook.com\\\/edialogcomunicacao\",\"https:\\\/\\\/x.com\\\/edialog_br\",\"https:\\\/\\\/www.instagram.com\\\/edialog_br\",\"https:\\\/\\\/www.linkedin.com\\\/company\\\/e-dialog-comunica-o-digital\",\"https:\\\/\\\/www.youtube.com\\\/channel\\\/UCPiVQ_yVlcCqWS2sRzJZj7g\"]},{\"@type\":\"Person\",\"@id\":\"https:\\\/\\\/www.edialog.com.br\\\/#\\\/schema\\\/person\\\/7f509934e54fd30b9d2d02cf51b60966\",\"name\":\"Renan Caixeiro\",\"image\":{\"@type\":\"ImageObject\",\"inLanguage\":\"es\",\"@id\":\"https:\\\/\\\/www.edialog.com.br\\\/wp-content\\\/uploads\\\/2023\\\/11\\\/renan-caixeiro-150x150.jpg\",\"url\":\"https:\\\/\\\/www.edialog.com.br\\\/wp-content\\\/uploads\\\/2023\\\/11\\\/renan-caixeiro-150x150.jpg\",\"contentUrl\":\"https:\\\/\\\/www.edialog.com.br\\\/wp-content\\\/uploads\\\/2023\\\/11\\\/renan-caixeiro-150x150.jpg\",\"caption\":\"Renan Caixeiro\"},\"description\":\"S\u00f3cio Diretor na E-Dialog, \u00e9 graduado em Jornalismo e p\u00f3s-graduado em Comunica\u00e7\u00e3o Corporativa, ambos pela UFJF. Est\u00e1 \u00e0 frente do Reportei, SaaS de relat\u00f3rios e dashboards, \u00e9 host do Projeto SaaS, podcast que compartilha experi\u00eancias do universo de software as a service, e s\u00f3cio da Aquela Caixa, comunidade para profissionais de cria\u00e7\u00e3o. Torcedor do Vasco, tem como meta comprar o Gigante da Colina. LinkedIn: @renancaixeiro \\\/ Instagram: @renancaixeiro.\",\"sameAs\":[\"http:\\\/\\\/facebook.com\\\/renancaixeiro\",\"https:\\\/\\\/www.instagram.com\\\/renancaixeiro\\\/\",\"https:\\\/\\\/br.linkedin.com\\\/in\\\/renancaixeiro\\\/pt\",\"https:\\\/\\\/x.com\\\/renancaixeiro\"],\"url\":\"https:\\\/\\\/www.edialog.com.br\\\/es\\\/author\\\/renancaixeiro\\\/\"}]}<\/script>\n<!-- \/ Yoast SEO Premium plugin. -->","yoast_head_json":{"title":"Relat\u00f3rios de Facebook: modelo e template | E-Dialog","description":"Um modelo de Relat\u00f3rio no Facebook que pode ser utilizado por qualquer empresa com muita facilidade. Engajamento, an\u00e1lise e crescimento.","robots":{"index":"index","follow":"follow","max-snippet":"max-snippet:-1","max-image-preview":"max-image-preview:large","max-video-preview":"max-video-preview:-1"},"canonical":"https:\/\/www.edialog.com.br\/es\/relatorios-de-facebook-modelo-e-template\/","og_locale":"es_ES","og_type":"article","og_title":"Relat\u00f3rios de Facebook: modelo e template","og_description":"Um modelo de Relat\u00f3rio no Facebook que pode ser utilizado por qualquer empresa com muita facilidade. Engajamento, an\u00e1lise e crescimento.","og_url":"https:\/\/www.edialog.com.br\/es\/relatorios-de-facebook-modelo-e-template\/","og_site_name":"Ag\u00eancia de Inbound Marketing | E-Dialog","article_publisher":"https:\/\/facebook.com\/edialogcomunicacao","article_author":"http:\/\/facebook.com\/renancaixeiro","article_published_time":"2017-05-11T19:06:35+00:00","article_modified_time":"2025-04-08T01:49:44+00:00","og_image":[{"width":1200,"height":628,"url":"https:\/\/www.edialog.com.br\/wp-content\/uploads\/2017\/05\/relatorio-facebook-2.png","type":"image\/png"}],"author":"Renan Caixeiro","twitter_misc":{"Escrito por":"Renan Caixeiro","Tiempo de lectura":"4 minutos"},"schema":{"@context":"https:\/\/schema.org","@graph":[{"@type":["Article","BlogPosting"],"@id":"https:\/\/www.edialog.com.br\/relatorios-de-facebook-modelo-e-template\/#article","isPartOf":{"@id":"https:\/\/www.edialog.com.br\/relatorios-de-facebook-modelo-e-template\/"},"author":{"name":"Renan Caixeiro","@id":"https:\/\/www.edialog.com.br\/#\/schema\/person\/7f509934e54fd30b9d2d02cf51b60966"},"headline":"Relat\u00f3rios de Facebook: modelo e template","datePublished":"2017-05-11T19:06:35+00:00","dateModified":"2025-04-08T01:49:44+00:00","mainEntityOfPage":{"@id":"https:\/\/www.edialog.com.br\/relatorios-de-facebook-modelo-e-template\/"},"wordCount":423,"commentCount":0,"publisher":{"@id":"https:\/\/www.edialog.com.br\/#organization"},"image":{"@id":"https:\/\/www.edialog.com.br\/relatorios-de-facebook-modelo-e-template\/#primaryimage"},"thumbnailUrl":"https:\/\/www.edialog.com.br\/wp-content\/uploads\/2017\/05\/relatorio-facebook-2.png","keywords":["Facebook","modelo","relatorio","template"],"articleSection":["M\u00eddia Social"],"inLanguage":"es","potentialAction":[{"@type":"CommentAction","name":"Comment","target":["https:\/\/www.edialog.com.br\/relatorios-de-facebook-modelo-e-template\/#respond"]}]},{"@type":"WebPage","@id":"https:\/\/www.edialog.com.br\/relatorios-de-facebook-modelo-e-template\/","url":"https:\/\/www.edialog.com.br\/relatorios-de-facebook-modelo-e-template\/","name":"Relat\u00f3rios de Facebook: modelo e template | E-Dialog","isPartOf":{"@id":"https:\/\/www.edialog.com.br\/#website"},"primaryImageOfPage":{"@id":"https:\/\/www.edialog.com.br\/relatorios-de-facebook-modelo-e-template\/#primaryimage"},"image":{"@id":"https:\/\/www.edialog.com.br\/relatorios-de-facebook-modelo-e-template\/#primaryimage"},"thumbnailUrl":"https:\/\/www.edialog.com.br\/wp-content\/uploads\/2017\/05\/relatorio-facebook-2.png","datePublished":"2017-05-11T19:06:35+00:00","dateModified":"2025-04-08T01:49:44+00:00","description":"Um modelo de Relat\u00f3rio no Facebook que pode ser utilizado por qualquer empresa com muita facilidade. Engajamento, an\u00e1lise e crescimento.","breadcrumb":{"@id":"https:\/\/www.edialog.com.br\/relatorios-de-facebook-modelo-e-template\/#breadcrumb"},"inLanguage":"es","potentialAction":[{"@type":"ReadAction","target":["https:\/\/www.edialog.com.br\/relatorios-de-facebook-modelo-e-template\/"]}]},{"@type":"ImageObject","inLanguage":"es","@id":"https:\/\/www.edialog.com.br\/relatorios-de-facebook-modelo-e-template\/#primaryimage","url":"https:\/\/www.edialog.com.br\/wp-content\/uploads\/2017\/05\/relatorio-facebook-2.png","contentUrl":"https:\/\/www.edialog.com.br\/wp-content\/uploads\/2017\/05\/relatorio-facebook-2.png","width":1200,"height":628},{"@type":"BreadcrumbList","@id":"https:\/\/www.edialog.com.br\/relatorios-de-facebook-modelo-e-template\/#breadcrumb","itemListElement":[{"@type":"ListItem","position":1,"name":"Home","item":"https:\/\/www.edialog.com.br\/"},{"@type":"ListItem","position":2,"name":"M\u00eddia Social","item":"https:\/\/www.edialog.com.br\/category\/midia-social\/"},{"@type":"ListItem","position":3,"name":"Relat\u00f3rios de Facebook: modelo e template"}]},{"@type":"WebSite","@id":"https:\/\/www.edialog.com.br\/#website","url":"https:\/\/www.edialog.com.br\/","name":"Agencia de marketing entrante | E-Dialog","description":"Ag\u00eancia de Inbound Marketing premiada com solu\u00e7\u00f5es completas para o seu neg\u00f3cio. Atraia leads, com conte\u00fados \u00fanicos e envolventes. Solicite or\u00e7amento!","publisher":{"@id":"https:\/\/www.edialog.com.br\/#organization"},"potentialAction":[{"@type":"SearchAction","target":{"@type":"EntryPoint","urlTemplate":"https:\/\/www.edialog.com.br\/?s={search_term_string}"},"query-input":{"@type":"PropertyValueSpecification","valueRequired":true,"valueName":"search_term_string"}}],"inLanguage":"es"},{"@type":"Organization","@id":"https:\/\/www.edialog.com.br\/#organization","name":"Ag\u00eancia de M\u00eddias Sociais e Marketing Digital | E-Dialog","url":"https:\/\/www.edialog.com.br\/","logo":{"@type":"ImageObject","inLanguage":"es","@id":"https:\/\/www.edialog.com.br\/#\/schema\/logo\/image\/","url":"https:\/\/www.edialog.com.br\/wp-content\/uploads\/2021\/09\/edialog-logo-case.png","contentUrl":"https:\/\/www.edialog.com.br\/wp-content\/uploads\/2021\/09\/edialog-logo-case.png","width":810,"height":450,"caption":"Ag\u00eancia de M\u00eddias Sociais e Marketing Digital | E-Dialog"},"image":{"@id":"https:\/\/www.edialog.com.br\/#\/schema\/logo\/image\/"},"sameAs":["https:\/\/facebook.com\/edialogcomunicacao","https:\/\/x.com\/edialog_br","https:\/\/www.instagram.com\/edialog_br","https:\/\/www.linkedin.com\/company\/e-dialog-comunica-o-digital","https:\/\/www.youtube.com\/channel\/UCPiVQ_yVlcCqWS2sRzJZj7g"]},{"@type":"Person","@id":"https:\/\/www.edialog.com.br\/#\/schema\/person\/7f509934e54fd30b9d2d02cf51b60966","name":"Renan Caixeiro","image":{"@type":"ImageObject","inLanguage":"es","@id":"https:\/\/www.edialog.com.br\/wp-content\/uploads\/2023\/11\/renan-caixeiro-150x150.jpg","url":"https:\/\/www.edialog.com.br\/wp-content\/uploads\/2023\/11\/renan-caixeiro-150x150.jpg","contentUrl":"https:\/\/www.edialog.com.br\/wp-content\/uploads\/2023\/11\/renan-caixeiro-150x150.jpg","caption":"Renan Caixeiro"},"description":"S\u00f3cio Diretor na E-Dialog, \u00e9 graduado em Jornalismo e p\u00f3s-graduado em Comunica\u00e7\u00e3o Corporativa, ambos pela UFJF. Est\u00e1 \u00e0 frente do Reportei, SaaS de relat\u00f3rios e dashboards, \u00e9 host do Projeto SaaS, podcast que compartilha experi\u00eancias do universo de software as a service, e s\u00f3cio da Aquela Caixa, comunidade para profissionais de cria\u00e7\u00e3o. Torcedor do Vasco, tem como meta comprar o Gigante da Colina. LinkedIn: @renancaixeiro \/ Instagram: @renancaixeiro.","sameAs":["http:\/\/facebook.com\/renancaixeiro","https:\/\/www.instagram.com\/renancaixeiro\/","https:\/\/br.linkedin.com\/in\/renancaixeiro\/pt","https:\/\/x.com\/renancaixeiro"],"url":"https:\/\/www.edialog.com.br\/es\/author\/renancaixeiro\/"}]}},"_links":{"self":[{"href":"https:\/\/www.edialog.com.br\/es\/wp-json\/wp\/v2\/posts\/26146","targetHints":{"allow":["GET"]}}],"collection":[{"href":"https:\/\/www.edialog.com.br\/es\/wp-json\/wp\/v2\/posts"}],"about":[{"href":"https:\/\/www.edialog.com.br\/es\/wp-json\/wp\/v2\/types\/post"}],"author":[{"embeddable":true,"href":"https:\/\/www.edialog.com.br\/es\/wp-json\/wp\/v2\/users\/1"}],"replies":[{"embeddable":true,"href":"https:\/\/www.edialog.com.br\/es\/wp-json\/wp\/v2\/comments?post=26146"}],"version-history":[{"count":1,"href":"https:\/\/www.edialog.com.br\/es\/wp-json\/wp\/v2\/posts\/26146\/revisions"}],"predecessor-version":[{"id":228893,"href":"https:\/\/www.edialog.com.br\/es\/wp-json\/wp\/v2\/posts\/26146\/revisions\/228893"}],"wp:featuredmedia":[{"embeddable":true,"href":"https:\/\/www.edialog.com.br\/es\/wp-json\/wp\/v2\/media\/26160"}],"wp:attachment":[{"href":"https:\/\/www.edialog.com.br\/es\/wp-json\/wp\/v2\/media?parent=26146"}],"wp:term":[{"taxonomy":"category","embeddable":true,"href":"https:\/\/www.edialog.com.br\/es\/wp-json\/wp\/v2\/categories?post=26146"},{"taxonomy":"post_tag","embeddable":true,"href":"https:\/\/www.edialog.com.br\/es\/wp-json\/wp\/v2\/tags?post=26146"}],"curies":[{"name":"wp","href":"https:\/\/api.w.org\/{rel}","templated":true}]}}