{"id":25407,"date":"2019-02-26T14:41:18","date_gmt":"2019-02-26T17:41:18","guid":{"rendered":"https:\/\/www.edialog.com.br\/?p=25407"},"modified":"2025-05-04T21:41:10","modified_gmt":"2025-05-05T00:41:10","slug":"terceirizar-marketing","status":"publish","type":"post","link":"https:\/\/www.edialog.com.br\/es\/terceirizar-marketing\/","title":{"rendered":"\u00bfDeber\u00eda mi empresa externalizar su marketing a una agencia?"},"content":{"rendered":"<p><em>Uma an\u00e1lise dos pontos positivos e negativos de terceirizar o marketing na sua empresa<\/em><\/p>\n<p><a href=\"https:\/\/facebook.com\/renancaixeiro\"><img decoding=\"async\" class=\"aligncenter wp-image-25412\" src=\"https:\/\/www.edialog.com.br\/wp-content\/uploads\/2016\/12\/assinatura.png\" alt=\"assinatura\" width=\"295\" height=\"66\" srcset=\"https:\/\/www.edialog.com.br\/wp-content\/uploads\/2016\/12\/assinatura.png 738w, https:\/\/www.edialog.com.br\/wp-content\/uploads\/2016\/12\/assinatura-300x67.png 300w\" sizes=\"(max-width: 295px) 100vw, 295px\" \/><\/a><\/p>\n<p>Temos no blog uma s\u00e9rie de conte\u00fados focados em pequenas e m\u00e9dias empresas. Ao longo dos \u00faltimos anos neste espa\u00e7o, escrevemos sobre marketing digital e, principalmente, redes sociais. Vamos manter essa linha editorial e adicionar uma novidade. A partir de agora vamos abordar temas que v\u00e3o al\u00e9m da parte t\u00e9cnica do digital e que incluam assuntos relacionados a neg\u00f3cios.<strong> E n\u00e3o s\u00f3 neg\u00f3cios digitais<\/strong>.<\/p>\n<p>Como o prop\u00f3sito da E-Dialog \u00e9 auxiliar empresas a conquistarem mais resultado com o <a href=\"https:\/\/www.edialog.com.br\/es\/investimento-em-marketing-digital\/\">investimento em marketing digital<\/a>, chegamos \u00e0 conclus\u00e3o que precisamos considerar tamb\u00e9m sobre outros desafios que as empresas enfrentam no dia a dia e que impactam no digital.<\/p>\n<p>Neste post a ideia \u00e9 discutir um problema comum a diversas empresas: a <strong>terceiriza\u00e7\u00e3o do marketing<\/strong> (n\u00e3o s\u00f3 do digital).<\/p>\n<h2>O dilema do empres\u00e1rio: montar uma equipe ou terceirizar o marketing?<\/h2>\n<p><img fetchpriority=\"high\" decoding=\"async\" class=\"aligncenter wp-image-25417 size-full\" src=\"https:\/\/www.edialog.com.br\/wp-content\/uploads\/2016\/12\/terceiriz-imagem-destacada.png\" alt=\"terceiriz-o-marketing\" width=\"500\" height=\"315\" srcset=\"https:\/\/www.edialog.com.br\/wp-content\/uploads\/2016\/12\/terceiriz-imagem-destacada.png 500w, https:\/\/www.edialog.com.br\/wp-content\/uploads\/2016\/12\/terceiriz-imagem-destacada-300x189.png 300w\" sizes=\"(max-width: 500px) 100vw, 500px\" \/><\/p>\n<p>Uma coisa que aprendamos ao lidar com diversas empresas diariamente \u00e9 descobrir problemas a serem solucionados. E trazer solu\u00e7\u00f5es para esses &#8220;gargalos&#8221; \u00e9 uma forma de sermos ainda mais \u00fateis aos nossos clientes.<\/p>\n<p>A ideia de escrever sobre a terceiriza\u00e7\u00e3o do marketing veio de uma conversa que tive com um de nossos clientes. Ele contava com ag\u00eancias cuidando de pontos espec\u00edficos mas n\u00e3o contava com profissional na empresa para centralizar todos esses assuntos e auxiliar na estrat\u00e9gia de marketing.<\/p>\n<p>Se voc\u00ea tem uma empresa talvez esteja vivenciando isso. Antes de mais nada, ressalto e entendo que voc\u00ea poderia pensar: &#8216;ah, Renan, mas voc\u00eas s\u00e3o ag\u00eancia! \u00c9 \u00f3bvio que v\u00e3o dizer que a terceiriza\u00e7\u00e3o \u00e9 melhor&#8217;. Mas a hist\u00f3ria n\u00e3o \u00e9 bem essa. <strong>Terceirizar \u00e9 a nossa fonte vital mas nem sempre \u00e9 o ideal para uma empresa<\/strong> &#8211; e quando a empresa terceiriza no momento errado ou sem precisar disso, quem sofre \u00e9 a ag\u00eancia (e n\u00e3o queremos sofrer hehe).<\/p>\n<h2>Qual \u00e9 o problema do marketing nas pequenas e m\u00e9dias empresas?<\/h2>\n<p>Para discutir o problema \u00e9 importante entender qual tipo de empresa passa por essa situa\u00e7\u00e3o. Esse problema atinge empresas de pequeno ou m\u00e9dio porte estabelecidas no mercado, que j\u00e1 t\u00eam uma demanda sustent\u00e1vel para produtos e que querem crescer, se organizar melhor. Exemplo: uma f\u00e1brica de sapatos que sempre vendeu bem no B2B mas agora quer expandir para um e-commerce. Ou um dono de loja que est\u00e1 crescendo, pensa talvez em franquia ou mais lojas pr\u00f3prias.<\/p>\n<p>O problema gera diversas perguntas tais como: <strong>a empresa deve contratar uma pessoa para cuidar do marketing? Ou o dono cuida do marketing e terceiriza algumas fun\u00e7\u00f5es? Ou deve terceirizar tudo?<\/strong><\/p>\n<p>Na conversa com o cliente que citei, ele me contou que era exatamente isso que o afligia: vou ter v\u00e1rias ag\u00eancias cuidando do meu marketing ou pessoas pensando nessas quest\u00f5es internamente? Ou, uma terceira via, h\u00edbrida entre as duas situa\u00e7\u00f5es?<\/p>\n<h3>Alguns problemas que avaliamos em nossa conversa:<\/h3>\n<ol>\n<li>A rotatividade de profissionais no mercado. Ele contrata, a pessoa aprende, entrega alguns resultados e logo j\u00e1 vai para outra empresa.<\/li>\n<li>A dificuldade em achar bons profissionais que entendam de marketing, principalmente marketing digital.<br \/>\nTer o conhecimento para gerenciar essa equipe de marketing &#8211; afinal, ele, o propriet\u00e1rio, entendia muito pouco de digital (at\u00e9 sabe bastante sobre marketing mas n\u00e3o tem conhecimento t\u00e9cnico para detalhes como Adwords, por exemplo). Particularmente entendo que n\u00e3o \u00e9 obriga\u00e7\u00e3o do cliente entender de a\u00e7\u00f5es digitais, para isso orientamos nossos clientes, \u00e9 fundamental por\u00e9m que ele entenda plenamente sobre seu produto e servi\u00e7o.<\/li>\n<li>A dificuldade em encontrar profissionais que se aprofundem no entendimento da marca, avaliando quest\u00f5es de &#8220;raiz&#8221; tais como: diretriz estrat\u00e9gica, textos e escopo atualizado de produtos e servi\u00e7os al\u00e9m dos atributos da marca.<\/li>\n<li>\u00c9 oneroso para muitas empresas pequenas e m\u00e9dias ter um profissional &#8220;in house&#8221;, com perfil e conhecimento de Marketing, Digital e capacita\u00e7\u00e3o de gestor como colaborador CLT.<\/li>\n<\/ol>\n<h2>Quais os pontos positivos e negativos da terceiriza\u00e7\u00e3o?<\/h2>\n<p>A terceiriza\u00e7\u00e3o \u00e9 um processo mais \u00e1gil mas tamb\u00e9m apresenta alguns problemas como a depend\u00eancia de atores externos e a dificuldade de encontrar o fornecedor ideal. Mesmo para terceirizar \u00e9 preciso o m\u00ednimo de conhecimento para saber avaliar uma proposta que apresente as boas capacita\u00e7\u00f5es do fornecedor do servi\u00e7o.<\/p>\n<p>Construir algo internamente apresenta alguns benef\u00edcios sim, tais como uma maior facilidade de acompanhamento (se bem que hoje n\u00e3o existe mais barreiras, com o aux\u00edlio de Skype, Viber e e-mails) e claro, muitos outros tantos problemas tais como: custos estruturais, equipamentos, contrata\u00e7\u00e3o de equipe, encargos trabalhistas, controles de produ\u00e7\u00e3o, entre muitos outros.<\/p>\n<p>Para n\u00e3o ficar em cima do muro exponho uma vis\u00e3o que temos aqui na E-Dialog. Lidamos com diversas empresas ao longo dos \u00faltimos anos e na maior parte das vezes em que obtivemos os melhores resultados, <strong>trabalhamos com empresas que seguiam um modelo h\u00edbrido<\/strong>.<\/p>\n<p>O marketing era conduzido por algum respons\u00e1vel pela empresa que cuida da vis\u00e3o estrat\u00e9gica (ag\u00eancia ou equipe interna). E quest\u00f5es operacionais ficavam com ag\u00eancias como a E-Dialog e parceiros de desenvolvimento. Em alguns momentos, a\u00e7\u00f5es estrat\u00e9gicas surgiam das ag\u00eancias.<\/p>\n<p>E percebi o seguinte: <strong>as empresas precisam muito dessa vis\u00e3o estrat\u00e9gica de marketing<\/strong>. \u00c9 poss\u00edvel terceirizar isso tamb\u00e9m &#8211; ou, como eu prefiro dizer, incorporar.<\/p>\n<h2>\u00c1rea de marketing sem arcar com os custos de uma equipe<\/h2>\n<p>Existem excelentes consultorias que j\u00e1 fazem isso para empresas. Na E-Dialog, recomendamos a <a href=\"https:\/\/www.mativa.com.br\/?utm_source=edialog&amp;utm_medium=blogpost\">Mativa<\/a> y el <a href=\"https:\/\/ehlo.com.br\/?utm_source=edialog&amp;utm_medium=blogpost\">Ehlo<\/a> &#8211; que j\u00e1 trabalham em projetos conosco. Esses parceiros sabem avaliar ajudam a redefinir conceitos das marcas, preparando briefings com qualidade. Tamb\u00e9m apresentam qualifica\u00e7\u00e3o para gest\u00e3o de conte\u00fado estrat\u00e9gico, argumentos que formam a base para que n\u00f3s possamos elaborar o melhor plano digital e evoluir os argumentos dentro das particularidades das redes sociais e estrat\u00e9gias de Inbound Marketing.<\/p>\n<p>Para entender um pouco mais sobre os servi\u00e7os de nossos parceiros, apresentamos um breve descritivo de cada uma deles:<\/p>\n<h3>Mativa<\/h3>\n<p>Uma consultoria de branding dedicada ao planejamento, posicionamento e fortalecimento da marca de seus clientes, \u00e9 especializada em elaborar a\u00e7\u00f5es marketing, comunica\u00e7\u00e3o e digitais, baseadas em uma vis\u00e3o sin\u00e9rgica do neg\u00f3cio. A atua\u00e7\u00e3o da Mativa envolve o entendimento, organiza\u00e7\u00e3o e redefini\u00e7\u00e3o de argumentos e mensagens eficientes para a sua marca, objetivando melhores resultados. <a href=\"https:\/\/mativa.com.br\/?utm_source=edialog&amp;utm_medium=blogpost\">www.mativa.com.br<\/a><\/p>\n<h3>ehlo &#8211; house of marketing<\/h3>\n<p>A <a href=\"https:\/\/ehlo.com.br\/?utm_source=edialog&amp;utm_medium=blogpost\">ehlo &#8211; house of marketing<\/a> \u00e9 uma empresa de\u00a0marketing outsourcing para pequenas e m\u00e9dias empresas. N\u00e3o \u00e9 uma ag\u00eancia, nem consultoria. Atua como o a \u00e1rea de marketing que todo empres\u00e1rio precisa, mas acaba n\u00e3o tendo tempo, estrutura ou know-how para seguir com essas atividades. Possuem uma metodologia elaborada a partir de sua experi\u00eancia em marketing em marcas globais e em Pequenas e M\u00e9dias Empresas.<\/p>\n<p>Caso sua empresa n\u00e3o disponha de verba para investir e terceirizar o marketing n\u00e3o seja uma op\u00e7\u00e3o no momento, escrevi um artigo que fala um pouco mais sobre essa situa\u00e7\u00e3o aqui.<\/p>\n<p style=\"text-align: center;\"><a href=\"https:\/\/materiais.edialog.com.br\/analise?utm_source=edialog&amp;utm_medium=blogpost\">Quer receber uma consultoria gratuita em marketing digital para sua empresa?\u00a0Clique aqui.<\/a><\/p>\n<p><em>\u00bfLe ha gustado el art\u00edculo? M\u00e1s informaci\u00f3n\u00a0<a href=\"https:\/\/www.edialog.com.br\/es\/gestao-de-redes-sociais\/\">gesti\u00f3n de redes sociales<\/a>,\u00a0<a href=\"https:\/\/www.edialog.com.br\/es\/consultoria-google-ads\/\">Consultor\u00eda Google Ads<\/a>,\u00a0<a href=\"https:\/\/www.edialog.com.br\/es\/midia-social\/o-que-e-inbound-marketing\/\">Inbound Marketing<\/a>\u00a0y otros temas de marketing digital en el blog de E-Dialog.<\/em><\/p>","protected":false},"excerpt":{"rendered":"<p>\u00bfExternalizar el marketing o no? Esta es una pregunta que se hacen muchas empresas. En este art\u00edculo explicamos los pros y los contras y damos consejos para peque\u00f1as y medianas empresas.<\/p>","protected":false},"author":1,"featured_media":25417,"comment_status":"open","ping_status":"open","sticky":false,"template":"","format":"standard","meta":{"_acf_changed":false,"content-type":"","footnotes":""},"categories":[36],"tags":[64,628,627],"class_list":["post-25407","post","type-post","status-publish","format-standard","has-post-thumbnail","hentry","category-empresarial","tag-marketing","tag-terceirizacao","tag-terceirizar"],"acf":[],"yoast_head":"<!-- This site is optimized with the Yoast SEO Premium plugin v27.5 (Yoast SEO v27.5) - https:\/\/yoast.com\/product\/yoast-seo-premium-wordpress\/ -->\n<title>Terceirizar o marketing com uma ag\u00eancia: pontos positivos e negativos<\/title>\n<meta name=\"description\" content=\"Uma an\u00e1lise sobre os desafios que as pequenos e m\u00e9dios empresas enfretam no dia a dia e que podem afetar na decis\u00e3o de terceirizar o marketing.\" \/>\n<meta name=\"robots\" content=\"index, follow, max-snippet:-1, max-image-preview:large, max-video-preview:-1\" \/>\n<link rel=\"canonical\" href=\"https:\/\/www.edialog.com.br\/es\/terceirizar-marketing\/\" \/>\n<meta property=\"og:locale\" content=\"es_ES\" \/>\n<meta property=\"og:type\" content=\"article\" \/>\n<meta property=\"og:title\" content=\"Minha empresa deve Terceirizar o Marketing com uma ag\u00eancia?\" \/>\n<meta property=\"og:description\" content=\"Uma an\u00e1lise sobre os desafios que as pequenos e m\u00e9dios empresas enfretam no dia a dia e que podem afetar na decis\u00e3o de terceirizar o marketing.\" \/>\n<meta property=\"og:url\" content=\"https:\/\/www.edialog.com.br\/es\/terceirizar-marketing\/\" \/>\n<meta property=\"og:site_name\" content=\"Ag\u00eancia de Inbound Marketing | E-Dialog\" \/>\n<meta property=\"article:publisher\" content=\"https:\/\/facebook.com\/edialogcomunicacao\" \/>\n<meta property=\"article:author\" content=\"http:\/\/facebook.com\/renancaixeiro\" \/>\n<meta property=\"article:published_time\" content=\"2019-02-26T17:41:18+00:00\" \/>\n<meta property=\"article:modified_time\" content=\"2025-05-05T00:41:10+00:00\" \/>\n<meta property=\"og:image\" content=\"https:\/\/www.edialog.com.br\/wp-content\/uploads\/2016\/12\/terceiriz-imagem-destacada.png\" \/>\n\t<meta property=\"og:image:width\" content=\"500\" \/>\n\t<meta property=\"og:image:height\" content=\"315\" \/>\n\t<meta property=\"og:image:type\" content=\"image\/png\" \/>\n<meta name=\"author\" content=\"Renan Caixeiro\" \/>\n<meta name=\"twitter:label1\" content=\"Escrito por\" \/>\n\t<meta name=\"twitter:data1\" content=\"Renan Caixeiro\" \/>\n\t<meta name=\"twitter:label2\" content=\"Tiempo de lectura\" \/>\n\t<meta name=\"twitter:data2\" content=\"7 minutos\" \/>\n<script type=\"application\/ld+json\" class=\"yoast-schema-graph\">{\"@context\":\"https:\\\/\\\/schema.org\",\"@graph\":[{\"@type\":[\"Article\",\"BlogPosting\"],\"@id\":\"https:\\\/\\\/www.edialog.com.br\\\/terceirizar-marketing\\\/#article\",\"isPartOf\":{\"@id\":\"https:\\\/\\\/www.edialog.com.br\\\/terceirizar-marketing\\\/\"},\"author\":{\"name\":\"Renan Caixeiro\",\"@id\":\"https:\\\/\\\/www.edialog.com.br\\\/#\\\/schema\\\/person\\\/7f509934e54fd30b9d2d02cf51b60966\"},\"headline\":\"Minha empresa deve Terceirizar o Marketing com uma ag\u00eancia?\",\"datePublished\":\"2019-02-26T17:41:18+00:00\",\"dateModified\":\"2025-05-05T00:41:10+00:00\",\"mainEntityOfPage\":{\"@id\":\"https:\\\/\\\/www.edialog.com.br\\\/terceirizar-marketing\\\/\"},\"wordCount\":1258,\"commentCount\":0,\"publisher\":{\"@id\":\"https:\\\/\\\/www.edialog.com.br\\\/#organization\"},\"image\":{\"@id\":\"https:\\\/\\\/www.edialog.com.br\\\/terceirizar-marketing\\\/#primaryimage\"},\"thumbnailUrl\":\"https:\\\/\\\/www.edialog.com.br\\\/wp-content\\\/uploads\\\/2016\\\/12\\\/terceiriz-imagem-destacada.png\",\"keywords\":[\"marketing\",\"terceiriza\u00e7\u00e3o\",\"terceirizar\"],\"articleSection\":[\"Empresarial\"],\"inLanguage\":\"es\",\"potentialAction\":[{\"@type\":\"CommentAction\",\"name\":\"Comment\",\"target\":[\"https:\\\/\\\/www.edialog.com.br\\\/terceirizar-marketing\\\/#respond\"]}]},{\"@type\":\"WebPage\",\"@id\":\"https:\\\/\\\/www.edialog.com.br\\\/terceirizar-marketing\\\/\",\"url\":\"https:\\\/\\\/www.edialog.com.br\\\/terceirizar-marketing\\\/\",\"name\":\"Terceirizar o marketing com uma ag\u00eancia: pontos positivos e negativos\",\"isPartOf\":{\"@id\":\"https:\\\/\\\/www.edialog.com.br\\\/#website\"},\"primaryImageOfPage\":{\"@id\":\"https:\\\/\\\/www.edialog.com.br\\\/terceirizar-marketing\\\/#primaryimage\"},\"image\":{\"@id\":\"https:\\\/\\\/www.edialog.com.br\\\/terceirizar-marketing\\\/#primaryimage\"},\"thumbnailUrl\":\"https:\\\/\\\/www.edialog.com.br\\\/wp-content\\\/uploads\\\/2016\\\/12\\\/terceiriz-imagem-destacada.png\",\"datePublished\":\"2019-02-26T17:41:18+00:00\",\"dateModified\":\"2025-05-05T00:41:10+00:00\",\"description\":\"Uma an\u00e1lise sobre os desafios que as pequenos e m\u00e9dios empresas enfretam no dia a dia e que podem afetar na decis\u00e3o de terceirizar o marketing.\",\"breadcrumb\":{\"@id\":\"https:\\\/\\\/www.edialog.com.br\\\/terceirizar-marketing\\\/#breadcrumb\"},\"inLanguage\":\"es\",\"potentialAction\":[{\"@type\":\"ReadAction\",\"target\":[\"https:\\\/\\\/www.edialog.com.br\\\/terceirizar-marketing\\\/\"]}]},{\"@type\":\"ImageObject\",\"inLanguage\":\"es\",\"@id\":\"https:\\\/\\\/www.edialog.com.br\\\/terceirizar-marketing\\\/#primaryimage\",\"url\":\"https:\\\/\\\/www.edialog.com.br\\\/wp-content\\\/uploads\\\/2016\\\/12\\\/terceiriz-imagem-destacada.png\",\"contentUrl\":\"https:\\\/\\\/www.edialog.com.br\\\/wp-content\\\/uploads\\\/2016\\\/12\\\/terceiriz-imagem-destacada.png\",\"width\":500,\"height\":315},{\"@type\":\"BreadcrumbList\",\"@id\":\"https:\\\/\\\/www.edialog.com.br\\\/terceirizar-marketing\\\/#breadcrumb\",\"itemListElement\":[{\"@type\":\"ListItem\",\"position\":1,\"name\":\"Home\",\"item\":\"https:\\\/\\\/www.edialog.com.br\\\/\"},{\"@type\":\"ListItem\",\"position\":2,\"name\":\"Empresarial\",\"item\":\"https:\\\/\\\/www.edialog.com.br\\\/category\\\/empresarial\\\/\"},{\"@type\":\"ListItem\",\"position\":3,\"name\":\"Minha empresa deve Terceirizar o Marketing com uma ag\u00eancia?\"}]},{\"@type\":\"WebSite\",\"@id\":\"https:\\\/\\\/www.edialog.com.br\\\/#website\",\"url\":\"https:\\\/\\\/www.edialog.com.br\\\/\",\"name\":\"Ag\u00eancia de Inbound Marketing | E-Dialog\",\"description\":\"Ag\u00eancia de Inbound Marketing premiada com solu\u00e7\u00f5es completas para o seu neg\u00f3cio. Atraia leads, com conte\u00fados \u00fanicos e envolventes. Solicite or\u00e7amento!\",\"publisher\":{\"@id\":\"https:\\\/\\\/www.edialog.com.br\\\/#organization\"},\"potentialAction\":[{\"@type\":\"SearchAction\",\"target\":{\"@type\":\"EntryPoint\",\"urlTemplate\":\"https:\\\/\\\/www.edialog.com.br\\\/?s={search_term_string}\"},\"query-input\":{\"@type\":\"PropertyValueSpecification\",\"valueRequired\":true,\"valueName\":\"search_term_string\"}}],\"inLanguage\":\"es\"},{\"@type\":\"Organization\",\"@id\":\"https:\\\/\\\/www.edialog.com.br\\\/#organization\",\"name\":\"Ag\u00eancia de M\u00eddias Sociais e Marketing Digital | E-Dialog\",\"url\":\"https:\\\/\\\/www.edialog.com.br\\\/\",\"logo\":{\"@type\":\"ImageObject\",\"inLanguage\":\"es\",\"@id\":\"https:\\\/\\\/www.edialog.com.br\\\/#\\\/schema\\\/logo\\\/image\\\/\",\"url\":\"https:\\\/\\\/www.edialog.com.br\\\/wp-content\\\/uploads\\\/2021\\\/09\\\/edialog-logo-case.png\",\"contentUrl\":\"https:\\\/\\\/www.edialog.com.br\\\/wp-content\\\/uploads\\\/2021\\\/09\\\/edialog-logo-case.png\",\"width\":810,\"height\":450,\"caption\":\"Ag\u00eancia de M\u00eddias Sociais e Marketing Digital | E-Dialog\"},\"image\":{\"@id\":\"https:\\\/\\\/www.edialog.com.br\\\/#\\\/schema\\\/logo\\\/image\\\/\"},\"sameAs\":[\"https:\\\/\\\/facebook.com\\\/edialogcomunicacao\",\"https:\\\/\\\/x.com\\\/edialog_br\",\"https:\\\/\\\/www.instagram.com\\\/edialog_br\",\"https:\\\/\\\/www.linkedin.com\\\/company\\\/e-dialog-comunica-o-digital\",\"https:\\\/\\\/www.youtube.com\\\/channel\\\/UCPiVQ_yVlcCqWS2sRzJZj7g\"]},{\"@type\":\"Person\",\"@id\":\"https:\\\/\\\/www.edialog.com.br\\\/#\\\/schema\\\/person\\\/7f509934e54fd30b9d2d02cf51b60966\",\"name\":\"Renan Caixeiro\",\"image\":{\"@type\":\"ImageObject\",\"inLanguage\":\"es\",\"@id\":\"https:\\\/\\\/www.edialog.com.br\\\/wp-content\\\/uploads\\\/2023\\\/11\\\/renan-caixeiro-150x150.jpg\",\"url\":\"https:\\\/\\\/www.edialog.com.br\\\/wp-content\\\/uploads\\\/2023\\\/11\\\/renan-caixeiro-150x150.jpg\",\"contentUrl\":\"https:\\\/\\\/www.edialog.com.br\\\/wp-content\\\/uploads\\\/2023\\\/11\\\/renan-caixeiro-150x150.jpg\",\"caption\":\"Renan Caixeiro\"},\"description\":\"S\u00f3cio Diretor na E-Dialog, \u00e9 graduado em Jornalismo e p\u00f3s-graduado em Comunica\u00e7\u00e3o Corporativa, ambos pela UFJF. Est\u00e1 \u00e0 frente do Reportei, SaaS de relat\u00f3rios e dashboards, \u00e9 host do Projeto SaaS, podcast que compartilha experi\u00eancias do universo de software as a service, e s\u00f3cio da Aquela Caixa, comunidade para profissionais de cria\u00e7\u00e3o. Torcedor do Vasco, tem como meta comprar o Gigante da Colina. LinkedIn: @renancaixeiro \\\/ Instagram: @renancaixeiro.\",\"sameAs\":[\"http:\\\/\\\/facebook.com\\\/renancaixeiro\",\"https:\\\/\\\/www.instagram.com\\\/renancaixeiro\\\/\",\"https:\\\/\\\/br.linkedin.com\\\/in\\\/renancaixeiro\\\/pt\",\"https:\\\/\\\/x.com\\\/renancaixeiro\"],\"url\":\"https:\\\/\\\/www.edialog.com.br\\\/es\\\/author\\\/renancaixeiro\\\/\"}]}<\/script>\n<!-- \/ Yoast SEO Premium plugin. -->","yoast_head_json":{"title":"Terceirizar o marketing com uma ag\u00eancia: pontos positivos e negativos","description":"Uma an\u00e1lise sobre os desafios que as pequenos e m\u00e9dios empresas enfretam no dia a dia e que podem afetar na decis\u00e3o de terceirizar o marketing.","robots":{"index":"index","follow":"follow","max-snippet":"max-snippet:-1","max-image-preview":"max-image-preview:large","max-video-preview":"max-video-preview:-1"},"canonical":"https:\/\/www.edialog.com.br\/es\/terceirizar-marketing\/","og_locale":"es_ES","og_type":"article","og_title":"Minha empresa deve Terceirizar o Marketing com uma ag\u00eancia?","og_description":"Uma an\u00e1lise sobre os desafios que as pequenos e m\u00e9dios empresas enfretam no dia a dia e que podem afetar na decis\u00e3o de terceirizar o marketing.","og_url":"https:\/\/www.edialog.com.br\/es\/terceirizar-marketing\/","og_site_name":"Ag\u00eancia de Inbound Marketing | E-Dialog","article_publisher":"https:\/\/facebook.com\/edialogcomunicacao","article_author":"http:\/\/facebook.com\/renancaixeiro","article_published_time":"2019-02-26T17:41:18+00:00","article_modified_time":"2025-05-05T00:41:10+00:00","og_image":[{"width":500,"height":315,"url":"https:\/\/www.edialog.com.br\/wp-content\/uploads\/2016\/12\/terceiriz-imagem-destacada.png","type":"image\/png"}],"author":"Renan Caixeiro","twitter_misc":{"Escrito por":"Renan Caixeiro","Tiempo de lectura":"7 minutos"},"schema":{"@context":"https:\/\/schema.org","@graph":[{"@type":["Article","BlogPosting"],"@id":"https:\/\/www.edialog.com.br\/terceirizar-marketing\/#article","isPartOf":{"@id":"https:\/\/www.edialog.com.br\/terceirizar-marketing\/"},"author":{"name":"Renan Caixeiro","@id":"https:\/\/www.edialog.com.br\/#\/schema\/person\/7f509934e54fd30b9d2d02cf51b60966"},"headline":"Minha empresa deve Terceirizar o Marketing com uma ag\u00eancia?","datePublished":"2019-02-26T17:41:18+00:00","dateModified":"2025-05-05T00:41:10+00:00","mainEntityOfPage":{"@id":"https:\/\/www.edialog.com.br\/terceirizar-marketing\/"},"wordCount":1258,"commentCount":0,"publisher":{"@id":"https:\/\/www.edialog.com.br\/#organization"},"image":{"@id":"https:\/\/www.edialog.com.br\/terceirizar-marketing\/#primaryimage"},"thumbnailUrl":"https:\/\/www.edialog.com.br\/wp-content\/uploads\/2016\/12\/terceiriz-imagem-destacada.png","keywords":["marketing","terceiriza\u00e7\u00e3o","terceirizar"],"articleSection":["Empresarial"],"inLanguage":"es","potentialAction":[{"@type":"CommentAction","name":"Comment","target":["https:\/\/www.edialog.com.br\/terceirizar-marketing\/#respond"]}]},{"@type":"WebPage","@id":"https:\/\/www.edialog.com.br\/terceirizar-marketing\/","url":"https:\/\/www.edialog.com.br\/terceirizar-marketing\/","name":"Terceirizar o marketing com uma ag\u00eancia: pontos positivos e negativos","isPartOf":{"@id":"https:\/\/www.edialog.com.br\/#website"},"primaryImageOfPage":{"@id":"https:\/\/www.edialog.com.br\/terceirizar-marketing\/#primaryimage"},"image":{"@id":"https:\/\/www.edialog.com.br\/terceirizar-marketing\/#primaryimage"},"thumbnailUrl":"https:\/\/www.edialog.com.br\/wp-content\/uploads\/2016\/12\/terceiriz-imagem-destacada.png","datePublished":"2019-02-26T17:41:18+00:00","dateModified":"2025-05-05T00:41:10+00:00","description":"Uma an\u00e1lise sobre os desafios que as pequenos e m\u00e9dios empresas enfretam no dia a dia e que podem afetar na decis\u00e3o de terceirizar o marketing.","breadcrumb":{"@id":"https:\/\/www.edialog.com.br\/terceirizar-marketing\/#breadcrumb"},"inLanguage":"es","potentialAction":[{"@type":"ReadAction","target":["https:\/\/www.edialog.com.br\/terceirizar-marketing\/"]}]},{"@type":"ImageObject","inLanguage":"es","@id":"https:\/\/www.edialog.com.br\/terceirizar-marketing\/#primaryimage","url":"https:\/\/www.edialog.com.br\/wp-content\/uploads\/2016\/12\/terceiriz-imagem-destacada.png","contentUrl":"https:\/\/www.edialog.com.br\/wp-content\/uploads\/2016\/12\/terceiriz-imagem-destacada.png","width":500,"height":315},{"@type":"BreadcrumbList","@id":"https:\/\/www.edialog.com.br\/terceirizar-marketing\/#breadcrumb","itemListElement":[{"@type":"ListItem","position":1,"name":"Home","item":"https:\/\/www.edialog.com.br\/"},{"@type":"ListItem","position":2,"name":"Empresarial","item":"https:\/\/www.edialog.com.br\/category\/empresarial\/"},{"@type":"ListItem","position":3,"name":"Minha empresa deve Terceirizar o Marketing com uma ag\u00eancia?"}]},{"@type":"WebSite","@id":"https:\/\/www.edialog.com.br\/#website","url":"https:\/\/www.edialog.com.br\/","name":"Agencia de marketing entrante | E-Dialog","description":"Ag\u00eancia de Inbound Marketing premiada com solu\u00e7\u00f5es completas para o seu neg\u00f3cio. Atraia leads, com conte\u00fados \u00fanicos e envolventes. Solicite or\u00e7amento!","publisher":{"@id":"https:\/\/www.edialog.com.br\/#organization"},"potentialAction":[{"@type":"SearchAction","target":{"@type":"EntryPoint","urlTemplate":"https:\/\/www.edialog.com.br\/?s={search_term_string}"},"query-input":{"@type":"PropertyValueSpecification","valueRequired":true,"valueName":"search_term_string"}}],"inLanguage":"es"},{"@type":"Organization","@id":"https:\/\/www.edialog.com.br\/#organization","name":"Ag\u00eancia de M\u00eddias Sociais e Marketing Digital | E-Dialog","url":"https:\/\/www.edialog.com.br\/","logo":{"@type":"ImageObject","inLanguage":"es","@id":"https:\/\/www.edialog.com.br\/#\/schema\/logo\/image\/","url":"https:\/\/www.edialog.com.br\/wp-content\/uploads\/2021\/09\/edialog-logo-case.png","contentUrl":"https:\/\/www.edialog.com.br\/wp-content\/uploads\/2021\/09\/edialog-logo-case.png","width":810,"height":450,"caption":"Ag\u00eancia de M\u00eddias Sociais e Marketing Digital | E-Dialog"},"image":{"@id":"https:\/\/www.edialog.com.br\/#\/schema\/logo\/image\/"},"sameAs":["https:\/\/facebook.com\/edialogcomunicacao","https:\/\/x.com\/edialog_br","https:\/\/www.instagram.com\/edialog_br","https:\/\/www.linkedin.com\/company\/e-dialog-comunica-o-digital","https:\/\/www.youtube.com\/channel\/UCPiVQ_yVlcCqWS2sRzJZj7g"]},{"@type":"Person","@id":"https:\/\/www.edialog.com.br\/#\/schema\/person\/7f509934e54fd30b9d2d02cf51b60966","name":"Renan Caixeiro","image":{"@type":"ImageObject","inLanguage":"es","@id":"https:\/\/www.edialog.com.br\/wp-content\/uploads\/2023\/11\/renan-caixeiro-150x150.jpg","url":"https:\/\/www.edialog.com.br\/wp-content\/uploads\/2023\/11\/renan-caixeiro-150x150.jpg","contentUrl":"https:\/\/www.edialog.com.br\/wp-content\/uploads\/2023\/11\/renan-caixeiro-150x150.jpg","caption":"Renan Caixeiro"},"description":"S\u00f3cio Diretor na E-Dialog, \u00e9 graduado em Jornalismo e p\u00f3s-graduado em Comunica\u00e7\u00e3o Corporativa, ambos pela UFJF. Est\u00e1 \u00e0 frente do Reportei, SaaS de relat\u00f3rios e dashboards, \u00e9 host do Projeto SaaS, podcast que compartilha experi\u00eancias do universo de software as a service, e s\u00f3cio da Aquela Caixa, comunidade para profissionais de cria\u00e7\u00e3o. Torcedor do Vasco, tem como meta comprar o Gigante da Colina. LinkedIn: @renancaixeiro \/ Instagram: @renancaixeiro.","sameAs":["http:\/\/facebook.com\/renancaixeiro","https:\/\/www.instagram.com\/renancaixeiro\/","https:\/\/br.linkedin.com\/in\/renancaixeiro\/pt","https:\/\/x.com\/renancaixeiro"],"url":"https:\/\/www.edialog.com.br\/es\/author\/renancaixeiro\/"}]}},"_links":{"self":[{"href":"https:\/\/www.edialog.com.br\/es\/wp-json\/wp\/v2\/posts\/25407","targetHints":{"allow":["GET"]}}],"collection":[{"href":"https:\/\/www.edialog.com.br\/es\/wp-json\/wp\/v2\/posts"}],"about":[{"href":"https:\/\/www.edialog.com.br\/es\/wp-json\/wp\/v2\/types\/post"}],"author":[{"embeddable":true,"href":"https:\/\/www.edialog.com.br\/es\/wp-json\/wp\/v2\/users\/1"}],"replies":[{"embeddable":true,"href":"https:\/\/www.edialog.com.br\/es\/wp-json\/wp\/v2\/comments?post=25407"}],"version-history":[{"count":1,"href":"https:\/\/www.edialog.com.br\/es\/wp-json\/wp\/v2\/posts\/25407\/revisions"}],"predecessor-version":[{"id":229150,"href":"https:\/\/www.edialog.com.br\/es\/wp-json\/wp\/v2\/posts\/25407\/revisions\/229150"}],"wp:featuredmedia":[{"embeddable":true,"href":"https:\/\/www.edialog.com.br\/es\/wp-json\/wp\/v2\/media\/25417"}],"wp:attachment":[{"href":"https:\/\/www.edialog.com.br\/es\/wp-json\/wp\/v2\/media?parent=25407"}],"wp:term":[{"taxonomy":"category","embeddable":true,"href":"https:\/\/www.edialog.com.br\/es\/wp-json\/wp\/v2\/categories?post=25407"},{"taxonomy":"post_tag","embeddable":true,"href":"https:\/\/www.edialog.com.br\/es\/wp-json\/wp\/v2\/tags?post=25407"}],"curies":[{"name":"wp","href":"https:\/\/api.w.org\/{rel}","templated":true}]}}