{"id":25282,"date":"2022-11-01T09:19:44","date_gmt":"2022-11-01T12:19:44","guid":{"rendered":"https:\/\/www.edialog.com.br\/?p=25282"},"modified":"2024-08-13T16:06:32","modified_gmt":"2024-08-13T19:06:32","slug":"como-se-preparar-para-black-friday-confira-3-dicas","status":"publish","type":"post","link":"https:\/\/www.edialog.com.br\/es\/como-se-preparar-para-black-friday-confira-3-dicas\/","title":{"rendered":"Como se preparar para a Black Friday? Dicas para empresas"},"content":{"rendered":"<p><span style=\"font-weight: 400;\">J\u00e1 come\u00e7ou a se preparar para a Black Friday? Esse costume de reduzir pre\u00e7os come\u00e7ou nos Estados Unidos e tradicionalmente acontece na sexta ap\u00f3s o dia de A\u00e7\u00e3o de Gra\u00e7as. Neste ano, ser\u00e1 no dia 25 de Novembro no Brasil.<\/span><\/p>\n<p><span style=\"font-weight: 400;\">As ofertas aconteciam nas lojas f\u00edsicas e, com o tempo, chegaram tamb\u00e9m na internet, nos e-commerce e no atendimento online como um todo.<\/span><\/p>\n<p><span style=\"font-weight: 400;\">No Brasil, a data j\u00e1 gerou pol\u00eamicas, como descontos fraudulentos, garantindo a cria\u00e7\u00e3o do <\/span><a href=\"http:\/\/blackfridaylegal2016.com.br\/\"><span style=\"font-weight: 400;\">Selo Black Friday Legal<\/span><\/a><span style=\"font-weight: 400;\"> para evitar este tipo de situa\u00e7\u00e3o. Quer aproveitar a data para ampliar as suas vendas? Confira 3 dicas para se preparar para a Black Friday e se destacar da concorr\u00eancia.<\/span><\/p>\n<figure id=\"attachment_25283\" aria-describedby=\"caption-attachment-25283\" style=\"width: 1940px\" class=\"wp-caption aligncenter\"><a href=\"https:\/\/www.edialog.com.br\/wp-content\/uploads\/2016\/11\/se-preparar-para-a-black-friday-momento-importante-para-as-vendas.jpg\"><img fetchpriority=\"high\" decoding=\"async\" class=\"wp-image-25283 size-full\" src=\"https:\/\/www.edialog.com.br\/wp-content\/uploads\/2016\/11\/se-preparar-para-a-black-friday-momento-importante-para-as-vendas.jpg\" alt=\"se-preparar-para-a-black-friday-momento-importante-para-as-vendas\" width=\"1940\" height=\"1293\" \/><\/a><figcaption id=\"caption-attachment-25283\" class=\"wp-caption-text\">Foto: Reproducci\u00f3n<\/figcaption><\/figure>\n<h2><span style=\"font-weight: 400;\">Como se preparar para a Black Friday?<\/span><\/h2>\n<p><span style=\"font-weight: 400;\">Voc\u00ea n\u00e3o deve come\u00e7ar a pensar na Black Friday na semana do evento. \u00c9 necess\u00e1rio estabelecer ao menos 15 dias de anteced\u00eancia para garantir a plena execu\u00e7\u00e3o de todas as estrat\u00e9gias necess\u00e1rias para atrair mais leads e potenciais clientes.\u00a0<\/span><\/p>\n<p><span style=\"font-weight: 400;\">Para isso, pense em uma campanha espalhada em diversos canais de comunica\u00e7\u00e3o: e-mail, redes sociais, an\u00fancios, disparos no WhatsApp para a base de clientes dispon\u00edvel etc.<\/span><\/p>\n<p><span style=\"font-weight: 400;\">Entenda qual canal tem mais valor para cada aspecto dessa estrat\u00e9gia de marketing e alinhe com a equipe de vendas o que poder\u00e1 fazer em cada um deles: os descontos que poder\u00e1 anunciar antes do dia, os produtos j\u00e1 selecionados, ofertas estendidas e o que mais tiver em m\u00e3os para usar.<\/span><\/p>\n<p><span style=\"font-weight: 400;\">Abaixo, algumas dicas para o seu planejamento.\u00a0<\/span><\/p>\n<h3><span style=\"font-weight: 400;\">#1 Selecione os produtos e planeje a divulga\u00e7\u00e3o<\/span><\/h3>\n<p><span style=\"font-weight: 400;\">A primeira medida a ser tomada para se preparar para a Black Friday \u00e9 definir quais produtos ser\u00e3o colocados \u00e0 venda com descontos.\u00a0<\/span><\/p>\n<p><span style=\"font-weight: 400;\">Para definir isso, analise em seu portf\u00f3lio os produtos com maior margem para disponibilizar os descontos, veja quais est\u00e3o parados no estoque e separe aqueles chamados de \u201ciscas\u201d \u2013 s\u00e3o baratos, tem grande ades\u00e3o e s\u00e3o porta de entrada para a negocia\u00e7\u00e3o de outros itens com venda mais complexa.<\/span><\/p>\n<p><span style=\"font-weight: 400;\">Feita a sele\u00e7\u00e3o dos produtos que ser\u00e3o vendidos, planeje como se dar\u00e1 a divulga\u00e7\u00e3o da Black Friday para cada um dos pontos acima. Essa \u00e9 uma etapa importante para se preparar para a Black Friday porque seus consumidores precisam saber mais sobre os produtos e servi\u00e7os antes de entrarem no seu site.<\/span><\/p>\n<p><span style=\"font-weight: 400;\">Separe imagens das ofertas e as comunique com anteced\u00eancia. Foque bastante na limita\u00e7\u00e3o de estoque dispon\u00edvel e a urg\u00eancia em fechar o neg\u00f3cio, j\u00e1 que a campanha \u00e9 por tempo limitado.<\/span><\/p>\n<h3><span style=\"font-weight: 400;\">#2 Invista em m\u00eddia paga com remarketing<\/span><\/h3>\n<p><span style=\"font-weight: 400;\">Se voc\u00ea n\u00e3o trabalha com <\/span><a href=\"https:\/\/www.edialog.com.br\/es\/remarketing\/\"><span style=\"font-weight: 400;\">pixel de remarketing no seu site<\/span><\/a><span style=\"font-weight: 400;\">, aproveite para se preparar para a Black Friday e invista nessa estrat\u00e9gia.\u00a0<\/span><\/p>\n<p><span style=\"font-weight: 400;\">\u00c9 poss\u00edvel instalar o pixel e criar listas de remarketing para determinados servi\u00e7os e produtos e segmentar os p\u00fablicos de acordo com seus interesses.<\/span><\/p>\n<p><span style=\"font-weight: 400;\">O pixel de remarketing faz o acompanhamento do IP de um usu\u00e1rio de maneira an\u00f4nima respeitando a LGPD. Basicamente, ele sabe qual foi o dispositivo que acessou o site e o que ele viu.\u00a0<\/span><\/p>\n<p><span style=\"font-weight: 400;\">Com esse pixel no seu site voc\u00ea consegue segmentar melhor suas campanhas e falar apenas com as pessoas que acessaram sua p\u00e1gina de produtos, por exemplo.<\/span><\/p>\n<p><span style=\"font-weight: 400;\">Um exemplo cl\u00e1ssico \u00e9 quando voc\u00ea entra em um site para pesquisar o valor de alguma coisa e depois passa \u201ca ser perseguido\u201d em toda a internet por an\u00fancios daquele produto. Isso \u00e9 o remarketing: reestabelecer a comunica\u00e7\u00e3o com um potencial cliente atrav\u00e9s de an\u00fancios ativados com um <a href=\"https:\/\/www.edialog.com.br\/es\/desencadenantes-mentales\/\">desencadenar<\/a> de acesso e visualiza\u00e7\u00e3o de p\u00e1gina.<\/span><\/p>\n<p><span style=\"font-weight: 400;\">Assim, no dia da Black Friday voc\u00ea conseguir\u00e1 exibir para o p\u00fablico a oferta que mais lhes interessa e garantir que mais pessoas convertam no an\u00fancio e acessem sua p\u00e1gina, pois j\u00e1 possuem familiaridade com os produtos e servi\u00e7os.<\/span><\/p>\n<p><span style=\"font-weight: 400;\">Voc\u00ea pode tamb\u00e9m criar uma <\/span><a href=\"https:\/\/www.edialog.com.br\/es\/listas\/5-dicas-para-montar-uma-landing-page\/\"><span style=\"font-weight: 400;\">Landing Page<\/span><\/a><span style=\"font-weight: 400;\"> espec\u00edfica para a Black Friday antes da data. Assim voc\u00ea consegue capturar o e-mail dessas pessoas que est\u00e3o interessadas nas ofertas da sua empresa e se comunicar com elas para gerar mais expectativas, garantindo que elas recebam o aviso de que a Black Friday est\u00e1 no ar.<\/span><\/p>\n<p><span style=\"font-weight: 400;\">A partir dessa estrat\u00e9gia, \u00e9 poss\u00edvel alcan\u00e7ar o seu p\u00fablico antes da concorr\u00eancia, gerar conte\u00fados interessantes e acelerar o ciclo de vendas com a divulga\u00e7\u00e3o de quais ser\u00e3o as ofertas e limite dos estoques.<\/span><\/p>\n<h3><span style=\"font-weight: 400;\">#3 Prepare sua equipe de vendas<\/span><\/h3>\n<p><span style=\"font-weight: 400;\">Para se preparar para a Black Friday, \u00e9 importante tamb\u00e9m integrar o seu time de vendas sobre o valor dessa data.\u00a0<\/span><\/p>\n<p><span style=\"font-weight: 400;\">Converse com seus vendedores e os instrua a reativar o relacionamento com leads atrav\u00e9s da prospec\u00e7\u00e3o ativa ou e-mail marketing, por exemplo.\u00a0<\/span><\/p>\n<p><span style=\"font-weight: 400;\"><a href=\"https:\/\/www.edialog.com.br\/es\/crm-e-marketing-digital-invista-nessa-uniao\/\" target=\"_blank\" rel=\"noopener\">Quem possui um CRM integrado<\/a> pode fazer isso muito bem e, al\u00e9m de reativar contatos antigos, pode acelerar o processo de tomada de decis\u00e3o de novos contatos com a promessa de condi\u00e7\u00f5es imperd\u00edveis na semana.<\/span><\/p>\n<p><span style=\"font-weight: 400;\">Isso vale mais para empresas que trabalham com servi\u00e7os, como <a href=\"https:\/\/www.edialog.com.br\/es\/o-que-e-saas\/\">SaaS<\/a>, consultorias etc.<\/span><\/p>\n<p><span style=\"font-weight: 400;\">Al\u00e9m disso, alinhe tamb\u00e9m quais ser\u00e3o as ofertas dispon\u00edveis para o time comercial em caso de negocia\u00e7\u00f5es complexas para evitar desalinhamentos e preju\u00edzo no fim do dia &#8211; como um vendedor que acaba baixando demais o pre\u00e7o e p\u00f5e a empresa em maus len\u00e7\u00f3is.<\/span><\/p>\n<p><span style=\"font-weight: 400;\">Por fim, revisar o seu e-commerce \u00e9 essencial. Melhore a descri\u00e7\u00e3o dos produtos e servi\u00e7os, imagens dispon\u00edveis, formas de pagamento e outras caracter\u00edsticas importantes no processo de venda. Estar com a loja virtual atualizada garante que os compradores n\u00e3o fiquem perdidos e tamb\u00e9m garante aumento no n\u00famero de convers\u00f5es.<\/span><\/p>\n<h3><span style=\"font-weight: 400;\">#4 Trabalhe campanhas p\u00f3s-Black Friday<\/span><\/h3>\n<p><span style=\"font-weight: 400;\">N\u00e3o perca contato com todos os usu\u00e1rios cadastrados no seu site e potenciais clientes. Mantenha a comunica\u00e7\u00e3o fluindo. Para os clientes que comprarem nesse per\u00edodo, <a href=\"https:\/\/www.edialog.com.br\/es\/automacao-de-e-mail-marketing-como-fazer\/\">desenvolva um fluxo de p\u00f3s-vendas por e-mail<\/a> excelente para garantir que voltem a comprar com voc\u00ea.<\/span><\/p>\n<p><span style=\"font-weight: 400;\">No caso daqueles que n\u00e3o compraram, tente reestabelecer a comunica\u00e7\u00e3o no dia seguinte, na semana seguinte e no m\u00eas seguinte, afinal, o Natal vai estar chegando.\u00a0<\/span><\/p>\n<p><span style=\"font-weight: 400;\">Para marcas do varejo, pode ser dif\u00edcil conseguir recuperar esse contato, ainda mais nos casos em que a pessoa comprar com outra empresa. Mas quem simplesmente desistiu para comprar outra coisa tem grandes chances de voltar com a oferta certa.<\/span><\/p>\n<p><span style=\"font-weight: 400;\">Ofere\u00e7a uma \u201cBlack Friday estendida\u201d ou novas condi\u00e7\u00f5es e garanta que os novos leads continuem quentes para uma aquisi\u00e7\u00e3o.<\/span><\/p>\n<h3><span style=\"font-weight: 400;\">#5 Alinhe toda sua comunica\u00e7\u00e3o<\/span><\/h3>\n<p><span style=\"font-weight: 400;\">N\u00e3o adianta voc\u00ea ter suas redes sociais tomadas por publica\u00e7\u00f5es sobre a Black Friday se as pessoas entrarem no seu site e n\u00e3o verem nada sobre o assunto.\u00a0<\/span><\/p>\n<p><span style=\"font-weight: 400;\">Mude os <a href=\"https:\/\/www.edialog.com.br\/es\/banner-ads\/\">pancartas<\/a> principais, a cor do site e as artes dos produtos para representar bem o per\u00edodo e deixar a ideia bem destacada. Use grandes contadores de tempo mostrando quanto tempo as pessoas ainda t\u00eam para garantir os descontos, deixe as imagens com selos de descontos bem vis\u00edveis, foque no valor do produto e quanto desconto ele tem.\u00a0<\/span><\/p>\n<p><span style=\"font-weight: 400;\">Gere expectativa no site antes mesmo da Black Friday come\u00e7ar, envie e-mails durante a semana fazendo uma contagem regressiva e destacando quais ser\u00e3o os itens com maior desconto, reforce a ideia de que o estoque \u00e9 limitado e o tempo \u00e9 curto, mostre quantas pessoas j\u00e1 est\u00e3o esperando por suas promo\u00e7\u00f5es com algum tipo de contador.<\/span><\/p>\n<p><span style=\"font-weight: 400;\">A ideia \u00e9 animar toda a base de leads para esse momento, n\u00e3o apenas os rec\u00e9m-chegados.<\/span><\/p>\n<h2><span style=\"font-weight: 400;\">Ainda n\u00e3o sabe como se preparar para a Black Friday? Contrate uma ag\u00eancia<\/span><\/h2>\n<p><span style=\"font-weight: 400;\">A E-Dialog \u00e9 uma ag\u00eancia de marketing com mais de 10 anos de experi\u00eancia de mercado e diversos cases de sucesso com empresas de diversos segmentos, como ind\u00fastria, concession\u00e1rias, SaaS, e-commerce, varejo e muito mais.<\/span><\/p>\n<p><span style=\"font-weight: 400;\">Descubra se essa \u00e9 a hora certa de contratar uma ag\u00eancia para elevar seus resultados, <a href=\"https:\/\/www.edialog.com.br\/es\/dialogo\/\" target=\"_blank\" rel=\"noopener\">fale com nossos especialistas e pe\u00e7a um diagn\u00f3stico gratuito<\/a> da sa\u00fade digital da sua marca. <\/span><\/p>","protected":false},"excerpt":{"rendered":"<p>Veja como se preparar para a Black Friday com essas dicas selecionadas por nossa equipe de especialistas aqui na E-Dialog.<\/p>","protected":false},"author":1,"featured_media":0,"comment_status":"open","ping_status":"closed","sticky":false,"template":"","format":"standard","meta":{"_acf_changed":false,"content-type":"","footnotes":""},"categories":[480,580],"tags":[],"class_list":["post-25282","post","type-post","status-publish","format-standard","hentry","category-e-commerce-2","category-marketing-digital"],"acf":[],"yoast_head":"<!-- This site is optimized with the Yoast SEO Premium plugin v27.3 (Yoast SEO v27.3) - https:\/\/yoast.com\/product\/yoast-seo-premium-wordpress\/ -->\n<title>Como se preparar para a Black Friday? | E-Dialog<\/title>\n<meta name=\"description\" content=\"Neste artigo, damos dicas de como se preparar para a Black Friday e vender mais pela internet. Descubra estrat\u00e9gias que funcionam!\" \/>\n<meta name=\"robots\" content=\"index, follow, max-snippet:-1, max-image-preview:large, max-video-preview:-1\" \/>\n<link rel=\"canonical\" href=\"https:\/\/www.edialog.com.br\/es\/como-se-preparar-para-black-friday-confira-3-dicas\/\" \/>\n<meta property=\"og:locale\" content=\"es_ES\" \/>\n<meta property=\"og:type\" content=\"article\" \/>\n<meta property=\"og:title\" content=\"Como se preparar para a Black Friday? Dicas para empresas\" \/>\n<meta property=\"og:description\" content=\"Neste artigo, damos dicas de como se preparar para a Black Friday e vender mais pela internet. Descubra estrat\u00e9gias que funcionam!\" \/>\n<meta property=\"og:url\" content=\"https:\/\/www.edialog.com.br\/es\/como-se-preparar-para-black-friday-confira-3-dicas\/\" \/>\n<meta property=\"og:site_name\" content=\"Ag\u00eancia de Inbound Marketing | E-Dialog\" \/>\n<meta property=\"article:publisher\" content=\"https:\/\/facebook.com\/edialogcomunicacao\" \/>\n<meta property=\"article:author\" content=\"http:\/\/facebook.com\/renancaixeiro\" \/>\n<meta property=\"article:published_time\" content=\"2022-11-01T12:19:44+00:00\" \/>\n<meta property=\"article:modified_time\" content=\"2024-08-13T19:06:32+00:00\" \/>\n<meta property=\"og:image\" content=\"https:\/\/www.edialog.com.br\/wp-content\/uploads\/2016\/11\/se-preparar-para-a-blck-friday-imagem-destacada.png\" \/>\n\t<meta property=\"og:image:width\" content=\"500\" \/>\n\t<meta property=\"og:image:height\" content=\"315\" \/>\n\t<meta property=\"og:image:type\" content=\"image\/png\" \/>\n<meta name=\"author\" content=\"Renan Caixeiro\" \/>\n<meta name=\"twitter:label1\" content=\"Escrito por\" \/>\n\t<meta name=\"twitter:data1\" content=\"Renan Caixeiro\" \/>\n\t<meta name=\"twitter:label2\" content=\"Tiempo de lectura\" \/>\n\t<meta name=\"twitter:data2\" content=\"8 minutos\" \/>\n<script type=\"application\/ld+json\" class=\"yoast-schema-graph\">{\"@context\":\"https:\\\/\\\/schema.org\",\"@graph\":[{\"@type\":[\"Article\",\"BlogPosting\"],\"@id\":\"https:\\\/\\\/www.edialog.com.br\\\/como-se-preparar-para-black-friday-confira-3-dicas\\\/#article\",\"isPartOf\":{\"@id\":\"https:\\\/\\\/www.edialog.com.br\\\/como-se-preparar-para-black-friday-confira-3-dicas\\\/\"},\"author\":{\"name\":\"Renan Caixeiro\",\"@id\":\"https:\\\/\\\/www.edialog.com.br\\\/#\\\/schema\\\/person\\\/7f509934e54fd30b9d2d02cf51b60966\"},\"headline\":\"Como se preparar para a Black Friday? Dicas para empresas\",\"datePublished\":\"2022-11-01T12:19:44+00:00\",\"dateModified\":\"2024-08-13T19:06:32+00:00\",\"mainEntityOfPage\":{\"@id\":\"https:\\\/\\\/www.edialog.com.br\\\/como-se-preparar-para-black-friday-confira-3-dicas\\\/\"},\"wordCount\":1390,\"commentCount\":0,\"publisher\":{\"@id\":\"https:\\\/\\\/www.edialog.com.br\\\/#organization\"},\"image\":{\"@id\":\"https:\\\/\\\/www.edialog.com.br\\\/como-se-preparar-para-black-friday-confira-3-dicas\\\/#primaryimage\"},\"thumbnailUrl\":\"https:\\\/\\\/www.edialog.com.br\\\/wp-content\\\/uploads\\\/2016\\\/11\\\/se-preparar-para-a-black-friday-momento-importante-para-as-vendas.jpg\",\"articleSection\":[\"E-Commerce\",\"Marketing Digital\"],\"inLanguage\":\"es\",\"potentialAction\":[{\"@type\":\"CommentAction\",\"name\":\"Comment\",\"target\":[\"https:\\\/\\\/www.edialog.com.br\\\/como-se-preparar-para-black-friday-confira-3-dicas\\\/#respond\"]}]},{\"@type\":\"WebPage\",\"@id\":\"https:\\\/\\\/www.edialog.com.br\\\/como-se-preparar-para-black-friday-confira-3-dicas\\\/\",\"url\":\"https:\\\/\\\/www.edialog.com.br\\\/como-se-preparar-para-black-friday-confira-3-dicas\\\/\",\"name\":\"Como se preparar para a Black Friday? | E-Dialog\",\"isPartOf\":{\"@id\":\"https:\\\/\\\/www.edialog.com.br\\\/#website\"},\"primaryImageOfPage\":{\"@id\":\"https:\\\/\\\/www.edialog.com.br\\\/como-se-preparar-para-black-friday-confira-3-dicas\\\/#primaryimage\"},\"image\":{\"@id\":\"https:\\\/\\\/www.edialog.com.br\\\/como-se-preparar-para-black-friday-confira-3-dicas\\\/#primaryimage\"},\"thumbnailUrl\":\"https:\\\/\\\/www.edialog.com.br\\\/wp-content\\\/uploads\\\/2016\\\/11\\\/se-preparar-para-a-black-friday-momento-importante-para-as-vendas.jpg\",\"datePublished\":\"2022-11-01T12:19:44+00:00\",\"dateModified\":\"2024-08-13T19:06:32+00:00\",\"description\":\"Neste artigo, damos dicas de como se preparar para a Black Friday e vender mais pela internet. Descubra estrat\u00e9gias que funcionam!\",\"breadcrumb\":{\"@id\":\"https:\\\/\\\/www.edialog.com.br\\\/como-se-preparar-para-black-friday-confira-3-dicas\\\/#breadcrumb\"},\"inLanguage\":\"es\",\"potentialAction\":[{\"@type\":\"ReadAction\",\"target\":[\"https:\\\/\\\/www.edialog.com.br\\\/como-se-preparar-para-black-friday-confira-3-dicas\\\/\"]}]},{\"@type\":\"ImageObject\",\"inLanguage\":\"es\",\"@id\":\"https:\\\/\\\/www.edialog.com.br\\\/como-se-preparar-para-black-friday-confira-3-dicas\\\/#primaryimage\",\"url\":\"https:\\\/\\\/www.edialog.com.br\\\/wp-content\\\/uploads\\\/2016\\\/11\\\/se-preparar-para-a-black-friday-momento-importante-para-as-vendas.jpg\",\"contentUrl\":\"https:\\\/\\\/www.edialog.com.br\\\/wp-content\\\/uploads\\\/2016\\\/11\\\/se-preparar-para-a-black-friday-momento-importante-para-as-vendas.jpg\"},{\"@type\":\"BreadcrumbList\",\"@id\":\"https:\\\/\\\/www.edialog.com.br\\\/como-se-preparar-para-black-friday-confira-3-dicas\\\/#breadcrumb\",\"itemListElement\":[{\"@type\":\"ListItem\",\"position\":1,\"name\":\"Home\",\"item\":\"https:\\\/\\\/www.edialog.com.br\\\/\"},{\"@type\":\"ListItem\",\"position\":2,\"name\":\"E-Commerce\",\"item\":\"https:\\\/\\\/www.edialog.com.br\\\/category\\\/e-commerce-2\\\/\"},{\"@type\":\"ListItem\",\"position\":3,\"name\":\"Como se preparar para a Black Friday? Dicas para empresas\"}]},{\"@type\":\"WebSite\",\"@id\":\"https:\\\/\\\/www.edialog.com.br\\\/#website\",\"url\":\"https:\\\/\\\/www.edialog.com.br\\\/\",\"name\":\"Ag\u00eancia de Inbound Marketing | E-Dialog\",\"description\":\"Ag\u00eancia de Inbound Marketing premiada com solu\u00e7\u00f5es completas para o seu neg\u00f3cio. Atraia leads, com conte\u00fados \u00fanicos e envolventes. Solicite or\u00e7amento!\",\"publisher\":{\"@id\":\"https:\\\/\\\/www.edialog.com.br\\\/#organization\"},\"potentialAction\":[{\"@type\":\"SearchAction\",\"target\":{\"@type\":\"EntryPoint\",\"urlTemplate\":\"https:\\\/\\\/www.edialog.com.br\\\/?s={search_term_string}\"},\"query-input\":{\"@type\":\"PropertyValueSpecification\",\"valueRequired\":true,\"valueName\":\"search_term_string\"}}],\"inLanguage\":\"es\"},{\"@type\":\"Organization\",\"@id\":\"https:\\\/\\\/www.edialog.com.br\\\/#organization\",\"name\":\"Ag\u00eancia de M\u00eddias Sociais e Marketing Digital | E-Dialog\",\"url\":\"https:\\\/\\\/www.edialog.com.br\\\/\",\"logo\":{\"@type\":\"ImageObject\",\"inLanguage\":\"es\",\"@id\":\"https:\\\/\\\/www.edialog.com.br\\\/#\\\/schema\\\/logo\\\/image\\\/\",\"url\":\"https:\\\/\\\/www.edialog.com.br\\\/wp-content\\\/uploads\\\/2021\\\/09\\\/edialog-logo-case.png\",\"contentUrl\":\"https:\\\/\\\/www.edialog.com.br\\\/wp-content\\\/uploads\\\/2021\\\/09\\\/edialog-logo-case.png\",\"width\":810,\"height\":450,\"caption\":\"Ag\u00eancia de M\u00eddias Sociais e Marketing Digital | E-Dialog\"},\"image\":{\"@id\":\"https:\\\/\\\/www.edialog.com.br\\\/#\\\/schema\\\/logo\\\/image\\\/\"},\"sameAs\":[\"https:\\\/\\\/facebook.com\\\/edialogcomunicacao\",\"https:\\\/\\\/x.com\\\/edialog_br\",\"https:\\\/\\\/www.instagram.com\\\/edialog_br\",\"https:\\\/\\\/www.linkedin.com\\\/company\\\/e-dialog-comunica-o-digital\",\"https:\\\/\\\/www.youtube.com\\\/channel\\\/UCPiVQ_yVlcCqWS2sRzJZj7g\"]},{\"@type\":\"Person\",\"@id\":\"https:\\\/\\\/www.edialog.com.br\\\/#\\\/schema\\\/person\\\/7f509934e54fd30b9d2d02cf51b60966\",\"name\":\"Renan Caixeiro\",\"image\":{\"@type\":\"ImageObject\",\"inLanguage\":\"es\",\"@id\":\"https:\\\/\\\/www.edialog.com.br\\\/wp-content\\\/uploads\\\/2023\\\/11\\\/renan-caixeiro-150x150.jpg\",\"url\":\"https:\\\/\\\/www.edialog.com.br\\\/wp-content\\\/uploads\\\/2023\\\/11\\\/renan-caixeiro-150x150.jpg\",\"contentUrl\":\"https:\\\/\\\/www.edialog.com.br\\\/wp-content\\\/uploads\\\/2023\\\/11\\\/renan-caixeiro-150x150.jpg\",\"caption\":\"Renan Caixeiro\"},\"description\":\"S\u00f3cio Diretor na E-Dialog, \u00e9 graduado em Jornalismo e p\u00f3s-graduado em Comunica\u00e7\u00e3o Corporativa, ambos pela UFJF. Est\u00e1 \u00e0 frente do Reportei, SaaS de relat\u00f3rios e dashboards, \u00e9 host do Projeto SaaS, podcast que compartilha experi\u00eancias do universo de software as a service, e s\u00f3cio da Aquela Caixa, comunidade para profissionais de cria\u00e7\u00e3o. Torcedor do Vasco, tem como meta comprar o Gigante da Colina. LinkedIn: @renancaixeiro \\\/ Instagram: @renancaixeiro.\",\"sameAs\":[\"http:\\\/\\\/facebook.com\\\/renancaixeiro\",\"https:\\\/\\\/www.instagram.com\\\/renancaixeiro\\\/\",\"https:\\\/\\\/br.linkedin.com\\\/in\\\/renancaixeiro\\\/pt\",\"https:\\\/\\\/x.com\\\/renancaixeiro\"],\"url\":\"https:\\\/\\\/www.edialog.com.br\\\/es\\\/author\\\/renancaixeiro\\\/\"}]}<\/script>\n<!-- \/ Yoast SEO Premium plugin. -->","yoast_head_json":{"title":"Como se preparar para a Black Friday? | E-Dialog","description":"Neste artigo, damos dicas de como se preparar para a Black Friday e vender mais pela internet. Descubra estrat\u00e9gias que funcionam!","robots":{"index":"index","follow":"follow","max-snippet":"max-snippet:-1","max-image-preview":"max-image-preview:large","max-video-preview":"max-video-preview:-1"},"canonical":"https:\/\/www.edialog.com.br\/es\/como-se-preparar-para-black-friday-confira-3-dicas\/","og_locale":"es_ES","og_type":"article","og_title":"Como se preparar para a Black Friday? Dicas para empresas","og_description":"Neste artigo, damos dicas de como se preparar para a Black Friday e vender mais pela internet. Descubra estrat\u00e9gias que funcionam!","og_url":"https:\/\/www.edialog.com.br\/es\/como-se-preparar-para-black-friday-confira-3-dicas\/","og_site_name":"Ag\u00eancia de Inbound Marketing | E-Dialog","article_publisher":"https:\/\/facebook.com\/edialogcomunicacao","article_author":"http:\/\/facebook.com\/renancaixeiro","article_published_time":"2022-11-01T12:19:44+00:00","article_modified_time":"2024-08-13T19:06:32+00:00","og_image":[{"width":500,"height":315,"url":"https:\/\/www.edialog.com.br\/wp-content\/uploads\/2016\/11\/se-preparar-para-a-blck-friday-imagem-destacada.png","type":"image\/png"}],"author":"Renan Caixeiro","twitter_misc":{"Escrito por":"Renan Caixeiro","Tiempo de lectura":"8 minutos"},"schema":{"@context":"https:\/\/schema.org","@graph":[{"@type":["Article","BlogPosting"],"@id":"https:\/\/www.edialog.com.br\/como-se-preparar-para-black-friday-confira-3-dicas\/#article","isPartOf":{"@id":"https:\/\/www.edialog.com.br\/como-se-preparar-para-black-friday-confira-3-dicas\/"},"author":{"name":"Renan Caixeiro","@id":"https:\/\/www.edialog.com.br\/#\/schema\/person\/7f509934e54fd30b9d2d02cf51b60966"},"headline":"Como se preparar para a Black Friday? Dicas para empresas","datePublished":"2022-11-01T12:19:44+00:00","dateModified":"2024-08-13T19:06:32+00:00","mainEntityOfPage":{"@id":"https:\/\/www.edialog.com.br\/como-se-preparar-para-black-friday-confira-3-dicas\/"},"wordCount":1390,"commentCount":0,"publisher":{"@id":"https:\/\/www.edialog.com.br\/#organization"},"image":{"@id":"https:\/\/www.edialog.com.br\/como-se-preparar-para-black-friday-confira-3-dicas\/#primaryimage"},"thumbnailUrl":"https:\/\/www.edialog.com.br\/wp-content\/uploads\/2016\/11\/se-preparar-para-a-black-friday-momento-importante-para-as-vendas.jpg","articleSection":["E-Commerce","Marketing Digital"],"inLanguage":"es","potentialAction":[{"@type":"CommentAction","name":"Comment","target":["https:\/\/www.edialog.com.br\/como-se-preparar-para-black-friday-confira-3-dicas\/#respond"]}]},{"@type":"WebPage","@id":"https:\/\/www.edialog.com.br\/como-se-preparar-para-black-friday-confira-3-dicas\/","url":"https:\/\/www.edialog.com.br\/como-se-preparar-para-black-friday-confira-3-dicas\/","name":"Como se preparar para a Black Friday? | E-Dialog","isPartOf":{"@id":"https:\/\/www.edialog.com.br\/#website"},"primaryImageOfPage":{"@id":"https:\/\/www.edialog.com.br\/como-se-preparar-para-black-friday-confira-3-dicas\/#primaryimage"},"image":{"@id":"https:\/\/www.edialog.com.br\/como-se-preparar-para-black-friday-confira-3-dicas\/#primaryimage"},"thumbnailUrl":"https:\/\/www.edialog.com.br\/wp-content\/uploads\/2016\/11\/se-preparar-para-a-black-friday-momento-importante-para-as-vendas.jpg","datePublished":"2022-11-01T12:19:44+00:00","dateModified":"2024-08-13T19:06:32+00:00","description":"Neste artigo, damos dicas de como se preparar para a Black Friday e vender mais pela internet. Descubra estrat\u00e9gias que funcionam!","breadcrumb":{"@id":"https:\/\/www.edialog.com.br\/como-se-preparar-para-black-friday-confira-3-dicas\/#breadcrumb"},"inLanguage":"es","potentialAction":[{"@type":"ReadAction","target":["https:\/\/www.edialog.com.br\/como-se-preparar-para-black-friday-confira-3-dicas\/"]}]},{"@type":"ImageObject","inLanguage":"es","@id":"https:\/\/www.edialog.com.br\/como-se-preparar-para-black-friday-confira-3-dicas\/#primaryimage","url":"https:\/\/www.edialog.com.br\/wp-content\/uploads\/2016\/11\/se-preparar-para-a-black-friday-momento-importante-para-as-vendas.jpg","contentUrl":"https:\/\/www.edialog.com.br\/wp-content\/uploads\/2016\/11\/se-preparar-para-a-black-friday-momento-importante-para-as-vendas.jpg"},{"@type":"BreadcrumbList","@id":"https:\/\/www.edialog.com.br\/como-se-preparar-para-black-friday-confira-3-dicas\/#breadcrumb","itemListElement":[{"@type":"ListItem","position":1,"name":"Home","item":"https:\/\/www.edialog.com.br\/"},{"@type":"ListItem","position":2,"name":"E-Commerce","item":"https:\/\/www.edialog.com.br\/category\/e-commerce-2\/"},{"@type":"ListItem","position":3,"name":"Como se preparar para a Black Friday? Dicas para empresas"}]},{"@type":"WebSite","@id":"https:\/\/www.edialog.com.br\/#website","url":"https:\/\/www.edialog.com.br\/","name":"Agencia de marketing entrante | E-Dialog","description":"Ag\u00eancia de Inbound Marketing premiada com solu\u00e7\u00f5es completas para o seu neg\u00f3cio. Atraia leads, com conte\u00fados \u00fanicos e envolventes. Solicite or\u00e7amento!","publisher":{"@id":"https:\/\/www.edialog.com.br\/#organization"},"potentialAction":[{"@type":"SearchAction","target":{"@type":"EntryPoint","urlTemplate":"https:\/\/www.edialog.com.br\/?s={search_term_string}"},"query-input":{"@type":"PropertyValueSpecification","valueRequired":true,"valueName":"search_term_string"}}],"inLanguage":"es"},{"@type":"Organization","@id":"https:\/\/www.edialog.com.br\/#organization","name":"Ag\u00eancia de M\u00eddias Sociais e Marketing Digital | E-Dialog","url":"https:\/\/www.edialog.com.br\/","logo":{"@type":"ImageObject","inLanguage":"es","@id":"https:\/\/www.edialog.com.br\/#\/schema\/logo\/image\/","url":"https:\/\/www.edialog.com.br\/wp-content\/uploads\/2021\/09\/edialog-logo-case.png","contentUrl":"https:\/\/www.edialog.com.br\/wp-content\/uploads\/2021\/09\/edialog-logo-case.png","width":810,"height":450,"caption":"Ag\u00eancia de M\u00eddias Sociais e Marketing Digital | E-Dialog"},"image":{"@id":"https:\/\/www.edialog.com.br\/#\/schema\/logo\/image\/"},"sameAs":["https:\/\/facebook.com\/edialogcomunicacao","https:\/\/x.com\/edialog_br","https:\/\/www.instagram.com\/edialog_br","https:\/\/www.linkedin.com\/company\/e-dialog-comunica-o-digital","https:\/\/www.youtube.com\/channel\/UCPiVQ_yVlcCqWS2sRzJZj7g"]},{"@type":"Person","@id":"https:\/\/www.edialog.com.br\/#\/schema\/person\/7f509934e54fd30b9d2d02cf51b60966","name":"Renan Caixeiro","image":{"@type":"ImageObject","inLanguage":"es","@id":"https:\/\/www.edialog.com.br\/wp-content\/uploads\/2023\/11\/renan-caixeiro-150x150.jpg","url":"https:\/\/www.edialog.com.br\/wp-content\/uploads\/2023\/11\/renan-caixeiro-150x150.jpg","contentUrl":"https:\/\/www.edialog.com.br\/wp-content\/uploads\/2023\/11\/renan-caixeiro-150x150.jpg","caption":"Renan Caixeiro"},"description":"S\u00f3cio Diretor na E-Dialog, \u00e9 graduado em Jornalismo e p\u00f3s-graduado em Comunica\u00e7\u00e3o Corporativa, ambos pela UFJF. Est\u00e1 \u00e0 frente do Reportei, SaaS de relat\u00f3rios e dashboards, \u00e9 host do Projeto SaaS, podcast que compartilha experi\u00eancias do universo de software as a service, e s\u00f3cio da Aquela Caixa, comunidade para profissionais de cria\u00e7\u00e3o. Torcedor do Vasco, tem como meta comprar o Gigante da Colina. LinkedIn: @renancaixeiro \/ Instagram: @renancaixeiro.","sameAs":["http:\/\/facebook.com\/renancaixeiro","https:\/\/www.instagram.com\/renancaixeiro\/","https:\/\/br.linkedin.com\/in\/renancaixeiro\/pt","https:\/\/x.com\/renancaixeiro"],"url":"https:\/\/www.edialog.com.br\/es\/author\/renancaixeiro\/"}]}},"_links":{"self":[{"href":"https:\/\/www.edialog.com.br\/es\/wp-json\/wp\/v2\/posts\/25282","targetHints":{"allow":["GET"]}}],"collection":[{"href":"https:\/\/www.edialog.com.br\/es\/wp-json\/wp\/v2\/posts"}],"about":[{"href":"https:\/\/www.edialog.com.br\/es\/wp-json\/wp\/v2\/types\/post"}],"author":[{"embeddable":true,"href":"https:\/\/www.edialog.com.br\/es\/wp-json\/wp\/v2\/users\/1"}],"replies":[{"embeddable":true,"href":"https:\/\/www.edialog.com.br\/es\/wp-json\/wp\/v2\/comments?post=25282"}],"version-history":[{"count":0,"href":"https:\/\/www.edialog.com.br\/es\/wp-json\/wp\/v2\/posts\/25282\/revisions"}],"wp:attachment":[{"href":"https:\/\/www.edialog.com.br\/es\/wp-json\/wp\/v2\/media?parent=25282"}],"wp:term":[{"taxonomy":"category","embeddable":true,"href":"https:\/\/www.edialog.com.br\/es\/wp-json\/wp\/v2\/categories?post=25282"},{"taxonomy":"post_tag","embeddable":true,"href":"https:\/\/www.edialog.com.br\/es\/wp-json\/wp\/v2\/tags?post=25282"}],"curies":[{"name":"wp","href":"https:\/\/api.w.org\/{rel}","templated":true}]}}