{"id":25251,"date":"2025-04-23T12:36:45","date_gmt":"2025-04-23T15:36:45","guid":{"rendered":"https:\/\/www.edialog.com.br\/?p=25251"},"modified":"2026-04-13T16:25:53","modified_gmt":"2026-04-13T19:25:53","slug":"marketing-de-moda","status":"publish","type":"post","link":"https:\/\/www.edialog.com.br\/es\/marketing-de-moda\/","title":{"rendered":"Marketing de moda: 12 consejos para los que quieren destacar en el mundo digital"},"content":{"rendered":"<p>Hoy en d\u00eda es casi impensable imaginar una marca de ropa que no se posicione en Internet. Por eso <strong>marketing de moda <\/strong>estrat\u00e9gicamente dise\u00f1ado para digital, es esencial para los comerciantes y empresarios que quieren llegar a m\u00e1s gente, aumentar las ventas y reforzar su marca.<\/p>\n\n\n\n<p>A continuaci\u00f3n, hemos recopilado consejos pr\u00e1cticos y actualizados para aquellos que quieran destacar en el mundo digital, con especial atenci\u00f3n a las redes sociales, el canal m\u00e1s visual y atractivo para los que trabajan en el sector de la moda. \u00a1Echa un vistazo!<\/p>\n\n\n\n<h2 class=\"wp-block-heading\" id=\"h-o-que-e-marketing-de-moda\">\u00bfQu\u00e9 es el marketing de la moda? <\/h2>\n\n\n\n<p>El marketing de la moda es el <strong>conjunto de estrategias destinadas a promover productos y marcas en el sector de la moda<\/strong> de forma creativa, est\u00e9tica y comercialmente eficiente. <\/p>\n\n\n\n<p>Implica desde la creaci\u00f3n de campa\u00f1as publicitarias hasta la definici\u00f3n del lenguaje visual, la elecci\u00f3n de canales de comunicaci\u00f3n, el posicionamiento de la marca y la interacci\u00f3n con el p\u00fablico.<\/p>\n\n\n\n<p>En el entorno digital, el marketing de la moda se ve potenciado por el uso de herramientas como las redes sociales, los anuncios patrocinados, la producci\u00f3n de contenidos, los influencers, el comercio electr\u00f3nico y la automatizaci\u00f3n del marketing. Todo ello contribuye a generar deseo, potenciar las colecciones e impulsar las ventas.<\/p>\n\n\n\n<h2 class=\"wp-block-heading\" id=\"h-por-que-focar-no-digital-para-moda\">\u00bfPor qu\u00e9 centrarse en lo digital para la moda?<\/h2>\n\n\n\n<p><strong>Por qu\u00e9 el comportamiento de los consumidores ha cambiado y sigue cambiando r\u00e1pidamente<\/strong>. <\/p>\n\n\n\n<p>A <a href=\"https:\/\/www.edialog.com.br\/es\/viaje-del-consumidor\/\">el proceso de compra del consumidor<\/a> en el sector de la moda, que sol\u00eda ser casi exclusivamente f\u00edsico, empieza ahora de forma digital: a trav\u00e9s de una b\u00fasqueda en Google, un clic en un anuncio o la inspiraci\u00f3n de Instagram o TikTok.<\/p>\n\n\n\n<p>Adem\u00e1s, el <a href=\"https:\/\/www.edialog.com.br\/es\/o-que-e-marketing-digital\/\">marketing digital<\/a> permite algo fundamental: medir los resultados en tiempo real, probar distintos enfoques, segmentar las audiencias con precisi\u00f3n y ajustar la comunicaci\u00f3n en funci\u00f3n del comportamiento del consumidor.<\/p>\n\n\n\n<p>Para un segmento en el que el estilo, la imagen y la identificaci\u00f3n personal cuentan tanto, el entorno digital <strong>es el espacio ideal para crear experiencias visuales inmersivas, relaciones aut\u00e9nticas y acciones de marca memorables.<\/strong>.<\/p>\n\n\n\n<h2 class=\"wp-block-heading\" id=\"h-12-dicas-de-marketing-de-moda-para-o-digital\">12 consejos de marketing digital de moda<\/h2>\n\n\n\n<p>He aqu\u00ed 12 consejos pr\u00e1cticos y actuales de marketing digital de moda, con especial atenci\u00f3n a las redes sociales.<\/p>\n\n\n\n<h3 class=\"wp-block-heading\" id=\"h-1-aposte-em-redes-sociais-visuais\">1. Apuesta por las redes sociales visuales<\/h3>\n\n\n\n<p>La industria de la moda est\u00e1 profundamente ligada a la est\u00e9tica. Por eso<strong>invertir en las redes m\u00e1s visuales<\/strong>como Instagram, TikTok, Pinterest y LOOKBOOK. Estas plataformas ayudan a explotar el atractivo visual de las prendas y a crear una conexi\u00f3n m\u00e1s emocional con el p\u00fablico.<\/p>\n\n\n\n<p>Si su marca opera en un nicho m\u00e1s corporativo, como el de los uniformes profesionales, por ejemplo, LinkedIn puede ser una red estrat\u00e9gica para llegar a los clientes y reforzar su posicionamiento B2B.<\/p>\n\n\n\n<h3 class=\"wp-block-heading\" id=\"h-2-invista-em-fotos-de-qualidade\">2. Invertir en fotos de calidad<\/h3>\n\n\n\n<p>Las fotos mal iluminadas, mal definidas o no estandarizadas da\u00f1an la imagen de la marca. <strong>Invierta en ensayos profesionales<\/strong>Si tienes un perfil profesional en la web, aseg\u00farate de que el consumidor pueda ver los detalles reales, las texturas y los colores de las piezas.<\/p>\n\n\n\n<p>Esta atenci\u00f3n a la est\u00e9tica transmite profesionalidad, aumenta la confianza e incide directamente en la decisi\u00f3n de compra.<\/p>\n\n\n\n<h3 class=\"wp-block-heading\" id=\"h-3-explore-videos-principalmente-curtos\">3. Explorar v\u00eddeos, especialmente los cortos<\/h3>\n\n\n\n<p>O <a href=\"https:\/\/www.edialog.com.br\/es\/o-que-e-video-marketing\/\">v\u00eddeo marketing<\/a> seguir\u00e1 aumentando en 2025. <\/p>\n\n\n\n<p><strong>V\u00eddeos, especialmente los cortos,<\/strong> con looks puestos ayudan al p\u00fablico a ver el ajuste, los detalles e incluso el movimiento del tejido. Estos v\u00eddeos pueden aumentar la participaci\u00f3n y las conversiones, sobre todo si son creativos y aut\u00e9nticos.<\/p>\n\n\n\n<h3 class=\"wp-block-heading\" id=\"h-4-tenha-um-feed-no-instagram-harmonico-e-estrategico\">4. Tener un feed de Instagram armonioso y estrat\u00e9gico<\/h3>\n\n\n\n<p>Piensa en Instagram como un escaparate o una revista de moda. Un buen consejo de marketing de moda es <strong>organizar<\/strong> la composici\u00f3n de colores, estilos y formatos para crear un feed visualmente cohesionado. Esto transmite cuidado por la marca y mejora la experiencia de quienes visitan el perfil.<\/p>\n\n\n\n<p>Utilice la <a href=\"https:\/\/www.edialog.com.br\/es\/medidas-stories-instagram-quais-sao-e-como-aproveitar-o-espaco\/\">Historias<\/a> y Reels para contenidos m\u00e1s din\u00e1micos, como entre bastidores, testimonios y promociones flash.<\/p>\n\n\n\n<p><em><strong>- Lea tambi\u00e9n: <\/strong><a href=\"https:\/\/www.edialog.com.br\/es\/reels-para-empresas\/\">Carretes para empresas: consejos de uso<\/a><\/em><\/p>\n\n\n\n<h3 class=\"wp-block-heading\" id=\"h-5-defina-a-voz-da-marca\">5. Definir la voz de la marca<\/h3>\n\n\n\n<p>A <a href=\"https:\/\/www.edialog.com.br\/es\/brand-voice\/\">voz de marca<\/a> es la base de la comunicaci\u00f3n. Define si la lengua ser\u00e1 sofisticada, divertida, popular, accesible o exclusiva. <\/p>\n\n\n\n<p>Esta definici\u00f3n debe estar en consonancia con el producto, la audiencia y el posicionamiento de la marca, y debe ser coherente a lo largo del tiempo.<\/p>\n\n\n\n<h3 class=\"wp-block-heading\" id=\"h-6-interaja-com-os-seguidores\">6. Interactuar con los seguidores<\/h3>\n\n\n\n<p>Las relaciones lo son todo. <strong>Personalice su servicio<\/strong> en las redes sociales, responder preguntas, enviar enlaces directos y animar a los consumidores a visitar su tienda f\u00edsica o de comercio electr\u00f3nico. <\/p>\n\n\n\n<p>Recuerde: la primera impresi\u00f3n suele ser digital y puede definir la venta.<\/p>\n\n\n\n<h3 class=\"wp-block-heading\" id=\"h-7-incentive-a-participacao-do-cliente\">7. Fomentar la participaci\u00f3n de los clientes<\/h3>\n\n\n\n<p>Clientes s\u00e3o os melhores promotores da marca. Crie uma hashtag pr\u00f3pria, divulgue nos pontos de venda e no p\u00f3s-venda, e incentive os clientes a marcarem a marca ao postar fotos com os produtos. Reposte nos stories e engaje com quem j\u00e1 comprou \u2014 isso gera <a href=\"https:\/\/www.edialog.com.br\/es\/prova-social\/\">prueba social<\/a> e estimula novas compras.<\/p>\n\n\n\n<p><em><strong>- Lea tambi\u00e9n: <\/strong><a href=\"https:\/\/www.edialog.com.br\/es\/ugc-user-generated-content\/\">Contenido generado por el usuario (CGU): qu\u00e9 es y c\u00f3mo utilizarlo para vender m\u00e1s<\/a><\/em><\/p>\n\n\n\n<h3 class=\"wp-block-heading\" id=\"h-8-faca-campanhas-sazonais\">8. Realizar campa\u00f1as estacionales<\/h3>\n\n\n\n<p>La moda sigue las estaciones y las campa\u00f1as deber\u00edan seguir su ejemplo. <\/p>\n\n\n\n<p>Desarrolle conceptos visuales diferentes para cada colecci\u00f3n: piense en el escenario, la paleta de colores, el vestuario, el lenguaje y la identidad visual. Grandes marcas como C&amp;A y Riachuelo lo hacen con excelencia.<\/p>\n\n\n\n<h3 class=\"wp-block-heading\" id=\"h-9-anuncie-com-estrategia\">9. Publicidad con estrategia<\/h3>\n\n\n\n<p>Hoy en d\u00eda, el alcance org\u00e1nico en las redes es limitado. Por eso, en una buena estrategia de marketing de moda, existe la <strong>inversi\u00f3n en medios de pago<\/strong>con segmentaci\u00f3n por intereses, comportamiento y ubicaci\u00f3n. <\/p>\n\n\n\n<p>Explore <a href=\"https:\/\/www.edialog.com.br\/es\/como-anunciar-no-instagram\/\">Anuncios en Instagram<\/a>TikTok y Pinterest y otros canales seg\u00fan el perfil de tu audiencia.<\/p>\n\n\n\n<p><em><strong>- Lea tambi\u00e9n: <\/strong><a href=\"https:\/\/www.edialog.com.br\/es\/como-anunciar-na-internet\/\">\u00bfC\u00f3mo anunciarse en Internet? Tutorial completo para anunciarse en las redes sociales<\/a><\/em><\/p>\n\n\n\n<h3 class=\"wp-block-heading\" id=\"h-11-aposte-no-remarketing\">11. Apuesta por el remarketing<\/h3>\n\n\n\n<p>No todo el mundo compra en su primera visita. Con las campa\u00f1as de remarketing, recuerde a los consumidores lo que vieron en su sitio web o red social y an\u00edmeles a volver. Utilice esta estrategia con ofertas exclusivas, <a href=\"https:\/\/www.edialog.com.br\/es\/desencadenantes-mentales\/\">desencadenantes mentales de la escasez<\/a> o env\u00edo gratuito.<\/p>\n\n\n\n<h3 class=\"wp-block-heading\" id=\"h-12-mensure-os-resultados\">12. Medir los resultados<\/h3>\n\n\n\n<p><strong>Utilizar herramientas de an\u00e1lisis<\/strong> de Instagram, Facebook y Google para comprender qu\u00e9 funciona y qu\u00e9 puede ajustarse. <\/p>\n\n\n\n<p>M\u00e9tricas como el alcance, los clics, la participaci\u00f3n y las conversiones deben supervisarse continuamente para optimizar sus acciones.<\/p>\n\n\n\n<h2 class=\"wp-block-heading\" id=\"h-parceria-marketing-e-moda-e-na-e-dialog\">Colaboraci\u00f3n en marketing y moda en E-Dialog<\/h2>\n\n\n\n<p>El marketing digital de la moda va mucho m\u00e1s all\u00e1 de la simple publicaci\u00f3n de fotos de productos. <strong>Implica estrategia, est\u00e9tica, coherencia y una relaci\u00f3n real con el p\u00fablico.<\/strong>. Y cuando se trata de redes sociales, cada detalle cuenta para que su marca destaque entre la competencia.<\/p>\n\n\n\n<p>En E-Dialog somos especialistas en <a href=\"https:\/\/www.edialog.com.br\/es\/gestao-de-redes-sociais\/\">gesti\u00f3n estrat\u00e9gica de las redes sociales<\/a> y otras estrategias para marcas que quieren crecer de forma inteligente y sostenible. Trabajamos con planificaci\u00f3n de contenidos, rendimiento publicitario, an\u00e1lisis de datos y creatividad, todo ello alineado con el posicionamiento de tu marca en el mercado de la moda.<\/p>\n\n\n\n<p>Eche un vistazo a algunas de las historias de \u00e9xito de nuestra agencia en la zona.<\/p>\n\n\n\n<h3 class=\"wp-block-heading\" id=\"h-cases-de-sucesso-da-e-dialog-em-marketing-de-moda\">\u00c9xitos de E-Dialog en el marketing de la moda<\/h3>\n\n\n\n<h4 class=\"wp-block-heading\" id=\"h-case-torp-lancamento-de-loja-virtual-e-geracao-de-leads-qualificados\">Caso Torp: lanzar una tienda en l\u00ednea y generar clientes potenciales cualificados<\/h4>\n\n\n\n<ul class=\"wp-block-list\">\n<li>Creaci\u00f3n y lanzamiento de la tienda online de Torp, una marca de ropa interior con m\u00e1s de 30 a\u00f1os en el mercado;<\/li>\n\n\n\n<li>Aplicaci\u00f3n de <a href=\"https:\/\/www.edialog.com.br\/es\/o-que-e-branding\/\">marca<\/a> y rendimiento digital, incluida la gesti\u00f3n de redes sociales y campa\u00f1as de Google Ads;<\/li>\n\n\n\n<li>Generaci\u00f3n de m\u00e1s de 1.700 <a href=\"https:\/\/www.edialog.com.br\/es\/clientes-potenciales-cualificados\/\">clientes potenciales cualificados<\/a> en 4 meses.<\/li>\n\n\n\n<li>Consecuci\u00f3n de un ROI de 9,5, lo que pone de manifiesto el \u00e9xito de las acciones digitales.<\/li>\n<\/ul>\n\n\n\n<p><em><strong>- Lea el caso completo aqu\u00ed:<\/strong> <a href=\"https:\/\/www.edialog.com.br\/es\/project\/case-torp\/\">Caso Torp<\/a><\/em><\/p>\n\n\n\n<h4 class=\"wp-block-heading\" id=\"h-case-yuk-s-black-friday-2024-com-o-dobro-de-sucesso-de-2023\">Caso Yuk&#039;s: el Black Friday de 2024, con el doble de la de los el \u00e9xito de 2023<\/h4>\n\n\n\n<ul class=\"wp-block-list\">\n<li>Desarrollo de una estrategia personalizada para el Black Friday, centrada en ofertas atractivas durante todo el mes de noviembre;<\/li>\n\n\n\n<li>Implementaci\u00f3n de anuncios orientados en Meta Ads y Google Ads, utilizando cat\u00e1logos de productos y ventanas emergentes estrat\u00e9gicas;<\/li>\n\n\n\n<li>Resultados expresivos respecto a 2023: crecimiento de 173% en incorporaciones al carro, aumento de 121% en ventas, aumento de 119% en facturaci\u00f3n y ROI de 152%.<\/li>\n<\/ul>\n\n\n\n<p><em><strong>- Lea el caso completo aqu\u00ed:<\/strong> <a href=\"https:\/\/www.edialog.com.br\/es\/project\/case-yuks-black-friday-2024-com-o-dobro-de-sucesso-de-2023\/\">El caso de Yuk<\/a><\/em><\/p>\n\n\n\n<h4 class=\"wp-block-heading\" id=\"h-case-serfer-fortalecimento-da-presenca-digital-e-aumento-de-alcance\">El caso Serfer: reforzar la presencia digital y aumentar el alcance<\/h4>\n\n\n\n<ul class=\"wp-block-list\">\n<li>Refuerzo de la presencia digital de Serfer, la industria de los uniformes profesionales, con especial atenci\u00f3n a Facebook e Internet. <a href=\"https:\/\/www.edialog.com.br\/es\/otimizacao-de-sites-seo\/\">El posicionamiento SEO<\/a>;<\/li>\n\n\n\n<li>900% aumento del alcance en Facebook, aumentando significativamente la visibilidad de la marca;<\/li>\n\n\n\n<li>67% crecimiento de las visitas al sitio web, impulsando el tr\u00e1fico org\u00e1nico;<\/li>\n\n\n\n<li>Generaci\u00f3n de 125 nuevas solicitudes de presupuesto en s\u00f3lo un mes, lo que demuestra la eficacia de las estrategias aplicadas.<\/li>\n<\/ul>\n\n\n\n<p><em><strong>- Lea el caso completo aqu\u00ed:<\/strong> <a href=\"https:\/\/www.edialog.com.br\/es\/project\/case-serfer\/\">Caso Serfer<\/a><\/em><\/p>\n\n\n\n<p>Si quiere convertir su perfil en un escaparate de gran impacto y construir una presencia digital s\u00f3lida y relevante, hable con nosotros. \u00a1Maximicemos juntos los resultados de tu marca!<\/p>\n\n\n\n<div role=\"main\" id=\"formulario-blog-analise-gratuita-16dd12bc38d3b6ec9adf\"><\/div><script type=\"text\/javascript\" src=\"https:\/\/d335luupugsy2.cloudfront.net\/js\/rdstation-forms\/stable\/rdstation-forms.min.js\"><\/script><script type=\"text\/javascript\"> new RDStationForms('formulario-blog-analise-gratuita-16dd12bc38d3b6ec9adf', 'UA-18699224-1').createForm();<\/script>","protected":false},"excerpt":{"rendered":"<p>Aproveitando a semana do S\u00e3o Paulo Fashion Week, te damos 4 dicas de como fazer marketing digital para moda.<\/p>","protected":false},"author":1,"featured_media":229005,"comment_status":"open","ping_status":"closed","sticky":false,"template":"","format":"standard","meta":{"_acf_changed":false,"content-type":"","footnotes":""},"categories":[580],"tags":[],"class_list":["post-25251","post","type-post","status-publish","format-standard","has-post-thumbnail","hentry","category-marketing-digital"],"acf":[],"yoast_head":"<!-- This site is optimized with the Yoast SEO Premium plugin v27.3 (Yoast SEO v27.3) - https:\/\/yoast.com\/product\/yoast-seo-premium-wordpress\/ -->\n<title>Marketing de moda: 12 dicas para quem quer se destacar no digital<\/title>\n<meta name=\"description\" content=\"Confira 12 dicas de marketing de moda para o digital e impulsione suas vendas no meio online. Veja tamb\u00e9m com podemos te ajudar!\" \/>\n<meta name=\"robots\" content=\"index, follow, max-snippet:-1, max-image-preview:large, max-video-preview:-1\" \/>\n<link rel=\"canonical\" href=\"https:\/\/www.edialog.com.br\/es\/marketing-de-moda\/\" \/>\n<meta property=\"og:locale\" content=\"es_ES\" \/>\n<meta property=\"og:type\" content=\"article\" \/>\n<meta property=\"og:title\" content=\"Marketing de moda: 12 dicas para quem quer se destacar no digital\" \/>\n<meta property=\"og:description\" content=\"Confira 12 dicas de marketing de moda para o digital e impulsione suas vendas no meio online. Veja tamb\u00e9m com podemos te ajudar!\" \/>\n<meta property=\"og:url\" content=\"https:\/\/www.edialog.com.br\/es\/marketing-de-moda\/\" \/>\n<meta property=\"og:site_name\" content=\"Ag\u00eancia de Inbound Marketing | E-Dialog\" \/>\n<meta property=\"article:publisher\" content=\"https:\/\/facebook.com\/edialogcomunicacao\" \/>\n<meta property=\"article:author\" content=\"http:\/\/facebook.com\/renancaixeiro\" \/>\n<meta property=\"article:published_time\" content=\"2025-04-23T15:36:45+00:00\" \/>\n<meta property=\"article:modified_time\" content=\"2026-04-13T19:25:53+00:00\" \/>\n<meta property=\"og:image\" content=\"https:\/\/www.edialog.com.br\/wp-content\/uploads\/2025\/04\/marketing-de-moda.webp\" \/>\n\t<meta property=\"og:image:width\" content=\"2357\" \/>\n\t<meta property=\"og:image:height\" content=\"1193\" \/>\n\t<meta property=\"og:image:type\" content=\"image\/webp\" \/>\n<meta name=\"author\" content=\"Renan Caixeiro\" \/>\n<meta name=\"twitter:label1\" content=\"Escrito por\" \/>\n\t<meta name=\"twitter:data1\" content=\"Renan Caixeiro\" \/>\n\t<meta name=\"twitter:label2\" content=\"Tiempo de lectura\" \/>\n\t<meta name=\"twitter:data2\" content=\"8 minutos\" \/>\n<script type=\"application\/ld+json\" class=\"yoast-schema-graph\">{\"@context\":\"https:\\\/\\\/schema.org\",\"@graph\":[{\"@type\":[\"Article\",\"BlogPosting\"],\"@id\":\"https:\\\/\\\/www.edialog.com.br\\\/marketing-de-moda\\\/#article\",\"isPartOf\":{\"@id\":\"https:\\\/\\\/www.edialog.com.br\\\/marketing-de-moda\\\/\"},\"author\":{\"name\":\"Renan Caixeiro\",\"@id\":\"https:\\\/\\\/www.edialog.com.br\\\/#\\\/schema\\\/person\\\/7f509934e54fd30b9d2d02cf51b60966\"},\"headline\":\"Marketing de moda: 12 dicas para quem quer se destacar no digital\",\"datePublished\":\"2025-04-23T15:36:45+00:00\",\"dateModified\":\"2026-04-13T19:25:53+00:00\",\"mainEntityOfPage\":{\"@id\":\"https:\\\/\\\/www.edialog.com.br\\\/marketing-de-moda\\\/\"},\"wordCount\":1454,\"commentCount\":1,\"publisher\":{\"@id\":\"https:\\\/\\\/www.edialog.com.br\\\/#organization\"},\"image\":{\"@id\":\"https:\\\/\\\/www.edialog.com.br\\\/marketing-de-moda\\\/#primaryimage\"},\"thumbnailUrl\":\"https:\\\/\\\/www.edialog.com.br\\\/wp-content\\\/uploads\\\/2025\\\/04\\\/marketing-de-moda.webp\",\"articleSection\":[\"Marketing Digital\"],\"inLanguage\":\"es\",\"potentialAction\":[{\"@type\":\"CommentAction\",\"name\":\"Comment\",\"target\":[\"https:\\\/\\\/www.edialog.com.br\\\/marketing-de-moda\\\/#respond\"]}]},{\"@type\":\"WebPage\",\"@id\":\"https:\\\/\\\/www.edialog.com.br\\\/marketing-de-moda\\\/\",\"url\":\"https:\\\/\\\/www.edialog.com.br\\\/marketing-de-moda\\\/\",\"name\":\"Marketing de moda: 12 dicas para quem quer se destacar no digital\",\"isPartOf\":{\"@id\":\"https:\\\/\\\/www.edialog.com.br\\\/#website\"},\"primaryImageOfPage\":{\"@id\":\"https:\\\/\\\/www.edialog.com.br\\\/marketing-de-moda\\\/#primaryimage\"},\"image\":{\"@id\":\"https:\\\/\\\/www.edialog.com.br\\\/marketing-de-moda\\\/#primaryimage\"},\"thumbnailUrl\":\"https:\\\/\\\/www.edialog.com.br\\\/wp-content\\\/uploads\\\/2025\\\/04\\\/marketing-de-moda.webp\",\"datePublished\":\"2025-04-23T15:36:45+00:00\",\"dateModified\":\"2026-04-13T19:25:53+00:00\",\"description\":\"Confira 12 dicas de marketing de moda para o digital e impulsione suas vendas no meio online. Veja tamb\u00e9m com podemos te ajudar!\",\"breadcrumb\":{\"@id\":\"https:\\\/\\\/www.edialog.com.br\\\/marketing-de-moda\\\/#breadcrumb\"},\"inLanguage\":\"es\",\"potentialAction\":[{\"@type\":\"ReadAction\",\"target\":[\"https:\\\/\\\/www.edialog.com.br\\\/marketing-de-moda\\\/\"]}]},{\"@type\":\"ImageObject\",\"inLanguage\":\"es\",\"@id\":\"https:\\\/\\\/www.edialog.com.br\\\/marketing-de-moda\\\/#primaryimage\",\"url\":\"https:\\\/\\\/www.edialog.com.br\\\/wp-content\\\/uploads\\\/2025\\\/04\\\/marketing-de-moda.webp\",\"contentUrl\":\"https:\\\/\\\/www.edialog.com.br\\\/wp-content\\\/uploads\\\/2025\\\/04\\\/marketing-de-moda.webp\",\"width\":2357,\"height\":1193,\"caption\":\"Pessoa interagindo com a vitrine por meio de seu celular, representando o marketing de moda no digital\"},{\"@type\":\"BreadcrumbList\",\"@id\":\"https:\\\/\\\/www.edialog.com.br\\\/marketing-de-moda\\\/#breadcrumb\",\"itemListElement\":[{\"@type\":\"ListItem\",\"position\":1,\"name\":\"Home\",\"item\":\"https:\\\/\\\/www.edialog.com.br\\\/\"},{\"@type\":\"ListItem\",\"position\":2,\"name\":\"Marketing Digital\",\"item\":\"https:\\\/\\\/www.edialog.com.br\\\/category\\\/marketing-digital\\\/\"},{\"@type\":\"ListItem\",\"position\":3,\"name\":\"Marketing de moda: 12 dicas para quem quer se destacar no digital\"}]},{\"@type\":\"WebSite\",\"@id\":\"https:\\\/\\\/www.edialog.com.br\\\/#website\",\"url\":\"https:\\\/\\\/www.edialog.com.br\\\/\",\"name\":\"Ag\u00eancia de Inbound Marketing | E-Dialog\",\"description\":\"Ag\u00eancia de Inbound Marketing premiada com solu\u00e7\u00f5es completas para o seu neg\u00f3cio. Atraia leads, com conte\u00fados \u00fanicos e envolventes. Solicite or\u00e7amento!\",\"publisher\":{\"@id\":\"https:\\\/\\\/www.edialog.com.br\\\/#organization\"},\"potentialAction\":[{\"@type\":\"SearchAction\",\"target\":{\"@type\":\"EntryPoint\",\"urlTemplate\":\"https:\\\/\\\/www.edialog.com.br\\\/?s={search_term_string}\"},\"query-input\":{\"@type\":\"PropertyValueSpecification\",\"valueRequired\":true,\"valueName\":\"search_term_string\"}}],\"inLanguage\":\"es\"},{\"@type\":\"Organization\",\"@id\":\"https:\\\/\\\/www.edialog.com.br\\\/#organization\",\"name\":\"Ag\u00eancia de M\u00eddias Sociais e Marketing Digital | E-Dialog\",\"url\":\"https:\\\/\\\/www.edialog.com.br\\\/\",\"logo\":{\"@type\":\"ImageObject\",\"inLanguage\":\"es\",\"@id\":\"https:\\\/\\\/www.edialog.com.br\\\/#\\\/schema\\\/logo\\\/image\\\/\",\"url\":\"https:\\\/\\\/www.edialog.com.br\\\/wp-content\\\/uploads\\\/2021\\\/09\\\/edialog-logo-case.png\",\"contentUrl\":\"https:\\\/\\\/www.edialog.com.br\\\/wp-content\\\/uploads\\\/2021\\\/09\\\/edialog-logo-case.png\",\"width\":810,\"height\":450,\"caption\":\"Ag\u00eancia de M\u00eddias Sociais e Marketing Digital | E-Dialog\"},\"image\":{\"@id\":\"https:\\\/\\\/www.edialog.com.br\\\/#\\\/schema\\\/logo\\\/image\\\/\"},\"sameAs\":[\"https:\\\/\\\/facebook.com\\\/edialogcomunicacao\",\"https:\\\/\\\/x.com\\\/edialog_br\",\"https:\\\/\\\/www.instagram.com\\\/edialog_br\",\"https:\\\/\\\/www.linkedin.com\\\/company\\\/e-dialog-comunica-o-digital\",\"https:\\\/\\\/www.youtube.com\\\/channel\\\/UCPiVQ_yVlcCqWS2sRzJZj7g\"]},{\"@type\":\"Person\",\"@id\":\"https:\\\/\\\/www.edialog.com.br\\\/#\\\/schema\\\/person\\\/7f509934e54fd30b9d2d02cf51b60966\",\"name\":\"Renan Caixeiro\",\"image\":{\"@type\":\"ImageObject\",\"inLanguage\":\"es\",\"@id\":\"https:\\\/\\\/www.edialog.com.br\\\/wp-content\\\/uploads\\\/2023\\\/11\\\/renan-caixeiro-150x150.jpg\",\"url\":\"https:\\\/\\\/www.edialog.com.br\\\/wp-content\\\/uploads\\\/2023\\\/11\\\/renan-caixeiro-150x150.jpg\",\"contentUrl\":\"https:\\\/\\\/www.edialog.com.br\\\/wp-content\\\/uploads\\\/2023\\\/11\\\/renan-caixeiro-150x150.jpg\",\"caption\":\"Renan Caixeiro\"},\"description\":\"S\u00f3cio Diretor na E-Dialog, \u00e9 graduado em Jornalismo e p\u00f3s-graduado em Comunica\u00e7\u00e3o Corporativa, ambos pela UFJF. Est\u00e1 \u00e0 frente do Reportei, SaaS de relat\u00f3rios e dashboards, \u00e9 host do Projeto SaaS, podcast que compartilha experi\u00eancias do universo de software as a service, e s\u00f3cio da Aquela Caixa, comunidade para profissionais de cria\u00e7\u00e3o. Torcedor do Vasco, tem como meta comprar o Gigante da Colina. LinkedIn: @renancaixeiro \\\/ Instagram: @renancaixeiro.\",\"sameAs\":[\"http:\\\/\\\/facebook.com\\\/renancaixeiro\",\"https:\\\/\\\/www.instagram.com\\\/renancaixeiro\\\/\",\"https:\\\/\\\/br.linkedin.com\\\/in\\\/renancaixeiro\\\/pt\",\"https:\\\/\\\/x.com\\\/renancaixeiro\"],\"url\":\"https:\\\/\\\/www.edialog.com.br\\\/es\\\/author\\\/renancaixeiro\\\/\"}]}<\/script>\n<!-- \/ Yoast SEO Premium plugin. -->","yoast_head_json":{"title":"Marketing de moda: 12 consejos para los que quieren destacar en el mundo digital","description":"Confira 12 dicas de marketing de moda para o digital e impulsione suas vendas no meio online. Veja tamb\u00e9m com podemos te ajudar!","robots":{"index":"index","follow":"follow","max-snippet":"max-snippet:-1","max-image-preview":"max-image-preview:large","max-video-preview":"max-video-preview:-1"},"canonical":"https:\/\/www.edialog.com.br\/es\/marketing-de-moda\/","og_locale":"es_ES","og_type":"article","og_title":"Marketing de moda: 12 dicas para quem quer se destacar no digital","og_description":"Confira 12 dicas de marketing de moda para o digital e impulsione suas vendas no meio online. Veja tamb\u00e9m com podemos te ajudar!","og_url":"https:\/\/www.edialog.com.br\/es\/marketing-de-moda\/","og_site_name":"Ag\u00eancia de Inbound Marketing | E-Dialog","article_publisher":"https:\/\/facebook.com\/edialogcomunicacao","article_author":"http:\/\/facebook.com\/renancaixeiro","article_published_time":"2025-04-23T15:36:45+00:00","article_modified_time":"2026-04-13T19:25:53+00:00","og_image":[{"width":2357,"height":1193,"url":"https:\/\/www.edialog.com.br\/wp-content\/uploads\/2025\/04\/marketing-de-moda.webp","type":"image\/webp"}],"author":"Renan Caixeiro","twitter_misc":{"Escrito por":"Renan Caixeiro","Tiempo de lectura":"8 minutos"},"schema":{"@context":"https:\/\/schema.org","@graph":[{"@type":["Article","BlogPosting"],"@id":"https:\/\/www.edialog.com.br\/marketing-de-moda\/#article","isPartOf":{"@id":"https:\/\/www.edialog.com.br\/marketing-de-moda\/"},"author":{"name":"Renan Caixeiro","@id":"https:\/\/www.edialog.com.br\/#\/schema\/person\/7f509934e54fd30b9d2d02cf51b60966"},"headline":"Marketing de moda: 12 dicas para quem quer se destacar no digital","datePublished":"2025-04-23T15:36:45+00:00","dateModified":"2026-04-13T19:25:53+00:00","mainEntityOfPage":{"@id":"https:\/\/www.edialog.com.br\/marketing-de-moda\/"},"wordCount":1454,"commentCount":1,"publisher":{"@id":"https:\/\/www.edialog.com.br\/#organization"},"image":{"@id":"https:\/\/www.edialog.com.br\/marketing-de-moda\/#primaryimage"},"thumbnailUrl":"https:\/\/www.edialog.com.br\/wp-content\/uploads\/2025\/04\/marketing-de-moda.webp","articleSection":["Marketing Digital"],"inLanguage":"es","potentialAction":[{"@type":"CommentAction","name":"Comment","target":["https:\/\/www.edialog.com.br\/marketing-de-moda\/#respond"]}]},{"@type":"WebPage","@id":"https:\/\/www.edialog.com.br\/marketing-de-moda\/","url":"https:\/\/www.edialog.com.br\/marketing-de-moda\/","name":"Marketing de moda: 12 consejos para los que quieren destacar en el mundo digital","isPartOf":{"@id":"https:\/\/www.edialog.com.br\/#website"},"primaryImageOfPage":{"@id":"https:\/\/www.edialog.com.br\/marketing-de-moda\/#primaryimage"},"image":{"@id":"https:\/\/www.edialog.com.br\/marketing-de-moda\/#primaryimage"},"thumbnailUrl":"https:\/\/www.edialog.com.br\/wp-content\/uploads\/2025\/04\/marketing-de-moda.webp","datePublished":"2025-04-23T15:36:45+00:00","dateModified":"2026-04-13T19:25:53+00:00","description":"Confira 12 dicas de marketing de moda para o digital e impulsione suas vendas no meio online. Veja tamb\u00e9m com podemos te ajudar!","breadcrumb":{"@id":"https:\/\/www.edialog.com.br\/marketing-de-moda\/#breadcrumb"},"inLanguage":"es","potentialAction":[{"@type":"ReadAction","target":["https:\/\/www.edialog.com.br\/marketing-de-moda\/"]}]},{"@type":"ImageObject","inLanguage":"es","@id":"https:\/\/www.edialog.com.br\/marketing-de-moda\/#primaryimage","url":"https:\/\/www.edialog.com.br\/wp-content\/uploads\/2025\/04\/marketing-de-moda.webp","contentUrl":"https:\/\/www.edialog.com.br\/wp-content\/uploads\/2025\/04\/marketing-de-moda.webp","width":2357,"height":1193,"caption":"Pessoa interagindo com a vitrine por meio de seu celular, representando o marketing de moda no digital"},{"@type":"BreadcrumbList","@id":"https:\/\/www.edialog.com.br\/marketing-de-moda\/#breadcrumb","itemListElement":[{"@type":"ListItem","position":1,"name":"Home","item":"https:\/\/www.edialog.com.br\/"},{"@type":"ListItem","position":2,"name":"Marketing Digital","item":"https:\/\/www.edialog.com.br\/category\/marketing-digital\/"},{"@type":"ListItem","position":3,"name":"Marketing de moda: 12 dicas para quem quer se destacar no digital"}]},{"@type":"WebSite","@id":"https:\/\/www.edialog.com.br\/#website","url":"https:\/\/www.edialog.com.br\/","name":"Agencia de marketing entrante | E-Dialog","description":"Ag\u00eancia de Inbound Marketing premiada com solu\u00e7\u00f5es completas para o seu neg\u00f3cio. Atraia leads, com conte\u00fados \u00fanicos e envolventes. Solicite or\u00e7amento!","publisher":{"@id":"https:\/\/www.edialog.com.br\/#organization"},"potentialAction":[{"@type":"SearchAction","target":{"@type":"EntryPoint","urlTemplate":"https:\/\/www.edialog.com.br\/?s={search_term_string}"},"query-input":{"@type":"PropertyValueSpecification","valueRequired":true,"valueName":"search_term_string"}}],"inLanguage":"es"},{"@type":"Organization","@id":"https:\/\/www.edialog.com.br\/#organization","name":"Ag\u00eancia de M\u00eddias Sociais e Marketing Digital | E-Dialog","url":"https:\/\/www.edialog.com.br\/","logo":{"@type":"ImageObject","inLanguage":"es","@id":"https:\/\/www.edialog.com.br\/#\/schema\/logo\/image\/","url":"https:\/\/www.edialog.com.br\/wp-content\/uploads\/2021\/09\/edialog-logo-case.png","contentUrl":"https:\/\/www.edialog.com.br\/wp-content\/uploads\/2021\/09\/edialog-logo-case.png","width":810,"height":450,"caption":"Ag\u00eancia de M\u00eddias Sociais e Marketing Digital | E-Dialog"},"image":{"@id":"https:\/\/www.edialog.com.br\/#\/schema\/logo\/image\/"},"sameAs":["https:\/\/facebook.com\/edialogcomunicacao","https:\/\/x.com\/edialog_br","https:\/\/www.instagram.com\/edialog_br","https:\/\/www.linkedin.com\/company\/e-dialog-comunica-o-digital","https:\/\/www.youtube.com\/channel\/UCPiVQ_yVlcCqWS2sRzJZj7g"]},{"@type":"Person","@id":"https:\/\/www.edialog.com.br\/#\/schema\/person\/7f509934e54fd30b9d2d02cf51b60966","name":"Renan Caixeiro","image":{"@type":"ImageObject","inLanguage":"es","@id":"https:\/\/www.edialog.com.br\/wp-content\/uploads\/2023\/11\/renan-caixeiro-150x150.jpg","url":"https:\/\/www.edialog.com.br\/wp-content\/uploads\/2023\/11\/renan-caixeiro-150x150.jpg","contentUrl":"https:\/\/www.edialog.com.br\/wp-content\/uploads\/2023\/11\/renan-caixeiro-150x150.jpg","caption":"Renan Caixeiro"},"description":"S\u00f3cio Diretor na E-Dialog, \u00e9 graduado em Jornalismo e p\u00f3s-graduado em Comunica\u00e7\u00e3o Corporativa, ambos pela UFJF. Est\u00e1 \u00e0 frente do Reportei, SaaS de relat\u00f3rios e dashboards, \u00e9 host do Projeto SaaS, podcast que compartilha experi\u00eancias do universo de software as a service, e s\u00f3cio da Aquela Caixa, comunidade para profissionais de cria\u00e7\u00e3o. Torcedor do Vasco, tem como meta comprar o Gigante da Colina. LinkedIn: @renancaixeiro \/ Instagram: @renancaixeiro.","sameAs":["http:\/\/facebook.com\/renancaixeiro","https:\/\/www.instagram.com\/renancaixeiro\/","https:\/\/br.linkedin.com\/in\/renancaixeiro\/pt","https:\/\/x.com\/renancaixeiro"],"url":"https:\/\/www.edialog.com.br\/es\/author\/renancaixeiro\/"}]}},"_links":{"self":[{"href":"https:\/\/www.edialog.com.br\/es\/wp-json\/wp\/v2\/posts\/25251","targetHints":{"allow":["GET"]}}],"collection":[{"href":"https:\/\/www.edialog.com.br\/es\/wp-json\/wp\/v2\/posts"}],"about":[{"href":"https:\/\/www.edialog.com.br\/es\/wp-json\/wp\/v2\/types\/post"}],"author":[{"embeddable":true,"href":"https:\/\/www.edialog.com.br\/es\/wp-json\/wp\/v2\/users\/1"}],"replies":[{"embeddable":true,"href":"https:\/\/www.edialog.com.br\/es\/wp-json\/wp\/v2\/comments?post=25251"}],"version-history":[{"count":5,"href":"https:\/\/www.edialog.com.br\/es\/wp-json\/wp\/v2\/posts\/25251\/revisions"}],"predecessor-version":[{"id":230791,"href":"https:\/\/www.edialog.com.br\/es\/wp-json\/wp\/v2\/posts\/25251\/revisions\/230791"}],"wp:featuredmedia":[{"embeddable":true,"href":"https:\/\/www.edialog.com.br\/es\/wp-json\/wp\/v2\/media\/229005"}],"wp:attachment":[{"href":"https:\/\/www.edialog.com.br\/es\/wp-json\/wp\/v2\/media?parent=25251"}],"wp:term":[{"taxonomy":"category","embeddable":true,"href":"https:\/\/www.edialog.com.br\/es\/wp-json\/wp\/v2\/categories?post=25251"},{"taxonomy":"post_tag","embeddable":true,"href":"https:\/\/www.edialog.com.br\/es\/wp-json\/wp\/v2\/tags?post=25251"}],"curies":[{"name":"wp","href":"https:\/\/api.w.org\/{rel}","templated":true}]}}