{"id":25066,"date":"2016-09-01T12:08:09","date_gmt":"2016-09-01T15:08:09","guid":{"rendered":"https:\/\/www.edialog.com.br\/?p=25066"},"modified":"2025-01-28T15:38:55","modified_gmt":"2025-01-28T18:38:55","slug":"5-erros-de-marketing-digital-que-todo-mundo-ja-cometeu-ou-comete","status":"publish","type":"post","link":"https:\/\/www.edialog.com.br\/es\/5-erros-de-marketing-digital-que-todo-mundo-ja-cometeu-ou-comete\/","title":{"rendered":"5 errores de marketing digital que todo el mundo ha cometido (o comete)"},"content":{"rendered":"<p>Os erros de marketing digital s\u00e3o comuns. Um descuido e pronto, a verba j\u00e1 foi gasta, a taxa de convers\u00e3o despencou e o conte\u00fado foi produzido sem prop\u00f3sito nenhum. \u00c9 preciso aten\u00e7\u00e3o para evitar esses erros e, caso eles aconte\u00e7am, minimizar os impactos. Para isso, vamos falar de 5 erros de marketing digital comuns e que podem causar estragos na sua estrat\u00e9gia de marketing digital. Se voc\u00ea est\u00e1 cometendo um deles, corrija j\u00e1!<\/p>\n<h3>Fazer mudan\u00e7as no site sem an\u00e1lise<\/h3>\n<p>Os testes existem para nos mostrar o que funciona e o que n\u00e3o funciona. Ou seja, servem para tamb\u00e9m dar errado. Ao perceber que uma <a href=\"https:\/\/www.edialog.com.br\/es\/marketing-inbound\/inboundelandingpage\/\">p\u00e1gina de aterrizaje<\/a> n\u00e3o converte bem, por exemplo, nossa primeira rea\u00e7\u00e3o \u00e9 querer mudar. Isso n\u00e3o est\u00e1 errado. A falha est\u00e1 em n\u00e3o analisar os n\u00fameros, levantar hip\u00f3teses e acompanhar essas modifica\u00e7\u00f5es. Esse \u00e9 um dos erros de marketing digital mais comuns e causam transtornos graves, se n\u00e3o corrigidos a tempo.<\/p>\n<p>Quando se decide mudar algo em seu site, \u00e9 preciso saber o que est\u00e1 dando errado. Analise o n\u00famero de leads que est\u00e3o sendo gerados, impacto que aquela p\u00e1gina tem e os resultados obtidos de acordo com os objetivos definidos. Depois disso, voc\u00ea conseguir\u00e1 entender o que precisa mudar. Depois das mudan\u00e7as feitas, monitore os resultados gerados. Se a modifica\u00e7\u00e3o ainda n\u00e3o for a ideal, voc\u00ea conseguir\u00e1 fazer corre\u00e7\u00f5es de maneira assertiva.<\/p>\n<h3>Realizar testes sem controle<\/h3>\n<p>Testar \u00e9 algo definitivamente atrelado ao marketing digital. Faz parte da nossa rotina esses experimentos para avaliar, estruturar campanhas e definir novas rotas. O problema \u00e9 quando estamos realizando v\u00e1rios testes sem controle. E isso n\u00e3o \u00e9 dif\u00edcil de acontecer.<\/p>\n<p>Evite cometer esses erros no marketing digital organizando suas campanhas. Defina um processo para controle dos testes. Pode ser uma planilha do excel, tabela no word ou uma ferramenta super elaborada como o <a href=\"https:\/\/www.edialog.com.br\/es\/o-que-e-rd-station\/\">RD Station<\/a>. Fa\u00e7a esse controle para entender o que voc\u00ea est\u00e1 testando, que tipo de resultados voc\u00ea est\u00e1 tendo e o qual ser\u00e1 o pr\u00f3ximo passo. A partir dessa organiza\u00e7\u00e3o, mesmo gerando algum tipo de burocracia, voc\u00ea organizar\u00e1 os experimentos na sua empresa.<\/p>\n<h3>N\u00e3o determinar um prazo para finalizar campanhas<\/h3>\n<p>Quando criamos uma campanha no <a href=\"https:\/\/www.edialog.com.br\/es\/facebook\/como-mensurar-e-otimizar-o-seu-facebook-ads\/\">Anuncios en Facebook <\/a>, existe a possibilidade de delimitar o final da campanha e o or\u00e7amento que ser\u00e1 gasto nesse per\u00edodo. Quando n\u00e3o se determina o fim do ads, o risco \u00e9 de gastar mais do que deveria ou gastar toda a verba destinada para an\u00fancios no Facebook dispon\u00edvel.<\/p>\n<p>Para evitar gastos desnecess\u00e1rios, fique atento quando criar uma campanha e adote o or\u00e7amento vital\u00edcio. Ele definir\u00e1 qual o valor m\u00e1ximo gasto na campanha. Ou seja, quando aquele valor for gasto, a campanha ser\u00e1 encerrada e voc\u00ea n\u00e3o gastar\u00e1 nada fora do previsto.<\/p>\n<p><a href=\"https:\/\/www.edialog.com.br\/wp-content\/uploads\/2016\/09\/erros-de-marketing-digital-campanha-facebook-ads.png\"><img fetchpriority=\"high\" decoding=\"async\" class=\"size-full wp-image-25063 aligncenter\" src=\"https:\/\/www.edialog.com.br\/wp-content\/uploads\/2016\/09\/erros-de-marketing-digital-campanha-facebook-ads.png\" alt=\"erros-de-marketing-digital-campanha-facebook-ads\" width=\"659\" height=\"331\" \/><\/a><\/p>\n<h3>N\u00e3o testar uma campanha de email marketing<\/h3>\n<p>Voc\u00ea trabalha com <a href=\"https:\/\/www.edialog.com.br\/es\/midia-social\/errosnoemailmarketing\/\">email marketing<\/a>? Essa \u00e9 uma excelente ferramenta para trabalhar o Inbound Marketing e gerar mais leads para a sua empresa. Mas se suas campanhas n\u00e3o forem planejadas e executadas com excel\u00eancia, alguns erros de marketing digital bobos podem acontecer e atrapalhar seus resultados.<\/p>\n<p>N\u00e3o dispare um email marketing sem antes checar todos os links que est\u00e3o no corpo do email, confira se o assunto \u00e9 atraente e condiz com o que voc\u00ea oferece de conte\u00fado no email e se o remetente \u00e9 realmente o melhor para o seu objetivo. Aten\u00e7\u00e3o e objetividade sempre s\u00e3o bem-vindas para esses momentos.<\/p>\n<h3>N\u00e3o planejar os conte\u00fados veiculados<\/h3>\n<p>Esse \u00e9 um erro cometido pela maioria das empresas e que causa efeitos desastrosos. Existem meios de planejar o conte\u00fado que ser\u00e1 produzido e veiculado nas suas campanhas de marketing digital, com o <a href=\"https:\/\/www.edialog.com.br\/es\/calendario-editorial\/\">calendario editorial<\/a>, por exemplo. Mas, mesmo com tantas ferramentas dispon\u00edveis, existem algumas empresas que n\u00e3o tomam o devido cuidado com a mat\u00e9ria-prima do marketing digital.<\/p>\n<p>Baseie-se nas palavras-chave e crie posts com anteced\u00eancia, podendo selecionar quais conte\u00fados ser\u00e3o veiculados e em que momentos isso acontecer\u00e1. Mensure os resultados gerados e fa\u00e7a as altera\u00e7\u00f5es que julgar necess\u00e1rias.<\/p>\n<p>Fique atento para n\u00e3o cometer algumas dessas gafes. O marketing digital e os resultados da sua empresa agradecem!<\/p>\n<p>Est\u00e1 interessado em saber mais sobre erros de marketing digital? Leia outros posts do blog:<\/p>\n<p><a href=\"https:\/\/www.edialog.com.br\/es\/midia-social\/analise-de-conteudo-das-redes-sociais-veja-como-fazer-na-sua-empresa\/\">&#8211; An\u00e1lise de conte\u00fado das redes sociais: veja como fazer na sua empresa<\/a><\/p>\n<p><a href=\"https:\/\/www.edialog.com.br\/es\/midia-social\/5-erros-no-inbound-marketing-que-voce-nao-deve-cometer\/\">&#8211; 5 erros no Inbound Marketing que voc\u00ea n\u00e3o deve cometer<\/a><\/p>","protected":false},"excerpt":{"rendered":"<p>Eche un vistazo al art\u00edculo de hoy sobre 5 errores comunes del marketing digital que pueden causar estragos en su estrategia de marketing digital.<\/p>","protected":false},"author":1,"featured_media":0,"comment_status":"open","ping_status":"open","sticky":false,"template":"","format":"standard","meta":{"_acf_changed":false,"content-type":"","footnotes":""},"categories":[581,580],"tags":[],"class_list":["post-25066","post","type-post","status-publish","format-standard","hentry","category-inbound-marketing","category-marketing-digital"],"acf":[],"yoast_head":"<!-- This site is optimized with the Yoast SEO Premium plugin v27.5 (Yoast SEO v27.5) - https:\/\/yoast.com\/product\/yoast-seo-premium-wordpress\/ -->\n<title>5 erros de marketing digital que todo mundo j\u00e1 cometeu<\/title>\n<meta name=\"description\" content=\"Confira no texto de hoje de 5 erros de marketing digital comuns e que podem causar estragos na sua estrat\u00e9gia de marketing digital!\" \/>\n<meta name=\"robots\" content=\"index, follow, max-snippet:-1, max-image-preview:large, max-video-preview:-1\" \/>\n<link rel=\"canonical\" href=\"https:\/\/www.edialog.com.br\/es\/5-erros-de-marketing-digital-que-todo-mundo-ja-cometeu-ou-comete\/\" \/>\n<meta property=\"og:locale\" content=\"es_ES\" \/>\n<meta property=\"og:type\" content=\"article\" \/>\n<meta property=\"og:title\" content=\"5 erros de marketing digital que todo mundo j\u00e1 cometeu (ou comete)\" \/>\n<meta property=\"og:description\" content=\"Confira no texto de hoje de 5 erros de marketing digital comuns e que podem causar estragos na sua estrat\u00e9gia de marketing digital!\" \/>\n<meta property=\"og:url\" content=\"https:\/\/www.edialog.com.br\/es\/5-erros-de-marketing-digital-que-todo-mundo-ja-cometeu-ou-comete\/\" \/>\n<meta property=\"og:site_name\" content=\"Ag\u00eancia de Inbound Marketing | E-Dialog\" \/>\n<meta property=\"article:publisher\" content=\"https:\/\/facebook.com\/edialogcomunicacao\" \/>\n<meta property=\"article:author\" content=\"http:\/\/facebook.com\/renancaixeiro\" \/>\n<meta property=\"article:published_time\" content=\"2016-09-01T15:08:09+00:00\" \/>\n<meta property=\"article:modified_time\" content=\"2025-01-28T18:38:55+00:00\" \/>\n<meta property=\"og:image\" content=\"https:\/\/www.edialog.com.br\/wp-content\/uploads\/2021\/09\/edialog-logo-case.png\" \/>\n\t<meta property=\"og:image:width\" content=\"810\" \/>\n\t<meta property=\"og:image:height\" content=\"450\" \/>\n\t<meta property=\"og:image:type\" content=\"image\/png\" \/>\n<meta name=\"author\" content=\"Renan Caixeiro\" \/>\n<meta name=\"twitter:label1\" content=\"Escrito por\" \/>\n\t<meta name=\"twitter:data1\" content=\"Renan Caixeiro\" \/>\n\t<meta name=\"twitter:label2\" content=\"Tiempo de lectura\" \/>\n\t<meta name=\"twitter:data2\" content=\"5 minutos\" \/>\n<script type=\"application\/ld+json\" class=\"yoast-schema-graph\">{\"@context\":\"https:\\\/\\\/schema.org\",\"@graph\":[{\"@type\":[\"Article\",\"BlogPosting\"],\"@id\":\"https:\\\/\\\/www.edialog.com.br\\\/5-erros-de-marketing-digital-que-todo-mundo-ja-cometeu-ou-comete\\\/#article\",\"isPartOf\":{\"@id\":\"https:\\\/\\\/www.edialog.com.br\\\/5-erros-de-marketing-digital-que-todo-mundo-ja-cometeu-ou-comete\\\/\"},\"author\":{\"name\":\"Renan Caixeiro\",\"@id\":\"https:\\\/\\\/www.edialog.com.br\\\/#\\\/schema\\\/person\\\/7f509934e54fd30b9d2d02cf51b60966\"},\"headline\":\"5 erros de marketing digital que todo mundo j\u00e1 cometeu (ou comete)\",\"datePublished\":\"2016-09-01T15:08:09+00:00\",\"dateModified\":\"2025-01-28T18:38:55+00:00\",\"mainEntityOfPage\":{\"@id\":\"https:\\\/\\\/www.edialog.com.br\\\/5-erros-de-marketing-digital-que-todo-mundo-ja-cometeu-ou-comete\\\/\"},\"wordCount\":772,\"commentCount\":1,\"publisher\":{\"@id\":\"https:\\\/\\\/www.edialog.com.br\\\/#organization\"},\"image\":{\"@id\":\"https:\\\/\\\/www.edialog.com.br\\\/5-erros-de-marketing-digital-que-todo-mundo-ja-cometeu-ou-comete\\\/#primaryimage\"},\"thumbnailUrl\":\"https:\\\/\\\/www.edialog.com.br\\\/wp-content\\\/uploads\\\/2016\\\/09\\\/erros-de-marketing-digital-campanha-facebook-ads.png\",\"articleSection\":[\"Inbound Marketing\",\"Marketing Digital\"],\"inLanguage\":\"es\",\"potentialAction\":[{\"@type\":\"CommentAction\",\"name\":\"Comment\",\"target\":[\"https:\\\/\\\/www.edialog.com.br\\\/5-erros-de-marketing-digital-que-todo-mundo-ja-cometeu-ou-comete\\\/#respond\"]}]},{\"@type\":\"WebPage\",\"@id\":\"https:\\\/\\\/www.edialog.com.br\\\/5-erros-de-marketing-digital-que-todo-mundo-ja-cometeu-ou-comete\\\/\",\"url\":\"https:\\\/\\\/www.edialog.com.br\\\/5-erros-de-marketing-digital-que-todo-mundo-ja-cometeu-ou-comete\\\/\",\"name\":\"5 erros de marketing digital que todo mundo j\u00e1 cometeu\",\"isPartOf\":{\"@id\":\"https:\\\/\\\/www.edialog.com.br\\\/#website\"},\"primaryImageOfPage\":{\"@id\":\"https:\\\/\\\/www.edialog.com.br\\\/5-erros-de-marketing-digital-que-todo-mundo-ja-cometeu-ou-comete\\\/#primaryimage\"},\"image\":{\"@id\":\"https:\\\/\\\/www.edialog.com.br\\\/5-erros-de-marketing-digital-que-todo-mundo-ja-cometeu-ou-comete\\\/#primaryimage\"},\"thumbnailUrl\":\"https:\\\/\\\/www.edialog.com.br\\\/wp-content\\\/uploads\\\/2016\\\/09\\\/erros-de-marketing-digital-campanha-facebook-ads.png\",\"datePublished\":\"2016-09-01T15:08:09+00:00\",\"dateModified\":\"2025-01-28T18:38:55+00:00\",\"description\":\"Confira no texto de hoje de 5 erros de marketing digital comuns e que podem causar estragos na sua estrat\u00e9gia de marketing digital!\",\"breadcrumb\":{\"@id\":\"https:\\\/\\\/www.edialog.com.br\\\/5-erros-de-marketing-digital-que-todo-mundo-ja-cometeu-ou-comete\\\/#breadcrumb\"},\"inLanguage\":\"es\",\"potentialAction\":[{\"@type\":\"ReadAction\",\"target\":[\"https:\\\/\\\/www.edialog.com.br\\\/5-erros-de-marketing-digital-que-todo-mundo-ja-cometeu-ou-comete\\\/\"]}]},{\"@type\":\"ImageObject\",\"inLanguage\":\"es\",\"@id\":\"https:\\\/\\\/www.edialog.com.br\\\/5-erros-de-marketing-digital-que-todo-mundo-ja-cometeu-ou-comete\\\/#primaryimage\",\"url\":\"https:\\\/\\\/www.edialog.com.br\\\/wp-content\\\/uploads\\\/2016\\\/09\\\/erros-de-marketing-digital-campanha-facebook-ads.png\",\"contentUrl\":\"https:\\\/\\\/www.edialog.com.br\\\/wp-content\\\/uploads\\\/2016\\\/09\\\/erros-de-marketing-digital-campanha-facebook-ads.png\"},{\"@type\":\"BreadcrumbList\",\"@id\":\"https:\\\/\\\/www.edialog.com.br\\\/5-erros-de-marketing-digital-que-todo-mundo-ja-cometeu-ou-comete\\\/#breadcrumb\",\"itemListElement\":[{\"@type\":\"ListItem\",\"position\":1,\"name\":\"Home\",\"item\":\"https:\\\/\\\/www.edialog.com.br\\\/\"},{\"@type\":\"ListItem\",\"position\":2,\"name\":\"Inbound Marketing\",\"item\":\"https:\\\/\\\/www.edialog.com.br\\\/category\\\/inbound-marketing\\\/\"},{\"@type\":\"ListItem\",\"position\":3,\"name\":\"5 erros de marketing digital que todo mundo j\u00e1 cometeu (ou comete)\"}]},{\"@type\":\"WebSite\",\"@id\":\"https:\\\/\\\/www.edialog.com.br\\\/#website\",\"url\":\"https:\\\/\\\/www.edialog.com.br\\\/\",\"name\":\"Ag\u00eancia de Inbound Marketing | E-Dialog\",\"description\":\"Ag\u00eancia de Inbound Marketing premiada com solu\u00e7\u00f5es completas para o seu neg\u00f3cio. Atraia leads, com conte\u00fados \u00fanicos e envolventes. Solicite or\u00e7amento!\",\"publisher\":{\"@id\":\"https:\\\/\\\/www.edialog.com.br\\\/#organization\"},\"potentialAction\":[{\"@type\":\"SearchAction\",\"target\":{\"@type\":\"EntryPoint\",\"urlTemplate\":\"https:\\\/\\\/www.edialog.com.br\\\/?s={search_term_string}\"},\"query-input\":{\"@type\":\"PropertyValueSpecification\",\"valueRequired\":true,\"valueName\":\"search_term_string\"}}],\"inLanguage\":\"es\"},{\"@type\":\"Organization\",\"@id\":\"https:\\\/\\\/www.edialog.com.br\\\/#organization\",\"name\":\"Ag\u00eancia de M\u00eddias Sociais e Marketing Digital | E-Dialog\",\"url\":\"https:\\\/\\\/www.edialog.com.br\\\/\",\"logo\":{\"@type\":\"ImageObject\",\"inLanguage\":\"es\",\"@id\":\"https:\\\/\\\/www.edialog.com.br\\\/#\\\/schema\\\/logo\\\/image\\\/\",\"url\":\"https:\\\/\\\/www.edialog.com.br\\\/wp-content\\\/uploads\\\/2021\\\/09\\\/edialog-logo-case.png\",\"contentUrl\":\"https:\\\/\\\/www.edialog.com.br\\\/wp-content\\\/uploads\\\/2021\\\/09\\\/edialog-logo-case.png\",\"width\":810,\"height\":450,\"caption\":\"Ag\u00eancia de M\u00eddias Sociais e Marketing Digital | E-Dialog\"},\"image\":{\"@id\":\"https:\\\/\\\/www.edialog.com.br\\\/#\\\/schema\\\/logo\\\/image\\\/\"},\"sameAs\":[\"https:\\\/\\\/facebook.com\\\/edialogcomunicacao\",\"https:\\\/\\\/x.com\\\/edialog_br\",\"https:\\\/\\\/www.instagram.com\\\/edialog_br\",\"https:\\\/\\\/www.linkedin.com\\\/company\\\/e-dialog-comunica-o-digital\",\"https:\\\/\\\/www.youtube.com\\\/channel\\\/UCPiVQ_yVlcCqWS2sRzJZj7g\"]},{\"@type\":\"Person\",\"@id\":\"https:\\\/\\\/www.edialog.com.br\\\/#\\\/schema\\\/person\\\/7f509934e54fd30b9d2d02cf51b60966\",\"name\":\"Renan Caixeiro\",\"image\":{\"@type\":\"ImageObject\",\"inLanguage\":\"es\",\"@id\":\"https:\\\/\\\/www.edialog.com.br\\\/wp-content\\\/uploads\\\/2023\\\/11\\\/renan-caixeiro-150x150.jpg\",\"url\":\"https:\\\/\\\/www.edialog.com.br\\\/wp-content\\\/uploads\\\/2023\\\/11\\\/renan-caixeiro-150x150.jpg\",\"contentUrl\":\"https:\\\/\\\/www.edialog.com.br\\\/wp-content\\\/uploads\\\/2023\\\/11\\\/renan-caixeiro-150x150.jpg\",\"caption\":\"Renan Caixeiro\"},\"description\":\"S\u00f3cio Diretor na E-Dialog, \u00e9 graduado em Jornalismo e p\u00f3s-graduado em Comunica\u00e7\u00e3o Corporativa, ambos pela UFJF. Est\u00e1 \u00e0 frente do Reportei, SaaS de relat\u00f3rios e dashboards, \u00e9 host do Projeto SaaS, podcast que compartilha experi\u00eancias do universo de software as a service, e s\u00f3cio da Aquela Caixa, comunidade para profissionais de cria\u00e7\u00e3o. Torcedor do Vasco, tem como meta comprar o Gigante da Colina. LinkedIn: @renancaixeiro \\\/ Instagram: @renancaixeiro.\",\"sameAs\":[\"http:\\\/\\\/facebook.com\\\/renancaixeiro\",\"https:\\\/\\\/www.instagram.com\\\/renancaixeiro\\\/\",\"https:\\\/\\\/br.linkedin.com\\\/in\\\/renancaixeiro\\\/pt\",\"https:\\\/\\\/x.com\\\/renancaixeiro\"],\"url\":\"https:\\\/\\\/www.edialog.com.br\\\/es\\\/author\\\/renancaixeiro\\\/\"}]}<\/script>\n<!-- \/ Yoast SEO Premium plugin. -->","yoast_head_json":{"title":"5 erros de marketing digital que todo mundo j\u00e1 cometeu","description":"Eche un vistazo al art\u00edculo de hoy sobre 5 errores comunes del marketing digital que pueden causar estragos en su estrategia de marketing digital.","robots":{"index":"index","follow":"follow","max-snippet":"max-snippet:-1","max-image-preview":"max-image-preview:large","max-video-preview":"max-video-preview:-1"},"canonical":"https:\/\/www.edialog.com.br\/es\/5-erros-de-marketing-digital-que-todo-mundo-ja-cometeu-ou-comete\/","og_locale":"es_ES","og_type":"article","og_title":"5 erros de marketing digital que todo mundo j\u00e1 cometeu (ou comete)","og_description":"Confira no texto de hoje de 5 erros de marketing digital comuns e que podem causar estragos na sua estrat\u00e9gia de marketing digital!","og_url":"https:\/\/www.edialog.com.br\/es\/5-erros-de-marketing-digital-que-todo-mundo-ja-cometeu-ou-comete\/","og_site_name":"Ag\u00eancia de Inbound Marketing | E-Dialog","article_publisher":"https:\/\/facebook.com\/edialogcomunicacao","article_author":"http:\/\/facebook.com\/renancaixeiro","article_published_time":"2016-09-01T15:08:09+00:00","article_modified_time":"2025-01-28T18:38:55+00:00","og_image":[{"width":810,"height":450,"url":"https:\/\/www.edialog.com.br\/wp-content\/uploads\/2021\/09\/edialog-logo-case.png","type":"image\/png"}],"author":"Renan Caixeiro","twitter_misc":{"Escrito por":"Renan Caixeiro","Tiempo de lectura":"5 minutos"},"schema":{"@context":"https:\/\/schema.org","@graph":[{"@type":["Article","BlogPosting"],"@id":"https:\/\/www.edialog.com.br\/5-erros-de-marketing-digital-que-todo-mundo-ja-cometeu-ou-comete\/#article","isPartOf":{"@id":"https:\/\/www.edialog.com.br\/5-erros-de-marketing-digital-que-todo-mundo-ja-cometeu-ou-comete\/"},"author":{"name":"Renan Caixeiro","@id":"https:\/\/www.edialog.com.br\/#\/schema\/person\/7f509934e54fd30b9d2d02cf51b60966"},"headline":"5 erros de marketing digital que todo mundo j\u00e1 cometeu (ou comete)","datePublished":"2016-09-01T15:08:09+00:00","dateModified":"2025-01-28T18:38:55+00:00","mainEntityOfPage":{"@id":"https:\/\/www.edialog.com.br\/5-erros-de-marketing-digital-que-todo-mundo-ja-cometeu-ou-comete\/"},"wordCount":772,"commentCount":1,"publisher":{"@id":"https:\/\/www.edialog.com.br\/#organization"},"image":{"@id":"https:\/\/www.edialog.com.br\/5-erros-de-marketing-digital-que-todo-mundo-ja-cometeu-ou-comete\/#primaryimage"},"thumbnailUrl":"https:\/\/www.edialog.com.br\/wp-content\/uploads\/2016\/09\/erros-de-marketing-digital-campanha-facebook-ads.png","articleSection":["Inbound Marketing","Marketing Digital"],"inLanguage":"es","potentialAction":[{"@type":"CommentAction","name":"Comment","target":["https:\/\/www.edialog.com.br\/5-erros-de-marketing-digital-que-todo-mundo-ja-cometeu-ou-comete\/#respond"]}]},{"@type":"WebPage","@id":"https:\/\/www.edialog.com.br\/5-erros-de-marketing-digital-que-todo-mundo-ja-cometeu-ou-comete\/","url":"https:\/\/www.edialog.com.br\/5-erros-de-marketing-digital-que-todo-mundo-ja-cometeu-ou-comete\/","name":"5 erros de marketing digital que todo mundo j\u00e1 cometeu","isPartOf":{"@id":"https:\/\/www.edialog.com.br\/#website"},"primaryImageOfPage":{"@id":"https:\/\/www.edialog.com.br\/5-erros-de-marketing-digital-que-todo-mundo-ja-cometeu-ou-comete\/#primaryimage"},"image":{"@id":"https:\/\/www.edialog.com.br\/5-erros-de-marketing-digital-que-todo-mundo-ja-cometeu-ou-comete\/#primaryimage"},"thumbnailUrl":"https:\/\/www.edialog.com.br\/wp-content\/uploads\/2016\/09\/erros-de-marketing-digital-campanha-facebook-ads.png","datePublished":"2016-09-01T15:08:09+00:00","dateModified":"2025-01-28T18:38:55+00:00","description":"Eche un vistazo al art\u00edculo de hoy sobre 5 errores comunes del marketing digital que pueden causar estragos en su estrategia de marketing digital.","breadcrumb":{"@id":"https:\/\/www.edialog.com.br\/5-erros-de-marketing-digital-que-todo-mundo-ja-cometeu-ou-comete\/#breadcrumb"},"inLanguage":"es","potentialAction":[{"@type":"ReadAction","target":["https:\/\/www.edialog.com.br\/5-erros-de-marketing-digital-que-todo-mundo-ja-cometeu-ou-comete\/"]}]},{"@type":"ImageObject","inLanguage":"es","@id":"https:\/\/www.edialog.com.br\/5-erros-de-marketing-digital-que-todo-mundo-ja-cometeu-ou-comete\/#primaryimage","url":"https:\/\/www.edialog.com.br\/wp-content\/uploads\/2016\/09\/erros-de-marketing-digital-campanha-facebook-ads.png","contentUrl":"https:\/\/www.edialog.com.br\/wp-content\/uploads\/2016\/09\/erros-de-marketing-digital-campanha-facebook-ads.png"},{"@type":"BreadcrumbList","@id":"https:\/\/www.edialog.com.br\/5-erros-de-marketing-digital-que-todo-mundo-ja-cometeu-ou-comete\/#breadcrumb","itemListElement":[{"@type":"ListItem","position":1,"name":"Home","item":"https:\/\/www.edialog.com.br\/"},{"@type":"ListItem","position":2,"name":"Inbound Marketing","item":"https:\/\/www.edialog.com.br\/category\/inbound-marketing\/"},{"@type":"ListItem","position":3,"name":"5 erros de marketing digital que todo mundo j\u00e1 cometeu (ou comete)"}]},{"@type":"WebSite","@id":"https:\/\/www.edialog.com.br\/#website","url":"https:\/\/www.edialog.com.br\/","name":"Agencia de marketing entrante | E-Dialog","description":"Ag\u00eancia de Inbound Marketing premiada com solu\u00e7\u00f5es completas para o seu neg\u00f3cio. Atraia leads, com conte\u00fados \u00fanicos e envolventes. Solicite or\u00e7amento!","publisher":{"@id":"https:\/\/www.edialog.com.br\/#organization"},"potentialAction":[{"@type":"SearchAction","target":{"@type":"EntryPoint","urlTemplate":"https:\/\/www.edialog.com.br\/?s={search_term_string}"},"query-input":{"@type":"PropertyValueSpecification","valueRequired":true,"valueName":"search_term_string"}}],"inLanguage":"es"},{"@type":"Organization","@id":"https:\/\/www.edialog.com.br\/#organization","name":"Ag\u00eancia de M\u00eddias Sociais e Marketing Digital | E-Dialog","url":"https:\/\/www.edialog.com.br\/","logo":{"@type":"ImageObject","inLanguage":"es","@id":"https:\/\/www.edialog.com.br\/#\/schema\/logo\/image\/","url":"https:\/\/www.edialog.com.br\/wp-content\/uploads\/2021\/09\/edialog-logo-case.png","contentUrl":"https:\/\/www.edialog.com.br\/wp-content\/uploads\/2021\/09\/edialog-logo-case.png","width":810,"height":450,"caption":"Ag\u00eancia de M\u00eddias Sociais e Marketing Digital | E-Dialog"},"image":{"@id":"https:\/\/www.edialog.com.br\/#\/schema\/logo\/image\/"},"sameAs":["https:\/\/facebook.com\/edialogcomunicacao","https:\/\/x.com\/edialog_br","https:\/\/www.instagram.com\/edialog_br","https:\/\/www.linkedin.com\/company\/e-dialog-comunica-o-digital","https:\/\/www.youtube.com\/channel\/UCPiVQ_yVlcCqWS2sRzJZj7g"]},{"@type":"Person","@id":"https:\/\/www.edialog.com.br\/#\/schema\/person\/7f509934e54fd30b9d2d02cf51b60966","name":"Renan Caixeiro","image":{"@type":"ImageObject","inLanguage":"es","@id":"https:\/\/www.edialog.com.br\/wp-content\/uploads\/2023\/11\/renan-caixeiro-150x150.jpg","url":"https:\/\/www.edialog.com.br\/wp-content\/uploads\/2023\/11\/renan-caixeiro-150x150.jpg","contentUrl":"https:\/\/www.edialog.com.br\/wp-content\/uploads\/2023\/11\/renan-caixeiro-150x150.jpg","caption":"Renan Caixeiro"},"description":"S\u00f3cio Diretor na E-Dialog, \u00e9 graduado em Jornalismo e p\u00f3s-graduado em Comunica\u00e7\u00e3o Corporativa, ambos pela UFJF. Est\u00e1 \u00e0 frente do Reportei, SaaS de relat\u00f3rios e dashboards, \u00e9 host do Projeto SaaS, podcast que compartilha experi\u00eancias do universo de software as a service, e s\u00f3cio da Aquela Caixa, comunidade para profissionais de cria\u00e7\u00e3o. Torcedor do Vasco, tem como meta comprar o Gigante da Colina. LinkedIn: @renancaixeiro \/ Instagram: @renancaixeiro.","sameAs":["http:\/\/facebook.com\/renancaixeiro","https:\/\/www.instagram.com\/renancaixeiro\/","https:\/\/br.linkedin.com\/in\/renancaixeiro\/pt","https:\/\/x.com\/renancaixeiro"],"url":"https:\/\/www.edialog.com.br\/es\/author\/renancaixeiro\/"}]}},"_links":{"self":[{"href":"https:\/\/www.edialog.com.br\/es\/wp-json\/wp\/v2\/posts\/25066","targetHints":{"allow":["GET"]}}],"collection":[{"href":"https:\/\/www.edialog.com.br\/es\/wp-json\/wp\/v2\/posts"}],"about":[{"href":"https:\/\/www.edialog.com.br\/es\/wp-json\/wp\/v2\/types\/post"}],"author":[{"embeddable":true,"href":"https:\/\/www.edialog.com.br\/es\/wp-json\/wp\/v2\/users\/1"}],"replies":[{"embeddable":true,"href":"https:\/\/www.edialog.com.br\/es\/wp-json\/wp\/v2\/comments?post=25066"}],"version-history":[{"count":2,"href":"https:\/\/www.edialog.com.br\/es\/wp-json\/wp\/v2\/posts\/25066\/revisions"}],"predecessor-version":[{"id":228099,"href":"https:\/\/www.edialog.com.br\/es\/wp-json\/wp\/v2\/posts\/25066\/revisions\/228099"}],"wp:attachment":[{"href":"https:\/\/www.edialog.com.br\/es\/wp-json\/wp\/v2\/media?parent=25066"}],"wp:term":[{"taxonomy":"category","embeddable":true,"href":"https:\/\/www.edialog.com.br\/es\/wp-json\/wp\/v2\/categories?post=25066"},{"taxonomy":"post_tag","embeddable":true,"href":"https:\/\/www.edialog.com.br\/es\/wp-json\/wp\/v2\/tags?post=25066"}],"curies":[{"name":"wp","href":"https:\/\/api.w.org\/{rel}","templated":true}]}}