{"id":25009,"date":"2016-08-23T18:10:08","date_gmt":"2016-08-23T21:10:08","guid":{"rendered":"https:\/\/www.edialog.com.br\/?p=25009"},"modified":"2025-01-28T15:39:00","modified_gmt":"2025-01-28T18:39:00","slug":"analise-de-conteudo-das-redes-sociais-veja-como-fazer-na-sua-empresa","status":"publish","type":"post","link":"https:\/\/www.edialog.com.br\/es\/analise-de-conteudo-das-redes-sociais-veja-como-fazer-na-sua-empresa\/","title":{"rendered":"Analizar el contenido de las redes sociales: c\u00f3mo hacerlo en su empresa"},"content":{"rendered":"<p><em>Analizar el contenido de las redes sociales ha generado buenos resultados para quienes trabajan en marketing digital. \u00a1Aprende a hacerlo en el post de hoy!<\/em><em>\u00a0<\/em><\/p>\n<p>En <a href=\"https:\/\/www.edialog.com.br\/es\/marketing-de-conteudo\/\">Marketing de contenidos<\/a>Cuando se trata de contenido, es muy importante, despu\u00e9s de todo, esta es la materia prima para generar m\u00e1s clientes potenciales, nutrir esos clientes potenciales y generar m\u00e1s ventas. Si no valoras la producci\u00f3n de contenidos en tu empresa, <a href=\"https:\/\/www.edialog.com.br\/es\/facebook\/porque-conteudo-faz-diferenca\/\">pulse aqu\u00ed<\/a> y comprender que el contenido importa. Analizar el contenido de las redes sociales ayuda en este proceso de perfeccionamiento del trabajo de marketing digital. \u00bfQuieres entender este proceso paso a paso? E-Dialog le explica c\u00f3mo evaluar la calidad de su producto para los medios sociales.<\/p>\n<p><a href=\"https:\/\/www.edialog.com.br\/wp-content\/uploads\/2016\/08\/An\u00e1lise-de-conte\u00fado-das-redes-sociais-an\u00e1lise-e-estudo-dos-posts.jpg\"><img fetchpriority=\"high\" decoding=\"async\" class=\"aligncenter wp-image-25010 size-large\" src=\"https:\/\/www.edialog.com.br\/wp-content\/uploads\/2016\/08\/An\u00e1lise-de-conte\u00fado-das-redes-sociais-an\u00e1lise-e-estudo-dos-posts-1024x683.jpg\" alt=\"An\u00e1lise-de-conte\u00fado-das-redes-sociais-an\u00e1lise-e-estudo-dos-posts.jpg\" width=\"1024\" height=\"683\" \/><\/a><\/p>\n<h3>Conozca a su p\u00fablico<\/h3>\n<p>Si no entiende a qui\u00e9n se comunica su empresa, qu\u00e9 necesita su p\u00fablico y c\u00f3mo superar sus expectativas, cualquier contenido le servir\u00e1. La primera regla para analizar el contenido de las redes sociales es saber qui\u00e9nes ser\u00e1n los consumidores de ese material.<\/p>\n<p>Visite el <a href=\"https:\/\/marketingdeconteudo.com\/personas\/\">personas<\/a> que produjo para este p\u00fablico y qu\u00e9 se prioriz\u00f3 en su momento es fundamental para conocer la calidad del material que env\u00eda a sus clientes potenciales. Compara los temas tratados, el lenguaje utilizado y el \u00e1ngulo de los mensajes.<\/p>\n<h3>Mapear los contenidos m\u00e1s relevantes<\/h3>\n<p>Sabemos que hay contenidos que destacan. Al analizar el contenido en las redes sociales, uno de los principales factores a evaluar debe ser el tipo de publicaci\u00f3n que se hace. Hay varias opciones para quienes desean diversificar lo que publican en las redes sociales. <a href=\"https:\/\/marketingdeconteudo.com\/posts-para-facebook\/\">Pulse aqu\u00ed<\/a> e inf\u00f3rmese.<\/p>\n<p>Comprender lo que funciona para su p\u00fablico tambi\u00e9n forma parte del proceso de estudio. Producir contenidos que empaticen con tu persona es muy importante si quieres que te vean m\u00e1s, ganar m\u00e1s seguidores y aumentar tu banco de clientes potenciales. Por eso tienes que entender qu\u00e9 es lo que m\u00e1s atrae.<\/p>\n<p>Tambi\u00e9n es esencial entender que cada red social tiene su propia marca y el contenido no puede ser el mismo. Trabaja en contenidos diversificados que maximicen lo que cada medio puede ofrecer. Por ejemplo, Instagram permite explorar fotos y detalles de productos, mientras que en Facebook se valora m\u00e1s la informaci\u00f3n. Los contenidos entre bastidores y m\u00e1s ef\u00edmeros y relajados son perfectos para Snapchat. Responda a esta encuesta para <a href=\"https:\/\/www.edialog.com.br\/es\/marketing-digital\/calendarioeditorialdeconteudo\/\">planifique su contenido.<\/a><\/p>\n<h3>Evaluar el impacto de las publicaciones<\/h3>\n<p>La evaluaci\u00f3n de contenidos es una de las t\u00e9cnicas m\u00e1s utilizadas en la gesti\u00f3n de redes sociales y una de las variables adoptadas es el impacto que tienen las publicaciones en el p\u00fablico objetivo. Se analizan los likes, el alcance, las interacciones a trav\u00e9s de reacciones, comentarios y sobre todo los shares. Con <a href=\"https:\/\/www.edialog.com.br\/es\/facebook\/mudancanofacebook\/\">Cambios recientes de Facebook<\/a>Este tipo de interacci\u00f3n se ha convertido en algo muy estrat\u00e9gico.<\/p>\n<h3>Redefinir nuevas estrategias<\/h3>\n<p>Despu\u00e9s de medir estos resultados, es hora de hacer balance del contenido. Qu\u00e9 debe omitirse en futuras publicaciones y qu\u00e9 debe adaptarse. Todo marca la diferencia cuando se trata de analizar el contenido de las redes sociales: una nueva normalizaci\u00f3n para las im\u00e1genes, el tama\u00f1o del texto, la inclusi\u00f3n de palabras clave, etc.<\/p>\n<p>Tras este estudio, ponga en pr\u00e1ctica los cambios e introduzca nuevos ajustes. Es muy importante analizar tus contenidos con frecuencia. Los cambios en las redes sociales se producen constantemente y tienes que estar al tanto de ellos.<\/p>\n<p>\u00bfQuiere saber m\u00e1s sobre el an\u00e1lisis del contenido de las redes sociales? Lea otras entradas del blog:<\/p>\n<p><a href=\"https:\/\/www.edialog.com.br\/es\/calendario-editorial\/\">- Descubra el calendario editorial de contenidos<\/a><\/p>\n<p><a href=\"https:\/\/www.edialog.com.br\/es\/listas\/3-dicas-para-fazer-marketing-de-conteudo-gastando-pouco\/\">- 3 consejos para el marketing de contenidos con poco presupuesto<\/a><\/p>","protected":false},"excerpt":{"rendered":"<p>Analizar el contenido de las redes sociales ha generado buenos resultados para quienes trabajan en marketing digital. \u00a1Aprende a hacerlo en el post de hoy!<\/p>","protected":false},"author":1,"featured_media":0,"comment_status":"open","ping_status":"open","sticky":false,"template":"","format":"standard","meta":{"_acf_changed":false,"content-type":"","footnotes":""},"categories":[580,8],"tags":[],"class_list":["post-25009","post","type-post","status-publish","format-standard","hentry","category-marketing-digital","category-midia-social"],"acf":[],"yoast_head":"<!-- This site is optimized with the Yoast SEO Premium plugin v27.5 (Yoast SEO v27.5) - https:\/\/yoast.com\/product\/yoast-seo-premium-wordpress\/ -->\n<title>An\u00e1lise de conte\u00fado das redes sociais: como fazer?<\/title>\n<meta name=\"description\" content=\"A an\u00e1lise de conte\u00fado das redes sociais tem gerado bons resultados para quem trabalha com Marketing Digital. Aprenda como fazer no post de hoje!\" \/>\n<meta name=\"robots\" content=\"index, follow, max-snippet:-1, max-image-preview:large, max-video-preview:-1\" \/>\n<link rel=\"canonical\" href=\"https:\/\/www.edialog.com.br\/es\/analise-de-conteudo-das-redes-sociais-veja-como-fazer-na-sua-empresa\/\" \/>\n<meta property=\"og:locale\" content=\"es_ES\" \/>\n<meta property=\"og:type\" content=\"article\" \/>\n<meta property=\"og:title\" content=\"An\u00e1lise de conte\u00fado das redes sociais: veja como fazer na sua empresa\" \/>\n<meta property=\"og:description\" content=\"A an\u00e1lise de conte\u00fado das redes sociais tem gerado bons resultados para quem trabalha com Marketing Digital. Aprenda como fazer no post de hoje!\" \/>\n<meta property=\"og:url\" content=\"https:\/\/www.edialog.com.br\/es\/analise-de-conteudo-das-redes-sociais-veja-como-fazer-na-sua-empresa\/\" \/>\n<meta property=\"og:site_name\" content=\"Ag\u00eancia de Inbound Marketing | E-Dialog\" \/>\n<meta property=\"article:publisher\" content=\"https:\/\/facebook.com\/edialogcomunicacao\" \/>\n<meta property=\"article:author\" content=\"http:\/\/facebook.com\/renancaixeiro\" \/>\n<meta property=\"article:published_time\" content=\"2016-08-23T21:10:08+00:00\" \/>\n<meta property=\"article:modified_time\" content=\"2025-01-28T18:39:00+00:00\" \/>\n<meta property=\"og:image\" content=\"https:\/\/www.edialog.com.br\/wp-content\/uploads\/2021\/09\/edialog-logo-case.png\" \/>\n\t<meta property=\"og:image:width\" content=\"810\" \/>\n\t<meta property=\"og:image:height\" content=\"450\" \/>\n\t<meta property=\"og:image:type\" content=\"image\/png\" \/>\n<meta name=\"author\" content=\"Renan Caixeiro\" \/>\n<meta name=\"twitter:label1\" content=\"Escrito por\" \/>\n\t<meta name=\"twitter:data1\" content=\"Renan Caixeiro\" \/>\n\t<meta name=\"twitter:label2\" content=\"Tiempo de lectura\" \/>\n\t<meta name=\"twitter:data2\" content=\"4 minutos\" \/>\n<script type=\"application\/ld+json\" class=\"yoast-schema-graph\">{\"@context\":\"https:\\\/\\\/schema.org\",\"@graph\":[{\"@type\":[\"Article\",\"BlogPosting\"],\"@id\":\"https:\\\/\\\/www.edialog.com.br\\\/analise-de-conteudo-das-redes-sociais-veja-como-fazer-na-sua-empresa\\\/#article\",\"isPartOf\":{\"@id\":\"https:\\\/\\\/www.edialog.com.br\\\/analise-de-conteudo-das-redes-sociais-veja-como-fazer-na-sua-empresa\\\/\"},\"author\":{\"name\":\"Renan Caixeiro\",\"@id\":\"https:\\\/\\\/www.edialog.com.br\\\/#\\\/schema\\\/person\\\/7f509934e54fd30b9d2d02cf51b60966\"},\"headline\":\"An\u00e1lise de conte\u00fado das redes sociais: veja como fazer na sua empresa\",\"datePublished\":\"2016-08-23T21:10:08+00:00\",\"dateModified\":\"2025-01-28T18:39:00+00:00\",\"mainEntityOfPage\":{\"@id\":\"https:\\\/\\\/www.edialog.com.br\\\/analise-de-conteudo-das-redes-sociais-veja-como-fazer-na-sua-empresa\\\/\"},\"wordCount\":641,\"commentCount\":2,\"publisher\":{\"@id\":\"https:\\\/\\\/www.edialog.com.br\\\/#organization\"},\"articleSection\":[\"Marketing Digital\",\"M\u00eddia Social\"],\"inLanguage\":\"es\",\"potentialAction\":[{\"@type\":\"CommentAction\",\"name\":\"Comment\",\"target\":[\"https:\\\/\\\/www.edialog.com.br\\\/analise-de-conteudo-das-redes-sociais-veja-como-fazer-na-sua-empresa\\\/#respond\"]}]},{\"@type\":\"WebPage\",\"@id\":\"https:\\\/\\\/www.edialog.com.br\\\/analise-de-conteudo-das-redes-sociais-veja-como-fazer-na-sua-empresa\\\/\",\"url\":\"https:\\\/\\\/www.edialog.com.br\\\/analise-de-conteudo-das-redes-sociais-veja-como-fazer-na-sua-empresa\\\/\",\"name\":\"An\u00e1lise de conte\u00fado das redes sociais: como fazer?\",\"isPartOf\":{\"@id\":\"https:\\\/\\\/www.edialog.com.br\\\/#website\"},\"datePublished\":\"2016-08-23T21:10:08+00:00\",\"dateModified\":\"2025-01-28T18:39:00+00:00\",\"description\":\"A an\u00e1lise de conte\u00fado das redes sociais tem gerado bons resultados para quem trabalha com Marketing Digital. Aprenda como fazer no post de hoje!\",\"breadcrumb\":{\"@id\":\"https:\\\/\\\/www.edialog.com.br\\\/analise-de-conteudo-das-redes-sociais-veja-como-fazer-na-sua-empresa\\\/#breadcrumb\"},\"inLanguage\":\"es\",\"potentialAction\":[{\"@type\":\"ReadAction\",\"target\":[\"https:\\\/\\\/www.edialog.com.br\\\/analise-de-conteudo-das-redes-sociais-veja-como-fazer-na-sua-empresa\\\/\"]}]},{\"@type\":\"BreadcrumbList\",\"@id\":\"https:\\\/\\\/www.edialog.com.br\\\/analise-de-conteudo-das-redes-sociais-veja-como-fazer-na-sua-empresa\\\/#breadcrumb\",\"itemListElement\":[{\"@type\":\"ListItem\",\"position\":1,\"name\":\"Home\",\"item\":\"https:\\\/\\\/www.edialog.com.br\\\/\"},{\"@type\":\"ListItem\",\"position\":2,\"name\":\"M\u00eddia Social\",\"item\":\"https:\\\/\\\/www.edialog.com.br\\\/category\\\/midia-social\\\/\"},{\"@type\":\"ListItem\",\"position\":3,\"name\":\"An\u00e1lise de conte\u00fado das redes sociais: veja como fazer na sua empresa\"}]},{\"@type\":\"WebSite\",\"@id\":\"https:\\\/\\\/www.edialog.com.br\\\/#website\",\"url\":\"https:\\\/\\\/www.edialog.com.br\\\/\",\"name\":\"Ag\u00eancia de Inbound Marketing | E-Dialog\",\"description\":\"Ag\u00eancia de Inbound Marketing premiada com solu\u00e7\u00f5es completas para o seu neg\u00f3cio. Atraia leads, com conte\u00fados \u00fanicos e envolventes. Solicite or\u00e7amento!\",\"publisher\":{\"@id\":\"https:\\\/\\\/www.edialog.com.br\\\/#organization\"},\"potentialAction\":[{\"@type\":\"SearchAction\",\"target\":{\"@type\":\"EntryPoint\",\"urlTemplate\":\"https:\\\/\\\/www.edialog.com.br\\\/?s={search_term_string}\"},\"query-input\":{\"@type\":\"PropertyValueSpecification\",\"valueRequired\":true,\"valueName\":\"search_term_string\"}}],\"inLanguage\":\"es\"},{\"@type\":\"Organization\",\"@id\":\"https:\\\/\\\/www.edialog.com.br\\\/#organization\",\"name\":\"Ag\u00eancia de M\u00eddias Sociais e Marketing Digital | E-Dialog\",\"url\":\"https:\\\/\\\/www.edialog.com.br\\\/\",\"logo\":{\"@type\":\"ImageObject\",\"inLanguage\":\"es\",\"@id\":\"https:\\\/\\\/www.edialog.com.br\\\/#\\\/schema\\\/logo\\\/image\\\/\",\"url\":\"https:\\\/\\\/www.edialog.com.br\\\/wp-content\\\/uploads\\\/2021\\\/09\\\/edialog-logo-case.png\",\"contentUrl\":\"https:\\\/\\\/www.edialog.com.br\\\/wp-content\\\/uploads\\\/2021\\\/09\\\/edialog-logo-case.png\",\"width\":810,\"height\":450,\"caption\":\"Ag\u00eancia de M\u00eddias Sociais e Marketing Digital | E-Dialog\"},\"image\":{\"@id\":\"https:\\\/\\\/www.edialog.com.br\\\/#\\\/schema\\\/logo\\\/image\\\/\"},\"sameAs\":[\"https:\\\/\\\/facebook.com\\\/edialogcomunicacao\",\"https:\\\/\\\/x.com\\\/edialog_br\",\"https:\\\/\\\/www.instagram.com\\\/edialog_br\",\"https:\\\/\\\/www.linkedin.com\\\/company\\\/e-dialog-comunica-o-digital\",\"https:\\\/\\\/www.youtube.com\\\/channel\\\/UCPiVQ_yVlcCqWS2sRzJZj7g\"]},{\"@type\":\"Person\",\"@id\":\"https:\\\/\\\/www.edialog.com.br\\\/#\\\/schema\\\/person\\\/7f509934e54fd30b9d2d02cf51b60966\",\"name\":\"Renan Caixeiro\",\"image\":{\"@type\":\"ImageObject\",\"inLanguage\":\"es\",\"@id\":\"https:\\\/\\\/www.edialog.com.br\\\/wp-content\\\/uploads\\\/2023\\\/11\\\/renan-caixeiro-150x150.jpg\",\"url\":\"https:\\\/\\\/www.edialog.com.br\\\/wp-content\\\/uploads\\\/2023\\\/11\\\/renan-caixeiro-150x150.jpg\",\"contentUrl\":\"https:\\\/\\\/www.edialog.com.br\\\/wp-content\\\/uploads\\\/2023\\\/11\\\/renan-caixeiro-150x150.jpg\",\"caption\":\"Renan Caixeiro\"},\"description\":\"S\u00f3cio Diretor na E-Dialog, \u00e9 graduado em Jornalismo e p\u00f3s-graduado em Comunica\u00e7\u00e3o Corporativa, ambos pela UFJF. Est\u00e1 \u00e0 frente do Reportei, SaaS de relat\u00f3rios e dashboards, \u00e9 host do Projeto SaaS, podcast que compartilha experi\u00eancias do universo de software as a service, e s\u00f3cio da Aquela Caixa, comunidade para profissionais de cria\u00e7\u00e3o. Torcedor do Vasco, tem como meta comprar o Gigante da Colina. LinkedIn: @renancaixeiro \\\/ Instagram: @renancaixeiro.\",\"sameAs\":[\"http:\\\/\\\/facebook.com\\\/renancaixeiro\",\"https:\\\/\\\/www.instagram.com\\\/renancaixeiro\\\/\",\"https:\\\/\\\/br.linkedin.com\\\/in\\\/renancaixeiro\\\/pt\",\"https:\\\/\\\/x.com\\\/renancaixeiro\"],\"url\":\"https:\\\/\\\/www.edialog.com.br\\\/es\\\/author\\\/renancaixeiro\\\/\"}]}<\/script>\n<!-- \/ Yoast SEO Premium plugin. -->","yoast_head_json":{"title":"An\u00e1lise de conte\u00fado das redes sociais: como fazer?","description":"Analizar el contenido de las redes sociales ha generado buenos resultados para quienes trabajan en marketing digital. \u00a1Aprende a hacerlo en el post de hoy!","robots":{"index":"index","follow":"follow","max-snippet":"max-snippet:-1","max-image-preview":"max-image-preview:large","max-video-preview":"max-video-preview:-1"},"canonical":"https:\/\/www.edialog.com.br\/es\/analise-de-conteudo-das-redes-sociais-veja-como-fazer-na-sua-empresa\/","og_locale":"es_ES","og_type":"article","og_title":"An\u00e1lise de conte\u00fado das redes sociais: veja como fazer na sua empresa","og_description":"A an\u00e1lise de conte\u00fado das redes sociais tem gerado bons resultados para quem trabalha com Marketing Digital. Aprenda como fazer no post de hoje!","og_url":"https:\/\/www.edialog.com.br\/es\/analise-de-conteudo-das-redes-sociais-veja-como-fazer-na-sua-empresa\/","og_site_name":"Ag\u00eancia de Inbound Marketing | E-Dialog","article_publisher":"https:\/\/facebook.com\/edialogcomunicacao","article_author":"http:\/\/facebook.com\/renancaixeiro","article_published_time":"2016-08-23T21:10:08+00:00","article_modified_time":"2025-01-28T18:39:00+00:00","og_image":[{"width":810,"height":450,"url":"https:\/\/www.edialog.com.br\/wp-content\/uploads\/2021\/09\/edialog-logo-case.png","type":"image\/png"}],"author":"Renan Caixeiro","twitter_misc":{"Escrito por":"Renan Caixeiro","Tiempo de lectura":"4 minutos"},"schema":{"@context":"https:\/\/schema.org","@graph":[{"@type":["Article","BlogPosting"],"@id":"https:\/\/www.edialog.com.br\/analise-de-conteudo-das-redes-sociais-veja-como-fazer-na-sua-empresa\/#article","isPartOf":{"@id":"https:\/\/www.edialog.com.br\/analise-de-conteudo-das-redes-sociais-veja-como-fazer-na-sua-empresa\/"},"author":{"name":"Renan Caixeiro","@id":"https:\/\/www.edialog.com.br\/#\/schema\/person\/7f509934e54fd30b9d2d02cf51b60966"},"headline":"An\u00e1lise de conte\u00fado das redes sociais: veja como fazer na sua empresa","datePublished":"2016-08-23T21:10:08+00:00","dateModified":"2025-01-28T18:39:00+00:00","mainEntityOfPage":{"@id":"https:\/\/www.edialog.com.br\/analise-de-conteudo-das-redes-sociais-veja-como-fazer-na-sua-empresa\/"},"wordCount":641,"commentCount":2,"publisher":{"@id":"https:\/\/www.edialog.com.br\/#organization"},"articleSection":["Marketing Digital","M\u00eddia Social"],"inLanguage":"es","potentialAction":[{"@type":"CommentAction","name":"Comment","target":["https:\/\/www.edialog.com.br\/analise-de-conteudo-das-redes-sociais-veja-como-fazer-na-sua-empresa\/#respond"]}]},{"@type":"WebPage","@id":"https:\/\/www.edialog.com.br\/analise-de-conteudo-das-redes-sociais-veja-como-fazer-na-sua-empresa\/","url":"https:\/\/www.edialog.com.br\/analise-de-conteudo-das-redes-sociais-veja-como-fazer-na-sua-empresa\/","name":"An\u00e1lise de conte\u00fado das redes sociais: como fazer?","isPartOf":{"@id":"https:\/\/www.edialog.com.br\/#website"},"datePublished":"2016-08-23T21:10:08+00:00","dateModified":"2025-01-28T18:39:00+00:00","description":"Analizar el contenido de las redes sociales ha generado buenos resultados para quienes trabajan en marketing digital. \u00a1Aprende a hacerlo en el post de hoy!","breadcrumb":{"@id":"https:\/\/www.edialog.com.br\/analise-de-conteudo-das-redes-sociais-veja-como-fazer-na-sua-empresa\/#breadcrumb"},"inLanguage":"es","potentialAction":[{"@type":"ReadAction","target":["https:\/\/www.edialog.com.br\/analise-de-conteudo-das-redes-sociais-veja-como-fazer-na-sua-empresa\/"]}]},{"@type":"BreadcrumbList","@id":"https:\/\/www.edialog.com.br\/analise-de-conteudo-das-redes-sociais-veja-como-fazer-na-sua-empresa\/#breadcrumb","itemListElement":[{"@type":"ListItem","position":1,"name":"Home","item":"https:\/\/www.edialog.com.br\/"},{"@type":"ListItem","position":2,"name":"M\u00eddia Social","item":"https:\/\/www.edialog.com.br\/category\/midia-social\/"},{"@type":"ListItem","position":3,"name":"An\u00e1lise de conte\u00fado das redes sociais: veja como fazer na sua empresa"}]},{"@type":"WebSite","@id":"https:\/\/www.edialog.com.br\/#website","url":"https:\/\/www.edialog.com.br\/","name":"Agencia de marketing entrante | E-Dialog","description":"Ag\u00eancia de Inbound Marketing premiada com solu\u00e7\u00f5es completas para o seu neg\u00f3cio. Atraia leads, com conte\u00fados \u00fanicos e envolventes. Solicite or\u00e7amento!","publisher":{"@id":"https:\/\/www.edialog.com.br\/#organization"},"potentialAction":[{"@type":"SearchAction","target":{"@type":"EntryPoint","urlTemplate":"https:\/\/www.edialog.com.br\/?s={search_term_string}"},"query-input":{"@type":"PropertyValueSpecification","valueRequired":true,"valueName":"search_term_string"}}],"inLanguage":"es"},{"@type":"Organization","@id":"https:\/\/www.edialog.com.br\/#organization","name":"Ag\u00eancia de M\u00eddias Sociais e Marketing Digital | E-Dialog","url":"https:\/\/www.edialog.com.br\/","logo":{"@type":"ImageObject","inLanguage":"es","@id":"https:\/\/www.edialog.com.br\/#\/schema\/logo\/image\/","url":"https:\/\/www.edialog.com.br\/wp-content\/uploads\/2021\/09\/edialog-logo-case.png","contentUrl":"https:\/\/www.edialog.com.br\/wp-content\/uploads\/2021\/09\/edialog-logo-case.png","width":810,"height":450,"caption":"Ag\u00eancia de M\u00eddias Sociais e Marketing Digital | E-Dialog"},"image":{"@id":"https:\/\/www.edialog.com.br\/#\/schema\/logo\/image\/"},"sameAs":["https:\/\/facebook.com\/edialogcomunicacao","https:\/\/x.com\/edialog_br","https:\/\/www.instagram.com\/edialog_br","https:\/\/www.linkedin.com\/company\/e-dialog-comunica-o-digital","https:\/\/www.youtube.com\/channel\/UCPiVQ_yVlcCqWS2sRzJZj7g"]},{"@type":"Person","@id":"https:\/\/www.edialog.com.br\/#\/schema\/person\/7f509934e54fd30b9d2d02cf51b60966","name":"Renan Caixeiro","image":{"@type":"ImageObject","inLanguage":"es","@id":"https:\/\/www.edialog.com.br\/wp-content\/uploads\/2023\/11\/renan-caixeiro-150x150.jpg","url":"https:\/\/www.edialog.com.br\/wp-content\/uploads\/2023\/11\/renan-caixeiro-150x150.jpg","contentUrl":"https:\/\/www.edialog.com.br\/wp-content\/uploads\/2023\/11\/renan-caixeiro-150x150.jpg","caption":"Renan Caixeiro"},"description":"S\u00f3cio Diretor na E-Dialog, \u00e9 graduado em Jornalismo e p\u00f3s-graduado em Comunica\u00e7\u00e3o Corporativa, ambos pela UFJF. Est\u00e1 \u00e0 frente do Reportei, SaaS de relat\u00f3rios e dashboards, \u00e9 host do Projeto SaaS, podcast que compartilha experi\u00eancias do universo de software as a service, e s\u00f3cio da Aquela Caixa, comunidade para profissionais de cria\u00e7\u00e3o. Torcedor do Vasco, tem como meta comprar o Gigante da Colina. LinkedIn: @renancaixeiro \/ Instagram: @renancaixeiro.","sameAs":["http:\/\/facebook.com\/renancaixeiro","https:\/\/www.instagram.com\/renancaixeiro\/","https:\/\/br.linkedin.com\/in\/renancaixeiro\/pt","https:\/\/x.com\/renancaixeiro"],"url":"https:\/\/www.edialog.com.br\/es\/author\/renancaixeiro\/"}]}},"_links":{"self":[{"href":"https:\/\/www.edialog.com.br\/es\/wp-json\/wp\/v2\/posts\/25009","targetHints":{"allow":["GET"]}}],"collection":[{"href":"https:\/\/www.edialog.com.br\/es\/wp-json\/wp\/v2\/posts"}],"about":[{"href":"https:\/\/www.edialog.com.br\/es\/wp-json\/wp\/v2\/types\/post"}],"author":[{"embeddable":true,"href":"https:\/\/www.edialog.com.br\/es\/wp-json\/wp\/v2\/users\/1"}],"replies":[{"embeddable":true,"href":"https:\/\/www.edialog.com.br\/es\/wp-json\/wp\/v2\/comments?post=25009"}],"version-history":[{"count":2,"href":"https:\/\/www.edialog.com.br\/es\/wp-json\/wp\/v2\/posts\/25009\/revisions"}],"predecessor-version":[{"id":228100,"href":"https:\/\/www.edialog.com.br\/es\/wp-json\/wp\/v2\/posts\/25009\/revisions\/228100"}],"wp:attachment":[{"href":"https:\/\/www.edialog.com.br\/es\/wp-json\/wp\/v2\/media?parent=25009"}],"wp:term":[{"taxonomy":"category","embeddable":true,"href":"https:\/\/www.edialog.com.br\/es\/wp-json\/wp\/v2\/categories?post=25009"},{"taxonomy":"post_tag","embeddable":true,"href":"https:\/\/www.edialog.com.br\/es\/wp-json\/wp\/v2\/tags?post=25009"}],"curies":[{"name":"wp","href":"https:\/\/api.w.org\/{rel}","templated":true}]}}