{"id":24938,"date":"2025-01-27T15:26:31","date_gmt":"2025-01-27T18:26:31","guid":{"rendered":"https:\/\/www.edialog.com.br\/?p=24938"},"modified":"2025-01-31T09:00:08","modified_gmt":"2025-01-31T12:00:08","slug":"calendario-editorial","status":"publish","type":"post","link":"https:\/\/www.edialog.com.br\/es\/calendario-editorial\/","title":{"rendered":"Calendario editorial: qu\u00e9 es, ventajas, c\u00f3mo elaborarlo y plantillas"},"content":{"rendered":"<p>O <strong>calendario editorial <\/strong>es una poderosa herramienta para impulsar <a href=\"https:\/\/www.edialog.com.br\/es\/marketing-de-conteudo\/\">marketing de contenidos<\/a> de su empresa. Con ella, podr\u00e1 planificar sus publicaciones de forma estrat\u00e9gica y eficaz, ahorrando tiempo y recursos. <\/p>\n\n\n\n<p>Sigue leyendo y descubre en detalle qu\u00e9 es un calendario editorial de contenidos, cu\u00e1les son sus beneficios y c\u00f3mo crear uno para tu blog y redes sociales como Instagram y TikTok.<\/p>\n\n\n\n<h2 class=\"wp-block-heading\" id=\"h-o-que-e-o-calendario-editorial\">\u00bfQu\u00e9 es el calendario editorial? <\/h2>\n\n\n\n<p>Calendario editorial <strong>es una forma de organizar los contenidos que se publicar\u00e1n en blogs y redes sociales<\/strong>.<\/p>\n\n\n\n<p>Con \u00e9l, ya no tendr\u00e1s que preocuparte por un post unos minutos antes de que se produzca, porque todo estar\u00e1 planificado y el trabajo de brainstorming se habr\u00e1 hecho de antemano. <\/p>\n\n\n\n<p>El calendario contiene informaci\u00f3n relevante como fechas de publicaci\u00f3n, promociones programadas, temas de publicaci\u00f3n, palabras clave y <a href=\"https:\/\/www.edialog.com.br\/es\/como-criar-uma-persona\/\">personas<\/a>por ejemplo. Adem\u00e1s, permite supervisar el estado de las tareas, como contenidos en producci\u00f3n, revisados o aprobados, facilitando el flujo de trabajo entre equipos.<\/p>\n\n\n\n<p>A partir del calendario editorial, puede obtener una visi\u00f3n amplia de todo lo que se ha difundido y ajustar su estrategia de contenidos.<\/p>\n\n\n\n<p><strong><em>- Lea tambi\u00e9n: <\/em><\/strong><a href=\"https:\/\/www.edialog.com.br\/es\/conteudo-evergreen\/\"><em>\u00bfQu\u00e9 son los contenidos perennes? Consejos para producirlo<\/em><\/a><\/p>\n\n\n\n<h2 class=\"wp-block-heading\" id=\"h-beneficios-do-calendario-editorial\">Ventajas del calendario editorial<\/h2>\n\n\n\n<p>El primer beneficio es quiz\u00e1s el m\u00e1s importante de todos<strong>: le ayudan a organizar sus acciones dentro de la estrategia definida <\/strong>para su negocio. <\/p>\n\n\n\n<p>Con un calendario actualizado y seguido al pie de la letra, tenemos una frecuencia de publicaciones bien definida y un contenido diversificado. <\/p>\n\n\n\n<p>Esto significa que su empresa podr\u00e1 producir contenidos diversos y mantener un ritmo constante de actualizaciones. <\/p>\n\n\n\n<p>Otra raz\u00f3n para utilizar el calendario editorial es la <strong>la posibilidad de evaluar cuidadosamente lo que ha funcionado<\/strong> en las acciones definidas para su marketing digital. <\/p>\n\n\n\n<p>\u00bfCu\u00e1les son los mejores d\u00edas, horas, contenidos y plataformas para comunicar su empresa? Con el calendario editorial, esto ser\u00e1 m\u00e1s claro y objetivo. <\/p>\n\n\n\n<p>Tambi\u00e9n<strong> permite identificar tendencias<\/strong>permitiendo ajustes r\u00e1pidos para mejorar el rendimiento de la campa\u00f1a.<\/p>\n\n\n\n<h2 class=\"wp-block-heading\" id=\"h-como-fazer-seu-calendario-editorial\">\u00bfC\u00f3mo hacer su calendario editorial?<\/h2>\n\n\n\n<p>No existe un m\u00e9todo definitivo para planificar y elaborar su calendario editorial de contenidos. <\/p>\n\n\n\n<p>Algunas empresas <strong>utilizar herramientas<\/strong> como Google Spreadsheets, Excel y LibreOffice para organizar contenidos y registrar informaci\u00f3n importante sobre las publicaciones. <\/p>\n\n\n\n<p>Herramientas especializadas como Trello, Asana o Notion tambi\u00e9n pueden ser excelentes opciones, ya que ofrecen funciones visuales y de colaboraci\u00f3n.<\/p>\n\n\n\n<p>Lo que no debe pasarse por alto es la forma de organizar la informaci\u00f3n en la herramienta. <\/p>\n\n\n\n<p>Opte por organizar todas las fichas de manera uniforme y normalizada para asegurarse de que entiende c\u00f3mo se ha estructurado todo.<\/p>\n\n\n\n<p>Algunas pesta\u00f1as importantes que le ayudar\u00e1n a probar (y demostrar) la eficacia de un calendario editorial son: <strong>frecuencia de las publicaciones, horas de publicaci\u00f3n, temas, pies de foto, im\u00e1genes, redes sociales, t\u00edtulos y palabras clave<\/strong>. <\/p>\n\n\n\n<p>Incluya tambi\u00e9n par\u00e1metros de rendimiento, como<strong> compromiso, alcance y clics,<\/strong> para seguir los resultados de cada post y optimizar futuras publicaciones.<\/p>\n\n\n\n<p><em><strong>- Lea tambi\u00e9n: <\/strong><a href=\"https:\/\/www.edialog.com.br\/es\/cms-hub\/\">CMS Hub: conozca el software de gesti\u00f3n de contenidos de HubSpot<\/a><\/em><\/p>\n\n\n\n<h2 class=\"wp-block-heading\" id=\"h-calendario-editorial-de-conteudo-para-blog\">Calendario editorial de los contenidos del blog<\/h2>\n\n\n\n<h3 class=\"wp-block-heading\" id=\"h-importancia\">Importancia<\/h3>\n\n\n\n<p>El blog es una de las principales herramientas para atraer tr\u00e1fico org\u00e1nico a trav\u00e9s de <a href=\"https:\/\/www.edialog.com.br\/es\/otimizacao-de-sites-seo\/\">Estrategias SEO<\/a> y ofrecer contenidos relevantes al p\u00fablico. <\/p>\n\n\n\n<p>Un calendario editorial de contenidos de blog<strong> garantiza la coherencia de las publicaciones, la diversificaci\u00f3n de los temas y la alineaci\u00f3n con los objetivos de la empresa<\/strong>, <a href=\"https:\/\/www.edialog.com.br\/es\/como-generar-clientes-potenciales\/\">c\u00f3mo aumentar los clientes potenciales<\/a>educar a la audiencia o reforzar la autoridad de la marca.<\/p>\n\n\n\n<p>Con \u00e9l, podr\u00e1 planificar la publicaci\u00f3n de art\u00edculos que atiendan a las diferentes etapas de la <a href=\"https:\/\/www.edialog.com.br\/es\/embudo-de-ventas\/\">embudo de ventas<\/a> (<a href=\"https:\/\/www.edialog.com.br\/es\/topo-de-funil-tofu\/\">ToFu<\/a>, <a href=\"https:\/\/www.edialog.com.br\/es\/meio-de-funil-mofu\/\">MoFu<\/a> e <a href=\"https:\/\/www.edialog.com.br\/es\/fundo-de-funil-bofu\/\">BoFu<\/a>) y evitar lagunas en su planificaci\u00f3n de contenidos.<\/p>\n\n\n\n<h3 class=\"wp-block-heading\">Paso a paso para crear un calendario editorial de blog<\/h3>\n\n\n\n<ol class=\"wp-block-list\">\n<li><strong>Controlar los resultados<\/strong>Analiza el rendimiento de cada post (visualizaciones, tiempo de lectura, comparticiones) y ajusta la planificaci\u00f3n seg\u00fan sea necesario;<\/li>\n\n\n\n<li><strong>Definir los objetivos del blog<\/strong>Determine si se centrar\u00e1 en generar tr\u00e1fico, educar al p\u00fablico, aumentar las conversiones o reforzar la marca;<\/li>\n\n\n\n<li><strong>Identificar las palabras clave<\/strong>Investigue para encontrar t\u00e9rminos que sean relevantes para su audiencia y est\u00e9n alineados con su negocio;<\/li>\n\n\n\n<li><strong>Planificar los temas<\/strong>Cree una lista de temas basada en las palabras clave y div\u00eddalos en categor\u00edas;<\/li>\n\n\n\n<li><strong>Establecer una frecuencia de publicaci\u00f3n<\/strong>Determine cu\u00e1ntos art\u00edculos se publicar\u00e1n cada semana o cada mes;<\/li>\n\n\n\n<li><strong>Definir a los responsables<\/strong>Asigne tareas claras, como redactores, correctores y dise\u00f1adores, a cada fase del proceso;<\/li>\n\n\n\n<li><strong>Organice su calendario<\/strong>Utiliza herramientas como Google Sheets, Trello o Notion para incluir los temas, las fechas de publicaci\u00f3n, el estado de producci\u00f3n y los responsables.<\/li>\n<\/ol>\n\n\n\n<h3 class=\"wp-block-heading\" id=\"h-modelo-de-calendario-editorial-para-blog\">Plantilla de calendario editorial de blog<\/h3>\n\n\n\n<table style=\"width: 90%; margin: 20px auto; border-collapse: collapse; font-size: 12px;\">\n  \n    <thead>\n        <tr style=\"background-color: #f4f4f4;\">\n            <th style=\"border: 1px solid #ccc; padding: 8px;\">Fecha<\/th>\n            <th style=\"border: 1px solid #ccc; padding: 8px;\">Tema<\/th>\n            <th style=\"border: 1px solid #ccc; padding: 8px;\">Palabras clave<\/th>\n            <th style=\"border: 1px solid #ccc; padding: 8px;\">Categor\u00eda<\/th>\n            <th style=\"border: 1px solid #ccc; padding: 8px;\">Responsable<\/th>\n            <th style=\"border: 1px solid #ccc; padding: 8px;\">Estado<\/th>\n            <th style=\"border: 1px solid #ccc; padding: 8px;\">Objetivo<\/th>\n            <th style=\"border: 1px solid #ccc; padding: 8px;\">M\u00e9tricas<\/th>\n        <\/tr>\n    <\/thead>\n    <tbody>\n        <tr>\n            <td style=\"border: 1px solid #ccc; padding: 8px;\">01\/02\/2025<\/td>\n            <td style=\"border: 1px solid #ccc; padding: 8px;\">C\u00f3mo crear un calendario editorial<\/td>\n            <td style=\"border: 1px solid #ccc; padding: 8px;\">calendario editorial<\/td>\n            <td style=\"border: 1px solid #ccc; padding: 8px;\">El Marketing<\/td>\n            <td style=\"border: 1px solid #ccc; padding: 8px;\">Mar\u00eda Silva<\/td>\n            <td style=\"border: 1px solid #ccc; padding: 8px;\">En producci\u00f3n<\/td>\n            <td style=\"border: 1px solid #ccc; padding: 8px;\">20 pistas<\/td>\n            <td style=\"border: 1px solid #ccc; padding: 8px;\">Vistas, tiempo de lectura<\/td>\n        <\/tr>\n        <tr>\n            <td style=\"border: 1px solid #ccc; padding: 8px;\">05\/02\/2025<\/td>\n            <td style=\"border: 1px solid #ccc; padding: 8px;\">10 consejos para publicar en Instagram<\/td>\n            <td style=\"border: 1px solid #ccc; padding: 8px;\">Consejos para Instagram<\/td>\n            <td style=\"border: 1px solid #ccc; padding: 8px;\">Redes sociales<\/td>\n            <td style=\"border: 1px solid #ccc; padding: 8px;\">Jo\u00e3o Santos<\/td>\n            <td style=\"border: 1px solid #ccc; padding: 8px;\">Aprobado<\/td>\n            <td style=\"border: 1px solid #ccc; padding: 8px;\">Tr\u00e1fico +15%<\/td>\n            <td style=\"border: 1px solid #ccc; padding: 8px;\">Compromiso de la CTA<\/td>\n        <\/tr>\n    <\/tbody>\n<\/table>\n\n\n\n\n<p><strong><em>- M\u00e1s informaci\u00f3n en:<\/em><\/strong><em> <a href=\"https:\/\/www.edialog.com.br\/es\/para-que-serve-um-blog\/\">\u00bfPara qu\u00e9 sirve un blog? \u00bfQu\u00e9 importancia tiene en el marketing digital? <\/a><\/em><\/p>\n\n\n\n<h2 class=\"wp-block-heading\" id=\"h-calendario-editorial-de-conteudo-para-redes-sociais\">Calendario editorial para los contenidos de las redes sociales<\/h2>\n\n\n\n<h3 class=\"wp-block-heading\" id=\"h-importancia-0\">Importancia<\/h3>\n\n\n\n<p>En las redes sociales, la frecuencia y la pertinencia de los contenidos son cruciales para atraer al p\u00fablico y reforzar la presencia de la marca. Un calendario editorial <strong>ayuda a mantener la coherencia, alinear los mensajes con las campa\u00f1as y las fechas importantes, y adaptar los formatos al comportamiento de los usuarios.<\/strong> en cada plataforma.<\/p>\n\n\n\n<p>Adem\u00e1s, cada red social tiene sus propias caracter\u00edsticas, como el formato visual de Instagram y su enfoque en <a href=\"https:\/\/www.edialog.com.br\/es\/o-que-e-video-marketing\/\">v\u00eddeo marketing<\/a> en TikTok. Por eso es esencial crear un calendario espec\u00edfico para cada uno.<\/p>\n\n\n\n<h3 class=\"wp-block-heading\" id=\"h-calendario-editorial-para-instagram\">Calendario editorial para Instagram<\/h3>\n\n\n\n<p>Instagram es una red social muy visual, centrada en im\u00e1genes, v\u00eddeos e interacciones a trav\u00e9s de Stories, <a href=\"https:\/\/www.edialog.com.br\/es\/reels-para-empresas\/\">Carretes<\/a> y publicaciones en el feed. Un calendario editorial es clave para planificar contenidos que atraigan al p\u00fablico, aumenten el alcance y reflejen la identidad visual de la marca.<\/p>\n\n\n\n<h4 class=\"wp-block-heading\">Paso a paso para crear un calendario de Instagram<\/h4>\n\n\n\n<ol class=\"wp-block-list\">\n<li><strong>Establecer la frecuencia<\/strong>Determina cu\u00e1ntas veces a la semana publicar\u00e1s en el feed, Stories y Reels;<\/li>\n\n\n\n<li><strong>Elija sus formatos<\/strong>Var\u00ede entre fotos, carruseles, Reels e Historias para mantener el inter\u00e9s de su audiencia;<\/li>\n\n\n\n<li><strong>Planificar los temas<\/strong>Divida el contenido en categor\u00edas, como productos, entre bastidores, testimonios de clientes, tendencias del sector y entretenimiento;<\/li>\n\n\n\n<li><strong>Definir un estilo visual<\/strong>: Mantener la coherencia en los colores, los tipos de letra y el estilo de edici\u00f3n para reforzar la identidad de la marca;<\/li>\n\n\n\n<li><strong>Utilizar fechas conmemorativas<\/strong>: Incluya entradas tem\u00e1ticas en el calendario para aprovechar las fechas relevantes para su nicho;<\/li>\n\n\n\n<li><strong>Organice su calendario<\/strong>: Registre los d\u00edas y horas de publicaci\u00f3n, incluido el texto, <a href=\"https:\/\/www.edialog.com.br\/es\/como-usar-hashtags\/\">hashtags<\/a> y las etiquetas necesarias. Herramientas como Later, Hootsuite o Trello pueden ayudarte;<\/li>\n\n\n\n<li><strong>Controlar las m\u00e9tricas<\/strong>Analizar el rendimiento de las publicaciones (participaci\u00f3n, alcance, clics) y utilizar esta informaci\u00f3n para optimizar futuras publicaciones.<\/li>\n<\/ol>\n\n\n\n<h4 class=\"wp-block-heading\" id=\"h-modelo-de-calendario-editorial-para-instagram\">Plantilla de calendario editorial para Instagram<\/h4>\n\n\n\n<table style=\"width: 90%; margin: 20px auto; border-collapse: collapse; font-size: 12px;\">\n    <thead>\n        <tr style=\"background-color: #f4f4f4;\">\n            <th style=\"border: 1px solid #ccc; padding: 8px;\">Fecha<\/th>\n            <th style=\"border: 1px solid #ccc; padding: 8px;\">Horario<\/th>\n            <th style=\"border: 1px solid #ccc; padding: 8px;\">Tipo<\/th>\n            <th style=\"border: 1px solid #ccc; padding: 8px;\">Tema\/Leyenda<\/th>\n            <th style=\"border: 1px solid #ccc; padding: 8px;\">Hashtags<\/th>\n            <th style=\"border: 1px solid #ccc; padding: 8px;\">Formato<\/th>\n            <th style=\"border: 1px solid #ccc; padding: 8px;\">Responsable<\/th>\n            <th style=\"border: 1px solid #ccc; padding: 8px;\">Objetivo<\/th>\n            <th style=\"border: 1px solid #ccc; padding: 8px;\">M\u00e9tricas<\/th>\n        <\/tr>\n    <\/thead>\n    <tbody>\n        <tr>\n            <td style=\"border: 1px solid #ccc; padding: 8px;\">02\/02\/2025<\/td>\n            <td style=\"border: 1px solid #ccc; padding: 8px;\">18h<\/td>\n            <td style=\"border: 1px solid #ccc; padding: 8px;\">Publicar en el feed<\/td>\n            <td style=\"border: 1px solid #ccc; padding: 8px;\">Organice sus contenidos<\/td>\n            <td style=\"border: 1px solid #ccc; padding: 8px;\">#Marketing<\/td>\n            <td style=\"border: 1px solid #ccc; padding: 8px;\">Carrusel<\/td>\n            <td style=\"border: 1px solid #ccc; padding: 8px;\">Mar\u00eda Silva<\/td>\n            <td style=\"border: 1px solid #ccc; padding: 8px;\">200 me gusta<\/td>\n            <td style=\"border: 1px solid #ccc; padding: 8px;\">Gustos y alcance<\/td>\n        <\/tr>\n        <tr>\n            <td style=\"border: 1px solid #ccc; padding: 8px;\">03\/02\/2025<\/td>\n            <td style=\"border: 1px solid #ccc; padding: 8px;\">12h<\/td>\n            <td style=\"border: 1px solid #ccc; padding: 8px;\">Historias<\/td>\n            <td style=\"border: 1px solid #ccc; padding: 8px;\">Entre bastidores del calendario<\/td>\n            <td style=\"border: 1px solid #ccc; padding: 8px;\">#Tips<\/td>\n            <td style=\"border: 1px solid #ccc; padding: 8px;\">Historias<\/td>\n            <td style=\"border: 1px solid #ccc; padding: 8px;\">Jo\u00e3o Santos<\/td>\n            <td style=\"border: 1px solid #ccc; padding: 8px;\">100 visitas<\/td>\n            <td style=\"border: 1px solid #ccc; padding: 8px;\">Visualizaciones<\/td>\n        <\/tr>\n    <\/tbody>\n<\/table>\n\n\n\n\n<p><em><strong>- Lea tambi\u00e9n:<\/strong> <a href=\"https:\/\/www.edialog.com.br\/es\/instagram-para-empresas\/\">Instagram para empresas: \u00bfpor qu\u00e9 y c\u00f3mo utilizar la red para dar a conocer tu negocio?<\/a><\/em><\/p>\n\n\n\n<h3 class=\"wp-block-heading\" id=\"h-calendario-editorial-para-tiktok\">Calendario editorial para TikTok<\/h3>\n\n\n\n<p>TikTok es una plataforma centrada en v\u00eddeos cortos y creativos con gran potencial de viralizaci\u00f3n. Para destacar, debes publicar con frecuencia, seguir las tendencias y crear contenidos que conecten con tu audiencia.<\/p>\n\n\n\n<h4 class=\"wp-block-heading\">Paso a paso para crear un calendario para TikTok<\/h4>\n\n\n\n<ol class=\"wp-block-list\">\n<li><strong>Establecer la frecuencia de los v\u00eddeos<\/strong>Para participar en TikTok, recomendamos publicar al menos 3 veces a la semana o incluso a diario;<\/li>\n\n\n\n<li><strong>Tendencias de la investigaci\u00f3n<\/strong>Incluye en el calendario retos, canciones y hashtags populares que sean relevantes para la audiencia de tu marca;<\/li>\n\n\n\n<li><strong>Definir los tipos de contenidos<\/strong>: Mezcla v\u00eddeos informativos y entretenidos, testimonios de clientes, entre bastidores e interacciones con las tendencias;<\/li>\n\n\n\n<li><strong>Crear guiones o ideas clave<\/strong>Planifique de antemano los temas y el formato de los v\u00eddeos, asegur\u00e1ndose de que concuerdan con los objetivos de la marca;<\/li>\n\n\n\n<li><strong>Asignar responsabilidades<\/strong>Designe a los responsables de crear, editar y publicar los v\u00eddeos;<\/li>\n\n\n\n<li><strong>Organice su calendario<\/strong>Incluye fechas, horas, pies de foto y hashtags en tu herramienta de organizaci\u00f3n. Aplicaciones como Airtable o Asana pueden ayudarte;<\/li>\n\n\n\n<li><strong>Controlar el rendimiento<\/strong>Eval\u00fae m\u00e9tricas como vistas, me gusta, compartidos y comentarios para identificar lo que funciona mejor y ajustar su estrategia.<\/li>\n<\/ol>\n\n\n\n<h4 class=\"wp-block-heading\" id=\"h-modelo-de-calendario-editorial-para-tiktok\">Plantilla de calendario editorial para Tiktok<\/h4>\n\n\n\n<table style=\"width: 90%; margin: 20px auto; border-collapse: collapse; font-size: 12px;\">\n    <thead>\n        <tr style=\"background-color: #f4f4f4;\">\n            <th style=\"border: 1px solid #ccc; padding: 8px;\">Fecha<\/th>\n            <th style=\"border: 1px solid #ccc; padding: 8px;\">Horario<\/th>\n            <th style=\"border: 1px solid #ccc; padding: 8px;\">Tipo<\/th>\n            <th style=\"border: 1px solid #ccc; padding: 8px;\">Tema<\/th>\n            <th style=\"border: 1px solid #ccc; padding: 8px;\">Tendencia<\/th>\n            <th style=\"border: 1px solid #ccc; padding: 8px;\">Responsable<\/th>\n            <th style=\"border: 1px solid #ccc; padding: 8px;\">Objetivo<\/th>\n            <th style=\"border: 1px solid #ccc; padding: 8px;\">M\u00e9tricas<\/th>\n        <\/tr>\n    <\/thead>\n    <tbody>\n        <tr>\n            <td style=\"border: 1px solid #ccc; padding: 8px;\">01\/02\/2025<\/td>\n            <td style=\"border: 1px solid #ccc; padding: 8px;\">15h<\/td>\n            <td style=\"border: 1px solid #ccc; padding: 8px;\">Bolet\u00edn<\/td>\n            <td style=\"border: 1px solid #ccc; padding: 8px;\">5 pasos para el calendario<\/td>\n            <td style=\"border: 1px solid #ccc; padding: 8px;\">M\u00fasica A<\/td>\n            <td style=\"border: 1px solid #ccc; padding: 8px;\">Jo\u00e3o Santos<\/td>\n            <td style=\"border: 1px solid #ccc; padding: 8px;\">5.000 visitas<\/td>\n            <td style=\"border: 1px solid #ccc; padding: 8px;\">Visualizaciones<\/td>\n        <\/tr>\n        <tr>\n            <td style=\"border: 1px solid #ccc; padding: 8px;\">04\/02\/2025<\/td>\n            <td style=\"border: 1px solid #ccc; padding: 8px;\">18h<\/td>\n            <td style=\"border: 1px solid #ccc; padding: 8px;\">Tendencia<\/td>\n            <td style=\"border: 1px solid #ccc; padding: 8px;\">C\u00f3mo hacerse viral<\/td>\n            <td style=\"border: 1px solid #ccc; padding: 8px;\">Tendencia B<\/td>\n            <td style=\"border: 1px solid #ccc; padding: 8px;\">Clara Oliveira<\/td>\n            <td style=\"border: 1px solid #ccc; padding: 8px;\">3.000 visitas<\/td>\n            <td style=\"border: 1px solid #ccc; padding: 8px;\">Interacciones<\/td>\n        <\/tr>\n    <\/tbody>\n<\/table>\n\n\n\n\n<p><em><strong>- Lea tambi\u00e9n: <\/strong><a href=\"https:\/\/www.edialog.com.br\/es\/tiktok-para-empresas\/\">TikTok para empresas: \u00bfc\u00f3mo puedes utilizar la red para dar a conocer tu negocio?<\/a><\/em><\/p>\n\n\n\n<p>Vale la pena se\u00f1alar que, adem\u00e1s de Instagram y TikTok, otras redes sociales como LinkedIn, Facebook, X (Twitter) y Pinterest tambi\u00e9n pueden ser esenciales para tu estrategia, dependiendo de tu audiencia y de los objetivos de tu empresa. S\u00f3lo hemos utilizado Instagram y TikTok como ejemplos pr\u00e1cticos, pero lo ideal es crear un calendario espec\u00edfico para cada red que utilice tu marca.<\/p>\n\n\n\n<h2 class=\"wp-block-heading\" id=\"h-conclusao\">Conclusi\u00f3n<\/h2>\n\n\n\n<p>El calendario editorial es sin duda una herramienta indispensable para organizar e impulsar el marketing de contenidos de su empresa.<\/p>\n\n\n\n<p> Ya sea para un blog, Instagram, TikTok u otras redes sociales, un plan estrat\u00e9gico<strong> garantiza coherencia, eficacia y resultados m\u00e1s expresivos<\/strong>. <\/p>\n\n\n\n<p>Sin embargo, crear, gestionar y supervisar un calendario editorial puede ser todo un reto. Aqu\u00ed es donde <a href=\"https:\/\/www.edialog.com.br\/es\/\">Di\u00e1logo electr\u00f3nico<\/a> puede ayudarte.<\/p>\n\n\n\n<p> Como un <a href=\"https:\/\/www.edialog.com.br\/es\/agencia-de-inbound-marketing\/\">agencia especializada en Inbound Marketing<\/a>ofrecemos los servicios de <a href=\"https:\/\/www.edialog.com.br\/es\/gestao-de-redes-sociais\/\">gesti\u00f3n de redes sociales<\/a> e <a href=\"https:\/\/www.edialog.com.br\/es\/producao-de-conteudo-para-redes-sociais\/\">producci\u00f3n de contenidos<\/a>ayudar a su marca a estructurar y aplicar estrategias eficaces y personalizadas para llegar al p\u00fablico adecuado en el momento oportuno. P\u00f3ngase en contacto con nosotros para obtener m\u00e1s informaci\u00f3n.<\/p>\n\n\n\n<p><em><strong>- Lea tambi\u00e9n: <\/strong><a href=\"https:\/\/www.edialog.com.br\/es\/inbound-marketing-e-marketing-de-conteudo-qual-a-diferenca\/\">\u00bfCu\u00e1l es la diferencia entre inbound marketing y marketing de contenidos?<\/a><\/em><\/p>\n\n\n\n<div role=\"main\" id=\"formulario-blog-analise-gratuita-16dd12bc38d3b6ec9adf\"><\/div><script type=\"text\/javascript\" src=\"https:\/\/d335luupugsy2.cloudfront.net\/js\/rdstation-forms\/stable\/rdstation-forms.min.js\"><\/script><script type=\"text\/javascript\"> new RDStationForms('formulario-blog-analise-gratuita-16dd12bc38d3b6ec9adf', 'UA-18699224-1').createForm();<\/script>","protected":false},"excerpt":{"rendered":"<p>O calend\u00e1rio editorial de conte\u00fado pode alavancar o marketing digital da sua empresa. Confira! <\/p>","protected":false},"author":1,"featured_media":228091,"comment_status":"open","ping_status":"open","sticky":false,"template":"","format":"standard","meta":{"_acf_changed":false,"content-type":"","footnotes":""},"categories":[580],"tags":[],"class_list":["post-24938","post","type-post","status-publish","format-standard","has-post-thumbnail","hentry","category-marketing-digital"],"acf":[],"yoast_head":"<!-- This site is optimized with the Yoast SEO Premium plugin v27.3 (Yoast SEO v27.3) - https:\/\/yoast.com\/product\/yoast-seo-premium-wordpress\/ -->\n<title>Calend\u00e1rio editorial: o que \u00e9, benef\u00edcios, como fazer e modelos<\/title>\n<meta name=\"description\" content=\"Entenda o que \u00e9 e quais os benef\u00edcios do calend\u00e1rio editorial de conte\u00fado. Saiba como fazer para blog e redes sociais, e confira modelos!\" \/>\n<meta name=\"robots\" content=\"index, follow, max-snippet:-1, max-image-preview:large, max-video-preview:-1\" \/>\n<link rel=\"canonical\" href=\"https:\/\/www.edialog.com.br\/es\/calendario-editorial\/\" \/>\n<meta property=\"og:locale\" content=\"es_ES\" \/>\n<meta property=\"og:type\" content=\"article\" \/>\n<meta property=\"og:title\" content=\"Calend\u00e1rio editorial: o que \u00e9, benef\u00edcios, como fazer e modelos\" \/>\n<meta property=\"og:description\" content=\"Entenda o que \u00e9 e quais os benef\u00edcios do calend\u00e1rio editorial de conte\u00fado. Saiba como fazer para blog e redes sociais, e confira modelos!\" \/>\n<meta property=\"og:url\" content=\"https:\/\/www.edialog.com.br\/es\/calendario-editorial\/\" \/>\n<meta property=\"og:site_name\" content=\"Ag\u00eancia de Inbound Marketing | E-Dialog\" \/>\n<meta property=\"article:publisher\" content=\"https:\/\/facebook.com\/edialogcomunicacao\" \/>\n<meta property=\"article:author\" content=\"http:\/\/facebook.com\/renancaixeiro\" \/>\n<meta property=\"article:published_time\" content=\"2025-01-27T18:26:31+00:00\" \/>\n<meta property=\"article:modified_time\" content=\"2025-01-31T12:00:08+00:00\" \/>\n<meta property=\"og:image\" content=\"https:\/\/www.edialog.com.br\/wp-content\/uploads\/2025\/01\/calendario-editorial-para-blog-e-redes-sociais-scaled.webp\" \/>\n\t<meta property=\"og:image:width\" content=\"2560\" \/>\n\t<meta property=\"og:image:height\" content=\"1707\" \/>\n\t<meta property=\"og:image:type\" content=\"image\/webp\" \/>\n<meta name=\"author\" content=\"Renan Caixeiro\" \/>\n<meta name=\"twitter:label1\" content=\"Escrito por\" \/>\n\t<meta name=\"twitter:data1\" content=\"Renan Caixeiro\" \/>\n\t<meta name=\"twitter:label2\" content=\"Tiempo de lectura\" \/>\n\t<meta name=\"twitter:data2\" content=\"9 minutos\" \/>\n<script type=\"application\/ld+json\" class=\"yoast-schema-graph\">{\"@context\":\"https:\\\/\\\/schema.org\",\"@graph\":[{\"@type\":[\"Article\",\"BlogPosting\"],\"@id\":\"https:\\\/\\\/www.edialog.com.br\\\/calendario-editorial\\\/#article\",\"isPartOf\":{\"@id\":\"https:\\\/\\\/www.edialog.com.br\\\/calendario-editorial\\\/\"},\"author\":{\"name\":\"Renan Caixeiro\",\"@id\":\"https:\\\/\\\/www.edialog.com.br\\\/#\\\/schema\\\/person\\\/7f509934e54fd30b9d2d02cf51b60966\"},\"headline\":\"Calend\u00e1rio editorial: o que \u00e9, benef\u00edcios, como fazer e modelos\",\"datePublished\":\"2025-01-27T18:26:31+00:00\",\"dateModified\":\"2025-01-31T12:00:08+00:00\",\"mainEntityOfPage\":{\"@id\":\"https:\\\/\\\/www.edialog.com.br\\\/calendario-editorial\\\/\"},\"wordCount\":1773,\"commentCount\":1,\"publisher\":{\"@id\":\"https:\\\/\\\/www.edialog.com.br\\\/#organization\"},\"image\":{\"@id\":\"https:\\\/\\\/www.edialog.com.br\\\/calendario-editorial\\\/#primaryimage\"},\"thumbnailUrl\":\"https:\\\/\\\/www.edialog.com.br\\\/wp-content\\\/uploads\\\/2025\\\/01\\\/calendario-editorial-para-blog-e-redes-sociais-scaled.webp\",\"articleSection\":[\"Marketing Digital\"],\"inLanguage\":\"es\",\"potentialAction\":[{\"@type\":\"CommentAction\",\"name\":\"Comment\",\"target\":[\"https:\\\/\\\/www.edialog.com.br\\\/calendario-editorial\\\/#respond\"]}]},{\"@type\":\"WebPage\",\"@id\":\"https:\\\/\\\/www.edialog.com.br\\\/calendario-editorial\\\/\",\"url\":\"https:\\\/\\\/www.edialog.com.br\\\/calendario-editorial\\\/\",\"name\":\"Calend\u00e1rio editorial: o que \u00e9, benef\u00edcios, como fazer e modelos\",\"isPartOf\":{\"@id\":\"https:\\\/\\\/www.edialog.com.br\\\/#website\"},\"primaryImageOfPage\":{\"@id\":\"https:\\\/\\\/www.edialog.com.br\\\/calendario-editorial\\\/#primaryimage\"},\"image\":{\"@id\":\"https:\\\/\\\/www.edialog.com.br\\\/calendario-editorial\\\/#primaryimage\"},\"thumbnailUrl\":\"https:\\\/\\\/www.edialog.com.br\\\/wp-content\\\/uploads\\\/2025\\\/01\\\/calendario-editorial-para-blog-e-redes-sociais-scaled.webp\",\"datePublished\":\"2025-01-27T18:26:31+00:00\",\"dateModified\":\"2025-01-31T12:00:08+00:00\",\"description\":\"Entenda o que \u00e9 e quais os benef\u00edcios do calend\u00e1rio editorial de conte\u00fado. Saiba como fazer para blog e redes sociais, e confira modelos!\",\"breadcrumb\":{\"@id\":\"https:\\\/\\\/www.edialog.com.br\\\/calendario-editorial\\\/#breadcrumb\"},\"inLanguage\":\"es\",\"potentialAction\":[{\"@type\":\"ReadAction\",\"target\":[\"https:\\\/\\\/www.edialog.com.br\\\/calendario-editorial\\\/\"]}]},{\"@type\":\"ImageObject\",\"inLanguage\":\"es\",\"@id\":\"https:\\\/\\\/www.edialog.com.br\\\/calendario-editorial\\\/#primaryimage\",\"url\":\"https:\\\/\\\/www.edialog.com.br\\\/wp-content\\\/uploads\\\/2025\\\/01\\\/calendario-editorial-para-blog-e-redes-sociais-scaled.webp\",\"contentUrl\":\"https:\\\/\\\/www.edialog.com.br\\\/wp-content\\\/uploads\\\/2025\\\/01\\\/calendario-editorial-para-blog-e-redes-sociais-scaled.webp\",\"width\":2560,\"height\":1707,\"caption\":\"Calend\u00e1rio editorial: o que \u00e9, benef\u00edcios, como fazer para blog e redes sociais e modelos\"},{\"@type\":\"BreadcrumbList\",\"@id\":\"https:\\\/\\\/www.edialog.com.br\\\/calendario-editorial\\\/#breadcrumb\",\"itemListElement\":[{\"@type\":\"ListItem\",\"position\":1,\"name\":\"Home\",\"item\":\"https:\\\/\\\/www.edialog.com.br\\\/\"},{\"@type\":\"ListItem\",\"position\":2,\"name\":\"Marketing Digital\",\"item\":\"https:\\\/\\\/www.edialog.com.br\\\/category\\\/marketing-digital\\\/\"},{\"@type\":\"ListItem\",\"position\":3,\"name\":\"Calend\u00e1rio editorial: o que \u00e9, benef\u00edcios, como fazer e modelos\"}]},{\"@type\":\"WebSite\",\"@id\":\"https:\\\/\\\/www.edialog.com.br\\\/#website\",\"url\":\"https:\\\/\\\/www.edialog.com.br\\\/\",\"name\":\"Ag\u00eancia de Inbound Marketing | E-Dialog\",\"description\":\"Ag\u00eancia de Inbound Marketing premiada com solu\u00e7\u00f5es completas para o seu neg\u00f3cio. Atraia leads, com conte\u00fados \u00fanicos e envolventes. Solicite or\u00e7amento!\",\"publisher\":{\"@id\":\"https:\\\/\\\/www.edialog.com.br\\\/#organization\"},\"potentialAction\":[{\"@type\":\"SearchAction\",\"target\":{\"@type\":\"EntryPoint\",\"urlTemplate\":\"https:\\\/\\\/www.edialog.com.br\\\/?s={search_term_string}\"},\"query-input\":{\"@type\":\"PropertyValueSpecification\",\"valueRequired\":true,\"valueName\":\"search_term_string\"}}],\"inLanguage\":\"es\"},{\"@type\":\"Organization\",\"@id\":\"https:\\\/\\\/www.edialog.com.br\\\/#organization\",\"name\":\"Ag\u00eancia de M\u00eddias Sociais e Marketing Digital | E-Dialog\",\"url\":\"https:\\\/\\\/www.edialog.com.br\\\/\",\"logo\":{\"@type\":\"ImageObject\",\"inLanguage\":\"es\",\"@id\":\"https:\\\/\\\/www.edialog.com.br\\\/#\\\/schema\\\/logo\\\/image\\\/\",\"url\":\"https:\\\/\\\/www.edialog.com.br\\\/wp-content\\\/uploads\\\/2021\\\/09\\\/edialog-logo-case.png\",\"contentUrl\":\"https:\\\/\\\/www.edialog.com.br\\\/wp-content\\\/uploads\\\/2021\\\/09\\\/edialog-logo-case.png\",\"width\":810,\"height\":450,\"caption\":\"Ag\u00eancia de M\u00eddias Sociais e Marketing Digital | E-Dialog\"},\"image\":{\"@id\":\"https:\\\/\\\/www.edialog.com.br\\\/#\\\/schema\\\/logo\\\/image\\\/\"},\"sameAs\":[\"https:\\\/\\\/facebook.com\\\/edialogcomunicacao\",\"https:\\\/\\\/x.com\\\/edialog_br\",\"https:\\\/\\\/www.instagram.com\\\/edialog_br\",\"https:\\\/\\\/www.linkedin.com\\\/company\\\/e-dialog-comunica-o-digital\",\"https:\\\/\\\/www.youtube.com\\\/channel\\\/UCPiVQ_yVlcCqWS2sRzJZj7g\"]},{\"@type\":\"Person\",\"@id\":\"https:\\\/\\\/www.edialog.com.br\\\/#\\\/schema\\\/person\\\/7f509934e54fd30b9d2d02cf51b60966\",\"name\":\"Renan Caixeiro\",\"image\":{\"@type\":\"ImageObject\",\"inLanguage\":\"es\",\"@id\":\"https:\\\/\\\/www.edialog.com.br\\\/wp-content\\\/uploads\\\/2023\\\/11\\\/renan-caixeiro-150x150.jpg\",\"url\":\"https:\\\/\\\/www.edialog.com.br\\\/wp-content\\\/uploads\\\/2023\\\/11\\\/renan-caixeiro-150x150.jpg\",\"contentUrl\":\"https:\\\/\\\/www.edialog.com.br\\\/wp-content\\\/uploads\\\/2023\\\/11\\\/renan-caixeiro-150x150.jpg\",\"caption\":\"Renan Caixeiro\"},\"description\":\"S\u00f3cio Diretor na E-Dialog, \u00e9 graduado em Jornalismo e p\u00f3s-graduado em Comunica\u00e7\u00e3o Corporativa, ambos pela UFJF. Est\u00e1 \u00e0 frente do Reportei, SaaS de relat\u00f3rios e dashboards, \u00e9 host do Projeto SaaS, podcast que compartilha experi\u00eancias do universo de software as a service, e s\u00f3cio da Aquela Caixa, comunidade para profissionais de cria\u00e7\u00e3o. Torcedor do Vasco, tem como meta comprar o Gigante da Colina. LinkedIn: @renancaixeiro \\\/ Instagram: @renancaixeiro.\",\"sameAs\":[\"http:\\\/\\\/facebook.com\\\/renancaixeiro\",\"https:\\\/\\\/www.instagram.com\\\/renancaixeiro\\\/\",\"https:\\\/\\\/br.linkedin.com\\\/in\\\/renancaixeiro\\\/pt\",\"https:\\\/\\\/x.com\\\/renancaixeiro\"],\"url\":\"https:\\\/\\\/www.edialog.com.br\\\/es\\\/author\\\/renancaixeiro\\\/\"}]}<\/script>\n<!-- \/ Yoast SEO Premium plugin. -->","yoast_head_json":{"title":"Calendario editorial: qu\u00e9 es, ventajas, c\u00f3mo elaborarlo y plantillas","description":"Entenda o que \u00e9 e quais os benef\u00edcios do calend\u00e1rio editorial de conte\u00fado. Saiba como fazer para blog e redes sociais, e confira modelos!","robots":{"index":"index","follow":"follow","max-snippet":"max-snippet:-1","max-image-preview":"max-image-preview:large","max-video-preview":"max-video-preview:-1"},"canonical":"https:\/\/www.edialog.com.br\/es\/calendario-editorial\/","og_locale":"es_ES","og_type":"article","og_title":"Calend\u00e1rio editorial: o que \u00e9, benef\u00edcios, como fazer e modelos","og_description":"Entenda o que \u00e9 e quais os benef\u00edcios do calend\u00e1rio editorial de conte\u00fado. Saiba como fazer para blog e redes sociais, e confira modelos!","og_url":"https:\/\/www.edialog.com.br\/es\/calendario-editorial\/","og_site_name":"Ag\u00eancia de Inbound Marketing | E-Dialog","article_publisher":"https:\/\/facebook.com\/edialogcomunicacao","article_author":"http:\/\/facebook.com\/renancaixeiro","article_published_time":"2025-01-27T18:26:31+00:00","article_modified_time":"2025-01-31T12:00:08+00:00","og_image":[{"width":2560,"height":1707,"url":"https:\/\/www.edialog.com.br\/wp-content\/uploads\/2025\/01\/calendario-editorial-para-blog-e-redes-sociais-scaled.webp","type":"image\/webp"}],"author":"Renan Caixeiro","twitter_misc":{"Escrito por":"Renan Caixeiro","Tiempo de lectura":"9 minutos"},"schema":{"@context":"https:\/\/schema.org","@graph":[{"@type":["Article","BlogPosting"],"@id":"https:\/\/www.edialog.com.br\/calendario-editorial\/#article","isPartOf":{"@id":"https:\/\/www.edialog.com.br\/calendario-editorial\/"},"author":{"name":"Renan Caixeiro","@id":"https:\/\/www.edialog.com.br\/#\/schema\/person\/7f509934e54fd30b9d2d02cf51b60966"},"headline":"Calend\u00e1rio editorial: o que \u00e9, benef\u00edcios, como fazer e modelos","datePublished":"2025-01-27T18:26:31+00:00","dateModified":"2025-01-31T12:00:08+00:00","mainEntityOfPage":{"@id":"https:\/\/www.edialog.com.br\/calendario-editorial\/"},"wordCount":1773,"commentCount":1,"publisher":{"@id":"https:\/\/www.edialog.com.br\/#organization"},"image":{"@id":"https:\/\/www.edialog.com.br\/calendario-editorial\/#primaryimage"},"thumbnailUrl":"https:\/\/www.edialog.com.br\/wp-content\/uploads\/2025\/01\/calendario-editorial-para-blog-e-redes-sociais-scaled.webp","articleSection":["Marketing Digital"],"inLanguage":"es","potentialAction":[{"@type":"CommentAction","name":"Comment","target":["https:\/\/www.edialog.com.br\/calendario-editorial\/#respond"]}]},{"@type":"WebPage","@id":"https:\/\/www.edialog.com.br\/calendario-editorial\/","url":"https:\/\/www.edialog.com.br\/calendario-editorial\/","name":"Calendario editorial: qu\u00e9 es, ventajas, c\u00f3mo elaborarlo y plantillas","isPartOf":{"@id":"https:\/\/www.edialog.com.br\/#website"},"primaryImageOfPage":{"@id":"https:\/\/www.edialog.com.br\/calendario-editorial\/#primaryimage"},"image":{"@id":"https:\/\/www.edialog.com.br\/calendario-editorial\/#primaryimage"},"thumbnailUrl":"https:\/\/www.edialog.com.br\/wp-content\/uploads\/2025\/01\/calendario-editorial-para-blog-e-redes-sociais-scaled.webp","datePublished":"2025-01-27T18:26:31+00:00","dateModified":"2025-01-31T12:00:08+00:00","description":"Entenda o que \u00e9 e quais os benef\u00edcios do calend\u00e1rio editorial de conte\u00fado. Saiba como fazer para blog e redes sociais, e confira modelos!","breadcrumb":{"@id":"https:\/\/www.edialog.com.br\/calendario-editorial\/#breadcrumb"},"inLanguage":"es","potentialAction":[{"@type":"ReadAction","target":["https:\/\/www.edialog.com.br\/calendario-editorial\/"]}]},{"@type":"ImageObject","inLanguage":"es","@id":"https:\/\/www.edialog.com.br\/calendario-editorial\/#primaryimage","url":"https:\/\/www.edialog.com.br\/wp-content\/uploads\/2025\/01\/calendario-editorial-para-blog-e-redes-sociais-scaled.webp","contentUrl":"https:\/\/www.edialog.com.br\/wp-content\/uploads\/2025\/01\/calendario-editorial-para-blog-e-redes-sociais-scaled.webp","width":2560,"height":1707,"caption":"Calend\u00e1rio editorial: o que \u00e9, benef\u00edcios, como fazer para blog e redes sociais e modelos"},{"@type":"BreadcrumbList","@id":"https:\/\/www.edialog.com.br\/calendario-editorial\/#breadcrumb","itemListElement":[{"@type":"ListItem","position":1,"name":"Home","item":"https:\/\/www.edialog.com.br\/"},{"@type":"ListItem","position":2,"name":"Marketing Digital","item":"https:\/\/www.edialog.com.br\/category\/marketing-digital\/"},{"@type":"ListItem","position":3,"name":"Calend\u00e1rio editorial: o que \u00e9, benef\u00edcios, como fazer e modelos"}]},{"@type":"WebSite","@id":"https:\/\/www.edialog.com.br\/#website","url":"https:\/\/www.edialog.com.br\/","name":"Agencia de marketing entrante | E-Dialog","description":"Ag\u00eancia de Inbound Marketing premiada com solu\u00e7\u00f5es completas para o seu neg\u00f3cio. Atraia leads, com conte\u00fados \u00fanicos e envolventes. Solicite or\u00e7amento!","publisher":{"@id":"https:\/\/www.edialog.com.br\/#organization"},"potentialAction":[{"@type":"SearchAction","target":{"@type":"EntryPoint","urlTemplate":"https:\/\/www.edialog.com.br\/?s={search_term_string}"},"query-input":{"@type":"PropertyValueSpecification","valueRequired":true,"valueName":"search_term_string"}}],"inLanguage":"es"},{"@type":"Organization","@id":"https:\/\/www.edialog.com.br\/#organization","name":"Ag\u00eancia de M\u00eddias Sociais e Marketing Digital | E-Dialog","url":"https:\/\/www.edialog.com.br\/","logo":{"@type":"ImageObject","inLanguage":"es","@id":"https:\/\/www.edialog.com.br\/#\/schema\/logo\/image\/","url":"https:\/\/www.edialog.com.br\/wp-content\/uploads\/2021\/09\/edialog-logo-case.png","contentUrl":"https:\/\/www.edialog.com.br\/wp-content\/uploads\/2021\/09\/edialog-logo-case.png","width":810,"height":450,"caption":"Ag\u00eancia de M\u00eddias Sociais e Marketing Digital | E-Dialog"},"image":{"@id":"https:\/\/www.edialog.com.br\/#\/schema\/logo\/image\/"},"sameAs":["https:\/\/facebook.com\/edialogcomunicacao","https:\/\/x.com\/edialog_br","https:\/\/www.instagram.com\/edialog_br","https:\/\/www.linkedin.com\/company\/e-dialog-comunica-o-digital","https:\/\/www.youtube.com\/channel\/UCPiVQ_yVlcCqWS2sRzJZj7g"]},{"@type":"Person","@id":"https:\/\/www.edialog.com.br\/#\/schema\/person\/7f509934e54fd30b9d2d02cf51b60966","name":"Renan Caixeiro","image":{"@type":"ImageObject","inLanguage":"es","@id":"https:\/\/www.edialog.com.br\/wp-content\/uploads\/2023\/11\/renan-caixeiro-150x150.jpg","url":"https:\/\/www.edialog.com.br\/wp-content\/uploads\/2023\/11\/renan-caixeiro-150x150.jpg","contentUrl":"https:\/\/www.edialog.com.br\/wp-content\/uploads\/2023\/11\/renan-caixeiro-150x150.jpg","caption":"Renan Caixeiro"},"description":"S\u00f3cio Diretor na E-Dialog, \u00e9 graduado em Jornalismo e p\u00f3s-graduado em Comunica\u00e7\u00e3o Corporativa, ambos pela UFJF. Est\u00e1 \u00e0 frente do Reportei, SaaS de relat\u00f3rios e dashboards, \u00e9 host do Projeto SaaS, podcast que compartilha experi\u00eancias do universo de software as a service, e s\u00f3cio da Aquela Caixa, comunidade para profissionais de cria\u00e7\u00e3o. Torcedor do Vasco, tem como meta comprar o Gigante da Colina. LinkedIn: @renancaixeiro \/ Instagram: @renancaixeiro.","sameAs":["http:\/\/facebook.com\/renancaixeiro","https:\/\/www.instagram.com\/renancaixeiro\/","https:\/\/br.linkedin.com\/in\/renancaixeiro\/pt","https:\/\/x.com\/renancaixeiro"],"url":"https:\/\/www.edialog.com.br\/es\/author\/renancaixeiro\/"}]}},"_links":{"self":[{"href":"https:\/\/www.edialog.com.br\/es\/wp-json\/wp\/v2\/posts\/24938","targetHints":{"allow":["GET"]}}],"collection":[{"href":"https:\/\/www.edialog.com.br\/es\/wp-json\/wp\/v2\/posts"}],"about":[{"href":"https:\/\/www.edialog.com.br\/es\/wp-json\/wp\/v2\/types\/post"}],"author":[{"embeddable":true,"href":"https:\/\/www.edialog.com.br\/es\/wp-json\/wp\/v2\/users\/1"}],"replies":[{"embeddable":true,"href":"https:\/\/www.edialog.com.br\/es\/wp-json\/wp\/v2\/comments?post=24938"}],"version-history":[{"count":5,"href":"https:\/\/www.edialog.com.br\/es\/wp-json\/wp\/v2\/posts\/24938\/revisions"}],"predecessor-version":[{"id":228118,"href":"https:\/\/www.edialog.com.br\/es\/wp-json\/wp\/v2\/posts\/24938\/revisions\/228118"}],"wp:featuredmedia":[{"embeddable":true,"href":"https:\/\/www.edialog.com.br\/es\/wp-json\/wp\/v2\/media\/228091"}],"wp:attachment":[{"href":"https:\/\/www.edialog.com.br\/es\/wp-json\/wp\/v2\/media?parent=24938"}],"wp:term":[{"taxonomy":"category","embeddable":true,"href":"https:\/\/www.edialog.com.br\/es\/wp-json\/wp\/v2\/categories?post=24938"},{"taxonomy":"post_tag","embeddable":true,"href":"https:\/\/www.edialog.com.br\/es\/wp-json\/wp\/v2\/tags?post=24938"}],"curies":[{"name":"wp","href":"https:\/\/api.w.org\/{rel}","templated":true}]}}