{"id":24644,"date":"2016-06-28T11:58:07","date_gmt":"2016-06-28T14:58:07","guid":{"rendered":"https:\/\/www.edialog.com.br\/?p=24644"},"modified":"2025-03-11T14:37:31","modified_gmt":"2025-03-11T17:37:31","slug":"funil-de-midias-sociais","status":"publish","type":"post","link":"https:\/\/www.edialog.com.br\/es\/funil-de-midias-sociais\/","title":{"rendered":"\u00bfSabes qu\u00e9 es el embudo de las redes sociales?"},"content":{"rendered":"<p>Voc\u00ea sabe o que \u00e9 o funil de m\u00eddias\u00a0sociais? Faz tempo em as redes sociais\u00a0esqueciam da convers\u00e3o e\u00a0utilizadas eram pelas empresas para gerar exclusivamente relacionamento com seu p\u00fablico-alvo. Depois de algumas mudan\u00e7as e novidades no Facebook, Instagram, Linkedin e outras redes sociais, vender usando essas plataformas \u00e9 uma \u00f3tima estrat\u00e9gia para gerar novos neg\u00f3cios.<\/p>\n<p>Curtidas e compartilhamentos s\u00e3o n\u00fameros importantes para mensurar os resultados em marketing digital. Mas pasme: N\u00e3o s\u00e3o os dados mais importantes. Existem outras m\u00e9tricas que influenciam mais na avalia\u00e7\u00e3o dos n\u00fameros alcan\u00e7ados e novas estrat\u00e9gias a serem adotadas.<\/p>\n<p><a href=\"https:\/\/www.edialog.com.br\/wp-content\/uploads\/2016\/06\/redessociais-funil-convers\u00e3o-funil-de-midias-sociais-infogr\u00e1fico.png\"><img fetchpriority=\"high\" decoding=\"async\" class=\"aligncenter wp-image-24653 size-full\" src=\"https:\/\/www.edialog.com.br\/wp-content\/uploads\/2016\/06\/redessociais-funil-convers\u00e3o-funil-de-midias-sociais-infogr\u00e1fico.png\" alt=\"funil-de-m\u00eddias-sociais-funil-convers\u00e3o-funil-de-midias-sociais-infogr\u00e1fico\" width=\"600\" height=\"600\" \/><\/a><\/p>\n<p>O funil de m\u00eddias\u00a0sociais se parece muito com o <a href=\"https:\/\/www.edialog.com.br\/es\/embudo-de-ventas\/\">embudo de ventas<\/a>, mas \u00e9 direcionado para o consumo de conte\u00fado. Se voc\u00ea ainda n\u00e3o entende qual a import\u00e2ncia de um bom conte\u00fado, <a href=\"https:\/\/www.edialog.com.br\/es\/facebook\/porque-conteudo-faz-diferenca\/\">saiba mais sobre aqui.<\/a> \u00c9 composto por 3 etapas. Damos para voc\u00ea agora dicas de como garantir que o usu\u00e1rio passe por cada uma delas e se torne um lead, por exemplo.<\/p>\n<h2><strong>Impress\u00f5es<\/strong><\/h2>\n<p>J\u00e1 reparou nos n\u00fameros que aparecem embaixo da sua publica\u00e7\u00e3o? O n\u00famero de pessoas alcan\u00e7adas? Esse n\u00famero \u00e9 diferente do n\u00famero de impress\u00f5es. Nas impress\u00f5es, o Facebook conta quantas vezes a sua publica\u00e7\u00e3o foi vista (lembrando que um usu\u00e1rio pode ver um conte\u00fado por diversas vezes) e no alcance, quantas pessoas viram sua publica\u00e7\u00e3o. Isso \u00e9 muito importante para o funil de m\u00eddias sociais.<\/p>\n<p>Para tornar esse n\u00famero de impress\u00f5es mais efetivo, algumas dicas podem ajudar. O hor\u00e1rio que voc\u00ea posta influencia diretamente. Pesquise em sua p\u00e1gina qual o hor\u00e1rio em que mais f\u00e3s da sua p\u00e1gina est\u00e3o online. O Facebook gera gr\u00e1ficos que d\u00e3o esses n\u00fameros e te ajudam a ver em qual momento do dia mais pessoas est\u00e3o online. Esse recurso est\u00e1 dispon\u00edvel em Informa\u00e7\u00f5es.<br \/>\n<a href=\"https:\/\/www.edialog.com.br\/wp-content\/uploads\/2016\/06\/redessociais-funil-convers\u00e3o-hora-que-as-pessoas-mais-entram-no-facebook.png\"><img decoding=\"async\" class=\"aligncenter wp-image-24646 size-full\" src=\"https:\/\/www.edialog.com.br\/wp-content\/uploads\/2016\/06\/redessociais-funil-convers\u00e3o-hora-que-as-pessoas-mais-entram-no-facebook.png\" alt=\"funil-de-m\u00eddias-sociais-gr\u00e1fico-do-facebook-ads\" width=\"829\" height=\"397\" \/><\/a><\/p>\n<p>O conte\u00fado tamb\u00e9m faz diferen\u00e7a. Procure criar conte\u00fado diversificado e que gere identifica\u00e7\u00e3o com os seguidores. Nesse caso, as curtidas e compartilhamentos fazem toda diferen\u00e7a. O funil de m\u00eddias\u00a0sociais entende que, quanto maior a intera\u00e7\u00e3o dos usu\u00e1rios com o conte\u00fado, mais relevante esse conte\u00fado \u00e9 e mais pessoas ter\u00e3o acesso a esse ele. Existem outros fatores importantes. Saiba como melhorar a sua p\u00e1gina no Facebook <a href=\"https:\/\/www.edialog.com.br\/es\/midia-social\/5-dicas-valiosas-para-gerenciar-sua-pagina-no-facebook\/\">aqu\u00ed<\/a>.<\/p>\n<h2><strong>Cliques<\/strong><\/h2>\n<p>O grande objetivo de uma rede social \u00e9 criar oportunidades de navega\u00e7\u00e3o para outros canais espec\u00edficos de <a href=\"https:\/\/www.edialog.com.br\/es\/como-generar-clientes-potenciales\/\">generaci\u00f3n de contactos<\/a> e fechamento de contratos. Quem otimizar suas postagens garante uma taxa de convers\u00e3o maior e mais pessoas se aproximando do final do funil de m\u00eddias sociais.<\/p>\n<p>Por isso, o clique \u00e9 fundamental. Avalie o quanto a sua publica\u00e7\u00e3o tem sido clicada e que tipo de conte\u00fado est\u00e1 sendo veiculado nas que t\u00eam maior n\u00famero de cliques. Existem dois fatores que influenciam potencialmente na convers\u00e3o da audi\u00eancia:<\/p>\n<p>Conte\u00fado visual: A imagem faz toda a diferen\u00e7a em um clique. Fotos com rostos geram empatia e apelo emocional com os usu\u00e1rios, o que facilita o clique. Pense em como otimizar as imagens e criar essa identifica\u00e7\u00e3o com a audi\u00eancia. O tamanho tamb\u00e9m importa! Imagens maiores s\u00e3o mais bem recebidas do que as menores.<\/p>\n<p>Conte\u00fado texto: Uma boa legenda tamb\u00e9m contribui para o clique. Pense em tornar o seu texto o mais atrativo poss\u00edvel, fazendo perguntas e usando sempre \u201cvoc\u00ea\u201d. Assim, o sentimento de identifica\u00e7\u00e3o da imagem tamb\u00e9m acontece com o texto.<\/p>\n<p><a href=\"https:\/\/www.edialog.com.br\/wp-content\/uploads\/2016\/06\/redessociais-funil-convers\u00e3o-n\u00famero-de-cliques-no-link.png\"><img decoding=\"async\" class=\"aligncenter wp-image-24645 size-full\" src=\"https:\/\/www.edialog.com.br\/wp-content\/uploads\/2016\/06\/redessociais-funil-convers\u00e3o-n\u00famero-de-cliques-no-link.png\" alt=\"funil-de-redes-sociais-relat\u00f3rio-do-engajamento-com-o-post-do-facebook\" width=\"380\" height=\"173\" \/><\/a><\/p>\n<h2><strong>Conversiones<\/strong><\/h2>\n<p>A \u00faltima etapa do funil de m\u00eddias sociais corresponde ao n\u00famero de vezes em que o usu\u00e1rio realizou uma a\u00e7\u00e3o. Mesmo que isso n\u00e3o seja papel \u00fanica e exclusivamente da rede social, os perfis podem ajudar a garantir mais convers\u00f5es.\u00a0 A chamada da publica\u00e7\u00e3o aqui \u00e9 o curinga para garantir a leitura do conte\u00fado, acesso a uma p\u00e1gina ou visualiza\u00e7\u00e3o de um v\u00eddeo.<\/p>\n<p>Quer saber mais sobre o assunto? Leia mais em outros posts do blog:<\/p>\n<p><a href=\"https:\/\/www.edialog.com.br\/es\/midia-social\/5-dicas-valiosas-para-gerenciar-sua-pagina-no-facebook\/\">- 5 valiosos consejos para gestionar tu p\u00e1gina de Facebook<\/a><\/p>\n<p><a href=\"https:\/\/www.edialog.com.br\/es\/teste-ab\/\">&#8211; Teste A\/B: Aprenda a fazer e aumente sua taxa de convers\u00e3o<\/a><\/p>","protected":false},"excerpt":{"rendered":"<p>\u00bfConoces el embudo de las redes sociales? Este embudo se parece mucho a un embudo de ventas, pero est\u00e1 orientado a los contenidos. Descubre m\u00e1s leyendo el art\u00edculo. <\/p>","protected":false},"author":1,"featured_media":0,"comment_status":"open","ping_status":"open","sticky":false,"template":"","format":"standard","meta":{"_acf_changed":false,"content-type":"","footnotes":""},"categories":[580,8],"tags":[],"class_list":["post-24644","post","type-post","status-publish","format-standard","hentry","category-marketing-digital","category-midia-social"],"acf":[],"yoast_head":"<!-- This site is optimized with the Yoast SEO Premium plugin v27.5 (Yoast SEO v27.5) - https:\/\/yoast.com\/product\/yoast-seo-premium-wordpress\/ -->\n<title>Voc\u00ea sabe o que \u00e9 o funil de m\u00eddias sociais? | E-Dialog<\/title>\n<meta name=\"description\" content=\"Voc\u00ea conhece o funil de m\u00eddias sociais? Esse funil se parece muito com o de vendas, mas \u00e9 direcionado para o conte\u00fado. Saiba mais lendo o artigo.\" \/>\n<meta name=\"robots\" content=\"index, follow, max-snippet:-1, max-image-preview:large, max-video-preview:-1\" \/>\n<link rel=\"canonical\" href=\"https:\/\/www.edialog.com.br\/es\/funil-de-midias-sociais\/\" \/>\n<meta property=\"og:locale\" content=\"es_ES\" \/>\n<meta property=\"og:type\" content=\"article\" \/>\n<meta property=\"og:title\" content=\"Voc\u00ea sabe o que \u00e9 o funil de m\u00eddias sociais?\" \/>\n<meta property=\"og:description\" content=\"Voc\u00ea conhece o funil de m\u00eddias sociais? Esse funil se parece muito com o de vendas, mas \u00e9 direcionado para o conte\u00fado. Saiba mais lendo o artigo.\" \/>\n<meta property=\"og:url\" content=\"https:\/\/www.edialog.com.br\/es\/funil-de-midias-sociais\/\" \/>\n<meta property=\"og:site_name\" content=\"Ag\u00eancia de Inbound Marketing | E-Dialog\" \/>\n<meta property=\"article:publisher\" content=\"https:\/\/facebook.com\/edialogcomunicacao\" \/>\n<meta property=\"article:author\" content=\"http:\/\/facebook.com\/renancaixeiro\" \/>\n<meta property=\"article:published_time\" content=\"2016-06-28T14:58:07+00:00\" \/>\n<meta property=\"article:modified_time\" content=\"2025-03-11T17:37:31+00:00\" \/>\n<meta property=\"og:image\" content=\"https:\/\/www.edialog.com.br\/wp-content\/uploads\/2021\/09\/edialog-logo-case.png\" \/>\n\t<meta property=\"og:image:width\" content=\"810\" \/>\n\t<meta property=\"og:image:height\" content=\"450\" \/>\n\t<meta property=\"og:image:type\" content=\"image\/png\" \/>\n<meta name=\"author\" content=\"Renan Caixeiro\" \/>\n<meta name=\"twitter:label1\" content=\"Escrito por\" \/>\n\t<meta name=\"twitter:data1\" content=\"Renan Caixeiro\" \/>\n\t<meta name=\"twitter:label2\" content=\"Tiempo de lectura\" \/>\n\t<meta name=\"twitter:data2\" content=\"5 minutos\" \/>\n<script type=\"application\/ld+json\" class=\"yoast-schema-graph\">{\"@context\":\"https:\\\/\\\/schema.org\",\"@graph\":[{\"@type\":[\"Article\",\"BlogPosting\"],\"@id\":\"https:\\\/\\\/www.edialog.com.br\\\/funil-de-midias-sociais\\\/#article\",\"isPartOf\":{\"@id\":\"https:\\\/\\\/www.edialog.com.br\\\/funil-de-midias-sociais\\\/\"},\"author\":{\"name\":\"Renan Caixeiro\",\"@id\":\"https:\\\/\\\/www.edialog.com.br\\\/#\\\/schema\\\/person\\\/7f509934e54fd30b9d2d02cf51b60966\"},\"headline\":\"Voc\u00ea sabe o que \u00e9 o funil de m\u00eddias sociais?\",\"datePublished\":\"2016-06-28T14:58:07+00:00\",\"dateModified\":\"2025-03-11T17:37:31+00:00\",\"mainEntityOfPage\":{\"@id\":\"https:\\\/\\\/www.edialog.com.br\\\/funil-de-midias-sociais\\\/\"},\"wordCount\":731,\"commentCount\":1,\"publisher\":{\"@id\":\"https:\\\/\\\/www.edialog.com.br\\\/#organization\"},\"articleSection\":[\"Marketing Digital\",\"M\u00eddia Social\"],\"inLanguage\":\"es\",\"potentialAction\":[{\"@type\":\"CommentAction\",\"name\":\"Comment\",\"target\":[\"https:\\\/\\\/www.edialog.com.br\\\/funil-de-midias-sociais\\\/#respond\"]}]},{\"@type\":\"WebPage\",\"@id\":\"https:\\\/\\\/www.edialog.com.br\\\/funil-de-midias-sociais\\\/\",\"url\":\"https:\\\/\\\/www.edialog.com.br\\\/funil-de-midias-sociais\\\/\",\"name\":\"Voc\u00ea sabe o que \u00e9 o funil de m\u00eddias sociais? | E-Dialog\",\"isPartOf\":{\"@id\":\"https:\\\/\\\/www.edialog.com.br\\\/#website\"},\"datePublished\":\"2016-06-28T14:58:07+00:00\",\"dateModified\":\"2025-03-11T17:37:31+00:00\",\"description\":\"Voc\u00ea conhece o funil de m\u00eddias sociais? Esse funil se parece muito com o de vendas, mas \u00e9 direcionado para o conte\u00fado. Saiba mais lendo o artigo.\",\"breadcrumb\":{\"@id\":\"https:\\\/\\\/www.edialog.com.br\\\/funil-de-midias-sociais\\\/#breadcrumb\"},\"inLanguage\":\"es\",\"potentialAction\":[{\"@type\":\"ReadAction\",\"target\":[\"https:\\\/\\\/www.edialog.com.br\\\/funil-de-midias-sociais\\\/\"]}]},{\"@type\":\"BreadcrumbList\",\"@id\":\"https:\\\/\\\/www.edialog.com.br\\\/funil-de-midias-sociais\\\/#breadcrumb\",\"itemListElement\":[{\"@type\":\"ListItem\",\"position\":1,\"name\":\"Home\",\"item\":\"https:\\\/\\\/www.edialog.com.br\\\/\"},{\"@type\":\"ListItem\",\"position\":2,\"name\":\"Marketing Digital\",\"item\":\"https:\\\/\\\/www.edialog.com.br\\\/category\\\/marketing-digital\\\/\"},{\"@type\":\"ListItem\",\"position\":3,\"name\":\"Voc\u00ea sabe o que \u00e9 o funil de m\u00eddias sociais?\"}]},{\"@type\":\"WebSite\",\"@id\":\"https:\\\/\\\/www.edialog.com.br\\\/#website\",\"url\":\"https:\\\/\\\/www.edialog.com.br\\\/\",\"name\":\"Ag\u00eancia de Inbound Marketing | E-Dialog\",\"description\":\"Ag\u00eancia de Inbound Marketing premiada com solu\u00e7\u00f5es completas para o seu neg\u00f3cio. Atraia leads, com conte\u00fados \u00fanicos e envolventes. Solicite or\u00e7amento!\",\"publisher\":{\"@id\":\"https:\\\/\\\/www.edialog.com.br\\\/#organization\"},\"potentialAction\":[{\"@type\":\"SearchAction\",\"target\":{\"@type\":\"EntryPoint\",\"urlTemplate\":\"https:\\\/\\\/www.edialog.com.br\\\/?s={search_term_string}\"},\"query-input\":{\"@type\":\"PropertyValueSpecification\",\"valueRequired\":true,\"valueName\":\"search_term_string\"}}],\"inLanguage\":\"es\"},{\"@type\":\"Organization\",\"@id\":\"https:\\\/\\\/www.edialog.com.br\\\/#organization\",\"name\":\"Ag\u00eancia de M\u00eddias Sociais e Marketing Digital | E-Dialog\",\"url\":\"https:\\\/\\\/www.edialog.com.br\\\/\",\"logo\":{\"@type\":\"ImageObject\",\"inLanguage\":\"es\",\"@id\":\"https:\\\/\\\/www.edialog.com.br\\\/#\\\/schema\\\/logo\\\/image\\\/\",\"url\":\"https:\\\/\\\/www.edialog.com.br\\\/wp-content\\\/uploads\\\/2021\\\/09\\\/edialog-logo-case.png\",\"contentUrl\":\"https:\\\/\\\/www.edialog.com.br\\\/wp-content\\\/uploads\\\/2021\\\/09\\\/edialog-logo-case.png\",\"width\":810,\"height\":450,\"caption\":\"Ag\u00eancia de M\u00eddias Sociais e Marketing Digital | E-Dialog\"},\"image\":{\"@id\":\"https:\\\/\\\/www.edialog.com.br\\\/#\\\/schema\\\/logo\\\/image\\\/\"},\"sameAs\":[\"https:\\\/\\\/facebook.com\\\/edialogcomunicacao\",\"https:\\\/\\\/x.com\\\/edialog_br\",\"https:\\\/\\\/www.instagram.com\\\/edialog_br\",\"https:\\\/\\\/www.linkedin.com\\\/company\\\/e-dialog-comunica-o-digital\",\"https:\\\/\\\/www.youtube.com\\\/channel\\\/UCPiVQ_yVlcCqWS2sRzJZj7g\"]},{\"@type\":\"Person\",\"@id\":\"https:\\\/\\\/www.edialog.com.br\\\/#\\\/schema\\\/person\\\/7f509934e54fd30b9d2d02cf51b60966\",\"name\":\"Renan Caixeiro\",\"image\":{\"@type\":\"ImageObject\",\"inLanguage\":\"es\",\"@id\":\"https:\\\/\\\/www.edialog.com.br\\\/wp-content\\\/uploads\\\/2023\\\/11\\\/renan-caixeiro-150x150.jpg\",\"url\":\"https:\\\/\\\/www.edialog.com.br\\\/wp-content\\\/uploads\\\/2023\\\/11\\\/renan-caixeiro-150x150.jpg\",\"contentUrl\":\"https:\\\/\\\/www.edialog.com.br\\\/wp-content\\\/uploads\\\/2023\\\/11\\\/renan-caixeiro-150x150.jpg\",\"caption\":\"Renan Caixeiro\"},\"description\":\"S\u00f3cio Diretor na E-Dialog, \u00e9 graduado em Jornalismo e p\u00f3s-graduado em Comunica\u00e7\u00e3o Corporativa, ambos pela UFJF. Est\u00e1 \u00e0 frente do Reportei, SaaS de relat\u00f3rios e dashboards, \u00e9 host do Projeto SaaS, podcast que compartilha experi\u00eancias do universo de software as a service, e s\u00f3cio da Aquela Caixa, comunidade para profissionais de cria\u00e7\u00e3o. Torcedor do Vasco, tem como meta comprar o Gigante da Colina. LinkedIn: @renancaixeiro \\\/ Instagram: @renancaixeiro.\",\"sameAs\":[\"http:\\\/\\\/facebook.com\\\/renancaixeiro\",\"https:\\\/\\\/www.instagram.com\\\/renancaixeiro\\\/\",\"https:\\\/\\\/br.linkedin.com\\\/in\\\/renancaixeiro\\\/pt\",\"https:\\\/\\\/x.com\\\/renancaixeiro\"],\"url\":\"https:\\\/\\\/www.edialog.com.br\\\/es\\\/author\\\/renancaixeiro\\\/\"}]}<\/script>\n<!-- \/ Yoast SEO Premium plugin. -->","yoast_head_json":{"title":"Voc\u00ea sabe o que \u00e9 o funil de m\u00eddias sociais? | E-Dialog","description":"\u00bfConoces el embudo de las redes sociales? Este embudo se parece mucho a un embudo de ventas, pero est\u00e1 orientado a los contenidos. Descubre m\u00e1s leyendo el art\u00edculo.","robots":{"index":"index","follow":"follow","max-snippet":"max-snippet:-1","max-image-preview":"max-image-preview:large","max-video-preview":"max-video-preview:-1"},"canonical":"https:\/\/www.edialog.com.br\/es\/funil-de-midias-sociais\/","og_locale":"es_ES","og_type":"article","og_title":"Voc\u00ea sabe o que \u00e9 o funil de m\u00eddias sociais?","og_description":"Voc\u00ea conhece o funil de m\u00eddias sociais? Esse funil se parece muito com o de vendas, mas \u00e9 direcionado para o conte\u00fado. Saiba mais lendo o artigo.","og_url":"https:\/\/www.edialog.com.br\/es\/funil-de-midias-sociais\/","og_site_name":"Ag\u00eancia de Inbound Marketing | E-Dialog","article_publisher":"https:\/\/facebook.com\/edialogcomunicacao","article_author":"http:\/\/facebook.com\/renancaixeiro","article_published_time":"2016-06-28T14:58:07+00:00","article_modified_time":"2025-03-11T17:37:31+00:00","og_image":[{"width":810,"height":450,"url":"https:\/\/www.edialog.com.br\/wp-content\/uploads\/2021\/09\/edialog-logo-case.png","type":"image\/png"}],"author":"Renan Caixeiro","twitter_misc":{"Escrito por":"Renan Caixeiro","Tiempo de lectura":"5 minutos"},"schema":{"@context":"https:\/\/schema.org","@graph":[{"@type":["Article","BlogPosting"],"@id":"https:\/\/www.edialog.com.br\/funil-de-midias-sociais\/#article","isPartOf":{"@id":"https:\/\/www.edialog.com.br\/funil-de-midias-sociais\/"},"author":{"name":"Renan Caixeiro","@id":"https:\/\/www.edialog.com.br\/#\/schema\/person\/7f509934e54fd30b9d2d02cf51b60966"},"headline":"Voc\u00ea sabe o que \u00e9 o funil de m\u00eddias sociais?","datePublished":"2016-06-28T14:58:07+00:00","dateModified":"2025-03-11T17:37:31+00:00","mainEntityOfPage":{"@id":"https:\/\/www.edialog.com.br\/funil-de-midias-sociais\/"},"wordCount":731,"commentCount":1,"publisher":{"@id":"https:\/\/www.edialog.com.br\/#organization"},"articleSection":["Marketing Digital","M\u00eddia Social"],"inLanguage":"es","potentialAction":[{"@type":"CommentAction","name":"Comment","target":["https:\/\/www.edialog.com.br\/funil-de-midias-sociais\/#respond"]}]},{"@type":"WebPage","@id":"https:\/\/www.edialog.com.br\/funil-de-midias-sociais\/","url":"https:\/\/www.edialog.com.br\/funil-de-midias-sociais\/","name":"Voc\u00ea sabe o que \u00e9 o funil de m\u00eddias sociais? | E-Dialog","isPartOf":{"@id":"https:\/\/www.edialog.com.br\/#website"},"datePublished":"2016-06-28T14:58:07+00:00","dateModified":"2025-03-11T17:37:31+00:00","description":"\u00bfConoces el embudo de las redes sociales? Este embudo se parece mucho a un embudo de ventas, pero est\u00e1 orientado a los contenidos. Descubre m\u00e1s leyendo el art\u00edculo.","breadcrumb":{"@id":"https:\/\/www.edialog.com.br\/funil-de-midias-sociais\/#breadcrumb"},"inLanguage":"es","potentialAction":[{"@type":"ReadAction","target":["https:\/\/www.edialog.com.br\/funil-de-midias-sociais\/"]}]},{"@type":"BreadcrumbList","@id":"https:\/\/www.edialog.com.br\/funil-de-midias-sociais\/#breadcrumb","itemListElement":[{"@type":"ListItem","position":1,"name":"Home","item":"https:\/\/www.edialog.com.br\/"},{"@type":"ListItem","position":2,"name":"Marketing Digital","item":"https:\/\/www.edialog.com.br\/category\/marketing-digital\/"},{"@type":"ListItem","position":3,"name":"Voc\u00ea sabe o que \u00e9 o funil de m\u00eddias sociais?"}]},{"@type":"WebSite","@id":"https:\/\/www.edialog.com.br\/#website","url":"https:\/\/www.edialog.com.br\/","name":"Agencia de marketing entrante | E-Dialog","description":"Ag\u00eancia de Inbound Marketing premiada com solu\u00e7\u00f5es completas para o seu neg\u00f3cio. Atraia leads, com conte\u00fados \u00fanicos e envolventes. Solicite or\u00e7amento!","publisher":{"@id":"https:\/\/www.edialog.com.br\/#organization"},"potentialAction":[{"@type":"SearchAction","target":{"@type":"EntryPoint","urlTemplate":"https:\/\/www.edialog.com.br\/?s={search_term_string}"},"query-input":{"@type":"PropertyValueSpecification","valueRequired":true,"valueName":"search_term_string"}}],"inLanguage":"es"},{"@type":"Organization","@id":"https:\/\/www.edialog.com.br\/#organization","name":"Ag\u00eancia de M\u00eddias Sociais e Marketing Digital | E-Dialog","url":"https:\/\/www.edialog.com.br\/","logo":{"@type":"ImageObject","inLanguage":"es","@id":"https:\/\/www.edialog.com.br\/#\/schema\/logo\/image\/","url":"https:\/\/www.edialog.com.br\/wp-content\/uploads\/2021\/09\/edialog-logo-case.png","contentUrl":"https:\/\/www.edialog.com.br\/wp-content\/uploads\/2021\/09\/edialog-logo-case.png","width":810,"height":450,"caption":"Ag\u00eancia de M\u00eddias Sociais e Marketing Digital | E-Dialog"},"image":{"@id":"https:\/\/www.edialog.com.br\/#\/schema\/logo\/image\/"},"sameAs":["https:\/\/facebook.com\/edialogcomunicacao","https:\/\/x.com\/edialog_br","https:\/\/www.instagram.com\/edialog_br","https:\/\/www.linkedin.com\/company\/e-dialog-comunica-o-digital","https:\/\/www.youtube.com\/channel\/UCPiVQ_yVlcCqWS2sRzJZj7g"]},{"@type":"Person","@id":"https:\/\/www.edialog.com.br\/#\/schema\/person\/7f509934e54fd30b9d2d02cf51b60966","name":"Renan Caixeiro","image":{"@type":"ImageObject","inLanguage":"es","@id":"https:\/\/www.edialog.com.br\/wp-content\/uploads\/2023\/11\/renan-caixeiro-150x150.jpg","url":"https:\/\/www.edialog.com.br\/wp-content\/uploads\/2023\/11\/renan-caixeiro-150x150.jpg","contentUrl":"https:\/\/www.edialog.com.br\/wp-content\/uploads\/2023\/11\/renan-caixeiro-150x150.jpg","caption":"Renan Caixeiro"},"description":"S\u00f3cio Diretor na E-Dialog, \u00e9 graduado em Jornalismo e p\u00f3s-graduado em Comunica\u00e7\u00e3o Corporativa, ambos pela UFJF. Est\u00e1 \u00e0 frente do Reportei, SaaS de relat\u00f3rios e dashboards, \u00e9 host do Projeto SaaS, podcast que compartilha experi\u00eancias do universo de software as a service, e s\u00f3cio da Aquela Caixa, comunidade para profissionais de cria\u00e7\u00e3o. Torcedor do Vasco, tem como meta comprar o Gigante da Colina. LinkedIn: @renancaixeiro \/ Instagram: @renancaixeiro.","sameAs":["http:\/\/facebook.com\/renancaixeiro","https:\/\/www.instagram.com\/renancaixeiro\/","https:\/\/br.linkedin.com\/in\/renancaixeiro\/pt","https:\/\/x.com\/renancaixeiro"],"url":"https:\/\/www.edialog.com.br\/es\/author\/renancaixeiro\/"}]}},"_links":{"self":[{"href":"https:\/\/www.edialog.com.br\/es\/wp-json\/wp\/v2\/posts\/24644","targetHints":{"allow":["GET"]}}],"collection":[{"href":"https:\/\/www.edialog.com.br\/es\/wp-json\/wp\/v2\/posts"}],"about":[{"href":"https:\/\/www.edialog.com.br\/es\/wp-json\/wp\/v2\/types\/post"}],"author":[{"embeddable":true,"href":"https:\/\/www.edialog.com.br\/es\/wp-json\/wp\/v2\/users\/1"}],"replies":[{"embeddable":true,"href":"https:\/\/www.edialog.com.br\/es\/wp-json\/wp\/v2\/comments?post=24644"}],"version-history":[{"count":1,"href":"https:\/\/www.edialog.com.br\/es\/wp-json\/wp\/v2\/posts\/24644\/revisions"}],"predecessor-version":[{"id":227776,"href":"https:\/\/www.edialog.com.br\/es\/wp-json\/wp\/v2\/posts\/24644\/revisions\/227776"}],"wp:attachment":[{"href":"https:\/\/www.edialog.com.br\/es\/wp-json\/wp\/v2\/media?parent=24644"}],"wp:term":[{"taxonomy":"category","embeddable":true,"href":"https:\/\/www.edialog.com.br\/es\/wp-json\/wp\/v2\/categories?post=24644"},{"taxonomy":"post_tag","embeddable":true,"href":"https:\/\/www.edialog.com.br\/es\/wp-json\/wp\/v2\/tags?post=24644"}],"curies":[{"name":"wp","href":"https:\/\/api.w.org\/{rel}","templated":true}]}}