{"id":219501,"date":"2024-07-01T15:53:11","date_gmt":"2024-07-01T18:53:11","guid":{"rendered":"https:\/\/www.edialog.com.br\/?p=219501"},"modified":"2026-04-07T14:34:37","modified_gmt":"2026-04-07T17:34:37","slug":"brand-voice","status":"publish","type":"post","link":"https:\/\/www.edialog.com.br\/es\/brand-voice\/","title":{"rendered":"Brand Voice: o que \u00e9 e qual a import\u00e2ncia da Voz da Marca para o marketing"},"content":{"rendered":"<p>Neste artigo, explicamos o que \u00e9 <strong>Brand Voice<\/strong>, ou Voz da Marca, e como utilizar esse recurso no seu marketing. N\u00f3s damos o passo a passo necess\u00e1rio para construir a sua vers\u00e3o e ainda oferecemos dicas complementares para enriquecer ainda mais esse documento de comunica\u00e7\u00e3o. Continue lendo para saber mais.<\/p>\n\n\n\n<h2 class=\"wp-block-heading\" id=\"h-o-que-e-brand-voice\">O que \u00e9 Brand Voice?<\/h2>\n\n\n\n<p>Brand Voice \u00e9 a personalidade da sua marca: <strong>a maneira \u00fanica de apresentar sua empresa ao mundo<\/strong>. Ela deve ser consistente atrav\u00e9s de todos os canais de comunica\u00e7\u00e3o, n\u00e3o importa qual time esteja lidando com qual canal, e n\u00e3o pode mudar bruscamente.<\/p>\n\n\n\n<p>Exemplos de Brand Voice: empresas trabalhando com moda streetwear ter\u00e3o um tom mais despojado e moderno, adaptando o linguajar urbano \u00e0 sua comunica\u00e7\u00e3o. Por outro lado, uma concession\u00e1ria ter\u00e1 um tom mais s\u00f3brio e profissional ao invocar as qualidades da marca comercializada.<\/p>\n\n\n\n<p><em><strong>- Lea tambi\u00e9n: <\/strong><a href=\"https:\/\/www.edialog.com.br\/es\/o-que-e-branding\/\">O que \u00e9 branding e como ele pode fortificar o seu neg\u00f3cio?<\/a><\/em><\/p>\n\n\n\n<h2 class=\"wp-block-heading\" id=\"h-por-que-a-brand-voice-importa\">Por que a Brand Voice importa?<\/h2>\n\n\n\n<p>Todo gestor quer que seu neg\u00f3cio seja duradouro. <strong>E a \u00fanica maneira de prosperar a longo prazo \u00e9 ter uma personalidade pr\u00f3pria concentrada na empresa <\/strong>que a destaque dos concorrentes e atraia os consumidores.<\/p>\n\n\n\n<p>Voc\u00ea quer que os clientes conhe\u00e7am, amem e sejam leais \u00e0 sua marca, como seriam com um velho amigo. E velhos amigos se mant\u00eam constantes. Da mesma forma, sua marca precisa se manter constante e n\u00e3o passar por mudan\u00e7as bruscas na forma de abordar os temas.<\/p>\n\n\n\n<p>Em um mundo digital onde a mudan\u00e7a \u00e9 cada vez mais r\u00e1pida e os logos, identidades visuais e produtos est\u00e3o sempre se transformando, \u00e9 dif\u00edcil manter esses elementos imut\u00e1veis, <strong>mas a comunica\u00e7\u00e3o da sua empresa \u00e9 o ponto de conex\u00e3o entre cada aspecto do neg\u00f3cio<\/strong>.<\/p>\n\n\n\n<p>Dessa forma, mesmo que sua logo se transforme ou seu produto seja atualizado, as pessoas ainda reconhecer\u00e3o a marca pelo que ela \u00e9.<\/p>\n\n\n\n<p>Outros motivos para focar na sua Voz de Marca est\u00e3o listados abaixo.<\/p>\n\n\n\n<h3 class=\"wp-block-heading\" id=\"h-1-influencia-na-percepcao-de-marca\">1. Influ\u00eancia na percep\u00e7\u00e3o de marca<\/h3>\n\n\n\n<p>Para ter uma reputa\u00e7\u00e3o geral positiva,<strong> \u00e9 necess\u00e1rio entender como sua empresa \u00e9 percebida pelos consumidores<\/strong>. A marca pode ser conhecida por pesquisa aprofundada, ingredientes ecossustent\u00e1veis ou slogan inspiracional. Toda essa percep\u00e7\u00e3o \u00e9 ampliada pela maneira como a comunica\u00e7\u00e3o posiciona a empresa no mercado.<\/p>\n\n\n\n<p>Marcas esportivas como Adidas e Nike, por exemplo, usam sua Brand Voice para inspirar e motivar seus consumidores a fazer mais. Toda a linguagem e a grande maioria das campanhas s\u00e3o voltadas para supera\u00e7\u00e3o de desafios, fazer o imposs\u00edvel e se tornar \u00fanico.<\/p>\n\n\n\n<figure class=\"wp-block-image aligncenter size-full\"><img fetchpriority=\"high\" decoding=\"async\" width=\"1024\" height=\"576\" src=\"https:\/\/www.edialog.com.br\/wp-content\/uploads\/2023\/01\/brand-voice.jpg\" alt=\"Brand Voice: o que \u00e9 e qual a import\u00e2ncia da Voz da Marca para o marketing\" class=\"wp-image-224920\" srcset=\"https:\/\/www.edialog.com.br\/wp-content\/uploads\/2023\/01\/brand-voice.jpg 1024w, https:\/\/www.edialog.com.br\/wp-content\/uploads\/2023\/01\/brand-voice-300x169.jpg 300w, https:\/\/www.edialog.com.br\/wp-content\/uploads\/2023\/01\/brand-voice-768x432.jpg 768w\" sizes=\"(max-width: 1024px) 100vw, 1024px\" \/><figcaption class=\"wp-element-caption\">A Brand Voice \u00e9 a maneira como sua marca orienta a comunica\u00e7\u00e3o atrav\u00e9s de todos os canais utilizados<\/figcaption><\/figure>\n\n\n\n<h3 class=\"wp-block-heading\" id=\"h-2-desperta-reconhecimento\">2. Desperta reconhecimento<\/h3>\n\n\n\n<p>A maior parte das pessoas pode reconhecer o s\u00edmbolo da Nike e seu slogan \u201cJust do it\u201d. Esse slogan, hoje, \u00e9 t\u00e3o conhecido quanto o nome da Nike e sua logo. Em qualquer lugar que os consumidores vejam essa mensagem, s\u00e3o lembrados da empresa esportiva.<\/p>\n\n\n\n<p>Ainda que isso seja verdade para o slogan, tamb\u00e9m pode valer para comunica\u00e7\u00e3o em larga escala atrav\u00e9s da Brand Voice.<\/p>\n\n\n\n<h3 class=\"wp-block-heading\" id=\"h-3-construcao-de-confianca\">3. Constru\u00e7\u00e3o de confian\u00e7a<\/h3>\n\n\n\n<p>Independentemente da maneira como determina a sua Brand Voice, seja como s\u00e9ria, despojada, cr\u00edtica, jovem, \u00e1cida ou outra, <strong>ela sempre ser\u00e1 uma forma de construir confian\u00e7a com os consumidores<\/strong>.<\/p>\n\n\n\n<p>Uma forma de gerar identifica\u00e7\u00e3o \u00e9 atrav\u00e9s da forma\u00e7\u00e3o de grupos entre semelhantes, essa \u00e9 inclusive a base para o <a href=\"https:\/\/www.edialog.com.br\/es\/desencadenantes-mentales\/\">gatilho mental de prova social <\/a>&#8211; as pessoas tendem a tomar uma decis\u00e3o com base na opini\u00e3o de semelhantes.<\/p>\n\n\n\n<p>Quando sua marca se comunica no mesmo tom que os clientes falam, eles se sentem mais seguros naquele ambiente.<\/p>\n\n\n\n<p><em><strong>- Lea tambi\u00e9n: <\/strong><a href=\"https:\/\/www.edialog.com.br\/es\/marketing-comunitario\/\">Marketing de Comunidade: entenda o que \u00e9 e como utilizar a estrat\u00e9gia<\/a><\/em><\/p>\n\n\n\n<h2 class=\"wp-block-heading\" id=\"h-qual-a-diferenca-entre-brand-voice-e-brand-tone\">Qual a diferen\u00e7a entre Brand Voice e Brand Tone?<\/h2>\n\n\n\n<p>Para entender a distin\u00e7\u00e3o entre os termos, vamos a um exemplo f\u00e1cil de acompanhar. Voc\u00ea conhece a personalidade de seus\/suas melhor(es) amigos\/as: como eles vivem, porque riem, porque choram, como reagem \u00e0s adversidades da vida e qual a opini\u00e3o deles sobre o mundo.<\/p>\n\n\n\n<p>Ao mesmo tempo, voc\u00ea tamb\u00e9m sabe como respondem \u00e0s situa\u00e7\u00f5es na vida, o que dizem em cada local (trabalho, festas, com fam\u00edlia, com crian\u00e7as, em funerais), como consolam as pessoas, d\u00e3o not\u00edcias s\u00e9rias etc.<\/p>\n\n\n\n<p>Esse \u00faltimo \u00e9 o Brand Tone, que se adapta de acordo com a situa\u00e7\u00e3o &#8211; enquanto a personalidade continua a mesma.<\/p>\n\n\n\n<p>Na sua marca, isso significa que a Brand Voice <strong>\u00e9 a personalidade da sua empresa<\/strong>, consistente em todos os canais e imut\u00e1vel ao longo do tempo.<\/p>\n\n\n\n<p>Enquanto isso, o Brand Tone <strong>\u00e9 a resposta emocional da sua Brand Voice quando algo ocorre<\/strong>, demonstra o entendimento dos sentimentos dos clientes e a adequa\u00e7\u00e3o ao que est\u00e3o comunicando.<\/p>\n\n\n\n<figure class=\"wp-block-image aligncenter size-full\"><img decoding=\"async\" width=\"1024\" height=\"576\" src=\"https:\/\/www.edialog.com.br\/wp-content\/uploads\/2024\/07\/diferencas-entre-brand-voice-e-brand-tone.jpg\" alt=\"Diferen\u00e7as entre Brand Voice e Brand Tone\" class=\"wp-image-224921\" srcset=\"https:\/\/www.edialog.com.br\/wp-content\/uploads\/2024\/07\/diferencas-entre-brand-voice-e-brand-tone.jpg 1024w, https:\/\/www.edialog.com.br\/wp-content\/uploads\/2024\/07\/diferencas-entre-brand-voice-e-brand-tone-300x169.jpg 300w, https:\/\/www.edialog.com.br\/wp-content\/uploads\/2024\/07\/diferencas-entre-brand-voice-e-brand-tone-768x432.jpg 768w\" sizes=\"(max-width: 1024px) 100vw, 1024px\" \/><figcaption class=\"wp-element-caption\">O trabalho de Brand Voice come\u00e7a com um estudo sobre com quem voc\u00ea quer se comunicar.<\/figcaption><\/figure>\n\n\n\n<h2 class=\"wp-block-heading\" id=\"h-como-descobrir-sua-brand-voice\">Como descobrir sua Brand Voice? <\/h2>\n\n\n\n<p>Abaixo, um passo a passo para te ajudar a entender e descobrir sua Voice Branding para manter seus canais de comunica\u00e7\u00e3o sincronizados.<\/p>\n\n\n\n<h3 class=\"wp-block-heading\" id=\"h-1-defina-sua-audiencia\">1. Defina sua audi\u00eancia<\/h3>\n\n\n\n<p>A maneira como fala depende enormemente de com quem voc\u00ea fala. Antes que comece a pensar no que falar, <strong>\u00e9 necess\u00e1rio primeiro definir seu <a href=\"https:\/\/www.edialog.com.br\/es\/diferencas-entre-publico-alvo-e-persona\/\">p\u00fablico objetivo y persona<\/a><\/strong>.<\/p>\n\n\n\n<p>Voc\u00ea n\u00e3o falaria com pessoas na casa dos 50 ou 60 anos, por exemplo, da mesma forma como falaria com jovens de 15 a 20 anos. Falar no tom errado pode inclusive afastar o p\u00fablico para longe da sua marca permanentemente.<\/p>\n\n\n\n<p>A melhor maneira de entender com quem voc\u00ea fala \u00e9 <a href=\"https:\/\/www.edialog.com.br\/es\/como-criar-uma-persona\/\">criar uma persona<\/a> atrav\u00e9s de muita pesquisa e compartilhar esse perfil com toda sua equipe.<\/p>\n\n\n\n<p>&#8211; <em><strong>Lea tambi\u00e9n:<\/strong><\/em> <em><a href=\"https:\/\/www.edialog.com.br\/es\/exemplos-de-personas\/\">Vea 5 ejemplos de personas y aprenda a crear la suya propia.<\/a><\/em><\/p>\n\n\n\n<h3 class=\"wp-block-heading\" id=\"h-2-encontre-outras-marcas-ou-pessoas-que-voce-gosta\">2. Encontre outras marcas ou pessoas que voc\u00ea gosta<\/h3>\n\n\n\n<p>Se a sua marca pudesse ser a mistura de duas outras empresas, celebridades, personagens fict\u00edcios ou figuras p\u00fablicas, quais ou quem seriam?<\/p>\n\n\n\n<p>Por exemplo, voc\u00ea \u00e9 um <a href=\"https:\/\/www.edialog.com.br\/es\/o-que-e-saas\/\">SaaS<\/a> que vende <a href=\"https:\/\/www.edialog.com.br\/es\/inbound-marketing-para-restaurantes\/\">solu\u00e7\u00f5es para restaurantes<\/a> e, atrav\u00e9s de muita pesquisa, decidiu que quer falar com um tom que mistura o Zeca Pagodinho e o Globo Rural.<\/p>\n\n\n\n<p>Pense, como os exemplos se comunicam? O Globo Rural faz pesquisas e responde \u00e0s d\u00favidas dos telespectadores com \u00e2nimo e boa vontade. O Zeca Pagodinho, por outro lado, fala com bom humor e simpatia, de maneira mais despojada e informal.<\/p>\n\n\n\n<p>Com isso, \u00e9 s\u00f3 unir os dois pontos e criar varia\u00e7\u00f5es de discurso que se aproximem desses exemplos. Essa dica \u00e9 especialmente \u00fatil para quem n\u00e3o consegue ou n\u00e3o quer criar uma Brand Voice do zero.<\/p>\n\n\n\n<h3 class=\"wp-block-heading\" id=\"h-3-faca-exercicios-para-praticar-sua-brand-voice\">3. Fa\u00e7a exerc\u00edcios para praticar sua Brand Voice<\/h3>\n\n\n\n<p>Voc\u00ea j\u00e1 tem os ingredientes ideais para criar sua Brand Voice. Agora, com alguns exerc\u00edcios, <strong>j\u00e1 \u00e9 poss\u00edvel saber como isso se parece na pr\u00e1tica<\/strong>. Com sua persona em m\u00e3os e as entidades\/marcas\/pessoas de refer\u00eancia, responda \u00e0s perguntas a seguir:<\/p>\n\n\n\n<ul class=\"wp-block-list\">\n<li>Quais palavras voc\u00ea usaria para descrever sua Brand Voice? C\u00ednica, \u00e1cida, neutra, \u00fatil, inspiradora, forte, s\u00f3bria, formal?<\/li>\n\n\n\n<li>Se a sua marca fosse uma pessoa, como ela se portaria em uma festa formal? Seria a pessoa mais barulhenta, a pessoa ensinando algo, a anfitri\u00e3 ou a pessoa criticando as roupas dos convidados?<\/li>\n\n\n\n<li>Com 250 palavras, como voc\u00ea descreveria a comunica\u00e7\u00e3o da sua marca? Quais frases e palavras seriam usadas para falar sobre os produtos, miss\u00e3o e objetivos?<\/li>\n\n\n\n<li>Como sua marca falaria de uma publica\u00e7\u00e3o de rede social de seu produto\/servi\u00e7o? Escreva da maneira que seria mais pr\u00f3xima da Brand Voice poss\u00edvel.<\/li>\n\n\n\n<li>Como sua Brand Voice seria usada em um e-mail de retorno de contato para clientes que n\u00e3o fecharam neg\u00f3cio com voc\u00ea? Como usaria seu tom para chamar a pessoa para conferir novamente seu produto ou servi\u00e7o?<\/li>\n<\/ul>\n\n\n\n<h2 class=\"wp-block-heading\" id=\"h-5-dicas-para-ajudar-na-criacao-da-brand-voice\">5 dicas para ajudar na cria\u00e7\u00e3o da Brand Voice<\/h2>\n\n\n\n<p>Agora que voc\u00ea j\u00e1 sabe quais s\u00e3o os passos necess\u00e1rios para criar uma Brand Voice, separamos 5 dicas para te ajudar durante o processo e apoiar sua equipe nesse trabalho.<\/p>\n\n\n\n<h3 class=\"wp-block-heading\" id=\"h-1-documente-tudo-e-seja-consistente\">1. Documente tudo e seja consistente<\/h3>\n\n\n\n<p>Assim como seu guia de design e sua estrat\u00e9gia de redes sociais, <strong>sua Brand Voice precisa de documenta\u00e7\u00e3o<\/strong> tamb\u00e9m.<\/p>\n\n\n\n<p>A menos que voc\u00ea tenha uma \u00fanica pessoa controlando todos os canais de comunica\u00e7\u00e3o e marketing, o relat\u00f3rio de Brand Voice ser\u00e1 \u00fatil para muitos departamentos &#8211; e vale destacar que se uma \u00fanica pessoa controla toda sua comunica\u00e7\u00e3o e voc\u00ea n\u00e3o tem as informa\u00e7\u00f5es documentadas, o marketing da sua empresa corre grande perigo.<\/p>\n\n\n\n<p>O documento deve come\u00e7ar com os valores e princ\u00edpios b\u00e1sicos da sua empresa, bem como sua miss\u00e3o. Depois, escreva todas as informa\u00e7\u00f5es j\u00e1 definidas nos passos descritos acima neste artigo.<\/p>\n\n\n\n<h3 class=\"wp-block-heading\" id=\"h-2-faca-uma-auditoria-do-que-ja-existe\">2. Fa\u00e7a uma auditoria do que j\u00e1 existe<\/h3>\n\n\n\n<p>Essa dica vale mais para marcas que j\u00e1 existem e que nunca fizeram uma Brand Voice.<strong> Veja como funciona sua comunica\u00e7\u00e3o na atualidade e entenda o que quer mudar<\/strong>. Observe como as pessoas se comunicam nas redes sociais, e-mails e mensagens pelo WhatsApp quando falam com a sua empresa: qual tipo de linguagem usam?<\/p>\n\n\n\n<p>Essa \u00e9 uma boa maneira de auxiliar na cria\u00e7\u00e3o da Brand Voice e saber quais os pontos de aten\u00e7\u00e3o para evitar repetir erros.<\/p>\n\n\n\n<figure class=\"wp-block-image aligncenter size-full\"><img decoding=\"async\" width=\"1024\" height=\"645\" src=\"https:\/\/www.edialog.com.br\/wp-content\/uploads\/2024\/07\/criacao-da-brand-voice.jpg\" alt=\"Cria\u00e7\u00e3o da Brand Voice\" class=\"wp-image-224923\" title=\"Cria\u00e7\u00e3o da Brand Voice\" srcset=\"https:\/\/www.edialog.com.br\/wp-content\/uploads\/2024\/07\/criacao-da-brand-voice.jpg 1024w, https:\/\/www.edialog.com.br\/wp-content\/uploads\/2024\/07\/criacao-da-brand-voice-300x189.jpg 300w, https:\/\/www.edialog.com.br\/wp-content\/uploads\/2024\/07\/criacao-da-brand-voice-768x484.jpg 768w\" sizes=\"(max-width: 1024px) 100vw, 1024px\" \/><figcaption class=\"wp-element-caption\">Re\u00fana seu time de marketing e apresente os resultados do seu estudo de Brand Voice.<\/figcaption><\/figure>\n\n\n\n<h3 class=\"wp-block-heading\" id=\"h-3-crie-uma-tabela-de-tons\">3. Crie uma tabela de \u201ctons\u201d<\/h3>\n\n\n\n<p>A maneira como voc\u00ea fala varia, j\u00e1 explicamos isso na parte de Brand Tone. Para sua equipe saber quando usar cada tom de marca, \u00e9 necess\u00e1rio ter isso bem mapeado. <strong>Crie um guia de respostas b\u00e1sicas com base no seu Brand Voice<\/strong> e deixe que novas sugest\u00f5es sejam acrescentadas para diferentes situa\u00e7\u00f5es.<\/p>\n\n\n\n<p>Como anunciar um novo produto ou servi\u00e7o? Como responder a uma reclama\u00e7\u00e3o por mensagem? E por telefone, qual a diferen\u00e7a?<\/p>\n\n\n\n<p>Esse documento deve ser a base do treinamento de todas as pessoas na sua equipe respons\u00e1veis por algum tipo de contato com potenciais consumidores e mesmo com aqueles que, indiretamente, trabalham na constru\u00e7\u00e3o dessa rela\u00e7\u00e3o.<\/p>\n\n\n\n<h3 class=\"wp-block-heading\" id=\"h-4-revise-e-adapte-a-voz-da-marca\">4. Revise e adapte a Voz da Marca<\/h3>\n\n\n\n<p>Criar uma Brand Voice n\u00e3o \u00e9 um esfor\u00e7o \u00fanico, encerrado no momento em que o documento oficial \u00e9 gerado. Essa estrat\u00e9gia comunicativa macro <strong>deve ser revisada e refinada de tempos em tempos<\/strong>, para saber se as demandas dos consumidores continuam as mesmas e se houveram mudan\u00e7as no mundo e no mercado.<\/p>\n\n\n\n<p>Para grandes empresas, isso pode ser muito importante, visto que longas hist\u00f3rias e tradi\u00e7\u00f5es s\u00e3o confrontadas na era digital com comportamentos de consumo cada vez mais din\u00e2micos e \u00e1geis.<\/p>\n\n\n\n<p>A linguagem tamb\u00e9m est\u00e1 sob constante transforma\u00e7\u00e3o, e muitos termos e express\u00f5es s\u00e3o criados e abandonados ao longo dos anos. Emojis e GIFs s\u00e3o dois exemplos de linguagens que n\u00e3o eram t\u00e3o fortes na comunica\u00e7\u00e3o das marcas h\u00e1 alguns anos, mas que se tornaram excelentes ferramentas para integra\u00e7\u00e3o com o p\u00fablico e potenciais clientes.<\/p>\n\n\n\n<p>&#8211; <em><strong>Lea tambi\u00e9n:<\/strong> <a href=\"https:\/\/www.edialog.com.br\/es\/nps-net-promoter-score\/\">O que \u00e9 NPS? Saiba como implementar a m\u00e9trica Net Promoter Score<\/a><\/em><\/p>\n\n\n\n<h2 class=\"wp-block-heading\" id=\"h-conte-com-a-e-dialog-para-criar-sua-brand-voice\">Conte com a E-Dialog para criar sua Brand Voice<\/h2>\n\n\n\n<p>Quer criar sua Brand Voice e garantir melhores resultados no <a href=\"https:\/\/www.edialog.com.br\/es\/o-que-e-inbound-marketing\/\">Inbound Marketing<\/a>? A <a href=\"https:\/\/www.edialog.com.br\/es\/\">Di\u00e1logo electr\u00f3nico<\/a> es un <a href=\"https:\/\/www.edialog.com.br\/es\/agencia-de-inbound-marketing\/\">agencia de inbound marketing<\/a> que tem uma equipe preparada para garantir o melhor desempenho poss\u00edvel no digital para o seu neg\u00f3cio. Pe\u00e7a uma an\u00e1lise gratuita e descubra quais s\u00e3o os pontos de melhoria da sua empresa.<\/p>\n\n\n\n<div role=\"main\" id=\"formulario-analise-gratuita-59ea2fcdf02782428b13\"><\/div><script type=\"text\/javascript\" src=\"https:\/\/d335luupugsy2.cloudfront.net\/js\/rdstation-forms\/stable\/rdstation-forms.min.js\"><\/script><script type=\"text\/javascript\"> new RDStationForms('formulario-analise-gratuita-59ea2fcdf02782428b13', 'UA-18699224-1').createForm();<\/script>","protected":false},"excerpt":{"rendered":"<p>Neste artigo, explicamos o que \u00e9 Brand Voice, ou Voz da Marca, e como utilizar esse recurso no seu marketing. N\u00f3s damos o passo a passo necess\u00e1rio para construir a sua vers\u00e3o e ainda oferecemos dicas complementares para enriquecer ainda mais esse documento de comunica\u00e7\u00e3o. Continue lendo para saber mais. O que \u00e9 Brand Voice? [&hellip;]<\/p>\n","protected":false},"author":1,"featured_media":224920,"comment_status":"open","ping_status":"closed","sticky":false,"template":"","format":"standard","meta":{"_acf_changed":false,"content-type":"","footnotes":""},"categories":[580],"tags":[],"class_list":["post-219501","post","type-post","status-publish","format-standard","has-post-thumbnail","hentry","category-marketing-digital"],"acf":[],"yoast_head":"<!-- This site is optimized with the Yoast SEO Premium plugin v27.3 (Yoast SEO v27.3) - https:\/\/yoast.com\/product\/yoast-seo-premium-wordpress\/ -->\n<title>Brand Voice: o que \u00e9 e qual a import\u00e2ncia da Voz da Marca<\/title>\n<meta name=\"description\" content=\"Neste artigo, mostramos a import\u00e2ncia do Brand Voice, a Voz da Marca, e damos dicas de como constru\u00ed-lo na sua empresa. Confira!\" \/>\n<meta name=\"robots\" content=\"index, follow, max-snippet:-1, max-image-preview:large, max-video-preview:-1\" \/>\n<link rel=\"canonical\" href=\"https:\/\/www.edialog.com.br\/es\/brand-voice\/\" \/>\n<meta property=\"og:locale\" content=\"es_ES\" \/>\n<meta property=\"og:type\" content=\"article\" \/>\n<meta property=\"og:title\" content=\"Brand Voice: o que \u00e9 e qual a import\u00e2ncia da Voz da Marca para o marketing\" \/>\n<meta property=\"og:description\" content=\"Neste artigo, mostramos a import\u00e2ncia do Brand Voice, a Voz da Marca, e damos dicas de como constru\u00ed-lo na sua empresa. Confira!\" \/>\n<meta property=\"og:url\" content=\"https:\/\/www.edialog.com.br\/es\/brand-voice\/\" \/>\n<meta property=\"og:site_name\" content=\"Ag\u00eancia de Inbound Marketing | E-Dialog\" \/>\n<meta property=\"article:publisher\" content=\"https:\/\/facebook.com\/edialogcomunicacao\" \/>\n<meta property=\"article:author\" content=\"http:\/\/facebook.com\/renancaixeiro\" \/>\n<meta property=\"article:published_time\" content=\"2024-07-01T18:53:11+00:00\" \/>\n<meta property=\"article:modified_time\" content=\"2026-04-07T17:34:37+00:00\" \/>\n<meta property=\"og:image\" content=\"https:\/\/www.edialog.com.br\/wp-content\/uploads\/2023\/01\/brand-voice.jpg\" \/>\n\t<meta property=\"og:image:width\" content=\"1024\" \/>\n\t<meta property=\"og:image:height\" content=\"576\" \/>\n\t<meta property=\"og:image:type\" content=\"image\/jpeg\" \/>\n<meta name=\"author\" content=\"Renan Caixeiro\" \/>\n<meta name=\"twitter:label1\" content=\"Escrito por\" \/>\n\t<meta name=\"twitter:data1\" content=\"Renan Caixeiro\" \/>\n\t<meta name=\"twitter:label2\" content=\"Tiempo de lectura\" \/>\n\t<meta name=\"twitter:data2\" content=\"11 minutos\" \/>\n<script type=\"application\/ld+json\" class=\"yoast-schema-graph\">{\"@context\":\"https:\\\/\\\/schema.org\",\"@graph\":[{\"@type\":[\"Article\",\"BlogPosting\"],\"@id\":\"https:\\\/\\\/www.edialog.com.br\\\/brand-voice\\\/#article\",\"isPartOf\":{\"@id\":\"https:\\\/\\\/www.edialog.com.br\\\/brand-voice\\\/\"},\"author\":{\"name\":\"Renan Caixeiro\",\"@id\":\"https:\\\/\\\/www.edialog.com.br\\\/#\\\/schema\\\/person\\\/7f509934e54fd30b9d2d02cf51b60966\"},\"headline\":\"Brand Voice: o que \u00e9 e qual a import\u00e2ncia da Voz da Marca para o marketing\",\"datePublished\":\"2024-07-01T18:53:11+00:00\",\"dateModified\":\"2026-04-07T17:34:37+00:00\",\"mainEntityOfPage\":{\"@id\":\"https:\\\/\\\/www.edialog.com.br\\\/brand-voice\\\/\"},\"wordCount\":1961,\"commentCount\":0,\"publisher\":{\"@id\":\"https:\\\/\\\/www.edialog.com.br\\\/#organization\"},\"image\":{\"@id\":\"https:\\\/\\\/www.edialog.com.br\\\/brand-voice\\\/#primaryimage\"},\"thumbnailUrl\":\"https:\\\/\\\/www.edialog.com.br\\\/wp-content\\\/uploads\\\/2023\\\/01\\\/brand-voice.jpg\",\"articleSection\":[\"Marketing Digital\"],\"inLanguage\":\"es\",\"potentialAction\":[{\"@type\":\"CommentAction\",\"name\":\"Comment\",\"target\":[\"https:\\\/\\\/www.edialog.com.br\\\/brand-voice\\\/#respond\"]}]},{\"@type\":\"WebPage\",\"@id\":\"https:\\\/\\\/www.edialog.com.br\\\/brand-voice\\\/\",\"url\":\"https:\\\/\\\/www.edialog.com.br\\\/brand-voice\\\/\",\"name\":\"Brand Voice: o que \u00e9 e qual a import\u00e2ncia da Voz da Marca\",\"isPartOf\":{\"@id\":\"https:\\\/\\\/www.edialog.com.br\\\/#website\"},\"primaryImageOfPage\":{\"@id\":\"https:\\\/\\\/www.edialog.com.br\\\/brand-voice\\\/#primaryimage\"},\"image\":{\"@id\":\"https:\\\/\\\/www.edialog.com.br\\\/brand-voice\\\/#primaryimage\"},\"thumbnailUrl\":\"https:\\\/\\\/www.edialog.com.br\\\/wp-content\\\/uploads\\\/2023\\\/01\\\/brand-voice.jpg\",\"datePublished\":\"2024-07-01T18:53:11+00:00\",\"dateModified\":\"2026-04-07T17:34:37+00:00\",\"description\":\"Neste artigo, mostramos a import\u00e2ncia do Brand Voice, a Voz da Marca, e damos dicas de como constru\u00ed-lo na sua empresa. Confira!\",\"breadcrumb\":{\"@id\":\"https:\\\/\\\/www.edialog.com.br\\\/brand-voice\\\/#breadcrumb\"},\"inLanguage\":\"es\",\"potentialAction\":[{\"@type\":\"ReadAction\",\"target\":[\"https:\\\/\\\/www.edialog.com.br\\\/brand-voice\\\/\"]}]},{\"@type\":\"ImageObject\",\"inLanguage\":\"es\",\"@id\":\"https:\\\/\\\/www.edialog.com.br\\\/brand-voice\\\/#primaryimage\",\"url\":\"https:\\\/\\\/www.edialog.com.br\\\/wp-content\\\/uploads\\\/2023\\\/01\\\/brand-voice.jpg\",\"contentUrl\":\"https:\\\/\\\/www.edialog.com.br\\\/wp-content\\\/uploads\\\/2023\\\/01\\\/brand-voice.jpg\",\"width\":1024,\"height\":576,\"caption\":\"Brand Voice: o que \u00e9 e qual a import\u00e2ncia da Voz da Marca para o marketing\"},{\"@type\":\"BreadcrumbList\",\"@id\":\"https:\\\/\\\/www.edialog.com.br\\\/brand-voice\\\/#breadcrumb\",\"itemListElement\":[{\"@type\":\"ListItem\",\"position\":1,\"name\":\"Home\",\"item\":\"https:\\\/\\\/www.edialog.com.br\\\/\"},{\"@type\":\"ListItem\",\"position\":2,\"name\":\"Marketing Digital\",\"item\":\"https:\\\/\\\/www.edialog.com.br\\\/category\\\/marketing-digital\\\/\"},{\"@type\":\"ListItem\",\"position\":3,\"name\":\"Brand Voice: o que \u00e9 e qual a import\u00e2ncia da Voz da Marca para o marketing\"}]},{\"@type\":\"WebSite\",\"@id\":\"https:\\\/\\\/www.edialog.com.br\\\/#website\",\"url\":\"https:\\\/\\\/www.edialog.com.br\\\/\",\"name\":\"Ag\u00eancia de Inbound Marketing | E-Dialog\",\"description\":\"Ag\u00eancia de Inbound Marketing premiada com solu\u00e7\u00f5es completas para o seu neg\u00f3cio. Atraia leads, com conte\u00fados \u00fanicos e envolventes. Solicite or\u00e7amento!\",\"publisher\":{\"@id\":\"https:\\\/\\\/www.edialog.com.br\\\/#organization\"},\"potentialAction\":[{\"@type\":\"SearchAction\",\"target\":{\"@type\":\"EntryPoint\",\"urlTemplate\":\"https:\\\/\\\/www.edialog.com.br\\\/?s={search_term_string}\"},\"query-input\":{\"@type\":\"PropertyValueSpecification\",\"valueRequired\":true,\"valueName\":\"search_term_string\"}}],\"inLanguage\":\"es\"},{\"@type\":\"Organization\",\"@id\":\"https:\\\/\\\/www.edialog.com.br\\\/#organization\",\"name\":\"Ag\u00eancia de M\u00eddias Sociais e Marketing Digital | E-Dialog\",\"url\":\"https:\\\/\\\/www.edialog.com.br\\\/\",\"logo\":{\"@type\":\"ImageObject\",\"inLanguage\":\"es\",\"@id\":\"https:\\\/\\\/www.edialog.com.br\\\/#\\\/schema\\\/logo\\\/image\\\/\",\"url\":\"https:\\\/\\\/www.edialog.com.br\\\/wp-content\\\/uploads\\\/2021\\\/09\\\/edialog-logo-case.png\",\"contentUrl\":\"https:\\\/\\\/www.edialog.com.br\\\/wp-content\\\/uploads\\\/2021\\\/09\\\/edialog-logo-case.png\",\"width\":810,\"height\":450,\"caption\":\"Ag\u00eancia de M\u00eddias Sociais e Marketing Digital | E-Dialog\"},\"image\":{\"@id\":\"https:\\\/\\\/www.edialog.com.br\\\/#\\\/schema\\\/logo\\\/image\\\/\"},\"sameAs\":[\"https:\\\/\\\/facebook.com\\\/edialogcomunicacao\",\"https:\\\/\\\/x.com\\\/edialog_br\",\"https:\\\/\\\/www.instagram.com\\\/edialog_br\",\"https:\\\/\\\/www.linkedin.com\\\/company\\\/e-dialog-comunica-o-digital\",\"https:\\\/\\\/www.youtube.com\\\/channel\\\/UCPiVQ_yVlcCqWS2sRzJZj7g\"]},{\"@type\":\"Person\",\"@id\":\"https:\\\/\\\/www.edialog.com.br\\\/#\\\/schema\\\/person\\\/7f509934e54fd30b9d2d02cf51b60966\",\"name\":\"Renan Caixeiro\",\"image\":{\"@type\":\"ImageObject\",\"inLanguage\":\"es\",\"@id\":\"https:\\\/\\\/www.edialog.com.br\\\/wp-content\\\/uploads\\\/2023\\\/11\\\/renan-caixeiro-150x150.jpg\",\"url\":\"https:\\\/\\\/www.edialog.com.br\\\/wp-content\\\/uploads\\\/2023\\\/11\\\/renan-caixeiro-150x150.jpg\",\"contentUrl\":\"https:\\\/\\\/www.edialog.com.br\\\/wp-content\\\/uploads\\\/2023\\\/11\\\/renan-caixeiro-150x150.jpg\",\"caption\":\"Renan Caixeiro\"},\"description\":\"S\u00f3cio Diretor na E-Dialog, \u00e9 graduado em Jornalismo e p\u00f3s-graduado em Comunica\u00e7\u00e3o Corporativa, ambos pela UFJF. Est\u00e1 \u00e0 frente do Reportei, SaaS de relat\u00f3rios e dashboards, \u00e9 host do Projeto SaaS, podcast que compartilha experi\u00eancias do universo de software as a service, e s\u00f3cio da Aquela Caixa, comunidade para profissionais de cria\u00e7\u00e3o. Torcedor do Vasco, tem como meta comprar o Gigante da Colina. LinkedIn: @renancaixeiro \\\/ Instagram: @renancaixeiro.\",\"sameAs\":[\"http:\\\/\\\/facebook.com\\\/renancaixeiro\",\"https:\\\/\\\/www.instagram.com\\\/renancaixeiro\\\/\",\"https:\\\/\\\/br.linkedin.com\\\/in\\\/renancaixeiro\\\/pt\",\"https:\\\/\\\/x.com\\\/renancaixeiro\"],\"url\":\"https:\\\/\\\/www.edialog.com.br\\\/es\\\/author\\\/renancaixeiro\\\/\"}]}<\/script>\n<!-- \/ Yoast SEO Premium plugin. -->","yoast_head_json":{"title":"Brand Voice: o que \u00e9 e qual a import\u00e2ncia da Voz da Marca","description":"Neste artigo, mostramos a import\u00e2ncia do Brand Voice, a Voz da Marca, e damos dicas de como constru\u00ed-lo na sua empresa. Confira!","robots":{"index":"index","follow":"follow","max-snippet":"max-snippet:-1","max-image-preview":"max-image-preview:large","max-video-preview":"max-video-preview:-1"},"canonical":"https:\/\/www.edialog.com.br\/es\/brand-voice\/","og_locale":"es_ES","og_type":"article","og_title":"Brand Voice: o que \u00e9 e qual a import\u00e2ncia da Voz da Marca para o marketing","og_description":"Neste artigo, mostramos a import\u00e2ncia do Brand Voice, a Voz da Marca, e damos dicas de como constru\u00ed-lo na sua empresa. Confira!","og_url":"https:\/\/www.edialog.com.br\/es\/brand-voice\/","og_site_name":"Ag\u00eancia de Inbound Marketing | E-Dialog","article_publisher":"https:\/\/facebook.com\/edialogcomunicacao","article_author":"http:\/\/facebook.com\/renancaixeiro","article_published_time":"2024-07-01T18:53:11+00:00","article_modified_time":"2026-04-07T17:34:37+00:00","og_image":[{"width":1024,"height":576,"url":"https:\/\/www.edialog.com.br\/wp-content\/uploads\/2023\/01\/brand-voice.jpg","type":"image\/jpeg"}],"author":"Renan Caixeiro","twitter_misc":{"Escrito por":"Renan Caixeiro","Tiempo de lectura":"11 minutos"},"schema":{"@context":"https:\/\/schema.org","@graph":[{"@type":["Article","BlogPosting"],"@id":"https:\/\/www.edialog.com.br\/brand-voice\/#article","isPartOf":{"@id":"https:\/\/www.edialog.com.br\/brand-voice\/"},"author":{"name":"Renan Caixeiro","@id":"https:\/\/www.edialog.com.br\/#\/schema\/person\/7f509934e54fd30b9d2d02cf51b60966"},"headline":"Brand Voice: o que \u00e9 e qual a import\u00e2ncia da Voz da Marca para o marketing","datePublished":"2024-07-01T18:53:11+00:00","dateModified":"2026-04-07T17:34:37+00:00","mainEntityOfPage":{"@id":"https:\/\/www.edialog.com.br\/brand-voice\/"},"wordCount":1961,"commentCount":0,"publisher":{"@id":"https:\/\/www.edialog.com.br\/#organization"},"image":{"@id":"https:\/\/www.edialog.com.br\/brand-voice\/#primaryimage"},"thumbnailUrl":"https:\/\/www.edialog.com.br\/wp-content\/uploads\/2023\/01\/brand-voice.jpg","articleSection":["Marketing Digital"],"inLanguage":"es","potentialAction":[{"@type":"CommentAction","name":"Comment","target":["https:\/\/www.edialog.com.br\/brand-voice\/#respond"]}]},{"@type":"WebPage","@id":"https:\/\/www.edialog.com.br\/brand-voice\/","url":"https:\/\/www.edialog.com.br\/brand-voice\/","name":"Brand Voice: o que \u00e9 e qual a import\u00e2ncia da Voz da Marca","isPartOf":{"@id":"https:\/\/www.edialog.com.br\/#website"},"primaryImageOfPage":{"@id":"https:\/\/www.edialog.com.br\/brand-voice\/#primaryimage"},"image":{"@id":"https:\/\/www.edialog.com.br\/brand-voice\/#primaryimage"},"thumbnailUrl":"https:\/\/www.edialog.com.br\/wp-content\/uploads\/2023\/01\/brand-voice.jpg","datePublished":"2024-07-01T18:53:11+00:00","dateModified":"2026-04-07T17:34:37+00:00","description":"Neste artigo, mostramos a import\u00e2ncia do Brand Voice, a Voz da Marca, e damos dicas de como constru\u00ed-lo na sua empresa. Confira!","breadcrumb":{"@id":"https:\/\/www.edialog.com.br\/brand-voice\/#breadcrumb"},"inLanguage":"es","potentialAction":[{"@type":"ReadAction","target":["https:\/\/www.edialog.com.br\/brand-voice\/"]}]},{"@type":"ImageObject","inLanguage":"es","@id":"https:\/\/www.edialog.com.br\/brand-voice\/#primaryimage","url":"https:\/\/www.edialog.com.br\/wp-content\/uploads\/2023\/01\/brand-voice.jpg","contentUrl":"https:\/\/www.edialog.com.br\/wp-content\/uploads\/2023\/01\/brand-voice.jpg","width":1024,"height":576,"caption":"Brand Voice: o que \u00e9 e qual a import\u00e2ncia da Voz da Marca para o marketing"},{"@type":"BreadcrumbList","@id":"https:\/\/www.edialog.com.br\/brand-voice\/#breadcrumb","itemListElement":[{"@type":"ListItem","position":1,"name":"Home","item":"https:\/\/www.edialog.com.br\/"},{"@type":"ListItem","position":2,"name":"Marketing Digital","item":"https:\/\/www.edialog.com.br\/category\/marketing-digital\/"},{"@type":"ListItem","position":3,"name":"Brand Voice: o que \u00e9 e qual a import\u00e2ncia da Voz da Marca para o marketing"}]},{"@type":"WebSite","@id":"https:\/\/www.edialog.com.br\/#website","url":"https:\/\/www.edialog.com.br\/","name":"Agencia de marketing entrante | E-Dialog","description":"Ag\u00eancia de Inbound Marketing premiada com solu\u00e7\u00f5es completas para o seu neg\u00f3cio. Atraia leads, com conte\u00fados \u00fanicos e envolventes. Solicite or\u00e7amento!","publisher":{"@id":"https:\/\/www.edialog.com.br\/#organization"},"potentialAction":[{"@type":"SearchAction","target":{"@type":"EntryPoint","urlTemplate":"https:\/\/www.edialog.com.br\/?s={search_term_string}"},"query-input":{"@type":"PropertyValueSpecification","valueRequired":true,"valueName":"search_term_string"}}],"inLanguage":"es"},{"@type":"Organization","@id":"https:\/\/www.edialog.com.br\/#organization","name":"Ag\u00eancia de M\u00eddias Sociais e Marketing Digital | E-Dialog","url":"https:\/\/www.edialog.com.br\/","logo":{"@type":"ImageObject","inLanguage":"es","@id":"https:\/\/www.edialog.com.br\/#\/schema\/logo\/image\/","url":"https:\/\/www.edialog.com.br\/wp-content\/uploads\/2021\/09\/edialog-logo-case.png","contentUrl":"https:\/\/www.edialog.com.br\/wp-content\/uploads\/2021\/09\/edialog-logo-case.png","width":810,"height":450,"caption":"Ag\u00eancia de M\u00eddias Sociais e Marketing Digital | E-Dialog"},"image":{"@id":"https:\/\/www.edialog.com.br\/#\/schema\/logo\/image\/"},"sameAs":["https:\/\/facebook.com\/edialogcomunicacao","https:\/\/x.com\/edialog_br","https:\/\/www.instagram.com\/edialog_br","https:\/\/www.linkedin.com\/company\/e-dialog-comunica-o-digital","https:\/\/www.youtube.com\/channel\/UCPiVQ_yVlcCqWS2sRzJZj7g"]},{"@type":"Person","@id":"https:\/\/www.edialog.com.br\/#\/schema\/person\/7f509934e54fd30b9d2d02cf51b60966","name":"Renan Caixeiro","image":{"@type":"ImageObject","inLanguage":"es","@id":"https:\/\/www.edialog.com.br\/wp-content\/uploads\/2023\/11\/renan-caixeiro-150x150.jpg","url":"https:\/\/www.edialog.com.br\/wp-content\/uploads\/2023\/11\/renan-caixeiro-150x150.jpg","contentUrl":"https:\/\/www.edialog.com.br\/wp-content\/uploads\/2023\/11\/renan-caixeiro-150x150.jpg","caption":"Renan Caixeiro"},"description":"S\u00f3cio Diretor na E-Dialog, \u00e9 graduado em Jornalismo e p\u00f3s-graduado em Comunica\u00e7\u00e3o Corporativa, ambos pela UFJF. Est\u00e1 \u00e0 frente do Reportei, SaaS de relat\u00f3rios e dashboards, \u00e9 host do Projeto SaaS, podcast que compartilha experi\u00eancias do universo de software as a service, e s\u00f3cio da Aquela Caixa, comunidade para profissionais de cria\u00e7\u00e3o. Torcedor do Vasco, tem como meta comprar o Gigante da Colina. LinkedIn: @renancaixeiro \/ Instagram: @renancaixeiro.","sameAs":["http:\/\/facebook.com\/renancaixeiro","https:\/\/www.instagram.com\/renancaixeiro\/","https:\/\/br.linkedin.com\/in\/renancaixeiro\/pt","https:\/\/x.com\/renancaixeiro"],"url":"https:\/\/www.edialog.com.br\/es\/author\/renancaixeiro\/"}]}},"_links":{"self":[{"href":"https:\/\/www.edialog.com.br\/es\/wp-json\/wp\/v2\/posts\/219501","targetHints":{"allow":["GET"]}}],"collection":[{"href":"https:\/\/www.edialog.com.br\/es\/wp-json\/wp\/v2\/posts"}],"about":[{"href":"https:\/\/www.edialog.com.br\/es\/wp-json\/wp\/v2\/types\/post"}],"author":[{"embeddable":true,"href":"https:\/\/www.edialog.com.br\/es\/wp-json\/wp\/v2\/users\/1"}],"replies":[{"embeddable":true,"href":"https:\/\/www.edialog.com.br\/es\/wp-json\/wp\/v2\/comments?post=219501"}],"version-history":[{"count":2,"href":"https:\/\/www.edialog.com.br\/es\/wp-json\/wp\/v2\/posts\/219501\/revisions"}],"predecessor-version":[{"id":230748,"href":"https:\/\/www.edialog.com.br\/es\/wp-json\/wp\/v2\/posts\/219501\/revisions\/230748"}],"wp:featuredmedia":[{"embeddable":true,"href":"https:\/\/www.edialog.com.br\/es\/wp-json\/wp\/v2\/media\/224920"}],"wp:attachment":[{"href":"https:\/\/www.edialog.com.br\/es\/wp-json\/wp\/v2\/media?parent=219501"}],"wp:term":[{"taxonomy":"category","embeddable":true,"href":"https:\/\/www.edialog.com.br\/es\/wp-json\/wp\/v2\/categories?post=219501"},{"taxonomy":"post_tag","embeddable":true,"href":"https:\/\/www.edialog.com.br\/es\/wp-json\/wp\/v2\/tags?post=219501"}],"curies":[{"name":"wp","href":"https:\/\/api.w.org\/{rel}","templated":true}]}}