{"id":218770,"date":"2026-04-07T10:30:00","date_gmt":"2026-04-07T13:30:00","guid":{"rendered":"https:\/\/www.edialog.com.br\/?p=218770"},"modified":"2026-04-07T17:53:16","modified_gmt":"2026-04-07T20:53:16","slug":"vaga-analista-de-midia-e-performance","status":"publish","type":"post","link":"https:\/\/www.edialog.com.br\/es\/vaga-analista-de-midia-e-performance\/","title":{"rendered":"Vacante de Analista de Medios y Rendimiento"},"content":{"rendered":"<p>A E-Dialog est\u00e1 em busca de uma Pessoa Analista de M\u00eddia e Performance. O trabalho \u00e9 em regime CLT e remoto (home-office).<\/p>\n<p><em><strong>Vem desbravar o digital com a Ag\u00eancia top 3 entre as melhores ag\u00eancias de inbound do Brasil e que n\u00e3o para de crescer!<\/strong><\/em><\/p>\n<h2>Descri\u00e7\u00e3o da vaga<\/h2>\n<p>Como Analista de M\u00eddia e Performance, a pessoa ir\u00e1 executar, acompanhar e otimizar os resultados dos canais de m\u00eddia paga de performance de sua carteira de clientes. O objetivo e responsabilidade \u00e9 assegurar o atingimento dos resultados alinhados. A pessoa tamb\u00e9m ser\u00e1\u00a0respons\u00e1vel por definir estrat\u00e9gias de campanhas e operar 100% das plataformas de m\u00eddia paga.<\/p>\n<p>Os principais canais s\u00e3o:<\/p>\n<ul>\n<li>Anuncios Google<\/li>\n<li>Meta Ads (Facebook e Instagram)<\/li>\n<li>LinkedIn Ads<\/li>\n<li><em>Outros canais: TikTok Ads, Pinterest Ads<\/em><\/li>\n<\/ul>\n<p>Al\u00e9m disso, a pessoa ir\u00e1 acompanhar e realizar a gest\u00e3o dos indicadores de performance do canal digital, visando garantir o cumprimento das metas de crescimento e rentabilidade do canal direto online.<\/p>\n<h2>Responsabilidades:<\/h2>\n<ul>\n<li>Elabora\u00e7\u00e3o de planos e estrat\u00e9gias de m\u00eddia.<\/li>\n<li>Implementa\u00e7\u00f5es e otimiza\u00e7\u00f5es nas campanhas.<\/li>\n<li>Produ\u00e7\u00e3o dos relat\u00f3rios de performance.<\/li>\n<li>An\u00e1lises estrat\u00e9gicas da performance.<\/li>\n<li>Tomada de decis\u00f5es com rela\u00e7\u00e3o a performance das campanhas<\/li>\n<li>Relacionamento entre outros times a fim de conduzir projetos e jobs.<\/li>\n<\/ul>\n<h2>Pr\u00e9-requisitos:<\/h2>\n<ul>\n<li>Viv\u00eancia te\u00f3rica e pr\u00e1tica em gest\u00e3o de campanhas de m\u00eddia Google Ads e Meta Ads.<\/li>\n<li>Vis\u00e3o anal\u00edtica, pois ser\u00e1 respons\u00e1vel por discutir estrat\u00e9gias de campanhas e operar plataformas de m\u00eddia paga.<\/li>\n<li>Boa comunica\u00e7\u00e3o<\/li>\n<li>Conhecimento em tagueamento de campanhas (Google Tag Manager);<\/li>\n<li>Conhecimento em Google Analytics;<\/li>\n<\/ul>\n<h2><b>Diferenciais:<\/b><\/h2>\n<ul>\n<li>Possuir certifica\u00e7\u00f5es em Google e Facebook;<\/li>\n<li>Ter cursos na \u00e1rea de m\u00eddia\/tr\u00e1fego.<\/li>\n<li>Experi\u00eancia em ag\u00eancia de publicidade ou departamentos de marketing.<\/li>\n<\/ul>\n<h2>Regime CLT remoto e benef\u00edcios:<\/h2>\n<p><strong>A contrata\u00e7\u00e3o \u00e9 em regime CLT.<\/strong> <strong>Carga hor\u00e1ria: 40h\/semanais<\/strong> dentro do hor\u00e1rio comercial 8h \u00e0s 19h<\/p>\n<p>Nos benef\u00edcios, temos uma ajuda de custo que pode ser gasto com custos de home-office, mas <strong>ser\u00e1 necess\u00e1rio que o candidato j\u00e1 possua seu equipamento, local e acesso \u00e0 Internet<\/strong> adequados para o trabalho.<\/p>\n<p>A ag\u00eancia conta com escrit\u00f3rio em Juiz de Fora (MG), de maneira opcional para colaboradores que queiram trabalhar presencialmente.<\/p>\n<ul>\n<li aria-level=\"1\">Comiss\u00e3o dos projetos que atuar\u00e1<\/li>\n<li aria-level=\"1\">Vale Home Office<\/li>\n<li aria-level=\"1\">Vale Alimenta\u00e7\u00e3o \u2014 R$650\/m\u00eas<\/li>\n<li aria-level=\"1\">B\u00f4nus em contratos renovados<\/li>\n<li aria-level=\"1\">Plano de Carreira<\/li>\n<li aria-level=\"1\">Day Off em dia de Anivers\u00e1rio<\/li>\n<li>Acesso \u00e0 programas de capacita\u00e7\u00e3o interna<\/li>\n<li>Plano de Sa\u00fade Unimed<\/li>\n<li>Sal\u00e1rio: R$ 3.200 a R$ 4.000<\/li>\n<\/ul>\n<h2>Para se inscrever:<\/h2>\n<p><strong>Preencha o formul\u00e1rio de sele\u00e7\u00e3o:\u00a0<a href=\"https:\/\/forms.gle\/LH8zLdGtKeNqvzVw7\" target=\"_blank\" rel=\"noopener noreferrer\">https:\/\/forms.gle\/LH8zLdGtKeNqvzVw7<\/a>\u00a0<\/strong><\/p>\n<p><strong><br \/>\nA sele\u00e7\u00e3o contar\u00e1 com as seguintes etapas*:<\/strong><br \/>\n1. Triagem com avalia\u00e7\u00e3o de curr\u00edculos<br \/>\n2. Envio de teste na plataforma S\u00f3lides (perfil comportamental)<br \/>\n3. Entrevista<\/p>\n<p>*Todas as etapas de sele\u00e7\u00e3o e o onboarding da pessoa selecionada ser\u00e3o feitas atrav\u00e9s de v\u00eddeo chamadas \u2014 em nenhum momento teremos etapas presenciais.<\/p>\n<p><i>Importante! <\/i><br \/>\n<i>A E-Dialog assume o compromisso de em seus processos seletivos e tamb\u00e9m em qualquer pr\u00e1tica\/contato com a empresa a n\u00e3o discrimina\u00e7\u00e3o por motivos de ra\u00e7a, religi\u00e3o, cor, sexo, idade, defici\u00eancia n\u00e3o incapacitante para a fun\u00e7\u00e3o, nacionalidade, orienta\u00e7\u00e3o sexual, identidade ou express\u00e3o de g\u00eanero.\u00a0<\/i><\/p>\n<h3><\/h3>\n<h2><strong>Quer saber mais e se preparar para a entrevista?\u00a0<\/strong><\/h2>\n<h4><strong><a href=\"https:\/\/www.edialog.com.br\/es\/vagas-e-cultura\/\" target=\"_blank\" rel=\"noopener\">&gt;&gt; Conhe\u00e7a a nossa P\u00e1gina de Vagas e Cultura aqui &lt;&lt;<\/a><\/strong><\/h4>\n<h2><strong>J\u00e1 se inscreveu???<\/strong><\/h2>\n<p>Agora \u00e9 s\u00f3 aguardar! Caso voc\u00ea seja selecionado (a), vamos entrar em contato.<\/p>\n<p><em>*Se esta vaga n\u00e3o se encaixa no seu perfil, que tal indicar para pessoas conhecidas?\u00a0<\/em><\/p>","protected":false},"excerpt":{"rendered":"<p>A E-Dialog est\u00e1 em busca de uma Pessoa Analista de M\u00eddia e Performance. O trabalho \u00e9 em regime CLT e remoto (home-office). Vem desbravar o digital com a Ag\u00eancia top 3 entre as melhores ag\u00eancias de inbound do Brasil e que n\u00e3o para de crescer! Descri\u00e7\u00e3o da vaga Como Analista de M\u00eddia e Performance, a [&hellip;]<\/p>\n","protected":false},"author":1,"featured_media":218789,"comment_status":"open","ping_status":"closed","sticky":false,"template":"","format":"standard","meta":{"_acf_changed":false,"content-type":"","footnotes":""},"categories":[8],"tags":[],"class_list":["post-218770","post","type-post","status-publish","format-standard","has-post-thumbnail","hentry","category-midia-social"],"acf":[],"yoast_head":"<!-- This site is optimized with the Yoast SEO Premium plugin v27.5 (Yoast SEO v27.5) - https:\/\/yoast.com\/product\/yoast-seo-premium-wordpress\/ -->\n<title>Vaga Analista de M\u00eddia e Performance<\/title>\n<meta name=\"description\" content=\"Saiba como funciona a vaga de pessoa analista de m\u00eddia e performance da ag\u00eancia E-Dialog. Inscreva-se!\" \/>\n<meta name=\"robots\" content=\"index, follow, max-snippet:-1, max-image-preview:large, max-video-preview:-1\" \/>\n<link rel=\"canonical\" href=\"https:\/\/www.edialog.com.br\/es\/vaga-analista-de-midia-e-performance\/\" \/>\n<meta property=\"og:locale\" content=\"es_ES\" \/>\n<meta property=\"og:type\" content=\"article\" \/>\n<meta property=\"og:title\" content=\"Vaga para Pessoa Analista de M\u00eddia e Performance\" \/>\n<meta property=\"og:description\" content=\"Saiba como funciona a vaga de pessoa analista de m\u00eddia e performance da ag\u00eancia E-Dialog. Inscreva-se!\" \/>\n<meta property=\"og:url\" content=\"https:\/\/www.edialog.com.br\/es\/vaga-analista-de-midia-e-performance\/\" \/>\n<meta property=\"og:site_name\" content=\"Ag\u00eancia de Inbound Marketing | E-Dialog\" \/>\n<meta property=\"article:publisher\" content=\"https:\/\/facebook.com\/edialogcomunicacao\" \/>\n<meta property=\"article:author\" content=\"http:\/\/facebook.com\/renancaixeiro\" \/>\n<meta property=\"article:published_time\" content=\"2026-04-07T13:30:00+00:00\" \/>\n<meta property=\"article:modified_time\" content=\"2026-04-07T20:53:16+00:00\" \/>\n<meta property=\"og:image\" content=\"https:\/\/www.edialog.com.br\/wp-content\/uploads\/2022\/10\/vaga-analista-de-midia-e-performance.png\" \/>\n\t<meta property=\"og:image:width\" content=\"1174\" \/>\n\t<meta property=\"og:image:height\" content=\"652\" \/>\n\t<meta property=\"og:image:type\" content=\"image\/png\" \/>\n<meta name=\"author\" content=\"Renan Caixeiro\" \/>\n<meta name=\"twitter:label1\" content=\"Escrito por\" \/>\n\t<meta name=\"twitter:data1\" content=\"Renan Caixeiro\" \/>\n\t<meta name=\"twitter:label2\" content=\"Tiempo de lectura\" \/>\n\t<meta name=\"twitter:data2\" content=\"4 minutos\" \/>\n<script type=\"application\/ld+json\" class=\"yoast-schema-graph\">{\"@context\":\"https:\\\/\\\/schema.org\",\"@graph\":[{\"@type\":[\"Article\",\"BlogPosting\"],\"@id\":\"https:\\\/\\\/www.edialog.com.br\\\/vaga-analista-de-midia-e-performance\\\/#article\",\"isPartOf\":{\"@id\":\"https:\\\/\\\/www.edialog.com.br\\\/vaga-analista-de-midia-e-performance\\\/\"},\"author\":{\"name\":\"Renan Caixeiro\",\"@id\":\"https:\\\/\\\/www.edialog.com.br\\\/#\\\/schema\\\/person\\\/7f509934e54fd30b9d2d02cf51b60966\"},\"headline\":\"Vaga para Pessoa Analista de M\u00eddia e Performance\",\"datePublished\":\"2026-04-07T13:30:00+00:00\",\"dateModified\":\"2026-04-07T20:53:16+00:00\",\"mainEntityOfPage\":{\"@id\":\"https:\\\/\\\/www.edialog.com.br\\\/vaga-analista-de-midia-e-performance\\\/\"},\"wordCount\":618,\"commentCount\":0,\"publisher\":{\"@id\":\"https:\\\/\\\/www.edialog.com.br\\\/#organization\"},\"image\":{\"@id\":\"https:\\\/\\\/www.edialog.com.br\\\/vaga-analista-de-midia-e-performance\\\/#primaryimage\"},\"thumbnailUrl\":\"https:\\\/\\\/www.edialog.com.br\\\/wp-content\\\/uploads\\\/2022\\\/10\\\/vaga-analista-de-midia-e-performance.png\",\"articleSection\":[\"M\u00eddia Social\"],\"inLanguage\":\"es\",\"potentialAction\":[{\"@type\":\"CommentAction\",\"name\":\"Comment\",\"target\":[\"https:\\\/\\\/www.edialog.com.br\\\/vaga-analista-de-midia-e-performance\\\/#respond\"]}]},{\"@type\":\"WebPage\",\"@id\":\"https:\\\/\\\/www.edialog.com.br\\\/vaga-analista-de-midia-e-performance\\\/\",\"url\":\"https:\\\/\\\/www.edialog.com.br\\\/vaga-analista-de-midia-e-performance\\\/\",\"name\":\"Vaga Analista de M\u00eddia e Performance\",\"isPartOf\":{\"@id\":\"https:\\\/\\\/www.edialog.com.br\\\/#website\"},\"primaryImageOfPage\":{\"@id\":\"https:\\\/\\\/www.edialog.com.br\\\/vaga-analista-de-midia-e-performance\\\/#primaryimage\"},\"image\":{\"@id\":\"https:\\\/\\\/www.edialog.com.br\\\/vaga-analista-de-midia-e-performance\\\/#primaryimage\"},\"thumbnailUrl\":\"https:\\\/\\\/www.edialog.com.br\\\/wp-content\\\/uploads\\\/2022\\\/10\\\/vaga-analista-de-midia-e-performance.png\",\"datePublished\":\"2026-04-07T13:30:00+00:00\",\"dateModified\":\"2026-04-07T20:53:16+00:00\",\"description\":\"Saiba como funciona a vaga de pessoa analista de m\u00eddia e performance da ag\u00eancia E-Dialog. Inscreva-se!\",\"breadcrumb\":{\"@id\":\"https:\\\/\\\/www.edialog.com.br\\\/vaga-analista-de-midia-e-performance\\\/#breadcrumb\"},\"inLanguage\":\"es\",\"potentialAction\":[{\"@type\":\"ReadAction\",\"target\":[\"https:\\\/\\\/www.edialog.com.br\\\/vaga-analista-de-midia-e-performance\\\/\"]}]},{\"@type\":\"ImageObject\",\"inLanguage\":\"es\",\"@id\":\"https:\\\/\\\/www.edialog.com.br\\\/vaga-analista-de-midia-e-performance\\\/#primaryimage\",\"url\":\"https:\\\/\\\/www.edialog.com.br\\\/wp-content\\\/uploads\\\/2022\\\/10\\\/vaga-analista-de-midia-e-performance.png\",\"contentUrl\":\"https:\\\/\\\/www.edialog.com.br\\\/wp-content\\\/uploads\\\/2022\\\/10\\\/vaga-analista-de-midia-e-performance.png\",\"width\":1174,\"height\":652},{\"@type\":\"BreadcrumbList\",\"@id\":\"https:\\\/\\\/www.edialog.com.br\\\/vaga-analista-de-midia-e-performance\\\/#breadcrumb\",\"itemListElement\":[{\"@type\":\"ListItem\",\"position\":1,\"name\":\"Home\",\"item\":\"https:\\\/\\\/www.edialog.com.br\\\/\"},{\"@type\":\"ListItem\",\"position\":2,\"name\":\"M\u00eddia Social\",\"item\":\"https:\\\/\\\/www.edialog.com.br\\\/category\\\/midia-social\\\/\"},{\"@type\":\"ListItem\",\"position\":3,\"name\":\"Vaga para Pessoa Analista de M\u00eddia e Performance\"}]},{\"@type\":\"WebSite\",\"@id\":\"https:\\\/\\\/www.edialog.com.br\\\/#website\",\"url\":\"https:\\\/\\\/www.edialog.com.br\\\/\",\"name\":\"Ag\u00eancia de Inbound Marketing | E-Dialog\",\"description\":\"Ag\u00eancia de Inbound Marketing premiada com solu\u00e7\u00f5es completas para o seu neg\u00f3cio. Atraia leads, com conte\u00fados \u00fanicos e envolventes. Solicite or\u00e7amento!\",\"publisher\":{\"@id\":\"https:\\\/\\\/www.edialog.com.br\\\/#organization\"},\"potentialAction\":[{\"@type\":\"SearchAction\",\"target\":{\"@type\":\"EntryPoint\",\"urlTemplate\":\"https:\\\/\\\/www.edialog.com.br\\\/?s={search_term_string}\"},\"query-input\":{\"@type\":\"PropertyValueSpecification\",\"valueRequired\":true,\"valueName\":\"search_term_string\"}}],\"inLanguage\":\"es\"},{\"@type\":\"Organization\",\"@id\":\"https:\\\/\\\/www.edialog.com.br\\\/#organization\",\"name\":\"Ag\u00eancia de M\u00eddias Sociais e Marketing Digital | E-Dialog\",\"url\":\"https:\\\/\\\/www.edialog.com.br\\\/\",\"logo\":{\"@type\":\"ImageObject\",\"inLanguage\":\"es\",\"@id\":\"https:\\\/\\\/www.edialog.com.br\\\/#\\\/schema\\\/logo\\\/image\\\/\",\"url\":\"https:\\\/\\\/www.edialog.com.br\\\/wp-content\\\/uploads\\\/2021\\\/09\\\/edialog-logo-case.png\",\"contentUrl\":\"https:\\\/\\\/www.edialog.com.br\\\/wp-content\\\/uploads\\\/2021\\\/09\\\/edialog-logo-case.png\",\"width\":810,\"height\":450,\"caption\":\"Ag\u00eancia de M\u00eddias Sociais e Marketing Digital | E-Dialog\"},\"image\":{\"@id\":\"https:\\\/\\\/www.edialog.com.br\\\/#\\\/schema\\\/logo\\\/image\\\/\"},\"sameAs\":[\"https:\\\/\\\/facebook.com\\\/edialogcomunicacao\",\"https:\\\/\\\/x.com\\\/edialog_br\",\"https:\\\/\\\/www.instagram.com\\\/edialog_br\",\"https:\\\/\\\/www.linkedin.com\\\/company\\\/e-dialog-comunica-o-digital\",\"https:\\\/\\\/www.youtube.com\\\/channel\\\/UCPiVQ_yVlcCqWS2sRzJZj7g\"]},{\"@type\":\"Person\",\"@id\":\"https:\\\/\\\/www.edialog.com.br\\\/#\\\/schema\\\/person\\\/7f509934e54fd30b9d2d02cf51b60966\",\"name\":\"Renan Caixeiro\",\"image\":{\"@type\":\"ImageObject\",\"inLanguage\":\"es\",\"@id\":\"https:\\\/\\\/www.edialog.com.br\\\/wp-content\\\/uploads\\\/2023\\\/11\\\/renan-caixeiro-150x150.jpg\",\"url\":\"https:\\\/\\\/www.edialog.com.br\\\/wp-content\\\/uploads\\\/2023\\\/11\\\/renan-caixeiro-150x150.jpg\",\"contentUrl\":\"https:\\\/\\\/www.edialog.com.br\\\/wp-content\\\/uploads\\\/2023\\\/11\\\/renan-caixeiro-150x150.jpg\",\"caption\":\"Renan Caixeiro\"},\"description\":\"S\u00f3cio Diretor na E-Dialog, \u00e9 graduado em Jornalismo e p\u00f3s-graduado em Comunica\u00e7\u00e3o Corporativa, ambos pela UFJF. Est\u00e1 \u00e0 frente do Reportei, SaaS de relat\u00f3rios e dashboards, \u00e9 host do Projeto SaaS, podcast que compartilha experi\u00eancias do universo de software as a service, e s\u00f3cio da Aquela Caixa, comunidade para profissionais de cria\u00e7\u00e3o. Torcedor do Vasco, tem como meta comprar o Gigante da Colina. LinkedIn: @renancaixeiro \\\/ Instagram: @renancaixeiro.\",\"sameAs\":[\"http:\\\/\\\/facebook.com\\\/renancaixeiro\",\"https:\\\/\\\/www.instagram.com\\\/renancaixeiro\\\/\",\"https:\\\/\\\/br.linkedin.com\\\/in\\\/renancaixeiro\\\/pt\",\"https:\\\/\\\/x.com\\\/renancaixeiro\"],\"url\":\"https:\\\/\\\/www.edialog.com.br\\\/es\\\/author\\\/renancaixeiro\\\/\"}]}<\/script>\n<!-- \/ Yoast SEO Premium plugin. -->","yoast_head_json":{"title":"Vaga Analista de M\u00eddia e Performance","description":"Saiba como funciona a vaga de pessoa analista de m\u00eddia e performance da ag\u00eancia E-Dialog. Inscreva-se!","robots":{"index":"index","follow":"follow","max-snippet":"max-snippet:-1","max-image-preview":"max-image-preview:large","max-video-preview":"max-video-preview:-1"},"canonical":"https:\/\/www.edialog.com.br\/es\/vaga-analista-de-midia-e-performance\/","og_locale":"es_ES","og_type":"article","og_title":"Vaga para Pessoa Analista de M\u00eddia e Performance","og_description":"Saiba como funciona a vaga de pessoa analista de m\u00eddia e performance da ag\u00eancia E-Dialog. Inscreva-se!","og_url":"https:\/\/www.edialog.com.br\/es\/vaga-analista-de-midia-e-performance\/","og_site_name":"Ag\u00eancia de Inbound Marketing | E-Dialog","article_publisher":"https:\/\/facebook.com\/edialogcomunicacao","article_author":"http:\/\/facebook.com\/renancaixeiro","article_published_time":"2026-04-07T13:30:00+00:00","article_modified_time":"2026-04-07T20:53:16+00:00","og_image":[{"width":1174,"height":652,"url":"https:\/\/www.edialog.com.br\/wp-content\/uploads\/2022\/10\/vaga-analista-de-midia-e-performance.png","type":"image\/png"}],"author":"Renan Caixeiro","twitter_misc":{"Escrito por":"Renan Caixeiro","Tiempo de lectura":"4 minutos"},"schema":{"@context":"https:\/\/schema.org","@graph":[{"@type":["Article","BlogPosting"],"@id":"https:\/\/www.edialog.com.br\/vaga-analista-de-midia-e-performance\/#article","isPartOf":{"@id":"https:\/\/www.edialog.com.br\/vaga-analista-de-midia-e-performance\/"},"author":{"name":"Renan Caixeiro","@id":"https:\/\/www.edialog.com.br\/#\/schema\/person\/7f509934e54fd30b9d2d02cf51b60966"},"headline":"Vaga para Pessoa Analista de M\u00eddia e Performance","datePublished":"2026-04-07T13:30:00+00:00","dateModified":"2026-04-07T20:53:16+00:00","mainEntityOfPage":{"@id":"https:\/\/www.edialog.com.br\/vaga-analista-de-midia-e-performance\/"},"wordCount":618,"commentCount":0,"publisher":{"@id":"https:\/\/www.edialog.com.br\/#organization"},"image":{"@id":"https:\/\/www.edialog.com.br\/vaga-analista-de-midia-e-performance\/#primaryimage"},"thumbnailUrl":"https:\/\/www.edialog.com.br\/wp-content\/uploads\/2022\/10\/vaga-analista-de-midia-e-performance.png","articleSection":["M\u00eddia Social"],"inLanguage":"es","potentialAction":[{"@type":"CommentAction","name":"Comment","target":["https:\/\/www.edialog.com.br\/vaga-analista-de-midia-e-performance\/#respond"]}]},{"@type":"WebPage","@id":"https:\/\/www.edialog.com.br\/vaga-analista-de-midia-e-performance\/","url":"https:\/\/www.edialog.com.br\/vaga-analista-de-midia-e-performance\/","name":"Vaga Analista de M\u00eddia e Performance","isPartOf":{"@id":"https:\/\/www.edialog.com.br\/#website"},"primaryImageOfPage":{"@id":"https:\/\/www.edialog.com.br\/vaga-analista-de-midia-e-performance\/#primaryimage"},"image":{"@id":"https:\/\/www.edialog.com.br\/vaga-analista-de-midia-e-performance\/#primaryimage"},"thumbnailUrl":"https:\/\/www.edialog.com.br\/wp-content\/uploads\/2022\/10\/vaga-analista-de-midia-e-performance.png","datePublished":"2026-04-07T13:30:00+00:00","dateModified":"2026-04-07T20:53:16+00:00","description":"Saiba como funciona a vaga de pessoa analista de m\u00eddia e performance da ag\u00eancia E-Dialog. Inscreva-se!","breadcrumb":{"@id":"https:\/\/www.edialog.com.br\/vaga-analista-de-midia-e-performance\/#breadcrumb"},"inLanguage":"es","potentialAction":[{"@type":"ReadAction","target":["https:\/\/www.edialog.com.br\/vaga-analista-de-midia-e-performance\/"]}]},{"@type":"ImageObject","inLanguage":"es","@id":"https:\/\/www.edialog.com.br\/vaga-analista-de-midia-e-performance\/#primaryimage","url":"https:\/\/www.edialog.com.br\/wp-content\/uploads\/2022\/10\/vaga-analista-de-midia-e-performance.png","contentUrl":"https:\/\/www.edialog.com.br\/wp-content\/uploads\/2022\/10\/vaga-analista-de-midia-e-performance.png","width":1174,"height":652},{"@type":"BreadcrumbList","@id":"https:\/\/www.edialog.com.br\/vaga-analista-de-midia-e-performance\/#breadcrumb","itemListElement":[{"@type":"ListItem","position":1,"name":"Home","item":"https:\/\/www.edialog.com.br\/"},{"@type":"ListItem","position":2,"name":"M\u00eddia Social","item":"https:\/\/www.edialog.com.br\/category\/midia-social\/"},{"@type":"ListItem","position":3,"name":"Vaga para Pessoa Analista de M\u00eddia e Performance"}]},{"@type":"WebSite","@id":"https:\/\/www.edialog.com.br\/#website","url":"https:\/\/www.edialog.com.br\/","name":"Agencia de marketing entrante | E-Dialog","description":"Ag\u00eancia de Inbound Marketing premiada com solu\u00e7\u00f5es completas para o seu neg\u00f3cio. Atraia leads, com conte\u00fados \u00fanicos e envolventes. Solicite or\u00e7amento!","publisher":{"@id":"https:\/\/www.edialog.com.br\/#organization"},"potentialAction":[{"@type":"SearchAction","target":{"@type":"EntryPoint","urlTemplate":"https:\/\/www.edialog.com.br\/?s={search_term_string}"},"query-input":{"@type":"PropertyValueSpecification","valueRequired":true,"valueName":"search_term_string"}}],"inLanguage":"es"},{"@type":"Organization","@id":"https:\/\/www.edialog.com.br\/#organization","name":"Ag\u00eancia de M\u00eddias Sociais e Marketing Digital | E-Dialog","url":"https:\/\/www.edialog.com.br\/","logo":{"@type":"ImageObject","inLanguage":"es","@id":"https:\/\/www.edialog.com.br\/#\/schema\/logo\/image\/","url":"https:\/\/www.edialog.com.br\/wp-content\/uploads\/2021\/09\/edialog-logo-case.png","contentUrl":"https:\/\/www.edialog.com.br\/wp-content\/uploads\/2021\/09\/edialog-logo-case.png","width":810,"height":450,"caption":"Ag\u00eancia de M\u00eddias Sociais e Marketing Digital | E-Dialog"},"image":{"@id":"https:\/\/www.edialog.com.br\/#\/schema\/logo\/image\/"},"sameAs":["https:\/\/facebook.com\/edialogcomunicacao","https:\/\/x.com\/edialog_br","https:\/\/www.instagram.com\/edialog_br","https:\/\/www.linkedin.com\/company\/e-dialog-comunica-o-digital","https:\/\/www.youtube.com\/channel\/UCPiVQ_yVlcCqWS2sRzJZj7g"]},{"@type":"Person","@id":"https:\/\/www.edialog.com.br\/#\/schema\/person\/7f509934e54fd30b9d2d02cf51b60966","name":"Renan Caixeiro","image":{"@type":"ImageObject","inLanguage":"es","@id":"https:\/\/www.edialog.com.br\/wp-content\/uploads\/2023\/11\/renan-caixeiro-150x150.jpg","url":"https:\/\/www.edialog.com.br\/wp-content\/uploads\/2023\/11\/renan-caixeiro-150x150.jpg","contentUrl":"https:\/\/www.edialog.com.br\/wp-content\/uploads\/2023\/11\/renan-caixeiro-150x150.jpg","caption":"Renan Caixeiro"},"description":"S\u00f3cio Diretor na E-Dialog, \u00e9 graduado em Jornalismo e p\u00f3s-graduado em Comunica\u00e7\u00e3o Corporativa, ambos pela UFJF. Est\u00e1 \u00e0 frente do Reportei, SaaS de relat\u00f3rios e dashboards, \u00e9 host do Projeto SaaS, podcast que compartilha experi\u00eancias do universo de software as a service, e s\u00f3cio da Aquela Caixa, comunidade para profissionais de cria\u00e7\u00e3o. Torcedor do Vasco, tem como meta comprar o Gigante da Colina. LinkedIn: @renancaixeiro \/ Instagram: @renancaixeiro.","sameAs":["http:\/\/facebook.com\/renancaixeiro","https:\/\/www.instagram.com\/renancaixeiro\/","https:\/\/br.linkedin.com\/in\/renancaixeiro\/pt","https:\/\/x.com\/renancaixeiro"],"url":"https:\/\/www.edialog.com.br\/es\/author\/renancaixeiro\/"}]}},"_links":{"self":[{"href":"https:\/\/www.edialog.com.br\/es\/wp-json\/wp\/v2\/posts\/218770","targetHints":{"allow":["GET"]}}],"collection":[{"href":"https:\/\/www.edialog.com.br\/es\/wp-json\/wp\/v2\/posts"}],"about":[{"href":"https:\/\/www.edialog.com.br\/es\/wp-json\/wp\/v2\/types\/post"}],"author":[{"embeddable":true,"href":"https:\/\/www.edialog.com.br\/es\/wp-json\/wp\/v2\/users\/1"}],"replies":[{"embeddable":true,"href":"https:\/\/www.edialog.com.br\/es\/wp-json\/wp\/v2\/comments?post=218770"}],"version-history":[{"count":5,"href":"https:\/\/www.edialog.com.br\/es\/wp-json\/wp\/v2\/posts\/218770\/revisions"}],"predecessor-version":[{"id":230766,"href":"https:\/\/www.edialog.com.br\/es\/wp-json\/wp\/v2\/posts\/218770\/revisions\/230766"}],"wp:featuredmedia":[{"embeddable":true,"href":"https:\/\/www.edialog.com.br\/es\/wp-json\/wp\/v2\/media\/218789"}],"wp:attachment":[{"href":"https:\/\/www.edialog.com.br\/es\/wp-json\/wp\/v2\/media?parent=218770"}],"wp:term":[{"taxonomy":"category","embeddable":true,"href":"https:\/\/www.edialog.com.br\/es\/wp-json\/wp\/v2\/categories?post=218770"},{"taxonomy":"post_tag","embeddable":true,"href":"https:\/\/www.edialog.com.br\/es\/wp-json\/wp\/v2\/tags?post=218770"}],"curies":[{"name":"wp","href":"https:\/\/api.w.org\/{rel}","templated":true}]}}