{"id":218676,"date":"2022-09-14T15:21:20","date_gmt":"2022-09-14T18:21:20","guid":{"rendered":"https:\/\/www.edialog.com.br\/?p=218676"},"modified":"2025-01-28T15:36:32","modified_gmt":"2025-01-28T18:36:32","slug":"case-pello-menos-aumento-de-trafego-organico-em-mais-de-500","status":"publish","type":"post","link":"https:\/\/www.edialog.com.br\/es\/case-pello-menos-aumento-de-trafego-organico-em-mais-de-500\/","title":{"rendered":"\u00bfC\u00f3mo garantiz\u00f3 la cadena de depilaci\u00f3n Pello Menos un aumento del tr\u00e1fico org\u00e1nico de m\u00e1s de 500% en plena crisis?"},"content":{"rendered":"<p><span style=\"font-weight: 400;\">Descubre en este art\u00edculo c\u00f3mo la cadena de depilaci\u00f3n Pello Menos garantiz\u00f3 un aumento del tr\u00e1fico org\u00e1nico de m\u00e1s de 500% en plena crisis y comprueba c\u00f3mo unas estrategias SEO eficaces pueden poner a tu marca por delante de la competencia.\u00a0<\/span><\/p>\n<p><span style=\"font-weight: 400;\">Siga leyendo (pero si prefiere una versi\u00f3n resumida,<a href=\"https:\/\/www.edialog.com.br\/es\/project\/case-pello-menos-500-de-crescimento-em-trafego-e-primeiro-lugar-no-google\/\" target=\"_blank\" rel=\"noopener\"> consulte este enlace<\/a>)<\/span><\/p>\n<h2><span style=\"font-weight: 400;\">\u00bfQui\u00e9n es Pello Menos?<\/span><\/h2>\n<p><span style=\"font-weight: 400;\">O <\/span><a href=\"https:\/\/pellomenos.com.br\/\"><span style=\"font-weight: 400;\">Instituto Pello Menos<\/span><\/a><span style=\"font-weight: 400;\"> es una franquicia de depilaci\u00f3n con m\u00e1s de 25 a\u00f1os en el mercado. Su primera unidad abri\u00f3 en 1996 en Copacabana, R\u00edo de Janeiro. Se lanz\u00f3 como franquicia en 2007.\u00a0<\/span><\/p>\n<p><span style=\"font-weight: 400;\">La empresa es pionera como instituto especializado en depilaci\u00f3n femenina, naci\u00f3 innovando y sigue haci\u00e9ndolo.\u00a0<\/span><\/p>\n<p><span style=\"font-weight: 400;\">La franquicia cuenta actualmente con m\u00e1s de 40 tiendas repartidas por los estados de R\u00edo de Janeiro, S\u00e3o Paulo y Brasilia. En 2021 obtuvo 4 estrellas en el anuario Guia de Franquias 2021\/2022, publicado por Pequenas Empresas &amp; Grandes Neg\u00f3cios, la clasificaci\u00f3n m\u00e1s alta entre los competidores del mismo segmento.\u00a0<\/span><\/p>\n<h2><span style=\"font-weight: 400;\">Historia de Pello Menos y E-Dialog<\/span><\/h2>\n<p><span style=\"font-weight: 400;\">En 2018, E-Dialog comenz\u00f3 a trabajar en el marketing digital de Pello Menos. La franquicia ya contaba con un departamento de Marketing, pero no se dedicaba en exclusiva al digital.\u00a0<\/span><\/p>\n<p><span style=\"font-weight: 400;\">El objetivo de trabajar con la agencia era crear campa\u00f1as para toda la red nacional de franquicias. Adem\u00e1s de expandirse, Pello Menos quer\u00eda ser un referente en contenidos de depilaci\u00f3n.\u00a0<\/span><\/p>\n<p><span style=\"font-weight: 400;\">As\u00ed, se crearon estrategias para aumentar el n\u00famero de clientes potenciales y personas interesadas en las franquicias, as\u00ed como nuevos contenidos sobre el segmento, a trav\u00e9s del blog y el sitio web.\u00a0<\/span><\/p>\n<p><span style=\"font-weight: 400;\">Eso fue el mismo a\u00f1o,<\/span><a href=\"https:\/\/www.edialog.com.br\/es\/project\/case-pello-menos-no1-no-ranking-google\/\"><span style=\"font-weight: 400;\"> mediante la gesti\u00f3n de t\u00e9cnicas SEO, la <\/span><b>primer puesto para la palabra clave \"depilaci\u00f3n\".<\/b><\/a><span style=\"font-weight: 400;\">que es precisamente el producto esencial de la franquicia.\u00a0<\/span><\/p>\n<p><span style=\"font-weight: 400;\">Durante la pandemia, la empresa se ha enfrentado a otro reto: mantener sus puertas abiertas y ofrecer seguridad a clientes y franquiciados. En medio de la crisis y la incertidumbre, el marketing digital resisti\u00f3.<\/span><\/p>\n<h2><span style=\"font-weight: 400;\">El reto: aumentar el tr\u00e1fico org\u00e1nico hacia la marca<\/span><\/h2>\n<p><span style=\"font-weight: 400;\">El uso de motores de b\u00fasqueda ya forma parte de la vida cotidiana de las personas. Sitios como Google se utilizan para encontrar informaci\u00f3n sobre empresas, precios y datos sobre productos y servicios.\u00a0<\/span><\/p>\n<p><span style=\"font-weight: 400;\">Este comportamiento forma parte del viaje de compra del consumidor y formar parte de \u00e9l es esencial para que el cliente conozca su marca.<\/span><\/p>\n<p><span style=\"font-weight: 400;\">Atraer usuarios sin tener que pagar nada es el sue\u00f1o de toda empresa. Pero, \u00bfc\u00f3mo aumentar el tr\u00e1fico org\u00e1nico a su sitio web en un momento en que la avalancha de informaci\u00f3n en Internet crece exponencialmente?\u00a0<\/span><\/p>\n<p><span style=\"font-weight: 400;\">Pello Menos decidi\u00f3 seguir invirtiendo en marketing y fue con contenido relevante y el uso de SEO que logr\u00f3 su mejor resultado en 2021.<\/span><\/p>\n<p><span style=\"font-weight: 400;\">El tr\u00e1fico org\u00e1nico ha aumentado gradualmente. Gracias a las mejoras y optimizaciones de SEO, el n\u00famero de visitantes crece cada mes.<\/span><\/p>\n<p><img fetchpriority=\"high\" decoding=\"async\" class=\"aligncenter size-large wp-image-218677\" src=\"https:\/\/www.edialog.com.br\/wp-content\/uploads\/2022\/09\/Case-Pello-Menos-01-1024x295.png\" alt=\"\" width=\"1024\" height=\"295\" srcset=\"https:\/\/www.edialog.com.br\/wp-content\/uploads\/2022\/09\/Case-Pello-Menos-01-1024x295.png 1024w, https:\/\/www.edialog.com.br\/wp-content\/uploads\/2022\/09\/Case-Pello-Menos-01-300x86.png 300w, https:\/\/www.edialog.com.br\/wp-content\/uploads\/2022\/09\/Case-Pello-Menos-01-768x221.png 768w, https:\/\/www.edialog.com.br\/wp-content\/uploads\/2022\/09\/Case-Pello-Menos-01-1536x442.png 1536w, https:\/\/www.edialog.com.br\/wp-content\/uploads\/2022\/09\/Case-Pello-Menos-01-2048x589.png 2048w, https:\/\/www.edialog.com.br\/wp-content\/uploads\/2022\/09\/Case-Pello-Menos-01-1080x311.png 1080w, https:\/\/www.edialog.com.br\/wp-content\/uploads\/2022\/09\/Case-Pello-Menos-01-1280x368.png 1280w, https:\/\/www.edialog.com.br\/wp-content\/uploads\/2022\/09\/Case-Pello-Menos-01-980x282.png 980w, https:\/\/www.edialog.com.br\/wp-content\/uploads\/2022\/09\/Case-Pello-Menos-01-480x138.png 480w, https:\/\/www.edialog.com.br\/wp-content\/uploads\/2022\/09\/Case-Pello-Menos-01-700x201.png 700w\" sizes=\"(max-width: 1024px) 100vw, 1024px\" \/><\/p>\n<p><span style=\"font-weight: 400;\">Para ello, era necesario centrarse en el objetivo principal: <\/span><b>C\u00e9ntrese en las palabras que describen su producto y consiga visibilidad para ellas. <\/b><span style=\"font-weight: 400;\">Como las franquicias operan en zonas m\u00e1s amplias, era necesario dominar el mercado.\u00a0<\/span><\/p>\n<p><span style=\"font-weight: 400;\">En el caso de Pello Menos, se trataba de ser un referente en sus servicios, sobre todo en depilaci\u00f3n.<\/span><\/p>\n<p><img decoding=\"async\" class=\"aligncenter size-large wp-image-218678\" src=\"https:\/\/www.edialog.com.br\/wp-content\/uploads\/2022\/09\/Case-Pello-Menos-02-356x1024.png\" alt=\"\" width=\"356\" height=\"1024\" srcset=\"https:\/\/www.edialog.com.br\/wp-content\/uploads\/2022\/09\/Case-Pello-Menos-02-356x1024.png 356w, https:\/\/www.edialog.com.br\/wp-content\/uploads\/2022\/09\/Case-Pello-Menos-02-104x300.png 104w, https:\/\/www.edialog.com.br\/wp-content\/uploads\/2022\/09\/Case-Pello-Menos-02-768x2208.png 768w, https:\/\/www.edialog.com.br\/wp-content\/uploads\/2022\/09\/Case-Pello-Menos-02-534x1536.png 534w, https:\/\/www.edialog.com.br\/wp-content\/uploads\/2022\/09\/Case-Pello-Menos-02-712x2048.png 712w, https:\/\/www.edialog.com.br\/wp-content\/uploads\/2022\/09\/Case-Pello-Menos-02-980x2818.png 980w, https:\/\/www.edialog.com.br\/wp-content\/uploads\/2022\/09\/Case-Pello-Menos-02-480x1380.png 480w, https:\/\/www.edialog.com.br\/wp-content\/uploads\/2022\/09\/Case-Pello-Menos-02-700x2013.png 700w, https:\/\/www.edialog.com.br\/wp-content\/uploads\/2022\/09\/Case-Pello-Menos-02.png 1052w\" sizes=\"(max-width: 356px) 100vw, 356px\" \/><\/p>\n<p><span style=\"font-weight: 400;\">La evoluci\u00f3n en las clasificaciones de palabras clave ha sido gradual. En los primeros meses de 2021 se alcanzaron las primeras posiciones en t\u00e9rminos importantes.<\/span><\/p>\n<p><img decoding=\"async\" class=\"aligncenter wp-image-218679 size-large\" src=\"https:\/\/www.edialog.com.br\/wp-content\/uploads\/2022\/09\/Case-Pello-Menos-03-997x1024.png\" alt=\"\" width=\"997\" height=\"1024\" srcset=\"https:\/\/www.edialog.com.br\/wp-content\/uploads\/2022\/09\/Case-Pello-Menos-03-997x1024.png 997w, https:\/\/www.edialog.com.br\/wp-content\/uploads\/2022\/09\/Case-Pello-Menos-03-292x300.png 292w, https:\/\/www.edialog.com.br\/wp-content\/uploads\/2022\/09\/Case-Pello-Menos-03-768x789.png 768w, https:\/\/www.edialog.com.br\/wp-content\/uploads\/2022\/09\/Case-Pello-Menos-03-1080x1109.png 1080w, https:\/\/www.edialog.com.br\/wp-content\/uploads\/2022\/09\/Case-Pello-Menos-03-1280x1315.png 1280w, https:\/\/www.edialog.com.br\/wp-content\/uploads\/2022\/09\/Case-Pello-Menos-03-980x1007.png 980w, https:\/\/www.edialog.com.br\/wp-content\/uploads\/2022\/09\/Case-Pello-Menos-03-480x493.png 480w, https:\/\/www.edialog.com.br\/wp-content\/uploads\/2022\/09\/Case-Pello-Menos-03-700x719.png 700w, https:\/\/www.edialog.com.br\/wp-content\/uploads\/2022\/09\/Case-Pello-Menos-03.png 1357w\" sizes=\"(max-width: 997px) 100vw, 997px\" \/><\/p>\n<p><span style=\"font-weight: 400;\">En comparaci\u00f3n con 2020, el sitio web de Pello Menos <\/span><b>creci\u00f3 339% en enero, 330% en febrero, 424% en marzo, 504% en abril y 398% en mayo de 2021.\u00a0<\/b><\/p>\n<p><img loading=\"lazy\" decoding=\"async\" class=\"aligncenter size-large wp-image-218680\" src=\"https:\/\/www.edialog.com.br\/wp-content\/uploads\/2022\/09\/Case-Pello-Menos-04-1024x266.png\" alt=\"\" width=\"1024\" height=\"266\" srcset=\"https:\/\/www.edialog.com.br\/wp-content\/uploads\/2022\/09\/Case-Pello-Menos-04-1024x266.png 1024w, https:\/\/www.edialog.com.br\/wp-content\/uploads\/2022\/09\/Case-Pello-Menos-04-300x78.png 300w, https:\/\/www.edialog.com.br\/wp-content\/uploads\/2022\/09\/Case-Pello-Menos-04-768x200.png 768w, https:\/\/www.edialog.com.br\/wp-content\/uploads\/2022\/09\/Case-Pello-Menos-04-1536x400.png 1536w, https:\/\/www.edialog.com.br\/wp-content\/uploads\/2022\/09\/Case-Pello-Menos-04-2048x533.png 2048w, https:\/\/www.edialog.com.br\/wp-content\/uploads\/2022\/09\/Case-Pello-Menos-04-1080x281.png 1080w, https:\/\/www.edialog.com.br\/wp-content\/uploads\/2022\/09\/Case-Pello-Menos-04-1280x333.png 1280w, https:\/\/www.edialog.com.br\/wp-content\/uploads\/2022\/09\/Case-Pello-Menos-04-980x255.png 980w, https:\/\/www.edialog.com.br\/wp-content\/uploads\/2022\/09\/Case-Pello-Menos-04-480x125.png 480w, https:\/\/www.edialog.com.br\/wp-content\/uploads\/2022\/09\/Case-Pello-Menos-04-700x182.png 700w\" sizes=\"(max-width: 1024px) 100vw, 1024px\" \/><\/p>\n<h2><span style=\"font-weight: 400;\">Blog: una historia de \u00e9xito para el tr\u00e1fico org\u00e1nico<\/span><\/h2>\n<p><span style=\"font-weight: 400;\">Un blog es mucho m\u00e1s que una herramienta de interacci\u00f3n. Adem\u00e1s de ayudar a la empresa a ganar autoridad en el mercado y aparecer en los primeros puestos de los motores de b\u00fasqueda, tener un blog coherente ayuda a generar ventas.<\/span><\/p>\n<p><span style=\"font-weight: 400;\">Gracias a la publicaci\u00f3n de contenidos en su blog, Pello Menos tiene m\u00e1s p\u00e1ginas indexadas en Google en comparaci\u00f3n con un sitio web ordinario y hoy en d\u00eda las p\u00e1ginas a las que m\u00e1s se accede org\u00e1nicamente son contenidos que refuerzan los servicios de la cadena de depilaci\u00f3n, lo que incentiva la demanda y sit\u00faa a la franquicia como referente en la materia.\u00a0<\/span><\/p>\n<p><img loading=\"lazy\" decoding=\"async\" class=\"aligncenter size-large wp-image-218681\" src=\"https:\/\/www.edialog.com.br\/wp-content\/uploads\/2022\/09\/Case-Pello-Menos-05-650x1024.png\" alt=\"\" width=\"650\" height=\"1024\" srcset=\"https:\/\/www.edialog.com.br\/wp-content\/uploads\/2022\/09\/Case-Pello-Menos-05-650x1024.png 650w, https:\/\/www.edialog.com.br\/wp-content\/uploads\/2022\/09\/Case-Pello-Menos-05-191x300.png 191w, https:\/\/www.edialog.com.br\/wp-content\/uploads\/2022\/09\/Case-Pello-Menos-05-768x1209.png 768w, https:\/\/www.edialog.com.br\/wp-content\/uploads\/2022\/09\/Case-Pello-Menos-05-975x1536.png 975w, https:\/\/www.edialog.com.br\/wp-content\/uploads\/2022\/09\/Case-Pello-Menos-05-1080x1701.png 1080w, https:\/\/www.edialog.com.br\/wp-content\/uploads\/2022\/09\/Case-Pello-Menos-05-980x1543.png 980w, https:\/\/www.edialog.com.br\/wp-content\/uploads\/2022\/09\/Case-Pello-Menos-05-480x756.png 480w, https:\/\/www.edialog.com.br\/wp-content\/uploads\/2022\/09\/Case-Pello-Menos-05-700x1102.png 700w, https:\/\/www.edialog.com.br\/wp-content\/uploads\/2022\/09\/Case-Pello-Menos-05.png 1159w\" sizes=\"(max-width: 650px) 100vw, 650px\" \/><\/p>\n<p><span style=\"font-weight: 400;\">Adem\u00e1s del crecimiento org\u00e1nico del sitio, el blog Pello Menos ten\u00eda que crecer como objetivo<\/span><b> 5% en accesos cada mes durante 2021<\/b><span style=\"font-weight: 400;\">.\u00a0<\/span><\/p>\n<p><span style=\"font-weight: 400;\">Durante los 8 primeros meses del a\u00f1o se super\u00f3 el objetivo. En agosto <\/span><b>88.155 visitas org\u00e1nicas al blog<\/b><span style=\"font-weight: 400;\">un crecimiento de <\/span><b>5,7%.<\/b><\/p>\n<h2><span style=\"font-weight: 400;\">2022 y el reto: \u00bfC\u00f3mo mantener el crecimiento del tr\u00e1fico org\u00e1nico con tanta competencia?<\/span><\/h2>\n<p><span style=\"font-weight: 400;\">Cuando los art\u00edculos de Pello Menos empezaron a crecer, la franquicia se convirti\u00f3 en un referente en el tema de la depilaci\u00f3n, pero \u00bfc\u00f3mo enfrentarse a un mercado tan competitivo y de alto coste como la depilaci\u00f3n l\u00e1ser? Un servicio relativamente nuevo que atrae la curiosidad de los usuarios, pero que al mismo tiempo genera tanto contenido.<\/span><\/p>\n<p><span style=\"font-weight: 400;\">Lo cierto es que, incluso con una avalancha de contenidos similares en Internet, el crecimiento del contenido org\u00e1nico ha ayudado a construir la relaci\u00f3n de la marca con los usuarios.\u00a0<\/span><\/p>\n<p><span style=\"font-weight: 400;\">Las visitas por relevancia muestran un buen posicionamiento en Google y al invertir en producci\u00f3n de contenidos y SEO, Pello Menos apuesta no s\u00f3lo por resultados inmediatos, sino a largo plazo.\u00a0<\/span><\/p>\n<p><span style=\"font-weight: 400;\">Al fin y al cabo, las estrategias org\u00e1nicas y los contenidos actualizados y optimizados pueden dar resultados hoy y dentro de 10 a\u00f1os.\u00a0<\/span><\/p>\n<p><span style=\"font-weight: 400;\">Durante los \u00faltimos meses de 2021 y los primeros de 2022, el contenido pas\u00f3 a centrarse en la optimizaci\u00f3n y producci\u00f3n de art\u00edculos para los servicios de <\/span><i><span style=\"font-weight: 400;\">l\u00e1ser<\/span><\/i><span style=\"font-weight: 400;\">.\u00a0<\/span><\/p>\n<p><span style=\"font-weight: 400;\">Como resultado, Pello Menos est\u00e1 creciendo gradualmente en t\u00e9rminos de una mayor competencia por sus servicios.<\/span><\/p>\n<p><span style=\"font-weight: 400;\">Competir org\u00e1nicamente en t\u00e9rminos de l\u00e1ser es el reto de la franquicia, que en 2022 logr\u00f3 su mejor resultado en t\u00e9rminos de visitas org\u00e1nicas al blog.\u00a0<\/span><\/p>\n<p><span style=\"font-weight: 400;\">Eran <\/span><b>98.875 usuarios org\u00e1nicos<\/b><span style=\"font-weight: 400;\"> en el sitio en marzo, de estos\u00a0 <\/span><b>92.234 visitas \u00fanicas directamente en el blog.<\/b><\/p>\n<p><span style=\"font-weight: 400;\">El tr\u00e1fico org\u00e1nico correspondi\u00f3 a <\/span><b>92%<\/b><span style=\"font-weight: 400;\"> de todo el tr\u00e1fico web en el primer trimestre de 2022. Adem\u00e1s del crecimiento de m\u00e1s de <\/span><b>20% en usuarios<\/b><span style=\"font-weight: 400;\">nuevos usuarios y sesiones, en comparaci\u00f3n con el mismo periodo de 2021.<\/span><\/p>\n<p><img loading=\"lazy\" decoding=\"async\" class=\"aligncenter size-large wp-image-218682\" src=\"https:\/\/www.edialog.com.br\/wp-content\/uploads\/2022\/09\/Case-Pello-Menos-06-1024x266.png\" alt=\"\" width=\"1024\" height=\"266\" srcset=\"https:\/\/www.edialog.com.br\/wp-content\/uploads\/2022\/09\/Case-Pello-Menos-06-1024x266.png 1024w, https:\/\/www.edialog.com.br\/wp-content\/uploads\/2022\/09\/Case-Pello-Menos-06-300x78.png 300w, https:\/\/www.edialog.com.br\/wp-content\/uploads\/2022\/09\/Case-Pello-Menos-06-768x200.png 768w, https:\/\/www.edialog.com.br\/wp-content\/uploads\/2022\/09\/Case-Pello-Menos-06-1536x400.png 1536w, https:\/\/www.edialog.com.br\/wp-content\/uploads\/2022\/09\/Case-Pello-Menos-06-2048x533.png 2048w, https:\/\/www.edialog.com.br\/wp-content\/uploads\/2022\/09\/Case-Pello-Menos-06-1080x281.png 1080w, https:\/\/www.edialog.com.br\/wp-content\/uploads\/2022\/09\/Case-Pello-Menos-06-1280x333.png 1280w, https:\/\/www.edialog.com.br\/wp-content\/uploads\/2022\/09\/Case-Pello-Menos-06-980x255.png 980w, https:\/\/www.edialog.com.br\/wp-content\/uploads\/2022\/09\/Case-Pello-Menos-06-480x125.png 480w, https:\/\/www.edialog.com.br\/wp-content\/uploads\/2022\/09\/Case-Pello-Menos-06-700x182.png 700w\" sizes=\"(max-width: 1024px) 100vw, 1024px\" \/><\/p>\n<p><img loading=\"lazy\" decoding=\"async\" class=\"aligncenter size-large wp-image-218683\" src=\"https:\/\/www.edialog.com.br\/wp-content\/uploads\/2022\/09\/Case-Pello-Menos-07-1024x313.png\" alt=\"\" width=\"1024\" height=\"313\" srcset=\"https:\/\/www.edialog.com.br\/wp-content\/uploads\/2022\/09\/Case-Pello-Menos-07-1024x313.png 1024w, https:\/\/www.edialog.com.br\/wp-content\/uploads\/2022\/09\/Case-Pello-Menos-07-300x92.png 300w, https:\/\/www.edialog.com.br\/wp-content\/uploads\/2022\/09\/Case-Pello-Menos-07-768x234.png 768w, https:\/\/www.edialog.com.br\/wp-content\/uploads\/2022\/09\/Case-Pello-Menos-07-1536x469.png 1536w, https:\/\/www.edialog.com.br\/wp-content\/uploads\/2022\/09\/Case-Pello-Menos-07-1080x330.png 1080w, https:\/\/www.edialog.com.br\/wp-content\/uploads\/2022\/09\/Case-Pello-Menos-07-1280x391.png 1280w, https:\/\/www.edialog.com.br\/wp-content\/uploads\/2022\/09\/Case-Pello-Menos-07-980x299.png 980w, https:\/\/www.edialog.com.br\/wp-content\/uploads\/2022\/09\/Case-Pello-Menos-07-480x147.png 480w, https:\/\/www.edialog.com.br\/wp-content\/uploads\/2022\/09\/Case-Pello-Menos-07-700x214.png 700w, https:\/\/www.edialog.com.br\/wp-content\/uploads\/2022\/09\/Case-Pello-Menos-07.png 1700w\" sizes=\"(max-width: 1024px) 100vw, 1024px\" \/><\/p>\n<p>Consulta el testimonio de Deise de Pello Menos aqu\u00ed:<\/p>\n<p><iframe title=\"Testimonio | Deise - Pello Menos\" width=\"800\" height=\"450\" src=\"https:\/\/www.youtube.com\/embed\/MbAftOx_fZY?feature=oembed\" frameborder=\"0\" allow=\"accelerometer; autoplay; clipboard-write; encrypted-media; gyroscope; picture-in-picture; web-share\" referrerpolicy=\"strict-origin-when-cross-origin\" allowfullscreen><\/iframe><\/p>\n<h2><\/h2>\n<h2><span style=\"font-weight: 400;\">Aumentar el tr\u00e1fico org\u00e1nico con estrategias inbound<\/span><\/h2>\n<p><span style=\"font-weight: 400;\">\u00bfQuiere aumentar el tr\u00e1fico org\u00e1nico a su sitio web y garantizar una mayor <a href=\"https:\/\/www.edialog.com.br\/es\/como-generar-clientes-potenciales\/\">generaci\u00f3n de contactos y oportunidades<\/a> \u00bfsin tener que invertir en publicidad? Tienes que estructurar bien tus campa\u00f1as de SEO y blog.\u00a0<\/span><\/p>\n<p><span style=\"font-weight: 400;\">E-Dialog tiene m\u00e1s de 12 a\u00f1os de experiencia en el mercado digital y cuenta con varios casos como el de Pello Menos. Hable hoy mismo con nuestro equipo de servicio y descubra c\u00f3mo nuestros expertos pueden impulsar la presencia digital de su empresa. <\/span><\/p>","protected":false},"excerpt":{"rendered":"<p>Descubra neste artigo como a rede de depila\u00e7\u00e3o Pello Menos garantiu um aumento de tr\u00e1fego org\u00e2nico em mais de 500% em meio \u00e0 crise e veja como estrat\u00e9gias eficientes de SEO podem botar sua marca \u00e0 frente da concorr\u00eancia.\u00a0 \u00c9 s\u00f3 continuar lendo (mas, caso prefira uma vers\u00e3o resumida, confira este link) Quem \u00e9 o [&hellip;]<\/p>\n","protected":false},"author":1,"featured_media":211667,"comment_status":"open","ping_status":"closed","sticky":false,"template":"","format":"standard","meta":{"_acf_changed":false,"content-type":"","footnotes":""},"categories":[54],"tags":[],"class_list":["post-218676","post","type-post","status-publish","format-standard","has-post-thumbnail","hentry","category-casos-de-sucesso"],"acf":[],"yoast_head":"<!-- This site is optimized with the Yoast SEO Premium plugin v27.5 (Yoast SEO v27.5) - https:\/\/yoast.com\/product\/yoast-seo-premium-wordpress\/ -->\n<title>Case Pello Menos: aumento org\u00e2nico em + de 500%<\/title>\n<meta name=\"description\" content=\"Neste blog, contamos como conseguimos garantir o aumento de tr\u00e1fego org\u00e2nico do Pello Menos atrav\u00e9s de estrat\u00e9gias de SEO.\" \/>\n<meta name=\"robots\" content=\"index, follow, max-snippet:-1, max-image-preview:large, max-video-preview:-1\" \/>\n<link rel=\"canonical\" href=\"https:\/\/www.edialog.com.br\/es\/case-pello-menos-aumento-de-trafego-organico-em-mais-de-500\/\" \/>\n<meta property=\"og:locale\" content=\"es_ES\" \/>\n<meta property=\"og:type\" content=\"article\" \/>\n<meta property=\"og:title\" content=\"Como a rede de depila\u00e7\u00e3o Pello Menos garantiu aumento de tr\u00e1fego org\u00e2nico em mais de 500% em meio \u00e0 crise?\" \/>\n<meta property=\"og:description\" content=\"Neste blog, contamos como conseguimos garantir o aumento de tr\u00e1fego org\u00e2nico do Pello Menos atrav\u00e9s de estrat\u00e9gias de SEO.\" \/>\n<meta property=\"og:url\" content=\"https:\/\/www.edialog.com.br\/es\/case-pello-menos-aumento-de-trafego-organico-em-mais-de-500\/\" \/>\n<meta property=\"og:site_name\" content=\"Ag\u00eancia de Inbound Marketing | E-Dialog\" \/>\n<meta property=\"article:publisher\" content=\"https:\/\/facebook.com\/edialogcomunicacao\" \/>\n<meta property=\"article:author\" content=\"http:\/\/facebook.com\/renancaixeiro\" \/>\n<meta property=\"article:published_time\" content=\"2022-09-14T18:21:20+00:00\" \/>\n<meta property=\"article:modified_time\" content=\"2025-01-28T18:36:32+00:00\" \/>\n<meta property=\"og:image\" content=\"https:\/\/www.edialog.com.br\/wp-content\/uploads\/2020\/06\/gestao-de-redes-sociais-cliente-3-pello-menos.png\" \/>\n\t<meta property=\"og:image:width\" content=\"559\" \/>\n\t<meta property=\"og:image:height\" content=\"397\" \/>\n\t<meta property=\"og:image:type\" content=\"image\/png\" \/>\n<meta name=\"author\" content=\"Renan Caixeiro\" \/>\n<meta name=\"twitter:label1\" content=\"Escrito por\" \/>\n\t<meta name=\"twitter:data1\" content=\"Renan Caixeiro\" \/>\n\t<meta name=\"twitter:label2\" content=\"Tiempo de lectura\" \/>\n\t<meta name=\"twitter:data2\" content=\"8 minutos\" \/>\n<script type=\"application\/ld+json\" class=\"yoast-schema-graph\">{\"@context\":\"https:\\\/\\\/schema.org\",\"@graph\":[{\"@type\":[\"Article\",\"BlogPosting\"],\"@id\":\"https:\\\/\\\/www.edialog.com.br\\\/case-pello-menos-aumento-de-trafego-organico-em-mais-de-500\\\/#article\",\"isPartOf\":{\"@id\":\"https:\\\/\\\/www.edialog.com.br\\\/case-pello-menos-aumento-de-trafego-organico-em-mais-de-500\\\/\"},\"author\":{\"name\":\"Renan Caixeiro\",\"@id\":\"https:\\\/\\\/www.edialog.com.br\\\/#\\\/schema\\\/person\\\/7f509934e54fd30b9d2d02cf51b60966\"},\"headline\":\"Como a rede de depila\u00e7\u00e3o Pello Menos garantiu aumento de tr\u00e1fego org\u00e2nico em mais de 500% em meio \u00e0 crise?\",\"datePublished\":\"2022-09-14T18:21:20+00:00\",\"dateModified\":\"2025-01-28T18:36:32+00:00\",\"mainEntityOfPage\":{\"@id\":\"https:\\\/\\\/www.edialog.com.br\\\/case-pello-menos-aumento-de-trafego-organico-em-mais-de-500\\\/\"},\"wordCount\":1173,\"commentCount\":0,\"publisher\":{\"@id\":\"https:\\\/\\\/www.edialog.com.br\\\/#organization\"},\"image\":{\"@id\":\"https:\\\/\\\/www.edialog.com.br\\\/case-pello-menos-aumento-de-trafego-organico-em-mais-de-500\\\/#primaryimage\"},\"thumbnailUrl\":\"https:\\\/\\\/www.edialog.com.br\\\/wp-content\\\/uploads\\\/2020\\\/06\\\/gestao-de-redes-sociais-cliente-3-pello-menos.png\",\"articleSection\":[\"Casos de sucesso\"],\"inLanguage\":\"es\",\"potentialAction\":[{\"@type\":\"CommentAction\",\"name\":\"Comment\",\"target\":[\"https:\\\/\\\/www.edialog.com.br\\\/case-pello-menos-aumento-de-trafego-organico-em-mais-de-500\\\/#respond\"]}]},{\"@type\":\"WebPage\",\"@id\":\"https:\\\/\\\/www.edialog.com.br\\\/case-pello-menos-aumento-de-trafego-organico-em-mais-de-500\\\/\",\"url\":\"https:\\\/\\\/www.edialog.com.br\\\/case-pello-menos-aumento-de-trafego-organico-em-mais-de-500\\\/\",\"name\":\"Case Pello Menos: aumento org\u00e2nico em + de 500%\",\"isPartOf\":{\"@id\":\"https:\\\/\\\/www.edialog.com.br\\\/#website\"},\"primaryImageOfPage\":{\"@id\":\"https:\\\/\\\/www.edialog.com.br\\\/case-pello-menos-aumento-de-trafego-organico-em-mais-de-500\\\/#primaryimage\"},\"image\":{\"@id\":\"https:\\\/\\\/www.edialog.com.br\\\/case-pello-menos-aumento-de-trafego-organico-em-mais-de-500\\\/#primaryimage\"},\"thumbnailUrl\":\"https:\\\/\\\/www.edialog.com.br\\\/wp-content\\\/uploads\\\/2020\\\/06\\\/gestao-de-redes-sociais-cliente-3-pello-menos.png\",\"datePublished\":\"2022-09-14T18:21:20+00:00\",\"dateModified\":\"2025-01-28T18:36:32+00:00\",\"description\":\"Neste blog, contamos como conseguimos garantir o aumento de tr\u00e1fego org\u00e2nico do Pello Menos atrav\u00e9s de estrat\u00e9gias de SEO.\",\"breadcrumb\":{\"@id\":\"https:\\\/\\\/www.edialog.com.br\\\/case-pello-menos-aumento-de-trafego-organico-em-mais-de-500\\\/#breadcrumb\"},\"inLanguage\":\"es\",\"potentialAction\":[{\"@type\":\"ReadAction\",\"target\":[\"https:\\\/\\\/www.edialog.com.br\\\/case-pello-menos-aumento-de-trafego-organico-em-mais-de-500\\\/\"]}]},{\"@type\":\"ImageObject\",\"inLanguage\":\"es\",\"@id\":\"https:\\\/\\\/www.edialog.com.br\\\/case-pello-menos-aumento-de-trafego-organico-em-mais-de-500\\\/#primaryimage\",\"url\":\"https:\\\/\\\/www.edialog.com.br\\\/wp-content\\\/uploads\\\/2020\\\/06\\\/gestao-de-redes-sociais-cliente-3-pello-menos.png\",\"contentUrl\":\"https:\\\/\\\/www.edialog.com.br\\\/wp-content\\\/uploads\\\/2020\\\/06\\\/gestao-de-redes-sociais-cliente-3-pello-menos.png\",\"width\":559,\"height\":397,\"caption\":\"Gest\u00e3o de redes sociais - Cliente Pello Menos\"},{\"@type\":\"BreadcrumbList\",\"@id\":\"https:\\\/\\\/www.edialog.com.br\\\/case-pello-menos-aumento-de-trafego-organico-em-mais-de-500\\\/#breadcrumb\",\"itemListElement\":[{\"@type\":\"ListItem\",\"position\":1,\"name\":\"Home\",\"item\":\"https:\\\/\\\/www.edialog.com.br\\\/\"},{\"@type\":\"ListItem\",\"position\":2,\"name\":\"Casos de sucesso\",\"item\":\"https:\\\/\\\/www.edialog.com.br\\\/category\\\/casos-de-sucesso\\\/\"},{\"@type\":\"ListItem\",\"position\":3,\"name\":\"Como a rede de depila\u00e7\u00e3o Pello Menos garantiu aumento de tr\u00e1fego org\u00e2nico em mais de 500% em meio \u00e0 crise?\"}]},{\"@type\":\"WebSite\",\"@id\":\"https:\\\/\\\/www.edialog.com.br\\\/#website\",\"url\":\"https:\\\/\\\/www.edialog.com.br\\\/\",\"name\":\"Ag\u00eancia de Inbound Marketing | E-Dialog\",\"description\":\"Ag\u00eancia de Inbound Marketing premiada com solu\u00e7\u00f5es completas para o seu neg\u00f3cio. Atraia leads, com conte\u00fados \u00fanicos e envolventes. Solicite or\u00e7amento!\",\"publisher\":{\"@id\":\"https:\\\/\\\/www.edialog.com.br\\\/#organization\"},\"potentialAction\":[{\"@type\":\"SearchAction\",\"target\":{\"@type\":\"EntryPoint\",\"urlTemplate\":\"https:\\\/\\\/www.edialog.com.br\\\/?s={search_term_string}\"},\"query-input\":{\"@type\":\"PropertyValueSpecification\",\"valueRequired\":true,\"valueName\":\"search_term_string\"}}],\"inLanguage\":\"es\"},{\"@type\":\"Organization\",\"@id\":\"https:\\\/\\\/www.edialog.com.br\\\/#organization\",\"name\":\"Ag\u00eancia de M\u00eddias Sociais e Marketing Digital | E-Dialog\",\"url\":\"https:\\\/\\\/www.edialog.com.br\\\/\",\"logo\":{\"@type\":\"ImageObject\",\"inLanguage\":\"es\",\"@id\":\"https:\\\/\\\/www.edialog.com.br\\\/#\\\/schema\\\/logo\\\/image\\\/\",\"url\":\"https:\\\/\\\/www.edialog.com.br\\\/wp-content\\\/uploads\\\/2021\\\/09\\\/edialog-logo-case.png\",\"contentUrl\":\"https:\\\/\\\/www.edialog.com.br\\\/wp-content\\\/uploads\\\/2021\\\/09\\\/edialog-logo-case.png\",\"width\":810,\"height\":450,\"caption\":\"Ag\u00eancia de M\u00eddias Sociais e Marketing Digital | E-Dialog\"},\"image\":{\"@id\":\"https:\\\/\\\/www.edialog.com.br\\\/#\\\/schema\\\/logo\\\/image\\\/\"},\"sameAs\":[\"https:\\\/\\\/facebook.com\\\/edialogcomunicacao\",\"https:\\\/\\\/x.com\\\/edialog_br\",\"https:\\\/\\\/www.instagram.com\\\/edialog_br\",\"https:\\\/\\\/www.linkedin.com\\\/company\\\/e-dialog-comunica-o-digital\",\"https:\\\/\\\/www.youtube.com\\\/channel\\\/UCPiVQ_yVlcCqWS2sRzJZj7g\"]},{\"@type\":\"Person\",\"@id\":\"https:\\\/\\\/www.edialog.com.br\\\/#\\\/schema\\\/person\\\/7f509934e54fd30b9d2d02cf51b60966\",\"name\":\"Renan Caixeiro\",\"image\":{\"@type\":\"ImageObject\",\"inLanguage\":\"es\",\"@id\":\"https:\\\/\\\/www.edialog.com.br\\\/wp-content\\\/uploads\\\/2023\\\/11\\\/renan-caixeiro-150x150.jpg\",\"url\":\"https:\\\/\\\/www.edialog.com.br\\\/wp-content\\\/uploads\\\/2023\\\/11\\\/renan-caixeiro-150x150.jpg\",\"contentUrl\":\"https:\\\/\\\/www.edialog.com.br\\\/wp-content\\\/uploads\\\/2023\\\/11\\\/renan-caixeiro-150x150.jpg\",\"caption\":\"Renan Caixeiro\"},\"description\":\"S\u00f3cio Diretor na E-Dialog, \u00e9 graduado em Jornalismo e p\u00f3s-graduado em Comunica\u00e7\u00e3o Corporativa, ambos pela UFJF. Est\u00e1 \u00e0 frente do Reportei, SaaS de relat\u00f3rios e dashboards, \u00e9 host do Projeto SaaS, podcast que compartilha experi\u00eancias do universo de software as a service, e s\u00f3cio da Aquela Caixa, comunidade para profissionais de cria\u00e7\u00e3o. Torcedor do Vasco, tem como meta comprar o Gigante da Colina. LinkedIn: @renancaixeiro \\\/ Instagram: @renancaixeiro.\",\"sameAs\":[\"http:\\\/\\\/facebook.com\\\/renancaixeiro\",\"https:\\\/\\\/www.instagram.com\\\/renancaixeiro\\\/\",\"https:\\\/\\\/br.linkedin.com\\\/in\\\/renancaixeiro\\\/pt\",\"https:\\\/\\\/x.com\\\/renancaixeiro\"],\"url\":\"https:\\\/\\\/www.edialog.com.br\\\/es\\\/author\\\/renancaixeiro\\\/\"}]}<\/script>\n<!-- \/ Yoast SEO Premium plugin. -->","yoast_head_json":{"title":"Case Pello Menos: aumento org\u00e2nico em + de 500%","description":"Neste blog, contamos como conseguimos garantir o aumento de tr\u00e1fego org\u00e2nico do Pello Menos atrav\u00e9s de estrat\u00e9gias de SEO.","robots":{"index":"index","follow":"follow","max-snippet":"max-snippet:-1","max-image-preview":"max-image-preview:large","max-video-preview":"max-video-preview:-1"},"canonical":"https:\/\/www.edialog.com.br\/es\/case-pello-menos-aumento-de-trafego-organico-em-mais-de-500\/","og_locale":"es_ES","og_type":"article","og_title":"Como a rede de depila\u00e7\u00e3o Pello Menos garantiu aumento de tr\u00e1fego org\u00e2nico em mais de 500% em meio \u00e0 crise?","og_description":"Neste blog, contamos como conseguimos garantir o aumento de tr\u00e1fego org\u00e2nico do Pello Menos atrav\u00e9s de estrat\u00e9gias de SEO.","og_url":"https:\/\/www.edialog.com.br\/es\/case-pello-menos-aumento-de-trafego-organico-em-mais-de-500\/","og_site_name":"Ag\u00eancia de Inbound Marketing | E-Dialog","article_publisher":"https:\/\/facebook.com\/edialogcomunicacao","article_author":"http:\/\/facebook.com\/renancaixeiro","article_published_time":"2022-09-14T18:21:20+00:00","article_modified_time":"2025-01-28T18:36:32+00:00","og_image":[{"width":559,"height":397,"url":"https:\/\/www.edialog.com.br\/wp-content\/uploads\/2020\/06\/gestao-de-redes-sociais-cliente-3-pello-menos.png","type":"image\/png"}],"author":"Renan Caixeiro","twitter_misc":{"Escrito por":"Renan Caixeiro","Tiempo de lectura":"8 minutos"},"schema":{"@context":"https:\/\/schema.org","@graph":[{"@type":["Article","BlogPosting"],"@id":"https:\/\/www.edialog.com.br\/case-pello-menos-aumento-de-trafego-organico-em-mais-de-500\/#article","isPartOf":{"@id":"https:\/\/www.edialog.com.br\/case-pello-menos-aumento-de-trafego-organico-em-mais-de-500\/"},"author":{"name":"Renan Caixeiro","@id":"https:\/\/www.edialog.com.br\/#\/schema\/person\/7f509934e54fd30b9d2d02cf51b60966"},"headline":"Como a rede de depila\u00e7\u00e3o Pello Menos garantiu aumento de tr\u00e1fego org\u00e2nico em mais de 500% em meio \u00e0 crise?","datePublished":"2022-09-14T18:21:20+00:00","dateModified":"2025-01-28T18:36:32+00:00","mainEntityOfPage":{"@id":"https:\/\/www.edialog.com.br\/case-pello-menos-aumento-de-trafego-organico-em-mais-de-500\/"},"wordCount":1173,"commentCount":0,"publisher":{"@id":"https:\/\/www.edialog.com.br\/#organization"},"image":{"@id":"https:\/\/www.edialog.com.br\/case-pello-menos-aumento-de-trafego-organico-em-mais-de-500\/#primaryimage"},"thumbnailUrl":"https:\/\/www.edialog.com.br\/wp-content\/uploads\/2020\/06\/gestao-de-redes-sociais-cliente-3-pello-menos.png","articleSection":["Casos de sucesso"],"inLanguage":"es","potentialAction":[{"@type":"CommentAction","name":"Comment","target":["https:\/\/www.edialog.com.br\/case-pello-menos-aumento-de-trafego-organico-em-mais-de-500\/#respond"]}]},{"@type":"WebPage","@id":"https:\/\/www.edialog.com.br\/case-pello-menos-aumento-de-trafego-organico-em-mais-de-500\/","url":"https:\/\/www.edialog.com.br\/case-pello-menos-aumento-de-trafego-organico-em-mais-de-500\/","name":"Case Pello Menos: aumento org\u00e2nico em + de 500%","isPartOf":{"@id":"https:\/\/www.edialog.com.br\/#website"},"primaryImageOfPage":{"@id":"https:\/\/www.edialog.com.br\/case-pello-menos-aumento-de-trafego-organico-em-mais-de-500\/#primaryimage"},"image":{"@id":"https:\/\/www.edialog.com.br\/case-pello-menos-aumento-de-trafego-organico-em-mais-de-500\/#primaryimage"},"thumbnailUrl":"https:\/\/www.edialog.com.br\/wp-content\/uploads\/2020\/06\/gestao-de-redes-sociais-cliente-3-pello-menos.png","datePublished":"2022-09-14T18:21:20+00:00","dateModified":"2025-01-28T18:36:32+00:00","description":"Neste blog, contamos como conseguimos garantir o aumento de tr\u00e1fego org\u00e2nico do Pello Menos atrav\u00e9s de estrat\u00e9gias de SEO.","breadcrumb":{"@id":"https:\/\/www.edialog.com.br\/case-pello-menos-aumento-de-trafego-organico-em-mais-de-500\/#breadcrumb"},"inLanguage":"es","potentialAction":[{"@type":"ReadAction","target":["https:\/\/www.edialog.com.br\/case-pello-menos-aumento-de-trafego-organico-em-mais-de-500\/"]}]},{"@type":"ImageObject","inLanguage":"es","@id":"https:\/\/www.edialog.com.br\/case-pello-menos-aumento-de-trafego-organico-em-mais-de-500\/#primaryimage","url":"https:\/\/www.edialog.com.br\/wp-content\/uploads\/2020\/06\/gestao-de-redes-sociais-cliente-3-pello-menos.png","contentUrl":"https:\/\/www.edialog.com.br\/wp-content\/uploads\/2020\/06\/gestao-de-redes-sociais-cliente-3-pello-menos.png","width":559,"height":397,"caption":"Gest\u00e3o de redes sociais - Cliente Pello Menos"},{"@type":"BreadcrumbList","@id":"https:\/\/www.edialog.com.br\/case-pello-menos-aumento-de-trafego-organico-em-mais-de-500\/#breadcrumb","itemListElement":[{"@type":"ListItem","position":1,"name":"Home","item":"https:\/\/www.edialog.com.br\/"},{"@type":"ListItem","position":2,"name":"Casos de sucesso","item":"https:\/\/www.edialog.com.br\/category\/casos-de-sucesso\/"},{"@type":"ListItem","position":3,"name":"Como a rede de depila\u00e7\u00e3o Pello Menos garantiu aumento de tr\u00e1fego org\u00e2nico em mais de 500% em meio \u00e0 crise?"}]},{"@type":"WebSite","@id":"https:\/\/www.edialog.com.br\/#website","url":"https:\/\/www.edialog.com.br\/","name":"Agencia de marketing entrante | E-Dialog","description":"Ag\u00eancia de Inbound Marketing premiada com solu\u00e7\u00f5es completas para o seu neg\u00f3cio. Atraia leads, com conte\u00fados \u00fanicos e envolventes. Solicite or\u00e7amento!","publisher":{"@id":"https:\/\/www.edialog.com.br\/#organization"},"potentialAction":[{"@type":"SearchAction","target":{"@type":"EntryPoint","urlTemplate":"https:\/\/www.edialog.com.br\/?s={search_term_string}"},"query-input":{"@type":"PropertyValueSpecification","valueRequired":true,"valueName":"search_term_string"}}],"inLanguage":"es"},{"@type":"Organization","@id":"https:\/\/www.edialog.com.br\/#organization","name":"Ag\u00eancia de M\u00eddias Sociais e Marketing Digital | E-Dialog","url":"https:\/\/www.edialog.com.br\/","logo":{"@type":"ImageObject","inLanguage":"es","@id":"https:\/\/www.edialog.com.br\/#\/schema\/logo\/image\/","url":"https:\/\/www.edialog.com.br\/wp-content\/uploads\/2021\/09\/edialog-logo-case.png","contentUrl":"https:\/\/www.edialog.com.br\/wp-content\/uploads\/2021\/09\/edialog-logo-case.png","width":810,"height":450,"caption":"Ag\u00eancia de M\u00eddias Sociais e Marketing Digital | E-Dialog"},"image":{"@id":"https:\/\/www.edialog.com.br\/#\/schema\/logo\/image\/"},"sameAs":["https:\/\/facebook.com\/edialogcomunicacao","https:\/\/x.com\/edialog_br","https:\/\/www.instagram.com\/edialog_br","https:\/\/www.linkedin.com\/company\/e-dialog-comunica-o-digital","https:\/\/www.youtube.com\/channel\/UCPiVQ_yVlcCqWS2sRzJZj7g"]},{"@type":"Person","@id":"https:\/\/www.edialog.com.br\/#\/schema\/person\/7f509934e54fd30b9d2d02cf51b60966","name":"Renan Caixeiro","image":{"@type":"ImageObject","inLanguage":"es","@id":"https:\/\/www.edialog.com.br\/wp-content\/uploads\/2023\/11\/renan-caixeiro-150x150.jpg","url":"https:\/\/www.edialog.com.br\/wp-content\/uploads\/2023\/11\/renan-caixeiro-150x150.jpg","contentUrl":"https:\/\/www.edialog.com.br\/wp-content\/uploads\/2023\/11\/renan-caixeiro-150x150.jpg","caption":"Renan Caixeiro"},"description":"S\u00f3cio Diretor na E-Dialog, \u00e9 graduado em Jornalismo e p\u00f3s-graduado em Comunica\u00e7\u00e3o Corporativa, ambos pela UFJF. Est\u00e1 \u00e0 frente do Reportei, SaaS de relat\u00f3rios e dashboards, \u00e9 host do Projeto SaaS, podcast que compartilha experi\u00eancias do universo de software as a service, e s\u00f3cio da Aquela Caixa, comunidade para profissionais de cria\u00e7\u00e3o. Torcedor do Vasco, tem como meta comprar o Gigante da Colina. LinkedIn: @renancaixeiro \/ Instagram: @renancaixeiro.","sameAs":["http:\/\/facebook.com\/renancaixeiro","https:\/\/www.instagram.com\/renancaixeiro\/","https:\/\/br.linkedin.com\/in\/renancaixeiro\/pt","https:\/\/x.com\/renancaixeiro"],"url":"https:\/\/www.edialog.com.br\/es\/author\/renancaixeiro\/"}]}},"_links":{"self":[{"href":"https:\/\/www.edialog.com.br\/es\/wp-json\/wp\/v2\/posts\/218676","targetHints":{"allow":["GET"]}}],"collection":[{"href":"https:\/\/www.edialog.com.br\/es\/wp-json\/wp\/v2\/posts"}],"about":[{"href":"https:\/\/www.edialog.com.br\/es\/wp-json\/wp\/v2\/types\/post"}],"author":[{"embeddable":true,"href":"https:\/\/www.edialog.com.br\/es\/wp-json\/wp\/v2\/users\/1"}],"replies":[{"embeddable":true,"href":"https:\/\/www.edialog.com.br\/es\/wp-json\/wp\/v2\/comments?post=218676"}],"version-history":[{"count":1,"href":"https:\/\/www.edialog.com.br\/es\/wp-json\/wp\/v2\/posts\/218676\/revisions"}],"predecessor-version":[{"id":228032,"href":"https:\/\/www.edialog.com.br\/es\/wp-json\/wp\/v2\/posts\/218676\/revisions\/228032"}],"wp:featuredmedia":[{"embeddable":true,"href":"https:\/\/www.edialog.com.br\/es\/wp-json\/wp\/v2\/media\/211667"}],"wp:attachment":[{"href":"https:\/\/www.edialog.com.br\/es\/wp-json\/wp\/v2\/media?parent=218676"}],"wp:term":[{"taxonomy":"category","embeddable":true,"href":"https:\/\/www.edialog.com.br\/es\/wp-json\/wp\/v2\/categories?post=218676"},{"taxonomy":"post_tag","embeddable":true,"href":"https:\/\/www.edialog.com.br\/es\/wp-json\/wp\/v2\/tags?post=218676"}],"curies":[{"name":"wp","href":"https:\/\/api.w.org\/{rel}","templated":true}]}}