{"id":217407,"date":"2025-12-03T15:16:03","date_gmt":"2025-12-03T18:16:03","guid":{"rendered":"https:\/\/www.edialog.com.br\/?p=217407"},"modified":"2025-12-04T16:26:42","modified_gmt":"2025-12-04T19:26:42","slug":"conteudo-evergreen","status":"publish","type":"post","link":"https:\/\/www.edialog.com.br\/es\/conteudo-evergreen\/","title":{"rendered":"O que \u00e9 conte\u00fado evergreen? Import\u00e2ncia, exemplos e como aplicamos a estrat\u00e9gia nos nossos clientes"},"content":{"rendered":"<p>Se voc\u00ea quer construir uma presen\u00e7a digital s\u00f3lida, atrair tr\u00e1fego constante e fortalecer a autoridade da sua marca, entender e aplicar o<strong> conte\u00fado evergreen<\/strong> \u00e9 essencial.<\/p>\n\n\n\n<p>A seguir, vamos te explicar o que \u00e9 conte\u00fado evergreen, por que ele \u00e9 t\u00e3o importante, como usamos essa estrat\u00e9gia na E-Dialog com nossos clientes e quais passos voc\u00ea pode seguir para aplicar isso na sua empresa. Confira!<\/p>\n\n\n\n<h2 class=\"wp-block-heading\" id=\"h-o-que-e-conteudo-evergreen\">O que \u00e9 conte\u00fado evergreen?<\/h2>\n\n\n\n<p>Conte\u00fado evergreen, tamb\u00e9m conhecido como conte\u00fado perene, \u00e9 todo<strong> <\/strong>conte\u00fado que n\u00e3o tem prazo de validade. Ou seja, <strong>ele continua \u00fatil e relevante por muito tempo, independentemente da data em que foi publicado<\/strong>.<\/p>\n\n\n\n<p>Diferente de uma not\u00edcia ou de uma simples atualiza\u00e7\u00e3o, o conte\u00fado evergreen costuma ser mais aprofundado, did\u00e1tico e exemplificado, ajudando qualquer pessoa que tenha contato com ele, em qualquer momento. Ele n\u00e3o precisa ser necessariamente extenso ou denso, mas precisa, sim, ser relevante.<\/p>\n\n\n\n<p><em><strong>- Lea tambi\u00e9n:<\/strong> <a href=\"https:\/\/www.edialog.com.br\/es\/ugc-user-generated-content\/\">O que \u00e9 UGC? Entenda como usar o User Generated Content (Conte\u00fado Gerado pelo Usu\u00e1rio) para vender mais<\/a><\/em><\/p>\n\n\n\n<h2 class=\"wp-block-heading\" id=\"h-por-que-produzir-esse-tipo-de-conteudo\">Por que produzir esse tipo de conte\u00fado?<\/h2>\n\n\n\n<p>Um dos principais motivos para produzir o conte\u00fado evergreen \u00e9 que ele<strong> sobreviver\u00e1 ao tempo e continuar\u00e1 sendo acessado<\/strong> mesmo ap\u00f3s alguns meses ou at\u00e9 anos de publica\u00e7\u00e3o.<\/p>\n\n\n\n<p>Isso porque o objetivo desse tipo de conte\u00fado n\u00e3o \u00e9 apenas informar que existe uma novidade, e sim trazer tudo sobre ela, como funcionalidades, vantagens e at\u00e9 mesmo pre\u00e7os.<\/p>\n\n\n\n<p>Somando isso a dicas, curiosidades e estudos de caso, \u00e9 praticamente uma f\u00f3rmula certa para que seu conte\u00fado tenha relev\u00e2ncia por um bom tempo, recebendo sempre mais acessos e assim evitando o retrabalho com grandes atualiza\u00e7\u00f5es.<\/p>\n\n\n\n<p>A <a href=\"https:\/\/www.edialog.com.br\/es\/o-que-e-hubspot\/\">Hubspot<\/a>, por exemplo, observou que <a href=\"https:\/\/blog.hubspot.com\/marketing\/historical-blog-seo-conversion-optimization\">aproximadamente 75% do tr\u00e1fego do seu blog v\u00eam de posts antigos<\/a>, um indicativo claro de que s\u00e3o os conte\u00fados perenes que bancam a maior parte dos resultados.<\/p>\n\n\n\n<p>Outras vantagens de produzir conte\u00fado evergreen s\u00e3o:<strong> <\/strong><\/p>\n\n\n\n<ul class=\"wp-block-list\">\n<li><strong>Fortalecer a autoridade da marca no assunto<\/strong>;<\/li>\n\n\n\n<li><strong>Educar a audi\u00eancia em escala<\/strong>;<\/li>\n\n\n\n<li><strong>Apoiar o time comercial com materiais que seguem \u00fateis por muito tempo;<\/strong><\/li>\n\n\n\n<li><strong>Aumentar o retorno sobre o investimento em conte\u00fado, j\u00e1 que, como falamos, uma \u00fanica pe\u00e7a pode performar bem por meses ou anos.<\/strong><\/li>\n<\/ul>\n\n\n\n<figure class=\"wp-block-image aligncenter\"><a href=\"https:\/\/materiais.edialog.com.br\/captura-e-book-material-sobre-concessionarias\" target=\"_blank\" rel=\"noopener\"><img fetchpriority=\"high\" decoding=\"async\" width=\"1024\" height=\"267\" src=\"https:\/\/www.edialog.com.br\/wp-content\/uploads\/2021\/02\/274-1920500-1-1024x267.png\" alt=\"Banner para ebook &quot;10 a\u00e7\u00f5es de marketing para concession\u00e1rias&quot;\" class=\"wp-image-216987\" title=\"10 a\u00e7\u00f5es de marketing para concession\u00e1rias\" srcset=\"https:\/\/www.edialog.com.br\/wp-content\/uploads\/2021\/02\/274-1920500-1-1024x267.png 1024w, https:\/\/www.edialog.com.br\/wp-content\/uploads\/2021\/02\/274-1920500-1-300x78.png 300w, https:\/\/www.edialog.com.br\/wp-content\/uploads\/2021\/02\/274-1920500-1-768x200.png 768w, https:\/\/www.edialog.com.br\/wp-content\/uploads\/2021\/02\/274-1920500-1-1536x400.png 1536w, https:\/\/www.edialog.com.br\/wp-content\/uploads\/2021\/02\/274-1920500-1-1080x281.png 1080w, https:\/\/www.edialog.com.br\/wp-content\/uploads\/2021\/02\/274-1920500-1-1280x333.png 1280w, https:\/\/www.edialog.com.br\/wp-content\/uploads\/2021\/02\/274-1920500-1-980x255.png 980w, https:\/\/www.edialog.com.br\/wp-content\/uploads\/2021\/02\/274-1920500-1-480x125.png 480w, https:\/\/www.edialog.com.br\/wp-content\/uploads\/2021\/02\/274-1920500-1-700x182.png 700w, https:\/\/www.edialog.com.br\/wp-content\/uploads\/2021\/02\/274-1920500-1.png 1920w\" sizes=\"(max-width: 1024px) 100vw, 1024px\" \/><\/a><\/figure>\n\n\n\n<h2 class=\"wp-block-heading\" id=\"h-exemplos-de-conteudos-evergreen-que-deram-certo-na-e-dialog\">Exemplos de conte\u00fados evergreen que deram certo na E-Dialog<\/h2>\n\n\n\n<p>Para provar que o conte\u00fado evergreen d\u00e1 certo, vamos te apresentar o <a href=\"https:\/\/www.edialog.com.br\/es\/project\/case-contas-online\/\">Cuentas en l\u00ednea<\/a>, a <a href=\"https:\/\/www.edialog.com.br\/es\/cases-de-sucesso-em-marketing-digital\/\">case de sucesso em marketing<\/a> aqui da E-dialog.<\/p>\n\n\n\n<p>S\u00f3 pra contextualizar, o Contas Online \u00e9 um software de gest\u00e3o financeira, desenvolvido e mantido pela i6 Tecnologia que ajuda os usu\u00e1rios a controlar, organizar e analisar as finan\u00e7as.<\/p>\n\n\n\n<p>A E-Dialog foi procurada pelo Contas Online para ajudar a alavancar sua presen\u00e7a digital, gerar visibilidade org\u00e2nica no site e aumentar seu dom\u00ednio de marca pela Internet.<\/p>\n\n\n\n<p>A partir da\u00ed foi aplicado a estrat\u00e9gia de marketing de conte\u00fado evergreen associada \u00e0 estrat\u00e9gia de otimiza\u00e7\u00e3o de sites (SEO) realizada na cria\u00e7\u00e3o de textos para blog. Dessa forma, aprofundamos mais sobre assuntos ligados ao universo financeiro.<\/p>\n\n\n\n<p>No decorrer de um ano de parceria com a E-Dialog, conseguimos um aumento de <strong>47.931% no tr\u00e1fego org\u00e2nico<\/strong>, utilizando temas como controle de fluxo de caixa, organiza\u00e7\u00e3o de contas a pagar e a receber, gest\u00e3o financeira para pequenas empresas, reserva de emerg\u00eancia e planejamento financeiro pessoal.<\/p>\n\n\n\n<h2 class=\"wp-block-heading\" id=\"h-5-dicas-de-como-aplicar-a-estrategia-de-conteudo-evergreen-na-sua-empresa\">5 dicas de como aplicar a estrat\u00e9gia de conte\u00fado evergreen na sua empresa<\/h2>\n\n\n\n<p>N\u00e3o existe uma f\u00f3rmula m\u00e1gica para criar o conte\u00fado evergreen com resultados bons e constantes, por\u00e9m existem algumas dicas de ouro que seguimos em nossa ag\u00eancia: <strong>entender profundamente o p\u00fablico, escolher temas atemporais, escrever com qualidade, manter o conte\u00fado acion\u00e1vel e garantir que ele continue relevante ao longo do tempo<\/strong>. Entenda:<\/p>\n\n\n\n<h3 class=\"wp-block-heading\" id=\"h-1-atente-se-a-personas-e-a-fases-de-funil\">1. Atente-se a personas e a fases de funil<\/h3>\n\n\n\n<p>Como voc\u00ea j\u00e1 deve ter percebido, o objetivo do conte\u00fado evergreen \u00e9 trazer cada vez mais pessoas para o seu blog\/site\/canal digital, logo aumentar o seu p\u00fablico, por\u00e9m essas pessoas podem vir de diferentes <a href=\"https:\/\/www.edialog.com.br\/es\/embudo-de-ventas\/\">n\u00edveis do funil de vendas<\/a>.<\/p>\n\n\n\n<p>Vamos supor que seu blog seja sobre carros. Uma pessoa que pesquisou sobre \u201cqual \u00e9 o melhor carro do ano\u201d est\u00e1 em um n\u00edvel diferente da que procurou por \u201co carro do ano com a melhor tra\u00e7\u00e3o\u201d, correto?<\/p>\n\n\n\n<p>\u00c9 prov\u00e1vel que uma pessoa com mais conhecimento se torne um cliente de forma mais f\u00e1cil do que o que n\u00e3o sabe tanto sobre o assunto, por isso, <strong>alinhe sempre o grau de entendimento dos que acompanham seu conte\u00fado<\/strong>.<\/p>\n\n\n\n<p>&#8211; <em><strong>Leia tamb\u00e9m<\/strong>: <a href=\"https:\/\/www.edialog.com.br\/es\/como-criar-uma-persona\/\">Como criar uma persona? Passo a passo completo<\/a><\/em><\/p>\n\n\n\n<h3 class=\"wp-block-heading\" id=\"h-2-escolha-bem-o-seu-tema\">2. Escolha bem o seu tema<\/h3>\n\n\n\n<p>Nosso objetivo \u00e9 fazer com que o conte\u00fado n\u00e3o tenha um prazo de validade, por isso \u00e9 muito importante <strong>escolher sobre o que iremos falar<\/strong>.<\/p>\n\n\n\n<p>Continuando o exemplo com o blog sobre carros, talvez escrever sobre \u201cos melhores modelos Renault de 2025\u201d n\u00e3o seja uma boa op\u00e7\u00e3o. Ao inv\u00e9s disso, no conte\u00fado evergreen, poder\u00edamos escrever sobre \u201cos melhores modelos da Renault\u201d.<\/p>\n\n\n\n<figure class=\"wp-block-image size-full\"><img decoding=\"async\" width=\"1024\" height=\"576\" src=\"https:\/\/www.edialog.com.br\/wp-content\/uploads\/2024\/09\/dicas-de-conteudo-evergreen.webp\" alt=\"Profissional sorrindo enquanto trabalha no notebook, representando a cria\u00e7\u00e3o de conte\u00fado evergreen para blogs e estrat\u00e9gias digitais.\" class=\"wp-image-230439\" title=\"Dicas de conte\u00fado evergreen\" srcset=\"https:\/\/www.edialog.com.br\/wp-content\/uploads\/2024\/09\/dicas-de-conteudo-evergreen.webp 1024w, https:\/\/www.edialog.com.br\/wp-content\/uploads\/2024\/09\/dicas-de-conteudo-evergreen-300x169.webp 300w, https:\/\/www.edialog.com.br\/wp-content\/uploads\/2024\/09\/dicas-de-conteudo-evergreen-768x432.webp 768w, https:\/\/www.edialog.com.br\/wp-content\/uploads\/2024\/09\/dicas-de-conteudo-evergreen-18x10.webp 18w\" sizes=\"(max-width: 1024px) 100vw, 1024px\" \/><figcaption class=\"wp-element-caption\">Profissional produzindo conte\u00fado evergreen, materiais atemporais que continuam gerando resultados por longos per\u00edodos.<\/figcaption><\/figure>\n\n\n\n<h3 class=\"wp-block-heading\" id=\"h-3-capriche-nas-call-to-action\">3. Capriche nas call to action<\/h3>\n\n\n\n<p>En <a href=\"https:\/\/www.edialog.com.br\/es\/cta-call-to-action\/\">Call to Action, ou CTA<\/a>, s\u00e3o fortes aliadas no conte\u00fado evergreen, afinal, todo conte\u00fado \u00e9 criado com algum objetivo, n\u00e3o concorda?<\/p>\n\n\n\n<p>Por isso, n\u00e3o deixe de usar uma boa CTA como:<\/p>\n\n\n\n<ul class=\"wp-block-list\">\n<li>Leia mais mat\u00e9rias como essa;<\/li>\n\n\n\n<li>Receba nossas newsletter;<\/li>\n\n\n\n<li>Fa\u00e7a um or\u00e7amento;<\/li>\n\n\n\n<li>Acompanhe tamb\u00e9m pelas redes sociais.<\/li>\n<\/ul>\n\n\n\n<p><strong><em>- Lea tambi\u00e9n: <\/em><\/strong><a href=\"https:\/\/www.edialog.com.br\/es\/exemplos-de-call-to-action\/\"><em>10 ejemplos de llamadas a la acci\u00f3n (CTA) que generan m\u00e1s conversiones<\/em><\/a><\/p>\n\n\n\n<h3 class=\"wp-block-heading\" id=\"h-4-atente-se-a-expressoes-de-tempo\">4. Atente-se a express\u00f5es de tempo<\/h3>\n\n\n\n<p>Para evitar que os conte\u00fados fiquem datados, atente-se a express\u00f5es de tempo como \u201choje\u201d, \u201camanh\u00e3\u201d, \u201csemana passada\u201d.&nbsp; Ao inv\u00e9s disso,<strong> utilize a data completa<\/strong> como \u201c5 de junho\u201d.<\/p>\n\n\n\n<p>Outra quest\u00e3o importante est\u00e1 nos adv\u00e9rbios de tempo. Ao inv\u00e9s de usar express\u00f5es como \u201catualmente\u201d, podemos <strong>trazer contextualiza\u00e7\u00f5es<\/strong> como \u201ccom a chegada desse novo modelo, o mercado automotivo sofreu v\u00e1rias mudan\u00e7as\u201d.<\/p>\n\n\n\n<h3 class=\"wp-block-heading\" id=\"h-5-atualize-o-conteudo-regularmente\">5. Atualize o conte\u00fado regularmente<\/h3>\n\n\n\n<p>O conte\u00fado evergreen tem como objetivo durar muitos meses e anos, mas isso n\u00e3o significa que voc\u00ea deva deix\u00e1-lo de lado e esquec\u00ea-lo. <strong>Quanto mais completo e mais atualizado for, melhor<\/strong>.<\/p>\n\n\n\n<p>Por isso, a depender do seu volume de conte\u00fado, \u00e9 interessante complementar e adicionar mais informa\u00e7\u00f5es ao textos a cada seis meses ou um ano. <\/p>\n\n\n\n<p><em><strong>- Lea tambi\u00e9n: <\/strong><a href=\"https:\/\/www.edialog.com.br\/es\/tecnicas-de-copywriting\/\">5 t\u00e9cnicas de copywriting para vender m\u00e1s y mejor<\/a><\/em><\/p>\n\n\n\n<h2 class=\"wp-block-heading\" id=\"h-conteudo-evergreen-seo-e-llmo\">Conte\u00fado evergreen, SEO e LLMO<\/h2>\n\n\n\n<p>O conte\u00fado evergreen est\u00e1 diretamente relacionado a uma boa estrat\u00e9gia de SEO e LLMO.<\/p>\n\n\n\n<p>O <a href=\"https:\/\/www.edialog.com.br\/es\/otimizacao-de-sites-seo\/\">SEO, ou Search Engine Optimization<\/a>, \u00e9 um mecanismo para ranquear textos em posi\u00e7\u00f5es de destaque no Google e outros mecanismos de buscas. <strong>Associado a um conte\u00fado que n\u00e3o envelhece, podemos garantir um bom n\u00famero de acessos org\u00e2nicos.<\/strong><\/p>\n\n\n\n<p>Al\u00e9m disso, essa \u201cpauta fria\u201d dentro do seu blog\/site <strong>fornece acessos cont\u00ednuos e mais s\u00f3lidos<\/strong>. Alguns temas flutuam sazonalmente, por varia\u00e7\u00f5es naturais de interesse dos consumidores (pense, por exemplo, nos mercados de varejo que lidam com datas comemorativas), mas o conte\u00fado evergreen, quando bem feito, sustenta uma parte dos acessos.<\/p>\n\n\n\n<p>Al\u00e9m do SEO tradicional, o conte\u00fado evergreen tamb\u00e9m fortalece sua estrat\u00e9gia de <a href=\"https:\/\/www.edialog.com.br\/es\/o-que-e-llmo\/\">LLMO (Large Language Model Optimization)<\/a>, que \u00e9 a otimiza\u00e7\u00e3o para que modelos de linguagem como o ChatGPT e outras IAs conversacionais entendam, interpretem e citem sua marca nas respostas que entregam aos usu\u00e1rios. <\/p>\n\n\n\n<p>Como esse tipo de conte\u00fado \u00e9 completo, relevante e pouco datado, ele tende a ser uma <strong>\u00f3tima base para que essas IAs utilizem seu site como refer\u00eancia<\/strong>, ampliando n\u00e3o s\u00f3 o tr\u00e1fego org\u00e2nico via buscadores, mas tamb\u00e9m a visibilidade em buscas feitas diretamente em ferramentas de IA.<\/p>\n\n\n\n<h2 class=\"wp-block-heading\" id=\"h-conteudo-evergreen-ou-sazonal-utilize-os-dois-estrategicamente\">Conte\u00fado evergreen ou sazonal? Utilize os dois estrategicamente!<\/h2>\n\n\n\n<p>Embora o conte\u00fado perene traga resultados consistentes e duradouros, isso n\u00e3o significa que sua estrat\u00e9gia de <a href=\"https:\/\/www.edialog.com.br\/es\/marketing-de-conteudo\/\">marketing de contenidos<\/a> deva se limitar apenas a ele. Conte\u00fados sazonais tamb\u00e9m desempenham um papel importante, especialmente quando seu p\u00fablico est\u00e1 em momentos de alta inten\u00e7\u00e3o de busca, como datas comemorativas, lan\u00e7amentos, tend\u00eancias ou mudan\u00e7as do mercado.<\/p>\n\n\n\n<p>Enquanto o conte\u00fado evergreen<strong> sustenta o tr\u00e1fego de forma cont\u00ednua,<\/strong> o conte\u00fado sazonal <strong>funciona como um \u201cacelerador\u201d, ampliando rapidamente a visibilidade em per\u00edodos espec\u00edficos<\/strong>. Quando combinados, eles garantem tanto o crescimento constante quanto picos estrat\u00e9gicos de acessos, al\u00e9m de fortalecer a marca em diferentes contextos.<\/p>\n\n\n\n<p>Por isso, o ideal \u00e9 n\u00e3o escolher entre um ou outro, mas sim utilizar os dois de forma complementar:<\/p>\n\n\n\n<ul class=\"wp-block-list\">\n<li><strong>O evergreen como base s\u00f3lida e perene;<\/strong><\/li>\n\n\n\n<li><strong>O sazonal como impulso adicional alinhado \u00e0s oportunidades do calend\u00e1rio e \u00e0s demandas do p\u00fablico.<\/strong><\/li>\n<\/ul>\n\n\n\n<p>Usados estrategicamente, os dois formatos criam uma din\u00e2mica poderosa para aumentar alcance, relev\u00e2ncia e resultados ao longo de todo o ano.<\/p>\n\n\n\n<p><em><strong>- Lea tambi\u00e9n:<\/strong> <a href=\"https:\/\/www.edialog.com.br\/es\/o-que-e-growth-hacking\/\">Growth Hacking: entenda o que \u00e9 e saiba como aplic\u00e1-lo em sua empresa<\/a><\/em><\/p>\n\n\n\n<h2 class=\"wp-block-heading\" id=\"h-faq-duvidas-frequentes-sobre-o-tema\">FAQ: d\u00favidas frequentes sobre o tema<\/h2>\n\n\n\n<p>Reunimos aqui as principais d\u00favidas sobre conte\u00fado evergreen. Confira!<\/p>\n\n\n\n<div class=\"schema-faq wp-block-yoast-faq-block\"><div class=\"schema-faq-section\" id=\"faq-question-1764870039250\"><strong class=\"schema-faq-question\">O que \u00e9 conte\u00fado evergreen?<\/strong> <p class=\"schema-faq-answer\">Conte\u00fado evergreen, tamb\u00e9m conhecido como conte\u00fado perene, \u00e9 aquele que n\u00e3o tem prazo de validade: ele continua \u00fatil e relevante por muito tempo, independentemente da data em que foi publicado. <\/p> <\/div> <div class=\"schema-faq-section\" id=\"faq-question-1764870125266\"><strong class=\"schema-faq-question\">Conte\u00fado evergreen ou sazonal: qual utilizar?<\/strong> <p class=\"schema-faq-answer\">N\u00e3o \u00e9 uma quest\u00e3o de escolher, e sim de usar os dois de forma estrat\u00e9gica. O evergreen funciona como base s\u00f3lida e constante da sua estrat\u00e9gia, sustentando o tr\u00e1fego e fortalecendo a autoridade da marca ao longo do tempo, enquanto o sazonal atua como um \u201cacelerador\u201d em per\u00edodos espec\u00edficos. Juntos, eles garantem crescimento cont\u00ednuo, picos pontuais de acesso e maior relev\u00e2ncia durante todo o ano.<\/p> <\/div> <div class=\"schema-faq-section\" id=\"faq-question-1764870181602\"><strong class=\"schema-faq-question\">Onde usar conte\u00fado evergreen?<\/strong> <p class=\"schema-faq-answer\">Ele pode ser usado em diversos canais da sua estrat\u00e9gia digital, como blog, site institucional, p\u00e1ginas de materiais ricos, FAQ, v\u00eddeos, posts educativos em redes sociais e at\u00e9 materiais de apoio ao time comercial.<\/p> <\/div> <div class=\"schema-faq-section\" id=\"faq-question-1764870226935\"><strong class=\"schema-faq-question\">O que \u00e9 conte\u00fado evergreen no Instagram?<\/strong> <p class=\"schema-faq-answer\">No Instagram, conte\u00fado evergreen \u00e9 aquele que continua fazendo sentido e gerando valor muito tempo depois da publica\u00e7\u00e3o, como posts educativos, tutoriais, carross\u00e9is explicativos, dicas pr\u00e1ticas, conceitos fundamentais do seu mercado ou respostas a d\u00favidas frequentes da audi\u00eancia.<\/p> <\/div> <div class=\"schema-faq-section\" id=\"faq-question-1764870253274\"><strong class=\"schema-faq-question\">Como fazer conte\u00fados evergreen?<\/strong> <p class=\"schema-faq-answer\">\u00c9 essencial entender profundamente o p\u00fablico, escolher temas atemporais e relevantes, escrever com qualidade, evitar excesso de refer\u00eancias temporais, caprichar nas calls to action e revisar periodicamente os materiais para mant\u00ea-los completos e atualizados. Contar com uma ag\u00eancia especializada, como a E-Dialog, tamb\u00e9m \u00e9 uma boa dica.<\/p> <\/div> <\/div>\n\n\n\n<h2 class=\"wp-block-heading\" id=\"h-o-conteudo-evergreen-e-fundamental\">O conte\u00fado evergreen \u00e9 fundamental!<\/h2>\n\n\n\n<p>Em alguns momentos, estrat\u00e9gias de conte\u00fado sazonal ir\u00e3o exigir a\u00e7\u00e3o r\u00e1pida e movimenta\u00e7\u00e3o din\u00e2mica para produzir materiais com menor validade, mas que poder\u00e3o alavancar resultados. Contudo, na maioria das vezes, <strong>o conte\u00fado evergreen \u00e9 uma aposta mais segura e eficiente<\/strong>, em especial a longo prazo.<\/p>\n\n\n\n<p>Planeje os temas com base nos interesses da sua persona, no volume de palavras-chave e na rela\u00e7\u00e3o com o seu segmento e solu\u00e7\u00f5es. Depois, construa os artigos com base nas dicas que demos acima.<\/p>\n\n\n\n<p>Tem mais d\u00favidas? Fale com a equipe da <a href=\"https:\/\/www.edialog.com.br\/es\/\">Di\u00e1logo electr\u00f3nico<\/a> hoje mesmo! Somos uma <a href=\"https:\/\/www.edialog.com.br\/es\/agencia-de-inbound-marketing\/\">agencia de inbound marketing<\/a> com anos de experi\u00eancia no assunto!<\/p>\n\n\n\n<div role=\"main\" id=\"formulario-blog-analise-gratuita-16dd12bc38d3b6ec9adf\"><\/div><script type=\"text\/javascript\" src=\"https:\/\/d335luupugsy2.cloudfront.net\/js\/rdstation-forms\/stable\/rdstation-forms.min.js\"><\/script><script type=\"text\/javascript\"> new RDStationForms('formulario-blog-analise-gratuita-16dd12bc38d3b6ec9adf', 'UA-18699224-1').createForm();<\/script>\n\n\n\n<p><\/p>","protected":false},"excerpt":{"rendered":"<p>Veja neste artigo o que \u00e9 conte\u00fado evergreen e como produzir esse tipo de material para atrair leads a longo prazo para seu blog.<\/p>","protected":false},"author":1,"featured_media":230438,"comment_status":"open","ping_status":"closed","sticky":true,"template":"","format":"standard","meta":{"_acf_changed":false,"content-type":"","footnotes":""},"categories":[580],"tags":[],"class_list":["post-217407","post","type-post","status-publish","format-standard","has-post-thumbnail","hentry","category-marketing-digital"],"acf":[],"yoast_head":"<!-- This site is optimized with the Yoast SEO Premium plugin v27.3 (Yoast SEO v27.3) - https:\/\/yoast.com\/product\/yoast-seo-premium-wordpress\/ -->\n<title>O que \u00e9 conte\u00fado evergreen? Import\u00e2ncia, exemplo e como aplicar<\/title>\n<meta name=\"description\" content=\"Voc\u00ea sabe o que \u00e9 conte\u00fado evergreen? Neste artigo, explicamos o conceito, principais exemplos e damos dicas de como produzi-lo. Confira!\" \/>\n<meta name=\"robots\" content=\"index, follow, max-snippet:-1, max-image-preview:large, max-video-preview:-1\" \/>\n<link rel=\"canonical\" href=\"https:\/\/www.edialog.com.br\/es\/conteudo-evergreen\/\" \/>\n<meta property=\"og:locale\" content=\"es_ES\" \/>\n<meta property=\"og:type\" content=\"article\" \/>\n<meta property=\"og:title\" content=\"O que \u00e9 conte\u00fado evergreen? Import\u00e2ncia, exemplos e como aplicamos a estrat\u00e9gia nos nossos clientes\" \/>\n<meta property=\"og:description\" content=\"Voc\u00ea sabe o que \u00e9 conte\u00fado evergreen? Neste artigo, explicamos o conceito, principais exemplos e damos dicas de como produzi-lo. Confira!\" \/>\n<meta property=\"og:url\" content=\"https:\/\/www.edialog.com.br\/es\/conteudo-evergreen\/\" \/>\n<meta property=\"og:site_name\" content=\"Ag\u00eancia de Inbound Marketing | E-Dialog\" \/>\n<meta property=\"article:publisher\" content=\"https:\/\/facebook.com\/edialogcomunicacao\" \/>\n<meta property=\"article:author\" content=\"http:\/\/facebook.com\/renancaixeiro\" \/>\n<meta property=\"article:published_time\" content=\"2025-12-03T18:16:03+00:00\" \/>\n<meta property=\"article:modified_time\" content=\"2025-12-04T19:26:42+00:00\" \/>\n<meta property=\"og:image\" content=\"https:\/\/www.edialog.com.br\/wp-content\/uploads\/2024\/09\/conteudo-evergreen.webp\" \/>\n\t<meta property=\"og:image:width\" content=\"980\" \/>\n\t<meta property=\"og:image:height\" content=\"700\" \/>\n\t<meta property=\"og:image:type\" content=\"image\/webp\" \/>\n<meta name=\"author\" content=\"Renan Caixeiro\" \/>\n<meta name=\"twitter:label1\" content=\"Escrito por\" \/>\n\t<meta name=\"twitter:data1\" content=\"Renan Caixeiro\" \/>\n\t<meta name=\"twitter:label2\" content=\"Tiempo de lectura\" \/>\n\t<meta name=\"twitter:data2\" content=\"11 minutos\" \/>\n<script type=\"application\/ld+json\" class=\"yoast-schema-graph\">{\"@context\":\"https:\\\/\\\/schema.org\",\"@graph\":[{\"@type\":[\"Article\",\"BlogPosting\"],\"@id\":\"https:\\\/\\\/www.edialog.com.br\\\/conteudo-evergreen\\\/#article\",\"isPartOf\":{\"@id\":\"https:\\\/\\\/www.edialog.com.br\\\/conteudo-evergreen\\\/\"},\"author\":{\"name\":\"Renan Caixeiro\",\"@id\":\"https:\\\/\\\/www.edialog.com.br\\\/#\\\/schema\\\/person\\\/7f509934e54fd30b9d2d02cf51b60966\"},\"headline\":\"O que \u00e9 conte\u00fado evergreen? Import\u00e2ncia, exemplos e como aplicamos a estrat\u00e9gia nos nossos clientes\",\"datePublished\":\"2025-12-03T18:16:03+00:00\",\"dateModified\":\"2025-12-04T19:26:42+00:00\",\"mainEntityOfPage\":{\"@id\":\"https:\\\/\\\/www.edialog.com.br\\\/conteudo-evergreen\\\/\"},\"wordCount\":1956,\"commentCount\":0,\"publisher\":{\"@id\":\"https:\\\/\\\/www.edialog.com.br\\\/#organization\"},\"image\":{\"@id\":\"https:\\\/\\\/www.edialog.com.br\\\/conteudo-evergreen\\\/#primaryimage\"},\"thumbnailUrl\":\"https:\\\/\\\/www.edialog.com.br\\\/wp-content\\\/uploads\\\/2024\\\/09\\\/conteudo-evergreen.webp\",\"articleSection\":[\"Marketing Digital\"],\"inLanguage\":\"es\",\"potentialAction\":[{\"@type\":\"CommentAction\",\"name\":\"Comment\",\"target\":[\"https:\\\/\\\/www.edialog.com.br\\\/conteudo-evergreen\\\/#respond\"]}]},{\"@type\":[\"WebPage\",\"FAQPage\"],\"@id\":\"https:\\\/\\\/www.edialog.com.br\\\/conteudo-evergreen\\\/\",\"url\":\"https:\\\/\\\/www.edialog.com.br\\\/conteudo-evergreen\\\/\",\"name\":\"O que \u00e9 conte\u00fado evergreen? Import\u00e2ncia, exemplo e como aplicar\",\"isPartOf\":{\"@id\":\"https:\\\/\\\/www.edialog.com.br\\\/#website\"},\"primaryImageOfPage\":{\"@id\":\"https:\\\/\\\/www.edialog.com.br\\\/conteudo-evergreen\\\/#primaryimage\"},\"image\":{\"@id\":\"https:\\\/\\\/www.edialog.com.br\\\/conteudo-evergreen\\\/#primaryimage\"},\"thumbnailUrl\":\"https:\\\/\\\/www.edialog.com.br\\\/wp-content\\\/uploads\\\/2024\\\/09\\\/conteudo-evergreen.webp\",\"datePublished\":\"2025-12-03T18:16:03+00:00\",\"dateModified\":\"2025-12-04T19:26:42+00:00\",\"description\":\"Voc\u00ea sabe o que \u00e9 conte\u00fado evergreen? Neste artigo, explicamos o conceito, principais exemplos e damos dicas de como produzi-lo. Confira!\",\"breadcrumb\":{\"@id\":\"https:\\\/\\\/www.edialog.com.br\\\/conteudo-evergreen\\\/#breadcrumb\"},\"mainEntity\":[{\"@id\":\"https:\\\/\\\/www.edialog.com.br\\\/conteudo-evergreen\\\/#faq-question-1764870039250\"},{\"@id\":\"https:\\\/\\\/www.edialog.com.br\\\/conteudo-evergreen\\\/#faq-question-1764870125266\"},{\"@id\":\"https:\\\/\\\/www.edialog.com.br\\\/conteudo-evergreen\\\/#faq-question-1764870181602\"},{\"@id\":\"https:\\\/\\\/www.edialog.com.br\\\/conteudo-evergreen\\\/#faq-question-1764870226935\"},{\"@id\":\"https:\\\/\\\/www.edialog.com.br\\\/conteudo-evergreen\\\/#faq-question-1764870253274\"}],\"inLanguage\":\"es\",\"potentialAction\":[{\"@type\":\"ReadAction\",\"target\":[\"https:\\\/\\\/www.edialog.com.br\\\/conteudo-evergreen\\\/\"]}]},{\"@type\":\"ImageObject\",\"inLanguage\":\"es\",\"@id\":\"https:\\\/\\\/www.edialog.com.br\\\/conteudo-evergreen\\\/#primaryimage\",\"url\":\"https:\\\/\\\/www.edialog.com.br\\\/wp-content\\\/uploads\\\/2024\\\/09\\\/conteudo-evergreen.webp\",\"contentUrl\":\"https:\\\/\\\/www.edialog.com.br\\\/wp-content\\\/uploads\\\/2024\\\/09\\\/conteudo-evergreen.webp\",\"width\":980,\"height\":700,\"caption\":\"Arte ilustrando a produ\u00e7\u00e3o de conte\u00fado evergreen, materiais atemporais que geram tr\u00e1fego org\u00e2nico por mais tempo.\"},{\"@type\":\"BreadcrumbList\",\"@id\":\"https:\\\/\\\/www.edialog.com.br\\\/conteudo-evergreen\\\/#breadcrumb\",\"itemListElement\":[{\"@type\":\"ListItem\",\"position\":1,\"name\":\"Home\",\"item\":\"https:\\\/\\\/www.edialog.com.br\\\/\"},{\"@type\":\"ListItem\",\"position\":2,\"name\":\"Marketing Digital\",\"item\":\"https:\\\/\\\/www.edialog.com.br\\\/category\\\/marketing-digital\\\/\"},{\"@type\":\"ListItem\",\"position\":3,\"name\":\"O que \u00e9 conte\u00fado evergreen? Import\u00e2ncia, exemplos e como aplicamos a estrat\u00e9gia nos nossos clientes\"}]},{\"@type\":\"WebSite\",\"@id\":\"https:\\\/\\\/www.edialog.com.br\\\/#website\",\"url\":\"https:\\\/\\\/www.edialog.com.br\\\/\",\"name\":\"Ag\u00eancia de Inbound Marketing | E-Dialog\",\"description\":\"Ag\u00eancia de Inbound Marketing premiada com solu\u00e7\u00f5es completas para o seu neg\u00f3cio. Atraia leads, com conte\u00fados \u00fanicos e envolventes. Solicite or\u00e7amento!\",\"publisher\":{\"@id\":\"https:\\\/\\\/www.edialog.com.br\\\/#organization\"},\"potentialAction\":[{\"@type\":\"SearchAction\",\"target\":{\"@type\":\"EntryPoint\",\"urlTemplate\":\"https:\\\/\\\/www.edialog.com.br\\\/?s={search_term_string}\"},\"query-input\":{\"@type\":\"PropertyValueSpecification\",\"valueRequired\":true,\"valueName\":\"search_term_string\"}}],\"inLanguage\":\"es\"},{\"@type\":\"Organization\",\"@id\":\"https:\\\/\\\/www.edialog.com.br\\\/#organization\",\"name\":\"Ag\u00eancia de M\u00eddias Sociais e Marketing Digital | E-Dialog\",\"url\":\"https:\\\/\\\/www.edialog.com.br\\\/\",\"logo\":{\"@type\":\"ImageObject\",\"inLanguage\":\"es\",\"@id\":\"https:\\\/\\\/www.edialog.com.br\\\/#\\\/schema\\\/logo\\\/image\\\/\",\"url\":\"https:\\\/\\\/www.edialog.com.br\\\/wp-content\\\/uploads\\\/2021\\\/09\\\/edialog-logo-case.png\",\"contentUrl\":\"https:\\\/\\\/www.edialog.com.br\\\/wp-content\\\/uploads\\\/2021\\\/09\\\/edialog-logo-case.png\",\"width\":810,\"height\":450,\"caption\":\"Ag\u00eancia de M\u00eddias Sociais e Marketing Digital | E-Dialog\"},\"image\":{\"@id\":\"https:\\\/\\\/www.edialog.com.br\\\/#\\\/schema\\\/logo\\\/image\\\/\"},\"sameAs\":[\"https:\\\/\\\/facebook.com\\\/edialogcomunicacao\",\"https:\\\/\\\/x.com\\\/edialog_br\",\"https:\\\/\\\/www.instagram.com\\\/edialog_br\",\"https:\\\/\\\/www.linkedin.com\\\/company\\\/e-dialog-comunica-o-digital\",\"https:\\\/\\\/www.youtube.com\\\/channel\\\/UCPiVQ_yVlcCqWS2sRzJZj7g\"]},{\"@type\":\"Person\",\"@id\":\"https:\\\/\\\/www.edialog.com.br\\\/#\\\/schema\\\/person\\\/7f509934e54fd30b9d2d02cf51b60966\",\"name\":\"Renan Caixeiro\",\"image\":{\"@type\":\"ImageObject\",\"inLanguage\":\"es\",\"@id\":\"https:\\\/\\\/www.edialog.com.br\\\/wp-content\\\/uploads\\\/2023\\\/11\\\/renan-caixeiro-150x150.jpg\",\"url\":\"https:\\\/\\\/www.edialog.com.br\\\/wp-content\\\/uploads\\\/2023\\\/11\\\/renan-caixeiro-150x150.jpg\",\"contentUrl\":\"https:\\\/\\\/www.edialog.com.br\\\/wp-content\\\/uploads\\\/2023\\\/11\\\/renan-caixeiro-150x150.jpg\",\"caption\":\"Renan Caixeiro\"},\"description\":\"S\u00f3cio Diretor na E-Dialog, \u00e9 graduado em Jornalismo e p\u00f3s-graduado em Comunica\u00e7\u00e3o Corporativa, ambos pela UFJF. Est\u00e1 \u00e0 frente do Reportei, SaaS de relat\u00f3rios e dashboards, \u00e9 host do Projeto SaaS, podcast que compartilha experi\u00eancias do universo de software as a service, e s\u00f3cio da Aquela Caixa, comunidade para profissionais de cria\u00e7\u00e3o. Torcedor do Vasco, tem como meta comprar o Gigante da Colina. LinkedIn: @renancaixeiro \\\/ Instagram: @renancaixeiro.\",\"sameAs\":[\"http:\\\/\\\/facebook.com\\\/renancaixeiro\",\"https:\\\/\\\/www.instagram.com\\\/renancaixeiro\\\/\",\"https:\\\/\\\/br.linkedin.com\\\/in\\\/renancaixeiro\\\/pt\",\"https:\\\/\\\/x.com\\\/renancaixeiro\"],\"url\":\"https:\\\/\\\/www.edialog.com.br\\\/es\\\/author\\\/renancaixeiro\\\/\"},{\"@type\":\"Question\",\"@id\":\"https:\\\/\\\/www.edialog.com.br\\\/conteudo-evergreen\\\/#faq-question-1764870039250\",\"position\":1,\"url\":\"https:\\\/\\\/www.edialog.com.br\\\/conteudo-evergreen\\\/#faq-question-1764870039250\",\"name\":\"O que \u00e9 conte\u00fado evergreen?\",\"answerCount\":1,\"acceptedAnswer\":{\"@type\":\"Answer\",\"text\":\"Conte\u00fado evergreen, tamb\u00e9m conhecido como conte\u00fado perene, \u00e9 aquele que n\u00e3o tem prazo de validade: ele continua \u00fatil e relevante por muito tempo, independentemente da data em que foi publicado. \",\"inLanguage\":\"es\"},\"inLanguage\":\"es\"},{\"@type\":\"Question\",\"@id\":\"https:\\\/\\\/www.edialog.com.br\\\/conteudo-evergreen\\\/#faq-question-1764870125266\",\"position\":2,\"url\":\"https:\\\/\\\/www.edialog.com.br\\\/conteudo-evergreen\\\/#faq-question-1764870125266\",\"name\":\"Conte\u00fado evergreen ou sazonal: qual utilizar?\",\"answerCount\":1,\"acceptedAnswer\":{\"@type\":\"Answer\",\"text\":\"N\u00e3o \u00e9 uma quest\u00e3o de escolher, e sim de usar os dois de forma estrat\u00e9gica. O evergreen funciona como base s\u00f3lida e constante da sua estrat\u00e9gia, sustentando o tr\u00e1fego e fortalecendo a autoridade da marca ao longo do tempo, enquanto o sazonal atua como um \u201cacelerador\u201d em per\u00edodos espec\u00edficos. Juntos, eles garantem crescimento cont\u00ednuo, picos pontuais de acesso e maior relev\u00e2ncia durante todo o ano.\",\"inLanguage\":\"es\"},\"inLanguage\":\"es\"},{\"@type\":\"Question\",\"@id\":\"https:\\\/\\\/www.edialog.com.br\\\/conteudo-evergreen\\\/#faq-question-1764870181602\",\"position\":3,\"url\":\"https:\\\/\\\/www.edialog.com.br\\\/conteudo-evergreen\\\/#faq-question-1764870181602\",\"name\":\"Onde usar conte\u00fado evergreen?\",\"answerCount\":1,\"acceptedAnswer\":{\"@type\":\"Answer\",\"text\":\"Ele pode ser usado em diversos canais da sua estrat\u00e9gia digital, como blog, site institucional, p\u00e1ginas de materiais ricos, FAQ, v\u00eddeos, posts educativos em redes sociais e at\u00e9 materiais de apoio ao time comercial.\",\"inLanguage\":\"es\"},\"inLanguage\":\"es\"},{\"@type\":\"Question\",\"@id\":\"https:\\\/\\\/www.edialog.com.br\\\/conteudo-evergreen\\\/#faq-question-1764870226935\",\"position\":4,\"url\":\"https:\\\/\\\/www.edialog.com.br\\\/conteudo-evergreen\\\/#faq-question-1764870226935\",\"name\":\"O que \u00e9 conte\u00fado evergreen no Instagram?\",\"answerCount\":1,\"acceptedAnswer\":{\"@type\":\"Answer\",\"text\":\"No Instagram, conte\u00fado evergreen \u00e9 aquele que continua fazendo sentido e gerando valor muito tempo depois da publica\u00e7\u00e3o, como posts educativos, tutoriais, carross\u00e9is explicativos, dicas pr\u00e1ticas, conceitos fundamentais do seu mercado ou respostas a d\u00favidas frequentes da audi\u00eancia.\",\"inLanguage\":\"es\"},\"inLanguage\":\"es\"},{\"@type\":\"Question\",\"@id\":\"https:\\\/\\\/www.edialog.com.br\\\/conteudo-evergreen\\\/#faq-question-1764870253274\",\"position\":5,\"url\":\"https:\\\/\\\/www.edialog.com.br\\\/conteudo-evergreen\\\/#faq-question-1764870253274\",\"name\":\"Como fazer conte\u00fados evergreen?\",\"answerCount\":1,\"acceptedAnswer\":{\"@type\":\"Answer\",\"text\":\"\u00c9 essencial entender profundamente o p\u00fablico, escolher temas atemporais e relevantes, escrever com qualidade, evitar excesso de refer\u00eancias temporais, caprichar nas calls to action e revisar periodicamente os materiais para mant\u00ea-los completos e atualizados. Contar com uma ag\u00eancia especializada, como a E-Dialog, tamb\u00e9m \u00e9 uma boa dica.\",\"inLanguage\":\"es\"},\"inLanguage\":\"es\"}]}<\/script>\n<!-- \/ Yoast SEO Premium plugin. -->","yoast_head_json":{"title":"O que \u00e9 conte\u00fado evergreen? Import\u00e2ncia, exemplo e como aplicar","description":"Voc\u00ea sabe o que \u00e9 conte\u00fado evergreen? Neste artigo, explicamos o conceito, principais exemplos e damos dicas de como produzi-lo. Confira!","robots":{"index":"index","follow":"follow","max-snippet":"max-snippet:-1","max-image-preview":"max-image-preview:large","max-video-preview":"max-video-preview:-1"},"canonical":"https:\/\/www.edialog.com.br\/es\/conteudo-evergreen\/","og_locale":"es_ES","og_type":"article","og_title":"O que \u00e9 conte\u00fado evergreen? Import\u00e2ncia, exemplos e como aplicamos a estrat\u00e9gia nos nossos clientes","og_description":"Voc\u00ea sabe o que \u00e9 conte\u00fado evergreen? Neste artigo, explicamos o conceito, principais exemplos e damos dicas de como produzi-lo. Confira!","og_url":"https:\/\/www.edialog.com.br\/es\/conteudo-evergreen\/","og_site_name":"Ag\u00eancia de Inbound Marketing | E-Dialog","article_publisher":"https:\/\/facebook.com\/edialogcomunicacao","article_author":"http:\/\/facebook.com\/renancaixeiro","article_published_time":"2025-12-03T18:16:03+00:00","article_modified_time":"2025-12-04T19:26:42+00:00","og_image":[{"width":980,"height":700,"url":"https:\/\/www.edialog.com.br\/wp-content\/uploads\/2024\/09\/conteudo-evergreen.webp","type":"image\/webp"}],"author":"Renan Caixeiro","twitter_misc":{"Escrito por":"Renan Caixeiro","Tiempo de lectura":"11 minutos"},"schema":{"@context":"https:\/\/schema.org","@graph":[{"@type":["Article","BlogPosting"],"@id":"https:\/\/www.edialog.com.br\/conteudo-evergreen\/#article","isPartOf":{"@id":"https:\/\/www.edialog.com.br\/conteudo-evergreen\/"},"author":{"name":"Renan Caixeiro","@id":"https:\/\/www.edialog.com.br\/#\/schema\/person\/7f509934e54fd30b9d2d02cf51b60966"},"headline":"O que \u00e9 conte\u00fado evergreen? Import\u00e2ncia, exemplos e como aplicamos a estrat\u00e9gia nos nossos clientes","datePublished":"2025-12-03T18:16:03+00:00","dateModified":"2025-12-04T19:26:42+00:00","mainEntityOfPage":{"@id":"https:\/\/www.edialog.com.br\/conteudo-evergreen\/"},"wordCount":1956,"commentCount":0,"publisher":{"@id":"https:\/\/www.edialog.com.br\/#organization"},"image":{"@id":"https:\/\/www.edialog.com.br\/conteudo-evergreen\/#primaryimage"},"thumbnailUrl":"https:\/\/www.edialog.com.br\/wp-content\/uploads\/2024\/09\/conteudo-evergreen.webp","articleSection":["Marketing Digital"],"inLanguage":"es","potentialAction":[{"@type":"CommentAction","name":"Comment","target":["https:\/\/www.edialog.com.br\/conteudo-evergreen\/#respond"]}]},{"@type":["WebPage","FAQPage"],"@id":"https:\/\/www.edialog.com.br\/conteudo-evergreen\/","url":"https:\/\/www.edialog.com.br\/conteudo-evergreen\/","name":"O que \u00e9 conte\u00fado evergreen? Import\u00e2ncia, exemplo e como aplicar","isPartOf":{"@id":"https:\/\/www.edialog.com.br\/#website"},"primaryImageOfPage":{"@id":"https:\/\/www.edialog.com.br\/conteudo-evergreen\/#primaryimage"},"image":{"@id":"https:\/\/www.edialog.com.br\/conteudo-evergreen\/#primaryimage"},"thumbnailUrl":"https:\/\/www.edialog.com.br\/wp-content\/uploads\/2024\/09\/conteudo-evergreen.webp","datePublished":"2025-12-03T18:16:03+00:00","dateModified":"2025-12-04T19:26:42+00:00","description":"Voc\u00ea sabe o que \u00e9 conte\u00fado evergreen? Neste artigo, explicamos o conceito, principais exemplos e damos dicas de como produzi-lo. Confira!","breadcrumb":{"@id":"https:\/\/www.edialog.com.br\/conteudo-evergreen\/#breadcrumb"},"mainEntity":[{"@id":"https:\/\/www.edialog.com.br\/conteudo-evergreen\/#faq-question-1764870039250"},{"@id":"https:\/\/www.edialog.com.br\/conteudo-evergreen\/#faq-question-1764870125266"},{"@id":"https:\/\/www.edialog.com.br\/conteudo-evergreen\/#faq-question-1764870181602"},{"@id":"https:\/\/www.edialog.com.br\/conteudo-evergreen\/#faq-question-1764870226935"},{"@id":"https:\/\/www.edialog.com.br\/conteudo-evergreen\/#faq-question-1764870253274"}],"inLanguage":"es","potentialAction":[{"@type":"ReadAction","target":["https:\/\/www.edialog.com.br\/conteudo-evergreen\/"]}]},{"@type":"ImageObject","inLanguage":"es","@id":"https:\/\/www.edialog.com.br\/conteudo-evergreen\/#primaryimage","url":"https:\/\/www.edialog.com.br\/wp-content\/uploads\/2024\/09\/conteudo-evergreen.webp","contentUrl":"https:\/\/www.edialog.com.br\/wp-content\/uploads\/2024\/09\/conteudo-evergreen.webp","width":980,"height":700,"caption":"Arte ilustrando a produ\u00e7\u00e3o de conte\u00fado evergreen, materiais atemporais que geram tr\u00e1fego org\u00e2nico por mais tempo."},{"@type":"BreadcrumbList","@id":"https:\/\/www.edialog.com.br\/conteudo-evergreen\/#breadcrumb","itemListElement":[{"@type":"ListItem","position":1,"name":"Home","item":"https:\/\/www.edialog.com.br\/"},{"@type":"ListItem","position":2,"name":"Marketing Digital","item":"https:\/\/www.edialog.com.br\/category\/marketing-digital\/"},{"@type":"ListItem","position":3,"name":"O que \u00e9 conte\u00fado evergreen? Import\u00e2ncia, exemplos e como aplicamos a estrat\u00e9gia nos nossos clientes"}]},{"@type":"WebSite","@id":"https:\/\/www.edialog.com.br\/#website","url":"https:\/\/www.edialog.com.br\/","name":"Agencia de marketing entrante | E-Dialog","description":"Ag\u00eancia de Inbound Marketing premiada com solu\u00e7\u00f5es completas para o seu neg\u00f3cio. Atraia leads, com conte\u00fados \u00fanicos e envolventes. Solicite or\u00e7amento!","publisher":{"@id":"https:\/\/www.edialog.com.br\/#organization"},"potentialAction":[{"@type":"SearchAction","target":{"@type":"EntryPoint","urlTemplate":"https:\/\/www.edialog.com.br\/?s={search_term_string}"},"query-input":{"@type":"PropertyValueSpecification","valueRequired":true,"valueName":"search_term_string"}}],"inLanguage":"es"},{"@type":"Organization","@id":"https:\/\/www.edialog.com.br\/#organization","name":"Ag\u00eancia de M\u00eddias Sociais e Marketing Digital | E-Dialog","url":"https:\/\/www.edialog.com.br\/","logo":{"@type":"ImageObject","inLanguage":"es","@id":"https:\/\/www.edialog.com.br\/#\/schema\/logo\/image\/","url":"https:\/\/www.edialog.com.br\/wp-content\/uploads\/2021\/09\/edialog-logo-case.png","contentUrl":"https:\/\/www.edialog.com.br\/wp-content\/uploads\/2021\/09\/edialog-logo-case.png","width":810,"height":450,"caption":"Ag\u00eancia de M\u00eddias Sociais e Marketing Digital | E-Dialog"},"image":{"@id":"https:\/\/www.edialog.com.br\/#\/schema\/logo\/image\/"},"sameAs":["https:\/\/facebook.com\/edialogcomunicacao","https:\/\/x.com\/edialog_br","https:\/\/www.instagram.com\/edialog_br","https:\/\/www.linkedin.com\/company\/e-dialog-comunica-o-digital","https:\/\/www.youtube.com\/channel\/UCPiVQ_yVlcCqWS2sRzJZj7g"]},{"@type":"Person","@id":"https:\/\/www.edialog.com.br\/#\/schema\/person\/7f509934e54fd30b9d2d02cf51b60966","name":"Renan Caixeiro","image":{"@type":"ImageObject","inLanguage":"es","@id":"https:\/\/www.edialog.com.br\/wp-content\/uploads\/2023\/11\/renan-caixeiro-150x150.jpg","url":"https:\/\/www.edialog.com.br\/wp-content\/uploads\/2023\/11\/renan-caixeiro-150x150.jpg","contentUrl":"https:\/\/www.edialog.com.br\/wp-content\/uploads\/2023\/11\/renan-caixeiro-150x150.jpg","caption":"Renan Caixeiro"},"description":"S\u00f3cio Diretor na E-Dialog, \u00e9 graduado em Jornalismo e p\u00f3s-graduado em Comunica\u00e7\u00e3o Corporativa, ambos pela UFJF. Est\u00e1 \u00e0 frente do Reportei, SaaS de relat\u00f3rios e dashboards, \u00e9 host do Projeto SaaS, podcast que compartilha experi\u00eancias do universo de software as a service, e s\u00f3cio da Aquela Caixa, comunidade para profissionais de cria\u00e7\u00e3o. Torcedor do Vasco, tem como meta comprar o Gigante da Colina. LinkedIn: @renancaixeiro \/ Instagram: @renancaixeiro.","sameAs":["http:\/\/facebook.com\/renancaixeiro","https:\/\/www.instagram.com\/renancaixeiro\/","https:\/\/br.linkedin.com\/in\/renancaixeiro\/pt","https:\/\/x.com\/renancaixeiro"],"url":"https:\/\/www.edialog.com.br\/es\/author\/renancaixeiro\/"},{"@type":"Question","@id":"https:\/\/www.edialog.com.br\/conteudo-evergreen\/#faq-question-1764870039250","position":1,"url":"https:\/\/www.edialog.com.br\/conteudo-evergreen\/#faq-question-1764870039250","name":"O que \u00e9 conte\u00fado evergreen?","answerCount":1,"acceptedAnswer":{"@type":"Answer","text":"Conte\u00fado evergreen, tamb\u00e9m conhecido como conte\u00fado perene, \u00e9 aquele que n\u00e3o tem prazo de validade: ele continua \u00fatil e relevante por muito tempo, independentemente da data em que foi publicado. ","inLanguage":"es"},"inLanguage":"es"},{"@type":"Question","@id":"https:\/\/www.edialog.com.br\/conteudo-evergreen\/#faq-question-1764870125266","position":2,"url":"https:\/\/www.edialog.com.br\/conteudo-evergreen\/#faq-question-1764870125266","name":"Conte\u00fado evergreen ou sazonal: qual utilizar?","answerCount":1,"acceptedAnswer":{"@type":"Answer","text":"N\u00e3o \u00e9 uma quest\u00e3o de escolher, e sim de usar os dois de forma estrat\u00e9gica. O evergreen funciona como base s\u00f3lida e constante da sua estrat\u00e9gia, sustentando o tr\u00e1fego e fortalecendo a autoridade da marca ao longo do tempo, enquanto o sazonal atua como um \u201cacelerador\u201d em per\u00edodos espec\u00edficos. Juntos, eles garantem crescimento cont\u00ednuo, picos pontuais de acesso e maior relev\u00e2ncia durante todo o ano.","inLanguage":"es"},"inLanguage":"es"},{"@type":"Question","@id":"https:\/\/www.edialog.com.br\/conteudo-evergreen\/#faq-question-1764870181602","position":3,"url":"https:\/\/www.edialog.com.br\/conteudo-evergreen\/#faq-question-1764870181602","name":"Onde usar conte\u00fado evergreen?","answerCount":1,"acceptedAnswer":{"@type":"Answer","text":"Ele pode ser usado em diversos canais da sua estrat\u00e9gia digital, como blog, site institucional, p\u00e1ginas de materiais ricos, FAQ, v\u00eddeos, posts educativos em redes sociais e at\u00e9 materiais de apoio ao time comercial.","inLanguage":"es"},"inLanguage":"es"},{"@type":"Question","@id":"https:\/\/www.edialog.com.br\/conteudo-evergreen\/#faq-question-1764870226935","position":4,"url":"https:\/\/www.edialog.com.br\/conteudo-evergreen\/#faq-question-1764870226935","name":"O que \u00e9 conte\u00fado evergreen no Instagram?","answerCount":1,"acceptedAnswer":{"@type":"Answer","text":"No Instagram, conte\u00fado evergreen \u00e9 aquele que continua fazendo sentido e gerando valor muito tempo depois da publica\u00e7\u00e3o, como posts educativos, tutoriais, carross\u00e9is explicativos, dicas pr\u00e1ticas, conceitos fundamentais do seu mercado ou respostas a d\u00favidas frequentes da audi\u00eancia.","inLanguage":"es"},"inLanguage":"es"},{"@type":"Question","@id":"https:\/\/www.edialog.com.br\/conteudo-evergreen\/#faq-question-1764870253274","position":5,"url":"https:\/\/www.edialog.com.br\/conteudo-evergreen\/#faq-question-1764870253274","name":"Como fazer conte\u00fados evergreen?","answerCount":1,"acceptedAnswer":{"@type":"Answer","text":"\u00c9 essencial entender profundamente o p\u00fablico, escolher temas atemporais e relevantes, escrever com qualidade, evitar excesso de refer\u00eancias temporais, caprichar nas calls to action e revisar periodicamente os materiais para mant\u00ea-los completos e atualizados. Contar com uma ag\u00eancia especializada, como a E-Dialog, tamb\u00e9m \u00e9 uma boa dica.","inLanguage":"es"},"inLanguage":"es"}]}},"_links":{"self":[{"href":"https:\/\/www.edialog.com.br\/es\/wp-json\/wp\/v2\/posts\/217407","targetHints":{"allow":["GET"]}}],"collection":[{"href":"https:\/\/www.edialog.com.br\/es\/wp-json\/wp\/v2\/posts"}],"about":[{"href":"https:\/\/www.edialog.com.br\/es\/wp-json\/wp\/v2\/types\/post"}],"author":[{"embeddable":true,"href":"https:\/\/www.edialog.com.br\/es\/wp-json\/wp\/v2\/users\/1"}],"replies":[{"embeddable":true,"href":"https:\/\/www.edialog.com.br\/es\/wp-json\/wp\/v2\/comments?post=217407"}],"version-history":[{"count":4,"href":"https:\/\/www.edialog.com.br\/es\/wp-json\/wp\/v2\/posts\/217407\/revisions"}],"predecessor-version":[{"id":230445,"href":"https:\/\/www.edialog.com.br\/es\/wp-json\/wp\/v2\/posts\/217407\/revisions\/230445"}],"wp:featuredmedia":[{"embeddable":true,"href":"https:\/\/www.edialog.com.br\/es\/wp-json\/wp\/v2\/media\/230438"}],"wp:attachment":[{"href":"https:\/\/www.edialog.com.br\/es\/wp-json\/wp\/v2\/media?parent=217407"}],"wp:term":[{"taxonomy":"category","embeddable":true,"href":"https:\/\/www.edialog.com.br\/es\/wp-json\/wp\/v2\/categories?post=217407"},{"taxonomy":"post_tag","embeddable":true,"href":"https:\/\/www.edialog.com.br\/es\/wp-json\/wp\/v2\/tags?post=217407"}],"curies":[{"name":"wp","href":"https:\/\/api.w.org\/{rel}","templated":true}]}}