{"id":215440,"date":"2021-08-23T12:33:10","date_gmt":"2021-08-23T15:33:10","guid":{"rendered":"https:\/\/www.edialog.com.br\/?p=215440"},"modified":"2024-03-21T09:42:51","modified_gmt":"2024-03-21T12:42:51","slug":"a-importancia-do-marketing-na-gestao-empresarial","status":"publish","type":"post","link":"https:\/\/www.edialog.com.br\/es\/a-importancia-do-marketing-na-gestao-empresarial\/","title":{"rendered":"La importancia del marketing en la gesti\u00f3n empresarial"},"content":{"rendered":"<p><span style=\"font-weight: 400;\">Para qualquer empresa que vise crescimento no mundo moderno, o marketing \u00e9 uma ferramenta indispens\u00e1vel. \u00c9 o marketing que propaga a mensagem e miss\u00e3o de sua empresa, trazendo novos clientes e novas oportunidades.\u00a0<\/span><\/p>\n<h2><span style=\"font-weight: 400;\">Por que o Marketing \u00e9 t\u00e3o importante?<\/span><\/h2>\n<p><span style=\"font-weight: 400;\">O que poucas pessoas sabem \u00e9 que o marketing \u00e9 uma ci\u00eancia. A maioria pensa que se trata apenas de \u201cpropaganda\u201d, mas a verdade \u00e9 que uma estrat\u00e9gia de marketing \u00e9 na verdade algo muito complexo que requer muito estudo e planejamento cuidadoso.<\/span><\/p>\n<p><span style=\"font-weight: 400;\">O mercado \u00e9 extremamente competitivo, muitas marcas oferecem o mesmo tipo de produto ou servi\u00e7o, e \u00e9 essa competitividade que aumenta tanto a import\u00e2ncia do marketing para uma empresa.<\/span><\/p>\n<p><span style=\"font-weight: 400;\">\u00c9 com ele que voc\u00ea consegue criar uma rela\u00e7\u00e3o entre sua marca e seu p\u00fablico alvo, estudar concorrentes, planejar a\u00e7\u00f5es e pesquisar tend\u00eancias de mercado. Isso tudo ajuda a diminuir as chances de erros cometidos antigamente.<\/span><\/p>\n<h2><span style=\"font-weight: 400;\">O que \u00e9 a Gest\u00e3o empresarial?<\/span><\/h2>\n<p><span style=\"font-weight: 400;\">Gest\u00e3o empresarial \u00e9 como uma empresa \u00e9 conduzida. A forma que as decis\u00f5es s\u00e3o tomadas e levadas em frente fazem toda a diferen\u00e7a no crescimento da empresa.<\/span><\/p>\n<p><span style=\"font-weight: 400;\">A gest\u00e3o empresarial se relaciona com a defini\u00e7\u00e3o de metas, planejamento estrat\u00e9gico, organiza\u00e7\u00e3o de processos, contrata\u00e7\u00f5es e demiss\u00f5es, pagamentos, compras, vendas e tudo que envolve o ambiente empresarial.<\/span><\/p>\n<p><span style=\"font-weight: 400;\">\u00c9 importante e fundamental a condu\u00e7\u00e3o dessas \u00e1reas com cuidado e aten\u00e7\u00e3o, para obter um retorno bacana e cada vez maior.<\/span><\/p>\n<p><span style=\"font-weight: 400;\">Como uma empresa tem v\u00e1rios setores, cada um deles deve ser estudado e analisado da melhor forma poss\u00edvel para que se consiga extrair um bom resultado. E o Marketing \u00e9 um dos setores mais importantes dentro de uma empresa.<\/span><\/p>\n<h2><span style=\"font-weight: 400;\">A porta de entrada\u00a0<\/span><\/h2>\n<p><span style=\"font-weight: 400;\">Quando pensamos no caminho que o cliente faz dentro da empresa, ele sempre come\u00e7a pela porta, fala com os vendedores para tirar suas d\u00favidas sobre o produto e fecha a compra. Posteriormente ele pode passar por outros setores como um suporte t\u00e9cnico para solucionar uma dificuldade e at\u00e9 mesmo pelo setor de ouvidoria caso tenha algum problema.<\/span><\/p>\n<p><span style=\"font-weight: 400;\">Mas de alguma forma esse cliente precisou chegar at\u00e9 sua empresa, ele ficou curioso quanto ao seu produto. \u00c9 o Marketing quem causa essa curiosidade.<\/span><\/p>\n<p><span style=\"font-weight: 400;\">Todo o planejamento feito pelo time de marketing impacta cada cliente em potencial de uma forma, e s\u00f3 ent\u00e3o a necessidade de adquirir ou conhecer o produto fornecido vai surgir.<\/span><\/p>\n<p><span style=\"font-weight: 400;\">O marketing \u00e9 literalmente a porta da frente de sua empresa. E para que ela funcione, precisa estar muito bem estruturada e organizada.<\/span><\/p>\n<h2><span style=\"font-weight: 400;\">Os 4 \u201cPs\u201d do Marketing<\/span><\/h2>\n<p><span style=\"font-weight: 400;\">Voc\u00ea j\u00e1 conhece os 4 \u201cPs\u201d do Marketing?<\/span><\/p>\n<p><span style=\"font-weight: 400;\">Eles tamb\u00e9m s\u00e3o conhecidos como Composto do Marketing, s\u00e3o os 4 fatores mais importantes para qualquer neg\u00f3cio. Que devem ser definidos previamente, antes de qualquer tipo de atua\u00e7\u00e3o com propagandas ou promo\u00e7\u00e3o dos produtos.<\/span><\/p>\n<p><span style=\"font-weight: 400;\">Vamos fazer uma breve apresenta\u00e7\u00e3o para facilitar:<\/span><\/p>\n<h3><span style=\"font-weight: 400;\">O primeiro \u201cP\u201d &#8211; O Produto<\/span><\/h3>\n<p><span style=\"font-weight: 400;\">O produto \u00e9 auto explicativo. \u00c9 o que sua empresa tem a oferecer, seja um produto mesmo ou um servi\u00e7o.<\/span><\/p>\n<p><span style=\"font-weight: 400;\">\u00c9 importante defini-lo com muito cuidado, seu nome, cor, conte\u00fado e o efeito que ter\u00e1 na vida do consumidor.<\/span><\/p>\n<p><span style=\"font-weight: 400;\">Tudo isso deve ser de f\u00e1cil identifica\u00e7\u00e3o e deve ser uma mensagem muito clara, para que o consumidor em potencial seja \u201ccapturado\u201d facilmente.<\/span><\/p>\n<h3><span style=\"font-weight: 400;\">O segundo \u201cP\u201d &#8211; O Pre\u00e7o<\/span><\/h3>\n<p><span style=\"font-weight: 400;\">O pre\u00e7o definido para o produto deve englobar todos os gastos para produ\u00e7\u00e3o do mesmo.\u00a0<\/span><\/p>\n<p><span style=\"font-weight: 400;\">Al\u00e9m tamb\u00e9m da exclusividade de mercado e lucro que deseja obter. Mas \u00e9 importante seguir a realidade. Algumas vezes os consumidores aceitam pagar valores maiores por servi\u00e7os indispens\u00e1veis e insubstitu\u00edveis, mas outras vezes preferem pagar um valor menor por algo mais sup\u00e9rfluo.<\/span><\/p>\n<h3><span style=\"font-weight: 400;\">O terceiro \u201cP\u201d &#8211; A Pra\u00e7a<\/span><\/h3>\n<p><span style=\"font-weight: 400;\">A pra\u00e7a se trata de como o produto ser\u00e1 distribu\u00eddo e vendido. Ou seja, lida com como o cliente chegar\u00e1 ao seu produto.\u00a0<\/span><\/p>\n<p><span style=\"font-weight: 400;\">Trata-se tanto da venda em si (pelo meio f\u00edsico ou online), quanto da log\u00edstica, visibilidade e canais de distribui\u00e7\u00e3o.<\/span><\/p>\n<h3><span style=\"font-weight: 400;\">O quarto \u201cP\u201d &#8211; A Promo\u00e7\u00e3o<\/span><span style=\"font-weight: 400;\"><br \/>\n<\/span><\/h3>\n<p><span style=\"font-weight: 400;\">A promo\u00e7\u00e3o lida diretamente com a divulga\u00e7\u00e3o do produto, a famosa \u201cpropaganda\u201d.<\/span><\/p>\n<p><span style=\"font-weight: 400;\">\u00c9 neste ponto que fica decidido como o produto ser\u00e1 mostrado ao consumidor, se cria a imagem do produto e se define como ele ser\u00e1 visto pelo p\u00fablico.\u00a0<\/span><\/p>\n<p><span style=\"font-weight: 400;\">\u00c9 neste ponto tamb\u00e9m que mostramos ao consumidor o porqu\u00ea ele precisa do produto, mesmo que ele ainda n\u00e3o saiba disso.<\/span><\/p>\n<h2><span style=\"font-weight: 400;\">J\u00e1 tenho a estrat\u00e9gia definida, o que fazer agora?<\/span><\/h2>\n<p><span style=\"font-weight: 400;\">Depois de passar por toda a pesquisa e ter sua estrat\u00e9gia definida, voc\u00ea pode come\u00e7ar a propagar seu produto ou servi\u00e7o, e pode come\u00e7ar a vend\u00ea-lo tamb\u00e9m.<\/span><\/p>\n<p><span style=\"font-weight: 400;\">Abaixo separamos algumas ferramentas que podem ajudar sua empresa a gerir os passos do Marketing de uma forma simples.<\/span><\/p>\n<h3><span style=\"font-weight: 400;\">Canva<\/span><\/h3>\n<p><span style=\"font-weight: 400;\">O Canva \u00e9 uma ferramenta gratuita para cria\u00e7\u00e3o de conte\u00fado visual. Logotipos, Logomarcas, fotos de divulga\u00e7\u00e3o, fotos para publicidade e muito mais.<\/span><\/p>\n<p><span style=\"font-weight: 400;\">Essa ferramenta pode ser acessada tanto de celular quanto de computadores, al\u00e9m de ser muito simples de utilizar ela ainda conta com v\u00e1rios formatos diferentes de imagens que podem ajudar a sua marca a obter a identidade visual perfeita.<\/span><\/p>\n<h3><span style=\"font-weight: 400;\">Redes sociales<\/span><\/h3>\n<p><span style=\"font-weight: 400;\">As redes sociais s\u00e3o muito \u00fateis tanto para divulga\u00e7\u00e3o quanto para a venda de seus produtos.\u00a0<\/span><\/p>\n<p><span style=\"font-weight: 400;\">O Instagram por exemplo tem facilitado muito para comerciantes aumentarem seus lucros de uma forma simples, apenas criando uma conta na plataforma.<\/span><\/p>\n<h3><span style=\"font-weight: 400;\">E-commerces<\/span><\/h3>\n<p><span style=\"font-weight: 400;\">Os E-commerces se popularizaram muito nos \u00faltimos tempos por conta da pandemia. S\u00e3o as famosas Lojas Online.<\/span><\/p>\n<p><span style=\"font-weight: 400;\">Com um E-commerce voc\u00ea consegue manter todos os seus produtos em um \u00fanico lugar e gerenci\u00e1-los facilmente, \u00e9 necess\u00e1rio apenas um sistema que te ajude com isso.<\/span><\/p>\n<h3><span style=\"font-weight: 400;\">Sistema ERP Integrado<\/span><\/h3>\n<p><span style=\"font-weight: 400;\">Outra op\u00e7\u00e3o muito interessante s\u00e3o os sistemas ERPs Integrados, que fornecem todo o controle gerencial da empresa como o controle de estoque, financeiro e de vendas. Al\u00e9m tamb\u00e9m da integra\u00e7\u00e3o com E-commerces e redes sociais para facilitar ainda mais o dia a dia empresarial.<\/span><\/p>\n<p><span style=\"font-weight: 400;\">Com um <\/span><a href=\"https:\/\/www.softensistemas.com.br\/sua-empresa-na-internet\"><span style=\"font-weight: 400;\">Sistema ERP<\/span><\/a><span style=\"font-weight: 400;\"> voc\u00ea tem praticidade e conforto para gerenciar seus an\u00fancios, configurar sua loja virtual e manter todo o controle interno de sua empresa na palma de sua m\u00e3o.<\/span><\/p>\n<p><span style=\"font-weight: 400;\">Caso queira conhecer um pouco mais sobre o assunto, \u00e9 s\u00f3 acessar o <\/span><a href=\"https:\/\/www.softensistemas.com.br\/sua-empresa-na-internet\"><span style=\"font-weight: 400;\">sitio web<\/span><\/a><span style=\"font-weight: 400;\">.<\/span><\/p>","protected":false},"excerpt":{"rendered":"<p>Para qualquer empresa que vise crescimento no mundo moderno, o marketing \u00e9 uma ferramenta indispens\u00e1vel. \u00c9 o marketing que propaga a mensagem e miss\u00e3o de sua empresa, trazendo novos clientes e novas oportunidades.\u00a0 Por que o Marketing \u00e9 t\u00e3o importante? O que poucas pessoas sabem \u00e9 que o marketing \u00e9 uma ci\u00eancia. A maioria pensa [&hellip;]<\/p>\n","protected":false},"author":1,"featured_media":215442,"comment_status":"open","ping_status":"closed","sticky":false,"template":"","format":"standard","meta":{"_acf_changed":false,"content-type":"","footnotes":""},"categories":[4341,581,580],"tags":[],"class_list":["post-215440","post","type-post","status-publish","format-standard","has-post-thumbnail","hentry","category-digital-marketing","category-inbound-marketing","category-marketing-digital"],"acf":[],"yoast_head":"<!-- This site is optimized with the Yoast SEO Premium plugin v27.5 (Yoast SEO v27.5) - https:\/\/yoast.com\/product\/yoast-seo-premium-wordpress\/ -->\n<title>A import\u00e2ncia do Marketing na gest\u00e3o empresarial | E-Dialog<\/title>\n<meta name=\"description\" content=\"Veja neste artigo qual a import\u00e2ncia do marketing na gest\u00e3o empresarial e entenda porque essa \u00e1rea \u00e9 t\u00e3o estrat\u00e9gica atualmente.\" \/>\n<meta name=\"robots\" content=\"index, follow, max-snippet:-1, max-image-preview:large, max-video-preview:-1\" \/>\n<link rel=\"canonical\" href=\"https:\/\/www.edialog.com.br\/es\/a-importancia-do-marketing-na-gestao-empresarial\/\" \/>\n<meta property=\"og:locale\" content=\"es_ES\" \/>\n<meta property=\"og:type\" content=\"article\" \/>\n<meta property=\"og:title\" content=\"A import\u00e2ncia do Marketing na gest\u00e3o empresarial\" \/>\n<meta property=\"og:description\" content=\"Veja neste artigo qual a import\u00e2ncia do marketing na gest\u00e3o empresarial e entenda porque essa \u00e1rea \u00e9 t\u00e3o estrat\u00e9gica atualmente.\" \/>\n<meta property=\"og:url\" content=\"https:\/\/www.edialog.com.br\/es\/a-importancia-do-marketing-na-gestao-empresarial\/\" \/>\n<meta property=\"og:site_name\" content=\"Ag\u00eancia de Inbound Marketing | E-Dialog\" \/>\n<meta property=\"article:publisher\" content=\"https:\/\/facebook.com\/edialogcomunicacao\" \/>\n<meta property=\"article:author\" content=\"http:\/\/facebook.com\/renancaixeiro\" \/>\n<meta property=\"article:published_time\" content=\"2021-08-23T15:33:10+00:00\" \/>\n<meta property=\"article:modified_time\" content=\"2024-03-21T12:42:51+00:00\" \/>\n<meta property=\"og:image\" content=\"https:\/\/www.edialog.com.br\/wp-content\/uploads\/2021\/08\/iStock-1073160322.jpg\" \/>\n\t<meta property=\"og:image:width\" content=\"1254\" \/>\n\t<meta property=\"og:image:height\" content=\"836\" \/>\n\t<meta property=\"og:image:type\" content=\"image\/jpeg\" \/>\n<meta name=\"author\" content=\"Renan Caixeiro\" \/>\n<meta name=\"twitter:label1\" content=\"Escrito por\" \/>\n\t<meta name=\"twitter:data1\" content=\"Renan Caixeiro\" \/>\n\t<meta name=\"twitter:label2\" content=\"Tiempo de lectura\" \/>\n\t<meta name=\"twitter:data2\" content=\"5 minutos\" \/>\n<script type=\"application\/ld+json\" class=\"yoast-schema-graph\">{\"@context\":\"https:\\\/\\\/schema.org\",\"@graph\":[{\"@type\":[\"Article\",\"BlogPosting\"],\"@id\":\"https:\\\/\\\/www.edialog.com.br\\\/a-importancia-do-marketing-na-gestao-empresarial\\\/#article\",\"isPartOf\":{\"@id\":\"https:\\\/\\\/www.edialog.com.br\\\/a-importancia-do-marketing-na-gestao-empresarial\\\/\"},\"author\":{\"name\":\"Renan Caixeiro\",\"@id\":\"https:\\\/\\\/www.edialog.com.br\\\/#\\\/schema\\\/person\\\/7f509934e54fd30b9d2d02cf51b60966\"},\"headline\":\"A import\u00e2ncia do Marketing na gest\u00e3o empresarial\",\"datePublished\":\"2021-08-23T15:33:10+00:00\",\"dateModified\":\"2024-03-21T12:42:51+00:00\",\"mainEntityOfPage\":{\"@id\":\"https:\\\/\\\/www.edialog.com.br\\\/a-importancia-do-marketing-na-gestao-empresarial\\\/\"},\"wordCount\":1068,\"commentCount\":0,\"publisher\":{\"@id\":\"https:\\\/\\\/www.edialog.com.br\\\/#organization\"},\"image\":{\"@id\":\"https:\\\/\\\/www.edialog.com.br\\\/a-importancia-do-marketing-na-gestao-empresarial\\\/#primaryimage\"},\"thumbnailUrl\":\"https:\\\/\\\/www.edialog.com.br\\\/wp-content\\\/uploads\\\/2021\\\/08\\\/iStock-1073160322.jpg\",\"articleSection\":[\"Digital Marketing\",\"Inbound Marketing\",\"Marketing Digital\"],\"inLanguage\":\"es\",\"potentialAction\":[{\"@type\":\"CommentAction\",\"name\":\"Comment\",\"target\":[\"https:\\\/\\\/www.edialog.com.br\\\/a-importancia-do-marketing-na-gestao-empresarial\\\/#respond\"]}]},{\"@type\":\"WebPage\",\"@id\":\"https:\\\/\\\/www.edialog.com.br\\\/a-importancia-do-marketing-na-gestao-empresarial\\\/\",\"url\":\"https:\\\/\\\/www.edialog.com.br\\\/a-importancia-do-marketing-na-gestao-empresarial\\\/\",\"name\":\"A import\u00e2ncia do Marketing na gest\u00e3o empresarial | E-Dialog\",\"isPartOf\":{\"@id\":\"https:\\\/\\\/www.edialog.com.br\\\/#website\"},\"primaryImageOfPage\":{\"@id\":\"https:\\\/\\\/www.edialog.com.br\\\/a-importancia-do-marketing-na-gestao-empresarial\\\/#primaryimage\"},\"image\":{\"@id\":\"https:\\\/\\\/www.edialog.com.br\\\/a-importancia-do-marketing-na-gestao-empresarial\\\/#primaryimage\"},\"thumbnailUrl\":\"https:\\\/\\\/www.edialog.com.br\\\/wp-content\\\/uploads\\\/2021\\\/08\\\/iStock-1073160322.jpg\",\"datePublished\":\"2021-08-23T15:33:10+00:00\",\"dateModified\":\"2024-03-21T12:42:51+00:00\",\"description\":\"Veja neste artigo qual a import\u00e2ncia do marketing na gest\u00e3o empresarial e entenda porque essa \u00e1rea \u00e9 t\u00e3o estrat\u00e9gica atualmente.\",\"breadcrumb\":{\"@id\":\"https:\\\/\\\/www.edialog.com.br\\\/a-importancia-do-marketing-na-gestao-empresarial\\\/#breadcrumb\"},\"inLanguage\":\"es\",\"potentialAction\":[{\"@type\":\"ReadAction\",\"target\":[\"https:\\\/\\\/www.edialog.com.br\\\/a-importancia-do-marketing-na-gestao-empresarial\\\/\"]}]},{\"@type\":\"ImageObject\",\"inLanguage\":\"es\",\"@id\":\"https:\\\/\\\/www.edialog.com.br\\\/a-importancia-do-marketing-na-gestao-empresarial\\\/#primaryimage\",\"url\":\"https:\\\/\\\/www.edialog.com.br\\\/wp-content\\\/uploads\\\/2021\\\/08\\\/iStock-1073160322.jpg\",\"contentUrl\":\"https:\\\/\\\/www.edialog.com.br\\\/wp-content\\\/uploads\\\/2021\\\/08\\\/iStock-1073160322.jpg\",\"width\":1254,\"height\":836,\"caption\":\"marketing na gest\u00e3o empresarial\"},{\"@type\":\"BreadcrumbList\",\"@id\":\"https:\\\/\\\/www.edialog.com.br\\\/a-importancia-do-marketing-na-gestao-empresarial\\\/#breadcrumb\",\"itemListElement\":[{\"@type\":\"ListItem\",\"position\":1,\"name\":\"Home\",\"item\":\"https:\\\/\\\/www.edialog.com.br\\\/\"},{\"@type\":\"ListItem\",\"position\":2,\"name\":\"Digital Marketing\",\"item\":\"https:\\\/\\\/www.edialog.com.br\\\/category\\\/digital-marketing\\\/\"},{\"@type\":\"ListItem\",\"position\":3,\"name\":\"A import\u00e2ncia do Marketing na gest\u00e3o empresarial\"}]},{\"@type\":\"WebSite\",\"@id\":\"https:\\\/\\\/www.edialog.com.br\\\/#website\",\"url\":\"https:\\\/\\\/www.edialog.com.br\\\/\",\"name\":\"Ag\u00eancia de Inbound Marketing | E-Dialog\",\"description\":\"Ag\u00eancia de Inbound Marketing premiada com solu\u00e7\u00f5es completas para o seu neg\u00f3cio. Atraia leads, com conte\u00fados \u00fanicos e envolventes. Solicite or\u00e7amento!\",\"publisher\":{\"@id\":\"https:\\\/\\\/www.edialog.com.br\\\/#organization\"},\"potentialAction\":[{\"@type\":\"SearchAction\",\"target\":{\"@type\":\"EntryPoint\",\"urlTemplate\":\"https:\\\/\\\/www.edialog.com.br\\\/?s={search_term_string}\"},\"query-input\":{\"@type\":\"PropertyValueSpecification\",\"valueRequired\":true,\"valueName\":\"search_term_string\"}}],\"inLanguage\":\"es\"},{\"@type\":\"Organization\",\"@id\":\"https:\\\/\\\/www.edialog.com.br\\\/#organization\",\"name\":\"Ag\u00eancia de M\u00eddias Sociais e Marketing Digital | E-Dialog\",\"url\":\"https:\\\/\\\/www.edialog.com.br\\\/\",\"logo\":{\"@type\":\"ImageObject\",\"inLanguage\":\"es\",\"@id\":\"https:\\\/\\\/www.edialog.com.br\\\/#\\\/schema\\\/logo\\\/image\\\/\",\"url\":\"https:\\\/\\\/www.edialog.com.br\\\/wp-content\\\/uploads\\\/2021\\\/09\\\/edialog-logo-case.png\",\"contentUrl\":\"https:\\\/\\\/www.edialog.com.br\\\/wp-content\\\/uploads\\\/2021\\\/09\\\/edialog-logo-case.png\",\"width\":810,\"height\":450,\"caption\":\"Ag\u00eancia de M\u00eddias Sociais e Marketing Digital | E-Dialog\"},\"image\":{\"@id\":\"https:\\\/\\\/www.edialog.com.br\\\/#\\\/schema\\\/logo\\\/image\\\/\"},\"sameAs\":[\"https:\\\/\\\/facebook.com\\\/edialogcomunicacao\",\"https:\\\/\\\/x.com\\\/edialog_br\",\"https:\\\/\\\/www.instagram.com\\\/edialog_br\",\"https:\\\/\\\/www.linkedin.com\\\/company\\\/e-dialog-comunica-o-digital\",\"https:\\\/\\\/www.youtube.com\\\/channel\\\/UCPiVQ_yVlcCqWS2sRzJZj7g\"]},{\"@type\":\"Person\",\"@id\":\"https:\\\/\\\/www.edialog.com.br\\\/#\\\/schema\\\/person\\\/7f509934e54fd30b9d2d02cf51b60966\",\"name\":\"Renan Caixeiro\",\"image\":{\"@type\":\"ImageObject\",\"inLanguage\":\"es\",\"@id\":\"https:\\\/\\\/www.edialog.com.br\\\/wp-content\\\/uploads\\\/2023\\\/11\\\/renan-caixeiro-150x150.jpg\",\"url\":\"https:\\\/\\\/www.edialog.com.br\\\/wp-content\\\/uploads\\\/2023\\\/11\\\/renan-caixeiro-150x150.jpg\",\"contentUrl\":\"https:\\\/\\\/www.edialog.com.br\\\/wp-content\\\/uploads\\\/2023\\\/11\\\/renan-caixeiro-150x150.jpg\",\"caption\":\"Renan Caixeiro\"},\"description\":\"S\u00f3cio Diretor na E-Dialog, \u00e9 graduado em Jornalismo e p\u00f3s-graduado em Comunica\u00e7\u00e3o Corporativa, ambos pela UFJF. Est\u00e1 \u00e0 frente do Reportei, SaaS de relat\u00f3rios e dashboards, \u00e9 host do Projeto SaaS, podcast que compartilha experi\u00eancias do universo de software as a service, e s\u00f3cio da Aquela Caixa, comunidade para profissionais de cria\u00e7\u00e3o. Torcedor do Vasco, tem como meta comprar o Gigante da Colina. LinkedIn: @renancaixeiro \\\/ Instagram: @renancaixeiro.\",\"sameAs\":[\"http:\\\/\\\/facebook.com\\\/renancaixeiro\",\"https:\\\/\\\/www.instagram.com\\\/renancaixeiro\\\/\",\"https:\\\/\\\/br.linkedin.com\\\/in\\\/renancaixeiro\\\/pt\",\"https:\\\/\\\/x.com\\\/renancaixeiro\"],\"url\":\"https:\\\/\\\/www.edialog.com.br\\\/es\\\/author\\\/renancaixeiro\\\/\"}]}<\/script>\n<!-- \/ Yoast SEO Premium plugin. -->","yoast_head_json":{"title":"A import\u00e2ncia do Marketing na gest\u00e3o empresarial | E-Dialog","description":"Veja neste artigo qual a import\u00e2ncia do marketing na gest\u00e3o empresarial e entenda porque essa \u00e1rea \u00e9 t\u00e3o estrat\u00e9gica atualmente.","robots":{"index":"index","follow":"follow","max-snippet":"max-snippet:-1","max-image-preview":"max-image-preview:large","max-video-preview":"max-video-preview:-1"},"canonical":"https:\/\/www.edialog.com.br\/es\/a-importancia-do-marketing-na-gestao-empresarial\/","og_locale":"es_ES","og_type":"article","og_title":"A import\u00e2ncia do Marketing na gest\u00e3o empresarial","og_description":"Veja neste artigo qual a import\u00e2ncia do marketing na gest\u00e3o empresarial e entenda porque essa \u00e1rea \u00e9 t\u00e3o estrat\u00e9gica atualmente.","og_url":"https:\/\/www.edialog.com.br\/es\/a-importancia-do-marketing-na-gestao-empresarial\/","og_site_name":"Ag\u00eancia de Inbound Marketing | E-Dialog","article_publisher":"https:\/\/facebook.com\/edialogcomunicacao","article_author":"http:\/\/facebook.com\/renancaixeiro","article_published_time":"2021-08-23T15:33:10+00:00","article_modified_time":"2024-03-21T12:42:51+00:00","og_image":[{"width":1254,"height":836,"url":"https:\/\/www.edialog.com.br\/wp-content\/uploads\/2021\/08\/iStock-1073160322.jpg","type":"image\/jpeg"}],"author":"Renan Caixeiro","twitter_misc":{"Escrito por":"Renan Caixeiro","Tiempo de lectura":"5 minutos"},"schema":{"@context":"https:\/\/schema.org","@graph":[{"@type":["Article","BlogPosting"],"@id":"https:\/\/www.edialog.com.br\/a-importancia-do-marketing-na-gestao-empresarial\/#article","isPartOf":{"@id":"https:\/\/www.edialog.com.br\/a-importancia-do-marketing-na-gestao-empresarial\/"},"author":{"name":"Renan Caixeiro","@id":"https:\/\/www.edialog.com.br\/#\/schema\/person\/7f509934e54fd30b9d2d02cf51b60966"},"headline":"A import\u00e2ncia do Marketing na gest\u00e3o empresarial","datePublished":"2021-08-23T15:33:10+00:00","dateModified":"2024-03-21T12:42:51+00:00","mainEntityOfPage":{"@id":"https:\/\/www.edialog.com.br\/a-importancia-do-marketing-na-gestao-empresarial\/"},"wordCount":1068,"commentCount":0,"publisher":{"@id":"https:\/\/www.edialog.com.br\/#organization"},"image":{"@id":"https:\/\/www.edialog.com.br\/a-importancia-do-marketing-na-gestao-empresarial\/#primaryimage"},"thumbnailUrl":"https:\/\/www.edialog.com.br\/wp-content\/uploads\/2021\/08\/iStock-1073160322.jpg","articleSection":["Digital Marketing","Inbound Marketing","Marketing Digital"],"inLanguage":"es","potentialAction":[{"@type":"CommentAction","name":"Comment","target":["https:\/\/www.edialog.com.br\/a-importancia-do-marketing-na-gestao-empresarial\/#respond"]}]},{"@type":"WebPage","@id":"https:\/\/www.edialog.com.br\/a-importancia-do-marketing-na-gestao-empresarial\/","url":"https:\/\/www.edialog.com.br\/a-importancia-do-marketing-na-gestao-empresarial\/","name":"A import\u00e2ncia do Marketing na gest\u00e3o empresarial | E-Dialog","isPartOf":{"@id":"https:\/\/www.edialog.com.br\/#website"},"primaryImageOfPage":{"@id":"https:\/\/www.edialog.com.br\/a-importancia-do-marketing-na-gestao-empresarial\/#primaryimage"},"image":{"@id":"https:\/\/www.edialog.com.br\/a-importancia-do-marketing-na-gestao-empresarial\/#primaryimage"},"thumbnailUrl":"https:\/\/www.edialog.com.br\/wp-content\/uploads\/2021\/08\/iStock-1073160322.jpg","datePublished":"2021-08-23T15:33:10+00:00","dateModified":"2024-03-21T12:42:51+00:00","description":"Veja neste artigo qual a import\u00e2ncia do marketing na gest\u00e3o empresarial e entenda porque essa \u00e1rea \u00e9 t\u00e3o estrat\u00e9gica atualmente.","breadcrumb":{"@id":"https:\/\/www.edialog.com.br\/a-importancia-do-marketing-na-gestao-empresarial\/#breadcrumb"},"inLanguage":"es","potentialAction":[{"@type":"ReadAction","target":["https:\/\/www.edialog.com.br\/a-importancia-do-marketing-na-gestao-empresarial\/"]}]},{"@type":"ImageObject","inLanguage":"es","@id":"https:\/\/www.edialog.com.br\/a-importancia-do-marketing-na-gestao-empresarial\/#primaryimage","url":"https:\/\/www.edialog.com.br\/wp-content\/uploads\/2021\/08\/iStock-1073160322.jpg","contentUrl":"https:\/\/www.edialog.com.br\/wp-content\/uploads\/2021\/08\/iStock-1073160322.jpg","width":1254,"height":836,"caption":"marketing na gest\u00e3o empresarial"},{"@type":"BreadcrumbList","@id":"https:\/\/www.edialog.com.br\/a-importancia-do-marketing-na-gestao-empresarial\/#breadcrumb","itemListElement":[{"@type":"ListItem","position":1,"name":"Home","item":"https:\/\/www.edialog.com.br\/"},{"@type":"ListItem","position":2,"name":"Digital Marketing","item":"https:\/\/www.edialog.com.br\/category\/digital-marketing\/"},{"@type":"ListItem","position":3,"name":"A import\u00e2ncia do Marketing na gest\u00e3o empresarial"}]},{"@type":"WebSite","@id":"https:\/\/www.edialog.com.br\/#website","url":"https:\/\/www.edialog.com.br\/","name":"Agencia de marketing entrante | E-Dialog","description":"Ag\u00eancia de Inbound Marketing premiada com solu\u00e7\u00f5es completas para o seu neg\u00f3cio. Atraia leads, com conte\u00fados \u00fanicos e envolventes. Solicite or\u00e7amento!","publisher":{"@id":"https:\/\/www.edialog.com.br\/#organization"},"potentialAction":[{"@type":"SearchAction","target":{"@type":"EntryPoint","urlTemplate":"https:\/\/www.edialog.com.br\/?s={search_term_string}"},"query-input":{"@type":"PropertyValueSpecification","valueRequired":true,"valueName":"search_term_string"}}],"inLanguage":"es"},{"@type":"Organization","@id":"https:\/\/www.edialog.com.br\/#organization","name":"Ag\u00eancia de M\u00eddias Sociais e Marketing Digital | E-Dialog","url":"https:\/\/www.edialog.com.br\/","logo":{"@type":"ImageObject","inLanguage":"es","@id":"https:\/\/www.edialog.com.br\/#\/schema\/logo\/image\/","url":"https:\/\/www.edialog.com.br\/wp-content\/uploads\/2021\/09\/edialog-logo-case.png","contentUrl":"https:\/\/www.edialog.com.br\/wp-content\/uploads\/2021\/09\/edialog-logo-case.png","width":810,"height":450,"caption":"Ag\u00eancia de M\u00eddias Sociais e Marketing Digital | E-Dialog"},"image":{"@id":"https:\/\/www.edialog.com.br\/#\/schema\/logo\/image\/"},"sameAs":["https:\/\/facebook.com\/edialogcomunicacao","https:\/\/x.com\/edialog_br","https:\/\/www.instagram.com\/edialog_br","https:\/\/www.linkedin.com\/company\/e-dialog-comunica-o-digital","https:\/\/www.youtube.com\/channel\/UCPiVQ_yVlcCqWS2sRzJZj7g"]},{"@type":"Person","@id":"https:\/\/www.edialog.com.br\/#\/schema\/person\/7f509934e54fd30b9d2d02cf51b60966","name":"Renan Caixeiro","image":{"@type":"ImageObject","inLanguage":"es","@id":"https:\/\/www.edialog.com.br\/wp-content\/uploads\/2023\/11\/renan-caixeiro-150x150.jpg","url":"https:\/\/www.edialog.com.br\/wp-content\/uploads\/2023\/11\/renan-caixeiro-150x150.jpg","contentUrl":"https:\/\/www.edialog.com.br\/wp-content\/uploads\/2023\/11\/renan-caixeiro-150x150.jpg","caption":"Renan Caixeiro"},"description":"S\u00f3cio Diretor na E-Dialog, \u00e9 graduado em Jornalismo e p\u00f3s-graduado em Comunica\u00e7\u00e3o Corporativa, ambos pela UFJF. Est\u00e1 \u00e0 frente do Reportei, SaaS de relat\u00f3rios e dashboards, \u00e9 host do Projeto SaaS, podcast que compartilha experi\u00eancias do universo de software as a service, e s\u00f3cio da Aquela Caixa, comunidade para profissionais de cria\u00e7\u00e3o. Torcedor do Vasco, tem como meta comprar o Gigante da Colina. LinkedIn: @renancaixeiro \/ Instagram: @renancaixeiro.","sameAs":["http:\/\/facebook.com\/renancaixeiro","https:\/\/www.instagram.com\/renancaixeiro\/","https:\/\/br.linkedin.com\/in\/renancaixeiro\/pt","https:\/\/x.com\/renancaixeiro"],"url":"https:\/\/www.edialog.com.br\/es\/author\/renancaixeiro\/"}]}},"_links":{"self":[{"href":"https:\/\/www.edialog.com.br\/es\/wp-json\/wp\/v2\/posts\/215440","targetHints":{"allow":["GET"]}}],"collection":[{"href":"https:\/\/www.edialog.com.br\/es\/wp-json\/wp\/v2\/posts"}],"about":[{"href":"https:\/\/www.edialog.com.br\/es\/wp-json\/wp\/v2\/types\/post"}],"author":[{"embeddable":true,"href":"https:\/\/www.edialog.com.br\/es\/wp-json\/wp\/v2\/users\/1"}],"replies":[{"embeddable":true,"href":"https:\/\/www.edialog.com.br\/es\/wp-json\/wp\/v2\/comments?post=215440"}],"version-history":[{"count":0,"href":"https:\/\/www.edialog.com.br\/es\/wp-json\/wp\/v2\/posts\/215440\/revisions"}],"wp:featuredmedia":[{"embeddable":true,"href":"https:\/\/www.edialog.com.br\/es\/wp-json\/wp\/v2\/media\/215442"}],"wp:attachment":[{"href":"https:\/\/www.edialog.com.br\/es\/wp-json\/wp\/v2\/media?parent=215440"}],"wp:term":[{"taxonomy":"category","embeddable":true,"href":"https:\/\/www.edialog.com.br\/es\/wp-json\/wp\/v2\/categories?post=215440"},{"taxonomy":"post_tag","embeddable":true,"href":"https:\/\/www.edialog.com.br\/es\/wp-json\/wp\/v2\/tags?post=215440"}],"curies":[{"name":"wp","href":"https:\/\/api.w.org\/{rel}","templated":true}]}}