{"id":214112,"date":"2021-01-29T11:47:36","date_gmt":"2021-01-29T14:47:36","guid":{"rendered":"https:\/\/www.edialog.com.br\/?p=214112"},"modified":"2024-07-02T16:07:05","modified_gmt":"2024-07-02T19:07:05","slug":"o-que-e-branding","status":"publish","type":"post","link":"https:\/\/www.edialog.com.br\/es\/o-que-e-branding\/","title":{"rendered":"O que \u00e9 branding e como ele pode fortificar o seu neg\u00f3cio?"},"content":{"rendered":"<p>Muito tem se falado sobre branding e como us\u00e1-lo para se destacar no mercado. Branding nada mais \u00e9 que o processo de gest\u00e3o de uma marca (seja ela pessoal ou empresarial). Ou seja, tudo que envolve a administra\u00e7\u00e3o, o desenvolvimento, o marketing e o planejamento da marca \u00e9 branding.<\/p>\n<p>Realizar essa gest\u00e3o de forma estrat\u00e9gica e consciente nos permite <a href=\"https:\/\/www.gpme.com.br\/abrir-negocio-proprio\/\">criar um neg\u00f3cio<\/a> com identidade forte, que tenha valores facilmente percebidos, gerando assim um v\u00ednculo com o cliente.<\/p>\n<p>Esse \u00e9 o melhor caminho para a diferencia\u00e7\u00e3o!<\/p>\n<h2>POR ONDE EU COME\u00c7O?<\/h2>\n<p>Para fazer um branding de sucesso o primeiro passo \u00e9 entender o prop\u00f3sito da sua marca:<\/p>\n<ul>\n<li>Por que ela existe?<\/li>\n<li>Quais problemas ela resolve?<\/li>\n<\/ul>\n<p>\u00c0 partir dessas respostas, podemos definir todo o universo de marca: o rumo, proposta de valor, voz, tom, comunica\u00e7\u00e3o, especialidade, nicho, diferencial, identidade visual e personas.<\/p>\n<p>Pronto! Agora que voc\u00ea j\u00e1 entendeu a sua marca fica muito mais f\u00e1cil entender quais promessas voc\u00ea vai fazer ao mercado e consequentemente fica muito mais f\u00e1cil <a href=\"https:\/\/www.gpme.com.br\/negocio-lucrativo\/\">vender o seu produto\/servi\u00e7o. <\/a><\/p>\n<h2>O QUE EU GANHO?<\/h2>\n<p>Com produtos\/servi\u00e7os cada vez mais parecidos, em mercados cada vez mais saturados, o <em>marca <\/em>passou a ser uma importante ferramenta de diferencia\u00e7\u00e3o. (Sim, a diferencia\u00e7\u00e3o de novo!)<\/p>\n<p>A empresa que conseguir expressar o seu universo de marca atrav\u00e9s de experi\u00eancias cuidadosamente elaboradas, sai na frente. S\u00e3o estas experi\u00eancias que v\u00e3o convencer o cliente a considerar, preferir, e, finalmente, a comprar sua marca.<\/p>\n<p>Mas o<em> marca<\/em> n\u00e3o \u00e9 s\u00f3 sobre as pessoas escolherem a sua marca ao inv\u00e9s do seu concorrente. Branding \u00e9 sobre gerir as expectativas dos clientes de forma a condicionar o seu<a href=\"https:\/\/rockcontent.com\/br\/blog\/publico-alvo\/\"> p\u00fablico-alvo<\/a> a enxergar a sua oferta como a \u00fanica resposta para uma necessidade espec\u00edfica dele.<\/p>\n<p>Definindo assim uma promessa realista e gerenci\u00e1vel do que a marca ir\u00e1 entregar e o que os consumidores podem esperar dela.<\/p>\n<p>Dessa maneira, o <em>marca<\/em> se tornou um dos principais pilares da estrat\u00e9gia empresarial: impulsionando as decis\u00f5es de compra dos consumidores e afetando quase todas as \u00e1reas das organiza\u00e7\u00f5es.<\/p>\n<p>Reafirmando sua import\u00e2ncia, hoje j\u00e1 temos cen\u00e1rios em que o valor da marca representa uma fra\u00e7\u00e3o substancial do valor da empresa como um todo.<\/p>\n<h2>EXEMPLOS DE BRANDING DE SUCESSO<\/h2>\n<p>Quando a estrat\u00e9gia de <em>marca <\/em>\u00e9 bem sucedida, a marca ultrapassa o \u201climite\u201d do seu produto e revoluciona o mercado conquistando os cora\u00e7\u00f5es e mentes dos clientes e transformando-os em verdadeiros embaixadores da sua marca.<\/p>\n<p>\u00c9 imposs\u00edvel n\u00e3o pensar em exemplos do nosso dia a dia em que chamamos o produto pelo nome da marca famosa como: Nescau (achocolatado em p\u00f3), Leite Mo\u00e7a (leite condensado), Sucrilhos (cereal), Leite Ninho (leite em p\u00f3), Band-Aid (curativos adesivos), Chiclete (goma de mascar), dentre outras.<\/p>\n<p>Parece que o produto n\u00e3o existia antes da marca nascer. Esse \u00e9 o \u00e1pice do sucesso na gest\u00e3o de uma marca!<\/p>\n<p>Agora que voc\u00ea conheceu o conceito de branding e seus benef\u00edcios, vamos coloc\u00e1-los em pr\u00e1tica na sua marca?<\/p>\n<blockquote>\n<p><em>Texto: <\/em><a href=\"https:\/\/www.gpme.com.br\/\"><em>GPME- Expans\u00e3o e Estrutura\u00e7\u00e3o de Neg\u00f3cios<\/em><\/a><\/p>\n<\/blockquote>\n\n\n<p><em><strong>- Lea tambi\u00e9n:<\/strong> <a href=\"https:\/\/www.edialog.com.br\/es\/brand-voice\/\">Brand Voice: o que \u00e9 e qual a import\u00e2ncia da Voz da Marca para o marketing<\/a><\/em><\/p>","protected":false},"excerpt":{"rendered":"<p>Muito tem se falado sobre branding e como us\u00e1-lo para se destacar no mercado. Branding nada mais \u00e9 que o processo de gest\u00e3o de uma marca (seja ela pessoal ou empresarial). Ou seja, tudo que envolve a administra\u00e7\u00e3o, o desenvolvimento, o marketing e o planejamento da marca \u00e9 branding. Realizar essa gest\u00e3o de forma estrat\u00e9gica [&hellip;]<\/p>\n","protected":false},"author":1,"featured_media":0,"comment_status":"open","ping_status":"closed","sticky":false,"template":"","format":"standard","meta":{"_acf_changed":false,"content-type":"","footnotes":""},"categories":[580],"tags":[],"class_list":["post-214112","post","type-post","status-publish","format-standard","hentry","category-marketing-digital"],"acf":[],"yoast_head":"<!-- This site is optimized with the Yoast SEO Premium plugin v27.3 (Yoast SEO v27.3) - https:\/\/yoast.com\/product\/yoast-seo-premium-wordpress\/ -->\n<title>O que \u00e9 branding e como ele pode fortificar o seu neg\u00f3cio?<\/title>\n<meta name=\"description\" content=\"O Branding envolve a\u00e7\u00f5es estrat\u00e9gicas relacionadas ao posicionamento, prop\u00f3sito, valores e identidade de uma marca. Confira no artigo!\" \/>\n<meta name=\"robots\" content=\"index, follow, max-snippet:-1, max-image-preview:large, max-video-preview:-1\" \/>\n<link rel=\"canonical\" href=\"https:\/\/www.edialog.com.br\/es\/o-que-e-branding\/\" \/>\n<meta property=\"og:locale\" content=\"es_ES\" \/>\n<meta property=\"og:type\" content=\"article\" \/>\n<meta property=\"og:title\" content=\"O que \u00e9 branding e como ele pode fortificar o seu neg\u00f3cio?\" \/>\n<meta property=\"og:description\" content=\"O Branding envolve a\u00e7\u00f5es estrat\u00e9gicas relacionadas ao posicionamento, prop\u00f3sito, valores e identidade de uma marca. Confira no artigo!\" \/>\n<meta property=\"og:url\" content=\"https:\/\/www.edialog.com.br\/es\/o-que-e-branding\/\" \/>\n<meta property=\"og:site_name\" content=\"Ag\u00eancia de Inbound Marketing | E-Dialog\" \/>\n<meta property=\"article:publisher\" content=\"https:\/\/facebook.com\/edialogcomunicacao\" \/>\n<meta property=\"article:author\" content=\"http:\/\/facebook.com\/renancaixeiro\" \/>\n<meta property=\"article:published_time\" content=\"2021-01-29T14:47:36+00:00\" \/>\n<meta property=\"article:modified_time\" content=\"2024-07-02T19:07:05+00:00\" \/>\n<meta property=\"og:image\" content=\"https:\/\/www.edialog.com.br\/wp-content\/uploads\/2021\/01\/iStock-1169417158-1.jpg\" \/>\n\t<meta property=\"og:image:width\" content=\"724\" \/>\n\t<meta property=\"og:image:height\" content=\"483\" \/>\n\t<meta property=\"og:image:type\" content=\"image\/jpeg\" \/>\n<meta name=\"author\" content=\"Renan Caixeiro\" \/>\n<meta name=\"twitter:label1\" content=\"Escrito por\" \/>\n\t<meta name=\"twitter:data1\" content=\"Renan Caixeiro\" \/>\n\t<meta name=\"twitter:label2\" content=\"Tiempo de lectura\" \/>\n\t<meta name=\"twitter:data2\" content=\"3 minutos\" \/>\n<script type=\"application\/ld+json\" class=\"yoast-schema-graph\">{\"@context\":\"https:\\\/\\\/schema.org\",\"@graph\":[{\"@type\":[\"Article\",\"BlogPosting\"],\"@id\":\"https:\\\/\\\/www.edialog.com.br\\\/o-que-e-branding\\\/#article\",\"isPartOf\":{\"@id\":\"https:\\\/\\\/www.edialog.com.br\\\/o-que-e-branding\\\/\"},\"author\":{\"name\":\"Renan Caixeiro\",\"@id\":\"https:\\\/\\\/www.edialog.com.br\\\/#\\\/schema\\\/person\\\/7f509934e54fd30b9d2d02cf51b60966\"},\"headline\":\"O que \u00e9 branding e como ele pode fortificar o seu neg\u00f3cio?\",\"datePublished\":\"2021-01-29T14:47:36+00:00\",\"dateModified\":\"2024-07-02T19:07:05+00:00\",\"mainEntityOfPage\":{\"@id\":\"https:\\\/\\\/www.edialog.com.br\\\/o-que-e-branding\\\/\"},\"wordCount\":558,\"commentCount\":0,\"publisher\":{\"@id\":\"https:\\\/\\\/www.edialog.com.br\\\/#organization\"},\"articleSection\":[\"Marketing Digital\"],\"inLanguage\":\"es\",\"potentialAction\":[{\"@type\":\"CommentAction\",\"name\":\"Comment\",\"target\":[\"https:\\\/\\\/www.edialog.com.br\\\/o-que-e-branding\\\/#respond\"]}]},{\"@type\":\"WebPage\",\"@id\":\"https:\\\/\\\/www.edialog.com.br\\\/o-que-e-branding\\\/\",\"url\":\"https:\\\/\\\/www.edialog.com.br\\\/o-que-e-branding\\\/\",\"name\":\"O que \u00e9 branding e como ele pode fortificar o seu neg\u00f3cio?\",\"isPartOf\":{\"@id\":\"https:\\\/\\\/www.edialog.com.br\\\/#website\"},\"datePublished\":\"2021-01-29T14:47:36+00:00\",\"dateModified\":\"2024-07-02T19:07:05+00:00\",\"description\":\"O Branding envolve a\u00e7\u00f5es estrat\u00e9gicas relacionadas ao posicionamento, prop\u00f3sito, valores e identidade de uma marca. Confira no artigo!\",\"breadcrumb\":{\"@id\":\"https:\\\/\\\/www.edialog.com.br\\\/o-que-e-branding\\\/#breadcrumb\"},\"inLanguage\":\"es\",\"potentialAction\":[{\"@type\":\"ReadAction\",\"target\":[\"https:\\\/\\\/www.edialog.com.br\\\/o-que-e-branding\\\/\"]}]},{\"@type\":\"BreadcrumbList\",\"@id\":\"https:\\\/\\\/www.edialog.com.br\\\/o-que-e-branding\\\/#breadcrumb\",\"itemListElement\":[{\"@type\":\"ListItem\",\"position\":1,\"name\":\"Home\",\"item\":\"https:\\\/\\\/www.edialog.com.br\\\/\"},{\"@type\":\"ListItem\",\"position\":2,\"name\":\"Marketing Digital\",\"item\":\"https:\\\/\\\/www.edialog.com.br\\\/category\\\/marketing-digital\\\/\"},{\"@type\":\"ListItem\",\"position\":3,\"name\":\"O que \u00e9 branding e como ele pode fortificar o seu neg\u00f3cio?\"}]},{\"@type\":\"WebSite\",\"@id\":\"https:\\\/\\\/www.edialog.com.br\\\/#website\",\"url\":\"https:\\\/\\\/www.edialog.com.br\\\/\",\"name\":\"Ag\u00eancia de Inbound Marketing | E-Dialog\",\"description\":\"Ag\u00eancia de Inbound Marketing premiada com solu\u00e7\u00f5es completas para o seu neg\u00f3cio. Atraia leads, com conte\u00fados \u00fanicos e envolventes. Solicite or\u00e7amento!\",\"publisher\":{\"@id\":\"https:\\\/\\\/www.edialog.com.br\\\/#organization\"},\"potentialAction\":[{\"@type\":\"SearchAction\",\"target\":{\"@type\":\"EntryPoint\",\"urlTemplate\":\"https:\\\/\\\/www.edialog.com.br\\\/?s={search_term_string}\"},\"query-input\":{\"@type\":\"PropertyValueSpecification\",\"valueRequired\":true,\"valueName\":\"search_term_string\"}}],\"inLanguage\":\"es\"},{\"@type\":\"Organization\",\"@id\":\"https:\\\/\\\/www.edialog.com.br\\\/#organization\",\"name\":\"Ag\u00eancia de M\u00eddias Sociais e Marketing Digital | E-Dialog\",\"url\":\"https:\\\/\\\/www.edialog.com.br\\\/\",\"logo\":{\"@type\":\"ImageObject\",\"inLanguage\":\"es\",\"@id\":\"https:\\\/\\\/www.edialog.com.br\\\/#\\\/schema\\\/logo\\\/image\\\/\",\"url\":\"https:\\\/\\\/www.edialog.com.br\\\/wp-content\\\/uploads\\\/2021\\\/09\\\/edialog-logo-case.png\",\"contentUrl\":\"https:\\\/\\\/www.edialog.com.br\\\/wp-content\\\/uploads\\\/2021\\\/09\\\/edialog-logo-case.png\",\"width\":810,\"height\":450,\"caption\":\"Ag\u00eancia de M\u00eddias Sociais e Marketing Digital | E-Dialog\"},\"image\":{\"@id\":\"https:\\\/\\\/www.edialog.com.br\\\/#\\\/schema\\\/logo\\\/image\\\/\"},\"sameAs\":[\"https:\\\/\\\/facebook.com\\\/edialogcomunicacao\",\"https:\\\/\\\/x.com\\\/edialog_br\",\"https:\\\/\\\/www.instagram.com\\\/edialog_br\",\"https:\\\/\\\/www.linkedin.com\\\/company\\\/e-dialog-comunica-o-digital\",\"https:\\\/\\\/www.youtube.com\\\/channel\\\/UCPiVQ_yVlcCqWS2sRzJZj7g\"]},{\"@type\":\"Person\",\"@id\":\"https:\\\/\\\/www.edialog.com.br\\\/#\\\/schema\\\/person\\\/7f509934e54fd30b9d2d02cf51b60966\",\"name\":\"Renan Caixeiro\",\"image\":{\"@type\":\"ImageObject\",\"inLanguage\":\"es\",\"@id\":\"https:\\\/\\\/www.edialog.com.br\\\/wp-content\\\/uploads\\\/2023\\\/11\\\/renan-caixeiro-150x150.jpg\",\"url\":\"https:\\\/\\\/www.edialog.com.br\\\/wp-content\\\/uploads\\\/2023\\\/11\\\/renan-caixeiro-150x150.jpg\",\"contentUrl\":\"https:\\\/\\\/www.edialog.com.br\\\/wp-content\\\/uploads\\\/2023\\\/11\\\/renan-caixeiro-150x150.jpg\",\"caption\":\"Renan Caixeiro\"},\"description\":\"S\u00f3cio Diretor na E-Dialog, \u00e9 graduado em Jornalismo e p\u00f3s-graduado em Comunica\u00e7\u00e3o Corporativa, ambos pela UFJF. Est\u00e1 \u00e0 frente do Reportei, SaaS de relat\u00f3rios e dashboards, \u00e9 host do Projeto SaaS, podcast que compartilha experi\u00eancias do universo de software as a service, e s\u00f3cio da Aquela Caixa, comunidade para profissionais de cria\u00e7\u00e3o. Torcedor do Vasco, tem como meta comprar o Gigante da Colina. LinkedIn: @renancaixeiro \\\/ Instagram: @renancaixeiro.\",\"sameAs\":[\"http:\\\/\\\/facebook.com\\\/renancaixeiro\",\"https:\\\/\\\/www.instagram.com\\\/renancaixeiro\\\/\",\"https:\\\/\\\/br.linkedin.com\\\/in\\\/renancaixeiro\\\/pt\",\"https:\\\/\\\/x.com\\\/renancaixeiro\"],\"url\":\"https:\\\/\\\/www.edialog.com.br\\\/es\\\/author\\\/renancaixeiro\\\/\"}]}<\/script>\n<!-- \/ Yoast SEO Premium plugin. -->","yoast_head_json":{"title":"O que \u00e9 branding e como ele pode fortificar o seu neg\u00f3cio?","description":"O Branding envolve a\u00e7\u00f5es estrat\u00e9gicas relacionadas ao posicionamento, prop\u00f3sito, valores e identidade de uma marca. Confira no artigo!","robots":{"index":"index","follow":"follow","max-snippet":"max-snippet:-1","max-image-preview":"max-image-preview:large","max-video-preview":"max-video-preview:-1"},"canonical":"https:\/\/www.edialog.com.br\/es\/o-que-e-branding\/","og_locale":"es_ES","og_type":"article","og_title":"O que \u00e9 branding e como ele pode fortificar o seu neg\u00f3cio?","og_description":"O Branding envolve a\u00e7\u00f5es estrat\u00e9gicas relacionadas ao posicionamento, prop\u00f3sito, valores e identidade de uma marca. Confira no artigo!","og_url":"https:\/\/www.edialog.com.br\/es\/o-que-e-branding\/","og_site_name":"Ag\u00eancia de Inbound Marketing | E-Dialog","article_publisher":"https:\/\/facebook.com\/edialogcomunicacao","article_author":"http:\/\/facebook.com\/renancaixeiro","article_published_time":"2021-01-29T14:47:36+00:00","article_modified_time":"2024-07-02T19:07:05+00:00","og_image":[{"width":724,"height":483,"url":"https:\/\/www.edialog.com.br\/wp-content\/uploads\/2021\/01\/iStock-1169417158-1.jpg","type":"image\/jpeg"}],"author":"Renan Caixeiro","twitter_misc":{"Escrito por":"Renan Caixeiro","Tiempo de lectura":"3 minutos"},"schema":{"@context":"https:\/\/schema.org","@graph":[{"@type":["Article","BlogPosting"],"@id":"https:\/\/www.edialog.com.br\/o-que-e-branding\/#article","isPartOf":{"@id":"https:\/\/www.edialog.com.br\/o-que-e-branding\/"},"author":{"name":"Renan Caixeiro","@id":"https:\/\/www.edialog.com.br\/#\/schema\/person\/7f509934e54fd30b9d2d02cf51b60966"},"headline":"O que \u00e9 branding e como ele pode fortificar o seu neg\u00f3cio?","datePublished":"2021-01-29T14:47:36+00:00","dateModified":"2024-07-02T19:07:05+00:00","mainEntityOfPage":{"@id":"https:\/\/www.edialog.com.br\/o-que-e-branding\/"},"wordCount":558,"commentCount":0,"publisher":{"@id":"https:\/\/www.edialog.com.br\/#organization"},"articleSection":["Marketing Digital"],"inLanguage":"es","potentialAction":[{"@type":"CommentAction","name":"Comment","target":["https:\/\/www.edialog.com.br\/o-que-e-branding\/#respond"]}]},{"@type":"WebPage","@id":"https:\/\/www.edialog.com.br\/o-que-e-branding\/","url":"https:\/\/www.edialog.com.br\/o-que-e-branding\/","name":"O que \u00e9 branding e como ele pode fortificar o seu neg\u00f3cio?","isPartOf":{"@id":"https:\/\/www.edialog.com.br\/#website"},"datePublished":"2021-01-29T14:47:36+00:00","dateModified":"2024-07-02T19:07:05+00:00","description":"O Branding envolve a\u00e7\u00f5es estrat\u00e9gicas relacionadas ao posicionamento, prop\u00f3sito, valores e identidade de uma marca. Confira no artigo!","breadcrumb":{"@id":"https:\/\/www.edialog.com.br\/o-que-e-branding\/#breadcrumb"},"inLanguage":"es","potentialAction":[{"@type":"ReadAction","target":["https:\/\/www.edialog.com.br\/o-que-e-branding\/"]}]},{"@type":"BreadcrumbList","@id":"https:\/\/www.edialog.com.br\/o-que-e-branding\/#breadcrumb","itemListElement":[{"@type":"ListItem","position":1,"name":"Home","item":"https:\/\/www.edialog.com.br\/"},{"@type":"ListItem","position":2,"name":"Marketing Digital","item":"https:\/\/www.edialog.com.br\/category\/marketing-digital\/"},{"@type":"ListItem","position":3,"name":"O que \u00e9 branding e como ele pode fortificar o seu neg\u00f3cio?"}]},{"@type":"WebSite","@id":"https:\/\/www.edialog.com.br\/#website","url":"https:\/\/www.edialog.com.br\/","name":"Agencia de marketing entrante | E-Dialog","description":"Ag\u00eancia de Inbound Marketing premiada com solu\u00e7\u00f5es completas para o seu neg\u00f3cio. Atraia leads, com conte\u00fados \u00fanicos e envolventes. Solicite or\u00e7amento!","publisher":{"@id":"https:\/\/www.edialog.com.br\/#organization"},"potentialAction":[{"@type":"SearchAction","target":{"@type":"EntryPoint","urlTemplate":"https:\/\/www.edialog.com.br\/?s={search_term_string}"},"query-input":{"@type":"PropertyValueSpecification","valueRequired":true,"valueName":"search_term_string"}}],"inLanguage":"es"},{"@type":"Organization","@id":"https:\/\/www.edialog.com.br\/#organization","name":"Ag\u00eancia de M\u00eddias Sociais e Marketing Digital | E-Dialog","url":"https:\/\/www.edialog.com.br\/","logo":{"@type":"ImageObject","inLanguage":"es","@id":"https:\/\/www.edialog.com.br\/#\/schema\/logo\/image\/","url":"https:\/\/www.edialog.com.br\/wp-content\/uploads\/2021\/09\/edialog-logo-case.png","contentUrl":"https:\/\/www.edialog.com.br\/wp-content\/uploads\/2021\/09\/edialog-logo-case.png","width":810,"height":450,"caption":"Ag\u00eancia de M\u00eddias Sociais e Marketing Digital | E-Dialog"},"image":{"@id":"https:\/\/www.edialog.com.br\/#\/schema\/logo\/image\/"},"sameAs":["https:\/\/facebook.com\/edialogcomunicacao","https:\/\/x.com\/edialog_br","https:\/\/www.instagram.com\/edialog_br","https:\/\/www.linkedin.com\/company\/e-dialog-comunica-o-digital","https:\/\/www.youtube.com\/channel\/UCPiVQ_yVlcCqWS2sRzJZj7g"]},{"@type":"Person","@id":"https:\/\/www.edialog.com.br\/#\/schema\/person\/7f509934e54fd30b9d2d02cf51b60966","name":"Renan Caixeiro","image":{"@type":"ImageObject","inLanguage":"es","@id":"https:\/\/www.edialog.com.br\/wp-content\/uploads\/2023\/11\/renan-caixeiro-150x150.jpg","url":"https:\/\/www.edialog.com.br\/wp-content\/uploads\/2023\/11\/renan-caixeiro-150x150.jpg","contentUrl":"https:\/\/www.edialog.com.br\/wp-content\/uploads\/2023\/11\/renan-caixeiro-150x150.jpg","caption":"Renan Caixeiro"},"description":"S\u00f3cio Diretor na E-Dialog, \u00e9 graduado em Jornalismo e p\u00f3s-graduado em Comunica\u00e7\u00e3o Corporativa, ambos pela UFJF. Est\u00e1 \u00e0 frente do Reportei, SaaS de relat\u00f3rios e dashboards, \u00e9 host do Projeto SaaS, podcast que compartilha experi\u00eancias do universo de software as a service, e s\u00f3cio da Aquela Caixa, comunidade para profissionais de cria\u00e7\u00e3o. Torcedor do Vasco, tem como meta comprar o Gigante da Colina. LinkedIn: @renancaixeiro \/ Instagram: @renancaixeiro.","sameAs":["http:\/\/facebook.com\/renancaixeiro","https:\/\/www.instagram.com\/renancaixeiro\/","https:\/\/br.linkedin.com\/in\/renancaixeiro\/pt","https:\/\/x.com\/renancaixeiro"],"url":"https:\/\/www.edialog.com.br\/es\/author\/renancaixeiro\/"}]}},"_links":{"self":[{"href":"https:\/\/www.edialog.com.br\/es\/wp-json\/wp\/v2\/posts\/214112","targetHints":{"allow":["GET"]}}],"collection":[{"href":"https:\/\/www.edialog.com.br\/es\/wp-json\/wp\/v2\/posts"}],"about":[{"href":"https:\/\/www.edialog.com.br\/es\/wp-json\/wp\/v2\/types\/post"}],"author":[{"embeddable":true,"href":"https:\/\/www.edialog.com.br\/es\/wp-json\/wp\/v2\/users\/1"}],"replies":[{"embeddable":true,"href":"https:\/\/www.edialog.com.br\/es\/wp-json\/wp\/v2\/comments?post=214112"}],"version-history":[{"count":0,"href":"https:\/\/www.edialog.com.br\/es\/wp-json\/wp\/v2\/posts\/214112\/revisions"}],"wp:attachment":[{"href":"https:\/\/www.edialog.com.br\/es\/wp-json\/wp\/v2\/media?parent=214112"}],"wp:term":[{"taxonomy":"category","embeddable":true,"href":"https:\/\/www.edialog.com.br\/es\/wp-json\/wp\/v2\/categories?post=214112"},{"taxonomy":"post_tag","embeddable":true,"href":"https:\/\/www.edialog.com.br\/es\/wp-json\/wp\/v2\/tags?post=214112"}],"curies":[{"name":"wp","href":"https:\/\/api.w.org\/{rel}","templated":true}]}}