{"id":212301,"date":"2020-10-15T09:32:20","date_gmt":"2020-10-15T12:32:20","guid":{"rendered":"https:\/\/www.edialog.com.br\/?p=212301"},"modified":"2025-06-13T17:07:33","modified_gmt":"2025-06-13T20:07:33","slug":"black-friday-2020","status":"publish","type":"post","link":"https:\/\/www.edialog.com.br\/es\/black-friday-2020\/","title":{"rendered":"Black Friday 2020: descubra como preparar o seu neg\u00f3cio com 8 dicas"},"content":{"rendered":"<p><span style=\"font-weight: 400;\">J\u00e1 n\u00e3o \u00e9 novidade que a pandemia mudou a nossa forma de viver e tamb\u00e9m de consumir. Empresas e consumidores aderiram massivamente ao online. De acordo com a plataforma Compre&amp;Confie, no somat\u00f3rio de janeiro a agosto deste ano, o e-commerce atingiu o faturamento de R$ 41,92 bilh\u00f5es. Ou seja, as compras online entraram na vida de muitos novos consumidores, assim como muitas marcas aderiram ao e-commerce e viram resultados. <\/span><b>Nesse contexto: o que esperar da Black Friday 2020?\u00a0<\/b><\/p>\n<p><span style=\"font-weight: 400;\">Neste artigo voc\u00ea ver\u00e1:<\/span><\/p>\n<ul>\n<li style=\"font-weight: 400;\"><span style=\"font-weight: 400;\">Contexto de crescimento do e-commerce no pa\u00eds.<\/span><\/li>\n<li style=\"font-weight: 400;\"><span style=\"font-weight: 400;\">Proje\u00e7\u00f5es para a Black Friday 2020.\u00a0<\/span><\/li>\n<li style=\"font-weight: 400;\"><span style=\"font-weight: 400;\">E as lojas f\u00edsicas?\u00a0<\/span><\/li>\n<li style=\"font-weight: 400;\"><span style=\"font-weight: 400;\">Dicas para preparar o seu neg\u00f3cio.\u00a0<\/span><\/li>\n<li style=\"font-weight: 400;\"><span style=\"font-weight: 400;\">M\u00e3o na massa!<\/span><\/li>\n<\/ul>\n<h2><span style=\"font-weight: 400;\">Contexto de crescimento do e-commerce no pa\u00eds<\/span><\/h2>\n<p><img fetchpriority=\"high\" decoding=\"async\" class=\"aligncenter wp-image-212307\" src=\"https:\/\/www.edialog.com.br\/wp-content\/uploads\/2020\/10\/e-commerce-brasil.jpg\" alt=\"E-commerce no Brasil\" width=\"500\" height=\"333\" \/><\/p>\n<p><span style=\"font-weight: 400;\">O desemprego \u00e9 uma dura realidade no pa\u00eds que atinge mais de 13,7 milh\u00f5es de pessoas, de acordo com os dados do IBGE de setembro. O pa\u00eds tamb\u00e9m enfrenta uma proje\u00e7\u00e3o de queda de 5% do PIB, como indicou o Banco Central em setembro. Apesar dessas constata\u00e7\u00f5es alarmantes, o com\u00e9rcio online continua a crescer, mesmo a partir da flexibiliza\u00e7\u00e3o das medidas de isolamento social.\u00a0<\/span><\/p>\n<p><span style=\"font-weight: 400;\">Ou seja, mesmo com a possibilidade de realizar compras f\u00edsicas, o consumidor tem se adaptado e realmente aderido ao com\u00e9rcio online. Ainda de acordo com os dados do Compre&amp;Confie, reflexo disso s\u00e3o as <\/span><b>proje\u00e7\u00f5es de crescimento do e-commerce, que saltaram de 18% para 30% neste ano.\u00a0<\/b><\/p>\n<p><span style=\"font-weight: 400;\">O segmento cresceu 56,8% nos oito primeiros meses deste ano, comparativamente ao mesmo per\u00edodo de 2019. Disparam nesse ranking de crescimento: Beleza e Perfumaria, com alta de 107,4%; M\u00f3veis, com 94,4%; e Eletroport\u00e1teis, com 85,7%.\u00a0<\/span><\/p>\n<p><span style=\"font-weight: 400;\">Outra informa\u00e7\u00e3o que n\u00e3o podemos perder de vista \u00e9 que as pessoas tem passado muito mais tempo em casa. Ent\u00e3o, esse novo h\u00e1bito tamb\u00e9m contribui para criar um novo cen\u00e1rio de consumo. \u00c9 o que indica a pesquisa da empresa de tecnologia global, Criteo, na qual 53% dos entrevistados disseram que est\u00e3o cozinhando mais; 46% manter\u00e3o a pr\u00e1tica do home office; 39% est\u00e3o lendo mais livros; e 50% continuar\u00e3o se exercitando em casa. Assim, o que se pode esperar, e o que j\u00e1 se vem sentindo, \u00e9 uma alta significativa nos produtos relacionados com esses novos h\u00e1bitos.\u00a0<\/span><\/p>\n<p><em><strong>- Lea tambi\u00e9n:<\/strong> <a href=\"https:\/\/www.edialog.com.br\/es\/e-commerce-no-brasil\/\">O crescimento do e-commerce no Brasil: dados e cen\u00e1rio atual<\/a><\/em><\/p>\n<h2><span style=\"font-weight: 400;\">Proje\u00e7\u00f5es para a Black Friday 2020<\/span><\/h2>\n<p><img decoding=\"async\" class=\"aligncenter wp-image-212305\" src=\"https:\/\/www.edialog.com.br\/wp-content\/uploads\/2020\/10\/ecommerce-black-friday-2020-1024x683.jpg\" alt=\"E-commerce Black Friday 2020\" width=\"500\" height=\"333\" \/><\/p>\n<p><span style=\"font-weight: 400;\">Os dados at\u00e9 agora est\u00e3o te animando? Tem muitas ideias surgindo a\u00ed para bombar as vendas no dia (e semana) mais promocional do ano? Ent\u00e3o o que ser\u00e1 dito a seguir vai te dar motivar ainda mais.<\/span><\/p>\n<p><span style=\"font-weight: 400;\">De acordo com o Google Brasil, em dados concedidos ao Estad\u00e3o, entre 26 de agosto e 22 de setembro as buscas por 19 das 26 macrocategorias de varejo j\u00e1 tiveram um aumento expressivo, que bate os acessos da Black Friday do ano passado. Mas, aten\u00e7\u00e3o! Isso n\u00e3o significa que o consumidor est\u00e1 pensando em adiantar as compras, mas se<\/span><b> precaver e pesquisar pre\u00e7os para aproveitar da melhor maneira poss\u00edvel a Black Friday 2020.\u00a0<\/b><\/p>\n<p><span style=\"font-weight: 400;\">Nesse sentido, as palavras-chaves que tem recebido buscar expressivas s\u00e3o \u201ccupom\u201d, com 30% de aumento nas buscas e \u201ccashback\u201d, com 74% de crescimento. Al\u00e9m, \u00e9 claro, da palavra \u201cfrete gr\u00e1tis\u201d.\u00a0<\/span><\/p>\n<p><span style=\"font-weight: 400;\">Em 2019, a Black Friday faturou R$ 3,2 bilh\u00f5es (na quinta e sexta-feira apenas), o que significou um aumento de 23% em rela\u00e7\u00e3o ao ano de 2018. <\/span><b>J\u00e1 para a Black Friday 2020 a inten\u00e7\u00e3o de compra do p\u00fablico brasileiro est\u00e1 em 72,21%<\/b><span style=\"font-weight: 400;\"> de acordo com pesquisa do M\u00e9luiz, que \u00e9 a maior plataforma de cashback do Brasil.<\/span><\/p>\n<h3><span style=\"font-weight: 400;\">Inten\u00e7\u00e3o de compra\u00a0<\/span><\/h3>\n<p><img decoding=\"async\" class=\"wp-image-212306 aligncenter\" src=\"https:\/\/www.edialog.com.br\/wp-content\/uploads\/2020\/10\/intencao-de-compra-black-friday-2020.jpg\" alt=\"Inten\u00e7\u00e3o de compra Black Friday 2020\" width=\"500\" height=\"333\" \/><\/p>\n<p><span style=\"font-weight: 400;\">Ainda de acordo com a pesquisa M\u00e9liuz, as inten\u00e7\u00f5es de compra no Brasil concentram-se em:\u00a0<\/span><\/p>\n<ul>\n<li style=\"font-weight: 400;\"><span style=\"font-weight: 400;\">42% para aquisi\u00e7\u00e3o de itens de necessidade;\u00a0<\/span><\/li>\n<li style=\"font-weight: 400;\"><span style=\"font-weight: 400;\">25% dos entrevistados querem adquirir itens de desejo;<\/span><\/li>\n<li style=\"font-weight: 400;\"><span style=\"font-weight: 400;\">17% v\u00e3o trocar produtos antigos por novos;<\/span><\/li>\n<li style=\"font-weight: 400;\"><span style=\"font-weight: 400;\">6% v\u00e3o antecipar as compras de Natal.\u00a0<\/span><\/li>\n<\/ul>\n<p><span style=\"font-weight: 400;\">Os produtos mais comprados ser\u00e3o:\u00a0<\/span><\/p>\n<ul>\n<li style=\"font-weight: 400;\"><span style=\"font-weight: 400;\">Eletrodom\u00e9sticos e eletroport\u00e1teis (52,74%)<\/span><\/li>\n<li style=\"font-weight: 400;\"><span style=\"font-weight: 400;\">Eletr\u00f4nicos e Inform\u00e1tica (41,05%)<\/span><\/li>\n<li style=\"font-weight: 400;\"><span style=\"font-weight: 400;\">Perfumes e Cosm\u00e9ticos (32,36%)<\/span><\/li>\n<li style=\"font-weight: 400;\"><span style=\"font-weight: 400;\">Smartphone (28,64%)<\/span><\/li>\n<li style=\"font-weight: 400;\"><span style=\"font-weight: 400;\">M\u00f3veis e decora\u00e7\u00e3o (28,12%)<\/span><\/li>\n<li style=\"font-weight: 400;\"><span style=\"font-weight: 400;\">Acess\u00f3rios e Cal\u00e7ados (25,33%)<\/span><\/li>\n<li style=\"font-weight: 400;\"><span style=\"font-weight: 400;\">Roupas (24,30%)<\/span><\/li>\n<li style=\"font-weight: 400;\"><span style=\"font-weight: 400;\">Livros (13,85%)<\/span><\/li>\n<li style=\"font-weight: 400;\"><span style=\"font-weight: 400;\">Alimentos e bebidas (11,27%)<\/span><\/li>\n<li style=\"font-weight: 400;\"><span style=\"font-weight: 400;\">Viagem (10,54%)<\/span><\/li>\n<li style=\"font-weight: 400;\"><span style=\"font-weight: 400;\">Jogos e Consoles (9,30%)<\/span><\/li>\n<li style=\"font-weight: 400;\"><span style=\"font-weight: 400;\">Rel\u00f3gio e J\u00f3ias (8,79%)<\/span><\/li>\n<li style=\"font-weight: 400;\"><span style=\"font-weight: 400;\">Artigos esportivos (8,47%)\u00a0<\/span><\/li>\n<li style=\"font-weight: 400;\"><span style=\"font-weight: 400;\">Assinatura de servi\u00e7os (2,89%)\u00a0<\/span><\/li>\n<li style=\"font-weight: 400;\"><span style=\"font-weight: 400;\">Outros (1,96%).<\/span><\/li>\n<\/ul>\n<h2><span style=\"font-weight: 400;\">E as lojas f\u00edsicas?<\/span><\/h2>\n<p><span style=\"font-weight: 400;\">A Black Friday 2020 acontece no dia 27 de novembro, mas, como de costume, muitos com\u00e9rcios fazem toda a semana promocional (alguns at\u00e9 todo o m\u00eas). Este ano, \u00e9 claro, muita coisa muda para as lojas f\u00edsicas.\u00a0<\/span><\/p>\n<p><span style=\"font-weight: 400;\">Os com\u00e9rcios j\u00e1 est\u00e3o abrindo no Brasil, cada cidade e estado fazendo seus pr\u00f3prios protocolos de seguran\u00e7a. Ent\u00e3o, promo\u00e7\u00e3o vai ter, mas \u00e9 preciso muita cautela com as medidas de distanciamento social tamb\u00e9m neste dia de euforia.\u00a0<\/span><\/p>\n<p><span style=\"font-weight: 400;\">A boa not\u00edcia \u00e9 que 27% dos consumidores j\u00e1 sentem-se confiantes para voltar a comprar em com\u00e9rcios f\u00edsicos, \u00e9 o que indica a pesquisa da Criteo. Nesse sentido, varejistas podem intervir em uma a\u00e7\u00e3o conjunta, offline e online para garantir que a Black Friday 2020 seja um sucesso!\u00a0<\/span><\/p>\n<p><span style=\"font-weight: 400;\">De acordo com as inten\u00e7\u00f5es de compra, 58% dos consumidores v\u00e3o fazer as aquisi\u00e7\u00f5es online, 11% em lojas f\u00edsicas e 30,9% mesclando lojas f\u00edsicas e online. (dados M\u00e9liuz).<\/span><\/p>\n<h2><span style=\"font-weight: 400;\">Como preparar o seu neg\u00f3cio para a Black Friday 2020: 8 dicas\u00a0<\/span><\/h2>\n<p><img loading=\"lazy\" decoding=\"async\" class=\"size-full wp-image-212304 aligncenter\" src=\"https:\/\/www.edialog.com.br\/wp-content\/uploads\/2020\/10\/black-friday-2020.gif\" alt=\"Black Friday 2020\" width=\"498\" height=\"280\" \/><\/p>\n<p><span style=\"font-weight: 400;\">Agora que voc\u00ea j\u00e1 conhece a fundo a inten\u00e7\u00e3o dos consumidores e proje\u00e7\u00f5es para a \u00e9poca, \u00e9 hora de preparar o seu neg\u00f3cio para vender mais nesse per\u00edodo e fechar muito bem o ano.\u00a0<\/span><\/p>\n<p><span style=\"font-weight: 400;\">Antes de seguirmos para as dicas pr\u00e1ticas \u00e9 muito importante destacar uma informa\u00e7\u00e3o. No ano de 2019, a maioria das compras foi feita por dispositivos m\u00f3veis (55%). Mas agora, com a pr\u00e1tica de home office em alta, o que se espera \u00e9 uma <\/span><b>mudan\u00e7a para compras efetivadas por desktop.<\/b><span style=\"font-weight: 400;\"> Ent\u00e3o, tenha isso em mente na hora de planejar suas a\u00e7\u00f5es.\u00a0<\/span><\/p>\n<h3><b>1. Aproveite o Google Shopping\u00a0<\/b><\/h3>\n<p><span style=\"font-weight: 400;\">Como j\u00e1 adiantamos aqui no <a href=\"https:\/\/www.edialog.com.br\/es\/el-blog\/\" target=\"_blank\" rel=\"noopener noreferrer\">Blog de E-Dialog<\/a>, o Google Shopping est\u00e1 se tornando uma funcionalidade gratuita. Para dar uma alavancada nesta Black Friday a empresa, finalmente, liberou este recurso para o Brasil. Ent\u00e3o, para ter seus itens nas primeiras posi\u00e7\u00f5es do buscador &#8211; em um cat\u00e1logo super intuitivo para o usu\u00e1rio &#8211; essa \u00e9 realmente uma grande aposta.\u00a0<\/span><\/p>\n<blockquote><p><em><span style=\"font-weight: 400;\">Voc\u00ea pode saber como fazer isso em: <\/span><a href=\"https:\/\/www.edialog.com.br\/es\/google\/como-anunciar-no-google-shopping\/\" target=\"_blank\" rel=\"noopener noreferrer\"><span style=\"font-weight: 400;\">Como anunciar no Google Shopping? Guia completo 2020<\/span><\/a><span style=\"font-weight: 400;\">.<\/span><\/em><\/p><\/blockquote>\n<h3><b>2. Cative seus j\u00e1 clientes\u00a0<\/b><\/h3>\n<p><span style=\"font-weight: 400;\">Vai criar promo\u00e7\u00f5es incr\u00edveis para a Black Friday 2020? <\/span><b>E que tal fazer um agrado para aqueles que j\u00e1 caminham com voc\u00ea ao longo de todo o ano?<\/b><span style=\"font-weight: 400;\"> Para a sua base de clientes pode ser muito interessante criar uma condi\u00e7\u00e3o ainda mais especial, que pode ser um voucher de desconto, um frete gr\u00e1tis ou o envio de um pequeno mimo.\u00a0<\/span><\/p>\n<p><i><span style=\"font-weight: 400;\">Cative quem faz o seu neg\u00f3cio girar nos outros 363 dias do ano.\u00a0<\/span><\/i><\/p>\n<h3><strong>\u00a03. Cuide da sua infraestrutura\u00a0<\/strong><\/h3>\n<p><span style=\"font-weight: 400;\">Vendas bombando, acessos recordes\u2026 ih, o site caiu!\u00a0<\/span><\/p>\n<p><b>Isso N\u00c3O pode acontecer!<\/b><\/p>\n<p><span style=\"font-weight: 400;\">Ent\u00e3o, vale dar uma checada previamente com o seu servidor, acionar o pessoal de TI para garantir que nada atrapalhe esse momento important\u00edssimo para alavancar as vendas.\u00a0<\/span><\/p>\n<p><span style=\"font-weight: 400;\">Al\u00e9m disso, tamb\u00e9m vale aten\u00e7\u00e3o na quantidade de produtos em estoque, embalagens e tudo o que envolve a log\u00edstica para a entrega desses pedidos com excel\u00eancia.\u00a0<\/span><\/p>\n<h3><b>4. Fa\u00e7a uma Black Friday de verdade\u00a0<\/b><\/h3>\n<p><span style=\"font-weight: 400;\">Infelizmente, aqui no Brasil a Black Friday ganhou o apelido de \u201cBlack Fraude\u201d, os consumidores e os varejistas t\u00eam amadurecido nesse sentido, mas ainda h\u00e1 um longo caminho a percorrer.\u00a0<\/span><\/p>\n<p><span style=\"font-weight: 400;\">Como j\u00e1 anunciamos no in\u00edcio do artigo, o consumidor vem para essa Black Friday 2020 preparado e muito bem informado. Ent\u00e3o, se \u00e9 para entrar no jogo, seja claro e honesto com\u00a0 consumidor e <\/span><b>crie condi\u00e7\u00f5es realmente promocionais para o seu p\u00fablico.\u00a0<\/b><\/p>\n<h3><b>5. Crie expectativa!\u00a0<\/b><\/h3>\n<p><span style=\"font-weight: 400;\">Temos a\u00ed pouco mais de um m\u00eas pela frente. J\u00e1 comece a estruturar suas a\u00e7\u00f5es e criar expectativa com seus clientes e potenciais clientes nas redes sociais. Aqui vale usar a criatividade para estruturar uma campanha completa. <\/span><b>O objetivo, claro, \u00e9 ser lembrado nesse dia em que a concorr\u00eancia torna-se ainda mais acirrada.\u00a0<\/b><\/p>\n<h3><b>6. Omnichannel<\/b><\/h3>\n<p><span style=\"font-weight: 400;\">Como j\u00e1 demonstramos, o e-commerce vem com tudo nas inten\u00e7\u00f5es de compra. No entanto, ainda tem uma parcela dos consumidores que vai investir nas compras f\u00edsicas. Para aproveitar ambas oportunidades voc\u00ea pode optar por uma estrat\u00e9gia <\/span><a href=\"https:\/\/rockcontent.com\/br\/blog\/omnichannel\/\"><span style=\"font-weight: 400;\">omnichannel<\/span><\/a><span style=\"font-weight: 400;\">, integrando seu com\u00e9rcio para atender vendas f\u00edsicas e virtuais.\u00a0<\/span><\/p>\n<h3><b>7. Bom atendimento\u00a0<\/b><\/h3>\n<p><span style=\"font-weight: 400;\">As pessoas buscam pre\u00e7o na Black Friday 2020. Mas, al\u00e9m disso, o dia de euforia pede um atendimento r\u00e1pido e estrat\u00e9gico, seja on ou offline. Ent\u00e3o, treine seu pessoal, preveja situa\u00e7\u00f5es de problemas para que todos estejam na mesma p\u00e1gina quando o quesito for resolu\u00e7\u00e3o dessas quest\u00f5es para n\u00e3o frustrar a experi\u00eancia do cliente.\u00a0<\/span><\/p>\n<h3><b>8. Aproveite todas as oportunidades!<\/b><\/h3>\n<p><span style=\"font-weight: 400;\">Crie boas estrat\u00e9gias com emails e pop-ups. Ofere\u00e7a produtos relacionados, crie senso de urg\u00eancia demonstrando a quantidade em estoque, crie roletas promocionais, fa\u00e7a uma vitrine atraente, etc.\u00a0<\/span><\/p>\n<p><span style=\"font-weight: 400;\">Realmente prepare-se para fazer do seu com\u00e9rcio uma escolha imperd\u00edvel para o consumidor. Lance m\u00e3o de todos os seus recursos.\u00a0<\/span><\/p>\n<h2><strong>M\u00e3o na massa!<\/strong><\/h2>\n<p><span style=\"font-weight: 400;\">\u00c9 hora de colocar essas dicas em pr\u00e1tica. <\/span><b>N\u00e3o deixe para cima da hora! <\/b><span style=\"font-weight: 400;\">Comece j\u00e1 a se estruturar para a Black Friday 2020 e garanta uma experi\u00eancia incr\u00edvel para o seu consumidor e um final de ano com as contas fechando muito bem para o seu neg\u00f3cio.\u00a0<\/span><\/p>\n<p><img loading=\"lazy\" decoding=\"async\" class=\"wp-image-211132 alignleft lazy-loaded\" title=\"Let\u00edcia Fernandes, Produtora de Conte\u00fado na E-Dialog\" src=\"https:\/\/www.edialog.com.br\/wp-content\/uploads\/2019\/08\/leticia-fernandes-transmissao-ao-vivo.png\" sizes=\"(max-width: 188px) 100vw, 188px\" srcset=\"https:\/\/www.edialog.com.br\/wp-content\/uploads\/2019\/08\/leticia-fernandes-transmissao-ao-vivo.png 300w, https:\/\/www.edialog.com.br\/wp-content\/uploads\/2019\/08\/leticia-fernandes-transmissao-ao-vivo-150x150.png 150w\" alt=\"Let\u00edcia Fernandes, Produtora de Conte\u00fado na E-Dialog\" width=\"188\" height=\"188\" data-lazy-type=\"image\" data-src=\"https:\/\/www.edialog.com.br\/wp-content\/uploads\/2019\/08\/leticia-fernandes-transmissao-ao-vivo.png\" data-srcset=\"\" \/><\/p>\n<p><em><strong>Artigo escrito por Let\u00edcia Fernandes, Analista de Marketing Digital na E-Dialog<\/strong><\/em><\/p>\n<p>Jornalista, apaixonada por viagens, livros, filmes de romance e cachorro-quente!<\/p>","protected":false},"excerpt":{"rendered":"<p>J\u00e1 n\u00e3o \u00e9 novidade que a pandemia mudou a nossa forma de viver e tamb\u00e9m de consumir. Empresas e consumidores aderiram massivamente ao online. De acordo com a plataforma Compre&amp;Confie, no somat\u00f3rio de janeiro a agosto deste ano, o e-commerce atingiu o faturamento de R$ 41,92 bilh\u00f5es. Ou seja, as compras online entraram na vida [&hellip;]<\/p>\n","protected":false},"author":1,"featured_media":0,"comment_status":"open","ping_status":"closed","sticky":false,"template":"","format":"standard","meta":{"_acf_changed":false,"content-type":"","footnotes":""},"categories":[480],"tags":[294,559,3498,3276],"class_list":["post-212301","post","type-post","status-publish","format-standard","hentry","category-e-commerce-2","tag-black-friday","tag-como-vender-mais-na-black-friday","tag-marketing-em-tempos-de-pandemia","tag-pandemia"],"acf":[],"yoast_head":"<!-- This site is optimized with the Yoast SEO Premium plugin v27.5 (Yoast SEO v27.5) - https:\/\/yoast.com\/product\/yoast-seo-premium-wordpress\/ -->\n<title>Black Friday 2020: descubra como preparar o seu neg\u00f3cio com 8 dicas<\/title>\n<meta name=\"description\" content=\"O que esperar da Black Friday 2020? Entenda as proje\u00e7\u00f5es, as inten\u00e7\u00f5es de compra e descubra como preparar o seu neg\u00f3cio.\" \/>\n<meta name=\"robots\" content=\"index, follow, max-snippet:-1, max-image-preview:large, max-video-preview:-1\" \/>\n<link rel=\"canonical\" href=\"https:\/\/www.edialog.com.br\/es\/black-friday-2020\/\" \/>\n<meta property=\"og:locale\" content=\"es_ES\" \/>\n<meta property=\"og:type\" content=\"article\" \/>\n<meta property=\"og:title\" content=\"Black Friday 2020: descubra como preparar o seu neg\u00f3cio com 8 dicas\" \/>\n<meta property=\"og:description\" content=\"O que esperar da Black Friday 2020? Entenda as proje\u00e7\u00f5es, as inten\u00e7\u00f5es de compra e descubra como preparar o seu neg\u00f3cio.\" \/>\n<meta property=\"og:url\" content=\"https:\/\/www.edialog.com.br\/es\/black-friday-2020\/\" \/>\n<meta property=\"og:site_name\" content=\"Ag\u00eancia de Inbound Marketing | E-Dialog\" \/>\n<meta property=\"article:publisher\" content=\"https:\/\/facebook.com\/edialogcomunicacao\" \/>\n<meta property=\"article:author\" content=\"http:\/\/facebook.com\/renancaixeiro\" \/>\n<meta property=\"article:published_time\" content=\"2020-10-15T12:32:20+00:00\" \/>\n<meta property=\"article:modified_time\" content=\"2025-06-13T20:07:33+00:00\" \/>\n<meta property=\"og:image\" content=\"https:\/\/www.edialog.com.br\/wp-content\/uploads\/2021\/09\/edialog-logo-case.png\" \/>\n\t<meta property=\"og:image:width\" content=\"810\" \/>\n\t<meta property=\"og:image:height\" content=\"450\" \/>\n\t<meta property=\"og:image:type\" content=\"image\/png\" \/>\n<meta name=\"author\" content=\"Renan Caixeiro\" \/>\n<meta name=\"twitter:label1\" content=\"Escrito por\" \/>\n\t<meta name=\"twitter:data1\" content=\"Renan Caixeiro\" \/>\n\t<meta name=\"twitter:label2\" content=\"Tiempo de lectura\" \/>\n\t<meta name=\"twitter:data2\" content=\"10 minutos\" \/>\n<script type=\"application\/ld+json\" class=\"yoast-schema-graph\">{\"@context\":\"https:\\\/\\\/schema.org\",\"@graph\":[{\"@type\":[\"Article\",\"BlogPosting\"],\"@id\":\"https:\\\/\\\/www.edialog.com.br\\\/black-friday-2020\\\/#article\",\"isPartOf\":{\"@id\":\"https:\\\/\\\/www.edialog.com.br\\\/black-friday-2020\\\/\"},\"author\":{\"name\":\"Renan Caixeiro\",\"@id\":\"https:\\\/\\\/www.edialog.com.br\\\/#\\\/schema\\\/person\\\/7f509934e54fd30b9d2d02cf51b60966\"},\"headline\":\"Black Friday 2020: descubra como preparar o seu neg\u00f3cio com 8 dicas\",\"datePublished\":\"2020-10-15T12:32:20+00:00\",\"dateModified\":\"2025-06-13T20:07:33+00:00\",\"mainEntityOfPage\":{\"@id\":\"https:\\\/\\\/www.edialog.com.br\\\/black-friday-2020\\\/\"},\"wordCount\":1613,\"commentCount\":0,\"publisher\":{\"@id\":\"https:\\\/\\\/www.edialog.com.br\\\/#organization\"},\"image\":{\"@id\":\"https:\\\/\\\/www.edialog.com.br\\\/black-friday-2020\\\/#primaryimage\"},\"thumbnailUrl\":\"https:\\\/\\\/www.edialog.com.br\\\/wp-content\\\/uploads\\\/2020\\\/10\\\/e-commerce-brasil.jpg\",\"keywords\":[\"black friday\",\"Como vender mais na Black Friday\",\"Marketing em tempos de pandemia\",\"Pandemia\"],\"articleSection\":[\"E-Commerce\"],\"inLanguage\":\"es\",\"potentialAction\":[{\"@type\":\"CommentAction\",\"name\":\"Comment\",\"target\":[\"https:\\\/\\\/www.edialog.com.br\\\/black-friday-2020\\\/#respond\"]}]},{\"@type\":\"WebPage\",\"@id\":\"https:\\\/\\\/www.edialog.com.br\\\/black-friday-2020\\\/\",\"url\":\"https:\\\/\\\/www.edialog.com.br\\\/black-friday-2020\\\/\",\"name\":\"Black Friday 2020: descubra como preparar o seu neg\u00f3cio com 8 dicas\",\"isPartOf\":{\"@id\":\"https:\\\/\\\/www.edialog.com.br\\\/#website\"},\"primaryImageOfPage\":{\"@id\":\"https:\\\/\\\/www.edialog.com.br\\\/black-friday-2020\\\/#primaryimage\"},\"image\":{\"@id\":\"https:\\\/\\\/www.edialog.com.br\\\/black-friday-2020\\\/#primaryimage\"},\"thumbnailUrl\":\"https:\\\/\\\/www.edialog.com.br\\\/wp-content\\\/uploads\\\/2020\\\/10\\\/e-commerce-brasil.jpg\",\"datePublished\":\"2020-10-15T12:32:20+00:00\",\"dateModified\":\"2025-06-13T20:07:33+00:00\",\"description\":\"O que esperar da Black Friday 2020? Entenda as proje\u00e7\u00f5es, as inten\u00e7\u00f5es de compra e descubra como preparar o seu neg\u00f3cio.\",\"breadcrumb\":{\"@id\":\"https:\\\/\\\/www.edialog.com.br\\\/black-friday-2020\\\/#breadcrumb\"},\"inLanguage\":\"es\",\"potentialAction\":[{\"@type\":\"ReadAction\",\"target\":[\"https:\\\/\\\/www.edialog.com.br\\\/black-friday-2020\\\/\"]}]},{\"@type\":\"ImageObject\",\"inLanguage\":\"es\",\"@id\":\"https:\\\/\\\/www.edialog.com.br\\\/black-friday-2020\\\/#primaryimage\",\"url\":\"https:\\\/\\\/www.edialog.com.br\\\/wp-content\\\/uploads\\\/2020\\\/10\\\/e-commerce-brasil.jpg\",\"contentUrl\":\"https:\\\/\\\/www.edialog.com.br\\\/wp-content\\\/uploads\\\/2020\\\/10\\\/e-commerce-brasil.jpg\"},{\"@type\":\"BreadcrumbList\",\"@id\":\"https:\\\/\\\/www.edialog.com.br\\\/black-friday-2020\\\/#breadcrumb\",\"itemListElement\":[{\"@type\":\"ListItem\",\"position\":1,\"name\":\"Home\",\"item\":\"https:\\\/\\\/www.edialog.com.br\\\/\"},{\"@type\":\"ListItem\",\"position\":2,\"name\":\"E-Commerce\",\"item\":\"https:\\\/\\\/www.edialog.com.br\\\/category\\\/e-commerce-2\\\/\"},{\"@type\":\"ListItem\",\"position\":3,\"name\":\"Black Friday 2020: descubra como preparar o seu neg\u00f3cio com 8 dicas\"}]},{\"@type\":\"WebSite\",\"@id\":\"https:\\\/\\\/www.edialog.com.br\\\/#website\",\"url\":\"https:\\\/\\\/www.edialog.com.br\\\/\",\"name\":\"Ag\u00eancia de Inbound Marketing | E-Dialog\",\"description\":\"Ag\u00eancia de Inbound Marketing premiada com solu\u00e7\u00f5es completas para o seu neg\u00f3cio. Atraia leads, com conte\u00fados \u00fanicos e envolventes. Solicite or\u00e7amento!\",\"publisher\":{\"@id\":\"https:\\\/\\\/www.edialog.com.br\\\/#organization\"},\"potentialAction\":[{\"@type\":\"SearchAction\",\"target\":{\"@type\":\"EntryPoint\",\"urlTemplate\":\"https:\\\/\\\/www.edialog.com.br\\\/?s={search_term_string}\"},\"query-input\":{\"@type\":\"PropertyValueSpecification\",\"valueRequired\":true,\"valueName\":\"search_term_string\"}}],\"inLanguage\":\"es\"},{\"@type\":\"Organization\",\"@id\":\"https:\\\/\\\/www.edialog.com.br\\\/#organization\",\"name\":\"Ag\u00eancia de M\u00eddias Sociais e Marketing Digital | E-Dialog\",\"url\":\"https:\\\/\\\/www.edialog.com.br\\\/\",\"logo\":{\"@type\":\"ImageObject\",\"inLanguage\":\"es\",\"@id\":\"https:\\\/\\\/www.edialog.com.br\\\/#\\\/schema\\\/logo\\\/image\\\/\",\"url\":\"https:\\\/\\\/www.edialog.com.br\\\/wp-content\\\/uploads\\\/2021\\\/09\\\/edialog-logo-case.png\",\"contentUrl\":\"https:\\\/\\\/www.edialog.com.br\\\/wp-content\\\/uploads\\\/2021\\\/09\\\/edialog-logo-case.png\",\"width\":810,\"height\":450,\"caption\":\"Ag\u00eancia de M\u00eddias Sociais e Marketing Digital | E-Dialog\"},\"image\":{\"@id\":\"https:\\\/\\\/www.edialog.com.br\\\/#\\\/schema\\\/logo\\\/image\\\/\"},\"sameAs\":[\"https:\\\/\\\/facebook.com\\\/edialogcomunicacao\",\"https:\\\/\\\/x.com\\\/edialog_br\",\"https:\\\/\\\/www.instagram.com\\\/edialog_br\",\"https:\\\/\\\/www.linkedin.com\\\/company\\\/e-dialog-comunica-o-digital\",\"https:\\\/\\\/www.youtube.com\\\/channel\\\/UCPiVQ_yVlcCqWS2sRzJZj7g\"]},{\"@type\":\"Person\",\"@id\":\"https:\\\/\\\/www.edialog.com.br\\\/#\\\/schema\\\/person\\\/7f509934e54fd30b9d2d02cf51b60966\",\"name\":\"Renan Caixeiro\",\"image\":{\"@type\":\"ImageObject\",\"inLanguage\":\"es\",\"@id\":\"https:\\\/\\\/www.edialog.com.br\\\/wp-content\\\/uploads\\\/2023\\\/11\\\/renan-caixeiro-150x150.jpg\",\"url\":\"https:\\\/\\\/www.edialog.com.br\\\/wp-content\\\/uploads\\\/2023\\\/11\\\/renan-caixeiro-150x150.jpg\",\"contentUrl\":\"https:\\\/\\\/www.edialog.com.br\\\/wp-content\\\/uploads\\\/2023\\\/11\\\/renan-caixeiro-150x150.jpg\",\"caption\":\"Renan Caixeiro\"},\"description\":\"S\u00f3cio Diretor na E-Dialog, \u00e9 graduado em Jornalismo e p\u00f3s-graduado em Comunica\u00e7\u00e3o Corporativa, ambos pela UFJF. Est\u00e1 \u00e0 frente do Reportei, SaaS de relat\u00f3rios e dashboards, \u00e9 host do Projeto SaaS, podcast que compartilha experi\u00eancias do universo de software as a service, e s\u00f3cio da Aquela Caixa, comunidade para profissionais de cria\u00e7\u00e3o. Torcedor do Vasco, tem como meta comprar o Gigante da Colina. LinkedIn: @renancaixeiro \\\/ Instagram: @renancaixeiro.\",\"sameAs\":[\"http:\\\/\\\/facebook.com\\\/renancaixeiro\",\"https:\\\/\\\/www.instagram.com\\\/renancaixeiro\\\/\",\"https:\\\/\\\/br.linkedin.com\\\/in\\\/renancaixeiro\\\/pt\",\"https:\\\/\\\/x.com\\\/renancaixeiro\"],\"url\":\"https:\\\/\\\/www.edialog.com.br\\\/es\\\/author\\\/renancaixeiro\\\/\"}]}<\/script>\n<!-- \/ Yoast SEO Premium plugin. -->","yoast_head_json":{"title":"Black Friday 2020: descubra como preparar o seu neg\u00f3cio com 8 dicas","description":"O que esperar da Black Friday 2020? Entenda as proje\u00e7\u00f5es, as inten\u00e7\u00f5es de compra e descubra como preparar o seu neg\u00f3cio.","robots":{"index":"index","follow":"follow","max-snippet":"max-snippet:-1","max-image-preview":"max-image-preview:large","max-video-preview":"max-video-preview:-1"},"canonical":"https:\/\/www.edialog.com.br\/es\/black-friday-2020\/","og_locale":"es_ES","og_type":"article","og_title":"Black Friday 2020: descubra como preparar o seu neg\u00f3cio com 8 dicas","og_description":"O que esperar da Black Friday 2020? Entenda as proje\u00e7\u00f5es, as inten\u00e7\u00f5es de compra e descubra como preparar o seu neg\u00f3cio.","og_url":"https:\/\/www.edialog.com.br\/es\/black-friday-2020\/","og_site_name":"Ag\u00eancia de Inbound Marketing | E-Dialog","article_publisher":"https:\/\/facebook.com\/edialogcomunicacao","article_author":"http:\/\/facebook.com\/renancaixeiro","article_published_time":"2020-10-15T12:32:20+00:00","article_modified_time":"2025-06-13T20:07:33+00:00","og_image":[{"width":810,"height":450,"url":"https:\/\/www.edialog.com.br\/wp-content\/uploads\/2021\/09\/edialog-logo-case.png","type":"image\/png"}],"author":"Renan Caixeiro","twitter_misc":{"Escrito por":"Renan Caixeiro","Tiempo de lectura":"10 minutos"},"schema":{"@context":"https:\/\/schema.org","@graph":[{"@type":["Article","BlogPosting"],"@id":"https:\/\/www.edialog.com.br\/black-friday-2020\/#article","isPartOf":{"@id":"https:\/\/www.edialog.com.br\/black-friday-2020\/"},"author":{"name":"Renan Caixeiro","@id":"https:\/\/www.edialog.com.br\/#\/schema\/person\/7f509934e54fd30b9d2d02cf51b60966"},"headline":"Black Friday 2020: descubra como preparar o seu neg\u00f3cio com 8 dicas","datePublished":"2020-10-15T12:32:20+00:00","dateModified":"2025-06-13T20:07:33+00:00","mainEntityOfPage":{"@id":"https:\/\/www.edialog.com.br\/black-friday-2020\/"},"wordCount":1613,"commentCount":0,"publisher":{"@id":"https:\/\/www.edialog.com.br\/#organization"},"image":{"@id":"https:\/\/www.edialog.com.br\/black-friday-2020\/#primaryimage"},"thumbnailUrl":"https:\/\/www.edialog.com.br\/wp-content\/uploads\/2020\/10\/e-commerce-brasil.jpg","keywords":["black friday","Como vender mais na Black Friday","Marketing em tempos de pandemia","Pandemia"],"articleSection":["E-Commerce"],"inLanguage":"es","potentialAction":[{"@type":"CommentAction","name":"Comment","target":["https:\/\/www.edialog.com.br\/black-friday-2020\/#respond"]}]},{"@type":"WebPage","@id":"https:\/\/www.edialog.com.br\/black-friday-2020\/","url":"https:\/\/www.edialog.com.br\/black-friday-2020\/","name":"Black Friday 2020: descubra como preparar o seu neg\u00f3cio com 8 dicas","isPartOf":{"@id":"https:\/\/www.edialog.com.br\/#website"},"primaryImageOfPage":{"@id":"https:\/\/www.edialog.com.br\/black-friday-2020\/#primaryimage"},"image":{"@id":"https:\/\/www.edialog.com.br\/black-friday-2020\/#primaryimage"},"thumbnailUrl":"https:\/\/www.edialog.com.br\/wp-content\/uploads\/2020\/10\/e-commerce-brasil.jpg","datePublished":"2020-10-15T12:32:20+00:00","dateModified":"2025-06-13T20:07:33+00:00","description":"O que esperar da Black Friday 2020? Entenda as proje\u00e7\u00f5es, as inten\u00e7\u00f5es de compra e descubra como preparar o seu neg\u00f3cio.","breadcrumb":{"@id":"https:\/\/www.edialog.com.br\/black-friday-2020\/#breadcrumb"},"inLanguage":"es","potentialAction":[{"@type":"ReadAction","target":["https:\/\/www.edialog.com.br\/black-friday-2020\/"]}]},{"@type":"ImageObject","inLanguage":"es","@id":"https:\/\/www.edialog.com.br\/black-friday-2020\/#primaryimage","url":"https:\/\/www.edialog.com.br\/wp-content\/uploads\/2020\/10\/e-commerce-brasil.jpg","contentUrl":"https:\/\/www.edialog.com.br\/wp-content\/uploads\/2020\/10\/e-commerce-brasil.jpg"},{"@type":"BreadcrumbList","@id":"https:\/\/www.edialog.com.br\/black-friday-2020\/#breadcrumb","itemListElement":[{"@type":"ListItem","position":1,"name":"Home","item":"https:\/\/www.edialog.com.br\/"},{"@type":"ListItem","position":2,"name":"E-Commerce","item":"https:\/\/www.edialog.com.br\/category\/e-commerce-2\/"},{"@type":"ListItem","position":3,"name":"Black Friday 2020: descubra como preparar o seu neg\u00f3cio com 8 dicas"}]},{"@type":"WebSite","@id":"https:\/\/www.edialog.com.br\/#website","url":"https:\/\/www.edialog.com.br\/","name":"Agencia de marketing entrante | E-Dialog","description":"Ag\u00eancia de Inbound Marketing premiada com solu\u00e7\u00f5es completas para o seu neg\u00f3cio. Atraia leads, com conte\u00fados \u00fanicos e envolventes. Solicite or\u00e7amento!","publisher":{"@id":"https:\/\/www.edialog.com.br\/#organization"},"potentialAction":[{"@type":"SearchAction","target":{"@type":"EntryPoint","urlTemplate":"https:\/\/www.edialog.com.br\/?s={search_term_string}"},"query-input":{"@type":"PropertyValueSpecification","valueRequired":true,"valueName":"search_term_string"}}],"inLanguage":"es"},{"@type":"Organization","@id":"https:\/\/www.edialog.com.br\/#organization","name":"Ag\u00eancia de M\u00eddias Sociais e Marketing Digital | E-Dialog","url":"https:\/\/www.edialog.com.br\/","logo":{"@type":"ImageObject","inLanguage":"es","@id":"https:\/\/www.edialog.com.br\/#\/schema\/logo\/image\/","url":"https:\/\/www.edialog.com.br\/wp-content\/uploads\/2021\/09\/edialog-logo-case.png","contentUrl":"https:\/\/www.edialog.com.br\/wp-content\/uploads\/2021\/09\/edialog-logo-case.png","width":810,"height":450,"caption":"Ag\u00eancia de M\u00eddias Sociais e Marketing Digital | E-Dialog"},"image":{"@id":"https:\/\/www.edialog.com.br\/#\/schema\/logo\/image\/"},"sameAs":["https:\/\/facebook.com\/edialogcomunicacao","https:\/\/x.com\/edialog_br","https:\/\/www.instagram.com\/edialog_br","https:\/\/www.linkedin.com\/company\/e-dialog-comunica-o-digital","https:\/\/www.youtube.com\/channel\/UCPiVQ_yVlcCqWS2sRzJZj7g"]},{"@type":"Person","@id":"https:\/\/www.edialog.com.br\/#\/schema\/person\/7f509934e54fd30b9d2d02cf51b60966","name":"Renan Caixeiro","image":{"@type":"ImageObject","inLanguage":"es","@id":"https:\/\/www.edialog.com.br\/wp-content\/uploads\/2023\/11\/renan-caixeiro-150x150.jpg","url":"https:\/\/www.edialog.com.br\/wp-content\/uploads\/2023\/11\/renan-caixeiro-150x150.jpg","contentUrl":"https:\/\/www.edialog.com.br\/wp-content\/uploads\/2023\/11\/renan-caixeiro-150x150.jpg","caption":"Renan Caixeiro"},"description":"S\u00f3cio Diretor na E-Dialog, \u00e9 graduado em Jornalismo e p\u00f3s-graduado em Comunica\u00e7\u00e3o Corporativa, ambos pela UFJF. Est\u00e1 \u00e0 frente do Reportei, SaaS de relat\u00f3rios e dashboards, \u00e9 host do Projeto SaaS, podcast que compartilha experi\u00eancias do universo de software as a service, e s\u00f3cio da Aquela Caixa, comunidade para profissionais de cria\u00e7\u00e3o. Torcedor do Vasco, tem como meta comprar o Gigante da Colina. LinkedIn: @renancaixeiro \/ Instagram: @renancaixeiro.","sameAs":["http:\/\/facebook.com\/renancaixeiro","https:\/\/www.instagram.com\/renancaixeiro\/","https:\/\/br.linkedin.com\/in\/renancaixeiro\/pt","https:\/\/x.com\/renancaixeiro"],"url":"https:\/\/www.edialog.com.br\/es\/author\/renancaixeiro\/"}]}},"_links":{"self":[{"href":"https:\/\/www.edialog.com.br\/es\/wp-json\/wp\/v2\/posts\/212301","targetHints":{"allow":["GET"]}}],"collection":[{"href":"https:\/\/www.edialog.com.br\/es\/wp-json\/wp\/v2\/posts"}],"about":[{"href":"https:\/\/www.edialog.com.br\/es\/wp-json\/wp\/v2\/types\/post"}],"author":[{"embeddable":true,"href":"https:\/\/www.edialog.com.br\/es\/wp-json\/wp\/v2\/users\/1"}],"replies":[{"embeddable":true,"href":"https:\/\/www.edialog.com.br\/es\/wp-json\/wp\/v2\/comments?post=212301"}],"version-history":[{"count":1,"href":"https:\/\/www.edialog.com.br\/es\/wp-json\/wp\/v2\/posts\/212301\/revisions"}],"predecessor-version":[{"id":229557,"href":"https:\/\/www.edialog.com.br\/es\/wp-json\/wp\/v2\/posts\/212301\/revisions\/229557"}],"wp:attachment":[{"href":"https:\/\/www.edialog.com.br\/es\/wp-json\/wp\/v2\/media?parent=212301"}],"wp:term":[{"taxonomy":"category","embeddable":true,"href":"https:\/\/www.edialog.com.br\/es\/wp-json\/wp\/v2\/categories?post=212301"},{"taxonomy":"post_tag","embeddable":true,"href":"https:\/\/www.edialog.com.br\/es\/wp-json\/wp\/v2\/tags?post=212301"}],"curies":[{"name":"wp","href":"https:\/\/api.w.org\/{rel}","templated":true}]}}