{"id":211919,"date":"2020-07-24T11:45:12","date_gmt":"2020-07-24T14:45:12","guid":{"rendered":"https:\/\/www.edialog.com.br\/?p=211919"},"modified":"2024-03-21T09:43:53","modified_gmt":"2024-03-21T12:43:53","slug":"e-dialog-faz-10-anos","status":"publish","type":"post","link":"https:\/\/www.edialog.com.br\/es\/e-dialog-faz-10-anos\/","title":{"rendered":"Siempre es tiempo de celebrar: E-Dialog cumple 10 a\u00f1os"},"content":{"rendered":"<p><span style=\"font-weight: 400;\">N\u00e3o \u00e9 todo dia que se faz 10 anos, ainda mais considerando a Modernidade L\u00edquida das redes sociais. Mas, nossa Ag\u00eancia de Marketing Digital comemora esse marco com ainda mais for\u00e7a e alegria em momentos dif\u00edceis como o que passamos agora.\u00a0<\/span><\/p>\n<h2><span style=\"font-weight: 400;\">Quando eu cheguei era tudo mato\u00a0<\/span><\/h2>\n<p><img fetchpriority=\"high\" decoding=\"async\" class=\"aligncenter wp-image-211922 size-full\" src=\"https:\/\/www.edialog.com.br\/wp-content\/uploads\/2020\/07\/pasted-image-0.png\" alt=\"Tudo mato\" width=\"225\" height=\"225\" \/><\/p>\n<p><span style=\"font-weight: 400;\">Quando decidimos trabalhar com o Marketing Digital a Internet ainda era tudo mato! Nosso escopo de trabalho era voltado para o Twitter, rede social mais popular da \u00e9poca. Passamos pela febre do Orkut, surgimento e populariza\u00e7\u00e3o do Facebook, Youtube, Instagram, LinkedIn, TikTok e, contando\u2026<\/span><\/p>\n<p><span style=\"font-weight: 400;\">As modas das redes sociais vem e v\u00e3o.<\/span><b> Isso te d\u00e1 a impress\u00e3o de que o Marketing Digital \u00e9 vol\u00e1til? <\/b><span style=\"font-weight: 400;\">A plataforma e o formato podem variar de uma ano para o outro, ou at\u00e9 de um m\u00eas para o outro.\u00a0<\/span><\/p>\n<p><span style=\"font-weight: 400;\">Mas, a forma de trabalhar a comunica\u00e7\u00e3o \u00e9 s\u00f3lida, sempre voltada para o objetivo final de impactar, informar e encantar pessoas.\u00a0<\/span><\/p>\n<p><span style=\"font-weight: 400;\">Tudo isso, baseado em estudo, trabalho duro e atualiza\u00e7\u00e3o para estar sempre a frente, ditar e acompanhar as tend\u00eancias e propor a inova\u00e7\u00e3o. Disso, nossos fundadores Gihana Fava e Renan Caixeiro entendem. Um de nossos principais valores \u00e9 o <\/span><b>Aprender,<\/b><span style=\"font-weight: 400;\"> e os mais estudiosos s\u00e3o eles! Assim conseguem incentivar todo o time a buscar conhecimento e propor novas ideias para sempre apresentar aos nossos clientes as tend\u00eancias e melhorar resultados a partir disso.\u00a0<\/span><\/p>\n<p><span style=\"font-weight: 400;\">Esse esp\u00edrito desbravador \u00e9 contagiante!\u00a0<\/span><\/p>\n<p><img decoding=\"async\" class=\"wp-image-211923 size-thumbnail alignleft\" src=\"https:\/\/www.edialog.com.br\/wp-content\/uploads\/2020\/07\/maril-slide-150x150.png\" alt=\"Marianna Le\u00e3o\" width=\"150\" height=\"150\" \/><\/p>\n<blockquote><p><i><span style=\"font-weight: 400;\">\u201c<\/span><\/i><i><span style=\"font-weight: 400;\">Uma coisa que eu posso dizer com certeza \u00e9 que um dia nunca \u00e9 igual ao outro, porque todos os dias estamos aprendendo coisas novas. Seja com nossos colegas, gestores, clientes e novidades do mercado estar na E-dialog \u00e9 estar com a cabe\u00e7a sempre pensando e se transformando. E isso \u00e9 o que mais me encanta.\u201d<\/span><\/i><\/p><\/blockquote>\n<p style=\"text-align: right;\"><span style=\"font-weight: 400;\">\u2013 Marianna Le\u00e3o, Analista de Marketing Digital, 3 anos de E-Dialog.\u00a0<\/span><\/p>\n<h2><span style=\"font-weight: 400;\">Di\u00e1logo, nosso nome e ess\u00eancia\u00a0<\/span><\/h2>\n<p><span style=\"font-weight: 400;\">O sucesso dos nossos clientes e, consequentemente o nosso, est\u00e1 na entrega de resultados traduzidos em n\u00fameros e constru\u00eddos sobre uma base s\u00f3lida: <\/span><b>o di\u00e1logo.<\/b><span style=\"font-weight: 400;\">\u00a0<\/span><\/p>\n<p><span style=\"font-weight: 400;\">Para isso, nossos clientes fazem parte do time: ouvir, trocar ideias e compartilhar informa\u00e7\u00f5es nos faz alcan\u00e7ar uma comunica\u00e7\u00e3o humana e emp\u00e1tica, focada das dores e necessidades dos clientes dos nossos clientes. Isso tem dado muito certo nesses 10 anos.\u00a0<\/span><\/p>\n<blockquote><p><img decoding=\"async\" class=\"wp-image-211924 size-thumbnail alignleft\" src=\"https:\/\/www.edialog.com.br\/wp-content\/uploads\/2020\/07\/067_Edialog_logos_21-150x150.png\" alt=\"Judice e Ara\u00fajo\" width=\"150\" height=\"150\" \/><i><span style=\"font-weight: 400;\">\u201c\u00c9 um prazer trabalhar com a E-Dialog e a cada dia que passa o entrosamento entre empresa e ag\u00eancia s\u00f3 aumenta.\u00a0<\/span><\/i><i><span style=\"font-weight: 400;\">Destaco o atendimento personalizado, a proximidade no dia a dia e a disposi\u00e7\u00e3o e pr\u00f3-atividade de trazer coisas novas para a mesa de discuss\u00e3o.\u201d<\/span><\/i><\/p><\/blockquote>\n<p style=\"text-align: right;\"><span style=\"font-weight: 400;\">\u2013 Frederico, S\u00f3cio na Judice &amp; Araujo.<\/span><\/p>\n<p>&nbsp;<\/p>\n<h2><span style=\"font-weight: 400;\">Las personas primero<\/span><\/h2>\n<p><span style=\"font-weight: 400;\">A mesma horizontalidade que temos com os clientes, aplicamos no nosso dia a dia com a tribo. Brainstorming e ideias coletivas tornam o nosso ambiente de trabalho enriquecedor, criativo, din\u00e2mico e assim, naturalmente, fazemos um Marketing Digital para encantar outras pessoas.\u00a0<\/span><\/p>\n<p><img loading=\"lazy\" decoding=\"async\" class=\"wp-image-211920 size-thumbnail alignleft\" src=\"https:\/\/www.edialog.com.br\/wp-content\/uploads\/2020\/07\/augusto-slide-150x150.png\" alt=\"Augusto Nogueira \" width=\"150\" height=\"150\" \/><\/p>\n<blockquote><p><i><span style=\"font-weight: 400;\">\u201cO que eu mais ou\u00e7o na E-Dialog, desde o primeiro dia, \u00e9 o cuidado e confian\u00e7a que os membros das equipes t\u00eam uns\u00a0<\/span><\/i><i><span style=\"font-weight: 400;\">com os outros. Produzimos muito e com qualidade e o apoio m\u00fatuo nos torna muito fortes. O\u00a0<\/span><\/i><i><span style=\"font-weight: 400;\">mesmo sentimento \u00e9 aplicado ao cliente: nosso trabalho \u00e9 digital, mas a parceria \u00e9 a mais humana poss\u00edvel e o Sucesso do Cliente \u00e9 faz\u00ea-lo ver que cada passo dado \u00e9 importante. Afinal, todo resultado \u00e9 parte de um esfor\u00e7o empregado e vale a pena ser comemorado. Mesmo a simples configura\u00e7\u00e3o faz com que o cliente esteja melhor que estava antes\u201d.<br \/>\n<\/span><\/i><\/p><\/blockquote>\n<p style=\"text-align: right;\"><i><span style=\"font-weight: 400;\">\u2013 Augusto Nogueira, Analista de Inbound Marketing, 4 anos de E-Dialog.\u00a0<\/span><\/i><\/p>\n<h2><span style=\"font-weight: 400;\">Curiosidade: a inquieta\u00e7\u00e3o \u00e9 o que nos move<\/span><\/h2>\n<p><span style=\"font-weight: 400;\">Para termos nos tornado uma ag\u00eancia premiada, em franco crescimento durante todos esses anos, precis\u00e1vamos nos destacar nesse mercado \u00e1gil e competitivo. Como isso foi poss\u00edvel? Respirando a inova\u00e7\u00e3o, tentando fazer mais e fazer diferente. Assim conquistamos diariamente o pioneirismo em nossa regi\u00e3o e amplia\u00e7\u00e3o da cartela de clientes pelo Brasil e pelo mundo.<\/span><\/p>\n<blockquote><p><i><span style=\"font-weight: 400;\"><img loading=\"lazy\" decoding=\"async\" class=\"alignleft wp-image-211925 size-full\" src=\"https:\/\/www.edialog.com.br\/wp-content\/uploads\/2020\/07\/067_Edialog_logos_46.png\" alt=\"Robots universales\" width=\"250\" height=\"150\" \/>\u201cA E-Dialog \u00e9 uma ag\u00eancia que tem realmente o digital<\/span><\/i><i><span style=\"font-weight: 400;\"> mindset que busc\u00e1vamos na Universal Robots.\u201d<\/span><\/i><\/p><\/blockquote>\n<p style=\"text-align: right;\"><span style=\"font-weight: 400;\">\u2013 Fellipe Araujo, Digital Marketing Specialist da Universal Robots.<\/span><\/p>\n<p>&nbsp;<\/p>\n<blockquote><p><img loading=\"lazy\" decoding=\"async\" class=\"alignleft wp-image-211928\" src=\"https:\/\/www.edialog.com.br\/wp-content\/uploads\/2020\/07\/Bamaq-Auto-Preto-300x85.png\" alt=\"Bamaq\" width=\"150\" height=\"42\" \/><\/p>\n<p><span style=\"font-weight: 400;\">\u201cTemos uma parceria hist\u00f3rica com a E-Dialog, marca por resultados de muito sucesso. A proximidade e intera\u00e7\u00e3o com a gente \u00e9 muito boa, tamb\u00e9m contamos com elevado n\u00edvel de qualidade do servi\u00e7o, rapidez de entrega e de mensura\u00e7\u00e3o de resultados. Desejos todo o sucesso para a empresa em seus 10 anos.\u201d<\/span><\/p><\/blockquote>\n<p style=\"text-align: right;\"><span style=\"font-weight: 400;\">\u2013 Luiz Ricardo, Gerente Geral Bamaq Autom\u00f3veis<\/span><\/p>\n<h2><span style=\"font-weight: 400;\">Unidos pelo Marketing Digital: essa \u00e9 a nossa Tribo<\/span><\/h2>\n<p><span style=\"font-weight: 400;\">Por uma comunica\u00e7\u00e3o emp\u00e1tica e humana, n\u00e3o poder\u00edamos deixar de pensar no nosso time de colaboradores. Aqui, nos identificamos como uma tribo: um grupo de pessoas unidas por caracter\u00edsticas e interesses em comum: apaixonados por novidades e redes sociais, comunicadores natos, eternos aprendizes dedicados ao Marketing Digital.\u00a0<\/span><\/p>\n<p><span style=\"font-weight: 400;\">Nosso time \u00e9 cheio de talentos, que buscamos incentivar individualmente com suas potencialidades para se descobrirem e refinarem como profissionais e pessoas. Temos orgulho demais de todos que j\u00e1 integraram e que hoje integram a tribo da E-Dialog. Esses 10 anos consistentes, cheios de novidades, resultados e sucesso tornaram-se poss\u00edveis gra\u00e7as a todos voc\u00eas, entre colaboradores e clientes!\u00a0\u00a0<\/span><\/p>\n<p><span style=\"font-weight: 400;\">E-Dialog faz 10 anos: Digital \u00e9 Desbravar. Digital \u00e9 <\/span><b>Conectar.<\/b><span style=\"font-weight: 400;\">\u00a0<\/span><\/p>\n<p><iframe title=\"E-Dialog Comunica\u00e7\u00e3o Digital | Conhe\u00e7a a ag\u00eancia\" width=\"800\" height=\"450\" src=\"https:\/\/www.youtube.com\/embed\/dBbEI4pZMS0?feature=oembed\" frameborder=\"0\" allow=\"accelerometer; autoplay; clipboard-write; encrypted-media; gyroscope; picture-in-picture; web-share\" allowfullscreen><\/iframe><\/p>\n<p>&nbsp;<\/p>","protected":false},"excerpt":{"rendered":"<p>N\u00e3o \u00e9 todo dia que se faz 10 anos, ainda mais considerando a Modernidade L\u00edquida das redes sociais. Mas, nossa Ag\u00eancia de Marketing Digital comemora esse marco com ainda mais for\u00e7a e alegria em momentos dif\u00edceis como o que passamos agora.\u00a0 Quando eu cheguei era tudo mato\u00a0 Quando decidimos trabalhar com o Marketing Digital a [&hellip;]<\/p>\n","protected":false},"author":1,"featured_media":0,"comment_status":"open","ping_status":"closed","sticky":false,"template":"","format":"standard","meta":{"_acf_changed":false,"content-type":"","footnotes":""},"categories":[3408],"tags":[4266],"class_list":["post-211919","post","type-post","status-publish","format-standard","hentry","category-especial","tag-e-dialog-faz-10-anos"],"acf":[],"yoast_head":"<!-- This site is optimized with the Yoast SEO Premium plugin v27.5 (Yoast SEO v27.5) - https:\/\/yoast.com\/product\/yoast-seo-premium-wordpress\/ -->\n<title>\u00c9 sempre tempo de comemorar: E-Dialog faz 10 anos<\/title>\n<meta name=\"description\" content=\"A E-Dialog faz 10 anos! Conhe\u00e7a a nossa hist\u00f3ria e valores e veja o depoimento de algumas pessoas e empresas que fazem parte dessa trajet\u00f3ria.\" \/>\n<meta name=\"robots\" content=\"index, follow, max-snippet:-1, max-image-preview:large, max-video-preview:-1\" \/>\n<link rel=\"canonical\" href=\"https:\/\/www.edialog.com.br\/es\/e-dialog-faz-10-anos\/\" \/>\n<meta property=\"og:locale\" content=\"es_ES\" \/>\n<meta property=\"og:type\" content=\"article\" \/>\n<meta property=\"og:title\" content=\"\u00c9 sempre tempo de comemorar: E-Dialog faz 10 anos\" \/>\n<meta property=\"og:description\" content=\"A E-Dialog faz 10 anos! Conhe\u00e7a a nossa hist\u00f3ria e valores e veja o depoimento de algumas pessoas e empresas que fazem parte dessa trajet\u00f3ria.\" \/>\n<meta property=\"og:url\" content=\"https:\/\/www.edialog.com.br\/es\/e-dialog-faz-10-anos\/\" \/>\n<meta property=\"og:site_name\" content=\"Ag\u00eancia de Inbound Marketing | E-Dialog\" \/>\n<meta property=\"article:publisher\" content=\"https:\/\/facebook.com\/edialogcomunicacao\" \/>\n<meta property=\"article:author\" content=\"http:\/\/facebook.com\/renancaixeiro\" \/>\n<meta property=\"article:published_time\" content=\"2020-07-24T14:45:12+00:00\" \/>\n<meta property=\"article:modified_time\" content=\"2024-03-21T12:43:53+00:00\" \/>\n<meta property=\"og:image\" content=\"https:\/\/www.edialog.com.br\/wp-content\/uploads\/2020\/07\/131_Edialog_Blog_10anos.png\" \/>\n\t<meta property=\"og:image:width\" content=\"1500\" \/>\n\t<meta property=\"og:image:height\" content=\"1000\" \/>\n\t<meta property=\"og:image:type\" content=\"image\/png\" \/>\n<meta name=\"author\" content=\"Renan Caixeiro\" \/>\n<meta name=\"twitter:label1\" content=\"Escrito por\" \/>\n\t<meta name=\"twitter:data1\" content=\"Renan Caixeiro\" \/>\n\t<meta name=\"twitter:label2\" content=\"Tiempo de lectura\" \/>\n\t<meta name=\"twitter:data2\" content=\"4 minutos\" \/>\n<script type=\"application\/ld+json\" class=\"yoast-schema-graph\">{\"@context\":\"https:\\\/\\\/schema.org\",\"@graph\":[{\"@type\":[\"Article\",\"BlogPosting\"],\"@id\":\"https:\\\/\\\/www.edialog.com.br\\\/e-dialog-faz-10-anos\\\/#article\",\"isPartOf\":{\"@id\":\"https:\\\/\\\/www.edialog.com.br\\\/e-dialog-faz-10-anos\\\/\"},\"author\":{\"name\":\"Renan Caixeiro\",\"@id\":\"https:\\\/\\\/www.edialog.com.br\\\/#\\\/schema\\\/person\\\/7f509934e54fd30b9d2d02cf51b60966\"},\"headline\":\"\u00c9 sempre tempo de comemorar: E-Dialog faz 10 anos\",\"datePublished\":\"2020-07-24T14:45:12+00:00\",\"dateModified\":\"2024-03-21T12:43:53+00:00\",\"mainEntityOfPage\":{\"@id\":\"https:\\\/\\\/www.edialog.com.br\\\/e-dialog-faz-10-anos\\\/\"},\"wordCount\":894,\"commentCount\":0,\"publisher\":{\"@id\":\"https:\\\/\\\/www.edialog.com.br\\\/#organization\"},\"image\":{\"@id\":\"https:\\\/\\\/www.edialog.com.br\\\/e-dialog-faz-10-anos\\\/#primaryimage\"},\"thumbnailUrl\":\"https:\\\/\\\/www.edialog.com.br\\\/wp-content\\\/uploads\\\/2020\\\/07\\\/pasted-image-0.png\",\"keywords\":[\"E-Dialog faz 10 anos\"],\"articleSection\":[\"Especial\"],\"inLanguage\":\"es\",\"potentialAction\":[{\"@type\":\"CommentAction\",\"name\":\"Comment\",\"target\":[\"https:\\\/\\\/www.edialog.com.br\\\/e-dialog-faz-10-anos\\\/#respond\"]}]},{\"@type\":\"WebPage\",\"@id\":\"https:\\\/\\\/www.edialog.com.br\\\/e-dialog-faz-10-anos\\\/\",\"url\":\"https:\\\/\\\/www.edialog.com.br\\\/e-dialog-faz-10-anos\\\/\",\"name\":\"\u00c9 sempre tempo de comemorar: E-Dialog faz 10 anos\",\"isPartOf\":{\"@id\":\"https:\\\/\\\/www.edialog.com.br\\\/#website\"},\"primaryImageOfPage\":{\"@id\":\"https:\\\/\\\/www.edialog.com.br\\\/e-dialog-faz-10-anos\\\/#primaryimage\"},\"image\":{\"@id\":\"https:\\\/\\\/www.edialog.com.br\\\/e-dialog-faz-10-anos\\\/#primaryimage\"},\"thumbnailUrl\":\"https:\\\/\\\/www.edialog.com.br\\\/wp-content\\\/uploads\\\/2020\\\/07\\\/pasted-image-0.png\",\"datePublished\":\"2020-07-24T14:45:12+00:00\",\"dateModified\":\"2024-03-21T12:43:53+00:00\",\"description\":\"A E-Dialog faz 10 anos! Conhe\u00e7a a nossa hist\u00f3ria e valores e veja o depoimento de algumas pessoas e empresas que fazem parte dessa trajet\u00f3ria.\",\"breadcrumb\":{\"@id\":\"https:\\\/\\\/www.edialog.com.br\\\/e-dialog-faz-10-anos\\\/#breadcrumb\"},\"inLanguage\":\"es\",\"potentialAction\":[{\"@type\":\"ReadAction\",\"target\":[\"https:\\\/\\\/www.edialog.com.br\\\/e-dialog-faz-10-anos\\\/\"]}]},{\"@type\":\"ImageObject\",\"inLanguage\":\"es\",\"@id\":\"https:\\\/\\\/www.edialog.com.br\\\/e-dialog-faz-10-anos\\\/#primaryimage\",\"url\":\"https:\\\/\\\/www.edialog.com.br\\\/wp-content\\\/uploads\\\/2020\\\/07\\\/pasted-image-0.png\",\"contentUrl\":\"https:\\\/\\\/www.edialog.com.br\\\/wp-content\\\/uploads\\\/2020\\\/07\\\/pasted-image-0.png\"},{\"@type\":\"BreadcrumbList\",\"@id\":\"https:\\\/\\\/www.edialog.com.br\\\/e-dialog-faz-10-anos\\\/#breadcrumb\",\"itemListElement\":[{\"@type\":\"ListItem\",\"position\":1,\"name\":\"Home\",\"item\":\"https:\\\/\\\/www.edialog.com.br\\\/\"},{\"@type\":\"ListItem\",\"position\":2,\"name\":\"Especial\",\"item\":\"https:\\\/\\\/www.edialog.com.br\\\/category\\\/especial\\\/\"},{\"@type\":\"ListItem\",\"position\":3,\"name\":\"\u00c9 sempre tempo de comemorar: E-Dialog faz 10 anos\"}]},{\"@type\":\"WebSite\",\"@id\":\"https:\\\/\\\/www.edialog.com.br\\\/#website\",\"url\":\"https:\\\/\\\/www.edialog.com.br\\\/\",\"name\":\"Ag\u00eancia de Inbound Marketing | E-Dialog\",\"description\":\"Ag\u00eancia de Inbound Marketing premiada com solu\u00e7\u00f5es completas para o seu neg\u00f3cio. Atraia leads, com conte\u00fados \u00fanicos e envolventes. Solicite or\u00e7amento!\",\"publisher\":{\"@id\":\"https:\\\/\\\/www.edialog.com.br\\\/#organization\"},\"potentialAction\":[{\"@type\":\"SearchAction\",\"target\":{\"@type\":\"EntryPoint\",\"urlTemplate\":\"https:\\\/\\\/www.edialog.com.br\\\/?s={search_term_string}\"},\"query-input\":{\"@type\":\"PropertyValueSpecification\",\"valueRequired\":true,\"valueName\":\"search_term_string\"}}],\"inLanguage\":\"es\"},{\"@type\":\"Organization\",\"@id\":\"https:\\\/\\\/www.edialog.com.br\\\/#organization\",\"name\":\"Ag\u00eancia de M\u00eddias Sociais e Marketing Digital | E-Dialog\",\"url\":\"https:\\\/\\\/www.edialog.com.br\\\/\",\"logo\":{\"@type\":\"ImageObject\",\"inLanguage\":\"es\",\"@id\":\"https:\\\/\\\/www.edialog.com.br\\\/#\\\/schema\\\/logo\\\/image\\\/\",\"url\":\"https:\\\/\\\/www.edialog.com.br\\\/wp-content\\\/uploads\\\/2021\\\/09\\\/edialog-logo-case.png\",\"contentUrl\":\"https:\\\/\\\/www.edialog.com.br\\\/wp-content\\\/uploads\\\/2021\\\/09\\\/edialog-logo-case.png\",\"width\":810,\"height\":450,\"caption\":\"Ag\u00eancia de M\u00eddias Sociais e Marketing Digital | E-Dialog\"},\"image\":{\"@id\":\"https:\\\/\\\/www.edialog.com.br\\\/#\\\/schema\\\/logo\\\/image\\\/\"},\"sameAs\":[\"https:\\\/\\\/facebook.com\\\/edialogcomunicacao\",\"https:\\\/\\\/x.com\\\/edialog_br\",\"https:\\\/\\\/www.instagram.com\\\/edialog_br\",\"https:\\\/\\\/www.linkedin.com\\\/company\\\/e-dialog-comunica-o-digital\",\"https:\\\/\\\/www.youtube.com\\\/channel\\\/UCPiVQ_yVlcCqWS2sRzJZj7g\"]},{\"@type\":\"Person\",\"@id\":\"https:\\\/\\\/www.edialog.com.br\\\/#\\\/schema\\\/person\\\/7f509934e54fd30b9d2d02cf51b60966\",\"name\":\"Renan Caixeiro\",\"image\":{\"@type\":\"ImageObject\",\"inLanguage\":\"es\",\"@id\":\"https:\\\/\\\/www.edialog.com.br\\\/wp-content\\\/uploads\\\/2023\\\/11\\\/renan-caixeiro-150x150.jpg\",\"url\":\"https:\\\/\\\/www.edialog.com.br\\\/wp-content\\\/uploads\\\/2023\\\/11\\\/renan-caixeiro-150x150.jpg\",\"contentUrl\":\"https:\\\/\\\/www.edialog.com.br\\\/wp-content\\\/uploads\\\/2023\\\/11\\\/renan-caixeiro-150x150.jpg\",\"caption\":\"Renan Caixeiro\"},\"description\":\"S\u00f3cio Diretor na E-Dialog, \u00e9 graduado em Jornalismo e p\u00f3s-graduado em Comunica\u00e7\u00e3o Corporativa, ambos pela UFJF. Est\u00e1 \u00e0 frente do Reportei, SaaS de relat\u00f3rios e dashboards, \u00e9 host do Projeto SaaS, podcast que compartilha experi\u00eancias do universo de software as a service, e s\u00f3cio da Aquela Caixa, comunidade para profissionais de cria\u00e7\u00e3o. Torcedor do Vasco, tem como meta comprar o Gigante da Colina. LinkedIn: @renancaixeiro \\\/ Instagram: @renancaixeiro.\",\"sameAs\":[\"http:\\\/\\\/facebook.com\\\/renancaixeiro\",\"https:\\\/\\\/www.instagram.com\\\/renancaixeiro\\\/\",\"https:\\\/\\\/br.linkedin.com\\\/in\\\/renancaixeiro\\\/pt\",\"https:\\\/\\\/x.com\\\/renancaixeiro\"],\"url\":\"https:\\\/\\\/www.edialog.com.br\\\/es\\\/author\\\/renancaixeiro\\\/\"}]}<\/script>\n<!-- \/ Yoast SEO Premium plugin. -->","yoast_head_json":{"title":"Siempre es tiempo de celebrar: E-Dialog cumple 10 a\u00f1os","description":"A E-Dialog faz 10 anos! Conhe\u00e7a a nossa hist\u00f3ria e valores e veja o depoimento de algumas pessoas e empresas que fazem parte dessa trajet\u00f3ria.","robots":{"index":"index","follow":"follow","max-snippet":"max-snippet:-1","max-image-preview":"max-image-preview:large","max-video-preview":"max-video-preview:-1"},"canonical":"https:\/\/www.edialog.com.br\/es\/e-dialog-faz-10-anos\/","og_locale":"es_ES","og_type":"article","og_title":"\u00c9 sempre tempo de comemorar: E-Dialog faz 10 anos","og_description":"A E-Dialog faz 10 anos! Conhe\u00e7a a nossa hist\u00f3ria e valores e veja o depoimento de algumas pessoas e empresas que fazem parte dessa trajet\u00f3ria.","og_url":"https:\/\/www.edialog.com.br\/es\/e-dialog-faz-10-anos\/","og_site_name":"Ag\u00eancia de Inbound Marketing | E-Dialog","article_publisher":"https:\/\/facebook.com\/edialogcomunicacao","article_author":"http:\/\/facebook.com\/renancaixeiro","article_published_time":"2020-07-24T14:45:12+00:00","article_modified_time":"2024-03-21T12:43:53+00:00","og_image":[{"width":1500,"height":1000,"url":"https:\/\/www.edialog.com.br\/wp-content\/uploads\/2020\/07\/131_Edialog_Blog_10anos.png","type":"image\/png"}],"author":"Renan Caixeiro","twitter_misc":{"Escrito por":"Renan Caixeiro","Tiempo de lectura":"4 minutos"},"schema":{"@context":"https:\/\/schema.org","@graph":[{"@type":["Article","BlogPosting"],"@id":"https:\/\/www.edialog.com.br\/e-dialog-faz-10-anos\/#article","isPartOf":{"@id":"https:\/\/www.edialog.com.br\/e-dialog-faz-10-anos\/"},"author":{"name":"Renan Caixeiro","@id":"https:\/\/www.edialog.com.br\/#\/schema\/person\/7f509934e54fd30b9d2d02cf51b60966"},"headline":"\u00c9 sempre tempo de comemorar: E-Dialog faz 10 anos","datePublished":"2020-07-24T14:45:12+00:00","dateModified":"2024-03-21T12:43:53+00:00","mainEntityOfPage":{"@id":"https:\/\/www.edialog.com.br\/e-dialog-faz-10-anos\/"},"wordCount":894,"commentCount":0,"publisher":{"@id":"https:\/\/www.edialog.com.br\/#organization"},"image":{"@id":"https:\/\/www.edialog.com.br\/e-dialog-faz-10-anos\/#primaryimage"},"thumbnailUrl":"https:\/\/www.edialog.com.br\/wp-content\/uploads\/2020\/07\/pasted-image-0.png","keywords":["E-Dialog faz 10 anos"],"articleSection":["Especial"],"inLanguage":"es","potentialAction":[{"@type":"CommentAction","name":"Comment","target":["https:\/\/www.edialog.com.br\/e-dialog-faz-10-anos\/#respond"]}]},{"@type":"WebPage","@id":"https:\/\/www.edialog.com.br\/e-dialog-faz-10-anos\/","url":"https:\/\/www.edialog.com.br\/e-dialog-faz-10-anos\/","name":"Siempre es tiempo de celebrar: E-Dialog cumple 10 a\u00f1os","isPartOf":{"@id":"https:\/\/www.edialog.com.br\/#website"},"primaryImageOfPage":{"@id":"https:\/\/www.edialog.com.br\/e-dialog-faz-10-anos\/#primaryimage"},"image":{"@id":"https:\/\/www.edialog.com.br\/e-dialog-faz-10-anos\/#primaryimage"},"thumbnailUrl":"https:\/\/www.edialog.com.br\/wp-content\/uploads\/2020\/07\/pasted-image-0.png","datePublished":"2020-07-24T14:45:12+00:00","dateModified":"2024-03-21T12:43:53+00:00","description":"A E-Dialog faz 10 anos! Conhe\u00e7a a nossa hist\u00f3ria e valores e veja o depoimento de algumas pessoas e empresas que fazem parte dessa trajet\u00f3ria.","breadcrumb":{"@id":"https:\/\/www.edialog.com.br\/e-dialog-faz-10-anos\/#breadcrumb"},"inLanguage":"es","potentialAction":[{"@type":"ReadAction","target":["https:\/\/www.edialog.com.br\/e-dialog-faz-10-anos\/"]}]},{"@type":"ImageObject","inLanguage":"es","@id":"https:\/\/www.edialog.com.br\/e-dialog-faz-10-anos\/#primaryimage","url":"https:\/\/www.edialog.com.br\/wp-content\/uploads\/2020\/07\/pasted-image-0.png","contentUrl":"https:\/\/www.edialog.com.br\/wp-content\/uploads\/2020\/07\/pasted-image-0.png"},{"@type":"BreadcrumbList","@id":"https:\/\/www.edialog.com.br\/e-dialog-faz-10-anos\/#breadcrumb","itemListElement":[{"@type":"ListItem","position":1,"name":"Home","item":"https:\/\/www.edialog.com.br\/"},{"@type":"ListItem","position":2,"name":"Especial","item":"https:\/\/www.edialog.com.br\/category\/especial\/"},{"@type":"ListItem","position":3,"name":"\u00c9 sempre tempo de comemorar: E-Dialog faz 10 anos"}]},{"@type":"WebSite","@id":"https:\/\/www.edialog.com.br\/#website","url":"https:\/\/www.edialog.com.br\/","name":"Agencia de marketing entrante | E-Dialog","description":"Ag\u00eancia de Inbound Marketing premiada com solu\u00e7\u00f5es completas para o seu neg\u00f3cio. Atraia leads, com conte\u00fados \u00fanicos e envolventes. Solicite or\u00e7amento!","publisher":{"@id":"https:\/\/www.edialog.com.br\/#organization"},"potentialAction":[{"@type":"SearchAction","target":{"@type":"EntryPoint","urlTemplate":"https:\/\/www.edialog.com.br\/?s={search_term_string}"},"query-input":{"@type":"PropertyValueSpecification","valueRequired":true,"valueName":"search_term_string"}}],"inLanguage":"es"},{"@type":"Organization","@id":"https:\/\/www.edialog.com.br\/#organization","name":"Ag\u00eancia de M\u00eddias Sociais e Marketing Digital | E-Dialog","url":"https:\/\/www.edialog.com.br\/","logo":{"@type":"ImageObject","inLanguage":"es","@id":"https:\/\/www.edialog.com.br\/#\/schema\/logo\/image\/","url":"https:\/\/www.edialog.com.br\/wp-content\/uploads\/2021\/09\/edialog-logo-case.png","contentUrl":"https:\/\/www.edialog.com.br\/wp-content\/uploads\/2021\/09\/edialog-logo-case.png","width":810,"height":450,"caption":"Ag\u00eancia de M\u00eddias Sociais e Marketing Digital | E-Dialog"},"image":{"@id":"https:\/\/www.edialog.com.br\/#\/schema\/logo\/image\/"},"sameAs":["https:\/\/facebook.com\/edialogcomunicacao","https:\/\/x.com\/edialog_br","https:\/\/www.instagram.com\/edialog_br","https:\/\/www.linkedin.com\/company\/e-dialog-comunica-o-digital","https:\/\/www.youtube.com\/channel\/UCPiVQ_yVlcCqWS2sRzJZj7g"]},{"@type":"Person","@id":"https:\/\/www.edialog.com.br\/#\/schema\/person\/7f509934e54fd30b9d2d02cf51b60966","name":"Renan Caixeiro","image":{"@type":"ImageObject","inLanguage":"es","@id":"https:\/\/www.edialog.com.br\/wp-content\/uploads\/2023\/11\/renan-caixeiro-150x150.jpg","url":"https:\/\/www.edialog.com.br\/wp-content\/uploads\/2023\/11\/renan-caixeiro-150x150.jpg","contentUrl":"https:\/\/www.edialog.com.br\/wp-content\/uploads\/2023\/11\/renan-caixeiro-150x150.jpg","caption":"Renan Caixeiro"},"description":"S\u00f3cio Diretor na E-Dialog, \u00e9 graduado em Jornalismo e p\u00f3s-graduado em Comunica\u00e7\u00e3o Corporativa, ambos pela UFJF. Est\u00e1 \u00e0 frente do Reportei, SaaS de relat\u00f3rios e dashboards, \u00e9 host do Projeto SaaS, podcast que compartilha experi\u00eancias do universo de software as a service, e s\u00f3cio da Aquela Caixa, comunidade para profissionais de cria\u00e7\u00e3o. Torcedor do Vasco, tem como meta comprar o Gigante da Colina. LinkedIn: @renancaixeiro \/ Instagram: @renancaixeiro.","sameAs":["http:\/\/facebook.com\/renancaixeiro","https:\/\/www.instagram.com\/renancaixeiro\/","https:\/\/br.linkedin.com\/in\/renancaixeiro\/pt","https:\/\/x.com\/renancaixeiro"],"url":"https:\/\/www.edialog.com.br\/es\/author\/renancaixeiro\/"}]}},"_links":{"self":[{"href":"https:\/\/www.edialog.com.br\/es\/wp-json\/wp\/v2\/posts\/211919","targetHints":{"allow":["GET"]}}],"collection":[{"href":"https:\/\/www.edialog.com.br\/es\/wp-json\/wp\/v2\/posts"}],"about":[{"href":"https:\/\/www.edialog.com.br\/es\/wp-json\/wp\/v2\/types\/post"}],"author":[{"embeddable":true,"href":"https:\/\/www.edialog.com.br\/es\/wp-json\/wp\/v2\/users\/1"}],"replies":[{"embeddable":true,"href":"https:\/\/www.edialog.com.br\/es\/wp-json\/wp\/v2\/comments?post=211919"}],"version-history":[{"count":0,"href":"https:\/\/www.edialog.com.br\/es\/wp-json\/wp\/v2\/posts\/211919\/revisions"}],"wp:attachment":[{"href":"https:\/\/www.edialog.com.br\/es\/wp-json\/wp\/v2\/media?parent=211919"}],"wp:term":[{"taxonomy":"category","embeddable":true,"href":"https:\/\/www.edialog.com.br\/es\/wp-json\/wp\/v2\/categories?post=211919"},{"taxonomy":"post_tag","embeddable":true,"href":"https:\/\/www.edialog.com.br\/es\/wp-json\/wp\/v2\/tags?post=211919"}],"curies":[{"name":"wp","href":"https:\/\/api.w.org\/{rel}","templated":true}]}}