{"id":209737,"date":"2019-11-13T18:36:06","date_gmt":"2019-11-13T21:36:06","guid":{"rendered":"https:\/\/www.edialog.com.br\/?p=209737"},"modified":"2024-10-18T11:47:40","modified_gmt":"2024-10-18T14:47:40","slug":"5-destaques-do-rd-summit-2019","status":"publish","type":"post","link":"https:\/\/www.edialog.com.br\/es\/5-destaques-do-rd-summit-2019\/","title":{"rendered":"Los 5 aspectos m\u00e1s destacados de la Cumbre RD 2019"},"content":{"rendered":"<p>El RD Summit 2019 ya es reconocido como el mayor evento de Marketing y Ventas Digitales de Am\u00e9rica Latina. Organizado por Resultados Digitais, re\u00fane todos los a\u00f1os a una legi\u00f3n de profesionales \u00e1vidos de conocimiento. Este a\u00f1o fueron 12 mil participantes y 175 charlas en el Centrosul de Florian\u00f3polis.<\/p>\n<p>Esta es la 5\u00aa edici\u00f3n a la que asistimos en E-Dialog y te traemos importantes pinceladas sobre las principales ponencias y tendencias que all\u00ed se presentaron.<\/p>\n<h2>1. Gary Vee<\/h2>\n<p>Con una de las charlas m\u00e1s esperadas, Gary Vee cerr\u00f3 la RD Summit por todo lo alto. El fundador de VaynerMedia, una empresa de marketing que tiene clientes como Uber y Facebook y que solo el a\u00f1o pasado gan\u00f3 m\u00e1s de 130 millones de d\u00f3lares, dio su charla de forma sencilla: sin diapositivas y con mucha interacci\u00f3n con el p\u00fablico.<\/p>\n<figure id=\"attachment_209753\" aria-describedby=\"caption-attachment-209753\" style=\"width: 600px\" class=\"wp-caption aligncenter\"><img fetchpriority=\"high\" decoding=\"async\" class=\"wp-image-209753\" src=\"https:\/\/www.edialog.com.br\/wp-content\/uploads\/2019\/11\/Gary-Vee-RD-Summit-2-1024x683.jpg\" alt=\"Gary Vee no RD Summit 2019\" width=\"600\" height=\"400\" srcset=\"https:\/\/www.edialog.com.br\/wp-content\/uploads\/2019\/11\/Gary-Vee-RD-Summit-2-1024x683.jpg 1024w, https:\/\/www.edialog.com.br\/wp-content\/uploads\/2019\/11\/Gary-Vee-RD-Summit-2-300x200.jpg 300w, https:\/\/www.edialog.com.br\/wp-content\/uploads\/2019\/11\/Gary-Vee-RD-Summit-2-768x512.jpg 768w, https:\/\/www.edialog.com.br\/wp-content\/uploads\/2019\/11\/Gary-Vee-RD-Summit-2-1536x1024.jpg 1536w, https:\/\/www.edialog.com.br\/wp-content\/uploads\/2019\/11\/Gary-Vee-RD-Summit-2-1080x720.jpg 1080w, https:\/\/www.edialog.com.br\/wp-content\/uploads\/2019\/11\/Gary-Vee-RD-Summit-2-1280x853.jpg 1280w, https:\/\/www.edialog.com.br\/wp-content\/uploads\/2019\/11\/Gary-Vee-RD-Summit-2-980x653.jpg 980w, https:\/\/www.edialog.com.br\/wp-content\/uploads\/2019\/11\/Gary-Vee-RD-Summit-2-480x320.jpg 480w, https:\/\/www.edialog.com.br\/wp-content\/uploads\/2019\/11\/Gary-Vee-RD-Summit-2.jpg 2048w\" sizes=\"(max-width: 600px) 100vw, 600px\" \/><figcaption id=\"caption-attachment-209753\" class=\"wp-caption-text\">Cr\u00e9dito: Resultados Digitais<\/figcaption><\/figure>\n<p>Algunas de las reflexiones que m\u00e1s provoc\u00f3 Gary entre el p\u00fablico fueron sobre la necesidad de exponernos m\u00e1s y sobre el tiempo. Sobre el tema de la exposici\u00f3n, anima a todo el mundo a producir sus propios contenidos, sobre todo desde que es mucho m\u00e1s accesible convertirse en productor con s\u00f3lo tu tel\u00e9fono m\u00f3vil y la facilidad de las plataformas que te permiten difundirlos. Su principal consejo fue sobre el contenido en formato de audio, el <a href=\"https:\/\/www.edialog.com.br\/es\/o-que-e-podcast\/\">podcasts<\/a>. Y m\u00e1s all\u00e1 del formato, se centra en el contenido aut\u00e9ntico, de verdad. Exponer tus secretos, compartir tus emociones, cuando eres vulnerable as\u00ed, la gente tendr\u00e1 poco que usar contra ti, si ese es tu miedo.<\/p>\n<p>Sobre el tema del tiempo, Gary trat\u00f3 de concienciar a la audiencia de que, incluso con la velocidad del mundo actual, tener \u00e9xito no es algo que llega r\u00e1pido, sino que se construye. Pidi\u00f3 paciencia y constancia en las acciones. Y, adem\u00e1s, que es probable que esta generaci\u00f3n viva cada vez m\u00e1s tiempo, que no hay un momento adecuado para empezar y que no debemos preocuparnos por encontrar respuestas cuando a\u00fan somos j\u00f3venes.<\/p>\n<h2>2. Humanizaci\u00f3n<\/h2>\n<p>No s\u00f3lo hoy sabemos que los medios digitales tienen que estar muy humanizados. La tendencia a deshumanizar la comunicaci\u00f3n en el d\u00eda a d\u00eda es muy fuerte. En la RD Summit 2019 se habl\u00f3 mucho de humanizaci\u00f3n y se destac\u00f3 en varias charlas, como ya hemos visto aqu\u00ed en el texto. Pero varios ponentes tambi\u00e9n hablaron de la importancia de \"hacer bien las habichuelas con arroz\" (\u00a1cosa que no estamos haciendo!). \u00bfPor qu\u00e9 seguimos sin humanizarnos como es debido? Vale la pena una provocaci\u00f3n.<\/p>\n<p>La humanizaci\u00f3n se apunt\u00f3 en diferentes aspectos, pero principalmente en pensar en contenidos que resuelvan necesidades humanas. Otro aspecto que destacamos: pensar en ello como contrapunto al exceso de datos e informaci\u00f3n que tenemos a nuestra disposici\u00f3n. En lugar de que los profesionales sean rehenes de las m\u00e9tricas, tambi\u00e9n deber\u00edan utilizar la intuici\u00f3n, la emoci\u00f3n y la observaci\u00f3n emp\u00e1tica de los dem\u00e1s para tomar decisiones y cambiar el rumbo.<\/p>\n<h2>3. Ann Handley<\/h2>\n<p>Ann es una de las profesionales m\u00e1s importantes en Marketing de Contenidos, e incluso ha sido citada como la mujer m\u00e1s influyente en el mercado de Social Media por Forbes. En esta charla, nos dio una visi\u00f3n de c\u00f3mo superar una \u00e9poca en la que estamos viviendo un exceso de producci\u00f3n de contenidos con calidad.<\/p>\n<figure id=\"attachment_209750\" aria-describedby=\"caption-attachment-209750\" style=\"width: 600px\" class=\"wp-caption aligncenter\"><img decoding=\"async\" class=\"wp-image-209750\" src=\"https:\/\/www.edialog.com.br\/wp-content\/uploads\/2019\/11\/Ann-Handley-no-RD-Summit-2019.jpeg\" alt=\"Ann Handley en la Cumbre RD 2019\" width=\"600\" height=\"450\" srcset=\"https:\/\/www.edialog.com.br\/wp-content\/uploads\/2019\/11\/Ann-Handley-no-RD-Summit-2019.jpeg 1024w, https:\/\/www.edialog.com.br\/wp-content\/uploads\/2019\/11\/Ann-Handley-no-RD-Summit-2019-300x225.jpeg 300w, https:\/\/www.edialog.com.br\/wp-content\/uploads\/2019\/11\/Ann-Handley-no-RD-Summit-2019-768x576.jpeg 768w, https:\/\/www.edialog.com.br\/wp-content\/uploads\/2019\/11\/Ann-Handley-no-RD-Summit-2019-510x382.jpeg 510w, https:\/\/www.edialog.com.br\/wp-content\/uploads\/2019\/11\/Ann-Handley-no-RD-Summit-2019-980x735.jpeg 980w, https:\/\/www.edialog.com.br\/wp-content\/uploads\/2019\/11\/Ann-Handley-no-RD-Summit-2019-480x360.jpeg 480w\" sizes=\"(max-width: 600px) 100vw, 600px\" \/><figcaption id=\"caption-attachment-209750\" class=\"wp-caption-text\">Ann Handley en la Cumbre RD 2019<\/figcaption><\/figure>\n<p>Para ello, Ann propone ralentizar la experiencia del cliente. En primer lugar, un buen productor de contenidos debe preguntarse qu\u00e9 piensa de su cliente. Una preocupaci\u00f3n constante deber\u00eda ser: \u00bfqu\u00e9 une a la audiencia? \u00bfQu\u00e9 engancha emocional y verdaderamente a su audiencia? Los productores tienden a pensar primero en el tipo de contenido que necesitan, pero hay que pasar a poner al cliente en el centro, centr\u00e1ndose primero en lo que necesita su audiencia. S\u00f3lo con esta verdad y tiempo se generar\u00e1n conexiones reales.<\/p>\n<h3>Personalizaci\u00f3n = Universalizaci\u00f3n<\/h3>\n<p>Otro ejercicio que Ann explic\u00f3 fue escribir de la forma m\u00e1s personalizada y humanizada posible. Cit\u00f3 el ejemplo de la carta anual de Warren Buffet a los inversores de Berkshire Hathaway. Buffet revel\u00f3 que su estrategia consiste en escribir como si estuviera enviando una carta a su hermana. Esto se debe a que puede pensar en un tono que realmente informe a una persona que no est\u00e1 tan inmersa en los negocios, pero que necesita entender sus intenciones y que sus consejos sean aplicados universalmente por todos los que los lean.<\/p>\n<p>De este modo, genera contenidos extremadamente personales, los hace universales y conecta de verdad con todo el mundo. Al igual que en un texto de marketing por correo electr\u00f3nico, son los humanos, y no los algoritmos, los que mandan. Esto genera conexiones reales y confianza.<\/p>\n<h2>4. Marca<\/h2>\n<p>Ana Couto, especialista en branding, nos mostr\u00f3 algunos casos muy interesantes de su agencia. Adem\u00e1s, comparti\u00f3 algunos de los retos por los que han pasado o siguen pasando para mejorar la imagen de algunas marcas en el mercado. Estos son algunos de sus consejos para hacer un buen branding:<\/p>\n<h3>La historia de la marca importa<\/h3>\n<p>Valorar la historia de la marca es importante, porque est\u00e1 llena de detalles y tiene una carga emocional que debemos aprovechar.<br \/>\nLas fechas de aniversario o los regionalismos, por ejemplo, son importantes de reforzar junto con los valores y diferenciales de la marca.<\/p>\n<h3>Prop\u00f3sito y relevancia ic\u00f3nica de la marca<\/h3>\n<p>El objetivo es dejar siempre muy claro qui\u00e9n es la marca, qu\u00e9 hace y para qui\u00e9n lo hace. Podemos reforzar estos puntos en los iconos de su comunicaci\u00f3n: s\u00edmbolos, colores, formas y significados. Para ello, siempre es importante investigar e invertir en estos elementos fundamentales para el \u00e9xito de la marca.<\/p>\n<p>Otro punto importante es equilibrar el origen con el contexto hist\u00f3rico actual de la marca. Hay que ser consciente de lo que ocurre en el mundo en el momento de las estrategias, para gestionar posibles crisis y no posicionar la marca de forma equivocada.<\/p>\n<h3>\u00a1Crear valor es necesario!<\/h3>\n<p>\u00a1El mayor reto del siglo XXI es crear valor! La comunicaci\u00f3n de marca ha evolucionado con el tiempo y puede diferenciarse en 3 oleadas:<\/p>\n<h4>Ola 1:<\/h4>\n<p>.centrarse en el producto y las ventas r\u00e1pidas<br \/>\n.estrategias de venta dura<br \/>\n.relaci\u00f3n calidad-precio<\/p>\n<h4>Oleada 2:<\/h4>\n<p>. centrarse en las personas<br \/>\n. estrategias basadas en <a href=\"https:\/\/www.edialog.com.br\/es\/desencadenantes-mentales\/\">desencadenantes emocionales<\/a><br \/>\n. lista de valores<\/p>\n<h4>Ola 3:<\/h4>\n<p>. centrarse en la visi\u00f3n del mundo<br \/>\n.estrategias impulsadas por objetivos y unidad social<br \/>\n. relaci\u00f3n de colaboraci\u00f3n con el mundo (medio ambiente y sociedad)<\/p>\n<p>Es importante recorrer las tres olas y ver cu\u00e1ndo es mejor utilizar cada estrategia. Sin embargo, hoy estamos viviendo el pico de la onda 3 y seguimos utilizando mucho la onda 2 porque las marcas se centran en vender actitudes y valores positivos. As\u00ed, la gente comprar\u00e1 sus productos.<\/p>\n<h3>Cuestiones de rendimiento<\/h3>\n<p>Trabaje con su cliente. Escuche sus problemas y trabajen juntos para encontrar soluciones y resultados. Ellos conocen su marca mejor que t\u00fa y tienen que ser tus aliados.<\/p>\n<h2>5. Marketing anal\u00edtico: estad\u00edsticas y estrategia basada en datos para profesionales del marketing<\/h2>\n<p>El marketing es cada vez m\u00e1s anal\u00edtico y se basa m\u00e1s en los datos. El trabajo de marketing digital comenz\u00f3 bas\u00e1ndose en gran medida en la din\u00e1mica de funcionamiento de las agencias de publicidad y comunicaci\u00f3n tradicionales, pero con la evoluci\u00f3n de las estrategias, las metodolog\u00edas digitales han cambiado y evolucionado. M\u00e1s que nunca, los resultados de los datos son cuantificables y las estrategias se definen en funci\u00f3n de estos datos.<\/p>\n<p>En este contexto, no podemos evitar pensar en <a href=\"https:\/\/www.edialog.com.br\/es\/inteligencia-artificial-no-marketing-digital\/\">inteligencia artificial<\/a> y los robots (\u00bfnos sustituir\u00e1n?). \u00bfPueden captar mejor los datos? \u00bfPueden tomar mejores decisiones? Amanda Gasperini y Ricardo Cappra dicen que los robots son nuestros, construidos por nosotros, y su inteligencia est\u00e1 determinada por la nuestra.<\/p>\n<p>Amanda habl\u00f3 de datos en tiempo real, un t\u00e9rmino que representa la agilidad y asertividad de la recopilaci\u00f3n de datos. Pero eso no basta. Debemos guiarnos por los datos en tiempo real. Mientras que los primeros permiten a los robots tomar decisiones, los segundos son nuestros: los datos est\u00e1n moldeados por el toque humano.<\/p>\n<p>Ricardo dice que no necesitamos ser cient\u00edficos de datos porque son, por definici\u00f3n, matem\u00e1ticos y observadores. No necesitamos necesariamente tener ciencia de datos, sino inteligencia empresarial basada en datos.<\/p>\n<h3>\u00a1Bonus!<\/h3>\n<p>Premio Resultados Agencias 2019. Todos los a\u00f1os, durante el RD Summit, Resultados Digitais organiza una ceremonia de entrega de premios en la que participan sus m\u00e1s de 1.500 agencias asociadas de todo el pa\u00eds. E-Dialog ya fue ganadora en las ediciones de 2016, con el <a href=\"https:\/\/www.edialog.com.br\/es\/midia-social\/espada-ninja-na-vitrine-historia-da-e-dialog-por-tras-do-premio\/\"><strong>1er puesto en la Exhibici\u00f3n Ninja de Espadas<\/strong> <\/a>y en 2018, como el 2\u00ba mejor <a href=\"https:\/\/www.edialog.com.br\/es\/cases-de-sucesso-em-marketing-digital\/\">Caso de marketing<\/a> y Ventas. Y en esta edici\u00f3n 2019 obtuvimos el 3er lugar como Mejor en <a href=\"https:\/\/www.edialog.com.br\/es\/rd-station-marketing\/\">RD Station Marketing<\/a> \u00a1de Brasil!<\/p>\n<p>Este premio eval\u00faa el uso recurrente de las principales funcionalidades del <a href=\"https:\/\/www.edialog.com.br\/es\/o-que-e-rd-station\/\">RD Station<\/a> Marketing con el fin de generar mejores resultados para los clientes. Es decir, damos visibilidad a quien entiende bien la herramienta y establecemos una sinergia de acciones para alcanzar los objetivos definidos. Esto significa que nuestro equipo tiene la mayor calidad t\u00e9cnica de cualquier agencia en Brasil. \u00a1Un gran orgullo para nosotros, nuestros socios y nuestros clientes!<\/p>\n<figure id=\"attachment_209744\" aria-describedby=\"caption-attachment-209744\" style=\"width: 600px\" class=\"wp-caption aligncenter\"><img decoding=\"async\" class=\"wp-image-209744\" src=\"https:\/\/www.edialog.com.br\/wp-content\/uploads\/2019\/11\/rd-summit-2019-pr\u00eamio-ag\u00eancia-de-resultados.jpeg\" alt=\"Pr\u00eamio Ag\u00eancia de Resultados 2019\" width=\"600\" height=\"674\" srcset=\"https:\/\/www.edialog.com.br\/wp-content\/uploads\/2019\/11\/rd-summit-2019-pr\u00eamio-ag\u00eancia-de-resultados.jpeg 911w, https:\/\/www.edialog.com.br\/wp-content\/uploads\/2019\/11\/rd-summit-2019-pr\u00eamio-ag\u00eancia-de-resultados-267x300.jpeg 267w, https:\/\/www.edialog.com.br\/wp-content\/uploads\/2019\/11\/rd-summit-2019-pr\u00eamio-ag\u00eancia-de-resultados-768x863.jpeg 768w, https:\/\/www.edialog.com.br\/wp-content\/uploads\/2019\/11\/rd-summit-2019-pr\u00eamio-ag\u00eancia-de-resultados-480x540.jpeg 480w\" sizes=\"(max-width: 600px) 100vw, 600px\" \/><figcaption id=\"caption-attachment-209744\" class=\"wp-caption-text\">Felipe Dalcarobo, Bruno Ghisi, Andr\u00e9 Siqueira, Thais Debortoli, Gihana Fava, Augusto Gomes y Renan Caixeiro.<\/figcaption><\/figure>\n<p>\u00bfQu\u00e9 fue lo que m\u00e1s le gust\u00f3 del evento? Cu\u00e9ntenoslo en los comentarios.<\/p>\n<p><em>Texto con la colaboraci\u00f3n de Augusto Gomes y Thais Debortoli.\u00a0<\/em><\/p>","protected":false},"excerpt":{"rendered":"<p>O RD Summit 2019 j\u00e1 \u00e9 reconhecido como o maior evento de Marketing Digital e Vendas da Am\u00e9rica Latina. Organizado pela Resultados Digitais, todos os anos re\u00fane uma legi\u00e3o de profissionais \u00e1vidos por conhecimento. Nesse ano foram 12 mil participantes e 175 palestras no Centrosul, em Florian\u00f3polis. Est\u00e1 \u00e9 a 5\u00aa edi\u00e7\u00e3o que n\u00f3s da [&hellip;]<\/p>\n","protected":false},"author":1,"featured_media":209752,"comment_status":"open","ping_status":"closed","sticky":false,"template":"","format":"standard","meta":{"_acf_changed":false,"content-type":"","footnotes":""},"categories":[8],"tags":[],"class_list":["post-209737","post","type-post","status-publish","format-standard","has-post-thumbnail","hentry","category-midia-social"],"acf":[],"yoast_head":"<!-- This site is optimized with the Yoast SEO Premium plugin v27.5 (Yoast SEO v27.5) - https:\/\/yoast.com\/product\/yoast-seo-premium-wordpress\/ -->\n<title>5 destaques do RD Summit 2019 | E-Dialog<\/title>\n<meta name=\"description\" content=\"O RD Summit 2019 j\u00e1 \u00e9 reconhecido como o maior evento de Marketing Digital e Vendas da Am\u00e9rica Latina. Organizado pela Resultados Digitais, todos os anos\" \/>\n<meta name=\"robots\" content=\"index, follow, max-snippet:-1, max-image-preview:large, max-video-preview:-1\" \/>\n<link rel=\"canonical\" href=\"https:\/\/www.edialog.com.br\/es\/5-destaques-do-rd-summit-2019\/\" \/>\n<meta property=\"og:locale\" content=\"es_ES\" \/>\n<meta property=\"og:type\" content=\"article\" \/>\n<meta property=\"og:title\" content=\"5 destaques do RD Summit 2019\" \/>\n<meta property=\"og:description\" content=\"O RD Summit 2019 j\u00e1 \u00e9 reconhecido como o maior evento de Marketing Digital e Vendas da Am\u00e9rica Latina. Organizado pela Resultados Digitais, todos os anos\" \/>\n<meta property=\"og:url\" content=\"https:\/\/www.edialog.com.br\/es\/5-destaques-do-rd-summit-2019\/\" \/>\n<meta property=\"og:site_name\" content=\"Ag\u00eancia de Inbound Marketing | E-Dialog\" \/>\n<meta property=\"article:publisher\" content=\"https:\/\/facebook.com\/edialogcomunicacao\" \/>\n<meta property=\"article:author\" content=\"http:\/\/facebook.com\/renancaixeiro\" \/>\n<meta property=\"article:published_time\" content=\"2019-11-13T21:36:06+00:00\" \/>\n<meta property=\"article:modified_time\" content=\"2024-10-18T14:47:40+00:00\" \/>\n<meta property=\"og:image\" content=\"https:\/\/www.edialog.com.br\/wp-content\/uploads\/2019\/11\/rd-summit-2019-.jpg\" \/>\n\t<meta property=\"og:image:width\" content=\"2048\" \/>\n\t<meta property=\"og:image:height\" content=\"1365\" \/>\n\t<meta property=\"og:image:type\" content=\"image\/jpeg\" \/>\n<meta name=\"author\" content=\"Renan Caixeiro\" \/>\n<meta name=\"twitter:label1\" content=\"Escrito por\" \/>\n\t<meta name=\"twitter:data1\" content=\"Renan Caixeiro\" \/>\n\t<meta name=\"twitter:label2\" content=\"Tiempo de lectura\" \/>\n\t<meta name=\"twitter:data2\" content=\"10 minutos\" \/>\n<script type=\"application\/ld+json\" class=\"yoast-schema-graph\">{\"@context\":\"https:\\\/\\\/schema.org\",\"@graph\":[{\"@type\":[\"Article\",\"BlogPosting\"],\"@id\":\"https:\\\/\\\/www.edialog.com.br\\\/5-destaques-do-rd-summit-2019\\\/#article\",\"isPartOf\":{\"@id\":\"https:\\\/\\\/www.edialog.com.br\\\/5-destaques-do-rd-summit-2019\\\/\"},\"author\":{\"name\":\"Renan Caixeiro\",\"@id\":\"https:\\\/\\\/www.edialog.com.br\\\/#\\\/schema\\\/person\\\/7f509934e54fd30b9d2d02cf51b60966\"},\"headline\":\"5 destaques do RD Summit 2019\",\"datePublished\":\"2019-11-13T21:36:06+00:00\",\"dateModified\":\"2024-10-18T14:47:40+00:00\",\"mainEntityOfPage\":{\"@id\":\"https:\\\/\\\/www.edialog.com.br\\\/5-destaques-do-rd-summit-2019\\\/\"},\"wordCount\":1677,\"commentCount\":0,\"publisher\":{\"@id\":\"https:\\\/\\\/www.edialog.com.br\\\/#organization\"},\"image\":{\"@id\":\"https:\\\/\\\/www.edialog.com.br\\\/5-destaques-do-rd-summit-2019\\\/#primaryimage\"},\"thumbnailUrl\":\"https:\\\/\\\/www.edialog.com.br\\\/wp-content\\\/uploads\\\/2019\\\/11\\\/rd-summit-2019-.jpg\",\"articleSection\":[\"M\u00eddia Social\"],\"inLanguage\":\"es\",\"potentialAction\":[{\"@type\":\"CommentAction\",\"name\":\"Comment\",\"target\":[\"https:\\\/\\\/www.edialog.com.br\\\/5-destaques-do-rd-summit-2019\\\/#respond\"]}]},{\"@type\":\"WebPage\",\"@id\":\"https:\\\/\\\/www.edialog.com.br\\\/5-destaques-do-rd-summit-2019\\\/\",\"url\":\"https:\\\/\\\/www.edialog.com.br\\\/5-destaques-do-rd-summit-2019\\\/\",\"name\":\"5 destaques do RD Summit 2019 | E-Dialog\",\"isPartOf\":{\"@id\":\"https:\\\/\\\/www.edialog.com.br\\\/#website\"},\"primaryImageOfPage\":{\"@id\":\"https:\\\/\\\/www.edialog.com.br\\\/5-destaques-do-rd-summit-2019\\\/#primaryimage\"},\"image\":{\"@id\":\"https:\\\/\\\/www.edialog.com.br\\\/5-destaques-do-rd-summit-2019\\\/#primaryimage\"},\"thumbnailUrl\":\"https:\\\/\\\/www.edialog.com.br\\\/wp-content\\\/uploads\\\/2019\\\/11\\\/rd-summit-2019-.jpg\",\"datePublished\":\"2019-11-13T21:36:06+00:00\",\"dateModified\":\"2024-10-18T14:47:40+00:00\",\"description\":\"O RD Summit 2019 j\u00e1 \u00e9 reconhecido como o maior evento de Marketing Digital e Vendas da Am\u00e9rica Latina. Organizado pela Resultados Digitais, todos os anos\",\"breadcrumb\":{\"@id\":\"https:\\\/\\\/www.edialog.com.br\\\/5-destaques-do-rd-summit-2019\\\/#breadcrumb\"},\"inLanguage\":\"es\",\"potentialAction\":[{\"@type\":\"ReadAction\",\"target\":[\"https:\\\/\\\/www.edialog.com.br\\\/5-destaques-do-rd-summit-2019\\\/\"]}]},{\"@type\":\"ImageObject\",\"inLanguage\":\"es\",\"@id\":\"https:\\\/\\\/www.edialog.com.br\\\/5-destaques-do-rd-summit-2019\\\/#primaryimage\",\"url\":\"https:\\\/\\\/www.edialog.com.br\\\/wp-content\\\/uploads\\\/2019\\\/11\\\/rd-summit-2019-.jpg\",\"contentUrl\":\"https:\\\/\\\/www.edialog.com.br\\\/wp-content\\\/uploads\\\/2019\\\/11\\\/rd-summit-2019-.jpg\",\"width\":2048,\"height\":1365},{\"@type\":\"BreadcrumbList\",\"@id\":\"https:\\\/\\\/www.edialog.com.br\\\/5-destaques-do-rd-summit-2019\\\/#breadcrumb\",\"itemListElement\":[{\"@type\":\"ListItem\",\"position\":1,\"name\":\"Home\",\"item\":\"https:\\\/\\\/www.edialog.com.br\\\/\"},{\"@type\":\"ListItem\",\"position\":2,\"name\":\"M\u00eddia Social\",\"item\":\"https:\\\/\\\/www.edialog.com.br\\\/category\\\/midia-social\\\/\"},{\"@type\":\"ListItem\",\"position\":3,\"name\":\"5 destaques do RD Summit 2019\"}]},{\"@type\":\"WebSite\",\"@id\":\"https:\\\/\\\/www.edialog.com.br\\\/#website\",\"url\":\"https:\\\/\\\/www.edialog.com.br\\\/\",\"name\":\"Ag\u00eancia de Inbound Marketing | E-Dialog\",\"description\":\"Ag\u00eancia de Inbound Marketing premiada com solu\u00e7\u00f5es completas para o seu neg\u00f3cio. Atraia leads, com conte\u00fados \u00fanicos e envolventes. Solicite or\u00e7amento!\",\"publisher\":{\"@id\":\"https:\\\/\\\/www.edialog.com.br\\\/#organization\"},\"potentialAction\":[{\"@type\":\"SearchAction\",\"target\":{\"@type\":\"EntryPoint\",\"urlTemplate\":\"https:\\\/\\\/www.edialog.com.br\\\/?s={search_term_string}\"},\"query-input\":{\"@type\":\"PropertyValueSpecification\",\"valueRequired\":true,\"valueName\":\"search_term_string\"}}],\"inLanguage\":\"es\"},{\"@type\":\"Organization\",\"@id\":\"https:\\\/\\\/www.edialog.com.br\\\/#organization\",\"name\":\"Ag\u00eancia de M\u00eddias Sociais e Marketing Digital | E-Dialog\",\"url\":\"https:\\\/\\\/www.edialog.com.br\\\/\",\"logo\":{\"@type\":\"ImageObject\",\"inLanguage\":\"es\",\"@id\":\"https:\\\/\\\/www.edialog.com.br\\\/#\\\/schema\\\/logo\\\/image\\\/\",\"url\":\"https:\\\/\\\/www.edialog.com.br\\\/wp-content\\\/uploads\\\/2021\\\/09\\\/edialog-logo-case.png\",\"contentUrl\":\"https:\\\/\\\/www.edialog.com.br\\\/wp-content\\\/uploads\\\/2021\\\/09\\\/edialog-logo-case.png\",\"width\":810,\"height\":450,\"caption\":\"Ag\u00eancia de M\u00eddias Sociais e Marketing Digital | E-Dialog\"},\"image\":{\"@id\":\"https:\\\/\\\/www.edialog.com.br\\\/#\\\/schema\\\/logo\\\/image\\\/\"},\"sameAs\":[\"https:\\\/\\\/facebook.com\\\/edialogcomunicacao\",\"https:\\\/\\\/x.com\\\/edialog_br\",\"https:\\\/\\\/www.instagram.com\\\/edialog_br\",\"https:\\\/\\\/www.linkedin.com\\\/company\\\/e-dialog-comunica-o-digital\",\"https:\\\/\\\/www.youtube.com\\\/channel\\\/UCPiVQ_yVlcCqWS2sRzJZj7g\"]},{\"@type\":\"Person\",\"@id\":\"https:\\\/\\\/www.edialog.com.br\\\/#\\\/schema\\\/person\\\/7f509934e54fd30b9d2d02cf51b60966\",\"name\":\"Renan Caixeiro\",\"image\":{\"@type\":\"ImageObject\",\"inLanguage\":\"es\",\"@id\":\"https:\\\/\\\/www.edialog.com.br\\\/wp-content\\\/uploads\\\/2023\\\/11\\\/renan-caixeiro-150x150.jpg\",\"url\":\"https:\\\/\\\/www.edialog.com.br\\\/wp-content\\\/uploads\\\/2023\\\/11\\\/renan-caixeiro-150x150.jpg\",\"contentUrl\":\"https:\\\/\\\/www.edialog.com.br\\\/wp-content\\\/uploads\\\/2023\\\/11\\\/renan-caixeiro-150x150.jpg\",\"caption\":\"Renan Caixeiro\"},\"description\":\"S\u00f3cio Diretor na E-Dialog, \u00e9 graduado em Jornalismo e p\u00f3s-graduado em Comunica\u00e7\u00e3o Corporativa, ambos pela UFJF. Est\u00e1 \u00e0 frente do Reportei, SaaS de relat\u00f3rios e dashboards, \u00e9 host do Projeto SaaS, podcast que compartilha experi\u00eancias do universo de software as a service, e s\u00f3cio da Aquela Caixa, comunidade para profissionais de cria\u00e7\u00e3o. Torcedor do Vasco, tem como meta comprar o Gigante da Colina. LinkedIn: @renancaixeiro \\\/ Instagram: @renancaixeiro.\",\"sameAs\":[\"http:\\\/\\\/facebook.com\\\/renancaixeiro\",\"https:\\\/\\\/www.instagram.com\\\/renancaixeiro\\\/\",\"https:\\\/\\\/br.linkedin.com\\\/in\\\/renancaixeiro\\\/pt\",\"https:\\\/\\\/x.com\\\/renancaixeiro\"],\"url\":\"https:\\\/\\\/www.edialog.com.br\\\/es\\\/author\\\/renancaixeiro\\\/\"}]}<\/script>\n<!-- \/ Yoast SEO Premium plugin. -->","yoast_head_json":{"title":"5 destaques do RD Summit 2019 | E-Dialog","description":"O RD Summit 2019 j\u00e1 \u00e9 reconhecido como o maior evento de Marketing Digital e Vendas da Am\u00e9rica Latina. Organizado pela Resultados Digitais, todos os anos","robots":{"index":"index","follow":"follow","max-snippet":"max-snippet:-1","max-image-preview":"max-image-preview:large","max-video-preview":"max-video-preview:-1"},"canonical":"https:\/\/www.edialog.com.br\/es\/5-destaques-do-rd-summit-2019\/","og_locale":"es_ES","og_type":"article","og_title":"5 destaques do RD Summit 2019","og_description":"O RD Summit 2019 j\u00e1 \u00e9 reconhecido como o maior evento de Marketing Digital e Vendas da Am\u00e9rica Latina. Organizado pela Resultados Digitais, todos os anos","og_url":"https:\/\/www.edialog.com.br\/es\/5-destaques-do-rd-summit-2019\/","og_site_name":"Ag\u00eancia de Inbound Marketing | E-Dialog","article_publisher":"https:\/\/facebook.com\/edialogcomunicacao","article_author":"http:\/\/facebook.com\/renancaixeiro","article_published_time":"2019-11-13T21:36:06+00:00","article_modified_time":"2024-10-18T14:47:40+00:00","og_image":[{"width":2048,"height":1365,"url":"https:\/\/www.edialog.com.br\/wp-content\/uploads\/2019\/11\/rd-summit-2019-.jpg","type":"image\/jpeg"}],"author":"Renan Caixeiro","twitter_misc":{"Escrito por":"Renan Caixeiro","Tiempo de lectura":"10 minutos"},"schema":{"@context":"https:\/\/schema.org","@graph":[{"@type":["Article","BlogPosting"],"@id":"https:\/\/www.edialog.com.br\/5-destaques-do-rd-summit-2019\/#article","isPartOf":{"@id":"https:\/\/www.edialog.com.br\/5-destaques-do-rd-summit-2019\/"},"author":{"name":"Renan Caixeiro","@id":"https:\/\/www.edialog.com.br\/#\/schema\/person\/7f509934e54fd30b9d2d02cf51b60966"},"headline":"5 destaques do RD Summit 2019","datePublished":"2019-11-13T21:36:06+00:00","dateModified":"2024-10-18T14:47:40+00:00","mainEntityOfPage":{"@id":"https:\/\/www.edialog.com.br\/5-destaques-do-rd-summit-2019\/"},"wordCount":1677,"commentCount":0,"publisher":{"@id":"https:\/\/www.edialog.com.br\/#organization"},"image":{"@id":"https:\/\/www.edialog.com.br\/5-destaques-do-rd-summit-2019\/#primaryimage"},"thumbnailUrl":"https:\/\/www.edialog.com.br\/wp-content\/uploads\/2019\/11\/rd-summit-2019-.jpg","articleSection":["M\u00eddia Social"],"inLanguage":"es","potentialAction":[{"@type":"CommentAction","name":"Comment","target":["https:\/\/www.edialog.com.br\/5-destaques-do-rd-summit-2019\/#respond"]}]},{"@type":"WebPage","@id":"https:\/\/www.edialog.com.br\/5-destaques-do-rd-summit-2019\/","url":"https:\/\/www.edialog.com.br\/5-destaques-do-rd-summit-2019\/","name":"5 destaques do RD Summit 2019 | E-Dialog","isPartOf":{"@id":"https:\/\/www.edialog.com.br\/#website"},"primaryImageOfPage":{"@id":"https:\/\/www.edialog.com.br\/5-destaques-do-rd-summit-2019\/#primaryimage"},"image":{"@id":"https:\/\/www.edialog.com.br\/5-destaques-do-rd-summit-2019\/#primaryimage"},"thumbnailUrl":"https:\/\/www.edialog.com.br\/wp-content\/uploads\/2019\/11\/rd-summit-2019-.jpg","datePublished":"2019-11-13T21:36:06+00:00","dateModified":"2024-10-18T14:47:40+00:00","description":"O RD Summit 2019 j\u00e1 \u00e9 reconhecido como o maior evento de Marketing Digital e Vendas da Am\u00e9rica Latina. Organizado pela Resultados Digitais, todos os anos","breadcrumb":{"@id":"https:\/\/www.edialog.com.br\/5-destaques-do-rd-summit-2019\/#breadcrumb"},"inLanguage":"es","potentialAction":[{"@type":"ReadAction","target":["https:\/\/www.edialog.com.br\/5-destaques-do-rd-summit-2019\/"]}]},{"@type":"ImageObject","inLanguage":"es","@id":"https:\/\/www.edialog.com.br\/5-destaques-do-rd-summit-2019\/#primaryimage","url":"https:\/\/www.edialog.com.br\/wp-content\/uploads\/2019\/11\/rd-summit-2019-.jpg","contentUrl":"https:\/\/www.edialog.com.br\/wp-content\/uploads\/2019\/11\/rd-summit-2019-.jpg","width":2048,"height":1365},{"@type":"BreadcrumbList","@id":"https:\/\/www.edialog.com.br\/5-destaques-do-rd-summit-2019\/#breadcrumb","itemListElement":[{"@type":"ListItem","position":1,"name":"Home","item":"https:\/\/www.edialog.com.br\/"},{"@type":"ListItem","position":2,"name":"M\u00eddia Social","item":"https:\/\/www.edialog.com.br\/category\/midia-social\/"},{"@type":"ListItem","position":3,"name":"5 destaques do RD Summit 2019"}]},{"@type":"WebSite","@id":"https:\/\/www.edialog.com.br\/#website","url":"https:\/\/www.edialog.com.br\/","name":"Agencia de marketing entrante | E-Dialog","description":"Ag\u00eancia de Inbound Marketing premiada com solu\u00e7\u00f5es completas para o seu neg\u00f3cio. Atraia leads, com conte\u00fados \u00fanicos e envolventes. Solicite or\u00e7amento!","publisher":{"@id":"https:\/\/www.edialog.com.br\/#organization"},"potentialAction":[{"@type":"SearchAction","target":{"@type":"EntryPoint","urlTemplate":"https:\/\/www.edialog.com.br\/?s={search_term_string}"},"query-input":{"@type":"PropertyValueSpecification","valueRequired":true,"valueName":"search_term_string"}}],"inLanguage":"es"},{"@type":"Organization","@id":"https:\/\/www.edialog.com.br\/#organization","name":"Ag\u00eancia de M\u00eddias Sociais e Marketing Digital | E-Dialog","url":"https:\/\/www.edialog.com.br\/","logo":{"@type":"ImageObject","inLanguage":"es","@id":"https:\/\/www.edialog.com.br\/#\/schema\/logo\/image\/","url":"https:\/\/www.edialog.com.br\/wp-content\/uploads\/2021\/09\/edialog-logo-case.png","contentUrl":"https:\/\/www.edialog.com.br\/wp-content\/uploads\/2021\/09\/edialog-logo-case.png","width":810,"height":450,"caption":"Ag\u00eancia de M\u00eddias Sociais e Marketing Digital | E-Dialog"},"image":{"@id":"https:\/\/www.edialog.com.br\/#\/schema\/logo\/image\/"},"sameAs":["https:\/\/facebook.com\/edialogcomunicacao","https:\/\/x.com\/edialog_br","https:\/\/www.instagram.com\/edialog_br","https:\/\/www.linkedin.com\/company\/e-dialog-comunica-o-digital","https:\/\/www.youtube.com\/channel\/UCPiVQ_yVlcCqWS2sRzJZj7g"]},{"@type":"Person","@id":"https:\/\/www.edialog.com.br\/#\/schema\/person\/7f509934e54fd30b9d2d02cf51b60966","name":"Renan Caixeiro","image":{"@type":"ImageObject","inLanguage":"es","@id":"https:\/\/www.edialog.com.br\/wp-content\/uploads\/2023\/11\/renan-caixeiro-150x150.jpg","url":"https:\/\/www.edialog.com.br\/wp-content\/uploads\/2023\/11\/renan-caixeiro-150x150.jpg","contentUrl":"https:\/\/www.edialog.com.br\/wp-content\/uploads\/2023\/11\/renan-caixeiro-150x150.jpg","caption":"Renan Caixeiro"},"description":"S\u00f3cio Diretor na E-Dialog, \u00e9 graduado em Jornalismo e p\u00f3s-graduado em Comunica\u00e7\u00e3o Corporativa, ambos pela UFJF. Est\u00e1 \u00e0 frente do Reportei, SaaS de relat\u00f3rios e dashboards, \u00e9 host do Projeto SaaS, podcast que compartilha experi\u00eancias do universo de software as a service, e s\u00f3cio da Aquela Caixa, comunidade para profissionais de cria\u00e7\u00e3o. Torcedor do Vasco, tem como meta comprar o Gigante da Colina. LinkedIn: @renancaixeiro \/ Instagram: @renancaixeiro.","sameAs":["http:\/\/facebook.com\/renancaixeiro","https:\/\/www.instagram.com\/renancaixeiro\/","https:\/\/br.linkedin.com\/in\/renancaixeiro\/pt","https:\/\/x.com\/renancaixeiro"],"url":"https:\/\/www.edialog.com.br\/es\/author\/renancaixeiro\/"}]}},"_links":{"self":[{"href":"https:\/\/www.edialog.com.br\/es\/wp-json\/wp\/v2\/posts\/209737","targetHints":{"allow":["GET"]}}],"collection":[{"href":"https:\/\/www.edialog.com.br\/es\/wp-json\/wp\/v2\/posts"}],"about":[{"href":"https:\/\/www.edialog.com.br\/es\/wp-json\/wp\/v2\/types\/post"}],"author":[{"embeddable":true,"href":"https:\/\/www.edialog.com.br\/es\/wp-json\/wp\/v2\/users\/1"}],"replies":[{"embeddable":true,"href":"https:\/\/www.edialog.com.br\/es\/wp-json\/wp\/v2\/comments?post=209737"}],"version-history":[{"count":2,"href":"https:\/\/www.edialog.com.br\/es\/wp-json\/wp\/v2\/posts\/209737\/revisions"}],"predecessor-version":[{"id":226978,"href":"https:\/\/www.edialog.com.br\/es\/wp-json\/wp\/v2\/posts\/209737\/revisions\/226978"}],"wp:featuredmedia":[{"embeddable":true,"href":"https:\/\/www.edialog.com.br\/es\/wp-json\/wp\/v2\/media\/209752"}],"wp:attachment":[{"href":"https:\/\/www.edialog.com.br\/es\/wp-json\/wp\/v2\/media?parent=209737"}],"wp:term":[{"taxonomy":"category","embeddable":true,"href":"https:\/\/www.edialog.com.br\/es\/wp-json\/wp\/v2\/categories?post=209737"},{"taxonomy":"post_tag","embeddable":true,"href":"https:\/\/www.edialog.com.br\/es\/wp-json\/wp\/v2\/tags?post=209737"}],"curies":[{"name":"wp","href":"https:\/\/api.w.org\/{rel}","templated":true}]}}