{"id":208779,"date":"2019-05-30T16:04:08","date_gmt":"2019-05-30T19:04:08","guid":{"rendered":"https:\/\/www.edialog.com.br\/?p=208779"},"modified":"2025-05-11T09:54:47","modified_gmt":"2025-05-11T12:54:47","slug":"o-facebook-vai-acabar","status":"publish","type":"post","link":"https:\/\/www.edialog.com.br\/es\/o-facebook-vai-acabar\/","title":{"rendered":"\u00bfSe acabar\u00e1 Facebook? Datos + 5 estrategias que mantienen a nuestros clientes activos en la red"},"content":{"rendered":"<p>Dados da ferramenta no Brasil e mundo<\/p>\n\n\n\n<p>Apesar das especula\u00e7\u00f5es sobre o decl\u00ednio do Facebook, os n\u00fameros atuais demonstram que a plataforma continua sendo uma das mais relevantes globalmente e no Brasil.<\/p>\n\n\n\n<p>Dados Globais segundo <a href=\"https:\/\/sproutsocial.com\/insights\/facebook-stats-for-marketers\/\">sprod socila<\/a><\/p>\n\n\n\n<ul class=\"wp-block-list\">\n<li><strong>Usu\u00e1rios Ativos Mensais (MAU):<\/strong> Em 2025, o Facebook conta com aproximadamente 3,06 bilh\u00f5es de usu\u00e1rios ativos mensais, mantendo-se como a rede social mais utilizada mundialmente<\/li>\n\n\n\n<li><strong>Receita Publicit\u00e1ria:<\/strong> Em 2024, a receita total de publicidade do Facebook atingiu US$ 164,5 bilh\u00f5es, um aumento em rela\u00e7\u00e3o aos US$ 134 bilh\u00f5es do ano anterior. <\/li>\n\n\n\n<li><strong>Demografia Global:<\/strong> O grupo mais representativo de usu\u00e1rios globalmente s\u00e3o homens entre 25 e 34 anos, seguidos por homens de 18 a 24 anos e mulheres de 25 a 34 anos.<\/li>\n<\/ul>\n\n\n\n<h3 class=\"wp-block-heading\" id=\"h-dados-no-brasil-global-digital-insights\">&#x1f1e7;&#x1f1f7; Dados no Brasil<a href=\"https:\/\/datareportal.com\/reports\/digital-2024-brazil?utm_source=chatgpt.com\" target=\"_blank\" rel=\"noreferrer noopener\"> Global Digital Insights<\/a><\/h3>\n\n\n\n<ul class=\"wp-block-list\">\n<li><strong>Usu\u00e1rios Ativos:<\/strong> No in\u00edcio de 2024, o Facebook contava com 111,3 milh\u00f5es de usu\u00e1rios no Brasil.<\/li>\n\n\n\n<li><strong>Crescimento:<\/strong> Entre janeiro de 2024 e janeiro de 2025, o alcance potencial de an\u00fancios no Facebook no Brasil aumentou em 400 mil usu\u00e1rios, representando um crescimento de 0,4%. <\/li>\n\n\n\n<li><strong>Demografia no Brasil:<\/strong> No in\u00edcio de 2024, 53,8% da audi\u00eancia publicit\u00e1ria do Facebook no Brasil era composta por mulheres, enquanto 46,2% por homens.<\/li>\n<\/ul>\n\n\n\n<p>Esses dados indicam que, longe de estar acabando, o Facebook mant\u00e9m uma presen\u00e7a significativa tanto globalmente quanto no Brasil<\/p>\n\n\n\n<p>Por que o Facebook ainda \u00e9 relevante? <\/p>\n\n\n\n<p>Apesar do surgimento de novas plataformas, o Facebook continua oferecendo vantagens \u00fanicas:<\/p>\n\n\n\n<p>Alcance Massivo: Com bilh\u00f5es de usu\u00e1rios, \u00e9 uma plataforma essencial para atingir diferentes p\u00fablicos.<br>Stone Content<br>+1<br>Lumox<br>+1<\/p>\n\n\n\n<p>Ferramentas Avan\u00e7adas de Publicidade: Permite segmenta\u00e7\u00f5es detalhadas e campanhas eficazes, sendo uma das plataformas mais valiosas para publicidade.<br>Zero Gravity Marketing<\/p>\n\n\n\n<p>Integra\u00e7\u00e3o com Outras Plataformas: A integra\u00e7\u00e3o com Instagram e WhatsApp facilita estrat\u00e9gias de marketing multicanal.<\/p>\n\n\n\n<p>Comunidades Ativas: Os Grupos do Facebook continuam sendo espa\u00e7os importantes para engajamento e constru\u00e7\u00e3o de comunidades.<\/p>\n\n\n\n<p>Principais estrat\u00e9gias para o Facebook em 2025<\/p>\n\n\n\n<p>Principais estrat\u00e9gias para o Facebook em 2025<\/p>\n\n\n\n<p>Para aproveitar ao m\u00e1ximo o potencial do Facebook em 2025, considere as seguintes estrat\u00e9gias:<\/p>\n\n\n\n<h3 class=\"wp-block-heading\">1. <strong>Conte\u00fado de V\u00eddeo<\/strong><\/h3>\n\n\n\n<p>O conte\u00fado em v\u00eddeo continua sendo altamente engajador. Investir em v\u00eddeos curtos e envolventes pode aumentar significativamente o alcance e a intera\u00e7\u00e3o.<\/p>\n\n\n\n<h3 class=\"wp-block-heading\">2. <strong>Uso de Intelig\u00eancia Artificial<\/strong><\/h3>\n\n\n\n<p>Ferramentas como o Advantage+ da Meta utilizam IA para otimizar campanhas publicit\u00e1rias, permitindo segmenta\u00e7\u00f5es mais precisas e melhores resultados. <a href=\"https:\/\/www.ft.com\/content\/7f21a69d-6e31-4a5c-871e-92eab62820fd?utm_source=chatgpt.com\" target=\"_blank\" rel=\"noreferrer noopener\">Financial Times<\/a><\/p>\n\n\n\n<h3 class=\"wp-block-heading\">3. <strong>Integra\u00e7\u00e3o com WhatsApp Business<\/strong><\/h3>\n\n\n\n<p>A integra\u00e7\u00e3o do Facebook com o WhatsApp Business permite uma comunica\u00e7\u00e3o mais direta e personalizada com os clientes, melhorando o atendimento e as taxas de convers\u00e3o.<\/p>\n\n\n\n<h3 class=\"wp-block-heading\">4. <strong>Foco em Comunidades<\/strong><\/h3>\n\n\n\n<p>Fortalecer e participar de Grupos relevantes pode aumentar a autoridade da marca e fomentar um engajamento mais profundo com o p\u00fablico-alvo.<\/p>\n\n\n\n<p><\/p>\n\n\n\n<p>Ent\u00e3o, Facebook vai acabar? <\/p>\n\n\n\n<p><\/p>\n\n\n\n<p><\/p>\n\n\n\n<p><\/p>","protected":false},"excerpt":{"rendered":"<p>Dados da ferramenta no Brasil e mundo Apesar das especula\u00e7\u00f5es sobre o decl\u00ednio do Facebook, os n\u00fameros atuais demonstram que a plataforma continua sendo uma das mais relevantes globalmente e no Brasil. Dados Globais segundo sprod socila &#x1f1e7;&#x1f1f7; Dados no Brasil Global Digital Insights Esses dados indicam que, longe de estar acabando, o Facebook mant\u00e9m [&hellip;]<\/p>\n","protected":false},"author":1,"featured_media":0,"comment_status":"open","ping_status":"open","sticky":false,"template":"","format":"standard","meta":{"_acf_changed":false,"content-type":"","footnotes":""},"categories":[43],"tags":[537,2417,10],"class_list":["post-208779","post","type-post","status-publish","format-standard","hentry","category-facebook","tag-facebook","tag-facebook-vai-acabar","tag-redes-sociais"],"acf":[],"yoast_head":"<!-- This site is optimized with the Yoast SEO Premium plugin v27.3 (Yoast SEO v27.3) - https:\/\/yoast.com\/product\/yoast-seo-premium-wordpress\/ -->\n<title>O Facebook vai acabar? Dados + 5 estrat\u00e9gias que mantem nossos clientes ativos na rede Saiba mais no blog da E-Dialog<\/title>\n<meta name=\"description\" content=\"Com o surgimento de outras redes sociais bastante populares, muito se fala que o Facebook est\u00e1 com os dias contados. Mas ser\u00e1 que o Facebook vai acabar?\" \/>\n<meta name=\"robots\" content=\"index, follow, max-snippet:-1, max-image-preview:large, max-video-preview:-1\" \/>\n<link rel=\"canonical\" href=\"https:\/\/www.edialog.com.br\/es\/o-facebook-vai-acabar\/\" \/>\n<meta property=\"og:locale\" content=\"es_ES\" \/>\n<meta property=\"og:type\" content=\"article\" \/>\n<meta property=\"og:title\" content=\"O Facebook vai acabar? Dados + 5 estrat\u00e9gias que mantem nossos clientes ativos na rede\" \/>\n<meta property=\"og:description\" content=\"Com o surgimento de outras redes sociais bastante populares, muito se fala que o Facebook est\u00e1 com os dias contados. Mas ser\u00e1 que o Facebook vai acabar?\" \/>\n<meta property=\"og:url\" content=\"https:\/\/www.edialog.com.br\/es\/o-facebook-vai-acabar\/\" \/>\n<meta property=\"og:site_name\" content=\"Ag\u00eancia de Inbound Marketing | E-Dialog\" \/>\n<meta property=\"article:publisher\" content=\"https:\/\/facebook.com\/edialogcomunicacao\" \/>\n<meta property=\"article:author\" content=\"http:\/\/facebook.com\/renancaixeiro\" \/>\n<meta property=\"article:published_time\" content=\"2019-05-30T19:04:08+00:00\" \/>\n<meta property=\"article:modified_time\" content=\"2025-05-11T12:54:47+00:00\" \/>\n<meta property=\"og:image\" content=\"https:\/\/www.edialog.com.br\/wp-content\/uploads\/2021\/09\/edialog-logo-case.png\" \/>\n\t<meta property=\"og:image:width\" content=\"810\" \/>\n\t<meta property=\"og:image:height\" content=\"450\" \/>\n\t<meta property=\"og:image:type\" content=\"image\/png\" \/>\n<meta name=\"author\" content=\"Renan Caixeiro\" \/>\n<meta name=\"twitter:label1\" content=\"Escrito por\" \/>\n\t<meta name=\"twitter:data1\" content=\"Renan Caixeiro\" \/>\n\t<meta name=\"twitter:label2\" content=\"Tiempo de lectura\" \/>\n\t<meta name=\"twitter:data2\" content=\"3 minutos\" \/>\n<script type=\"application\/ld+json\" class=\"yoast-schema-graph\">{\"@context\":\"https:\\\/\\\/schema.org\",\"@graph\":[{\"@type\":[\"Article\",\"BlogPosting\"],\"@id\":\"https:\\\/\\\/www.edialog.com.br\\\/o-facebook-vai-acabar\\\/#article\",\"isPartOf\":{\"@id\":\"https:\\\/\\\/www.edialog.com.br\\\/o-facebook-vai-acabar\\\/\"},\"author\":{\"name\":\"Renan Caixeiro\",\"@id\":\"https:\\\/\\\/www.edialog.com.br\\\/#\\\/schema\\\/person\\\/7f509934e54fd30b9d2d02cf51b60966\"},\"headline\":\"O Facebook vai acabar? Dados + 5 estrat\u00e9gias que mantem nossos clientes ativos na rede\",\"datePublished\":\"2019-05-30T19:04:08+00:00\",\"dateModified\":\"2025-05-11T12:54:47+00:00\",\"mainEntityOfPage\":{\"@id\":\"https:\\\/\\\/www.edialog.com.br\\\/o-facebook-vai-acabar\\\/\"},\"wordCount\":482,\"commentCount\":0,\"publisher\":{\"@id\":\"https:\\\/\\\/www.edialog.com.br\\\/#organization\"},\"keywords\":[\"Facebook\",\"facebook vai acabar\",\"redes sociais\"],\"articleSection\":[\"Facebook\"],\"inLanguage\":\"es\",\"potentialAction\":[{\"@type\":\"CommentAction\",\"name\":\"Comment\",\"target\":[\"https:\\\/\\\/www.edialog.com.br\\\/o-facebook-vai-acabar\\\/#respond\"]}]},{\"@type\":\"WebPage\",\"@id\":\"https:\\\/\\\/www.edialog.com.br\\\/o-facebook-vai-acabar\\\/\",\"url\":\"https:\\\/\\\/www.edialog.com.br\\\/o-facebook-vai-acabar\\\/\",\"name\":\"O Facebook vai acabar? Dados + 5 estrat\u00e9gias que mantem nossos clientes ativos na rede Saiba mais no blog da E-Dialog\",\"isPartOf\":{\"@id\":\"https:\\\/\\\/www.edialog.com.br\\\/#website\"},\"datePublished\":\"2019-05-30T19:04:08+00:00\",\"dateModified\":\"2025-05-11T12:54:47+00:00\",\"description\":\"Com o surgimento de outras redes sociais bastante populares, muito se fala que o Facebook est\u00e1 com os dias contados. Mas ser\u00e1 que o Facebook vai acabar?\",\"breadcrumb\":{\"@id\":\"https:\\\/\\\/www.edialog.com.br\\\/o-facebook-vai-acabar\\\/#breadcrumb\"},\"inLanguage\":\"es\",\"potentialAction\":[{\"@type\":\"ReadAction\",\"target\":[\"https:\\\/\\\/www.edialog.com.br\\\/o-facebook-vai-acabar\\\/\"]}]},{\"@type\":\"BreadcrumbList\",\"@id\":\"https:\\\/\\\/www.edialog.com.br\\\/o-facebook-vai-acabar\\\/#breadcrumb\",\"itemListElement\":[{\"@type\":\"ListItem\",\"position\":1,\"name\":\"Home\",\"item\":\"https:\\\/\\\/www.edialog.com.br\\\/\"},{\"@type\":\"ListItem\",\"position\":2,\"name\":\"Facebook\",\"item\":\"https:\\\/\\\/www.edialog.com.br\\\/category\\\/facebook\\\/\"},{\"@type\":\"ListItem\",\"position\":3,\"name\":\"O Facebook vai acabar? Dados + 5 estrat\u00e9gias que mantem nossos clientes ativos na rede\"}]},{\"@type\":\"WebSite\",\"@id\":\"https:\\\/\\\/www.edialog.com.br\\\/#website\",\"url\":\"https:\\\/\\\/www.edialog.com.br\\\/\",\"name\":\"Ag\u00eancia de Inbound Marketing | E-Dialog\",\"description\":\"Ag\u00eancia de Inbound Marketing premiada com solu\u00e7\u00f5es completas para o seu neg\u00f3cio. Atraia leads, com conte\u00fados \u00fanicos e envolventes. Solicite or\u00e7amento!\",\"publisher\":{\"@id\":\"https:\\\/\\\/www.edialog.com.br\\\/#organization\"},\"potentialAction\":[{\"@type\":\"SearchAction\",\"target\":{\"@type\":\"EntryPoint\",\"urlTemplate\":\"https:\\\/\\\/www.edialog.com.br\\\/?s={search_term_string}\"},\"query-input\":{\"@type\":\"PropertyValueSpecification\",\"valueRequired\":true,\"valueName\":\"search_term_string\"}}],\"inLanguage\":\"es\"},{\"@type\":\"Organization\",\"@id\":\"https:\\\/\\\/www.edialog.com.br\\\/#organization\",\"name\":\"Ag\u00eancia de M\u00eddias Sociais e Marketing Digital | E-Dialog\",\"url\":\"https:\\\/\\\/www.edialog.com.br\\\/\",\"logo\":{\"@type\":\"ImageObject\",\"inLanguage\":\"es\",\"@id\":\"https:\\\/\\\/www.edialog.com.br\\\/#\\\/schema\\\/logo\\\/image\\\/\",\"url\":\"https:\\\/\\\/www.edialog.com.br\\\/wp-content\\\/uploads\\\/2021\\\/09\\\/edialog-logo-case.png\",\"contentUrl\":\"https:\\\/\\\/www.edialog.com.br\\\/wp-content\\\/uploads\\\/2021\\\/09\\\/edialog-logo-case.png\",\"width\":810,\"height\":450,\"caption\":\"Ag\u00eancia de M\u00eddias Sociais e Marketing Digital | E-Dialog\"},\"image\":{\"@id\":\"https:\\\/\\\/www.edialog.com.br\\\/#\\\/schema\\\/logo\\\/image\\\/\"},\"sameAs\":[\"https:\\\/\\\/facebook.com\\\/edialogcomunicacao\",\"https:\\\/\\\/x.com\\\/edialog_br\",\"https:\\\/\\\/www.instagram.com\\\/edialog_br\",\"https:\\\/\\\/www.linkedin.com\\\/company\\\/e-dialog-comunica-o-digital\",\"https:\\\/\\\/www.youtube.com\\\/channel\\\/UCPiVQ_yVlcCqWS2sRzJZj7g\"]},{\"@type\":\"Person\",\"@id\":\"https:\\\/\\\/www.edialog.com.br\\\/#\\\/schema\\\/person\\\/7f509934e54fd30b9d2d02cf51b60966\",\"name\":\"Renan Caixeiro\",\"image\":{\"@type\":\"ImageObject\",\"inLanguage\":\"es\",\"@id\":\"https:\\\/\\\/www.edialog.com.br\\\/wp-content\\\/uploads\\\/2023\\\/11\\\/renan-caixeiro-150x150.jpg\",\"url\":\"https:\\\/\\\/www.edialog.com.br\\\/wp-content\\\/uploads\\\/2023\\\/11\\\/renan-caixeiro-150x150.jpg\",\"contentUrl\":\"https:\\\/\\\/www.edialog.com.br\\\/wp-content\\\/uploads\\\/2023\\\/11\\\/renan-caixeiro-150x150.jpg\",\"caption\":\"Renan Caixeiro\"},\"description\":\"S\u00f3cio Diretor na E-Dialog, \u00e9 graduado em Jornalismo e p\u00f3s-graduado em Comunica\u00e7\u00e3o Corporativa, ambos pela UFJF. Est\u00e1 \u00e0 frente do Reportei, SaaS de relat\u00f3rios e dashboards, \u00e9 host do Projeto SaaS, podcast que compartilha experi\u00eancias do universo de software as a service, e s\u00f3cio da Aquela Caixa, comunidade para profissionais de cria\u00e7\u00e3o. Torcedor do Vasco, tem como meta comprar o Gigante da Colina. LinkedIn: @renancaixeiro \\\/ Instagram: @renancaixeiro.\",\"sameAs\":[\"http:\\\/\\\/facebook.com\\\/renancaixeiro\",\"https:\\\/\\\/www.instagram.com\\\/renancaixeiro\\\/\",\"https:\\\/\\\/br.linkedin.com\\\/in\\\/renancaixeiro\\\/pt\",\"https:\\\/\\\/x.com\\\/renancaixeiro\"],\"url\":\"https:\\\/\\\/www.edialog.com.br\\\/es\\\/author\\\/renancaixeiro\\\/\"}]}<\/script>\n<!-- \/ Yoast SEO Premium plugin. -->","yoast_head_json":{"title":"O Facebook vai acabar? Dados + 5 estrat\u00e9gias que mantem nossos clientes ativos na rede Saiba mais no blog da E-Dialog","description":"Com o surgimento de outras redes sociais bastante populares, muito se fala que o Facebook est\u00e1 com os dias contados. Mas ser\u00e1 que o Facebook vai acabar?","robots":{"index":"index","follow":"follow","max-snippet":"max-snippet:-1","max-image-preview":"max-image-preview:large","max-video-preview":"max-video-preview:-1"},"canonical":"https:\/\/www.edialog.com.br\/es\/o-facebook-vai-acabar\/","og_locale":"es_ES","og_type":"article","og_title":"O Facebook vai acabar? Dados + 5 estrat\u00e9gias que mantem nossos clientes ativos na rede","og_description":"Com o surgimento de outras redes sociais bastante populares, muito se fala que o Facebook est\u00e1 com os dias contados. Mas ser\u00e1 que o Facebook vai acabar?","og_url":"https:\/\/www.edialog.com.br\/es\/o-facebook-vai-acabar\/","og_site_name":"Ag\u00eancia de Inbound Marketing | E-Dialog","article_publisher":"https:\/\/facebook.com\/edialogcomunicacao","article_author":"http:\/\/facebook.com\/renancaixeiro","article_published_time":"2019-05-30T19:04:08+00:00","article_modified_time":"2025-05-11T12:54:47+00:00","og_image":[{"width":810,"height":450,"url":"https:\/\/www.edialog.com.br\/wp-content\/uploads\/2021\/09\/edialog-logo-case.png","type":"image\/png"}],"author":"Renan Caixeiro","twitter_misc":{"Escrito por":"Renan Caixeiro","Tiempo de lectura":"3 minutos"},"schema":{"@context":"https:\/\/schema.org","@graph":[{"@type":["Article","BlogPosting"],"@id":"https:\/\/www.edialog.com.br\/o-facebook-vai-acabar\/#article","isPartOf":{"@id":"https:\/\/www.edialog.com.br\/o-facebook-vai-acabar\/"},"author":{"name":"Renan Caixeiro","@id":"https:\/\/www.edialog.com.br\/#\/schema\/person\/7f509934e54fd30b9d2d02cf51b60966"},"headline":"O Facebook vai acabar? Dados + 5 estrat\u00e9gias que mantem nossos clientes ativos na rede","datePublished":"2019-05-30T19:04:08+00:00","dateModified":"2025-05-11T12:54:47+00:00","mainEntityOfPage":{"@id":"https:\/\/www.edialog.com.br\/o-facebook-vai-acabar\/"},"wordCount":482,"commentCount":0,"publisher":{"@id":"https:\/\/www.edialog.com.br\/#organization"},"keywords":["Facebook","facebook vai acabar","redes sociais"],"articleSection":["Facebook"],"inLanguage":"es","potentialAction":[{"@type":"CommentAction","name":"Comment","target":["https:\/\/www.edialog.com.br\/o-facebook-vai-acabar\/#respond"]}]},{"@type":"WebPage","@id":"https:\/\/www.edialog.com.br\/o-facebook-vai-acabar\/","url":"https:\/\/www.edialog.com.br\/o-facebook-vai-acabar\/","name":"O Facebook vai acabar? Dados + 5 estrat\u00e9gias que mantem nossos clientes ativos na rede Saiba mais no blog da E-Dialog","isPartOf":{"@id":"https:\/\/www.edialog.com.br\/#website"},"datePublished":"2019-05-30T19:04:08+00:00","dateModified":"2025-05-11T12:54:47+00:00","description":"Com o surgimento de outras redes sociais bastante populares, muito se fala que o Facebook est\u00e1 com os dias contados. Mas ser\u00e1 que o Facebook vai acabar?","breadcrumb":{"@id":"https:\/\/www.edialog.com.br\/o-facebook-vai-acabar\/#breadcrumb"},"inLanguage":"es","potentialAction":[{"@type":"ReadAction","target":["https:\/\/www.edialog.com.br\/o-facebook-vai-acabar\/"]}]},{"@type":"BreadcrumbList","@id":"https:\/\/www.edialog.com.br\/o-facebook-vai-acabar\/#breadcrumb","itemListElement":[{"@type":"ListItem","position":1,"name":"Home","item":"https:\/\/www.edialog.com.br\/"},{"@type":"ListItem","position":2,"name":"Facebook","item":"https:\/\/www.edialog.com.br\/category\/facebook\/"},{"@type":"ListItem","position":3,"name":"O Facebook vai acabar? Dados + 5 estrat\u00e9gias que mantem nossos clientes ativos na rede"}]},{"@type":"WebSite","@id":"https:\/\/www.edialog.com.br\/#website","url":"https:\/\/www.edialog.com.br\/","name":"Agencia de marketing entrante | E-Dialog","description":"Ag\u00eancia de Inbound Marketing premiada com solu\u00e7\u00f5es completas para o seu neg\u00f3cio. Atraia leads, com conte\u00fados \u00fanicos e envolventes. Solicite or\u00e7amento!","publisher":{"@id":"https:\/\/www.edialog.com.br\/#organization"},"potentialAction":[{"@type":"SearchAction","target":{"@type":"EntryPoint","urlTemplate":"https:\/\/www.edialog.com.br\/?s={search_term_string}"},"query-input":{"@type":"PropertyValueSpecification","valueRequired":true,"valueName":"search_term_string"}}],"inLanguage":"es"},{"@type":"Organization","@id":"https:\/\/www.edialog.com.br\/#organization","name":"Ag\u00eancia de M\u00eddias Sociais e Marketing Digital | E-Dialog","url":"https:\/\/www.edialog.com.br\/","logo":{"@type":"ImageObject","inLanguage":"es","@id":"https:\/\/www.edialog.com.br\/#\/schema\/logo\/image\/","url":"https:\/\/www.edialog.com.br\/wp-content\/uploads\/2021\/09\/edialog-logo-case.png","contentUrl":"https:\/\/www.edialog.com.br\/wp-content\/uploads\/2021\/09\/edialog-logo-case.png","width":810,"height":450,"caption":"Ag\u00eancia de M\u00eddias Sociais e Marketing Digital | E-Dialog"},"image":{"@id":"https:\/\/www.edialog.com.br\/#\/schema\/logo\/image\/"},"sameAs":["https:\/\/facebook.com\/edialogcomunicacao","https:\/\/x.com\/edialog_br","https:\/\/www.instagram.com\/edialog_br","https:\/\/www.linkedin.com\/company\/e-dialog-comunica-o-digital","https:\/\/www.youtube.com\/channel\/UCPiVQ_yVlcCqWS2sRzJZj7g"]},{"@type":"Person","@id":"https:\/\/www.edialog.com.br\/#\/schema\/person\/7f509934e54fd30b9d2d02cf51b60966","name":"Renan Caixeiro","image":{"@type":"ImageObject","inLanguage":"es","@id":"https:\/\/www.edialog.com.br\/wp-content\/uploads\/2023\/11\/renan-caixeiro-150x150.jpg","url":"https:\/\/www.edialog.com.br\/wp-content\/uploads\/2023\/11\/renan-caixeiro-150x150.jpg","contentUrl":"https:\/\/www.edialog.com.br\/wp-content\/uploads\/2023\/11\/renan-caixeiro-150x150.jpg","caption":"Renan Caixeiro"},"description":"S\u00f3cio Diretor na E-Dialog, \u00e9 graduado em Jornalismo e p\u00f3s-graduado em Comunica\u00e7\u00e3o Corporativa, ambos pela UFJF. Est\u00e1 \u00e0 frente do Reportei, SaaS de relat\u00f3rios e dashboards, \u00e9 host do Projeto SaaS, podcast que compartilha experi\u00eancias do universo de software as a service, e s\u00f3cio da Aquela Caixa, comunidade para profissionais de cria\u00e7\u00e3o. Torcedor do Vasco, tem como meta comprar o Gigante da Colina. LinkedIn: @renancaixeiro \/ Instagram: @renancaixeiro.","sameAs":["http:\/\/facebook.com\/renancaixeiro","https:\/\/www.instagram.com\/renancaixeiro\/","https:\/\/br.linkedin.com\/in\/renancaixeiro\/pt","https:\/\/x.com\/renancaixeiro"],"url":"https:\/\/www.edialog.com.br\/es\/author\/renancaixeiro\/"}]}},"_links":{"self":[{"href":"https:\/\/www.edialog.com.br\/es\/wp-json\/wp\/v2\/posts\/208779","targetHints":{"allow":["GET"]}}],"collection":[{"href":"https:\/\/www.edialog.com.br\/es\/wp-json\/wp\/v2\/posts"}],"about":[{"href":"https:\/\/www.edialog.com.br\/es\/wp-json\/wp\/v2\/types\/post"}],"author":[{"embeddable":true,"href":"https:\/\/www.edialog.com.br\/es\/wp-json\/wp\/v2\/users\/1"}],"replies":[{"embeddable":true,"href":"https:\/\/www.edialog.com.br\/es\/wp-json\/wp\/v2\/comments?post=208779"}],"version-history":[{"count":3,"href":"https:\/\/www.edialog.com.br\/es\/wp-json\/wp\/v2\/posts\/208779\/revisions"}],"predecessor-version":[{"id":229205,"href":"https:\/\/www.edialog.com.br\/es\/wp-json\/wp\/v2\/posts\/208779\/revisions\/229205"}],"wp:attachment":[{"href":"https:\/\/www.edialog.com.br\/es\/wp-json\/wp\/v2\/media?parent=208779"}],"wp:term":[{"taxonomy":"category","embeddable":true,"href":"https:\/\/www.edialog.com.br\/es\/wp-json\/wp\/v2\/categories?post=208779"},{"taxonomy":"post_tag","embeddable":true,"href":"https:\/\/www.edialog.com.br\/es\/wp-json\/wp\/v2\/tags?post=208779"}],"curies":[{"name":"wp","href":"https:\/\/api.w.org\/{rel}","templated":true}]}}