{"id":208612,"date":"2019-04-25T18:23:33","date_gmt":"2019-04-25T21:23:33","guid":{"rendered":"https:\/\/www.edialog.com.br\/?p=208612"},"modified":"2025-02-27T10:02:11","modified_gmt":"2025-02-27T13:02:11","slug":"bio-instagram-como-criar-uma-atrativa","status":"publish","type":"post","link":"https:\/\/www.edialog.com.br\/es\/bio-instagram-como-criar-uma-atrativa\/","title":{"rendered":"Biograf\u00eda de Instagram: c\u00f3mo crear una atractiva"},"content":{"rendered":"<p><span style=\"font-weight: 400;\">A <\/span><b>bio<\/b> <b>Instagram <\/b><span style=\"font-weight: 400;\">\u00e9 aquela primeira impress\u00e3o que fica para quem acessa o seu perfil. Por isso \u00e9 t\u00e3o importante que seja atrativa. S\u00e3o 150 caracteres que podem ser determinantes para ganhar ou n\u00e3o seguidores e futuros clientes. Pense o seguinte: informa\u00e7\u00f5es b\u00e1sicas existem em todos os perfis. Como us\u00e1-las para que algu\u00e9m se interesse pelo seu?<\/span><\/p>\n<p><span style=\"font-weight: 400;\">\u00c9 importante ter informa\u00e7\u00f5es, mas sobretudo, passar isso de uma forma <\/span><b>interessante e criativa. <\/b><span style=\"font-weight: 400;\">Dessa maneira \u00e9 poss\u00edvel se destacar no meio de tantos outros. Al\u00e9m disso, a bio Instagram contribui para o entendimento do p\u00fablico sobre o que sua empresa se prop\u00f5e a ser ou a fazer. Isso nada mais \u00e9 do que o <\/span><b>fortalecimento do reconhecimento de sua marca<\/b><span style=\"font-weight: 400;\">.<\/span><\/p>\n<h2><b>Como fazer uma boa bio Instagram<\/b><\/h2>\n<p><span style=\"font-weight: 400;\">Uma boa forma de aproveitar o espa\u00e7o da bio Instagram<\/span> <span style=\"font-weight: 400;\">\u00e9 a inser\u00e7\u00e3o de link clic\u00e1vel. Como a descri\u00e7\u00e3o precisa ser breve, essa funcionalidade permite divulgar mais sobre o seu neg\u00f3cio. Voc\u00ea pode disponibilizar links de blogs, perfis do LinkedIn, sites comerciais ou <a href=\"https:\/\/www.edialog.com.br\/es\/cta-call-to-action\/\">call to action<\/a>. Por\u00e9m, s\u00f3 \u00e9 poss\u00edvel compartilhar um link por vez, mas temos uma super dica para otimizar o espa\u00e7o.<\/span><\/p>\n<h3><b>Linktree<\/b><\/h3>\n<p><span style=\"font-weight: 400;\">Para quem precisa deixar mais de um link na bio o Linktree \u00e9 um recurso. Essa \u00e9 uma ferramenta dispon\u00edvel em vers\u00e3o gratuita e paga, de f\u00e1cil navega\u00e7\u00e3o. Ela permite criar uma p\u00e1gina de web com bot\u00f5es para outras. Assim voc\u00ea conseguir\u00e1 colocar um \u00fanico link no seu perfil do Instagram<\/span><i><span style=\"font-weight: 400;\">. <\/span><\/i><span style=\"font-weight: 400;\">Ainda assim dar\u00e1 acesso a todos os outros conte\u00fados que achar relevantes.<\/span><\/p>\n<p><em><strong>- Lea tambi\u00e9n:<\/strong> <a href=\"https:\/\/www.edialog.com.br\/es\/ferramentas-do-instagram\/\">Ferramentas do Instagram: conhe\u00e7a as principais e otimize o perfil da sua empresa<\/a><\/em><\/p>\n<h3><b>El contenido de <\/b><\/h3>\n<p><span style=\"font-weight: 400;\">Dentro deste pequeno espa\u00e7o da biografia do Instagram \u00e9 preciso mencionar o que \u00e9 mais importante. Para ter a certeza de que est\u00e1 fazendo isso pense em responder duas perguntas. <\/span><\/p>\n<ul>\n<li><b>Por que eu ofere\u00e7o esse produto ou servi\u00e7o?<\/b><\/li>\n<\/ul>\n<ul>\n<li><strong>E para quem \u00e9?<\/strong><\/li>\n<\/ul>\n<p><span style=\"font-weight: 400;\">Al\u00e9m disso, \u00e9 importante destacar o seu diferencial. Como dito anteriormente, s\u00e3o muitos os perfis em circula\u00e7\u00e3o. <\/span><b>Diga ao seu p\u00fablico porque o seu \u00e9 o melhor<\/b><span style=\"font-weight: 400;\">. \u00a0<\/span><\/p>\n<p><span style=\"font-weight: 400;\">As redes sociais s\u00e3o ambientes normalmente mais descontra\u00eddos. Mas cada uma tem a sua pr\u00f3pria linguagem. N\u00e3o adianta copiar e colar a descri\u00e7\u00e3o super profissional que fez para a sua empresa no LinkedIn para colocar no Instagram. <\/span><b>Pense e escreva como os usu\u00e1rios de cada rede, s\u00f3 assim conseguir\u00e1 conversar com o p\u00fablico.<\/b><\/p>\n<p><img fetchpriority=\"high\" decoding=\"async\" class=\"alignnone size-full wp-image-208620\" src=\"https:\/\/www.edialog.com.br\/wp-content\/uploads\/2019\/04\/001_Edialog_Blog_01.png\" alt=\"Instagram E-Dialog\" width=\"1337\" height=\"657\" \/><\/p>\n<h3><b>Hashtags e emojis <\/b><\/h3>\n<p><span style=\"font-weight: 400;\">Voc\u00ea ainda pode <a href=\"https:\/\/www.edialog.com.br\/es\/como-usar-hashtags\/\">usar hashtags<\/a> na hora de escrever uma bio. Pode ser uma que define bem o seu segmento e \u00e1rea de atua\u00e7\u00e3o. Ou tamb\u00e9m uma hashtag criada para diferenciar a sua empresa. Por exemplo, a E-Dialog utiliza #digitaledesbravar. Essa hashtag est\u00e1 alinhada com os valores e o c\u00f3digo de cultura da empresa. <\/span><b>Ela j\u00e1 se tornou uma marca. <\/b><\/p>\n<p><span style=\"font-weight: 400;\">Os emojis podem tamb\u00e9m ser um aspecto visual interessante. S\u00e3o usados como quebra de linha no perfil do Instagram, para delimitar t\u00f3picos. Al\u00e9m disso, contribuem para chamar a aten\u00e7\u00e3o do leitor.<\/span><\/p>\n<p><img decoding=\"async\" class=\"alignnone size-full wp-image-208621\" src=\"https:\/\/www.edialog.com.br\/wp-content\/uploads\/2019\/04\/002_Edialog_Blog_02.png\" alt=\"Instagram RC\" width=\"1339\" height=\"563\" \/><\/p>\n<p style=\"text-align: right;\">Instagram da Rock Content<\/p>\n<p><span style=\"font-weight: 400;\">Mas aten\u00e7\u00e3o, esses dois recursos devem ser usados na medida certa. A sua bio instagram n\u00e3o pode ficar recheada de \u00edcones e n\u00e3o passar a mensagem necess\u00e1ria. Ou seja, \u00a0definir e destacar a sua empresa ou servi\u00e7o. <\/span><\/p>\n<h3><b>Ubicaci\u00f3n<\/b><\/h3>\n<p><span style=\"font-weight: 400;\">\u00c9 importante entender que as redes sociais conectam pessoas de todos os lugares. Apesar disso, n\u00e3o \u00e9 todo tipo de p\u00fablico que voc\u00ea quer atrair. Por exemplo, se voc\u00ea possui um neg\u00f3cio local, \u00e9 interessante deixar claro a cidade e at\u00e9 mesmo o bairro em que se situa. J\u00e1 que seus potenciais clientes est\u00e3o naquele entorno. <\/span><\/p>\n<p><span style=\"font-weight: 400;\">Mas se voc\u00ea tem uma empresa que atende em todo o Brasil n\u00e3o \u00e9 relevante colocar o nome da rua em que a sede est\u00e1 localizada. J\u00e1 que poderia, inclusive, dar a impress\u00e3o de limita\u00e7\u00e3o geogr\u00e1fica da atua\u00e7\u00e3o da marca. Mas se atende em \u00e2mbito nacional e internacional e tiver um motivo de orgulho para citar onde ela foi fundada, \u00e9 interessante deixar isso claro da descri\u00e7\u00e3o da bio. Por exemplo. \u201cEmpresa X &#8211; a primeira totalmente nacional deste setor\u201d. <\/span><\/p>\n<h3><b>Conflu\u00eancia entre est\u00e9tica e conte\u00fado <\/b><\/h3>\n<p><span style=\"font-weight: 400;\">Pense o seu Instagram como um todo. Logo abaixo da bio est\u00e3o os destaques e as fotos do feed, ao lado tem a foto do perfil. Sabendo disso, \u00e9 bacana planejar para que o conte\u00fado que pretende entregar aos seus seguidores esteja alinhado com a est\u00e9tica. <\/span><\/p>\n<p><span style=\"font-weight: 400;\">Dentro desse pensamento, uma das coisas que valoriza o perfil \u00e9ter destaques organizados e mostrando com clareza sobre o que falam. Em rela\u00e7\u00e3o a isso \u00e9 poss\u00edvel criar \u00edcones padronizados para organiz\u00e1-los. Esse espa\u00e7o \u00e9 tamb\u00e9m uma oportunidade para deixar em evid\u00eancia a hist\u00f3ria da marca, conte\u00fados relevantes, dicas ou eventos promovidos pela marca. Esse \u00e9 um recurso que pode ser um bom cart\u00e3o de visita para quem entra no seu perfil.<\/span><\/p>\n<p><img decoding=\"async\" class=\"alignnone size-full wp-image-208622\" src=\"https:\/\/www.edialog.com.br\/wp-content\/uploads\/2019\/04\/003_Edialog_Blog_03.png\" alt=\"Instagram J\u00falia Horta\" width=\"1345\" height=\"607\" \/><\/p>\n<p style=\"text-align: right;\">Instagram da Miss Brasil 2019, J\u00falia Horta<\/p>\n<p><span style=\"font-weight: 400;\">Por fim, a dica de ouro \u00e9: o Instagram \u00e9 uma excelente rede social para se relacionar, fazer neg\u00f3cios e vender. Mas \u00e9 uma rede para se investir, principalmente, em <a href=\"https:\/\/www.edialog.com.br\/es\/marketing-de-conteudo\/\">Marketing de contenidos<\/a>. Por isso, <\/span><b>aposte em informa\u00e7\u00f5es de qualidade estruturadas para essa rede. Assim, \u00e9 poss\u00edvel atrair e engajar seus seguidores<\/b><span style=\"font-weight: 400;\">. Entenda suas necessidades e converse com eles. <\/span><\/p>\n<p><em>\u00bfLe ha gustado el art\u00edculo? M\u00e1s informaci\u00f3n\u00a0<a href=\"https:\/\/www.edialog.com.br\/es\/gestao-de-redes-sociais\/\">gesti\u00f3n de redes sociales<\/a>,\u00a0<a href=\"https:\/\/www.edialog.com.br\/es\/consultoria-google-ads\/\">Consultor\u00eda Google Ads<\/a>,\u00a0<a href=\"https:\/\/www.edialog.com.br\/es\/midia-social\/o-que-e-inbound-marketing\/\">Inbound Marketing<\/a>\u00a0y otros temas de marketing digital en el blog de E-Dialog.<\/em><\/p>\n<p><span style=\"font-weight: 400;\"><img loading=\"lazy\" decoding=\"async\" class=\"wp-image-208613 alignleft\" src=\"https:\/\/www.edialog.com.br\/wp-content\/uploads\/2019\/04\/let-300x300.png\" alt=\"Foto da autora\" width=\"160\" height=\"160\" \/><em><strong>Texto escrito por Let\u00edcia Fernandes, Produtora de Conte\u00fado na E-Dialog<\/strong><\/em><\/span><\/p>\n<p><span style=\"font-weight: 400;\">Estudante de Jornalismo da UFJF. \u00c9 apaixonada por viagens, livros, filmes de romance e cachorro quente!<\/span><\/p>\n<p>https:\/\/www.edialog.com.br\/midia-social\/novidades-do-instagram-o-que-e-igtv\/<\/p>\n<blockquote class=\"wp-embedded-content\" data-secret=\"85VndCsBsK\"><p><a href=\"https:\/\/www.edialog.com.br\/es\/como-anunciar-no-instagram\/como-anunciar-no-instagram\/\">como-anunciar-no-instagram<\/a><\/p><\/blockquote>\n<p><iframe class=\"wp-embedded-content\" sandbox=\"allow-scripts\" security=\"restricted\" style=\"position: absolute; clip: rect(1px, 1px, 1px, 1px);\" title=\"&#8220;como-anunciar-no-instagram&#8221; &#8212; Ag\u00eancia de M\u00eddias Sociais e Marketing Digital | E-Dialog\" src=\"https:\/\/www.edialog.com.br\/como-anunciar-no-instagram\/como-anunciar-no-instagram\/embed\/#?secret=UxMCfuG7o0#?secret=85VndCsBsK\" data-secret=\"85VndCsBsK\" width=\"600\" height=\"338\" frameborder=\"0\" marginwidth=\"0\" marginheight=\"0\" scrolling=\"no\"><\/iframe><\/p>\n<p><em><strong>- Lea tambi\u00e9n:<\/strong> <a href=\"https:\/\/www.edialog.com.br\/es\/instagram-para-empresas\/\">Instagram para empresas: \u00bfpor qu\u00e9 y c\u00f3mo utilizar la red para dar a conocer tu negocio?<\/a><\/em><\/p>","protected":false},"excerpt":{"rendered":"<p>A bio Instagram \u00e9 aquela primeira impress\u00e3o que fica para quem acessa o seu perfil. Por isso \u00e9 t\u00e3o importante que seja atrativa. S\u00e3o 150 caracteres que podem ser determinantes para ganhar ou n\u00e3o seguidores e futuros clientes. Pense o seguinte: informa\u00e7\u00f5es b\u00e1sicas existem em todos os perfis. Como us\u00e1-las para que algu\u00e9m se interesse [&hellip;]<\/p>\n","protected":false},"author":1,"featured_media":0,"comment_status":"open","ping_status":"open","sticky":false,"template":"","format":"standard","meta":{"_acf_changed":false,"content-type":"","footnotes":""},"categories":[1208,8],"tags":[2222,2273,406,2268],"class_list":["post-208612","post","type-post","status-publish","format-standard","hentry","category-instagram","category-midia-social","tag-bio-instagram","tag-gerenciamento-de-redes-sociais","tag-instagram","tag-producao-de-conteudo"],"acf":[],"yoast_head":"<!-- This site is optimized with the Yoast SEO Premium plugin v27.3 (Yoast SEO v27.3) - https:\/\/yoast.com\/product\/yoast-seo-premium-wordpress\/ -->\n<title>Bio Redes Sociais: como criar uma atrativa para a sua marca<\/title>\n<meta name=\"description\" content=\"A bio instagram \u00e9 uma breve descri\u00e7\u00e3o que deve apresentar a sua marca para os usu\u00e1rios. Aprenda a criar uma atrativa para o seu p\u00fablico.\" \/>\n<meta name=\"robots\" content=\"index, follow, max-snippet:-1, max-image-preview:large, max-video-preview:-1\" \/>\n<link rel=\"canonical\" href=\"https:\/\/www.edialog.com.br\/es\/bio-instagram-como-criar-uma-atrativa\/\" \/>\n<meta property=\"og:locale\" content=\"es_ES\" \/>\n<meta property=\"og:type\" content=\"article\" \/>\n<meta property=\"og:title\" content=\"Bio Instagram: como criar uma atrativa\" \/>\n<meta property=\"og:description\" content=\"A bio instagram \u00e9 uma breve descri\u00e7\u00e3o que deve apresentar a sua marca para os usu\u00e1rios. Aprenda a criar uma atrativa para o seu p\u00fablico.\" \/>\n<meta property=\"og:url\" content=\"https:\/\/www.edialog.com.br\/es\/bio-instagram-como-criar-uma-atrativa\/\" \/>\n<meta property=\"og:site_name\" content=\"Ag\u00eancia de Inbound Marketing | E-Dialog\" \/>\n<meta property=\"article:publisher\" content=\"https:\/\/facebook.com\/edialogcomunicacao\" \/>\n<meta property=\"article:author\" content=\"http:\/\/facebook.com\/renancaixeiro\" \/>\n<meta property=\"article:published_time\" content=\"2019-04-25T21:23:33+00:00\" \/>\n<meta property=\"article:modified_time\" content=\"2025-02-27T13:02:11+00:00\" \/>\n<meta property=\"og:image\" content=\"https:\/\/www.edialog.com.br\/wp-content\/uploads\/2021\/09\/edialog-logo-case.png\" \/>\n\t<meta property=\"og:image:width\" content=\"810\" \/>\n\t<meta property=\"og:image:height\" content=\"450\" \/>\n\t<meta property=\"og:image:type\" content=\"image\/png\" \/>\n<meta name=\"author\" content=\"Renan Caixeiro\" \/>\n<meta name=\"twitter:label1\" content=\"Escrito por\" \/>\n\t<meta name=\"twitter:data1\" content=\"Renan Caixeiro\" \/>\n\t<meta name=\"twitter:label2\" content=\"Tiempo de lectura\" \/>\n\t<meta name=\"twitter:data2\" content=\"6 minutos\" \/>\n<script type=\"application\/ld+json\" class=\"yoast-schema-graph\">{\"@context\":\"https:\\\/\\\/schema.org\",\"@graph\":[{\"@type\":[\"Article\",\"BlogPosting\"],\"@id\":\"https:\\\/\\\/www.edialog.com.br\\\/bio-instagram-como-criar-uma-atrativa\\\/#article\",\"isPartOf\":{\"@id\":\"https:\\\/\\\/www.edialog.com.br\\\/bio-instagram-como-criar-uma-atrativa\\\/\"},\"author\":{\"name\":\"Renan Caixeiro\",\"@id\":\"https:\\\/\\\/www.edialog.com.br\\\/#\\\/schema\\\/person\\\/7f509934e54fd30b9d2d02cf51b60966\"},\"headline\":\"Bio Instagram: como criar uma atrativa\",\"datePublished\":\"2019-04-25T21:23:33+00:00\",\"dateModified\":\"2025-02-27T13:02:11+00:00\",\"mainEntityOfPage\":{\"@id\":\"https:\\\/\\\/www.edialog.com.br\\\/bio-instagram-como-criar-uma-atrativa\\\/\"},\"wordCount\":1003,\"commentCount\":1,\"publisher\":{\"@id\":\"https:\\\/\\\/www.edialog.com.br\\\/#organization\"},\"image\":{\"@id\":\"https:\\\/\\\/www.edialog.com.br\\\/bio-instagram-como-criar-uma-atrativa\\\/#primaryimage\"},\"thumbnailUrl\":\"https:\\\/\\\/www.edialog.com.br\\\/wp-content\\\/uploads\\\/2019\\\/04\\\/001_Edialog_Blog_01.png\",\"keywords\":[\"bio instagram\",\"gerenciamento de redes sociais\",\"instagram\",\"produ\u00e7\u00e3o de conte\u00fado\"],\"articleSection\":[\"Instagram\",\"M\u00eddia Social\"],\"inLanguage\":\"es\",\"potentialAction\":[{\"@type\":\"CommentAction\",\"name\":\"Comment\",\"target\":[\"https:\\\/\\\/www.edialog.com.br\\\/bio-instagram-como-criar-uma-atrativa\\\/#respond\"]}]},{\"@type\":\"WebPage\",\"@id\":\"https:\\\/\\\/www.edialog.com.br\\\/bio-instagram-como-criar-uma-atrativa\\\/\",\"url\":\"https:\\\/\\\/www.edialog.com.br\\\/bio-instagram-como-criar-uma-atrativa\\\/\",\"name\":\"Bio Redes Sociais: como criar uma atrativa para a sua marca\",\"isPartOf\":{\"@id\":\"https:\\\/\\\/www.edialog.com.br\\\/#website\"},\"primaryImageOfPage\":{\"@id\":\"https:\\\/\\\/www.edialog.com.br\\\/bio-instagram-como-criar-uma-atrativa\\\/#primaryimage\"},\"image\":{\"@id\":\"https:\\\/\\\/www.edialog.com.br\\\/bio-instagram-como-criar-uma-atrativa\\\/#primaryimage\"},\"thumbnailUrl\":\"https:\\\/\\\/www.edialog.com.br\\\/wp-content\\\/uploads\\\/2019\\\/04\\\/001_Edialog_Blog_01.png\",\"datePublished\":\"2019-04-25T21:23:33+00:00\",\"dateModified\":\"2025-02-27T13:02:11+00:00\",\"description\":\"A bio instagram \u00e9 uma breve descri\u00e7\u00e3o que deve apresentar a sua marca para os usu\u00e1rios. Aprenda a criar uma atrativa para o seu p\u00fablico.\",\"breadcrumb\":{\"@id\":\"https:\\\/\\\/www.edialog.com.br\\\/bio-instagram-como-criar-uma-atrativa\\\/#breadcrumb\"},\"inLanguage\":\"es\",\"potentialAction\":[{\"@type\":\"ReadAction\",\"target\":[\"https:\\\/\\\/www.edialog.com.br\\\/bio-instagram-como-criar-uma-atrativa\\\/\"]}]},{\"@type\":\"ImageObject\",\"inLanguage\":\"es\",\"@id\":\"https:\\\/\\\/www.edialog.com.br\\\/bio-instagram-como-criar-uma-atrativa\\\/#primaryimage\",\"url\":\"https:\\\/\\\/www.edialog.com.br\\\/wp-content\\\/uploads\\\/2019\\\/04\\\/001_Edialog_Blog_01.png\",\"contentUrl\":\"https:\\\/\\\/www.edialog.com.br\\\/wp-content\\\/uploads\\\/2019\\\/04\\\/001_Edialog_Blog_01.png\"},{\"@type\":\"BreadcrumbList\",\"@id\":\"https:\\\/\\\/www.edialog.com.br\\\/bio-instagram-como-criar-uma-atrativa\\\/#breadcrumb\",\"itemListElement\":[{\"@type\":\"ListItem\",\"position\":1,\"name\":\"Home\",\"item\":\"https:\\\/\\\/www.edialog.com.br\\\/\"},{\"@type\":\"ListItem\",\"position\":2,\"name\":\"M\u00eddia Social\",\"item\":\"https:\\\/\\\/www.edialog.com.br\\\/category\\\/midia-social\\\/\"},{\"@type\":\"ListItem\",\"position\":3,\"name\":\"Bio Instagram: como criar uma atrativa\"}]},{\"@type\":\"WebSite\",\"@id\":\"https:\\\/\\\/www.edialog.com.br\\\/#website\",\"url\":\"https:\\\/\\\/www.edialog.com.br\\\/\",\"name\":\"Ag\u00eancia de Inbound Marketing | E-Dialog\",\"description\":\"Ag\u00eancia de Inbound Marketing premiada com solu\u00e7\u00f5es completas para o seu neg\u00f3cio. Atraia leads, com conte\u00fados \u00fanicos e envolventes. Solicite or\u00e7amento!\",\"publisher\":{\"@id\":\"https:\\\/\\\/www.edialog.com.br\\\/#organization\"},\"potentialAction\":[{\"@type\":\"SearchAction\",\"target\":{\"@type\":\"EntryPoint\",\"urlTemplate\":\"https:\\\/\\\/www.edialog.com.br\\\/?s={search_term_string}\"},\"query-input\":{\"@type\":\"PropertyValueSpecification\",\"valueRequired\":true,\"valueName\":\"search_term_string\"}}],\"inLanguage\":\"es\"},{\"@type\":\"Organization\",\"@id\":\"https:\\\/\\\/www.edialog.com.br\\\/#organization\",\"name\":\"Ag\u00eancia de M\u00eddias Sociais e Marketing Digital | E-Dialog\",\"url\":\"https:\\\/\\\/www.edialog.com.br\\\/\",\"logo\":{\"@type\":\"ImageObject\",\"inLanguage\":\"es\",\"@id\":\"https:\\\/\\\/www.edialog.com.br\\\/#\\\/schema\\\/logo\\\/image\\\/\",\"url\":\"https:\\\/\\\/www.edialog.com.br\\\/wp-content\\\/uploads\\\/2021\\\/09\\\/edialog-logo-case.png\",\"contentUrl\":\"https:\\\/\\\/www.edialog.com.br\\\/wp-content\\\/uploads\\\/2021\\\/09\\\/edialog-logo-case.png\",\"width\":810,\"height\":450,\"caption\":\"Ag\u00eancia de M\u00eddias Sociais e Marketing Digital | E-Dialog\"},\"image\":{\"@id\":\"https:\\\/\\\/www.edialog.com.br\\\/#\\\/schema\\\/logo\\\/image\\\/\"},\"sameAs\":[\"https:\\\/\\\/facebook.com\\\/edialogcomunicacao\",\"https:\\\/\\\/x.com\\\/edialog_br\",\"https:\\\/\\\/www.instagram.com\\\/edialog_br\",\"https:\\\/\\\/www.linkedin.com\\\/company\\\/e-dialog-comunica-o-digital\",\"https:\\\/\\\/www.youtube.com\\\/channel\\\/UCPiVQ_yVlcCqWS2sRzJZj7g\"]},{\"@type\":\"Person\",\"@id\":\"https:\\\/\\\/www.edialog.com.br\\\/#\\\/schema\\\/person\\\/7f509934e54fd30b9d2d02cf51b60966\",\"name\":\"Renan Caixeiro\",\"image\":{\"@type\":\"ImageObject\",\"inLanguage\":\"es\",\"@id\":\"https:\\\/\\\/www.edialog.com.br\\\/wp-content\\\/uploads\\\/2023\\\/11\\\/renan-caixeiro-150x150.jpg\",\"url\":\"https:\\\/\\\/www.edialog.com.br\\\/wp-content\\\/uploads\\\/2023\\\/11\\\/renan-caixeiro-150x150.jpg\",\"contentUrl\":\"https:\\\/\\\/www.edialog.com.br\\\/wp-content\\\/uploads\\\/2023\\\/11\\\/renan-caixeiro-150x150.jpg\",\"caption\":\"Renan Caixeiro\"},\"description\":\"S\u00f3cio Diretor na E-Dialog, \u00e9 graduado em Jornalismo e p\u00f3s-graduado em Comunica\u00e7\u00e3o Corporativa, ambos pela UFJF. Est\u00e1 \u00e0 frente do Reportei, SaaS de relat\u00f3rios e dashboards, \u00e9 host do Projeto SaaS, podcast que compartilha experi\u00eancias do universo de software as a service, e s\u00f3cio da Aquela Caixa, comunidade para profissionais de cria\u00e7\u00e3o. Torcedor do Vasco, tem como meta comprar o Gigante da Colina. LinkedIn: @renancaixeiro \\\/ Instagram: @renancaixeiro.\",\"sameAs\":[\"http:\\\/\\\/facebook.com\\\/renancaixeiro\",\"https:\\\/\\\/www.instagram.com\\\/renancaixeiro\\\/\",\"https:\\\/\\\/br.linkedin.com\\\/in\\\/renancaixeiro\\\/pt\",\"https:\\\/\\\/x.com\\\/renancaixeiro\"],\"url\":\"https:\\\/\\\/www.edialog.com.br\\\/es\\\/author\\\/renancaixeiro\\\/\"}]}<\/script>\n<!-- \/ Yoast SEO Premium plugin. -->","yoast_head_json":{"title":"Bio Redes Sociais: como criar uma atrativa para a sua marca","description":"A bio instagram \u00e9 uma breve descri\u00e7\u00e3o que deve apresentar a sua marca para os usu\u00e1rios. Aprenda a criar uma atrativa para o seu p\u00fablico.","robots":{"index":"index","follow":"follow","max-snippet":"max-snippet:-1","max-image-preview":"max-image-preview:large","max-video-preview":"max-video-preview:-1"},"canonical":"https:\/\/www.edialog.com.br\/es\/bio-instagram-como-criar-uma-atrativa\/","og_locale":"es_ES","og_type":"article","og_title":"Bio Instagram: como criar uma atrativa","og_description":"A bio instagram \u00e9 uma breve descri\u00e7\u00e3o que deve apresentar a sua marca para os usu\u00e1rios. Aprenda a criar uma atrativa para o seu p\u00fablico.","og_url":"https:\/\/www.edialog.com.br\/es\/bio-instagram-como-criar-uma-atrativa\/","og_site_name":"Ag\u00eancia de Inbound Marketing | E-Dialog","article_publisher":"https:\/\/facebook.com\/edialogcomunicacao","article_author":"http:\/\/facebook.com\/renancaixeiro","article_published_time":"2019-04-25T21:23:33+00:00","article_modified_time":"2025-02-27T13:02:11+00:00","og_image":[{"width":810,"height":450,"url":"https:\/\/www.edialog.com.br\/wp-content\/uploads\/2021\/09\/edialog-logo-case.png","type":"image\/png"}],"author":"Renan Caixeiro","twitter_misc":{"Escrito por":"Renan Caixeiro","Tiempo de lectura":"6 minutos"},"schema":{"@context":"https:\/\/schema.org","@graph":[{"@type":["Article","BlogPosting"],"@id":"https:\/\/www.edialog.com.br\/bio-instagram-como-criar-uma-atrativa\/#article","isPartOf":{"@id":"https:\/\/www.edialog.com.br\/bio-instagram-como-criar-uma-atrativa\/"},"author":{"name":"Renan Caixeiro","@id":"https:\/\/www.edialog.com.br\/#\/schema\/person\/7f509934e54fd30b9d2d02cf51b60966"},"headline":"Bio Instagram: como criar uma atrativa","datePublished":"2019-04-25T21:23:33+00:00","dateModified":"2025-02-27T13:02:11+00:00","mainEntityOfPage":{"@id":"https:\/\/www.edialog.com.br\/bio-instagram-como-criar-uma-atrativa\/"},"wordCount":1003,"commentCount":1,"publisher":{"@id":"https:\/\/www.edialog.com.br\/#organization"},"image":{"@id":"https:\/\/www.edialog.com.br\/bio-instagram-como-criar-uma-atrativa\/#primaryimage"},"thumbnailUrl":"https:\/\/www.edialog.com.br\/wp-content\/uploads\/2019\/04\/001_Edialog_Blog_01.png","keywords":["bio instagram","gerenciamento de redes sociais","instagram","produ\u00e7\u00e3o de conte\u00fado"],"articleSection":["Instagram","M\u00eddia Social"],"inLanguage":"es","potentialAction":[{"@type":"CommentAction","name":"Comment","target":["https:\/\/www.edialog.com.br\/bio-instagram-como-criar-uma-atrativa\/#respond"]}]},{"@type":"WebPage","@id":"https:\/\/www.edialog.com.br\/bio-instagram-como-criar-uma-atrativa\/","url":"https:\/\/www.edialog.com.br\/bio-instagram-como-criar-uma-atrativa\/","name":"Bio Redes Sociais: como criar uma atrativa para a sua marca","isPartOf":{"@id":"https:\/\/www.edialog.com.br\/#website"},"primaryImageOfPage":{"@id":"https:\/\/www.edialog.com.br\/bio-instagram-como-criar-uma-atrativa\/#primaryimage"},"image":{"@id":"https:\/\/www.edialog.com.br\/bio-instagram-como-criar-uma-atrativa\/#primaryimage"},"thumbnailUrl":"https:\/\/www.edialog.com.br\/wp-content\/uploads\/2019\/04\/001_Edialog_Blog_01.png","datePublished":"2019-04-25T21:23:33+00:00","dateModified":"2025-02-27T13:02:11+00:00","description":"A bio instagram \u00e9 uma breve descri\u00e7\u00e3o que deve apresentar a sua marca para os usu\u00e1rios. Aprenda a criar uma atrativa para o seu p\u00fablico.","breadcrumb":{"@id":"https:\/\/www.edialog.com.br\/bio-instagram-como-criar-uma-atrativa\/#breadcrumb"},"inLanguage":"es","potentialAction":[{"@type":"ReadAction","target":["https:\/\/www.edialog.com.br\/bio-instagram-como-criar-uma-atrativa\/"]}]},{"@type":"ImageObject","inLanguage":"es","@id":"https:\/\/www.edialog.com.br\/bio-instagram-como-criar-uma-atrativa\/#primaryimage","url":"https:\/\/www.edialog.com.br\/wp-content\/uploads\/2019\/04\/001_Edialog_Blog_01.png","contentUrl":"https:\/\/www.edialog.com.br\/wp-content\/uploads\/2019\/04\/001_Edialog_Blog_01.png"},{"@type":"BreadcrumbList","@id":"https:\/\/www.edialog.com.br\/bio-instagram-como-criar-uma-atrativa\/#breadcrumb","itemListElement":[{"@type":"ListItem","position":1,"name":"Home","item":"https:\/\/www.edialog.com.br\/"},{"@type":"ListItem","position":2,"name":"M\u00eddia Social","item":"https:\/\/www.edialog.com.br\/category\/midia-social\/"},{"@type":"ListItem","position":3,"name":"Bio Instagram: como criar uma atrativa"}]},{"@type":"WebSite","@id":"https:\/\/www.edialog.com.br\/#website","url":"https:\/\/www.edialog.com.br\/","name":"Agencia de marketing entrante | E-Dialog","description":"Ag\u00eancia de Inbound Marketing premiada com solu\u00e7\u00f5es completas para o seu neg\u00f3cio. Atraia leads, com conte\u00fados \u00fanicos e envolventes. Solicite or\u00e7amento!","publisher":{"@id":"https:\/\/www.edialog.com.br\/#organization"},"potentialAction":[{"@type":"SearchAction","target":{"@type":"EntryPoint","urlTemplate":"https:\/\/www.edialog.com.br\/?s={search_term_string}"},"query-input":{"@type":"PropertyValueSpecification","valueRequired":true,"valueName":"search_term_string"}}],"inLanguage":"es"},{"@type":"Organization","@id":"https:\/\/www.edialog.com.br\/#organization","name":"Ag\u00eancia de M\u00eddias Sociais e Marketing Digital | E-Dialog","url":"https:\/\/www.edialog.com.br\/","logo":{"@type":"ImageObject","inLanguage":"es","@id":"https:\/\/www.edialog.com.br\/#\/schema\/logo\/image\/","url":"https:\/\/www.edialog.com.br\/wp-content\/uploads\/2021\/09\/edialog-logo-case.png","contentUrl":"https:\/\/www.edialog.com.br\/wp-content\/uploads\/2021\/09\/edialog-logo-case.png","width":810,"height":450,"caption":"Ag\u00eancia de M\u00eddias Sociais e Marketing Digital | E-Dialog"},"image":{"@id":"https:\/\/www.edialog.com.br\/#\/schema\/logo\/image\/"},"sameAs":["https:\/\/facebook.com\/edialogcomunicacao","https:\/\/x.com\/edialog_br","https:\/\/www.instagram.com\/edialog_br","https:\/\/www.linkedin.com\/company\/e-dialog-comunica-o-digital","https:\/\/www.youtube.com\/channel\/UCPiVQ_yVlcCqWS2sRzJZj7g"]},{"@type":"Person","@id":"https:\/\/www.edialog.com.br\/#\/schema\/person\/7f509934e54fd30b9d2d02cf51b60966","name":"Renan Caixeiro","image":{"@type":"ImageObject","inLanguage":"es","@id":"https:\/\/www.edialog.com.br\/wp-content\/uploads\/2023\/11\/renan-caixeiro-150x150.jpg","url":"https:\/\/www.edialog.com.br\/wp-content\/uploads\/2023\/11\/renan-caixeiro-150x150.jpg","contentUrl":"https:\/\/www.edialog.com.br\/wp-content\/uploads\/2023\/11\/renan-caixeiro-150x150.jpg","caption":"Renan Caixeiro"},"description":"S\u00f3cio Diretor na E-Dialog, \u00e9 graduado em Jornalismo e p\u00f3s-graduado em Comunica\u00e7\u00e3o Corporativa, ambos pela UFJF. Est\u00e1 \u00e0 frente do Reportei, SaaS de relat\u00f3rios e dashboards, \u00e9 host do Projeto SaaS, podcast que compartilha experi\u00eancias do universo de software as a service, e s\u00f3cio da Aquela Caixa, comunidade para profissionais de cria\u00e7\u00e3o. Torcedor do Vasco, tem como meta comprar o Gigante da Colina. LinkedIn: @renancaixeiro \/ Instagram: @renancaixeiro.","sameAs":["http:\/\/facebook.com\/renancaixeiro","https:\/\/www.instagram.com\/renancaixeiro\/","https:\/\/br.linkedin.com\/in\/renancaixeiro\/pt","https:\/\/x.com\/renancaixeiro"],"url":"https:\/\/www.edialog.com.br\/es\/author\/renancaixeiro\/"}]}},"_links":{"self":[{"href":"https:\/\/www.edialog.com.br\/es\/wp-json\/wp\/v2\/posts\/208612","targetHints":{"allow":["GET"]}}],"collection":[{"href":"https:\/\/www.edialog.com.br\/es\/wp-json\/wp\/v2\/posts"}],"about":[{"href":"https:\/\/www.edialog.com.br\/es\/wp-json\/wp\/v2\/types\/post"}],"author":[{"embeddable":true,"href":"https:\/\/www.edialog.com.br\/es\/wp-json\/wp\/v2\/users\/1"}],"replies":[{"embeddable":true,"href":"https:\/\/www.edialog.com.br\/es\/wp-json\/wp\/v2\/comments?post=208612"}],"version-history":[{"count":4,"href":"https:\/\/www.edialog.com.br\/es\/wp-json\/wp\/v2\/posts\/208612\/revisions"}],"predecessor-version":[{"id":228395,"href":"https:\/\/www.edialog.com.br\/es\/wp-json\/wp\/v2\/posts\/208612\/revisions\/228395"}],"wp:attachment":[{"href":"https:\/\/www.edialog.com.br\/es\/wp-json\/wp\/v2\/media?parent=208612"}],"wp:term":[{"taxonomy":"category","embeddable":true,"href":"https:\/\/www.edialog.com.br\/es\/wp-json\/wp\/v2\/categories?post=208612"},{"taxonomy":"post_tag","embeddable":true,"href":"https:\/\/www.edialog.com.br\/es\/wp-json\/wp\/v2\/tags?post=208612"}],"curies":[{"name":"wp","href":"https:\/\/api.w.org\/{rel}","templated":true}]}}