{"id":207989,"date":"2018-12-07T15:45:43","date_gmt":"2018-12-07T18:45:43","guid":{"rendered":"https:\/\/www.edialog.com.br\/?p=207989"},"modified":"2025-01-28T11:53:34","modified_gmt":"2025-01-28T14:53:34","slug":"como-organizar-o-setor-comercial-para-aproveitar-melhor-os-leads","status":"publish","type":"post","link":"https:\/\/www.edialog.com.br\/es\/como-organizar-o-setor-comercial-para-aproveitar-melhor-os-leads\/","title":{"rendered":"Retransmisi\u00f3n en directo el d\u00eda 18, a las 11.00 horas: C\u00f3mo organizar el departamento de ventas para aprovechar mejor los clientes potenciales"},"content":{"rendered":"<p>[et_pb_section bb_built=&#8221;1&#8243; admin_label=&#8221;section&#8221; _builder_version=&#8221;3.0.47&#8243;][et_pb_row custom_padding=&#8221;0|0px|0|0px|false|false&#8221; _builder_version=&#8221;3.18.2&#8243;][et_pb_column type=&#8221;4_4&#8243;][et_pb_cta title=&#8221;Treinamento Setor Comercial&#8221; button_url=&#8221;https:\/\/materiais.edialog.com.br\/webinar-crm-dezembro&#8221; button_text=&#8221;Assistir&#8221; _builder_version=&#8221;3.19.9&#8243; link_option_url=&#8221;https:\/\/materiais.edialog.com.br\/webinar-crm-dezembro&#8221; \/][\/et_pb_column][\/et_pb_row][et_pb_row _builder_version=&#8221;3.18.2&#8243;][et_pb_column type=&#8221;4_4&#8243;][et_pb_video src=&#8221;https:\/\/www.youtube.com\/watch?v=BeMtVmvrl4Y&#8221; _builder_version=&#8221;3.18.2&#8243;]<\/p>\n<p>[\/et_pb_video][\/et_pb_column][\/et_pb_row][et_pb_row admin_label=&#8221;row&#8221; _builder_version=&#8221;3.0.48&#8243; background_size=&#8221;initial&#8221; background_position=&#8221;top_left&#8221; background_repeat=&#8221;repeat&#8221;][et_pb_column type=&#8221;4_4&#8243;][et_pb_text admin_label=&#8221;Text&#8221; _builder_version=&#8221;3.19.9&#8243; background_size=&#8221;initial&#8221; background_position=&#8221;top_left&#8221; background_repeat=&#8221;repeat&#8221;]<\/p>\n<p><!-- divi:paragraph --><\/p>\n<p>Voc\u00ea utiliza<strong> planilhas <\/strong>para gerenciar contatos comerciais? Sente que poderia estar aproveitando melhor os <strong>leads<\/strong> gerados?<\/p>\n<p>Ent\u00e3o <strong>o material que preparamos \u00e9 para voc\u00ea<\/strong>! Realizamos um\u00a0<strong>Treinamento Gratuito<\/strong>, no dia 18 de dezembro sobre: Como Organizar o Setor Comercial para Aproveitar Melhor os Leads. Para isso, neste blog voc\u00ea entender\u00e1 como o conte\u00fado foi mostrado.<\/p>\n<p><!-- divi:heading --><\/p>\n<h2>Processo comercial efetivo: saiba quais s\u00e3o as melhores ferramentas<\/h2>\n<p><!-- \/divi:heading --><\/p>\n<p><!-- divi:paragraph --><\/p>\n<p>Na E-Dialog, reestruturamos alguns processos em 2018. Um dos desafios foi organizar o setor comercial de forma a torn\u00e1-lo mais efetivo. Por isso, entendemos que as <strong>solu\u00e7\u00f5es encontradas por nossa equipe podem ajudar muitas outras empresas<\/strong>. Dessa forma, o <strong>Co-Fundador da E-Dialog. Renan Caixeiro<\/strong>, realizou o Webinar (Transmiss\u00e3o ao vivo) Gratuito sobre o assunto.<\/p>\n<p>Renan mostrou os detalhes de como identificamos falhas e reformulamos algumas etapas das vendas tanto da ag\u00eancia quanto de clientes.<\/p>\n<p>Ent\u00e3o, se voc\u00ea tem hoje um processo comercial feito por<strong> planilhas, e-mail, WhatsApp<\/strong> ou outro meio que n\u00e3o permite um controle posterior, o v\u00eddeo ser\u00e1 bastante \u00fatil.<\/p>\n<p>Isso porque, com os m\u00e9todos acima, voc\u00ea est\u00e1 deixando de fechar neg\u00f3cio com diversos leads. Por isso, o Webinar mostrar\u00e1 como essa pr\u00e1tica pode ser solucionada. E o melhor: por meio de <strong>processos, e ainda ferramentas gratuitas e intuitivas<\/strong> para que gestores que n\u00e3o s\u00e3o profissionais do marketing consigam dominar.<\/p>\n<p>O Webinar tamb\u00e9m \u00e9 focado nos clientes da E-Dialog, que est\u00e3o come\u00e7ando a implantar uma \u00e1rea comercial de forma mais profissional. Essa mudan\u00e7a \u00e9 fundamental para o crescimento exponencial da marca.<strong> Ou seja, a partir de o momento em que voc\u00ea passa a <a href=\"https:\/\/www.edialog.com.br\/como-gerar-leads\/\">gerar leads<\/a>, ganhar visibilidades nas redes sociais e ter notoriedade com os consumidores, \u00e9 preciso efetivar a venda.\u00a0<\/strong><\/p>\n<p>Al\u00e9m disso, \u00e9 preciso profissionalizar o contato com os leads para o neg\u00f3cio evoluir. Portanto, se esse \u00e9 o seu objetivo para a sua empresa em 2019, inscreva-se no formul\u00e1rio para ter acesso ao conte\u00fado. Durante o treinamento, o Co-Fundador da E-Dialog respondeu tamb\u00e9m a todas as d\u00favidas ao vivo.<\/p>\n<p><!-- \/divi:paragraph --><\/p>\n<p>[\/et_pb_text][\/et_pb_column][\/et_pb_row][et_pb_row custom_padding=&#8221;0|0px|0|0px|false|false&#8221; _builder_version=&#8221;3.18.2&#8243;][et_pb_column type=&#8221;4_4&#8243;][et_pb_cta title=&#8221;Treinamento Setor Comercial&#8221; button_url=&#8221;https:\/\/materiais.edialog.com.br\/webinar-crm-dezembro&#8221; button_text=&#8221;Assistir&#8221; _builder_version=&#8221;3.19.9&#8243; link_option_url=&#8221;https:\/\/materiais.edialog.com.br\/webinar-crm-dezembro&#8221; \/][\/et_pb_column][\/et_pb_row][\/et_pb_section]<\/p>\n","protected":false},"excerpt":{"rendered":"<p>El cofundador de E-Dialog impartir\u00e1 un seminario web gratuito sobre: C\u00f3mo organizar el sector de ventas para aprovechar mejor los leads. \u00a1Aseg\u00farese su plaza!<\/p>","protected":false},"author":1,"featured_media":0,"comment_status":"open","ping_status":"open","sticky":false,"template":"","format":"standard","meta":{"_acf_changed":false,"content-type":"","footnotes":""},"categories":[54,36,51],"tags":[1700,1699,1701,550],"class_list":["post-207989","post","type-post","status-publish","format-standard","hentry","category-casos-de-sucesso","category-empresarial","category-solucoes","tag-comercial","tag-crm","tag-setor-comercial","tag-vendas-online"],"acf":[],"yoast_head":"<!-- This site is optimized with the Yoast SEO Premium plugin v27.5 (Yoast SEO v27.5) - https:\/\/yoast.com\/product\/yoast-seo-premium-wordpress\/ -->\n<title>Como Organizar o Setor Comercial para Aproveitar os Leads<\/title>\n<meta name=\"description\" content=\"O Co-Fundador da E-Dialog realizar\u00e1 uma Webinar Gratuita sobre: Como Organizar o Setor Comercial para Aproveitar Melhor os Leads. Garanta a sua vaga!\" \/>\n<meta name=\"robots\" content=\"index, follow, max-snippet:-1, max-image-preview:large, max-video-preview:-1\" \/>\n<link rel=\"canonical\" href=\"https:\/\/www.edialog.com.br\/es\/como-organizar-o-setor-comercial-para-aproveitar-melhor-os-leads\/\" \/>\n<meta property=\"og:locale\" content=\"es_ES\" \/>\n<meta property=\"og:type\" content=\"article\" \/>\n<meta property=\"og:title\" content=\"Transmiss\u00e3o ao Vivo dia 18, 11h: Como Organizar o Setor Comercial para Aproveitar Melhor os Leads\" \/>\n<meta property=\"og:description\" content=\"O Co-Fundador da E-Dialog realizar\u00e1 uma Webinar Gratuita sobre: Como Organizar o Setor Comercial para Aproveitar Melhor os Leads. Garanta a sua vaga!\" \/>\n<meta property=\"og:url\" content=\"https:\/\/www.edialog.com.br\/es\/como-organizar-o-setor-comercial-para-aproveitar-melhor-os-leads\/\" \/>\n<meta property=\"og:site_name\" content=\"Ag\u00eancia de Inbound Marketing | E-Dialog\" \/>\n<meta property=\"article:publisher\" content=\"https:\/\/facebook.com\/edialogcomunicacao\" \/>\n<meta property=\"article:author\" content=\"http:\/\/facebook.com\/renancaixeiro\" \/>\n<meta property=\"article:published_time\" content=\"2018-12-07T18:45:43+00:00\" \/>\n<meta property=\"article:modified_time\" content=\"2025-01-28T14:53:34+00:00\" \/>\n<meta property=\"og:image\" content=\"https:\/\/www.edialog.com.br\/wp-content\/uploads\/2021\/09\/edialog-logo-case.png\" \/>\n\t<meta property=\"og:image:width\" content=\"810\" \/>\n\t<meta property=\"og:image:height\" content=\"450\" \/>\n\t<meta property=\"og:image:type\" content=\"image\/png\" \/>\n<meta name=\"author\" content=\"Renan Caixeiro\" \/>\n<meta name=\"twitter:label1\" content=\"Escrito por\" \/>\n\t<meta name=\"twitter:data1\" content=\"Renan Caixeiro\" \/>\n\t<meta name=\"twitter:label2\" content=\"Tiempo de lectura\" \/>\n\t<meta name=\"twitter:data2\" content=\"3 minutos\" \/>\n<script type=\"application\/ld+json\" class=\"yoast-schema-graph\">{\"@context\":\"https:\\\/\\\/schema.org\",\"@graph\":[{\"@type\":[\"Article\",\"BlogPosting\"],\"@id\":\"https:\\\/\\\/www.edialog.com.br\\\/como-organizar-o-setor-comercial-para-aproveitar-melhor-os-leads\\\/#article\",\"isPartOf\":{\"@id\":\"https:\\\/\\\/www.edialog.com.br\\\/como-organizar-o-setor-comercial-para-aproveitar-melhor-os-leads\\\/\"},\"author\":{\"name\":\"Renan Caixeiro\",\"@id\":\"https:\\\/\\\/www.edialog.com.br\\\/#\\\/schema\\\/person\\\/7f509934e54fd30b9d2d02cf51b60966\"},\"headline\":\"Transmiss\u00e3o ao Vivo dia 18, 11h: Como Organizar o Setor Comercial para Aproveitar Melhor os Leads\",\"datePublished\":\"2018-12-07T18:45:43+00:00\",\"dateModified\":\"2025-01-28T14:53:34+00:00\",\"mainEntityOfPage\":{\"@id\":\"https:\\\/\\\/www.edialog.com.br\\\/como-organizar-o-setor-comercial-para-aproveitar-melhor-os-leads\\\/\"},\"wordCount\":552,\"commentCount\":0,\"publisher\":{\"@id\":\"https:\\\/\\\/www.edialog.com.br\\\/#organization\"},\"keywords\":[\"comercial\",\"CRM\",\"setor comercial\",\"vendas online\"],\"articleSection\":[\"Casos de sucesso\",\"Empresarial\",\"Solu\u00e7\u00f5es\"],\"inLanguage\":\"es\",\"potentialAction\":[{\"@type\":\"CommentAction\",\"name\":\"Comment\",\"target\":[\"https:\\\/\\\/www.edialog.com.br\\\/como-organizar-o-setor-comercial-para-aproveitar-melhor-os-leads\\\/#respond\"]}]},{\"@type\":\"WebPage\",\"@id\":\"https:\\\/\\\/www.edialog.com.br\\\/como-organizar-o-setor-comercial-para-aproveitar-melhor-os-leads\\\/\",\"url\":\"https:\\\/\\\/www.edialog.com.br\\\/como-organizar-o-setor-comercial-para-aproveitar-melhor-os-leads\\\/\",\"name\":\"Como Organizar o Setor Comercial para Aproveitar os Leads\",\"isPartOf\":{\"@id\":\"https:\\\/\\\/www.edialog.com.br\\\/#website\"},\"datePublished\":\"2018-12-07T18:45:43+00:00\",\"dateModified\":\"2025-01-28T14:53:34+00:00\",\"description\":\"O Co-Fundador da E-Dialog realizar\u00e1 uma Webinar Gratuita sobre: Como Organizar o Setor Comercial para Aproveitar Melhor os Leads. Garanta a sua vaga!\",\"breadcrumb\":{\"@id\":\"https:\\\/\\\/www.edialog.com.br\\\/como-organizar-o-setor-comercial-para-aproveitar-melhor-os-leads\\\/#breadcrumb\"},\"inLanguage\":\"es\",\"potentialAction\":[{\"@type\":\"ReadAction\",\"target\":[\"https:\\\/\\\/www.edialog.com.br\\\/como-organizar-o-setor-comercial-para-aproveitar-melhor-os-leads\\\/\"]}]},{\"@type\":\"BreadcrumbList\",\"@id\":\"https:\\\/\\\/www.edialog.com.br\\\/como-organizar-o-setor-comercial-para-aproveitar-melhor-os-leads\\\/#breadcrumb\",\"itemListElement\":[{\"@type\":\"ListItem\",\"position\":1,\"name\":\"Home\",\"item\":\"https:\\\/\\\/www.edialog.com.br\\\/\"},{\"@type\":\"ListItem\",\"position\":2,\"name\":\"Solu\u00e7\u00f5es\",\"item\":\"https:\\\/\\\/www.edialog.com.br\\\/category\\\/solucoes\\\/\"},{\"@type\":\"ListItem\",\"position\":3,\"name\":\"Transmiss\u00e3o ao Vivo dia 18, 11h: Como Organizar o Setor Comercial para Aproveitar Melhor os Leads\"}]},{\"@type\":\"WebSite\",\"@id\":\"https:\\\/\\\/www.edialog.com.br\\\/#website\",\"url\":\"https:\\\/\\\/www.edialog.com.br\\\/\",\"name\":\"Ag\u00eancia de Inbound Marketing | E-Dialog\",\"description\":\"Ag\u00eancia de Inbound Marketing premiada com solu\u00e7\u00f5es completas para o seu neg\u00f3cio. Atraia leads, com conte\u00fados \u00fanicos e envolventes. Solicite or\u00e7amento!\",\"publisher\":{\"@id\":\"https:\\\/\\\/www.edialog.com.br\\\/#organization\"},\"potentialAction\":[{\"@type\":\"SearchAction\",\"target\":{\"@type\":\"EntryPoint\",\"urlTemplate\":\"https:\\\/\\\/www.edialog.com.br\\\/?s={search_term_string}\"},\"query-input\":{\"@type\":\"PropertyValueSpecification\",\"valueRequired\":true,\"valueName\":\"search_term_string\"}}],\"inLanguage\":\"es\"},{\"@type\":\"Organization\",\"@id\":\"https:\\\/\\\/www.edialog.com.br\\\/#organization\",\"name\":\"Ag\u00eancia de M\u00eddias Sociais e Marketing Digital | E-Dialog\",\"url\":\"https:\\\/\\\/www.edialog.com.br\\\/\",\"logo\":{\"@type\":\"ImageObject\",\"inLanguage\":\"es\",\"@id\":\"https:\\\/\\\/www.edialog.com.br\\\/#\\\/schema\\\/logo\\\/image\\\/\",\"url\":\"https:\\\/\\\/www.edialog.com.br\\\/wp-content\\\/uploads\\\/2021\\\/09\\\/edialog-logo-case.png\",\"contentUrl\":\"https:\\\/\\\/www.edialog.com.br\\\/wp-content\\\/uploads\\\/2021\\\/09\\\/edialog-logo-case.png\",\"width\":810,\"height\":450,\"caption\":\"Ag\u00eancia de M\u00eddias Sociais e Marketing Digital | E-Dialog\"},\"image\":{\"@id\":\"https:\\\/\\\/www.edialog.com.br\\\/#\\\/schema\\\/logo\\\/image\\\/\"},\"sameAs\":[\"https:\\\/\\\/facebook.com\\\/edialogcomunicacao\",\"https:\\\/\\\/x.com\\\/edialog_br\",\"https:\\\/\\\/www.instagram.com\\\/edialog_br\",\"https:\\\/\\\/www.linkedin.com\\\/company\\\/e-dialog-comunica-o-digital\",\"https:\\\/\\\/www.youtube.com\\\/channel\\\/UCPiVQ_yVlcCqWS2sRzJZj7g\"]},{\"@type\":\"Person\",\"@id\":\"https:\\\/\\\/www.edialog.com.br\\\/#\\\/schema\\\/person\\\/7f509934e54fd30b9d2d02cf51b60966\",\"name\":\"Renan Caixeiro\",\"image\":{\"@type\":\"ImageObject\",\"inLanguage\":\"es\",\"@id\":\"https:\\\/\\\/www.edialog.com.br\\\/wp-content\\\/uploads\\\/2023\\\/11\\\/renan-caixeiro-150x150.jpg\",\"url\":\"https:\\\/\\\/www.edialog.com.br\\\/wp-content\\\/uploads\\\/2023\\\/11\\\/renan-caixeiro-150x150.jpg\",\"contentUrl\":\"https:\\\/\\\/www.edialog.com.br\\\/wp-content\\\/uploads\\\/2023\\\/11\\\/renan-caixeiro-150x150.jpg\",\"caption\":\"Renan Caixeiro\"},\"description\":\"S\u00f3cio Diretor na E-Dialog, \u00e9 graduado em Jornalismo e p\u00f3s-graduado em Comunica\u00e7\u00e3o Corporativa, ambos pela UFJF. Est\u00e1 \u00e0 frente do Reportei, SaaS de relat\u00f3rios e dashboards, \u00e9 host do Projeto SaaS, podcast que compartilha experi\u00eancias do universo de software as a service, e s\u00f3cio da Aquela Caixa, comunidade para profissionais de cria\u00e7\u00e3o. Torcedor do Vasco, tem como meta comprar o Gigante da Colina. LinkedIn: @renancaixeiro \\\/ Instagram: @renancaixeiro.\",\"sameAs\":[\"http:\\\/\\\/facebook.com\\\/renancaixeiro\",\"https:\\\/\\\/www.instagram.com\\\/renancaixeiro\\\/\",\"https:\\\/\\\/br.linkedin.com\\\/in\\\/renancaixeiro\\\/pt\",\"https:\\\/\\\/x.com\\\/renancaixeiro\"],\"url\":\"https:\\\/\\\/www.edialog.com.br\\\/es\\\/author\\\/renancaixeiro\\\/\"}]}<\/script>\n<!-- \/ Yoast SEO Premium plugin. -->","yoast_head_json":{"title":"Como Organizar o Setor Comercial para Aproveitar os Leads","description":"El cofundador de E-Dialog impartir\u00e1 un seminario web gratuito sobre: C\u00f3mo organizar el sector de ventas para aprovechar mejor los leads. \u00a1Aseg\u00farese su plaza!","robots":{"index":"index","follow":"follow","max-snippet":"max-snippet:-1","max-image-preview":"max-image-preview:large","max-video-preview":"max-video-preview:-1"},"canonical":"https:\/\/www.edialog.com.br\/es\/como-organizar-o-setor-comercial-para-aproveitar-melhor-os-leads\/","og_locale":"es_ES","og_type":"article","og_title":"Transmiss\u00e3o ao Vivo dia 18, 11h: Como Organizar o Setor Comercial para Aproveitar Melhor os Leads","og_description":"O Co-Fundador da E-Dialog realizar\u00e1 uma Webinar Gratuita sobre: Como Organizar o Setor Comercial para Aproveitar Melhor os Leads. Garanta a sua vaga!","og_url":"https:\/\/www.edialog.com.br\/es\/como-organizar-o-setor-comercial-para-aproveitar-melhor-os-leads\/","og_site_name":"Ag\u00eancia de Inbound Marketing | E-Dialog","article_publisher":"https:\/\/facebook.com\/edialogcomunicacao","article_author":"http:\/\/facebook.com\/renancaixeiro","article_published_time":"2018-12-07T18:45:43+00:00","article_modified_time":"2025-01-28T14:53:34+00:00","og_image":[{"width":810,"height":450,"url":"https:\/\/www.edialog.com.br\/wp-content\/uploads\/2021\/09\/edialog-logo-case.png","type":"image\/png"}],"author":"Renan Caixeiro","twitter_misc":{"Escrito por":"Renan Caixeiro","Tiempo de lectura":"3 minutos"},"schema":{"@context":"https:\/\/schema.org","@graph":[{"@type":["Article","BlogPosting"],"@id":"https:\/\/www.edialog.com.br\/como-organizar-o-setor-comercial-para-aproveitar-melhor-os-leads\/#article","isPartOf":{"@id":"https:\/\/www.edialog.com.br\/como-organizar-o-setor-comercial-para-aproveitar-melhor-os-leads\/"},"author":{"name":"Renan Caixeiro","@id":"https:\/\/www.edialog.com.br\/#\/schema\/person\/7f509934e54fd30b9d2d02cf51b60966"},"headline":"Transmiss\u00e3o ao Vivo dia 18, 11h: Como Organizar o Setor Comercial para Aproveitar Melhor os Leads","datePublished":"2018-12-07T18:45:43+00:00","dateModified":"2025-01-28T14:53:34+00:00","mainEntityOfPage":{"@id":"https:\/\/www.edialog.com.br\/como-organizar-o-setor-comercial-para-aproveitar-melhor-os-leads\/"},"wordCount":552,"commentCount":0,"publisher":{"@id":"https:\/\/www.edialog.com.br\/#organization"},"keywords":["comercial","CRM","setor comercial","vendas online"],"articleSection":["Casos de sucesso","Empresarial","Solu\u00e7\u00f5es"],"inLanguage":"es","potentialAction":[{"@type":"CommentAction","name":"Comment","target":["https:\/\/www.edialog.com.br\/como-organizar-o-setor-comercial-para-aproveitar-melhor-os-leads\/#respond"]}]},{"@type":"WebPage","@id":"https:\/\/www.edialog.com.br\/como-organizar-o-setor-comercial-para-aproveitar-melhor-os-leads\/","url":"https:\/\/www.edialog.com.br\/como-organizar-o-setor-comercial-para-aproveitar-melhor-os-leads\/","name":"Como Organizar o Setor Comercial para Aproveitar os Leads","isPartOf":{"@id":"https:\/\/www.edialog.com.br\/#website"},"datePublished":"2018-12-07T18:45:43+00:00","dateModified":"2025-01-28T14:53:34+00:00","description":"El cofundador de E-Dialog impartir\u00e1 un seminario web gratuito sobre: C\u00f3mo organizar el sector de ventas para aprovechar mejor los leads. \u00a1Aseg\u00farese su plaza!","breadcrumb":{"@id":"https:\/\/www.edialog.com.br\/como-organizar-o-setor-comercial-para-aproveitar-melhor-os-leads\/#breadcrumb"},"inLanguage":"es","potentialAction":[{"@type":"ReadAction","target":["https:\/\/www.edialog.com.br\/como-organizar-o-setor-comercial-para-aproveitar-melhor-os-leads\/"]}]},{"@type":"BreadcrumbList","@id":"https:\/\/www.edialog.com.br\/como-organizar-o-setor-comercial-para-aproveitar-melhor-os-leads\/#breadcrumb","itemListElement":[{"@type":"ListItem","position":1,"name":"Home","item":"https:\/\/www.edialog.com.br\/"},{"@type":"ListItem","position":2,"name":"Solu\u00e7\u00f5es","item":"https:\/\/www.edialog.com.br\/category\/solucoes\/"},{"@type":"ListItem","position":3,"name":"Transmiss\u00e3o ao Vivo dia 18, 11h: Como Organizar o Setor Comercial para Aproveitar Melhor os Leads"}]},{"@type":"WebSite","@id":"https:\/\/www.edialog.com.br\/#website","url":"https:\/\/www.edialog.com.br\/","name":"Agencia de marketing entrante | E-Dialog","description":"Ag\u00eancia de Inbound Marketing premiada com solu\u00e7\u00f5es completas para o seu neg\u00f3cio. Atraia leads, com conte\u00fados \u00fanicos e envolventes. Solicite or\u00e7amento!","publisher":{"@id":"https:\/\/www.edialog.com.br\/#organization"},"potentialAction":[{"@type":"SearchAction","target":{"@type":"EntryPoint","urlTemplate":"https:\/\/www.edialog.com.br\/?s={search_term_string}"},"query-input":{"@type":"PropertyValueSpecification","valueRequired":true,"valueName":"search_term_string"}}],"inLanguage":"es"},{"@type":"Organization","@id":"https:\/\/www.edialog.com.br\/#organization","name":"Ag\u00eancia de M\u00eddias Sociais e Marketing Digital | E-Dialog","url":"https:\/\/www.edialog.com.br\/","logo":{"@type":"ImageObject","inLanguage":"es","@id":"https:\/\/www.edialog.com.br\/#\/schema\/logo\/image\/","url":"https:\/\/www.edialog.com.br\/wp-content\/uploads\/2021\/09\/edialog-logo-case.png","contentUrl":"https:\/\/www.edialog.com.br\/wp-content\/uploads\/2021\/09\/edialog-logo-case.png","width":810,"height":450,"caption":"Ag\u00eancia de M\u00eddias Sociais e Marketing Digital | E-Dialog"},"image":{"@id":"https:\/\/www.edialog.com.br\/#\/schema\/logo\/image\/"},"sameAs":["https:\/\/facebook.com\/edialogcomunicacao","https:\/\/x.com\/edialog_br","https:\/\/www.instagram.com\/edialog_br","https:\/\/www.linkedin.com\/company\/e-dialog-comunica-o-digital","https:\/\/www.youtube.com\/channel\/UCPiVQ_yVlcCqWS2sRzJZj7g"]},{"@type":"Person","@id":"https:\/\/www.edialog.com.br\/#\/schema\/person\/7f509934e54fd30b9d2d02cf51b60966","name":"Renan Caixeiro","image":{"@type":"ImageObject","inLanguage":"es","@id":"https:\/\/www.edialog.com.br\/wp-content\/uploads\/2023\/11\/renan-caixeiro-150x150.jpg","url":"https:\/\/www.edialog.com.br\/wp-content\/uploads\/2023\/11\/renan-caixeiro-150x150.jpg","contentUrl":"https:\/\/www.edialog.com.br\/wp-content\/uploads\/2023\/11\/renan-caixeiro-150x150.jpg","caption":"Renan Caixeiro"},"description":"S\u00f3cio Diretor na E-Dialog, \u00e9 graduado em Jornalismo e p\u00f3s-graduado em Comunica\u00e7\u00e3o Corporativa, ambos pela UFJF. Est\u00e1 \u00e0 frente do Reportei, SaaS de relat\u00f3rios e dashboards, \u00e9 host do Projeto SaaS, podcast que compartilha experi\u00eancias do universo de software as a service, e s\u00f3cio da Aquela Caixa, comunidade para profissionais de cria\u00e7\u00e3o. Torcedor do Vasco, tem como meta comprar o Gigante da Colina. LinkedIn: @renancaixeiro \/ Instagram: @renancaixeiro.","sameAs":["http:\/\/facebook.com\/renancaixeiro","https:\/\/www.instagram.com\/renancaixeiro\/","https:\/\/br.linkedin.com\/in\/renancaixeiro\/pt","https:\/\/x.com\/renancaixeiro"],"url":"https:\/\/www.edialog.com.br\/es\/author\/renancaixeiro\/"}]}},"_links":{"self":[{"href":"https:\/\/www.edialog.com.br\/es\/wp-json\/wp\/v2\/posts\/207989","targetHints":{"allow":["GET"]}}],"collection":[{"href":"https:\/\/www.edialog.com.br\/es\/wp-json\/wp\/v2\/posts"}],"about":[{"href":"https:\/\/www.edialog.com.br\/es\/wp-json\/wp\/v2\/types\/post"}],"author":[{"embeddable":true,"href":"https:\/\/www.edialog.com.br\/es\/wp-json\/wp\/v2\/users\/1"}],"replies":[{"embeddable":true,"href":"https:\/\/www.edialog.com.br\/es\/wp-json\/wp\/v2\/comments?post=207989"}],"version-history":[{"count":1,"href":"https:\/\/www.edialog.com.br\/es\/wp-json\/wp\/v2\/posts\/207989\/revisions"}],"predecessor-version":[{"id":228044,"href":"https:\/\/www.edialog.com.br\/es\/wp-json\/wp\/v2\/posts\/207989\/revisions\/228044"}],"wp:attachment":[{"href":"https:\/\/www.edialog.com.br\/es\/wp-json\/wp\/v2\/media?parent=207989"}],"wp:term":[{"taxonomy":"category","embeddable":true,"href":"https:\/\/www.edialog.com.br\/es\/wp-json\/wp\/v2\/categories?post=207989"},{"taxonomy":"post_tag","embeddable":true,"href":"https:\/\/www.edialog.com.br\/es\/wp-json\/wp\/v2\/tags?post=207989"}],"curies":[{"name":"wp","href":"https:\/\/api.w.org\/{rel}","templated":true}]}}