{"id":207894,"date":"2018-11-27T17:23:35","date_gmt":"2018-11-27T20:23:35","guid":{"rendered":"https:\/\/www.edialog.com.br\/?p=207894"},"modified":"2025-01-27T10:17:38","modified_gmt":"2025-01-27T13:17:38","slug":"medidas-stories-instagram-quais-sao-e-como-aproveitar-o-espaco","status":"publish","type":"post","link":"https:\/\/www.edialog.com.br\/es\/medidas-stories-instagram-quais-sao-e-como-aproveitar-o-espaco\/","title":{"rendered":"Medidas Stories Instagram: Quais s\u00e3o e como aproveitar o espa\u00e7o"},"content":{"rendered":"<p>As medidas dos stories do Instagram<span style=\"color: #00ccff;\">\u00a0<\/span>ainda geram d\u00favidas em algumas pessoas. Por isso, vamos mostrar nesse blog quais devem ser usadas para essa plataforma. Al\u00e9m disso, vamos mostrar dicas de como aproveitar ao m\u00e1ximo o espa\u00e7o dos stories para engajar os seguidores!<\/p>\n<h2>Medidas Stories Instagram: Quais s\u00e3o?<\/h2>\n<p>\u00c9 recomendado que nos stories do Instagram a propor\u00e7\u00e3o da medida seja 16:9. Al\u00e9m disso, a resolu\u00e7\u00e3o recomendada para esse recurso \u00e9 a de 1080 x 1920. Atualmente, \u00e9 poss\u00edvel postar fotos de diferentes tamanhos nos stories, j\u00e1 que ele insere bordas automaticamente, caso a foto esteja na horizontal. As fotos permanecem por cerca de 5 segundos, enquanto os v\u00eddeos ficam por 15 segundos. Portanto, \u00e9 importante saber utilizar ao m\u00e1ximo o espa\u00e7o. Isso porque a imagem precisa atrair a aten\u00e7\u00e3o e entreter o usu\u00e1rio durante aquele pouco tempo, tendo em vista a velocidade com a qual os internautas consomem informa\u00e7\u00e3o.<\/p>\n<p>Portanto, caso a foto n\u00e3o ocupe todo o espa\u00e7o dos stories do Instagram, pense em outras maneiras de utilizar o espa\u00e7o. Por exemplo, se a foto for na horizontal, pode ser uma boa alternativa inserir informa\u00e7\u00f5es adicionais nas bordas. Para te ajudar a usar os stories da melhor forma, separamos algumas dicas infal\u00edveis! Vamos mostrar tamb\u00e9m a utilidade dos stories para neg\u00f3cios.<\/p>\n<h2>Por que \u00e9 importante usar os stories?<\/h2>\n<p>De acordo com dados do<span style=\"color: #00ccff;\"><a style=\"color: #00ccff;\" href=\"https:\/\/business.instagram.com\/a\/create-stories?locale=pt_BR\" target=\"_blank\" rel=\"noopener noreferrer\"> Instagram<\/a>,<\/span> um ter\u00e7o\u00a0das hist\u00f3rias mais visualizadas s\u00e3o provenientes de empresas. Ou seja, provavelmente os seus concorrentes est\u00e3o utilizando o recurso e, para atrair sua audi\u00eancia, estar presente na plataforma \u00e9 fundamental. Mas a import\u00e2ncia n\u00e3o acaba por a\u00ed. Por isso, vamos falar detalhadamente sobre alguns fatores interessantes da ferramenta.<\/p>\n<h3>Integra\u00e7\u00e3o do p\u00fablico do Instagram: n\u00e3o \u00e9 necess\u00e1rio buscar audi\u00eancia do zero<\/h3>\n<p>Os stories s\u00e3o novas maneiras de interagir com o p\u00fablico no ambiente digital. A primeira caracter\u00edstica diferencial que podemos destacar sobre os mesmos \u00e9 a capacidade de integrar o p\u00fablico do Instagram. Isto \u00e9, enquanto para investir em novas m\u00eddias sociais o <a href=\"https:\/\/www.edialog.com.br\/es\/profesionales-del-marketing-digital\/\">profissional de marketing<\/a> precisa migrar a audi\u00eancia, nos stories os seguidores do Instagram transitam entre seus conte\u00fados e os do feed. Cabe, ainda, destacar a converg\u00eancia dos usu\u00e1rios para o <span style=\"color: #00ccff;\"><a style=\"color: #00ccff;\" href=\"https:\/\/www.edialog.com.br\/es\/midia-social\/novidades-do-instagram-o-que-e-igtv\/\" target=\"_blank\" rel=\"noopener noreferrer\">IGTV<\/a><\/span>.<\/p>\n<p>Portanto, n\u00e3o h\u00e1 como perder a oportunidade de usar mais um canal de comunica\u00e7\u00e3o com os seguidores do Instagram. Eles podem acessar o conte\u00fado instant\u00e2neo no topo da p\u00e1gina de forma f\u00e1cil e r\u00e1pida.<\/p>\n<h3>Continua\u00e7\u00e3o do conte\u00fado<\/h3>\n<p>As produ\u00e7\u00f5es audiovisuais compartilhadas nos stories ganham uma continuidade. Ou seja, v\u00eddeos de 15 segundos pode se complementar, dialogar com imagens, textos e outras maneiras de transmiss\u00e3o de mensagem. Enquanto o feed do Instagram permite, no uso de \u00e1lbum, a integra\u00e7\u00e3o de apenas 10 imagens ou v\u00eddeos, o story n\u00e3o estabelece um limite.<\/p>\n<p>Al\u00e9m disso, \u00e9 o usu\u00e1rio que decide o quanto de conte\u00fado da marca ir\u00e1 consumir nos stories, diferente do que ocorre com os posts tradicionais. Estes podem aparecer de forma grosseira para o usu\u00e1rio, caso a empresa publique com uma frequ\u00eancia muito alta.<\/p>\n<p><img fetchpriority=\"high\" decoding=\"async\" class=\"wp-image-207958 size-large aligncenter\" src=\"https:\/\/www.edialog.com.br\/wp-content\/uploads\/2018\/11\/stories-instagram-selfie-1024x684.jpg\" alt=\"Foto de um casal tirando selfie na medida dos stories do Instagram\" width=\"1024\" height=\"684\" \/><\/p>\n<h3>Informa\u00e7\u00e3o de quais pessoas visualizaram o conte\u00fado<\/h3>\n<p>Uma das caracter\u00edsticas marcantes do marketing digital \u00e9 a mensura\u00e7\u00e3o de resultado. As empresas podem ter acesso a dados precisos do comportamento dos consumidores. Entre eles, vale citar a faixa-et\u00e1ria, localiza\u00e7\u00e3o, tempo de navega\u00e7\u00e3o, hor\u00e1rios de uso da rede e g\u00eanero. Entretanto, no caso dos stories essa an\u00e1lise pode ser ainda mais detalhada.<\/p>\n<p>Os stories do Instagram permitem que seus usu\u00e1rios vejam todas as pessoas que visualizaram o conte\u00fado. Se usada de forma inteligente, essa nova informa\u00e7\u00e3o pode ditar os pr\u00f3ximos temas a serem levantados na ferramenta.Logo, o p\u00fablico ser\u00e1 beneficiado ao receber mais publica\u00e7\u00f5es do seu interesse ao acessar os stories da marca.<\/p>\n<h3>Efic\u00e1cia para que a marca seja encontrada<\/h3>\n<p>No Instagram, algumas t\u00e9cnicas gratuitas permitem que a marca seja encontrada por usu\u00e1rios. Dentre elas, \u00e9 poss\u00edvel citar as <a href=\"https:\/\/www.edialog.com.br\/es\/como-usar-hashtags\/\">hashtags<\/a>, localiza\u00e7\u00f5es e marca\u00e7\u00f5es de usu\u00e1rios. Ent\u00e3o, o story tamb\u00e9m se tornou uma maneira eficiente de atingir o mesmo objetivo.<\/p>\n<p>Nos posts instant\u00e2neos publicados no meio tratado aqui, voc\u00ea pode inserir os tr\u00eas elementos mencionados acima. Dessa forma, os stories permanecem por 24 horas para quem pesquisa por determinado local ou hashtag.<\/p>\n<h3>Organiza\u00e7\u00e3o por tema<\/h3>\n<p>Para realizar a gest\u00e3o de m\u00eddias sociais, uma das pr\u00e1ticas do planejamento \u00e9 criar se\u00e7\u00f5es. Ou seja, separa\u00e7\u00e3o dos temas a serem tratados nas publica\u00e7\u00f5es. Por\u00e9m, eles se misturam ao longo do feed.<\/p>\n<p>Portanto, um dos diferenciais dos stories \u00e9 a possibilidade de organiza\u00e7\u00e3o dos posts por tema. O Instagram criou os destaques, que s\u00e3o fixados no perfil do usu\u00e1rio, seja pessoal ou comercial. A tend\u00eancia \u00e9 separ\u00e1-los por assunto, mais um modo de facilitar a navega\u00e7\u00e3o dos seguidores e permitir que eles acessem o que consideram relevante.<\/p>\n<h3>Interatividade de maneira simplificada<\/h3>\n<p>A interatividade, din\u00e2mica que aproxima os consumidores dos neg\u00f3cios, \u00e9 uma forte caracter\u00edstica dos stories do Instagram. Ao receber essa informa\u00e7\u00e3o, voc\u00ea pode pensar &#8220;eu j\u00e1 tenho outras maneiras de estimular a participa\u00e7\u00e3o e identifica\u00e7\u00e3o dos seguidores&#8221;. Ou mesmo &#8220;como esse fator faz com que seja importante estar presente nos stories?&#8221;.<\/p>\n<p>Para ambas as quest\u00f5es, a resposta \u00e9 que o discurso de marca para consumidor j\u00e1 est\u00e1 ultrapassado. A <a href=\"https:\/\/www.edialog.com.br\/es\/tendencias-de-marketing-digital-para-2025\/\">tend\u00eancia do marketing<\/a> 4.4 \u00e9 realizar uma conversa de pessoa para pessoa. Ent\u00e3o, os stories e seus elementos podem causar uma identifica\u00e7\u00e3o dos internautas com o conte\u00fado. Consequentemente, o di\u00e1logo entre as duas partes se torna mais leve e sem formalidades.<\/p>\n<p>A maneira descomplicada com que os stories no Instagram oferecem recursos de edi\u00e7\u00e3o faz com que todas as pessoas que conhecem o aplicativo consigam criar novidades. Stickers, GIFs, emojis, inser\u00e7\u00e3o de data, hora, enquete, marca\u00e7\u00e3o de usu\u00e1rios, entre outras cria\u00e7\u00f5es, fazem parte do produto story.<\/p>\n<p><img decoding=\"async\" class=\"aligncenter wp-image-207963 size-large\" src=\"https:\/\/www.edialog.com.br\/wp-content\/uploads\/2018\/11\/sticker-medidas-stories-instagram-1024x1024.jpg\" alt=\"Ilustra\u00e7\u00e3o de sticker do story do Instagram\" width=\"1024\" height=\"1024\" \/><\/p>\n<div class=\"entry-content\">\n<p><em>\u00bfLe ha gustado el art\u00edculo? M\u00e1s informaci\u00f3n\u00a0<a href=\"https:\/\/www.edialog.com.br\/es\/gestao-de-redes-sociais\/\">gesti\u00f3n de redes sociales<\/a>,\u00a0<a href=\"https:\/\/www.edialog.com.br\/es\/consultoria-google-ads\/\">Consultor\u00eda Google Ads<\/a>,\u00a0<a href=\"https:\/\/www.edialog.com.br\/es\/midia-social\/o-que-e-inbound-marketing\/\">Inbound Marketing<\/a> y otros temas de marketing digital en el blog de E-Dialog.<\/em><\/p>\n<\/div>\n<p><strong>M\u00e1s informaci\u00f3n:<\/strong><\/p>\n<p><a href=\"https:\/\/www.edialog.com.br\/es\/marketing-digital\/tendencias-de-marketing-digital-para-2019\/\" target=\"_blank\" rel=\"noopener noreferrer\">Tend\u00eancias de Marketing Digital para 2019<\/a><\/p>\n<p><a href=\"https:\/\/www.edialog.com.br\/es\/midia-social\/como-anunciar-no-instagram\/\">Como anunciar no Instagram<\/a><\/p>","protected":false},"excerpt":{"rendered":"<p>As medidas dos stories do Instagram\u00a0ainda geram d\u00favidas em algumas pessoas. Por isso, vamos mostrar nesse blog quais devem ser usadas para essa plataforma. Al\u00e9m disso, vamos mostrar dicas de como aproveitar ao m\u00e1ximo o espa\u00e7o dos stories para engajar os seguidores! Medidas Stories Instagram: Quais s\u00e3o? \u00c9 recomendado que nos stories do Instagram a [&hellip;]<\/p>\n","protected":false},"author":1,"featured_media":0,"comment_status":"open","ping_status":"open","sticky":false,"template":"","format":"standard","meta":{"_acf_changed":false,"content-type":"","footnotes":""},"categories":[580],"tags":[],"class_list":["post-207894","post","type-post","status-publish","format-standard","hentry","category-marketing-digital"],"acf":[],"yoast_head":"<!-- This site is optimized with the Yoast SEO Premium plugin v27.3 (Yoast SEO v27.3) - https:\/\/yoast.com\/product\/yoast-seo-premium-wordpress\/ -->\n<title>Medidas Stories Instagram: Quais s\u00e3o e como aproveitar o espa\u00e7o<\/title>\n<meta name=\"description\" content=\"As medidas dos stories do Instagram ainda geram d\u00favidas em algumas pessoas. Por isso, vamos mostrar nesse blog quais devem ser usadas para essa plataforma.\" \/>\n<meta name=\"robots\" content=\"index, follow, max-snippet:-1, max-image-preview:large, max-video-preview:-1\" \/>\n<link rel=\"canonical\" href=\"https:\/\/www.edialog.com.br\/es\/medidas-stories-instagram-quais-sao-e-como-aproveitar-o-espaco\/\" \/>\n<meta property=\"og:locale\" content=\"es_ES\" \/>\n<meta property=\"og:type\" content=\"article\" \/>\n<meta property=\"og:title\" content=\"Medidas Stories Instagram: Quais s\u00e3o e como aproveitar o espa\u00e7o\" \/>\n<meta property=\"og:description\" content=\"As medidas dos stories do Instagram ainda geram d\u00favidas em algumas pessoas. Por isso, vamos mostrar nesse blog quais devem ser usadas para essa plataforma.\" \/>\n<meta property=\"og:url\" content=\"https:\/\/www.edialog.com.br\/es\/medidas-stories-instagram-quais-sao-e-como-aproveitar-o-espaco\/\" \/>\n<meta property=\"og:site_name\" content=\"Ag\u00eancia de Inbound Marketing | E-Dialog\" \/>\n<meta property=\"article:publisher\" content=\"https:\/\/facebook.com\/edialogcomunicacao\" \/>\n<meta property=\"article:author\" content=\"http:\/\/facebook.com\/renancaixeiro\" \/>\n<meta property=\"article:published_time\" content=\"2018-11-27T20:23:35+00:00\" \/>\n<meta property=\"article:modified_time\" content=\"2025-01-27T13:17:38+00:00\" \/>\n<meta property=\"og:image\" content=\"https:\/\/www.edialog.com.br\/wp-content\/uploads\/2021\/09\/edialog-logo-case.png\" \/>\n\t<meta property=\"og:image:width\" content=\"810\" \/>\n\t<meta property=\"og:image:height\" content=\"450\" \/>\n\t<meta property=\"og:image:type\" content=\"image\/png\" \/>\n<meta name=\"author\" content=\"Renan Caixeiro\" \/>\n<meta name=\"twitter:label1\" content=\"Escrito por\" \/>\n\t<meta name=\"twitter:data1\" content=\"Renan Caixeiro\" \/>\n\t<meta name=\"twitter:label2\" content=\"Tiempo de lectura\" \/>\n\t<meta name=\"twitter:data2\" content=\"6 minutos\" \/>\n<script type=\"application\/ld+json\" class=\"yoast-schema-graph\">{\"@context\":\"https:\\\/\\\/schema.org\",\"@graph\":[{\"@type\":[\"Article\",\"BlogPosting\"],\"@id\":\"https:\\\/\\\/www.edialog.com.br\\\/medidas-stories-instagram-quais-sao-e-como-aproveitar-o-espaco\\\/#article\",\"isPartOf\":{\"@id\":\"https:\\\/\\\/www.edialog.com.br\\\/medidas-stories-instagram-quais-sao-e-como-aproveitar-o-espaco\\\/\"},\"author\":{\"name\":\"Renan Caixeiro\",\"@id\":\"https:\\\/\\\/www.edialog.com.br\\\/#\\\/schema\\\/person\\\/7f509934e54fd30b9d2d02cf51b60966\"},\"headline\":\"Medidas Stories Instagram: Quais s\u00e3o e como aproveitar o espa\u00e7o\",\"datePublished\":\"2018-11-27T20:23:35+00:00\",\"dateModified\":\"2025-01-27T13:17:38+00:00\",\"mainEntityOfPage\":{\"@id\":\"https:\\\/\\\/www.edialog.com.br\\\/medidas-stories-instagram-quais-sao-e-como-aproveitar-o-espaco\\\/\"},\"wordCount\":1074,\"commentCount\":0,\"publisher\":{\"@id\":\"https:\\\/\\\/www.edialog.com.br\\\/#organization\"},\"image\":{\"@id\":\"https:\\\/\\\/www.edialog.com.br\\\/medidas-stories-instagram-quais-sao-e-como-aproveitar-o-espaco\\\/#primaryimage\"},\"thumbnailUrl\":\"https:\\\/\\\/www.edialog.com.br\\\/wp-content\\\/uploads\\\/2018\\\/11\\\/stories-instagram-selfie-1024x684.jpg\",\"articleSection\":[\"Marketing Digital\"],\"inLanguage\":\"es\",\"potentialAction\":[{\"@type\":\"CommentAction\",\"name\":\"Comment\",\"target\":[\"https:\\\/\\\/www.edialog.com.br\\\/medidas-stories-instagram-quais-sao-e-como-aproveitar-o-espaco\\\/#respond\"]}]},{\"@type\":\"WebPage\",\"@id\":\"https:\\\/\\\/www.edialog.com.br\\\/medidas-stories-instagram-quais-sao-e-como-aproveitar-o-espaco\\\/\",\"url\":\"https:\\\/\\\/www.edialog.com.br\\\/medidas-stories-instagram-quais-sao-e-como-aproveitar-o-espaco\\\/\",\"name\":\"Medidas Stories Instagram: Quais s\u00e3o e como aproveitar o espa\u00e7o\",\"isPartOf\":{\"@id\":\"https:\\\/\\\/www.edialog.com.br\\\/#website\"},\"primaryImageOfPage\":{\"@id\":\"https:\\\/\\\/www.edialog.com.br\\\/medidas-stories-instagram-quais-sao-e-como-aproveitar-o-espaco\\\/#primaryimage\"},\"image\":{\"@id\":\"https:\\\/\\\/www.edialog.com.br\\\/medidas-stories-instagram-quais-sao-e-como-aproveitar-o-espaco\\\/#primaryimage\"},\"thumbnailUrl\":\"https:\\\/\\\/www.edialog.com.br\\\/wp-content\\\/uploads\\\/2018\\\/11\\\/stories-instagram-selfie-1024x684.jpg\",\"datePublished\":\"2018-11-27T20:23:35+00:00\",\"dateModified\":\"2025-01-27T13:17:38+00:00\",\"description\":\"As medidas dos stories do Instagram ainda geram d\u00favidas em algumas pessoas. Por isso, vamos mostrar nesse blog quais devem ser usadas para essa plataforma.\",\"breadcrumb\":{\"@id\":\"https:\\\/\\\/www.edialog.com.br\\\/medidas-stories-instagram-quais-sao-e-como-aproveitar-o-espaco\\\/#breadcrumb\"},\"inLanguage\":\"es\",\"potentialAction\":[{\"@type\":\"ReadAction\",\"target\":[\"https:\\\/\\\/www.edialog.com.br\\\/medidas-stories-instagram-quais-sao-e-como-aproveitar-o-espaco\\\/\"]}]},{\"@type\":\"ImageObject\",\"inLanguage\":\"es\",\"@id\":\"https:\\\/\\\/www.edialog.com.br\\\/medidas-stories-instagram-quais-sao-e-como-aproveitar-o-espaco\\\/#primaryimage\",\"url\":\"https:\\\/\\\/www.edialog.com.br\\\/wp-content\\\/uploads\\\/2018\\\/11\\\/stories-instagram-selfie-1024x684.jpg\",\"contentUrl\":\"https:\\\/\\\/www.edialog.com.br\\\/wp-content\\\/uploads\\\/2018\\\/11\\\/stories-instagram-selfie-1024x684.jpg\"},{\"@type\":\"BreadcrumbList\",\"@id\":\"https:\\\/\\\/www.edialog.com.br\\\/medidas-stories-instagram-quais-sao-e-como-aproveitar-o-espaco\\\/#breadcrumb\",\"itemListElement\":[{\"@type\":\"ListItem\",\"position\":1,\"name\":\"Home\",\"item\":\"https:\\\/\\\/www.edialog.com.br\\\/\"},{\"@type\":\"ListItem\",\"position\":2,\"name\":\"Marketing Digital\",\"item\":\"https:\\\/\\\/www.edialog.com.br\\\/category\\\/marketing-digital\\\/\"},{\"@type\":\"ListItem\",\"position\":3,\"name\":\"Medidas Stories Instagram: Quais s\u00e3o e como aproveitar o espa\u00e7o\"}]},{\"@type\":\"WebSite\",\"@id\":\"https:\\\/\\\/www.edialog.com.br\\\/#website\",\"url\":\"https:\\\/\\\/www.edialog.com.br\\\/\",\"name\":\"Ag\u00eancia de Inbound Marketing | E-Dialog\",\"description\":\"Ag\u00eancia de Inbound Marketing premiada com solu\u00e7\u00f5es completas para o seu neg\u00f3cio. Atraia leads, com conte\u00fados \u00fanicos e envolventes. Solicite or\u00e7amento!\",\"publisher\":{\"@id\":\"https:\\\/\\\/www.edialog.com.br\\\/#organization\"},\"potentialAction\":[{\"@type\":\"SearchAction\",\"target\":{\"@type\":\"EntryPoint\",\"urlTemplate\":\"https:\\\/\\\/www.edialog.com.br\\\/?s={search_term_string}\"},\"query-input\":{\"@type\":\"PropertyValueSpecification\",\"valueRequired\":true,\"valueName\":\"search_term_string\"}}],\"inLanguage\":\"es\"},{\"@type\":\"Organization\",\"@id\":\"https:\\\/\\\/www.edialog.com.br\\\/#organization\",\"name\":\"Ag\u00eancia de M\u00eddias Sociais e Marketing Digital | E-Dialog\",\"url\":\"https:\\\/\\\/www.edialog.com.br\\\/\",\"logo\":{\"@type\":\"ImageObject\",\"inLanguage\":\"es\",\"@id\":\"https:\\\/\\\/www.edialog.com.br\\\/#\\\/schema\\\/logo\\\/image\\\/\",\"url\":\"https:\\\/\\\/www.edialog.com.br\\\/wp-content\\\/uploads\\\/2021\\\/09\\\/edialog-logo-case.png\",\"contentUrl\":\"https:\\\/\\\/www.edialog.com.br\\\/wp-content\\\/uploads\\\/2021\\\/09\\\/edialog-logo-case.png\",\"width\":810,\"height\":450,\"caption\":\"Ag\u00eancia de M\u00eddias Sociais e Marketing Digital | E-Dialog\"},\"image\":{\"@id\":\"https:\\\/\\\/www.edialog.com.br\\\/#\\\/schema\\\/logo\\\/image\\\/\"},\"sameAs\":[\"https:\\\/\\\/facebook.com\\\/edialogcomunicacao\",\"https:\\\/\\\/x.com\\\/edialog_br\",\"https:\\\/\\\/www.instagram.com\\\/edialog_br\",\"https:\\\/\\\/www.linkedin.com\\\/company\\\/e-dialog-comunica-o-digital\",\"https:\\\/\\\/www.youtube.com\\\/channel\\\/UCPiVQ_yVlcCqWS2sRzJZj7g\"]},{\"@type\":\"Person\",\"@id\":\"https:\\\/\\\/www.edialog.com.br\\\/#\\\/schema\\\/person\\\/7f509934e54fd30b9d2d02cf51b60966\",\"name\":\"Renan Caixeiro\",\"image\":{\"@type\":\"ImageObject\",\"inLanguage\":\"es\",\"@id\":\"https:\\\/\\\/www.edialog.com.br\\\/wp-content\\\/uploads\\\/2023\\\/11\\\/renan-caixeiro-150x150.jpg\",\"url\":\"https:\\\/\\\/www.edialog.com.br\\\/wp-content\\\/uploads\\\/2023\\\/11\\\/renan-caixeiro-150x150.jpg\",\"contentUrl\":\"https:\\\/\\\/www.edialog.com.br\\\/wp-content\\\/uploads\\\/2023\\\/11\\\/renan-caixeiro-150x150.jpg\",\"caption\":\"Renan Caixeiro\"},\"description\":\"S\u00f3cio Diretor na E-Dialog, \u00e9 graduado em Jornalismo e p\u00f3s-graduado em Comunica\u00e7\u00e3o Corporativa, ambos pela UFJF. Est\u00e1 \u00e0 frente do Reportei, SaaS de relat\u00f3rios e dashboards, \u00e9 host do Projeto SaaS, podcast que compartilha experi\u00eancias do universo de software as a service, e s\u00f3cio da Aquela Caixa, comunidade para profissionais de cria\u00e7\u00e3o. Torcedor do Vasco, tem como meta comprar o Gigante da Colina. LinkedIn: @renancaixeiro \\\/ Instagram: @renancaixeiro.\",\"sameAs\":[\"http:\\\/\\\/facebook.com\\\/renancaixeiro\",\"https:\\\/\\\/www.instagram.com\\\/renancaixeiro\\\/\",\"https:\\\/\\\/br.linkedin.com\\\/in\\\/renancaixeiro\\\/pt\",\"https:\\\/\\\/x.com\\\/renancaixeiro\"],\"url\":\"https:\\\/\\\/www.edialog.com.br\\\/es\\\/author\\\/renancaixeiro\\\/\"}]}<\/script>\n<!-- \/ Yoast SEO Premium plugin. -->","yoast_head_json":{"title":"Medidas Stories Instagram: Quais s\u00e3o e como aproveitar o espa\u00e7o","description":"As medidas dos stories do Instagram ainda geram d\u00favidas em algumas pessoas. Por isso, vamos mostrar nesse blog quais devem ser usadas para essa plataforma.","robots":{"index":"index","follow":"follow","max-snippet":"max-snippet:-1","max-image-preview":"max-image-preview:large","max-video-preview":"max-video-preview:-1"},"canonical":"https:\/\/www.edialog.com.br\/es\/medidas-stories-instagram-quais-sao-e-como-aproveitar-o-espaco\/","og_locale":"es_ES","og_type":"article","og_title":"Medidas Stories Instagram: Quais s\u00e3o e como aproveitar o espa\u00e7o","og_description":"As medidas dos stories do Instagram ainda geram d\u00favidas em algumas pessoas. Por isso, vamos mostrar nesse blog quais devem ser usadas para essa plataforma.","og_url":"https:\/\/www.edialog.com.br\/es\/medidas-stories-instagram-quais-sao-e-como-aproveitar-o-espaco\/","og_site_name":"Ag\u00eancia de Inbound Marketing | E-Dialog","article_publisher":"https:\/\/facebook.com\/edialogcomunicacao","article_author":"http:\/\/facebook.com\/renancaixeiro","article_published_time":"2018-11-27T20:23:35+00:00","article_modified_time":"2025-01-27T13:17:38+00:00","og_image":[{"width":810,"height":450,"url":"https:\/\/www.edialog.com.br\/wp-content\/uploads\/2021\/09\/edialog-logo-case.png","type":"image\/png"}],"author":"Renan Caixeiro","twitter_misc":{"Escrito por":"Renan Caixeiro","Tiempo de lectura":"6 minutos"},"schema":{"@context":"https:\/\/schema.org","@graph":[{"@type":["Article","BlogPosting"],"@id":"https:\/\/www.edialog.com.br\/medidas-stories-instagram-quais-sao-e-como-aproveitar-o-espaco\/#article","isPartOf":{"@id":"https:\/\/www.edialog.com.br\/medidas-stories-instagram-quais-sao-e-como-aproveitar-o-espaco\/"},"author":{"name":"Renan Caixeiro","@id":"https:\/\/www.edialog.com.br\/#\/schema\/person\/7f509934e54fd30b9d2d02cf51b60966"},"headline":"Medidas Stories Instagram: Quais s\u00e3o e como aproveitar o espa\u00e7o","datePublished":"2018-11-27T20:23:35+00:00","dateModified":"2025-01-27T13:17:38+00:00","mainEntityOfPage":{"@id":"https:\/\/www.edialog.com.br\/medidas-stories-instagram-quais-sao-e-como-aproveitar-o-espaco\/"},"wordCount":1074,"commentCount":0,"publisher":{"@id":"https:\/\/www.edialog.com.br\/#organization"},"image":{"@id":"https:\/\/www.edialog.com.br\/medidas-stories-instagram-quais-sao-e-como-aproveitar-o-espaco\/#primaryimage"},"thumbnailUrl":"https:\/\/www.edialog.com.br\/wp-content\/uploads\/2018\/11\/stories-instagram-selfie-1024x684.jpg","articleSection":["Marketing Digital"],"inLanguage":"es","potentialAction":[{"@type":"CommentAction","name":"Comment","target":["https:\/\/www.edialog.com.br\/medidas-stories-instagram-quais-sao-e-como-aproveitar-o-espaco\/#respond"]}]},{"@type":"WebPage","@id":"https:\/\/www.edialog.com.br\/medidas-stories-instagram-quais-sao-e-como-aproveitar-o-espaco\/","url":"https:\/\/www.edialog.com.br\/medidas-stories-instagram-quais-sao-e-como-aproveitar-o-espaco\/","name":"Medidas Stories Instagram: Quais s\u00e3o e como aproveitar o espa\u00e7o","isPartOf":{"@id":"https:\/\/www.edialog.com.br\/#website"},"primaryImageOfPage":{"@id":"https:\/\/www.edialog.com.br\/medidas-stories-instagram-quais-sao-e-como-aproveitar-o-espaco\/#primaryimage"},"image":{"@id":"https:\/\/www.edialog.com.br\/medidas-stories-instagram-quais-sao-e-como-aproveitar-o-espaco\/#primaryimage"},"thumbnailUrl":"https:\/\/www.edialog.com.br\/wp-content\/uploads\/2018\/11\/stories-instagram-selfie-1024x684.jpg","datePublished":"2018-11-27T20:23:35+00:00","dateModified":"2025-01-27T13:17:38+00:00","description":"As medidas dos stories do Instagram ainda geram d\u00favidas em algumas pessoas. Por isso, vamos mostrar nesse blog quais devem ser usadas para essa plataforma.","breadcrumb":{"@id":"https:\/\/www.edialog.com.br\/medidas-stories-instagram-quais-sao-e-como-aproveitar-o-espaco\/#breadcrumb"},"inLanguage":"es","potentialAction":[{"@type":"ReadAction","target":["https:\/\/www.edialog.com.br\/medidas-stories-instagram-quais-sao-e-como-aproveitar-o-espaco\/"]}]},{"@type":"ImageObject","inLanguage":"es","@id":"https:\/\/www.edialog.com.br\/medidas-stories-instagram-quais-sao-e-como-aproveitar-o-espaco\/#primaryimage","url":"https:\/\/www.edialog.com.br\/wp-content\/uploads\/2018\/11\/stories-instagram-selfie-1024x684.jpg","contentUrl":"https:\/\/www.edialog.com.br\/wp-content\/uploads\/2018\/11\/stories-instagram-selfie-1024x684.jpg"},{"@type":"BreadcrumbList","@id":"https:\/\/www.edialog.com.br\/medidas-stories-instagram-quais-sao-e-como-aproveitar-o-espaco\/#breadcrumb","itemListElement":[{"@type":"ListItem","position":1,"name":"Home","item":"https:\/\/www.edialog.com.br\/"},{"@type":"ListItem","position":2,"name":"Marketing Digital","item":"https:\/\/www.edialog.com.br\/category\/marketing-digital\/"},{"@type":"ListItem","position":3,"name":"Medidas Stories Instagram: Quais s\u00e3o e como aproveitar o espa\u00e7o"}]},{"@type":"WebSite","@id":"https:\/\/www.edialog.com.br\/#website","url":"https:\/\/www.edialog.com.br\/","name":"Agencia de marketing entrante | E-Dialog","description":"Ag\u00eancia de Inbound Marketing premiada com solu\u00e7\u00f5es completas para o seu neg\u00f3cio. Atraia leads, com conte\u00fados \u00fanicos e envolventes. Solicite or\u00e7amento!","publisher":{"@id":"https:\/\/www.edialog.com.br\/#organization"},"potentialAction":[{"@type":"SearchAction","target":{"@type":"EntryPoint","urlTemplate":"https:\/\/www.edialog.com.br\/?s={search_term_string}"},"query-input":{"@type":"PropertyValueSpecification","valueRequired":true,"valueName":"search_term_string"}}],"inLanguage":"es"},{"@type":"Organization","@id":"https:\/\/www.edialog.com.br\/#organization","name":"Ag\u00eancia de M\u00eddias Sociais e Marketing Digital | E-Dialog","url":"https:\/\/www.edialog.com.br\/","logo":{"@type":"ImageObject","inLanguage":"es","@id":"https:\/\/www.edialog.com.br\/#\/schema\/logo\/image\/","url":"https:\/\/www.edialog.com.br\/wp-content\/uploads\/2021\/09\/edialog-logo-case.png","contentUrl":"https:\/\/www.edialog.com.br\/wp-content\/uploads\/2021\/09\/edialog-logo-case.png","width":810,"height":450,"caption":"Ag\u00eancia de M\u00eddias Sociais e Marketing Digital | E-Dialog"},"image":{"@id":"https:\/\/www.edialog.com.br\/#\/schema\/logo\/image\/"},"sameAs":["https:\/\/facebook.com\/edialogcomunicacao","https:\/\/x.com\/edialog_br","https:\/\/www.instagram.com\/edialog_br","https:\/\/www.linkedin.com\/company\/e-dialog-comunica-o-digital","https:\/\/www.youtube.com\/channel\/UCPiVQ_yVlcCqWS2sRzJZj7g"]},{"@type":"Person","@id":"https:\/\/www.edialog.com.br\/#\/schema\/person\/7f509934e54fd30b9d2d02cf51b60966","name":"Renan Caixeiro","image":{"@type":"ImageObject","inLanguage":"es","@id":"https:\/\/www.edialog.com.br\/wp-content\/uploads\/2023\/11\/renan-caixeiro-150x150.jpg","url":"https:\/\/www.edialog.com.br\/wp-content\/uploads\/2023\/11\/renan-caixeiro-150x150.jpg","contentUrl":"https:\/\/www.edialog.com.br\/wp-content\/uploads\/2023\/11\/renan-caixeiro-150x150.jpg","caption":"Renan Caixeiro"},"description":"S\u00f3cio Diretor na E-Dialog, \u00e9 graduado em Jornalismo e p\u00f3s-graduado em Comunica\u00e7\u00e3o Corporativa, ambos pela UFJF. Est\u00e1 \u00e0 frente do Reportei, SaaS de relat\u00f3rios e dashboards, \u00e9 host do Projeto SaaS, podcast que compartilha experi\u00eancias do universo de software as a service, e s\u00f3cio da Aquela Caixa, comunidade para profissionais de cria\u00e7\u00e3o. Torcedor do Vasco, tem como meta comprar o Gigante da Colina. LinkedIn: @renancaixeiro \/ Instagram: @renancaixeiro.","sameAs":["http:\/\/facebook.com\/renancaixeiro","https:\/\/www.instagram.com\/renancaixeiro\/","https:\/\/br.linkedin.com\/in\/renancaixeiro\/pt","https:\/\/x.com\/renancaixeiro"],"url":"https:\/\/www.edialog.com.br\/es\/author\/renancaixeiro\/"}]}},"_links":{"self":[{"href":"https:\/\/www.edialog.com.br\/es\/wp-json\/wp\/v2\/posts\/207894","targetHints":{"allow":["GET"]}}],"collection":[{"href":"https:\/\/www.edialog.com.br\/es\/wp-json\/wp\/v2\/posts"}],"about":[{"href":"https:\/\/www.edialog.com.br\/es\/wp-json\/wp\/v2\/types\/post"}],"author":[{"embeddable":true,"href":"https:\/\/www.edialog.com.br\/es\/wp-json\/wp\/v2\/users\/1"}],"replies":[{"embeddable":true,"href":"https:\/\/www.edialog.com.br\/es\/wp-json\/wp\/v2\/comments?post=207894"}],"version-history":[{"count":2,"href":"https:\/\/www.edialog.com.br\/es\/wp-json\/wp\/v2\/posts\/207894\/revisions"}],"predecessor-version":[{"id":228031,"href":"https:\/\/www.edialog.com.br\/es\/wp-json\/wp\/v2\/posts\/207894\/revisions\/228031"}],"wp:attachment":[{"href":"https:\/\/www.edialog.com.br\/es\/wp-json\/wp\/v2\/media?parent=207894"}],"wp:term":[{"taxonomy":"category","embeddable":true,"href":"https:\/\/www.edialog.com.br\/es\/wp-json\/wp\/v2\/categories?post=207894"},{"taxonomy":"post_tag","embeddable":true,"href":"https:\/\/www.edialog.com.br\/es\/wp-json\/wp\/v2\/tags?post=207894"}],"curies":[{"name":"wp","href":"https:\/\/api.w.org\/{rel}","templated":true}]}}