{"id":206145,"date":"2018-07-24T08:23:13","date_gmt":"2018-07-24T11:23:13","guid":{"rendered":"https:\/\/www.edialog.com.br\/?p=206145"},"modified":"2025-02-14T16:27:12","modified_gmt":"2025-02-14T19:27:12","slug":"codigo-de-cultura-da-e-dialog","status":"publish","type":"post","link":"https:\/\/www.edialog.com.br\/es\/codigo-de-cultura-da-e-dialog\/","title":{"rendered":"C\u00f3digo cultural de di\u00e1logo electr\u00f3nico"},"content":{"rendered":"<p>Tradicionalmente durante os \u00faltimos 7 anos de exist\u00eancia da E-Dialog \u00a0publicamos aqui em nosso blog um resumo de como foi o ano da empresa, celebrando o nosso anivers\u00e1rio. Hoje, dia 24 de julho de 2018, ao completarmos <strong>8 anos<\/strong> como ag\u00eancia de redes sociais e inbound marketing, temos o orgulho de apresentar o nosso C\u00f3digo de Cultura.<\/p>\n<p><img fetchpriority=\"high\" decoding=\"async\" class=\"aligncenter size-full wp-image-206163\" src=\"https:\/\/www.edialog.com.br\/wp-content\/uploads\/2018\/07\/e-dialog-agencia-de-marketing-digital.jpg\" alt=\"\" width=\"1080\" height=\"912\" srcset=\"https:\/\/www.edialog.com.br\/wp-content\/uploads\/2018\/07\/e-dialog-agencia-de-marketing-digital.jpg 1080w, https:\/\/www.edialog.com.br\/wp-content\/uploads\/2018\/07\/e-dialog-agencia-de-marketing-digital-300x253.jpg 300w, https:\/\/www.edialog.com.br\/wp-content\/uploads\/2018\/07\/e-dialog-agencia-de-marketing-digital-768x649.jpg 768w, https:\/\/www.edialog.com.br\/wp-content\/uploads\/2018\/07\/e-dialog-agencia-de-marketing-digital-1024x865.jpg 1024w\" sizes=\"(max-width: 1080px) 100vw, 1080px\" \/><\/p>\n<h3>Por que criar um C\u00f3digo de Cultura para uma ag\u00eancia?<\/h3>\n<p>Ao longo desse tempo evolu\u00edmos bastante com o mercado e uma constante sempre foi muito forte em nossa cultura interna: o desejo de sermos pioneiros em estrat\u00e9gias digitais, uma cultura de treinamentos constantes e abertura para inovar atrav\u00e9s de novas possibilidades do meio digital.<\/p>\n<p>Ent\u00e3o, ao revermos nossos valores para incorporar esse esp\u00edrito e refor\u00e7ar nossos pilares durante todo esse tempo, criamos um documento que resume muito bem como nos posicionamos como empresa. O nosso C\u00f3digo de Cultura serve como um guia para a tomada de decis\u00f5es, al\u00e9m da cultura que vivemos com nossos colaboradores, clientes e parceiros.<\/p>\n<h3>Um pouquinho da nossa hist\u00f3ria<\/h3>\n<p>A E-Dialog nasceu para conectar pessoas atrav\u00e9s da constru\u00e7\u00e3o de relacionamento digital, por meio das m\u00eddias sociais, blogs, Google e demais plataformas digitais. Um dos valores mais fortes em nossa hist\u00f3ria sempre foi o Di\u00e1logo, palavra que inspirou o nosso nome. Acreditamos que as redes sociais vieram como uma oportunidade mais forte para construir essa conversa entre as marcas e seus p\u00fablicos e gerar neg\u00f3cios atrav\u00e9s dessa rela\u00e7\u00e3o.<\/p>\n<p>Ficamos felizes de ver como o mercado digital se expandiu desde 2010 quando nos arrisc\u00e1vamos no terreno desconhecido do digital. \u00c9 incr\u00edvel pensar no quanto mudamos. A ag\u00eancia foi criada com o foco em projetos para Twitter, j\u00e1 desenvolvemos estrat\u00e9gias at\u00e9 mesmo para o finado Orkut e nascemos antes mesmo da cria\u00e7\u00e3o do Instagram (!) &#8211; hoje um dos maiores canais que atendemos em nossos projetos. E desde 2015 temos um n\u00facleo especial para<span style=\"color: #00ccff;\"> <a style=\"color: #00ccff;\" href=\"https:\/\/www.edialog.com.br\/es\/agencia-de-inbound-marketing\/\">projetos de Inbound Marketing<\/a>.<\/span><\/p>\n<p>Tudo isso nos deixa empolgados para dar o pr\u00f3ximo passo e direciona o nosso olhar para o futuro. Nossos valores que orientam o C\u00f3digo de Cultura est\u00e3o conectados com o novo, porque somos movidos a descobrir novas possibilidades. Para conhecer nosso C\u00f3digo de Cultura, acesse o documento abaixo:<\/p>\n<p><iframe style=\"border: 1px solid #CCC; border-width: 1px; margin-bottom: 5px; max-width: 100%;\" src=\"\/\/www.slideshare.net\/slideshow\/embed_code\/key\/xOK0LYszbBDDnl\" width=\"595\" height=\"485\" frameborder=\"0\" marginwidth=\"0\" marginheight=\"0\" scrolling=\"no\" allowfullscreen=\"allowfullscreen\"> <\/iframe><\/p>\n<div style=\"margin-bottom: 5px;\"><\/div>\n<div><\/div>","protected":false},"excerpt":{"rendered":"<p>Tradicionalmente durante os \u00faltimos 7 anos de exist\u00eancia da E-Dialog \u00a0publicamos aqui em nosso blog um resumo de como foi o ano da empresa, celebrando o nosso anivers\u00e1rio. Hoje, dia 24 de julho de 2018, ao completarmos 8 anos como ag\u00eancia de redes sociais e inbound marketing, temos o orgulho de apresentar o nosso C\u00f3digo [&hellip;]<\/p>\n","protected":false},"author":1,"featured_media":206161,"comment_status":"open","ping_status":"open","sticky":false,"template":"","format":"standard","meta":{"_acf_changed":false,"content-type":"","footnotes":""},"categories":[580],"tags":[],"class_list":["post-206145","post","type-post","status-publish","format-standard","has-post-thumbnail","hentry","category-marketing-digital"],"acf":[],"yoast_head":"<!-- This site is optimized with the Yoast SEO Premium plugin v27.5 (Yoast SEO v27.5) - https:\/\/yoast.com\/product\/yoast-seo-premium-wordpress\/ -->\n<title>C\u00f3digo de Cultura da E-Dialog | E-Dialog<\/title>\n<meta name=\"description\" content=\"Orgulhosamente, lan\u00e7amos nosso C\u00f3digo de Cultura que re\u00fane os valores que guiam as nossas intera\u00e7\u00f5es com colaboradores, clientes e parceiros.\" \/>\n<meta name=\"robots\" content=\"index, follow, max-snippet:-1, max-image-preview:large, max-video-preview:-1\" \/>\n<link rel=\"canonical\" href=\"https:\/\/www.edialog.com.br\/es\/codigo-de-cultura-da-e-dialog\/\" \/>\n<meta property=\"og:locale\" content=\"es_ES\" \/>\n<meta property=\"og:type\" content=\"article\" \/>\n<meta property=\"og:title\" content=\"C\u00f3digo de Cultura da E-Dialog\" \/>\n<meta property=\"og:description\" content=\"Orgulhosamente, lan\u00e7amos nosso C\u00f3digo de Cultura que re\u00fane os valores que guiam as nossas intera\u00e7\u00f5es com colaboradores, clientes e parceiros.\" \/>\n<meta property=\"og:url\" content=\"https:\/\/www.edialog.com.br\/es\/codigo-de-cultura-da-e-dialog\/\" \/>\n<meta property=\"og:site_name\" content=\"Ag\u00eancia de Inbound Marketing | E-Dialog\" \/>\n<meta property=\"article:publisher\" content=\"https:\/\/facebook.com\/edialogcomunicacao\" \/>\n<meta property=\"article:author\" content=\"http:\/\/facebook.com\/renancaixeiro\" \/>\n<meta property=\"article:published_time\" content=\"2018-07-24T11:23:13+00:00\" \/>\n<meta property=\"article:modified_time\" content=\"2025-02-14T19:27:12+00:00\" \/>\n<meta property=\"og:image\" content=\"https:\/\/www.edialog.com.br\/wp-content\/uploads\/2018\/07\/codigo-de-cultura.png\" \/>\n\t<meta property=\"og:image:width\" content=\"400\" \/>\n\t<meta property=\"og:image:height\" content=\"250\" \/>\n\t<meta property=\"og:image:type\" content=\"image\/png\" \/>\n<meta name=\"author\" content=\"Renan Caixeiro\" \/>\n<meta name=\"twitter:label1\" content=\"Escrito por\" \/>\n\t<meta name=\"twitter:data1\" content=\"Renan Caixeiro\" \/>\n\t<meta name=\"twitter:label2\" content=\"Tiempo de lectura\" \/>\n\t<meta name=\"twitter:data2\" content=\"3 minutos\" \/>\n<script type=\"application\/ld+json\" class=\"yoast-schema-graph\">{\"@context\":\"https:\\\/\\\/schema.org\",\"@graph\":[{\"@type\":[\"Article\",\"BlogPosting\"],\"@id\":\"https:\\\/\\\/www.edialog.com.br\\\/codigo-de-cultura-da-e-dialog\\\/#article\",\"isPartOf\":{\"@id\":\"https:\\\/\\\/www.edialog.com.br\\\/codigo-de-cultura-da-e-dialog\\\/\"},\"author\":{\"name\":\"Renan Caixeiro\",\"@id\":\"https:\\\/\\\/www.edialog.com.br\\\/#\\\/schema\\\/person\\\/7f509934e54fd30b9d2d02cf51b60966\"},\"headline\":\"C\u00f3digo de Cultura da E-Dialog\",\"datePublished\":\"2018-07-24T11:23:13+00:00\",\"dateModified\":\"2025-02-14T19:27:12+00:00\",\"mainEntityOfPage\":{\"@id\":\"https:\\\/\\\/www.edialog.com.br\\\/codigo-de-cultura-da-e-dialog\\\/\"},\"wordCount\":397,\"commentCount\":0,\"publisher\":{\"@id\":\"https:\\\/\\\/www.edialog.com.br\\\/#organization\"},\"image\":{\"@id\":\"https:\\\/\\\/www.edialog.com.br\\\/codigo-de-cultura-da-e-dialog\\\/#primaryimage\"},\"thumbnailUrl\":\"https:\\\/\\\/www.edialog.com.br\\\/wp-content\\\/uploads\\\/2018\\\/07\\\/codigo-de-cultura.png\",\"articleSection\":[\"Marketing Digital\"],\"inLanguage\":\"es\",\"potentialAction\":[{\"@type\":\"CommentAction\",\"name\":\"Comment\",\"target\":[\"https:\\\/\\\/www.edialog.com.br\\\/codigo-de-cultura-da-e-dialog\\\/#respond\"]}]},{\"@type\":\"WebPage\",\"@id\":\"https:\\\/\\\/www.edialog.com.br\\\/codigo-de-cultura-da-e-dialog\\\/\",\"url\":\"https:\\\/\\\/www.edialog.com.br\\\/codigo-de-cultura-da-e-dialog\\\/\",\"name\":\"C\u00f3digo de Cultura da E-Dialog | E-Dialog\",\"isPartOf\":{\"@id\":\"https:\\\/\\\/www.edialog.com.br\\\/#website\"},\"primaryImageOfPage\":{\"@id\":\"https:\\\/\\\/www.edialog.com.br\\\/codigo-de-cultura-da-e-dialog\\\/#primaryimage\"},\"image\":{\"@id\":\"https:\\\/\\\/www.edialog.com.br\\\/codigo-de-cultura-da-e-dialog\\\/#primaryimage\"},\"thumbnailUrl\":\"https:\\\/\\\/www.edialog.com.br\\\/wp-content\\\/uploads\\\/2018\\\/07\\\/codigo-de-cultura.png\",\"datePublished\":\"2018-07-24T11:23:13+00:00\",\"dateModified\":\"2025-02-14T19:27:12+00:00\",\"description\":\"Orgulhosamente, lan\u00e7amos nosso C\u00f3digo de Cultura que re\u00fane os valores que guiam as nossas intera\u00e7\u00f5es com colaboradores, clientes e parceiros.\",\"breadcrumb\":{\"@id\":\"https:\\\/\\\/www.edialog.com.br\\\/codigo-de-cultura-da-e-dialog\\\/#breadcrumb\"},\"inLanguage\":\"es\",\"potentialAction\":[{\"@type\":\"ReadAction\",\"target\":[\"https:\\\/\\\/www.edialog.com.br\\\/codigo-de-cultura-da-e-dialog\\\/\"]}]},{\"@type\":\"ImageObject\",\"inLanguage\":\"es\",\"@id\":\"https:\\\/\\\/www.edialog.com.br\\\/codigo-de-cultura-da-e-dialog\\\/#primaryimage\",\"url\":\"https:\\\/\\\/www.edialog.com.br\\\/wp-content\\\/uploads\\\/2018\\\/07\\\/codigo-de-cultura.png\",\"contentUrl\":\"https:\\\/\\\/www.edialog.com.br\\\/wp-content\\\/uploads\\\/2018\\\/07\\\/codigo-de-cultura.png\",\"width\":400,\"height\":250},{\"@type\":\"BreadcrumbList\",\"@id\":\"https:\\\/\\\/www.edialog.com.br\\\/codigo-de-cultura-da-e-dialog\\\/#breadcrumb\",\"itemListElement\":[{\"@type\":\"ListItem\",\"position\":1,\"name\":\"Home\",\"item\":\"https:\\\/\\\/www.edialog.com.br\\\/\"},{\"@type\":\"ListItem\",\"position\":2,\"name\":\"Marketing Digital\",\"item\":\"https:\\\/\\\/www.edialog.com.br\\\/category\\\/marketing-digital\\\/\"},{\"@type\":\"ListItem\",\"position\":3,\"name\":\"C\u00f3digo de Cultura da E-Dialog\"}]},{\"@type\":\"WebSite\",\"@id\":\"https:\\\/\\\/www.edialog.com.br\\\/#website\",\"url\":\"https:\\\/\\\/www.edialog.com.br\\\/\",\"name\":\"Ag\u00eancia de Inbound Marketing | E-Dialog\",\"description\":\"Ag\u00eancia de Inbound Marketing premiada com solu\u00e7\u00f5es completas para o seu neg\u00f3cio. Atraia leads, com conte\u00fados \u00fanicos e envolventes. Solicite or\u00e7amento!\",\"publisher\":{\"@id\":\"https:\\\/\\\/www.edialog.com.br\\\/#organization\"},\"potentialAction\":[{\"@type\":\"SearchAction\",\"target\":{\"@type\":\"EntryPoint\",\"urlTemplate\":\"https:\\\/\\\/www.edialog.com.br\\\/?s={search_term_string}\"},\"query-input\":{\"@type\":\"PropertyValueSpecification\",\"valueRequired\":true,\"valueName\":\"search_term_string\"}}],\"inLanguage\":\"es\"},{\"@type\":\"Organization\",\"@id\":\"https:\\\/\\\/www.edialog.com.br\\\/#organization\",\"name\":\"Ag\u00eancia de M\u00eddias Sociais e Marketing Digital | E-Dialog\",\"url\":\"https:\\\/\\\/www.edialog.com.br\\\/\",\"logo\":{\"@type\":\"ImageObject\",\"inLanguage\":\"es\",\"@id\":\"https:\\\/\\\/www.edialog.com.br\\\/#\\\/schema\\\/logo\\\/image\\\/\",\"url\":\"https:\\\/\\\/www.edialog.com.br\\\/wp-content\\\/uploads\\\/2021\\\/09\\\/edialog-logo-case.png\",\"contentUrl\":\"https:\\\/\\\/www.edialog.com.br\\\/wp-content\\\/uploads\\\/2021\\\/09\\\/edialog-logo-case.png\",\"width\":810,\"height\":450,\"caption\":\"Ag\u00eancia de M\u00eddias Sociais e Marketing Digital | E-Dialog\"},\"image\":{\"@id\":\"https:\\\/\\\/www.edialog.com.br\\\/#\\\/schema\\\/logo\\\/image\\\/\"},\"sameAs\":[\"https:\\\/\\\/facebook.com\\\/edialogcomunicacao\",\"https:\\\/\\\/x.com\\\/edialog_br\",\"https:\\\/\\\/www.instagram.com\\\/edialog_br\",\"https:\\\/\\\/www.linkedin.com\\\/company\\\/e-dialog-comunica-o-digital\",\"https:\\\/\\\/www.youtube.com\\\/channel\\\/UCPiVQ_yVlcCqWS2sRzJZj7g\"]},{\"@type\":\"Person\",\"@id\":\"https:\\\/\\\/www.edialog.com.br\\\/#\\\/schema\\\/person\\\/7f509934e54fd30b9d2d02cf51b60966\",\"name\":\"Renan Caixeiro\",\"image\":{\"@type\":\"ImageObject\",\"inLanguage\":\"es\",\"@id\":\"https:\\\/\\\/www.edialog.com.br\\\/wp-content\\\/uploads\\\/2023\\\/11\\\/renan-caixeiro-150x150.jpg\",\"url\":\"https:\\\/\\\/www.edialog.com.br\\\/wp-content\\\/uploads\\\/2023\\\/11\\\/renan-caixeiro-150x150.jpg\",\"contentUrl\":\"https:\\\/\\\/www.edialog.com.br\\\/wp-content\\\/uploads\\\/2023\\\/11\\\/renan-caixeiro-150x150.jpg\",\"caption\":\"Renan Caixeiro\"},\"description\":\"S\u00f3cio Diretor na E-Dialog, \u00e9 graduado em Jornalismo e p\u00f3s-graduado em Comunica\u00e7\u00e3o Corporativa, ambos pela UFJF. Est\u00e1 \u00e0 frente do Reportei, SaaS de relat\u00f3rios e dashboards, \u00e9 host do Projeto SaaS, podcast que compartilha experi\u00eancias do universo de software as a service, e s\u00f3cio da Aquela Caixa, comunidade para profissionais de cria\u00e7\u00e3o. Torcedor do Vasco, tem como meta comprar o Gigante da Colina. LinkedIn: @renancaixeiro \\\/ Instagram: @renancaixeiro.\",\"sameAs\":[\"http:\\\/\\\/facebook.com\\\/renancaixeiro\",\"https:\\\/\\\/www.instagram.com\\\/renancaixeiro\\\/\",\"https:\\\/\\\/br.linkedin.com\\\/in\\\/renancaixeiro\\\/pt\",\"https:\\\/\\\/x.com\\\/renancaixeiro\"],\"url\":\"https:\\\/\\\/www.edialog.com.br\\\/es\\\/author\\\/renancaixeiro\\\/\"}]}<\/script>\n<!-- \/ Yoast SEO Premium plugin. -->","yoast_head_json":{"title":"C\u00f3digo de Cultura da E-Dialog | E-Dialog","description":"Orgulhosamente, lan\u00e7amos nosso C\u00f3digo de Cultura que re\u00fane os valores que guiam as nossas intera\u00e7\u00f5es com colaboradores, clientes e parceiros.","robots":{"index":"index","follow":"follow","max-snippet":"max-snippet:-1","max-image-preview":"max-image-preview:large","max-video-preview":"max-video-preview:-1"},"canonical":"https:\/\/www.edialog.com.br\/es\/codigo-de-cultura-da-e-dialog\/","og_locale":"es_ES","og_type":"article","og_title":"C\u00f3digo de Cultura da E-Dialog","og_description":"Orgulhosamente, lan\u00e7amos nosso C\u00f3digo de Cultura que re\u00fane os valores que guiam as nossas intera\u00e7\u00f5es com colaboradores, clientes e parceiros.","og_url":"https:\/\/www.edialog.com.br\/es\/codigo-de-cultura-da-e-dialog\/","og_site_name":"Ag\u00eancia de Inbound Marketing | E-Dialog","article_publisher":"https:\/\/facebook.com\/edialogcomunicacao","article_author":"http:\/\/facebook.com\/renancaixeiro","article_published_time":"2018-07-24T11:23:13+00:00","article_modified_time":"2025-02-14T19:27:12+00:00","og_image":[{"width":400,"height":250,"url":"https:\/\/www.edialog.com.br\/wp-content\/uploads\/2018\/07\/codigo-de-cultura.png","type":"image\/png"}],"author":"Renan Caixeiro","twitter_misc":{"Escrito por":"Renan Caixeiro","Tiempo de lectura":"3 minutos"},"schema":{"@context":"https:\/\/schema.org","@graph":[{"@type":["Article","BlogPosting"],"@id":"https:\/\/www.edialog.com.br\/codigo-de-cultura-da-e-dialog\/#article","isPartOf":{"@id":"https:\/\/www.edialog.com.br\/codigo-de-cultura-da-e-dialog\/"},"author":{"name":"Renan Caixeiro","@id":"https:\/\/www.edialog.com.br\/#\/schema\/person\/7f509934e54fd30b9d2d02cf51b60966"},"headline":"C\u00f3digo de Cultura da E-Dialog","datePublished":"2018-07-24T11:23:13+00:00","dateModified":"2025-02-14T19:27:12+00:00","mainEntityOfPage":{"@id":"https:\/\/www.edialog.com.br\/codigo-de-cultura-da-e-dialog\/"},"wordCount":397,"commentCount":0,"publisher":{"@id":"https:\/\/www.edialog.com.br\/#organization"},"image":{"@id":"https:\/\/www.edialog.com.br\/codigo-de-cultura-da-e-dialog\/#primaryimage"},"thumbnailUrl":"https:\/\/www.edialog.com.br\/wp-content\/uploads\/2018\/07\/codigo-de-cultura.png","articleSection":["Marketing Digital"],"inLanguage":"es","potentialAction":[{"@type":"CommentAction","name":"Comment","target":["https:\/\/www.edialog.com.br\/codigo-de-cultura-da-e-dialog\/#respond"]}]},{"@type":"WebPage","@id":"https:\/\/www.edialog.com.br\/codigo-de-cultura-da-e-dialog\/","url":"https:\/\/www.edialog.com.br\/codigo-de-cultura-da-e-dialog\/","name":"C\u00f3digo de Cultura da E-Dialog | E-Dialog","isPartOf":{"@id":"https:\/\/www.edialog.com.br\/#website"},"primaryImageOfPage":{"@id":"https:\/\/www.edialog.com.br\/codigo-de-cultura-da-e-dialog\/#primaryimage"},"image":{"@id":"https:\/\/www.edialog.com.br\/codigo-de-cultura-da-e-dialog\/#primaryimage"},"thumbnailUrl":"https:\/\/www.edialog.com.br\/wp-content\/uploads\/2018\/07\/codigo-de-cultura.png","datePublished":"2018-07-24T11:23:13+00:00","dateModified":"2025-02-14T19:27:12+00:00","description":"Orgulhosamente, lan\u00e7amos nosso C\u00f3digo de Cultura que re\u00fane os valores que guiam as nossas intera\u00e7\u00f5es com colaboradores, clientes e parceiros.","breadcrumb":{"@id":"https:\/\/www.edialog.com.br\/codigo-de-cultura-da-e-dialog\/#breadcrumb"},"inLanguage":"es","potentialAction":[{"@type":"ReadAction","target":["https:\/\/www.edialog.com.br\/codigo-de-cultura-da-e-dialog\/"]}]},{"@type":"ImageObject","inLanguage":"es","@id":"https:\/\/www.edialog.com.br\/codigo-de-cultura-da-e-dialog\/#primaryimage","url":"https:\/\/www.edialog.com.br\/wp-content\/uploads\/2018\/07\/codigo-de-cultura.png","contentUrl":"https:\/\/www.edialog.com.br\/wp-content\/uploads\/2018\/07\/codigo-de-cultura.png","width":400,"height":250},{"@type":"BreadcrumbList","@id":"https:\/\/www.edialog.com.br\/codigo-de-cultura-da-e-dialog\/#breadcrumb","itemListElement":[{"@type":"ListItem","position":1,"name":"Home","item":"https:\/\/www.edialog.com.br\/"},{"@type":"ListItem","position":2,"name":"Marketing Digital","item":"https:\/\/www.edialog.com.br\/category\/marketing-digital\/"},{"@type":"ListItem","position":3,"name":"C\u00f3digo de Cultura da E-Dialog"}]},{"@type":"WebSite","@id":"https:\/\/www.edialog.com.br\/#website","url":"https:\/\/www.edialog.com.br\/","name":"Agencia de marketing entrante | E-Dialog","description":"Ag\u00eancia de Inbound Marketing premiada com solu\u00e7\u00f5es completas para o seu neg\u00f3cio. Atraia leads, com conte\u00fados \u00fanicos e envolventes. Solicite or\u00e7amento!","publisher":{"@id":"https:\/\/www.edialog.com.br\/#organization"},"potentialAction":[{"@type":"SearchAction","target":{"@type":"EntryPoint","urlTemplate":"https:\/\/www.edialog.com.br\/?s={search_term_string}"},"query-input":{"@type":"PropertyValueSpecification","valueRequired":true,"valueName":"search_term_string"}}],"inLanguage":"es"},{"@type":"Organization","@id":"https:\/\/www.edialog.com.br\/#organization","name":"Ag\u00eancia de M\u00eddias Sociais e Marketing Digital | E-Dialog","url":"https:\/\/www.edialog.com.br\/","logo":{"@type":"ImageObject","inLanguage":"es","@id":"https:\/\/www.edialog.com.br\/#\/schema\/logo\/image\/","url":"https:\/\/www.edialog.com.br\/wp-content\/uploads\/2021\/09\/edialog-logo-case.png","contentUrl":"https:\/\/www.edialog.com.br\/wp-content\/uploads\/2021\/09\/edialog-logo-case.png","width":810,"height":450,"caption":"Ag\u00eancia de M\u00eddias Sociais e Marketing Digital | E-Dialog"},"image":{"@id":"https:\/\/www.edialog.com.br\/#\/schema\/logo\/image\/"},"sameAs":["https:\/\/facebook.com\/edialogcomunicacao","https:\/\/x.com\/edialog_br","https:\/\/www.instagram.com\/edialog_br","https:\/\/www.linkedin.com\/company\/e-dialog-comunica-o-digital","https:\/\/www.youtube.com\/channel\/UCPiVQ_yVlcCqWS2sRzJZj7g"]},{"@type":"Person","@id":"https:\/\/www.edialog.com.br\/#\/schema\/person\/7f509934e54fd30b9d2d02cf51b60966","name":"Renan Caixeiro","image":{"@type":"ImageObject","inLanguage":"es","@id":"https:\/\/www.edialog.com.br\/wp-content\/uploads\/2023\/11\/renan-caixeiro-150x150.jpg","url":"https:\/\/www.edialog.com.br\/wp-content\/uploads\/2023\/11\/renan-caixeiro-150x150.jpg","contentUrl":"https:\/\/www.edialog.com.br\/wp-content\/uploads\/2023\/11\/renan-caixeiro-150x150.jpg","caption":"Renan Caixeiro"},"description":"S\u00f3cio Diretor na E-Dialog, \u00e9 graduado em Jornalismo e p\u00f3s-graduado em Comunica\u00e7\u00e3o Corporativa, ambos pela UFJF. Est\u00e1 \u00e0 frente do Reportei, SaaS de relat\u00f3rios e dashboards, \u00e9 host do Projeto SaaS, podcast que compartilha experi\u00eancias do universo de software as a service, e s\u00f3cio da Aquela Caixa, comunidade para profissionais de cria\u00e7\u00e3o. Torcedor do Vasco, tem como meta comprar o Gigante da Colina. LinkedIn: @renancaixeiro \/ Instagram: @renancaixeiro.","sameAs":["http:\/\/facebook.com\/renancaixeiro","https:\/\/www.instagram.com\/renancaixeiro\/","https:\/\/br.linkedin.com\/in\/renancaixeiro\/pt","https:\/\/x.com\/renancaixeiro"],"url":"https:\/\/www.edialog.com.br\/es\/author\/renancaixeiro\/"}]}},"_links":{"self":[{"href":"https:\/\/www.edialog.com.br\/es\/wp-json\/wp\/v2\/posts\/206145","targetHints":{"allow":["GET"]}}],"collection":[{"href":"https:\/\/www.edialog.com.br\/es\/wp-json\/wp\/v2\/posts"}],"about":[{"href":"https:\/\/www.edialog.com.br\/es\/wp-json\/wp\/v2\/types\/post"}],"author":[{"embeddable":true,"href":"https:\/\/www.edialog.com.br\/es\/wp-json\/wp\/v2\/users\/1"}],"replies":[{"embeddable":true,"href":"https:\/\/www.edialog.com.br\/es\/wp-json\/wp\/v2\/comments?post=206145"}],"version-history":[{"count":1,"href":"https:\/\/www.edialog.com.br\/es\/wp-json\/wp\/v2\/posts\/206145\/revisions"}],"predecessor-version":[{"id":228219,"href":"https:\/\/www.edialog.com.br\/es\/wp-json\/wp\/v2\/posts\/206145\/revisions\/228219"}],"wp:featuredmedia":[{"embeddable":true,"href":"https:\/\/www.edialog.com.br\/es\/wp-json\/wp\/v2\/media\/206161"}],"wp:attachment":[{"href":"https:\/\/www.edialog.com.br\/es\/wp-json\/wp\/v2\/media?parent=206145"}],"wp:term":[{"taxonomy":"category","embeddable":true,"href":"https:\/\/www.edialog.com.br\/es\/wp-json\/wp\/v2\/categories?post=206145"},{"taxonomy":"post_tag","embeddable":true,"href":"https:\/\/www.edialog.com.br\/es\/wp-json\/wp\/v2\/tags?post=206145"}],"curies":[{"name":"wp","href":"https:\/\/api.w.org\/{rel}","templated":true}]}}