{"id":205859,"date":"2018-06-12T16:28:45","date_gmt":"2018-06-12T19:28:45","guid":{"rendered":"https:\/\/www.edialog.com.br\/?p=205859"},"modified":"2024-07-16T10:02:51","modified_gmt":"2024-07-16T13:02:51","slug":"como-transformar-perfil-em-pagina-no-facebook","status":"publish","type":"post","link":"https:\/\/www.edialog.com.br\/es\/como-transformar-perfil-em-pagina-no-facebook\/","title":{"rendered":"C\u00f3mo convertir un perfil en una p\u00e1gina de Facebook"},"content":{"rendered":"<p>Ya te hemos mostrado la importancia de invertir en la gesti\u00f3n de Facebook: al fin y al cabo, es una red social de gran impacto. De hecho, m\u00e1s de 90 millones de personas utilizan la red social. Muchas personas tienen dudas sobre c\u00f3mo convertir su perfil en una p\u00e1gina de Facebook. Por eso hemos creado esta gu\u00eda paso a paso.<\/p>\n<p>En primer lugar, hay que entender por qu\u00e9 el perfil no es adecuado para las empresas. El sitio <a href=\"https:\/\/www.facebook.com\/legal\/terms\" target=\"_blank\" rel=\"noopener noreferrer\">Condiciones de Facebook<\/a> definir que <strong>los usuarios no pueden utilizar su perfil en nombre de una marca<\/strong>. Debe utilizarse exclusivamente para representar a la propia persona. Por lo tanto, si incumples esta norma, corres el riesgo de que se elimine tu cuenta de forma permanente.<\/p>\n<h2>Ventajas de convertir tu perfil de Facebook en una p\u00e1gina<\/h2>\n<p>Para las empresas, el uso de una p\u00e1gina de Facebook tiene muchas ventajas. Sin embargo, participar en las redes sociales para empresas tiene algunas diferencias con el uso personal. Las explicaremos en detalle en la \u00faltima parte de este blog. Por ahora, debes conocer algunas de las ventajas de convertir tu perfil en una p\u00e1gina de Facebook:<\/p>\n<ul>\n<li>Puede\u00a0<strong>medir los resultados de las publicaciones<\/strong>. Esto se debe a que Facebook ofrece <strong>informaci\u00f3n para el usuario<\/strong> - tanto a los que participan en sus publicaciones como a los que tienen inter\u00e9s en su campo. Entre ellos se incluyen datos demogr\u00e1ficos, rango de edad, ubicaci\u00f3n y mucho m\u00e1s.<\/li>\n<li>Con la p\u00e1gina, puede <strong>definici\u00f3n de objetivos, conexi\u00f3n con los clientes y prospecci\u00f3n<\/strong>. Es decir: esta red social aumentar\u00e1 tu red de contactos y los tratos cerrados.<\/li>\n<li><strong>M\u00e1s de una persona puede gestionar la p\u00e1gina<\/strong>. Facebook permite incluso una jerarqu\u00eda en este sentido, es decir, hay roles con m\u00e1s y menos \"poder\". Para ello, basta con a\u00f1adir usuarios a la administraci\u00f3n de la p\u00e1gina y cambiar la libertad que quieres dar a cada uno.<\/li>\n<li>Puede <strong>crear anuncios<\/strong> de diferentes estilos y para p\u00fablicos espec\u00edficos.<\/li>\n<\/ul>\n<h2><img fetchpriority=\"high\" decoding=\"async\" class=\"aligncenter wp-image-205863\" src=\"https:\/\/www.edialog.com.br\/wp-content\/uploads\/2018\/06\/iStock-825103298-1024x768.jpg\" alt=\"Ilustra\u00e7\u00e3o de um notebook com um megafone. Representa o poder de comunica\u00e7\u00e3o ao transformar perfil em p\u00e1gina no Facebook\" width=\"600\" height=\"450\" \/><\/h2>\n<h2>\u00bfQu\u00e9 ocurre cuando se convierte un perfil en una p\u00e1gina?<\/h2>\n<ol>\n<li>El perfil no desaparece autom\u00e1ticamente. <strong>Ahora tienes un perfil y una p\u00e1gina<\/strong>.<\/li>\n<li>Su <strong>contactos<\/strong>Es decir, los seguidores, amigos y usuarios que han solicitado amistad reciben <strong>notificaci\u00f3n de que ha creado la p\u00e1gina<\/strong>.<\/li>\n<li>En <strong>las fotos de perfil y de portada tambi\u00e9n se convierten autom\u00e1ticamente en im\u00e1genes de p\u00e1gina<\/strong>. Lo mismo ocurre con el nombre del perfil.<\/li>\n<li>Esta transferencia autom\u00e1tica no ocurre con otras fotos de perfil. Usted puede <strong>elija los archivos de perfil que desea insertar en la p\u00e1gina<\/strong>.<\/li>\n<li>Usted <strong>puede<\/strong> <strong>ver una vista previa de la p\u00e1gina<\/strong> antes de publicarlo<\/li>\n<\/ol>\n<h2>Paso a paso para convertir tu perfil en una p\u00e1gina de Facebook<\/h2>\n<ol>\n<li><a href=\"https:\/\/www.facebook.com\/video_creators\/profile_to_page_migration\/\" target=\"_blank\" rel=\"noopener noreferrer\"><strong>Pulse aqu\u00ed<\/strong> y crea una p\u00e1gina de Facebook basada en tu perfil<\/a><\/li>\n<li>Se abrir\u00e1 una ventana con las ventajas de crear una p\u00e1gina. Despu\u00e9s de leer los recuadros, haga clic en <strong><strong>EMPEZAR<\/strong><\/strong><\/li>\n<li>Elija el <strong>categor\u00eda\/campo<\/strong> de las operaciones de su marca<img decoding=\"async\" class=\"aligncenter wp-image-205867 size-full\" src=\"https:\/\/www.edialog.com.br\/wp-content\/uploads\/2018\/06\/escolher-categoria-transformar-pagina-em-perfil-facebook.png\" alt=\"Captura de tela do passo a passo para transformar perfil em p\u00e1gina no facebook. Etapa de escolha de categoria\" width=\"539\" height=\"251\" \/><\/li>\n<li>Seleccione <strong>amigos<\/strong> que recibir\u00e1n una notificaci\u00f3n de que se ha creado la p\u00e1gina. Esto tambi\u00e9n incluye las solicitudes de amistad pendientes<br \/>\n<img decoding=\"async\" class=\"alignnone size-full wp-image-205868 aligncenter\" src=\"https:\/\/www.edialog.com.br\/wp-content\/uploads\/2018\/06\/adicionar-amigos-transformar-perfil-em-pagina-facebook.png\" alt=\"Captura de tela do passo a passo para transformar perfil em p\u00e1gina no facebook. Etapa de sele\u00e7\u00e3o dos amigos\" width=\"631\" height=\"199\" \/><\/li>\n<li>Despu\u00e9s de seleccionar a tus amigos, tendr\u00e1s que seleccionar tu <strong>fotos y v\u00eddeos<\/strong>. En otras palabras, como se menciona en la explicaci\u00f3n anterior, el contenido del perfil tambi\u00e9n se publicar\u00e1 en la p\u00e1gina.<img loading=\"lazy\" decoding=\"async\" class=\"alignnone size-full wp-image-205869 aligncenter\" src=\"https:\/\/www.edialog.com.br\/wp-content\/uploads\/2018\/06\/adicionar-fotos-e-videos-transformar-perfil-em-pagina-facebook.png\" alt=\"Captura de tela do passo a passo para transformar perfil em p\u00e1gina no facebook. Etapa de sele\u00e7\u00e3o de fotos e v\u00eddeos\" width=\"647\" height=\"245\" \/><\/li>\n<li>Por \u00faltimo, es hora de <strong>consulte<\/strong> todas tus elecciones en esta conversi\u00f3n. En otras palabras: Facebook te mostrar\u00e1 todos los pasos anteriores y t\u00fa analizar\u00e1s si todo va seg\u00fan lo previsto. Entonces, si la respuesta es positiva, haz clic en <strong>CREAR P\u00c1GINA<\/strong>.<\/li>\n<\/ol>\n<p><img loading=\"lazy\" decoding=\"async\" class=\"alignnone size-full wp-image-205873 aligncenter\" src=\"https:\/\/www.edialog.com.br\/wp-content\/uploads\/2018\/06\/criar-pagina-transformar-perfil-em-pagina-facebook.png\" alt=\"Captura de tela do passo a passo para transformar perfil em p\u00e1gina no facebook. Etapa de verifica\u00e7\u00e3o\" width=\"643\" height=\"487\" \/><\/p>\n<h2>Diferencias entre un perfil de Facebook y una p\u00e1gina de Facebook<\/h2>\n<p>Para entender cu\u00e1l es la mejor alternativa para tu objetivo en Facebook, te mostraremos la diferencia entre estas dos posibilidades. Tambi\u00e9n existen los grupos y los eventos.<\/p>\n<h3>1. Perfil<\/h3>\n<p>El perfil se recomienda para<strong> personas que desean conectarse virtualmente con amigos y familiares<\/strong>. Adem\u00e1s, los usuarios tambi\u00e9n pueden conectar con marcas y recibir anuncios de \u00e1reas de su inter\u00e9s. Tambi\u00e9n se pueden a\u00f1adir fotos\/v\u00eddeos, historias, compartir contenidos y mucho m\u00e1s. Facebook se actualiza constantemente. Por lo tanto, la lista que figura a continuaci\u00f3n puede cambiar. No entraremos en esto, ya que la mayor\u00eda de la gente sabe c\u00f3mo funcionan los perfiles.<\/p>\n<h4>Caracter\u00edsticas del perfil<\/h4>\n<ul>\n<li>Conexi\u00f3n con amigos y familiares<\/li>\n<li>Opci\u00f3n de seguir y recibir notificaciones de personas y p\u00e1ginas que te interesen<\/li>\n<li>Posibilidad de acceder a otras funciones de Facebook. Incluida la gesti\u00f3n de p\u00e1ginas y la creaci\u00f3n o participaci\u00f3n en grupos y eventos.<\/li>\n<li>Uso de <a href=\"https:\/\/www.edialog.com.br\/es\/facebook\/messengerads\/\" target=\"_blank\" rel=\"noopener noreferrer\">Mensajero<\/a><\/li>\n<li>Creando posts sobre diferentes contenidos, compartiendo contenidos, d\u00e1ndole a me gusta a p\u00e1ginas que te interesan<\/li>\n<\/ul>\n<p><img loading=\"lazy\" decoding=\"async\" class=\"alignnone wp-image-205878 aligncenter\" src=\"https:\/\/www.edialog.com.br\/wp-content\/uploads\/2018\/06\/iStock-828009812-1024x768.jpg\" alt=\"Ilustra\u00e7\u00e3o de um monitor de computador e intera\u00e7\u00f5es de redes sociais. Representaas funcionalidades do perfil do Facebook\" width=\"600\" height=\"450\" \/><\/p>\n<h3>2. P\u00e1gina<\/h3>\n<p>El principal rasgo distintivo de la p\u00e1gina es su\u00a0<strong>promoci\u00f3n empresarial<\/strong>. Esto se debe a que est\u00e1 recomendada para marcas, personalidades p\u00fablicas o pol\u00edticas y todo tipo de organizaciones. Las posibilidades que encontrar\u00e1s en la p\u00e1gina tambi\u00e9n var\u00edan en funci\u00f3n de la categor\u00eda de tu empresa. Se trata de una plataforma amplia y gratuita para dar a conocer tu empresa. Por supuesto, para mejorar los resultados, hay que invertir en <a href=\"https:\/\/www.edialog.com.br\/es\/facebook\/como-criar-uma-conta-de-anuncios-no-facebook\/\" target=\"_blank\" rel=\"noopener noreferrer\">anuncios pagados<\/a>.<\/p>\n<h4>Funcionalidades de la p\u00e1gina<\/h4>\n<ul class=\"uiList _341 _3vz6 _4of _4kg\">\n<li>\n<div class=\"fcb\">\n<p><b>M\u00e1s o menos:<\/b>\u00a0Este campo contiene la informaci\u00f3n principal sobre la marca o figura. Es muy importante mantenerlo actualizado, ya que permite al p\u00fablico hacer las primeras preguntas.<\/p>\n<\/div>\n<\/li>\n<li>\n<div class=\"fcb\">\n<p><b>Informaci\u00f3n:<\/b>\u00a0Como su nombre indica, se trata de la funci\u00f3n que te permite controlar diversos aspectos de la p\u00e1gina. En otras palabras, puedes contar las visitas (y sus datos demogr\u00e1ficos), las horas en las que tus seguidores est\u00e1n conectados y mucho m\u00e1s.<\/p>\n<\/div>\n<\/li>\n<li><b>Funciones:<\/b>\u00a0\u00bfRecuerdas que al principio de este texto hablamos de las diferentes funciones de la p\u00e1gina? Pues bien, esto es \u00fatil para que puedas dar acceso a quien quieras, pero no necesariamente podr\u00e1 publicar o modificar nada en tu p\u00e1gina.<\/li>\n<li>\n<div class=\"fcb\">\n<p><b>Mensajero:<\/b>\u00a0No s\u00f3lo el perfil tiene esta funci\u00f3n. El p\u00fablico puede enviar mensajes a la p\u00e1gina e interactuar a trav\u00e9s de Messenger.<\/p>\n<\/div>\n<\/li>\n<li>\n<div class=\"fcb\">\n<p><b>Bot\u00f3n de acci\u00f3n:<\/b>\u00a0Puedes insertar un bot\u00f3n con lo que llamamos un <a href=\"https:\/\/www.edialog.com.br\/es\/cta-call-to-action\/\">Llamamiento a la acci\u00f3n<\/a>. Es decir: dependiendo de su objetivo, se le propondr\u00e1 una acci\u00f3n diferente en esta interacci\u00f3n. Entre las posibilidades est\u00e1n: llamar ahora, reservar un servicio, enviar un mensaje, entre otras.<\/p>\n<\/div>\n<\/li>\n<li><b>Gesti\u00f3n de publicaciones:<\/b>\u00a0Para publicar contenidos a tu audiencia, puedes crear borradores, programar la mejor fecha para que salgan en directo, limitar la audiencia que tendr\u00e1 acceso a ellos... en fin, hay muchas funcionalidades.<\/li>\n<li><strong>Ubicaci\u00f3n<\/strong>Si tiene m\u00e1s de una direcci\u00f3n para su empresa, puede crear una p\u00e1gina para cada una y gestionarlas todas en la misma plataforma.<\/li>\n<li>\n<div class=\"fcb\">\n<p><b>Tienda: <\/b>Las empresas pueden anunciar sus productos en una zona espec\u00edfica. Tambi\u00e9n pueden vender directamente a trav\u00e9s de la p\u00e1gina. Esta plataforma es gratuita.<\/p>\n<\/div>\n<\/li>\n<li>\n<div class=\"fcb\"><b>Anuncios:<\/b>\u00a0Con la p\u00e1gina, puedes lanzar anuncios en Facebook. Existen numerosas formas de hacerlo, tanto en t\u00e9rminos de formato como de segmentaci\u00f3n de la audiencia. M\u00e1s informaci\u00f3n <a href=\"https:\/\/materiais.edialog.com.br\/ebookfacebookads\" target=\"_blank\" rel=\"noopener noreferrer\">Anuncios en Facebook<\/a>.<\/div>\n<\/li>\n<\/ul>\n<div class=\"entry-content\">\n<p><em>\u00bfLe ha gustado el art\u00edculo? M\u00e1s informaci\u00f3n\u00a0<a href=\"https:\/\/www.edialog.com.br\/es\/gestao-de-redes-sociais\/\">gesti\u00f3n de redes sociales<\/a>,\u00a0<a href=\"https:\/\/www.edialog.com.br\/es\/consultoria-google-ads\/\">Consultor\u00eda Google Ads<\/a>,\u00a0<a href=\"https:\/\/www.edialog.com.br\/es\/midia-social\/o-que-e-inbound-marketing\/\">Inbound Marketing<\/a> y otros temas de marketing digital en el blog de E-Dialog.<\/em><\/p>\n<\/div>","protected":false},"excerpt":{"rendered":"<p>J\u00e1 mostramos a import\u00e2ncia de investir no gerenciamento do Facebook, afinal essa \u00e9 uma rede social de alto impacto. Inclusive,\u00a0mais de 90 milh\u00f5es de pessoas s\u00e3o usu\u00e1rias rede social. Muitas t\u00eam d\u00favidas sobre como transformar perfil em p\u00e1gina no Facebook. Por isso, criamos esse passo a passo. Em primeiro lugar, voc\u00ea precisa entender por que [&hellip;]<\/p>\n","protected":false},"author":1,"featured_media":0,"comment_status":"open","ping_status":"open","sticky":false,"template":"","format":"standard","meta":{"_acf_changed":false,"content-type":"","footnotes":""},"categories":[43,8],"tags":[],"class_list":["post-205859","post","type-post","status-publish","format-standard","hentry","category-facebook","category-midia-social"],"acf":[],"yoast_head":"<!-- This site is optimized with the Yoast SEO Premium plugin v27.5 (Yoast SEO v27.5) - https:\/\/yoast.com\/product\/yoast-seo-premium-wordpress\/ -->\n<title>Passo a passo para transformar perfil em p\u00e1gina no Facebook<\/title>\n<meta name=\"description\" content=\"S\u00e3o diversos os benef\u00edcios de utilizar as p\u00e1ginas para neg\u00f3cio. Se voc\u00ea ainda utiliza o perfil, clique e aprenda a transformar perfil em p\u00e1gina no Facebook!\" \/>\n<meta name=\"robots\" content=\"index, follow, max-snippet:-1, max-image-preview:large, max-video-preview:-1\" \/>\n<link rel=\"canonical\" href=\"https:\/\/www.edialog.com.br\/es\/como-transformar-perfil-em-pagina-no-facebook\/\" \/>\n<meta property=\"og:locale\" content=\"es_ES\" \/>\n<meta property=\"og:type\" content=\"article\" \/>\n<meta property=\"og:title\" content=\"Como transformar perfil em p\u00e1gina no Facebook\" \/>\n<meta property=\"og:description\" content=\"S\u00e3o diversos os benef\u00edcios de utilizar as p\u00e1ginas para neg\u00f3cio. Se voc\u00ea ainda utiliza o perfil, clique e aprenda a transformar perfil em p\u00e1gina no Facebook!\" \/>\n<meta property=\"og:url\" content=\"https:\/\/www.edialog.com.br\/es\/como-transformar-perfil-em-pagina-no-facebook\/\" \/>\n<meta property=\"og:site_name\" content=\"Ag\u00eancia de Inbound Marketing | E-Dialog\" \/>\n<meta property=\"article:publisher\" content=\"https:\/\/facebook.com\/edialogcomunicacao\" \/>\n<meta property=\"article:author\" content=\"http:\/\/facebook.com\/renancaixeiro\" \/>\n<meta property=\"article:published_time\" content=\"2018-06-12T19:28:45+00:00\" \/>\n<meta property=\"article:modified_time\" content=\"2024-07-16T13:02:51+00:00\" \/>\n<meta property=\"og:image\" content=\"https:\/\/www.edialog.com.br\/wp-content\/uploads\/2018\/06\/21-2.png\" \/>\n\t<meta property=\"og:image:width\" content=\"400\" \/>\n\t<meta property=\"og:image:height\" content=\"250\" \/>\n\t<meta property=\"og:image:type\" content=\"image\/png\" \/>\n<meta name=\"author\" content=\"Renan Caixeiro\" \/>\n<meta name=\"twitter:label1\" content=\"Escrito por\" \/>\n\t<meta name=\"twitter:data1\" content=\"Renan Caixeiro\" \/>\n\t<meta name=\"twitter:label2\" content=\"Tiempo de lectura\" \/>\n\t<meta name=\"twitter:data2\" content=\"8 minutos\" \/>\n<script type=\"application\/ld+json\" class=\"yoast-schema-graph\">{\"@context\":\"https:\\\/\\\/schema.org\",\"@graph\":[{\"@type\":[\"Article\",\"BlogPosting\"],\"@id\":\"https:\\\/\\\/www.edialog.com.br\\\/como-transformar-perfil-em-pagina-no-facebook\\\/#article\",\"isPartOf\":{\"@id\":\"https:\\\/\\\/www.edialog.com.br\\\/como-transformar-perfil-em-pagina-no-facebook\\\/\"},\"author\":{\"name\":\"Renan Caixeiro\",\"@id\":\"https:\\\/\\\/www.edialog.com.br\\\/#\\\/schema\\\/person\\\/7f509934e54fd30b9d2d02cf51b60966\"},\"headline\":\"Como transformar perfil em p\u00e1gina no Facebook\",\"datePublished\":\"2018-06-12T19:28:45+00:00\",\"dateModified\":\"2024-07-16T13:02:51+00:00\",\"mainEntityOfPage\":{\"@id\":\"https:\\\/\\\/www.edialog.com.br\\\/como-transformar-perfil-em-pagina-no-facebook\\\/\"},\"wordCount\":1247,\"commentCount\":1,\"publisher\":{\"@id\":\"https:\\\/\\\/www.edialog.com.br\\\/#organization\"},\"image\":{\"@id\":\"https:\\\/\\\/www.edialog.com.br\\\/como-transformar-perfil-em-pagina-no-facebook\\\/#primaryimage\"},\"thumbnailUrl\":\"https:\\\/\\\/www.edialog.com.br\\\/wp-content\\\/uploads\\\/2018\\\/06\\\/iStock-825103298-1024x768.jpg\",\"articleSection\":[\"Facebook\",\"M\u00eddia Social\"],\"inLanguage\":\"es\",\"potentialAction\":[{\"@type\":\"CommentAction\",\"name\":\"Comment\",\"target\":[\"https:\\\/\\\/www.edialog.com.br\\\/como-transformar-perfil-em-pagina-no-facebook\\\/#respond\"]}]},{\"@type\":\"WebPage\",\"@id\":\"https:\\\/\\\/www.edialog.com.br\\\/como-transformar-perfil-em-pagina-no-facebook\\\/\",\"url\":\"https:\\\/\\\/www.edialog.com.br\\\/como-transformar-perfil-em-pagina-no-facebook\\\/\",\"name\":\"Passo a passo para transformar perfil em p\u00e1gina no Facebook\",\"isPartOf\":{\"@id\":\"https:\\\/\\\/www.edialog.com.br\\\/#website\"},\"primaryImageOfPage\":{\"@id\":\"https:\\\/\\\/www.edialog.com.br\\\/como-transformar-perfil-em-pagina-no-facebook\\\/#primaryimage\"},\"image\":{\"@id\":\"https:\\\/\\\/www.edialog.com.br\\\/como-transformar-perfil-em-pagina-no-facebook\\\/#primaryimage\"},\"thumbnailUrl\":\"https:\\\/\\\/www.edialog.com.br\\\/wp-content\\\/uploads\\\/2018\\\/06\\\/iStock-825103298-1024x768.jpg\",\"datePublished\":\"2018-06-12T19:28:45+00:00\",\"dateModified\":\"2024-07-16T13:02:51+00:00\",\"description\":\"S\u00e3o diversos os benef\u00edcios de utilizar as p\u00e1ginas para neg\u00f3cio. Se voc\u00ea ainda utiliza o perfil, clique e aprenda a transformar perfil em p\u00e1gina no Facebook!\",\"breadcrumb\":{\"@id\":\"https:\\\/\\\/www.edialog.com.br\\\/como-transformar-perfil-em-pagina-no-facebook\\\/#breadcrumb\"},\"inLanguage\":\"es\",\"potentialAction\":[{\"@type\":\"ReadAction\",\"target\":[\"https:\\\/\\\/www.edialog.com.br\\\/como-transformar-perfil-em-pagina-no-facebook\\\/\"]}]},{\"@type\":\"ImageObject\",\"inLanguage\":\"es\",\"@id\":\"https:\\\/\\\/www.edialog.com.br\\\/como-transformar-perfil-em-pagina-no-facebook\\\/#primaryimage\",\"url\":\"https:\\\/\\\/www.edialog.com.br\\\/wp-content\\\/uploads\\\/2018\\\/06\\\/iStock-825103298-1024x768.jpg\",\"contentUrl\":\"https:\\\/\\\/www.edialog.com.br\\\/wp-content\\\/uploads\\\/2018\\\/06\\\/iStock-825103298-1024x768.jpg\"},{\"@type\":\"BreadcrumbList\",\"@id\":\"https:\\\/\\\/www.edialog.com.br\\\/como-transformar-perfil-em-pagina-no-facebook\\\/#breadcrumb\",\"itemListElement\":[{\"@type\":\"ListItem\",\"position\":1,\"name\":\"Home\",\"item\":\"https:\\\/\\\/www.edialog.com.br\\\/\"},{\"@type\":\"ListItem\",\"position\":2,\"name\":\"Facebook\",\"item\":\"https:\\\/\\\/www.edialog.com.br\\\/category\\\/facebook\\\/\"},{\"@type\":\"ListItem\",\"position\":3,\"name\":\"Como transformar perfil em p\u00e1gina no Facebook\"}]},{\"@type\":\"WebSite\",\"@id\":\"https:\\\/\\\/www.edialog.com.br\\\/#website\",\"url\":\"https:\\\/\\\/www.edialog.com.br\\\/\",\"name\":\"Ag\u00eancia de Inbound Marketing | E-Dialog\",\"description\":\"Ag\u00eancia de Inbound Marketing premiada com solu\u00e7\u00f5es completas para o seu neg\u00f3cio. Atraia leads, com conte\u00fados \u00fanicos e envolventes. Solicite or\u00e7amento!\",\"publisher\":{\"@id\":\"https:\\\/\\\/www.edialog.com.br\\\/#organization\"},\"potentialAction\":[{\"@type\":\"SearchAction\",\"target\":{\"@type\":\"EntryPoint\",\"urlTemplate\":\"https:\\\/\\\/www.edialog.com.br\\\/?s={search_term_string}\"},\"query-input\":{\"@type\":\"PropertyValueSpecification\",\"valueRequired\":true,\"valueName\":\"search_term_string\"}}],\"inLanguage\":\"es\"},{\"@type\":\"Organization\",\"@id\":\"https:\\\/\\\/www.edialog.com.br\\\/#organization\",\"name\":\"Ag\u00eancia de M\u00eddias Sociais e Marketing Digital | E-Dialog\",\"url\":\"https:\\\/\\\/www.edialog.com.br\\\/\",\"logo\":{\"@type\":\"ImageObject\",\"inLanguage\":\"es\",\"@id\":\"https:\\\/\\\/www.edialog.com.br\\\/#\\\/schema\\\/logo\\\/image\\\/\",\"url\":\"https:\\\/\\\/www.edialog.com.br\\\/wp-content\\\/uploads\\\/2021\\\/09\\\/edialog-logo-case.png\",\"contentUrl\":\"https:\\\/\\\/www.edialog.com.br\\\/wp-content\\\/uploads\\\/2021\\\/09\\\/edialog-logo-case.png\",\"width\":810,\"height\":450,\"caption\":\"Ag\u00eancia de M\u00eddias Sociais e Marketing Digital | E-Dialog\"},\"image\":{\"@id\":\"https:\\\/\\\/www.edialog.com.br\\\/#\\\/schema\\\/logo\\\/image\\\/\"},\"sameAs\":[\"https:\\\/\\\/facebook.com\\\/edialogcomunicacao\",\"https:\\\/\\\/x.com\\\/edialog_br\",\"https:\\\/\\\/www.instagram.com\\\/edialog_br\",\"https:\\\/\\\/www.linkedin.com\\\/company\\\/e-dialog-comunica-o-digital\",\"https:\\\/\\\/www.youtube.com\\\/channel\\\/UCPiVQ_yVlcCqWS2sRzJZj7g\"]},{\"@type\":\"Person\",\"@id\":\"https:\\\/\\\/www.edialog.com.br\\\/#\\\/schema\\\/person\\\/7f509934e54fd30b9d2d02cf51b60966\",\"name\":\"Renan Caixeiro\",\"image\":{\"@type\":\"ImageObject\",\"inLanguage\":\"es\",\"@id\":\"https:\\\/\\\/www.edialog.com.br\\\/wp-content\\\/uploads\\\/2023\\\/11\\\/renan-caixeiro-150x150.jpg\",\"url\":\"https:\\\/\\\/www.edialog.com.br\\\/wp-content\\\/uploads\\\/2023\\\/11\\\/renan-caixeiro-150x150.jpg\",\"contentUrl\":\"https:\\\/\\\/www.edialog.com.br\\\/wp-content\\\/uploads\\\/2023\\\/11\\\/renan-caixeiro-150x150.jpg\",\"caption\":\"Renan Caixeiro\"},\"description\":\"S\u00f3cio Diretor na E-Dialog, \u00e9 graduado em Jornalismo e p\u00f3s-graduado em Comunica\u00e7\u00e3o Corporativa, ambos pela UFJF. Est\u00e1 \u00e0 frente do Reportei, SaaS de relat\u00f3rios e dashboards, \u00e9 host do Projeto SaaS, podcast que compartilha experi\u00eancias do universo de software as a service, e s\u00f3cio da Aquela Caixa, comunidade para profissionais de cria\u00e7\u00e3o. Torcedor do Vasco, tem como meta comprar o Gigante da Colina. LinkedIn: @renancaixeiro \\\/ Instagram: @renancaixeiro.\",\"sameAs\":[\"http:\\\/\\\/facebook.com\\\/renancaixeiro\",\"https:\\\/\\\/www.instagram.com\\\/renancaixeiro\\\/\",\"https:\\\/\\\/br.linkedin.com\\\/in\\\/renancaixeiro\\\/pt\",\"https:\\\/\\\/x.com\\\/renancaixeiro\"],\"url\":\"https:\\\/\\\/www.edialog.com.br\\\/es\\\/author\\\/renancaixeiro\\\/\"}]}<\/script>\n<!-- \/ Yoast SEO Premium plugin. -->","yoast_head_json":{"title":"Paso a paso para convertir tu perfil en una p\u00e1gina de Facebook","description":"S\u00e3o diversos os benef\u00edcios de utilizar as p\u00e1ginas para neg\u00f3cio. Se voc\u00ea ainda utiliza o perfil, clique e aprenda a transformar perfil em p\u00e1gina no Facebook!","robots":{"index":"index","follow":"follow","max-snippet":"max-snippet:-1","max-image-preview":"max-image-preview:large","max-video-preview":"max-video-preview:-1"},"canonical":"https:\/\/www.edialog.com.br\/es\/como-transformar-perfil-em-pagina-no-facebook\/","og_locale":"es_ES","og_type":"article","og_title":"Como transformar perfil em p\u00e1gina no Facebook","og_description":"S\u00e3o diversos os benef\u00edcios de utilizar as p\u00e1ginas para neg\u00f3cio. Se voc\u00ea ainda utiliza o perfil, clique e aprenda a transformar perfil em p\u00e1gina no Facebook!","og_url":"https:\/\/www.edialog.com.br\/es\/como-transformar-perfil-em-pagina-no-facebook\/","og_site_name":"Ag\u00eancia de Inbound Marketing | E-Dialog","article_publisher":"https:\/\/facebook.com\/edialogcomunicacao","article_author":"http:\/\/facebook.com\/renancaixeiro","article_published_time":"2018-06-12T19:28:45+00:00","article_modified_time":"2024-07-16T13:02:51+00:00","og_image":[{"width":400,"height":250,"url":"https:\/\/www.edialog.com.br\/wp-content\/uploads\/2018\/06\/21-2.png","type":"image\/png"}],"author":"Renan Caixeiro","twitter_misc":{"Escrito por":"Renan Caixeiro","Tiempo de lectura":"8 minutos"},"schema":{"@context":"https:\/\/schema.org","@graph":[{"@type":["Article","BlogPosting"],"@id":"https:\/\/www.edialog.com.br\/como-transformar-perfil-em-pagina-no-facebook\/#article","isPartOf":{"@id":"https:\/\/www.edialog.com.br\/como-transformar-perfil-em-pagina-no-facebook\/"},"author":{"name":"Renan Caixeiro","@id":"https:\/\/www.edialog.com.br\/#\/schema\/person\/7f509934e54fd30b9d2d02cf51b60966"},"headline":"Como transformar perfil em p\u00e1gina no Facebook","datePublished":"2018-06-12T19:28:45+00:00","dateModified":"2024-07-16T13:02:51+00:00","mainEntityOfPage":{"@id":"https:\/\/www.edialog.com.br\/como-transformar-perfil-em-pagina-no-facebook\/"},"wordCount":1247,"commentCount":1,"publisher":{"@id":"https:\/\/www.edialog.com.br\/#organization"},"image":{"@id":"https:\/\/www.edialog.com.br\/como-transformar-perfil-em-pagina-no-facebook\/#primaryimage"},"thumbnailUrl":"https:\/\/www.edialog.com.br\/wp-content\/uploads\/2018\/06\/iStock-825103298-1024x768.jpg","articleSection":["Facebook","M\u00eddia Social"],"inLanguage":"es","potentialAction":[{"@type":"CommentAction","name":"Comment","target":["https:\/\/www.edialog.com.br\/como-transformar-perfil-em-pagina-no-facebook\/#respond"]}]},{"@type":"WebPage","@id":"https:\/\/www.edialog.com.br\/como-transformar-perfil-em-pagina-no-facebook\/","url":"https:\/\/www.edialog.com.br\/como-transformar-perfil-em-pagina-no-facebook\/","name":"Paso a paso para convertir tu perfil en una p\u00e1gina de Facebook","isPartOf":{"@id":"https:\/\/www.edialog.com.br\/#website"},"primaryImageOfPage":{"@id":"https:\/\/www.edialog.com.br\/como-transformar-perfil-em-pagina-no-facebook\/#primaryimage"},"image":{"@id":"https:\/\/www.edialog.com.br\/como-transformar-perfil-em-pagina-no-facebook\/#primaryimage"},"thumbnailUrl":"https:\/\/www.edialog.com.br\/wp-content\/uploads\/2018\/06\/iStock-825103298-1024x768.jpg","datePublished":"2018-06-12T19:28:45+00:00","dateModified":"2024-07-16T13:02:51+00:00","description":"S\u00e3o diversos os benef\u00edcios de utilizar as p\u00e1ginas para neg\u00f3cio. Se voc\u00ea ainda utiliza o perfil, clique e aprenda a transformar perfil em p\u00e1gina no Facebook!","breadcrumb":{"@id":"https:\/\/www.edialog.com.br\/como-transformar-perfil-em-pagina-no-facebook\/#breadcrumb"},"inLanguage":"es","potentialAction":[{"@type":"ReadAction","target":["https:\/\/www.edialog.com.br\/como-transformar-perfil-em-pagina-no-facebook\/"]}]},{"@type":"ImageObject","inLanguage":"es","@id":"https:\/\/www.edialog.com.br\/como-transformar-perfil-em-pagina-no-facebook\/#primaryimage","url":"https:\/\/www.edialog.com.br\/wp-content\/uploads\/2018\/06\/iStock-825103298-1024x768.jpg","contentUrl":"https:\/\/www.edialog.com.br\/wp-content\/uploads\/2018\/06\/iStock-825103298-1024x768.jpg"},{"@type":"BreadcrumbList","@id":"https:\/\/www.edialog.com.br\/como-transformar-perfil-em-pagina-no-facebook\/#breadcrumb","itemListElement":[{"@type":"ListItem","position":1,"name":"Home","item":"https:\/\/www.edialog.com.br\/"},{"@type":"ListItem","position":2,"name":"Facebook","item":"https:\/\/www.edialog.com.br\/category\/facebook\/"},{"@type":"ListItem","position":3,"name":"Como transformar perfil em p\u00e1gina no Facebook"}]},{"@type":"WebSite","@id":"https:\/\/www.edialog.com.br\/#website","url":"https:\/\/www.edialog.com.br\/","name":"Agencia de marketing entrante | E-Dialog","description":"Ag\u00eancia de Inbound Marketing premiada com solu\u00e7\u00f5es completas para o seu neg\u00f3cio. Atraia leads, com conte\u00fados \u00fanicos e envolventes. Solicite or\u00e7amento!","publisher":{"@id":"https:\/\/www.edialog.com.br\/#organization"},"potentialAction":[{"@type":"SearchAction","target":{"@type":"EntryPoint","urlTemplate":"https:\/\/www.edialog.com.br\/?s={search_term_string}"},"query-input":{"@type":"PropertyValueSpecification","valueRequired":true,"valueName":"search_term_string"}}],"inLanguage":"es"},{"@type":"Organization","@id":"https:\/\/www.edialog.com.br\/#organization","name":"Ag\u00eancia de M\u00eddias Sociais e Marketing Digital | E-Dialog","url":"https:\/\/www.edialog.com.br\/","logo":{"@type":"ImageObject","inLanguage":"es","@id":"https:\/\/www.edialog.com.br\/#\/schema\/logo\/image\/","url":"https:\/\/www.edialog.com.br\/wp-content\/uploads\/2021\/09\/edialog-logo-case.png","contentUrl":"https:\/\/www.edialog.com.br\/wp-content\/uploads\/2021\/09\/edialog-logo-case.png","width":810,"height":450,"caption":"Ag\u00eancia de M\u00eddias Sociais e Marketing Digital | E-Dialog"},"image":{"@id":"https:\/\/www.edialog.com.br\/#\/schema\/logo\/image\/"},"sameAs":["https:\/\/facebook.com\/edialogcomunicacao","https:\/\/x.com\/edialog_br","https:\/\/www.instagram.com\/edialog_br","https:\/\/www.linkedin.com\/company\/e-dialog-comunica-o-digital","https:\/\/www.youtube.com\/channel\/UCPiVQ_yVlcCqWS2sRzJZj7g"]},{"@type":"Person","@id":"https:\/\/www.edialog.com.br\/#\/schema\/person\/7f509934e54fd30b9d2d02cf51b60966","name":"Renan Caixeiro","image":{"@type":"ImageObject","inLanguage":"es","@id":"https:\/\/www.edialog.com.br\/wp-content\/uploads\/2023\/11\/renan-caixeiro-150x150.jpg","url":"https:\/\/www.edialog.com.br\/wp-content\/uploads\/2023\/11\/renan-caixeiro-150x150.jpg","contentUrl":"https:\/\/www.edialog.com.br\/wp-content\/uploads\/2023\/11\/renan-caixeiro-150x150.jpg","caption":"Renan Caixeiro"},"description":"S\u00f3cio Diretor na E-Dialog, \u00e9 graduado em Jornalismo e p\u00f3s-graduado em Comunica\u00e7\u00e3o Corporativa, ambos pela UFJF. Est\u00e1 \u00e0 frente do Reportei, SaaS de relat\u00f3rios e dashboards, \u00e9 host do Projeto SaaS, podcast que compartilha experi\u00eancias do universo de software as a service, e s\u00f3cio da Aquela Caixa, comunidade para profissionais de cria\u00e7\u00e3o. Torcedor do Vasco, tem como meta comprar o Gigante da Colina. LinkedIn: @renancaixeiro \/ Instagram: @renancaixeiro.","sameAs":["http:\/\/facebook.com\/renancaixeiro","https:\/\/www.instagram.com\/renancaixeiro\/","https:\/\/br.linkedin.com\/in\/renancaixeiro\/pt","https:\/\/x.com\/renancaixeiro"],"url":"https:\/\/www.edialog.com.br\/es\/author\/renancaixeiro\/"}]}},"_links":{"self":[{"href":"https:\/\/www.edialog.com.br\/es\/wp-json\/wp\/v2\/posts\/205859","targetHints":{"allow":["GET"]}}],"collection":[{"href":"https:\/\/www.edialog.com.br\/es\/wp-json\/wp\/v2\/posts"}],"about":[{"href":"https:\/\/www.edialog.com.br\/es\/wp-json\/wp\/v2\/types\/post"}],"author":[{"embeddable":true,"href":"https:\/\/www.edialog.com.br\/es\/wp-json\/wp\/v2\/users\/1"}],"replies":[{"embeddable":true,"href":"https:\/\/www.edialog.com.br\/es\/wp-json\/wp\/v2\/comments?post=205859"}],"version-history":[{"count":0,"href":"https:\/\/www.edialog.com.br\/es\/wp-json\/wp\/v2\/posts\/205859\/revisions"}],"wp:attachment":[{"href":"https:\/\/www.edialog.com.br\/es\/wp-json\/wp\/v2\/media?parent=205859"}],"wp:term":[{"taxonomy":"category","embeddable":true,"href":"https:\/\/www.edialog.com.br\/es\/wp-json\/wp\/v2\/categories?post=205859"},{"taxonomy":"post_tag","embeddable":true,"href":"https:\/\/www.edialog.com.br\/es\/wp-json\/wp\/v2\/tags?post=205859"}],"curies":[{"name":"wp","href":"https:\/\/api.w.org\/{rel}","templated":true}]}}