{"id":205809,"date":"2018-05-30T14:33:43","date_gmt":"2018-05-30T17:33:43","guid":{"rendered":"https:\/\/www.edialog.com.br\/?p=205809"},"modified":"2025-02-14T16:32:05","modified_gmt":"2025-02-14T19:32:05","slug":"destaques-do-rd-on-the-road-bh","status":"publish","type":"post","link":"https:\/\/www.edialog.com.br\/es\/destaques-do-rd-on-the-road-bh\/","title":{"rendered":"Lo m\u00e1s destacado de RD On The Road BH"},"content":{"rendered":"<p>O RD On The Road BH 2018 foi no dia 23 de mar\u00e7o, no Centro Cultural Minas T\u00eanis Clube. Esse \u00e9 um\u00a0evento realizado desde 2013 pela <a href=\"http:\/\/resultadosdigitais.com.br\/\" target=\"_blank\" rel=\"noopener\">Resultados digitales<\/a>. Nele, a empresa, que \u00e9 refer\u00eancia em marketing digital, leva a diversas regi\u00f5es do pa\u00eds muito conhecimento, de forma leve e din\u00e2mica, networking e gera\u00e7\u00e3o de neg\u00f3cios. Inclusive, esse \u00e9 considerado como o maior evento itinerante de Marketing Digital e Vendas da Am\u00e9rica Latina.<\/p>\n<p>Esse evento reuniu palestras de especialistas de marketing digital, al\u00e9m de uma feira de neg\u00f3cio. Assim, o p\u00fablico adquiriu conhecimento e realizou networking ao mesmo tempo que conhecia diversas iniciativas nos stands. N\u00f3s da E-dialog estivemos presentes e vamos passar o conhecimento a diante.<\/p>\n<p>Reunimos neste blog diversas dicas que aprendemos no RD On The Road BH. Ent\u00e3o, se voc\u00ea n\u00e3o compareceu e quer saber o que os palestrantes ensinaram, essa leitura vai te ajudar.<\/p>\n<h4>Leia tamb\u00e9m:\u00a0Como foi o RD Summit 2017 \u2013 5 insights sobre o evento<\/h4>\n<p style=\"text-align: center;\"><img fetchpriority=\"high\" decoding=\"async\" class=\"aligncenter wp-image-205819 size-full\" src=\"https:\/\/www.edialog.com.br\/wp-content\/uploads\/2018\/05\/edialog-rd-on-the-road-bh.png\" alt=\"Foto dos profissionais da E-dialog no evento RD On The Road BH\" width=\"595\" height=\"564\" \/> <em>Equipe da E-dialog no RD On The Road BH<\/em><\/p>\n<h2>1. Criatividade e Improviso com Marcio Ballas<\/h2>\n<p>O apresentador, improvisador e palestrante foi a <strong>primeira atra\u00e7\u00e3o do palco do RD On The Road BH<\/strong>. Em resumo, ele mostrou como cada um pode ser mais criativo que imagina. Al\u00e9m disso, exp\u00f4s como a criatividade pode ser usada para a solu\u00e7\u00e3o de problemas.<\/p>\n<h3>Como treinar a capacidade criativa<\/h3>\n<p>A lista a seguir foi transmitida por <a href=\"https:\/\/www.linkedin.com\/in\/marcio-ballas-233623b5\/\" target=\"_blank\" rel=\"noopener\">Marcio Ballas<\/a> no RD On The Road BH e \u00e9 muito \u00fatil para qualquer profissional. Estas atitudes nos permitem treina a capacidade criativa. Para isso, ele listou 7 dicas que formam a &#8220;<strong>CapaSIMta\u00e7\u00e3o&#8221;. <\/strong>Isto \u00e9:\u00a0comportamento criativo come\u00e7a com o indiv\u00edduo estando aberto, dizendo sim, para novas ideias:<\/p>\n<ul>\n<li>Aceita\u00e7\u00e3o<\/li>\n<li>Elimina\u00e7\u00e3o o medo do erro<\/li>\n<li>Trabalho com o que temos<\/li>\n<li>Improviso<\/li>\n<li>Adapta\u00e7\u00e3o e flexibilidade<\/li>\n<li>Cocria\u00e7\u00e3o<\/li>\n<li>Deixar o &#8220;n\u00e3o&#8221; de lado<\/li>\n<\/ul>\n<p><img decoding=\"async\" class=\"aligncenter wp-image-205820 size-full\" src=\"https:\/\/www.edialog.com.br\/wp-content\/uploads\/2018\/05\/marcio-ballas-rd-on-the-road-bh.png\" alt=\"Foto da palestra do Marcio Ballas no RD On The Road BH\" width=\"594\" height=\"594\" \/><\/p>\n<p>Um bom exemplo dado pelo palestrante \u00e9 o de um ator. Isso porque no ensaio para um espet\u00e1culo, o respons\u00e1vel pelas luzes errou diversas vezes. Com isso, o artista percebeu o riso da equipe presente nos bastidores. Surpreendentemente, em vez de insistir no acerto do profissional, ele decidiu manter o equ\u00edvoco para divertir o p\u00fablico. Dessa forma, nasceu um n\u00famero que arrancou risadas n\u00e3o s\u00f3 por todo o Brasil, mas pelo mundo. Isso porque seu n\u00famero foi escolhido para se apresentar no Cirque de Soleil.<\/p>\n<p>Ou seja, o profissional usou diversos itens da lista em apenas uma atitude. Isso significa que, <strong>para criarmos algo inovador, devemos estar dispostos a sair da zona de conforto<\/strong>. Porque ap\u00f3s tomarmos essa iniciativa, podemos seguir as dicas de Ballas e nos destacarmos frente \u00e0 concorr\u00eancia.<\/p>\n<h2>2. A Ci\u00eancia da Venda para o Marketing com\u00a0Lucia Haracemiv<\/h2>\n<p>A palestra da Lucia, da empresa DNA de Vendas, contribuiu bastante com o time comercial da E-dialog. Ela n\u00e3o apenas levou ao RD On The Road BH diversos conceitos, como tamb\u00e9m de forma din\u00e2mica. Sem d\u00favidas, o principal aprendizado foi o da <strong>uni\u00e3o do marketing com as vendas<\/strong>. As duas equipes precisam andar juntas para que a empresa tenha sucesso. Al\u00e9m disso, <strong>a conex\u00e3o desses dois setores capta mais oportunidades de neg\u00f3cios<\/strong>.<\/p>\n<p><img decoding=\"async\" class=\"aligncenter wp-image-205822 size-full\" src=\"https:\/\/www.edialog.com.br\/wp-content\/uploads\/2018\/05\/dna-de-vendas-rd-on-the-road-bh.png\" alt=\"Foto da palestra de Lucia Haracemiv no RD On The Road BH\" width=\"599\" height=\"577\" \/><\/p>\n<p><a href=\"https:\/\/www.linkedin.com\/in\/lucia-haracemiv-27920922\/\" target=\"_blank\" rel=\"noopener\">Lucia Haracemiv<\/a>\u00a0explicou que \u00e9 muito importante <strong>saber interpretar todas as m\u00e9tricas<\/strong> para identificar problemas e corrigir o quanto antes. Isso se aplica tanto no trabalho dos <a href=\"https:\/\/www.edialog.com.br\/es\/profesionales-del-marketing-digital\/\">profissionais de marketing<\/a> quanto nas vendas. Ou seja, quando o lead n\u00e3o converte, precisamos saber para onde ele vai.<\/p>\n<p>Dessa forma, absorvemos diversas formas de aliar essas duas \u00e1reas da empresa. A maneira como isso acontecer\u00e1 depende de diversos fatores. Entre eles, podemos citar o n\u00famero de profissionais, a cultura da marca, o setor, a forma de trabalho, entre outros. Por\u00e9m, entendemos que essa uni\u00e3o \u00e9 essencial para o crescimento exponencial dos neg\u00f3cios fechados. Entre algumas formas de aliar o marketing e as vendas, elencamos os tr\u00eas abaixo.<\/p>\n<h3>3 h\u00e1bitos para aliar os setores de marketing e vendas:<\/h3>\n<ul>\n<li>Quando o lead for indicado para vendas, o marketing deve saber<\/li>\n<li>O marketing deve munir vendas com informa\u00e7\u00f5es, e o time comercial deve passar feedback<\/li>\n<li>\u00c9 muito importante entender por quais motivos os leads n\u00e3o est\u00e3o convertendo<\/li>\n<\/ul>\n<p>Todas essas pr\u00e1ticas formam bases para melhorar o trabalho no <a href=\"https:\/\/www.edialog.com.br\/es\/smarketing\/\">marketing y ventas<\/a>. Compreender todo esse processo \u00e9 a chave para aperfei\u00e7oar cada vez mais a ag\u00eancia.<\/p>\n<p>Leitura complementar: <a href=\"https:\/\/www.edialog.com.br\/es\/midia-social\/auditoria\/\" target=\"_blank\" rel=\"noopener\">Auditoria do funil de vendas &#8211; aprenda e melhore os resultados da sua empresa<\/a><\/p>\n<h2>3. Dominando o Google: os segredos de SEO do maior blog de marketing de conte\u00fado do pa\u00eds com Vitor Pe\u00e7anha<\/h2>\n<p><a href=\"https:\/\/www.linkedin.com\/in\/pecanha\/\" target=\"_blank\" rel=\"noopener\">Vitor Pe\u00e7anha,\u00a0<\/a>fundador da empresa Rock Content, realizou uma excelente palestra no RD On The Road BH. Foram muitas dicas realmente \u00fateis para quem est\u00e1 iniciando ou quer aprimorar suas <a href=\"https:\/\/www.edialog.com.br\/es\/marketing-de-conteudo\/\">estrat\u00e9gias de marketing de conte\u00fado<\/a>. A seguir, mostraremos o conceito principal de sua palestra, sendo poss\u00edvel analisar a situa\u00e7\u00e3o da sua empresa e produzir melhoras significativas.<\/p>\n<h3><img loading=\"lazy\" decoding=\"async\" class=\"aligncenter wp-image-205817 size-full\" src=\"https:\/\/www.edialog.com.br\/wp-content\/uploads\/2018\/05\/vitor-pecanha-rd-on-the-road-bh.png\" alt=\"Foto da palestra do Vitor Pe\u00e7anha sobre SEO no RD On The Road BH\" width=\"600\" height=\"574\" \/><\/h3>\n<h3>Caracter\u00edsticas do bom profissional de SEO<\/h3>\n<h4>3.1 &#8211; Telepatia<\/h4>\n<p>\u00c9 preciso que o profissional trabalhe como se lesse a mente das pessoas. Isso porque cada um deixa um &#8220;rastro&#8221; por onde passa na internet. Dessa forma, o profissional deve usar esses dados em seu benef\u00edcio. Dentro dessa estrat\u00e9gia, o primeiro passo \u00e9 encontrar a melhor palavra chave. Portanto, o ideal \u00e9 utilizar todas as ferramentas dispon\u00edveis para esse objetivo.<\/p>\n<h4>3.2 &#8211;\u00a0Sedu\u00e7\u00e3o<\/h4>\n<p>Para seduzir o leitor, o t\u00edtulo e o subt\u00edtulo devem chamar sua aten\u00e7\u00e3o. Por isso, investir um tempo nessa parte do texto pode ajudar bastante no rankeamento.<\/p>\n<h4>3.3 &#8211; Encanto<\/h4>\n<p>Encantar \u00e9 prender a aten\u00e7\u00e3o da pessoa. Tal caracter\u00edstica envolve o conte\u00fado do blog. E dentro disso, a introdu\u00e7\u00e3o \u00e9 muito importante para manter a curiosidade e o interesse do leitor para o restante do texto.<\/p>\n<h4>3.4 &#8211; Disposi\u00e7\u00e3o para briga<\/h4>\n<p>A briga no caso do SEO \u00e9 sobre a primeira p\u00e1gina no Google. Ou melhor, a primeira posi\u00e7\u00e3o nesta p\u00e1gina. De nada adianta produzir um bom conte\u00fado se n\u00e3o lutar para que ele esteja \u00e0 frente dos concorrentes.<\/p>\n<h2>4. L\u00edder Empreendedor com Arthur Diniz<\/h2>\n<p>Assim como a trilha de conte\u00fados escolhida no\u00a0<a href=\"https:\/\/www.edialog.com.br\/es\/marketing-inbound\/como-foi-o-rd-summit\/\" target=\"_blank\" rel=\"noopener\">RD Summit 2017,\u00a0<\/a>a Resultados Digitais procurou trazer conte\u00fados n\u00e3o s\u00f3 com as tem\u00e1ticas do Marketing Digital, mas tamb\u00e9m sobre<strong>\u00a0gest\u00e3o<\/strong>.<\/p>\n<p><a href=\"https:\/\/www.linkedin.com\/in\/arthudiniz\/?locale=pt_BR\">Arthur Diniz<\/a>\u00a0\u00e9 diretor da empresa Crescimentum, que atua na forma\u00e7\u00e3o de l\u00edderes extraordin\u00e1rios. Em sua fala, ele abordou como o cen\u00e1rio mudou. E, por isso, hoje o l\u00edder do futuro deve se atentar para um ambiente de crescimento exponencial. Para lidar com essas transforma\u00e7\u00f5es do mercado, <strong>o l\u00edder deve empoderar e dar mais liberdade<\/strong> para sua equipe.<\/p>\n<p><img loading=\"lazy\" decoding=\"async\" class=\"aligncenter wp-image-205824 size-full\" src=\"https:\/\/www.edialog.com.br\/wp-content\/uploads\/2018\/05\/arthur-diniz-rd-on-the-road-bh.jpeg\" alt=\"Foto da palestra do Arthur Diniz sobre lideran\u00e7a no RD On The Road BH\" width=\"595\" height=\"524\" \/><\/p>\n<h3>7 segredos do l\u00edder do futuro:<\/h3>\n<ul>\n<li>Tenha prop\u00f3sito como base de tudo<\/li>\n<li>Desenvolva uma doutrina baseada em valores<\/li>\n<li>Construa uma cultura baseada nessa doutrina<\/li>\n<li>Treine e desenvolva<\/li>\n<li>D\u00ea autoridade e espa\u00e7o<\/li>\n<li>Incentive ideias e aprenda com os erros<\/li>\n<li>Use o feedback para acelerar os processos de aprendizado<\/li>\n<\/ul>\n<h2>5. V\u00eddeos com Camilo Coutinho no RD On The Road BH<\/h2>\n<p>Criador do canal <a href=\"https:\/\/www.youtube.com\/channel\/UCE617NVLMJ6Cjcx-nXsKYDw\" target=\"_blank\" rel=\"noopener\">Play de Prata<\/a> e especialista em <a href=\"https:\/\/www.edialog.com.br\/es\/o-que-e-video-marketing\/\">marketing de v\u00eddeo<\/a>, Camilo Coutinho foi um grande destaque do RD On The Road BH. Ele explicou que o conte\u00fado audiovisual na internet precisa ser composto pelos 3 P&#8217;s:<\/p>\n<ul>\n<li>Pessoas<\/li>\n<li>Prop\u00f3sito<\/li>\n<li>Plataforma<\/li>\n<\/ul>\n<h3>O que levar em conta para criar o v\u00eddeo<\/h3>\n<ul>\n<li>Audi\u00eancia<\/li>\n<li>El contenido de<\/li>\n<li>Estrategia<\/li>\n<li>Consist\u00eancia<\/li>\n<\/ul>\n<p><a href=\"https:\/\/www.linkedin.com\/in\/camilocoutinho\/\" target=\"_blank\" rel=\"noopener\">Camilo Coutinho<\/a> mostrou tamb\u00e9m, na pr\u00e1tica, como podemos criar o <strong>roteiro perfeito.<\/strong> Nele, deve estar o que ser\u00e1 ensinado, como quem est\u00e1 assistindo pode usar, quem \u00e9 o cliente desse produto ou servi\u00e7o, em qual situa\u00e7\u00e3o a pessoa consome, o diferencial do que est\u00e1 sendo mostrado e, por fim, o que acontecer\u00e1 com quem n\u00e3o seguir as dicas propostas no v\u00eddeo.<\/p>\n<p>\u00c9 claro que a melhor forma de ilustrar a palestra de Camilo Coutinho \u00e9 com o audiovisual. No trecho, ele simulou um v\u00eddeo sobre o assunto sugerido. E, eu que escrevo o blog para voc\u00eas, n\u00e3o perdi a oportunidade e me voluntariei para subir ao palco. Minha proposta para o tema do v\u00eddeo, foi sobre maquiagem:\u00a0como passar o delineador gatinho.<\/p>\n<p>A experi\u00eancia foi muito bacana e ainda me convenceu que realmente\u00a0<strong>com o modelo de roteiro proposto por Camilo, podemos falar sobre qualquer tema<\/strong>. D\u00ea o play e confira.<\/p>\n<div style=\"width: 480px;\" class=\"wp-video\"><video class=\"wp-video-shortcode\" id=\"video-205809-1\" width=\"480\" height=\"480\" preload=\"metadata\" controls=\"controls\"><source type=\"video\/mp4\" src=\"https:\/\/www.edialog.com.br\/wp-content\/uploads\/2018\/05\/WhatsApp-Video-2018-05-29-at-17.28.11.mp4?_=1\" \/><a href=\"https:\/\/www.edialog.com.br\/wp-content\/uploads\/2018\/05\/WhatsApp-Video-2018-05-29-at-17.28.11.mp4\">https:\/\/www.edialog.com.br\/wp-content\/uploads\/2018\/05\/WhatsApp-Video-2018-05-29-at-17.28.11.mp4<\/a><\/video><\/div>\n<h2>6. Marketing do futuro. Como entrar na cabe\u00e7a do consumidor com Fernando Kimura<\/h2>\n<p>Especialista em neuromarketing, Fernando Kimura mostrou n\u00e3o s\u00f3 estrat\u00e9gias para profissionais de marketing, como tamb\u00e9m os <strong>sentimentos que nos cercam como consumidores<\/strong>. O conceito que nos marcou \u00e9 o de que buscamos recompensas, principalmente a longo prazo, em nossas compras. O palestrante exemplificou isso com uma s\u00e9rie de lembran\u00e7as de nossa inf\u00e2ncia.<\/p>\n<p>Por serem aspectos muito visuais e auditivos, muitos pontos n\u00e3o cabem neste blog. Por\u00e9m, vale destacar uma lista passada por Kimura no RD On The Road BH. Abaixo, voc\u00ea confere tamb\u00e9m como o profissional manteve o humor para transmitir seu conhecimento!<\/p>\n<h3>Por que as pessoas compram?<\/h3>\n<ul>\n<li>Inclus\u00e3o<\/li>\n<li>Conquista<\/li>\n<li>Emo\u00e7\u00e3o<\/li>\n<li>Necessidade<\/li>\n<li>Desejo<\/li>\n<li>Estado<\/li>\n<li>Prazer<\/li>\n<li>Inveja<\/li>\n<li>Experi\u00eancia<\/li>\n<\/ul>\n<blockquote class=\"instagram-media\" style=\"background: #FFF; border: 0; border-radius: 3px; box-shadow: 0 0 1px 0 rgba(0,0,0,0.5),0 1px 10px 0 rgba(0,0,0,0.15); margin: 1px; max-width: 658px; padding: 0; width: calc(100% - 2px);\" data-instgrm-captioned=\"\" data-instgrm-permalink=\"https:\/\/www.instagram.com\/p\/BjKBNrxH3DJ\/\" data-instgrm-version=\"8\">\n<div style=\"padding: 8px;\">\n<div style=\"background: #F8F8F8; line-height: 0; margin-top: 40px; padding: 27.500000000000004% 0; text-align: center; width: 100%;\">\n<div style=\"background: url(data:image\/png; base64,ivborw0kggoaaaansuheugaaacwaaaascamaaaapwqozaaaabgdbtueaalgpc\/xhbqaaaafzukdcak7ohokaaaamuexurczmzpf399fx1+bm5mzy9amaaadisurbvdjlvzxbesmgces5\/p8\/t9furvcrmu73jwlzosgsiizurcjo\/ad+eqjjb4hv8bft+idpqocx1wjosbfhh2xssxeiyn3uli\/6mnree07uiwjev8ueowds88ly97kqytlijkktuybbruayvh5wohixmpi5we58ek028czwyuqdlkpg1bkb4nnm+veanfhqn1k4+gpt6ugqcvu2h2ovuif\/gwufyy8owepdyzsa3avcqpvovvzzz2vtnn2wu8qzvjddeto90gsy9mvlqtgysy231mxry6i2ggqjrty0l8fxcxfcbbhwrsyyaaaaaelftksuqmcc); display: block; height: 44px; margin: 0 auto -44px; position: relative; top: -22px; width: 44px;\"><\/div>\n<\/div>\n<p style=\"margin: 8px 0 0 0; padding: 0 4px;\"><a style=\"color: #000; font-family: Arial,sans-serif; font-size: 14px; font-style: normal; font-weight: normal; line-height: 17px; text-decoration: none; word-wrap: break-word;\" href=\"https:\/\/www.instagram.com\/p\/BjKBNrxH3DJ\/\" target=\"_blank\" rel=\"noopener\">Valeska Popozuda, quem aqui nunca ouviu falar? :) #rdontheroad2018 #rdontheroadbh<\/a><\/p>\n<p style=\"color: #c9c8cd; font-family: Arial,sans-serif; font-size: 14px; line-height: 17px; margin-bottom: 0; margin-top: 8px; overflow: hidden; padding: 8px 0 7px; text-align: center; text-overflow: ellipsis; white-space: nowrap;\">Uma publica\u00e7\u00e3o compartilhada por <a style=\"color: #c9c8cd; font-family: Arial,sans-serif; font-size: 14px; font-style: normal; font-weight: normal; line-height: 17px;\" href=\"https:\/\/www.instagram.com\/fernandokimura\/\" target=\"_blank\" rel=\"noopener\"> Fernando Kimura<\/a> (@fernandokimura) em <time style=\"font-family: Arial,sans-serif; font-size: 14px; line-height: 17px;\" datetime=\"2018-05-24T10:19:27+00:00\">24 de Mai, 2018 \u00e0s 3:19 PDT<\/time><\/p>\n<\/div>\n<\/blockquote>\n<p><script async defer src=\"\/\/www.instagram.com\/embed.js\"><\/script><\/p>\n<h2>7.\u00a0Marketing Digital na Pr\u00e1tica: as dicas para 2018 com Andr\u00e9 Siqueira<\/h2>\n<p>O diretor de marketing da Resultados Digitais se destacou no RD on The Road BH. Isso porque ele transmitiu uma gama de conhecimento muito grande no curto espa\u00e7o de tempo que tinha no palco.<\/p>\n<p><img loading=\"lazy\" decoding=\"async\" class=\"alignnone size-full wp-image-205829 aligncenter\" src=\"https:\/\/www.edialog.com.br\/wp-content\/uploads\/2018\/05\/andre-siqueira-resultados-digitais-rd-on-the-road-bh.png\" alt=\"Foto da palestra do diretor de marketing da Resultados Digitais, Andr\u00e9 Siqueira, no RD On The Road BH\" width=\"585\" height=\"416\" \/><\/p>\n<p>Foram 15 dicas enumeradas por <a href=\"https:\/\/www.linkedin.com\/in\/andregcsiqueira\/\" target=\"_blank\" rel=\"noopener\">Andr\u00e9 Siqueira<\/a> como tend\u00eancias da \u00e1rea para 2018. Por\u00e9m, o que todas t\u00eam em comum \u00e9 o <strong>foco na estrat\u00e9gia e na personaliza\u00e7\u00e3o<\/strong>. Isto \u00e9: na era em que os conhecimentos sobre marketing digital est\u00e3o bem disseminados, a intelig\u00eancia se destaca. Portanto, n\u00e3o basta ter conhecimento das t\u00e9cnicas. O ideal \u00e9 estar sempre de olho nos lan\u00e7amentos da \u00e1rea, ferramentas e tamb\u00e9m outras formas de facilitar a experi\u00eancia do p\u00fablico.<\/p>\n<p>Andr\u00e9 mostrou a <strong>import\u00e2ncia de realizar o networking<\/strong> em eventos como esse. Ou seja, trocar conhecimento com profissionais da \u00e1rea \u00e9 essencial para elaborar novas propostas para determinada empresa. Uma sacada super bacana \u00e9 a de criar um grupo no WhatsApp com contatos do RD On The Road BH &#8211; ou outro evento. Ent\u00e3o, trocar experi\u00eancias e combinar encontros com as pessoas. Com certeza, \u00e9 uma maneira de aproveitar as conversas e se inserir ainda mais no meio.<\/p>\n<h4><a href=\"https:\/\/www.edialog.com.br\/es\/profesionales-del-marketing-digital\/\" target=\"_blank\" rel=\"noopener\">Para acompanhar profissionais de sucesso na \u00e1rea, leia: 10 profissionais de marketing digital para se inspirar<\/a><\/h4>","protected":false},"excerpt":{"rendered":"<p>O RD On The Road BH 2018 foi no dia 23 de mar\u00e7o, no Centro Cultural Minas T\u00eanis Clube. Esse \u00e9 um\u00a0evento realizado desde 2013 pela Resultados Digitais. Nele, a empresa, que \u00e9 refer\u00eancia em marketing digital, leva a diversas regi\u00f5es do pa\u00eds muito conhecimento, de forma leve e din\u00e2mica, networking e gera\u00e7\u00e3o de neg\u00f3cios. [&hellip;]<\/p>\n","protected":false},"author":1,"featured_media":0,"comment_status":"open","ping_status":"open","sticky":false,"template":"","format":"standard","meta":{"_acf_changed":false,"content-type":"","footnotes":""},"categories":[580],"tags":[],"class_list":["post-205809","post","type-post","status-publish","format-standard","hentry","category-marketing-digital"],"acf":[],"yoast_head":"<!-- This site is optimized with the Yoast SEO Premium plugin v27.5 (Yoast SEO v27.5) - https:\/\/yoast.com\/product\/yoast-seo-premium-wordpress\/ -->\n<title>Destaques e resumo das palestras do RD On The Road BH<\/title>\n<meta name=\"description\" content=\"Confira um resumo das palestras do RD On The Road BH. Especialistas de marketing, vendas e lideran\u00e7a apresentaram novidades!\" \/>\n<meta name=\"robots\" content=\"index, follow, max-snippet:-1, max-image-preview:large, max-video-preview:-1\" \/>\n<link rel=\"canonical\" href=\"https:\/\/www.edialog.com.br\/es\/destaques-do-rd-on-the-road-bh\/\" \/>\n<meta property=\"og:locale\" content=\"es_ES\" \/>\n<meta property=\"og:type\" content=\"article\" \/>\n<meta property=\"og:title\" content=\"Destaques do RD On The Road BH\" \/>\n<meta property=\"og:description\" content=\"Confira um resumo das palestras do RD On The Road BH. Especialistas de marketing, vendas e lideran\u00e7a apresentaram novidades!\" \/>\n<meta property=\"og:url\" content=\"https:\/\/www.edialog.com.br\/es\/destaques-do-rd-on-the-road-bh\/\" \/>\n<meta property=\"og:site_name\" content=\"Ag\u00eancia de Inbound Marketing | E-Dialog\" \/>\n<meta property=\"article:publisher\" content=\"https:\/\/facebook.com\/edialogcomunicacao\" \/>\n<meta property=\"article:author\" content=\"http:\/\/facebook.com\/renancaixeiro\" \/>\n<meta property=\"article:published_time\" content=\"2018-05-30T17:33:43+00:00\" \/>\n<meta property=\"article:modified_time\" content=\"2025-02-14T19:32:05+00:00\" \/>\n<meta property=\"og:image\" content=\"https:\/\/www.edialog.com.br\/wp-content\/uploads\/2021\/09\/edialog-logo-case.png\" \/>\n\t<meta property=\"og:image:width\" content=\"810\" \/>\n\t<meta property=\"og:image:height\" content=\"450\" \/>\n\t<meta property=\"og:image:type\" content=\"image\/png\" \/>\n<meta name=\"author\" content=\"Renan Caixeiro\" \/>\n<meta name=\"twitter:label1\" content=\"Escrito por\" \/>\n\t<meta name=\"twitter:data1\" content=\"Renan Caixeiro\" \/>\n\t<meta name=\"twitter:label2\" content=\"Tiempo de lectura\" \/>\n\t<meta name=\"twitter:data2\" content=\"11 minutos\" \/>\n<script type=\"application\/ld+json\" class=\"yoast-schema-graph\">{\"@context\":\"https:\\\/\\\/schema.org\",\"@graph\":[{\"@type\":[\"Article\",\"BlogPosting\"],\"@id\":\"https:\\\/\\\/www.edialog.com.br\\\/destaques-do-rd-on-the-road-bh\\\/#article\",\"isPartOf\":{\"@id\":\"https:\\\/\\\/www.edialog.com.br\\\/destaques-do-rd-on-the-road-bh\\\/\"},\"author\":{\"name\":\"Renan Caixeiro\",\"@id\":\"https:\\\/\\\/www.edialog.com.br\\\/#\\\/schema\\\/person\\\/7f509934e54fd30b9d2d02cf51b60966\"},\"headline\":\"Destaques do RD On The Road BH\",\"datePublished\":\"2018-05-30T17:33:43+00:00\",\"dateModified\":\"2025-02-14T19:32:05+00:00\",\"mainEntityOfPage\":{\"@id\":\"https:\\\/\\\/www.edialog.com.br\\\/destaques-do-rd-on-the-road-bh\\\/\"},\"wordCount\":1815,\"commentCount\":1,\"publisher\":{\"@id\":\"https:\\\/\\\/www.edialog.com.br\\\/#organization\"},\"image\":{\"@id\":\"https:\\\/\\\/www.edialog.com.br\\\/destaques-do-rd-on-the-road-bh\\\/#primaryimage\"},\"thumbnailUrl\":\"https:\\\/\\\/www.edialog.com.br\\\/wp-content\\\/uploads\\\/2018\\\/05\\\/edialog-rd-on-the-road-bh.png\",\"articleSection\":[\"Marketing Digital\"],\"inLanguage\":\"es\",\"potentialAction\":[{\"@type\":\"CommentAction\",\"name\":\"Comment\",\"target\":[\"https:\\\/\\\/www.edialog.com.br\\\/destaques-do-rd-on-the-road-bh\\\/#respond\"]}]},{\"@type\":\"WebPage\",\"@id\":\"https:\\\/\\\/www.edialog.com.br\\\/destaques-do-rd-on-the-road-bh\\\/\",\"url\":\"https:\\\/\\\/www.edialog.com.br\\\/destaques-do-rd-on-the-road-bh\\\/\",\"name\":\"Destaques e resumo das palestras do RD On The Road BH\",\"isPartOf\":{\"@id\":\"https:\\\/\\\/www.edialog.com.br\\\/#website\"},\"primaryImageOfPage\":{\"@id\":\"https:\\\/\\\/www.edialog.com.br\\\/destaques-do-rd-on-the-road-bh\\\/#primaryimage\"},\"image\":{\"@id\":\"https:\\\/\\\/www.edialog.com.br\\\/destaques-do-rd-on-the-road-bh\\\/#primaryimage\"},\"thumbnailUrl\":\"https:\\\/\\\/www.edialog.com.br\\\/wp-content\\\/uploads\\\/2018\\\/05\\\/edialog-rd-on-the-road-bh.png\",\"datePublished\":\"2018-05-30T17:33:43+00:00\",\"dateModified\":\"2025-02-14T19:32:05+00:00\",\"description\":\"Confira um resumo das palestras do RD On The Road BH. Especialistas de marketing, vendas e lideran\u00e7a apresentaram novidades!\",\"breadcrumb\":{\"@id\":\"https:\\\/\\\/www.edialog.com.br\\\/destaques-do-rd-on-the-road-bh\\\/#breadcrumb\"},\"inLanguage\":\"es\",\"potentialAction\":[{\"@type\":\"ReadAction\",\"target\":[\"https:\\\/\\\/www.edialog.com.br\\\/destaques-do-rd-on-the-road-bh\\\/\"]}]},{\"@type\":\"ImageObject\",\"inLanguage\":\"es\",\"@id\":\"https:\\\/\\\/www.edialog.com.br\\\/destaques-do-rd-on-the-road-bh\\\/#primaryimage\",\"url\":\"https:\\\/\\\/www.edialog.com.br\\\/wp-content\\\/uploads\\\/2018\\\/05\\\/edialog-rd-on-the-road-bh.png\",\"contentUrl\":\"https:\\\/\\\/www.edialog.com.br\\\/wp-content\\\/uploads\\\/2018\\\/05\\\/edialog-rd-on-the-road-bh.png\"},{\"@type\":\"BreadcrumbList\",\"@id\":\"https:\\\/\\\/www.edialog.com.br\\\/destaques-do-rd-on-the-road-bh\\\/#breadcrumb\",\"itemListElement\":[{\"@type\":\"ListItem\",\"position\":1,\"name\":\"Home\",\"item\":\"https:\\\/\\\/www.edialog.com.br\\\/\"},{\"@type\":\"ListItem\",\"position\":2,\"name\":\"Marketing Digital\",\"item\":\"https:\\\/\\\/www.edialog.com.br\\\/category\\\/marketing-digital\\\/\"},{\"@type\":\"ListItem\",\"position\":3,\"name\":\"Destaques do RD On The Road BH\"}]},{\"@type\":\"WebSite\",\"@id\":\"https:\\\/\\\/www.edialog.com.br\\\/#website\",\"url\":\"https:\\\/\\\/www.edialog.com.br\\\/\",\"name\":\"Ag\u00eancia de Inbound Marketing | E-Dialog\",\"description\":\"Ag\u00eancia de Inbound Marketing premiada com solu\u00e7\u00f5es completas para o seu neg\u00f3cio. Atraia leads, com conte\u00fados \u00fanicos e envolventes. Solicite or\u00e7amento!\",\"publisher\":{\"@id\":\"https:\\\/\\\/www.edialog.com.br\\\/#organization\"},\"potentialAction\":[{\"@type\":\"SearchAction\",\"target\":{\"@type\":\"EntryPoint\",\"urlTemplate\":\"https:\\\/\\\/www.edialog.com.br\\\/?s={search_term_string}\"},\"query-input\":{\"@type\":\"PropertyValueSpecification\",\"valueRequired\":true,\"valueName\":\"search_term_string\"}}],\"inLanguage\":\"es\"},{\"@type\":\"Organization\",\"@id\":\"https:\\\/\\\/www.edialog.com.br\\\/#organization\",\"name\":\"Ag\u00eancia de M\u00eddias Sociais e Marketing Digital | E-Dialog\",\"url\":\"https:\\\/\\\/www.edialog.com.br\\\/\",\"logo\":{\"@type\":\"ImageObject\",\"inLanguage\":\"es\",\"@id\":\"https:\\\/\\\/www.edialog.com.br\\\/#\\\/schema\\\/logo\\\/image\\\/\",\"url\":\"https:\\\/\\\/www.edialog.com.br\\\/wp-content\\\/uploads\\\/2021\\\/09\\\/edialog-logo-case.png\",\"contentUrl\":\"https:\\\/\\\/www.edialog.com.br\\\/wp-content\\\/uploads\\\/2021\\\/09\\\/edialog-logo-case.png\",\"width\":810,\"height\":450,\"caption\":\"Ag\u00eancia de M\u00eddias Sociais e Marketing Digital | E-Dialog\"},\"image\":{\"@id\":\"https:\\\/\\\/www.edialog.com.br\\\/#\\\/schema\\\/logo\\\/image\\\/\"},\"sameAs\":[\"https:\\\/\\\/facebook.com\\\/edialogcomunicacao\",\"https:\\\/\\\/x.com\\\/edialog_br\",\"https:\\\/\\\/www.instagram.com\\\/edialog_br\",\"https:\\\/\\\/www.linkedin.com\\\/company\\\/e-dialog-comunica-o-digital\",\"https:\\\/\\\/www.youtube.com\\\/channel\\\/UCPiVQ_yVlcCqWS2sRzJZj7g\"]},{\"@type\":\"Person\",\"@id\":\"https:\\\/\\\/www.edialog.com.br\\\/#\\\/schema\\\/person\\\/7f509934e54fd30b9d2d02cf51b60966\",\"name\":\"Renan Caixeiro\",\"image\":{\"@type\":\"ImageObject\",\"inLanguage\":\"es\",\"@id\":\"https:\\\/\\\/www.edialog.com.br\\\/wp-content\\\/uploads\\\/2023\\\/11\\\/renan-caixeiro-150x150.jpg\",\"url\":\"https:\\\/\\\/www.edialog.com.br\\\/wp-content\\\/uploads\\\/2023\\\/11\\\/renan-caixeiro-150x150.jpg\",\"contentUrl\":\"https:\\\/\\\/www.edialog.com.br\\\/wp-content\\\/uploads\\\/2023\\\/11\\\/renan-caixeiro-150x150.jpg\",\"caption\":\"Renan Caixeiro\"},\"description\":\"S\u00f3cio Diretor na E-Dialog, \u00e9 graduado em Jornalismo e p\u00f3s-graduado em Comunica\u00e7\u00e3o Corporativa, ambos pela UFJF. Est\u00e1 \u00e0 frente do Reportei, SaaS de relat\u00f3rios e dashboards, \u00e9 host do Projeto SaaS, podcast que compartilha experi\u00eancias do universo de software as a service, e s\u00f3cio da Aquela Caixa, comunidade para profissionais de cria\u00e7\u00e3o. Torcedor do Vasco, tem como meta comprar o Gigante da Colina. LinkedIn: @renancaixeiro \\\/ Instagram: @renancaixeiro.\",\"sameAs\":[\"http:\\\/\\\/facebook.com\\\/renancaixeiro\",\"https:\\\/\\\/www.instagram.com\\\/renancaixeiro\\\/\",\"https:\\\/\\\/br.linkedin.com\\\/in\\\/renancaixeiro\\\/pt\",\"https:\\\/\\\/x.com\\\/renancaixeiro\"],\"url\":\"https:\\\/\\\/www.edialog.com.br\\\/es\\\/author\\\/renancaixeiro\\\/\"}]}<\/script>\n<!-- \/ Yoast SEO Premium plugin. -->","yoast_head_json":{"title":"Destaques e resumo das palestras do RD On The Road BH","description":"Confira um resumo das palestras do RD On The Road BH. Especialistas de marketing, vendas e lideran\u00e7a apresentaram novidades!","robots":{"index":"index","follow":"follow","max-snippet":"max-snippet:-1","max-image-preview":"max-image-preview:large","max-video-preview":"max-video-preview:-1"},"canonical":"https:\/\/www.edialog.com.br\/es\/destaques-do-rd-on-the-road-bh\/","og_locale":"es_ES","og_type":"article","og_title":"Destaques do RD On The Road BH","og_description":"Confira um resumo das palestras do RD On The Road BH. Especialistas de marketing, vendas e lideran\u00e7a apresentaram novidades!","og_url":"https:\/\/www.edialog.com.br\/es\/destaques-do-rd-on-the-road-bh\/","og_site_name":"Ag\u00eancia de Inbound Marketing | E-Dialog","article_publisher":"https:\/\/facebook.com\/edialogcomunicacao","article_author":"http:\/\/facebook.com\/renancaixeiro","article_published_time":"2018-05-30T17:33:43+00:00","article_modified_time":"2025-02-14T19:32:05+00:00","og_image":[{"width":810,"height":450,"url":"https:\/\/www.edialog.com.br\/wp-content\/uploads\/2021\/09\/edialog-logo-case.png","type":"image\/png"}],"author":"Renan Caixeiro","twitter_misc":{"Escrito por":"Renan Caixeiro","Tiempo de lectura":"11 minutos"},"schema":{"@context":"https:\/\/schema.org","@graph":[{"@type":["Article","BlogPosting"],"@id":"https:\/\/www.edialog.com.br\/destaques-do-rd-on-the-road-bh\/#article","isPartOf":{"@id":"https:\/\/www.edialog.com.br\/destaques-do-rd-on-the-road-bh\/"},"author":{"name":"Renan Caixeiro","@id":"https:\/\/www.edialog.com.br\/#\/schema\/person\/7f509934e54fd30b9d2d02cf51b60966"},"headline":"Destaques do RD On The Road BH","datePublished":"2018-05-30T17:33:43+00:00","dateModified":"2025-02-14T19:32:05+00:00","mainEntityOfPage":{"@id":"https:\/\/www.edialog.com.br\/destaques-do-rd-on-the-road-bh\/"},"wordCount":1815,"commentCount":1,"publisher":{"@id":"https:\/\/www.edialog.com.br\/#organization"},"image":{"@id":"https:\/\/www.edialog.com.br\/destaques-do-rd-on-the-road-bh\/#primaryimage"},"thumbnailUrl":"https:\/\/www.edialog.com.br\/wp-content\/uploads\/2018\/05\/edialog-rd-on-the-road-bh.png","articleSection":["Marketing Digital"],"inLanguage":"es","potentialAction":[{"@type":"CommentAction","name":"Comment","target":["https:\/\/www.edialog.com.br\/destaques-do-rd-on-the-road-bh\/#respond"]}]},{"@type":"WebPage","@id":"https:\/\/www.edialog.com.br\/destaques-do-rd-on-the-road-bh\/","url":"https:\/\/www.edialog.com.br\/destaques-do-rd-on-the-road-bh\/","name":"Destaques e resumo das palestras do RD On The Road BH","isPartOf":{"@id":"https:\/\/www.edialog.com.br\/#website"},"primaryImageOfPage":{"@id":"https:\/\/www.edialog.com.br\/destaques-do-rd-on-the-road-bh\/#primaryimage"},"image":{"@id":"https:\/\/www.edialog.com.br\/destaques-do-rd-on-the-road-bh\/#primaryimage"},"thumbnailUrl":"https:\/\/www.edialog.com.br\/wp-content\/uploads\/2018\/05\/edialog-rd-on-the-road-bh.png","datePublished":"2018-05-30T17:33:43+00:00","dateModified":"2025-02-14T19:32:05+00:00","description":"Confira um resumo das palestras do RD On The Road BH. Especialistas de marketing, vendas e lideran\u00e7a apresentaram novidades!","breadcrumb":{"@id":"https:\/\/www.edialog.com.br\/destaques-do-rd-on-the-road-bh\/#breadcrumb"},"inLanguage":"es","potentialAction":[{"@type":"ReadAction","target":["https:\/\/www.edialog.com.br\/destaques-do-rd-on-the-road-bh\/"]}]},{"@type":"ImageObject","inLanguage":"es","@id":"https:\/\/www.edialog.com.br\/destaques-do-rd-on-the-road-bh\/#primaryimage","url":"https:\/\/www.edialog.com.br\/wp-content\/uploads\/2018\/05\/edialog-rd-on-the-road-bh.png","contentUrl":"https:\/\/www.edialog.com.br\/wp-content\/uploads\/2018\/05\/edialog-rd-on-the-road-bh.png"},{"@type":"BreadcrumbList","@id":"https:\/\/www.edialog.com.br\/destaques-do-rd-on-the-road-bh\/#breadcrumb","itemListElement":[{"@type":"ListItem","position":1,"name":"Home","item":"https:\/\/www.edialog.com.br\/"},{"@type":"ListItem","position":2,"name":"Marketing Digital","item":"https:\/\/www.edialog.com.br\/category\/marketing-digital\/"},{"@type":"ListItem","position":3,"name":"Destaques do RD On The Road BH"}]},{"@type":"WebSite","@id":"https:\/\/www.edialog.com.br\/#website","url":"https:\/\/www.edialog.com.br\/","name":"Agencia de marketing entrante | E-Dialog","description":"Ag\u00eancia de Inbound Marketing premiada com solu\u00e7\u00f5es completas para o seu neg\u00f3cio. Atraia leads, com conte\u00fados \u00fanicos e envolventes. Solicite or\u00e7amento!","publisher":{"@id":"https:\/\/www.edialog.com.br\/#organization"},"potentialAction":[{"@type":"SearchAction","target":{"@type":"EntryPoint","urlTemplate":"https:\/\/www.edialog.com.br\/?s={search_term_string}"},"query-input":{"@type":"PropertyValueSpecification","valueRequired":true,"valueName":"search_term_string"}}],"inLanguage":"es"},{"@type":"Organization","@id":"https:\/\/www.edialog.com.br\/#organization","name":"Ag\u00eancia de M\u00eddias Sociais e Marketing Digital | E-Dialog","url":"https:\/\/www.edialog.com.br\/","logo":{"@type":"ImageObject","inLanguage":"es","@id":"https:\/\/www.edialog.com.br\/#\/schema\/logo\/image\/","url":"https:\/\/www.edialog.com.br\/wp-content\/uploads\/2021\/09\/edialog-logo-case.png","contentUrl":"https:\/\/www.edialog.com.br\/wp-content\/uploads\/2021\/09\/edialog-logo-case.png","width":810,"height":450,"caption":"Ag\u00eancia de M\u00eddias Sociais e Marketing Digital | E-Dialog"},"image":{"@id":"https:\/\/www.edialog.com.br\/#\/schema\/logo\/image\/"},"sameAs":["https:\/\/facebook.com\/edialogcomunicacao","https:\/\/x.com\/edialog_br","https:\/\/www.instagram.com\/edialog_br","https:\/\/www.linkedin.com\/company\/e-dialog-comunica-o-digital","https:\/\/www.youtube.com\/channel\/UCPiVQ_yVlcCqWS2sRzJZj7g"]},{"@type":"Person","@id":"https:\/\/www.edialog.com.br\/#\/schema\/person\/7f509934e54fd30b9d2d02cf51b60966","name":"Renan Caixeiro","image":{"@type":"ImageObject","inLanguage":"es","@id":"https:\/\/www.edialog.com.br\/wp-content\/uploads\/2023\/11\/renan-caixeiro-150x150.jpg","url":"https:\/\/www.edialog.com.br\/wp-content\/uploads\/2023\/11\/renan-caixeiro-150x150.jpg","contentUrl":"https:\/\/www.edialog.com.br\/wp-content\/uploads\/2023\/11\/renan-caixeiro-150x150.jpg","caption":"Renan Caixeiro"},"description":"S\u00f3cio Diretor na E-Dialog, \u00e9 graduado em Jornalismo e p\u00f3s-graduado em Comunica\u00e7\u00e3o Corporativa, ambos pela UFJF. Est\u00e1 \u00e0 frente do Reportei, SaaS de relat\u00f3rios e dashboards, \u00e9 host do Projeto SaaS, podcast que compartilha experi\u00eancias do universo de software as a service, e s\u00f3cio da Aquela Caixa, comunidade para profissionais de cria\u00e7\u00e3o. Torcedor do Vasco, tem como meta comprar o Gigante da Colina. LinkedIn: @renancaixeiro \/ Instagram: @renancaixeiro.","sameAs":["http:\/\/facebook.com\/renancaixeiro","https:\/\/www.instagram.com\/renancaixeiro\/","https:\/\/br.linkedin.com\/in\/renancaixeiro\/pt","https:\/\/x.com\/renancaixeiro"],"url":"https:\/\/www.edialog.com.br\/es\/author\/renancaixeiro\/"}]}},"_links":{"self":[{"href":"https:\/\/www.edialog.com.br\/es\/wp-json\/wp\/v2\/posts\/205809","targetHints":{"allow":["GET"]}}],"collection":[{"href":"https:\/\/www.edialog.com.br\/es\/wp-json\/wp\/v2\/posts"}],"about":[{"href":"https:\/\/www.edialog.com.br\/es\/wp-json\/wp\/v2\/types\/post"}],"author":[{"embeddable":true,"href":"https:\/\/www.edialog.com.br\/es\/wp-json\/wp\/v2\/users\/1"}],"replies":[{"embeddable":true,"href":"https:\/\/www.edialog.com.br\/es\/wp-json\/wp\/v2\/comments?post=205809"}],"version-history":[{"count":4,"href":"https:\/\/www.edialog.com.br\/es\/wp-json\/wp\/v2\/posts\/205809\/revisions"}],"predecessor-version":[{"id":227344,"href":"https:\/\/www.edialog.com.br\/es\/wp-json\/wp\/v2\/posts\/205809\/revisions\/227344"}],"wp:attachment":[{"href":"https:\/\/www.edialog.com.br\/es\/wp-json\/wp\/v2\/media?parent=205809"}],"wp:term":[{"taxonomy":"category","embeddable":true,"href":"https:\/\/www.edialog.com.br\/es\/wp-json\/wp\/v2\/categories?post=205809"},{"taxonomy":"post_tag","embeddable":true,"href":"https:\/\/www.edialog.com.br\/es\/wp-json\/wp\/v2\/tags?post=205809"}],"curies":[{"name":"wp","href":"https:\/\/api.w.org\/{rel}","templated":true}]}}