{"id":205750,"date":"2025-01-13T14:30:59","date_gmt":"2025-01-13T17:30:59","guid":{"rendered":"https:\/\/www.edialog.com.br\/?p=205750"},"modified":"2025-05-10T18:51:16","modified_gmt":"2025-05-10T21:51:16","slug":"profesionales-del-marketing-digital","status":"publish","type":"post","link":"https:\/\/www.edialog.com.br\/es\/profissionais-de-marketing-digital\/","title":{"rendered":"15 profissionais de Marketing Digital para se inspirar"},"content":{"rendered":"<p>Uma das formas de se aperfei\u00e7oar em um assunto \u00e9 acompanhando profissionais de sucesso da \u00e1rea e com trajet\u00f3rias inspiradoras. Eles possuem cases que podem impulsionar a sua criatividade e oferecem dicas valiosas para o seu neg\u00f3cio. Por isso, listamos neste blog 15 <strong>profissionais de Marketing Digital<\/strong> para se inspirar.<\/p>\n\n\n\n<p>Escolhemos pessoas do marketing digital que s\u00e3o do mercado brasileiro e de \u00e1reas variadas, para diversos segmentos e interesses. Continue lendo e confira nossa sele\u00e7\u00e3o!<\/p>\n\n\n\n<h2 class=\"wp-block-heading\" id=\"h-1-andre-siqueira\">1. Andr\u00e9 Siqueira<\/h2>\n\n\n\n<p>A Resultados Digitais <strong>\u00e9 l\u00edder em Inbound Marketing na Am\u00e9rica Latina<\/strong>. <a href=\"https:\/\/br.linkedin.com\/in\/andregcsiqueira\">Andr\u00e9 Siqueira<\/a> faz parte dessa conquista e \u00e9 um especialista inspirador. A empresa, respons\u00e1vel pelo software de automa\u00e7\u00e3o de marketing, <a href=\"https:\/\/www.edialog.com.br\/es\/o-que-e-rd-station\/\">RD Station<\/a>, surgiu em 2010 e j\u00e1 tinha 8 mil clientes em 2016.<\/p>\n\n\n\n<p>Andr\u00e9 \u00e9 cofundador e Head de Marketing da marca. Graduado em Administra\u00e7\u00e3o, ele foi convidado para entrar como s\u00f3cio na RD e mostrou o esp\u00edrito empreendedor, vontade de aprender e habilidade para ensinar.<\/p>\n\n\n\n<p>O profissional comandou as estrat\u00e9gias de marketing da Resultados Digitais desde o per\u00edodo em que os pioneiros do Inbound Marketing precisavam educar o mercado. Ou seja, a empresa precisou criar conte\u00fados esclarecedores sobre o conceito desse tema e a import\u00e2ncia dele. E ainda acerca da automa\u00e7\u00e3o de marketing, para as marcas no Brasil.<\/p>\n\n\n\n<p>A contribui\u00e7\u00e3o de Andr\u00e9 Siqueira para a dissemina\u00e7\u00e3o do <a href=\"https:\/\/www.edialog.com.br\/es\/o-que-e-marketing-digital\/\">Marketing digital<\/a> e <a href=\"https:\/\/www.edialog.com.br\/es\/o-que-e-inbound-marketing\/\">Inbound Marketing<\/a> para marcas e profissionais da comunica\u00e7\u00e3o \u00e9 imensa.<\/p>\n\n\n\n<p><em><strong>- Lea tambi\u00e9n: <\/strong><a href=\"https:\/\/www.edialog.com.br\/es\/livros-sobre-inbound-marketing\/\">10 libros sobre Inbound Marketing que le ayudar\u00e1n a dominar la t\u00e9cnica<\/a><\/em><\/p>\n\n\n\n<h2 class=\"wp-block-heading\" id=\"h-2-fabio-ricotta\">2. F\u00e1bio Ricotta<\/h2>\n\n\n\n<p>O <a href=\"https:\/\/br.linkedin.com\/in\/fabioricotta\">F\u00e1bio Ricotta<\/a> <strong>\u00e9 refer\u00eancia em <a href=\"https:\/\/www.edialog.com.br\/es\/otimizacao-de-sites-seo\/\">El posicionamiento SEO <\/a>e compartilha estrat\u00e9gias de <a href=\"https:\/\/www.edialog.com.br\/es\/otimizacao-de-sites-seo\/\">optimizaci\u00f3n de sitios web<\/a><\/strong>. Cofundador da Ag\u00eancia Mestre, o empres\u00e1rio tem especialidade em marketing de performance.<\/p>\n\n\n\n<p>O profissional de marketing digital \u00e9 um dos pioneiros do assunto no pa\u00eds. Ele compartilha seus conhecimentos em eventos por todo o Brasil e j\u00e1 atendeu grandes empresas com suas estrat\u00e9gias online.<\/p>\n\n\n\n<p>F\u00e1bio lan\u00e7ou tamb\u00e9m, em 2014, uma plataforma de ensino: <strong>Mestre Academy<\/strong>. Cursos \u00e0 dist\u00e2ncia sobre variados temas que cercam o SEO e marketing digital no geral.<\/p>\n\n\n\n<h2 class=\"wp-block-heading\" id=\"h-3-fernando-kimura\">3. Fernando Kimura <\/h2>\n\n\n\n<p>Fernando Kimura <strong>\u00e9 um dos principais nomes do neuromarketing no pa\u00eds<\/strong>. Em seu curr\u00edculo est\u00e3o:<\/p>\n\n\n\n<ul class=\"wp-block-list\">\n<li>Bacharelado em Marketing e Administra\u00e7\u00e3o;<\/li>\n\n\n\n<li>Especializa\u00e7\u00e3o em Marketing Digital pela ESPM;<\/li>\n\n\n\n<li>Neuromarketing pela Universidad de Buenos Aires;<\/li>\n\n\n\n<li>Excel\u00eancia em atendimento ao cliente pelo Disney Institute.<\/li>\n<\/ul>\n\n\n\n<p>O empres\u00e1rio, que fundou a Academia Neuromarketing, atualmente tem como foco de trabalho as palestras e cursos sobre inova\u00e7\u00e3o em Comunica\u00e7\u00e3o e Neuromarketing.<\/p>\n\n\n\n<p>Esse profissional de marketing digital para voc\u00ea se inspirar j\u00e1 atuou no<strong> <\/strong><a href=\"https:\/\/www.edialog.com.br\/es\/marketing-digital-para-pequenas-empresas\/\">marketing para pequenas e m\u00e9dias empresas<\/a> da Microsoft Brasil\u00a0e no Marketing da Oracle para a Am\u00e9rica Latina.<\/p>\n\n\n\n<h2 class=\"wp-block-heading\" id=\"h-4-martha-gabriel\">4. Martha Gabriel<\/h2>\n\n\n\n<p>Ela \u00e9 autora do best seller \u201cMarketing na Era Digital\u201d e outros 5 livros da \u00e1rea. <strong>Foi premiada tr\u00eas vezes em congressos nos Estados Unidos como melhor palestrante. <\/strong><\/p>\n\n\n\n<p>Martha \u00e9 a <strong>35\u00aa da lista dos 100 professores mais experts em tecnologia no mundo,<\/strong> criada pela Online Universities. A profissional, que est\u00e1 no ranking dos 50 profissionais mais inovadores do mundo digital brasileiro pela Revista ProXXIma, desenvolve diferentes trabalhos no ensino do Marketing Digital e realiza an\u00e1lises de a\u00e7\u00f5es nesse universo por meio de seu blog.<\/p>\n\n\n\n<h2 class=\"wp-block-heading\" id=\"h-5-camila-porto\">5. Camila Porto<\/h2>\n\n\n\n<p>Camila \u00e9 autora do livro \u201cFacebook Marketing: Como gerar neg\u00f3cios na maior rede social do mundo\u201d. \u00c9 formada na UTFPR e na PUC-PR em Comunica\u00e7\u00e3o institucional e tem especialidade em Marketing.<\/p>\n\n\n\n<p>Seu trabalho <strong>\u00e9 focado em infoprodutos<\/strong>, que s\u00e3o os produtos de informa\u00e7\u00e3o, com treinamentos na web sobre marketing. A maioria de seus ensinamentos envolvem o Facebook e j\u00e1 foram aplicados por mais de 6 mil empreendedores, profissionais e estudantes.<\/p>\n\n\n\n<p>Logo, se voc\u00ea tem interesse de se aperfei\u00e7oar nas publicidades para empresas no Facebook, acompanhe essa profissional de marketing digital e inspire-se!<\/p>\n\n\n\n<p><em><strong>- Lea tambi\u00e9n:<\/strong> <a href=\"https:\/\/www.edialog.com.br\/es\/livros-sobre-redes-sociais-e-marketing-digital\/\">10 libros sobre redes sociales y marketing digital que hay que leer este a\u00f1o<\/a><\/em><\/p>\n\n\n\n<h2 class=\"wp-block-heading\" id=\"h-6-camilo-coutinho\">6. Camilo Coutinho<\/h2>\n\n\n\n<p>Com mais de 10 anos de experi\u00eancia, <a href=\"https:\/\/br.linkedin.com\/in\/camilocoutinho\">Camilo Coutinho<\/a> \u00e9 famoso por seu canal no YouTube &#8211; Play de Prata. No ve\u00edculo, o especialista em marketing digital <strong>compartilha dicas, not\u00edcias e opini\u00f5es sobre tudo que envolve o <a href=\"https:\/\/www.edialog.com.br\/es\/o-que-e-video-marketing\/\">marketing de v\u00eddeo<\/a><\/strong>. Com isso, o profissional realiza tamb\u00e9m cursos online e palestras em todo o pa\u00eds. Ele ainda \u00e9 idealizador do evento Upload Day, que \u00e9 focado em criadores de conte\u00fado audiovisual.<\/p>\n\n\n\n<p>Ent\u00e3o, se o seu intuito \u00e9 ser expert em t\u00e9cnicas, conte\u00fados e apresenta\u00e7\u00f5es de v\u00eddeos para a internet!<\/p>\n\n\n\n<h2 class=\"wp-block-heading\" id=\"h-7-fabio-prado-lima\">7. F\u00e1bio Prado Lima<\/h2>\n\n\n\n<p>A trajet\u00f3ria do especialista, que n\u00e3o poderia estar de fora nessa lista com profissionais de marketing digital, teve in\u00edcio ainda na adolesc\u00eancia. Seu pai lan\u00e7ou um e-commerce, ent\u00e3o F\u00e1bio come\u00e7ou a aprender sobre a \u00e1rea. Atuou em diferentes setores da empresa e foi promovido para o Marketing. Com isso, passou a estudar sobre a \u00e1rea.<\/p>\n\n\n\n<p>Cursou Publicidade e Propaganda, mas &#8220;nada como a experi\u00eancia pr\u00e1tica de viver o dia a dia de um ecommerce&#8221;, declarou o profissional em entrevista para a Resultados Digitais.<\/p>\n\n\n\n<p><strong>Refer\u00eancia em Facebook Ads<\/strong>, Fabio Prado Lima \u00e9 tamb\u00e9m fundador da ag\u00eancia AdResults.<\/p>\n\n\n\n<h2 class=\"wp-block-heading\" id=\"h-8-raphael-lassance\">8. Raphael Lassance<\/h2>\n\n\n\n<p>O profissional administra no Facebook o grupo Growth Hackers Brasil, que <strong>\u00e9 considerado como a maior comunidade de growth hackers da Am\u00e9rica Latina<\/strong>.<\/p>\n\n\n\n<p>Quando o assunto \u00e9 <a href=\"https:\/\/www.edialog.com.br\/es\/o-que-e-growth-hacking\/\">Hacking de crecimiento<\/a>, Lassance \u00e9 refer\u00eancia nacional. Ele foi ranqueado pela ABCOMM (Associa\u00e7\u00e3o Brasileira de Com\u00e9rcio Eletr\u00f4nico) <strong>entre os 3 melhores profissionais de m\u00eddias sociais do Brasil.<\/strong><\/p>\n\n\n\n<p>Cofundador da primeira ag\u00eancia de growth hacking do pa\u00eds, a Growth Team,&nbsp;Raphael tem uma carreira inspiradora. Isso porque em menos de 1 ano de cria\u00e7\u00e3o, a empresa se tornou um grande nome no mercado e j\u00e1 atuou em outros 6 pa\u00edses.<\/p>\n\n\n\n<p>O empreendedor, que trabalha h\u00e1 mais de 18 anos no marketing digital, \u00e9 tamb\u00e9m produtor do o primeiro curso de growth hacking para e-commerce do mercado, Hacks.<\/p>\n\n\n\n<h2 class=\"wp-block-heading\" id=\"h-9-henrique-carvalho\">9. Henrique Carvalho<\/h2>\n\n\n\n<p><a href=\"https:\/\/br.linkedin.com\/in\/henriquecarvalho1988\">Henrique Carvalho<\/a>, fundador de um dos maiores sites de marketing do Brasil, <strong>mostrou ser poss\u00edvel viver de blog<\/strong> ao se aventurar no universo digital e investir em inova\u00e7\u00e3o e conhecimento quando ainda estava na faculdade.<\/p>\n\n\n\n<p>Ele, que cursava economia, lan\u00e7ou o blog HC Investimentos para falar sobre o assunto de forma pr\u00e1tica e din\u00e2mica. <strong>Em 4 anos, conquistou 60.000 assinantes.<\/strong><\/p>\n\n\n\n<p>O criador de conte\u00fado tem como intuito auxiliar as pessoas que desejam ter liberdade financeira por meio dos blogs. Logo, sua plataforma \u00e9 uma das maiores fontes de informa\u00e7\u00e3o para o estudo de marketing digital.<\/p>\n\n\n\n<p>Cursos, templates, e-books e v\u00eddeos tamb\u00e9m s\u00e3o disponibilizados pelo profissional, que \u00e9 autoridade no assunto. Se voc\u00ea tem vontade de montar um blog e aprender a divulgar produtos de forma criativa na internet, acesse o Viver de Blog e inspire-se nele e outros profissionais de marketing digital do site!<\/p>\n\n\n\n<h2 class=\"wp-block-heading\" id=\"h-10-vitor-pecanha\">10. Vitor Pe\u00e7anha<\/h2>\n\n\n\n<p>Quem estuda Marketing Digital com certeza j\u00e1 se deparou com um conte\u00fado da Rock Content no blog Marketing de Conte\u00fado. <a href=\"https:\/\/br.linkedin.com\/in\/pecanha\/pt\">Vitor Pe\u00e7anha<\/a> \u00e9 <strong>cofundador da empresa, que \u00e9 a maior de Marketing de Conte\u00fado da Am\u00e9rica Latina.<\/strong><\/p>\n\n\n\n<p>Ele \u00e9 formado em Comunica\u00e7\u00e3o Social pela Universidade Federal de Minas Gerais. O profissional tem em seu portf\u00f3lio in\u00fameros artigos, v\u00eddeos e cursos sobre o marketing de conte\u00fado.<\/p>\n\n\n\n<p>Em 2011, Pe\u00e7anha fundou a ferramenta TextCorner, que englobava redatores freelancers interessados em produzirem textos para marcas e empresas. No ano de 2013 nasceu a Rock Content.<\/p>\n\n\n\n<p>Al\u00e9m de disseminar o conhecimento em diferentes plataformas gratuitas, Vitor Pe\u00e7anha tamb\u00e9m realiza palestras em todo o Brasil.<\/p>\n\n\n\n<p>Caso sua marca queira investir em <a href=\"https:\/\/www.edialog.com.br\/es\/marketing-de-conteudo\/\">t\u00e9cnicas de marketing de conte\u00fado<\/a>, e voc\u00ea quer aprender de forma did\u00e1tica e interativa, esse \u00e9 um excelente profissional para acompanhar.<\/p>\n\n\n\n<p><em><strong>- Lea tambi\u00e9n: <\/strong><a href=\"https:\/\/www.edialog.com.br\/es\/podcasts-de-marketing-digital-e-inbound-marketing\/\">10 podcasts de marketing digital e Inbound Marketing que voc\u00ea precisa ouvir<\/a><\/em><\/p>\n\n\n\n<h2 class=\"wp-block-heading\" id=\"h-11-liliane-ferrari\">11. Liliane Ferrari<\/h2>\n\n\n\n<p>Liliane Ferrari \u00e9 uma consultora de marketing digital <strong>com grande foco em personal <a href=\"https:\/\/www.edialog.com.br\/es\/o-que-e-branding\/\">marca<\/a><\/strong><a href=\"https:\/\/www.edialog.com.br\/es\/o-que-e-branding\/\"> <\/a><strong>e marketing de influ\u00eancia<\/strong>. <\/p>\n\n\n\n<p>Ela foi considerada pela revista Forbes Brasil como uma das 10 mulheres mais influentes da internet brasileira. <\/p>\n\n\n\n<p>Liliane tamb\u00e9m \u00e9 palestrante e professora em cursos de p\u00f3s-gradua\u00e7\u00e3o, ajudando marcas e profissionais a se posicionarem digitalmente com autenticidade e relev\u00e2ncia.<\/p>\n\n\n\n<h2 class=\"wp-block-heading\" id=\"h-12-conrado-adolpho\">12. Conrado Adolpho<\/h2>\n\n\n\n<p><a href=\"https:\/\/br.linkedin.com\/in\/conradoadolpho\">Conrado Adolpho<\/a> \u00e9 o criador do m\u00e9todo 8Ps do Marketing Digital, que se tornou refer\u00eancia para pequenas e m\u00e9dias empresas que desejam melhorar suas estrat\u00e9gias digitais.<\/p>\n\n\n\n<p> Com mais de 20 anos de experi\u00eancia, ele \u00e9 autor de diversos livros, como o &#8220;Os 8Ps do Marketing Digital&#8221; e oferece cursos e mentorias focados em estrat\u00e9gias de vendas online.<\/p>\n\n\n\n<p>Suas \u00e1rea de atua\u00e7\u00e3o s\u00e3o <strong>marketing de performance, vendas online e estrat\u00e9gias digitais<\/strong>.<\/p>\n\n\n\n<h2 class=\"wp-block-heading\" id=\"h-13-rafael-rez\">13. Rafael Rez<\/h2>\n\n\n\n<p>Rafael Rez <strong>\u00e9 um dos maiores nomes do marketing de conte\u00fado no Brasil<\/strong>. <\/p>\n\n\n\n<p>Fundador da Nova Escola de Marketing e autor do livro &#8220;Marketing de Conte\u00fado &#8211; A Moeda do S\u00e9culo XXI&#8221;, Rafael tem mais de 20 anos de experi\u00eancia ajudando empresas a desenvolverem estrat\u00e9gias de conte\u00fado eficazes para gerar leads e engajamento. <\/p>\n\n\n\n<p>Ele tamb\u00e9m \u00e9 consultor e palestrante em eventos de marketing digital.<\/p>\n\n\n\n<h2 class=\"wp-block-heading\" id=\"h-14-rafaela-diniz\">14. Rafaela Diniz<\/h2>\n\n\n\n<p>Rafaela Diniz \u00e9 uma das grandes profissionais de marketing digital no Brasil, sendo<strong> refer\u00eancia no marketing de influ\u00eancia<\/strong>. Ela atua como Head de Influ\u00eancia Digital em uma das maiores ag\u00eancias de marketing do pa\u00eds. <\/p>\n\n\n\n<p>Desenvolve estrat\u00e9gias que conectam marcas a influenciadores digitais, ajudando empresas a amplificar seu alcance nas redes sociais. <\/p>\n\n\n\n<p>Com foco em autenticidade e resultados, Rafaela tamb\u00e9m ministra palestras sobre marketing digital e tend\u00eancias de consumo online.<\/p>\n\n\n\n<h2 class=\"wp-block-heading\" id=\"h-15-renan-caixeiro\">15. Renan Caixeiro<\/h2>\n\n\n\n<p>Renan Caixeiro<strong> \u00e9 um empreendedor e especialista em inbound Marketing, performance digital e automa\u00e7\u00e3o de marketing<\/strong>, com uma trajet\u00f3ria marcada por projetos inovadores e resultados consistentes no mercado de marketing digital. <\/p>\n\n\n\n<p>Ele \u00e9 cofundador e CEO da E-Dialog, uma <a href=\"https:\/\/www.edialog.com.br\/es\/agencia-de-inbound-marketing\/\">agencia de inbound marketing<\/a>, e tamb\u00e9m fundador da Reportei, uma ferramenta de automa\u00e7\u00e3o de relat\u00f3rios para marketing digital utilizada por ag\u00eancias e profissionais do setor em mais de 30 pa\u00edses.<\/p>\n\n\n\n<p>Com mais de 15 anos de experi\u00eancia no mercado, Renan j\u00e1 ajudou centenas de empresas a desenvolverem estrat\u00e9gias digitais que combinam conte\u00fado relevante, automa\u00e7\u00e3o de processos e m\u00eddia paga para gerar leads qualificados e aumentar as vendas. <\/p>\n\n\n\n<p><em><strong>- Lea tambi\u00e9n: <\/strong><a href=\"https:\/\/www.edialog.com.br\/es\/cases-de-sucesso-em-marketing-digital\/\">5 cases de sucesso em marketing digital da E-Dialog<\/a><\/em><\/p>\n\n\n\n<h2 class=\"wp-block-heading\" id=\"h-coloque-em-pratica-o-que-aprendeu-com-os-profissionais-de-marketing-digital\">Coloque em pr\u00e1tica o que aprendeu com os profissionais de marketing digital<\/h2>\n\n\n\n<p>Depois de ler a nossa lista com os maiores nomes do marketing digital no Brasil, \u00e9 a sua vez de <strong>estudar sobre o tema.<\/strong> Com isso, voc\u00ea pode&nbsp;entender as melhores maneiras de promover o seu neg\u00f3cio. Para come\u00e7ar com o p\u00e9 direito esse aprendizado, recomendamos a leitura do ebook gratuito: <a href=\"https:\/\/materiais.edialog.com.br\/material-iniciante-em-mkt-digital\"><strong>Marketing Digital: O passo a passo completo para iniciantes<\/strong><\/a><span style=\"font-weight: 400;\">.<\/span><\/p>\n\n\n\n<div role=\"main\" id=\"formulario-analise-gratuita-59ea2fcdf02782428b13\"><\/div><script type=\"text\/javascript\" src=\"https:\/\/d335luupugsy2.cloudfront.net\/js\/rdstation-forms\/stable\/rdstation-forms.min.js\"><\/script><script type=\"text\/javascript\"> new RDStationForms('formulario-analise-gratuita-59ea2fcdf02782428b13', 'UA-18699224-1').createForm();<\/script>","protected":false},"excerpt":{"rendered":"<p>Uma das formas de se aperfei\u00e7oar em um assunto \u00e9 acompanhando profissionais de sucesso da \u00e1rea e com trajet\u00f3rias inspiradoras. Eles possuem cases que podem impulsionar a sua criatividade e oferecem dicas valiosas para o seu neg\u00f3cio. Por isso, listamos neste blog 15 profissionais de Marketing Digital para se inspirar. Escolhemos pessoas do marketing digital [&hellip;]<\/p>\n","protected":false},"author":1,"featured_media":225265,"comment_status":"open","ping_status":"open","sticky":false,"template":"","format":"standard","meta":{"_acf_changed":false,"content-type":"","footnotes":""},"categories":[580],"tags":[],"class_list":["post-205750","post","type-post","status-publish","format-standard","has-post-thumbnail","hentry","category-marketing-digital"],"acf":[],"yoast_head":"<!-- This site is optimized with the Yoast SEO Premium plugin v27.3 (Yoast SEO v27.3) - https:\/\/yoast.com\/product\/yoast-seo-premium-wordpress\/ -->\n<title>15 profissionais de Marketing Digital para se inspirar<\/title>\n<meta name=\"description\" content=\"Listamos neste blog 15 profissionais de Marketing Digital para voc\u00ea se inspirar. Conhe\u00e7a um pouco da hist\u00f3ria e seus cases de sucesso!\" \/>\n<meta name=\"robots\" content=\"index, follow, max-snippet:-1, max-image-preview:large, max-video-preview:-1\" \/>\n<link rel=\"canonical\" href=\"https:\/\/www.edialog.com.br\/es\/profesionales-del-marketing-digital\/\" \/>\n<meta property=\"og:locale\" content=\"es_ES\" \/>\n<meta property=\"og:type\" content=\"article\" \/>\n<meta property=\"og:title\" content=\"15 profissionais de Marketing Digital para se inspirar\" \/>\n<meta property=\"og:description\" content=\"Listamos neste blog 15 profissionais de Marketing Digital para voc\u00ea se inspirar. Conhe\u00e7a um pouco da hist\u00f3ria e seus cases de sucesso!\" \/>\n<meta property=\"og:url\" content=\"https:\/\/www.edialog.com.br\/es\/profesionales-del-marketing-digital\/\" \/>\n<meta property=\"og:site_name\" content=\"Ag\u00eancia de Inbound Marketing | E-Dialog\" \/>\n<meta property=\"article:publisher\" content=\"https:\/\/facebook.com\/edialogcomunicacao\" \/>\n<meta property=\"article:author\" content=\"http:\/\/facebook.com\/renancaixeiro\" \/>\n<meta property=\"article:published_time\" content=\"2025-01-13T17:30:59+00:00\" \/>\n<meta property=\"article:modified_time\" content=\"2025-05-10T21:51:16+00:00\" \/>\n<meta property=\"og:image\" content=\"https:\/\/www.edialog.com.br\/wp-content\/uploads\/2018\/05\/profissionais-de-marketing-digital.jpg\" \/>\n\t<meta property=\"og:image:width\" content=\"400\" \/>\n\t<meta property=\"og:image:height\" content=\"250\" \/>\n\t<meta property=\"og:image:type\" content=\"image\/jpeg\" \/>\n<meta name=\"author\" content=\"Renan Caixeiro\" \/>\n<meta name=\"twitter:label1\" content=\"Escrito por\" \/>\n\t<meta name=\"twitter:data1\" content=\"Renan Caixeiro\" \/>\n\t<meta name=\"twitter:label2\" content=\"Tiempo de lectura\" \/>\n\t<meta name=\"twitter:data2\" content=\"10 minutos\" \/>\n<script type=\"application\/ld+json\" class=\"yoast-schema-graph\">{\"@context\":\"https:\\\/\\\/schema.org\",\"@graph\":[{\"@type\":[\"Article\",\"BlogPosting\"],\"@id\":\"https:\\\/\\\/www.edialog.com.br\\\/profissionais-de-marketing-digital\\\/#article\",\"isPartOf\":{\"@id\":\"https:\\\/\\\/www.edialog.com.br\\\/profissionais-de-marketing-digital\\\/\"},\"author\":{\"name\":\"Renan Caixeiro\",\"@id\":\"https:\\\/\\\/www.edialog.com.br\\\/#\\\/schema\\\/person\\\/7f509934e54fd30b9d2d02cf51b60966\"},\"headline\":\"15 profissionais de Marketing Digital para se inspirar\",\"datePublished\":\"2025-01-13T17:30:59+00:00\",\"dateModified\":\"2025-05-10T21:51:16+00:00\",\"mainEntityOfPage\":{\"@id\":\"https:\\\/\\\/www.edialog.com.br\\\/profissionais-de-marketing-digital\\\/\"},\"wordCount\":1803,\"commentCount\":0,\"publisher\":{\"@id\":\"https:\\\/\\\/www.edialog.com.br\\\/#organization\"},\"image\":{\"@id\":\"https:\\\/\\\/www.edialog.com.br\\\/profissionais-de-marketing-digital\\\/#primaryimage\"},\"thumbnailUrl\":\"https:\\\/\\\/www.edialog.com.br\\\/wp-content\\\/uploads\\\/2018\\\/05\\\/profissionais-de-marketing-digital.jpg\",\"articleSection\":[\"Marketing Digital\"],\"inLanguage\":\"es\",\"potentialAction\":[{\"@type\":\"CommentAction\",\"name\":\"Comment\",\"target\":[\"https:\\\/\\\/www.edialog.com.br\\\/profissionais-de-marketing-digital\\\/#respond\"]}]},{\"@type\":\"WebPage\",\"@id\":\"https:\\\/\\\/www.edialog.com.br\\\/profissionais-de-marketing-digital\\\/\",\"url\":\"https:\\\/\\\/www.edialog.com.br\\\/profissionais-de-marketing-digital\\\/\",\"name\":\"15 profissionais de Marketing Digital para se inspirar\",\"isPartOf\":{\"@id\":\"https:\\\/\\\/www.edialog.com.br\\\/#website\"},\"primaryImageOfPage\":{\"@id\":\"https:\\\/\\\/www.edialog.com.br\\\/profissionais-de-marketing-digital\\\/#primaryimage\"},\"image\":{\"@id\":\"https:\\\/\\\/www.edialog.com.br\\\/profissionais-de-marketing-digital\\\/#primaryimage\"},\"thumbnailUrl\":\"https:\\\/\\\/www.edialog.com.br\\\/wp-content\\\/uploads\\\/2018\\\/05\\\/profissionais-de-marketing-digital.jpg\",\"datePublished\":\"2025-01-13T17:30:59+00:00\",\"dateModified\":\"2025-05-10T21:51:16+00:00\",\"description\":\"Listamos neste blog 15 profissionais de Marketing Digital para voc\u00ea se inspirar. Conhe\u00e7a um pouco da hist\u00f3ria e seus cases de sucesso!\",\"breadcrumb\":{\"@id\":\"https:\\\/\\\/www.edialog.com.br\\\/profissionais-de-marketing-digital\\\/#breadcrumb\"},\"inLanguage\":\"es\",\"potentialAction\":[{\"@type\":\"ReadAction\",\"target\":[\"https:\\\/\\\/www.edialog.com.br\\\/profissionais-de-marketing-digital\\\/\"]}]},{\"@type\":\"ImageObject\",\"inLanguage\":\"es\",\"@id\":\"https:\\\/\\\/www.edialog.com.br\\\/profissionais-de-marketing-digital\\\/#primaryimage\",\"url\":\"https:\\\/\\\/www.edialog.com.br\\\/wp-content\\\/uploads\\\/2018\\\/05\\\/profissionais-de-marketing-digital.jpg\",\"contentUrl\":\"https:\\\/\\\/www.edialog.com.br\\\/wp-content\\\/uploads\\\/2018\\\/05\\\/profissionais-de-marketing-digital.jpg\",\"width\":400,\"height\":250,\"caption\":\"10 profissionais de Marketing Digital para se inspirar\"},{\"@type\":\"BreadcrumbList\",\"@id\":\"https:\\\/\\\/www.edialog.com.br\\\/profissionais-de-marketing-digital\\\/#breadcrumb\",\"itemListElement\":[{\"@type\":\"ListItem\",\"position\":1,\"name\":\"Home\",\"item\":\"https:\\\/\\\/www.edialog.com.br\\\/\"},{\"@type\":\"ListItem\",\"position\":2,\"name\":\"Marketing Digital\",\"item\":\"https:\\\/\\\/www.edialog.com.br\\\/category\\\/marketing-digital\\\/\"},{\"@type\":\"ListItem\",\"position\":3,\"name\":\"15 profissionais de Marketing Digital para se inspirar\"}]},{\"@type\":\"WebSite\",\"@id\":\"https:\\\/\\\/www.edialog.com.br\\\/#website\",\"url\":\"https:\\\/\\\/www.edialog.com.br\\\/\",\"name\":\"Ag\u00eancia de Inbound Marketing | E-Dialog\",\"description\":\"Ag\u00eancia de Inbound Marketing premiada com solu\u00e7\u00f5es completas para o seu neg\u00f3cio. Atraia leads, com conte\u00fados \u00fanicos e envolventes. Solicite or\u00e7amento!\",\"publisher\":{\"@id\":\"https:\\\/\\\/www.edialog.com.br\\\/#organization\"},\"potentialAction\":[{\"@type\":\"SearchAction\",\"target\":{\"@type\":\"EntryPoint\",\"urlTemplate\":\"https:\\\/\\\/www.edialog.com.br\\\/?s={search_term_string}\"},\"query-input\":{\"@type\":\"PropertyValueSpecification\",\"valueRequired\":true,\"valueName\":\"search_term_string\"}}],\"inLanguage\":\"es\"},{\"@type\":\"Organization\",\"@id\":\"https:\\\/\\\/www.edialog.com.br\\\/#organization\",\"name\":\"Ag\u00eancia de M\u00eddias Sociais e Marketing Digital | E-Dialog\",\"url\":\"https:\\\/\\\/www.edialog.com.br\\\/\",\"logo\":{\"@type\":\"ImageObject\",\"inLanguage\":\"es\",\"@id\":\"https:\\\/\\\/www.edialog.com.br\\\/#\\\/schema\\\/logo\\\/image\\\/\",\"url\":\"https:\\\/\\\/www.edialog.com.br\\\/wp-content\\\/uploads\\\/2021\\\/09\\\/edialog-logo-case.png\",\"contentUrl\":\"https:\\\/\\\/www.edialog.com.br\\\/wp-content\\\/uploads\\\/2021\\\/09\\\/edialog-logo-case.png\",\"width\":810,\"height\":450,\"caption\":\"Ag\u00eancia de M\u00eddias Sociais e Marketing Digital | E-Dialog\"},\"image\":{\"@id\":\"https:\\\/\\\/www.edialog.com.br\\\/#\\\/schema\\\/logo\\\/image\\\/\"},\"sameAs\":[\"https:\\\/\\\/facebook.com\\\/edialogcomunicacao\",\"https:\\\/\\\/x.com\\\/edialog_br\",\"https:\\\/\\\/www.instagram.com\\\/edialog_br\",\"https:\\\/\\\/www.linkedin.com\\\/company\\\/e-dialog-comunica-o-digital\",\"https:\\\/\\\/www.youtube.com\\\/channel\\\/UCPiVQ_yVlcCqWS2sRzJZj7g\"]},{\"@type\":\"Person\",\"@id\":\"https:\\\/\\\/www.edialog.com.br\\\/#\\\/schema\\\/person\\\/7f509934e54fd30b9d2d02cf51b60966\",\"name\":\"Renan Caixeiro\",\"image\":{\"@type\":\"ImageObject\",\"inLanguage\":\"es\",\"@id\":\"https:\\\/\\\/www.edialog.com.br\\\/wp-content\\\/uploads\\\/2023\\\/11\\\/renan-caixeiro-150x150.jpg\",\"url\":\"https:\\\/\\\/www.edialog.com.br\\\/wp-content\\\/uploads\\\/2023\\\/11\\\/renan-caixeiro-150x150.jpg\",\"contentUrl\":\"https:\\\/\\\/www.edialog.com.br\\\/wp-content\\\/uploads\\\/2023\\\/11\\\/renan-caixeiro-150x150.jpg\",\"caption\":\"Renan Caixeiro\"},\"description\":\"S\u00f3cio Diretor na E-Dialog, \u00e9 graduado em Jornalismo e p\u00f3s-graduado em Comunica\u00e7\u00e3o Corporativa, ambos pela UFJF. Est\u00e1 \u00e0 frente do Reportei, SaaS de relat\u00f3rios e dashboards, \u00e9 host do Projeto SaaS, podcast que compartilha experi\u00eancias do universo de software as a service, e s\u00f3cio da Aquela Caixa, comunidade para profissionais de cria\u00e7\u00e3o. Torcedor do Vasco, tem como meta comprar o Gigante da Colina. LinkedIn: @renancaixeiro \\\/ Instagram: @renancaixeiro.\",\"sameAs\":[\"http:\\\/\\\/facebook.com\\\/renancaixeiro\",\"https:\\\/\\\/www.instagram.com\\\/renancaixeiro\\\/\",\"https:\\\/\\\/br.linkedin.com\\\/in\\\/renancaixeiro\\\/pt\",\"https:\\\/\\\/x.com\\\/renancaixeiro\"],\"url\":\"https:\\\/\\\/www.edialog.com.br\\\/es\\\/author\\\/renancaixeiro\\\/\"}]}<\/script>\n<!-- \/ Yoast SEO Premium plugin. -->","yoast_head_json":{"title":"15 profissionais de Marketing Digital para se inspirar","description":"Listamos neste blog 15 profissionais de Marketing Digital para voc\u00ea se inspirar. Conhe\u00e7a um pouco da hist\u00f3ria e seus cases de sucesso!","robots":{"index":"index","follow":"follow","max-snippet":"max-snippet:-1","max-image-preview":"max-image-preview:large","max-video-preview":"max-video-preview:-1"},"canonical":"https:\/\/www.edialog.com.br\/es\/profesionales-del-marketing-digital\/","og_locale":"es_ES","og_type":"article","og_title":"15 profissionais de Marketing Digital para se inspirar","og_description":"Listamos neste blog 15 profissionais de Marketing Digital para voc\u00ea se inspirar. Conhe\u00e7a um pouco da hist\u00f3ria e seus cases de sucesso!","og_url":"https:\/\/www.edialog.com.br\/es\/profesionales-del-marketing-digital\/","og_site_name":"Ag\u00eancia de Inbound Marketing | E-Dialog","article_publisher":"https:\/\/facebook.com\/edialogcomunicacao","article_author":"http:\/\/facebook.com\/renancaixeiro","article_published_time":"2025-01-13T17:30:59+00:00","article_modified_time":"2025-05-10T21:51:16+00:00","og_image":[{"width":400,"height":250,"url":"https:\/\/www.edialog.com.br\/wp-content\/uploads\/2018\/05\/profissionais-de-marketing-digital.jpg","type":"image\/jpeg"}],"author":"Renan Caixeiro","twitter_misc":{"Escrito por":"Renan Caixeiro","Tiempo de lectura":"10 minutos"},"schema":{"@context":"https:\/\/schema.org","@graph":[{"@type":["Article","BlogPosting"],"@id":"https:\/\/www.edialog.com.br\/profissionais-de-marketing-digital\/#article","isPartOf":{"@id":"https:\/\/www.edialog.com.br\/profissionais-de-marketing-digital\/"},"author":{"name":"Renan Caixeiro","@id":"https:\/\/www.edialog.com.br\/#\/schema\/person\/7f509934e54fd30b9d2d02cf51b60966"},"headline":"15 profissionais de Marketing Digital para se inspirar","datePublished":"2025-01-13T17:30:59+00:00","dateModified":"2025-05-10T21:51:16+00:00","mainEntityOfPage":{"@id":"https:\/\/www.edialog.com.br\/profissionais-de-marketing-digital\/"},"wordCount":1803,"commentCount":0,"publisher":{"@id":"https:\/\/www.edialog.com.br\/#organization"},"image":{"@id":"https:\/\/www.edialog.com.br\/profissionais-de-marketing-digital\/#primaryimage"},"thumbnailUrl":"https:\/\/www.edialog.com.br\/wp-content\/uploads\/2018\/05\/profissionais-de-marketing-digital.jpg","articleSection":["Marketing Digital"],"inLanguage":"es","potentialAction":[{"@type":"CommentAction","name":"Comment","target":["https:\/\/www.edialog.com.br\/profissionais-de-marketing-digital\/#respond"]}]},{"@type":"WebPage","@id":"https:\/\/www.edialog.com.br\/profissionais-de-marketing-digital\/","url":"https:\/\/www.edialog.com.br\/profissionais-de-marketing-digital\/","name":"15 profissionais de Marketing Digital para se inspirar","isPartOf":{"@id":"https:\/\/www.edialog.com.br\/#website"},"primaryImageOfPage":{"@id":"https:\/\/www.edialog.com.br\/profissionais-de-marketing-digital\/#primaryimage"},"image":{"@id":"https:\/\/www.edialog.com.br\/profissionais-de-marketing-digital\/#primaryimage"},"thumbnailUrl":"https:\/\/www.edialog.com.br\/wp-content\/uploads\/2018\/05\/profissionais-de-marketing-digital.jpg","datePublished":"2025-01-13T17:30:59+00:00","dateModified":"2025-05-10T21:51:16+00:00","description":"Listamos neste blog 15 profissionais de Marketing Digital para voc\u00ea se inspirar. Conhe\u00e7a um pouco da hist\u00f3ria e seus cases de sucesso!","breadcrumb":{"@id":"https:\/\/www.edialog.com.br\/profissionais-de-marketing-digital\/#breadcrumb"},"inLanguage":"es","potentialAction":[{"@type":"ReadAction","target":["https:\/\/www.edialog.com.br\/profissionais-de-marketing-digital\/"]}]},{"@type":"ImageObject","inLanguage":"es","@id":"https:\/\/www.edialog.com.br\/profissionais-de-marketing-digital\/#primaryimage","url":"https:\/\/www.edialog.com.br\/wp-content\/uploads\/2018\/05\/profissionais-de-marketing-digital.jpg","contentUrl":"https:\/\/www.edialog.com.br\/wp-content\/uploads\/2018\/05\/profissionais-de-marketing-digital.jpg","width":400,"height":250,"caption":"10 profissionais de Marketing Digital para se inspirar"},{"@type":"BreadcrumbList","@id":"https:\/\/www.edialog.com.br\/profissionais-de-marketing-digital\/#breadcrumb","itemListElement":[{"@type":"ListItem","position":1,"name":"Home","item":"https:\/\/www.edialog.com.br\/"},{"@type":"ListItem","position":2,"name":"Marketing Digital","item":"https:\/\/www.edialog.com.br\/category\/marketing-digital\/"},{"@type":"ListItem","position":3,"name":"15 profissionais de Marketing Digital para se inspirar"}]},{"@type":"WebSite","@id":"https:\/\/www.edialog.com.br\/#website","url":"https:\/\/www.edialog.com.br\/","name":"Agencia de marketing entrante | E-Dialog","description":"Ag\u00eancia de Inbound Marketing premiada com solu\u00e7\u00f5es completas para o seu neg\u00f3cio. Atraia leads, com conte\u00fados \u00fanicos e envolventes. Solicite or\u00e7amento!","publisher":{"@id":"https:\/\/www.edialog.com.br\/#organization"},"potentialAction":[{"@type":"SearchAction","target":{"@type":"EntryPoint","urlTemplate":"https:\/\/www.edialog.com.br\/?s={search_term_string}"},"query-input":{"@type":"PropertyValueSpecification","valueRequired":true,"valueName":"search_term_string"}}],"inLanguage":"es"},{"@type":"Organization","@id":"https:\/\/www.edialog.com.br\/#organization","name":"Ag\u00eancia de M\u00eddias Sociais e Marketing Digital | E-Dialog","url":"https:\/\/www.edialog.com.br\/","logo":{"@type":"ImageObject","inLanguage":"es","@id":"https:\/\/www.edialog.com.br\/#\/schema\/logo\/image\/","url":"https:\/\/www.edialog.com.br\/wp-content\/uploads\/2021\/09\/edialog-logo-case.png","contentUrl":"https:\/\/www.edialog.com.br\/wp-content\/uploads\/2021\/09\/edialog-logo-case.png","width":810,"height":450,"caption":"Ag\u00eancia de M\u00eddias Sociais e Marketing Digital | E-Dialog"},"image":{"@id":"https:\/\/www.edialog.com.br\/#\/schema\/logo\/image\/"},"sameAs":["https:\/\/facebook.com\/edialogcomunicacao","https:\/\/x.com\/edialog_br","https:\/\/www.instagram.com\/edialog_br","https:\/\/www.linkedin.com\/company\/e-dialog-comunica-o-digital","https:\/\/www.youtube.com\/channel\/UCPiVQ_yVlcCqWS2sRzJZj7g"]},{"@type":"Person","@id":"https:\/\/www.edialog.com.br\/#\/schema\/person\/7f509934e54fd30b9d2d02cf51b60966","name":"Renan Caixeiro","image":{"@type":"ImageObject","inLanguage":"es","@id":"https:\/\/www.edialog.com.br\/wp-content\/uploads\/2023\/11\/renan-caixeiro-150x150.jpg","url":"https:\/\/www.edialog.com.br\/wp-content\/uploads\/2023\/11\/renan-caixeiro-150x150.jpg","contentUrl":"https:\/\/www.edialog.com.br\/wp-content\/uploads\/2023\/11\/renan-caixeiro-150x150.jpg","caption":"Renan Caixeiro"},"description":"S\u00f3cio Diretor na E-Dialog, \u00e9 graduado em Jornalismo e p\u00f3s-graduado em Comunica\u00e7\u00e3o Corporativa, ambos pela UFJF. Est\u00e1 \u00e0 frente do Reportei, SaaS de relat\u00f3rios e dashboards, \u00e9 host do Projeto SaaS, podcast que compartilha experi\u00eancias do universo de software as a service, e s\u00f3cio da Aquela Caixa, comunidade para profissionais de cria\u00e7\u00e3o. Torcedor do Vasco, tem como meta comprar o Gigante da Colina. LinkedIn: @renancaixeiro \/ Instagram: @renancaixeiro.","sameAs":["http:\/\/facebook.com\/renancaixeiro","https:\/\/www.instagram.com\/renancaixeiro\/","https:\/\/br.linkedin.com\/in\/renancaixeiro\/pt","https:\/\/x.com\/renancaixeiro"],"url":"https:\/\/www.edialog.com.br\/es\/author\/renancaixeiro\/"}]}},"_links":{"self":[{"href":"https:\/\/www.edialog.com.br\/es\/wp-json\/wp\/v2\/posts\/205750","targetHints":{"allow":["GET"]}}],"collection":[{"href":"https:\/\/www.edialog.com.br\/es\/wp-json\/wp\/v2\/posts"}],"about":[{"href":"https:\/\/www.edialog.com.br\/es\/wp-json\/wp\/v2\/types\/post"}],"author":[{"embeddable":true,"href":"https:\/\/www.edialog.com.br\/es\/wp-json\/wp\/v2\/users\/1"}],"replies":[{"embeddable":true,"href":"https:\/\/www.edialog.com.br\/es\/wp-json\/wp\/v2\/comments?post=205750"}],"version-history":[{"count":5,"href":"https:\/\/www.edialog.com.br\/es\/wp-json\/wp\/v2\/posts\/205750\/revisions"}],"predecessor-version":[{"id":229195,"href":"https:\/\/www.edialog.com.br\/es\/wp-json\/wp\/v2\/posts\/205750\/revisions\/229195"}],"wp:featuredmedia":[{"embeddable":true,"href":"https:\/\/www.edialog.com.br\/es\/wp-json\/wp\/v2\/media\/225265"}],"wp:attachment":[{"href":"https:\/\/www.edialog.com.br\/es\/wp-json\/wp\/v2\/media?parent=205750"}],"wp:term":[{"taxonomy":"category","embeddable":true,"href":"https:\/\/www.edialog.com.br\/es\/wp-json\/wp\/v2\/categories?post=205750"},{"taxonomy":"post_tag","embeddable":true,"href":"https:\/\/www.edialog.com.br\/es\/wp-json\/wp\/v2\/tags?post=205750"}],"curies":[{"name":"wp","href":"https:\/\/api.w.org\/{rel}","templated":true}]}}