{"id":1288,"date":"2025-03-31T11:33:45","date_gmt":"2025-03-31T14:33:45","guid":{"rendered":"https:\/\/www.edialog.com.br\/?p=1288"},"modified":"2025-03-31T12:15:43","modified_gmt":"2025-03-31T15:15:43","slug":"especialista-em-redes-sociais","status":"publish","type":"post","link":"https:\/\/www.edialog.com.br\/es\/especialista-em-redes-sociais\/","title":{"rendered":"Especialistas en medios sociales: qu\u00e9 son, qu\u00e9 hacen y c\u00f3mo contratarlos"},"content":{"rendered":"<p>Redes sociais bem geridas n\u00e3o s\u00e3o resultado de sorte, mas de estrat\u00e9gia. E, por tr\u00e1s de estrat\u00e9gias consistentes, est\u00e1 sempre um <strong>especialista em redes sociais <\/strong>preparado para analisar dados, entender o p\u00fablico e tomar decis\u00f5es com base em objetivos claros. <\/p>\n\n\n\n<p>Neste conte\u00fado, voc\u00ea vai entender o que \u00e9, o que faz e quais habilidades s\u00e3o essenciais para um verdadeiro especialista em Social Media. Confira!<\/p>\n\n\n\n<h2 class=\"wp-block-heading\" id=\"h-o-que-e-um-especialista-em-redes-sociais\">O que \u00e9 um especialista em redes sociais? <\/h2>\n\n\n\n<p>O especialista em redes sociais <strong>\u00e9 o profissional respons\u00e1vel por pensar estrategicamente a presen\u00e7a de uma marca nas redes sociais<\/strong>. <\/p>\n\n\n\n<p>Mais do que postar conte\u00fado ou responder coment\u00e1rios, o especialista entende o comportamento do p\u00fablico, acompanha m\u00e9tricas, identifica oportunidades e toma decis\u00f5es baseadas em dados. Ele une a criatividade com a an\u00e1lise, conectando cada a\u00e7\u00e3o a um objetivo de neg\u00f3cio.<\/p>\n\n\n\n<p>Ser um especialista de m\u00eddias sociais n\u00e3o tem a ver apenas com dom\u00ednio t\u00e9cnico de ferramentas. Tem a ver com entender de gente, de cultura digital e de como uma marca se posiciona no mundo online.<\/p>\n\n\n\n<p><em><strong>- Lea tambi\u00e9n: <\/strong><a href=\"https:\/\/www.edialog.com.br\/es\/redes-sociais-mais-usadas-no-brasil\/\">Quais as redes sociais mais usadas no Brasil em 2024? Confira as 11 principais<\/a><\/em><\/p>\n\n\n\n<h2 class=\"wp-block-heading\" id=\"h-o-que-faz-um-especialista-em-redes-sociais\">O que faz um especialista em redes sociais? <\/h2>\n\n\n\n<p>O especialista em redes sociais <strong>planeja, executa e analisa estrat\u00e9gias nas redes sociais<\/strong>. <\/p>\n\n\n\n<p>Algumas de suas a\u00e7\u00f5es incluem: <\/p>\n\n\n\n<ul class=\"wp-block-list\">\n<li>Planejar o calend\u00e1rio editorial das redes sociais;<\/li>\n\n\n\n<li>Definir o <a href=\"https:\/\/www.edialog.com.br\/es\/brand-voice\/\">tom de voz ideal<\/a> para cada tipo de conte\u00fado;<\/li>\n\n\n\n<li>Escolher os formatos mais adequados (imagem, v\u00eddeo, carrossel, <a href=\"https:\/\/www.edialog.com.br\/es\/reels-para-empresas\/\">reels<\/a>, etc.);<\/li>\n\n\n\n<li>Monitorar e interagir com men\u00e7\u00f5es, coment\u00e1rios e mensagens;<\/li>\n\n\n\n<li><a href=\"https:\/\/www.edialog.com.br\/es\/analise-de-redes-sociais\/\">Analisar resultados das redes sociais<\/a> e otimizar a\u00e7\u00f5es de forma cont\u00ednua.<\/li>\n<\/ul>\n\n\n\n<p>Esse especialista tamb\u00e9m colabora com outras \u00e1reas da comunica\u00e7\u00e3o e do marketing, trazendo insights valiosos a partir da escuta do p\u00fablico. Muitas vezes, \u00e9 esse profissional que percebe uma mudan\u00e7a de <a href=\"https:\/\/www.edialog.com.br\/es\/comportamiento-del-consumidor\/\">comportamento no consumidor<\/a> antes de todo mundo.<\/p>\n\n\n\n<p>\u00c9 imprescind\u00edvel n\u00e3o confundir o trabalho de um especialista em m\u00eddia social com fun\u00e7\u00f5es como: designer, assessor, RP, marketing, etc. As atividades fazem parte da comunica\u00e7\u00e3o da empresa e s\u00e3o complementares, n\u00e3o iguais. Por ser um campo ainda confuso para muitos, as d\u00favidas ainda s\u00e3o frequentes. <\/p>\n\n\n\n<p>A especializa\u00e7\u00e3o \u00e9 cada vez mais importante e recrutadores\/ag\u00eancias\/organiza\u00e7\u00f5es devem prezar por isso para ampliar as chances de sucesso no ambiente digital atual.<\/p>\n\n\n\n<p><em><strong>- Lea tambi\u00e9n:<\/strong> <a href=\"https:\/\/www.edialog.com.br\/es\/seguimiento-de-las-redes-sociales\/\">Seguimiento de las redes sociales: consejos sobre c\u00f3mo hacerlo y las mejores plataformas<\/a><\/em><\/p>\n\n\n\n<h2 class=\"wp-block-heading\" id=\"h-3-habilidades-de-um-especialista-em-redes-sociais\">3 habilidades de um especialista em redes sociais<\/h2>\n\n\n\n<p>Para ser um especialista em redes sociais, n\u00e3o basta apenas ter feito um curso. N\u00e3o basta tamb\u00e9m, algum dia, ter gerenciado um determinado perfil em redes como Instagram ou TikTok, por exemplo. <\/p>\n\n\n\n<p>Em muitos casos, um profissional n\u00e3o especializado \u00e9 escalado para tais fun\u00e7\u00f5es. Algumas ag\u00eancias (n\u00e3o especializadas) e empresas contratam um comunicador (formado ou graduando em Marketing, Publicidade ou Comunica\u00e7\u00e3o) e estabelecem a fun\u00e7\u00e3o de &#8220;Analista de Redes Sociais&#8221;. <\/p>\n\n\n\n<p>A grosso modo, seria como escalar um profissional de educa\u00e7\u00e3o f\u00edsica para apitar uma partida de futebol americano, simplesmente porque o profissional &#8220;\u00e9 da \u00e1rea&#8221;. Mesmo que ele seja grande f\u00e3 da NFL (liga americana de futebol), se ele n\u00e3o conhecer a fundo as regras do jogo, com certeza veremos um desastre.<\/p>\n\n\n\n<p>Ser da \u00e1rea de comunica\u00e7\u00e3o \u00e9, com certeza, um diferencial. Mas, em diversas situa\u00e7\u00f5es, <strong>apenas isso n\u00e3o \u00e9 suficiente.<\/strong><\/p>\n\n\n\n<p>Mas o que determina a capacidade de um especialista em redes sociais? Destacamos 3 pontos fundamentais abaixo!<\/p>\n\n\n\n<h3 class=\"wp-block-heading\" id=\"h-1-conhecimento-tecnico-profundo-de-metricas\">1. Conhecimento t\u00e9cnico profundo de m\u00e9tricas<\/h3>\n\n\n\n<p>Fundamental para exercer a fun\u00e7\u00e3o, tal <strong>conhecimento t\u00e9cnico <\/strong>\u00e9 adquirido por aqueles que t\u00eam grande interesse em redes sociais e que praticam no dia-a-dia os ensinamentos. <\/p>\n\n\n\n<p>Exemplos: confira o blog pessoal\/profissional do &#8220;especialista&#8221;. Caso n\u00e3o tenha blog, observe seu perfil no LinkedIn ou em outras redes sociais profissionais. <\/p>\n\n\n\n<p>O simples fato de produzir conte\u00fado relevante online \u00e9 praticamente essencial \u2014 n\u00e3o d\u00e1 para falar de autoridade digital sem presen\u00e7a digital.<\/p>\n\n\n\n<p>Outro teste simples. Caso voc\u00ea n\u00e3o seja um profundo conhecedor de termos e de redes sociais, bata um papo com essa pessoa para que ela &#8220;descomplique&#8221; esse mundo para voc\u00ea. Alguns exageram nos termos t\u00e9cnicos que aprenderam em cursos ou na Internet e acabam confundindo ainda mais.<\/p>\n\n\n\n<h3 class=\"wp-block-heading\" id=\"h-2-capacidade-de-escrever-bem-comunicar-com-clareza-e-interpretar-conteudo\">2. Capacidade de escrever bem, comunicar com clareza e interpretar conte\u00fado<\/h3>\n\n\n\n<p>Quem n\u00e3o l\u00ea, n\u00e3o escreve bem. Quem n\u00e3o escreve bem, tem dificuldades para se comunicar na Internet. E quem n\u00e3o se comunica bem, dificilmente engaja.<\/p>\n\n\n\n<p>Vale novamente a dica de observar como o especialista em m\u00eddias sociais se expressa nas redes, na legenda de um post, na bio ou em um artigo. Textos bem escritos revelam pensamento estrat\u00e9gico, dom\u00ednio da linguagem e empatia com o p\u00fablico.<\/p>\n\n\n\n<h3 class=\"wp-block-heading\" id=\"h-3-visao-estrategica-e-capacidade-de-inovacao\">3. Vis\u00e3o estrat\u00e9gica e capacidade de inova\u00e7\u00e3o<\/h3>\n\n\n\n<p>Fazer o que todo mundo j\u00e1 faz n\u00e3o \u00e9 dif\u00edcil. Repetir o que outras empresas fazem em redes sociais tampouco. <\/p>\n\n\n\n<p>A <strong>inova\u00e7\u00e3o <\/strong>\u00e9 essencial para criar algo diferente, e enxergar &#8220;fora da caixa&#8221; \u00e9 uma habilidade indispens\u00e1vel para quem quer se destacar.<\/p>\n\n\n\n<p>Al\u00e9m disso, \u00e9 necess\u00e1rio saber conectar as a\u00e7\u00f5es de redes sociais \u00e0 estrat\u00e9gia geral da marca \u2014 caso contr\u00e1rio, os resultados n\u00e3o vir\u00e3o (ou ser\u00e3o pura sorte).<\/p>\n\n\n\n<h2 class=\"wp-block-heading\" id=\"h-como-contratar-um-especialista-em-midias-sociais\">Como contratar um especialista em M\u00eddias Sociais?<\/h2>\n\n\n\n<p>N\u00e3o se deixe levar apenas por um curr\u00edculo bonito ou um feed bem montado. <strong>Procure entender a l\u00f3gica por tr\u00e1s das escolhas daquele profissional.<\/strong> Pergunte o que ele mede, como toma decis\u00f5es, que cases ele j\u00e1 conduziu (com sucesso ou n\u00e3o).<\/p>\n\n\n\n<p><strong>Veja se ele acompanha as tend\u00eancias do setor, se sabe traduzir dados em a\u00e7\u00f5es pr\u00e1ticas e se tem vis\u00e3o de m\u00e9dio e longo prazo.<\/strong><\/p>\n\n\n\n<p>Um bom especialista n\u00e3o vai te prometer viralizar. Vai te mostrar caminhos para construir uma presen\u00e7a s\u00f3lida, engajada e alinhada ao posicionamento da sua marca.<\/p>\n\n\n\n<p>Ah, e mais um ponto: desconfie de quem acha que sabe tudo. O mundo digital muda r\u00e1pido demais para algu\u00e9m parar de aprender.<\/p>\n\n\n\n<p><em><strong>- Lea tambi\u00e9n: <\/strong><a href=\"https:\/\/www.edialog.com.br\/es\/preco-para-gestao-redes-sociais\/\">Pre\u00e7o para gest\u00e3o de redes sociais: existe um valor padr\u00e3o?<\/a><\/em><\/p>\n\n\n\n<h2 class=\"wp-block-heading\" id=\"h-conte-com-a-e-dialog\">Cuente con E-Dialog<\/h2>\n\n\n\n<p>A <a href=\"https:\/\/www.edialog.com.br\/es\/\">Di\u00e1logo electr\u00f3nico<\/a> es un <a href=\"https:\/\/www.edialog.com.br\/es\/agencia-de-inbound-marketing\/\">agencia de inbound marketing<\/a> especializada na <a href=\"https:\/\/www.edialog.com.br\/es\/gestao-de-redes-sociais\/\">gesti\u00f3n estrat\u00e9gica de las redes sociales<\/a>.<\/p>\n\n\n\n<p>Se voc\u00ea est\u00e1 em busca de um especialista em redes sociais, mas tem receio de contratar algu\u00e9m de forma aut\u00f4noma e sem a qualifica\u00e7\u00e3o necess\u00e1ria, conhe\u00e7a o nosso servi\u00e7o.<\/p>\n\n\n\n<p>Aqui, todos os nossos profissionais s\u00e3o especialistas na \u00e1rea, com experi\u00eancia pr\u00e1tica e foco em resultados reais para o seu neg\u00f3cio.<\/p>\n\n\n\n<p><em><strong>- Lea tambi\u00e9n: <\/strong><a href=\"https:\/\/www.edialog.com.br\/es\/redes-sociais-na-metodologia-inbound\/\">La importancia de las redes sociales en la metodolog\u00eda Inbound<\/a><\/em><\/p>\n\n\n\n<div role=\"main\" id=\"formulario-blog-analise-gratuita-16dd12bc38d3b6ec9adf\"><\/div><script type=\"text\/javascript\" src=\"https:\/\/d335luupugsy2.cloudfront.net\/js\/rdstation-forms\/stable\/rdstation-forms.min.js\"><\/script><script type=\"text\/javascript\"> new RDStationForms('formulario-blog-analise-gratuita-16dd12bc38d3b6ec9adf', 'UA-18699224-1').createForm();<\/script>","protected":false},"excerpt":{"rendered":"<p>\u00bfC\u00f3mo se identifica a un especialista en medios sociales? \u00bfQu\u00e9 caracteriza este papel? Un art\u00edculo sobre esta nueva funci\u00f3n.<\/p>","protected":false},"author":1,"featured_media":228730,"comment_status":"open","ping_status":"open","sticky":false,"template":"","format":"standard","meta":{"_acf_changed":false,"content-type":"","footnotes":""},"categories":[8],"tags":[244,535,10],"class_list":["post-1288","post","type-post","status-publish","format-standard","has-post-thumbnail","hentry","category-midia-social","tag-especialista","tag-midia-social","tag-redes-sociais"],"acf":[],"yoast_head":"<!-- This site is optimized with the Yoast SEO Premium plugin v27.5 (Yoast SEO v27.5) - https:\/\/yoast.com\/product\/yoast-seo-premium-wordpress\/ -->\n<title>Especialista em redes sociais: o que \u00e9, o que faz e como contratar<\/title>\n<meta name=\"description\" content=\"Entenda o que \u00e9 e o que faz um especialista em redes sociais. Confira tamb\u00e9m dicas de como contratar o profissional ideal para o seu neg\u00f3cio!\" \/>\n<meta name=\"robots\" content=\"index, follow, max-snippet:-1, max-image-preview:large, max-video-preview:-1\" \/>\n<link rel=\"canonical\" href=\"https:\/\/www.edialog.com.br\/es\/especialista-em-redes-sociais\/\" \/>\n<meta property=\"og:locale\" content=\"es_ES\" \/>\n<meta property=\"og:type\" content=\"article\" \/>\n<meta property=\"og:title\" content=\"Especialista em redes sociais: o que \u00e9, o que faz e como contratar esse profissional\" \/>\n<meta property=\"og:description\" content=\"Entenda o que \u00e9 e o que faz um especialista em redes sociais. Confira tamb\u00e9m dicas de como contratar o profissional ideal para o seu neg\u00f3cio!\" \/>\n<meta property=\"og:url\" content=\"https:\/\/www.edialog.com.br\/es\/especialista-em-redes-sociais\/\" \/>\n<meta property=\"og:site_name\" content=\"Ag\u00eancia de Inbound Marketing | E-Dialog\" \/>\n<meta property=\"article:publisher\" content=\"https:\/\/facebook.com\/edialogcomunicacao\" \/>\n<meta property=\"article:author\" content=\"http:\/\/facebook.com\/renancaixeiro\" \/>\n<meta property=\"article:published_time\" content=\"2025-03-31T14:33:45+00:00\" \/>\n<meta property=\"article:modified_time\" content=\"2025-03-31T15:15:43+00:00\" \/>\n<meta property=\"og:image\" content=\"https:\/\/www.edialog.com.br\/wp-content\/uploads\/2025\/03\/especialista-em-redes-sociais.webp\" \/>\n\t<meta property=\"og:image:width\" content=\"2509\" \/>\n\t<meta property=\"og:image:height\" content=\"1495\" \/>\n\t<meta property=\"og:image:type\" content=\"image\/webp\" \/>\n<meta name=\"author\" content=\"Renan Caixeiro\" \/>\n<meta name=\"twitter:label1\" content=\"Escrito por\" \/>\n\t<meta name=\"twitter:data1\" content=\"Renan Caixeiro\" \/>\n\t<meta name=\"twitter:label2\" content=\"Tiempo de lectura\" \/>\n\t<meta name=\"twitter:data2\" content=\"6 minutos\" \/>\n<script type=\"application\/ld+json\" class=\"yoast-schema-graph\">{\"@context\":\"https:\\\/\\\/schema.org\",\"@graph\":[{\"@type\":[\"Article\",\"BlogPosting\"],\"@id\":\"https:\\\/\\\/www.edialog.com.br\\\/especialista-em-redes-sociais\\\/#article\",\"isPartOf\":{\"@id\":\"https:\\\/\\\/www.edialog.com.br\\\/especialista-em-redes-sociais\\\/\"},\"author\":{\"name\":\"Renan Caixeiro\",\"@id\":\"https:\\\/\\\/www.edialog.com.br\\\/#\\\/schema\\\/person\\\/7f509934e54fd30b9d2d02cf51b60966\"},\"headline\":\"Especialista em redes sociais: o que \u00e9, o que faz e como contratar esse profissional\",\"datePublished\":\"2025-03-31T14:33:45+00:00\",\"dateModified\":\"2025-03-31T15:15:43+00:00\",\"mainEntityOfPage\":{\"@id\":\"https:\\\/\\\/www.edialog.com.br\\\/especialista-em-redes-sociais\\\/\"},\"wordCount\":1160,\"commentCount\":1,\"publisher\":{\"@id\":\"https:\\\/\\\/www.edialog.com.br\\\/#organization\"},\"image\":{\"@id\":\"https:\\\/\\\/www.edialog.com.br\\\/especialista-em-redes-sociais\\\/#primaryimage\"},\"thumbnailUrl\":\"https:\\\/\\\/www.edialog.com.br\\\/wp-content\\\/uploads\\\/2025\\\/03\\\/especialista-em-redes-sociais.webp\",\"keywords\":[\"especialista\",\"M\u00eddia Social\",\"redes sociais\"],\"articleSection\":[\"M\u00eddia Social\"],\"inLanguage\":\"es\",\"potentialAction\":[{\"@type\":\"CommentAction\",\"name\":\"Comment\",\"target\":[\"https:\\\/\\\/www.edialog.com.br\\\/especialista-em-redes-sociais\\\/#respond\"]}]},{\"@type\":\"WebPage\",\"@id\":\"https:\\\/\\\/www.edialog.com.br\\\/especialista-em-redes-sociais\\\/\",\"url\":\"https:\\\/\\\/www.edialog.com.br\\\/especialista-em-redes-sociais\\\/\",\"name\":\"Especialista em redes sociais: o que \u00e9, o que faz e como contratar\",\"isPartOf\":{\"@id\":\"https:\\\/\\\/www.edialog.com.br\\\/#website\"},\"primaryImageOfPage\":{\"@id\":\"https:\\\/\\\/www.edialog.com.br\\\/especialista-em-redes-sociais\\\/#primaryimage\"},\"image\":{\"@id\":\"https:\\\/\\\/www.edialog.com.br\\\/especialista-em-redes-sociais\\\/#primaryimage\"},\"thumbnailUrl\":\"https:\\\/\\\/www.edialog.com.br\\\/wp-content\\\/uploads\\\/2025\\\/03\\\/especialista-em-redes-sociais.webp\",\"datePublished\":\"2025-03-31T14:33:45+00:00\",\"dateModified\":\"2025-03-31T15:15:43+00:00\",\"description\":\"Entenda o que \u00e9 e o que faz um especialista em redes sociais. Confira tamb\u00e9m dicas de como contratar o profissional ideal para o seu neg\u00f3cio!\",\"breadcrumb\":{\"@id\":\"https:\\\/\\\/www.edialog.com.br\\\/especialista-em-redes-sociais\\\/#breadcrumb\"},\"inLanguage\":\"es\",\"potentialAction\":[{\"@type\":\"ReadAction\",\"target\":[\"https:\\\/\\\/www.edialog.com.br\\\/especialista-em-redes-sociais\\\/\"]}]},{\"@type\":\"ImageObject\",\"inLanguage\":\"es\",\"@id\":\"https:\\\/\\\/www.edialog.com.br\\\/especialista-em-redes-sociais\\\/#primaryimage\",\"url\":\"https:\\\/\\\/www.edialog.com.br\\\/wp-content\\\/uploads\\\/2025\\\/03\\\/especialista-em-redes-sociais.webp\",\"contentUrl\":\"https:\\\/\\\/www.edialog.com.br\\\/wp-content\\\/uploads\\\/2025\\\/03\\\/especialista-em-redes-sociais.webp\",\"width\":2509,\"height\":1495,\"caption\":\"Ilustra\u00e7\u00e3o de um especialista em redes sociais mexendo em seu computador\"},{\"@type\":\"BreadcrumbList\",\"@id\":\"https:\\\/\\\/www.edialog.com.br\\\/especialista-em-redes-sociais\\\/#breadcrumb\",\"itemListElement\":[{\"@type\":\"ListItem\",\"position\":1,\"name\":\"Home\",\"item\":\"https:\\\/\\\/www.edialog.com.br\\\/\"},{\"@type\":\"ListItem\",\"position\":2,\"name\":\"M\u00eddia Social\",\"item\":\"https:\\\/\\\/www.edialog.com.br\\\/category\\\/midia-social\\\/\"},{\"@type\":\"ListItem\",\"position\":3,\"name\":\"Especialista em redes sociais: o que \u00e9, o que faz e como contratar esse profissional\"}]},{\"@type\":\"WebSite\",\"@id\":\"https:\\\/\\\/www.edialog.com.br\\\/#website\",\"url\":\"https:\\\/\\\/www.edialog.com.br\\\/\",\"name\":\"Ag\u00eancia de Inbound Marketing | E-Dialog\",\"description\":\"Ag\u00eancia de Inbound Marketing premiada com solu\u00e7\u00f5es completas para o seu neg\u00f3cio. Atraia leads, com conte\u00fados \u00fanicos e envolventes. Solicite or\u00e7amento!\",\"publisher\":{\"@id\":\"https:\\\/\\\/www.edialog.com.br\\\/#organization\"},\"potentialAction\":[{\"@type\":\"SearchAction\",\"target\":{\"@type\":\"EntryPoint\",\"urlTemplate\":\"https:\\\/\\\/www.edialog.com.br\\\/?s={search_term_string}\"},\"query-input\":{\"@type\":\"PropertyValueSpecification\",\"valueRequired\":true,\"valueName\":\"search_term_string\"}}],\"inLanguage\":\"es\"},{\"@type\":\"Organization\",\"@id\":\"https:\\\/\\\/www.edialog.com.br\\\/#organization\",\"name\":\"Ag\u00eancia de M\u00eddias Sociais e Marketing Digital | E-Dialog\",\"url\":\"https:\\\/\\\/www.edialog.com.br\\\/\",\"logo\":{\"@type\":\"ImageObject\",\"inLanguage\":\"es\",\"@id\":\"https:\\\/\\\/www.edialog.com.br\\\/#\\\/schema\\\/logo\\\/image\\\/\",\"url\":\"https:\\\/\\\/www.edialog.com.br\\\/wp-content\\\/uploads\\\/2021\\\/09\\\/edialog-logo-case.png\",\"contentUrl\":\"https:\\\/\\\/www.edialog.com.br\\\/wp-content\\\/uploads\\\/2021\\\/09\\\/edialog-logo-case.png\",\"width\":810,\"height\":450,\"caption\":\"Ag\u00eancia de M\u00eddias Sociais e Marketing Digital | E-Dialog\"},\"image\":{\"@id\":\"https:\\\/\\\/www.edialog.com.br\\\/#\\\/schema\\\/logo\\\/image\\\/\"},\"sameAs\":[\"https:\\\/\\\/facebook.com\\\/edialogcomunicacao\",\"https:\\\/\\\/x.com\\\/edialog_br\",\"https:\\\/\\\/www.instagram.com\\\/edialog_br\",\"https:\\\/\\\/www.linkedin.com\\\/company\\\/e-dialog-comunica-o-digital\",\"https:\\\/\\\/www.youtube.com\\\/channel\\\/UCPiVQ_yVlcCqWS2sRzJZj7g\"]},{\"@type\":\"Person\",\"@id\":\"https:\\\/\\\/www.edialog.com.br\\\/#\\\/schema\\\/person\\\/7f509934e54fd30b9d2d02cf51b60966\",\"name\":\"Renan Caixeiro\",\"image\":{\"@type\":\"ImageObject\",\"inLanguage\":\"es\",\"@id\":\"https:\\\/\\\/www.edialog.com.br\\\/wp-content\\\/uploads\\\/2023\\\/11\\\/renan-caixeiro-150x150.jpg\",\"url\":\"https:\\\/\\\/www.edialog.com.br\\\/wp-content\\\/uploads\\\/2023\\\/11\\\/renan-caixeiro-150x150.jpg\",\"contentUrl\":\"https:\\\/\\\/www.edialog.com.br\\\/wp-content\\\/uploads\\\/2023\\\/11\\\/renan-caixeiro-150x150.jpg\",\"caption\":\"Renan Caixeiro\"},\"description\":\"S\u00f3cio Diretor na E-Dialog, \u00e9 graduado em Jornalismo e p\u00f3s-graduado em Comunica\u00e7\u00e3o Corporativa, ambos pela UFJF. Est\u00e1 \u00e0 frente do Reportei, SaaS de relat\u00f3rios e dashboards, \u00e9 host do Projeto SaaS, podcast que compartilha experi\u00eancias do universo de software as a service, e s\u00f3cio da Aquela Caixa, comunidade para profissionais de cria\u00e7\u00e3o. Torcedor do Vasco, tem como meta comprar o Gigante da Colina. LinkedIn: @renancaixeiro \\\/ Instagram: @renancaixeiro.\",\"sameAs\":[\"http:\\\/\\\/facebook.com\\\/renancaixeiro\",\"https:\\\/\\\/www.instagram.com\\\/renancaixeiro\\\/\",\"https:\\\/\\\/br.linkedin.com\\\/in\\\/renancaixeiro\\\/pt\",\"https:\\\/\\\/x.com\\\/renancaixeiro\"],\"url\":\"https:\\\/\\\/www.edialog.com.br\\\/es\\\/author\\\/renancaixeiro\\\/\"}]}<\/script>\n<!-- \/ Yoast SEO Premium plugin. -->","yoast_head_json":{"title":"Especialista em redes sociais: o que \u00e9, o que faz e como contratar","description":"Entenda o que \u00e9 e o que faz um especialista em redes sociais. Confira tamb\u00e9m dicas de como contratar o profissional ideal para o seu neg\u00f3cio!","robots":{"index":"index","follow":"follow","max-snippet":"max-snippet:-1","max-image-preview":"max-image-preview:large","max-video-preview":"max-video-preview:-1"},"canonical":"https:\/\/www.edialog.com.br\/es\/especialista-em-redes-sociais\/","og_locale":"es_ES","og_type":"article","og_title":"Especialista em redes sociais: o que \u00e9, o que faz e como contratar esse profissional","og_description":"Entenda o que \u00e9 e o que faz um especialista em redes sociais. Confira tamb\u00e9m dicas de como contratar o profissional ideal para o seu neg\u00f3cio!","og_url":"https:\/\/www.edialog.com.br\/es\/especialista-em-redes-sociais\/","og_site_name":"Ag\u00eancia de Inbound Marketing | E-Dialog","article_publisher":"https:\/\/facebook.com\/edialogcomunicacao","article_author":"http:\/\/facebook.com\/renancaixeiro","article_published_time":"2025-03-31T14:33:45+00:00","article_modified_time":"2025-03-31T15:15:43+00:00","og_image":[{"width":2509,"height":1495,"url":"https:\/\/www.edialog.com.br\/wp-content\/uploads\/2025\/03\/especialista-em-redes-sociais.webp","type":"image\/webp"}],"author":"Renan Caixeiro","twitter_misc":{"Escrito por":"Renan Caixeiro","Tiempo de lectura":"6 minutos"},"schema":{"@context":"https:\/\/schema.org","@graph":[{"@type":["Article","BlogPosting"],"@id":"https:\/\/www.edialog.com.br\/especialista-em-redes-sociais\/#article","isPartOf":{"@id":"https:\/\/www.edialog.com.br\/especialista-em-redes-sociais\/"},"author":{"name":"Renan Caixeiro","@id":"https:\/\/www.edialog.com.br\/#\/schema\/person\/7f509934e54fd30b9d2d02cf51b60966"},"headline":"Especialista em redes sociais: o que \u00e9, o que faz e como contratar esse profissional","datePublished":"2025-03-31T14:33:45+00:00","dateModified":"2025-03-31T15:15:43+00:00","mainEntityOfPage":{"@id":"https:\/\/www.edialog.com.br\/especialista-em-redes-sociais\/"},"wordCount":1160,"commentCount":1,"publisher":{"@id":"https:\/\/www.edialog.com.br\/#organization"},"image":{"@id":"https:\/\/www.edialog.com.br\/especialista-em-redes-sociais\/#primaryimage"},"thumbnailUrl":"https:\/\/www.edialog.com.br\/wp-content\/uploads\/2025\/03\/especialista-em-redes-sociais.webp","keywords":["especialista","M\u00eddia Social","redes sociais"],"articleSection":["M\u00eddia Social"],"inLanguage":"es","potentialAction":[{"@type":"CommentAction","name":"Comment","target":["https:\/\/www.edialog.com.br\/especialista-em-redes-sociais\/#respond"]}]},{"@type":"WebPage","@id":"https:\/\/www.edialog.com.br\/especialista-em-redes-sociais\/","url":"https:\/\/www.edialog.com.br\/especialista-em-redes-sociais\/","name":"Especialista em redes sociais: o que \u00e9, o que faz e como contratar","isPartOf":{"@id":"https:\/\/www.edialog.com.br\/#website"},"primaryImageOfPage":{"@id":"https:\/\/www.edialog.com.br\/especialista-em-redes-sociais\/#primaryimage"},"image":{"@id":"https:\/\/www.edialog.com.br\/especialista-em-redes-sociais\/#primaryimage"},"thumbnailUrl":"https:\/\/www.edialog.com.br\/wp-content\/uploads\/2025\/03\/especialista-em-redes-sociais.webp","datePublished":"2025-03-31T14:33:45+00:00","dateModified":"2025-03-31T15:15:43+00:00","description":"Entenda o que \u00e9 e o que faz um especialista em redes sociais. Confira tamb\u00e9m dicas de como contratar o profissional ideal para o seu neg\u00f3cio!","breadcrumb":{"@id":"https:\/\/www.edialog.com.br\/especialista-em-redes-sociais\/#breadcrumb"},"inLanguage":"es","potentialAction":[{"@type":"ReadAction","target":["https:\/\/www.edialog.com.br\/especialista-em-redes-sociais\/"]}]},{"@type":"ImageObject","inLanguage":"es","@id":"https:\/\/www.edialog.com.br\/especialista-em-redes-sociais\/#primaryimage","url":"https:\/\/www.edialog.com.br\/wp-content\/uploads\/2025\/03\/especialista-em-redes-sociais.webp","contentUrl":"https:\/\/www.edialog.com.br\/wp-content\/uploads\/2025\/03\/especialista-em-redes-sociais.webp","width":2509,"height":1495,"caption":"Ilustra\u00e7\u00e3o de um especialista em redes sociais mexendo em seu computador"},{"@type":"BreadcrumbList","@id":"https:\/\/www.edialog.com.br\/especialista-em-redes-sociais\/#breadcrumb","itemListElement":[{"@type":"ListItem","position":1,"name":"Home","item":"https:\/\/www.edialog.com.br\/"},{"@type":"ListItem","position":2,"name":"M\u00eddia Social","item":"https:\/\/www.edialog.com.br\/category\/midia-social\/"},{"@type":"ListItem","position":3,"name":"Especialista em redes sociais: o que \u00e9, o que faz e como contratar esse profissional"}]},{"@type":"WebSite","@id":"https:\/\/www.edialog.com.br\/#website","url":"https:\/\/www.edialog.com.br\/","name":"Agencia de marketing entrante | E-Dialog","description":"Ag\u00eancia de Inbound Marketing premiada com solu\u00e7\u00f5es completas para o seu neg\u00f3cio. Atraia leads, com conte\u00fados \u00fanicos e envolventes. Solicite or\u00e7amento!","publisher":{"@id":"https:\/\/www.edialog.com.br\/#organization"},"potentialAction":[{"@type":"SearchAction","target":{"@type":"EntryPoint","urlTemplate":"https:\/\/www.edialog.com.br\/?s={search_term_string}"},"query-input":{"@type":"PropertyValueSpecification","valueRequired":true,"valueName":"search_term_string"}}],"inLanguage":"es"},{"@type":"Organization","@id":"https:\/\/www.edialog.com.br\/#organization","name":"Ag\u00eancia de M\u00eddias Sociais e Marketing Digital | E-Dialog","url":"https:\/\/www.edialog.com.br\/","logo":{"@type":"ImageObject","inLanguage":"es","@id":"https:\/\/www.edialog.com.br\/#\/schema\/logo\/image\/","url":"https:\/\/www.edialog.com.br\/wp-content\/uploads\/2021\/09\/edialog-logo-case.png","contentUrl":"https:\/\/www.edialog.com.br\/wp-content\/uploads\/2021\/09\/edialog-logo-case.png","width":810,"height":450,"caption":"Ag\u00eancia de M\u00eddias Sociais e Marketing Digital | E-Dialog"},"image":{"@id":"https:\/\/www.edialog.com.br\/#\/schema\/logo\/image\/"},"sameAs":["https:\/\/facebook.com\/edialogcomunicacao","https:\/\/x.com\/edialog_br","https:\/\/www.instagram.com\/edialog_br","https:\/\/www.linkedin.com\/company\/e-dialog-comunica-o-digital","https:\/\/www.youtube.com\/channel\/UCPiVQ_yVlcCqWS2sRzJZj7g"]},{"@type":"Person","@id":"https:\/\/www.edialog.com.br\/#\/schema\/person\/7f509934e54fd30b9d2d02cf51b60966","name":"Renan Caixeiro","image":{"@type":"ImageObject","inLanguage":"es","@id":"https:\/\/www.edialog.com.br\/wp-content\/uploads\/2023\/11\/renan-caixeiro-150x150.jpg","url":"https:\/\/www.edialog.com.br\/wp-content\/uploads\/2023\/11\/renan-caixeiro-150x150.jpg","contentUrl":"https:\/\/www.edialog.com.br\/wp-content\/uploads\/2023\/11\/renan-caixeiro-150x150.jpg","caption":"Renan Caixeiro"},"description":"S\u00f3cio Diretor na E-Dialog, \u00e9 graduado em Jornalismo e p\u00f3s-graduado em Comunica\u00e7\u00e3o Corporativa, ambos pela UFJF. Est\u00e1 \u00e0 frente do Reportei, SaaS de relat\u00f3rios e dashboards, \u00e9 host do Projeto SaaS, podcast que compartilha experi\u00eancias do universo de software as a service, e s\u00f3cio da Aquela Caixa, comunidade para profissionais de cria\u00e7\u00e3o. Torcedor do Vasco, tem como meta comprar o Gigante da Colina. LinkedIn: @renancaixeiro \/ Instagram: @renancaixeiro.","sameAs":["http:\/\/facebook.com\/renancaixeiro","https:\/\/www.instagram.com\/renancaixeiro\/","https:\/\/br.linkedin.com\/in\/renancaixeiro\/pt","https:\/\/x.com\/renancaixeiro"],"url":"https:\/\/www.edialog.com.br\/es\/author\/renancaixeiro\/"}]}},"_links":{"self":[{"href":"https:\/\/www.edialog.com.br\/es\/wp-json\/wp\/v2\/posts\/1288","targetHints":{"allow":["GET"]}}],"collection":[{"href":"https:\/\/www.edialog.com.br\/es\/wp-json\/wp\/v2\/posts"}],"about":[{"href":"https:\/\/www.edialog.com.br\/es\/wp-json\/wp\/v2\/types\/post"}],"author":[{"embeddable":true,"href":"https:\/\/www.edialog.com.br\/es\/wp-json\/wp\/v2\/users\/1"}],"replies":[{"embeddable":true,"href":"https:\/\/www.edialog.com.br\/es\/wp-json\/wp\/v2\/comments?post=1288"}],"version-history":[{"count":5,"href":"https:\/\/www.edialog.com.br\/es\/wp-json\/wp\/v2\/posts\/1288\/revisions"}],"predecessor-version":[{"id":228735,"href":"https:\/\/www.edialog.com.br\/es\/wp-json\/wp\/v2\/posts\/1288\/revisions\/228735"}],"wp:featuredmedia":[{"embeddable":true,"href":"https:\/\/www.edialog.com.br\/es\/wp-json\/wp\/v2\/media\/228730"}],"wp:attachment":[{"href":"https:\/\/www.edialog.com.br\/es\/wp-json\/wp\/v2\/media?parent=1288"}],"wp:term":[{"taxonomy":"category","embeddable":true,"href":"https:\/\/www.edialog.com.br\/es\/wp-json\/wp\/v2\/categories?post=1288"},{"taxonomy":"post_tag","embeddable":true,"href":"https:\/\/www.edialog.com.br\/es\/wp-json\/wp\/v2\/tags?post=1288"}],"curies":[{"name":"wp","href":"https:\/\/api.w.org\/{rel}","templated":true}]}}